{"id":273164,"date":"2022-04-30T11:48:53","date_gmt":"2022-04-30T09:48:53","guid":{"rendered":"https:\/\/www.radiopiu.net\/wordpress\/?p=273164"},"modified":"2022-05-02T05:31:57","modified_gmt":"2022-05-02T03:31:57","slug":"premio-risultato-luxottica-luigi-dellatti-filctem-cgil-un-traguardo-ottenuto-grazie-al-forte-contributo-delle-maestranze","status":"publish","type":"post","link":"https:\/\/www.radiopiu.net\/wordpress\/premio-risultato-luxottica-luigi-dellatti-filctem-cgil-un-traguardo-ottenuto-grazie-al-forte-contributo-delle-maestranze\/","title":{"rendered":"PREMIO RISULTATO LUXOTTICA. LUIGI DELL&#8217;ATTI (FILCTEM-CGIL): &#8220;UN TRAGUARDO OTTENUTO GRAZIE AL FORTE CONTRIBUTO DELLE MAESTRANZE&#8221;"},"content":{"rendered":"<p><strong><a class=\"dt-pswp-item\" href=\"https:\/\/www.radiopiu.net\/wordpress\/wp-content\/uploads\/2019\/12\/LUIGI-DELLATTI-2019.jpeg\" data-dt-img-description=\"\" data-large_image_width=\"1600\" data-large_image_height=\"1200\"><img loading=\"lazy\" decoding=\"async\" class=\"size-thumbnail wp-image-108679 alignleft\" src=\"https:\/\/www.radiopiu.net\/wordpress\/wp-content\/uploads\/2019\/12\/LUIGI-DELLATTI-2019-150x150.jpeg\" alt=\"\" width=\"150\" height=\"150\" \/><\/a>AGORDO<\/strong> Un record, lo si pu\u00f2 definire cos\u00ec il nuovo Premio Risultato Luxottica. &#8220;<em>Questo nuovo traguardo si \u00e8 potuto ottenere grazie al forte contributo delle colleghe e dei colleghi che negli ultimi 12 mesi hanno sacrificato il sabato per fare flessibilit\u00e0 e straordinario incentivato<\/em>&#8220;, la pensa cos\u00ec Luigi Dell&#8217;Atti della FILCTEM-CGIL RSU Luxottica di Agordo. Un premio che rispetto a quello di 2 anni fa (ultimo premio realmente calcolato prima della pandemia) \u00e8 aumentato di 416 euro. Soldi che saranno erogati nella busta paga di giugno in consegna a luglio con l&#8217;operaio che potr\u00e0 decidere se monetizzare la cifra o trasformarla in benefit da usare tramite la piattaforma aziendale. Un &#8220;bonus&#8221; verr\u00e0 erogato anche a coloro che lavorano in azienda tramite agenzia con dei scaglioni in base all&#8217;et\u00e0 di presenza in Luxottica.<\/p>\n<p><strong>LUIGI DELL&#8217;ATTI, RSU LUXOTTICA AGORDO FILCTEM-CGIL<\/strong><\/p>\n<audio class=\"wp-audio-shortcode\" id=\"audio-273164-1\" preload=\"none\" style=\"width: 100%;\" controls=\"controls\"><source type=\"audio\/mpeg\" src=\"https:\/\/www.radiopiu.net\/wordpress\/wp-content\/uploads\/2022\/04\/LUIGI-OK.mp3?_=1\" \/><a href=\"https:\/\/www.radiopiu.net\/wordpress\/wp-content\/uploads\/2022\/04\/LUIGI-OK.mp3\">https:\/\/www.radiopiu.net\/wordpress\/wp-content\/uploads\/2022\/04\/LUIGI-OK.mp3<\/a><\/audio>\n<p>&nbsp;<\/p>\n<h3><span style=\"color: #ff0000;\">IERI SUL SITO DI RADIO PIU&#8217;<\/span><\/h3>\n<blockquote class=\"wp-embedded-content\" data-secret=\"VQto0Ub2QJ\"><p><a href=\"https:\/\/www.radiopiu.net\/wordpress\/lux-premio\/\">LUXOTTICA, UN PREMIO PER TUTTI ANCHE PER I LAVORATORI DA AGENZIA<\/a><\/p><\/blockquote>\n<p><iframe loading=\"lazy\" class=\"wp-embedded-content\" sandbox=\"allow-scripts\" security=\"restricted\" style=\"position: absolute; clip: rect(1px, 1px, 1px, 1px);\" title=\"&#8220;LUXOTTICA, UN PREMIO PER TUTTI ANCHE PER I LAVORATORI DA AGENZIA&#8221; &#8212; Radio Pi\u00f9\" src=\"https:\/\/www.radiopiu.net\/wordpress\/lux-premio\/embed\/#?secret=foZXaQNBP4#?secret=VQto0Ub2QJ\" data-secret=\"VQto0Ub2QJ\" width=\"600\" height=\"338\" frameborder=\"0\" marginwidth=\"0\" marginheight=\"0\" scrolling=\"no\"><\/iframe><\/p>\n<p>&nbsp;<\/p>\n<p>******<\/p>\n","protected":false},"excerpt":{"rendered":"<p>AGORDO Un record, lo si pu\u00f2 definire cos\u00ec il nuovo Premio Risultato Luxottica. &#8220;Questo nuovo traguardo si \u00e8 potuto ottenere grazie al forte contributo delle colleghe e dei colleghi che negli ultimi 12 mesi hanno sacrificato il sabato per fare flessibilit\u00e0 e straordinario incentivato&#8220;, la pensa cos\u00ec Luigi Dell&#8217;Atti della FILCTEM-CGIL RSU Luxottica di Agordo.&hellip;<\/p>\n","protected":false},"author":4,"featured_media":108679,"comment_status":"closed","ping_status":"closed","sticky":false,"template":"","format":"standard","meta":{"_monsterinsights_skip_tracking":false,"_monsterinsights_sitenote_active":false,"_monsterinsights_sitenote_note":"","_monsterinsights_sitenote_category":0,"footnotes":""},"categories":[51,49],"tags":[],"class_list":["post-273164","post","type-post","status-publish","format-standard","has-post-thumbnail","hentry","category-evidenza-top","category-news-18","category-51","category-49","description-off"],"img_url":"https:\/\/www.radiopiu.net\/wordpress\/wp-content\/uploads\/2019\/12\/LUIGI-DELLATTI-2019.jpeg","_links":{"self":[{"href":"https:\/\/www.radiopiu.net\/wordpress\/wp-json\/wp\/v2\/posts\/273164","targetHints":{"allow":["GET"]}}],"collection":[{"href":"https:\/\/www.radiopiu.net\/wordpress\/wp-json\/wp\/v2\/posts"}],"about":[{"href":"https:\/\/www.radiopiu.net\/wordpress\/wp-json\/wp\/v2\/types\/post"}],"author":[{"embeddable":true,"href":"https:\/\/www.radiopiu.net\/wordpress\/wp-json\/wp\/v2\/users\/4"}],"replies":[{"embeddable":true,"href":"https:\/\/www.radiopiu.net\/wordpress\/wp-json\/wp\/v2\/comments?post=273164"}],"version-history":[{"count":0,"href":"https:\/\/www.radiopiu.net\/wordpress\/wp-json\/wp\/v2\/posts\/273164\/revisions"}],"wp:featuredmedia":[{"embeddable":true,"href":"https:\/\/www.radiopiu.net\/wordpress\/wp-json\/wp\/v2\/media\/108679"}],"wp:attachment":[{"href":"https:\/\/www.radiopiu.net\/wordpress\/wp-json\/wp\/v2\/media?parent=273164"}],"wp:term":[{"taxonomy":"category","embeddable":true,"href":"https:\/\/www.radiopiu.net\/wordpress\/wp-json\/wp\/v2\/categories?post=273164"},{"taxonomy":"post_tag","embeddable":true,"href":"https:\/\/www.radiopiu.net\/wordpress\/wp-json\/wp\/v2\/tags?post=273164"}],"curies":[{"name":"wp","href":"https:\/\/api.w.org\/{rel}","templated":true}]}}