{"id":273299,"date":"2022-05-01T18:38:16","date_gmt":"2022-05-01T16:38:16","guid":{"rendered":"https:\/\/www.radiopiu.net\/wordpress\/?p=273299"},"modified":"2022-05-01T18:39:07","modified_gmt":"2022-05-01T16:39:07","slug":"la-boa-di-conaggia-del-23-27-aprile-1888-parte-prima","status":"publish","type":"post","link":"https:\/\/www.radiopiu.net\/wordpress\/la-boa-di-conaggia-del-23-27-aprile-1888-parte-prima\/","title":{"rendered":"LA &#8220;BOA&#8221; DI CONAGGIA DEL 23-27 APRILE 1888 &#8211; parte prima &#8211;"},"content":{"rendered":"<p><strong>di\u00a0 TIZIANO DE COL<\/strong><\/p>\n<p>In nostri precedenti articoli abbiamo ampiamente parlato di frane (Boe) e smottamenti avvenuti dal 1701 in poi nell\u2019 alveo del torrente Missiaga che attraversa il paese di La Valle Agordina, illustrando manoscritti che descrivevano la grande \u201cBoa\u201d del 1701 e il crollo delle Creppe Rotte del Tamer nel 1791 e la relazione del Corpo del Genio Civile sul crollo delle Creppe Rotte del Tamer nell\u2019autunno 1888. Ma sempre nel 1888 un altro grande evento franoso interess\u00f2 il paese di La Valle, ma non collegato al torrente Missiaga, bens\u00ec riferito al torrente Bordina, che scorre ai piedi del monte Celo lambendo ad est, sud \u2013 est le frazioni di Conaggia, Torsas, Gaidon, Ronche, Ronchet e poi sull\u2019altra sponda , le frazioni di Calcellade e Noach. La memoria paesana tenne pi\u00f9 conto della Boa di Conaggia, forse perch\u00e9 pi\u00f9 recente e forse perch\u00e9 il toponimo Boa \u00e8 rimasto assegnato dalla cultura popolare , non tanto a qualche localit\u00e0 sul Missiaga, ma sulla localit\u00e0 immediatamente a monte dell\u2019abitato di Conaggia, dove ora sorgono gli impianti sportivi e a monte, fino all\u2019inizio della ripida salita a Malga Foca. Con il termine Boa si intende una colata detritica di ragguardevoli dimensioni formata prevalentemente da acqua, con una sospensione, pi\u00f9 o meno densa, di materiali litoidi. Le Boe, a La Valle, si sono sempre originate da frane sulle testate o sui versanti dei bacini torrentizi, che intasando i corsi d\u2019acqua, provocavano poi delle ondate di piena, con notevole apporto di materiale ed acqua, a seguito delle rotture degli ingombri che avevano creato l\u2019invaso o l\u2019accumulo fluido. In quest\u2019ampia valle, un tempo tutta occupata da coltivazioni agricole, quali granoturco, patate, fagioli e da prati segativi, ora impera la ghiaia ed il bosco, salvo alcune localit\u00e0 ancora interessate da sfalcio o pascolo, dove, fino a 40 anni orsono vi erano campi. Questa \u00e8 una zona molto ricca di toponimi antichi, sintomo di una presenza storica e capillare dell\u2019uso del territorio. Della storia antica di Conaggia (anticamente Conagla e in lingua locale Conaia) scriveremo in altre occasioni, mentre ora ci soffermeremo sul disastro che in primavera del 1888 interess\u00f2 questa frazione e che, pur non provocando vittime, alter\u00f2 per sempre la morfologia di questa zona del paese di La Valle, la quale , presumibilmente, dai primi insediamenti e fino al 1888 non aveva subito grandi traumi come invece le frazioni (Ville) che si affacciano sull\u2019altro torrente, sul Missiaga, cos\u00ec come da noi descritto nei nostri precedenti articoli:<\/p>\n<p><span style=\"color: #0563c1;\"><u><a href=\"https:\/\/www.radiopiu.net\/wordpress\/sestadisei\/\">https:\/\/www.radiopiu.net\/wordpress\/sestadisei\/<\/a><\/u><\/span><\/p>\n<p><span style=\"color: #0563c1;\"><u><a href=\"https:\/\/www.radiopiu.net\/wordpress\/frana-del-monte-tamer-ottobre-1888\/\">https:\/\/www.radiopiu.net\/wordpress\/frana-del-monte-tamer-ottobre-1888\/<\/a><\/u><\/span><\/p>\n<p><span style=\"color: #0563c1;\"><u><a href=\"https:\/\/www.radiopiu.net\/wordpress\/il-crollo-delle-creppe-rotte-del-tamer-1791-1792-e-lattuale-dissesto-per-il-crolle-del-tamer-grande\/\">https:\/\/www.radiopiu.net\/wordpress\/il-crollo-delle-creppe-rotte-del-tamer-1791-1792-e-lattuale-dissesto-per-il-crolle-del-tamer-grande\/<\/a><\/u><\/span><\/p>\n<p><span style=\"color: #0563c1;\"><u><a href=\"https:\/\/www.radiopiu.net\/wordpress\/franastoria\/\">https:\/\/www.radiopiu.net\/wordpress\/franastoria\/<\/a><\/u><\/span><\/p>\n<p>Questo \u00e8 il primo di una serie di articoli sulla Boa di Conaggia, i quali tratteranno dell\u2019evento, dei provvedimenti e delle realazioni del Comune, del trasferimento della frazione di Conaggia e dell\u2019attuale situazione idrogeologica del dissesto e della frazione di Conaggia. Questo primo articolo conterr\u00e0 la trascrizione della relazione trasmessa dall\u2019ingegnere di Agordo, A.Sommavilla, alla rivista del CAI, sulla quale venne pubblicata nel numero 5 del 1888.<\/p>\n<p>&nbsp;<\/p>\n<p align=\"justify\"><span style=\"color: #201005;\"><span style=\"font-family: *Courier New-Bold-23720-Identit, serif;\"><span style=\"font-size: small;\"><b>RIVISTA .MENSILE DEL C. A. I. <\/b><\/span><\/span><\/span><span style=\"color: #2a1608;\"><span style=\"font-family: *Cambria-23721-Identity-H, serif;\"><span style=\"font-size: medium;\">N. 5. 1888<\/span><\/span><\/span><\/p>\n<p align=\"justify\"><span style=\"color: #0a0000;\"><span style=\"font-family: *Tahoma-Bold-23722-Identity-H, serif;\"><span style=\"font-size: medium;\"><b>La frana di La Valle.<\/b><\/span><\/span><\/span><\/p>\n<p align=\"justify\"><strong><span style=\"color: #000000;\"><span style=\"font-family: Times New Roman, serif;\">Agordo, 15 maggio 1888.\u00a0\u00a0<\/span><\/span><\/strong><\/p>\n<p align=\"justify\"><span style=\"color: #1e1107;\"><span style=\"font-family: *Cambria-23721-Identity-H, serif;\"><span style=\"font-size: medium;\">All&#8217;est di Agordo e a 3 chilometri di distanza \u00e8 situalo il comune <\/span><\/span><\/span><span style=\"color: #1e1107;\"><span style=\"font-family: *Cambria-23721-Identity-H, serif;\"><span style=\"font-size: medium;\">di La Valle. Concorrono a formarlo parecchi villaggi situati lungo i due <\/span><\/span><\/span><span style=\"color: #1e1107;\"><span style=\"font-family: *Cambria-23721-Identity-H, serif;\"><span style=\"font-size: medium;\">torrenti Missiaga e Bordina, i <\/span><\/span><\/span><span style=\"color: #1e1107;\"><span style=\"font-family: *Times New Roman-Bold-23717-Ide, serif;\"><span style=\"font-size: medium;\">qu<\/span><\/span><\/span><span style=\"color: #392915;\"><span style=\"font-family: *Times New Roman-Bold-23717-Ide, serif;\"><span style=\"font-size: medium;\">a<\/span><\/span><\/span><span style=\"color: #1e1107;\"><span style=\"font-family: *Times New Roman-Bold-23717-Ide, serif;\"><span style=\"font-size: medium;\">li<\/span><\/span><\/span><b> <\/b><span style=\"color: #1e1107;\"><span style=\"font-family: *Cambria-23721-Identity-H, serif;\"><span style=\"font-size: medium;\">hanno origine nelle soprastanti <\/span><\/span><\/span><span style=\"color: #1e1107;\"><span style=\"font-family: *Cambria-23721-Identity-H, serif;\"><span style=\"font-size: medium;\">alture, e, ingrossati dalle acque d<\/span><\/span><\/span><span style=\"color: #392915;\"><span style=\"font-family: *Cambria-23721-Identity-H, serif;\"><span style=\"font-size: medium;\">e<\/span><\/span><\/span><span style=\"color: #1e1107;\"><span style=\"font-family: *Cambria-23721-Identity-H, serif;\"><span style=\"font-size: medium;\">i monti che li racchiudono, scendono <\/span><\/span><\/span><span style=\"color: #1e1107;\"><span style=\"font-family: *Cambria-23721-Identity-H, serif;\"><span style=\"font-size: medium;\">poi quasi affatto paralleli a scaricarsi nel principale torrente della <\/span><\/span><\/span><span style=\"color: #1e1107;\"><span style=\"font-family: *Cambria-23721-Identity-H, serif;\"><span style=\"font-size: medium;\">vallata, <\/span><\/span><\/span><span style=\"color: #1e1107;\"><span style=\"font-family: *Times New Roman-Bold-23717-Ide, serif;\"><span style=\"font-size: medium;\">il<\/span><\/span><\/span><b> <\/b><span style=\"color: #1e1107;\"><span style=\"font-family: *Cambria-23721-Identity-H, serif;\"><span style=\"font-size: medium;\">Cordevole. Oltrepassata di circa mezzo chilometro la chiesa <\/span><\/span><\/span><span style=\"color: #1e1107;\"><span style=\"font-family: *Cambria-23721-Identity-H, serif;\"><span style=\"font-size: medium;\">di San Michele di La Valle, si arriva al villaggio di Conaggia, situato <\/span><\/span><\/span><span style=\"color: #1e1107;\"><span style=\"font-family: *Cambria-23721-Identity-H, serif;\"><span style=\"font-size: medium;\">sulla riva destra del torrente Bordina, villaggio abbastanza grande <\/span><\/span><\/span><span style=\"color: #1e1107;\"><span style=\"font-family: *Cambria-23721-Identity-H, serif;\"><span style=\"font-size: medium;\">poicb\u00e8 ricettava oltre <\/span><\/span><\/span><span style=\"color: #1e1107;\"><span style=\"font-family: *Times New Roman-Bold-23717-Ide, serif;\"><span style=\"font-size: medium;\">400<\/span><\/span><\/span><b> <\/b><span style=\"color: #1e1107;\"><span style=\"font-family: *Cambria-23721-Identity-H, serif;\"><span style=\"font-size: medium;\">abitanti, ed ora, all&#8217;infuori <\/span><\/span><\/span><span style=\"color: #1e1107;\"><span style=\"font-family: *Times New Roman-Bold-23717-Ide, serif;\"><span style=\"font-size: medium;\">di<\/span><\/span><\/span><b> <\/b><span style=\"color: #1e1107;\"><span style=\"font-family: *Cambria-23721-Identity-H, serif;\"><span style=\"font-size: medium;\">due o tre abi\u00b7 <\/span><\/span><\/span><span style=\"color: #1e1107;\"><span style=\"font-family: *Cambria-23721-Identity-H, serif;\"><span style=\"font-size: medium;\">tazioni situate pi\u00f9 in alto delle altre, \u00e8 affatto disabitato e invaso dalle <\/span><\/span><\/span><span style=\"color: #1e1107;\"><span style=\"font-family: *Cambria-23721-Identity-H, serif;\"><span style=\"font-size: medium;\">macerie franate dalle alture del monte Moschesin nei giorni 23-27 dell&#8217;ora <\/span><\/span><\/span><span style=\"color: #1e1107;\"><span style=\"font-family: *Cambria-23721-Identity-H, serif;\"><span style=\"font-size: medium;\">caduto aprile. <\/span><\/span><\/span><span style=\"color: #2c1d0e;\"><span style=\"font-family: *Cambria-23721-Identity-H, serif;\"><span style=\"font-size: medium;\">Oltre Conaggia, e sempre verso mattina, si estende per quasi 2 chilometri <\/span><\/span><\/span><span style=\"color: #2c1d0e;\"><span style=\"font-family: *Cambria-23721-Identity-H, serif;\"><span style=\"font-size: medium;\">d\u00ec lunghezza una valle assai amena, larga forse mezzo chilometro, <\/span><\/span><\/span><span style=\"color: #2c1d0e;\"><span style=\"font-family: *Cambria-23721-Identity-H, serif;\"><span style=\"font-size: medium;\">nel cui fondo, formato dai rivi Lazzaron a destra e Pontesei a <\/span><\/span><\/span><span style=\"color: #2c1d0e;\"><span style=\"font-family: *Cambria-23721-Identity-H, serif;\"><span style=\"font-size: medium;\">sinistra, scorre il torrente Bordina. Le rive di esso coltivate a cereali <\/span><\/span><\/span><span style=\"color: #2c1d0e;\"><span style=\"font-family: *Cambria-23721-Identity-H, serif;\"><span style=\"font-size: medium;\">nella parte pi\u00f9 bassa verso Conaggia sono assai feraci; mentre pi\u00f9 in <\/span><\/span><\/span><span style=\"color: #2c1d0e;\"><span style=\"font-family: *Cambria-23721-Identity-H, serif;\"><span style=\"font-size: medium;\">alto , verdeggiano prati naturali coperti qua e l\u00e0 di piante di larici. Cotali <\/span><\/span><\/span><span style=\"color: #2c1d0e;\"><span style=\"font-family: *Cambria-23721-Identity-H, serif;\"><span style=\"font-size: medium;\">praterie si estendono fino a notevole altezza su tutto il contrafforte a <\/span><\/span><\/span><span style=\"color: #2c1d0e;\"><span style=\"font-family: *Cambria-23721-Identity-H, serif;\"><span style=\"font-size: medium;\">destra del Bordina; mentre a sua sinistra si aderge selvaggia e den\u00b7 <\/span><\/span><\/span><span style=\"color: #2c1d0e;\"><span style=\"font-family: *Cambria-23721-Identity-H, serif;\"><span style=\"font-size: medium;\">samante boscata di pini la vasta montagna che si denomina Corno di <\/span><\/span><\/span><span style=\"color: #2c1d0e;\"><span style=\"font-family: *Cambria-23721-Identity-H, serif;\"><span style=\"font-size: medium;\">Lavalle. La valle de Bordina alla sua sommit\u00e0 vien chiusa da altro <\/span><\/span><\/span><span style=\"color: #2c1d0e;\"><span style=\"font-family: *Cambria-23721-Identity-H, serif;\"><span style=\"font-size: medium;\">contrafforte, per cui scendono i torrentelli Lazzaron e Pontesei, il quale <\/span><\/span><\/span><span style=\"color: #2c1d0e;\"><span style=\"font-family: *Cambria-23721-Identity-H, serif;\"><span style=\"font-size: medium;\">la chiude affatto e le imparte la forma di un vero anfiteatro. Il rigagnolo <\/span><\/span><\/span><span style=\"color: #2c1d0e;\"><span style=\"font-family: *Cambria-23721-Identity-H, serif;\"><span style=\"font-size: medium;\">Pontesei precipita quivi per un profondo e stretto burrone, quasi <\/span><\/span><\/span><span style=\"color: #2c1d0e;\"><span style=\"font-family: *Cambria-23721-Identity-H, serif;\"><span style=\"font-size: medium;\">verticalmente e la sua valle si innalza per la montagna sempre ripidamente <\/span><\/span><\/span><span style=\"color: #2c1d0e;\"><span style=\"font-family: *Cambria-23721-Identity-H, serif;\"><span style=\"font-size: medium;\">per quasi due chilometri, ove si restringe in una gola assai <\/span><\/span><\/span><span style=\"color: #2c1d0e;\"><span style=\"font-family: *Cambria-23721-Identity-H, serif;\"><span style=\"font-size: medium;\">stretta, che la separa da altra valle pi\u00f9 larga detta la Campiona, la <\/span><\/span><\/span><span style=\"color: #2c1d0e;\"><span style=\"font-family: *Cambria-23721-Identity-H, serif;\"><span style=\"font-size: medium;\">quale, protendendosi all&#8217;ins\u00f9 per circa altri due chilometri, giunge alle <\/span><\/span><\/span><span style=\"color: #2c1d0e;\"><span style=\"font-family: *Cambria-23721-Identity-H, serif;\"><span style=\"font-size: medium;\">localit\u00e0 denominate Buscaresem e Soffitta sottostanti alle nude roccie <\/span><\/span><\/span><span style=\"color: #2c1d0e;\"><span style=\"font-family: *Cambria-23721-Identity-H, serif;\"><span style=\"font-size: medium;\">dolomitiche del monte\u00b7 Moschesin. \u00c8 questa appunto la localit\u00e0 ove <\/span><\/span><\/span><span style=\"color: #2c1d0e;\"><span style=\"font-family: *Cambria-23721-Identity-H, serif;\"><span style=\"font-size: medium;\">avvenne il triste fenomeno, che ha causato la disgrazia che ora ci occupa, <\/span><\/span><\/span><span style=\"color: #2c1d0e;\"><span style=\"font-family: *Cambria-23721-Identity-H, serif;\"><span style=\"font-size: medium;\">localit\u00e0 affatto nascosta a quegli abitanti, per cui nessuno pot\u00e8 <\/span><\/span><\/span><span style=\"color: #2c1d0e;\"><span style=\"font-family: *Cambria-23721-Identity-H, serif;\"><span style=\"font-size: medium;\">vedere come e quando abbia veramente avuto origine. <\/span><\/span><\/span><span style=\"color: #2b1d0e;\"><span style=\"font-family: *Cambria-23721-Identity-H, serif;\"><span style=\"font-size: medium;\">Il giorno 23 dello scorso aprile alle ore 11 antim. gli abitant<\/span><\/span><\/span><span style=\"color: #645030;\"><span style=\"font-family: *Cambria-23721-Identity-H, serif;\"><span style=\"font-size: medium;\">i <\/span><\/span><\/span><span style=\"color: #2b1d0e;\"><span style=\"font-family: *Cambria-23721-Identity-H, serif;\"><span style=\"font-size: medium;\">d\u00ec Co\u00b7 <\/span><\/span><\/span><span style=\"color: #2b1d0e;\"><span style=\"font-family: *Cambria-23721-Identity-H, serif;\"><span style=\"font-size: medium;\">naggia furono spaventati da cupi e prolungati boati, che si fecero sentire <\/span><\/span><\/span><span style=\"color: #2b1d0e;\"><span style=\"font-family: *Cambria-23721-Identity-H, serif;\"><span style=\"font-size: medium;\">rumorosamente e replicatamen<\/span><\/span><\/span><span style=\"color: #100602;\"><span style=\"font-family: *Cambria-23721-Identity-H, serif;\"><span style=\"font-size: medium;\">t<\/span><\/span><\/span><span style=\"color: #2b1d0e;\"><span style=\"font-family: *Cambria-23721-Identity-H, serif;\"><span style=\"font-size: medium;\">e verso mattina e precisamente <\/span><\/span><\/span><span style=\"color: #2b1d0e;\"><span style=\"font-family: *Cambria-23721-Identity-H, serif;\"><span style=\"font-size: medium;\">verso la punta del <\/span><\/span><\/span><span style=\"color: #100602;\"><span style=\"font-family: *Cambria-23721-Identity-H, serif;\"><span style=\"font-size: medium;\">M<\/span><\/span><\/span><span style=\"color: #2b1d0e;\"><span style=\"font-family: *Cambria-23721-Identity-H, serif;\"><span style=\"font-size: medium;\">osc<\/span><\/span><\/span><span style=\"color: #100602;\"><span style=\"font-family: *Cambria-23721-Identity-H, serif;\"><span style=\"font-size: medium;\">h<\/span><\/span><\/span><span style=\"color: #3f2f1b;\"><span style=\"font-family: *Cambria-23721-Identity-H, serif;\"><span style=\"font-size: medium;\">e<\/span><\/span><\/span><span style=\"color: #2b1d0e;\"><span style=\"font-family: *Cambria-23721-Identity-H, serif;\"><span style=\"font-size: medium;\">sin. In onta alla grande quantit\u00e0 di neve, <\/span><\/span><\/span><span style=\"color: #2b1d0e;\"><span style=\"font-family: *Cambria-23721-Identity-H, serif;\"><span style=\"font-size: medium;\">che ancora ricopriva quelle alture ed all&#8217;eventuale pericolo di qualche <\/span><\/span><\/span><span style=\"color: #2b1d0e;\"><span style=\"font-family: *Cambria-23721-Identity-H, serif;\"><span style=\"font-size: medium;\">valanga, alcuni di quei robusti e corraggiosi montanari non si peritarono <\/span><\/span><\/span><span style=\"color: #2b1d0e;\"><span style=\"font-family: *Cambria-23721-Identity-H, serif;\"><span style=\"font-size: medium;\">di salire quell\u2019 erta montagna e verificare l&#8217;accaduto. Ed infatti <\/span><\/span><\/span><span style=\"color: #2b1d0e;\"><span style=\"font-family: *Cambria-23721-Identity-H, serif;\"><span style=\"font-size: medium;\">scorsero un immane distacco di terreno nelle preacennate localit\u00e0 d\u00ec <\/span><\/span><\/span><span style=\"color: #2b1d0e;\"><span style=\"font-family: *Cambria-23721-Identity-H, serif;\"><span style=\"font-size: medium;\">Buscaresem e Soffitta sopra una larghezza di circa 700 metri, il quale <\/span><\/span><\/span><span style=\"color: #2b1d0e;\"><span style=\"font-family: *Cambria-23721-Identity-H, serif;\"><span style=\"font-size: medium;\">si era ormai steso lungo la valle Campiona, e lo spessore diventava <\/span><\/span><\/span><span style=\"color: #2b1d0e;\"><span style=\"font-family: *Cambria-23721-Identity-H, serif;\"><span style=\"font-size: medium;\">sempreppi\u00f9 potente per <\/span><\/span><\/span><span style=\"color: #100602;\"><span style=\"font-family: *Cambria-23721-Identity-H, serif;\"><span style=\"font-size: medium;\">l<\/span><\/span><\/span><span style=\"color: #2b1d0e;\"><span style=\"font-family: *Cambria-23721-Identity-H, serif;\"><span style=\"font-size: medium;\">e nuove materie che tratto tratto continuavano <\/span><\/span><\/span><span style=\"color: #2b1d0e;\"><span style=\"font-family: *Cambria-23721-Identity-H, serif;\"><span style=\"font-size: medium;\">a distaccarsi e precipitare a valle. Ma, siccome la valle Campiona ab\u00b7 <\/span><\/span><\/span><span style=\"color: #2b1d0e;\"><span style=\"font-family: *Cambria-23721-Identity-H, serif;\"><span style=\"font-size: medium;\">bassandosi si restringe a foggia di imbuto formando quella stretta gola <\/span><\/span><\/span><span style=\"color: #2b1d0e;\"><span style=\"font-family: *Cambria-23721-Identity-H, serif;\"><span style=\"font-size: medium;\">che la separa dalla sottostante valle di Pontesei, cos\u00ec le sporgenze laterali <\/span><\/span><\/span><span style=\"color: #2b1d0e;\"><span style=\"font-family: *Cambria-23721-Identity-H, serif;\"><span style=\"font-size: medium;\">di essa formanti al fondo un sensibile rialzo, valsero a rallentare <\/span><\/span><\/span><span style=\"color: #2b1d0e;\"><span style=\"font-family: *Cambria-23721-Identity-H, serif;\"><span style=\"font-size: medium;\">e trattenere in quel sito la grande massa del materiale, il quale solo <\/span><\/span><\/span><span style=\"color: #2b1d0e;\"><span style=\"font-family: *Cambria-23721-Identity-H, serif;\"><span style=\"font-size: medium;\">intermittentemente ed a norma che poteva superare quell\u2019ostacolo entrava <\/span><\/span><\/span><span style=\"color: #2b1d0e;\"><span style=\"font-family: *Cambria-23721-Identity-H, serif;\"><span style=\"font-size: medium;\">nella sottoposta valle di Pontesei e con immenso fragore preci\u00b7 <\/span><\/span><\/span><span style=\"color: #2b1d0e;\"><span style=\"font-family: *Cambria-23721-Identity-H, serif;\"><span style=\"font-size: medium;\">pilava per lo stretto ed erto burrone nel torrente Bordina, spingendo <\/span><\/span><\/span><span style=\"color: #241608;\"><span style=\"font-family: *Cambria-25104-Identity-H, serif;\"><span style=\"font-size: medium;\">colla sua caduta, le materie gi\u00e0 accumulate al fondo della valle verso <\/span><\/span><\/span><span style=\"color: #221609;\"><span style=\"font-family: *Cambria-25104-Identity-H, serif;\"><span style=\"font-size: medium;\">il <\/span><\/span><\/span><span style=\"color: #000000;\"><span style=\"font-family: *Cambria-25104-Identity-H, serif;\"><span style=\"font-size: medium;\">villaggio <\/span><\/span><\/span><span style=\"color: #221609;\"><span style=\"font-family: *Cambria-25104-Identity-H, serif;\"><span style=\"font-size: medium;\">di Conaggia. <\/span><\/span><\/span><span style=\"color: #291c0d;\"><span style=\"font-family: *Cambria-25104-Identity-H, serif;\"><span style=\"font-size: medium;\">Per\u00f2 il movimento di questa enorme massa nella valle del Bordina <\/span><\/span><\/span><span style=\"font-size: medium; color: #291c0d;\">era assai lento e pi\u00f9 ancora si rallentava a norma che procedeva nella <\/span><span style=\"color: #291c0d;\"><span style=\"font-family: *Cambria-25104-Identity-H, serif;\"><span style=\"font-size: medium;\">valle verso Conaggia per lo allargarsi della valle medesima, cosicch\u00e8 <\/span><\/span><\/span><span style=\"color: #291c0d;\"><span style=\"font-family: *Cambria-25104-Identity-H, serif;\"><span style=\"font-size: medium;\">solo la sera de<\/span><\/span><\/span><span style=\"color: #120903;\"><span style=\"font-family: *Cambria-25104-Identity-H, serif;\"><span style=\"font-size: medium;\">l <\/span><\/span><\/span><span style=\"color: #291c0d;\"><span style=\"font-family: *Cambria-25104-Identity-H, serif;\"><span style=\"font-size: medium;\">giorno 24 la si vide comparire dinanzi al villaggio, <\/span><\/span><\/span><span style=\"color: #291c0d;\"><span style=\"font-family: *Cambria-25104-Identity-H, serif;\"><span style=\"font-size: medium;\">con grande sgomento di quegli abitanti, che pure speravano dovesse <\/span><\/span><\/span><span style=\"color: #291c0d;\"><span style=\"font-family: *Cambria-25104-Identity-H, serif;\"><span style=\"font-size: medium;\">prima arrestarsi. Il materiale cos\u00ec convogliato consisteva in un&#8217;acqua <\/span><\/span><\/span><span style=\"color: #291c0d;\"><span style=\"font-family: *Cambria-25104-Identity-H, serif;\"><span style=\"font-size: medium;\">melmosa, nerastra e densissima, ciottoli di roccie diverse, massi di <\/span><\/span><\/span><span style=\"color: #291c0d;\"><span style=\"font-family: *Cambria-25104-Identity-H, serif;\"><span style=\"font-size: medium;\">neve e tronchi di alberi. Il giorno 25 la parte pi\u00f9 bassa del villaggio <\/span><\/span><\/span><span style=\"color: #291c0d;\"><span style=\"font-family: *Cambria-25104-Identity-H, serif;\"><span style=\"font-size: medium;\">ne era gi\u00e0 stata lambita ed intanto i boati e le scariche infierivano <\/span><\/span><\/span><span style=\"color: #291c0d;\"><span style=\"font-family: *Cambria-25104-Identity-H, serif;\"><span style=\"font-size: medium;\">ancor sempre e toglievano ogni speranza che potesse arrestarsi. E\u2019 <\/span><\/span><\/span><span style=\"font-size: medium; color: #291c0d;\">superfluo il dire come quegli abitanti avessero profittato della lentezza <\/span><span style=\"color: #291c0d;\"><span style=\"font-family: *Cambria-25104-Identity-H, serif;\"><span style=\"font-size: medium;\">di quel movimento per asportare intanto dalle loro case mobili, mas\u00b7 <\/span><\/span><\/span><span style=\"color: #291c0d;\"><span style=\"font-family: *Cambria-25104-Identity-H, serif;\"><span style=\"font-size: medium;\">serizie e quanto vi poteva essere di utilizzabile. In quella sera istessa <\/span><\/span><\/span><span style=\"color: #291c0d;\"><span style=\"font-family: *Cambria-25104-Identity-H, serif;\"><span style=\"font-size: medium;\">vennero pure abbandonate le case pi\u00f9 esposte e soggette all&#8217;invasione. <\/span><\/span><\/span><span style=\"color: #291c0d;\"><span style=\"font-family: *Cambria-25104-Identity-H, serif;\"><span style=\"font-size: medium;\">Le scariche continuarono assai frequenti per tutta la notte ed anche <\/span><\/span><\/span><span style=\"color: #291c0d;\"><span style=\"font-family: *Cambria-25104-Identity-H, serif;\"><span style=\"font-size: medium;\">nel d\u00ec successivo 26 aprile, cosicch\u00e8 una trentina di case alla sera si <\/span><\/span><\/span><span style=\"color: #291c0d;\"><span style=\"font-family: *Cambria-25104-Identity-H, serif;\"><span style=\"font-size: medium;\">trovavano gi\u00e0 invase per circa un metro di altezza e nei giorni susseguenti <\/span><\/span><\/span><span style=\"color: #291c0d;\"><span style=\"font-family: *Cambria-25104-Identity-H, serif;\"><span style=\"font-size: medium;\">se ne aggiunsero delle altre ancora alzandosi la poltiglia nell&#8217;interno <\/span><\/span><\/span><span style=\"color: #291c0d;\"><span style=\"font-family: *Cambria-25104-Identity-H, serif;\"><span style=\"font-size: medium;\">di esse fino ad occupare tutta l&#8217;altezza del pian terreno, mentre <\/span><\/span><\/span><span style=\"color: #291c0d;\"><span style=\"font-family: *Cambria-25104-Identity-H, serif;\"><span style=\"font-size: medium;\">all&#8217;esterno gli alberi ed il circostante terreno rimasero coperti per uno <\/span><\/span><\/span><span style=\"color: #291c0d;\"><span style=\"font-family: *Cambria-25104-Identity-H, serif;\"><span style=\"font-size: medium;\">spessore di 4 a 5 metri. <\/span><\/span><\/span><span style=\"color: #2e2010;\"><span style=\"font-family: *Cambria-25104-Identity-H, serif;\"><span style=\"font-size: medium;\">La parte pi\u00f9 liquida continuava intanto il suo corso per il torrente <\/span><\/span><\/span><span style=\"color: #2e2010;\"><span style=\"font-family: *Cambria-25104-Identity-H, serif;\"><span style=\"font-size: medium;\">Bordina fino a gettarsi nel maggior torrente, il Cordevole. ove ne in\u00b7 <\/span><\/span><\/span><span style=\"color: #2e2010;\"><span style=\"font-family: *Cambria-25104-Identity-H, serif;\"><span style=\"font-size: medium;\">quinava talmente le acque che questo, giunto a sua volta nel Piave, <\/span><\/span><\/span><span style=\"color: #2e2010;\"><span style=\"font-family: *Cambria-25104-Identity-H, serif;\"><span style=\"font-size: medium;\">30 chilometri pi\u00f9 abbasso, ne intorbidava tutta la massa per parecchi <\/span><\/span><\/span><span style=\"color: #2e2010;\"><span style=\"font-family: *Cambria-25104-Identity-H, serif;\"><span style=\"font-size: medium;\">giorni fino a che si scaricava nel mare. Finalmente i boati si dirada<\/span><\/span><\/span><span style=\"color: #2e2010;\"><span style=\"font-family: *Minion Pro-Bold-25106-Identity, serif;\">rono <\/span><\/span><span style=\"color: #2e2010;\"><span style=\"font-family: *Minion Pro-Bold-25106-Identity, serif;\">e con essi facevansi <\/span><\/span><span style=\"color: #2e2010;\"><span style=\"font-family: *Cambria-25104-Identity-H, serif;\"><span style=\"font-size: medium;\">pi\u00f9 <\/span><\/span><\/span><span style=\"color: #2e2010;\"><span style=\"font-family: *Minion Pro-Bold-25106-Identity, serif;\">rade anche le scariche del materiale, <\/span><\/span><span style=\"color: #2e2010;\"><span style=\"font-family: *Cambria-25104-Identity-H, serif;\"><span style=\"font-size: medium;\">cosicch\u00e8 si spera che almeno per ora, essendo propizia la stagione, <\/span><\/span><\/span><span style=\"color: #2e2010;\"><span style=\"font-family: *Cambria-25104-Identity-H, serif;\"><span style=\"font-size: medium;\">possa il tutto consolidarsi e metter fine al giusto spavento di quella <\/span><\/span><\/span><span style=\"color: #2e2010;\"><span style=\"font-family: *Cambria-25104-Identity-H, serif;\"><span style=\"font-size: medium;\">sciagurata popolazione. <\/span><\/span><\/span><span style=\"color: #2c1f10;\"><span style=\"font-family: *Cambria-25104-Identity-H, serif;\"><span style=\"font-size: medium;\">Percorrendo ora la valle del Bordina, specie nella localit\u00e0 di Conaggia <\/span><\/span><\/span><span style=\"font-size: medium; color: #2c1f10;\">ed esaminando il materiale deposto, si trova essere composto <\/span><span style=\"color: #2c1f10;\"><span style=\"font-family: *Cambria-25104-Identity-H, serif;\"><span style=\"font-size: medium;\">di una materia argillos<\/span><\/span><\/span><span style=\"color: #44361f;\"><span style=\"font-family: *Cambria-25104-Identity-H, serif;\"><span style=\"font-size: medium;\">a <\/span><\/span><\/span><span style=\"color: #2c1f10;\"><span style=\"font-family: *Cambria-25104-Identity-H, serif;\"><span style=\"font-size: medium;\">assai minuta, la quale si \u00e8 indurita superficialmente; <\/span><\/span><\/span><span style=\"color: #2c1f10;\"><span style=\"font-family: *Cambria-25104-Identity-H, serif;\"><span style=\"font-size: medium;\">ma n<\/span><\/span><\/span><span style=\"color: #44361f;\"><span style=\"font-family: *Cambria-25104-Identity-H, serif;\"><span style=\"font-size: medium;\">e<\/span><\/span><\/span><span style=\"color: #2c1f10;\"><span style=\"font-family: *Cambria-25104-Identity-H, serif;\"><span style=\"font-size: medium;\">gli strali inferiori \u00e8 ancora allo stato liquido di poltiglia, <\/span><\/span><\/span><span style=\"color: #2c1f10;\"><span style=\"font-family: *Cambria-25104-Identity-H, serif;\"><span style=\"font-size: medium;\">Alla superficie esterna la si vede seminata di parecchi massi di conglomerati <\/span><\/span><\/span><span style=\"color: #2c1f10;\"><span style=\"font-family: *Cambria-25104-Identity-H, serif;\"><span style=\"font-size: medium;\">aventi un diametro di pochi centimetri fino a mezzo metro, <\/span><\/span><\/span><span style=\"color: #2c1f10;\"><span style=\"font-family: *Cambria-25104-Identity-H, serif;\"><span style=\"font-size: medium;\">i quali, formatisi nel lento convogliarsi della ingente massa, constano <\/span><\/span><\/span><span style=\"color: #2c1f10;\"><span style=\"font-family: *Cambria-25104-Identity-H, serif;\"><span style=\"font-size: medium;\">di piccoli pezzi di calcare, di marne e di arenarie doleritiche, impastati <\/span><\/span><\/span><span style=\"color: #2c1f10;\"><span style=\"font-family: *Cambria-25104-Identity-H, serif;\"><span style=\"font-size: medium;\">assieme da un abbondante cemento argilloso. Questi conglomerati, che <\/span><\/span><\/span><span style=\"color: #2c1f10;\"><span style=\"font-family: *Cambria-25104-Identity-H, serif;\"><span style=\"font-size: medium;\">sembrano alla vista perfettamente induriti, constano esternamente di <\/span><\/span><\/span><span style=\"color: #2c1f10;\"><span style=\"font-family: *Cambria-25104-Identity-H, serif;\"><span style=\"font-size: medium;\">una crosta solida, ma all&#8217;interno sono ancora molli e le sostanze che <\/span><\/span><\/span><span style=\"color: #2c1f10;\"><span style=\"font-family: *Cambria-25104-Identity-H, serif;\"><span style=\"font-size: medium;\">li <\/span><\/span><\/span><span style=\"color: #44361f;\"><span style=\"font-family: *Cambria-25104-Identity-H, serif;\"><span style=\"font-size: medium;\">c<\/span><\/span><\/span><span style=\"color: #2c1f10;\"><span style=\"font-family: *Cambria-25104-Identity-H, serif;\"><span style=\"font-size: medium;\">ompon<\/span><\/span><\/span><span style=\"color: #44361f;\"><span style=\"font-family: *Cambria-25104-Identity-H, serif;\"><span style=\"font-size: medium;\">g<\/span><\/span><\/span><span style=\"color: #2c1f10;\"><span style=\"font-family: *Cambria-25104-Identity-H, serif;\"><span style=\"font-size: medium;\">ono sono ancora incoerenti. Oltre a ci\u00f2, si vedono ancora <\/span><\/span><\/span><span style=\"color: #2c1f10;\"><span style=\"font-family: *Cambria-25104-Identity-H, serif;\"><span style=\"font-size: medium;\">disseminati qua e l\u00e0 ciottoli maggiori di calcare dolomitico e conchigliaceo, <\/span><\/span><\/span><span style=\"color: #2c1f10;\"><span style=\"font-family: *Cambria-25104-Identity-H, serif;\"><span style=\"font-size: medium;\">di arenarie grigie e di marne variamente colorate. Non mi fu <\/span><\/span><\/span><span style=\"color: #2c1f10;\"><span style=\"font-family: *Cambria-25104-Identity-H, serif;\"><span style=\"font-size: medium;\">possibile di accedere sul luogo del distacco per la troppa neve che <\/span><\/span><\/span><span style=\"color: #2c1f10;\"><span style=\"font-family: *Cambria-25104-Identity-H, serif;\"><span style=\"font-size: medium;\">ancora sossiste, ma dalle materie franate \u00e8 lecito arguire che ivi esi\u00b7 <\/span><\/span><\/span><span style=\"color: #2c1f10;\"><span style=\"font-family: *Cambria-25104-Identity-H, serif;\"><span style=\"font-size: medium;\">stesse uno strato di argilla, la quale, scompostasi e perduta la coerenza <\/span><\/span><\/span><span style=\"color: #2c1f10;\"><span style=\"font-family: *Cambria-25104-Identity-H, serif;\"><span style=\"font-size: medium;\">delle sue parti, in causa delle infiltranti acque e della pressione <\/span><\/span><\/span><span style=\"color: #2c1f10;\"><span style=\"font-family: *Cambria-25104-Identity-H, serif;\"><span style=\"font-size: medium;\">prodotta dalla stragrande quantit\u00e0 di neve caduta nello scorso inverno, <\/span><\/span><\/span><span style=\"color: #2c1f10;\"><span style=\"font-family: *Cambria-25104-Identity-H, serif;\"><span style=\"font-size: medium;\">siasi staccata dalla porzione soprastante di terreno e travolta <\/span><\/span><\/span><span style=\"color: #2c1f10;\"><span style=\"font-family: *Cambria-25104-Identity-H, serif;\"><span style=\"font-size: medium;\">assieme ad altri strati prima da essa sostenuti. <\/span><\/span><\/span><span style=\"color: #312211;\"><span style=\"font-family: *Cambria-25104-Identity-H, serif;\"><span style=\"font-size: medium;\">La formazione geologica ivi predominante \u00e8 il calcare conchigliaceo, <\/span><\/span><\/span><span style=\"color: #312211;\"><span style=\"font-family: *Cambria-25104-Identity-H, serif;\"><span style=\"font-size: medium;\">adagiato sull&#8217;arenaria variegata e tramezzato da una lente di pietra <\/span><\/span><\/span><span style=\"color: #312211;\"><span style=\"font-family: *Cambria-25104-Identity-H, serif;\"><span style=\"font-size: medium;\">verde, il quale nei suoi strati superiori diventa affatto nero e bitumi\u00b7 <\/span><\/span><\/span><span style=\"color: #000000;\"><span style=\"font-family: Times New Roman, serif;\"><span style=\"font-size: medium;\">noso. Ad esso soprastanno le arenarie grigie doleritiche e le marne <\/span><\/span><\/span><span style=\"color: #000000;\"><span style=\"font-family: Times New Roman, serif;\"><span style=\"font-size: medium;\">iridate, le quali servono di letto alla dolomia principale, di cui sono <\/span><\/span><\/span><span style=\"color: #000000;\"><span style=\"font-family: Times New Roman, serif;\"><span style=\"font-size: medium;\">formate le nude creste del monte Moschesin. Non \u00e8 quindi improbabile <\/span><\/span><\/span><span style=\"color: #000000;\"><span style=\"font-family: Times New Roman, serif;\"><span style=\"font-size: medium;\">che fra le marne vi possa essere uno strato di argilla e che sia appunto <\/span><\/span><\/span><span style=\"color: #000000;\"><span style=\"font-family: Times New Roman, serif;\"><span style=\"font-size: medium;\">quello che ha determinato l&#8217;attuale catastrofe. E\u2019 questa una <\/span><\/span><\/span><span style=\"color: #000000;\"><span style=\"font-family: Times New Roman, serif;\"><span style=\"font-size: medium;\">sommessa opinione di chi scrive e che egli si riserva di verificare in <\/span><\/span><\/span><span style=\"color: #000000;\"><span style=\"font-family: Times New Roman, serif;\"><span style=\"font-size: medium;\">appresso con un suo sopraluogo. <\/span><\/span><\/span><span style=\"color: #000000;\"><span style=\"font-family: Times New Roman, serif;\"><span style=\"font-size: medium;\">E\u2019 tradizione fra quegli abitanti che un altro consimile franamento sia <\/span><\/span><\/span><span style=\"color: #000000;\"><span style=\"font-family: Times New Roman, serif;\"><span style=\"font-size: medium;\">avvenuto in quelle stesse localit\u00e0 nell&#8217;anno 1748; e gli abitanti di Lavalle <\/span><\/span><\/span><span style=\"color: #000000;\"><span style=\"font-family: Times New Roman, serif;\"><span style=\"font-size: medium;\">ricordano ancora con raccapriccio la frana caduta nell&#8217;aprile 1701 <\/span><\/span><\/span><span style=\"color: #000000;\"><span style=\"font-family: Times New Roman, serif;\"><span style=\"font-size: medium;\">nel torrente Missiaga e da questo travolta con tanto impeto e violenza, <\/span><\/span><\/span><span style=\"color: #000000;\"><span style=\"font-family: Times New Roman, serif;\"><span style=\"font-size: medium;\">che vi furono 48 vittime umane, parecchi fabbricati ed edilizi asportati, <\/span><\/span><\/span><span style=\"color: #000000;\"><span style=\"font-family: Times New Roman, serif;\"><span style=\"font-size: medium;\">ecc. Questo frequente ripetersi di cosiffatti distacchi ed all&#8217;istessa <\/span><\/span><\/span><span style=\"color: #000000;\"><span style=\"font-family: Times New Roman, serif;\"><span style=\"font-size: medium;\">altezza giustifica la supposizione dell&#8217;esistenza di uno strato di argilla, <\/span><\/span><\/span><span style=\"color: #000000;\"><span style=\"font-family: Times New Roman, serif;\"><span style=\"font-size: medium;\">che si stenda sotto all&#8217;istessa formazione, il quale, lentamente <\/span><\/span><\/span><span style=\"color: #000000;\"><span style=\"font-family: Times New Roman, serif;\"><span style=\"font-size: medium;\">scomponendosi ora in una parte ed ora nell&#8217;altra, finisca con scivolare <\/span><\/span><\/span><span style=\"color: #000000;\"><span style=\"font-family: Times New Roman, serif;\"><span style=\"font-size: medium;\">e produrre queste deplorate catastrofi.\u00a0<\/span><\/span><\/span><\/p>\n<blockquote>\n<h3 align=\"justify\">Fotografie Archivio Tiziano De Col. Trascrizione Relazione Sommavilla fatta da Tiziano De Col<\/h3>\n<\/blockquote>\n\n\t\t\t<style type='text\/css'>\n\t\t\t\t#gallery-1 {\n\t\t\t\t\tmargin: auto;\n\t\t\t\t}\n\t\t\t\t#gallery-1 .gallery-item {\n\t\t\t\t\tfloat: left;\n\t\t\t\t\tmargin-top: 10px;\n\t\t\t\t\ttext-align: center;\n\t\t\t\t\twidth: 33%;\n\t\t\t\t}\n\t\t\t\t#gallery-1 img {\n\t\t\t\t\tborder: 2px solid #cfcfcf;\n\t\t\t\t}\n\t\t\t\t#gallery-1 .gallery-caption {\n\t\t\t\t\tmargin-left: 0;\n\t\t\t\t}\n\t\t\t\t\/* see gallery_shortcode() in wp-includes\/media.php *\/\n\t\t\t<\/style>\n\t\t<div id='gallery-1' class='dt-gallery-container gallery galleryid-273299 gallery-columns-3 gallery-size-medium'><dl class='gallery-item'>\n\t\t\t\t<dt class='gallery-icon landscape'>\n\t\t\t\t\t<a class=\"rollover rollover-zoom dt-pswp-item\" title=\"4140d00d-2e03-451b-8ae4-9c980be24924\" data-dt-img-description=\"\" data-large_image_width=\"1230\" data-large_image_height=\"780\"href='https:\/\/www.radiopiu.net\/wordpress\/wp-content\/uploads\/2022\/05\/4140d00d-2e03-451b-8ae4-9c980be24924.jpg'><img loading=\"lazy\" decoding=\"async\" width=\"300\" height=\"190\" src=\"https:\/\/www.radiopiu.net\/wordpress\/wp-content\/uploads\/2022\/05\/4140d00d-2e03-451b-8ae4-9c980be24924-300x190.jpg\" class=\"attachment-medium size-medium\" alt=\"\" srcset=\"https:\/\/www.radiopiu.net\/wordpress\/wp-content\/uploads\/2022\/05\/4140d00d-2e03-451b-8ae4-9c980be24924-300x190.jpg 300w, https:\/\/www.radiopiu.net\/wordpress\/wp-content\/uploads\/2022\/05\/4140d00d-2e03-451b-8ae4-9c980be24924-1024x649.jpg 1024w, https:\/\/www.radiopiu.net\/wordpress\/wp-content\/uploads\/2022\/05\/4140d00d-2e03-451b-8ae4-9c980be24924-768x487.jpg 768w, https:\/\/www.radiopiu.net\/wordpress\/wp-content\/uploads\/2022\/05\/4140d00d-2e03-451b-8ae4-9c980be24924.jpg 1230w\" sizes=\"auto, (max-width: 300px) 100vw, 300px\" \/><\/a>\n\t\t\t\t<\/dt><\/dl><dl class='gallery-item'>\n\t\t\t\t<dt class='gallery-icon portrait'>\n\t\t\t\t\t<a class=\"rollover rollover-zoom dt-pswp-item\" title=\"579722cd-3c68-4f9c-a232-37675b14df0f\" data-dt-img-description=\"\" data-large_image_width=\"710\" data-large_image_height=\"993\"href='https:\/\/www.radiopiu.net\/wordpress\/wp-content\/uploads\/2022\/05\/579722cd-3c68-4f9c-a232-37675b14df0f.jpg'><img loading=\"lazy\" decoding=\"async\" width=\"215\" height=\"300\" src=\"https:\/\/www.radiopiu.net\/wordpress\/wp-content\/uploads\/2022\/05\/579722cd-3c68-4f9c-a232-37675b14df0f-215x300.jpg\" class=\"attachment-medium size-medium\" alt=\"\" srcset=\"https:\/\/www.radiopiu.net\/wordpress\/wp-content\/uploads\/2022\/05\/579722cd-3c68-4f9c-a232-37675b14df0f-215x300.jpg 215w, https:\/\/www.radiopiu.net\/wordpress\/wp-content\/uploads\/2022\/05\/579722cd-3c68-4f9c-a232-37675b14df0f.jpg 710w\" sizes=\"auto, (max-width: 215px) 100vw, 215px\" \/><\/a>\n\t\t\t\t<\/dt><\/dl><dl class='gallery-item'>\n\t\t\t\t<dt class='gallery-icon landscape'>\n\t\t\t\t\t<a class=\"rollover rollover-zoom dt-pswp-item\" title=\"a5907e9e-8cc7-4cf1-88c8-37dba346eb21\" data-dt-img-description=\"\" data-large_image_width=\"1370\" data-large_image_height=\"893\"href='https:\/\/www.radiopiu.net\/wordpress\/wp-content\/uploads\/2022\/05\/a5907e9e-8cc7-4cf1-88c8-37dba346eb21.jpg'><img loading=\"lazy\" decoding=\"async\" width=\"300\" height=\"196\" src=\"https:\/\/www.radiopiu.net\/wordpress\/wp-content\/uploads\/2022\/05\/a5907e9e-8cc7-4cf1-88c8-37dba346eb21-300x196.jpg\" class=\"attachment-medium size-medium\" alt=\"\" aria-describedby=\"gallery-1-273328\" srcset=\"https:\/\/www.radiopiu.net\/wordpress\/wp-content\/uploads\/2022\/05\/a5907e9e-8cc7-4cf1-88c8-37dba346eb21-300x196.jpg 300w, https:\/\/www.radiopiu.net\/wordpress\/wp-content\/uploads\/2022\/05\/a5907e9e-8cc7-4cf1-88c8-37dba346eb21-1024x667.jpg 1024w, https:\/\/www.radiopiu.net\/wordpress\/wp-content\/uploads\/2022\/05\/a5907e9e-8cc7-4cf1-88c8-37dba346eb21-768x501.jpg 768w, https:\/\/www.radiopiu.net\/wordpress\/wp-content\/uploads\/2022\/05\/a5907e9e-8cc7-4cf1-88c8-37dba346eb21.jpg 1370w\" sizes=\"auto, (max-width: 300px) 100vw, 300px\" \/><\/a>\n\t\t\t\t<\/dt>\n\t\t\t\t\t<dd class='wp-caption-text gallery-caption' id='gallery-1-273328'>\n\t\t\t\t\tFrazione Conaggia anno 1959_Sono state costruite da pochi anni le &#8220;arche&#8221; in calcestruzzo a protezione dell&#8217;abitato. In quest&#8217;area ora sorge il campo sportivo ed il torrente \u00e8 stato deviato sulla sinistra orografica. Si intravede una porta del vecchio campo sportivo, allora aldil\u00e0 del torrente Bordina. L&#8217;antico abitato di Conaggia \u00e8 gi\u00e0 in una depressione dal 1888 e l&#8217;alluvione del 1966 peggiorer\u00e0 ancora la situazione.\n\t\t\t\t\t<\/dd><\/dl><br style=\"clear: both\" \/><dl class='gallery-item'>\n\t\t\t\t<dt class='gallery-icon landscape'>\n\t\t\t\t\t<a class=\"rollover rollover-zoom dt-pswp-item\" title=\"dacc9784-ce2c-4631-8313-3fba12674424\" data-dt-img-description=\"\" data-large_image_width=\"1600\" data-large_image_height=\"1200\"href='https:\/\/www.radiopiu.net\/wordpress\/wp-content\/uploads\/2022\/05\/dacc9784-ce2c-4631-8313-3fba12674424.jpg'><img loading=\"lazy\" decoding=\"async\" width=\"300\" height=\"225\" src=\"https:\/\/www.radiopiu.net\/wordpress\/wp-content\/uploads\/2022\/05\/dacc9784-ce2c-4631-8313-3fba12674424-300x225.jpg\" class=\"attachment-medium size-medium\" alt=\"\" aria-describedby=\"gallery-1-273326\" srcset=\"https:\/\/www.radiopiu.net\/wordpress\/wp-content\/uploads\/2022\/05\/dacc9784-ce2c-4631-8313-3fba12674424-300x225.jpg 300w, https:\/\/www.radiopiu.net\/wordpress\/wp-content\/uploads\/2022\/05\/dacc9784-ce2c-4631-8313-3fba12674424-1024x768.jpg 1024w, https:\/\/www.radiopiu.net\/wordpress\/wp-content\/uploads\/2022\/05\/dacc9784-ce2c-4631-8313-3fba12674424-768x576.jpg 768w, https:\/\/www.radiopiu.net\/wordpress\/wp-content\/uploads\/2022\/05\/dacc9784-ce2c-4631-8313-3fba12674424-1536x1152.jpg 1536w, https:\/\/www.radiopiu.net\/wordpress\/wp-content\/uploads\/2022\/05\/dacc9784-ce2c-4631-8313-3fba12674424.jpg 1600w\" sizes=\"auto, (max-width: 300px) 100vw, 300px\" \/><\/a>\n\t\t\t\t<\/dt>\n\t\t\t\t\t<dd class='wp-caption-text gallery-caption' id='gallery-1-273326'>\n\t\t\t\t\tParte a monte della frazione di Conaggia. Immagine attuale. I due fabbricati pi\u00f9 vecchi, posti uno a sinistra ed uno a destra della piazzetta, hanno un piano interrato dalla Boa del 1888.\n\t\t\t\t\t<\/dd><\/dl><dl class='gallery-item'>\n\t\t\t\t<dt class='gallery-icon portrait'>\n\t\t\t\t\t<a class=\"rollover rollover-zoom dt-pswp-item\" title=\"91203d17-84ba-471e-983a-914832276a67\" data-dt-img-description=\"\" data-large_image_width=\"1276\" data-large_image_height=\"1600\"href='https:\/\/www.radiopiu.net\/wordpress\/wp-content\/uploads\/2022\/05\/91203d17-84ba-471e-983a-914832276a67.jpg'><img loading=\"lazy\" decoding=\"async\" width=\"239\" height=\"300\" src=\"https:\/\/www.radiopiu.net\/wordpress\/wp-content\/uploads\/2022\/05\/91203d17-84ba-471e-983a-914832276a67-239x300.jpg\" class=\"attachment-medium size-medium\" alt=\"\" aria-describedby=\"gallery-1-273327\" srcset=\"https:\/\/www.radiopiu.net\/wordpress\/wp-content\/uploads\/2022\/05\/91203d17-84ba-471e-983a-914832276a67-239x300.jpg 239w, https:\/\/www.radiopiu.net\/wordpress\/wp-content\/uploads\/2022\/05\/91203d17-84ba-471e-983a-914832276a67-817x1024.jpg 817w, https:\/\/www.radiopiu.net\/wordpress\/wp-content\/uploads\/2022\/05\/91203d17-84ba-471e-983a-914832276a67-768x963.jpg 768w, https:\/\/www.radiopiu.net\/wordpress\/wp-content\/uploads\/2022\/05\/91203d17-84ba-471e-983a-914832276a67-1225x1536.jpg 1225w, https:\/\/www.radiopiu.net\/wordpress\/wp-content\/uploads\/2022\/05\/91203d17-84ba-471e-983a-914832276a67.jpg 1276w\" sizes=\"auto, (max-width: 239px) 100vw, 239px\" \/><\/a>\n\t\t\t\t<\/dt>\n\t\t\t\t\t<dd class='wp-caption-text gallery-caption' id='gallery-1-273327'>\n\t\t\t\t\tAffresco su una casa nella piazzetta di Conaggia, antecedente alla Boa del 1888. La casa si era salvata perch\u00e8 costruita qualche metro pi\u00f9 in alto rispetto al pianoro sottostante, che venne interrato da tre metri circa di sedimenti della Boa.\n\t\t\t\t\t<\/dd><\/dl>\n\t\t\t\t<br style='clear: both' \/>\n\t\t\t<\/div>\n\n","protected":false},"excerpt":{"rendered":"<p>di\u00a0 TIZIANO DE COL In nostri precedenti articoli abbiamo ampiamente parlato di frane (Boe) e smottamenti avvenuti dal 1701 in poi nell\u2019 alveo del torrente Missiaga che attraversa il paese di La Valle Agordina, illustrando manoscritti che descrivevano la grande \u201cBoa\u201d del 1701 e il crollo delle Creppe Rotte del Tamer nel 1791 e la&hellip;<\/p>\n","protected":false},"author":4,"featured_media":273328,"comment_status":"closed","ping_status":"closed","sticky":false,"template":"","format":"standard","meta":{"_monsterinsights_skip_tracking":false,"_monsterinsights_sitenote_active":false,"_monsterinsights_sitenote_note":"","_monsterinsights_sitenote_category":0,"footnotes":""},"categories":[104,49],"tags":[],"class_list":["post-273299","post","type-post","status-publish","format-standard","has-post-thumbnail","hentry","category-evidenza_3","category-news-18","category-104","category-49","description-off"],"img_url":"https:\/\/www.radiopiu.net\/wordpress\/wp-content\/uploads\/2022\/05\/a5907e9e-8cc7-4cf1-88c8-37dba346eb21.jpg","_links":{"self":[{"href":"https:\/\/www.radiopiu.net\/wordpress\/wp-json\/wp\/v2\/posts\/273299","targetHints":{"allow":["GET"]}}],"collection":[{"href":"https:\/\/www.radiopiu.net\/wordpress\/wp-json\/wp\/v2\/posts"}],"about":[{"href":"https:\/\/www.radiopiu.net\/wordpress\/wp-json\/wp\/v2\/types\/post"}],"author":[{"embeddable":true,"href":"https:\/\/www.radiopiu.net\/wordpress\/wp-json\/wp\/v2\/users\/4"}],"replies":[{"embeddable":true,"href":"https:\/\/www.radiopiu.net\/wordpress\/wp-json\/wp\/v2\/comments?post=273299"}],"version-history":[{"count":0,"href":"https:\/\/www.radiopiu.net\/wordpress\/wp-json\/wp\/v2\/posts\/273299\/revisions"}],"wp:featuredmedia":[{"embeddable":true,"href":"https:\/\/www.radiopiu.net\/wordpress\/wp-json\/wp\/v2\/media\/273328"}],"wp:attachment":[{"href":"https:\/\/www.radiopiu.net\/wordpress\/wp-json\/wp\/v2\/media?parent=273299"}],"wp:term":[{"taxonomy":"category","embeddable":true,"href":"https:\/\/www.radiopiu.net\/wordpress\/wp-json\/wp\/v2\/categories?post=273299"},{"taxonomy":"post_tag","embeddable":true,"href":"https:\/\/www.radiopiu.net\/wordpress\/wp-json\/wp\/v2\/tags?post=273299"}],"curies":[{"name":"wp","href":"https:\/\/api.w.org\/{rel}","templated":true}]}}