{"id":273563,"date":"2022-05-04T05:59:02","date_gmt":"2022-05-04T03:59:02","guid":{"rendered":"https:\/\/www.radiopiu.net\/wordpress\/?p=273563"},"modified":"2022-05-04T12:51:56","modified_gmt":"2022-05-04T10:51:56","slug":"giornale-radiopiu-04-maggio-2022-direttore-mirko-mezzacasa","status":"publish","type":"post","link":"https:\/\/www.radiopiu.net\/wordpress\/giornale-radiopiu-04-maggio-2022-direttore-mirko-mezzacasa\/","title":{"rendered":"GIORNALE RADIOPIU 04 MAGGIO 2022 DIRETTORE MIRKO MEZZACASA"},"content":{"rendered":"<h3 class=\"kvgmc6g5 cxmmr5t8 oygrvhab hcukyx3x c1et5uql\"><span style=\"color: #0000ff;\"><strong>RADIO PIU INFORMAZIONE il canale su TELEGRAM informazione di prima\u00a0 <\/strong><\/span><span style=\"color: #0000ff;\"><strong>mano e in tempo reale. iscriviti ed aiutaci a farlo conoscere\u00a0<\/strong><\/span><\/h3>\n<p>&nbsp;<\/p>\n<hr \/>\n<p>&nbsp;<\/p>\n<h1 style=\"text-align: center;\"><span style=\"color: #ff0000;\">LO SPLENDIDO SCATTO DI MARIO DE MARCO DA VOLTAGO<\/span><\/h1>\n<p dir=\"auto\">Appostamento a 2000 mt in perfetto silenzio. Discussione tra questi splendidi esemplari di gallo forcello<\/p>\n<p dir=\"auto\"><a class=\"dt-pswp-item\" href=\"https:\/\/www.radiopiu.net\/wordpress\/wp-content\/uploads\/2022\/05\/279502477_1621902971519575_8243115709264849226_n.jpg\" data-dt-img-description=\"\" data-large_image_width=\"2048\" data-large_image_height=\"1389\"><img loading=\"lazy\" decoding=\"async\" class=\"aligncenter wp-image-273713 size-large\" src=\"https:\/\/www.radiopiu.net\/wordpress\/wp-content\/uploads\/2022\/05\/279502477_1621902971519575_8243115709264849226_n-1024x695.jpg\" alt=\"\" width=\"1024\" height=\"695\" srcset=\"https:\/\/www.radiopiu.net\/wordpress\/wp-content\/uploads\/2022\/05\/279502477_1621902971519575_8243115709264849226_n-1024x695.jpg 1024w, https:\/\/www.radiopiu.net\/wordpress\/wp-content\/uploads\/2022\/05\/279502477_1621902971519575_8243115709264849226_n-300x203.jpg 300w, https:\/\/www.radiopiu.net\/wordpress\/wp-content\/uploads\/2022\/05\/279502477_1621902971519575_8243115709264849226_n-768x521.jpg 768w, https:\/\/www.radiopiu.net\/wordpress\/wp-content\/uploads\/2022\/05\/279502477_1621902971519575_8243115709264849226_n-1536x1042.jpg 1536w, https:\/\/www.radiopiu.net\/wordpress\/wp-content\/uploads\/2022\/05\/279502477_1621902971519575_8243115709264849226_n.jpg 2048w\" sizes=\"auto, (max-width: 1024px) 100vw, 1024px\" \/><\/a><\/p>\n<hr \/>\n<blockquote>\n<h3>DOMANI: DISAGI IDRICI IN COMUNE DI BELLUNO<\/h3>\n<\/blockquote>\n<p><strong>BELLUNO<\/strong> Bim Gestione Servizi Pubblici informa che, per lavori alla rete idrica comunale, domani dalle 8 alle 17 verr\u00e0 sospesa l\u2019erogazione dell\u2019acqua in comune di Belluno in via Giamosa e nelle localit\u00e0 Bolzano, Gioz e Vezzano.<\/p>\n<p>&nbsp;<\/p>\n<p>&nbsp;<\/p>\n<hr \/>\n<p>&nbsp;<\/p>\n<blockquote>\n<h3>POTABILITA&#8217; DELL&#8217;ACQUA, I TEMPI PER IL RITORNO ALLA NORMALITA&#8217;<\/h3>\n<\/blockquote>\n<p><strong><a class=\"dt-pswp-item\" href=\"https:\/\/www.radiopiu.net\/wordpress\/wp-content\/uploads\/2022\/05\/download.jpg\" data-dt-img-description=\"\" data-large_image_width=\"259\" data-large_image_height=\"194\"><img loading=\"lazy\" decoding=\"async\" class=\" wp-image-273616 alignleft\" src=\"https:\/\/www.radiopiu.net\/wordpress\/wp-content\/uploads\/2022\/05\/download-150x150.jpg\" alt=\"\" width=\"127\" height=\"127\" \/><\/a>REDAZIONE<\/strong>\u00a0 Nei giorni scorsi abbiamo assistito ad un&#8217;emergenza non di poco conto, l&#8217;acqua inquinata tanto a Ponte nelle Alpi che ad Arsi\u00e8, in entrambi i casi con allarme salmonella. In pochi giorni l&#8217;acqua \u00e8 ritornata potabile, le autobotti\u00a0 per l&#8217;approvvigionamento idrico alla popolazione sono rientrate in sede e dai rubinetti \u00e8 uscita di nuovo acqua per uso alimentare. GSP non ha quindi perso tempo ha agito con tempestivit\u00e0 e questo ha fatto sorgere alcune domande agli agordini che spesso si ritrovano con l&#8217;acqua imbevibile poich\u00e9 inquinata,\u00a0 ma trascorrono settimane prima del ritorno alla normalit\u00e0, settimane non qualche giorno. E&#8217; ovvio che da San Tomaso ad Agordo, da Gosaldo a Cencenighe l&#8217;utente si sia fatto delle domande. Perch\u00e9 in Valbelluna in pochi giorni l&#8217;acqua \u00e8 tornata potabile e quando succede nell&#8217;Agordino i tempi si fanno al contrario fin troppo\u00a0 lunghi? Abbiamo girato l&#8217;interrogativo a GSP e oggi forniamo la\u00a0 risposta pervenuta.<\/p>\n<blockquote><p><strong>LA RISPOSTA<\/strong><\/p>\n<p><strong> <img loading=\"lazy\" decoding=\"async\" class=\"alignleft\" src=\"https:\/\/www.radiopiu.net\/wordpress\/wp-content\/uploads\/2022\/05\/download-1.jpg\" width=\"239\" height=\"166\" \/>BELLUNO\u00a0<\/strong><em> Ad aver determinato l\u2019urgenza, nei due casi di non potabilit\u00e0 dell\u2019acqua verificatisi a Ponte nelle Alpi e ad Arsi\u00e8, \u00e8 stata la potenziale gravit\u00e0 della contaminazione rilevata in loco. In entrambi i Comuni, infatti, l\u2019esito analitico ha evidenziato la presenza di salmonella, microrganismo patogeno per la salute umana (pu\u00f2 provocare la salmonellosi). A questo si \u00e8 aggiunto il fatto che le utenze nei due Comuni, in ottemperanza alle indicazioni dell\u2019ULSS, non potevano in alcun modo utilizzare l\u2019acqua di acquedotto per uso alimentare. Abbiamo, per questo, attivato le procedure di emergenza e messo a disposizione dell\u2019utenza, per l\u2019approvvigionamento idrico alternativo, le nostre autobotti ed una dei Vigili del fuoco. Di norma, le non potabilit\u00e0 di tipo microbiologico che si manifestano nella rete dell\u2019acquedotto della provincia di Belluno derivano dalla presenza di colibatteri, microrganismi indicatori di contaminazione, riscontrabili per lo pi\u00f9 a seguito di precipitazioni. <strong><a class=\"dt-pswp-item\" href=\"https:\/\/www.radiopiu.net\/wordpress\/wp-content\/uploads\/2022\/05\/download-2.jpg\" data-dt-img-description=\"\" data-large_image_width=\"225\" data-large_image_height=\"225\"><img loading=\"lazy\" decoding=\"async\" class=\"size-thumbnail wp-image-273618 alignright\" src=\"https:\/\/www.radiopiu.net\/wordpress\/wp-content\/uploads\/2022\/05\/download-2-150x150.jpg\" alt=\"\" width=\"150\" height=\"150\" srcset=\"https:\/\/www.radiopiu.net\/wordpress\/wp-content\/uploads\/2022\/05\/download-2-150x150.jpg 150w, https:\/\/www.radiopiu.net\/wordpress\/wp-content\/uploads\/2022\/05\/download-2.jpg 225w\" sizes=\"auto, (max-width: 150px) 100vw, 150px\" \/><\/a><\/strong>L\u2019Ulss, in questi casi, in base al valore accertato, permette la misura della bollitura dell\u2019acqua, cos\u00ec da consentire comunque l\u2019uso alimentare e limitare l\u2019impatto sulla popolazione. I tempi delle analisi di tipo microbiologico sono variabili: richiedono, di norma, un minimo di 48 ore, ma in alcuni casi si va anche oltre, a seconda della situazione rilevata. Controlli assolutamente necessari (oltre 3mila in un anno tra Ulss e Gsp), che permettono di garantire acqua sempre controllata e di qualit\u00e0. La tempesta Vaia, va evidenziato, che ha avuto il suo epicentro proprio in Agordino, ha reso pi\u00f9 vulnerabili alcune sorgenti e aumentato, in certi casi, la frequenza dei casi di non potabilit\u00e0. Gsp \u00a0gi\u00e0 da anni sta facendo fronte al problema installando, ove possibile, nuovi impianti di disinfezione automatizzati. In parallelo, nei casi pi\u00f9 complessi, realizziamo interventi mirati di adeguamento strutturale delle sorgenti e\/o di sostituzione delle condotte (vedi i due nuovi acquedotti posati a Cencenighe, a servizio del capoluogo e delle frazioni circostanti, il nuovo serbatoio e acquedotto realizzato a Sottoguda di Rocca Pietore, la ristrutturazione di numerose sorgenti agordine, ecc\u2026 ). Massima attenzione, quindi, da parte di Gsp al territorio e all\u2019utenza servita.<\/em><\/p><\/blockquote>\n<p>&nbsp;<\/p>\n<hr \/>\n<p>&nbsp;<\/p>\n<blockquote>\n<h3>FONDAZIONE CORTINA, LA FIRMA SULL&#8217;ATTO COSTITUTIVO &#8211; DIRETTA &#8211;<\/h3>\n<\/blockquote>\n<div class=\"articlePlainText\">\n<blockquote>\n<div><em>Scopo della Fondazione \u00e8 anche quello di salvaguardare i valori sportivi e culturali di Cortina d\u2019Ampezzo e di tutto il territorio veneto, nel rispetto della sua storia e del suo consolidato valore ambientale.<\/em><\/div>\n<\/blockquote>\n<div class=\"articlePlainText\"><strong>CORTINA<\/strong> Firmato Ieri a Venezia l\u2019atto ufficiale che sancisce la nascita di Fondazione Cortina. Obiettivo dell\u2019ente, nei prossimi anni, sar\u00e0 quello di promuovere e organizzare eventi, manifestazioni e iniziative legate allo svolgimento di eventi sportivi o culturali \u2013 nazionali e internazionali \u2013 all\u2019interno di un quadro complessivo di sviluppo e valorizzazione del territorio, anche in riferimento alle gare di Coppa del Mondo di Sci Alpino e dei Giochi Olimpici e Paralimpici Invernali Milano-Cortina 2026.<\/div>\n<div><em>\u201cCon questa firma \u2013 dichiara Marco Zardini, presidente del Consorzio Esercenti Impianti a Fune di Cortina d\u2019Ampezzo, San Vito, Auronzo e Misurina (Cortina Skiworld) \u2013 ci impegniamo a valorizzare Cortina e tutta la montagna bellunese&#8221;<\/em><\/div>\n<div><\/div>\n<div><a class=\"dt-pswp-item\" href=\"https:\/\/www.radiopiu.net\/wordpress\/wp-content\/uploads\/2022\/05\/AAAAAA-3.jpg\" data-dt-img-description=\"\" data-large_image_width=\"577\" data-large_image_height=\"329\"><img loading=\"lazy\" decoding=\"async\" class=\"wp-image-273668 size-medium aligncenter\" src=\"https:\/\/www.radiopiu.net\/wordpress\/wp-content\/uploads\/2022\/05\/AAAAAA-3-300x171.jpg\" alt=\"\" width=\"300\" height=\"171\" srcset=\"https:\/\/www.radiopiu.net\/wordpress\/wp-content\/uploads\/2022\/05\/AAAAAA-3-300x171.jpg 300w, https:\/\/www.radiopiu.net\/wordpress\/wp-content\/uploads\/2022\/05\/AAAAAA-3.jpg 577w\" sizes=\"auto, (max-width: 300px) 100vw, 300px\" \/><\/a><\/div>\n<div><\/div>\n<blockquote>\n<h3>LEGGI LA CONFERENZA STAMPA<\/h3>\n<\/blockquote>\n<div><strong><a class=\"dt-pswp-item\" href=\"https:\/\/www.radiopiu.net\/wordpress\/wp-content\/uploads\/2022\/05\/1953f0d1-e035-6b0a-7224-cb549d44d07c.jpeg\" data-dt-img-description=\"\" data-large_image_width=\"1024\" data-large_image_height=\"768\"><img loading=\"lazy\" decoding=\"async\" class=\"wp-image-273675 size-medium alignleft\" src=\"https:\/\/www.radiopiu.net\/wordpress\/wp-content\/uploads\/2022\/05\/1953f0d1-e035-6b0a-7224-cb549d44d07c-300x225.jpeg\" alt=\"\" width=\"300\" height=\"225\" srcset=\"https:\/\/www.radiopiu.net\/wordpress\/wp-content\/uploads\/2022\/05\/1953f0d1-e035-6b0a-7224-cb549d44d07c-300x225.jpeg 300w, https:\/\/www.radiopiu.net\/wordpress\/wp-content\/uploads\/2022\/05\/1953f0d1-e035-6b0a-7224-cb549d44d07c-768x576.jpeg 768w, https:\/\/www.radiopiu.net\/wordpress\/wp-content\/uploads\/2022\/05\/1953f0d1-e035-6b0a-7224-cb549d44d07c.jpeg 1024w\" sizes=\"auto, (max-width: 300px) 100vw, 300px\" \/><\/a>VENEZIA <\/strong>La Fondazione Cortina \u00e8 realt\u00e0. L&#8217;effetto Olimpiadi gi\u00e0 si respira, si vive, Cortina \u00e8 sulla bocca di tutti nel mondo.\u00a0 Non guardiamo il dito ma la luna,\u00a0 Non \u00e8 solo il caso di un dibattito del bob si o il bob no (che \u00e8 deprimente), \u00e8 un sito degradato da ristrutturare, ora \u00e8 un cadavere eccellente ma fa pi\u00f9 chic parlare a sfavore, contro qualche cosa. Fossimo andati in Austria a Innsbruck servivano\u00a0 30miloni di euro, pi\u00f9 15 di bonifica per quello di Cortina. Quindi fa 45milioni, noi\u00a0 con 60 lo portiamo a casa nuovo ed \u00e8 l&#8217;unica pista para-olimpica, garantiamo a tutti gli sportivi di poterlo utilizzare. Ci possiamo candidare a tutti gli eventi internazionali. Lo gestiremo con le province di Trento e Bolzano con la Regione Vento. Bonifichiamo un sito, e risolviamo i punti neri ed \u00e8 tutto finanziato dal Governo centrale non esborsi della Regione. Abbiamo grandi propositi. Senza Olimpiadi non si fa la bretella aeroportuale o la circonvallazione di Cortina.\u00a0 Siamo pronti per le gare, le imprese non fanno ancora offerte perch\u00e9 temono gli aumenti delle materie prime. Fondazione Cortina: i soci fondatori sono Regione, Provincia e Comune di Cortina con i soci onorari, Sci Club Cortina con Igor Ghedina, Albergatori con Elio Zardini, esercenti Impianti a fune con Marco Zardini. Ci sono poi i collegamenti intervallivi con il Civetta e\u00a0 l&#8217;Agordino, rispettando le leggi sena far agitare qualcuno. Presentazione il consiglio di amministrazione.<\/div>\n<div><strong>GIANPIERO GHEDINA\u00a0<\/strong> Giornata importante nasce il comitato locale, il braccio operativo per le Olimpiadi. Risultato importante che nasce dalla forte coesione tra enti, ognuno per la sua parte. Occasione per quanto riguarda lo sport, il pi\u00f9 grande evento sportivo dei prossimi anni. E&#8217; l&#8217;occasione per rinnovare le strutture, non si era mai visto tanto denaro a Cortina e in Provincia. 600milioni di euro gi\u00e0 finanziati. Una grande occasione con al centro ambiente e sostenibilit\u00e0 ma soprattutto la possibilit\u00e0 di rinnovarci.<\/div>\n<div><strong>ROBERTO PADRIN <\/strong>Questo \u00e8 un grande risultato del gioco di squadra. Ci giochiamo il futuro di un grande evento. L&#8217;auspicio che la fondazione possa rimanere anche dopo le Olimpiadi. Le Olimpiadi hanno permesso di portare a Belluno oltre un miliardo di investimenti, realizziamo opere che senza queste eventi non si sarebbero fatte. Per ora sono ancora sulla carta, ora bisogna realizzarle, che riusciamo ad appaltarle e che siano pronte per le Olimpiadi, questo \u00e8 l&#8217;obiettivo.\u00a0 Sul territorio inizia una nuova fase.<\/div>\n<div><strong>STEFANO UMBERTO LONGO <\/strong>Grazie da tutti i componenti del consiglio, persone disponibili che mettono a disposizione le loro competenze per le Olimpiadi e Paraolimpiadi.\u00a0 Cortina avr\u00e0 un vantaggio competitivo. L&#8217;Olimpiade \u00e8 un evento mondiale di pace \u00e8 un dogma che sia assieme a Milano con l&#8217;obbligo di tutt&#8217;altra angolatura. Lavoreremo per ottenere i risultati, ma abbiamo bisogno del supporto delle societ\u00e0 e delle strutture. Il fattore tempo dovr\u00e0 essere fattore ossessivo, dobbiamo rispettare i tempi.<\/div>\n<\/div>\n<div><\/div>\n<div><strong>DIRETTA\u00a0<\/strong><\/div>\n<div>\n<p><a href=\"https:\/\/www.facebook.com\/zaiaufficiale\/videos\/1136146223846729\">https:\/\/www.facebook.com\/zaiaufficiale\/videos\/1136146223846729<\/a><\/p>\n<p>&nbsp;<\/p>\n<\/div>\n<p>&nbsp;<\/p>\n<hr \/>\n<p>&nbsp;<\/p>\n<blockquote class=\"wp-embedded-content\" data-secret=\"chlVeBLIuL\"><p><a href=\"https:\/\/www.radiopiu.net\/wordpress\/aggnazionalemaggio03\/\">CORONAVIRUS: AGGIORNAMENTO NAZIONALE 03 MAGGIO 2022<\/a><\/p><\/blockquote>\n<p><iframe loading=\"lazy\" class=\"wp-embedded-content\" sandbox=\"allow-scripts\" security=\"restricted\" style=\"position: absolute; clip: rect(1px, 1px, 1px, 1px);\" title=\"&#8220;CORONAVIRUS: AGGIORNAMENTO NAZIONALE 03 MAGGIO 2022&#8221; &#8212; Radio Pi\u00f9\" src=\"https:\/\/www.radiopiu.net\/wordpress\/aggnazionalemaggio03\/embed\/#?secret=SoMBuTXMu1#?secret=chlVeBLIuL\" data-secret=\"chlVeBLIuL\" width=\"600\" height=\"338\" frameborder=\"0\" marginwidth=\"0\" marginheight=\"0\" scrolling=\"no\"><\/iframe><\/p>\n<p>&nbsp;<\/p>\n<blockquote class=\"wp-embedded-content\" data-secret=\"vqVvRY5BkS\"><p><a href=\"https:\/\/www.radiopiu.net\/wordpress\/aggazzeromaggio03\/\">IN CALO I RICOVERI, MA SI CONTINUA A MORIRE 12 DECESSI IN 24 ORE<\/a><\/p><\/blockquote>\n<p><iframe loading=\"lazy\" class=\"wp-embedded-content\" sandbox=\"allow-scripts\" security=\"restricted\" style=\"position: absolute; clip: rect(1px, 1px, 1px, 1px);\" title=\"&#8220;IN CALO I RICOVERI, MA SI CONTINUA A MORIRE 12 DECESSI IN 24 ORE&#8221; &#8212; Radio Pi\u00f9\" src=\"https:\/\/www.radiopiu.net\/wordpress\/aggazzeromaggio03\/embed\/#?secret=NQcTwBys97#?secret=vqVvRY5BkS\" data-secret=\"vqVvRY5BkS\" width=\"600\" height=\"338\" frameborder=\"0\" marginwidth=\"0\" marginheight=\"0\" scrolling=\"no\"><\/iframe><\/p>\n<p>&nbsp;<\/p>\n<h2 dir=\"auto\">I GRAFICI DI TIZIANO DE COL<\/h2>\n<p>&nbsp;<\/p>\n<p>&nbsp;<\/p>\n<hr \/>\n<p>&nbsp;<\/p>\n<blockquote>\n<h3>GLI ACCESSI LIBERI ALLA VACCINAZIONE ANTI COVID<\/h3>\n<\/blockquote>\n<p><strong>LE SEDI, I GIORNI E GLI ORARI<\/strong><\/p>\n<a href=\"https:\/\/www.radiopiu.net\/wordpress\/wp-content\/uploads\/2022\/05\/219_accessi-liberi-vaccinazioni-covid.pdf\" class=\"pdfemb-viewer\" style=\"\" data-width=\"max\" data-height=\"max\" data-toolbar=\"top\" data-toolbar-fixed=\"on\">219_accessi liberi vaccinazioni covid<\/a>\n<p>&nbsp;<\/p>\n<hr \/>\n<p>&nbsp;<\/p>\n<blockquote>\n<h3>SETTIMANA DELL\u2019AFFIDO: I PROSSIMI APPUNTAMENTI<\/h3>\n<\/blockquote>\n<p><strong>BELLUNO <\/strong>Entra nel vivo la settimana dedicata all\u2019affido familiare con tutte le iniziative organizzate dal 2 al 7 maggio dai Centri per l&#8217;Affido e la Solidariet\u00e0 Familiare dell&#8217;ULSS 1 Dolomiti \u2013 equipe di Belluno e Feltre. Gli appuntamenti sono pensati per sensibilizzare sull\u2019affido familiare, condividendo le esperienze delle famiglie affidatarie. Oggi a Belluno Famiglie Affidatarie in cerchio alle 20.30 &#8211; Sala Caldart Villa Doglioni-Dal Mas, Via San Lucano 32 (sede di Confindustria Belluno Dolomiti): Incontro con la partecipazione delle Famiglie del Centro Affido Ulss1 Dolomiti. Sabato a Belluno Accogliere la \u201c<em>diversit\u00e0\u201d<\/em> oggi \u00e8 <em>diverso<\/em> ? Riflessione attuale sulla solidariet\u00e0 e l\u2019accoglienza alle 10.00 &#8211; Sala Barchessa Villa Doglioni-Dal Mas, Via San Lucano 32 (sede di Confindustria Belluno Dolomiti): Incontro con Marco Chistolini, psicologo psicoterapeuta e formatore; saranno presenti le Famiglie in Rete di Ponte nelle Alpi e Feltre. L\u2019ingresso a tutti gli incontri \u00e8 libero.<\/p>\n<p>&nbsp;<\/p>\n<p>&nbsp;<\/p>\n<hr \/>\n<p>&nbsp;<\/p>\n<blockquote>\n<h3>UN CORSO DI INFORMAZIONE E FORMAZIONE SULL\u2019AFFIDO FAMILIARE IN PARTENZA IL 16 MAGGI<strong>O<\/strong><\/h3>\n<\/blockquote>\n<p><strong>BELLUNO <\/strong>I Centri per l&#8217;Affido e la Solidariet\u00e0 Familiare (CASF) dell&#8217;ULSS 1 Dolomiti \u2013 equipe di Belluno e Feltre \u2013 organizzano un corso informativo e formativo in presenza sul tema dell&#8217;affido familiare a partire dal 16 maggio. Dopo alcune edizioni online, gli operatori dei CASF tornano, infatti, ad incontrare famiglie, coppie e persone single interessati all\u2019affido familiare con una serie di appuntamenti per favorire una modalit\u00e0 pi\u00f9 esperienziale di avvicinamento al tema. Il corso si terr\u00e0 nelle seguenti tre giornate presso la sala convegni dell\u2019ospedale Santa Maria del Prato di Feltre: luned\u00ec 16 maggio: dalle 18.00 alle 20.00, venerd\u00ec 20 maggio: dalle 18.00 alle 20.00 e dalle 20.30 alle 22.00, mercoled\u00ec 25 maggio: dalle 18.00 alle 20.00. La partecipazione agli incontri \u00e8 gratuita ed \u00e8 necessaria l\u2019iscrizione entro il 13 maggio 2022. Per maggiori informazioni e per iscrizioni, contattare telefonicamente o per email: CASF DI FELTRE: 0439 883170 \u2013 email: <a href=\"mailto:centroaffido.fe@aulss1.veneto.it\">centroaffido.fe@aulss1.veneto.it <\/a>CASF DI BELLUNO: 0437 514975 \u2013 email: <a href=\"mailto:centroaffido.bl@aulss1.veneto.it\">centroaffido.bl@aulss1.veneto.it<\/a><\/p>\n<p>&nbsp;<\/p>\n<p>&nbsp;<\/p>\n<hr \/>\n<p>&nbsp;<\/p>\n<blockquote>\n<h3>DOMANI LA GIORNATA INTERNAZIONALE DELLE OSTETRICHE<\/h3>\n<\/blockquote>\n<p><strong>BELLUNO<\/strong> Domani in occasione della Giornata Internazionale delle Ostetriche, le ostetriche dell\u2019Ulss Dolomiti incontrano i cittadini. Dalle 14.30 saranno allestiti in contemporanea due stand, uno in Piazza dei Martiri a Belluno e uno in Largo Castaldi a Feltre (fronte OVS): saranno due punti di incontro e di condivisione con i cittadini per conoscere meglio insieme la figura dell\u2019ostetrica.<\/p>\n<p>&nbsp;<\/p>\n<p>&nbsp;<\/p>\n<hr \/>\n<p>&nbsp;<\/p>\n<blockquote>\n<h3>CERCASI EDUCATORI PER ATTIVITA\u2019 CON ADOLESCENTI<\/h3>\n<\/blockquote>\n<p><strong>BELLUNO\u00a0 <\/strong>L\u2019Ulss Dolomiti cerca un educatore a cui assegnare un incarico libero professionale per lo sviluppo di attivit\u00e0 dedicate agli adolescenti. Il bando \u00e8 pubblicato nel sito www.aulss1.veneto.it . Il termine per la presentazione delle domande \u00e8 il 18 maggio 2022. L\u2019incarico avr\u00e0 durata fino al 31 dicembre 2022, con un compenso di 25 euro l\u2019ora. E\u2019 richiesta la Laurea in Educazione professionale abilitante alla professione sanitaria di Educatore professionale (o titoli equipollenti) e l\u2019iscrizione al relativo Albo Professionale. Sono considerati, requisiti preferenziali la comprovata esperienza professionale maturata presso Consultori Familiari in particolare nel lavoro con gli adolescenti.<\/p>\n<p>&nbsp;<\/p>\n<p>&nbsp;<\/p>\n<hr \/>\n<p>&nbsp;<\/p>\n<blockquote>\n<h3>SICCITA\u2019. DICHIARATO LO STATO DI CRISI IDRICA<\/h3>\n<\/blockquote>\n<p><strong><a class=\"dt-pswp-item\" href=\"https:\/\/www.radiopiu.net\/wordpress\/wp-content\/uploads\/2018\/06\/resized_Ponte-sul-torrente-Rudan.jpg\" data-dt-img-description=\"\" data-large_image_width=\"1843\" data-large_image_height=\"1382\"><img loading=\"lazy\" decoding=\"async\" class=\"size-thumbnail wp-image-51164 alignleft\" src=\"https:\/\/www.radiopiu.net\/wordpress\/wp-content\/uploads\/2018\/06\/resized_Ponte-sul-torrente-Rudan-150x150.jpg\" alt=\"\" width=\"150\" height=\"150\" \/><\/a>VENEZIA<\/strong> Il Presidente del Veneto ha firmato un&#8217;ordinanza con cui viene dichiarato lo stato di crisi idrica nel territorio regionale. L\u2019ordinanza individua le misure necessarie a fronteggiare la situazione di deficit idrico. Nello specifico, l\u2019ordinanza dispone che tutti gli utilizzatori di acqua, ed in particolare gli operatori del settore agricoltura, tutti i soggetti che irrigano giardini e parchi e i titolari di concessioni a derivare, si prodighino in ogni iniziativa necessaria per un uso parsimonioso e sostenibile della risorsa idrica. In particolare viene stabilito che i Consorzi di bonifica diano priorit\u00e0 al servizio irriguo nelle aree dotate di impianti a maggior efficienza irrigua, tenendo conto anche delle colture e della loro fase fenologica. Dove possibile deve essere incentivato l\u2019utilizzo di strumenti di consiglio irriguo e avviate attivit\u00e0 di sensibilizzazione nei confronti dei consorziati per un uso accorto della risorsa idrica al fine di soddisfare i bisogni reali delle colture. Ai soggetti gestori di manufatti, con capacit\u00e0 di regolazione e invaso, viene richiesto di trattenere la risorsa idrica allo scopo di renderla fruibile nel periodo estivo. L\u2019ordinanza stabilisce inoltre che, i gestori delle strutture acquedottistiche procedano con una razionale gestione della risorsa idropotabile, rinviando le operazioni di manutenzione delle reti e degli impianti che comportano consumi aggiuntivi di acqua, salvo situazioni necessarie per motivi di igiene pubblica.<\/p>\n<p>&nbsp;<\/p>\n<p>&nbsp;<\/p>\n<hr \/>\n<p>&nbsp;<\/p>\n<blockquote>\n<h3>57 STUDENTI BELLUNESI DIVENTANO \u201cIMPRENDITORI DEL FUTURO\u201d<\/h3>\n<\/blockquote>\n<p><strong><a class=\"dt-pswp-item\" href=\"https:\/\/www.radiopiu.net\/wordpress\/wp-content\/uploads\/2022\/05\/Schermata-2022-05-03-alle-17.05.41.png\" data-dt-img-description=\"\" data-large_image_width=\"1922\" data-large_image_height=\"1020\"><img loading=\"lazy\" decoding=\"async\" class=\"alignleft wp-image-273717 \" src=\"https:\/\/www.radiopiu.net\/wordpress\/wp-content\/uploads\/2022\/05\/Schermata-2022-05-03-alle-17.05.41-300x159.png\" alt=\"\" width=\"196\" height=\"104\" srcset=\"https:\/\/www.radiopiu.net\/wordpress\/wp-content\/uploads\/2022\/05\/Schermata-2022-05-03-alle-17.05.41-300x159.png 300w, https:\/\/www.radiopiu.net\/wordpress\/wp-content\/uploads\/2022\/05\/Schermata-2022-05-03-alle-17.05.41-1024x543.png 1024w, https:\/\/www.radiopiu.net\/wordpress\/wp-content\/uploads\/2022\/05\/Schermata-2022-05-03-alle-17.05.41-768x408.png 768w, https:\/\/www.radiopiu.net\/wordpress\/wp-content\/uploads\/2022\/05\/Schermata-2022-05-03-alle-17.05.41-1536x815.png 1536w, https:\/\/www.radiopiu.net\/wordpress\/wp-content\/uploads\/2022\/05\/Schermata-2022-05-03-alle-17.05.41.png 1922w\" sizes=\"auto, (max-width: 196px) 100vw, 196px\" \/><\/a>BELLUNO <\/strong>Orientamento scolastico e sviluppo di nuove competenze sono azioni sempre pi\u00f9 strategiche e urgenti per il mercato del lavoro nel Bellunese, per questo Confindustria Belluno Dolomiti continua a entrare negli Istituti provinciali con iniziative mirate. L\u2019ultima della serie ha riguardato ben 57 fra studentesse e studenti che si sono sfidati in un \u201cBusiness Game\u201d per lo sviluppo della cultura d\u2019impresa e dell\u2019imprenditorialit\u00e0 all\u2019interno di una iniziativa sostenuta e coordinata dal Gruppo Giovani dell\u2019Associazione degli industriali che, nel corso di un evento che si \u00e8 svolto il 3 maggio, ha voluto premiare i vincitori. I 57 studenti partecipanti al progetto provengono dalle classi quarte e quinta dell\u2019IIS \u201cSegato-Brustolon\u201d, dell\u2019IIS Feltre Sezione Negrelli e Sezione Colotti, dell\u2019ITE Calvi di Belluno e del Polo Val Boite Sezione ITE, oltre ad un gruppo di terza. Tutti hanno sviluppato il progetto in gruppi lavorando principalmente in orario extra-curriculare. L\u2019impegno massimo richiesto \u00e8 stato di 40 ore ed \u00e8 stato inserito nel percorso per le competenze trasversali e l\u2019orientamento (i cosiddetti PCTO) di ciascun ragazzo. Gli studenti sono stati affiancati dallo stesso Marco Da Rin Zanco, Mattia Stevanin e dal personale di Confindustria Belluno Dolomiti. La medaglia d\u2019oro \u00e8 andata al team \u201cI \u2013 JET\u201d della Quarta AIA Segato composto da Alessandro Candeago e Luca Brandalise, mentre ad aggiudicarsi il secondo posto \u00e8 stato il gruppo \u201cALESIO KOKA\u201d della Quinta A Calvi con Alesio Koka, Alessandro Zampieri, Liam De Bona, Nicola Collarin, Silvia De March. Terzi invece i colleghi del team \u201cZOZO\u201d della Quarta AIA Segato che ha visto al lavoro Michele Baldissarutti, Nicol\u00f2 Bianchet, Simone Peterle. Menzione speciale per la Sezione Colotti dell\u2019ISS di Feltre con Matteo Mantellato e Zakaria Bitbiren. Agli studenti premiati sono stati distribuiti buoni spesa tra i 50 e i 150 euro.<\/p>\n<p>&nbsp;<\/p>\n<p>&nbsp;<\/p>\n<hr \/>\n<p>&nbsp;<\/p>\n<h2><span style=\"color: #ff0000;\"><a class=\"dt-pswp-item\" href=\"https:\/\/www.radiopiu.net\/wordpress\/wp-content\/uploads\/2022\/05\/ce1ee908-6aaa-4f15-bec6-2ec95220ec56.jpg\" data-dt-img-description=\"\" data-large_image_width=\"1024\" data-large_image_height=\"576\"><img loading=\"lazy\" decoding=\"async\" class=\" wp-image-273732 alignleft\" src=\"https:\/\/www.radiopiu.net\/wordpress\/wp-content\/uploads\/2022\/05\/ce1ee908-6aaa-4f15-bec6-2ec95220ec56-150x150.jpg\" alt=\"\" width=\"103\" height=\"103\" \/><\/a>OGGI SUL CORRIERE DELLE ALPI<\/span><\/h2>\n<h3>LE SENTINELLE DELLA MONTAGNA, DIEGO FAVERO DAL RIFUGIO CARESTIATO<\/h3>\n<p><strong>DI GIANNI SANTOMASO<\/strong><\/p>\n<p>&nbsp;<\/p>\n<p>&nbsp;<\/p>\n<hr \/>\n<p>&nbsp;<\/p>\n<blockquote>\n<h3>BIOUAC FOR NATURE SULLA MARMOLADA<\/h3>\n<\/blockquote>\n<p><strong><a class=\"dt-pswp-item\" href=\"https:\/\/www.radiopiu.net\/wordpress\/wp-content\/uploads\/2022\/05\/bivouac-1-scaled.jpg\" data-dt-img-description=\"\" data-large_image_width=\"2560\" data-large_image_height=\"1708\"><img loading=\"lazy\" decoding=\"async\" class=\"size-thumbnail wp-image-273529 alignleft\" src=\"https:\/\/www.radiopiu.net\/wordpress\/wp-content\/uploads\/2022\/05\/bivouac-1-150x150.jpg\" alt=\"\" width=\"150\" height=\"150\" \/><\/a>MARMOLADA<\/strong><\/p>\n<p>di Gianni Santomaso<\/p>\n<audio class=\"wp-audio-shortcode\" id=\"audio-273563-1\" preload=\"none\" style=\"width: 100%;\" controls=\"controls\"><source type=\"audio\/mpeg\" src=\"https:\/\/www.radiopiu.net\/wordpress\/wp-content\/uploads\/2022\/05\/GIANNI-BIVUOC-FOR-NATURE.mp3?_=1\" \/><a href=\"https:\/\/www.radiopiu.net\/wordpress\/wp-content\/uploads\/2022\/05\/GIANNI-BIVUOC-FOR-NATURE.mp3\">https:\/\/www.radiopiu.net\/wordpress\/wp-content\/uploads\/2022\/05\/GIANNI-BIVUOC-FOR-NATURE.mp3<\/a><\/audio>\n<p>&nbsp;<\/p>\n<hr \/>\n<p>&nbsp;<\/p>\n<blockquote>\n<h3><a class=\"dt-pswp-item\" href=\"https:\/\/www.radiopiu.net\/wordpress\/wp-content\/uploads\/2020\/06\/CANALE-DAGORDO-6.jpg\" data-dt-img-description=\"\" data-large_image_width=\"960\" data-large_image_height=\"720\"><img loading=\"lazy\" decoding=\"async\" class=\" wp-image-142143 alignleft\" src=\"https:\/\/www.radiopiu.net\/wordpress\/wp-content\/uploads\/2020\/06\/CANALE-DAGORDO-6-150x150.jpg\" alt=\"\" width=\"102\" height=\"102\" \/><\/a>OGGI CONSIGLIO COMUNALE A CANALE D&#8217;AGORDO IN DIRETTA SUI CANALI SOCIAL DI RADIO PIU<\/h3>\n<\/blockquote>\n<p><strong>CANALE D&#8217;AGORDO<\/strong> \u00c8 in programma per oggi alle 20:30 in sala Lina Zand\u00f2 il consiglio comunale di Canale D&#8217;Agordo. Il sindaco Flavio Colcergnan ha chiamato a rapporto i consiglieri per discutere otto punti all&#8217;ordine del giorno. Tra questi si parler\u00e0 del bilancio di previsione e del bilancio di esercizio di ASCA, del nuovo regolamento edilizio, dei piani degli interventi e della mutazione di destinazione di terreni di uso civico per la realizzazione di un percorso ciclo escursionistico per il freeride.<\/p>\n<p>&nbsp;<\/p>\n<p>&nbsp;<\/p>\n<hr \/>\n<p>&nbsp;<\/p>\n<blockquote>\n<h3>ORDINANZE PER LA VIABILITA&#8217; NEL COMUNE DI BELLUNO<\/h3>\n<\/blockquote>\n<p><strong style=\"font-size: 14px;\"><img loading=\"lazy\" decoding=\"async\" class=\"alignleft\" src=\"https:\/\/www.radiopiu.net\/wordpress\/wp-content\/uploads\/2021\/10\/PIAZZA-MARTIRI-BELLUNO.jpg\" width=\"122\" height=\"81\" \/><\/strong><strong>VIE DE STEFANI, COL DI LANA E PAOLETTI\u00a0<\/strong> Fino al 30 maggio, per infrastruttura fibra senso unico alternato; restringimento della carreggiata in via De Stefani con divieto di sosta con rimozione forzata. VIE BAROZZI E PELLEGRINI Dal 30 aprile al 20 maggio senso unico alternato dalle 8 alle 18.<\/p>\n<p><strong>PIAZZA DEI MARTIRI<\/strong> Fino<span dir=\"ltr\" role=\"presentation\">\u00a0al 12 novembre 2022 <\/span><span dir=\"ltr\" role=\"presentation\">ampliamento dell\u2019area riservata ai ciclomotori e ai motocicli in Piazza dei Martiri, <\/span><span dir=\"ltr\" role=\"presentation\">\u00a0occupando circa una quindicina di metri di area pedonale verso il <\/span><span dir=\"ltr\" role=\"presentation\">centro della piazza. Tale ampliamento verr\u00e0 delimitato mediante la collocazione di <\/span><span dir=\"ltr\" role=\"presentation\">fioriere o di altri dissuasori della sosta<\/span><\/p>\n<p><strong>VIA SANTA MARIA DEI BATTUTI<\/strong> Fino al 15 giugno divieto di sosta per lavori di manutenzione dell&#8217;immobile<\/p>\n<p><strong>VIA SALA<\/strong> Fino al 13 maggio\u00a0 senso unico alternato dalle 7.30 alle 17<\/p>\n<p><strong>VIA SAN PIETRO<\/strong> Fino al 31 maggio divieto di sosta<\/p>\n<p><strong>VIA MEZZATERRA<\/strong> oggi divieto di sosta su uno stallo a pagamento al civico 65<\/p>\n<p>&nbsp;<\/p>\n<p>&nbsp;<\/p>\n<hr \/>\n<p>&nbsp;<\/p>\n<blockquote>\n<h3>INTRECCI DI VICENDE FAMILIARI DEL PASSATO NELLE PICCOLE E GRANDI STORIE DI EMIGRANTI<\/h3>\n<\/blockquote>\n<p><strong>di\u00a0 RENATO BONA<\/strong><\/p>\n<p>Nel libro \u201cPiccole grandi storie di emigranti\u201d opera degli amici Ivano Pocchiesa, Mario Fornaro ed Aduo Vio, che l\u2019hanno dato alle stampe con Media Diffusion e Agenzia Polaris nel dicembre 1991 vi sono due capitoli che si intrecciano perch\u00e9 fra i protagonisti vi sono anche persone fra loro parenti. Sono quelli intitolati: \u201cI Cappellon\u201d e \u201cLe Balie (1915). Il primo si apre con la considerazione che \u201cPer certe famiglie l\u2019emigrazione \u00e8 stata il leit-motiv della propria esistenza. Per altre \u00e8 sopravvenuto il riscatto, inteso come rientro e sistemazione definitiva nella terra natia\u201d. E prosegue con la vicenda ritenuta emblematica come esempio, di una famiglia , i Viel \u201cCappellon\u201d, della frazione Col di Cugnan di Ponte nelle Alpi, con il bisnonno Angelo a dare il via alla storia a fine \u2018800, quando emigr\u00f2 in Nord America da dove rientr\u00f2 dopo alcuni anni col soprannome \u201cCappellon\u201d affibbiatogli grazie al cappello a larga falda che usava una volta tornato dall\u2019America, come ha precisato agli autori del libro Giuliano Viel che per lustri ha portato avanti il famoso ristorante \u201cAl Borgo\u201d, all\u2019Anconetta di Belluno, ormai da anni passato ai figli: Luca, Daniele e Lorena. Giuliano ha mostrato orgoglioso agli scrittori la foto di nozze del padre Giovanni con la madre Giuditta: sposalizio del 1918, che ha consentito una breve parentesi festosa nella dura vita di un tagliapietra scalpellino in Westfalia, Germania; ha quindi ricordato che a quei tempi gli abiti indossati per le foto ricordo erano in prestito. Altra curiosit\u00e0: una lettera indirizzata da bisnonno Angelo al figlio Giovanni nel 1914 e quindi la foto della mamma, mancata quando lui aveva pochi mesi di vita, che si trasfer\u00ec a Venezia come balia nel 1921 dalla famiglia Zampieri e quattro anni dopo a Milano dalla famiglia Olmo. Dicevamo del collegamento di questo capitolo del libro con quello intitolato \u201cLe balie (1915)\u201d (argomento sul quale torneremo con altro servizio \u2013 ndr.). Lo evidenzia la riproduzione di una immagine a tutta pagina (la 188 nel libro) in cui una lunga didascalia spiega: \u201cA destra della foto la balia Stella Sitran in Battiston, nata a Ponte nelle Alpi il 10 aprile 1927. Al centro la principessa Ira F\u00fcrstemberg all\u2019et\u00e0 di sette anni e a sinistra la governante, Giuseppina Iachelini. Nella culla il neonato Egon F\u00fcrstemberg (battezzato nella basilica di San Marco (Venezia). La foto \u00e8 stata scattata nell\u2019autunno del 1946, forse a Roma (a Villa Siena, parco di ritrovo delle balie) o a Marocco (Venezia) nella villa di famiglia sul Terraglio. Il nome completo di Stella, madre di Flora che \u00e8 la moglie di Giuliano Viel, \u00e8 Sitran Mion Stella Bei. I genitori di Ira ed Egon erano Clara Agnelli (sorella dell\u2019 \u201cavvocato\u201d) e il principe Tassillo F\u00fcrstemberg.<\/p>\n\n\t\t\t<style type='text\/css'>\n\t\t\t\t#gallery-1 {\n\t\t\t\t\tmargin: auto;\n\t\t\t\t}\n\t\t\t\t#gallery-1 .gallery-item {\n\t\t\t\t\tfloat: left;\n\t\t\t\t\tmargin-top: 10px;\n\t\t\t\t\ttext-align: center;\n\t\t\t\t\twidth: 25%;\n\t\t\t\t}\n\t\t\t\t#gallery-1 img {\n\t\t\t\t\tborder: 2px solid #cfcfcf;\n\t\t\t\t}\n\t\t\t\t#gallery-1 .gallery-caption {\n\t\t\t\t\tmargin-left: 0;\n\t\t\t\t}\n\t\t\t\t\/* see gallery_shortcode() in wp-includes\/media.php *\/\n\t\t\t<\/style>\n\t\t<div id='gallery-1' class='dt-gallery-container gallery galleryid-273563 gallery-columns-4 gallery-size-thumbnail'><dl class='gallery-item'>\n\t\t\t\t<dt class='gallery-icon portrait'>\n\t\t\t\t\t<a class=\"rollover rollover-zoom dt-pswp-item\" title=\"279472065_529549115241477_2262623858159394931_n\" data-dt-img-description=\"\" data-large_image_width=\"158\" data-large_image_height=\"225\"href='https:\/\/www.radiopiu.net\/wordpress\/wp-content\/uploads\/2022\/05\/279472065_529549115241477_2262623858159394931_n.jpg'><img loading=\"lazy\" decoding=\"async\" width=\"150\" height=\"150\" src=\"https:\/\/www.radiopiu.net\/wordpress\/wp-content\/uploads\/2022\/05\/279472065_529549115241477_2262623858159394931_n-150x150.jpg\" class=\"attachment-thumbnail size-thumbnail\" alt=\"\" \/><\/a>\n\t\t\t\t<\/dt><\/dl><dl class='gallery-item'>\n\t\t\t\t<dt class='gallery-icon portrait'>\n\t\t\t\t\t<a class=\"rollover rollover-zoom dt-pswp-item\" title=\"279341313_415268900419935_8855226108073118644_n\" data-dt-img-description=\"\" data-large_image_width=\"152\" data-large_image_height=\"296\"href='https:\/\/www.radiopiu.net\/wordpress\/wp-content\/uploads\/2022\/05\/279341313_415268900419935_8855226108073118644_n.jpg'><img loading=\"lazy\" decoding=\"async\" width=\"150\" height=\"150\" src=\"https:\/\/www.radiopiu.net\/wordpress\/wp-content\/uploads\/2022\/05\/279341313_415268900419935_8855226108073118644_n-150x150.jpg\" class=\"attachment-thumbnail size-thumbnail\" alt=\"\" \/><\/a>\n\t\t\t\t<\/dt><\/dl><dl class='gallery-item'>\n\t\t\t\t<dt class='gallery-icon portrait'>\n\t\t\t\t\t<a class=\"rollover rollover-zoom dt-pswp-item\" title=\"279432035_591775865162000_1103501826492982442_n\" data-dt-img-description=\"\" data-large_image_width=\"152\" data-large_image_height=\"240\"href='https:\/\/www.radiopiu.net\/wordpress\/wp-content\/uploads\/2022\/05\/279432035_591775865162000_1103501826492982442_n.jpg'><img loading=\"lazy\" decoding=\"async\" width=\"150\" height=\"150\" src=\"https:\/\/www.radiopiu.net\/wordpress\/wp-content\/uploads\/2022\/05\/279432035_591775865162000_1103501826492982442_n-150x150.jpg\" class=\"attachment-thumbnail size-thumbnail\" alt=\"\" \/><\/a>\n\t\t\t\t<\/dt><\/dl><dl class='gallery-item'>\n\t\t\t\t<dt class='gallery-icon landscape'>\n\t\t\t\t\t<a class=\"rollover rollover-zoom dt-pswp-item\" title=\"279680887_370495845032519_3430887441359065799_n\" data-dt-img-description=\"\" data-large_image_width=\"371\" data-large_image_height=\"206\"href='https:\/\/www.radiopiu.net\/wordpress\/wp-content\/uploads\/2022\/05\/279680887_370495845032519_3430887441359065799_n.jpg'><img loading=\"lazy\" decoding=\"async\" width=\"150\" height=\"150\" src=\"https:\/\/www.radiopiu.net\/wordpress\/wp-content\/uploads\/2022\/05\/279680887_370495845032519_3430887441359065799_n-150x150.jpg\" class=\"attachment-thumbnail size-thumbnail\" alt=\"\" \/><\/a>\n\t\t\t\t<\/dt><\/dl><br style=\"clear: both\" \/><dl class='gallery-item'>\n\t\t\t\t<dt class='gallery-icon landscape'>\n\t\t\t\t\t<a class=\"rollover rollover-zoom dt-pswp-item\" title=\"279340846_1001623813819591_853759918877590996_n\" data-dt-img-description=\"\" data-large_image_width=\"275\" data-large_image_height=\"206\"href='https:\/\/www.radiopiu.net\/wordpress\/wp-content\/uploads\/2022\/05\/279340846_1001623813819591_853759918877590996_n.jpg'><img loading=\"lazy\" decoding=\"async\" width=\"150\" height=\"150\" src=\"https:\/\/www.radiopiu.net\/wordpress\/wp-content\/uploads\/2022\/05\/279340846_1001623813819591_853759918877590996_n-150x150.jpg\" class=\"attachment-thumbnail size-thumbnail\" alt=\"\" \/><\/a>\n\t\t\t\t<\/dt><\/dl><dl class='gallery-item'>\n\t\t\t\t<dt class='gallery-icon portrait'>\n\t\t\t\t\t<a class=\"rollover rollover-zoom dt-pswp-item\" title=\"279456765_1201474613930000_5126053432101655692_n\" data-dt-img-description=\"\" data-large_image_width=\"159\" data-large_image_height=\"225\"href='https:\/\/www.radiopiu.net\/wordpress\/wp-content\/uploads\/2022\/05\/279456765_1201474613930000_5126053432101655692_n.jpg'><img loading=\"lazy\" decoding=\"async\" width=\"150\" height=\"150\" src=\"https:\/\/www.radiopiu.net\/wordpress\/wp-content\/uploads\/2022\/05\/279456765_1201474613930000_5126053432101655692_n-150x150.jpg\" class=\"attachment-thumbnail size-thumbnail\" alt=\"\" \/><\/a>\n\t\t\t\t<\/dt><\/dl><dl class='gallery-item'>\n\t\t\t\t<dt class='gallery-icon landscape'>\n\t\t\t\t\t<a class=\"rollover rollover-zoom dt-pswp-item\" title=\"279444491_689555082339718_301960701646742665_n\" data-dt-img-description=\"\" data-large_image_width=\"321\" data-large_image_height=\"206\"href='https:\/\/www.radiopiu.net\/wordpress\/wp-content\/uploads\/2022\/05\/279444491_689555082339718_301960701646742665_n.jpg'><img loading=\"lazy\" decoding=\"async\" width=\"150\" height=\"150\" src=\"https:\/\/www.radiopiu.net\/wordpress\/wp-content\/uploads\/2022\/05\/279444491_689555082339718_301960701646742665_n-150x150.jpg\" class=\"attachment-thumbnail size-thumbnail\" alt=\"\" \/><\/a>\n\t\t\t\t<\/dt><\/dl>\n\t\t\t\t<br style='clear: both' \/>\n\t\t\t<\/div>\n\n<p>NELLE FOTO (riproduzioni dal libro \u201cPiccole grandi storie di emigranti\u201d di Pocchiesa-Fornaro-Vio e Facebook): I \u201cCappellon\u201d Giovanni e Giuditta, genitori dell\u2019albergatore Giuliano Viel, nel 1918 in posa per la \u201cfoto di nozze\u201d; la lettera di Angelo Viel al figlio Giovanni, datata 1914; Giuditta Viel, balia a Venezia nel 1921 prima di trasferirsi a Milano nel 1925 dalla famiglia Olmo; panoramica del ristorante bellunese \u201cAl Borgo\u201d dell\u2019Anconetta, avviato da Giuliano Viel con la moglie Flora e portato avanti dai figli; la famiglia di Giuliano Viel; Stella Sitran, suocera di Giuliano Viel, di Col di Cugnan, balia per la famiglia F\u00fcrstemberg imparentata con gli Agnelli; altre balie bellunesi.<\/p>\n<p>&nbsp;<\/p>\n<p>&nbsp;<\/p>\n<hr \/>\n<blockquote>\n<h3><\/h3>\n<h3>GIOVANI FELTRINI CERCASI<\/h3>\n<\/blockquote>\n<p><strong>FELTRE<\/strong> L\u2019associazione Sustainable Vibes\u00a0 \u00e8 alla ricerca di 8 giovani feltrini, con un et\u00e0 compresa tra i 16 e i 28 anni, disponibili a partecipare ad un\u2019esperienza di volontariato internazionale che si terr\u00e0 a Feltre da venerd\u00ec 24 giugno a domenica 3 luglio. Si tratta dello scambio di giovani \u201cAct together for a better world\u201d (Erasmus+), che vedr\u00e0 la partecipazione di una delegazione di 8 giovani provenienti dalla Polonia. Per partecipare non \u00e8 richiesta nessuna quota di partecipazione, ma \u00a0disponibilit\u00e0 di frequenza pari ad almeno all\u201980% del monte ore totale, inclusa la disponibilit\u00e0 a partecipare ad un paio di incontri preparatori nel mese di maggio\/giugno. Ai partecipanti non \u00e8 garantito l\u2019alloggio. Per candidarsi \u00e8 necessario inviare il proprio curriculum in italiano entro la giornata di venerd\u00ec 21 maggio all\u2019indirizzo sustainablevibesbelluno@gmail.com.<\/p>\n<p>&nbsp;<\/p>\n<hr \/>\n<p>&nbsp;<\/p>\n<p>&nbsp;<\/p>\n<blockquote>\n<h3>IOGIOCO FESTIVAL CONTINUA TRA EVENTI E LABORATORI<\/h3>\n<\/blockquote>\n<p><strong>BELLUNO <\/strong>Continua con un programma ricco di iniziative il Festival IOGIOCO, inaugurato domenica 1\u00b0 maggio e che proseguir\u00e0 per tutta la settimana, fino a sabato 7 maggio, presso la Casa delle Arti (Spazio EX &#8211; Caserme Piave, via Tiziano Vecellio 82\/f). Dopo la grande partecipazione della giornata inaugurale, continuano le attivit\u00e0 proposte dagli organizzatori, l\u2019Associazione Gruppi Insieme si pu\u00f2, Andrea Caldart e il TIB Teatro. Oggi si riprender\u00e0 con il laboratorio \u201cMetagioco\u201d alla mattina dalle ore 9 alle 12, mentre il pomeriggio alle 14 Loreta Minutilli terr\u00e0 il laboratorio di lettura creativa \u201cLegger\u00e8giocare\u201d, per bambini dai 6 anni in su. Tutti i dettagli del programma sono disponibili sul sito dell\u2019Associazione Insieme si pu\u00f2 www.365giorni.org oppure sulle pagine social dell\u2019iniziativa. La partecipazione ad ogni evento \u00e8 totalmente gratuita, ma in particolare per i laboratori \u00e8 consigliata la prenotazione al numero 0437 291298 oppure via mail all\u2019indirizzo iogioco@365giorni.org<\/p>\n<p>&nbsp;<\/p>\n<p>&nbsp;<\/p>\n<hr \/>\n<blockquote>\n<h3><\/h3>\n<h3>SABATO, PULIAMO FELTRE<\/h3>\n<\/blockquote>\n<p><strong><a class=\"dt-pswp-item\" href=\"https:\/\/www.radiopiu.net\/wordpress\/wp-content\/uploads\/2022\/05\/277792197_348638097291866_4855472339008194342_n.jpg\" data-dt-img-description=\"\" data-large_image_width=\"600\" data-large_image_height=\"450\"><img loading=\"lazy\" decoding=\"async\" class=\"wp-image-273471 alignleft\" src=\"https:\/\/www.radiopiu.net\/wordpress\/wp-content\/uploads\/2022\/05\/277792197_348638097291866_4855472339008194342_n-150x150.jpg\" alt=\"\" width=\"113\" height=\"113\" \/><\/a> <\/strong><\/p>\n<p><strong>\u00a0<\/strong><\/p>\n<p><strong>FELTRE<\/strong> Sabato con ritrovo alle 14 in Pr\u00e0 del Moro giornata ecologica nel feltrino. Aperta a tutti, bambini compresi e sar\u00e0 coordinata da alcuni ecovolontari. Gli interessati comunichino la loro adesione (entro domani) per poter attivare la copertura assicurativa. Iscrizioni ecolvolontari.umfeltre@gmail.com<\/p>\n<p>&nbsp;<\/p>\n<p>&nbsp;<\/p>\n<hr \/>\n<p>&nbsp;<\/p>\n<p>&nbsp;<\/p>\n<blockquote>\n<h3>LA VIA CLAUDIA AUGUSTA, UNA STRADA LUNGA 2000 ANNI<\/h3>\n<\/blockquote>\n<p><strong>CESIOMAGGIORE<\/strong> Sabato\u00a0 alle\u00a0 15 al Museo Storico della Biciletta con entrata libera, presentazione della prima guida italiana sul tracciato imperiale transalpino. 8 forme di mobilit\u00e0, dal trekking sulla media distanza alle pi\u00f9 diverse forme di ciclismo entro i 240 km che separano Altino (Venezia) da Trento: 8 giorni a piedi, 4 in bici. Ma anche escursioni assistite di un solo giorno o di poche ore con tratti accessibili a disabili o a cavallo.<\/p>\n<p>&nbsp;<\/p>\n<p>&nbsp;<\/p>\n<hr \/>\n<p>&nbsp;<\/p>\n<blockquote>\n<h3><a class=\"dt-pswp-item\" href=\"https:\/\/www.radiopiu.net\/wordpress\/wp-content\/uploads\/2022\/05\/tiz-1.jpg\" data-dt-img-description=\"\" data-large_image_width=\"431\" data-large_image_height=\"224\"><img loading=\"lazy\" decoding=\"async\" class=\"wp-image-273625 alignleft\" src=\"https:\/\/www.radiopiu.net\/wordpress\/wp-content\/uploads\/2022\/05\/tiz-1-300x156.jpg\" alt=\"\" width=\"171\" height=\"89\" srcset=\"https:\/\/www.radiopiu.net\/wordpress\/wp-content\/uploads\/2022\/05\/tiz-1-300x156.jpg 300w, https:\/\/www.radiopiu.net\/wordpress\/wp-content\/uploads\/2022\/05\/tiz-1.jpg 431w\" sizes=\"auto, (max-width: 171px) 100vw, 171px\" \/><\/a>DUE GIORNI DEDICATI AL TIZIANO<\/h3>\n<\/blockquote>\n<p><em><span class=\"\"><strong class=\"\">Un appuntamento aperto al pubblico<\/strong> <strong class=\"\">a Palazzo Bembo<\/strong><\/span><\/em><\/p>\n<p><strong>BELLUNO<\/strong> I<span class=\"\">l 6 e 7 maggio, \u00a0due giorni interamente dedicati al Tiziano, sabato dalle 9.30 e dalle 18 il convegno di studi <em class=\"\">&#8220;Tiziano e i suoi: un progetto, una prospettiva&#8221;<\/em>\u00a0 e nella prima giornata anche un focus specifico sui restauri passati e recenti. Il<\/span><span class=\"\"> convegno\u00a0 \u00e8 stato coordinato per la parte scientifica dal prof. Enrico Maria dal Pozzolo, docente presso l\u2019Universit\u00e0 di Verona.\u00a0<\/span><\/p>\n<p>&nbsp;<\/p>\n<hr \/>\n<p>&nbsp;<\/p>\n<blockquote>\n<h3>IL RITORNO DI BIMBIMBICI<\/h3>\n<\/blockquote>\n<p><strong><a class=\"dt-pswp-item\" href=\"https:\/\/www.radiopiu.net\/wordpress\/wp-content\/uploads\/2022\/05\/Immagine2.jpg\" data-dt-img-description=\"\" data-large_image_width=\"1285\" data-large_image_height=\"660\"><img loading=\"lazy\" decoding=\"async\" class=\" wp-image-273623 alignleft\" src=\"https:\/\/www.radiopiu.net\/wordpress\/wp-content\/uploads\/2022\/05\/Immagine2-150x150.jpg\" alt=\"\" width=\"113\" height=\"113\" \/><\/a>BELLUNO\u00a0<\/strong> Dopo tre anni di forzata assenza, domenica ritorna BIMBIMBICI\u00a0 organizzata da FIAB Belluno aperta a tutti\u00a0 con lo scopo di portare tantissimi bambini in bicicletta per le strade delle citt\u00e0. Il programma prevede, dalle 10 alle 11, un giro di 7 km in bicicletta per la citt\u00e0. Al ritorno tutti i piccoli partecipanti troveranno un divertente percorso di abilit\u00e0 gestito da\u00a0 istruttori e un ristoro. La mattinata sar\u00e0 accompagnata dalle musiche della banda di ottoni The BrassFolkers. I Vigili Urbani e il personale dell\u2019Associazione Nazionale Carabinieri saranno disposti lungo il percorso per renderlo pi\u00f9 sicuro. Iscrizioni dalle 9.15 al Parco Citt\u00e0 di Bologna, info\u00a0 www.bellunoinbici.it.<\/p>\n<p>&nbsp;<\/p>\n<p>&nbsp;<\/p>\n<hr \/>\n<p>&nbsp;<\/p>\n<blockquote>\n<h3>IN GITA IN SARDEGNA CON L&#8217;AUSER ELBROI<\/h3>\n<\/blockquote>\n<p><strong>AGORDO<\/strong> Il circolo Auser elbroi di Agordo comunica che si sono resi disponibili 2 posti per la gita in Sardegna in calendario dal 10 al 16 maggio . Chi fosse interessato pu\u00f2 rivolgersi presso la sede in via Rova 13 ad Agordo oppure contattare i numeri telefonici 388 7547951 oppure 347 2945259<\/p>\n<p>&nbsp;<\/p>\n<hr \/>\n<p>&nbsp;<\/p>\n<blockquote>\n<h3>LE GIORNATE DEI NARCISCI<\/h3>\n<\/blockquote>\n<p><strong>BORGO VALBELLUNA<\/strong> <span dir=\"ltr\" role=\"presentation\">ll<\/span>\u00a0<span dir=\"ltr\" role=\"presentation\">Comune <\/span>\u00a0<span dir=\"ltr\" role=\"presentation\">in collaborazione con la<\/span> <span dir=\"ltr\" role=\"presentation\">Pro Loco e le associazioni del Municipio di Lentiai<\/span>\u00a0<span dir=\"ltr\" role=\"presentation\">organizzano per le domeniche del 15, 22, 29 maggio, <\/span><span dir=\"ltr\" role=\"presentation\">gioved\u00ec 2 giugno e domenica 5 giugno le<\/span> <span dir=\"ltr\" role=\"presentation\">Giornate dei Narcisi, occasione per la promozione corale dell\u2019intero territorio. Verranno aperte grazie ai volontari del gruppo Frammenti d\u2019Arte la chiesa di Sant&#8217;Antonio Abate di Bardies, e la chiesa Arcipretale di Santa Maria Assunta di Lentiai monumento nazionale. Numerose saranno le guide naturalistiche presenti nel sito che organizzeranno momenti di<br role=\"presentation\" \/>escursione per tutti e intrattenimento per bambini. Info: IAT di Borgo Valbelluna Tel. 0437 54429<\/span><\/p>\n<p>&nbsp;<\/p>\n<p>&nbsp;<\/p>\n<hr \/>\n<p>&nbsp;<\/p>\n<blockquote>\n<h3>ASCOLTARE PER CONOSCERE: L\u2019EVENTO ONLINE DEL CILP<\/h3>\n<\/blockquote>\n<p><strong class=\"photoswipe-wrapper\"><a class=\"dt-pswp-item pspw-wrap-ready\" href=\"https:\/\/www.radiopiu.net\/wordpress\/wp-content\/uploads\/2022\/04\/download-7.jpg\" data-dt-img-description=\"\" data-large_image_width=\"321\" data-large_image_height=\"157\"><img loading=\"lazy\" decoding=\"async\" class=\"alignleft wp-image-272306 \" src=\"https:\/\/www.radiopiu.net\/wordpress\/wp-content\/uploads\/2022\/04\/download-7-300x147.jpg\" sizes=\"auto, (max-width: 133px) 100vw, 133px\" srcset=\"https:\/\/www.radiopiu.net\/wordpress\/wp-content\/uploads\/2022\/04\/download-7-300x147.jpg 300w, https:\/\/www.radiopiu.net\/wordpress\/wp-content\/uploads\/2022\/04\/download-7.jpg 321w\" alt=\"\" width=\"133\" height=\"65\" \/><\/a>FELTRE <\/strong>Aperte le iscrizioni per l\u2019evento online del 18-19-20 maggio 2022 promosso dal CILP \u201cAscoltare per conoscere\u201d: esempi d\u2019inclusivit\u00e0 con speaker di fama nazionale.\u00a0 Parteciperanno persone di spicco quali l\u2019economista Dott. Carlo Cotarelli, la scrittrice Susanna Tamaro, il Prof. Cesare Cornoldi dell\u2019Universit\u00e0 di Padova, la conduttrice televisiva Andrea Delogu, il direttore di radio Pi\u00f9 Mirko Mezzacasa e tanti altri relatori che interverranno per parlare di dislessia, dei modi per affrontare questo disturbo che interessa anche \u00a0molti studenti, dei problemi della vista, ma verr\u00e0 anche esaminata l\u2019importanza che riveste la voce umana nella comunicazione e il suo ruolo fondamentale<strong class=\"photoswipe-wrapper\"><br \/>\n<\/strong><\/p>\n<p>&nbsp;<\/p>\n<p><strong>CONOSCIAMO I PROTAGONISTI &#8211; MIRKO MEZZACASA <\/strong><\/p>\n<div class=\"kvgmc6g5 cxmmr5t8 oygrvhab hcukyx3x c1et5uql ii04i59q\">\n<div dir=\"auto\"><a class=\"dt-pswp-item\" href=\"https:\/\/www.radiopiu.net\/wordpress\/wp-content\/uploads\/2022\/05\/279313214_10158847417984503_4010636047471309695_n.jpg\" data-dt-img-description=\"\" data-large_image_width=\"526\" data-large_image_height=\"526\"><img loading=\"lazy\" decoding=\"async\" class=\" wp-image-273638 alignleft\" src=\"https:\/\/www.radiopiu.net\/wordpress\/wp-content\/uploads\/2022\/05\/279313214_10158847417984503_4010636047471309695_n-150x150.jpg\" alt=\"\" width=\"123\" height=\"123\" srcset=\"https:\/\/www.radiopiu.net\/wordpress\/wp-content\/uploads\/2022\/05\/279313214_10158847417984503_4010636047471309695_n-150x150.jpg 150w, https:\/\/www.radiopiu.net\/wordpress\/wp-content\/uploads\/2022\/05\/279313214_10158847417984503_4010636047471309695_n-300x300.jpg 300w, https:\/\/www.radiopiu.net\/wordpress\/wp-content\/uploads\/2022\/05\/279313214_10158847417984503_4010636047471309695_n.jpg 526w\" sizes=\"auto, (max-width: 123px) 100vw, 123px\" \/><\/a>Giornalista, direttore e proprietario di RadioPi\u00f9. Inizia nel 1983 a lavorare nella radio, in particolare il 25 giugno, il giorno di apertura di RadioPi\u00f9. Per 25 anni\u00a0 corrispondente del Gazzettino e per 10 direttore del mensile Agordino PI\u00f9 notizie. Anche il mondo dello sport ha conosciuto la sua presenza: conduttore ad inizio anni 90 della trasmissione della domenica pomeriggio e del programma Ice (hockey su ghiaccio). Mirko Mezzacasa interverr\u00e0 all&#8217;iniziativa online <a class=\"oajrlxb2 g5ia77u1 qu0x051f esr5mh6w e9989ue4 r7d6kgcz rq0escxv nhd2j8a9 nc684nl6 p7hjln8o kvgmc6g5 cxmmr5t8 oygrvhab hcukyx3x jb3vyjys rz4wbd8a qt6c0cv9 a8nywdso i1ao9s8h esuyzwwr f1sip0of lzcic4wl gpro0wi8 q66pz984 b1v8xokw\" tabindex=\"0\" role=\"link\" href=\"https:\/\/www.facebook.com\/hashtag\/ascoltareperconoscereparla?__eep__=6&amp;__cft__[0]=AZUzUzwyou16leLWF0BNc-7DfeJ7RJ8uMYcM4wBp-pBATsYveV5gXL3P9znRerw7tTP9N8ENFRJ7n1hZbYoEPJ6k0JUDul21y1P7T8Cgobkagaf3P6j3efYzqeSUBztB2UrzHiwBQCdg9LePZr6JJFc1ZTXsfkecLwVB5GZ74NNzpeibUDv_dBSxY8LGp8BBg6uAfOe2U0LkpNZLOBCXZwt42Sm9WYwhhHrg9AVs3u8dwA&amp;__tn__=*NK-y-R\">#AscoltareperConoscereparla<\/a> parlando dello strumento della radio altamente inclusivo.<\/div>\n<\/div>\n<div class=\"cxmmr5t8 oygrvhab hcukyx3x c1et5uql o9v6fnle ii04i59q\">\n<div dir=\"auto\">\n<p>Iscriviti gratuitamente per partecipare all&#8217;evento al seguente link <a class=\"oajrlxb2 g5ia77u1 qu0x051f esr5mh6w e9989ue4 r7d6kgcz rq0escxv nhd2j8a9 nc684nl6 p7hjln8o kvgmc6g5 cxmmr5t8 oygrvhab hcukyx3x jb3vyjys rz4wbd8a qt6c0cv9 a8nywdso i1ao9s8h esuyzwwr f1sip0of lzcic4wl gpro0wi8 py34i1dx\" tabindex=\"0\" role=\"link\" href=\"https:\/\/ascoltareperconoscere.com\/?fbclid=IwAR0bQPSF3fTuSVWRxgGGt_XCyGbqe3Bh9ZgWk4rVsySp95nI4sQ4jS9gs8k\" target=\"_blank\" rel=\"nofollow noopener\">https:\/\/ascoltareperconoscere.com\/<\/a><\/p>\n<div><\/div>\n<\/div>\n<\/div>\n<p>&nbsp;<\/p>\n<hr \/>\n<p>&nbsp;<\/p>\n<blockquote>\n<h3>MAGGIO AGORDINO CON L&#8217;ASSOCIAZIONE PERITI MINERARI INDUSTRIALI DI AGORDO<\/h3>\n<\/blockquote>\n<p><strong>AGORDO <\/strong>Torna l&#8217;appuntamento con &#8220;Maggio Agordino&#8221;, un ciclo di serate culturali e di divulgazione scientifica promosse da APIM &#8211; Associazione Periti Industriali Minerari di Agordo. Quest&#8217;anno il tema che costituir\u00e0 di fatto il filo conduttore delle serate sar\u00e0 il cambiamento climatico. Quattro serate in Sala Don Tamis con inizio alle 20:30. Domani Climate Change, venerd\u00ec 13 &#8220;Il litio nella trasformazione e conservazione dell&#8217;energia&#8221;, venerd\u00ec 20 &#8220;L&#8217;economia futura della montagna e le sfide del riconoscimento Unesco&#8221; e venerd\u00ec 27 &#8220;Il clima che cambia(mo) e le nostre montagne&#8221;. Tutte le serate sono ad entrata libera<\/p>\n<p><strong>DI GIANNI SANTOMASO<\/strong><\/p>\n<audio class=\"wp-audio-shortcode\" id=\"audio-273563-2\" preload=\"none\" style=\"width: 100%;\" controls=\"controls\"><source type=\"audio\/mpeg\" src=\"https:\/\/www.radiopiu.net\/wordpress\/wp-content\/uploads\/2022\/05\/GIANNI-MAGGIO-AGORDINO-APIM.mp3?_=2\" \/><a href=\"https:\/\/www.radiopiu.net\/wordpress\/wp-content\/uploads\/2022\/05\/GIANNI-MAGGIO-AGORDINO-APIM.mp3\">https:\/\/www.radiopiu.net\/wordpress\/wp-content\/uploads\/2022\/05\/GIANNI-MAGGIO-AGORDINO-APIM.mp3<\/a><\/audio>\n<p>&nbsp;<\/p>\n<hr \/>\n<p>&nbsp;<\/p>\n<blockquote>\n<h3><a class=\"dt-pswp-item\" href=\"https:\/\/www.radiopiu.net\/wordpress\/wp-content\/uploads\/2022\/05\/fff.jpg\" data-dt-img-description=\"\" data-large_image_width=\"234\" data-large_image_height=\"281\"><img loading=\"lazy\" decoding=\"async\" class=\" wp-image-273433 alignleft\" src=\"https:\/\/www.radiopiu.net\/wordpress\/wp-content\/uploads\/2022\/05\/fff-150x150.jpg\" alt=\"\" width=\"90\" height=\"90\" \/><\/a>INCONTRO CON IL PROFESSOR LUIGI ZOJA<\/h3>\n<\/blockquote>\n<p><strong>BELLUNO<\/strong> Domani alle 20.30 al teatro comunale incontro confronto con\u00a0 il professor Luigi Zoja, dalla eclissi del prossimo alla lotta dell&#8217;incertezza. Ripartire dalle relazioni e dalle certezze. Ingresso libero e gratuito. Prenotazioni entro il oggi al link \u2981 bit.ly\/\u2981 ZojaSiR. \u2981 Sar\u00e0 possibile seguire l\u2019incontro anche in streaming dal sito\u00a0 www.studentibelluno.it.\u00a0 Una proposta dell&#8217; Associazione Amici delle Scuole in Rete e le Scuole in Rete per un Mondo di Solidariet\u00e0 e Pace attraverso il progetto \u201cCittadini con il Turbo\u201d<\/p>\n<p>&nbsp;<\/p>\n<hr \/>\n<blockquote>\n<h3><\/h3>\n<h3>FABIO RUFUS BRISTOT AD AGORDO CON IL LIBRO IN RICORDO DI DON CLAUDIO<\/h3>\n<\/blockquote>\n<p><strong>AGORDO<\/strong> <span dir=\"ltr\" role=\"presentation\">Venerdi\u00a0 6 maggio presso la sala \u201cdon Tamis\u201d in via 27 aprile ad Agordo, alle\u00a0 18 Fabio Bristot <\/span><span dir=\"ltr\" role=\"presentation\">\u201cRufus\u201d presenta il suo libro \u201cDon Claudio e la Luna\u201d.\u00a0<\/span><\/p>\n<p><strong>DI GIANNI SANTOMASO<\/strong><\/p>\n<audio class=\"wp-audio-shortcode\" id=\"audio-273563-3\" preload=\"none\" style=\"width: 100%;\" controls=\"controls\"><source type=\"audio\/mpeg\" src=\"https:\/\/www.radiopiu.net\/wordpress\/wp-content\/uploads\/2022\/05\/GIANNI-LIBRO-RUFUS-BRISTOT.mp3?_=3\" \/><a href=\"https:\/\/www.radiopiu.net\/wordpress\/wp-content\/uploads\/2022\/05\/GIANNI-LIBRO-RUFUS-BRISTOT.mp3\">https:\/\/www.radiopiu.net\/wordpress\/wp-content\/uploads\/2022\/05\/GIANNI-LIBRO-RUFUS-BRISTOT.mp3<\/a><\/audio>\n<p>&nbsp;<\/p>\n<hr \/>\n<p>&nbsp;<\/p>\n<blockquote>\n<h3>LA PRESENTAZIONE DEL LIBRO DI WALTER BASSO<\/h3>\n<\/blockquote>\n<p><strong>SAN GREGORIO NELLE ALPI <\/strong>Sabato 7 maggio 2022 alle ore 20.30 presso la Sala Consiliare di San Gregorio nelle Alpi verr\u00e0 presentato il libro di Walter Basso \u201cFino all\u2019ultimo respiro\u201d\u00a0 con la presenza dell\u2019autore e l\u2019introduzione di Luisa Carniel consigliere dell\u2019Associazione Bellunesi nel Mondo.<\/p>\n<p>&nbsp;<\/p>\n<p>&nbsp;<\/p>\n<p>&nbsp;<\/p>\n<hr \/>\n<p>&nbsp;<\/p>\n<blockquote>\n<h3>&#8220;IL LORO DESTINO STAVA IN BRASILE&#8221;, LA PRESENTAZIONE DEL LIBRO<\/h3>\n<\/blockquote>\n<p><strong>SOVERZENE<\/strong> Venerd\u00ec 6 maggio verr\u00e0 presentato il volume \u201cIl loro destino stava in Brasile\u201d a cura di Luisa Carniel, insegnante feltrina consigliere dell\u2019Associazione Bellunesi nel Mondo. Appuntamento alle 18:00 al Salone culturale di Soverzene. La presentazione sar\u00e0 anche trasmessa in diretta sul canale YouTube e sulla pagina Facebook dell\u2019Associazione Bellunesi nel Mondo. Per la partecipazione, sar\u00e0 obbligatorio indossare la mascherina FFP2.Per maggiori informazioni: tel. 0437 941160; email: <a class=\"moz-txt-link-abbreviated\" href=\"mailto:biblioteca.migrazioni@bellunesinelmondo.it\">biblioteca.migrazioni@bellunesinelmondo.it<\/a><\/p>\n<p>&nbsp;<\/p>\n<p>&nbsp;<\/p>\n<hr \/>\n<p>&nbsp;<\/p>\n<blockquote>\n<h3>LA PROZESION DE SANTA CROS<\/h3>\n<\/blockquote>\n<p><strong><a class=\"dt-pswp-item\" href=\"https:\/\/www.radiopiu.net\/wordpress\/wp-content\/uploads\/2022\/04\/sotto-S.-Simon-scaled.jpg\" data-dt-img-description=\"\" data-large_image_width=\"2560\" data-large_image_height=\"1920\"><img loading=\"lazy\" decoding=\"async\" class=\" wp-image-273155 alignleft\" src=\"https:\/\/www.radiopiu.net\/wordpress\/wp-content\/uploads\/2022\/04\/sotto-S.-Simon-150x150.jpg\" alt=\"\" width=\"120\" height=\"120\" \/><\/a>CANALE D&#8217;AGORDO <\/strong>Le parrocchie della Valle del Biois propongono sabato 7 maggio 2022 la <em>Prozesi\u00f3n de Santa Cr\u00f3s<\/em>, antica pratica religiosa che si svolgeva nella Valle del Biois fin dal 1623.\u00a0 Il tragitto della processione seguir\u00e0 il vecchio percorso con partenza a Canale, nella Chiesa della Pieve (ore 7. Nel pomeriggio i pellegrini ripartiranno (ore 14) alla volta di Feder, Fregona e Carfon per raggiungere i paesi alti di Vallada. Qui, in localit\u00e0 Piaz, avr\u00e0 luogo l\u2019incontro con le comunit\u00e0 di Cencenighe e San Tomaso. La giornata si concluder\u00e0 verso le 19 nella Chiesa di San Simon<em>.<\/em><\/p>\n<p>&nbsp;<\/p>\n<p>&nbsp;<\/p>\n<hr \/>\n<p>&nbsp;<\/p>\n<blockquote>\n<h3>IL 12 MAGGIO, GIORNATA MONDIALE DELLA FIBROMIALGIA<\/h3>\n<\/blockquote>\n<p><strong>BELLUNO<\/strong> L\u2019 Associazione Italiana Sindrome Fibromialgica ODV promuove su tutto il territorio nazionale l\u2019iniziativa \u201cIlluminiamo la Fibromialgia\u201d. L\u2019evento, che consistera\u0300 nell\u2019illuminare di viola piazze, edifici e monumenti in tutta Italia, si pone l\u2019obiettivo di sensibilizzare l\u2019opinione pubblica sulle condizioni del paziente fibromialgico, sofferente di una patologia ancora non riconosciuta. Il Comune di Belluno anche quest\u2019anno ha concesso il patrocinio e l\u2019illuminazione del Teatro Comunale nella serata del 12 maggio. Sabato 7 maggio a Santa Giustina, all\u2019esterno della pasticceria La Briciola &#8211; dalle 10 alle 18 &#8211; ci saranno uno sportello informativo e le petunie della solidarieta\u0300 a sostegno della sezione di Belluno.<\/p>\n<p>&nbsp;<\/p>\n<hr \/>\n<p>&nbsp;<\/p>\n<blockquote>\n<h3>L&#8217;INIZIATIVA DI ANTENNA ANZIANI NEL RICORDO DI BUZZATI<\/h3>\n<\/blockquote>\n<p><strong>BELLUNO<\/strong> Venerdi 13 maggio alle 10 nell&#8217;aula magna del seminario di Belluno (con mascherian ffp2) &#8220;Michael Noble e Dino Buzzati tra arte e follia&#8221;. In occasione del 50\u00b0 della morte di Dino Buzzati conferenza a cura di Giovanni Grazioli con la proiezione del documentario del 1961 &#8220;La ripetizione&#8221;: commento di Dino Buzzati letto da Arnoldo Fo\u00e0, realizzato da Giorgio Ponti<\/p>\n<p>&nbsp;<\/p>\n<hr \/>\n<p>&nbsp;<\/p>\n<blockquote>\n<h3>VITO NICOLA PARADISO E LA SUA CHITARRA A LONGARONE<\/h3>\n<\/blockquote>\n<p><strong>LONGARONE <\/strong>Il <span class=\"s1\">Comune di Longarone, l&#8217;Associazione culturale Longarone Musica &#8220;Giuseppe De Vecchi&#8221; diretta dal Maestro Gianfranco Volpato e l&#8217;Associazione Pro Loco di Longarone propongono\u00a0 due eventi musicali al Centro Culturale &#8220;F. Parri&#8221; di Longarone: sabato 14 maggio 2022 alle 18 Vito Nicola Paradiso, suo il best-seller didattico-metodo di base &#8220;La Chitarra Volante&#8221; alle 20.30 il chitarrista-compositore Vito Nicola Paradiso nel concerto &#8220;Chitarra, Amore e Fantasia!&#8221;<\/span><\/p>\n<p>&nbsp;<\/p>\n<hr \/>\n<p>&nbsp;<\/p>\n<blockquote>\n<h3>HOCUS LOTUS IMPARANDO ATTRAVERSO L&#8217;ATTIVITA&#8217; MIMICO-GESTUALE<\/h3>\n<p><em>Per entrare nel magico mondo della nuova lingua<\/em><\/p><\/blockquote>\n<p><strong>ALLEGHE<\/strong>\u00a0 Martedi 17 maggio dalle 18.15 alle 19 alla scuola media di Caprile play group per bimbi dai 2 ai 3 anni con le loro mamme. Con il programma per il bilinguismo infantile dell&#8217;Universit\u00e0 &#8220;La Sapienza&#8221;, informazioni ed iscrizioni da Claudia Soppelsa (340 1474780).<\/p>\n<p>&nbsp;<\/p>\n<hr \/>\n<p>&nbsp;<\/p>\n<blockquote class=\"wp-embedded-content\" data-secret=\"hgWIPyb3Lq\"><p><a href=\"https:\/\/www.radiopiu.net\/wordpress\/la-boa-di-conaggia-del-23-27-aprile-1888-parte-prima\/\">LA &#8220;BOA&#8221; DI CONAGGIA DEL 23-27 APRILE 1888 &#8211; parte prima &#8211;<\/a><\/p><\/blockquote>\n<p><iframe loading=\"lazy\" class=\"wp-embedded-content\" sandbox=\"allow-scripts\" security=\"restricted\" style=\"position: absolute; clip: rect(1px, 1px, 1px, 1px);\" title=\"&#8220;LA &#8220;BOA&#8221; DI CONAGGIA DEL 23-27 APRILE 1888 &#8211; parte prima &#8211;&#8221; &#8212; Radio Pi\u00f9\" src=\"https:\/\/www.radiopiu.net\/wordpress\/la-boa-di-conaggia-del-23-27-aprile-1888-parte-prima\/embed\/#?secret=FA5OWEVkCA#?secret=hgWIPyb3Lq\" data-secret=\"hgWIPyb3Lq\" width=\"600\" height=\"338\" frameborder=\"0\" marginwidth=\"0\" marginheight=\"0\" scrolling=\"no\"><\/iframe><\/p>\n<p>&nbsp;<\/p>\n<p>&nbsp;<\/p>\n<hr \/>\n<p>&nbsp;<\/p>\n<p>&nbsp;<\/p>\n<p>&nbsp;<\/p>\n<p>&nbsp;<\/p>\n<h2><span style=\"color: #ff0000;\">IERI ALLA RADIO\u00a0\u00a0<\/span><\/h2>\n<blockquote>\n<h3 style=\"text-align: left;\">PROLOCO SEDICO, PROLOCO DI EVENTI<\/h3>\n<\/blockquote>\n<p><a href=\"https:\/\/www.radiopiu.net\/wordpress\/giornale-radiopiu-17-settembre-2021-direttore-mirko-mezzacasa\/9aff226a-3ad8-4041-9278-e6b7f8bf20ee\/\" rel=\"attachment wp-att-232499\"><img loading=\"lazy\" decoding=\"async\" class=\"wp-image-232499 alignleft\" src=\"https:\/\/www.radiopiu.net\/wordpress\/wp-content\/uploads\/2021\/09\/9aff226a-3ad8-4041-9278-e6b7f8bf20ee-300x225.jpg\" alt=\"\" width=\"175\" height=\"132\" srcset=\"https:\/\/www.radiopiu.net\/wordpress\/wp-content\/uploads\/2021\/09\/9aff226a-3ad8-4041-9278-e6b7f8bf20ee-300x225.jpg 300w, https:\/\/www.radiopiu.net\/wordpress\/wp-content\/uploads\/2021\/09\/9aff226a-3ad8-4041-9278-e6b7f8bf20ee-768x576.jpg 768w, https:\/\/www.radiopiu.net\/wordpress\/wp-content\/uploads\/2021\/09\/9aff226a-3ad8-4041-9278-e6b7f8bf20ee.jpg 1000w\" sizes=\"auto, (max-width: 175px) 100vw, 175px\" \/><\/a><br \/>\nOSPITE CLAUDIO MEZZAVILLA, IL PRESIDENTE<\/p>\n<p>di Claudio Fontanive<\/p>\n<audio class=\"wp-audio-shortcode\" id=\"audio-273563-4\" preload=\"none\" style=\"width: 100%;\" controls=\"controls\"><source type=\"audio\/mpeg\" src=\"https:\/\/www.radiopiu.net\/wordpress\/wp-content\/uploads\/2021\/09\/claudio-mezzavilla-sedico-16-settembre.mp3?_=4\" \/><a href=\"https:\/\/www.radiopiu.net\/wordpress\/wp-content\/uploads\/2021\/09\/claudio-mezzavilla-sedico-16-settembre.mp3\">https:\/\/www.radiopiu.net\/wordpress\/wp-content\/uploads\/2021\/09\/claudio-mezzavilla-sedico-16-settembre.mp3<\/a><\/audio>\n<p>&nbsp;<\/p>\n<p>&nbsp;<\/p>\n<p>&nbsp;<\/p>\n<p>&nbsp;<\/p>\n<hr \/>\n<p>&nbsp;<\/p>\n<blockquote>\n<h3><img loading=\"lazy\" decoding=\"async\" class=\"alignleft\" src=\"https:\/\/www.radiopiu.net\/wordpress\/wp-content\/uploads\/2020\/09\/bambini-a-scuola-durante-il-concetto-covid_23-2148667147.jpg\" width=\"144\" height=\"96\" \/>007 IN CONDOTTA CON LA PROF. MARIA ROSA SALMAZO<\/h3>\n<\/blockquote>\n<p>&nbsp;<\/p>\n<p>&nbsp;<\/p>\n<p>PUNTATA 2 MAGGIO 2022<\/p>\n<audio class=\"wp-audio-shortcode\" id=\"audio-273563-5\" preload=\"none\" style=\"width: 100%;\" controls=\"controls\"><source type=\"audio\/mpeg\" src=\"https:\/\/www.radiopiu.net\/wordpress\/wp-content\/uploads\/2022\/05\/007-2-maggio.mp3?_=5\" \/><a href=\"https:\/\/www.radiopiu.net\/wordpress\/wp-content\/uploads\/2022\/05\/007-2-maggio.mp3\">https:\/\/www.radiopiu.net\/wordpress\/wp-content\/uploads\/2022\/05\/007-2-maggio.mp3<\/a><\/audio>\n<h3 class=\"kvgmc6g5 cxmmr5t8 oygrvhab hcukyx3x c1et5uql\"><span style=\"color: #0000ff;\"><strong>\u00a0<\/strong><\/span><\/h3>\n<h3 class=\"kvgmc6g5 cxmmr5t8 oygrvhab hcukyx3x c1et5uql\"><span style=\"color: #0000ff;\"><strong>INFORMAZIONE il canale su TELEGRAM informazione di prima mano e in tempo reale. iscriviti ed aiutaci a farlo conoscere\u00a0 \u00a0<\/strong><\/span><\/h3>\n<p><strong>LA RACCOLTA COMPLETA\u00a0<\/strong><\/p>\n<blockquote class=\"wp-embedded-content\" data-secret=\"puiUNpWltt\"><p><a href=\"https:\/\/www.radiopiu.net\/wordpress\/007incondotta-9\/\">007 in condotta<\/a><\/p><\/blockquote>\n<p><iframe loading=\"lazy\" class=\"wp-embedded-content\" sandbox=\"allow-scripts\" security=\"restricted\" style=\"position: absolute; clip: rect(1px, 1px, 1px, 1px);\" title=\"&#8220;007 in condotta&#8221; &#8212; Radio Pi\u00f9\" src=\"https:\/\/www.radiopiu.net\/wordpress\/007incondotta-9\/embed\/#?secret=Rzb8U8f9DC#?secret=puiUNpWltt\" data-secret=\"puiUNpWltt\" width=\"600\" height=\"338\" frameborder=\"0\" marginwidth=\"0\" marginheight=\"0\" scrolling=\"no\"><\/iframe><\/p>\n<p>&nbsp;<\/p>\n<p>&nbsp;<\/p>\n<hr \/>\n<p>&nbsp;<\/p>\n<h2><span style=\"color: #800080;\">STORIE A QUATTROCCHI<\/span><\/h2>\n<p><strong>LA RACCOLTA COMPLETA<\/strong><\/p>\n<blockquote class=\"wp-embedded-content\" data-secret=\"XCjzG2PwcS\"><p><a href=\"https:\/\/www.radiopiu.net\/wordpress\/storie-a-quattrocchi\/\">Storie a quattrocchi<\/a><\/p><\/blockquote>\n<p><iframe loading=\"lazy\" class=\"wp-embedded-content\" sandbox=\"allow-scripts\" security=\"restricted\" style=\"position: absolute; clip: rect(1px, 1px, 1px, 1px);\" title=\"&#8220;Storie a quattrocchi&#8221; &#8212; Radio Pi\u00f9\" src=\"https:\/\/www.radiopiu.net\/wordpress\/storie-a-quattrocchi\/embed\/#?secret=3xbYxWuJK3#?secret=XCjzG2PwcS\" data-secret=\"XCjzG2PwcS\" width=\"600\" height=\"338\" frameborder=\"0\" marginwidth=\"0\" marginheight=\"0\" scrolling=\"no\"><\/iframe><\/p>\n<p>&nbsp;<\/p>\n<hr \/>\n<p>&nbsp;<\/p>\n<h2><span style=\"color: #008080;\">&#8220;DINTORN E FORA VIA&#8221; A CURA DEL MUSLA, IL NUOVO PROGRAMMA\u00a0<\/span><\/h2>\n<p><strong>PUNTATA 03 MAGGIO 2022 con ERIK MARCON<\/strong><\/p>\n<audio class=\"wp-audio-shortcode\" id=\"audio-273563-6\" preload=\"none\" style=\"width: 100%;\" controls=\"controls\"><source type=\"audio\/mpeg\" src=\"https:\/\/www.radiopiu.net\/wordpress\/wp-content\/uploads\/2022\/05\/MUSLA-1.mp3?_=6\" \/><a href=\"https:\/\/www.radiopiu.net\/wordpress\/wp-content\/uploads\/2022\/05\/MUSLA-1.mp3\">https:\/\/www.radiopiu.net\/wordpress\/wp-content\/uploads\/2022\/05\/MUSLA-1.mp3<\/a><\/audio>\n<p>&nbsp;<\/p>\n<p><strong>LA RACCOLTA COMPLETA<\/strong><\/p>\n<blockquote class=\"wp-embedded-content\" data-secret=\"OK7wdZ46gN\"><p><a href=\"https:\/\/www.radiopiu.net\/wordpress\/musla\/\">MUSLA<\/a><\/p><\/blockquote>\n<p><iframe loading=\"lazy\" class=\"wp-embedded-content\" sandbox=\"allow-scripts\" security=\"restricted\" style=\"position: absolute; clip: rect(1px, 1px, 1px, 1px);\" title=\"&#8220;MUSLA&#8221; &#8212; Radio Pi\u00f9\" src=\"https:\/\/www.radiopiu.net\/wordpress\/musla\/embed\/#?secret=L5NsvOp6fh#?secret=OK7wdZ46gN\" data-secret=\"OK7wdZ46gN\" width=\"600\" height=\"338\" frameborder=\"0\" marginwidth=\"0\" marginheight=\"0\" scrolling=\"no\"><\/iframe><\/p>\n<p>&nbsp;<\/p>\n<hr \/>\n<p>&nbsp;<\/p>\n<blockquote>\n<h3>I SEI &#8220;VOGLIAMO&#8221; DI GIOVANNI PAOLO I, CON LE CARTE D&#8217;ARCHIVIO<\/h3>\n<\/blockquote>\n<p><strong><a class=\"dt-pswp-item\" href=\"https:\/\/www.radiopiu.net\/wordpress\/wp-content\/uploads\/2022\/05\/sss.jpg\" data-dt-img-description=\"\" data-large_image_width=\"623\" data-large_image_height=\"181\"><img loading=\"lazy\" decoding=\"async\" class=\"alignleft wp-image-273673 \" src=\"https:\/\/www.radiopiu.net\/wordpress\/wp-content\/uploads\/2022\/05\/sss-300x87.jpg\" alt=\"\" width=\"286\" height=\"83\" srcset=\"https:\/\/www.radiopiu.net\/wordpress\/wp-content\/uploads\/2022\/05\/sss-300x87.jpg 300w, https:\/\/www.radiopiu.net\/wordpress\/wp-content\/uploads\/2022\/05\/sss-350x100.jpg 350w, https:\/\/www.radiopiu.net\/wordpress\/wp-content\/uploads\/2022\/05\/sss.jpg 623w\" sizes=\"auto, (max-width: 286px) 100vw, 286px\" \/><\/a>ROMA<\/strong><span id=\"page110R_mcid8\" class=\"markedContent\"><span dir=\"ltr\" role=\"presentation\"> In vista della beatificazione di Papa Albino Luciani (4 <\/span><span dir=\"ltr\" role=\"presentation\">settembre in San Pietro), la Fondazione Vaticana Giovanni Paolo I promuove <\/span><span dir=\"ltr\" role=\"presentation\">una Giornata di Studi interamente dedicata al suo Magistero dal titolo:<\/span> <span dir=\"ltr\" role=\"presentation\">&#8220;<\/span><span dir=\"ltr\" role=\"presentation\">I sei <\/span><span dir=\"ltr\" role=\"presentation\">\u00abvogliamo\u00bb. Il Magistero di Giovanni Paolo I alla luce delle carte d&#8217;<\/span><span dir=\"ltr\" role=\"presentation\">archivio\u201d. <\/span><\/span><span id=\"page110R_mcid9\" class=\"markedContent\"><span dir=\"ltr\" role=\"presentation\">L\u2019evento<\/span> <span dir=\"ltr\" role=\"presentation\">si<\/span> <span dir=\"ltr\" role=\"presentation\">svolger\u00e0<\/span> <span dir=\"ltr\" role=\"presentation\">in<\/span> <span dir=\"ltr\" role=\"presentation\">collaborazione<\/span> <span dir=\"ltr\" role=\"presentation\">con<\/span> <span dir=\"ltr\" role=\"presentation\">il<\/span> <span dir=\"ltr\" role=\"presentation\">Dipartimento<\/span> <span dir=\"ltr\" role=\"presentation\">di<\/span> <span dir=\"ltr\" role=\"presentation\">Teologia <\/span><span dir=\"ltr\" role=\"presentation\">dogmatica della Pontificia Universit\u00e0 Gregoriana, venerd\u00ec 13 maggio dalle\u00a0 <\/span><span dir=\"ltr\" role=\"presentation\">9 alle 19, nell&#8217;<\/span><span dir=\"ltr\" role=\"presentation\">Aula Magna della Pontificia Universit\u00e0 Gregoriana a Roma.\u00a0 <\/span><\/span><span id=\"page110R_mcid10\" class=\"markedContent\"><span dir=\"ltr\" role=\"presentation\">Alla luce della documentazione dell\u2019Archivio Privato Albino Luciani \u2013 oggi <\/span><span dir=\"ltr\" role=\"presentation\">patrimonio della Fondazione e costituito dall&#8217;<\/span><span dir=\"ltr\" role=\"presentation\">insieme del materiale documentale <\/span><span dir=\"ltr\" role=\"presentation\">dal 1929 fino al 27 settembre 1978 \u2013 il Convegno intende percorrere e <\/span><span dir=\"ltr\" role=\"presentation\">approfondire le linee maestre del Magistero di Giovanni Paolo I, a partire dai <\/span><span dir=\"ltr\" role=\"presentation\">sei \u00abvogliamo\u00bb del messaggio<\/span> <span dir=\"ltr\" role=\"presentation\">Urbi et orbi<\/span> <span dir=\"ltr\" role=\"presentation\">pronunciato da papa Luciani <\/span><span dir=\"ltr\" role=\"presentation\">l\u2019indomani della sua elezione, il 27 agosto 1978, e declinati in programma di <\/span><span dir=\"ltr\" role=\"presentation\">pontificato. <\/span><\/span><span id=\"page110R_mcid11\" class=\"markedContent\"><span dir=\"ltr\" role=\"presentation\">Il Comitato Scientifico della Fondazione, attraverso un attento lavoro filologico <\/span><span dir=\"ltr\" role=\"presentation\">compiuto anche sui manoscritti inediti, ha licenziato la pubblicazione della <\/span><span dir=\"ltr\" role=\"presentation\">prima edizione critica dei testi e degli interventi scritti e pronunciati da Giovanni Paolo I.<\/span><\/span><\/p>\n<p>&nbsp;<\/p>\n<blockquote><p><span id=\"page1R_mcid22\" class=\"markedContent\"><em><span dir=\"ltr\" role=\"presentation\">&#8220;\u00c8 il primo convegno di studi su Giovanni Paolo I che si svolge sulla base delle <\/span><span dir=\"ltr\" role=\"presentation\">carte d\u2019archivio ed \u00e8 interamente dedicato al suo Magistero. Un Magistero che <\/span><span dir=\"ltr\" role=\"presentation\">induce a riflettere sulla stringente attualit\u00e0 del suo messaggio\u00bb afferma il <\/span><span dir=\"ltr\" role=\"presentation\">Segretario<\/span> <span dir=\"ltr\" role=\"presentation\">di<\/span> <span dir=\"ltr\" role=\"presentation\">Stato<\/span> <span dir=\"ltr\" role=\"presentation\">Vaticano<\/span> <span dir=\"ltr\" role=\"presentation\">cardinale<\/span> <span dir=\"ltr\" role=\"presentation\">Pietro<\/span> <span dir=\"ltr\" role=\"presentation\">Parolin,<\/span> <span dir=\"ltr\" role=\"presentation\">Presidente<\/span> <span dir=\"ltr\" role=\"presentation\">della <\/span><span dir=\"ltr\" role=\"presentation\">Fondazione vaticana istituita il 17 febbraio del 2020 da Papa Francesco con l&#8217;<\/span><span dir=\"ltr\" role=\"presentation\">obiettivo di custodire il patrimonio degli scritti, promuovere lo studio e <\/span><span dir=\"ltr\" role=\"presentation\">incrementare la conoscenza del lascito e degli insegnamenti di Giovanni Paolo <\/span><\/em><span dir=\"ltr\" role=\"presentation\">I&#8221;.\u00a0<\/span><\/span><\/p>\n<p>&nbsp;<\/p><\/blockquote>\n<hr \/>\n<p>&nbsp;<\/p>\n<p>&nbsp;<\/p>\n<p>&nbsp;<\/p>\n<div>\n<div class=\"b654a4as d2edcug0\">\n<div class=\"rq0escxv hkbzh7o3 jwdofwj8 n8tt0mok r8blr3vg hyh9befq\">\n<p><a class=\"dt-pswp-item\" href=\"https:\/\/www.radiopiu.net\/wordpress\/wp-content\/uploads\/2020\/10\/pp.jpg\" data-dt-img-description=\"\" data-large_image_width=\"640\" data-large_image_height=\"640\"><img loading=\"lazy\" decoding=\"async\" class=\"wp-image-163678 alignleft\" src=\"https:\/\/www.radiopiu.net\/wordpress\/wp-content\/uploads\/2020\/10\/pp-300x300.jpg\" alt=\"\" width=\"106\" height=\"106\" srcset=\"https:\/\/www.radiopiu.net\/wordpress\/wp-content\/uploads\/2020\/10\/pp-300x300.jpg 300w, https:\/\/www.radiopiu.net\/wordpress\/wp-content\/uploads\/2020\/10\/pp-150x150.jpg 150w, https:\/\/www.radiopiu.net\/wordpress\/wp-content\/uploads\/2020\/10\/pp-125x125.jpg 125w, https:\/\/www.radiopiu.net\/wordpress\/wp-content\/uploads\/2020\/10\/pp-200x200.jpg 200w, https:\/\/www.radiopiu.net\/wordpress\/wp-content\/uploads\/2020\/10\/pp-80x80.jpg 80w, https:\/\/www.radiopiu.net\/wordpress\/wp-content\/uploads\/2020\/10\/pp-480x480.jpg 480w, https:\/\/www.radiopiu.net\/wordpress\/wp-content\/uploads\/2020\/10\/pp.jpg 640w\" sizes=\"auto, (max-width: 106px) 100vw, 106px\" \/><\/a><\/p>\n<\/div>\n<\/div>\n<\/div>\n<div>\n<div class=\"page-title-head hgroup\">\n<div class=\"page-title-head hgroup\">\n<div class=\"b654a4as d2edcug0\">\n<div class=\"j83agx80 btwxx1t3 lhclo0ds hop8lmos nkwizq5d scwd0bx6 roh60bw9\">\n<div class=\"rq0escxv hkbzh7o3 jwdofwj8 n8tt0mok r8blr3vg hyh9befq\">\n<div class=\"do00u71z l9j0dhe7 k4urcfbm\">\n<h2><span style=\"color: #000080;\">DON CESARE, IL PENSIERO DEL GIORNO. ALLA RADIO ALLE 7 DEL MATTINO E ALLE 19.30 DELLA SERA.\u00a0<\/span><\/h2>\n<p>&nbsp;<\/p>\n<p>&nbsp;<\/p>\n<\/div>\n<\/div>\n<\/div>\n<\/div>\n<\/div>\n<\/div>\n<\/div>\n<p>&nbsp;<\/p>\n<p>&nbsp;<\/p>\n<hr \/>\n<p>&nbsp;<\/p>\n<p>&nbsp;<\/p>\n<blockquote class=\"wp-embedded-content\" data-secret=\"Qli27MwW8P\"><p><a href=\"https:\/\/www.radiopiu.net\/wordpress\/39annimaggioa02\/\">39 ANNI DI RADIO&#8230; &#8220;AGORDINO ICE, L&#8217;EVENTO INVERNALE DEGLI ANNI NOVANTA&#8221;<\/a><\/p><\/blockquote>\n<p><iframe loading=\"lazy\" class=\"wp-embedded-content\" sandbox=\"allow-scripts\" security=\"restricted\" style=\"position: absolute; clip: rect(1px, 1px, 1px, 1px);\" title=\"&#8220;39 ANNI DI RADIO&#8230; &#8220;AGORDINO ICE, L&#8217;EVENTO INVERNALE DEGLI ANNI NOVANTA&#8221;&#8221; &#8212; Radio Pi\u00f9\" src=\"https:\/\/www.radiopiu.net\/wordpress\/39annimaggioa02\/embed\/#?secret=pHUBIqdl9O#?secret=Qli27MwW8P\" data-secret=\"Qli27MwW8P\" width=\"600\" height=\"338\" frameborder=\"0\" marginwidth=\"0\" marginheight=\"0\" scrolling=\"no\"><\/iframe><\/p>\n<p>&nbsp;<\/p>\n<hr \/>\n<p>&nbsp;<\/p>\n<div class=\"do00u71z l9j0dhe7 k4urcfbm\">\n<div class=\"page-title-head hgroup\">\n<div class=\"page-title-head hgroup\">\n<div class=\"b654a4as d2edcug0\">\n<div class=\"j83agx80 btwxx1t3 lhclo0ds hop8lmos nkwizq5d scwd0bx6 roh60bw9\">\n<div class=\"rq0escxv hkbzh7o3 jwdofwj8 n8tt0mok r8blr3vg hyh9befq\">\n<div class=\"do00u71z l9j0dhe7 k4urcfbm\">\n<div class=\"page-title-head hgroup\">\n<div class=\"page-title-head hgroup\">\n<div class=\"b654a4as d2edcug0\">\n<div class=\"j83agx80 btwxx1t3 lhclo0ds hop8lmos nkwizq5d scwd0bx6 roh60bw9\">\n<div class=\"rq0escxv hkbzh7o3 jwdofwj8 n8tt0mok r8blr3vg hyh9befq\">\n<div class=\"do00u71z l9j0dhe7 k4urcfbm\">\n<div class=\"ecm0bbzt e5nlhep0 a8c37x1j\">\n<div class=\"kvgmc6g5 cxmmr5t8 oygrvhab hcukyx3x c1et5uql\">\n<div class=\"gmail-kvgmc6g5 gmail-cxmmr5t8 gmail-oygrvhab gmail-hcukyx3x gmail-c1et5uql gmail-ii04i59q\">\n<div class=\"page-title-head hgroup\">\n<div class=\"page-title-head hgroup\">\n<div class=\"b654a4as d2edcug0\">\n<div class=\"j83agx80 btwxx1t3 lhclo0ds hop8lmos nkwizq5d scwd0bx6 roh60bw9\">\n<div class=\"rq0escxv hkbzh7o3 jwdofwj8 n8tt0mok r8blr3vg hyh9befq\">\n<div class=\"do00u71z l9j0dhe7 k4urcfbm\">\n<div class=\"page-title-head hgroup\">\n<div class=\"page-title-head hgroup\">\n<div class=\"b654a4as d2edcug0\">\n<div class=\"j83agx80 btwxx1t3 lhclo0ds hop8lmos nkwizq5d scwd0bx6 roh60bw9\">\n<div class=\"rq0escxv hkbzh7o3 jwdofwj8 n8tt0mok r8blr3vg hyh9befq\">\n<div class=\"do00u71z l9j0dhe7 k4urcfbm\">\n<div class=\"page-title-head hgroup\">\n<div class=\"page-title-head hgroup\">\n<div class=\"b654a4as d2edcug0\">\n<div class=\"j83agx80 btwxx1t3 lhclo0ds hop8lmos nkwizq5d scwd0bx6 roh60bw9\">\n<div class=\"rq0escxv hkbzh7o3 jwdofwj8 n8tt0mok r8blr3vg hyh9befq\">\n<div class=\"do00u71z l9j0dhe7 k4urcfbm\">\n<div class=\"ecm0bbzt e5nlhep0 a8c37x1j\">\n<div class=\"kvgmc6g5 cxmmr5t8 oygrvhab hcukyx3x c1et5uql\">\n<div class=\"gmail-kvgmc6g5 gmail-cxmmr5t8 gmail-oygrvhab gmail-hcukyx3x gmail-c1et5uql gmail-ii04i59q\">\n<div class=\"page-title-head hgroup\">\n<div class=\"page-title-head hgroup\">\n<div class=\"b654a4as d2edcug0\">\n<div class=\"j83agx80 btwxx1t3 lhclo0ds hop8lmos nkwizq5d scwd0bx6 roh60bw9\">\n<div class=\"rq0escxv hkbzh7o3 jwdofwj8 n8tt0mok r8blr3vg hyh9befq\">\n<div class=\"do00u71z l9j0dhe7 k4urcfbm\">\n<blockquote>\n<h3><span style=\"color: #ff0000;\">IN VIVO VERSO, SETTIMA STAGIONE CON BRUNELLA MORO, DAL LUNEDI AL VENERDI ALLE 7.10, 10.10\u00a0<\/span><\/h3>\n<div dir=\"auto\">Si conclude un\u2019altra stagione di In Vivo Verso \u2026 quante volte l\u2019anima si \u00e8 sollevata,leggendovi\u2026 tanti momenti sospesi dal quotidiano immersa nei vostri versi.. quanta profondit\u00e0, sollievo, gioia e intensit\u00e0 ho provato , insieme e grazie a voi.. Con tutto il mio amore vi auguro un\u2019estate serena. Una settimana da domani con autori intensi e dalla delicata sensibilit\u00e0: <a class=\"oajrlxb2 g5ia77u1 qu0x051f esr5mh6w e9989ue4 r7d6kgcz rq0escxv nhd2j8a9 nc684nl6 p7hjln8o kvgmc6g5 cxmmr5t8 oygrvhab hcukyx3x jb3vyjys rz4wbd8a qt6c0cv9 a8nywdso i1ao9s8h esuyzwwr f1sip0of lzcic4wl gpro0wi8 q66pz984 b1v8xokw\" tabindex=\"0\" role=\"link\" href=\"https:\/\/www.facebook.com\/groups\/1534369250161530\/user\/1581174033\/?__cft__[0]=AZUHAVkoHMcnPkFflD7OdsWF8w9jKMU9FAonUe12DNLZnjYySHag5b9tDiGW3lSc6M8--t1UQFzJoQelssaIGOn16a-c3X1rMu0pVxUz3JhW0bOcGkn5XIWMCy8HIGfBLRDs9nB7D-9bNNxwz7NXk7jrlw5AkUowhq8x27mOkDWFBz1003m_apyxVOFBwkaua36ylK0x6XogI9jqRW30eqUv&amp;__tn__=-]K-R\"><span class=\"nc684nl6\">Paolo De Toffol<\/span><\/a>,<a class=\"oajrlxb2 g5ia77u1 qu0x051f esr5mh6w e9989ue4 r7d6kgcz rq0escxv nhd2j8a9 nc684nl6 p7hjln8o kvgmc6g5 cxmmr5t8 oygrvhab hcukyx3x jb3vyjys rz4wbd8a qt6c0cv9 a8nywdso i1ao9s8h esuyzwwr f1sip0of lzcic4wl gpro0wi8 q66pz984 b1v8xokw\" tabindex=\"0\" role=\"link\" href=\"https:\/\/www.facebook.com\/groups\/1534369250161530\/user\/1814012443\/?__cft__[0]=AZUHAVkoHMcnPkFflD7OdsWF8w9jKMU9FAonUe12DNLZnjYySHag5b9tDiGW3lSc6M8--t1UQFzJoQelssaIGOn16a-c3X1rMu0pVxUz3JhW0bOcGkn5XIWMCy8HIGfBLRDs9nB7D-9bNNxwz7NXk7jrlw5AkUowhq8x27mOkDWFBz1003m_apyxVOFBwkaua36ylK0x6XogI9jqRW30eqUv&amp;__tn__=-]K-R\"><span class=\"nc684nl6\">Doriana Puglisi<\/span><\/a>,<a class=\"oajrlxb2 g5ia77u1 qu0x051f esr5mh6w e9989ue4 r7d6kgcz rq0escxv nhd2j8a9 nc684nl6 p7hjln8o kvgmc6g5 cxmmr5t8 oygrvhab hcukyx3x jb3vyjys rz4wbd8a qt6c0cv9 a8nywdso i1ao9s8h esuyzwwr f1sip0of lzcic4wl gpro0wi8 q66pz984 b1v8xokw\" tabindex=\"0\" role=\"link\" href=\"https:\/\/www.facebook.com\/Chandra-Livia-Candiani-465481123649952\/?__cft__[0]=AZUHAVkoHMcnPkFflD7OdsWF8w9jKMU9FAonUe12DNLZnjYySHag5b9tDiGW3lSc6M8--t1UQFzJoQelssaIGOn16a-c3X1rMu0pVxUz3JhW0bOcGkn5XIWMCy8HIGfBLRDs9nB7D-9bNNxwz7NXk7jrlw5AkUowhq8x27mOkDWFBz1003m_apyxVOFBwkaua36ylK0x6XogI9jqRW30eqUv&amp;__tn__=kK-R\"><span class=\"nc684nl6\">Chandra Livia Candiani<\/span><\/a> ,la voce e i versi di <a class=\"oajrlxb2 g5ia77u1 qu0x051f esr5mh6w e9989ue4 r7d6kgcz rq0escxv nhd2j8a9 nc684nl6 p7hjln8o kvgmc6g5 cxmmr5t8 oygrvhab hcukyx3x jb3vyjys rz4wbd8a qt6c0cv9 a8nywdso i1ao9s8h esuyzwwr f1sip0of lzcic4wl gpro0wi8 q66pz984 b1v8xokw\" tabindex=\"0\" role=\"link\" href=\"https:\/\/www.facebook.com\/groups\/1534369250161530\/user\/1377024128\/?__cft__[0]=AZUHAVkoHMcnPkFflD7OdsWF8w9jKMU9FAonUe12DNLZnjYySHag5b9tDiGW3lSc6M8--t1UQFzJoQelssaIGOn16a-c3X1rMu0pVxUz3JhW0bOcGkn5XIWMCy8HIGfBLRDs9nB7D-9bNNxwz7NXk7jrlw5AkUowhq8x27mOkDWFBz1003m_apyxVOFBwkaua36ylK0x6XogI9jqRW30eqUv&amp;__tn__=-]K-R\"><span class=\"nc684nl6\">Alessandra Servi<\/span><\/a> e la voce di un caro amico,Andrea Cecchella che declamer\u00e0 una meravigliosa poesia di un autore bellunese di rara finezza : Giano Perale.<\/div>\n<div dir=\"auto\">A presto, ricevo volentieri i vostri versi durante questa pausa .. li metto via per quando ci ritroveremo.<br \/>\n<strong>Brunella Moro<\/strong><\/div>\n<h3>PROFUMO DI PULITO di DORIANA PUGLISI<\/h3>\n<\/blockquote>\n<p><strong>AUDIO<\/strong><\/p>\n<audio class=\"wp-audio-shortcode\" id=\"audio-273563-7\" preload=\"none\" style=\"width: 100%;\" controls=\"controls\"><source type=\"audio\/mpeg\" src=\"https:\/\/www.radiopiu.net\/wordpress\/wp-content\/uploads\/2022\/05\/2-DORIANA-PUGLISI-PROFUMO-DI-PULITO.mp3?_=7\" \/><a href=\"https:\/\/www.radiopiu.net\/wordpress\/wp-content\/uploads\/2022\/05\/2-DORIANA-PUGLISI-PROFUMO-DI-PULITO.mp3\">https:\/\/www.radiopiu.net\/wordpress\/wp-content\/uploads\/2022\/05\/2-DORIANA-PUGLISI-PROFUMO-DI-PULITO.mp3<\/a><\/audio>\n<p>&nbsp;<\/p>\n<p><strong>PROFUMO DI PULITO<\/strong><\/p>\n<p><img loading=\"lazy\" decoding=\"async\" class=\"alignleft\" src=\"https:\/\/www.radiopiu.net\/wordpress\/wp-content\/uploads\/2022\/05\/3-DORIANA-PUGLISI-FOTO.jpg\" width=\"140\" height=\"105\" \/>Profumo di pulito stamane nell&#8217;aria<br \/>\nche sa di fresco bucato<br \/>\ndolce risveglio andar fuori<br \/>\ne godere a pieni polmoni<br \/>\nla tiepida aria che sa di primavera<br \/>\nincontrare una persona e con meraviglia salutarla<br \/>\ncome fosse la prima volta<br \/>\nChe dolce serenit\u00e0 nell&#8217;aria oggi<br \/>\ne sembran gi\u00e0 lontani tutti i guai<br \/>\nmagari sar\u00e0 solo un giorno il dolce riposo<br \/>\nma godo di questo momento<br \/>\ncome fosse il primo come fosse l&#8217;ultimo<br \/>\nora il sole scalda in questo caldo giorno<\/p>\n<p><strong>\u00a0<\/strong><\/p>\n<p><strong>LA RACCOLTA COMPLETA<\/strong><\/p>\n<blockquote class=\"wp-embedded-content\" data-secret=\"UHGRAbVyID\"><p><a href=\"https:\/\/www.radiopiu.net\/wordpress\/in-vivo-verso\/\">In Vivo Verso<\/a><\/p><\/blockquote>\n<p><iframe loading=\"lazy\" class=\"wp-embedded-content\" sandbox=\"allow-scripts\" security=\"restricted\" style=\"position: absolute; clip: rect(1px, 1px, 1px, 1px);\" title=\"&#8220;In Vivo Verso&#8221; &#8212; Radio Pi\u00f9\" src=\"https:\/\/www.radiopiu.net\/wordpress\/in-vivo-verso\/embed\/#?secret=oIBnbU6SGs#?secret=UHGRAbVyID\" data-secret=\"UHGRAbVyID\" width=\"600\" height=\"338\" frameborder=\"0\" marginwidth=\"0\" marginheight=\"0\" scrolling=\"no\"><\/iframe><\/p>\n<p>&nbsp;<\/p>\n<hr \/>\n<p>&nbsp;<\/p>\n<h3 class=\"entry-title\"><span style=\"color: #ff0000;\"><a href=\"https:\/\/www.radiopiu.net\/wordpress\/wp-content\/uploads\/2022\/04\/bustos-756620__340.webp\"><img loading=\"lazy\" decoding=\"async\" class=\" wp-image-271808 alignleft\" src=\"https:\/\/www.radiopiu.net\/wordpress\/wp-content\/uploads\/2022\/04\/bustos-756620__340-150x150.webp\" alt=\"\" width=\"94\" height=\"94\" \/><\/a>GOCCE DI FILOSOFIA PUNTATA 192 con Chiara Cau<\/span><\/h3>\n<p>AUDIO<\/p>\n<audio class=\"wp-audio-shortcode\" id=\"audio-273563-8\" preload=\"none\" style=\"width: 100%;\" controls=\"controls\"><source type=\"audio\/mpeg\" src=\"https:\/\/www.radiopiu.net\/wordpress\/wp-content\/uploads\/2022\/05\/FI2.mp3?_=8\" \/><a href=\"https:\/\/www.radiopiu.net\/wordpress\/wp-content\/uploads\/2022\/05\/FI2.mp3\">https:\/\/www.radiopiu.net\/wordpress\/wp-content\/uploads\/2022\/05\/FI2.mp3<\/a><\/audio>\n<p>&nbsp;<\/p>\n<p><strong>\u00a0<\/strong><strong>LA RACCOLTA COMPLETA<\/strong><\/p>\n<blockquote class=\"wp-embedded-content\" data-secret=\"imj8vPvRm5\"><p><a href=\"https:\/\/www.radiopiu.net\/wordpress\/gocce-filosofia\/\">Gocce di filosofia, PRIMA E SECONDA STAGIONE 2022<\/a><\/p><\/blockquote>\n<p><iframe loading=\"lazy\" class=\"wp-embedded-content\" sandbox=\"allow-scripts\" security=\"restricted\" style=\"position: absolute; clip: rect(1px, 1px, 1px, 1px);\" title=\"&#8220;Gocce di filosofia, PRIMA E SECONDA STAGIONE 2022&#8221; &#8212; Radio Pi\u00f9\" src=\"https:\/\/www.radiopiu.net\/wordpress\/gocce-filosofia\/embed\/#?secret=9k2vu8AdKs#?secret=imj8vPvRm5\" data-secret=\"imj8vPvRm5\" width=\"600\" height=\"338\" frameborder=\"0\" marginwidth=\"0\" marginheight=\"0\" scrolling=\"no\"><\/iframe><\/p>\n<p>&nbsp;<\/p>\n<hr \/>\n<p>&nbsp;<\/p>\n<p><span style=\"color: #0000ff;\">MUSICA PIU&#8217;\u00a0<\/span><\/p>\n<p><a href=\"https:\/\/www.radiopiu.net\/wordpress\/giornale-radiopiu-20-settembre-2021-direttore-mirko-mezzacasa\/pp-79\/\" rel=\"attachment wp-att-232921\"><img loading=\"lazy\" decoding=\"async\" class=\"wp-image-232921 alignleft\" src=\"https:\/\/www.radiopiu.net\/wordpress\/wp-content\/uploads\/2021\/09\/pp-1-300x300.jpg\" alt=\"\" width=\"135\" height=\"135\" srcset=\"https:\/\/www.radiopiu.net\/wordpress\/wp-content\/uploads\/2021\/09\/pp-1-300x300.jpg 300w, https:\/\/www.radiopiu.net\/wordpress\/wp-content\/uploads\/2021\/09\/pp-1-150x150.jpg 150w, https:\/\/www.radiopiu.net\/wordpress\/wp-content\/uploads\/2021\/09\/pp-1.jpg 640w\" sizes=\"auto, (max-width: 135px) 100vw, 135px\" \/><\/a><\/p>\n<div class=\"mkdf-post-text\">\n<div class=\"mkdf-post-text-inner\">\n<div class=\"mkdf-post-text-main\">\n<div class=\"mkdf-post-text\">\n<div class=\"mkdf-post-text-inner\">\n<div class=\"mkdf-post-text-main\">\n<div class=\"mkdf-post-text\">\n<div class=\"mkdf-post-text-inner\">\n<div class=\"mkdf-post-text-main\">\n<div class=\"page-title-head hgroup\">\n<div class=\"page-title-head hgroup\">\n<div class=\"mkdf-post-text\">\n<div class=\"mkdf-post-text-inner\">\n<div class=\"mkdf-post-text-main\">\n<div class=\"mkdf-post-text\">\n<div class=\"mkdf-post-text-inner\">\n<div class=\"mkdf-post-text-main\">\n<div class=\"page-title-head hgroup\">\n<div class=\"page-title-head hgroup\">\n<div class=\"page-title-head hgroup\">\n<div class=\"page-title-head hgroup\">\n<div class=\"b654a4as d2edcug0\">\n<div class=\"page-title-head hgroup\">\n<div class=\"page-title-head hgroup\">\n<div class=\"page-title-head hgroup\">\n<div class=\"page-title-head hgroup\">\n<div class=\"b654a4as d2edcug0\">\n<div class=\"page-title-head hgroup\">\n<div class=\"page-title-head hgroup\">\n<div class=\"page-title-head hgroup\">\n<div class=\"page-title-head hgroup\">\n<div class=\"b654a4as d2edcug0\">\n<div class=\"mkdf-post-text\">\n<div class=\"mkdf-post-text-inner\">\n<div class=\"mkdf-post-text-main\">\n<div class=\"mkdf-post-text\">\n<div class=\"mkdf-post-text-inner\">\n<div class=\"mkdf-post-text-main\">\n<div class=\"mkdf-post-text\">\n<div class=\"mkdf-post-text-inner\">\n<div class=\"mkdf-post-text-main\">\n<div class=\"page-title-head hgroup\">\n<div class=\"page-title-head hgroup\">\n<div class=\"mkdf-post-text\">\n<div class=\"mkdf-post-text-inner\">\n<div class=\"mkdf-post-text-main\">\n<div class=\"mkdf-post-text\">\n<div class=\"mkdf-post-text-inner\">\n<div class=\"mkdf-post-text-main\">\n<div class=\"page-title-head hgroup\">\n<div class=\"page-title-head hgroup\">\n<div class=\"page-title-head hgroup\">\n<div class=\"page-title-head hgroup\">\n<div class=\"b654a4as d2edcug0\">\n<div class=\"page-title-head hgroup\">\n<div class=\"page-title-head hgroup\">\n<div class=\"page-title-head hgroup\">\n<div class=\"page-title-head hgroup\">\n<div class=\"b654a4as d2edcug0\">\n<div class=\"page-title-head hgroup\">\n<div class=\"page-title-head hgroup\">\n<div class=\"page-title-head hgroup\">\n<div class=\"page-title-head hgroup\">\n<div class=\"b654a4as d2edcug0\">\n<div><\/div>\n<div><\/div>\n<div>\n<p><strong>MUSICA ALLA RADIO, IL PROGRAMMA DI LORIS SCUSSEL &#8220;COLLAGE OPERAZIONE NOSTALGIA&#8221; DAL LUNEDI AL VENERDI ALLE 16.00\u00a0 E ALLE 23\u00a0<\/strong><\/p>\n<p>&nbsp;<\/p>\n<\/div>\n<p><em><strong>PUNTATA 597 DEL 03 MAGGIO 2022<\/strong><\/em><\/p>\n<audio class=\"wp-audio-shortcode\" id=\"audio-273563-9\" preload=\"none\" style=\"width: 100%;\" controls=\"controls\"><source type=\"audio\/mpeg\" src=\"https:\/\/www.radiopiu.net\/wordpress\/wp-content\/uploads\/2022\/05\/Collage-597.mp3?_=9\" \/><a href=\"https:\/\/www.radiopiu.net\/wordpress\/wp-content\/uploads\/2022\/05\/Collage-597.mp3\">https:\/\/www.radiopiu.net\/wordpress\/wp-content\/uploads\/2022\/05\/Collage-597.mp3<\/a><\/audio>\n<p><strong><a class=\"dt-pswp-item\" href=\"https:\/\/www.radiopiu.net\/wordpress\/wp-content\/uploads\/2022\/05\/Gastone-Petrolini.jpg\" data-dt-img-description=\"\" data-large_image_width=\"299\" data-large_image_height=\"300\"><img loading=\"lazy\" decoding=\"async\" class=\"size-thumbnail wp-image-273277 alignleft\" src=\"https:\/\/www.radiopiu.net\/wordpress\/wp-content\/uploads\/2022\/05\/Gastone-Petrolini-150x150.jpg\" alt=\"\" width=\"150\" height=\"150\" srcset=\"https:\/\/www.radiopiu.net\/wordpress\/wp-content\/uploads\/2022\/05\/Gastone-Petrolini-150x150.jpg 150w, https:\/\/www.radiopiu.net\/wordpress\/wp-content\/uploads\/2022\/05\/Gastone-Petrolini.jpg 299w\" sizes=\"auto, (max-width: 150px) 100vw, 150px\" \/><\/a>di Loris Scussel<\/strong><\/p>\n<p>Un traguardo importante quello raggiunto da Collage alla fine di questa settimana perch\u00e9 saranno 600 le puntate andate in onda sulla nostra emittente, un lungo viaggio musicale tra brani pi\u00f9 o meno noti e qualche reperto d\u2019epoca come \u201cGastone\u201d di Ettore Petrolini che avremo occasione di ascoltare nei prossimi giorni. Inizieremo la programmazione con una sequenza di canzoni italiane degli anni 60, tema conduttore di marted\u00ec saranno\u00a0 i nomi maschili e mercoled\u00ec quelli femminili, gioved\u00ec daremo spazio alla musica internazionale per arrivare venerd\u00ec alla puntata n\u00b0 600 dedicata ai cantautori di casa nostra. Collage va in onda dal luned\u00ec al venerd\u00ec alle 16,00 e alle 23,00 naturalmente su Radiopi\u00f9.<\/p>\n<p>&nbsp;<\/p>\n<p>&nbsp;<\/p>\n<hr \/>\n<p>&nbsp;<\/p>\n<h2><span style=\"color: #0000ff;\">SALUTE &amp; SOCIETA&#8217;\u00a0\u00a0<\/span><\/h2>\n<p><strong>LA RACCOLTA COMPLETA<\/strong><\/p>\n<blockquote class=\"wp-embedded-content\" data-secret=\"1ct5RJXGH7\"><p><a href=\"https:\/\/www.radiopiu.net\/wordpress\/saluteesocieta\/\">Salute e Societ\u00e0<\/a><\/p><\/blockquote>\n<p><iframe loading=\"lazy\" class=\"wp-embedded-content\" sandbox=\"allow-scripts\" security=\"restricted\" style=\"position: absolute; clip: rect(1px, 1px, 1px, 1px);\" title=\"&#8220;Salute e Societ\u00e0&#8221; &#8212; Radio Pi\u00f9\" src=\"https:\/\/www.radiopiu.net\/wordpress\/saluteesocieta\/embed\/#?secret=UD31N8fCNT#?secret=1ct5RJXGH7\" data-secret=\"1ct5RJXGH7\" width=\"600\" height=\"338\" frameborder=\"0\" marginwidth=\"0\" marginheight=\"0\" scrolling=\"no\"><\/iframe><\/p>\n<p>&nbsp;<\/p>\n<hr \/>\n<\/div>\n<\/div>\n<\/div>\n<\/div>\n<\/div>\n<\/div>\n<\/div>\n<\/div>\n<\/div>\n<\/div>\n<\/div>\n<\/div>\n<\/div>\n<\/div>\n<\/div>\n<\/div>\n<\/div>\n<\/div>\n<\/div>\n<\/div>\n<\/div>\n<\/div>\n<\/div>\n<\/div>\n<\/div>\n<\/div>\n<\/div>\n<\/div>\n<\/div>\n<\/div>\n<\/div>\n<\/div>\n<\/div>\n<\/div>\n<\/div>\n<\/div>\n<\/div>\n<\/div>\n<\/div>\n<\/div>\n<\/div>\n<\/div>\n<\/div>\n<\/div>\n<\/div>\n<\/div>\n<\/div>\n<\/div>\n<\/div>\n<\/div>\n<\/div>\n<\/div>\n<\/div>\n<\/div>\n<\/div>\n<\/div>\n<\/div>\n<\/div>\n<\/div>\n<\/div>\n<\/div>\n<\/div>\n<\/div>\n<\/div>\n<p>&nbsp;<\/p>\n<blockquote>\n<h3><span style=\"color: #0000ff;\">RADIO PIU INFORMAZIONE il canale su TELEGRAM informazione di prima mano e in tempo reale. iscriviti ed aiutaci a farlo conoscere\u00a0\u00a0<\/span><\/h3>\n<\/blockquote>\n<div>\n<div class=\"page-title-head hgroup\">\n<div class=\"page-title-head hgroup\">\n<div class=\"page-title-head hgroup\">\n<div class=\"page-title-head hgroup\">\n<div class=\"b654a4as d2edcug0\">\n<div class=\"page-title-head hgroup\">\n<div class=\"page-title-head hgroup\">\n<div class=\"page-title-head hgroup\">\n<div class=\"page-title-head hgroup\">\n<div class=\"b654a4as d2edcug0\">\n<div class=\"page-title-head hgroup\">\n<div class=\"page-title-head hgroup\">\n<div class=\"page-title-head hgroup\">\n<div class=\"page-title-head hgroup\">\n<div class=\"page-title-head hgroup\">\n<div class=\"page-title-head hgroup\">\n<div class=\"page-title-head hgroup\">\n<div class=\"page-title-head hgroup\">\n<div class=\"page-title-head hgroup\">\n<div class=\"b654a4as d2edcug0\">\n<div class=\"page-title-head hgroup\">\n<div class=\"page-title-head hgroup\">\n<div class=\"page-title-head hgroup\">\n<div class=\"page-title-head hgroup\">\n<div class=\"b654a4as d2edcug0\">\n<div><\/div>\n<div>\n<div class=\"page-title-head hgroup\">\n<div class=\"page-title-head hgroup\">\n<div class=\"page-title-head hgroup\">\n<div class=\"page-title-head hgroup\">\n<div class=\"page-title-head hgroup\">\n<div class=\"mkdf-post-text\">\n<div class=\"mkdf-post-text-inner\">\n<div class=\"mkdf-post-text-main\">\n<div class=\"mkdf-post-text\">\n<div class=\"mkdf-post-text-inner\">\n<div class=\"mkdf-post-text-main\">\n<div class=\"mkdf-post-text\">\n<div class=\"mkdf-post-text-inner\">\n<div class=\"mkdf-post-text-main\">\n<div class=\"page-title-head hgroup\">\n<div class=\"page-title-head hgroup\">\n<div class=\"mkdf-post-text\">\n<div class=\"mkdf-post-text-inner\">\n<div class=\"mkdf-post-text-main\">\n<div class=\"mkdf-post-text\">\n<div class=\"mkdf-post-text-inner\">\n<div class=\"mkdf-post-text-main\">\n<div class=\"page-title-head hgroup\">\n<div class=\"page-title-head hgroup\">\n<div class=\"page-title-head hgroup\">\n<div class=\"page-title-head hgroup\">\n<div class=\"b654a4as d2edcug0\">\n<div class=\"page-title-head hgroup\">\n<div class=\"page-title-head hgroup\">\n<div class=\"page-title-head hgroup\">\n<div class=\"page-title-head hgroup\">\n<div class=\"b654a4as d2edcug0\">\n<div class=\"page-title-head hgroup\">\n<div class=\"page-title-head hgroup\">\n<div class=\"page-title-head hgroup\">\n<div class=\"page-title-head hgroup\">\n<p>&nbsp;<\/p>\n<div>\n<div class=\"page-title-head hgroup\">\n<div class=\"page-title-head hgroup\">\n<div class=\"b654a4as d2edcug0\">\n<div class=\"j83agx80 btwxx1t3 lhclo0ds hop8lmos nkwizq5d scwd0bx6 roh60bw9\">\n<div class=\"rq0escxv hkbzh7o3 jwdofwj8 n8tt0mok r8blr3vg hyh9befq\">\n<div class=\"do00u71z l9j0dhe7 k4urcfbm\">\n<div class=\"page-title-head hgroup\">\n<div class=\"page-title-head hgroup\">\n<div class=\"b654a4as d2edcug0\">\n<div class=\"j83agx80 btwxx1t3 lhclo0ds hop8lmos nkwizq5d scwd0bx6 roh60bw9\">\n<div class=\"rq0escxv hkbzh7o3 jwdofwj8 n8tt0mok r8blr3vg hyh9befq\">\n<div class=\"do00u71z l9j0dhe7 k4urcfbm\">\n<div class=\"ecm0bbzt e5nlhep0 a8c37x1j\">\n<div class=\"kvgmc6g5 cxmmr5t8 oygrvhab hcukyx3x c1et5uql\">\n<div class=\"gmail-kvgmc6g5 gmail-cxmmr5t8 gmail-oygrvhab gmail-hcukyx3x gmail-c1et5uql gmail-ii04i59q\">\n<div class=\"page-title-head hgroup\">\n<div class=\"page-title-head hgroup\">\n<div class=\"b654a4as d2edcug0\">\n<div class=\"j83agx80 btwxx1t3 lhclo0ds hop8lmos nkwizq5d scwd0bx6 roh60bw9\">\n<div class=\"rq0escxv hkbzh7o3 jwdofwj8 n8tt0mok r8blr3vg hyh9befq\">\n<div class=\"do00u71z l9j0dhe7 k4urcfbm\">\n<div class=\"page-title-head hgroup\">\n<div class=\"page-title-head hgroup\">\n<div class=\"b654a4as d2edcug0\">\n<div class=\"j83agx80 btwxx1t3 lhclo0ds hop8lmos nkwizq5d scwd0bx6 roh60bw9\">\n<div class=\"rq0escxv hkbzh7o3 jwdofwj8 n8tt0mok r8blr3vg hyh9befq\">\n<div class=\"do00u71z l9j0dhe7 k4urcfbm\">\n<div class=\"page-title-head hgroup\">\n<div class=\"page-title-head hgroup\">\n<div class=\"b654a4as d2edcug0\">\n<div class=\"j83agx80 btwxx1t3 lhclo0ds hop8lmos nkwizq5d scwd0bx6 roh60bw9\">\n<div class=\"rq0escxv hkbzh7o3 jwdofwj8 n8tt0mok r8blr3vg hyh9befq\">\n<div class=\"do00u71z l9j0dhe7 k4urcfbm\">\n<div class=\"ecm0bbzt e5nlhep0 a8c37x1j\">\n<div class=\"kvgmc6g5 cxmmr5t8 oygrvhab hcukyx3x c1et5uql\">\n<div class=\"gmail-kvgmc6g5 gmail-cxmmr5t8 gmail-oygrvhab gmail-hcukyx3x gmail-c1et5uql gmail-ii04i59q\">\n<div class=\"page-title-head hgroup\">\n<div class=\"page-title-head hgroup\">\n<div class=\"b654a4as d2edcug0\">\n<div class=\"j83agx80 btwxx1t3 lhclo0ds hop8lmos nkwizq5d scwd0bx6 roh60bw9\">\n<div class=\"rq0escxv hkbzh7o3 jwdofwj8 n8tt0mok r8blr3vg hyh9befq\">\n<div class=\"do00u71z l9j0dhe7 k4urcfbm\">\n<div class=\"page-title-head hgroup\">\n<div class=\"page-title-head hgroup\">\n<div class=\"page-title-head hgroup\">\n<div class=\"page-title-head hgroup\">\n<div class=\"b654a4as d2edcug0\">\n<div class=\"page-title-head hgroup\">\n<div class=\"page-title-head hgroup\">\n<div class=\"page-title-head hgroup\">\n<div class=\"page-title-head hgroup\">\n<div class=\"b654a4as d2edcug0\">\n<div class=\"page-title-head hgroup\">\n<div class=\"page-title-head hgroup\">\n<div class=\"page-title-head hgroup\">\n<div class=\"page-title-head hgroup\">\n<div class=\"page-title-head hgroup\">\n<div class=\"page-title-head hgroup\">\n<div class=\"page-title-head hgroup\">\n<div class=\"page-title-head hgroup\">\n<div class=\"page-title-head hgroup\">\n<div class=\"b654a4as d2edcug0\">\n<div class=\"page-title-head hgroup\">\n<div class=\"page-title-head hgroup\">\n<div class=\"page-title-head hgroup\">\n<div class=\"page-title-head hgroup\">\n<div class=\"b654a4as d2edcug0\">\n<div class=\"page-title-head hgroup\">\n<div class=\"page-title-head hgroup\">\n<div class=\"page-title-head hgroup\">\n<div class=\"page-title-head hgroup\">\n<div class=\"page-title-head hgroup\">\n<div class=\"mkdf-post-text\">\n<div class=\"mkdf-post-text-inner\">\n<div class=\"mkdf-post-text-main\">\n<div class=\"mkdf-post-text\">\n<div class=\"mkdf-post-text-inner\">\n<div class=\"mkdf-post-text-main\">\n<div class=\"mkdf-post-text\">\n<div class=\"mkdf-post-text-inner\">\n<div class=\"mkdf-post-text-main\">\n<div class=\"page-title-head hgroup\">\n<div class=\"page-title-head hgroup\">\n<div class=\"mkdf-post-text\">\n<div class=\"mkdf-post-text-inner\">\n<div class=\"mkdf-post-text-main\">\n<div class=\"mkdf-post-text\">\n<div class=\"mkdf-post-text-inner\">\n<div class=\"mkdf-post-text-main\">\n<div class=\"page-title-head hgroup\">\n<div class=\"page-title-head hgroup\">\n<div class=\"page-title-head hgroup\">\n<div class=\"page-title-head hgroup\">\n<div class=\"b654a4as d2edcug0\">\n<div class=\"page-title-head hgroup\">\n<div class=\"page-title-head hgroup\">\n<div class=\"page-title-head hgroup\">\n<div class=\"page-title-head hgroup\">\n<div class=\"b654a4as d2edcug0\">\n<div class=\"page-title-head hgroup\">\n<div class=\"page-title-head hgroup\">\n<div class=\"page-title-head hgroup\">\n<div class=\"page-title-head hgroup\">\n<div class=\"b654a4as d2edcug0\">\n<div class=\"ecm0bbzt e5nlhep0 a8c37x1j\">\n<div class=\"kvgmc6g5 cxmmr5t8 oygrvhab hcukyx3x c1et5uql\">\n<div class=\"gmail-kvgmc6g5 gmail-cxmmr5t8 gmail-oygrvhab gmail-hcukyx3x gmail-c1et5uql gmail-ii04i59q\">\n<div class=\"page-title-head hgroup\">\n<div class=\"page-title-head hgroup\">\n<div class=\"b654a4as d2edcug0\">\n<div class=\"j83agx80 btwxx1t3 lhclo0ds hop8lmos nkwizq5d scwd0bx6 roh60bw9\">\n<div class=\"rq0escxv hkbzh7o3 jwdofwj8 n8tt0mok r8blr3vg hyh9befq\">\n<div class=\"do00u71z l9j0dhe7 k4urcfbm\">\n<div class=\"page-title-head hgroup\">\n<div class=\"page-title-head hgroup\">\n<div class=\"page-title-head hgroup\">\n<div class=\"page-title-head hgroup\">\n<div class=\"b654a4as d2edcug0\">\n<div class=\"page-title-head hgroup\">\n<div class=\"page-title-head hgroup\">\n<div class=\"page-title-head hgroup\">\n<div class=\"page-title-head hgroup\">\n<div class=\"b654a4as d2edcug0\">\n<div class=\"page-title-head hgroup\">\n<div class=\"page-title-head hgroup\">\n<div class=\"page-title-head hgroup\">\n<div class=\"page-title-head hgroup\">\n<div class=\"page-title-head hgroup\">\n<div class=\"page-title-head hgroup\">\n<div class=\"page-title-head hgroup\">\n<div class=\"page-title-head hgroup\">\n<div class=\"page-title-head hgroup\">\n<div class=\"b654a4as d2edcug0\">\n<div class=\"page-title-head hgroup\">\n<div class=\"page-title-head hgroup\">\n<div class=\"page-title-head hgroup\">\n<div class=\"page-title-head hgroup\">\n<div class=\"b654a4as d2edcug0\">\n<div class=\"page-title-head hgroup\">\n<div class=\"page-title-head hgroup\">\n<div class=\"page-title-head hgroup\">\n<div class=\"page-title-head hgroup\">\n<div class=\"page-title-head hgroup\">\n<div class=\"mkdf-post-text\">\n<div class=\"mkdf-post-text-inner\">\n<div class=\"mkdf-post-text-main\">\n<div class=\"mkdf-post-text\">\n<div class=\"mkdf-post-text-inner\">\n<div class=\"mkdf-post-text-main\">\n<div class=\"mkdf-post-text\">\n<div class=\"mkdf-post-text-inner\">\n<div class=\"mkdf-post-text-main\">\n<div class=\"page-title-head hgroup\">\n<div class=\"page-title-head hgroup\">\n<div class=\"mkdf-post-text\">\n<div class=\"mkdf-post-text-inner\">\n<div class=\"mkdf-post-text-main\">\n<div class=\"mkdf-post-text\">\n<div class=\"mkdf-post-text-inner\">\n<div class=\"mkdf-post-text-main\">\n<div class=\"page-title-head hgroup\">\n<div class=\"page-title-head hgroup\">\n<div class=\"page-title-head hgroup\">\n<div class=\"page-title-head hgroup\">\n<div class=\"b654a4as d2edcug0\">\n<div class=\"page-title-head hgroup\">\n<div class=\"page-title-head hgroup\">\n<div class=\"page-title-head hgroup\">\n<div class=\"page-title-head hgroup\">\n<div class=\"b654a4as d2edcug0\">\n<div class=\"page-title-head hgroup\">\n<div class=\"page-title-head hgroup\">\n<div class=\"page-title-head hgroup\">\n<div class=\"page-title-head hgroup\">\n<div class=\"b654a4as d2edcug0\">\n<hr \/>\n<p>&nbsp;<\/p>\n<div>\n<p><strong>DUE MINUTI UN LIBRO, TUTTI I GIORNI ALLA RADIO ALLE 9.40 E ALLE 17.50\u00a0\u00a0<\/strong><\/p>\n<div>\n<div>\n<p><strong>LA RACCOLTA COMPLETA\u00a0\u00a0<\/strong><\/p>\n<\/div>\n<\/div>\n<\/div>\n<div class=\"mkdf-post-text\">\n<div class=\"mkdf-post-text-inner\">\n<div class=\"mkdf-post-text-main\">\n<div class=\"mkdf-post-text\">\n<div class=\"mkdf-post-text-inner\">\n<div class=\"mkdf-post-text-main\">\n<div class=\"mkdf-post-text\">\n<div class=\"mkdf-post-text-inner\">\n<div class=\"mkdf-post-text-main\">\n<div class=\"page-title-head hgroup\">\n<div class=\"page-title-head hgroup\">\n<div class=\"mkdf-post-text\">\n<div class=\"mkdf-post-text-inner\">\n<div class=\"mkdf-post-text-main\">\n<div class=\"mkdf-post-text\">\n<div class=\"mkdf-post-text-inner\">\n<div class=\"mkdf-post-text-main\">\n<div class=\"page-title-head hgroup\">\n<div class=\"page-title-head hgroup\">\n<div class=\"page-title-head hgroup\">\n<div class=\"page-title-head hgroup\">\n<div class=\"b654a4as d2edcug0\">\n<div class=\"page-title-head hgroup\">\n<div class=\"page-title-head hgroup\">\n<div class=\"page-title-head hgroup\">\n<div class=\"page-title-head hgroup\">\n<div class=\"b654a4as d2edcug0\">\n<div class=\"page-title-head hgroup\">\n<div class=\"page-title-head hgroup\">\n<div class=\"page-title-head hgroup\">\n<div class=\"page-title-head hgroup\">\n<div class=\"b654a4as d2edcug0\">\n<div>\n<blockquote class=\"wp-embedded-content\" data-secret=\"b2kqU5Eprt\"><p><a href=\"https:\/\/www.radiopiu.net\/wordpress\/due-minuti-un-libro\/\">Due minuti un libro<\/a><\/p><\/blockquote>\n<p><iframe loading=\"lazy\" class=\"wp-embedded-content\" sandbox=\"allow-scripts\" security=\"restricted\" style=\"position: absolute; clip: rect(1px, 1px, 1px, 1px);\" title=\"&#8220;Due minuti un libro&#8221; &#8212; Radio Pi\u00f9\" src=\"https:\/\/www.radiopiu.net\/wordpress\/due-minuti-un-libro\/embed\/#?secret=iF9nyQKbva#?secret=b2kqU5Eprt\" data-secret=\"b2kqU5Eprt\" width=\"600\" height=\"338\" frameborder=\"0\" marginwidth=\"0\" marginheight=\"0\" scrolling=\"no\"><\/iframe><\/p>\n<p>&nbsp;<\/p>\n<\/div>\n<div>\n<hr \/>\n<p>&nbsp;<\/p>\n<\/div>\n<h2><span style=\"color: #808000;\">L&#8217;ALMANACCO LADINO\u00a0\u00a0<\/span><\/h2>\n<p><strong>LA RACCOLTA<\/strong><\/p>\n<blockquote class=\"wp-embedded-content\" data-secret=\"ab2PK3cgvp\"><p><a href=\"https:\/\/www.radiopiu.net\/wordpress\/almanacco-ladino\/\">Almanacco Ladino<\/a><\/p><\/blockquote>\n<p><iframe loading=\"lazy\" class=\"wp-embedded-content\" sandbox=\"allow-scripts\" security=\"restricted\" style=\"position: absolute; clip: rect(1px, 1px, 1px, 1px);\" title=\"&#8220;Almanacco Ladino&#8221; &#8212; Radio Pi\u00f9\" src=\"https:\/\/www.radiopiu.net\/wordpress\/almanacco-ladino\/embed\/#?secret=DTfvU259mp#?secret=ab2PK3cgvp\" data-secret=\"ab2PK3cgvp\" width=\"600\" height=\"338\" frameborder=\"0\" marginwidth=\"0\" marginheight=\"0\" scrolling=\"no\"><\/iframe><\/p>\n<hr \/>\n<h2><span style=\"color: #33cccc;\">\u00a0<\/span><\/h2>\n<h2><span style=\"color: #33cccc;\">LA RASSEGNA STAMPA DA L&#8217;AMICO DEL POPOLO<\/span><\/h2>\n<p><strong><a class=\"dt-pswp-item\" href=\"https:\/\/www.radiopiu.net\/wordpress\/wp-content\/uploads\/2022\/04\/553052c4-a52c-4d8f-8252-caac23ad1b67.jpg\" data-dt-img-description=\"\" data-large_image_width=\"2000\" data-large_image_height=\"1500\"><img loading=\"lazy\" decoding=\"async\" class=\"size-thumbnail wp-image-273197 alignleft\" src=\"https:\/\/www.radiopiu.net\/wordpress\/wp-content\/uploads\/2022\/04\/553052c4-a52c-4d8f-8252-caac23ad1b67-150x150.jpg\" alt=\"\" width=\"150\" height=\"150\" \/><\/a>di Gianni Santomaso<\/strong><\/p>\n<p>OSPITE: Iliana Cavallet<\/p>\n<audio class=\"wp-audio-shortcode\" id=\"audio-273563-10\" preload=\"none\" style=\"width: 100%;\" controls=\"controls\"><source type=\"audio\/mpeg\" src=\"https:\/\/www.radiopiu.net\/wordpress\/wp-content\/uploads\/2022\/04\/RASSEGNA-GIANNI-4.mp3?_=10\" \/><a href=\"https:\/\/www.radiopiu.net\/wordpress\/wp-content\/uploads\/2022\/04\/RASSEGNA-GIANNI-4.mp3\">https:\/\/www.radiopiu.net\/wordpress\/wp-content\/uploads\/2022\/04\/RASSEGNA-GIANNI-4.mp3<\/a><\/audio>\n<p>&nbsp;<\/p>\n<p><strong>LA RACCOLTA COMPLETA<\/strong><\/p>\n<blockquote class=\"wp-embedded-content\" data-secret=\"AeykSFyjpo\"><p><a href=\"https:\/\/www.radiopiu.net\/wordpress\/rassegna-stampa-di-gianni-santomaso\/\">Rassegna stampa da l&#8217;amico del popolo &#8211; di Gianni Santomaso<\/a><\/p><\/blockquote>\n<p><iframe loading=\"lazy\" class=\"wp-embedded-content\" sandbox=\"allow-scripts\" security=\"restricted\" style=\"position: absolute; clip: rect(1px, 1px, 1px, 1px);\" title=\"&#8220;Rassegna stampa da l&#8217;amico del popolo &#8211; di Gianni Santomaso&#8221; &#8212; Radio Pi\u00f9\" src=\"https:\/\/www.radiopiu.net\/wordpress\/rassegna-stampa-di-gianni-santomaso\/embed\/#?secret=WlZXoWkIfr#?secret=AeykSFyjpo\" data-secret=\"AeykSFyjpo\" width=\"600\" height=\"338\" frameborder=\"0\" marginwidth=\"0\" marginheight=\"0\" scrolling=\"no\"><\/iframe><\/p>\n<p>&nbsp;<\/p>\n<hr \/>\n<p>&nbsp;<\/p>\n<div>\n<div class=\"page-title-head hgroup\">\n<div class=\"page-title-head hgroup\">\n<div class=\"b654a4as d2edcug0\">\n<div class=\"j83agx80 btwxx1t3 lhclo0ds hop8lmos nkwizq5d scwd0bx6 roh60bw9\">\n<div class=\"rq0escxv hkbzh7o3 jwdofwj8 n8tt0mok r8blr3vg hyh9befq\">\n<div class=\"do00u71z l9j0dhe7 k4urcfbm\">\n<div class=\"ecm0bbzt e5nlhep0 a8c37x1j\">\n<div class=\"kvgmc6g5 cxmmr5t8 oygrvhab hcukyx3x c1et5uql\">\n<div class=\"gmail-kvgmc6g5 gmail-cxmmr5t8 gmail-oygrvhab gmail-hcukyx3x gmail-c1et5uql gmail-ii04i59q\">\n<div class=\"page-title-head hgroup\">\n<div class=\"page-title-head hgroup\">\n<div class=\"b654a4as d2edcug0\">\n<div class=\"j83agx80 btwxx1t3 lhclo0ds hop8lmos nkwizq5d scwd0bx6 roh60bw9\">\n<div class=\"rq0escxv hkbzh7o3 jwdofwj8 n8tt0mok r8blr3vg hyh9befq\">\n<div class=\"do00u71z l9j0dhe7 k4urcfbm\">\n<div class=\"page-title-head hgroup\">\n<div class=\"page-title-head hgroup\">\n<div class=\"page-title-head hgroup\">\n<div class=\"page-title-head hgroup\">\n<div class=\"b654a4as d2edcug0\">\n<div class=\"page-title-head hgroup\">\n<div class=\"page-title-head hgroup\">\n<div class=\"page-title-head hgroup\">\n<div class=\"page-title-head hgroup\">\n<div class=\"b654a4as d2edcug0\">\n<div class=\"page-title-head hgroup\">\n<div class=\"page-title-head hgroup\">\n<div class=\"page-title-head hgroup\">\n<div class=\"page-title-head hgroup\">\n<div class=\"page-title-head hgroup\">\n<div class=\"page-title-head hgroup\">\n<div class=\"page-title-head hgroup\">\n<div class=\"page-title-head hgroup\">\n<div class=\"page-title-head hgroup\">\n<div class=\"b654a4as d2edcug0\">\n<div class=\"page-title-head hgroup\">\n<div class=\"page-title-head hgroup\">\n<div class=\"page-title-head hgroup\">\n<div class=\"page-title-head hgroup\">\n<div class=\"b654a4as d2edcug0\">\n<div class=\"page-title-head hgroup\">\n<div class=\"page-title-head hgroup\">\n<div class=\"page-title-head hgroup\">\n<div class=\"page-title-head hgroup\">\n<div class=\"page-title-head hgroup\">\n<div class=\"mkdf-post-text\">\n<div class=\"mkdf-post-text-inner\">\n<div class=\"mkdf-post-text-main\">\n<div class=\"mkdf-post-text\">\n<div class=\"mkdf-post-text-inner\">\n<div class=\"mkdf-post-text-main\">\n<div class=\"mkdf-post-text\">\n<div class=\"mkdf-post-text-inner\">\n<div class=\"mkdf-post-text-main\">\n<div class=\"page-title-head hgroup\">\n<div class=\"page-title-head hgroup\">\n<div class=\"mkdf-post-text\">\n<div class=\"mkdf-post-text-inner\">\n<div class=\"mkdf-post-text-main\">\n<div class=\"mkdf-post-text\">\n<div class=\"mkdf-post-text-inner\">\n<div class=\"mkdf-post-text-main\">\n<div class=\"page-title-head hgroup\">\n<div class=\"page-title-head hgroup\">\n<div class=\"page-title-head hgroup\">\n<div class=\"page-title-head hgroup\">\n<div class=\"b654a4as d2edcug0\">\n<div class=\"page-title-head hgroup\">\n<div class=\"page-title-head hgroup\">\n<div class=\"page-title-head hgroup\">\n<div class=\"page-title-head hgroup\">\n<div class=\"b654a4as d2edcug0\">\n<div class=\"page-title-head hgroup\">\n<div class=\"page-title-head hgroup\">\n<div class=\"page-title-head hgroup\">\n<div class=\"page-title-head hgroup\">\n<div class=\"b654a4as d2edcug0\">\n<h2><span style=\"color: #800080;\">I RACCONTI DI PAOLO SOPPELSA\u00a0<\/span><\/h2>\n<p><strong>LA RACCOLTA COMPLETA<\/strong><\/p>\n<blockquote class=\"wp-embedded-content\" data-secret=\"mjlCsYaS5V\"><p><a href=\"https:\/\/www.radiopiu.net\/wordpress\/i-racconti-di-paolo-soppelsa\/\">I racconti di Paolo Soppelsa<\/a><\/p><\/blockquote>\n<p><iframe loading=\"lazy\" class=\"wp-embedded-content\" sandbox=\"allow-scripts\" security=\"restricted\" style=\"position: absolute; clip: rect(1px, 1px, 1px, 1px);\" title=\"&#8220;I racconti di Paolo Soppelsa&#8221; &#8212; Radio Pi\u00f9\" src=\"https:\/\/www.radiopiu.net\/wordpress\/i-racconti-di-paolo-soppelsa\/embed\/#?secret=aWnwzOTQRw#?secret=mjlCsYaS5V\" data-secret=\"mjlCsYaS5V\" width=\"600\" height=\"338\" frameborder=\"0\" marginwidth=\"0\" marginheight=\"0\" scrolling=\"no\"><\/iframe><\/p>\n<p>&nbsp;<\/p>\n<hr \/>\n<p>&nbsp;<\/p>\n<\/div>\n<\/div>\n<\/div>\n<\/div>\n<\/div>\n<\/div>\n<\/div>\n<\/div>\n<\/div>\n<\/div>\n<\/div>\n<\/div>\n<\/div>\n<\/div>\n<\/div>\n<\/div>\n<\/div>\n<\/div>\n<\/div>\n<\/div>\n<\/div>\n<\/div>\n<\/div>\n<\/div>\n<\/div>\n<\/div>\n<\/div>\n<\/div>\n<\/div>\n<\/div>\n<\/div>\n<\/div>\n<\/div>\n<\/div>\n<\/div>\n<\/div>\n<\/div>\n<\/div>\n<\/div>\n<\/div>\n<\/div>\n<\/div>\n<\/div>\n<\/div>\n<\/div>\n<\/div>\n<\/div>\n<\/div>\n<\/div>\n<\/div>\n<\/div>\n<\/div>\n<\/div>\n<\/div>\n<\/div>\n<\/div>\n<\/div>\n<\/div>\n<\/div>\n<\/div>\n<\/div>\n<\/div>\n<\/div>\n<\/div>\n<\/div>\n<\/div>\n<\/div>\n<\/div>\n<\/div>\n<\/div>\n<\/div>\n<\/div>\n<\/div>\n<\/div>\n<\/div>\n<\/div>\n<\/div>\n<\/div>\n<\/div>\n<\/div>\n<\/div>\n<\/div>\n<\/div>\n<\/div>\n<\/div>\n<\/div>\n<\/div>\n<\/div>\n<\/div>\n<\/div>\n<\/div>\n<\/div>\n<\/div>\n<\/div>\n<\/div>\n<\/div>\n<\/div>\n<\/div>\n<\/div>\n<\/div>\n<\/div>\n<\/div>\n<\/div>\n<\/div>\n<\/div>\n<\/div>\n<\/div>\n<\/div>\n<\/div>\n<\/div>\n<\/div>\n<div class=\"b654a4as d2edcug0\">\n<div class=\"ecm0bbzt e5nlhep0 a8c37x1j\">\n<div class=\"kvgmc6g5 cxmmr5t8 oygrvhab hcukyx3x c1et5uql\">\n<div class=\"gmail-kvgmc6g5 gmail-cxmmr5t8 gmail-oygrvhab gmail-hcukyx3x gmail-c1et5uql gmail-ii04i59q\">\n<div>\n<div class=\"page-title-head hgroup\">\n<div class=\"page-title-head hgroup\">\n<div class=\"b654a4as d2edcug0\">\n<div class=\"j83agx80 btwxx1t3 lhclo0ds hop8lmos nkwizq5d scwd0bx6 roh60bw9\">\n<div class=\"rq0escxv hkbzh7o3 jwdofwj8 n8tt0mok r8blr3vg hyh9befq\">\n<div class=\"do00u71z l9j0dhe7 k4urcfbm\">\n<div>\n<div class=\"page-title-head hgroup\">\n<div class=\"page-title-head hgroup\">\n<div class=\"page-title-head hgroup\">\n<div class=\"page-title-head hgroup\">\n<div class=\"b654a4as d2edcug0\">\n<div class=\"page-title-head hgroup\">\n<div class=\"page-title-head hgroup\">\n<div class=\"page-title-head hgroup\">\n<div class=\"page-title-head hgroup\">\n<div class=\"b654a4as d2edcug0\">\n<div class=\"page-title-head hgroup\">\n<div class=\"page-title-head hgroup\">\n<div class=\"page-title-head hgroup\">\n<div class=\"page-title-head hgroup\">\n<div class=\"page-title-head hgroup\">\n<div class=\"mkdf-post-text\">\n<div class=\"mkdf-post-text-inner\">\n<div class=\"mkdf-post-text-main\">\n<div class=\"mkdf-post-text\">\n<div class=\"mkdf-post-text-inner\">\n<div class=\"mkdf-post-text-main\">\n<div class=\"mkdf-post-text\">\n<div class=\"mkdf-post-text-inner\">\n<div class=\"mkdf-post-text-main\">\n<div class=\"page-title-head hgroup\">\n<div class=\"page-title-head hgroup\">\n<div class=\"mkdf-post-text\">\n<div class=\"mkdf-post-text-inner\">\n<div class=\"mkdf-post-text-main\">\n<div class=\"mkdf-post-text\">\n<div class=\"mkdf-post-text-inner\">\n<div class=\"mkdf-post-text-main\">\n<div>\n<div class=\"page-title-head hgroup\">\n<div class=\"page-title-head hgroup\">\n<div>\n<div class=\"page-title-head hgroup\">\n<div class=\"page-title-head hgroup\">\n<div class=\"b654a4as d2edcug0\">\n<div>\n<div class=\"page-title-head hgroup\" style=\"text-align: left;\">\n<div class=\"page-title-head hgroup\">\n<div dir=\"auto\">\n<p><a class=\"dt-pswp-item pspw-wrap-ready\" href=\"https:\/\/i0.wp.com\/www.radiopiu.net\/wordpress\/wp-content\/uploads\/2018\/09\/WhatsApp-Image-2018-09-20-at-16.04.06.jpeg?ssl=1\" data-dt-img-description=\"\" data-large_image_width=\"800\" data-large_image_height=\"100\"><img loading=\"lazy\" decoding=\"async\" class=\"aligncenter wp-image-61378 size-full jetpack-lazy-image jetpack-lazy-image--handled\" src=\"https:\/\/i0.wp.com\/www.radiopiu.net\/wordpress\/wp-content\/uploads\/2018\/09\/WhatsApp-Image-2018-09-20-at-16.04.06.jpeg?resize=800%2C100&amp;ssl=1\" sizes=\"auto, (max-width: 800px) 100vw, 800px\" srcset=\"https:\/\/i0.wp.com\/www.radiopiu.net\/wordpress\/wp-content\/uploads\/2018\/09\/WhatsApp-Image-2018-09-20-at-16.04.06.jpeg?w=800&amp;ssl=1 800w, https:\/\/i0.wp.com\/www.radiopiu.net\/wordpress\/wp-content\/uploads\/2018\/09\/WhatsApp-Image-2018-09-20-at-16.04.06.jpeg?resize=300%2C38&amp;ssl=1 300w, https:\/\/i0.wp.com\/www.radiopiu.net\/wordpress\/wp-content\/uploads\/2018\/09\/WhatsApp-Image-2018-09-20-at-16.04.06.jpeg?resize=768%2C96&amp;ssl=1 768w\" alt=\"\" width=\"800\" height=\"100\" data-lazy-loaded=\"1\" \/><\/a><\/p>\n<\/div>\n<\/div>\n<\/div>\n<\/div>\n<\/div>\n<\/div>\n<\/div>\n<\/div>\n<\/div>\n<\/div>\n<\/div>\n<\/div>\n<\/div>\n<\/div>\n<\/div>\n<\/div>\n<\/div>\n<\/div>\n<\/div>\n<\/div>\n<\/div>\n<\/div>\n<\/div>\n<\/div>\n<\/div>\n<\/div>\n<\/div>\n<\/div>\n<\/div>\n<\/div>\n<\/div>\n<\/div>\n<\/div>\n<\/div>\n<\/div>\n<\/div>\n<\/div>\n<\/div>\n<\/div>\n<\/div>\n<\/div>\n<\/div>\n<\/div>\n<\/div>\n<\/div>\n<\/div>\n<\/div>\n<\/div>\n<\/div>\n<\/div>\n<\/div>\n<\/div>\n<\/div>\n<\/div>\n<\/div>\n<\/div>\n<\/div>\n<\/div>\n<\/div>\n<\/div>\n<\/div>\n<\/div>\n<\/div>\n<\/div>\n<\/div>\n<\/div>\n<\/div>\n<\/div>\n<\/div>\n<\/div>\n<\/div>\n<\/div>\n<\/div>\n<\/div>\n<\/div>\n<\/div>\n<\/div>\n<\/div>\n<\/div>\n<\/div>\n<\/div>\n<\/div>\n<\/div>\n<\/div>\n<\/div>\n<\/div>\n<\/div>\n<\/div>\n<\/div>\n<\/div>\n<\/div>\n<\/div>\n<\/div>\n<\/div>\n<\/div>\n<\/div>\n<\/div>\n<\/div>\n<\/div>\n<\/div>\n<\/div>\n<\/div>\n<\/div>\n<\/div>\n<\/div>\n<\/div>\n<\/div>\n<\/div>\n<\/div>\n<\/div>\n<\/div>\n<\/div>\n<\/div>\n<\/div>\n<\/div>\n<\/div>\n<\/div>\n<\/div>\n<\/div>\n<\/div>\n<\/div>\n<\/div>\n<\/div>\n<\/div>\n<\/div>\n<\/div>\n<\/div>\n<\/div>\n<\/div>\n<\/div>\n<\/div>\n<\/div>\n<\/div>\n<\/div>\n<\/div>\n<\/div>\n<\/div>\n<\/div>\n<\/div>\n<\/div>\n<\/div>\n<\/div>\n<\/div>\n<\/div>\n<\/div>\n<\/div>\n<\/div>\n<\/div>\n<\/div>\n<\/div>\n<\/div>\n<\/div>\n<\/div>\n<\/div>\n<\/div>\n<\/div>\n<\/div>\n<\/div>\n<\/div>\n<\/div>\n<\/div>\n<\/div>\n<\/div>\n<\/div>\n<\/div>\n<\/div>\n<\/div>\n<\/div>\n<\/div>\n<\/div>\n<\/div>\n<\/div>\n<\/div>\n<\/div>\n<\/div>\n<\/div>\n<\/div>\n<\/div>\n<\/div>\n<\/div>\n<\/div>\n<\/div>\n<\/div>\n<\/div>\n<\/div>\n<\/div>\n<\/div>\n<\/div>\n<\/div>\n<\/div>\n<\/div>\n<\/div>\n<\/div>\n<\/div>\n<\/div>\n<\/div>\n<\/div>\n<\/div>\n<\/div>\n<\/div>\n<\/div>\n<\/div>\n<\/div>\n<\/div>\n<\/div>\n<\/div>\n<\/div>\n<\/div>\n<\/div>\n<\/div>\n<\/div>\n<\/div>\n<\/div>\n<\/div>\n<\/div>\n<\/div>\n<\/div>\n<\/div>\n<\/div>\n<\/div>\n<\/div>\n<\/div>\n<\/div>\n<\/div>\n<\/div>\n<\/div>\n<\/div>\n<\/div>\n<\/div>\n<\/div>\n<p>&nbsp;<\/p>\n<p><center><b>Mercoledi 4<\/b><\/center><b>Tempo atteso: <\/b>Nuvolosit\u00e0 irregolare, maggiormente presente rispetto a marted\u00ec in un contesto di cielo generalmente da parzialmente nuvoloso a nuvoloso con qualche irregolare schiarita un p\u00f2 pi\u00f9 probabile in mattinata.<br \/>\n<b>Precipitazioni: <\/b>Probabili (60\/80%) deboli e sparse tra le ore centrali e nel pomeriggio anche sottoforma di rovescio o isolato temporale specie su Prealpi. Limite neve oltre i 2200 m. Accumuli assai irregolari, 0-5 mm fino a 10-15 mm in caso di temporale.<br \/>\n<b>Temperature: <\/b>Senza notevoli variazioni rispetto a marted\u00ec, in possibile lieve aumento le minime. Su Prealpi a 1500 m: min 6 max 9, a 2000 m: min 3 max 4 Dolomiti &#8211; a 2000 m: min 2 max 5, a 3000 m: min -5 max -4<br \/>\n<b>Venti: <\/b>deboli, a tratti moderati, per brezze nelle valli; perlopi\u00f9 moderati da sud-ovest in quota, a 5-10 km\/h a 2000 m e 15-30 km\/h a 3000 m<\/p>\n<hr \/>\n<p><center><b>Giovedi 5<\/b><\/center><b>Tempo atteso: <\/b>Generalmente nuvoloso con nuvolosit\u00e0 a tratti estesa e poche possibilit\u00e0 di schiarite.<br \/>\n<b>Precipitazioni: <\/b>Al mattino generalmente assenti (10%) dalle ore centrali e nel pomeriggio probabilit\u00e0 in aumento (60\/80 %) per piovaschi\/rovesci o isolati temporali. Accumuli assai irregolari 0-5 mm, fino a 10-15 in caso di temporale. Limite neve oltre i 2200\/2300 m.<br \/>\n<b>Temperature: <\/b>In lieve aumento in quota Su Prealpi &#8211; a 1500 m: min 6 max 9, a 2000 m: min 2 max 4 Dolomiti &#8211; a 2000 m: min 2 max 5, a 3000 m: min -4 max -3<br \/>\n<b>Venti: <\/b>Nelle vali deboli o moderati per brezze, in quota moderati da sudovest, a 5-10 km\/h a 2000 m e 10-20 km\/h a 3000 m<\/p>\n<hr \/>\n<p><center><b>Venerdi 6<\/b><\/center>Nuvolosit\u00e0 irregolare a tratti estesa con poche possibilit\u00e0 di schiarite specie su Prealpi, possibili su Dolomiti dal pomeriggio\/sera. Durante tutta la giornata possibili precipitazioni discontinue, generalmente molto deboli o deboli specie su Prealpi mentre su Dolomiti potranno risultare anche del tutto assenti, in generale esaurimento in serata. Limite neve oltre i 2200 m. Venti nelle valli deboli\/moderati a regime di brezza, in quota moderati da nordest. Temperature in generale aumento.<\/p>\n<hr \/>\n<p><center><b>Sabato 7<\/b><\/center>Variabile con possibili schiarite anche ampie alternate ad annuvolamenti specie nel pomeriggio e su Prealpi. Precipitazioni meno probabili rispetto ai giorni precedenti, specie su Dolomiti, ma ancora possibile qualche piovasco\/rovescio nel pomeriggio su Prealpi. Temperature stazionarie o in lieve aumento le massime. Venti in quota moderati settentrionali. Previsore: DDL<\/p>\n<div>\n<p>&nbsp;<\/p>\n<\/div>\n<p>&nbsp;<\/p>\n<hr \/>\n<p>&nbsp;<\/p>\n<p><a href=\"https:\/\/www.radiopiu.net\/wordpress\/giornale-radiopiu-26-settembre-2018-direttore-mirko-mezzacasa\/viabilita-2\/\" rel=\"attachment wp-att-61954\"><img loading=\"lazy\" decoding=\"async\" class=\"aligncenter wp-image-61954 size-full\" src=\"https:\/\/www.radiopiu.net\/wordpress\/wp-content\/uploads\/2018\/09\/viabilita.jpeg\" sizes=\"auto, (max-width: 800px) 100vw, 800px\" srcset=\"https:\/\/www.radiopiu.net\/wordpress\/wp-content\/uploads\/2018\/09\/viabilita.jpeg 800w, https:\/\/www.radiopiu.net\/wordpress\/wp-content\/uploads\/2018\/09\/viabilita-300x38.jpeg 300w, https:\/\/www.radiopiu.net\/wordpress\/wp-content\/uploads\/2018\/09\/viabilita-768x96.jpeg 768w\" alt=\"\" width=\"800\" height=\"100\" \/><\/a><\/p>\n<p>&nbsp;<\/p>\n<blockquote class=\"wp-embedded-content\" data-secret=\"o3391hbX5k\"><p><a href=\"https:\/\/www.radiopiu.net\/wordpress\/viabilita\/\">viabilita<\/a><\/p><\/blockquote>\n<p><iframe loading=\"lazy\" class=\"wp-embedded-content\" sandbox=\"allow-scripts\" security=\"restricted\" style=\"position: absolute; clip: rect(1px, 1px, 1px, 1px);\" title=\"&#8220;viabilita&#8221; &#8212; Radio Pi\u00f9\" src=\"https:\/\/www.radiopiu.net\/wordpress\/viabilita\/embed\/#?secret=pQ7rWRwWVV#?secret=o3391hbX5k\" data-secret=\"o3391hbX5k\" width=\"600\" height=\"338\" frameborder=\"0\" marginwidth=\"0\" marginheight=\"0\" scrolling=\"no\"><\/iframe><\/p>\n<p>&nbsp;<\/p>\n<hr \/>\n<p>&nbsp;<\/p>\n<p>&nbsp;<\/p>\n<p><img loading=\"lazy\" decoding=\"async\" class=\"wp-image-60761 size-full aligncenter\" src=\"https:\/\/www.radiopiu.net\/wordpress\/wp-content\/uploads\/2018\/09\/sport.jpg\" alt=\"\" width=\"800\" height=\"100\" srcset=\"https:\/\/www.radiopiu.net\/wordpress\/wp-content\/uploads\/2018\/09\/sport.jpg 800w, https:\/\/www.radiopiu.net\/wordpress\/wp-content\/uploads\/2018\/09\/sport-300x38.jpg 300w, https:\/\/www.radiopiu.net\/wordpress\/wp-content\/uploads\/2018\/09\/sport-768x96.jpg 768w\" sizes=\"auto, (max-width: 800px) 100vw, 800px\" \/><\/p>\n<p>&nbsp;<\/p>\n<p><span style=\"color: #0000ff;\"><strong>HOCKEY SU GHIACCIO<\/strong><\/span><\/p>\n<blockquote>\n<h3>NICOLA FONTANIVE NUOVO PREPARATORE ATLETICO DELL\u2019ALLEGHE HOCKEY<\/h3>\n<\/blockquote>\n<p><strong><a class=\"dt-pswp-item\" href=\"https:\/\/www.radiopiu.net\/wordpress\/wp-content\/uploads\/2022\/05\/NICOLA-FONTANIVE.jpg\" data-dt-img-description=\"\" data-large_image_width=\"200\" data-large_image_height=\"200\"><img loading=\"lazy\" decoding=\"async\" class=\"size-thumbnail wp-image-273694 alignleft\" src=\"https:\/\/www.radiopiu.net\/wordpress\/wp-content\/uploads\/2022\/05\/NICOLA-FONTANIVE-150x150.jpg\" alt=\"\" width=\"150\" height=\"150\" srcset=\"https:\/\/www.radiopiu.net\/wordpress\/wp-content\/uploads\/2022\/05\/NICOLA-FONTANIVE-150x150.jpg 150w, https:\/\/www.radiopiu.net\/wordpress\/wp-content\/uploads\/2022\/05\/NICOLA-FONTANIVE.jpg 200w\" sizes=\"auto, (max-width: 150px) 100vw, 150px\" \/><\/a>di Roberto Miana, portavoce dell&#8217;Alleghe Hockey<\/strong><\/p>\n<p><strong>ALLEGHE <\/strong>La societ\u00e0 Alleghe Hockey \u00e8 gi\u00e0 al lavoro per preparare al meglio la nuova stagione sportiva e nella figura del suo presidente Adriano Levis annuncia con grande piacere che il nuovo preparatore atletico delle Civette sar\u00e0 Nicola Fontanive. Alleghese DOC, attaccante icona dell\u2019hockey italiano classe 1985 \u00e8 cresciuto nella squadra agordina indossando la maglia biancorossa per 10 anni, collezionando 374 presenze in prima squadra, impreziosite da 101 reti e 165 assist. In carriera anche una stagione in Norvegia, due nel Milano Rossobl\u00f9 (dove da idolo dei tifosi meneghini fu ribattezzato il \u201cDuca\u201d) e chiudendo la carriera dopo due stagioni nei \u201ccugini\u201d del Cortina. In Nazionale con il Blu Team vanta la partecipazione a 9 mondiali e all\u2019Olimpiade di Torino 2006. Seriet\u00e0, dedizione al lavoro, doti tecniche, velocit\u00e0, fiuto del gol nonch\u00e9 assist man erano il suo biglietto da visita quando da giocatore calcava i rettangoli ghiacciati. Appesi i pattini al chiodo, dopo aver conseguito la laurea in scienze motorie, \u00e8 diventato apprezzato personal trainer organizzando la sua nuova vita in America, dove tutt\u2019ora vive con la famiglia. L\u2019esperienza americana unita alle problematiche della pandemia hanno portato Nicola a una nuova concezione del suo lavoro, ovvero la possibilit\u00e0 di seguire la preparazione fisica degli atleti anche online e non necessariamente in presenza. Consuetudine che nel paese a stelle e strisce ha preso piede con buoni risultati, nell\u2019ottica di un continuo aggiornamento ed evoluzione delle tecniche di allenamento. Nei giorni scorsi, approfittando dell\u2019arrivo di Nicola ad Alleghe, \u00e8 stato organizzato un proficuo incontro con la squadra che ha mostrato grande interesse riguardo a questo progetto innovativo che basa la preparazione dei giocatori dal punto di vista fisico con un mix di forza ed esplosivit\u00e0 che \u00e8 ormai imprescindibile in uno sport come l\u2019hockey. Per l\u2019occasione abbiamo scambiato due parole con Nicola che, con la sua consueta disponibilit\u00e0, ci ha raccontato come \u00e8 nata questa collaborazione: \u201cLa settimana scorsa ero ad Alleghe per qualche giorno e mi \u00e8 stato chiesto dal presidente Levis di occuparmi della preparazione della prima squadra. \u00c8 una cosa che la societ\u00e0 aveva in mente da tempo e io avevo fatto sapere che in caso di bisogno avrei potuto dare una mano pi\u00f9 che volentieri. Mi fa molto piacere dare il mio contributo all&#8217;Alleghe Hockey, seppur io sia molto lontano. In una delle mie ultime chiacchierate con Renato Rossi mi confid\u00f2 come fosse dispiaciuto che molti ex giocatori, una volta smesso di giocare, non avessero nessun interesse nell&#8217;aiutare la societ\u00e0. Questa frase mi \u00e8 sempre rimasta dentro e mi sono ripromesso che, qualora ce ne fosse stata l&#8217;occasione, avrei fatto la mia parte. L&#8217;hockey negli ultimi 20 anni \u00e8 cambiato molto e di conseguenza anche la preparazione atletica si \u00e8 evoluta. Il gioco \u00e8 sempre pi\u00f9 veloce, quindi potenza e velocit\u00e0 sono caratteristiche fondamentali per un giocatore di questo sport. Noi cercheremo di fare un lavoro in questa direzione, sia con i pi\u00f9 giovani che non si sono quasi mai allenati fuori dal ghiaccio che con i giocatori pi\u00f9 esperti\u201d. Ad agosto Nicola sar\u00e0 nuovamente ad Alleghe per controllare di persona il progredire della preparazione, in vista della partenza del nuovo campionato. Grazie Nick e buon lavoro!!!<\/p>\n<p><strong>AI MICROFONI DI RADIO PIU&#8217; NICOLA FONTANIVE<\/strong><\/p>\n<audio class=\"wp-audio-shortcode\" id=\"audio-273563-11\" preload=\"none\" style=\"width: 100%;\" controls=\"controls\"><source type=\"audio\/mpeg\" src=\"https:\/\/www.radiopiu.net\/wordpress\/wp-content\/uploads\/2022\/05\/NICOLA-FONTANIVE.mp3?_=11\" \/><a href=\"https:\/\/www.radiopiu.net\/wordpress\/wp-content\/uploads\/2022\/05\/NICOLA-FONTANIVE.mp3\">https:\/\/www.radiopiu.net\/wordpress\/wp-content\/uploads\/2022\/05\/NICOLA-FONTANIVE.mp3<\/a><\/audio>\n<p>&nbsp;<\/p>\n<hr \/>\n<p>&nbsp;<\/p>\n<p><span style=\"color: #0000ff;\"><strong>CALCIO<\/strong><\/span><\/p>\n<blockquote>\n<h3>CAMPIONATO AGORDINO 2022, LE SQUADRE. CANALE<\/h3>\n<\/blockquote>\n<p><strong><a class=\"dt-pswp-item\" href=\"https:\/\/www.radiopiu.net\/wordpress\/wp-content\/uploads\/2022\/05\/CANALE.png\" data-dt-img-description=\"\" data-large_image_width=\"600\" data-large_image_height=\"694\"><img loading=\"lazy\" decoding=\"async\" class=\"alignleft wp-image-273702 \" src=\"https:\/\/www.radiopiu.net\/wordpress\/wp-content\/uploads\/2022\/05\/CANALE-259x300.png\" alt=\"\" width=\"120\" height=\"139\" srcset=\"https:\/\/www.radiopiu.net\/wordpress\/wp-content\/uploads\/2022\/05\/CANALE-259x300.png 259w, https:\/\/www.radiopiu.net\/wordpress\/wp-content\/uploads\/2022\/05\/CANALE.png 600w\" sizes=\"auto, (max-width: 120px) 100vw, 120px\" \/><\/a>REDAZIONE<\/strong> La marcia di avvicinamento alla presentazione ufficiale del Campionato Agordino 2022 sta per volgere al termine. Mancano ancora poche squadre da presentare. La decima formazione che andiamo ad analizzare e il Canale. La compagine della Valle del Biois la si pu\u00f2 definire un bel mix di giovani ed esperienza. Il Canale si presenta al torneo senza tanti obbiettivi ma con la voglia di divertirsi. Unico problema, la mancanza di un allenatore, quindi chi vuole farsi avanti batta un colpo.<\/p>\n<p><strong>EMIL TANCON, PRESIDENTE DEL CANALE<\/strong><\/p>\n<audio class=\"wp-audio-shortcode\" id=\"audio-273563-12\" preload=\"none\" style=\"width: 100%;\" controls=\"controls\"><source type=\"audio\/mpeg\" src=\"https:\/\/www.radiopiu.net\/wordpress\/wp-content\/uploads\/2022\/05\/CANALE-EMIL-TANCON.mp3?_=12\" \/><a href=\"https:\/\/www.radiopiu.net\/wordpress\/wp-content\/uploads\/2022\/05\/CANALE-EMIL-TANCON.mp3\">https:\/\/www.radiopiu.net\/wordpress\/wp-content\/uploads\/2022\/05\/CANALE-EMIL-TANCON.mp3<\/a><\/audio>\n<p>&nbsp;<\/p>\n<p><strong>LA RACCOLTA<\/strong><\/p>\n<blockquote class=\"wp-embedded-content\" data-secret=\"tEtt9NSgCp\"><p><a href=\"https:\/\/www.radiopiu.net\/wordpress\/campionato-agordino-2022-ogni-giorno-una-squadra-ok\/\">CAMPIONATO AGORDINO 2022, OGNI GIORNO UNA SQUADRA. IL CAMMINO DI AVVICINAMENTO ALLA PRESENTAZIONE DEL 7 MAGGIO<\/a><\/p><\/blockquote>\n<p><iframe loading=\"lazy\" class=\"wp-embedded-content\" sandbox=\"allow-scripts\" security=\"restricted\" style=\"position: absolute; clip: rect(1px, 1px, 1px, 1px);\" title=\"&#8220;CAMPIONATO AGORDINO 2022, OGNI GIORNO UNA SQUADRA. IL CAMMINO DI AVVICINAMENTO ALLA PRESENTAZIONE DEL 7 MAGGIO&#8221; &#8212; Radio Pi\u00f9\" src=\"https:\/\/www.radiopiu.net\/wordpress\/campionato-agordino-2022-ogni-giorno-una-squadra-ok\/embed\/#?secret=IRKH7KbhKh#?secret=tEtt9NSgCp\" data-secret=\"tEtt9NSgCp\" width=\"600\" height=\"338\" frameborder=\"0\" marginwidth=\"0\" marginheight=\"0\" scrolling=\"no\"><\/iframe><\/p>\n<p>&nbsp;<\/p>\n<p>&nbsp;<\/p>\n<hr \/>\n<p>&nbsp;<\/p>\n<p><span style=\"color: #0000ff;\"><strong>NUOTO\u00a0<\/strong><\/span><\/p>\n<blockquote>\n<h3>ANCORA RECORD PER LA SPORTIVAMENTE BELLUNO<\/h3>\n<\/blockquote>\n<p><span id=\"page2R_mcid1\" class=\"markedContent\"><span dir=\"ltr\" role=\"presentation\"><strong><a class=\"dt-pswp-item\" href=\"https:\/\/www.radiopiu.net\/wordpress\/wp-content\/uploads\/2022\/05\/Alessandro_Nerviani_con_la_medaglia_al_collo.jpg\" data-dt-img-description=\"\" data-large_image_width=\"1490\" data-large_image_height=\"1490\"><img loading=\"lazy\" decoding=\"async\" class=\"wp-image-273635 alignleft\" src=\"https:\/\/www.radiopiu.net\/wordpress\/wp-content\/uploads\/2022\/05\/Alessandro_Nerviani_con_la_medaglia_al_collo-300x300.jpg\" alt=\"\" width=\"289\" height=\"289\" srcset=\"https:\/\/www.radiopiu.net\/wordpress\/wp-content\/uploads\/2022\/05\/Alessandro_Nerviani_con_la_medaglia_al_collo-300x300.jpg 300w, https:\/\/www.radiopiu.net\/wordpress\/wp-content\/uploads\/2022\/05\/Alessandro_Nerviani_con_la_medaglia_al_collo-1024x1024.jpg 1024w, https:\/\/www.radiopiu.net\/wordpress\/wp-content\/uploads\/2022\/05\/Alessandro_Nerviani_con_la_medaglia_al_collo-150x150.jpg 150w, https:\/\/www.radiopiu.net\/wordpress\/wp-content\/uploads\/2022\/05\/Alessandro_Nerviani_con_la_medaglia_al_collo-768x768.jpg 768w, https:\/\/www.radiopiu.net\/wordpress\/wp-content\/uploads\/2022\/05\/Alessandro_Nerviani_con_la_medaglia_al_collo.jpg 1490w\" sizes=\"auto, (max-width: 289px) 100vw, 289px\" \/><\/a>BELLUNO<\/strong>\u00a0 <\/span><\/span><span id=\"page2R_mcid5\" class=\"markedContent\"><span dir=\"ltr\" role=\"presentation\">A Spresiano, gli Esordienti A hanno dato vita alla sesta giornata di gare, <\/span><span dir=\"ltr\" role=\"presentation\">valida per l\u2019ammissione ai campionati regionali estivi. <\/span><\/span><span id=\"page2R_mcid6\" class=\"markedContent\"><span dir=\"ltr\" role=\"presentation\">I nuotatori della Sportivamente Belluno si sono messi in evidenza, dando prova di un ottimo stato <\/span><span dir=\"ltr\" role=\"presentation\">di forma. A cominciare da Alessandro Nerviani, capace di abbattere il muro del minuto (59\u201d9) nei <\/span><span dir=\"ltr\" role=\"presentation\">100 stile libero e ottenendo l\u2019argento per un solo decimo. Nerviani (foto) \u00e8 da podio pure nei 400 stile <\/span><span dir=\"ltr\" role=\"presentation\">libero e ottiene il terzo posto (4\u201943\u201d8). <\/span><\/span><span id=\"page2R_mcid7\" class=\"markedContent\"><span dir=\"ltr\" role=\"presentation\">Buone prestazioni nei 200 rana di Vincenzo Iuliano (3\u201904\u201d8), Beatrice Mezzacasa <\/span><span dir=\"ltr\" role=\"presentation\">(3\u201920\u201d3) ed Eleonora Bortot (3\u201922\u201d), mentre nei 100 stile a stupire \u00e8 Niccol\u00f2 Longi (1\u201909\u201d4: primato <\/span><span dir=\"ltr\" role=\"presentation\">personale migliorato di ben 3 secondi), oltre alla gi\u00e0 citata Mezzacasa (1\u201913\u201d6). <\/span><\/span><span id=\"page2R_mcid8\" class=\"markedContent\"><span dir=\"ltr\" role=\"presentation\">Nei 400 stile, pollice alto per Margherita De Cian (5\u201919\u201d7), Greta Viel (5\u201942\u201d1) e Samuele <\/span><span dir=\"ltr\" role=\"presentation\">Sommacal (5\u201944\u201d5) e, nei 200 misti, \u00e8 Margherita Mazzoli a \u201climare\u201d di ben 8 secondi il suo record <\/span><span dir=\"ltr\" role=\"presentation\">(3\u201920\u201d5). Sempre nella stessa distanza, Niccol\u00f2 Longi sigla un <a class=\"dt-pswp-item\" href=\"https:\/\/www.radiopiu.net\/wordpress\/wp-content\/uploads\/2022\/05\/Esordienti_A_al_Centro_Le_Bandie.jpg\" data-dt-img-description=\"\" data-large_image_width=\"1840\" data-large_image_height=\"1165\"><img loading=\"lazy\" decoding=\"async\" class=\"wp-image-273636 alignright\" src=\"https:\/\/www.radiopiu.net\/wordpress\/wp-content\/uploads\/2022\/05\/Esordienti_A_al_Centro_Le_Bandie-1024x648.jpg\" alt=\"\" width=\"394\" height=\"249\" srcset=\"https:\/\/www.radiopiu.net\/wordpress\/wp-content\/uploads\/2022\/05\/Esordienti_A_al_Centro_Le_Bandie-1024x648.jpg 1024w, https:\/\/www.radiopiu.net\/wordpress\/wp-content\/uploads\/2022\/05\/Esordienti_A_al_Centro_Le_Bandie-300x190.jpg 300w, https:\/\/www.radiopiu.net\/wordpress\/wp-content\/uploads\/2022\/05\/Esordienti_A_al_Centro_Le_Bandie-768x486.jpg 768w, https:\/\/www.radiopiu.net\/wordpress\/wp-content\/uploads\/2022\/05\/Esordienti_A_al_Centro_Le_Bandie-1536x973.jpg 1536w, https:\/\/www.radiopiu.net\/wordpress\/wp-content\/uploads\/2022\/05\/Esordienti_A_al_Centro_Le_Bandie.jpg 1840w\" sizes=\"auto, (max-width: 394px) 100vw, 394px\" \/><\/a>eccellente 2\u201952\u201d3 seguito da <\/span><span dir=\"ltr\" role=\"presentation\">Thomas Pin (3\u201907\u201d3). Un plauso pure a Domenico Baldo, Alex Brianti, Alessio Camposeo, Levi <\/span><span dir=\"ltr\" role=\"presentation\">Riccardo Cervo e Mattia Galanti. <\/span><\/span><span id=\"page2R_mcid9\" class=\"markedContent\"><span dir=\"ltr\" role=\"presentation\">Senza considerare le due staffette 4&#215;100 mista femminile (Viel, Mezzacasa, Bortot, De Cian) e <\/span><span dir=\"ltr\" role=\"presentation\">maschile (Nerviani, Iuliano, Cervo, Longi), rispettivamente al nono e sesto posto.<\/span><\/span><\/p>\n<blockquote><p><span id=\"page2R_mcid10\" class=\"markedContent\"><span dir=\"ltr\" role=\"presentation\">Soddisfatta l\u2019allenatrice Daniela Piermarini:<\/span><\/span><em><span id=\"page2R_mcid10\" class=\"markedContent\"><span dir=\"ltr\" role=\"presentation\"> \u00abCi trovavamo in una settimana di transizione, reduci <\/span><span dir=\"ltr\" role=\"presentation\">da una trasferta impegnativa. Non mi sarei aspettata una risposta cos\u00ec positiva dai ragazzi, quindi <\/span><span dir=\"ltr\" role=\"presentation\">sono molto contenta. Ora abbiamo l\u2019importante obiettivo di centrare la qualificazione ai campionati<\/span><br role=\"presentation\" \/><span dir=\"ltr\" role=\"presentation\">regionali. Ecco perch\u00e9 ci rimetteremo subito a lavorare sodo con la speranza di mietere nuovi successi&#8221;\u00a0<\/span><\/span><\/em><\/p><\/blockquote>\n<p>&nbsp;<\/p>\n<p>&nbsp;<\/p>\n<hr \/>\n<p>&nbsp;<\/p>\n<p><strong><span style=\"color: #0000ff;\">AUTOMOBILISMO\u00a0<\/span><\/strong><\/p>\n<blockquote>\n<h3>DENIS MEZZACASA AL DINO FERRARI DI IMOLA &#8230; PER RICOMINCIARE<\/h3>\n<\/blockquote>\n<p><strong><img loading=\"lazy\" decoding=\"async\" class=\"alignleft\" src=\"https:\/\/www.radiopiu.net\/wordpress\/wp-content\/uploads\/2022\/05\/f5b2bda6-40c1-48c5-842c-c74ce846cef0.jpg\" width=\"279\" height=\"186\" \/><\/strong><\/p>\n<p>&nbsp;<\/p>\n<p>&nbsp;<\/p>\n<p>&nbsp;<\/p>\n<p>&nbsp;<\/p>\n<p>&nbsp;<\/p>\n<p>&nbsp;<\/p>\n<p>&nbsp;<\/p>\n<p><strong>LA VALLE AGORDINA<\/strong><\/p>\n<p><strong>DI ROBERTO BONA\u00a0<\/strong><\/p>\n<audio class=\"wp-audio-shortcode\" id=\"audio-273563-13\" preload=\"none\" style=\"width: 100%;\" controls=\"controls\"><source type=\"audio\/mpeg\" src=\"https:\/\/www.radiopiu.net\/wordpress\/wp-content\/uploads\/2022\/05\/roberto-mezza.mp3?_=13\" \/><a href=\"https:\/\/www.radiopiu.net\/wordpress\/wp-content\/uploads\/2022\/05\/roberto-mezza.mp3\">https:\/\/www.radiopiu.net\/wordpress\/wp-content\/uploads\/2022\/05\/roberto-mezza.mp3<\/a><\/audio>\n<p>&nbsp;<\/p>\n<p>&nbsp;<\/p>\n<hr \/>\n<p>&nbsp;<\/p>\n<p>&nbsp;<\/p>\n<p>&nbsp;<\/p>\n<p>&nbsp;<\/p>\n<\/div>\n<\/div>\n<\/div>\n<\/div>\n<\/div>\n<\/div>\n<\/div>\n<\/div>\n<\/div>\n<\/div>\n<\/div>\n<\/div>\n<\/div>\n<\/div>\n<\/div>\n<\/div>\n<\/div>\n<\/div>\n<\/div>\n<\/div>\n<\/div>\n<\/div>\n<\/div>\n<\/div>\n<\/div>\n<\/div>\n<\/div>\n<\/div>\n<\/div>\n<\/div>\n<\/div>\n<\/div>\n<\/div>\n<\/div>\n<\/div>\n<\/div>\n<\/div>\n<\/div>\n<\/div>\n<\/div>\n<\/div>\n<\/div>\n<\/div>\n<\/div>\n<\/div>\n<\/div>\n<\/div>\n<\/div>\n<\/div>\n<\/div>\n<\/div>\n<\/div>\n<\/div>\n<\/div>\n<\/div>\n<\/div>\n<\/div>\n<\/div>\n<\/div>\n<\/div>\n<\/div>\n<\/div>\n<\/div>\n<\/div>\n<\/div>\n<\/div>\n<\/div>\n<\/div>\n<\/div>\n<\/div>\n<\/div>\n<\/div>\n<\/div>\n<\/div>\n<\/div>\n<\/div>\n<\/div>\n<\/div>\n<\/div>\n<\/div>\n<\/div>\n<\/div>\n<\/div>\n<\/div>\n<\/div>\n<\/div>\n<\/div>\n<\/div>\n<\/div>\n<\/div>\n<\/div>\n<\/div>\n<\/div>\n<\/div>\n<\/div>\n<\/div>\n<\/div>\n<\/div>\n<\/div>\n<\/div>\n<\/div>\n<\/div>\n<\/div>\n<\/div>\n<\/div>\n<\/div>\n","protected":false},"excerpt":{"rendered":"<p>RADIO PIU INFORMAZIONE il canale su TELEGRAM informazione di prima\u00a0 mano e in tempo reale. iscriviti ed aiutaci a farlo conoscere\u00a0 &nbsp; &nbsp; LO SPLENDIDO SCATTO DI MARIO DE MARCO DA VOLTAGO Appostamento a 2000 mt in perfetto silenzio. Discussione tra questi splendidi esemplari di gallo forcello DOMANI: DISAGI IDRICI IN COMUNE DI BELLUNO BELLUNO&hellip;<\/p>\n","protected":false},"author":4,"featured_media":273778,"comment_status":"closed","ping_status":"closed","sticky":false,"template":"","format":"standard","meta":{"_monsterinsights_skip_tracking":false,"_monsterinsights_sitenote_active":false,"_monsterinsights_sitenote_note":"","_monsterinsights_sitenote_category":0,"footnotes":""},"categories":[51,86,49],"tags":[],"class_list":["post-273563","post","type-post","status-publish","format-standard","has-post-thumbnail","hentry","category-evidenza-top","category-gr","category-news-18","category-51","category-86","category-49","description-off"],"img_url":"https:\/\/www.radiopiu.net\/wordpress\/wp-content\/uploads\/2022\/05\/WhatsApp-Image-2019-12-22-at-11.37.45-300x225-1.jpg","_links":{"self":[{"href":"https:\/\/www.radiopiu.net\/wordpress\/wp-json\/wp\/v2\/posts\/273563","targetHints":{"allow":["GET"]}}],"collection":[{"href":"https:\/\/www.radiopiu.net\/wordpress\/wp-json\/wp\/v2\/posts"}],"about":[{"href":"https:\/\/www.radiopiu.net\/wordpress\/wp-json\/wp\/v2\/types\/post"}],"author":[{"embeddable":true,"href":"https:\/\/www.radiopiu.net\/wordpress\/wp-json\/wp\/v2\/users\/4"}],"replies":[{"embeddable":true,"href":"https:\/\/www.radiopiu.net\/wordpress\/wp-json\/wp\/v2\/comments?post=273563"}],"version-history":[{"count":0,"href":"https:\/\/www.radiopiu.net\/wordpress\/wp-json\/wp\/v2\/posts\/273563\/revisions"}],"wp:featuredmedia":[{"embeddable":true,"href":"https:\/\/www.radiopiu.net\/wordpress\/wp-json\/wp\/v2\/media\/273778"}],"wp:attachment":[{"href":"https:\/\/www.radiopiu.net\/wordpress\/wp-json\/wp\/v2\/media?parent=273563"}],"wp:term":[{"taxonomy":"category","embeddable":true,"href":"https:\/\/www.radiopiu.net\/wordpress\/wp-json\/wp\/v2\/categories?post=273563"},{"taxonomy":"post_tag","embeddable":true,"href":"https:\/\/www.radiopiu.net\/wordpress\/wp-json\/wp\/v2\/tags?post=273563"}],"curies":[{"name":"wp","href":"https:\/\/api.w.org\/{rel}","templated":true}]}}