{"id":273583,"date":"2024-11-26T05:47:59","date_gmt":"2024-11-26T04:47:59","guid":{"rendered":"https:\/\/www.radiopiu.net\/wordpress\/?p=273583"},"modified":"2024-11-26T08:48:32","modified_gmt":"2024-11-26T07:48:32","slug":"ammazzarono-il-cane-kaos-messa-alla-prova-e-perizia-psichiatricab","status":"publish","type":"post","link":"https:\/\/www.radiopiu.net\/wordpress\/ammazzarono-il-cane-kaos-messa-alla-prova-e-perizia-psichiatricab\/","title":{"rendered":"Uccisione del cane Kaos: volontariato cancella il reato"},"content":{"rendered":"<p>&nbsp;<\/p>\n<p><strong>AGORDO<\/strong><\/p>\n<p>M.R., accusato di aver ucciso il cane Kaos nel 2019, ha estinto il reato con otto mesi di lavori di pubblica utilit\u00e0. Volontario per il Comune di Belluno, ha ricevuto una valutazione positiva dall\u2019Ufficio per l\u2019esecuzione penale esterna. L\u2019uccisione di Kaos, avvenuta nel parcheggio del Super W ad Agordo, \u00e8 documentata da video e autopsia: strangolamento con il guinzaglio. Il proprietario del pitbull, Amine Bendaoud, era stato aggredito dal cane in preda a un istinto non controllato. Dopo il risarcimento simbolico a enti animalisti<\/p>\n<p>&nbsp;<\/p>\n<p><span style=\"color: #ff0000;\">ARCHIVIO MAGGIO 2022<\/span><\/p>\n<blockquote>\n<h2>AMMAZZARONO IL CANE KAOS, MESSA ALLA PROVA E PERIZIA PSICHIATRICA<\/h2>\n<\/blockquote>\n<p><strong>AGORDO\u00a0<\/strong> Era il 19 aprile di tre anni fa quando in Viale Sommariva, usando un guinzaglio, strangolarono il cane Kaos, in pieno giorno sotto gli occhi dei passanti. A documentarlo un video prima diventato virale sui social e poi finito agli atti processuali. Per questo motivo due giovani agordini sono stati condannati. il Primo M.R. non \u00e8 finito a processo perch\u00e9 ha ottenuto di espiare la pena con i lavori sociali. Il secondo D.P.,\u00a0 su richiesta del difensore \u00e8 stato visitato da uno psichiatra del centro salute mentale di Agordo. Il medico dovr\u00e0 stabilire se il giovane era in grado di intendere e volere al momento della violenza, quindi se il Tribunale proceder\u00e0 o archivier\u00e0. Il Proprietario del cane A.B. si \u00e8 costituito parte civile e con l&#8217;appoggio delle associazioni animaliste chiede il risarcimento danni.<\/p>\n<blockquote>\n<h3><\/h3>\n<h3>ARCHIVIO RADIOPIU<\/h3>\n<p>Strozzarono il pitbull Kaos il proprietario vuole i danni<\/p><\/blockquote>\n<p><em>Al via il processo a due agordini accusati dell&#8217;uccisione dell&#8217;animale nel 2019 Due associazioni si costituiscono parte civile per aiutare altri cani\u00a0<\/em><\/p>\n<p><strong><a href=\"https:\/\/www.radiopiu.net\/wordpress\/wp-content\/uploads\/2022\/02\/amici-proprietario-640x335-1.webp\"><img loading=\"lazy\" decoding=\"async\" class=\"size-medium wp-image-261152 alignleft\" src=\"https:\/\/www.radiopiu.net\/wordpress\/wp-content\/uploads\/2022\/02\/amici-proprietario-640x335-1-300x157.webp\" alt=\"\" width=\"300\" height=\"157\" srcset=\"https:\/\/www.radiopiu.net\/wordpress\/wp-content\/uploads\/2022\/02\/amici-proprietario-640x335-1-300x157.webp 300w, https:\/\/www.radiopiu.net\/wordpress\/wp-content\/uploads\/2022\/02\/amici-proprietario-640x335-1.webp 640w\" sizes=\"auto, (max-width: 300px) 100vw, 300px\" \/><\/a>AGORDO<\/strong>\u00a0 Strangolarono un pitbull con il suo guinzaglio. Kaos mor\u00ec la sera del venerd\u00ec santo del 2019 nel parcheggio di un supermercato di Agordo. Un video pi\u00f9 chiaro di un documentario mostra la scena e un&#8217;autopsia spiega le cause del decesso: la rottura della trachea, come se fosse stato impiccato. Nel drammatico filmato, a raccontarla tutta, si vedono tre persone addosso al cane, ma due sono accusate di uccisione di animale.\u00a0 \u00a0Il video \u00e8 agli atti, essendo stato molto utile per la ricostruzione dei fatti e adesso c&#8217;\u00e8 il processo.<\/p>\n<p>&nbsp;<\/p>\n<hr \/>\n<blockquote class=\"wp-embedded-content\" data-secret=\"C8MI0uR9C2\"><p><a href=\"https:\/\/www.radiopiu.net\/wordpress\/mettiamo-ordine-per-kaos-incontro-sul-tema-uomo-cane-di-sabato-8-giugno-ad-agordo-buona-affluenza-di-pubblico-e-qualche-risposta-utile-al-tema-della-sicurezza-competenze-e-convivenza\/\">&#8220;Mettiamo ordine per Kaos&#8221; incontro sul tema uomo-cane di sabato 8 giugno ad Agordo &#8211; buona affluenza di pubblico e qualche risposta utile al tema della sicurezza, competenze,  e convivenza.<\/a><\/p><\/blockquote>\n<p><iframe loading=\"lazy\" class=\"wp-embedded-content\" sandbox=\"allow-scripts\" security=\"restricted\" style=\"position: absolute; visibility: hidden;\" title=\"&#8220;&#8220;Mettiamo ordine per Kaos&#8221; incontro sul tema uomo-cane di sabato 8 giugno ad Agordo &#8211; buona affluenza di pubblico e qualche risposta utile al tema della sicurezza, competenze,  e convivenza.&#8221; &#8212; Radio Pi\u00f9\" src=\"https:\/\/www.radiopiu.net\/wordpress\/mettiamo-ordine-per-kaos-incontro-sul-tema-uomo-cane-di-sabato-8-giugno-ad-agordo-buona-affluenza-di-pubblico-e-qualche-risposta-utile-al-tema-della-sicurezza-competenze-e-convivenza\/embed\/#?secret=3s759H9H1e#?secret=C8MI0uR9C2\" data-secret=\"C8MI0uR9C2\" width=\"600\" height=\"338\" frameborder=\"0\" marginwidth=\"0\" marginheight=\"0\" scrolling=\"no\"><\/iframe><\/p>\n","protected":false},"excerpt":{"rendered":"<p>&nbsp; AGORDO M.R., accusato di aver ucciso il cane Kaos nel 2019, ha estinto il reato con otto mesi di lavori di pubblica utilit\u00e0. Volontario per il Comune di Belluno, ha ricevuto una valutazione positiva dall\u2019Ufficio per l\u2019esecuzione penale esterna. L\u2019uccisione di Kaos, avvenuta nel parcheggio del Super W ad Agordo, \u00e8 documentata da video&hellip;<\/p>\n","protected":false},"author":4,"featured_media":421563,"comment_status":"closed","ping_status":"closed","sticky":false,"template":"","format":"standard","meta":{"_monsterinsights_skip_tracking":false,"_monsterinsights_sitenote_active":false,"_monsterinsights_sitenote_note":"","_monsterinsights_sitenote_category":0,"footnotes":""},"categories":[51,49],"tags":[],"class_list":["post-273583","post","type-post","status-publish","format-standard","has-post-thumbnail","hentry","category-evidenza-top","category-news-18","category-51","category-49","description-off"],"img_url":"https:\/\/www.radiopiu.net\/wordpress\/wp-content\/uploads\/2024\/11\/d0ff8f6e-8012-4db0-8dec-bed9db9543b7.webp","_links":{"self":[{"href":"https:\/\/www.radiopiu.net\/wordpress\/wp-json\/wp\/v2\/posts\/273583","targetHints":{"allow":["GET"]}}],"collection":[{"href":"https:\/\/www.radiopiu.net\/wordpress\/wp-json\/wp\/v2\/posts"}],"about":[{"href":"https:\/\/www.radiopiu.net\/wordpress\/wp-json\/wp\/v2\/types\/post"}],"author":[{"embeddable":true,"href":"https:\/\/www.radiopiu.net\/wordpress\/wp-json\/wp\/v2\/users\/4"}],"replies":[{"embeddable":true,"href":"https:\/\/www.radiopiu.net\/wordpress\/wp-json\/wp\/v2\/comments?post=273583"}],"version-history":[{"count":3,"href":"https:\/\/www.radiopiu.net\/wordpress\/wp-json\/wp\/v2\/posts\/273583\/revisions"}],"predecessor-version":[{"id":421562,"href":"https:\/\/www.radiopiu.net\/wordpress\/wp-json\/wp\/v2\/posts\/273583\/revisions\/421562"}],"wp:featuredmedia":[{"embeddable":true,"href":"https:\/\/www.radiopiu.net\/wordpress\/wp-json\/wp\/v2\/media\/421563"}],"wp:attachment":[{"href":"https:\/\/www.radiopiu.net\/wordpress\/wp-json\/wp\/v2\/media?parent=273583"}],"wp:term":[{"taxonomy":"category","embeddable":true,"href":"https:\/\/www.radiopiu.net\/wordpress\/wp-json\/wp\/v2\/categories?post=273583"},{"taxonomy":"post_tag","embeddable":true,"href":"https:\/\/www.radiopiu.net\/wordpress\/wp-json\/wp\/v2\/tags?post=273583"}],"curies":[{"name":"wp","href":"https:\/\/api.w.org\/{rel}","templated":true}]}}