{"id":273588,"date":"2022-05-03T05:56:05","date_gmt":"2022-05-03T03:56:05","guid":{"rendered":"https:\/\/www.radiopiu.net\/wordpress\/?p=273588"},"modified":"2022-05-03T06:14:42","modified_gmt":"2022-05-03T04:14:42","slug":"dolomitibus-e-luxottica-galvanio-ci-sono-problemi-sui-bus-contattate-la-commissione-trasporti","status":"publish","type":"post","link":"https:\/\/www.radiopiu.net\/wordpress\/dolomitibus-e-luxottica-galvanio-ci-sono-problemi-sui-bus-contattate-la-commissione-trasporti\/","title":{"rendered":"DOLOMITIBUS E LUXOTTICA, GALVANIO &#8220;CI SONO PROBLEMI SUI BUS? CONTATTATE LA COMMISSIONE TRASPORTI&#8221;"},"content":{"rendered":"<div class=\"kvgmc6g5 cxmmr5t8 oygrvhab hcukyx3x c1et5uql ii04i59q\">\n<blockquote>\n<div dir=\"auto\"><em>&#8220;Per fare chiarezza ed informare chi vive una realt\u00e0 soltanto social e non legge la stampa&#8221;<\/em> E&#8217; la prima dichiarazione del rappresentante della commissione trasporti dopo aver letto una serie di post sui social che attaccano la Dolomitibus perch\u00e9 non ci sarebbe sufficiente igienizzazione, perch\u00e8 d&#8217;inverno senza riscaldamento i pullman sono freddi. Ma c&#8217;\u00e8 di pi\u00f9, c&#8217;\u00e8 chi punta il dito contro gli autisti definendoli &#8220;impreparati&#8221;. Commenti da social, che lascia no il tempo che trovano, troppo facile lanciare accuse a destra e a manca. Troppo social in definitiva. Per questo l&#8217;invito dei sindacati a prendere le giuste vie per eventuali critiche nel segno della costruttivit\u00e0.<\/div>\n<div dir=\"auto\"><\/div>\n<\/blockquote>\n<div dir=\"auto\"><strong><a class=\"dt-pswp-item\" href=\"https:\/\/www.radiopiu.net\/wordpress\/wp-content\/uploads\/2022\/04\/f966c732-a2c1-47f7-936d-4ebdec67a598.jpg\" data-dt-img-description=\"\" data-large_image_width=\"1600\" data-large_image_height=\"900\"><img loading=\"lazy\" decoding=\"async\" class=\" wp-image-271500 alignleft\" src=\"https:\/\/www.radiopiu.net\/wordpress\/wp-content\/uploads\/2022\/04\/f966c732-a2c1-47f7-936d-4ebdec67a598-150x150.jpg\" alt=\"\" width=\"135\" height=\"135\" \/><\/a>AGORDO<\/strong> Sulla pagina facebook Lux Italia Gian Luca Galvanio della commissione trasporti ha voluto mettere in evidenza alcune criticit\u00e0 per chi viaggia sui mezzi pubblici. Un post che ha attirato l&#8217;attenzione dei lavoratori e i commenti sono gi\u00e0 parecchi.<\/div>\n<div dir=\"auto\"><\/div>\n<div dir=\"auto\">&#8220;<em>Da circa 4\/5 anni ci sono varie problematiche : sostituzione ed ampliamento parco mezzi, carenza di personale ( autisti e controllori ). Dolomitibus non trovando personale in loco, ha ampliato la propria ricerca in altre regioni, creando bandi ma con scarsi risultati (poche adesioni) essendo comunque un lavoro che comporta non pochi sacrifici. L&#8217;azienda come tante altre realt\u00e0, avr\u00e0 sicuramente problematiche al suo interno, ma in tanti anni di collaborazione con noi della commissione trasporti, non si \u00e8 mai tirata indietro nel venire incontro, quando possibile, a richieste migliorative per i colleghi, intervenendo tempestivamente alle segnalazioni per eventuali disservizi. Pertanto si chiede cortesemente a tutti i colleghi la pi\u00f9 ampia collaborazione:\u00a0 Rispetto delle regole di viaggio,\u00a0 segnalare se ci sono problemi in genere, specificando la tratta, il numero del mezzo, giorno ed ora. Consigliamo di contattare un delegato sindacale dei trasporti, che pu\u00f2 intervenire tempestivamente avendo contatti diretti con la direzione. Prendendo spunto da un post recente, non in ultima si chiede collaborazione\/pazienza riguardo all\u2019inserimento di nuovi autisti ( pochi ) che si affacciano per la prima volta al mondo del lavoro. Il territorio Bellunese \u00e8 molto difficile da gestire, per morfologia ed ampiezza. Prioritaria certamente la sicurezza&#8221;.<\/em><\/div>\n<div dir=\"auto\"><\/div>\n<\/div>\n<div dir=\"auto\"><\/div>\n<div dir=\"auto\">\n<hr \/>\n<\/div>\n<div class=\"cxmmr5t8 oygrvhab hcukyx3x c1et5uql o9v6fnle ii04i59q\">\n<div dir=\"auto\"><\/div>\n<\/div>\n","protected":false},"excerpt":{"rendered":"<p>&#8220;Per fare chiarezza ed informare chi vive una realt\u00e0 soltanto social e non legge la stampa&#8221; E&#8217; la prima dichiarazione del rappresentante della commissione trasporti dopo aver letto una serie di post sui social che attaccano la Dolomitibus perch\u00e9 non ci sarebbe sufficiente igienizzazione, perch\u00e8 d&#8217;inverno senza riscaldamento i pullman sono freddi. Ma c&#8217;\u00e8 di&hellip;<\/p>\n","protected":false},"author":4,"featured_media":144908,"comment_status":"closed","ping_status":"closed","sticky":false,"template":"","format":"standard","meta":{"_monsterinsights_skip_tracking":false,"_monsterinsights_sitenote_active":false,"_monsterinsights_sitenote_note":"","_monsterinsights_sitenote_category":0,"footnotes":""},"categories":[51,49],"tags":[],"class_list":["post-273588","post","type-post","status-publish","format-standard","has-post-thumbnail","hentry","category-evidenza-top","category-news-18","category-51","category-49","description-off"],"img_url":"https:\/\/www.radiopiu.net\/wordpress\/wp-content\/uploads\/2020\/06\/97384eec-d2d4-4e19-bdc9-7845fa51b71c.jpg","_links":{"self":[{"href":"https:\/\/www.radiopiu.net\/wordpress\/wp-json\/wp\/v2\/posts\/273588","targetHints":{"allow":["GET"]}}],"collection":[{"href":"https:\/\/www.radiopiu.net\/wordpress\/wp-json\/wp\/v2\/posts"}],"about":[{"href":"https:\/\/www.radiopiu.net\/wordpress\/wp-json\/wp\/v2\/types\/post"}],"author":[{"embeddable":true,"href":"https:\/\/www.radiopiu.net\/wordpress\/wp-json\/wp\/v2\/users\/4"}],"replies":[{"embeddable":true,"href":"https:\/\/www.radiopiu.net\/wordpress\/wp-json\/wp\/v2\/comments?post=273588"}],"version-history":[{"count":0,"href":"https:\/\/www.radiopiu.net\/wordpress\/wp-json\/wp\/v2\/posts\/273588\/revisions"}],"wp:featuredmedia":[{"embeddable":true,"href":"https:\/\/www.radiopiu.net\/wordpress\/wp-json\/wp\/v2\/media\/144908"}],"wp:attachment":[{"href":"https:\/\/www.radiopiu.net\/wordpress\/wp-json\/wp\/v2\/media?parent=273588"}],"wp:term":[{"taxonomy":"category","embeddable":true,"href":"https:\/\/www.radiopiu.net\/wordpress\/wp-json\/wp\/v2\/categories?post=273588"},{"taxonomy":"post_tag","embeddable":true,"href":"https:\/\/www.radiopiu.net\/wordpress\/wp-json\/wp\/v2\/tags?post=273588"}],"curies":[{"name":"wp","href":"https:\/\/api.w.org\/{rel}","templated":true}]}}