{"id":273615,"date":"2022-05-04T05:52:48","date_gmt":"2022-05-04T03:52:48","guid":{"rendered":"https:\/\/www.radiopiu.net\/wordpress\/?p=273615"},"modified":"2022-05-04T06:15:24","modified_gmt":"2022-05-04T04:15:24","slug":"potabilita-dellacqua-i-tempi-per-il-ritorno-alla-normalita","status":"publish","type":"post","link":"https:\/\/www.radiopiu.net\/wordpress\/potabilita-dellacqua-i-tempi-per-il-ritorno-alla-normalita\/","title":{"rendered":"POTABILITA&#8217; DELL&#8217;ACQUA, I TEMPI PER IL RITORNO ALLA NORMALITA&#8217;"},"content":{"rendered":"<p><strong><a class=\"dt-pswp-item\" href=\"https:\/\/www.radiopiu.net\/wordpress\/wp-content\/uploads\/2022\/05\/download.jpg\" data-dt-img-description=\"\" data-large_image_width=\"259\" data-large_image_height=\"194\"><img loading=\"lazy\" decoding=\"async\" class=\" wp-image-273616 alignleft\" src=\"https:\/\/www.radiopiu.net\/wordpress\/wp-content\/uploads\/2022\/05\/download-150x150.jpg\" alt=\"\" width=\"127\" height=\"127\" \/><\/a>REDAZIONE<\/strong>\u00a0 Nei giorni scorsi abbiamo assistito ad un&#8217;emergenza non di poco conto, l&#8217;acqua inquinata tanto a Ponte nelle Alpi che ad Arsi\u00e8, in entrambi i casi con allarme salmonella. In pochi giorni l&#8217;acqua \u00e8 ritornata potabile, le autobotti\u00a0 per l&#8217;approvvigionamento idrico alla popolazione sono rientrate in sede e dai rubinetti \u00e8 uscita di nuovo acqua per uso alimentare. GSP non ha quindi perso tempo ha agito con tempestivit\u00e0 e questo ha fatto sorgere alcune domande agli agordini che spesso si ritrovano con l&#8217;acqua imbevibile poich\u00e9 inquinata,\u00a0 ma trascorrono settimane prima del ritorno alla normalit\u00e0, settimane non qualche giorno. E&#8217; ovvio che da San Tomaso ad Agordo, da Gosaldo a Cencenighe l&#8217;utente si sia fatto delle domande. Perch\u00e9 in Valbelluna in pochi giorni l&#8217;acqua \u00e8 tornata potabile e quando succede nell&#8217;Agordino i tempi si fanno al contrario fin troppo\u00a0 lunghi? Abbiamo girato l&#8217;interrogativo a GSP e oggi forniamo la\u00a0 risposta pervenuta.<\/p>\n<blockquote><p><strong>LA RISPOSTA<\/strong><\/p>\n<p><strong> <img loading=\"lazy\" decoding=\"async\" class=\"alignleft\" src=\"https:\/\/www.radiopiu.net\/wordpress\/wp-content\/uploads\/2022\/05\/download-1.jpg\" width=\"239\" height=\"166\" \/>BELLUNO\u00a0<\/strong><em> Ad aver determinato l\u2019urgenza, nei due casi di non potabilit\u00e0 dell\u2019acqua verificatisi a Ponte nelle Alpi e ad Arsi\u00e8, \u00e8 stata la potenziale gravit\u00e0 della contaminazione rilevata in loco. In entrambi i Comuni, infatti, l\u2019esito analitico ha evidenziato la presenza di salmonella, microrganismo patogeno per la salute umana (pu\u00f2 provocare la salmonellosi). A questo si \u00e8 aggiunto il fatto che le utenze nei due Comuni, in ottemperanza alle indicazioni dell\u2019ULSS, non potevano in alcun modo utilizzare l\u2019acqua di acquedotto per uso alimentare. Abbiamo, per questo, attivato le procedure di emergenza e messo a disposizione dell\u2019utenza, per l\u2019approvvigionamento idrico alternativo, le nostre autobotti ed una dei Vigili del fuoco. Di norma, le non potabilit\u00e0 di tipo microbiologico che si manifestano nella rete dell\u2019acquedotto della provincia di Belluno derivano dalla presenza di colibatteri, microrganismi indicatori di contaminazione, riscontrabili per lo pi\u00f9 a seguito di precipitazioni. <strong><a class=\"dt-pswp-item\" href=\"https:\/\/www.radiopiu.net\/wordpress\/wp-content\/uploads\/2022\/05\/download-2.jpg\" data-dt-img-description=\"\" data-large_image_width=\"225\" data-large_image_height=\"225\"><img loading=\"lazy\" decoding=\"async\" class=\"size-thumbnail wp-image-273618 alignright\" src=\"https:\/\/www.radiopiu.net\/wordpress\/wp-content\/uploads\/2022\/05\/download-2-150x150.jpg\" alt=\"\" width=\"150\" height=\"150\" srcset=\"https:\/\/www.radiopiu.net\/wordpress\/wp-content\/uploads\/2022\/05\/download-2-150x150.jpg 150w, https:\/\/www.radiopiu.net\/wordpress\/wp-content\/uploads\/2022\/05\/download-2.jpg 225w\" sizes=\"auto, (max-width: 150px) 100vw, 150px\" \/><\/a><\/strong>L\u2019Ulss, in questi casi, in base al valore accertato, permette la misura della bollitura dell\u2019acqua, cos\u00ec da consentire comunque l\u2019uso alimentare e limitare l\u2019impatto sulla popolazione. I tempi delle analisi di tipo microbiologico sono variabili: richiedono, di norma, un minimo di 48 ore, ma in alcuni casi si va anche oltre, a seconda della situazione rilevata. Controlli assolutamente necessari (oltre 3mila in un anno tra Ulss e Gsp), che permettono di garantire acqua sempre controllata e di qualit\u00e0. La tempesta Vaia, va evidenziato, che ha avuto il suo epicentro proprio in Agordino, ha reso pi\u00f9 vulnerabili alcune sorgenti e aumentato, in certi casi, la frequenza dei casi di non potabilit\u00e0. Gsp \u00a0gi\u00e0 da anni sta facendo fronte al problema installando, ove possibile, nuovi impianti di disinfezione automatizzati. In parallelo, nei casi pi\u00f9 complessi, realizziamo interventi mirati di adeguamento strutturale delle sorgenti e\/o di sostituzione delle condotte (vedi i due nuovi acquedotti posati a Cencenighe, a servizio del capoluogo e delle frazioni circostanti, il nuovo serbatoio e acquedotto realizzato a Sottoguda di Rocca Pietore, la ristrutturazione di numerose sorgenti agordine, ecc\u2026 ). Massima attenzione, quindi, da parte di Gsp al territorio e all\u2019utenza servita.<\/em><\/p><\/blockquote>\n<p>&nbsp;<\/p>\n<p>&nbsp;<\/p>\n<hr \/>\n<p>&nbsp;<\/p>\n","protected":false},"excerpt":{"rendered":"<p>REDAZIONE\u00a0 Nei giorni scorsi abbiamo assistito ad un&#8217;emergenza non di poco conto, l&#8217;acqua inquinata tanto a Ponte nelle Alpi che ad Arsi\u00e8, in entrambi i casi con allarme salmonella. In pochi giorni l&#8217;acqua \u00e8 ritornata potabile, le autobotti\u00a0 per l&#8217;approvvigionamento idrico alla popolazione sono rientrate in sede e dai rubinetti \u00e8 uscita di nuovo acqua&hellip;<\/p>\n","protected":false},"author":4,"featured_media":273617,"comment_status":"closed","ping_status":"closed","sticky":false,"template":"","format":"standard","meta":{"_monsterinsights_skip_tracking":false,"_monsterinsights_sitenote_active":false,"_monsterinsights_sitenote_note":"","_monsterinsights_sitenote_category":0,"footnotes":""},"categories":[51,49],"tags":[],"class_list":["post-273615","post","type-post","status-publish","format-standard","has-post-thumbnail","hentry","category-evidenza-top","category-news-18","category-51","category-49","description-off"],"img_url":"https:\/\/www.radiopiu.net\/wordpress\/wp-content\/uploads\/2022\/05\/download-1.jpg","_links":{"self":[{"href":"https:\/\/www.radiopiu.net\/wordpress\/wp-json\/wp\/v2\/posts\/273615","targetHints":{"allow":["GET"]}}],"collection":[{"href":"https:\/\/www.radiopiu.net\/wordpress\/wp-json\/wp\/v2\/posts"}],"about":[{"href":"https:\/\/www.radiopiu.net\/wordpress\/wp-json\/wp\/v2\/types\/post"}],"author":[{"embeddable":true,"href":"https:\/\/www.radiopiu.net\/wordpress\/wp-json\/wp\/v2\/users\/4"}],"replies":[{"embeddable":true,"href":"https:\/\/www.radiopiu.net\/wordpress\/wp-json\/wp\/v2\/comments?post=273615"}],"version-history":[{"count":0,"href":"https:\/\/www.radiopiu.net\/wordpress\/wp-json\/wp\/v2\/posts\/273615\/revisions"}],"wp:featuredmedia":[{"embeddable":true,"href":"https:\/\/www.radiopiu.net\/wordpress\/wp-json\/wp\/v2\/media\/273617"}],"wp:attachment":[{"href":"https:\/\/www.radiopiu.net\/wordpress\/wp-json\/wp\/v2\/media?parent=273615"}],"wp:term":[{"taxonomy":"category","embeddable":true,"href":"https:\/\/www.radiopiu.net\/wordpress\/wp-json\/wp\/v2\/categories?post=273615"},{"taxonomy":"post_tag","embeddable":true,"href":"https:\/\/www.radiopiu.net\/wordpress\/wp-json\/wp\/v2\/tags?post=273615"}],"curies":[{"name":"wp","href":"https:\/\/api.w.org\/{rel}","templated":true}]}}