{"id":273656,"date":"2022-05-04T05:54:21","date_gmt":"2022-05-04T03:54:21","guid":{"rendered":"https:\/\/www.radiopiu.net\/wordpress\/?p=273656"},"modified":"2022-05-04T06:14:52","modified_gmt":"2022-05-04T04:14:52","slug":"fondazione-cortina-la-firma-sullatto-costitutivo-diretta","status":"publish","type":"post","link":"https:\/\/www.radiopiu.net\/wordpress\/fondazione-cortina-la-firma-sullatto-costitutivo-diretta\/","title":{"rendered":"FONDAZIONE CORTINA, LA FIRMA SULL&#8217;ATTO COSTITUTIVO &#8211; DIRETTA &#8211;"},"content":{"rendered":"<blockquote>\n<div><em>Scopo della Fondazione \u00e8 anche quello di salvaguardare i valori sportivi e culturali di Cortina d\u2019Ampezzo e di tutto il territorio veneto, nel rispetto della sua storia e del suo consolidato valore ambientale.<\/em><\/div>\n<\/blockquote>\n<div class=\"articlePlainText\"><strong>CORTINA<\/strong> Firmato oggi a Venezia l\u2019atto ufficiale che sancisce la nascita di Fondazione Cortina. Obiettivo dell\u2019ente, nei prossimi anni, sar\u00e0 quello di promuovere e organizzare eventi, manifestazioni e iniziative legate allo svolgimento di eventi sportivi o culturali \u2013 nazionali e internazionali \u2013 all\u2019interno di un quadro complessivo di sviluppo e valorizzazione del territorio, anche in riferimento alle gare di Coppa del Mondo di Sci Alpino e dei Giochi Olimpici e Paralimpici Invernali Milano-Cortina 2026.<\/div>\n<div><em>\u201cCon questa firma \u2013 dichiara Marco Zardini, presidente del Consorzio Esercenti Impianti a Fune di Cortina d\u2019Ampezzo, San Vito, Auronzo e Misurina (Cortina Skiworld) \u2013 ci impegniamo a valorizzare Cortina e tutta la montagna bellunese&#8221;<\/em><\/div>\n<div><\/div>\n<div><a class=\"dt-pswp-item\" href=\"https:\/\/www.radiopiu.net\/wordpress\/wp-content\/uploads\/2022\/05\/AAAAAA-3.jpg\" data-dt-img-description=\"\" data-large_image_width=\"577\" data-large_image_height=\"329\"><img loading=\"lazy\" decoding=\"async\" class=\"wp-image-273668 size-medium aligncenter\" src=\"https:\/\/www.radiopiu.net\/wordpress\/wp-content\/uploads\/2022\/05\/AAAAAA-3-300x171.jpg\" alt=\"\" width=\"300\" height=\"171\" srcset=\"https:\/\/www.radiopiu.net\/wordpress\/wp-content\/uploads\/2022\/05\/AAAAAA-3-300x171.jpg 300w, https:\/\/www.radiopiu.net\/wordpress\/wp-content\/uploads\/2022\/05\/AAAAAA-3.jpg 577w\" sizes=\"auto, (max-width: 300px) 100vw, 300px\" \/><\/a><\/div>\n<div><\/div>\n<blockquote>\n<h3>LEGGI LA CONFERENZA STAMPA<\/h3>\n<\/blockquote>\n<div><strong><a class=\"dt-pswp-item\" href=\"https:\/\/www.radiopiu.net\/wordpress\/wp-content\/uploads\/2022\/05\/1953f0d1-e035-6b0a-7224-cb549d44d07c.jpeg\" data-dt-img-description=\"\" data-large_image_width=\"1024\" data-large_image_height=\"768\"><img loading=\"lazy\" decoding=\"async\" class=\"wp-image-273675 size-medium alignleft\" src=\"https:\/\/www.radiopiu.net\/wordpress\/wp-content\/uploads\/2022\/05\/1953f0d1-e035-6b0a-7224-cb549d44d07c-300x225.jpeg\" alt=\"\" width=\"300\" height=\"225\" srcset=\"https:\/\/www.radiopiu.net\/wordpress\/wp-content\/uploads\/2022\/05\/1953f0d1-e035-6b0a-7224-cb549d44d07c-300x225.jpeg 300w, https:\/\/www.radiopiu.net\/wordpress\/wp-content\/uploads\/2022\/05\/1953f0d1-e035-6b0a-7224-cb549d44d07c-768x576.jpeg 768w, https:\/\/www.radiopiu.net\/wordpress\/wp-content\/uploads\/2022\/05\/1953f0d1-e035-6b0a-7224-cb549d44d07c.jpeg 1024w\" sizes=\"auto, (max-width: 300px) 100vw, 300px\" \/><\/a>VENEZIA <\/strong>La Fondazione Cortina \u00e8 realt\u00e0. L&#8217;effetto Olimpiadi gi\u00e0 si respira, si vive, Cortina \u00e8 sulla bocca di tutti nel mondo.\u00a0 Non guardiamo il dito ma la luna,\u00a0 Non \u00e8 solo il caso di un dibattito del bob si o il bob no (che \u00e8 deprimente), \u00e8 un sito degradato da ristrutturare, ora \u00e8 un cadavere eccellente ma fa pi\u00f9 chic parlare a sfavore, contro qualche cosa. Fossimo andati in Austria a Innsbruck servivano\u00a0 30miloni di euro, pi\u00f9 15 di bonifica per quello di Cortina. Quindi fa 45milioni, noi\u00a0 con 60 lo portiamo a casa nuovo ed \u00e8 l&#8217;unica pista para-olimpica, garantiamo a tutti gli sportivi di poterlo utilizzare. Ci possiamo candidare a tutti gli eventi internazionali. Lo gestiremo con le province di Trento e Bolzano con la Regione Vento. Bonifichiamo un sito, e risolviamo i punti neri ed \u00e8 tutto finanziato dal Governo centrale non esborsi della Regione. Abbiamo grandi propositi. Senza Olimpiadi non si fa la bretella aeroportuale o la circonvallazione di Cortina.\u00a0 Siamo pronti per le gare, le imprese non fanno ancora offerte perch\u00e9 temono gli aumenti delle materie prime. Fondazione Cortina: i soci fondatori sono Regione, Provincia e Comune di Cortina con i soci onorari, Sci Club Cortina con Igor Ghedina, Albergatori con Elio Zardini, esercenti Impianti a fune con Marco Zardini. Ci sono poi i collegamenti intervallivi con il Civetta e\u00a0 l&#8217;Agordino, rispettando le leggi sena far agitare qualcuno. Presentazione il consiglio di amministrazione.<\/div>\n<div><strong>GIANPIERO GHEDINA\u00a0<\/strong> Giornata importante nasce il comitato locale, il braccio operativo per le Olimpiadi. Risultato importante che nasce dalla forte coesione tra enti, ognuno per la sua parte. Occasione per quanto riguarda lo sport, il pi\u00f9 grande evento sportivo dei prossimi anni. E&#8217; l&#8217;occasione per rinnovare le strutture, non si era mai visto tanto denaro a Cortina e in Provincia. 600milioni di euro gi\u00e0 finanziati. Una grande occasione con al centro ambiente e sostenibilit\u00e0 ma soprattutto la possibilit\u00e0 di rinnovarci.<\/div>\n<div><strong>ROBERTO PADRIN <\/strong>Questo \u00e8 un grande risultato del gioco di squadra. Ci giochiamo il futuro di un grande evento. L&#8217;auspicio che la fondazione possa rimanere anche dopo le Olimpiadi. Le Olimpiadi hanno permesso di portare a Belluno oltre un miliardo di investimenti, realizziamo opere che senza queste eventi non si sarebbero fatte. Per ora sono ancora sulla carta, ora bisogna realizzarle, che riusciamo ad appaltarle e che siano pronte per le Olimpiadi, questo \u00e8 l&#8217;obiettivo.\u00a0 Sul territorio inizia una nuova fase.<\/div>\n<div><strong>STEFANO UMBERTO LONGO <\/strong>Grazie da tutti i componenti del consiglio, persone disponibili che mettono a disposizione le loro competenze per le Olimpiadi e Paraolimpiadi.\u00a0 Cortina avr\u00e0 un vantaggio competitivo. L&#8217;Olimpiade \u00e8 un evento mondiale di pace \u00e8 un dogma che sia assieme a Milano con l&#8217;obbligo di tutt&#8217;altra angolatura. Lavoreremo per ottenere i risultati, ma abbiamo bisogno del supporto delle societ\u00e0 e delle strutture. Il fattore tempo dovr\u00e0 essere fattore ossessivo, dobbiamo rispettare i tempi.<\/div>\n<div><\/div>\n<div><strong>DIRETTA\u00a0<\/strong><\/div>\n<div>\n<p><a href=\"https:\/\/www.facebook.com\/zaiaufficiale\/videos\/1136146223846729\">https:\/\/www.facebook.com\/zaiaufficiale\/videos\/1136146223846729<\/a><\/p>\n<p>&nbsp;<\/p>\n<\/div>\n","protected":false},"excerpt":{"rendered":"<p>Scopo della Fondazione \u00e8 anche quello di salvaguardare i valori sportivi e culturali di Cortina d\u2019Ampezzo e di tutto il territorio veneto, nel rispetto della sua storia e del suo consolidato valore ambientale. CORTINA Firmato oggi a Venezia l\u2019atto ufficiale che sancisce la nascita di Fondazione Cortina. Obiettivo dell\u2019ente, nei prossimi anni, sar\u00e0 quello di&hellip;<\/p>\n","protected":false},"author":4,"featured_media":273661,"comment_status":"closed","ping_status":"closed","sticky":false,"template":"","format":"standard","meta":{"_monsterinsights_skip_tracking":false,"_monsterinsights_sitenote_active":false,"_monsterinsights_sitenote_note":"","_monsterinsights_sitenote_category":0,"footnotes":""},"categories":[51,49],"tags":[],"class_list":["post-273656","post","type-post","status-publish","format-standard","has-post-thumbnail","hentry","category-evidenza-top","category-news-18","category-51","category-49","description-off"],"img_url":"https:\/\/www.radiopiu.net\/wordpress\/wp-content\/uploads\/2022\/05\/AAAAAA-1.jpg","_links":{"self":[{"href":"https:\/\/www.radiopiu.net\/wordpress\/wp-json\/wp\/v2\/posts\/273656","targetHints":{"allow":["GET"]}}],"collection":[{"href":"https:\/\/www.radiopiu.net\/wordpress\/wp-json\/wp\/v2\/posts"}],"about":[{"href":"https:\/\/www.radiopiu.net\/wordpress\/wp-json\/wp\/v2\/types\/post"}],"author":[{"embeddable":true,"href":"https:\/\/www.radiopiu.net\/wordpress\/wp-json\/wp\/v2\/users\/4"}],"replies":[{"embeddable":true,"href":"https:\/\/www.radiopiu.net\/wordpress\/wp-json\/wp\/v2\/comments?post=273656"}],"version-history":[{"count":0,"href":"https:\/\/www.radiopiu.net\/wordpress\/wp-json\/wp\/v2\/posts\/273656\/revisions"}],"wp:featuredmedia":[{"embeddable":true,"href":"https:\/\/www.radiopiu.net\/wordpress\/wp-json\/wp\/v2\/media\/273661"}],"wp:attachment":[{"href":"https:\/\/www.radiopiu.net\/wordpress\/wp-json\/wp\/v2\/media?parent=273656"}],"wp:term":[{"taxonomy":"category","embeddable":true,"href":"https:\/\/www.radiopiu.net\/wordpress\/wp-json\/wp\/v2\/categories?post=273656"},{"taxonomy":"post_tag","embeddable":true,"href":"https:\/\/www.radiopiu.net\/wordpress\/wp-json\/wp\/v2\/tags?post=273656"}],"curies":[{"name":"wp","href":"https:\/\/api.w.org\/{rel}","templated":true}]}}