{"id":273685,"date":"2022-05-03T23:59:10","date_gmt":"2022-05-03T21:59:10","guid":{"rendered":"https:\/\/www.radiopiu.net\/wordpress\/?p=273685"},"modified":"2022-05-03T14:40:23","modified_gmt":"2022-05-03T12:40:23","slug":"intrecci-di-vicende-familiari-del-passato-nelle-piccole-e-grandi-storie-di-emigranti","status":"publish","type":"post","link":"https:\/\/www.radiopiu.net\/wordpress\/intrecci-di-vicende-familiari-del-passato-nelle-piccole-e-grandi-storie-di-emigranti\/","title":{"rendered":"INTRECCI DI VICENDE FAMILIARI DEL PASSATO NELLE PICCOLE E GRANDI STORIE DI EMIGRANTI"},"content":{"rendered":"<p><strong>di\u00a0 RENATO BONA<\/strong><\/p>\n<p>Nel libro \u201cPiccole grandi storie di emigranti\u201d opera degli amici Ivano Pocchiesa, Mario Fornaro ed Aduo Vio, che l\u2019hanno dato alle stampe con Media Diffusion e Agenzia Polaris nel dicembre 1991 vi sono due capitoli che si intrecciano perch\u00e9 fra i protagonisti vi sono anche persone fra loro parenti. Sono quelli intitolati: \u201cI Cappellon\u201d e \u201cLe Balie (1915). Il primo si apre con la considerazione che \u201cPer certe famiglie l\u2019emigrazione \u00e8 stata il leit-motiv della propria esistenza. Per altre \u00e8 sopravvenuto il riscatto, inteso come rientro e sistemazione definitiva nella terra natia\u201d. E prosegue con la vicenda ritenuta emblematica come esempio, di una famiglia , i Viel \u201cCappellon\u201d, della frazione Col di Cugnan di Ponte nelle Alpi, con il bisnonno Angelo a dare il via alla storia a fine \u2018800, quando emigr\u00f2 in Nord America da dove rientr\u00f2 dopo alcuni anni col soprannome \u201cCappellon\u201d affibbiatogli grazie al cappello a larga falda che usava una volta tornato dall\u2019America, come ha precisato agli autori del libro Giuliano Viel che per lustri ha portato avanti il famoso ristorante \u201cAl Borgo\u201d, all\u2019Anconetta di Belluno, ormai da anni passato ai figli: Luca, Daniele e Lorena. Giuliano ha mostrato orgoglioso agli scrittori la foto di nozze del padre Giovanni con la madre Giuditta: sposalizio del 1918, che ha consentito una breve parentesi festosa nella dura vita di un tagliapietra scalpellino in Westfalia, Germania; ha quindi ricordato che a quei tempi gli abiti indossati per le foto ricordo erano in prestito. Altra curiosit\u00e0: una lettera indirizzata da bisnonno Angelo al figlio Giovanni nel 1914 e quindi la foto della mamma, mancata quando lui aveva pochi mesi di vita, che si trasfer\u00ec a Venezia come balia nel 1921 dalla famiglia Zampieri e quattro anni dopo a Milano dalla famiglia Olmo. Dicevamo del collegamento di questo capitolo del libro con quello intitolato \u201cLe balie (1915)\u201d (argomento sul quale torneremo con altro servizio \u2013 ndr.). Lo evidenzia la riproduzione di una immagine a tutta pagina (la 188 nel libro) in cui una lunga didascalia spiega: \u201cA destra della foto la balia Stella Sitran in Battiston, nata a Ponte nelle Alpi il 10 aprile 1927. Al centro la principessa Ira F\u00fcrstemberg all\u2019et\u00e0 di sette anni e a sinistra la governante, Giuseppina Iachelini. Nella culla il neonato Egon F\u00fcrstemberg (battezzato nella basilica di San Marco (Venezia). La foto \u00e8 stata scattata nell\u2019autunno del 1946, forse a Roma (a Villa Siena, parco di ritrovo delle balie) o a Marocco (Venezia) nella villa di famiglia sul Terraglio. Il nome completo di Stella, madre di Flora che \u00e8 la moglie di Giuliano Viel, \u00e8 Sitran Mion Stella Bei. I genitori di Ira ed Egon erano Clara Agnelli (sorella dell\u2019 \u201cavvocato\u201d) e il principe Tassillo F\u00fcrstemberg.<\/p>\n\n\t\t\t<style type='text\/css'>\n\t\t\t\t#gallery-1 {\n\t\t\t\t\tmargin: auto;\n\t\t\t\t}\n\t\t\t\t#gallery-1 .gallery-item {\n\t\t\t\t\tfloat: left;\n\t\t\t\t\tmargin-top: 10px;\n\t\t\t\t\ttext-align: center;\n\t\t\t\t\twidth: 25%;\n\t\t\t\t}\n\t\t\t\t#gallery-1 img {\n\t\t\t\t\tborder: 2px solid #cfcfcf;\n\t\t\t\t}\n\t\t\t\t#gallery-1 .gallery-caption {\n\t\t\t\t\tmargin-left: 0;\n\t\t\t\t}\n\t\t\t\t\/* see gallery_shortcode() in wp-includes\/media.php *\/\n\t\t\t<\/style>\n\t\t<div id='gallery-1' class='dt-gallery-container gallery galleryid-273685 gallery-columns-4 gallery-size-thumbnail'><dl class='gallery-item'>\n\t\t\t\t<dt class='gallery-icon portrait'>\n\t\t\t\t\t<a class=\"rollover rollover-zoom dt-pswp-item\" title=\"279472065_529549115241477_2262623858159394931_n\" data-dt-img-description=\"\" data-large_image_width=\"158\" data-large_image_height=\"225\"href='https:\/\/www.radiopiu.net\/wordpress\/wp-content\/uploads\/2022\/05\/279472065_529549115241477_2262623858159394931_n.jpg'><img loading=\"lazy\" decoding=\"async\" width=\"150\" height=\"150\" src=\"https:\/\/www.radiopiu.net\/wordpress\/wp-content\/uploads\/2022\/05\/279472065_529549115241477_2262623858159394931_n-150x150.jpg\" class=\"attachment-thumbnail size-thumbnail\" alt=\"\" \/><\/a>\n\t\t\t\t<\/dt><\/dl><dl class='gallery-item'>\n\t\t\t\t<dt class='gallery-icon portrait'>\n\t\t\t\t\t<a class=\"rollover rollover-zoom dt-pswp-item\" title=\"279341313_415268900419935_8855226108073118644_n\" data-dt-img-description=\"\" data-large_image_width=\"152\" data-large_image_height=\"296\"href='https:\/\/www.radiopiu.net\/wordpress\/wp-content\/uploads\/2022\/05\/279341313_415268900419935_8855226108073118644_n.jpg'><img loading=\"lazy\" decoding=\"async\" width=\"150\" height=\"150\" src=\"https:\/\/www.radiopiu.net\/wordpress\/wp-content\/uploads\/2022\/05\/279341313_415268900419935_8855226108073118644_n-150x150.jpg\" class=\"attachment-thumbnail size-thumbnail\" alt=\"\" \/><\/a>\n\t\t\t\t<\/dt><\/dl><dl class='gallery-item'>\n\t\t\t\t<dt class='gallery-icon portrait'>\n\t\t\t\t\t<a class=\"rollover rollover-zoom dt-pswp-item\" title=\"279432035_591775865162000_1103501826492982442_n\" data-dt-img-description=\"\" data-large_image_width=\"152\" data-large_image_height=\"240\"href='https:\/\/www.radiopiu.net\/wordpress\/wp-content\/uploads\/2022\/05\/279432035_591775865162000_1103501826492982442_n.jpg'><img loading=\"lazy\" decoding=\"async\" width=\"150\" height=\"150\" src=\"https:\/\/www.radiopiu.net\/wordpress\/wp-content\/uploads\/2022\/05\/279432035_591775865162000_1103501826492982442_n-150x150.jpg\" class=\"attachment-thumbnail size-thumbnail\" alt=\"\" \/><\/a>\n\t\t\t\t<\/dt><\/dl><dl class='gallery-item'>\n\t\t\t\t<dt class='gallery-icon landscape'>\n\t\t\t\t\t<a class=\"rollover rollover-zoom dt-pswp-item\" title=\"279680887_370495845032519_3430887441359065799_n\" data-dt-img-description=\"\" data-large_image_width=\"371\" data-large_image_height=\"206\"href='https:\/\/www.radiopiu.net\/wordpress\/wp-content\/uploads\/2022\/05\/279680887_370495845032519_3430887441359065799_n.jpg'><img loading=\"lazy\" decoding=\"async\" width=\"150\" height=\"150\" src=\"https:\/\/www.radiopiu.net\/wordpress\/wp-content\/uploads\/2022\/05\/279680887_370495845032519_3430887441359065799_n-150x150.jpg\" class=\"attachment-thumbnail size-thumbnail\" alt=\"\" \/><\/a>\n\t\t\t\t<\/dt><\/dl><br style=\"clear: both\" \/><dl class='gallery-item'>\n\t\t\t\t<dt class='gallery-icon landscape'>\n\t\t\t\t\t<a class=\"rollover rollover-zoom dt-pswp-item\" title=\"279340846_1001623813819591_853759918877590996_n\" data-dt-img-description=\"\" data-large_image_width=\"275\" data-large_image_height=\"206\"href='https:\/\/www.radiopiu.net\/wordpress\/wp-content\/uploads\/2022\/05\/279340846_1001623813819591_853759918877590996_n.jpg'><img loading=\"lazy\" decoding=\"async\" width=\"150\" height=\"150\" src=\"https:\/\/www.radiopiu.net\/wordpress\/wp-content\/uploads\/2022\/05\/279340846_1001623813819591_853759918877590996_n-150x150.jpg\" class=\"attachment-thumbnail size-thumbnail\" alt=\"\" \/><\/a>\n\t\t\t\t<\/dt><\/dl><dl class='gallery-item'>\n\t\t\t\t<dt class='gallery-icon portrait'>\n\t\t\t\t\t<a class=\"rollover rollover-zoom dt-pswp-item\" title=\"279456765_1201474613930000_5126053432101655692_n\" data-dt-img-description=\"\" data-large_image_width=\"159\" data-large_image_height=\"225\"href='https:\/\/www.radiopiu.net\/wordpress\/wp-content\/uploads\/2022\/05\/279456765_1201474613930000_5126053432101655692_n.jpg'><img loading=\"lazy\" decoding=\"async\" width=\"150\" height=\"150\" src=\"https:\/\/www.radiopiu.net\/wordpress\/wp-content\/uploads\/2022\/05\/279456765_1201474613930000_5126053432101655692_n-150x150.jpg\" class=\"attachment-thumbnail size-thumbnail\" alt=\"\" \/><\/a>\n\t\t\t\t<\/dt><\/dl><dl class='gallery-item'>\n\t\t\t\t<dt class='gallery-icon landscape'>\n\t\t\t\t\t<a class=\"rollover rollover-zoom dt-pswp-item\" title=\"279444491_689555082339718_301960701646742665_n\" data-dt-img-description=\"\" data-large_image_width=\"321\" data-large_image_height=\"206\"href='https:\/\/www.radiopiu.net\/wordpress\/wp-content\/uploads\/2022\/05\/279444491_689555082339718_301960701646742665_n.jpg'><img loading=\"lazy\" decoding=\"async\" width=\"150\" height=\"150\" src=\"https:\/\/www.radiopiu.net\/wordpress\/wp-content\/uploads\/2022\/05\/279444491_689555082339718_301960701646742665_n-150x150.jpg\" class=\"attachment-thumbnail size-thumbnail\" alt=\"\" \/><\/a>\n\t\t\t\t<\/dt><\/dl>\n\t\t\t\t<br style='clear: both' \/>\n\t\t\t<\/div>\n\n<p>&nbsp;<\/p>\n<p>NELLE FOTO (riproduzioni dal libro \u201cPiccole grandi storie di emigranti\u201d di Pocchiesa-Fornaro-Vio e Facebook): I \u201cCappellon\u201d Giovanni e Giuditta, genitori dell\u2019albergatore Giuliano Viel, nel 1918 in posa per la \u201cfoto di nozze\u201d; la lettera di Angelo Viel al figlio Giovanni, datata 1914; Giuditta Viel, balia a Venezia nel 1921 prima di trasferirsi a Milano nel 1925 dalla famiglia Olmo; panoramica del ristorante bellunese \u201cAl Borgo\u201d dell\u2019Anconetta, avviato da Giuliano Viel con la moglie Flora e portato avanti dai figli; la famiglia di Giuliano Viel; Stella Sitran, suocera di Giuliano Viel, di Col di Cugnan, balia per la famiglia F\u00fcrstemberg imparentata con gli Agnelli; altre balie bellunesi.<\/p>\n","protected":false},"excerpt":{"rendered":"<p>di\u00a0 RENATO BONA Nel libro \u201cPiccole grandi storie di emigranti\u201d opera degli amici Ivano Pocchiesa, Mario Fornaro ed Aduo Vio, che l\u2019hanno dato alle stampe con Media Diffusion e Agenzia Polaris nel dicembre 1991 vi sono due capitoli che si intrecciano perch\u00e9 fra i protagonisti vi sono anche persone fra loro parenti. Sono quelli intitolati:&hellip;<\/p>\n","protected":false},"author":4,"featured_media":273678,"comment_status":"closed","ping_status":"closed","sticky":false,"template":"","format":"standard","meta":{"_monsterinsights_skip_tracking":false,"_monsterinsights_sitenote_active":false,"_monsterinsights_sitenote_note":"","_monsterinsights_sitenote_category":0,"footnotes":""},"categories":[49],"tags":[],"class_list":["post-273685","post","type-post","status-publish","format-standard","has-post-thumbnail","hentry","category-news-18","category-49","description-off"],"img_url":"https:\/\/www.radiopiu.net\/wordpress\/wp-content\/uploads\/2022\/05\/279444491_689555082339718_301960701646742665_n.jpg","_links":{"self":[{"href":"https:\/\/www.radiopiu.net\/wordpress\/wp-json\/wp\/v2\/posts\/273685","targetHints":{"allow":["GET"]}}],"collection":[{"href":"https:\/\/www.radiopiu.net\/wordpress\/wp-json\/wp\/v2\/posts"}],"about":[{"href":"https:\/\/www.radiopiu.net\/wordpress\/wp-json\/wp\/v2\/types\/post"}],"author":[{"embeddable":true,"href":"https:\/\/www.radiopiu.net\/wordpress\/wp-json\/wp\/v2\/users\/4"}],"replies":[{"embeddable":true,"href":"https:\/\/www.radiopiu.net\/wordpress\/wp-json\/wp\/v2\/comments?post=273685"}],"version-history":[{"count":0,"href":"https:\/\/www.radiopiu.net\/wordpress\/wp-json\/wp\/v2\/posts\/273685\/revisions"}],"wp:featuredmedia":[{"embeddable":true,"href":"https:\/\/www.radiopiu.net\/wordpress\/wp-json\/wp\/v2\/media\/273678"}],"wp:attachment":[{"href":"https:\/\/www.radiopiu.net\/wordpress\/wp-json\/wp\/v2\/media?parent=273685"}],"wp:term":[{"taxonomy":"category","embeddable":true,"href":"https:\/\/www.radiopiu.net\/wordpress\/wp-json\/wp\/v2\/categories?post=273685"},{"taxonomy":"post_tag","embeddable":true,"href":"https:\/\/www.radiopiu.net\/wordpress\/wp-json\/wp\/v2\/tags?post=273685"}],"curies":[{"name":"wp","href":"https:\/\/api.w.org\/{rel}","templated":true}]}}