{"id":273755,"date":"2022-05-05T05:52:44","date_gmt":"2022-05-05T03:52:44","guid":{"rendered":"https:\/\/www.radiopiu.net\/wordpress\/?p=273755"},"modified":"2022-05-05T06:18:30","modified_gmt":"2022-05-05T04:18:30","slug":"conzabl","status":"publish","type":"post","link":"https:\/\/www.radiopiu.net\/wordpress\/conzabl\/","title":{"rendered":"OGGI A CASTION I FUNERALI DEL RISTORATORE DEI FERROVIERI"},"content":{"rendered":"<p><strong><a class=\"dt-pswp-item\" href=\"https:\/\/www.radiopiu.net\/wordpress\/wp-content\/uploads\/2022\/05\/CONZ.jpg\" data-dt-img-description=\"\" data-large_image_width=\"271\" data-large_image_height=\"320\"><img loading=\"lazy\" decoding=\"async\" class=\"size-thumbnail wp-image-273761 alignleft\" src=\"https:\/\/www.radiopiu.net\/wordpress\/wp-content\/uploads\/2022\/05\/CONZ-150x150.jpg\" alt=\"\" width=\"150\" height=\"150\" \/><\/a>BELLUNO<\/strong>\u00a0 Un malore improvviso \u00e8 la causa della morte di\u00a0 Carlo Conz, nome e volto noto ristoratore di\u00a0 72 anni che ha dedicato la sua vita alla ristorazione. Aveva gestito la mensa dei ferrovieri poi diventata il ristorante &#8220;da Carlo Conz&#8221;.\u00a0 Ieri a pranzo molti dei suoi clienti abituali hanno fatto la triste scoperta: il ristorante era chiuso per lutto. La notizia della morte improvvisa di Conz \u00e8 girata velocemente in citt\u00e0, lasciando tutti nell&#8217;incredulit\u00e0 e nello sconforto.Carlo Conz lascia la moglie Mirca, le figlie Elena con Francesco ed Elisa con Germano, gli adorati nipotini, i fratelli e tutti i parenti ed amici. Oggi alle 16 i funerali nella chiesa di Castion.<\/p>\n<p>&nbsp;<\/p>\n<p>___<\/p>\n","protected":false},"excerpt":{"rendered":"<p>BELLUNO\u00a0 Un malore improvviso \u00e8 la causa della morte di\u00a0 Carlo Conz, nome e volto noto ristoratore di\u00a0 72 anni che ha dedicato la sua vita alla ristorazione. Aveva gestito la mensa dei ferrovieri poi diventata il ristorante &#8220;da Carlo Conz&#8221;.\u00a0 Ieri a pranzo molti dei suoi clienti abituali hanno fatto la triste scoperta: il&hellip;<\/p>\n","protected":false},"author":4,"featured_media":273761,"comment_status":"closed","ping_status":"closed","sticky":false,"template":"","format":"standard","meta":{"_monsterinsights_skip_tracking":false,"_monsterinsights_sitenote_active":false,"_monsterinsights_sitenote_note":"","_monsterinsights_sitenote_category":0,"footnotes":""},"categories":[51,49],"tags":[],"class_list":["post-273755","post","type-post","status-publish","format-standard","has-post-thumbnail","hentry","category-evidenza-top","category-news-18","category-51","category-49","description-off"],"img_url":"https:\/\/www.radiopiu.net\/wordpress\/wp-content\/uploads\/2022\/05\/CONZ.jpg","_links":{"self":[{"href":"https:\/\/www.radiopiu.net\/wordpress\/wp-json\/wp\/v2\/posts\/273755","targetHints":{"allow":["GET"]}}],"collection":[{"href":"https:\/\/www.radiopiu.net\/wordpress\/wp-json\/wp\/v2\/posts"}],"about":[{"href":"https:\/\/www.radiopiu.net\/wordpress\/wp-json\/wp\/v2\/types\/post"}],"author":[{"embeddable":true,"href":"https:\/\/www.radiopiu.net\/wordpress\/wp-json\/wp\/v2\/users\/4"}],"replies":[{"embeddable":true,"href":"https:\/\/www.radiopiu.net\/wordpress\/wp-json\/wp\/v2\/comments?post=273755"}],"version-history":[{"count":0,"href":"https:\/\/www.radiopiu.net\/wordpress\/wp-json\/wp\/v2\/posts\/273755\/revisions"}],"wp:featuredmedia":[{"embeddable":true,"href":"https:\/\/www.radiopiu.net\/wordpress\/wp-json\/wp\/v2\/media\/273761"}],"wp:attachment":[{"href":"https:\/\/www.radiopiu.net\/wordpress\/wp-json\/wp\/v2\/media?parent=273755"}],"wp:term":[{"taxonomy":"category","embeddable":true,"href":"https:\/\/www.radiopiu.net\/wordpress\/wp-json\/wp\/v2\/categories?post=273755"},{"taxonomy":"post_tag","embeddable":true,"href":"https:\/\/www.radiopiu.net\/wordpress\/wp-json\/wp\/v2\/tags?post=273755"}],"curies":[{"name":"wp","href":"https:\/\/api.w.org\/{rel}","templated":true}]}}