{"id":273769,"date":"2022-05-04T05:58:31","date_gmt":"2022-05-04T03:58:31","guid":{"rendered":"https:\/\/www.radiopiu.net\/wordpress\/?p=273769"},"modified":"2022-05-04T06:13:52","modified_gmt":"2022-05-04T04:13:52","slug":"oggi-a-feltre-i-funerali-di-davide-polli","status":"publish","type":"post","link":"https:\/\/www.radiopiu.net\/wordpress\/oggi-a-feltre-i-funerali-di-davide-polli\/","title":{"rendered":"OGGI A FELTRE I FUNERALI DI DAVIDE POLLI"},"content":{"rendered":"<div dir=\"auto\">\n<p><strong><a class=\"dt-pswp-item\" href=\"https:\/\/www.radiopiu.net\/wordpress\/wp-content\/uploads\/2022\/05\/279770630_3193788347565051_5309138084520171812_n.jpg\" data-dt-img-description=\"\" data-large_image_width=\"1600\" data-large_image_height=\"1200\"><img loading=\"lazy\" decoding=\"async\" class=\"size-thumbnail wp-image-273770 alignleft\" src=\"https:\/\/www.radiopiu.net\/wordpress\/wp-content\/uploads\/2022\/05\/279770630_3193788347565051_5309138084520171812_n-150x150.jpg\" alt=\"\" width=\"150\" height=\"150\" \/><\/a>FELTRE<\/strong> Un male incurabile ha strappato agli affetti pi\u00f9 cari ed agli amici Davide Polli, 62 anni di Tomo. Oggi alle 15 i funerali. Lascia la moglie Claudia, le figlie, i genitori Ermanda e Miriano e i fratelli Tiziana ed Eros. Sulla sua pagina facebook tanti i messaggi di cordoglio. Toccante quello delle figlie<\/p>\n<blockquote>\n<div dir=\"auto\"><em>&#8220;Ciao pap\u00e0, spero tu stia correndo pi\u00fa veloce del vento sulla bici che ti piaceva tanto e solcando le piste pi\u00fa belle sugli sci che portavi con tanta fierezza. Un grazie di cuore a tutte le persone che hanno condiviso il loro cordoglio dalla famiglia e i parenti tutti. Davide avrebbe voluto festeggiare e vedere ognuno con un sorriso in volto, quindi dopo la funzione una bicchierata al bar di Tomo \u00e8 aperta a tutti coloro che vorranno venire&#8221;.<\/em><\/div>\n<\/blockquote>\n<\/div>\n<div dir=\"auto\">\n<hr \/>\n<\/div>\n","protected":false},"excerpt":{"rendered":"<p>FELTRE Un male incurabile ha strappato agli affetti pi\u00f9 cari ed agli amici Davide Polli, 62 anni di Tomo. Oggi alle 15 i funerali. Lascia la moglie Claudia, le figlie, i genitori Ermanda e Miriano e i fratelli Tiziana ed Eros. Sulla sua pagina facebook tanti i messaggi di cordoglio. Toccante quello delle figlie &#8220;Ciao&hellip;<\/p>\n","protected":false},"author":4,"featured_media":273770,"comment_status":"closed","ping_status":"closed","sticky":false,"template":"","format":"standard","meta":{"_monsterinsights_skip_tracking":false,"_monsterinsights_sitenote_active":false,"_monsterinsights_sitenote_note":"","_monsterinsights_sitenote_category":0,"footnotes":""},"categories":[51,49],"tags":[],"class_list":["post-273769","post","type-post","status-publish","format-standard","has-post-thumbnail","hentry","category-evidenza-top","category-news-18","category-51","category-49","description-off"],"img_url":"https:\/\/www.radiopiu.net\/wordpress\/wp-content\/uploads\/2022\/05\/279770630_3193788347565051_5309138084520171812_n.jpg","_links":{"self":[{"href":"https:\/\/www.radiopiu.net\/wordpress\/wp-json\/wp\/v2\/posts\/273769","targetHints":{"allow":["GET"]}}],"collection":[{"href":"https:\/\/www.radiopiu.net\/wordpress\/wp-json\/wp\/v2\/posts"}],"about":[{"href":"https:\/\/www.radiopiu.net\/wordpress\/wp-json\/wp\/v2\/types\/post"}],"author":[{"embeddable":true,"href":"https:\/\/www.radiopiu.net\/wordpress\/wp-json\/wp\/v2\/users\/4"}],"replies":[{"embeddable":true,"href":"https:\/\/www.radiopiu.net\/wordpress\/wp-json\/wp\/v2\/comments?post=273769"}],"version-history":[{"count":0,"href":"https:\/\/www.radiopiu.net\/wordpress\/wp-json\/wp\/v2\/posts\/273769\/revisions"}],"wp:featuredmedia":[{"embeddable":true,"href":"https:\/\/www.radiopiu.net\/wordpress\/wp-json\/wp\/v2\/media\/273770"}],"wp:attachment":[{"href":"https:\/\/www.radiopiu.net\/wordpress\/wp-json\/wp\/v2\/media?parent=273769"}],"wp:term":[{"taxonomy":"category","embeddable":true,"href":"https:\/\/www.radiopiu.net\/wordpress\/wp-json\/wp\/v2\/categories?post=273769"},{"taxonomy":"post_tag","embeddable":true,"href":"https:\/\/www.radiopiu.net\/wordpress\/wp-json\/wp\/v2\/tags?post=273769"}],"curies":[{"name":"wp","href":"https:\/\/api.w.org\/{rel}","templated":true}]}}