{"id":273842,"date":"2022-05-05T05:48:09","date_gmt":"2022-05-05T03:48:09","guid":{"rendered":"https:\/\/www.radiopiu.net\/wordpress\/?p=273842"},"modified":"2022-05-05T06:20:27","modified_gmt":"2022-05-05T04:20:27","slug":"incontro-informativo-formativo-per-giovani-sullo-stile-comunitario-e-corresponsabile","status":"publish","type":"post","link":"https:\/\/www.radiopiu.net\/wordpress\/incontro-informativo-formativo-per-giovani-sullo-stile-comunitario-e-corresponsabile\/","title":{"rendered":"INCONTRO INFORMATIVO-FORMATIVO PER GIOVANI SULLO \u201cSTILE COMUNITARIO E CORRESPONSABILE\u201d"},"content":{"rendered":"<p><strong> di Renato Bona<\/strong><\/p>\n<p>In vista della stagione estiva prende il via venerd\u00ec 6 maggio, a partire dalle 20,30, nella sala parrocchiale di Cadola di Ponte nelle Alpi il primo di quattro incontri rivolti a quanti avranno responsabilit\u00e0 di coordinamento e di animazione delle attivit\u00e0 con i minori durante le vacanze dopo gli impegni scolastici. L\u2019annuncio \u00e8 stato postato sul sito \u201cchiesabellunofeltre\u201d dove si pu\u00f2 leggere che \u201cL\u2019equipe diocesana per la tutela dei minori, dopo aver incontrato alcuni responsabili che si occupano di minori nelle varie associazioni e nelle diverse attivit\u00e0 parrocchiali, ha sentito la necessit\u00e0 di proporre \u2013 in vista del periodo estivo \u2013 un incontro informativo-formativo sulle linee guida e le buone prassi che permettano di porre al centro i pi\u00f9 piccoli valorizzando la corresponsabilit\u00e0 comunitaria\u201d. La Diocesi lo scorso anno aveva in proposito pubblicato il sussidio \u201cL\u2019attivit\u00e0 educativa con i minori. Linee guida\u201d. Naturalmente \u2013 si sottolinea &#8211; senza alcuna pretesa di esaustivit\u00e0, partendo da alcuni principi importanti, viene proposto agli animatori-operatori uno stile di lettura della realt\u00e0 e di progettazione pastorale condivisa che, attraverso l\u2019individuazione delle buone prassi pi\u00f9 adatte alla specifica realt\u00e0 locale, possa consolidare un ambiente sicuro per la migliore crescita e maturazione dei pi\u00f9 piccoli. L\u2019acquisizione di uno stile comunitario e corresponsabile di custodia evidenzia e consolida le buone prassi pastorali in atto e permette, nel contempo, di individuare e correggere disattenzioni, negligenze o, peggio ancora, scelte e prassi diseducative. Ecco dunque il ciclo di incontri che si svolgeranno in presenza, in altrettante diverse aree della Diocesi con lo scopo di agevolare la partecipazione a tutti coloro che avranno responsabilit\u00e0 di coordinamento e di animazione delle attivit\u00e0 con i minori. A seguito degli incontri sar\u00e0 messo a disposizione nel sito il materiale utilizzato. Dopo quello di Cadola (per le Convergenze foraniali di Belluno, Alpago-Ponte-Zoldo-Longarone) ecco gli altri appuntamenti: Sacro Cuore di Feltre (Via Belluno 27), gioved\u00ec 12 maggio, alle 20, soprattutto per Convergenze foraniali di Feltre\u2013Lamon\u2013Pedavena e di Santa Giustina\u2013Sedico; Centro Pastorale Parrocchiale di Agordo, venerd\u00ec 20 maggio, alle 20, soprattutto per la Convergenza foraniale di Agordo\u2013Livinallongo; infine: Cinema di Valle di Cadore, luned\u00ec 23 maggio, stessa ora, soprattutto per la Convergenza foraniale di Ampezzo\u2013Cadore\u2013Comelico. Alla vigilia del via il vescovo di Belluno-Feltre monsignor Renato Marangoni ha scritto tramite le parrocchie ai responsabili e animatori di attivit\u00e0 educative estive con i minori: \u201cCarissimi, \u00e8 oramai alle porte il periodo estivo e gi\u00e0 le nostre parrocchie e associazioni sono attivate per preparare e programmare le attivit\u00e0 estive in particolare per ragazzi, adolescenti e giovani. Lo scorso anno alla ripresa delle attivit\u00e0 dopo le limitazioni a motivo della situazione pandemica, l\u2019\u00c9quipe diocesana per la tutela dei minori, coordinata dalla referente dott. Monica Bez, psicologa, aveva organizzato un incontro online per la presentazione del sussidio L\u2019attivit\u00e0 educativa con i minori. Linee guida. Questo avvenne a fine giugno. Ora siamo nella stagione di progettazione delle proposte estive e in \u00e9quipe si \u00e8 pensato opportuno offrire a tutti coloro che avranno responsabilit\u00e0 di coordinamento e di animazione delle diverse attivit\u00e0 che verranno proposte nella prossima estate un incontro di formazione e prevenzione a partire dalle Linee guida che la nostra diocesi ha redatto seguendo le linee nazionali in tema di tutela dei minori e, in particolare, per approfondire le responsabilit\u00e0 del rapporto educativo con i minori. Si \u00e8 pensato a quattro possibilit\u00e0 di formazione in presenza per venire incontro alla realt\u00e0 estesa della diocesi. Si incoraggia a riferirsi all\u2019appuntamento pi\u00f9 vicino in termini di distanza, ma nulla vieta che per esigenze di tempo si scelga un\u2019altra sede\u201d. Ed ecco di seguito, sempre a firma del Vescovo, le Linee guida per l\u2019attivit\u00e0 educativa con i minori, che erano state postate sul sito diocesano il 23 giugno dello scorso anno: \u201cEducare \u00e8 inoltrarsi alla scoperta dello stupendo dono della vita. Comporta una ricerca appassionata di bene e di bellezza. Esige la crescita di una libert\u00e0 che sa discernere ci\u00f2 che conta e vale per vivere. Educare \u00e8 anche il coraggio di volere tutto questo, affrontando le transizioni che ogni vicenda di crescita comporta. Si sperimenta cos\u00ec la dinamica fondamentale in cui si svolge e si sviluppa la vita: siamo in relazione. Tutti, a partire dalla verit\u00e0 che ogni persona rappresenta, siamo educati e, a nostra volta, educhiamo. Quando sperimentiamo l\u2019essere in comunit\u00e0 e il fare comunit\u00e0, noi siamo parte di un\u2019affascinante e rassicurante storia salvifica. Queste consapevolezze sono tipiche della comunit\u00e0 ecclesiale che si offre per scoprire il \u00abtesoro nascosto\u00bb, la \u00abperla preziosa\u00bb, il \u00abpiccolo seme che porter\u00e0 molto frutto\u00bb di ogni vita. Sono immagini evangeliche che diventano \u201cparadigma educativo\u201d nell\u2019impegno instancabile delle comunit\u00e0 parrocchiali, dei loro gruppi e delle loro realt\u00e0 aggregative e associative. Tutto questo vale soprattutto per il \u201cbene pi\u00f9 grande\u201d dei bambini, dei ragazzi, degli adolescenti e delle persone pi\u00f9 vulnerabili. Tutelare, prevenire, formare, accompagnare, promuovere, vigilare sono componenti di quell\u2019educare che qualifica il servizio di ogni crescita umana\u201d. Il presule concludeva: \u201cAuguro che l\u2019\u00e9quipe diocesana per la tutela minori di questa nostra Diocesi di Belluno-Feltre \u201csvolga al meglio e con evangelica cura il servizio che di recente la Chiesa \u2013 tramite il sapiente magistero di papa Francesco \u2013 ha inteso attivare affinch\u00e9 tutti coloro che sono chiamati \u2018minori\u2019 siano custoditi e amati nella preziosit\u00e0 e nell\u2019unicit\u00e0 della loro avventura di crescita\u201d.<\/p>\n\n\t\t\t<style type='text\/css'>\n\t\t\t\t#gallery-1 {\n\t\t\t\t\tmargin: auto;\n\t\t\t\t}\n\t\t\t\t#gallery-1 .gallery-item {\n\t\t\t\t\tfloat: left;\n\t\t\t\t\tmargin-top: 10px;\n\t\t\t\t\ttext-align: center;\n\t\t\t\t\twidth: 33%;\n\t\t\t\t}\n\t\t\t\t#gallery-1 img {\n\t\t\t\t\tborder: 2px solid #cfcfcf;\n\t\t\t\t}\n\t\t\t\t#gallery-1 .gallery-caption {\n\t\t\t\t\tmargin-left: 0;\n\t\t\t\t}\n\t\t\t\t\/* see gallery_shortcode() in wp-includes\/media.php *\/\n\t\t\t<\/style>\n\t\t<div id='gallery-1' class='dt-gallery-container gallery galleryid-273842 gallery-columns-3 gallery-size-thumbnail'><dl class='gallery-item'>\n\t\t\t\t<dt class='gallery-icon landscape'>\n\t\t\t\t\t<a class=\"rollover rollover-zoom dt-pswp-item\" title=\"279677594_2133426670171980_7447133512643031217_n\" data-dt-img-description=\"\" data-large_image_width=\"537\" data-large_image_height=\"403\"href='https:\/\/www.radiopiu.net\/wordpress\/wp-content\/uploads\/2022\/05\/279677594_2133426670171980_7447133512643031217_n.jpg'><img loading=\"lazy\" decoding=\"async\" width=\"150\" height=\"150\" src=\"https:\/\/www.radiopiu.net\/wordpress\/wp-content\/uploads\/2022\/05\/279677594_2133426670171980_7447133512643031217_n-150x150.jpg\" class=\"attachment-thumbnail size-thumbnail\" alt=\"\" \/><\/a>\n\t\t\t\t<\/dt><\/dl><dl class='gallery-item'>\n\t\t\t\t<dt class='gallery-icon landscape'>\n\t\t\t\t\t<a class=\"rollover rollover-zoom dt-pswp-item\" title=\"279563312_1905755442948989_362282185754678204_n\" data-dt-img-description=\"\" data-large_image_width=\"537\" data-large_image_height=\"403\"href='https:\/\/www.radiopiu.net\/wordpress\/wp-content\/uploads\/2022\/05\/279563312_1905755442948989_362282185754678204_n.jpg'><img loading=\"lazy\" decoding=\"async\" width=\"150\" height=\"150\" src=\"https:\/\/www.radiopiu.net\/wordpress\/wp-content\/uploads\/2022\/05\/279563312_1905755442948989_362282185754678204_n-150x150.jpg\" class=\"attachment-thumbnail size-thumbnail\" alt=\"\" \/><\/a>\n\t\t\t\t<\/dt><\/dl><dl class='gallery-item'>\n\t\t\t\t<dt class='gallery-icon portrait'>\n\t\t\t\t\t<a class=\"rollover rollover-zoom dt-pswp-item\" title=\"279495653_742660540238509_2940499662538121279_n\" data-dt-img-description=\"\" data-large_image_width=\"274\" data-large_image_height=\"438\"href='https:\/\/www.radiopiu.net\/wordpress\/wp-content\/uploads\/2022\/05\/279495653_742660540238509_2940499662538121279_n.jpg'><img loading=\"lazy\" decoding=\"async\" width=\"150\" height=\"150\" src=\"https:\/\/www.radiopiu.net\/wordpress\/wp-content\/uploads\/2022\/05\/279495653_742660540238509_2940499662538121279_n-150x150.jpg\" class=\"attachment-thumbnail size-thumbnail\" alt=\"\" \/><\/a>\n\t\t\t\t<\/dt><\/dl><br style=\"clear: both\" \/><dl class='gallery-item'>\n\t\t\t\t<dt class='gallery-icon portrait'>\n\t\t\t\t\t<a class=\"rollover rollover-zoom dt-pswp-item\" title=\"279393065_670217200707971_7564166892419970152_n\" data-dt-img-description=\"\" data-large_image_width=\"326\" data-large_image_height=\"403\"href='https:\/\/www.radiopiu.net\/wordpress\/wp-content\/uploads\/2022\/05\/279393065_670217200707971_7564166892419970152_n.jpg'><img loading=\"lazy\" decoding=\"async\" width=\"150\" height=\"150\" src=\"https:\/\/www.radiopiu.net\/wordpress\/wp-content\/uploads\/2022\/05\/279393065_670217200707971_7564166892419970152_n-150x150.jpg\" class=\"attachment-thumbnail size-thumbnail\" alt=\"\" \/><\/a>\n\t\t\t\t<\/dt><\/dl><dl class='gallery-item'>\n\t\t\t\t<dt class='gallery-icon landscape'>\n\t\t\t\t\t<a class=\"rollover rollover-zoom dt-pswp-item\" title=\"279464361_673738907217443_2378585223510150534_n\" data-dt-img-description=\"\" data-large_image_width=\"640\" data-large_image_height=\"360\"href='https:\/\/www.radiopiu.net\/wordpress\/wp-content\/uploads\/2022\/05\/279464361_673738907217443_2378585223510150534_n.jpg'><img loading=\"lazy\" decoding=\"async\" width=\"150\" height=\"150\" src=\"https:\/\/www.radiopiu.net\/wordpress\/wp-content\/uploads\/2022\/05\/279464361_673738907217443_2378585223510150534_n-150x150.jpg\" class=\"attachment-thumbnail size-thumbnail\" alt=\"\" \/><\/a>\n\t\t\t\t<\/dt><\/dl><dl class='gallery-item'>\n\t\t\t\t<dt class='gallery-icon landscape'>\n\t\t\t\t\t<a class=\"rollover rollover-zoom dt-pswp-item\" title=\"279465687_375977897801859_3258339112300564700_n\" data-dt-img-description=\"\" data-large_image_width=\"365\" data-large_image_height=\"225\"href='https:\/\/www.radiopiu.net\/wordpress\/wp-content\/uploads\/2022\/05\/279465687_375977897801859_3258339112300564700_n.jpg'><img loading=\"lazy\" decoding=\"async\" width=\"150\" height=\"150\" src=\"https:\/\/www.radiopiu.net\/wordpress\/wp-content\/uploads\/2022\/05\/279465687_375977897801859_3258339112300564700_n-150x150.jpg\" class=\"attachment-thumbnail size-thumbnail\" alt=\"\" \/><\/a>\n\t\t\t\t<\/dt><\/dl><br style=\"clear: both\" \/>\n\t\t\t<\/div>\n\n<p>&nbsp;<\/p>\n<p>NELLE FOTO (sito chiesabellunofeltre e Parrocchia salesiana): ragazzi partecipanti ad un Grest della parrocchia bellunese di don Bosco; un gruppo di animatori; il vescovo di Belluno-Feltre monsignor Renato Marangoni; la psicologa dell\u2019\u00e9quipe diocesana per la tutela dei minori, dott. Monica Bez; merendina per i bimbetti partecipanti ad un \u201cGrestino\u201d alla scuola materna Don Bosco; mani intrecciate nel logo dell\u2019iniziativa degli incontri.<\/p>\n<p>&nbsp;<\/p>\n<p>&nbsp;<\/p>\n<p>******<\/p>\n","protected":false},"excerpt":{"rendered":"<p>di Renato Bona In vista della stagione estiva prende il via venerd\u00ec 6 maggio, a partire dalle 20,30, nella sala parrocchiale di Cadola di Ponte nelle Alpi il primo di quattro incontri rivolti a quanti avranno responsabilit\u00e0 di coordinamento e di animazione delle attivit\u00e0 con i minori durante le vacanze dopo gli impegni scolastici. L\u2019annuncio&hellip;<\/p>\n","protected":false},"author":4,"featured_media":273844,"comment_status":"closed","ping_status":"closed","sticky":false,"template":"","format":"standard","meta":{"_monsterinsights_skip_tracking":false,"_monsterinsights_sitenote_active":false,"_monsterinsights_sitenote_note":"","_monsterinsights_sitenote_category":0,"footnotes":""},"categories":[104,49],"tags":[],"class_list":["post-273842","post","type-post","status-publish","format-standard","has-post-thumbnail","hentry","category-evidenza_3","category-news-18","category-104","category-49","description-off"],"img_url":"https:\/\/www.radiopiu.net\/wordpress\/wp-content\/uploads\/2022\/05\/279677594_2133426670171980_7447133512643031217_n.jpg","_links":{"self":[{"href":"https:\/\/www.radiopiu.net\/wordpress\/wp-json\/wp\/v2\/posts\/273842","targetHints":{"allow":["GET"]}}],"collection":[{"href":"https:\/\/www.radiopiu.net\/wordpress\/wp-json\/wp\/v2\/posts"}],"about":[{"href":"https:\/\/www.radiopiu.net\/wordpress\/wp-json\/wp\/v2\/types\/post"}],"author":[{"embeddable":true,"href":"https:\/\/www.radiopiu.net\/wordpress\/wp-json\/wp\/v2\/users\/4"}],"replies":[{"embeddable":true,"href":"https:\/\/www.radiopiu.net\/wordpress\/wp-json\/wp\/v2\/comments?post=273842"}],"version-history":[{"count":0,"href":"https:\/\/www.radiopiu.net\/wordpress\/wp-json\/wp\/v2\/posts\/273842\/revisions"}],"wp:featuredmedia":[{"embeddable":true,"href":"https:\/\/www.radiopiu.net\/wordpress\/wp-json\/wp\/v2\/media\/273844"}],"wp:attachment":[{"href":"https:\/\/www.radiopiu.net\/wordpress\/wp-json\/wp\/v2\/media?parent=273842"}],"wp:term":[{"taxonomy":"category","embeddable":true,"href":"https:\/\/www.radiopiu.net\/wordpress\/wp-json\/wp\/v2\/categories?post=273842"},{"taxonomy":"post_tag","embeddable":true,"href":"https:\/\/www.radiopiu.net\/wordpress\/wp-json\/wp\/v2\/tags?post=273842"}],"curies":[{"name":"wp","href":"https:\/\/api.w.org\/{rel}","templated":true}]}}