{"id":273896,"date":"2022-05-06T06:00:42","date_gmt":"2022-05-06T04:00:42","guid":{"rendered":"https:\/\/www.radiopiu.net\/wordpress\/?p=273896"},"modified":"2022-05-06T09:11:40","modified_gmt":"2022-05-06T07:11:40","slug":"giornale-radiopiu-06-maggio-2022-direttore-mirko-mezzacasa","status":"publish","type":"post","link":"https:\/\/www.radiopiu.net\/wordpress\/giornale-radiopiu-06-maggio-2022-direttore-mirko-mezzacasa\/","title":{"rendered":"GIORNALE RADIOPIU 06 MAGGIO 2022 DIRETTORE MIRKO MEZZACASA"},"content":{"rendered":"<h3 class=\"kvgmc6g5 cxmmr5t8 oygrvhab hcukyx3x c1et5uql\"><span style=\"color: #0000ff;\"><strong>RADIO PIU INFORMAZIONE il canale su TELEGRAM informazione di prima\u00a0 <\/strong><\/span><span style=\"color: #0000ff;\"><strong>mano e in tempo reale. iscriviti ed aiutaci a farlo conoscere\u00a0<\/strong><\/span><\/h3>\n<p>&nbsp;<\/p>\n<hr \/>\n<p>&nbsp;<\/p>\n<blockquote>\n<h3>SP 3, IN COMUNE DI GOSALDO: CHIUSA PER DIECI GIORNI<\/h3>\n<\/blockquote>\n<p><strong><a class=\"dt-pswp-item\" href=\"https:\/\/www.radiopiu.net\/wordpress\/wp-content\/uploads\/2020\/05\/VENETO-STRADE.png\" data-dt-img-description=\"\" data-large_image_width=\"400\" data-large_image_height=\"400\"><img loading=\"lazy\" decoding=\"async\" class=\"size-thumbnail wp-image-135574 alignleft\" src=\"https:\/\/www.radiopiu.net\/wordpress\/wp-content\/uploads\/2020\/05\/VENETO-STRADE-150x150.png\" alt=\"\" width=\"150\" height=\"150\" srcset=\"https:\/\/www.radiopiu.net\/wordpress\/wp-content\/uploads\/2020\/05\/VENETO-STRADE-150x150.png 150w, https:\/\/www.radiopiu.net\/wordpress\/wp-content\/uploads\/2020\/05\/VENETO-STRADE-300x300.png 300w, https:\/\/www.radiopiu.net\/wordpress\/wp-content\/uploads\/2020\/05\/VENETO-STRADE.png 400w\" sizes=\"auto, (max-width: 150px) 100vw, 150px\" \/><\/a>SEDICO <\/strong>Da Veneto Strade, interdizione totale alla viabilita&#8217;, provinciale Agordo-Rivamonte<\/p>\n<p><strong>PROVINCIALE 3 DI VALLE IMPERINA<\/strong> in Comune di Gosaldo al chilometro 11, da lunedi 9 maggio al 13 maggio compreso, e al chilometro 12,500 dal 9 al 20 maggio, interdizione totale alla circolazione stradale per lavori di consolidamento del piano viabile a fasce orarie:<br \/>\nDALLE 8 ALLE 12.45, DALLE 13.45 ALLE 16 E DALLE 16.30 ALLE 18.<br \/>\nAlternativa 347 del Duran e Cereda (Gosaldo-Forcella Aurine-Frassene&#8217;-Voltago-Agordo).<br \/>\nDurante le aperture senso unico alternato regolato da movieri<\/p>\n<blockquote>\n<h3>CIAK SI GIRA, E CHIUDE LA PROVINCIALE DELLA VAL FIORENTINA<\/h3>\n<\/blockquote>\n<p><strong>SELVA DI CADORE<\/strong> Lunedi 9 maggio dalle 8 alle 16 chiusura della provinciale 20 della Val Fiorentina con intervalli di\u00a0 30 minuti per permettere le riprese cinematografiche. Durante le aperture si potr\u00e0 transitare a senso unico alternato regolato da movie<\/p>\n<hr \/>\n<p>&nbsp;<\/p>\n<blockquote>\n<h3>GIOCATORE DI PALLACANESTRO IN TRIBUNALE PER MINACCIA AGGRAVATA<\/h3>\n<\/blockquote>\n<p><strong>OGGI SUL CORRIERE DELLE ALPI<\/strong><\/p>\n<p><strong>di GIGI SOSSO\u00a0<\/strong><\/p>\n<p><strong><a href=\"https:\/\/www.radiopiu.net\/wordpress\/wp-content\/uploads\/2022\/05\/shoes-1011596__340.webp\"><img loading=\"lazy\" decoding=\"async\" class=\" wp-image-274070 alignleft\" src=\"https:\/\/www.radiopiu.net\/wordpress\/wp-content\/uploads\/2022\/05\/shoes-1011596__340-150x150.webp\" alt=\"\" width=\"133\" height=\"133\" \/><\/a>BELLUNO<\/strong> Un pollice alla gola e forse un coltello sulla tribuna della palestra Luzzo di Feltre. Il giocatore di basket della Joint &amp;Welding, Sasa Novakovic e il padre Zoran sono a processo per minaccia aggravata, dopo la partita del campionato di serie C con la Virtus Lido Venezia della stagione 2019\/2020. Ad accusarli cinque tifosi lagunari, che ieri erano in tribunale a Belluno, ma non si sono costituiti parte civile per avere i danni. Mentre il processo \u00e8 nella sua fase iniziale e devono ancora essere sentiti tutti i testimoni, da sottolineare il fatto che la presunta lama non \u00e8 mai stata ritrovata dai carabinieri di servizio e non pu\u00f2 essere sotto sequestro. Ma i sostenitori veneziani ritengono di averlo visto e di essersi comprensibilmente spaventati. Rischiano la calunnia, ma intanto bisogner\u00e0 vedere come andr\u00e0 a finire il procedimento davanti al giudice Riposati e al pubblico ministero Tricoli. I tempi del processo non saranno brevissimi: palla a due a giugno, intanto il giocatore \u00e8 infortunato al tendine d&#8217;Achille.<\/p>\n<p>&nbsp;<\/p>\n<hr \/>\n<p>&nbsp;<\/p>\n<blockquote>\n<h3>CINQUE ANNI FA L&#8217;INCENDIO IN PIZZERIA: IL PROCESSO<\/h3>\n<\/blockquote>\n<p><strong><a class=\"dt-pswp-item\" href=\"https:\/\/www.radiopiu.net\/wordpress\/wp-content\/uploads\/2022\/05\/mordi.jpg\" data-dt-img-description=\"\" data-large_image_width=\"336\" data-large_image_height=\"343\"><img loading=\"lazy\" decoding=\"async\" class=\" wp-image-274073 alignleft\" src=\"https:\/\/www.radiopiu.net\/wordpress\/wp-content\/uploads\/2022\/05\/mordi-150x150.jpg\" alt=\"\" width=\"112\" height=\"112\" \/><\/a>BELLUNO<\/strong> Era l&#8217;aprile del 2017 quando si scaten\u00f2 l&#8217;incendio alla pizzeria Mordi e Fuggi di Pieve di Cadore. Prima delle fiamme l&#8217;esplosione. Fabio Laritonda\u00a0 ha confessato tra l&#8217;altro di aver\u00a0 incassato 5 mila euro per fare il lavoro &#8220;sporco&#8221;, al presunto complice Pasquale Ferraro ne erano stati promessi 500. Il pagamento avrebbe dovuto farlo\u00a0 la pizzaiola di un locale di Domegge,\u00a0 che ha testimoniato ieri per l&#8217;accusa affermando che il principale imputato le ha confidato di essere il responsabile del rogo e di aver ricevuto le chiavi del locale dal proprietario Alessandro Piccin, tramite Luigi Zanettin, detto &#8220;Proietti&#8221;, con l&#8217;incendio avrebbe voluto riscuotere il premio maggiorato dell&#8217;assicurazione. Prossima udienza il 7 luglio con i difensori Fontana<\/p>\n<p>&nbsp;<\/p>\n<p>&nbsp;<\/p>\n<hr \/>\n<p>&nbsp;<\/p>\n<blockquote>\n<h3>APPROVATO PDL PROTEZIONE CIVILE IN II^ COMMISSIONE.<\/h3>\n<\/blockquote>\n<p><strong>VENEZIA<\/strong>\u00a0 La II Commissione ha approvato il progetto di Legge per la Protezione Civile che mette ordine e norma tutti i provvedimenti amministrativi che sono stati realizzati, negli ultimi anni, per determinare l\u2019organizzazione in Veneto. Il PDL fotografa un sistema esistente che ha gi\u00e0 dato ottimi risultati e riscontri durante le emergenze\u00a0 e sperimentato sul campo. Un sistema che \u00e8 stato definito una eccellenza dal Presidente Mattarella.<em> &#8220;Per questo &#8211; dice l&#8217;assessore veneto Gianpaolo Bottacin &#8211;\u00a0 sarebbe paradossale modificarlo in corso d\u2019opera una volta che sappiamo per certo che \u00e8 validissimo\u201d. <\/em>Il PDL che punta sulla prevenzione e previsione permette di consolidare in legge delle procedure e delle modalit\u00e0 di gestione delle emergenze: l\u2019istituzione della Unit\u00e0 di Crisi; gli ambiti territoriali che prendono il posto dei distretti; le Consulte provinciali della Protezione Civile. Il ruolo della Regione rimane quindi centrale .<\/p>\n<p>&nbsp;<\/p>\n<hr \/>\n<blockquote>\n<h3><\/h3>\n<h3>LA CITTA&#8217; IN 15 MINUTI, MOBILITA&#8217; INNOVATIVA<\/h3>\n<\/blockquote>\n<p><strong>BELLUNO<\/strong> <em>\u00abCredo sia il tempo di ragionare sulla \u2018citt\u00e0 dei 15 minuti\u2019, cio\u00e8 di posizionare i principali servizi alla distanza di un quarto d\u2019ora a piedi\u00bb.<\/em> Lo afferma il deputato bellunese Roger De Menech sull&#8217;idea della citt\u00e0 dei 15 minuti\u00a0 che sta prendendo piede soprattutto in grandi contesti urbani del nord ed europei, in certi contesti\u00a0 facilmente applicabile ma ci vuole una maggiore cultura della sicurezza.\u00a0 Servono infrastrutture dedicate, come le piste ciclabili separate e protette dalla carreggiata per le auto, stazioni di ricarica e punti per la manutenzione delle biciclette. Il capoluogo potrebbe essere un\u2019ottima piattaforma per la sperimentazione, per lo meno a fondovalle: i tre comuni di cintura sono molto vicini e lo scambio di funzioni \u00e8 alto e si potrebbe cominciare da qui, da una pista ciclabile in destra Piave per collegare due delle principali aree artigianali della provincia. Ma la \u2018grande Belluno\u2019 comprende anche Sedico e Limana, centri a pochissimi chilometri dal capoluogo e che l\u2019in<em>novazione della pedalata assistita ha finalmente reso a portata di bicicletta anche per gli spostamenti di studio e lavoro. &#8220;A livello europeo ci sono diverse linee di finanziamento per progetti di smart cities\u00bb<\/em>, ricorda il deputato. <em>\u00abSe Belluno facesse rete con i comuni contermini per un progetto organico e coerente, probabilmente troveremmo anche le risorse per realizzarlo\u00bb.<\/em><\/p>\n<p>&nbsp;<\/p>\n<hr \/>\n<p>&nbsp;<\/p>\n<blockquote>\n<h3>STUDENTI AI BLOCCHI DI PARTENZA, SUI BANCHI DAL 12 SETTEMBRE<\/h3>\n<\/blockquote>\n<p><strong><img loading=\"lazy\" decoding=\"async\" class=\"alignleft\" src=\"https:\/\/www.radiopiu.net\/wordpress\/wp-content\/uploads\/2022\/04\/Scuola-Villabruna-2-scaled.jpg\" width=\"302\" height=\"170\" \/>VENEZIA<\/strong> \u00c8 stata approvata dalla Giunta regionale e pubblicata sul BUR la delibera \u00a0che fissa le date del nuovo calendario scolastico valido per l\u2019Anno Scolastico 2022-23 nelle scuole della Regione del Veneto. L\u2019inizio dell\u2019attivit\u00e0 per le scuole di primo e secondo ciclo di istruzione \u00e8 prevista per luned\u00ec 12 settembre 2022.<b> \u00a0<\/b>Per quanto riguarda le festivit\u00e0, le scuole saranno chiuse il 31 ottobre 2022 (in occasione del ponte per solennit\u00e0 di tutti i Santi), dall\u20198 dicembre al 10 dicembre 2022 (ponte dell\u2019Immacolata) dal 24 dicembre 2022 al 7 gennaio 2023 per le vacanze natalizie, dal 20 febbraio al 22 febbraio 2023 (carnevale e Mercoled\u00ec delle Ceneri), dal 6 aprile al 8 aprile 2023 per le vacanze pasquali, il 24 aprile 2023 (ponte anniversario della Liberazione) ed il 3 giugno 2023 (ponte festa nazionale della Repubblica). La conclusione dell\u2019attivit\u00e0 scolastica \u00e8 in programma per sabato 10 giugno 2023. Per quanto concerne le scuole dell\u2019infanzia resta valido il calendario, che prevede l\u2019inizio dell\u2019attivit\u00e0 didattica luned\u00ec 12 settembre e la sospensione nelle stesse date previste per le scuole degli altri gradi, mentre la conclusione dell\u2019attivit\u00e0 \u00e8 fissata per venerd\u00ec 30 giugno 2023.<\/p>\n<p>&nbsp;<\/p>\n<hr \/>\n<p>&nbsp;<\/p>\n<blockquote>\n<h3>LA PROVINCIA IN SOPRALLUOGO A ROCCA PIETORE<\/h3>\n<\/blockquote>\n<p><strong>ROCCA PIETORE\u00a0<\/strong> La Provincia di Belluno visita i cantieri della Difesa del Suolo a Rocca Pietore, in localit\u00e0 Livinel dove i\u00a0 movimenti franosi sono cominciati con il maltempo del 2018 e sono proseguiti in diverse occasioni. La Provincia ha gi\u00e0 messo in appalto il primo stralcio per la realizzazione di una barriera paramassi, ora sta analizzando le prossime possibilit\u00e0 di intervento. Un&#8217;altra operazione \u00a0prevede in due o tre stralci, una vasca di espansione per dissipare la forza della colata, due sottopassi per la strada e un\u2019altra barriera paramassi. <em>\u00abRingrazio la Provincia, i tecnici e il consigliere delegato, per questo sopralluogo che ci ha permesso di valutare lo stato di fatto della colata dalla strada a fondovalle fino in cima al dissesto\u00bb commenta il sindaco di Rocca Pietore. \u00abCi siamo resi conto di quanto importante sia il problema; del resto, il nome Livinel, che deriva da levina, slavina, gi\u00e0 di per s\u00e9 indica che quello non \u00e8 un posto tranquillo. Servono opere importanti e lo studio di fattibilit\u00e0 commissionato dalla Provincia consentir\u00e0 di procedere con la ricerca di risorse per realizzare gli interventi di messa in sicurezza\u00bb.<\/em><\/p>\n\n\t\t\t<style type='text\/css'>\n\t\t\t\t#gallery-1 {\n\t\t\t\t\tmargin: auto;\n\t\t\t\t}\n\t\t\t\t#gallery-1 .gallery-item {\n\t\t\t\t\tfloat: left;\n\t\t\t\t\tmargin-top: 10px;\n\t\t\t\t\ttext-align: center;\n\t\t\t\t\twidth: 25%;\n\t\t\t\t}\n\t\t\t\t#gallery-1 img {\n\t\t\t\t\tborder: 2px solid #cfcfcf;\n\t\t\t\t}\n\t\t\t\t#gallery-1 .gallery-caption {\n\t\t\t\t\tmargin-left: 0;\n\t\t\t\t}\n\t\t\t\t\/* see gallery_shortcode() in wp-includes\/media.php *\/\n\t\t\t<\/style>\n\t\t<div id='gallery-1' class='dt-gallery-container gallery galleryid-273896 gallery-columns-4 gallery-size-thumbnail'><dl class='gallery-item'>\n\t\t\t\t<dt class='gallery-icon portrait'>\n\t\t\t\t\t<a class=\"rollover rollover-zoom dt-pswp-item\" title=\"Livinel sorvolo_2\" data-dt-img-description=\"\" data-large_image_width=\"1217\" data-large_image_height=\"1600\"href='https:\/\/www.radiopiu.net\/wordpress\/wp-content\/uploads\/2022\/05\/Livinel-sorvolo_2.jpg'><img loading=\"lazy\" decoding=\"async\" width=\"150\" height=\"150\" src=\"https:\/\/www.radiopiu.net\/wordpress\/wp-content\/uploads\/2022\/05\/Livinel-sorvolo_2-150x150.jpg\" class=\"attachment-thumbnail size-thumbnail\" alt=\"\" \/><\/a>\n\t\t\t\t<\/dt><\/dl><dl class='gallery-item'>\n\t\t\t\t<dt class='gallery-icon portrait'>\n\t\t\t\t\t<a class=\"rollover rollover-zoom dt-pswp-item\" title=\"Livinel, vista dall&#039;elicottero\" data-dt-img-description=\"\" data-large_image_width=\"1200\" data-large_image_height=\"1600\"href='https:\/\/www.radiopiu.net\/wordpress\/wp-content\/uploads\/2022\/05\/Livinel-vista-dallelicottero.jpg'><img loading=\"lazy\" decoding=\"async\" width=\"150\" height=\"150\" src=\"https:\/\/www.radiopiu.net\/wordpress\/wp-content\/uploads\/2022\/05\/Livinel-vista-dallelicottero-150x150.jpg\" class=\"attachment-thumbnail size-thumbnail\" alt=\"\" \/><\/a>\n\t\t\t\t<\/dt><\/dl><dl class='gallery-item'>\n\t\t\t\t<dt class='gallery-icon portrait'>\n\t\t\t\t\t<a class=\"rollover rollover-zoom dt-pswp-item\" title=\"Livinel sopralluogo_2\" data-dt-img-description=\"\" data-large_image_width=\"1200\" data-large_image_height=\"1600\"href='https:\/\/www.radiopiu.net\/wordpress\/wp-content\/uploads\/2022\/05\/Livinel-sopralluogo_2.jpg'><img loading=\"lazy\" decoding=\"async\" width=\"150\" height=\"150\" src=\"https:\/\/www.radiopiu.net\/wordpress\/wp-content\/uploads\/2022\/05\/Livinel-sopralluogo_2-150x150.jpg\" class=\"attachment-thumbnail size-thumbnail\" alt=\"\" \/><\/a>\n\t\t\t\t<\/dt><\/dl><dl class='gallery-item'>\n\t\t\t\t<dt class='gallery-icon portrait'>\n\t\t\t\t\t<a class=\"rollover rollover-zoom dt-pswp-item\" title=\"Livinel sorvolo\" data-dt-img-description=\"\" data-large_image_width=\"1162\" data-large_image_height=\"1600\"href='https:\/\/www.radiopiu.net\/wordpress\/wp-content\/uploads\/2022\/05\/Livinel-sorvolo.jpg'><img loading=\"lazy\" decoding=\"async\" width=\"150\" height=\"150\" src=\"https:\/\/www.radiopiu.net\/wordpress\/wp-content\/uploads\/2022\/05\/Livinel-sorvolo-150x150.jpg\" class=\"attachment-thumbnail size-thumbnail\" alt=\"\" \/><\/a>\n\t\t\t\t<\/dt><\/dl><br style=\"clear: both\" \/>\n\t\t\t<\/div>\n\n<p><strong>di Gianni Santomaso<\/strong><\/p>\n<audio class=\"wp-audio-shortcode\" id=\"audio-273896-1\" preload=\"none\" style=\"width: 100%;\" controls=\"controls\"><source type=\"audio\/mpeg\" src=\"https:\/\/www.radiopiu.net\/wordpress\/wp-content\/uploads\/2022\/05\/GIANNI-PROVINCIA-ROCCA-PIETORE-LIVINEL.mp3?_=1\" \/><a href=\"https:\/\/www.radiopiu.net\/wordpress\/wp-content\/uploads\/2022\/05\/GIANNI-PROVINCIA-ROCCA-PIETORE-LIVINEL.mp3\">https:\/\/www.radiopiu.net\/wordpress\/wp-content\/uploads\/2022\/05\/GIANNI-PROVINCIA-ROCCA-PIETORE-LIVINEL.mp3<\/a><\/audio>\n<p>&nbsp;<\/p>\n<p>&nbsp;<\/p>\n<hr \/>\n<p>&nbsp;<\/p>\n<blockquote>\n<h3>E&#8217; ALLARME SICCITA&#8217;, POCHE PIOGGE E POCA NEVE<\/h3>\n<\/blockquote>\n<p><a href=\"https:\/\/www.radiopiu.net\/wordpress\/wp-content\/uploads\/2022\/05\/climate-change-7140601__340.webp\"><img loading=\"lazy\" decoding=\"async\" class=\"wp-image-274086 alignleft\" src=\"https:\/\/www.radiopiu.net\/wordpress\/wp-content\/uploads\/2022\/05\/climate-change-7140601__340-300x200.webp\" alt=\"\" width=\"236\" height=\"157\" srcset=\"https:\/\/www.radiopiu.net\/wordpress\/wp-content\/uploads\/2022\/05\/climate-change-7140601__340-300x200.webp 300w, https:\/\/www.radiopiu.net\/wordpress\/wp-content\/uploads\/2022\/05\/climate-change-7140601__340.webp 510w\" sizes=\"auto, (max-width: 236px) 100vw, 236px\" \/><\/a><strong>REDAZIONE\u00a0<\/strong> Da ottobre a oggi, solo novembre ha avuto un apporto pluviometrico in linea con quanto atteso; tutti gli altri mesi hanno visto deficit importanti. Ad aprile sono caduti mediamente 63 millimetri di pioggia, contro una media del periodo 1994-2021 di 94 millimetri. Nei sette mesi tra ottobre e aprile sono caduti sul Veneto mediamente 376 millimetri di precipitazioni; la media del periodo 1994-2021 \u00e8 di 613 millimetri. A fine mese il deficit di precipitazione in quota \u00e8 di -40% nelle Dolomiti (246 centimetri in meno di neve rispetto alla media 2009-2021) e di -50% nelle Prealpi a 1.600 metri. A met\u00e0 aprile il deficit si attestava a -45% sulle Dolomiti e -51% sulle Prealpi.<\/p>\n<blockquote>\n<h3>SICCITA\u2019. DICHIARATO LO STATO DI CRISI IDRICA<\/h3>\n<\/blockquote>\n<p><strong><a class=\"dt-pswp-item\" href=\"https:\/\/www.radiopiu.net\/wordpress\/wp-content\/uploads\/2018\/06\/resized_Ponte-sul-torrente-Rudan.jpg\" data-dt-img-description=\"\" data-large_image_width=\"1843\" data-large_image_height=\"1382\"><img loading=\"lazy\" decoding=\"async\" class=\"size-thumbnail wp-image-51164 alignleft\" src=\"https:\/\/www.radiopiu.net\/wordpress\/wp-content\/uploads\/2018\/06\/resized_Ponte-sul-torrente-Rudan-150x150.jpg\" alt=\"\" width=\"150\" height=\"150\" \/><\/a>VENEZIA<\/strong> Il Presidente del Veneto ha firmato un&#8217;ordinanza con cui viene dichiarato lo stato di crisi idrica nel territorio regionale. L\u2019ordinanza individua le misure necessarie a fronteggiare la situazione di deficit idrico. Nello specifico, l\u2019ordinanza dispone che tutti gli utilizzatori di acqua, ed in particolare gli operatori del settore agricoltura, tutti i soggetti che irrigano giardini e parchi e i titolari di concessioni a derivare, si prodighino in ogni iniziativa necessaria per un uso parsimonioso e sostenibile della risorsa idrica. In particolare viene stabilito che i Consorzi di bonifica diano priorit\u00e0 al servizio irriguo nelle aree dotate di impianti a maggior efficienza irrigua, tenendo conto anche delle colture e della loro fase fenologica. Dove possibile deve essere incentivato l\u2019utilizzo di strumenti di consiglio irriguo e avviate attivit\u00e0 di sensibilizzazione nei confronti dei consorziati per un uso accorto della risorsa idrica al fine di soddisfare i bisogni reali delle colture. Ai soggetti gestori di manufatti, con capacit\u00e0 di regolazione e invaso, viene richiesto di trattenere la risorsa idrica allo scopo di renderla fruibile nel periodo estivo. L\u2019ordinanza stabilisce inoltre che, i gestori delle strutture acquedottistiche procedano con una razionale gestione della risorsa idropotabile, rinviando le operazioni di manutenzione delle reti e degli impianti che comportano consumi aggiuntivi di acqua, salvo situazioni necessarie per motivi di igiene pubblica.<\/p>\n<p>&nbsp;<\/p>\n<p>&nbsp;<\/p>\n<hr \/>\n<p>&nbsp;<\/p>\n<blockquote>\n<h3>MUTUI IN PROVINCIA, -7,4 NEGLI IMPORTI RICHIESTI<\/h3>\n<\/blockquote>\n<p><img loading=\"lazy\" decoding=\"async\" class=\"alignleft\" src=\"https:\/\/www.radiopiu.net\/wordpress\/wp-content\/uploads\/2022\/05\/Osservatorio-Mutui_c-prima91_lr.jpg\" width=\"276\" height=\"184\" \/><strong>REDAZIONE<\/strong>\u00a0 Secondo l\u2019analisi di Facile.it e Mutui.it, nel primo trimestre dell\u2019anno l\u2019et\u00e0 media degli aspiranti mutuatari in Veneto \u00e8 scesa a 36 anni e mezzo; un cambiamento epocale se si considera che appena 12 mesi fa chi presentava domanda di finanziamento in regione aveva, sempre in media, poco pi\u00f9 di 40 anni. La prima casa, invece, i veneti la comprano, in media, a quasi 35 anni; erano pi\u00f9 di 38 e mezzo nel primo trimestre 2021.\u00a0\u00a0Il calo dell\u2019et\u00e0 media \u2013 si legge nell\u2019analisi realizzata su un campione oltre 14.500 richieste di mutuo raccolte in Veneto* \u2013 \u00e8 legato all\u2019aumento dei giovani che, grazie alle agevolazioni statali, si sono rivolti ad un istituto di credito; nei primi 3 mesi dell\u2019anno il 57% del totale delle domande di finanziamento presentate nella regione \u00e8 stata firmata da un under 36, valore in netto aumento rispetto allo stesso periodo del 2021, quando la percentuale era pari al 36%. Guardando all\u2019andamento della richiesta a livello provinciale emerge che l\u2019area che ha registrato la crescita pi\u00f9 importante \u00e8 quella di Treviso, dove l\u2019importo medio richiesto \u00e8 salito del 6,3%, arrivando a 139.038 euroValori in calo, invece, per la provincia di Belluno, dove l\u2019importo medio richiesto nel primo trimestre 2022, pari a 132.300 euro, \u00e8 diminuito del 7,4%. Torna a crescere in Veneto anche la richiesta di mutui per l\u2019acquisto della prima casa: nel primo trimestre dell\u2019anno il 78% delle domande di finanziamento raccolte online era per questa finalit\u00e0, in aumento di ben 14 punti percentuali rispetto al 2021. In media, chi si \u00e8 rivolto ad un istituto di credito per comprare l\u2019abitazione principale aveva, all\u2019atto della firma, quasi 35 anni, e ha chiesto 142.591 euro da restituire in 25 anni e mezzo.\u00a0 Analizzando l\u2019offerta bancaria emerge che questa prima parte dell\u2019anno, anche a causa del complesso scenario internazionale, \u00e8 stata caratterizzata da un aumento generalizzato dei tassi di interesse e, in particolare, di quello fisso. Secondo le simulazioni di Facile.it*, per un mutuo da 126.000 e LTV al 70% da restituire in 25 anni, i TAEG fissi disponibili oggi online partono dal\u20191,71%, con una rata mensile di 507 euro, vale a dire 41 euro in pi\u00f9 al mese rispetto allo scorso anno (quando il Taeg partiva da 1,04% e la rata da 466 euro). Con queste condizioni, chi chiede oggi un mutuo a tasso fisso paga, per tutta la durata del finanziamento, circa 12.300 euro in pi\u00f9 di interessi rispetto a un anno fa. Pi\u00f9 stabile la situazione sul fronte dei tassi variabili, con indici che partono, per la simulazione indicata, dallo 0,82% e una rata di 461 euro. Con l\u2019aumento degli indici fissi, il tasso variabile torna ad essere una ulteriore e valida alternativa per chi vuole sottoscrivere un mutuo.<\/p>\n<p><a class=\"dt-pswp-item\" href=\"https:\/\/www.radiopiu.net\/wordpress\/wp-content\/uploads\/2022\/05\/MUTUI.jpg\" data-dt-img-description=\"\" data-large_image_width=\"574\" data-large_image_height=\"332\"><img loading=\"lazy\" decoding=\"async\" class=\"wp-image-273933 size-full aligncenter\" src=\"https:\/\/www.radiopiu.net\/wordpress\/wp-content\/uploads\/2022\/05\/MUTUI.jpg\" alt=\"\" width=\"574\" height=\"332\" srcset=\"https:\/\/www.radiopiu.net\/wordpress\/wp-content\/uploads\/2022\/05\/MUTUI.jpg 574w, https:\/\/www.radiopiu.net\/wordpress\/wp-content\/uploads\/2022\/05\/MUTUI-300x174.jpg 300w\" sizes=\"auto, (max-width: 574px) 100vw, 574px\" \/><\/a><\/p>\n<p>&nbsp;<\/p>\n<hr \/>\n<p>&nbsp;<\/p>\n<blockquote>\n<h3><a class=\"dt-pswp-item\" href=\"https:\/\/www.radiopiu.net\/wordpress\/wp-content\/uploads\/2022\/05\/download-4.jpg\" data-dt-img-description=\"\" data-large_image_width=\"304\" data-large_image_height=\"166\"><img loading=\"lazy\" decoding=\"async\" class=\" wp-image-274080 alignleft\" src=\"https:\/\/www.radiopiu.net\/wordpress\/wp-content\/uploads\/2022\/05\/download-4-150x150.jpg\" alt=\"\" width=\"97\" height=\"97\" \/><\/a>ALLA DE RIGO VINCE LA FILCTEM CGIL <strong>\u00a0<\/strong><\/h3>\n<\/blockquote>\n<p><strong>LONGARONE<\/strong>\u00a0La Filctem Cgil\u00a0 ha trionfato\u00a0 nelle elezioni per il rinnovo delle Rsu alla De Rigo Vision. Alta la partecipazione al voto (oltre il 65%), con la Filctem che ha ottenuto il 55,8% dei consensi ed eletto sette rappresentanti; la Femca Cisl ne ha eletti quattro con il 31,6% dei voti, la Uiltec Uil uno, con il 12,4%.<\/p>\n<p>&nbsp;<\/p>\n<p>&nbsp;<\/p>\n<hr \/>\n<p>&nbsp;<\/p>\n<blockquote>\n<h3>N sabeda ai 7 de mei, da le 2:00 davomesd\u00ec, son duc nviei ntel self de le manifestazion de Reba per l Di dla Unit\u00e9 Ladina.<\/h3>\n<\/blockquote>\n<p><strong>COLLE SANTA LUCIA<\/strong> Nel 1920 a Passo Gardena andava in scena una manifestazione importante con le genti delle cinque valli ladine attorno al gruppo del Sella. Una protesta per lamentare il mancato riconoscimento nei trattati di pace. Era il 5 maggio e per la prima volta sventolo&#8217; la bandiera ladina con i suoi colori verde, bianco e blu. Domani sar\u00e0 ricordata la nascita di questo simbolo dell&#8217;identit\u00e0 ladina.L&#8217;evento \u00e8 organizzato dall&#8217;istitut cultural ladin Cesa de Jan in collaborazione con i ladini del territorio Fodom. Sar\u00e0 il direttore dell&#8217;Istitut, Denni Dorigo, a moderare l&#8217;incontro in programma dalle 9.30 in sala Bo\u00e8. Dalle 14 presentazione della bandiera e della pubblicazione &#8220;Una ladinia possibile&#8221;. Chiuder\u00e0 la giornata una tavola rotonda e la musica dei Kropya.<\/p>\n<p>&nbsp;<\/p>\n<p>https:\/\/www.facebook.com\/istitutladincesadejan\/videos\/1063433764365280<\/p>\n<p>&nbsp;<\/p>\n<hr \/>\n<p>&nbsp;<\/p>\n<p>&nbsp;<\/p>\n<p>&nbsp;<\/p>\n<blockquote class=\"wp-embedded-content\" data-secret=\"o8TgkIVvKz\"><p><a href=\"https:\/\/www.radiopiu.net\/wordpress\/contro-la-chiusura-dello-sperti-la-lettera-al-vescovo\/\">CONTRO LA CHIUSURA DELLO &#8220;SPERTI&#8221; LA LETTERA AL VESCOVO<\/a><\/p><\/blockquote>\n<p><iframe loading=\"lazy\" class=\"wp-embedded-content\" sandbox=\"allow-scripts\" security=\"restricted\" style=\"position: absolute; clip: rect(1px, 1px, 1px, 1px);\" title=\"&#8220;CONTRO LA CHIUSURA DELLO &#8220;SPERTI&#8221; LA LETTERA AL VESCOVO&#8221; &#8212; Radio Pi\u00f9\" src=\"https:\/\/www.radiopiu.net\/wordpress\/contro-la-chiusura-dello-sperti-la-lettera-al-vescovo\/embed\/#?secret=HBkoZYcYwp#?secret=o8TgkIVvKz\" data-secret=\"o8TgkIVvKz\" width=\"600\" height=\"338\" frameborder=\"0\" marginwidth=\"0\" marginheight=\"0\" scrolling=\"no\"><\/iframe><\/p>\n<p>&nbsp;<\/p>\n<p>&nbsp;<\/p>\n<hr \/>\n<p>&nbsp;<\/p>\n<p>&nbsp;<\/p>\n<blockquote>\n<h2>L&#8217;IMPORTANZA DEGLI IDRANTI SUL TERRITORIO, MA CHE FUNZIONINO<\/h2>\n<\/blockquote>\n<p><strong>ALLEGHE<\/strong> Per non avere sorprese, per essere sempre pronti ad ogni evenienza,\u00a0 i pompieri volontari di Caprile e Rocca Pietore hanno preso l&#8217;iniziativa anche quest&#8217;anno di controllare gli idranti del Comune di Rocca Pietore. Controllati e mappati. Inoltre i vigili del fuoco hanno eseguito la misurazione della portata espressa in litri al minuto e la pressione in bar. Eventuali malfunzionamenti o guasti saranno segnalati con immediatezza agli enti preposti.<\/p>\n<p>&nbsp;<\/p>\n\n\t\t\t<style type='text\/css'>\n\t\t\t\t#gallery-2 {\n\t\t\t\t\tmargin: auto;\n\t\t\t\t}\n\t\t\t\t#gallery-2 .gallery-item {\n\t\t\t\t\tfloat: left;\n\t\t\t\t\tmargin-top: 10px;\n\t\t\t\t\ttext-align: center;\n\t\t\t\t\twidth: 33%;\n\t\t\t\t}\n\t\t\t\t#gallery-2 img {\n\t\t\t\t\tborder: 2px solid #cfcfcf;\n\t\t\t\t}\n\t\t\t\t#gallery-2 .gallery-caption {\n\t\t\t\t\tmargin-left: 0;\n\t\t\t\t}\n\t\t\t\t\/* see gallery_shortcode() in wp-includes\/media.php *\/\n\t\t\t<\/style>\n\t\t<div id='gallery-2' class='dt-gallery-container gallery galleryid-273896 gallery-columns-3 gallery-size-thumbnail'><dl class='gallery-item'>\n\t\t\t\t<dt class='gallery-icon portrait'>\n\t\t\t\t\t<a class=\"rollover rollover-zoom dt-pswp-item\" title=\"279028285_1394292224332188_1742311613844864892_n\" data-dt-img-description=\"\" data-large_image_width=\"450\" data-large_image_height=\"600\"href='https:\/\/www.radiopiu.net\/wordpress\/wp-content\/uploads\/2022\/05\/279028285_1394292224332188_1742311613844864892_n.jpg'><img loading=\"lazy\" decoding=\"async\" width=\"150\" height=\"150\" src=\"https:\/\/www.radiopiu.net\/wordpress\/wp-content\/uploads\/2022\/05\/279028285_1394292224332188_1742311613844864892_n-150x150.jpg\" class=\"attachment-thumbnail size-thumbnail\" alt=\"\" \/><\/a>\n\t\t\t\t<\/dt><\/dl><dl class='gallery-item'>\n\t\t\t\t<dt class='gallery-icon portrait'>\n\t\t\t\t\t<a class=\"rollover rollover-zoom dt-pswp-item\" title=\"278808259_1394292144332196_3159980472154878947_n\" data-dt-img-description=\"\" data-large_image_width=\"450\" data-large_image_height=\"600\"href='https:\/\/www.radiopiu.net\/wordpress\/wp-content\/uploads\/2022\/05\/278808259_1394292144332196_3159980472154878947_n.jpg'><img loading=\"lazy\" decoding=\"async\" width=\"150\" height=\"150\" src=\"https:\/\/www.radiopiu.net\/wordpress\/wp-content\/uploads\/2022\/05\/278808259_1394292144332196_3159980472154878947_n-150x150.jpg\" class=\"attachment-thumbnail size-thumbnail\" alt=\"\" \/><\/a>\n\t\t\t\t<\/dt><\/dl><dl class='gallery-item'>\n\t\t\t\t<dt class='gallery-icon portrait'>\n\t\t\t\t\t<a class=\"rollover rollover-zoom dt-pswp-item\" title=\"278881254_1394292050998872_7034266236960580850_n\" data-dt-img-description=\"\" data-large_image_width=\"450\" data-large_image_height=\"600\"href='https:\/\/www.radiopiu.net\/wordpress\/wp-content\/uploads\/2022\/05\/278881254_1394292050998872_7034266236960580850_n.jpg'><img loading=\"lazy\" decoding=\"async\" width=\"150\" height=\"150\" src=\"https:\/\/www.radiopiu.net\/wordpress\/wp-content\/uploads\/2022\/05\/278881254_1394292050998872_7034266236960580850_n-150x150.jpg\" class=\"attachment-thumbnail size-thumbnail\" alt=\"\" \/><\/a>\n\t\t\t\t<\/dt><\/dl><br style=\"clear: both\" \/>\n\t\t\t<\/div>\n\n<p>&nbsp;<\/p>\n<hr \/>\n<p>&nbsp;<\/p>\n<p>&nbsp;<\/p>\n<blockquote>\n<h3>UNO STEMMA PER BORGO VALBELLUNA, LO SCEGLIERANNO I CITTADINI CON UN REFERENDUM<\/h3>\n<\/blockquote>\n<p><strong>BORGO VALBELLUNA<\/strong> Si sono conclusi i lavori della commissione tecnica incaricata di valutare i 54 stemmi e gonfaloni che hanno partecipato al concorso bandito dall\u2019Amministrazione comunale. Scelti i tre migliori che saranno sottoposte al giudizio popolare, i cittadini\u00a0 potranno esprimere la propria preferenza. per arrivare alla graduatoria definitiva. Il terzo classificato ricever\u00e0 un premio di 500 euro, il secondo di 800 euro e il primo di 1.200 euro. Per votare i cittadini maggiorenni, domani, domenica,\u00a0 ma anche da lunedi a venerdi,\u00a0 potranno recarsi nei rispettivi municipi di Mel, Trichiana e Lentiai<\/p>\n<p><a class=\"dt-pswp-item\" href=\"https:\/\/www.radiopiu.net\/wordpress\/wp-content\/uploads\/2022\/05\/stemmi_clip_edited-1024x536-1.jpg\" data-dt-img-description=\"\" data-large_image_width=\"1024\" data-large_image_height=\"536\"><img loading=\"lazy\" decoding=\"async\" class=\"wp-image-274076 size-medium aligncenter\" src=\"https:\/\/www.radiopiu.net\/wordpress\/wp-content\/uploads\/2022\/05\/stemmi_clip_edited-1024x536-1-300x157.jpg\" alt=\"\" width=\"300\" height=\"157\" srcset=\"https:\/\/www.radiopiu.net\/wordpress\/wp-content\/uploads\/2022\/05\/stemmi_clip_edited-1024x536-1-300x157.jpg 300w, https:\/\/www.radiopiu.net\/wordpress\/wp-content\/uploads\/2022\/05\/stemmi_clip_edited-1024x536-1-768x402.jpg 768w, https:\/\/www.radiopiu.net\/wordpress\/wp-content\/uploads\/2022\/05\/stemmi_clip_edited-1024x536-1.jpg 1024w\" sizes=\"auto, (max-width: 300px) 100vw, 300px\" \/><\/a><\/p>\n<p>&nbsp;<\/p>\n<hr \/>\n<blockquote>\n<h3><\/h3>\n<h3>VALCOZZENA, PREMIO PARCHEGGIO LAST MINUTE<\/h3>\n<\/blockquote>\n<p><strong>AGORDO<\/strong> Riceviamo e pubblichiamo&#8230;<\/p>\n<p>Cara Radio Pi\u00f9 oggi ti voglio segnalare il parcheggio Last Minute dato che chi arriva all&#8217;ultimo minuto lascia la macchina davanti ai cancelli ostruendo buona parte della strada e davanti al passaggio pedonale oppure parcheggio PitStop con la macchina pronta a partire appena uscito e ben vicina al cancello. Grazie anche a questo signore\/a per il rispetto delle regole.<\/p>\n<p>&nbsp;<\/p>\n<p><a class=\"dt-pswp-item\" href=\"https:\/\/www.radiopiu.net\/wordpress\/wp-content\/uploads\/2022\/05\/f110e019-1e20-42e3-b978-fffb1057a981.jpg\" data-dt-img-description=\"\" data-large_image_width=\"600\" data-large_image_height=\"800\"><img loading=\"lazy\" decoding=\"async\" class=\"wp-image-274033 aligncenter\" src=\"https:\/\/www.radiopiu.net\/wordpress\/wp-content\/uploads\/2022\/05\/f110e019-1e20-42e3-b978-fffb1057a981.jpg\" alt=\"\" width=\"224\" height=\"299\" srcset=\"https:\/\/www.radiopiu.net\/wordpress\/wp-content\/uploads\/2022\/05\/f110e019-1e20-42e3-b978-fffb1057a981.jpg 600w, https:\/\/www.radiopiu.net\/wordpress\/wp-content\/uploads\/2022\/05\/f110e019-1e20-42e3-b978-fffb1057a981-225x300.jpg 225w\" sizes=\"auto, (max-width: 224px) 100vw, 224px\" \/><\/a><\/p>\n<p>&nbsp;<\/p>\n<hr \/>\n<p>&nbsp;<\/p>\n<blockquote class=\"wp-embedded-content\" data-secret=\"UdOVKUzxBq\"><p><a href=\"https:\/\/www.radiopiu.net\/wordpress\/aggnazionalemaggio05\/\">CORONAVIRUS: AGGIORNAMENTO NAZIONALE 05 MAGGIO 2022<\/a><\/p><\/blockquote>\n<p><iframe loading=\"lazy\" class=\"wp-embedded-content\" sandbox=\"allow-scripts\" security=\"restricted\" style=\"position: absolute; clip: rect(1px, 1px, 1px, 1px);\" title=\"&#8220;CORONAVIRUS: AGGIORNAMENTO NAZIONALE 05 MAGGIO 2022&#8221; &#8212; Radio Pi\u00f9\" src=\"https:\/\/www.radiopiu.net\/wordpress\/aggnazionalemaggio05\/embed\/#?secret=KOwFitRqE0#?secret=UdOVKUzxBq\" data-secret=\"UdOVKUzxBq\" width=\"600\" height=\"338\" frameborder=\"0\" marginwidth=\"0\" marginheight=\"0\" scrolling=\"no\"><\/iframe><\/p>\n<p>&nbsp;<\/p>\n<blockquote class=\"wp-embedded-content\" data-secret=\"FdfNOUpMi4\"><p><a href=\"https:\/\/www.radiopiu.net\/wordpress\/aggazzeromaggio05\/\">ANCHE IERI OLTRE 5000 NUOVI CASI, 6 I DECESSI NELLE ULTIME 24 ORE<\/a><\/p><\/blockquote>\n<p><iframe loading=\"lazy\" class=\"wp-embedded-content\" sandbox=\"allow-scripts\" security=\"restricted\" style=\"position: absolute; clip: rect(1px, 1px, 1px, 1px);\" title=\"&#8220;ANCHE IERI OLTRE 5000 NUOVI CASI, 6 I DECESSI NELLE ULTIME 24 ORE&#8221; &#8212; Radio Pi\u00f9\" src=\"https:\/\/www.radiopiu.net\/wordpress\/aggazzeromaggio05\/embed\/#?secret=8Ysh9VIJc0#?secret=FdfNOUpMi4\" data-secret=\"FdfNOUpMi4\" width=\"600\" height=\"338\" frameborder=\"0\" marginwidth=\"0\" marginheight=\"0\" scrolling=\"no\"><\/iframe><\/p>\n<p>&nbsp;<\/p>\n<h2 dir=\"auto\">I GRAFICI DI TIZIANO DE COL<\/h2>\n\n\t\t\t<style type='text\/css'>\n\t\t\t\t#gallery-3 {\n\t\t\t\t\tmargin: auto;\n\t\t\t\t}\n\t\t\t\t#gallery-3 .gallery-item {\n\t\t\t\t\tfloat: left;\n\t\t\t\t\tmargin-top: 10px;\n\t\t\t\t\ttext-align: center;\n\t\t\t\t\twidth: 33%;\n\t\t\t\t}\n\t\t\t\t#gallery-3 img {\n\t\t\t\t\tborder: 2px solid #cfcfcf;\n\t\t\t\t}\n\t\t\t\t#gallery-3 .gallery-caption {\n\t\t\t\t\tmargin-left: 0;\n\t\t\t\t}\n\t\t\t\t\/* see gallery_shortcode() in wp-includes\/media.php *\/\n\t\t\t<\/style>\n\t\t<div id='gallery-3' class='dt-gallery-container gallery galleryid-273896 gallery-columns-3 gallery-size-thumbnail'><dl class='gallery-item'>\n\t\t\t\t<dt class='gallery-icon landscape'>\n\t\t\t\t\t<a class=\"rollover rollover-zoom dt-pswp-item\" title=\"290b4b6f-43c0-4a4b-8df1-56b64df1d807\" data-dt-img-description=\"\" data-large_image_width=\"597\" data-large_image_height=\"365\"href='https:\/\/www.radiopiu.net\/wordpress\/wp-content\/uploads\/2022\/05\/290b4b6f-43c0-4a4b-8df1-56b64df1d807.jpg'><img loading=\"lazy\" decoding=\"async\" width=\"150\" height=\"150\" src=\"https:\/\/www.radiopiu.net\/wordpress\/wp-content\/uploads\/2022\/05\/290b4b6f-43c0-4a4b-8df1-56b64df1d807-150x150.jpg\" class=\"attachment-thumbnail size-thumbnail\" alt=\"\" \/><\/a>\n\t\t\t\t<\/dt><\/dl><dl class='gallery-item'>\n\t\t\t\t<dt class='gallery-icon landscape'>\n\t\t\t\t\t<a class=\"rollover rollover-zoom dt-pswp-item\" title=\"5b9cc144-c1d7-452e-a6e2-f2d031ac91b6\" data-dt-img-description=\"\" data-large_image_width=\"596\" data-large_image_height=\"357\"href='https:\/\/www.radiopiu.net\/wordpress\/wp-content\/uploads\/2022\/05\/5b9cc144-c1d7-452e-a6e2-f2d031ac91b6.jpg'><img loading=\"lazy\" decoding=\"async\" width=\"150\" height=\"150\" src=\"https:\/\/www.radiopiu.net\/wordpress\/wp-content\/uploads\/2022\/05\/5b9cc144-c1d7-452e-a6e2-f2d031ac91b6-150x150.jpg\" class=\"attachment-thumbnail size-thumbnail\" alt=\"\" \/><\/a>\n\t\t\t\t<\/dt><\/dl><dl class='gallery-item'>\n\t\t\t\t<dt class='gallery-icon landscape'>\n\t\t\t\t\t<a class=\"rollover rollover-zoom dt-pswp-item\" title=\"f2cf5a0b-c03e-4df3-813a-fc207357c328\" data-dt-img-description=\"\" data-large_image_width=\"604\" data-large_image_height=\"372\"href='https:\/\/www.radiopiu.net\/wordpress\/wp-content\/uploads\/2022\/05\/f2cf5a0b-c03e-4df3-813a-fc207357c328.jpg'><img loading=\"lazy\" decoding=\"async\" width=\"150\" height=\"150\" src=\"https:\/\/www.radiopiu.net\/wordpress\/wp-content\/uploads\/2022\/05\/f2cf5a0b-c03e-4df3-813a-fc207357c328-150x150.jpg\" class=\"attachment-thumbnail size-thumbnail\" alt=\"\" \/><\/a>\n\t\t\t\t<\/dt><\/dl><br style=\"clear: both\" \/><dl class='gallery-item'>\n\t\t\t\t<dt class='gallery-icon landscape'>\n\t\t\t\t\t<a class=\"rollover rollover-zoom dt-pswp-item\" title=\"eaa7154d-3816-4c5d-9139-0525c560cc2f\" data-dt-img-description=\"\" data-large_image_width=\"610\" data-large_image_height=\"356\"href='https:\/\/www.radiopiu.net\/wordpress\/wp-content\/uploads\/2022\/05\/eaa7154d-3816-4c5d-9139-0525c560cc2f.jpg'><img loading=\"lazy\" decoding=\"async\" width=\"150\" height=\"150\" src=\"https:\/\/www.radiopiu.net\/wordpress\/wp-content\/uploads\/2022\/05\/eaa7154d-3816-4c5d-9139-0525c560cc2f-150x150.jpg\" class=\"attachment-thumbnail size-thumbnail\" alt=\"\" \/><\/a>\n\t\t\t\t<\/dt><\/dl><dl class='gallery-item'>\n\t\t\t\t<dt class='gallery-icon landscape'>\n\t\t\t\t\t<a class=\"rollover rollover-zoom dt-pswp-item\" title=\"261db263-92c7-4046-b607-1f03e06f7ec8\" data-dt-img-description=\"\" data-large_image_width=\"608\" data-large_image_height=\"372\"href='https:\/\/www.radiopiu.net\/wordpress\/wp-content\/uploads\/2022\/05\/261db263-92c7-4046-b607-1f03e06f7ec8.jpg'><img loading=\"lazy\" decoding=\"async\" width=\"150\" height=\"150\" src=\"https:\/\/www.radiopiu.net\/wordpress\/wp-content\/uploads\/2022\/05\/261db263-92c7-4046-b607-1f03e06f7ec8-150x150.jpg\" class=\"attachment-thumbnail size-thumbnail\" alt=\"\" \/><\/a>\n\t\t\t\t<\/dt><\/dl><dl class='gallery-item'>\n\t\t\t\t<dt class='gallery-icon landscape'>\n\t\t\t\t\t<a class=\"rollover rollover-zoom dt-pswp-item\" title=\"191a03cf-b7d9-47fe-8e66-4d32668f2a05\" data-dt-img-description=\"\" data-large_image_width=\"602\" data-large_image_height=\"373\"href='https:\/\/www.radiopiu.net\/wordpress\/wp-content\/uploads\/2022\/05\/191a03cf-b7d9-47fe-8e66-4d32668f2a05.jpg'><img loading=\"lazy\" decoding=\"async\" width=\"150\" height=\"150\" src=\"https:\/\/www.radiopiu.net\/wordpress\/wp-content\/uploads\/2022\/05\/191a03cf-b7d9-47fe-8e66-4d32668f2a05-150x150.jpg\" class=\"attachment-thumbnail size-thumbnail\" alt=\"\" \/><\/a>\n\t\t\t\t<\/dt><\/dl><br style=\"clear: both\" \/>\n\t\t\t<\/div>\n\n<p>&nbsp;<\/p>\n<hr \/>\n<p>&nbsp;<\/p>\n<h1 style=\"text-align: center;\"><span style=\"color: #ff6600;\">SU FACEBOOK: IL GRUPPO RADIO PIU&#8217; EMITTENTE AGORDINA&#8230;16.000 ISCRITTI<\/span><\/h1>\n<p><a class=\"dt-pswp-item\" href=\"https:\/\/www.radiopiu.net\/wordpress\/wp-content\/uploads\/2022\/05\/d268e379-a5c5-4f30-a970-3c6045885dd0.jpg\" data-dt-img-description=\"\" data-large_image_width=\"1600\" data-large_image_height=\"608\"><img loading=\"lazy\" decoding=\"async\" class=\"alignnone wp-image-273854 size-large\" src=\"https:\/\/www.radiopiu.net\/wordpress\/wp-content\/uploads\/2022\/05\/d268e379-a5c5-4f30-a970-3c6045885dd0-1024x389.jpg\" alt=\"\" width=\"1024\" height=\"389\" srcset=\"https:\/\/www.radiopiu.net\/wordpress\/wp-content\/uploads\/2022\/05\/d268e379-a5c5-4f30-a970-3c6045885dd0-1024x389.jpg 1024w, https:\/\/www.radiopiu.net\/wordpress\/wp-content\/uploads\/2022\/05\/d268e379-a5c5-4f30-a970-3c6045885dd0-300x114.jpg 300w, https:\/\/www.radiopiu.net\/wordpress\/wp-content\/uploads\/2022\/05\/d268e379-a5c5-4f30-a970-3c6045885dd0-768x292.jpg 768w, https:\/\/www.radiopiu.net\/wordpress\/wp-content\/uploads\/2022\/05\/d268e379-a5c5-4f30-a970-3c6045885dd0-1536x584.jpg 1536w, https:\/\/www.radiopiu.net\/wordpress\/wp-content\/uploads\/2022\/05\/d268e379-a5c5-4f30-a970-3c6045885dd0.jpg 1600w\" sizes=\"auto, (max-width: 1024px) 100vw, 1024px\" \/><\/a><\/p>\n<p>&nbsp;<\/p>\n<p>&nbsp;<\/p>\n<hr \/>\n<p>&nbsp;<\/p>\n<blockquote>\n<h3>PROTOCOLLO PER LA MEDIAZIONE FAMILIARE: FIRMATA LA REVISIONE<\/h3>\n<\/blockquote>\n<p><strong><a class=\"dt-pswp-item\" href=\"https:\/\/www.radiopiu.net\/wordpress\/wp-content\/uploads\/2022\/05\/WhatsApp-Image-2022-05-05-at-15.30.09.jpeg\" data-dt-img-description=\"\" data-large_image_width=\"2000\" data-large_image_height=\"1500\"><img loading=\"lazy\" decoding=\"async\" class=\"size-thumbnail wp-image-273987 alignleft\" src=\"https:\/\/www.radiopiu.net\/wordpress\/wp-content\/uploads\/2022\/05\/WhatsApp-Image-2022-05-05-at-15.30.09-150x150.jpeg\" alt=\"\" width=\"150\" height=\"150\" \/><\/a>BELLUNO<\/strong> A dieci anni dalla sottoscrizione nel 2011, \u00e8 stata firmata la revisione del \u201cProtocollo di Intesa per la promozione e gestione degli interventi di Mediazione Familiare nella provincia di Belluno\u201d dagli attuali componenti del Tavolo Interistituzionale: il Tribunale Ordinario di Belluno, l\u2019Ordine degli Avvocati di Belluno, i Mediatori familiari della ULSS 1 Dolomiti e del Consultorio Familiare Socio-Educativo UCIPEM di Belluno, l\u2019AIAF Sezione di Belluno e l\u2019ONDiF Sezione di Belluno. I componenti del tavolo, infatti, hanno individuato l\u2019opportunit\u00e0 di una revisione del Protocollo a fronte dell&#8217;esperienza maturata nel decennio e all&#8217;esigenza di individuare delle forme di integrazione tra la Mediazione Familiare ed altri strumenti di gestione della conflittualit\u00e0 familiare peculiari delle diverse professionalit\u00e0. Nel corso dell\u2019anno 2021 il Tavolo ha pertanto elaborato, fra l\u2019altro, la revisione del Protocollo, un documento che ha come fine quello di: promuovere e diffondere la cultura della mediazione familiare quale strumento di promozione del benessere e prevenzione del disagio dei minori conseguente alla separazione dei genitori; condividere e integrare le competenze tra tutti i soggetti che a vario titolo operano nell\u2019ambito della Mediazione Famialire (giudici, mediatori familiari, avvocati) al fine di meglio comprendere le rispettive competenze, migliorare la comprensione dei diversi linguaggi specialistici, condividere le problematiche afferenti all\u2019Istituto della Mediazione Familiare; individuare soluzioni idonee a rendere tale Istituto sempre pi\u00f9 efficace e rispondente ai bisogni di protezione dei minori nella riorganizzazione delle relazioni familiari conseguenti alla separazione, al divorzio o, comunque, all\u2019interruzione di una relazione, anche di fatto.<\/p>\n<p>&nbsp;<\/p>\n<p>&nbsp;<\/p>\n<hr \/>\n<p>&nbsp;<\/p>\n<blockquote>\n<h3>SETTIMANA DELL\u2019AFFIDO: I PROSSIMI APPUNTAMENTI<\/h3>\n<\/blockquote>\n<p><strong>BELLUNO <\/strong>Entra nel vivo la settimana dedicata all\u2019affido familiare con tutte le iniziative organizzate dal 2 al 7 maggio dai Centri per l&#8217;Affido e la Solidariet\u00e0 Familiare dell&#8217;ULSS 1 Dolomiti \u2013 equipe di Belluno e Feltre. Gli appuntamenti sono pensati per sensibilizzare sull\u2019affido familiare, condividendo le esperienze delle famiglie affidatarie. Domani a Belluno Accogliere la \u201c<em>diversit\u00e0\u201d<\/em> oggi \u00e8 <em>diverso<\/em> ? Riflessione attuale sulla solidariet\u00e0 e l\u2019accoglienza alle 10.00 &#8211; Sala Barchessa Villa Doglioni-Dal Mas, Via San Lucano 32 (sede di Confindustria Belluno Dolomiti): Incontro con Marco Chistolini, psicologo psicoterapeuta e formatore; saranno presenti le Famiglie in Rete di Ponte nelle Alpi e Feltre. L\u2019ingresso \u00e8 libero.<\/p>\n<p>&nbsp;<\/p>\n<p>&nbsp;<\/p>\n<hr \/>\n<p>&nbsp;<\/p>\n<blockquote>\n<h3>DAL 16 MAGGIO IL\u00a0 CORSO DI INFORMAZIONE E FORMAZIONE SULL\u2019AFFIDO FAMILIARE<\/h3>\n<\/blockquote>\n<p><strong>BELLUNO <\/strong>I Centri per l&#8217;Affido e la Solidariet\u00e0 Familiare (CASF) dell&#8217;ULSS 1 Dolomiti \u2013 equipe di Belluno e Feltre \u2013 organizzano un corso informativo e formativo in presenza sul tema dell&#8217;affido familiare a partire dal 16 maggio. Dopo alcune edizioni online, gli operatori dei CASF tornano, infatti, ad incontrare famiglie, coppie e persone single interessati all\u2019affido familiare con una serie di appuntamenti per favorire una modalit\u00e0 pi\u00f9 esperienziale di avvicinamento al tema. Il corso si terr\u00e0 nelle seguenti tre giornate presso la sala convegni dell\u2019ospedale Santa Maria del Prato di Feltre: luned\u00ec 16 maggio: dalle 18.00 alle 20.00, venerd\u00ec 20 maggio: dalle 18.00 alle 20.00 e dalle 20.30 alle 22.00, mercoled\u00ec 25 maggio: dalle 18.00 alle 20.00. La partecipazione agli incontri \u00e8 gratuita ed \u00e8 necessaria l\u2019iscrizione entro il 13 maggio 2022. Per maggiori informazioni e per iscrizioni, contattare telefonicamente o per email: CASF DI FELTRE: 0439 883170 \u2013 email: <a href=\"mailto:centroaffido.fe@aulss1.veneto.it\">centroaffido.fe@aulss1.veneto.it <\/a>CASF DI BELLUNO: 0437 514975 \u2013 email: <a href=\"mailto:centroaffido.bl@aulss1.veneto.it\">centroaffido.bl@aulss1.veneto.it<\/a><\/p>\n<p>&nbsp;<\/p>\n<p>&nbsp;<\/p>\n<hr \/>\n<p>&nbsp;<\/p>\n<blockquote>\n<h3>POSTE ITALIANE COMPIE 160 ANNI,<\/h3>\n<\/blockquote>\n<p><strong><a class=\"dt-pswp-item\" href=\"https:\/\/www.radiopiu.net\/wordpress\/wp-content\/uploads\/2022\/05\/Schermata-2022-05-05-alle-17.32.07.png\" data-dt-img-description=\"\" data-large_image_width=\"1202\" data-large_image_height=\"834\"><img loading=\"lazy\" decoding=\"async\" class=\"size-thumbnail wp-image-274039 alignleft\" src=\"https:\/\/www.radiopiu.net\/wordpress\/wp-content\/uploads\/2022\/05\/Schermata-2022-05-05-alle-17.32.07-150x150.png\" alt=\"\" width=\"150\" height=\"150\" \/><\/a>ROMA<\/strong> In occasione dei 160 anni di Poste Italiane, Marco Bussone Presidente UNCEM dichiara: &#8220;<em>In rappresentanza di Uncem e di tutti i Comuni montani ho partecipato alla Nuvola di Roma alla festa per i 160 anni di Poste Italiane, alla Presenza del Presidente della Repubblica Sergio Mattarella. Voglio ringraziare i Vertici di Poste, la presidente Bianca Maria Farina, l&#8217;ad Matteo Del Fante, il Condirettore Giuseppe Lasco per l&#8217;attenzione costante, verso i piccoli Comuni e le nostre comunit\u00e0. Insieme, in attuazione della legge 158\/2017 stiamo facendo un percorso importante, che cresce. Lo ha rimarcato anche il Ministro Giorgetti, che ringrazio. E lo ha detto benissimo il Capo dello Stato dal palco della Nuvola, accanto ai Sindaci di piccoli Comuni e ai dipendenti di Poste italiane che hanno operato nel corso dell&#8217;emergenza pandemica con abnegazione e senso dello Stato. Il lavoro con Uncem per i territori, le comunit\u00e0, i piccoli Comuni, con Poste, prosegue<\/em>&#8220;.<\/p>\n<p>&nbsp;<\/p>\n<p>&nbsp;<\/p>\n<hr \/>\n<p>&nbsp;<\/p>\n<blockquote>\n<h3><a class=\"dt-pswp-item\" href=\"https:\/\/www.radiopiu.net\/wordpress\/wp-content\/uploads\/2021\/06\/LAVORI.jpg\" data-dt-img-description=\"\" data-large_image_width=\"188\" data-large_image_height=\"164\"><img loading=\"lazy\" decoding=\"async\" class=\"alignleft wp-image-216176 \" src=\"https:\/\/www.radiopiu.net\/wordpress\/wp-content\/uploads\/2021\/06\/LAVORI.jpg\" alt=\"\" width=\"140\" height=\"122\" \/><\/a>A BELLUNO MODIFICHE ALLA CIRCOLAZIONE IN ALCUNE VIE<\/h3>\n<\/blockquote>\n<p><strong>VIA AGORDO<\/strong> senso unico alternato di circolazione veicolare regolato da impianto semaforico e, in caso di traffico particolarmente intenso, da idoneo personale, in via Agordo nel tratto di strada compreso tra il civico 355 e l\u2019intersezione con via Mares, nel periodo dal 16 al 20 maggio dalle ore 8.00 alle ore 17.00 di ciascuna giornata<\/p>\n<p><strong>VIA MIARI <\/strong>divieto di circolazione nel tratto di strada compreso tra l\u2019intersezione con il Ponte Dolomiti e l\u2019intersezione con via Monte Grappa, in tre giornate comprese nel periodo dal 9 al 17 maggio, dalle ore 7.00 alle ore 19.00 di ciascuna giornata<\/p>\n<p><strong>VIA DEI DENDROFORI<\/strong> divieto di circolazione nel tratto di strada corrente nella Galleria Est Belluno, in tre giornate comprese nel periodo dal 9 al 12 maggio, dalle ore 20.00 alle ore 7.00 di ciascuna giornata<\/p>\n<p>&nbsp;<\/p>\n<p>&nbsp;<\/p>\n<hr \/>\n<p>&nbsp;<\/p>\n<blockquote>\n<h3>A LUGLIO, A SAN TOMASO, IN PROGRAMMA &#8220;DOLOMITI HIKE &amp; BIKE&#8221;<\/h3>\n<\/blockquote>\n<p><strong><a class=\"dt-pswp-item\" href=\"https:\/\/www.radiopiu.net\/wordpress\/wp-content\/uploads\/2022\/04\/AKU_logo_Hike_bike_v2.png\" data-dt-img-description=\"\" data-large_image_width=\"330\" data-large_image_height=\"501\"><img loading=\"lazy\" decoding=\"async\" class=\" wp-image-272674 alignleft\" src=\"https:\/\/www.radiopiu.net\/wordpress\/wp-content\/uploads\/2022\/04\/AKU_logo_Hike_bike_v2-150x150.png\" alt=\"\" width=\"114\" height=\"114\" \/><\/a>SAN TOMASO<\/strong><\/p>\n<p>di Gianni Santomaso<\/p>\n<audio class=\"wp-audio-shortcode\" id=\"audio-273896-2\" preload=\"none\" style=\"width: 100%;\" controls=\"controls\"><source type=\"audio\/mpeg\" src=\"https:\/\/www.radiopiu.net\/wordpress\/wp-content\/uploads\/2022\/05\/GIANNI-DOLOMITI-HIKE-BIKE-SAN-TOMASO.mp3?_=2\" \/><a href=\"https:\/\/www.radiopiu.net\/wordpress\/wp-content\/uploads\/2022\/05\/GIANNI-DOLOMITI-HIKE-BIKE-SAN-TOMASO.mp3\">https:\/\/www.radiopiu.net\/wordpress\/wp-content\/uploads\/2022\/05\/GIANNI-DOLOMITI-HIKE-BIKE-SAN-TOMASO.mp3<\/a><\/audio>\n<p>&nbsp;<\/p>\n<hr \/>\n<p>&nbsp;<\/p>\n<blockquote>\n<h3><a class=\"dt-pswp-item\" href=\"https:\/\/www.radiopiu.net\/wordpress\/wp-content\/uploads\/2022\/05\/assemblea-arancione.jpg\" data-dt-img-description=\"\" data-large_image_width=\"640\" data-large_image_height=\"340\"><img loading=\"lazy\" decoding=\"async\" class=\" wp-image-273811 alignleft\" src=\"https:\/\/www.radiopiu.net\/wordpress\/wp-content\/uploads\/2022\/05\/assemblea-arancione-150x150.jpg\" alt=\"\" width=\"101\" height=\"101\" \/><\/a>Assemblea del Consiglio di Bacino<\/h3>\n<\/blockquote>\n<p>L&#8217;Assemblea dei sindaci \u00e8 convocata in seconda convocazione per\u00a0 mercoled\u00ec\u00a0 alle\u00a0 15 in presenza nella Sala Teatro Giovanni XXIII presso il Centro Congressi Belluno in Piazza Piloni a Belluno.<\/p>\n<p>&nbsp;<\/p>\n<p>&nbsp;<\/p>\n<hr \/>\n<p>&nbsp;<\/p>\n<blockquote>\n<h3>FABIO RUFUS BRISTOT AD AGORDO CON IL LIBRO IN RICORDO DI DON CLAUDIO<\/h3>\n<\/blockquote>\n<p><strong>AGORDO<\/strong> <span dir=\"ltr\" role=\"presentation\">Oggi presso la sala \u201cdon Tamis\u201d in via 27 aprile ad Agordo, alle\u00a0 18 Fabio Bristot <\/span><span dir=\"ltr\" role=\"presentation\">\u201cRufus\u201d presenta il suo libro \u201cDon Claudio e la Luna\u201d.\u00a0<\/span><\/p>\n<p><strong>DI GIANNI SANTOMASO<\/strong><\/p>\n<audio class=\"wp-audio-shortcode\" id=\"audio-273896-3\" preload=\"none\" style=\"width: 100%;\" controls=\"controls\"><source type=\"audio\/mpeg\" src=\"https:\/\/www.radiopiu.net\/wordpress\/wp-content\/uploads\/2022\/05\/GIANNI-LIBRO-RUFUS-BRISTOT.mp3?_=3\" \/><a href=\"https:\/\/www.radiopiu.net\/wordpress\/wp-content\/uploads\/2022\/05\/GIANNI-LIBRO-RUFUS-BRISTOT.mp3\">https:\/\/www.radiopiu.net\/wordpress\/wp-content\/uploads\/2022\/05\/GIANNI-LIBRO-RUFUS-BRISTOT.mp3<\/a><\/audio>\n<p>&nbsp;<\/p>\n<p>&nbsp;<\/p>\n<p>&nbsp;<\/p>\n<hr \/>\n<p>&nbsp;<\/p>\n<blockquote>\n<h3>&#8220;IL LORO DESTINO STAVA IN BRASILE&#8221;, LA PRESENTAZIONE DEL LIBRO<\/h3>\n<\/blockquote>\n<p><strong>SOVERZENE<\/strong> Oggi verr\u00e0 presentato il volume \u201cIl loro destino stava in Brasile\u201d a cura di Luisa Carniel, insegnante feltrina consigliere dell\u2019Associazione Bellunesi nel Mondo. Appuntamento alle 18:00 al Salone culturale di Soverzene. La presentazione sar\u00e0 anche trasmessa in diretta sul canale YouTube e sulla pagina Facebook dell\u2019Associazione Bellunesi nel Mondo. Per la partecipazione, sar\u00e0 obbligatorio indossare la mascherina FFP2.Per maggiori informazioni: tel. 0437 941160; email: <a class=\"moz-txt-link-abbreviated\" href=\"mailto:biblioteca.migrazioni@bellunesinelmondo.it\">biblioteca.migrazioni@bellunesinelmondo.it<\/a><\/p>\n<p>&nbsp;<\/p>\n<p>&nbsp;<\/p>\n<hr \/>\n<blockquote>\n<h3><a class=\"dt-pswp-item\" href=\"https:\/\/www.radiopiu.net\/wordpress\/wp-content\/uploads\/2022\/05\/tiz-1.jpg\" data-dt-img-description=\"\" data-large_image_width=\"431\" data-large_image_height=\"224\"><img loading=\"lazy\" decoding=\"async\" class=\"wp-image-273625 alignleft\" src=\"https:\/\/www.radiopiu.net\/wordpress\/wp-content\/uploads\/2022\/05\/tiz-1-300x156.jpg\" alt=\"\" width=\"171\" height=\"89\" srcset=\"https:\/\/www.radiopiu.net\/wordpress\/wp-content\/uploads\/2022\/05\/tiz-1-300x156.jpg 300w, https:\/\/www.radiopiu.net\/wordpress\/wp-content\/uploads\/2022\/05\/tiz-1.jpg 431w\" sizes=\"auto, (max-width: 171px) 100vw, 171px\" \/><\/a>DUE GIORNI DEDICATI AL TIZIANO<\/h3>\n<\/blockquote>\n<p><em><span class=\"\"><strong class=\"\">Un appuntamento aperto al pubblico<\/strong> <strong class=\"\">a Palazzo Bembo<\/strong><\/span><\/em><\/p>\n<p><strong>BELLUNO<\/strong> Oggi e domani<span class=\"\">, \u00a0due giorni interamente dedicate al Tiziano, domani dalle 9.30 e dalle 18 il convegno di studi <em class=\"\">&#8220;Tiziano e i suoi: un progetto, una prospettiva&#8221;<\/em>\u00a0 e nella prima giornata anche un focus specifico sui restauri passati e recenti. Il<\/span><span class=\"\"> convegno\u00a0 \u00e8 stato coordinato per la parte scientifica dal prof. Enrico Maria dal Pozzolo, docente presso l\u2019Universit\u00e0 di Verona.\u00a0<\/span><\/p>\n<p>&nbsp;<\/p>\n<hr \/>\n<p>&nbsp;<\/p>\n<blockquote>\n<h3>DOMANI LA PROZESION DE SANTA CROS<\/h3>\n<\/blockquote>\n<p><strong><a class=\"dt-pswp-item\" href=\"https:\/\/www.radiopiu.net\/wordpress\/wp-content\/uploads\/2022\/04\/sotto-S.-Simon-scaled.jpg\" data-dt-img-description=\"\" data-large_image_width=\"2560\" data-large_image_height=\"1920\"><img loading=\"lazy\" decoding=\"async\" class=\" wp-image-273155 alignleft\" src=\"https:\/\/www.radiopiu.net\/wordpress\/wp-content\/uploads\/2022\/04\/sotto-S.-Simon-150x150.jpg\" alt=\"\" width=\"120\" height=\"120\" \/><\/a>CANALE D&#8217;AGORDO <\/strong>Le parrocchie della Valle del Biois propongono domani la <em>Prozesi\u00f3n de Santa Cr\u00f3s<\/em>, antica pratica religiosa che si svolgeva nella Valle del Biois fin dal 1623.\u00a0 Il tragitto della processione seguir\u00e0 il vecchio percorso con partenza a Canale, nella Chiesa della Pieve (ore 7. Nel pomeriggio i pellegrini ripartiranno (ore 14) alla volta di Feder, Fregona e Carfon per raggiungere i paesi alti di Vallada. Qui, in localit\u00e0 Piaz, avr\u00e0 luogo l\u2019incontro con le comunit\u00e0 di Cencenighe e San Tomaso. La giornata si concluder\u00e0 verso le 19 nella Chiesa di San Simon<em>.<\/em><\/p>\n<p><strong>di Gianni Santomaso<\/strong><\/p>\n<audio class=\"wp-audio-shortcode\" id=\"audio-273896-4\" preload=\"none\" style=\"width: 100%;\" controls=\"controls\"><source type=\"audio\/mpeg\" src=\"https:\/\/www.radiopiu.net\/wordpress\/wp-content\/uploads\/2022\/05\/GIANNI-PROZESION-SANTA-CROS.mp3?_=4\" \/><a href=\"https:\/\/www.radiopiu.net\/wordpress\/wp-content\/uploads\/2022\/05\/GIANNI-PROZESION-SANTA-CROS.mp3\">https:\/\/www.radiopiu.net\/wordpress\/wp-content\/uploads\/2022\/05\/GIANNI-PROZESION-SANTA-CROS.mp3<\/a><\/audio>\n<p>&nbsp;<\/p>\n<p>&nbsp;<\/p>\n<hr \/>\n<blockquote>\n<h3><\/h3>\n<h3>DOMANI, PULIAMO FELTRE<\/h3>\n<\/blockquote>\n<p><strong><a class=\"dt-pswp-item\" href=\"https:\/\/www.radiopiu.net\/wordpress\/wp-content\/uploads\/2022\/05\/277792197_348638097291866_4855472339008194342_n.jpg\" data-dt-img-description=\"\" data-large_image_width=\"600\" data-large_image_height=\"450\"><img loading=\"lazy\" decoding=\"async\" class=\"wp-image-273471 alignleft\" src=\"https:\/\/www.radiopiu.net\/wordpress\/wp-content\/uploads\/2022\/05\/277792197_348638097291866_4855472339008194342_n-150x150.jpg\" alt=\"\" width=\"113\" height=\"113\" \/><\/a> <\/strong><\/p>\n<p><strong>\u00a0<\/strong><\/p>\n<p><strong>FELTRE<\/strong> Domani con ritrovo alle 14 in Pr\u00e0 del Moro giornata ecologica nel feltrino. Aperta a tutti, bambini compresi e sar\u00e0 coordinata da alcuni ecovolontari. Gli interessati comunichino la loro adesione (entro domani) per poter attivare la copertura assicurativa. Iscrizioni ecolvolontari.umfeltre@gmail.com<\/p>\n<p>&nbsp;<\/p>\n<p>&nbsp;<\/p>\n<hr \/>\n<p>&nbsp;<\/p>\n<p>&nbsp;<\/p>\n<blockquote>\n<h3>LA VIA CLAUDIA AUGUSTA, UNA STRADA LUNGA 2000 ANNI<\/h3>\n<\/blockquote>\n<p><strong>CESIOMAGGIORE<\/strong> Domani\u00a0 alle\u00a0 15 al Museo Storico della Biciletta con entrata libera, presentazione della prima guida italiana sul tracciato imperiale transalpino. 8 forme di mobilit\u00e0, dal trekking sulla media distanza alle pi\u00f9 diverse forme di ciclismo entro i 240 km che separano Altino (Venezia) da Trento: 8 giorni a piedi, 4 in bici. Ma anche escursioni assistite di un solo giorno o di poche ore con tratti accessibili a disabili o a cavallo.<\/p>\n<p>&nbsp;<\/p>\n<hr \/>\n<blockquote>\n<h3><\/h3>\n<h3>LA PRESENTAZIONE DEL LIBRO DI WALTER BASSO<\/h3>\n<\/blockquote>\n<p><strong>SAN GREGORIO NELLE ALPI <\/strong>Domani alle ore 20.30 presso la Sala Consiliare di San Gregorio nelle Alpi verr\u00e0 presentato il libro di Walter Basso \u201cFino all\u2019ultimo respiro\u201d\u00a0 con la presenza dell\u2019autore e l\u2019introduzione di Luisa Carniel consigliere dell\u2019Associazione Bellunesi nel Mondo.<\/p>\n<p>&nbsp;<\/p>\n<p>&nbsp;<\/p>\n<hr \/>\n<p>&nbsp;<\/p>\n<blockquote>\n<h3>KARAOKE E SANGRIA<\/h3>\n<\/blockquote>\n<p><strong>FALCADE<\/strong> L&#8217;evento con Micky and friends \u00e8 organizzato dalla proloco di Caviola e programmato in piazza davanti alla sede del sodalizio in via lungo Tegosa per domani alle 17.<\/p>\n<p>&nbsp;<\/p>\n<hr \/>\n<p>&nbsp;<\/p>\n<blockquote>\n<h3>DOMENICA 15 MAGGIO IL RITORNO DI BIMBIMBICI<\/h3>\n<\/blockquote>\n<p><strong><a class=\"dt-pswp-item\" href=\"https:\/\/www.radiopiu.net\/wordpress\/wp-content\/uploads\/2022\/05\/Immagine2.jpg\" data-dt-img-description=\"\" data-large_image_width=\"1285\" data-large_image_height=\"660\"><img loading=\"lazy\" decoding=\"async\" class=\" wp-image-273623 alignleft\" src=\"https:\/\/www.radiopiu.net\/wordpress\/wp-content\/uploads\/2022\/05\/Immagine2-150x150.jpg\" alt=\"\" width=\"113\" height=\"113\" \/><\/a>BELLUNO\u00a0<\/strong> Dopo tre anni di forzata assenza, ritorna BIMBIMBICI\u00a0 organizzata da FIAB Belluno aperta a tutti\u00a0 con lo scopo di portare tantissimi bambini in bicicletta per le strade delle citt\u00e0. Il programma per domenica 15 maggio prevede, dalle 10 alle 11, un giro di 7 km in bicicletta per la citt\u00e0. Al ritorno tutti i piccoli partecipanti troveranno un divertente percorso di abilit\u00e0 gestito da\u00a0 istruttori e un ristoro. La mattinata sar\u00e0 accompagnata dalle musiche della banda di ottoni The BrassFolkers. I Vigili Urbani e il personale dell\u2019Associazione Nazionale Carabinieri saranno disposti lungo il percorso per renderlo pi\u00f9 sicuro. Iscrizioni dalle 9.15 al Parco Citt\u00e0 di Bologna, info\u00a0 www.bellunoinbici.it.<\/p>\n<p>&nbsp;<\/p>\n<p>&nbsp;<\/p>\n<hr \/>\n<p>&nbsp;<\/p>\n<blockquote>\n<h3>L&#8217;AUSER ELBROI ORGANIZZA UNA GITA IN SARDEGNA<\/h3>\n<\/blockquote>\n<p><strong>AGORDO<\/strong> Il circolo Auser el broi di Agordo comunica che si sono resi disponibili 2 posti per la gita in Sardegna in calendario dal 10 al 16 maggio . Chi fosse interessato pu\u00f2 rivolgersi presso la sede in via Rova 13 ad Agordo oppure contattare i numeri telefonici 388 7547951 oppure 347 2945259<\/p>\n<p>&nbsp;<\/p>\n<hr \/>\n<p>&nbsp;<\/p>\n<blockquote>\n<h3>LE GIORNATE DEI NARCISI<\/h3>\n<\/blockquote>\n<p><strong>BORGO VALBELLUNA<\/strong> <span dir=\"ltr\" role=\"presentation\">ll<\/span>\u00a0<span dir=\"ltr\" role=\"presentation\">Comune <\/span>\u00a0<span dir=\"ltr\" role=\"presentation\">in collaborazione con la<\/span> <span dir=\"ltr\" role=\"presentation\">Pro Loco e le associazioni del Municipio di Lentiai<\/span>\u00a0<span dir=\"ltr\" role=\"presentation\">organizzano per le domeniche del 15, 22, 29 maggio, <\/span><span dir=\"ltr\" role=\"presentation\">gioved\u00ec 2 giugno e domenica 5 giugno le<\/span> <span dir=\"ltr\" role=\"presentation\">Giornate dei Narcisi, occasione per la promozione corale dell\u2019intero territorio. Verranno aperte grazie ai volontari del gruppo Frammenti d\u2019Arte la chiesa di Sant&#8217;Antonio Abate di Bardies, e la chiesa Arcipretale di Santa Maria Assunta di Lentiai monumento nazionale. Numerose saranno le guide naturalistiche presenti nel sito che organizzeranno momenti di<br role=\"presentation\" \/>escursione per tutti e intrattenimento per bambini. Info: IAT di Borgo Valbelluna Tel. 0437 54429<\/span><\/p>\n<p>&nbsp;<\/p>\n<p>&nbsp;<\/p>\n<hr \/>\n<p>&nbsp;<\/p>\n<blockquote>\n<h3>ASCOLTARE PER CONOSCERE: L\u2019EVENTO ONLINE DEL CILP<\/h3>\n<\/blockquote>\n<p><strong class=\"photoswipe-wrapper\"><a class=\"dt-pswp-item pspw-wrap-ready\" href=\"https:\/\/www.radiopiu.net\/wordpress\/wp-content\/uploads\/2022\/04\/download-7.jpg\" data-dt-img-description=\"\" data-large_image_width=\"321\" data-large_image_height=\"157\"><img loading=\"lazy\" decoding=\"async\" class=\"alignleft wp-image-272306 \" src=\"https:\/\/www.radiopiu.net\/wordpress\/wp-content\/uploads\/2022\/04\/download-7-300x147.jpg\" sizes=\"auto, (max-width: 133px) 100vw, 133px\" srcset=\"https:\/\/www.radiopiu.net\/wordpress\/wp-content\/uploads\/2022\/04\/download-7-300x147.jpg 300w, https:\/\/www.radiopiu.net\/wordpress\/wp-content\/uploads\/2022\/04\/download-7.jpg 321w\" alt=\"\" width=\"133\" height=\"65\" \/><\/a>FELTRE <\/strong>Aperte le iscrizioni per l\u2019evento online del 18-19-20 maggio 2022 promosso dal CILP \u201cAscoltare per conoscere\u201d: esempi d\u2019inclusivit\u00e0 con speaker di fama nazionale.\u00a0 Parteciperanno persone di spicco quali l\u2019economista Dott. Carlo Cotarelli, la scrittrice Susanna Tamaro, il Prof. Cesare Cornoldi dell\u2019Universit\u00e0 di Padova, la conduttrice televisiva Andrea Delogu, il direttore di radio Pi\u00f9 Mirko Mezzacasa e tanti altri relatori che interverranno per parlare di dislessia, dei modi per affrontare questo disturbo che interessa anche \u00a0molti studenti, dei problemi della vista, ma verr\u00e0 anche esaminata l\u2019importanza che riveste la voce umana nella comunicazione e il suo ruolo fondamentale<\/p>\n<p><strong>CONOSCIAMO I PROTAGONISTI &#8211; CESARE CORNOLDI<\/strong><\/p>\n<p><a class=\"dt-pswp-item\" href=\"https:\/\/www.radiopiu.net\/wordpress\/wp-content\/uploads\/2022\/05\/280081279_10158860567279503_5012760758175863842_n.jpg\" data-dt-img-description=\"\" data-large_image_width=\"1200\" data-large_image_height=\"1200\"><img loading=\"lazy\" decoding=\"async\" class=\" wp-image-273966 alignleft\" src=\"https:\/\/www.radiopiu.net\/wordpress\/wp-content\/uploads\/2022\/05\/280081279_10158860567279503_5012760758175863842_n-150x150.jpg\" alt=\"\" width=\"134\" height=\"134\" srcset=\"https:\/\/www.radiopiu.net\/wordpress\/wp-content\/uploads\/2022\/05\/280081279_10158860567279503_5012760758175863842_n-150x150.jpg 150w, https:\/\/www.radiopiu.net\/wordpress\/wp-content\/uploads\/2022\/05\/280081279_10158860567279503_5012760758175863842_n-300x300.jpg 300w, https:\/\/www.radiopiu.net\/wordpress\/wp-content\/uploads\/2022\/05\/280081279_10158860567279503_5012760758175863842_n-1024x1024.jpg 1024w, https:\/\/www.radiopiu.net\/wordpress\/wp-content\/uploads\/2022\/05\/280081279_10158860567279503_5012760758175863842_n-768x768.jpg 768w, https:\/\/www.radiopiu.net\/wordpress\/wp-content\/uploads\/2022\/05\/280081279_10158860567279503_5012760758175863842_n.jpg 1200w\" sizes=\"auto, (max-width: 134px) 100vw, 134px\" \/><\/a>Cesare Cornoldi\u00a0 parler\u00e0 dei disturbi specifici di apprendimento e strumenti compensativi. Psicologo e accademico, attivo nell&#8217;ambito della psicologia dell&#8217;et\u00e0 evolutiva e dei disturbi dell&#8217;apprendimento. Laureato in Filosofia presso l&#8217;Universit\u00e0 di Padova nel 1970 e specializzato in psicologia presso l&#8217;Universit\u00e0 di Milano. Insegnante della Facolt\u00e0 di Psicologia di Padova a partire dal 1972, cattedra tenuta fino al pensionamento. Delegato nazionale della Divisione di Ricerca di Base della Societ\u00e0 italiana di Psicologia, presidente delegato del CNIS e presidente nazionale dell&#8217;AIRIPA e della ESCP, e pi\u00f9 volte direttore del Dipartimento di Psicologia dell&#8217;Universit\u00e0 di Padova. I suoi interessi di ricerca si sono concentrati sulla psicologia dell&#8217;et\u00e0 evolutiva, la memoria, l&#8217;apprendimento e i suoi specifici disturbi, di cui \u00e8 uno dei maggiori esperti a livello internazionale.<\/p>\n<p>&nbsp;<\/p>\n<hr \/>\n<p>&nbsp;<\/p>\n<blockquote>\n<h3>MAGGIO AGORDINO CON L&#8217;ASSOCIAZIONE PERITI MINERARI INDUSTRIALI DI AGORDO<\/h3>\n<\/blockquote>\n<p><strong>AGORDO <\/strong>Torna l&#8217;appuntamento con &#8220;Maggio Agordino&#8221;, un ciclo di serate culturali e di divulgazione scientifica promosse da APIM &#8211; Associazione Periti Industriali Minerari di Agordo. Quest&#8217;anno il tema che costituir\u00e0 di fatto il filo conduttore delle serate sar\u00e0 il cambiamento climatico. Quattro serate in Sala Don Tamis con inizio alle 20:30. Venerd\u00ec 13 &#8220;Il litio nella trasformazione e conservazione dell&#8217;energia&#8221;, venerd\u00ec 20 &#8220;L&#8217;economia futura della montagna e le sfide del riconoscimento Unesco&#8221; e venerd\u00ec 27 &#8220;Il clima che cambia(mo) e le nostre montagne&#8221;. Tutte le serate sono ad entrata libera<\/p>\n<p><strong>DI GIANNI SANTOMASO<\/strong><\/p>\n<audio class=\"wp-audio-shortcode\" id=\"audio-273896-5\" preload=\"none\" style=\"width: 100%;\" controls=\"controls\"><source type=\"audio\/mpeg\" src=\"https:\/\/www.radiopiu.net\/wordpress\/wp-content\/uploads\/2022\/05\/GIANNI-MAGGIO-AGORDINO-APIM.mp3?_=5\" \/><a href=\"https:\/\/www.radiopiu.net\/wordpress\/wp-content\/uploads\/2022\/05\/GIANNI-MAGGIO-AGORDINO-APIM.mp3\">https:\/\/www.radiopiu.net\/wordpress\/wp-content\/uploads\/2022\/05\/GIANNI-MAGGIO-AGORDINO-APIM.mp3<\/a><\/audio>\n<p>&nbsp;<\/p>\n<h3><\/h3>\n<hr \/>\n<blockquote>\n<h3><\/h3>\n<h3>IL 12 MAGGIO, GIORNATA MONDIALE DELLA FIBROMIALGIA<\/h3>\n<\/blockquote>\n<p><strong>BELLUNO<\/strong> L\u2019 Associazione Italiana Sindrome Fibromialgica ODV promuove su tutto il territorio nazionale l\u2019iniziativa \u201cIlluminiamo la Fibromialgia\u201d. L\u2019evento, che consistera\u0300 nell\u2019illuminare di viola piazze, edifici e monumenti in tutta Italia, si pone l\u2019obiettivo di sensibilizzare l\u2019opinione pubblica sulle condizioni del paziente fibromialgico, sofferente di una patologia ancora non riconosciuta. Il Comune di Belluno anche quest\u2019anno ha concesso il patrocinio e l\u2019illuminazione del Teatro Comunale nella serata del 12 maggio. Domani a Santa Giustina, all\u2019esterno della pasticceria La Briciola &#8211; dalle 10 alle 18 &#8211; ci saranno uno sportello informativo e le petunie della solidarieta\u0300 a sostegno della sezione di Belluno.<\/p>\n<p>&nbsp;<\/p>\n<hr \/>\n<p>&nbsp;<\/p>\n<blockquote>\n<h3>L&#8217;INIZIATIVA DI ANTENNA ANZIANI NEL RICORDO DI BUZZATI<\/h3>\n<\/blockquote>\n<p><strong>BELLUNO<\/strong> Venerdi 13 maggio alle 10 nell&#8217;aula magna del seminario di Belluno (con mascherian ffp2) &#8220;Michael Noble e Dino Buzzati tra arte e follia&#8221;. In occasione del 50\u00b0 della morte di Dino Buzzati conferenza a cura di Giovanni Grazioli con la proiezione del documentario del 1961 &#8220;La ripetizione&#8221;: commento di Dino Buzzati letto da Arnoldo Fo\u00e0, realizzato da Giorgio Ponti<\/p>\n<p>&nbsp;<\/p>\n<hr \/>\n<p>&nbsp;<\/p>\n<blockquote>\n<h3>VITO NICOLA PARADISO E LA SUA CHITARRA A LONGARONE<\/h3>\n<\/blockquote>\n<p><strong>LONGARONE <\/strong>Il <span class=\"s1\">Comune di Longarone, l&#8217;Associazione culturale Longarone Musica &#8220;Giuseppe De Vecchi&#8221; diretta dal Maestro Gianfranco Volpato e l&#8217;Associazione Pro Loco di Longarone propongono\u00a0 due eventi musicali al Centro Culturale &#8220;F. Parri&#8221; di Longarone: sabato 14 maggio 2022 alle 18 Vito Nicola Paradiso, suo il best-seller didattico-metodo di base &#8220;La Chitarra Volante&#8221; alle 20.30 il chitarrista-compositore Vito Nicola Paradiso nel concerto &#8220;Chitarra, Amore e Fantasia!&#8221;<\/span><\/p>\n<p>&nbsp;<\/p>\n<hr \/>\n<p>&nbsp;<\/p>\n<blockquote>\n<h3>HOCUS LOTUS IMPARANDO ATTRAVERSO L&#8217;ATTIVITA&#8217; MIMICO-GESTUALE<\/h3>\n<p><em>Per entrare nel magico mondo della nuova lingua<\/em><\/p><\/blockquote>\n<p><strong>ALLEGHE<\/strong>\u00a0 Martedi 17 maggio dalle 18.15 alle 19 alla scuola media di Caprile play group per bimbi dai 2 ai 3 anni con le loro mamme. Con il programma per il bilinguismo infantile dell&#8217;Universit\u00e0 &#8220;La Sapienza&#8221;, informazioni ed iscrizioni da Claudia Soppelsa (340 1474780).<\/p>\n<p>&nbsp;<\/p>\n<hr \/>\n<p>&nbsp;<\/p>\n<blockquote>\n<h3>IL DOPOGUERRA (1919-1927) A SEDICO NEI DIARI DI MONS. FIORI (CON UN QUADRO POLITICO RICCO DI RIVOLGIMENTI E NOVIT\u00c0)<\/h3>\n<\/blockquote>\n<p><strong>di Renato Bona<\/strong><\/p>\n<p>L\u2019amico e collega Egidio Pasuch ha firmato il capitolo \u201cIl dopoguerra nei diari di mons. Luigi Fiori (1919-1927)\u201d parte importante del libro \u201cSedico e la sua chiesa\u201d edito (ottobre 1989, tipografia Piave di Belluno, copertina della pittrice Annamaria Lovatel Teasani) a cura della Parrocchia &#8211; col contributo della Cassa di Risparmio, del Comune, della Comunit\u00e0 montana bellunese, delle Parrocchie di Bribano e di Roe- in occasione del cinquantesimo della consacrazione dell\u2019arcipretale di Santa Maria Annunziata\u201d. Undici pagine con una serie di eventi, situazioni, persone e con una interessante descrizione del panorama socio-economico del primo dopoguerra senza trascurare, anzi, il quadro politico \u201cnon meno interessante, ricco di rivolgimenti e di novit\u00e0\u201d. Fra queste le prime elezioni politiche dopo la Grande guerra, fissate per il 16 novembre 1919 I socialisti \u201cgrazie anche ad un preciso gioco di preferenze riuscirono a far eleggere tre rappresentanti bellunesi (Santin, Basso e Vigne) contro i due soli della provincia di Udine\u201d. Pasuch scrive che i socialisti \u201cpescarono i loro consensi soprattutto tra gli operai e, prendendo a pretesto le difficolt\u00e0 della ricostruzione, organizzarono per la fine di novembre una grande manifestazione alla quale parteciparono tutti e tre i candidati socialisti ed una numerosa folla\u201d. Intanto a fianco del processo di sviluppo della cooperazione, vennero sviluppandosi anche le organizzazioni cattoliche che si preparavano per le amministrative del 1920. Proposto dal socialista Vigne, dal 23 al 27 luglio di quel 1920 venne proclamato lo sciopero generale che registr\u00f2 la massiccia partecipazione di operai e dipendenti statali ma soprattutto di disoccupati. E con i ferroviari trevigiani che si rifiutarono di trasportare a Belluno due treni speciali di carabinieri mobilitati in vista di eventuali disordini. Infatti. \u201cOvunque in provincia vi furono infiammati comizi e gli stessi cattolici sottolinearono l\u2019ammissibilit\u00e0 di tale forma di lotta\u201d. Non mancarono i tafferugli ed a Santa Giustina vi furono anche quattro morti. In autunno, alle amministrative, i socialisti conquistarono la Provincia ed i principali comuni del Bellunese; unici avversari erano i cattolici. Ma\u2026 I vincitori delle elezioni \u201cfecero subito sentire il nuovo orientamento che male fu accettato dalla gente\u201d. L\u2019insegnamento religioso, ad esempio, venne proibito nelle scuole dei comuni dove i socialisti avevano conquistato ma maggioranza assoluta e cos\u00ec nel partito cominciarono crisi interne\u2026 E i fascisti? Pasuch sostiene che \u201ccon tutta probabilit\u00e0 i primi vennero da fuori e non furono bene accolti. Il fascismo, fin dalle sue origini, attecch\u00ec soltanto in qualche zona del Cadore\u201d. Dopo questa \u201cintroduzione\u201d ecco passi del diario di monsignor Fiori dal 1919 al 1927, con appunti che in seguito si tradussero in periodiche pubblicazioni che dettero vita al Bollettino Parrocchiale. Una precisazione: il prezioso manoscritto \u00e8 contenuto in \u201cNote storiche parrocchia di Sedico dal 1919\u201d conservato nell\u2019archivio parrocchiale. E una premessa: \u201cIl 23 gennaio 1919; don Luigi Fiori, figlio di Tomaso e di De Lotto Giovanna, nato a San Vito di Cadore il 4 giugno 1883, ordinato sacerdote il 23 dicembre 1905\u2026 assume oggi la cura di questa Parrocchia in qualit\u00e0 di delegato vescovile \u2013 ricevendola dalle mani del M.R. Isidoro Discardi parroco di Alano di Piave profugo da quella Parrocchia in causa dell\u2019invasione austriaca e costituzione della linea di combattimento del Piave e del Grappa \u2013 e reggente interinale di questa Parrocchia\u201d. Ancora dal Diario di Fiori: \u201cDopo una serie lunga di pratiche piuttosto laboriose\u2026 viene istituita una Cooperativa popolare di consumo con indirizzo cristiano , vincendo non pochi tentativi avversari, che la volevano neutra ed indipendente dalle organizzazioni cattoliche\u201d. Iniziano i lavori di restauro della parrocchiale. A luglio restauri nelle chiese di Bribano, Landris, Longano e in quella quasi cadente di San Pietro in Corona&#8230; Ottobre: viene istituita in Parrocchia la sezione delle madri e vedove di guerra \u201callo scopo di suffragare i caduti, di aiutare i bisognosi e di curare il bene degli orfani di guerra\u201d. Novembre: elezioni politiche: maggioranza dei voti ai socialisti, secondi i \u201cPiertriboniani\u201d e terzi i Popolari. 1920: il 6 gennaio, dopo il canto dei Vespri, don Luigi Fiori eletto arciprete di Sedico con Bolla papale assume l\u2019investitura della Parrocchia dalle mani di mons. vicario generale don Rizzardini Pietro\u201d. 10 febbraio: arrivo del vescovo mons. Giosu\u00e8 Cattarossi ed apertura della visita pastorale. Il 12 il presule cresima 330 fra fanciulli e fanciulle dei quali 303 della Parrocchia di Sedico. 23 giugno: sciopero generale in provincia motivato dalla grande disoccupazione operaia, dal mancato pagamento da parte del ministero delle Terre liberate dei lavori fatti e della tardiva liquidazione dei danni di guerra. \u201cAnche in questa parrocchia tutti scioperano meno i contadini. Si tengono comizi pubblici contro il divieto del Prefetto. Oratori socialisti parlano agli operai contro il governo, contro la guerra, contro i ricchi e non manca qualche spunto contro la chiesa ed il clero\u201d. E annota ancora: \u201cE\u2019 proibita la circolazione delle automobili, degli autocarri, delle motociclette e delle biciclette. Circolano per\u00f2 quelli dei socialisti. Un triste spettacolo: operai in massa &#8211; compresi anche quelli cattolici ed ascritti ad associazioni Cattoliche &#8211; si schierano, forzati dalla guardia rossa, dietro la bandiera rossa. Per le strade passano anche cortei al canto di \u2018Bandiera rossa\u2019. E\u2019 organizzata la guardia rossa che ispeziona negozi e laboratori perch\u00e9 nessuno lavori\u201d. Il 24 giugno: Lo sciopero continua, gli animi sono eccitati. La bandiera rossa \u00e8 issata sul municipio. Altri comizi\u201d. Per il 25 dello stesso mese mons. Fiori rammenta che: \u201cAlla una di notte si fa brillare un tubo di gelatina su il davanzale di una finestra del sig. Augusto Pasa. Nessuna vittima, pochi danni. Resta l\u2019impressione sinistra nel paese. Si odono scoppi di esplosivi su la linea ferroviaria. Comizi e dimostrazioni anche oggi. La bandiera rossa \u00e8 tolta dal Municipio per ordine del Prefetto\u201d. Passa poi al drammatico giorno 26: \u201cAlla mattina grande fermento. Con violenza si vuol suonare la campana della Parrocchia. Una lunga colonna di dimostranti si dirige a Santa Giustina &#8211; armati di bastone &#8211; per una dimostrazione contro le organizzazioni cattoliche di quella Parrocchia. Poco dopo il mezzogiorno si ode lo sparo della mitragliatrice. Giunge la notizia che a S. Giustina la forza pubblica spara contro i dimostranti di Sedico e Sospirolo e S. Giustina. Alla sera si appurano i seguenti fatti: i dimostranti disarmarono i Carabinieri e disarmarono i sopravvenuti rinforzi di truppa; altri rinforzi minacciati ancora apersero il fuoco contro i dimostranti. Fu uno sgomento generale ed un fuggi fuggi per la campagna. Dei dimostranti di Sedico molti il Cordevole, pochi ritornano per la strada. Quaranta restano feriti e sessanta vengono arrestati, fra i quali alcuni della Parrocchia. Quattro restano morti, dei quali due della Parrocchia: Triches Domenico di Longano e Fiabane Francesco di Landris. In paese l\u2019impressione \u00e8 profonda. I dimostranti giungono alla spicciolata, spaventati\u201d. Seguono, fra l\u2019altro, aggiornamenti sui lavori nelle chiese, l\u2019inaugurazione delle nuove campane al posto di quelle trafugate dagli austriaci, la visita del vescovo Giosu\u00e8 Cattarossi e, per il 28 ottobre, il racconto in terza persona di Fiori: \u201cDi sera lo scrivente mentre ritornava da Bribano in motocicletta, all\u2019altezza di Mezzaterra fu investito da un\u2019automobile. Raccolto a trasportato all\u2019ospedale di Belluno gli furono riscontrate fratture multiple ed esposte alla gamba destra e rimase nell\u2019ospedale\u2026 una gravissima infezione ritard\u00f2 la guarigione\u2026 Dopo una degenza di ben 5 mesi e mezzo fu trasportato in Parrocchia. Verso gli ultimi di maggio incominci\u00f2 a celebrare la S. Messa in canonica ed il giorno del Corpus Domini fece la prima comparsa nella chiesa parrocchiale per assistere nel banco alla funzione delle 10\u201d.<\/p>\n\n\t\t\t<style type='text\/css'>\n\t\t\t\t#gallery-4 {\n\t\t\t\t\tmargin: auto;\n\t\t\t\t}\n\t\t\t\t#gallery-4 .gallery-item {\n\t\t\t\t\tfloat: left;\n\t\t\t\t\tmargin-top: 10px;\n\t\t\t\t\ttext-align: center;\n\t\t\t\t\twidth: 25%;\n\t\t\t\t}\n\t\t\t\t#gallery-4 img {\n\t\t\t\t\tborder: 2px solid #cfcfcf;\n\t\t\t\t}\n\t\t\t\t#gallery-4 .gallery-caption {\n\t\t\t\t\tmargin-left: 0;\n\t\t\t\t}\n\t\t\t\t\/* see gallery_shortcode() in wp-includes\/media.php *\/\n\t\t\t<\/style>\n\t\t<div id='gallery-4' class='dt-gallery-container gallery galleryid-273896 gallery-columns-4 gallery-size-thumbnail'><dl class='gallery-item'>\n\t\t\t\t<dt class='gallery-icon portrait'>\n\t\t\t\t\t<a class=\"rollover rollover-zoom dt-pswp-item\" title=\"e39eecb1-e1df-4f2a-94d2-4047753715b6\" data-dt-img-description=\"\" data-large_image_width=\"180\" data-large_image_height=\"205\"href='https:\/\/www.radiopiu.net\/wordpress\/wp-content\/uploads\/2022\/05\/e39eecb1-e1df-4f2a-94d2-4047753715b6.jpg'><img loading=\"lazy\" decoding=\"async\" width=\"150\" height=\"150\" src=\"https:\/\/www.radiopiu.net\/wordpress\/wp-content\/uploads\/2022\/05\/e39eecb1-e1df-4f2a-94d2-4047753715b6-150x150.jpg\" class=\"attachment-thumbnail size-thumbnail\" alt=\"\" \/><\/a>\n\t\t\t\t<\/dt><\/dl><dl class='gallery-item'>\n\t\t\t\t<dt class='gallery-icon portrait'>\n\t\t\t\t\t<a class=\"rollover rollover-zoom dt-pswp-item\" title=\"9e35aacb-ce39-40ef-84f8-2e0485335c7a\" data-dt-img-description=\"\" data-large_image_width=\"153\" data-large_image_height=\"206\"href='https:\/\/www.radiopiu.net\/wordpress\/wp-content\/uploads\/2022\/05\/9e35aacb-ce39-40ef-84f8-2e0485335c7a.jpg'><img loading=\"lazy\" decoding=\"async\" width=\"150\" height=\"150\" src=\"https:\/\/www.radiopiu.net\/wordpress\/wp-content\/uploads\/2022\/05\/9e35aacb-ce39-40ef-84f8-2e0485335c7a-150x150.jpg\" class=\"attachment-thumbnail size-thumbnail\" alt=\"\" \/><\/a>\n\t\t\t\t<\/dt><\/dl><dl class='gallery-item'>\n\t\t\t\t<dt class='gallery-icon portrait'>\n\t\t\t\t\t<a class=\"rollover rollover-zoom dt-pswp-item\" title=\"16d3ea8e-2fec-4a78-a6bc-2f2383b14782\" data-dt-img-description=\"\" data-large_image_width=\"168\" data-large_image_height=\"206\"href='https:\/\/www.radiopiu.net\/wordpress\/wp-content\/uploads\/2022\/05\/16d3ea8e-2fec-4a78-a6bc-2f2383b14782.jpg'><img loading=\"lazy\" decoding=\"async\" width=\"150\" height=\"150\" src=\"https:\/\/www.radiopiu.net\/wordpress\/wp-content\/uploads\/2022\/05\/16d3ea8e-2fec-4a78-a6bc-2f2383b14782-150x150.jpg\" class=\"attachment-thumbnail size-thumbnail\" alt=\"\" \/><\/a>\n\t\t\t\t<\/dt><\/dl><dl class='gallery-item'>\n\t\t\t\t<dt class='gallery-icon portrait'>\n\t\t\t\t\t<a class=\"rollover rollover-zoom dt-pswp-item\" title=\"c5387ffb-e06a-4436-b5e1-9f58dd30b147\" data-dt-img-description=\"\" data-large_image_width=\"158\" data-large_image_height=\"240\"href='https:\/\/www.radiopiu.net\/wordpress\/wp-content\/uploads\/2022\/05\/c5387ffb-e06a-4436-b5e1-9f58dd30b147.jpg'><img loading=\"lazy\" decoding=\"async\" width=\"150\" height=\"150\" src=\"https:\/\/www.radiopiu.net\/wordpress\/wp-content\/uploads\/2022\/05\/c5387ffb-e06a-4436-b5e1-9f58dd30b147-150x150.jpg\" class=\"attachment-thumbnail size-thumbnail\" alt=\"\" \/><\/a>\n\t\t\t\t<\/dt><\/dl><br style=\"clear: both\" \/><dl class='gallery-item'>\n\t\t\t\t<dt class='gallery-icon landscape'>\n\t\t\t\t\t<a class=\"rollover rollover-zoom dt-pswp-item\" title=\"4369f809-91d2-41f3-8636-2249e79a78cb\" data-dt-img-description=\"\" data-large_image_width=\"319\" data-large_image_height=\"206\"href='https:\/\/www.radiopiu.net\/wordpress\/wp-content\/uploads\/2022\/05\/4369f809-91d2-41f3-8636-2249e79a78cb.jpg'><img loading=\"lazy\" decoding=\"async\" width=\"150\" height=\"150\" src=\"https:\/\/www.radiopiu.net\/wordpress\/wp-content\/uploads\/2022\/05\/4369f809-91d2-41f3-8636-2249e79a78cb-150x150.jpg\" class=\"attachment-thumbnail size-thumbnail\" alt=\"\" \/><\/a>\n\t\t\t\t<\/dt><\/dl><dl class='gallery-item'>\n\t\t\t\t<dt class='gallery-icon landscape'>\n\t\t\t\t\t<a class=\"rollover rollover-zoom dt-pswp-item\" title=\"2b064236-84f0-4240-8db3-1d542cc743a1\" data-dt-img-description=\"\" data-large_image_width=\"350\" data-large_image_height=\"204\"href='https:\/\/www.radiopiu.net\/wordpress\/wp-content\/uploads\/2022\/05\/2b064236-84f0-4240-8db3-1d542cc743a1.jpg'><img loading=\"lazy\" decoding=\"async\" width=\"150\" height=\"150\" src=\"https:\/\/www.radiopiu.net\/wordpress\/wp-content\/uploads\/2022\/05\/2b064236-84f0-4240-8db3-1d542cc743a1-150x150.jpg\" class=\"attachment-thumbnail size-thumbnail\" alt=\"\" \/><\/a>\n\t\t\t\t<\/dt><\/dl><dl class='gallery-item'>\n\t\t\t\t<dt class='gallery-icon portrait'>\n\t\t\t\t\t<a class=\"rollover rollover-zoom dt-pswp-item\" title=\"d23519fb-13fd-483b-84a9-a0b453dc9b54\" data-dt-img-description=\"\" data-large_image_width=\"152\" data-large_image_height=\"225\"href='https:\/\/www.radiopiu.net\/wordpress\/wp-content\/uploads\/2022\/05\/d23519fb-13fd-483b-84a9-a0b453dc9b54.jpg'><img loading=\"lazy\" decoding=\"async\" width=\"150\" height=\"150\" src=\"https:\/\/www.radiopiu.net\/wordpress\/wp-content\/uploads\/2022\/05\/d23519fb-13fd-483b-84a9-a0b453dc9b54-150x150.jpg\" class=\"attachment-thumbnail size-thumbnail\" alt=\"\" \/><\/a>\n\t\t\t\t<\/dt><\/dl>\n\t\t\t\t<br style='clear: both' \/>\n\t\t\t<\/div>\n\n<p>&nbsp;<\/p>\n<p>NELLE FOTO (riproduzioni dal libro\u201dSedico e la sua chiesa\u201d e sito Facebook): la copertina del volume edito per il 50. di consacrazione dell\u2019arcipretale; Egidio Pasuch, autore del capitolo \u201cIl dopoguerra nei diari di mons. Luigi Fiori (1919-1927)\u201d; immagine di monsignor Luigi Fiori arciprete a Sedico dal 1919 al 1954; un tratto della ferrovia che un tempo univa Bribano ad Agordo; anno 1929: foto di gruppo della Societ\u00e0 operaia cattolica di mutuo soccorso, In prima fila, seduto, a destra: mons. Luigi Fiori, sullo sfondo la bandiera; la chiesetta di San Pietro in Corona, ritenuta la pi\u00f9 antica della zona e prima parrocchiale di Sedico, dove, riparati dal portico, i viandanti vi sostavano prima di continuare il cammino verso l\u2019Agordino; riproduzione dell\u2019invito &#8211; con vecchia immagine della parrocchiale &#8211; spedito ai parrocchiani di Sedico per ottenere la collaborazione in vista di una pesca di beneficenza.<\/p>\n<p>&nbsp;<\/p>\n<p>&nbsp;<\/p>\n<hr \/>\n<p>&nbsp;<\/p>\n<h2><span style=\"color: #ff0000;\">IERI ALLA RADIO<\/span><\/h2>\n<blockquote>\n<h3>DOMENICA 15 MAGGIO LA SFILATA CON INTIMO E MODA DA LAURA<\/h3>\n<\/blockquote>\n<p><strong><img loading=\"lazy\" decoding=\"async\" class=\"alignleft\" src=\"https:\/\/www.radiopiu.net\/wordpress\/wp-content\/uploads\/2022\/05\/84757475_805590789913409_4502294202125647872_n-300x300.jpg\" width=\"146\" height=\"146\" \/>AGORDO\u00a0<\/strong> Ritornano gli eventi in presenza sul Broi di Agordo, il primo per aprire la nuova stagione \u00e8 una sfilata di moda con Intimo e moda da Laura, il negozio ad Agordo.<br \/>\nl&#8217;intervista a Laura Fontana<\/p>\n<p><strong>di\u00a0 Claudio Fontanive<\/strong><\/p>\n<audio class=\"wp-audio-shortcode\" id=\"audio-273896-6\" preload=\"none\" style=\"width: 100%;\" controls=\"controls\"><source type=\"audio\/mpeg\" src=\"https:\/\/www.radiopiu.net\/wordpress\/wp-content\/uploads\/2022\/05\/laura-fontana-sfilata-5-maggio.mp3?_=6\" \/><a href=\"https:\/\/www.radiopiu.net\/wordpress\/wp-content\/uploads\/2022\/05\/laura-fontana-sfilata-5-maggio.mp3\">https:\/\/www.radiopiu.net\/wordpress\/wp-content\/uploads\/2022\/05\/laura-fontana-sfilata-5-maggio.mp3<\/a><\/audio>\n<p>&nbsp;<\/p>\n<p>&nbsp;<\/p>\n<hr \/>\n<p>&nbsp;<\/p>\n<h2><span style=\"color: #ff0000;\">IERI ALLA RADIO<\/span><\/h2>\n<blockquote>\n<h3>SPECIALE SPI CGIL CON MARIA RITA GENTILIN<\/h3>\n<\/blockquote>\n<p><a class=\"dt-pswp-item\" href=\"https:\/\/www.radiopiu.net\/wordpress\/wp-content\/uploads\/2019\/02\/Logo_Spi-CGIL-800x445.jpg\" data-dt-img-description=\"\" data-large_image_width=\"800\" data-large_image_height=\"445\"><img loading=\"lazy\" decoding=\"async\" class=\" wp-image-75538 alignleft\" src=\"https:\/\/www.radiopiu.net\/wordpress\/wp-content\/uploads\/2019\/02\/Logo_Spi-CGIL-800x445-300x167.jpg\" alt=\"\" width=\"208\" height=\"116\" srcset=\"https:\/\/www.radiopiu.net\/wordpress\/wp-content\/uploads\/2019\/02\/Logo_Spi-CGIL-800x445-300x167.jpg 300w, https:\/\/www.radiopiu.net\/wordpress\/wp-content\/uploads\/2019\/02\/Logo_Spi-CGIL-800x445-768x427.jpg 768w, https:\/\/www.radiopiu.net\/wordpress\/wp-content\/uploads\/2019\/02\/Logo_Spi-CGIL-800x445.jpg 800w\" sizes=\"auto, (max-width: 208px) 100vw, 208px\" \/><\/a>di Claudio Fontanive<\/p>\n<p>&nbsp;<\/p>\n<p>&nbsp;<\/p>\n<p>&nbsp;<\/p>\n<p><strong>PUNTATA DEL 05 MAGGIO 2022<\/strong><\/p>\n<audio class=\"wp-audio-shortcode\" id=\"audio-273896-7\" preload=\"none\" style=\"width: 100%;\" controls=\"controls\"><source type=\"audio\/mpeg\" src=\"https:\/\/www.radiopiu.net\/wordpress\/wp-content\/uploads\/2022\/05\/spi-cgil-5-maggio.mp3?_=7\" \/><a href=\"https:\/\/www.radiopiu.net\/wordpress\/wp-content\/uploads\/2022\/05\/spi-cgil-5-maggio.mp3\">https:\/\/www.radiopiu.net\/wordpress\/wp-content\/uploads\/2022\/05\/spi-cgil-5-maggio.mp3<\/a><\/audio>\n<p>&nbsp;<\/p>\n<p>&nbsp;<\/p>\n<hr \/>\n<p>&nbsp;<\/p>\n<h2><span style=\"color: #008080;\">GIROVAGANDO IN E-BIKE 2022<\/span><\/h2>\n<p><strong><a class=\"dt-pswp-item\" href=\"https:\/\/www.radiopiu.net\/wordpress\/wp-content\/uploads\/2022\/05\/279770630_3193788347565051_5309138084520171812_n.jpg\" data-dt-img-description=\"\" data-large_image_width=\"1600\" data-large_image_height=\"1200\"><img loading=\"lazy\" decoding=\"async\" class=\"size-thumbnail wp-image-273770 alignleft\" src=\"https:\/\/www.radiopiu.net\/wordpress\/wp-content\/uploads\/2022\/05\/279770630_3193788347565051_5309138084520171812_n-150x150.jpg\" alt=\"\" width=\"150\" height=\"150\" \/><\/a>REDAZIONE<\/strong> Tornano gli amici di Girovagando in E-Bike delle Dolomiti. Con la collaborazione di Thomas Soppelsa<\/p>\n<p><strong>PUNTATA 03 DEL 05 MAGGIO 2022<\/strong><\/p>\n<audio class=\"wp-audio-shortcode\" id=\"audio-273896-8\" preload=\"none\" style=\"width: 100%;\" controls=\"controls\"><source type=\"audio\/mpeg\" src=\"https:\/\/www.radiopiu.net\/wordpress\/wp-content\/uploads\/2022\/05\/gdb900.mp3?_=8\" \/><a href=\"https:\/\/www.radiopiu.net\/wordpress\/wp-content\/uploads\/2022\/05\/gdb900.mp3\">https:\/\/www.radiopiu.net\/wordpress\/wp-content\/uploads\/2022\/05\/gdb900.mp3<\/a><\/audio>\n<p>&nbsp;<\/p>\n<p><strong>LA RACCOLTA<\/strong><\/p>\n<blockquote class=\"wp-embedded-content\" data-secret=\"HH16yDTm3v\"><p><a href=\"https:\/\/www.radiopiu.net\/wordpress\/girovagando-in-e-bike-tra-le-dolomiti\/\">GIROVAGANDO IN E BIKE TRA LE DOLOMITI<\/a><\/p><\/blockquote>\n<p><iframe loading=\"lazy\" class=\"wp-embedded-content\" sandbox=\"allow-scripts\" security=\"restricted\" style=\"position: absolute; clip: rect(1px, 1px, 1px, 1px);\" title=\"&#8220;GIROVAGANDO IN E BIKE TRA LE DOLOMITI&#8221; &#8212; Radio Pi\u00f9\" src=\"https:\/\/www.radiopiu.net\/wordpress\/girovagando-in-e-bike-tra-le-dolomiti\/embed\/#?secret=1TCp8wNC12#?secret=HH16yDTm3v\" data-secret=\"HH16yDTm3v\" width=\"600\" height=\"338\" frameborder=\"0\" marginwidth=\"0\" marginheight=\"0\" scrolling=\"no\"><\/iframe><\/p>\n<p>&nbsp;<\/p>\n<hr \/>\n<p>&nbsp;<\/p>\n<h3><a class=\"dt-pswp-item\" href=\"https:\/\/www.radiopiu.net\/wordpress\/wp-content\/uploads\/2022\/05\/WhatsApp-Image-2022-04-27-at-18.34.32.jpeg\" data-dt-img-description=\"\" data-large_image_width=\"900\" data-large_image_height=\"500\"><img loading=\"lazy\" decoding=\"async\" class=\" wp-image-273794 alignleft\" src=\"https:\/\/www.radiopiu.net\/wordpress\/wp-content\/uploads\/2022\/05\/WhatsApp-Image-2022-04-27-at-18.34.32-150x150.jpeg\" alt=\"\" width=\"150\" height=\"150\" \/><\/a>CONOSCIAMO I NOSTRI GIOVANI E I LORO IMPEGNI NEL MONDO, CON IL MUSLA<\/h3>\n<p>BEATRICE COLCUC DI COLLE SANTA LUCIA<\/p>\n<p><strong>intervista di Davide Condera\u00a0<\/strong><\/p>\n<audio class=\"wp-audio-shortcode\" id=\"audio-273896-9\" preload=\"none\" style=\"width: 100%;\" controls=\"controls\"><source type=\"audio\/mpeg\" src=\"https:\/\/www.radiopiu.net\/wordpress\/wp-content\/uploads\/2022\/05\/MUSLA-1-BETRICE.mp3?_=9\" \/><a href=\"https:\/\/www.radiopiu.net\/wordpress\/wp-content\/uploads\/2022\/05\/MUSLA-1-BETRICE.mp3\">https:\/\/www.radiopiu.net\/wordpress\/wp-content\/uploads\/2022\/05\/MUSLA-1-BETRICE.mp3<\/a><\/audio>\n<p>&nbsp;<\/p>\n<p><strong>LA RACCOLTA COMPLETA<\/strong><\/p>\n<blockquote class=\"wp-embedded-content\" data-secret=\"4JqZqRUs4c\"><p><a href=\"https:\/\/www.radiopiu.net\/wordpress\/agora-agordina-la-nosta-piaza\/\">AGORA&#8217; AGORDINA&#8230; LA NOSTA PIAZA LADINA RACCOLTA COMPLETA PRIMA STAGIONE<\/a><\/p><\/blockquote>\n<p><iframe loading=\"lazy\" class=\"wp-embedded-content\" sandbox=\"allow-scripts\" security=\"restricted\" style=\"position: absolute; clip: rect(1px, 1px, 1px, 1px);\" title=\"&#8220;AGORA&#8217; AGORDINA&#8230; LA NOSTA PIAZA LADINA RACCOLTA COMPLETA PRIMA STAGIONE&#8221; &#8212; Radio Pi\u00f9\" src=\"https:\/\/www.radiopiu.net\/wordpress\/agora-agordina-la-nosta-piaza\/embed\/#?secret=mXWO3RuhrK#?secret=4JqZqRUs4c\" data-secret=\"4JqZqRUs4c\" width=\"600\" height=\"338\" frameborder=\"0\" marginwidth=\"0\" marginheight=\"0\" scrolling=\"no\"><\/iframe><\/p>\n<p>&nbsp;<\/p>\n<p>&nbsp;<\/p>\n<hr \/>\n<p>&nbsp;<\/p>\n<blockquote>\n<h3><img loading=\"lazy\" decoding=\"async\" class=\"alignleft\" src=\"https:\/\/www.radiopiu.net\/wordpress\/wp-content\/uploads\/2020\/09\/bambini-a-scuola-durante-il-concetto-covid_23-2148667147.jpg\" width=\"144\" height=\"96\" \/>007 IN CONDOTTA CON LA PROF. MARIA ROSA SALMAZO<\/h3>\n<\/blockquote>\n<p>&nbsp;<\/p>\n<p>&nbsp;<\/p>\n<p>PUNTATA 2 MAGGIO 2022<\/p>\n<audio class=\"wp-audio-shortcode\" id=\"audio-273896-10\" preload=\"none\" style=\"width: 100%;\" controls=\"controls\"><source type=\"audio\/mpeg\" src=\"https:\/\/www.radiopiu.net\/wordpress\/wp-content\/uploads\/2022\/05\/007-2-maggio.mp3?_=10\" \/><a href=\"https:\/\/www.radiopiu.net\/wordpress\/wp-content\/uploads\/2022\/05\/007-2-maggio.mp3\">https:\/\/www.radiopiu.net\/wordpress\/wp-content\/uploads\/2022\/05\/007-2-maggio.mp3<\/a><\/audio>\n<h3 class=\"kvgmc6g5 cxmmr5t8 oygrvhab hcukyx3x c1et5uql\"><span style=\"color: #0000ff;\"><strong>\u00a0<\/strong><\/span><\/h3>\n<h3 class=\"kvgmc6g5 cxmmr5t8 oygrvhab hcukyx3x c1et5uql\"><span style=\"color: #0000ff;\"><strong>INFORMAZIONE il canale su TELEGRAM informazione di prima mano e in tempo reale. iscriviti ed aiutaci a farlo conoscere\u00a0 \u00a0<\/strong><\/span><\/h3>\n<p><strong>LA RACCOLTA COMPLETA\u00a0<\/strong><\/p>\n<blockquote class=\"wp-embedded-content\" data-secret=\"p7ozv8lacF\"><p><a href=\"https:\/\/www.radiopiu.net\/wordpress\/007incondotta-9\/\">007 in condotta<\/a><\/p><\/blockquote>\n<p><iframe loading=\"lazy\" class=\"wp-embedded-content\" sandbox=\"allow-scripts\" security=\"restricted\" style=\"position: absolute; clip: rect(1px, 1px, 1px, 1px);\" title=\"&#8220;007 in condotta&#8221; &#8212; Radio Pi\u00f9\" src=\"https:\/\/www.radiopiu.net\/wordpress\/007incondotta-9\/embed\/#?secret=kzlEsBLtBg#?secret=p7ozv8lacF\" data-secret=\"p7ozv8lacF\" width=\"600\" height=\"338\" frameborder=\"0\" marginwidth=\"0\" marginheight=\"0\" scrolling=\"no\"><\/iframe><\/p>\n<p>&nbsp;<\/p>\n<p>&nbsp;<\/p>\n<hr \/>\n<p>&nbsp;<\/p>\n<h2><span style=\"color: #800080;\">STORIE A QUATTROCCHI\u00a0<\/span><\/h2>\n<p><span style=\"color: #ff0000;\"><strong>TERZA PUNTATA 03 MAGGIO 2022\u00a0<\/strong><\/span><\/p>\n<audio class=\"wp-audio-shortcode\" id=\"audio-273896-11\" preload=\"none\" style=\"width: 100%;\" controls=\"controls\"><source type=\"audio\/mpeg\" src=\"https:\/\/www.radiopiu.net\/wordpress\/wp-content\/uploads\/2022\/05\/QOCCHI3.mp3?_=11\" \/><a href=\"https:\/\/www.radiopiu.net\/wordpress\/wp-content\/uploads\/2022\/05\/QOCCHI3.mp3\">https:\/\/www.radiopiu.net\/wordpress\/wp-content\/uploads\/2022\/05\/QOCCHI3.mp3<\/a><\/audio>\n<p>&nbsp;<\/p>\n<p><strong>LA RACCOLTA COMPLETA<\/strong><\/p>\n<blockquote class=\"wp-embedded-content\" data-secret=\"ckVC2UCbsC\"><p><a href=\"https:\/\/www.radiopiu.net\/wordpress\/storie-a-quattrocchi\/\">Storie a quattrocchi<\/a><\/p><\/blockquote>\n<p><iframe loading=\"lazy\" class=\"wp-embedded-content\" sandbox=\"allow-scripts\" security=\"restricted\" style=\"position: absolute; clip: rect(1px, 1px, 1px, 1px);\" title=\"&#8220;Storie a quattrocchi&#8221; &#8212; Radio Pi\u00f9\" src=\"https:\/\/www.radiopiu.net\/wordpress\/storie-a-quattrocchi\/embed\/#?secret=mfGZsh1qwy#?secret=ckVC2UCbsC\" data-secret=\"ckVC2UCbsC\" width=\"600\" height=\"338\" frameborder=\"0\" marginwidth=\"0\" marginheight=\"0\" scrolling=\"no\"><\/iframe><\/p>\n<p>&nbsp;<\/p>\n<hr \/>\n<p>&nbsp;<\/p>\n<h2><span style=\"color: #008080;\">&#8220;DINTORN E FORA VIA&#8221; A CURA DEL MUSLA, IL NUOVO PROGRAMMA\u00a0<\/span><\/h2>\n<p><strong>PUNTATA 03 MAGGIO 2022 con ERIK MARCON<\/strong><\/p>\n<audio class=\"wp-audio-shortcode\" id=\"audio-273896-12\" preload=\"none\" style=\"width: 100%;\" controls=\"controls\"><source type=\"audio\/mpeg\" src=\"https:\/\/www.radiopiu.net\/wordpress\/wp-content\/uploads\/2022\/05\/MUSLA-1.mp3?_=12\" \/><a href=\"https:\/\/www.radiopiu.net\/wordpress\/wp-content\/uploads\/2022\/05\/MUSLA-1.mp3\">https:\/\/www.radiopiu.net\/wordpress\/wp-content\/uploads\/2022\/05\/MUSLA-1.mp3<\/a><\/audio>\n<p>&nbsp;<\/p>\n<p><strong>LA RACCOLTA COMPLETA<\/strong><\/p>\n<blockquote class=\"wp-embedded-content\" data-secret=\"q0b5Uo3LPR\"><p><a href=\"https:\/\/www.radiopiu.net\/wordpress\/musla\/\">MUSLA<\/a><\/p><\/blockquote>\n<p><iframe loading=\"lazy\" class=\"wp-embedded-content\" sandbox=\"allow-scripts\" security=\"restricted\" style=\"position: absolute; clip: rect(1px, 1px, 1px, 1px);\" title=\"&#8220;MUSLA&#8221; &#8212; Radio Pi\u00f9\" src=\"https:\/\/www.radiopiu.net\/wordpress\/musla\/embed\/#?secret=Q00qqnA26O#?secret=q0b5Uo3LPR\" data-secret=\"q0b5Uo3LPR\" width=\"600\" height=\"338\" frameborder=\"0\" marginwidth=\"0\" marginheight=\"0\" scrolling=\"no\"><\/iframe><\/p>\n<p>&nbsp;<\/p>\n<hr \/>\n<p>&nbsp;<\/p>\n<blockquote>\n<h3>I SEI &#8220;VOGLIAMO&#8221; DI GIOVANNI PAOLO I, CON LE CARTE D&#8217;ARCHIVIO<\/h3>\n<\/blockquote>\n<p><strong><a class=\"dt-pswp-item\" href=\"https:\/\/www.radiopiu.net\/wordpress\/wp-content\/uploads\/2022\/05\/sss.jpg\" data-dt-img-description=\"\" data-large_image_width=\"623\" data-large_image_height=\"181\"><img loading=\"lazy\" decoding=\"async\" class=\"alignleft wp-image-273673 \" src=\"https:\/\/www.radiopiu.net\/wordpress\/wp-content\/uploads\/2022\/05\/sss-300x87.jpg\" alt=\"\" width=\"286\" height=\"83\" srcset=\"https:\/\/www.radiopiu.net\/wordpress\/wp-content\/uploads\/2022\/05\/sss-300x87.jpg 300w, https:\/\/www.radiopiu.net\/wordpress\/wp-content\/uploads\/2022\/05\/sss-350x100.jpg 350w, https:\/\/www.radiopiu.net\/wordpress\/wp-content\/uploads\/2022\/05\/sss.jpg 623w\" sizes=\"auto, (max-width: 286px) 100vw, 286px\" \/><\/a>ROMA<\/strong><span id=\"page110R_mcid8\" class=\"markedContent\"><span dir=\"ltr\" role=\"presentation\"> In vista della beatificazione di Papa Albino Luciani (4 <\/span><span dir=\"ltr\" role=\"presentation\">settembre in San Pietro), la Fondazione Vaticana Giovanni Paolo I promuove <\/span><span dir=\"ltr\" role=\"presentation\">una Giornata di Studi interamente dedicata al suo Magistero dal titolo:<\/span> <span dir=\"ltr\" role=\"presentation\">&#8220;<\/span><span dir=\"ltr\" role=\"presentation\">I sei <\/span><span dir=\"ltr\" role=\"presentation\">\u00abvogliamo\u00bb. Il Magistero di Giovanni Paolo I alla luce delle carte d&#8217;<\/span><span dir=\"ltr\" role=\"presentation\">archivio\u201d. <\/span><\/span><span id=\"page110R_mcid9\" class=\"markedContent\"><span dir=\"ltr\" role=\"presentation\">L\u2019evento<\/span> <span dir=\"ltr\" role=\"presentation\">si<\/span> <span dir=\"ltr\" role=\"presentation\">svolger\u00e0<\/span> <span dir=\"ltr\" role=\"presentation\">in<\/span> <span dir=\"ltr\" role=\"presentation\">collaborazione<\/span> <span dir=\"ltr\" role=\"presentation\">con<\/span> <span dir=\"ltr\" role=\"presentation\">il<\/span> <span dir=\"ltr\" role=\"presentation\">Dipartimento<\/span> <span dir=\"ltr\" role=\"presentation\">di<\/span> <span dir=\"ltr\" role=\"presentation\">Teologia <\/span><span dir=\"ltr\" role=\"presentation\">dogmatica della Pontificia Universit\u00e0 Gregoriana, venerd\u00ec 13 maggio dalle\u00a0 <\/span><span dir=\"ltr\" role=\"presentation\">9 alle 19, nell&#8217;<\/span><span dir=\"ltr\" role=\"presentation\">Aula Magna della Pontificia Universit\u00e0 Gregoriana a Roma.\u00a0 <\/span><\/span><span id=\"page110R_mcid10\" class=\"markedContent\"><span dir=\"ltr\" role=\"presentation\">Alla luce della documentazione dell\u2019Archivio Privato Albino Luciani \u2013 oggi <\/span><span dir=\"ltr\" role=\"presentation\">patrimonio della Fondazione e costituito dall&#8217;<\/span><span dir=\"ltr\" role=\"presentation\">insieme del materiale documentale <\/span><span dir=\"ltr\" role=\"presentation\">dal 1929 fino al 27 settembre 1978 \u2013 il Convegno intende percorrere e <\/span><span dir=\"ltr\" role=\"presentation\">approfondire le linee maestre del Magistero di Giovanni Paolo I, a partire dai <\/span><span dir=\"ltr\" role=\"presentation\">sei \u00abvogliamo\u00bb del messaggio<\/span> <span dir=\"ltr\" role=\"presentation\">Urbi et orbi<\/span> <span dir=\"ltr\" role=\"presentation\">pronunciato da papa Luciani <\/span><span dir=\"ltr\" role=\"presentation\">l\u2019indomani della sua elezione, il 27 agosto 1978, e declinati in programma di <\/span><span dir=\"ltr\" role=\"presentation\">pontificato. <\/span><\/span><span id=\"page110R_mcid11\" class=\"markedContent\"><span dir=\"ltr\" role=\"presentation\">Il Comitato Scientifico della Fondazione, attraverso un attento lavoro filologico <\/span><span dir=\"ltr\" role=\"presentation\">compiuto anche sui manoscritti inediti, ha licenziato la pubblicazione della <\/span><span dir=\"ltr\" role=\"presentation\">prima edizione critica dei testi e degli interventi scritti e pronunciati da Giovanni Paolo I.<\/span><\/span><\/p>\n<p>&nbsp;<\/p>\n<blockquote><p><span id=\"page1R_mcid22\" class=\"markedContent\"><em><span dir=\"ltr\" role=\"presentation\">&#8220;\u00c8 il primo convegno di studi su Giovanni Paolo I che si svolge sulla base delle <\/span><span dir=\"ltr\" role=\"presentation\">carte d\u2019archivio ed \u00e8 interamente dedicato al suo Magistero. Un Magistero che <\/span><span dir=\"ltr\" role=\"presentation\">induce a riflettere sulla stringente attualit\u00e0 del suo messaggio\u00bb afferma il <\/span><span dir=\"ltr\" role=\"presentation\">Segretario<\/span> <span dir=\"ltr\" role=\"presentation\">di<\/span> <span dir=\"ltr\" role=\"presentation\">Stato<\/span> <span dir=\"ltr\" role=\"presentation\">Vaticano<\/span> <span dir=\"ltr\" role=\"presentation\">cardinale<\/span> <span dir=\"ltr\" role=\"presentation\">Pietro<\/span> <span dir=\"ltr\" role=\"presentation\">Parolin,<\/span> <span dir=\"ltr\" role=\"presentation\">Presidente<\/span> <span dir=\"ltr\" role=\"presentation\">della <\/span><span dir=\"ltr\" role=\"presentation\">Fondazione vaticana istituita il 17 febbraio del 2020 da Papa Francesco con l&#8217;<\/span><span dir=\"ltr\" role=\"presentation\">obiettivo di custodire il patrimonio degli scritti, promuovere lo studio e <\/span><span dir=\"ltr\" role=\"presentation\">incrementare la conoscenza del lascito e degli insegnamenti di Giovanni Paolo <\/span><\/em><span dir=\"ltr\" role=\"presentation\">I&#8221;.\u00a0<\/span><\/span><\/p>\n<p>&nbsp;<\/p><\/blockquote>\n<hr \/>\n<p>&nbsp;<\/p>\n<p>&nbsp;<\/p>\n<p>&nbsp;<\/p>\n<div>\n<div class=\"b654a4as d2edcug0\">\n<div class=\"rq0escxv hkbzh7o3 jwdofwj8 n8tt0mok r8blr3vg hyh9befq\">\n<p><a class=\"dt-pswp-item\" href=\"https:\/\/www.radiopiu.net\/wordpress\/wp-content\/uploads\/2020\/10\/pp.jpg\" data-dt-img-description=\"\" data-large_image_width=\"640\" data-large_image_height=\"640\"><img loading=\"lazy\" decoding=\"async\" class=\"wp-image-163678 alignleft\" src=\"https:\/\/www.radiopiu.net\/wordpress\/wp-content\/uploads\/2020\/10\/pp-300x300.jpg\" alt=\"\" width=\"106\" height=\"106\" srcset=\"https:\/\/www.radiopiu.net\/wordpress\/wp-content\/uploads\/2020\/10\/pp-300x300.jpg 300w, https:\/\/www.radiopiu.net\/wordpress\/wp-content\/uploads\/2020\/10\/pp-150x150.jpg 150w, https:\/\/www.radiopiu.net\/wordpress\/wp-content\/uploads\/2020\/10\/pp-125x125.jpg 125w, https:\/\/www.radiopiu.net\/wordpress\/wp-content\/uploads\/2020\/10\/pp-200x200.jpg 200w, https:\/\/www.radiopiu.net\/wordpress\/wp-content\/uploads\/2020\/10\/pp-80x80.jpg 80w, https:\/\/www.radiopiu.net\/wordpress\/wp-content\/uploads\/2020\/10\/pp-480x480.jpg 480w, https:\/\/www.radiopiu.net\/wordpress\/wp-content\/uploads\/2020\/10\/pp.jpg 640w\" sizes=\"auto, (max-width: 106px) 100vw, 106px\" \/><\/a><\/p>\n<\/div>\n<\/div>\n<\/div>\n<div>\n<div class=\"page-title-head hgroup\">\n<div class=\"page-title-head hgroup\">\n<div class=\"b654a4as d2edcug0\">\n<div class=\"j83agx80 btwxx1t3 lhclo0ds hop8lmos nkwizq5d scwd0bx6 roh60bw9\">\n<div class=\"rq0escxv hkbzh7o3 jwdofwj8 n8tt0mok r8blr3vg hyh9befq\">\n<div class=\"do00u71z l9j0dhe7 k4urcfbm\">\n<h2><span style=\"color: #000080;\">DON CESARE, IL PENSIERO DEL GIORNO. ALLA RADIO ALLE 7 DEL MATTINO E ALLE 19.30 DELLA SERA.\u00a0<\/span><\/h2>\n<p>&nbsp;<\/p>\n<\/div>\n<\/div>\n<\/div>\n<\/div>\n<\/div>\n<\/div>\n<\/div>\n<audio class=\"wp-audio-shortcode\" id=\"audio-273896-13\" preload=\"none\" style=\"width: 100%;\" controls=\"controls\"><source type=\"audio\/mpeg\" src=\"https:\/\/www.radiopiu.net\/wordpress\/wp-content\/uploads\/2022\/05\/cesare-2.mp3?_=13\" \/><a href=\"https:\/\/www.radiopiu.net\/wordpress\/wp-content\/uploads\/2022\/05\/cesare-2.mp3\">https:\/\/www.radiopiu.net\/wordpress\/wp-content\/uploads\/2022\/05\/cesare-2.mp3<\/a><\/audio>\n<p>&nbsp;<\/p>\n<p>&nbsp;<\/p>\n<hr \/>\n<p>&nbsp;<\/p>\n<p>&nbsp;<\/p>\n<blockquote class=\"wp-embedded-content\" data-secret=\"0uOF7dq3x7\"><p><a href=\"https:\/\/www.radiopiu.net\/wordpress\/39annimaggioa05\/\">39 ANNI DI RADIO&#8230; &#8220;TI REGOLEREBBE IL MINIMO ALZANDOLO UN PO&#8217;&#8221;<\/a><\/p><\/blockquote>\n<p><iframe loading=\"lazy\" class=\"wp-embedded-content\" sandbox=\"allow-scripts\" security=\"restricted\" style=\"position: absolute; clip: rect(1px, 1px, 1px, 1px);\" title=\"&#8220;39 ANNI DI RADIO&#8230; &#8220;TI REGOLEREBBE IL MINIMO ALZANDOLO UN PO&#039;&#8221;&#8221; &#8212; Radio Pi\u00f9\" src=\"https:\/\/www.radiopiu.net\/wordpress\/39annimaggioa05\/embed\/#?secret=rr2Y2H7ZY2#?secret=0uOF7dq3x7\" data-secret=\"0uOF7dq3x7\" width=\"600\" height=\"338\" frameborder=\"0\" marginwidth=\"0\" marginheight=\"0\" scrolling=\"no\"><\/iframe><\/p>\n<p>&nbsp;<\/p>\n<hr \/>\n<p>&nbsp;<\/p>\n<div class=\"do00u71z l9j0dhe7 k4urcfbm\">\n<div class=\"page-title-head hgroup\">\n<div class=\"page-title-head hgroup\">\n<div class=\"b654a4as d2edcug0\">\n<div class=\"j83agx80 btwxx1t3 lhclo0ds hop8lmos nkwizq5d scwd0bx6 roh60bw9\">\n<div class=\"rq0escxv hkbzh7o3 jwdofwj8 n8tt0mok r8blr3vg hyh9befq\">\n<div class=\"do00u71z l9j0dhe7 k4urcfbm\">\n<div class=\"page-title-head hgroup\">\n<div class=\"page-title-head hgroup\">\n<div class=\"b654a4as d2edcug0\">\n<div class=\"j83agx80 btwxx1t3 lhclo0ds hop8lmos nkwizq5d scwd0bx6 roh60bw9\">\n<div class=\"rq0escxv hkbzh7o3 jwdofwj8 n8tt0mok r8blr3vg hyh9befq\">\n<div class=\"do00u71z l9j0dhe7 k4urcfbm\">\n<div class=\"ecm0bbzt e5nlhep0 a8c37x1j\">\n<div class=\"kvgmc6g5 cxmmr5t8 oygrvhab hcukyx3x c1et5uql\">\n<div class=\"gmail-kvgmc6g5 gmail-cxmmr5t8 gmail-oygrvhab gmail-hcukyx3x gmail-c1et5uql gmail-ii04i59q\">\n<div class=\"page-title-head hgroup\">\n<div class=\"page-title-head hgroup\">\n<div class=\"b654a4as d2edcug0\">\n<div class=\"j83agx80 btwxx1t3 lhclo0ds hop8lmos nkwizq5d scwd0bx6 roh60bw9\">\n<div class=\"rq0escxv hkbzh7o3 jwdofwj8 n8tt0mok r8blr3vg hyh9befq\">\n<div class=\"do00u71z l9j0dhe7 k4urcfbm\">\n<div class=\"page-title-head hgroup\">\n<div class=\"page-title-head hgroup\">\n<div class=\"b654a4as d2edcug0\">\n<div class=\"j83agx80 btwxx1t3 lhclo0ds hop8lmos nkwizq5d scwd0bx6 roh60bw9\">\n<div class=\"rq0escxv hkbzh7o3 jwdofwj8 n8tt0mok r8blr3vg hyh9befq\">\n<div class=\"do00u71z l9j0dhe7 k4urcfbm\">\n<div class=\"page-title-head hgroup\">\n<div class=\"page-title-head hgroup\">\n<div class=\"b654a4as d2edcug0\">\n<div class=\"j83agx80 btwxx1t3 lhclo0ds hop8lmos nkwizq5d scwd0bx6 roh60bw9\">\n<div class=\"rq0escxv hkbzh7o3 jwdofwj8 n8tt0mok r8blr3vg hyh9befq\">\n<div class=\"do00u71z l9j0dhe7 k4urcfbm\">\n<div class=\"ecm0bbzt e5nlhep0 a8c37x1j\">\n<div class=\"kvgmc6g5 cxmmr5t8 oygrvhab hcukyx3x c1et5uql\">\n<div class=\"gmail-kvgmc6g5 gmail-cxmmr5t8 gmail-oygrvhab gmail-hcukyx3x gmail-c1et5uql gmail-ii04i59q\">\n<div class=\"page-title-head hgroup\">\n<div class=\"page-title-head hgroup\">\n<div class=\"b654a4as d2edcug0\">\n<div class=\"j83agx80 btwxx1t3 lhclo0ds hop8lmos nkwizq5d scwd0bx6 roh60bw9\">\n<div class=\"rq0escxv hkbzh7o3 jwdofwj8 n8tt0mok r8blr3vg hyh9befq\">\n<div class=\"do00u71z l9j0dhe7 k4urcfbm\">\n<blockquote>\n<h3><span style=\"color: #ff0000;\">IN VIVO VERSO, SETTIMA STAGIONE CON BRUNELLA MORO, DAL LUNEDI AL VENERDI ALLE 7.10, 10.10\u00a0<\/span><\/h3>\n<div dir=\"auto\">Si conclude un\u2019altra stagione di In Vivo Verso \u2026 quante volte l\u2019anima si \u00e8 sollevata,leggendovi\u2026 tanti momenti sospesi dal quotidiano immersa nei vostri versi.. quanta profondit\u00e0, sollievo, gioia e intensit\u00e0 ho provato , insieme e grazie a voi.. Con tutto il mio amore vi auguro un\u2019estate serena. Una settimana da domani con autori intensi e dalla delicata sensibilit\u00e0: <a class=\"oajrlxb2 g5ia77u1 qu0x051f esr5mh6w e9989ue4 r7d6kgcz rq0escxv nhd2j8a9 nc684nl6 p7hjln8o kvgmc6g5 cxmmr5t8 oygrvhab hcukyx3x jb3vyjys rz4wbd8a qt6c0cv9 a8nywdso i1ao9s8h esuyzwwr f1sip0of lzcic4wl gpro0wi8 q66pz984 b1v8xokw\" tabindex=\"0\" role=\"link\" href=\"https:\/\/www.facebook.com\/groups\/1534369250161530\/user\/1581174033\/?__cft__[0]=AZUHAVkoHMcnPkFflD7OdsWF8w9jKMU9FAonUe12DNLZnjYySHag5b9tDiGW3lSc6M8--t1UQFzJoQelssaIGOn16a-c3X1rMu0pVxUz3JhW0bOcGkn5XIWMCy8HIGfBLRDs9nB7D-9bNNxwz7NXk7jrlw5AkUowhq8x27mOkDWFBz1003m_apyxVOFBwkaua36ylK0x6XogI9jqRW30eqUv&amp;__tn__=-]K-R\"><span class=\"nc684nl6\">Paolo De Toffol<\/span><\/a>,<a class=\"oajrlxb2 g5ia77u1 qu0x051f esr5mh6w e9989ue4 r7d6kgcz rq0escxv nhd2j8a9 nc684nl6 p7hjln8o kvgmc6g5 cxmmr5t8 oygrvhab hcukyx3x jb3vyjys rz4wbd8a qt6c0cv9 a8nywdso i1ao9s8h esuyzwwr f1sip0of lzcic4wl gpro0wi8 q66pz984 b1v8xokw\" tabindex=\"0\" role=\"link\" href=\"https:\/\/www.facebook.com\/groups\/1534369250161530\/user\/1814012443\/?__cft__[0]=AZUHAVkoHMcnPkFflD7OdsWF8w9jKMU9FAonUe12DNLZnjYySHag5b9tDiGW3lSc6M8--t1UQFzJoQelssaIGOn16a-c3X1rMu0pVxUz3JhW0bOcGkn5XIWMCy8HIGfBLRDs9nB7D-9bNNxwz7NXk7jrlw5AkUowhq8x27mOkDWFBz1003m_apyxVOFBwkaua36ylK0x6XogI9jqRW30eqUv&amp;__tn__=-]K-R\"><span class=\"nc684nl6\">Doriana Puglisi<\/span><\/a>,<a class=\"oajrlxb2 g5ia77u1 qu0x051f esr5mh6w e9989ue4 r7d6kgcz rq0escxv nhd2j8a9 nc684nl6 p7hjln8o kvgmc6g5 cxmmr5t8 oygrvhab hcukyx3x jb3vyjys rz4wbd8a qt6c0cv9 a8nywdso i1ao9s8h esuyzwwr f1sip0of lzcic4wl gpro0wi8 q66pz984 b1v8xokw\" tabindex=\"0\" role=\"link\" href=\"https:\/\/www.facebook.com\/Chandra-Livia-Candiani-465481123649952\/?__cft__[0]=AZUHAVkoHMcnPkFflD7OdsWF8w9jKMU9FAonUe12DNLZnjYySHag5b9tDiGW3lSc6M8--t1UQFzJoQelssaIGOn16a-c3X1rMu0pVxUz3JhW0bOcGkn5XIWMCy8HIGfBLRDs9nB7D-9bNNxwz7NXk7jrlw5AkUowhq8x27mOkDWFBz1003m_apyxVOFBwkaua36ylK0x6XogI9jqRW30eqUv&amp;__tn__=kK-R\"><span class=\"nc684nl6\">Chandra Livia Candiani<\/span><\/a> ,la voce e i versi di <a class=\"oajrlxb2 g5ia77u1 qu0x051f esr5mh6w e9989ue4 r7d6kgcz rq0escxv nhd2j8a9 nc684nl6 p7hjln8o kvgmc6g5 cxmmr5t8 oygrvhab hcukyx3x jb3vyjys rz4wbd8a qt6c0cv9 a8nywdso i1ao9s8h esuyzwwr f1sip0of lzcic4wl gpro0wi8 q66pz984 b1v8xokw\" tabindex=\"0\" role=\"link\" href=\"https:\/\/www.facebook.com\/groups\/1534369250161530\/user\/1377024128\/?__cft__[0]=AZUHAVkoHMcnPkFflD7OdsWF8w9jKMU9FAonUe12DNLZnjYySHag5b9tDiGW3lSc6M8--t1UQFzJoQelssaIGOn16a-c3X1rMu0pVxUz3JhW0bOcGkn5XIWMCy8HIGfBLRDs9nB7D-9bNNxwz7NXk7jrlw5AkUowhq8x27mOkDWFBz1003m_apyxVOFBwkaua36ylK0x6XogI9jqRW30eqUv&amp;__tn__=-]K-R\"><span class=\"nc684nl6\">Alessandra Servi<\/span><\/a> e la voce di un caro amico,Andrea Cecchella che declamer\u00e0 una meravigliosa poesia di un autore bellunese di rara finezza : Giano Perale.<\/div>\n<div dir=\"auto\">A presto, ricevo volentieri i vostri versi durante questa pausa .. li metto via per quando ci ritroveremo.<br \/>\n<strong>Brunella Moro<\/strong><\/div>\n<h3 style=\"text-align: left;\">CHIEDO di ALESSANDRA SERVI<\/h3>\n<\/blockquote>\n<p><strong>AUDIO<\/strong><\/p>\n<audio class=\"wp-audio-shortcode\" id=\"audio-273896-14\" preload=\"none\" style=\"width: 100%;\" controls=\"controls\"><source type=\"audio\/mpeg\" src=\"https:\/\/www.radiopiu.net\/wordpress\/wp-content\/uploads\/2022\/05\/4-ALESSANDRA-SERVI-CHIEDO-SI-CHIEDE-DI-DIO-QUANDO-NON-SI-TROVA-L-UOMO.mp3?_=14\" \/><a href=\"https:\/\/www.radiopiu.net\/wordpress\/wp-content\/uploads\/2022\/05\/4-ALESSANDRA-SERVI-CHIEDO-SI-CHIEDE-DI-DIO-QUANDO-NON-SI-TROVA-L-UOMO.mp3\">https:\/\/www.radiopiu.net\/wordpress\/wp-content\/uploads\/2022\/05\/4-ALESSANDRA-SERVI-CHIEDO-SI-CHIEDE-DI-DIO-QUANDO-NON-SI-TROVA-L-UOMO.mp3<\/a><\/audio>\n<p>&nbsp;<\/p>\n<p><strong><img loading=\"lazy\" decoding=\"async\" class=\"alignleft\" src=\"https:\/\/www.radiopiu.net\/wordpress\/wp-content\/uploads\/2022\/05\/foto-alessandra-servi-300x300.jpg\" width=\"170\" height=\"170\" \/>CHIEDO<\/strong><br \/>\n<em>(si chiede di dio quando non si trova l&#8217;uomo)<\/em><\/p>\n<p>Dove sei dio<br \/>\nsul mortaio<br \/>\nnella neve che ghiaccia la pelle<br \/>\ndentro le lenzuola che portano i vecchi<br \/>\ntra le bombe e la paura<br \/>\nDove sei dio<br \/>\ncon i bambini nei loro zainetti<br \/>\ntra i prigionieri nei ragazzi-soldato<br \/>\nsotto le macerie delle case<br \/>\nnelle metro e sotto i ponti<br \/>\nnel fango in bocca<br \/>\nDove sei dio<br \/>\nora che gridano le sirene<br \/>\nsenti lo strappo prendi il cane<br \/>\nprima che<br \/>\nil sapore del sangue<br \/>\nl&#8217;odore delle molotov<br \/>\ni figli e le madri<br \/>\nDove sei dio?<\/p>\n<p>&nbsp;<\/p>\n<p><strong>LA RACCOLTA COMPLETA<\/strong><\/p>\n<blockquote class=\"wp-embedded-content\" data-secret=\"5XZyd0NnpQ\"><p><a href=\"https:\/\/www.radiopiu.net\/wordpress\/in-vivo-verso\/\">In Vivo Verso<\/a><\/p><\/blockquote>\n<p><iframe loading=\"lazy\" class=\"wp-embedded-content\" sandbox=\"allow-scripts\" security=\"restricted\" style=\"position: absolute; clip: rect(1px, 1px, 1px, 1px);\" title=\"&#8220;In Vivo Verso&#8221; &#8212; Radio Pi\u00f9\" src=\"https:\/\/www.radiopiu.net\/wordpress\/in-vivo-verso\/embed\/#?secret=uILD0U3BJb#?secret=5XZyd0NnpQ\" data-secret=\"5XZyd0NnpQ\" width=\"600\" height=\"338\" frameborder=\"0\" marginwidth=\"0\" marginheight=\"0\" scrolling=\"no\"><\/iframe><\/p>\n<p>&nbsp;<\/p>\n<hr \/>\n<p>&nbsp;<\/p>\n<h3 class=\"entry-title\"><span style=\"color: #ff0000;\"><a href=\"https:\/\/www.radiopiu.net\/wordpress\/wp-content\/uploads\/2022\/04\/bustos-756620__340.webp\"><img loading=\"lazy\" decoding=\"async\" class=\" wp-image-271808 alignleft\" src=\"https:\/\/www.radiopiu.net\/wordpress\/wp-content\/uploads\/2022\/04\/bustos-756620__340-150x150.webp\" alt=\"\" width=\"94\" height=\"94\" \/><\/a>GOCCE DI FILOSOFIA PUNTATA 194 con Chiara Cau<\/span><\/h3>\n<p>AUDIO<\/p>\n<audio class=\"wp-audio-shortcode\" id=\"audio-273896-15\" preload=\"none\" style=\"width: 100%;\" controls=\"controls\"><source type=\"audio\/mpeg\" src=\"https:\/\/www.radiopiu.net\/wordpress\/wp-content\/uploads\/2022\/05\/FI4.mp3?_=15\" \/><a href=\"https:\/\/www.radiopiu.net\/wordpress\/wp-content\/uploads\/2022\/05\/FI4.mp3\">https:\/\/www.radiopiu.net\/wordpress\/wp-content\/uploads\/2022\/05\/FI4.mp3<\/a><\/audio>\n<p>&nbsp;<\/p>\n<p><strong>\u00a0<\/strong><strong>LA RACCOLTA COMPLETA<\/strong><\/p>\n<blockquote class=\"wp-embedded-content\" data-secret=\"uyNrf265r4\"><p><a href=\"https:\/\/www.radiopiu.net\/wordpress\/gocce-filosofia\/\">Gocce di filosofia, PRIMA E SECONDA STAGIONE 2022<\/a><\/p><\/blockquote>\n<p><iframe loading=\"lazy\" class=\"wp-embedded-content\" sandbox=\"allow-scripts\" security=\"restricted\" style=\"position: absolute; clip: rect(1px, 1px, 1px, 1px);\" title=\"&#8220;Gocce di filosofia, PRIMA E SECONDA STAGIONE 2022&#8221; &#8212; Radio Pi\u00f9\" src=\"https:\/\/www.radiopiu.net\/wordpress\/gocce-filosofia\/embed\/#?secret=RetKz13tn0#?secret=uyNrf265r4\" data-secret=\"uyNrf265r4\" width=\"600\" height=\"338\" frameborder=\"0\" marginwidth=\"0\" marginheight=\"0\" scrolling=\"no\"><\/iframe><\/p>\n<p>&nbsp;<\/p>\n<hr \/>\n<p>&nbsp;<\/p>\n<p><span style=\"color: #0000ff;\">MUSICA PIU&#8217;\u00a0<\/span><\/p>\n<p><a href=\"https:\/\/www.radiopiu.net\/wordpress\/giornale-radiopiu-20-settembre-2021-direttore-mirko-mezzacasa\/pp-79\/\" rel=\"attachment wp-att-232921\"><img loading=\"lazy\" decoding=\"async\" class=\"wp-image-232921 alignleft\" src=\"https:\/\/www.radiopiu.net\/wordpress\/wp-content\/uploads\/2021\/09\/pp-1-300x300.jpg\" alt=\"\" width=\"135\" height=\"135\" srcset=\"https:\/\/www.radiopiu.net\/wordpress\/wp-content\/uploads\/2021\/09\/pp-1-300x300.jpg 300w, https:\/\/www.radiopiu.net\/wordpress\/wp-content\/uploads\/2021\/09\/pp-1-150x150.jpg 150w, https:\/\/www.radiopiu.net\/wordpress\/wp-content\/uploads\/2021\/09\/pp-1.jpg 640w\" sizes=\"auto, (max-width: 135px) 100vw, 135px\" \/><\/a><\/p>\n<div class=\"mkdf-post-text\">\n<div class=\"mkdf-post-text-inner\">\n<div class=\"mkdf-post-text-main\">\n<div class=\"mkdf-post-text\">\n<div class=\"mkdf-post-text-inner\">\n<div class=\"mkdf-post-text-main\">\n<div class=\"mkdf-post-text\">\n<div class=\"mkdf-post-text-inner\">\n<div class=\"mkdf-post-text-main\">\n<div class=\"page-title-head hgroup\">\n<div class=\"page-title-head hgroup\">\n<div class=\"mkdf-post-text\">\n<div class=\"mkdf-post-text-inner\">\n<div class=\"mkdf-post-text-main\">\n<div class=\"mkdf-post-text\">\n<div class=\"mkdf-post-text-inner\">\n<div class=\"mkdf-post-text-main\">\n<div class=\"page-title-head hgroup\">\n<div class=\"page-title-head hgroup\">\n<div class=\"page-title-head hgroup\">\n<div class=\"page-title-head hgroup\">\n<div class=\"b654a4as d2edcug0\">\n<div class=\"page-title-head hgroup\">\n<div class=\"page-title-head hgroup\">\n<div class=\"page-title-head hgroup\">\n<div class=\"page-title-head hgroup\">\n<div class=\"b654a4as d2edcug0\">\n<div class=\"page-title-head hgroup\">\n<div class=\"page-title-head hgroup\">\n<div class=\"page-title-head hgroup\">\n<div class=\"page-title-head hgroup\">\n<div class=\"b654a4as d2edcug0\">\n<div class=\"mkdf-post-text\">\n<div class=\"mkdf-post-text-inner\">\n<div class=\"mkdf-post-text-main\">\n<div class=\"mkdf-post-text\">\n<div class=\"mkdf-post-text-inner\">\n<div class=\"mkdf-post-text-main\">\n<div class=\"mkdf-post-text\">\n<div class=\"mkdf-post-text-inner\">\n<div class=\"mkdf-post-text-main\">\n<div class=\"page-title-head hgroup\">\n<div class=\"page-title-head hgroup\">\n<div class=\"mkdf-post-text\">\n<div class=\"mkdf-post-text-inner\">\n<div class=\"mkdf-post-text-main\">\n<div class=\"mkdf-post-text\">\n<div class=\"mkdf-post-text-inner\">\n<div class=\"mkdf-post-text-main\">\n<div class=\"page-title-head hgroup\">\n<div class=\"page-title-head hgroup\">\n<div class=\"page-title-head hgroup\">\n<div class=\"page-title-head hgroup\">\n<div class=\"b654a4as d2edcug0\">\n<div class=\"page-title-head hgroup\">\n<div class=\"page-title-head hgroup\">\n<div class=\"page-title-head hgroup\">\n<div class=\"page-title-head hgroup\">\n<div class=\"b654a4as d2edcug0\">\n<div class=\"page-title-head hgroup\">\n<div class=\"page-title-head hgroup\">\n<div class=\"page-title-head hgroup\">\n<div class=\"page-title-head hgroup\">\n<div class=\"b654a4as d2edcug0\">\n<div><\/div>\n<div><\/div>\n<div>\n<p><strong>MUSICA ALLA RADIO, IL PROGRAMMA DI LORIS SCUSSEL &#8220;COLLAGE OPERAZIONE NOSTALGIA&#8221; DAL LUNEDI AL VENERDI ALLE 16.00\u00a0 E ALLE 23\u00a0<\/strong><\/p>\n<p>&nbsp;<\/p>\n<\/div>\n<p><em><strong>PUNTATA 599 DEL 05 MAGGIO 2022<\/strong><\/em><\/p>\n<audio class=\"wp-audio-shortcode\" id=\"audio-273896-16\" preload=\"none\" style=\"width: 100%;\" controls=\"controls\"><source type=\"audio\/mpeg\" src=\"https:\/\/www.radiopiu.net\/wordpress\/wp-content\/uploads\/2022\/05\/Collage-599.mp3?_=16\" \/><a href=\"https:\/\/www.radiopiu.net\/wordpress\/wp-content\/uploads\/2022\/05\/Collage-599.mp3\">https:\/\/www.radiopiu.net\/wordpress\/wp-content\/uploads\/2022\/05\/Collage-599.mp3<\/a><\/audio>\n<p>&nbsp;<\/p>\n<p><strong><a class=\"dt-pswp-item\" href=\"https:\/\/www.radiopiu.net\/wordpress\/wp-content\/uploads\/2022\/05\/Gastone-Petrolini.jpg\" data-dt-img-description=\"\" data-large_image_width=\"299\" data-large_image_height=\"300\"><img loading=\"lazy\" decoding=\"async\" class=\"size-thumbnail wp-image-273277 alignleft\" src=\"https:\/\/www.radiopiu.net\/wordpress\/wp-content\/uploads\/2022\/05\/Gastone-Petrolini-150x150.jpg\" alt=\"\" width=\"150\" height=\"150\" srcset=\"https:\/\/www.radiopiu.net\/wordpress\/wp-content\/uploads\/2022\/05\/Gastone-Petrolini-150x150.jpg 150w, https:\/\/www.radiopiu.net\/wordpress\/wp-content\/uploads\/2022\/05\/Gastone-Petrolini.jpg 299w\" sizes=\"auto, (max-width: 150px) 100vw, 150px\" \/><\/a>di Loris Scussel<\/strong><\/p>\n<p>Un traguardo importante quello raggiunto da Collage alla fine di questa settimana perch\u00e9 saranno 600 le puntate andate in onda sulla nostra emittente, un lungo viaggio musicale tra brani pi\u00f9 o meno noti e qualche reperto d\u2019epoca come \u201cGastone\u201d di Ettore Petrolini che avremo occasione di ascoltare nei prossimi giorni. Inizieremo la programmazione con una sequenza di canzoni italiane degli anni 60, tema conduttore di marted\u00ec saranno\u00a0 i nomi maschili e mercoled\u00ec quelli femminili, gioved\u00ec daremo spazio alla musica internazionale per arrivare venerd\u00ec alla puntata n\u00b0 600 dedicata ai cantautori di casa nostra. Collage va in onda dal luned\u00ec al venerd\u00ec alle 16,00 e alle 23,00 naturalmente su Radiopi\u00f9.<\/p>\n<p>&nbsp;<\/p>\n<p>&nbsp;<\/p>\n<hr \/>\n<p>&nbsp;<\/p>\n<h2><span style=\"color: #0000ff;\">SALUTE &amp; SOCIETA&#8217;\u00a0\u00a0<\/span><\/h2>\n<p><strong>LA RACCOLTA COMPLETA<\/strong><\/p>\n<blockquote class=\"wp-embedded-content\" data-secret=\"Nm4J2vrVqU\"><p><a href=\"https:\/\/www.radiopiu.net\/wordpress\/saluteesocieta\/\">Salute e Societ\u00e0<\/a><\/p><\/blockquote>\n<p><iframe loading=\"lazy\" class=\"wp-embedded-content\" sandbox=\"allow-scripts\" security=\"restricted\" style=\"position: absolute; clip: rect(1px, 1px, 1px, 1px);\" title=\"&#8220;Salute e Societ\u00e0&#8221; &#8212; Radio Pi\u00f9\" src=\"https:\/\/www.radiopiu.net\/wordpress\/saluteesocieta\/embed\/#?secret=6M8kJsABAV#?secret=Nm4J2vrVqU\" data-secret=\"Nm4J2vrVqU\" width=\"600\" height=\"338\" frameborder=\"0\" marginwidth=\"0\" marginheight=\"0\" scrolling=\"no\"><\/iframe><\/p>\n<p>&nbsp;<\/p>\n<hr \/>\n<\/div>\n<\/div>\n<\/div>\n<\/div>\n<\/div>\n<\/div>\n<\/div>\n<\/div>\n<\/div>\n<\/div>\n<\/div>\n<\/div>\n<\/div>\n<\/div>\n<\/div>\n<\/div>\n<\/div>\n<\/div>\n<\/div>\n<\/div>\n<\/div>\n<\/div>\n<\/div>\n<\/div>\n<\/div>\n<\/div>\n<\/div>\n<\/div>\n<\/div>\n<\/div>\n<\/div>\n<\/div>\n<\/div>\n<\/div>\n<\/div>\n<\/div>\n<\/div>\n<\/div>\n<\/div>\n<\/div>\n<\/div>\n<\/div>\n<\/div>\n<\/div>\n<\/div>\n<\/div>\n<\/div>\n<\/div>\n<\/div>\n<\/div>\n<\/div>\n<\/div>\n<\/div>\n<\/div>\n<\/div>\n<\/div>\n<\/div>\n<\/div>\n<\/div>\n<\/div>\n<\/div>\n<\/div>\n<\/div>\n<\/div>\n<p>&nbsp;<\/p>\n<blockquote>\n<h3><span style=\"color: #0000ff;\">RADIO PIU INFORMAZIONE il canale su TELEGRAM informazione di prima mano e in tempo reale. iscriviti ed aiutaci a farlo conoscere\u00a0\u00a0<\/span><\/h3>\n<\/blockquote>\n<div>\n<div class=\"page-title-head hgroup\">\n<div class=\"page-title-head hgroup\">\n<div class=\"page-title-head hgroup\">\n<div class=\"page-title-head hgroup\">\n<div class=\"b654a4as d2edcug0\">\n<div class=\"page-title-head hgroup\">\n<div class=\"page-title-head hgroup\">\n<div class=\"page-title-head hgroup\">\n<div class=\"page-title-head hgroup\">\n<div class=\"b654a4as d2edcug0\">\n<div class=\"page-title-head hgroup\">\n<div class=\"page-title-head hgroup\">\n<div class=\"page-title-head hgroup\">\n<div class=\"page-title-head hgroup\">\n<div class=\"page-title-head hgroup\">\n<div class=\"page-title-head hgroup\">\n<div class=\"page-title-head hgroup\">\n<div class=\"page-title-head hgroup\">\n<div class=\"page-title-head hgroup\">\n<div class=\"b654a4as d2edcug0\">\n<div class=\"page-title-head hgroup\">\n<div class=\"page-title-head hgroup\">\n<div class=\"page-title-head hgroup\">\n<div class=\"page-title-head hgroup\">\n<div class=\"b654a4as d2edcug0\">\n<div><\/div>\n<div>\n<div class=\"page-title-head hgroup\">\n<div class=\"page-title-head hgroup\">\n<div class=\"page-title-head hgroup\">\n<div class=\"page-title-head hgroup\">\n<div class=\"page-title-head hgroup\">\n<div class=\"mkdf-post-text\">\n<div class=\"mkdf-post-text-inner\">\n<div class=\"mkdf-post-text-main\">\n<div class=\"mkdf-post-text\">\n<div class=\"mkdf-post-text-inner\">\n<div class=\"mkdf-post-text-main\">\n<div class=\"mkdf-post-text\">\n<div class=\"mkdf-post-text-inner\">\n<div class=\"mkdf-post-text-main\">\n<div class=\"page-title-head hgroup\">\n<div class=\"page-title-head hgroup\">\n<div class=\"mkdf-post-text\">\n<div class=\"mkdf-post-text-inner\">\n<div class=\"mkdf-post-text-main\">\n<div class=\"mkdf-post-text\">\n<div class=\"mkdf-post-text-inner\">\n<div class=\"mkdf-post-text-main\">\n<div class=\"page-title-head hgroup\">\n<div class=\"page-title-head hgroup\">\n<div class=\"page-title-head hgroup\">\n<div class=\"page-title-head hgroup\">\n<div class=\"b654a4as d2edcug0\">\n<div class=\"page-title-head hgroup\">\n<div class=\"page-title-head hgroup\">\n<div class=\"page-title-head hgroup\">\n<div class=\"page-title-head hgroup\">\n<div class=\"b654a4as d2edcug0\">\n<div class=\"page-title-head hgroup\">\n<div class=\"page-title-head hgroup\">\n<div class=\"page-title-head hgroup\">\n<p>&nbsp;<\/p>\n<div>\n<div class=\"page-title-head hgroup\">\n<div class=\"page-title-head hgroup\">\n<div class=\"b654a4as d2edcug0\">\n<div class=\"j83agx80 btwxx1t3 lhclo0ds hop8lmos nkwizq5d scwd0bx6 roh60bw9\">\n<div class=\"rq0escxv hkbzh7o3 jwdofwj8 n8tt0mok r8blr3vg hyh9befq\">\n<div class=\"do00u71z l9j0dhe7 k4urcfbm\">\n<div class=\"page-title-head hgroup\">\n<div class=\"page-title-head hgroup\">\n<div class=\"b654a4as d2edcug0\">\n<div class=\"j83agx80 btwxx1t3 lhclo0ds hop8lmos nkwizq5d scwd0bx6 roh60bw9\">\n<div class=\"rq0escxv hkbzh7o3 jwdofwj8 n8tt0mok r8blr3vg hyh9befq\">\n<div class=\"do00u71z l9j0dhe7 k4urcfbm\">\n<div class=\"ecm0bbzt e5nlhep0 a8c37x1j\">\n<div class=\"kvgmc6g5 cxmmr5t8 oygrvhab hcukyx3x c1et5uql\">\n<div class=\"gmail-kvgmc6g5 gmail-cxmmr5t8 gmail-oygrvhab gmail-hcukyx3x gmail-c1et5uql gmail-ii04i59q\">\n<div class=\"page-title-head hgroup\">\n<div class=\"page-title-head hgroup\">\n<div class=\"b654a4as d2edcug0\">\n<div class=\"j83agx80 btwxx1t3 lhclo0ds hop8lmos nkwizq5d scwd0bx6 roh60bw9\">\n<div class=\"rq0escxv hkbzh7o3 jwdofwj8 n8tt0mok r8blr3vg hyh9befq\">\n<div class=\"do00u71z l9j0dhe7 k4urcfbm\">\n<div class=\"page-title-head hgroup\">\n<div class=\"page-title-head hgroup\">\n<div class=\"b654a4as d2edcug0\">\n<div class=\"j83agx80 btwxx1t3 lhclo0ds hop8lmos nkwizq5d scwd0bx6 roh60bw9\">\n<div class=\"rq0escxv hkbzh7o3 jwdofwj8 n8tt0mok r8blr3vg hyh9befq\">\n<div class=\"do00u71z l9j0dhe7 k4urcfbm\">\n<div class=\"page-title-head hgroup\">\n<div class=\"page-title-head hgroup\">\n<div class=\"b654a4as d2edcug0\">\n<div class=\"j83agx80 btwxx1t3 lhclo0ds hop8lmos nkwizq5d scwd0bx6 roh60bw9\">\n<div class=\"rq0escxv hkbzh7o3 jwdofwj8 n8tt0mok r8blr3vg hyh9befq\">\n<div class=\"do00u71z l9j0dhe7 k4urcfbm\">\n<div class=\"ecm0bbzt e5nlhep0 a8c37x1j\">\n<div class=\"kvgmc6g5 cxmmr5t8 oygrvhab hcukyx3x c1et5uql\">\n<div class=\"gmail-kvgmc6g5 gmail-cxmmr5t8 gmail-oygrvhab gmail-hcukyx3x gmail-c1et5uql gmail-ii04i59q\">\n<div class=\"page-title-head hgroup\">\n<div class=\"page-title-head hgroup\">\n<div class=\"b654a4as d2edcug0\">\n<div class=\"j83agx80 btwxx1t3 lhclo0ds hop8lmos nkwizq5d scwd0bx6 roh60bw9\">\n<div class=\"rq0escxv hkbzh7o3 jwdofwj8 n8tt0mok r8blr3vg hyh9befq\">\n<div class=\"do00u71z l9j0dhe7 k4urcfbm\">\n<div class=\"page-title-head hgroup\">\n<div class=\"page-title-head hgroup\">\n<div class=\"page-title-head hgroup\">\n<div class=\"page-title-head hgroup\">\n<div class=\"b654a4as d2edcug0\">\n<div class=\"page-title-head hgroup\">\n<div class=\"page-title-head hgroup\">\n<div class=\"page-title-head hgroup\">\n<div class=\"page-title-head hgroup\">\n<div class=\"b654a4as d2edcug0\">\n<div class=\"page-title-head hgroup\">\n<div class=\"page-title-head hgroup\">\n<div class=\"page-title-head hgroup\">\n<div class=\"page-title-head hgroup\">\n<div class=\"page-title-head hgroup\">\n<div class=\"page-title-head hgroup\">\n<div class=\"page-title-head hgroup\">\n<div class=\"page-title-head hgroup\">\n<div class=\"page-title-head hgroup\">\n<div class=\"b654a4as d2edcug0\">\n<div class=\"page-title-head hgroup\">\n<div class=\"page-title-head hgroup\">\n<div class=\"page-title-head hgroup\">\n<div class=\"page-title-head hgroup\">\n<div class=\"b654a4as d2edcug0\">\n<div class=\"page-title-head hgroup\">\n<div class=\"page-title-head hgroup\">\n<div class=\"page-title-head hgroup\">\n<div class=\"page-title-head hgroup\">\n<div class=\"page-title-head hgroup\">\n<div class=\"mkdf-post-text\">\n<div class=\"mkdf-post-text-inner\">\n<div class=\"mkdf-post-text-main\">\n<div class=\"mkdf-post-text\">\n<div class=\"mkdf-post-text-inner\">\n<div class=\"mkdf-post-text-main\">\n<div class=\"mkdf-post-text\">\n<div class=\"mkdf-post-text-inner\">\n<div class=\"mkdf-post-text-main\">\n<div class=\"page-title-head hgroup\">\n<div class=\"page-title-head hgroup\">\n<div class=\"mkdf-post-text\">\n<div class=\"mkdf-post-text-inner\">\n<div class=\"mkdf-post-text-main\">\n<div class=\"mkdf-post-text\">\n<div class=\"mkdf-post-text-inner\">\n<div class=\"mkdf-post-text-main\">\n<div class=\"page-title-head hgroup\">\n<div class=\"page-title-head hgroup\">\n<div class=\"page-title-head hgroup\">\n<div class=\"page-title-head hgroup\">\n<div class=\"b654a4as d2edcug0\">\n<div class=\"page-title-head hgroup\">\n<div class=\"page-title-head hgroup\">\n<div class=\"page-title-head hgroup\">\n<div class=\"page-title-head hgroup\">\n<div class=\"b654a4as d2edcug0\">\n<div class=\"page-title-head hgroup\">\n<div class=\"page-title-head hgroup\">\n<div class=\"page-title-head hgroup\">\n<div class=\"page-title-head hgroup\">\n<div class=\"b654a4as d2edcug0\">\n<div class=\"ecm0bbzt e5nlhep0 a8c37x1j\">\n<div class=\"kvgmc6g5 cxmmr5t8 oygrvhab hcukyx3x c1et5uql\">\n<div class=\"gmail-kvgmc6g5 gmail-cxmmr5t8 gmail-oygrvhab gmail-hcukyx3x gmail-c1et5uql gmail-ii04i59q\">\n<div class=\"page-title-head hgroup\">\n<div class=\"page-title-head hgroup\">\n<div class=\"b654a4as d2edcug0\">\n<div class=\"j83agx80 btwxx1t3 lhclo0ds hop8lmos nkwizq5d scwd0bx6 roh60bw9\">\n<div class=\"rq0escxv hkbzh7o3 jwdofwj8 n8tt0mok r8blr3vg hyh9befq\">\n<div class=\"do00u71z l9j0dhe7 k4urcfbm\">\n<div class=\"page-title-head hgroup\">\n<div class=\"page-title-head hgroup\">\n<div class=\"page-title-head hgroup\">\n<div class=\"page-title-head hgroup\">\n<div class=\"b654a4as d2edcug0\">\n<div class=\"page-title-head hgroup\">\n<div class=\"page-title-head hgroup\">\n<div class=\"page-title-head hgroup\">\n<div class=\"page-title-head hgroup\">\n<div class=\"b654a4as d2edcug0\">\n<div class=\"page-title-head hgroup\">\n<div class=\"page-title-head hgroup\">\n<div class=\"page-title-head hgroup\">\n<div class=\"page-title-head hgroup\">\n<div class=\"page-title-head hgroup\">\n<div class=\"page-title-head hgroup\">\n<div class=\"page-title-head hgroup\">\n<div class=\"page-title-head hgroup\">\n<div class=\"page-title-head hgroup\">\n<div class=\"b654a4as d2edcug0\">\n<div class=\"page-title-head hgroup\">\n<div class=\"page-title-head hgroup\">\n<div class=\"page-title-head hgroup\">\n<div class=\"page-title-head hgroup\">\n<div class=\"b654a4as d2edcug0\">\n<div class=\"page-title-head hgroup\">\n<div class=\"page-title-head hgroup\">\n<div class=\"page-title-head hgroup\">\n<div class=\"page-title-head hgroup\">\n<div class=\"page-title-head hgroup\">\n<div class=\"mkdf-post-text\">\n<div class=\"mkdf-post-text-inner\">\n<div class=\"mkdf-post-text-main\">\n<div class=\"mkdf-post-text\">\n<div class=\"mkdf-post-text-inner\">\n<div class=\"mkdf-post-text-main\">\n<div class=\"mkdf-post-text\">\n<div class=\"mkdf-post-text-inner\">\n<div class=\"mkdf-post-text-main\">\n<div class=\"page-title-head hgroup\">\n<div class=\"page-title-head hgroup\">\n<div class=\"mkdf-post-text\">\n<div class=\"mkdf-post-text-inner\">\n<div class=\"mkdf-post-text-main\">\n<div class=\"mkdf-post-text\">\n<div class=\"mkdf-post-text-inner\">\n<div class=\"mkdf-post-text-main\">\n<div class=\"page-title-head hgroup\">\n<div class=\"page-title-head hgroup\">\n<div class=\"page-title-head hgroup\">\n<div class=\"page-title-head hgroup\">\n<div class=\"b654a4as d2edcug0\">\n<div class=\"page-title-head hgroup\">\n<div class=\"page-title-head hgroup\">\n<div class=\"page-title-head hgroup\">\n<div class=\"page-title-head hgroup\">\n<div class=\"b654a4as d2edcug0\">\n<div class=\"page-title-head hgroup\">\n<div class=\"page-title-head hgroup\">\n<div class=\"page-title-head hgroup\">\n<div class=\"page-title-head hgroup\">\n<div class=\"b654a4as d2edcug0\">\n<hr \/>\n<p>&nbsp;<\/p>\n<div>\n<p><strong>DUE MINUTI UN LIBRO, TUTTI I GIORNI ALLA RADIO ALLE 9.40 E ALLE 17.50\u00a0\u00a0<\/strong><\/p>\n<div>\n<div>\n<p><strong>LA RACCOLTA COMPLETA\u00a0\u00a0<\/strong><\/p>\n<\/div>\n<\/div>\n<\/div>\n<div class=\"mkdf-post-text\">\n<div class=\"mkdf-post-text-inner\">\n<div class=\"mkdf-post-text-main\">\n<div class=\"mkdf-post-text\">\n<div class=\"mkdf-post-text-inner\">\n<div class=\"mkdf-post-text-main\">\n<div class=\"mkdf-post-text\">\n<div class=\"mkdf-post-text-inner\">\n<div class=\"mkdf-post-text-main\">\n<div class=\"page-title-head hgroup\">\n<div class=\"page-title-head hgroup\">\n<div class=\"mkdf-post-text\">\n<div class=\"mkdf-post-text-inner\">\n<div class=\"mkdf-post-text-main\">\n<div class=\"mkdf-post-text\">\n<div class=\"mkdf-post-text-inner\">\n<div class=\"mkdf-post-text-main\">\n<div class=\"page-title-head hgroup\">\n<div class=\"page-title-head hgroup\">\n<div class=\"page-title-head hgroup\">\n<div class=\"page-title-head hgroup\">\n<div class=\"b654a4as d2edcug0\">\n<div class=\"page-title-head hgroup\">\n<div class=\"page-title-head hgroup\">\n<div class=\"page-title-head hgroup\">\n<div class=\"page-title-head hgroup\">\n<div class=\"b654a4as d2edcug0\">\n<div class=\"page-title-head hgroup\">\n<div class=\"page-title-head hgroup\">\n<div class=\"page-title-head hgroup\">\n<div class=\"page-title-head hgroup\">\n<div class=\"b654a4as d2edcug0\">\n<div>\n<blockquote class=\"wp-embedded-content\" data-secret=\"sMbxTXbv5K\"><p><a href=\"https:\/\/www.radiopiu.net\/wordpress\/due-minuti-un-libro\/\">Due minuti un libro<\/a><\/p><\/blockquote>\n<p><iframe loading=\"lazy\" class=\"wp-embedded-content\" sandbox=\"allow-scripts\" security=\"restricted\" style=\"position: absolute; clip: rect(1px, 1px, 1px, 1px);\" title=\"&#8220;Due minuti un libro&#8221; &#8212; Radio Pi\u00f9\" src=\"https:\/\/www.radiopiu.net\/wordpress\/due-minuti-un-libro\/embed\/#?secret=Aop4BIiD0R#?secret=sMbxTXbv5K\" data-secret=\"sMbxTXbv5K\" width=\"600\" height=\"338\" frameborder=\"0\" marginwidth=\"0\" marginheight=\"0\" scrolling=\"no\"><\/iframe><\/p>\n<p>&nbsp;<\/p>\n<\/div>\n<div>\n<hr \/>\n<p>&nbsp;<\/p>\n<\/div>\n<h2><span style=\"color: #808000;\">L&#8217;ALMANACCO LADINO\u00a0\u00a0<\/span><\/h2>\n<p><strong>LA RACCOLTA<\/strong><\/p>\n<blockquote class=\"wp-embedded-content\" data-secret=\"7EwY4nl3Qt\"><p><a href=\"https:\/\/www.radiopiu.net\/wordpress\/almanacco-ladino\/\">Almanacco Ladino<\/a><\/p><\/blockquote>\n<p><iframe loading=\"lazy\" class=\"wp-embedded-content\" sandbox=\"allow-scripts\" security=\"restricted\" style=\"position: absolute; clip: rect(1px, 1px, 1px, 1px);\" title=\"&#8220;Almanacco Ladino&#8221; &#8212; Radio Pi\u00f9\" src=\"https:\/\/www.radiopiu.net\/wordpress\/almanacco-ladino\/embed\/#?secret=7K5l9gZhVA#?secret=7EwY4nl3Qt\" data-secret=\"7EwY4nl3Qt\" width=\"600\" height=\"338\" frameborder=\"0\" marginwidth=\"0\" marginheight=\"0\" scrolling=\"no\"><\/iframe><\/p>\n<hr \/>\n<h2><span style=\"color: #33cccc;\">\u00a0<\/span><\/h2>\n<h2><span style=\"color: #33cccc;\">LA RASSEGNA STAMPA DA L&#8217;AMICO DEL POPOLO<\/span><\/h2>\n<p><strong><a class=\"dt-pswp-item\" href=\"https:\/\/www.radiopiu.net\/wordpress\/wp-content\/uploads\/2022\/04\/553052c4-a52c-4d8f-8252-caac23ad1b67.jpg\" data-dt-img-description=\"\" data-large_image_width=\"2000\" data-large_image_height=\"1500\"><img loading=\"lazy\" decoding=\"async\" class=\"size-thumbnail wp-image-273197 alignleft\" src=\"https:\/\/www.radiopiu.net\/wordpress\/wp-content\/uploads\/2022\/04\/553052c4-a52c-4d8f-8252-caac23ad1b67-150x150.jpg\" alt=\"\" width=\"150\" height=\"150\" \/><\/a>di Gianni Santomaso<\/strong><\/p>\n<p>OSPITE: Iliana Cavallet<\/p>\n<audio class=\"wp-audio-shortcode\" id=\"audio-273896-17\" preload=\"none\" style=\"width: 100%;\" controls=\"controls\"><source type=\"audio\/mpeg\" src=\"https:\/\/www.radiopiu.net\/wordpress\/wp-content\/uploads\/2022\/04\/RASSEGNA-GIANNI-4.mp3?_=17\" \/><a href=\"https:\/\/www.radiopiu.net\/wordpress\/wp-content\/uploads\/2022\/04\/RASSEGNA-GIANNI-4.mp3\">https:\/\/www.radiopiu.net\/wordpress\/wp-content\/uploads\/2022\/04\/RASSEGNA-GIANNI-4.mp3<\/a><\/audio>\n<p>&nbsp;<\/p>\n<p><strong>LA RACCOLTA COMPLETA<\/strong><\/p>\n<blockquote class=\"wp-embedded-content\" data-secret=\"MRPWvRSFHk\"><p><a href=\"https:\/\/www.radiopiu.net\/wordpress\/rassegna-stampa-di-gianni-santomaso\/\">Rassegna stampa da l&#8217;amico del popolo &#8211; di Gianni Santomaso<\/a><\/p><\/blockquote>\n<p><iframe loading=\"lazy\" class=\"wp-embedded-content\" sandbox=\"allow-scripts\" security=\"restricted\" style=\"position: absolute; clip: rect(1px, 1px, 1px, 1px);\" title=\"&#8220;Rassegna stampa da l&#8217;amico del popolo &#8211; di Gianni Santomaso&#8221; &#8212; Radio Pi\u00f9\" src=\"https:\/\/www.radiopiu.net\/wordpress\/rassegna-stampa-di-gianni-santomaso\/embed\/#?secret=rCR0fXQWmT#?secret=MRPWvRSFHk\" data-secret=\"MRPWvRSFHk\" width=\"600\" height=\"338\" frameborder=\"0\" marginwidth=\"0\" marginheight=\"0\" scrolling=\"no\"><\/iframe><\/p>\n<p>&nbsp;<\/p>\n<hr \/>\n<p>&nbsp;<\/p>\n<div>\n<div class=\"page-title-head hgroup\">\n<div class=\"page-title-head hgroup\">\n<div class=\"b654a4as d2edcug0\">\n<div class=\"j83agx80 btwxx1t3 lhclo0ds hop8lmos nkwizq5d scwd0bx6 roh60bw9\">\n<div class=\"rq0escxv hkbzh7o3 jwdofwj8 n8tt0mok r8blr3vg hyh9befq\">\n<div class=\"do00u71z l9j0dhe7 k4urcfbm\">\n<div class=\"ecm0bbzt e5nlhep0 a8c37x1j\">\n<div class=\"kvgmc6g5 cxmmr5t8 oygrvhab hcukyx3x c1et5uql\">\n<div class=\"gmail-kvgmc6g5 gmail-cxmmr5t8 gmail-oygrvhab gmail-hcukyx3x gmail-c1et5uql gmail-ii04i59q\">\n<div class=\"page-title-head hgroup\">\n<div class=\"page-title-head hgroup\">\n<div class=\"b654a4as d2edcug0\">\n<div class=\"j83agx80 btwxx1t3 lhclo0ds hop8lmos nkwizq5d scwd0bx6 roh60bw9\">\n<div class=\"rq0escxv hkbzh7o3 jwdofwj8 n8tt0mok r8blr3vg hyh9befq\">\n<div class=\"do00u71z l9j0dhe7 k4urcfbm\">\n<div class=\"page-title-head hgroup\">\n<div class=\"page-title-head hgroup\">\n<div class=\"page-title-head hgroup\">\n<div class=\"page-title-head hgroup\">\n<div class=\"b654a4as d2edcug0\">\n<div class=\"page-title-head hgroup\">\n<div class=\"page-title-head hgroup\">\n<div class=\"page-title-head hgroup\">\n<div class=\"page-title-head hgroup\">\n<div class=\"b654a4as d2edcug0\">\n<div class=\"page-title-head hgroup\">\n<div class=\"page-title-head hgroup\">\n<div class=\"page-title-head hgroup\">\n<div class=\"page-title-head hgroup\">\n<div class=\"page-title-head hgroup\">\n<div class=\"page-title-head hgroup\">\n<div class=\"page-title-head hgroup\">\n<div class=\"page-title-head hgroup\">\n<div class=\"page-title-head hgroup\">\n<div class=\"b654a4as d2edcug0\">\n<div class=\"page-title-head hgroup\">\n<div class=\"page-title-head hgroup\">\n<div class=\"page-title-head hgroup\">\n<div class=\"page-title-head hgroup\">\n<div class=\"b654a4as d2edcug0\">\n<div class=\"page-title-head hgroup\">\n<div class=\"page-title-head hgroup\">\n<div class=\"page-title-head hgroup\">\n<div class=\"page-title-head hgroup\">\n<div class=\"page-title-head hgroup\">\n<div class=\"mkdf-post-text\">\n<div class=\"mkdf-post-text-inner\">\n<div class=\"mkdf-post-text-main\">\n<div class=\"mkdf-post-text\">\n<div class=\"mkdf-post-text-inner\">\n<div class=\"mkdf-post-text-main\">\n<div class=\"mkdf-post-text\">\n<div class=\"mkdf-post-text-inner\">\n<div class=\"mkdf-post-text-main\">\n<div class=\"page-title-head hgroup\">\n<div class=\"page-title-head hgroup\">\n<div class=\"mkdf-post-text\">\n<div class=\"mkdf-post-text-inner\">\n<div class=\"mkdf-post-text-main\">\n<div class=\"mkdf-post-text\">\n<div class=\"mkdf-post-text-inner\">\n<div class=\"mkdf-post-text-main\">\n<div class=\"page-title-head hgroup\">\n<div class=\"page-title-head hgroup\">\n<div class=\"page-title-head hgroup\">\n<div class=\"page-title-head hgroup\">\n<div class=\"b654a4as d2edcug0\">\n<div class=\"page-title-head hgroup\">\n<div class=\"page-title-head hgroup\">\n<div class=\"page-title-head hgroup\">\n<div class=\"page-title-head hgroup\">\n<div class=\"b654a4as d2edcug0\">\n<div class=\"page-title-head hgroup\">\n<div class=\"page-title-head hgroup\">\n<div class=\"page-title-head hgroup\">\n<div class=\"page-title-head hgroup\">\n<div class=\"b654a4as d2edcug0\">\n<h2><span style=\"color: #800080;\">I RACCONTI DI PAOLO SOPPELSA\u00a0<\/span><\/h2>\n<p><strong>LA RACCOLTA COMPLETA<\/strong><\/p>\n<blockquote class=\"wp-embedded-content\" data-secret=\"6MPh0jl2iN\"><p><a href=\"https:\/\/www.radiopiu.net\/wordpress\/i-racconti-di-paolo-soppelsa\/\">I racconti di Paolo Soppelsa<\/a><\/p><\/blockquote>\n<p><iframe loading=\"lazy\" class=\"wp-embedded-content\" sandbox=\"allow-scripts\" security=\"restricted\" style=\"position: absolute; clip: rect(1px, 1px, 1px, 1px);\" title=\"&#8220;I racconti di Paolo Soppelsa&#8221; &#8212; Radio Pi\u00f9\" src=\"https:\/\/www.radiopiu.net\/wordpress\/i-racconti-di-paolo-soppelsa\/embed\/#?secret=opkivKCsZa#?secret=6MPh0jl2iN\" data-secret=\"6MPh0jl2iN\" width=\"600\" height=\"338\" frameborder=\"0\" marginwidth=\"0\" marginheight=\"0\" scrolling=\"no\"><\/iframe><\/p>\n<p>&nbsp;<\/p>\n<hr \/>\n<p>&nbsp;<\/p>\n<\/div>\n<\/div>\n<\/div>\n<\/div>\n<\/div>\n<\/div>\n<\/div>\n<\/div>\n<\/div>\n<\/div>\n<\/div>\n<\/div>\n<\/div>\n<\/div>\n<\/div>\n<\/div>\n<\/div>\n<\/div>\n<\/div>\n<\/div>\n<\/div>\n<\/div>\n<\/div>\n<\/div>\n<\/div>\n<\/div>\n<\/div>\n<\/div>\n<\/div>\n<\/div>\n<\/div>\n<\/div>\n<\/div>\n<\/div>\n<\/div>\n<\/div>\n<\/div>\n<\/div>\n<\/div>\n<\/div>\n<\/div>\n<\/div>\n<\/div>\n<\/div>\n<\/div>\n<\/div>\n<\/div>\n<\/div>\n<\/div>\n<\/div>\n<\/div>\n<\/div>\n<\/div>\n<\/div>\n<\/div>\n<\/div>\n<\/div>\n<\/div>\n<\/div>\n<\/div>\n<\/div>\n<\/div>\n<\/div>\n<\/div>\n<\/div>\n<\/div>\n<\/div>\n<\/div>\n<\/div>\n<\/div>\n<\/div>\n<\/div>\n<\/div>\n<\/div>\n<\/div>\n<\/div>\n<\/div>\n<\/div>\n<\/div>\n<\/div>\n<\/div>\n<\/div>\n<\/div>\n<\/div>\n<\/div>\n<\/div>\n<\/div>\n<\/div>\n<\/div>\n<\/div>\n<\/div>\n<\/div>\n<\/div>\n<\/div>\n<\/div>\n<\/div>\n<\/div>\n<\/div>\n<\/div>\n<\/div>\n<\/div>\n<\/div>\n<\/div>\n<\/div>\n<\/div>\n<\/div>\n<\/div>\n<\/div>\n<\/div>\n<\/div>\n<\/div>\n<div class=\"b654a4as d2edcug0\">\n<div class=\"ecm0bbzt e5nlhep0 a8c37x1j\">\n<div class=\"kvgmc6g5 cxmmr5t8 oygrvhab hcukyx3x c1et5uql\">\n<div class=\"gmail-kvgmc6g5 gmail-cxmmr5t8 gmail-oygrvhab gmail-hcukyx3x gmail-c1et5uql gmail-ii04i59q\">\n<div>\n<div class=\"page-title-head hgroup\">\n<div class=\"page-title-head hgroup\">\n<div class=\"b654a4as d2edcug0\">\n<div class=\"j83agx80 btwxx1t3 lhclo0ds hop8lmos nkwizq5d scwd0bx6 roh60bw9\">\n<div class=\"rq0escxv hkbzh7o3 jwdofwj8 n8tt0mok r8blr3vg hyh9befq\">\n<div class=\"do00u71z l9j0dhe7 k4urcfbm\">\n<div>\n<div class=\"page-title-head hgroup\">\n<div class=\"page-title-head hgroup\">\n<div class=\"page-title-head hgroup\">\n<div class=\"page-title-head hgroup\">\n<div class=\"b654a4as d2edcug0\">\n<div class=\"page-title-head hgroup\">\n<div class=\"page-title-head hgroup\">\n<div class=\"page-title-head hgroup\">\n<div class=\"page-title-head hgroup\">\n<div class=\"b654a4as d2edcug0\">\n<div class=\"page-title-head hgroup\">\n<div class=\"page-title-head hgroup\">\n<div class=\"page-title-head hgroup\">\n<div class=\"page-title-head hgroup\">\n<div class=\"page-title-head hgroup\">\n<div class=\"mkdf-post-text\">\n<div class=\"mkdf-post-text-inner\">\n<div class=\"mkdf-post-text-main\">\n<div class=\"mkdf-post-text\">\n<div class=\"mkdf-post-text-inner\">\n<div class=\"mkdf-post-text-main\">\n<div class=\"mkdf-post-text\">\n<div class=\"mkdf-post-text-inner\">\n<div class=\"mkdf-post-text-main\">\n<div class=\"page-title-head hgroup\">\n<div class=\"page-title-head hgroup\">\n<div class=\"mkdf-post-text\">\n<div class=\"mkdf-post-text-inner\">\n<div class=\"mkdf-post-text-main\">\n<div class=\"mkdf-post-text\">\n<div class=\"mkdf-post-text-inner\">\n<div class=\"mkdf-post-text-main\">\n<div>\n<div class=\"page-title-head hgroup\">\n<div class=\"page-title-head hgroup\">\n<div>\n<div class=\"page-title-head hgroup\">\n<div class=\"page-title-head hgroup\">\n<div class=\"b654a4as d2edcug0\">\n<div>\n<div class=\"page-title-head hgroup\" style=\"text-align: left;\">\n<div class=\"page-title-head hgroup\">\n<div dir=\"auto\">\n<p><a class=\"dt-pswp-item pspw-wrap-ready\" href=\"https:\/\/i0.wp.com\/www.radiopiu.net\/wordpress\/wp-content\/uploads\/2018\/09\/WhatsApp-Image-2018-09-20-at-16.04.06.jpeg?ssl=1\" data-dt-img-description=\"\" data-large_image_width=\"800\" data-large_image_height=\"100\"><img loading=\"lazy\" decoding=\"async\" class=\"aligncenter wp-image-61378 size-full jetpack-lazy-image jetpack-lazy-image--handled\" src=\"https:\/\/i0.wp.com\/www.radiopiu.net\/wordpress\/wp-content\/uploads\/2018\/09\/WhatsApp-Image-2018-09-20-at-16.04.06.jpeg?resize=800%2C100&amp;ssl=1\" sizes=\"auto, (max-width: 800px) 100vw, 800px\" srcset=\"https:\/\/i0.wp.com\/www.radiopiu.net\/wordpress\/wp-content\/uploads\/2018\/09\/WhatsApp-Image-2018-09-20-at-16.04.06.jpeg?w=800&amp;ssl=1 800w, https:\/\/i0.wp.com\/www.radiopiu.net\/wordpress\/wp-content\/uploads\/2018\/09\/WhatsApp-Image-2018-09-20-at-16.04.06.jpeg?resize=300%2C38&amp;ssl=1 300w, https:\/\/i0.wp.com\/www.radiopiu.net\/wordpress\/wp-content\/uploads\/2018\/09\/WhatsApp-Image-2018-09-20-at-16.04.06.jpeg?resize=768%2C96&amp;ssl=1 768w\" alt=\"\" width=\"800\" height=\"100\" data-lazy-loaded=\"1\" \/><\/a><\/p>\n<\/div>\n<\/div>\n<\/div>\n<\/div>\n<\/div>\n<\/div>\n<\/div>\n<\/div>\n<\/div>\n<\/div>\n<\/div>\n<\/div>\n<\/div>\n<\/div>\n<\/div>\n<\/div>\n<\/div>\n<\/div>\n<\/div>\n<\/div>\n<\/div>\n<\/div>\n<\/div>\n<\/div>\n<\/div>\n<\/div>\n<\/div>\n<\/div>\n<\/div>\n<\/div>\n<\/div>\n<\/div>\n<\/div>\n<\/div>\n<\/div>\n<\/div>\n<\/div>\n<\/div>\n<\/div>\n<\/div>\n<\/div>\n<\/div>\n<\/div>\n<\/div>\n<\/div>\n<\/div>\n<\/div>\n<\/div>\n<\/div>\n<\/div>\n<\/div>\n<\/div>\n<\/div>\n<\/div>\n<\/div>\n<\/div>\n<\/div>\n<\/div>\n<\/div>\n<\/div>\n<\/div>\n<\/div>\n<\/div>\n<\/div>\n<\/div>\n<\/div>\n<\/div>\n<\/div>\n<\/div>\n<\/div>\n<\/div>\n<\/div>\n<\/div>\n<\/div>\n<\/div>\n<\/div>\n<\/div>\n<\/div>\n<\/div>\n<\/div>\n<\/div>\n<\/div>\n<\/div>\n<\/div>\n<\/div>\n<\/div>\n<\/div>\n<\/div>\n<\/div>\n<\/div>\n<\/div>\n<\/div>\n<\/div>\n<\/div>\n<\/div>\n<\/div>\n<\/div>\n<\/div>\n<\/div>\n<\/div>\n<\/div>\n<\/div>\n<\/div>\n<\/div>\n<\/div>\n<\/div>\n<\/div>\n<\/div>\n<\/div>\n<\/div>\n<\/div>\n<\/div>\n<\/div>\n<\/div>\n<\/div>\n<\/div>\n<\/div>\n<\/div>\n<\/div>\n<\/div>\n<\/div>\n<\/div>\n<\/div>\n<\/div>\n<\/div>\n<\/div>\n<\/div>\n<\/div>\n<\/div>\n<\/div>\n<\/div>\n<\/div>\n<\/div>\n<\/div>\n<\/div>\n<\/div>\n<\/div>\n<\/div>\n<\/div>\n<\/div>\n<\/div>\n<\/div>\n<\/div>\n<\/div>\n<\/div>\n<\/div>\n<\/div>\n<\/div>\n<\/div>\n<\/div>\n<\/div>\n<\/div>\n<\/div>\n<\/div>\n<\/div>\n<\/div>\n<\/div>\n<\/div>\n<\/div>\n<\/div>\n<\/div>\n<\/div>\n<\/div>\n<\/div>\n<\/div>\n<\/div>\n<\/div>\n<\/div>\n<\/div>\n<\/div>\n<\/div>\n<\/div>\n<\/div>\n<\/div>\n<\/div>\n<\/div>\n<\/div>\n<\/div>\n<\/div>\n<\/div>\n<\/div>\n<\/div>\n<\/div>\n<\/div>\n<\/div>\n<\/div>\n<\/div>\n<\/div>\n<\/div>\n<\/div>\n<\/div>\n<\/div>\n<\/div>\n<\/div>\n<\/div>\n<\/div>\n<\/div>\n<\/div>\n<\/div>\n<\/div>\n<\/div>\n<\/div>\n<\/div>\n<\/div>\n<\/div>\n<\/div>\n<\/div>\n<\/div>\n<\/div>\n<\/div>\n<\/div>\n<\/div>\n<\/div>\n<\/div>\n<\/div>\n<\/div>\n<\/div>\n<\/div>\n<\/div>\n<\/div>\n<\/div>\n<\/div>\n<\/div>\n<\/div>\n<\/div>\n<\/div>\n<\/div>\n<\/div>\n<\/div>\n<\/div>\n<p>&nbsp;<\/p>\n<p><center><b>Venerdi 6<\/b><\/center><b>Tempo atteso: <\/b>Nuvolosit\u00e0 estesa con cielo da nuvoloso a molto nuvoloso.<br \/>\n<b>Precipitazioni: <\/b>Durante tutta la giornata possibili precipitazioni discontinue, generalmente molto deboli o deboli specie su Prealpi (70-90%) mentre su Dolomiti potranno risultare anche del tutto assenti sui settori settentrionali e in mattinata (30-50%) un p\u00f2 pi\u00f9 probabili nel pomeriggio ed in serata (50-70%). Attesi accumuli modesti, 0-5 mm su Dolomiti, fino a 10-15 mm su Prealpi occidentali. Limite neve oltre i 2100\/2300 m.<br \/>\n<b>Temperature: <\/b>Pressoch\u00e8 stazionarie o in lieve calo nei valori massimi a fondovalle. Su Prealpi a 1500 m: min 6 max 8, a 2000 m: min 2 max 4 Dolomiti &#8211; a 2000 m: min 2 max 5, a 3000 m: min -4 max -3<br \/>\n<b>Venti: <\/b>Nelle valli deboli\/moderati a regime di brezza, in quota moderati in rotazione da est al mattino e poi da nordest nel pomeriggio in intensificazione in serata, a 5-10 km\/h a 2000 m e 15-30 km\/h a 3000 m<\/p>\n<hr \/>\n<p><center><b>Sabato 7<\/b><\/center><b>Tempo atteso: <\/b>Nuvolosit\u00e0 estesa su tutta la montagna veneta in un contesto di cielo da nuvoloso a molto nuvoloso e poche possibilit\u00e0 di schiarite.<br \/>\n<b>Precipitazioni: <\/b>Al mattino possibili molto deboli sparse (30-50%) dalle ore centrali e nel pomeriggio aumento della probabilit\u00e0 di rovesci o isolati temporali (60\/80 %), questi ultimi maggiormente probabili su Prealpi. Limite neve oltre i 2200\/2400 m Attesi accumuli irregolari, 0-5 mm fino a 10-20 mm in caso di temporale.<br \/>\n<b>Temperature: <\/b>Minime stazionarie, massime stazionarie o in lieve aumento pi\u00f9 marcato a fondovalle per maggior soleggiamento. Su Prealpi a 1500 m: min 7 max 9, a 2000 m: min 4 max 5 Dolomiti a 2000 m: min 3 max 6, a 3000 m: min -3 max -2<br \/>\n<b>Venti: <\/b>nelle valli deboli\/moderati per brezze, in quota deboli\/moderati da nordest, a 5-10 km\/h a 2000 m e 15-25 km\/h a 3000 m<\/p>\n<hr \/>\n<p><center><b>Domenica 8<\/b><\/center>Variabile a tratti instabile con possibile qualche schiarita in pi\u00f9 rispetto a sabato specie su Dolomiti ma con nuvolosit\u00e0 ancora piuttosto presente ovunque con cielo generalmente nuvoloso. Possibili ancora rovesci o isolati temporali dalle ore centrali e nel pomeriggio specie su Prealpi. Limite neve oltre 2300\/2500 m Temperature generalmente stazionarie o in lieve aumento le massime. Venti nelle valli deboli\/moderati per brezze, in quota moderati orientali.<\/p>\n<hr \/>\n<p><center><b>Lunedi 9<\/b><\/center>Al mattino sereno o poco nuvoloso, dalle ore centrali e nel pomeriggio sviluppo di nuvolosit\u00e0 cumuliforme con qualche rovescio o temporale sparso possibile. Temperature in lieve aumento. Venti in quota deboli\/moderati da est\/nordest Previsore: DDL<\/p>\n<p>&nbsp;<\/p>\n<hr \/>\n<p>&nbsp;<\/p>\n<p>&nbsp;<\/p>\n<p><a href=\"https:\/\/www.radiopiu.net\/wordpress\/giornale-radiopiu-26-settembre-2018-direttore-mirko-mezzacasa\/viabilita-2\/\" rel=\"attachment wp-att-61954\"><img loading=\"lazy\" decoding=\"async\" class=\"aligncenter wp-image-61954 size-full\" src=\"https:\/\/www.radiopiu.net\/wordpress\/wp-content\/uploads\/2018\/09\/viabilita.jpeg\" sizes=\"auto, (max-width: 800px) 100vw, 800px\" srcset=\"https:\/\/www.radiopiu.net\/wordpress\/wp-content\/uploads\/2018\/09\/viabilita.jpeg 800w, https:\/\/www.radiopiu.net\/wordpress\/wp-content\/uploads\/2018\/09\/viabilita-300x38.jpeg 300w, https:\/\/www.radiopiu.net\/wordpress\/wp-content\/uploads\/2018\/09\/viabilita-768x96.jpeg 768w\" alt=\"\" width=\"800\" height=\"100\" \/><\/a><\/p>\n<p>&nbsp;<\/p>\n<blockquote class=\"wp-embedded-content\" data-secret=\"D02af5wTOP\"><p><a href=\"https:\/\/www.radiopiu.net\/wordpress\/viabilita\/\">viabilita<\/a><\/p><\/blockquote>\n<p><iframe loading=\"lazy\" class=\"wp-embedded-content\" sandbox=\"allow-scripts\" security=\"restricted\" style=\"position: absolute; clip: rect(1px, 1px, 1px, 1px);\" title=\"&#8220;viabilita&#8221; &#8212; Radio Pi\u00f9\" src=\"https:\/\/www.radiopiu.net\/wordpress\/viabilita\/embed\/#?secret=ob4S2hqwIp#?secret=D02af5wTOP\" data-secret=\"D02af5wTOP\" width=\"600\" height=\"338\" frameborder=\"0\" marginwidth=\"0\" marginheight=\"0\" scrolling=\"no\"><\/iframe><\/p>\n<p>&nbsp;<\/p>\n<hr \/>\n<p>&nbsp;<\/p>\n<p>&nbsp;<\/p>\n<p><img loading=\"lazy\" decoding=\"async\" class=\"wp-image-60761 size-full aligncenter\" src=\"https:\/\/www.radiopiu.net\/wordpress\/wp-content\/uploads\/2018\/09\/sport.jpg\" alt=\"\" width=\"800\" height=\"100\" srcset=\"https:\/\/www.radiopiu.net\/wordpress\/wp-content\/uploads\/2018\/09\/sport.jpg 800w, https:\/\/www.radiopiu.net\/wordpress\/wp-content\/uploads\/2018\/09\/sport-300x38.jpg 300w, https:\/\/www.radiopiu.net\/wordpress\/wp-content\/uploads\/2018\/09\/sport-768x96.jpg 768w\" sizes=\"auto, (max-width: 800px) 100vw, 800px\" \/><\/p>\n<p>&nbsp;<\/p>\n<p><span style=\"color: #0000ff;\"><strong>CALCIO\u00a0\u00a0<\/strong><\/span><\/p>\n<blockquote>\n<h3>CAMPIONATO AGORDINO 2022. LE SQUADRE. VOLTAGO<\/h3>\n<\/blockquote>\n<p><strong><a class=\"dt-pswp-item\" href=\"https:\/\/www.radiopiu.net\/wordpress\/wp-content\/uploads\/2022\/05\/VOLTAGO.png\" data-dt-img-description=\"\" data-large_image_width=\"500\" data-large_image_height=\"537\"><img loading=\"lazy\" decoding=\"async\" class=\"wp-image-273990 alignleft\" src=\"https:\/\/www.radiopiu.net\/wordpress\/wp-content\/uploads\/2022\/05\/VOLTAGO-279x300.png\" alt=\"\" width=\"114\" height=\"123\" srcset=\"https:\/\/www.radiopiu.net\/wordpress\/wp-content\/uploads\/2022\/05\/VOLTAGO-279x300.png 279w, https:\/\/www.radiopiu.net\/wordpress\/wp-content\/uploads\/2022\/05\/VOLTAGO.png 500w\" sizes=\"auto, (max-width: 114px) 100vw, 114px\" \/><\/a>REDAZIONE<\/strong> Ultima formazione del Campionato Agordino 2022 che vi presentiamo \u00e8 quella del Voltago. La formazione allenata da De Zaiacomo e rispecchia la comapgine che ha partecipato all&#8217;ultima edizione del 2019. Si aggiungono alcuni innesti nella rosa provenienti dal Frassen\u00e8 che quest&#8217;anno non si \u00e8 iscritto al torneo. Il Voltago si presenta all&#8217;edizione 2022 con un roster di tutto rispetto composto da giovani e senatori della formazione campione in carica del Memorial Denis Tonin.<\/p>\n<p><strong>SIMONE MERLIN, PRESIDENTE DEL VOLTAGO<\/strong><\/p>\n<audio class=\"wp-audio-shortcode\" id=\"audio-273896-18\" preload=\"none\" style=\"width: 100%;\" controls=\"controls\"><source type=\"audio\/mpeg\" src=\"https:\/\/www.radiopiu.net\/wordpress\/wp-content\/uploads\/2022\/05\/VOLTAGO-SIMONE-MERLIN.mp3?_=18\" \/><a href=\"https:\/\/www.radiopiu.net\/wordpress\/wp-content\/uploads\/2022\/05\/VOLTAGO-SIMONE-MERLIN.mp3\">https:\/\/www.radiopiu.net\/wordpress\/wp-content\/uploads\/2022\/05\/VOLTAGO-SIMONE-MERLIN.mp3<\/a><\/audio>\n<p>&nbsp;<\/p>\n<p><strong>LA RACCOLTA<\/strong><\/p>\n<blockquote class=\"wp-embedded-content\" data-secret=\"VPiCsw3zST\"><p><a href=\"https:\/\/www.radiopiu.net\/wordpress\/campionato-agordino-2022-ogni-giorno-una-squadra-ok\/\">CAMPIONATO AGORDINO 2022, OGNI GIORNO UNA SQUADRA. IL CAMMINO DI AVVICINAMENTO ALLA PRESENTAZIONE DEL 7 MAGGIO<\/a><\/p><\/blockquote>\n<p><iframe loading=\"lazy\" class=\"wp-embedded-content\" sandbox=\"allow-scripts\" security=\"restricted\" style=\"position: absolute; clip: rect(1px, 1px, 1px, 1px);\" title=\"&#8220;CAMPIONATO AGORDINO 2022, OGNI GIORNO UNA SQUADRA. IL CAMMINO DI AVVICINAMENTO ALLA PRESENTAZIONE DEL 7 MAGGIO&#8221; &#8212; Radio Pi\u00f9\" src=\"https:\/\/www.radiopiu.net\/wordpress\/campionato-agordino-2022-ogni-giorno-una-squadra-ok\/embed\/#?secret=9sd1STOnEM#?secret=VPiCsw3zST\" data-secret=\"VPiCsw3zST\" width=\"600\" height=\"338\" frameborder=\"0\" marginwidth=\"0\" marginheight=\"0\" scrolling=\"no\"><\/iframe><\/p>\n<p>&nbsp;<\/p>\n<hr \/>\n<p>&nbsp;<\/p>\n<p><span style=\"color: #0000ff;\"><strong>MOTORI\u00a0 \u00a0\u00a0<\/strong><\/span><\/p>\n<blockquote>\n<h3>FONTANA ALL&#8217;INIZIO DI UNA NUOVA STAGIONE<\/h3>\n<\/blockquote>\n<p><em><span class=\"\"><a class=\"dt-pswp-item\" href=\"https:\/\/www.radiopiu.net\/wordpress\/wp-content\/uploads\/2022\/05\/2a96a181-a3c5-f0bb-8aa9-8fdb7b8e08e0.jpg\" data-dt-img-description=\"\" data-large_image_width=\"1280\" data-large_image_height=\"720\"><img loading=\"lazy\" decoding=\"async\" class=\"size-thumbnail wp-image-274064 alignleft\" src=\"https:\/\/www.radiopiu.net\/wordpress\/wp-content\/uploads\/2022\/05\/2a96a181-a3c5-f0bb-8aa9-8fdb7b8e08e0-150x150.jpg\" alt=\"\" width=\"150\" height=\"150\" \/><\/a>Il pilota bellunese Andrea Fontana scender\u00e0 in pista per\u00a0difendere i colori di Bonaldi Motorsport nella Carrera Cup Italia che riaccende i motori questo fine settimana sul circuito di Imola.<\/span><\/em><br class=\"\" \/><br class=\"\" \/><span class=\"\">Quella che parte questo fine settimana sul circuito di Imola sara\u0300 l\u2019edizione numero sedici della Carrera Cup Italia, il monomarca organizzato da Porsche Italia che ormai rappresenta a livello nazionale uno dei campionati di riferimento per professionalita\u0300 e competitivita\u0300. Bonaldi Motorsport rilancia la sfida e lo fa con un nuovo pilota: sara\u0300, infatti, il bellunese Andrea Fontana a sedersi sulla nuova 992 che sfoggia come sempre la livrea nero-giallo-rossa. Classe 1996, Fontana ha gia\u0300 corso in Carrera Cup Italia nella stagione 2015 in cui da giovanissimo ha saputo mettersi in mostra nell\u2019ambito del Porsche Scholarship Programme. Quest&#8217;anno invece sar\u00e0 una sfida tutta nuova con l&#8217;arrivo del\u00a0nuovo modello di Stoccarda, la 992 GT3 CUP, caratterizzata dall&#8217; assenza dagli\u00a0ausili\u00a0elettronici\u00a0come ABS e controllo di trazione e che quindi lascia al pilota il controllo totale della vettura.\u00a0\u00a0<\/span><\/p>\n<p><span class=\"\"><strong class=\"\">PROGRAMMA DEL WEEKEND <\/strong><strong class=\"\">venerdi 6 maggio <\/strong>-dalle ore 15.50 alle ore 17.10 prove libere; <strong class=\"\">sabato 7 maggio <\/strong>-dalle ore 9.50 alle 10.30 prove di qualificazione; &#8211; alle ore 16.00 invece scatter\u00e0 Gara 1; <strong class=\"\">domenica 8 maggio <\/strong>&#8211; alle ore 12.30 invece scatter\u00e0 Gara 2; Confermate a livello di <strong class=\"\">copertura televisiva <\/strong>le dirette trasmesse dalla piattaforma Sky: in particolare la <strong class=\"\">gara di sabato<\/strong> sara\u0300 trasmessa in <strong class=\"\">diretta su Sky Sport Collection (ch. 205)<\/strong>, quella della <strong class=\"\">domenica da Sky Sport Arena\u00a0<\/strong>(ch. 204) e da<strong class=\"\"> Cielo<\/strong> (ch. 26 digitale terrestre).<\/span><span class=\"\"><span class=\"\" style=\"color: #ffffff; font-family: lato, helvetica neue, helvetica, arial, sans-serif;\">N A<\/span><\/span><\/p>\n<p><span style=\"color: #0000ff;\"><strong>\u00a0 \u00a0<\/strong><\/span><\/p>\n<hr \/>\n<p><span style=\"color: #0000ff;\"><strong>\u00a0<\/strong><\/span><\/p>\n<p><span style=\"color: #0000ff;\"><strong>CORSA CAMPESTRE<\/strong><\/span><\/p>\n<blockquote>\n<h3>LA &#8220;CORRI POI&#8221;, GARA PODISTICA A TAPPE TRA VOLTAGO, RIVAMONTE E GOSALDO<\/h3>\n<\/blockquote>\n<p><strong><a class=\"dt-pswp-item\" href=\"https:\/\/www.radiopiu.net\/wordpress\/wp-content\/uploads\/2022\/05\/Schermata-2022-05-05-alle-16.34.40.png\" data-dt-img-description=\"\" data-large_image_width=\"1314\" data-large_image_height=\"840\"><img loading=\"lazy\" decoding=\"async\" class=\"wp-image-274012 alignleft\" src=\"https:\/\/www.radiopiu.net\/wordpress\/wp-content\/uploads\/2022\/05\/Schermata-2022-05-05-alle-16.34.40-300x192.png\" alt=\"\" width=\"191\" height=\"122\" srcset=\"https:\/\/www.radiopiu.net\/wordpress\/wp-content\/uploads\/2022\/05\/Schermata-2022-05-05-alle-16.34.40-300x192.png 300w, https:\/\/www.radiopiu.net\/wordpress\/wp-content\/uploads\/2022\/05\/Schermata-2022-05-05-alle-16.34.40-1024x655.png 1024w, https:\/\/www.radiopiu.net\/wordpress\/wp-content\/uploads\/2022\/05\/Schermata-2022-05-05-alle-16.34.40-768x491.png 768w, https:\/\/www.radiopiu.net\/wordpress\/wp-content\/uploads\/2022\/05\/Schermata-2022-05-05-alle-16.34.40.png 1314w\" sizes=\"auto, (max-width: 191px) 100vw, 191px\" \/><\/a>VOLTAGO-RIVAMONTE-GOSALDO<\/strong> Nasce la &#8220;Corri P\u00f2i&#8221;, la gara podistica a tappe che si svolge nei paesi del P\u00f2i. Saranno quattro le tappe di questa prima edizione. Si parte da Rivamonte il 12 giugno con la &#8220;Riva-ron&#8221;. Il 31 luglio sar\u00e0 la volta di Gosaldo con &#8220;Ai pi\u00e8 de la Croda Granda&#8221;, il 3 settembre a Voltago in occasione della &#8220;Va pian ma riva&#8221; e l&#8217;ultima tappa a Frassen\u00e8 il 10 settembre con la &#8220;Frassen\u00e8 Cross&#8221;. L&#8217;obbiettivo della manifestazione \u00e8 quello di correre e divertirsi sulle strade del P\u00f2i assieme agli altri concorrenti. Chi parteciper\u00e0 ad almeno 3 dei 4 appuntamenti verr\u00e0 premiato con un gadget ricordo. Stesso discorso anche per il gruppo pi\u00f9 numeroso. Le premiazioni si terranno in occasione della gara di Frassen\u00e8 sabato 10 settembre quando verranno festeggiato anche i 100 anni del Gruppo Sportivo Frassen\u00e8. Le iscrizioni alle gare si regolarizzano presso i singoli Comitati Organizzatori.<\/p>\n<p>&nbsp;<\/p>\n<p>&nbsp;<\/p>\n<hr \/>\n<p>&nbsp;<\/p>\n<p><strong style=\"color: #0000ff;\">\u00a0<\/strong><\/p>\n<p><span style=\"color: #0000ff;\"><strong>IN PISCINA<\/strong><\/span><\/p>\n<blockquote>\n<h3>TRIS BRONZEO PER LE SINCRONETTE BELLUNESI<\/h3>\n<\/blockquote>\n<p><strong>BELLUNO<\/strong>\u00a0 <span id=\"page2R_mcid4\" class=\"markedContent\"><span dir=\"ltr\" role=\"presentation\">Le ragazze della Sportivamente Belluno collezionano medaglie di bronzo nella gara di \u201cCoreografie <\/span><span dir=\"ltr\" role=\"presentation\">Libere\u201d di nuoto sincronizzato. <\/span><\/span><span id=\"page2R_mcid5\" class=\"markedContent\"><span dir=\"ltr\" role=\"presentation\">La manifestazione, legata al Campionato interregionale Uisp, \u00e8 andata in scena nella piscina<\/span><br role=\"presentation\" \/><span dir=\"ltr\" role=\"presentation\">olimpionica di Lignano, al \u201cBella Italia Efa Village\u201d:<em> \u00abUna splendida esperienza &#8211; ha affermato la <\/em><\/span><em><span dir=\"ltr\" role=\"presentation\">coach Manuela Checconi -. Abbiamo colto l\u2019occasione di essere tutte insieme, cosa rara di questi <\/span><span dir=\"ltr\" role=\"presentation\">tempi,<\/span> <span dir=\"ltr\" role=\"presentation\">per andare in spiaggia a ripassare i balletti con i piedi nell\u2019acqua\u00bb. <\/span><\/em><\/span><span id=\"page2R_mcid6\" class=\"markedContent\"><span dir=\"ltr\" role=\"presentation\">Tre volte sul podio le sincronette bellunesi. Nel Solo, categoria Ragazze, con Beatrice Agnoli <\/span><span dir=\"ltr\" role=\"presentation\">(punteggio: 54,467); nel Duo, con le Juniores Lisa De Moliner e Francesca Iudica (48,800). E, <\/span><span dir=\"ltr\" role=\"presentation\">sempre in ambito Juniores, con la squadra composta da Agnoli, Barp, Bello, De Moliner, Fant, <\/span><span dir=\"ltr\" role=\"presentation\">Caputo, Rova, De Castello e Iudica (54,467). <\/span><\/span><span id=\"page2R_mcid7\" class=\"markedContent\"><span dir=\"ltr\" role=\"presentation\">Di rilievo pure le prestazioni delle altre coppie in gara: fra le Ragazze, quinto posto per De Castello <\/span><span dir=\"ltr\" role=\"presentation\">e Barp (51,933) e settimo per Agnoli e Fant (50,633); nella categoria Assolute, quinta piazza per <\/span><span dir=\"ltr\" role=\"presentation\">Gasperin e Cima (51,233) e sesta per Rova e Caputo (49,433). <\/span><\/span><span id=\"page2R_mcid8\" class=\"markedContent\"><span dir=\"ltr\" role=\"presentation\">Infine, ottimo quinto posto di squadra (Ragazze) grazie a Piazzi, Vignola, Ponti, Funes, De Barba, <\/span><span dir=\"ltr\" role=\"presentation\">Rubinetto, Bonotto, Gasperin e Cima.<\/span><\/span><\/p>\n\n\t\t\t<style type='text\/css'>\n\t\t\t\t#gallery-5 {\n\t\t\t\t\tmargin: auto;\n\t\t\t\t}\n\t\t\t\t#gallery-5 .gallery-item {\n\t\t\t\t\tfloat: left;\n\t\t\t\t\tmargin-top: 10px;\n\t\t\t\t\ttext-align: center;\n\t\t\t\t\twidth: 33%;\n\t\t\t\t}\n\t\t\t\t#gallery-5 img {\n\t\t\t\t\tborder: 2px solid #cfcfcf;\n\t\t\t\t}\n\t\t\t\t#gallery-5 .gallery-caption {\n\t\t\t\t\tmargin-left: 0;\n\t\t\t\t}\n\t\t\t\t\/* see gallery_shortcode() in wp-includes\/media.php *\/\n\t\t\t<\/style>\n\t\t<div id='gallery-5' class='dt-gallery-container gallery galleryid-273896 gallery-columns-3 gallery-size-thumbnail'><dl class='gallery-item'>\n\t\t\t\t<dt class='gallery-icon landscape'>\n\t\t\t\t\t<a class=\"rollover\" href='https:\/\/www.radiopiu.net\/wordpress\/tris-bronzeo-per-le-sincronette-bellunesi\/foto_di_gruppo\/'><img loading=\"lazy\" decoding=\"async\" width=\"150\" height=\"150\" src=\"https:\/\/www.radiopiu.net\/wordpress\/wp-content\/uploads\/2022\/05\/Foto_di_gruppo-150x150.jpg\" class=\"attachment-thumbnail size-thumbnail\" alt=\"\" \/><\/a>\n\t\t\t\t<\/dt><\/dl><dl class='gallery-item'>\n\t\t\t\t<dt class='gallery-icon portrait'>\n\t\t\t\t\t<a class=\"rollover\" href='https:\/\/www.radiopiu.net\/wordpress\/tris-bronzeo-per-le-sincronette-bellunesi\/de_moliner_e_iudica\/'><img loading=\"lazy\" decoding=\"async\" width=\"150\" height=\"150\" src=\"https:\/\/www.radiopiu.net\/wordpress\/wp-content\/uploads\/2022\/05\/De_Moliner_e_Iudica-150x150.jpg\" class=\"attachment-thumbnail size-thumbnail\" alt=\"\" \/><\/a>\n\t\t\t\t<\/dt><\/dl><dl class='gallery-item'>\n\t\t\t\t<dt class='gallery-icon portrait'>\n\t\t\t\t\t<a class=\"rollover\" href='https:\/\/www.radiopiu.net\/wordpress\/tris-bronzeo-per-le-sincronette-bellunesi\/beatrice_agnoli-2\/'><img loading=\"lazy\" decoding=\"async\" width=\"150\" height=\"150\" src=\"https:\/\/www.radiopiu.net\/wordpress\/wp-content\/uploads\/2022\/05\/Beatrice_Agnoli-150x150.jpg\" class=\"attachment-thumbnail size-thumbnail\" alt=\"\" \/><\/a>\n\t\t\t\t<\/dt><\/dl><br style=\"clear: both\" \/>\n\t\t\t<\/div>\n\n<p>&nbsp;<\/p>\n<p>&nbsp;<\/p>\n<hr \/>\n<p>&nbsp;<\/p>\n<p>&nbsp;<\/p>\n<p><span style=\"color: #0000ff;\"><strong>\u00a0HOCKEY GHIACCIO\u00a0<\/strong><\/span><\/p>\n<p><strong>L&#8217;Italia la porta a casa per 3-1 e continua a convincere.\u00a0 \u00a0<\/strong><\/p>\n<\/div>\n<div><\/div>\n<div class=\"page-title-head hgroup\">\n<table width=\"100%\">\n<tbody>\n<tr>\n<td>\n<table width=\"100%\">\n<tbody>\n<tr>\n<td>\n<table width=\"100%\">\n<tbody>\n<tr>\n<td>\n<blockquote>\n<h3><span style=\"font-family: inherit; font-size: inherit; font-weight: normal;\"><a class=\"dt-pswp-item\" href=\"https:\/\/www.radiopiu.net\/wordpress\/wp-content\/uploads\/2022\/05\/7fe400e8-4c35-a3a5-fd43-12bffb675144.jpg\" data-dt-img-description=\"\" data-large_image_width=\"1200\" data-large_image_height=\"801\"><img loading=\"lazy\" decoding=\"async\" class=\"size-thumbnail wp-image-274065 alignleft\" src=\"https:\/\/www.radiopiu.net\/wordpress\/wp-content\/uploads\/2022\/05\/7fe400e8-4c35-a3a5-fd43-12bffb675144-150x150.jpg\" alt=\"\" width=\"150\" height=\"150\" \/><\/a><\/span><\/h3>\n<h3><\/h3>\n<h3><\/h3>\n<h3><strong><span style=\"font-family: inherit; font-size: inherit;\">3-1 alla Gran Bretagna a Milton Keynes\u00a0<\/span><\/strong><\/h3>\n<\/blockquote>\n<\/td>\n<\/tr>\n<\/tbody>\n<\/table>\n<\/td>\n<\/tr>\n<\/tbody>\n<\/table>\n<\/td>\n<\/tr>\n<tr>\n<td>\n<table width=\"100%\">\n<tbody>\n<tr>\n<td><\/td>\n<\/tr>\n<\/tbody>\n<\/table>\n<table width=\"100%\">\n<tbody>\n<tr>\n<td>\n<table width=\"100%\">\n<tbody>\n<tr>\n<td>\n<h4>Quinta amichevole del pre-mondiale, prima in questo doppio confronto con i padroni di casa (prossima il 10 Maggio a Coventry), la formazione allenata da Greg Ireland cerca il secondo successo consecutivo (sarebbe la prima volta) per portare il bilancio sul 3-2.<\/h4>\n<\/td>\n<\/tr>\n<\/tbody>\n<\/table>\n<\/td>\n<\/tr>\n<\/tbody>\n<\/table>\n<\/td>\n<\/tr>\n<\/tbody>\n<\/table>\n<p>&nbsp;<\/p>\n<p>&nbsp;<\/p>\n<p>&nbsp;<\/p>\n<p>&nbsp;<\/p>\n<\/div>\n<\/div>\n<\/div>\n<\/div>\n<\/div>\n<\/div>\n<\/div>\n<\/div>\n<\/div>\n<\/div>\n<\/div>\n<\/div>\n<\/div>\n<\/div>\n<\/div>\n<\/div>\n<\/div>\n<\/div>\n<\/div>\n<\/div>\n<\/div>\n<\/div>\n<\/div>\n<\/div>\n<\/div>\n<\/div>\n<\/div>\n<\/div>\n<\/div>\n<\/div>\n<\/div>\n<\/div>\n<\/div>\n<\/div>\n<\/div>\n<\/div>\n<\/div>\n<\/div>\n<\/div>\n<\/div>\n<\/div>\n<\/div>\n<\/div>\n<\/div>\n<\/div>\n<\/div>\n<\/div>\n<\/div>\n<\/div>\n<\/div>\n<\/div>\n<\/div>\n<\/div>\n<\/div>\n<\/div>\n<\/div>\n<\/div>\n<\/div>\n<\/div>\n<\/div>\n<\/div>\n<\/div>\n<\/div>\n<\/div>\n<\/div>\n<\/div>\n<\/div>\n<\/div>\n<\/div>\n<\/div>\n<\/div>\n<\/div>\n<\/div>\n<\/div>\n<\/div>\n<\/div>\n<\/div>\n<\/div>\n<\/div>\n<\/div>\n<\/div>\n<\/div>\n<\/div>\n<\/div>\n<\/div>\n<\/div>\n<\/div>\n<\/div>\n<\/div>\n<\/div>\n<\/div>\n<\/div>\n<\/div>\n<\/div>\n<\/div>\n<\/div>\n<\/div>\n<\/div>\n<\/div>\n<\/div>\n<\/div>\n<\/div>\n<\/div>\n<\/div>\n<\/div>\n","protected":false},"excerpt":{"rendered":"<p>RADIO PIU INFORMAZIONE il canale su TELEGRAM informazione di prima\u00a0 mano e in tempo reale. iscriviti ed aiutaci a farlo conoscere\u00a0 &nbsp; &nbsp; SP 3, IN COMUNE DI GOSALDO: CHIUSA PER DIECI GIORNI SEDICO Da Veneto Strade, interdizione totale alla viabilita&#8217;, provinciale Agordo-Rivamonte PROVINCIALE 3 DI VALLE IMPERINA in Comune di Gosaldo al chilometro 11,&hellip;<\/p>\n","protected":false},"author":4,"featured_media":274083,"comment_status":"closed","ping_status":"closed","sticky":false,"template":"","format":"standard","meta":{"_monsterinsights_skip_tracking":false,"_monsterinsights_sitenote_active":false,"_monsterinsights_sitenote_note":"","_monsterinsights_sitenote_category":0,"footnotes":""},"categories":[51,86,49],"tags":[],"class_list":["post-273896","post","type-post","status-publish","format-standard","has-post-thumbnail","hentry","category-evidenza-top","category-gr","category-news-18","category-51","category-86","category-49","description-off"],"img_url":"https:\/\/www.radiopiu.net\/wordpress\/wp-content\/uploads\/2022\/05\/sss-1.jpg","_links":{"self":[{"href":"https:\/\/www.radiopiu.net\/wordpress\/wp-json\/wp\/v2\/posts\/273896","targetHints":{"allow":["GET"]}}],"collection":[{"href":"https:\/\/www.radiopiu.net\/wordpress\/wp-json\/wp\/v2\/posts"}],"about":[{"href":"https:\/\/www.radiopiu.net\/wordpress\/wp-json\/wp\/v2\/types\/post"}],"author":[{"embeddable":true,"href":"https:\/\/www.radiopiu.net\/wordpress\/wp-json\/wp\/v2\/users\/4"}],"replies":[{"embeddable":true,"href":"https:\/\/www.radiopiu.net\/wordpress\/wp-json\/wp\/v2\/comments?post=273896"}],"version-history":[{"count":0,"href":"https:\/\/www.radiopiu.net\/wordpress\/wp-json\/wp\/v2\/posts\/273896\/revisions"}],"wp:featuredmedia":[{"embeddable":true,"href":"https:\/\/www.radiopiu.net\/wordpress\/wp-json\/wp\/v2\/media\/274083"}],"wp:attachment":[{"href":"https:\/\/www.radiopiu.net\/wordpress\/wp-json\/wp\/v2\/media?parent=273896"}],"wp:term":[{"taxonomy":"category","embeddable":true,"href":"https:\/\/www.radiopiu.net\/wordpress\/wp-json\/wp\/v2\/categories?post=273896"},{"taxonomy":"post_tag","embeddable":true,"href":"https:\/\/www.radiopiu.net\/wordpress\/wp-json\/wp\/v2\/tags?post=273896"}],"curies":[{"name":"wp","href":"https:\/\/api.w.org\/{rel}","templated":true}]}}