{"id":273903,"date":"2022-05-05T05:58:06","date_gmt":"2022-05-05T03:58:06","guid":{"rendered":"https:\/\/www.radiopiu.net\/wordpress\/?p=273903"},"modified":"2022-05-05T06:15:03","modified_gmt":"2022-05-05T04:15:03","slug":"fatto-inginocchiare-e-preso-a-schiaffoni","status":"publish","type":"post","link":"https:\/\/www.radiopiu.net\/wordpress\/fatto-inginocchiare-e-preso-a-schiaffoni\/","title":{"rendered":"FATTO INGINOCCHIARE E PRESO A SCHIAFFONI"},"content":{"rendered":"<p><strong>OGGI SUL CORRIERE DELLE ALPI<\/strong><\/p>\n<p><strong>di\u00a0 GIGI SOSSO\u00a0<\/strong><\/p>\n<p><strong><img loading=\"lazy\" decoding=\"async\" class=\"alignleft\" src=\"https:\/\/www.radiopiu.net\/wordpress\/wp-content\/uploads\/2018\/09\/POLIZIA-2.jpg\" width=\"254\" height=\"169\" \/>BELLUNO<\/strong>\u00a0 Quindici contro uno. Da una parte una baby gang di minorenni e dall&#8217;altra un maggiorenne, che ha come unica colpa quella di aver avuto una storia con l&#8217;attuale morosa del capobranco e scatta la spedizione punitiva di vecchio stampo squadrista. Prima un&#8217;umiliazione pubblica, poi pugni e schiaffi e, a distanza di qualche giorno, l&#8217;inevitabile querela per i due che hanno alzato le mani contro una persona inerme. L&#8217;atto \u00e8 stato depositato in questura qualche giorno fa e ha mosso la Procura dei Minori di Venezia, anche sulla base di un certificato medico, che \u00e8 stato emesso dal Pronto soccorso dell&#8217;ospedale San Martino. Le indagini sono in corso, certo il fatto cos\u00ec come descritto dalla parte offesa e da alcuni testimoni \u00e8 inquietante&#8230;<\/p>\n<p>Tra il parco Citt\u00e0 di Bologna e piazza Piloni in quindici tendono l&#8217;agguato, dove sanno che passer\u00e0 sicuramente per andare a casa e lo circondano. Sempre secondo una prima ricostruzione, sulla quale la polizia sta cercando i necessari riscontri, in due lo costringono a inginocchiarsi e chiedere scusa per uno sgarbo, che \u00e8 ancora perdonabile.\u00a0 I bulli lo colpiscono con pugni e schiaffi e solo la minaccia di alcuni testimoni di chiamare la polizia convince il branco prima ad andarsene e poi a disperdersi. Gli indagati sono due in concorso, ma saranno valutate con attenzione anche le posizioni di tutti gli altri,\u00a0 il quadro \u00e8 gi\u00e0 abbastanza delineato. Ora i tempi della Procura e del Tribunale dei Minori.<\/p>\n<p>___<\/p>\n","protected":false},"excerpt":{"rendered":"<p>OGGI SUL CORRIERE DELLE ALPI di\u00a0 GIGI SOSSO\u00a0 BELLUNO\u00a0 Quindici contro uno. Da una parte una baby gang di minorenni e dall&#8217;altra un maggiorenne, che ha come unica colpa quella di aver avuto una storia con l&#8217;attuale morosa del capobranco e scatta la spedizione punitiva di vecchio stampo squadrista. Prima un&#8217;umiliazione pubblica, poi pugni e&hellip;<\/p>\n","protected":false},"author":4,"featured_media":60259,"comment_status":"closed","ping_status":"closed","sticky":false,"template":"","format":"standard","meta":{"_monsterinsights_skip_tracking":false,"_monsterinsights_sitenote_active":false,"_monsterinsights_sitenote_note":"","_monsterinsights_sitenote_category":0,"footnotes":""},"categories":[51,49],"tags":[],"class_list":["post-273903","post","type-post","status-publish","format-standard","has-post-thumbnail","hentry","category-evidenza-top","category-news-18","category-51","category-49","description-off"],"img_url":"https:\/\/www.radiopiu.net\/wordpress\/wp-content\/uploads\/2018\/09\/POLIZIA-2.jpg","_links":{"self":[{"href":"https:\/\/www.radiopiu.net\/wordpress\/wp-json\/wp\/v2\/posts\/273903","targetHints":{"allow":["GET"]}}],"collection":[{"href":"https:\/\/www.radiopiu.net\/wordpress\/wp-json\/wp\/v2\/posts"}],"about":[{"href":"https:\/\/www.radiopiu.net\/wordpress\/wp-json\/wp\/v2\/types\/post"}],"author":[{"embeddable":true,"href":"https:\/\/www.radiopiu.net\/wordpress\/wp-json\/wp\/v2\/users\/4"}],"replies":[{"embeddable":true,"href":"https:\/\/www.radiopiu.net\/wordpress\/wp-json\/wp\/v2\/comments?post=273903"}],"version-history":[{"count":0,"href":"https:\/\/www.radiopiu.net\/wordpress\/wp-json\/wp\/v2\/posts\/273903\/revisions"}],"wp:featuredmedia":[{"embeddable":true,"href":"https:\/\/www.radiopiu.net\/wordpress\/wp-json\/wp\/v2\/media\/60259"}],"wp:attachment":[{"href":"https:\/\/www.radiopiu.net\/wordpress\/wp-json\/wp\/v2\/media?parent=273903"}],"wp:term":[{"taxonomy":"category","embeddable":true,"href":"https:\/\/www.radiopiu.net\/wordpress\/wp-json\/wp\/v2\/categories?post=273903"},{"taxonomy":"post_tag","embeddable":true,"href":"https:\/\/www.radiopiu.net\/wordpress\/wp-json\/wp\/v2\/tags?post=273903"}],"curies":[{"name":"wp","href":"https:\/\/api.w.org\/{rel}","templated":true}]}}