{"id":273963,"date":"2022-05-06T05:54:01","date_gmt":"2022-05-06T03:54:01","guid":{"rendered":"https:\/\/www.radiopiu.net\/wordpress\/?p=273963"},"modified":"2022-05-06T06:14:57","modified_gmt":"2022-05-06T04:14:57","slug":"studenti-ai-blocchi-di-partenza-sui-banchi-dal-12-settembre","status":"publish","type":"post","link":"https:\/\/www.radiopiu.net\/wordpress\/studenti-ai-blocchi-di-partenza-sui-banchi-dal-12-settembre\/","title":{"rendered":"STUDENTI AI BLOCCHI DI PARTENZA, SUI BANCHI DAL 12 SETTEMBRE"},"content":{"rendered":"<p><strong><img loading=\"lazy\" decoding=\"async\" class=\"alignleft\" src=\"https:\/\/www.radiopiu.net\/wordpress\/wp-content\/uploads\/2022\/04\/Scuola-Villabruna-2-scaled.jpg\" width=\"302\" height=\"170\" \/>VENEZIA<\/strong> \u00c8 stata approvata dalla Giunta regionale e pubblicata sul BUR la delibera \u00a0che fissa le date del nuovo calendario scolastico valido per l\u2019Anno Scolastico 2022-23 nelle scuole della Regione del Veneto. L\u2019inizio dell\u2019attivit\u00e0 per le scuole di primo e secondo ciclo di istruzione \u00e8 prevista per luned\u00ec 12 settembre 2022.<b> \u00a0<\/b>Per quanto riguarda le festivit\u00e0, le scuole saranno chiuse il 31 ottobre 2022 (in occasione del ponte per solennit\u00e0 di tutti i Santi), dall\u20198 dicembre al 10 dicembre 2022 (ponte dell\u2019Immacolata) dal 24 dicembre 2022 al 7 gennaio 2023 per le vacanze natalizie, dal 20 febbraio al 22 febbraio 2023 (carnevale e Mercoled\u00ec delle Ceneri), dal 6 aprile al 8 aprile 2023 per le vacanze pasquali, il 24 aprile 2023 (ponte anniversario della Liberazione) ed il 3 giugno 2023 (ponte festa nazionale della Repubblica). La conclusione dell\u2019attivit\u00e0 scolastica \u00e8 in programma per sabato 10 giugno 2023. Per quanto concerne le scuole dell\u2019infanzia resta valido il calendario, che prevede l\u2019inizio dell\u2019attivit\u00e0 didattica luned\u00ec 12 settembre e la sospensione nelle stesse date previste per le scuole degli altri gradi, mentre la conclusione dell\u2019attivit\u00e0 \u00e8 fissata per venerd\u00ec 30 giugno 2023.<\/p>\n<p>&nbsp;<\/p>\n<hr \/>\n<p>&nbsp;<\/p>\n","protected":false},"excerpt":{"rendered":"<p>VENEZIA \u00c8 stata approvata dalla Giunta regionale e pubblicata sul BUR la delibera \u00a0che fissa le date del nuovo calendario scolastico valido per l\u2019Anno Scolastico 2022-23 nelle scuole della Regione del Veneto. L\u2019inizio dell\u2019attivit\u00e0 per le scuole di primo e secondo ciclo di istruzione \u00e8 prevista per luned\u00ec 12 settembre 2022. \u00a0Per quanto riguarda le&hellip;<\/p>\n","protected":false},"author":4,"featured_media":269267,"comment_status":"closed","ping_status":"closed","sticky":false,"template":"","format":"standard","meta":{"_monsterinsights_skip_tracking":false,"_monsterinsights_sitenote_active":false,"_monsterinsights_sitenote_note":"","_monsterinsights_sitenote_category":0,"footnotes":""},"categories":[51,49],"tags":[],"class_list":["post-273963","post","type-post","status-publish","format-standard","has-post-thumbnail","hentry","category-evidenza-top","category-news-18","category-51","category-49","description-off"],"img_url":"https:\/\/www.radiopiu.net\/wordpress\/wp-content\/uploads\/2022\/04\/Scuola-Villabruna-2-scaled.jpg","_links":{"self":[{"href":"https:\/\/www.radiopiu.net\/wordpress\/wp-json\/wp\/v2\/posts\/273963","targetHints":{"allow":["GET"]}}],"collection":[{"href":"https:\/\/www.radiopiu.net\/wordpress\/wp-json\/wp\/v2\/posts"}],"about":[{"href":"https:\/\/www.radiopiu.net\/wordpress\/wp-json\/wp\/v2\/types\/post"}],"author":[{"embeddable":true,"href":"https:\/\/www.radiopiu.net\/wordpress\/wp-json\/wp\/v2\/users\/4"}],"replies":[{"embeddable":true,"href":"https:\/\/www.radiopiu.net\/wordpress\/wp-json\/wp\/v2\/comments?post=273963"}],"version-history":[{"count":0,"href":"https:\/\/www.radiopiu.net\/wordpress\/wp-json\/wp\/v2\/posts\/273963\/revisions"}],"wp:featuredmedia":[{"embeddable":true,"href":"https:\/\/www.radiopiu.net\/wordpress\/wp-json\/wp\/v2\/media\/269267"}],"wp:attachment":[{"href":"https:\/\/www.radiopiu.net\/wordpress\/wp-json\/wp\/v2\/media?parent=273963"}],"wp:term":[{"taxonomy":"category","embeddable":true,"href":"https:\/\/www.radiopiu.net\/wordpress\/wp-json\/wp\/v2\/categories?post=273963"},{"taxonomy":"post_tag","embeddable":true,"href":"https:\/\/www.radiopiu.net\/wordpress\/wp-json\/wp\/v2\/tags?post=273963"}],"curies":[{"name":"wp","href":"https:\/\/api.w.org\/{rel}","templated":true}]}}