{"id":274061,"date":"2022-05-07T06:00:27","date_gmt":"2022-05-07T04:00:27","guid":{"rendered":"https:\/\/www.radiopiu.net\/wordpress\/?p=274061"},"modified":"2022-05-07T12:46:16","modified_gmt":"2022-05-07T10:46:16","slug":"giornale-radiopiu-07-maggio-2022-direttore-mirko-mezzacasa","status":"publish","type":"post","link":"https:\/\/www.radiopiu.net\/wordpress\/giornale-radiopiu-07-maggio-2022-direttore-mirko-mezzacasa\/","title":{"rendered":"GIORNALE RADIOPIU 07 MAGGIO 2022 DIRETTORE MIRKO MEZZACASA"},"content":{"rendered":"<h3 class=\"kvgmc6g5 cxmmr5t8 oygrvhab hcukyx3x c1et5uql\"><span style=\"color: #0000ff;\"><strong>RADIO PIU INFORMAZIONE il canale su TELEGRAM informazione di prima\u00a0 <\/strong><\/span><span style=\"color: #0000ff;\"><strong>mano e in tempo reale. iscriviti ed aiutaci a farlo conoscere\u00a0 <\/strong><\/span><\/h3>\n<hr \/>\n<h3><span style=\"color: #ff0000;\">\u00a0<\/span><\/h3>\n<h3><\/h3>\n<blockquote>\n<blockquote>\n<h3><a class=\"dt-pswp-item\" href=\"https:\/\/www.radiopiu.net\/wordpress\/wp-content\/uploads\/2020\/09\/CACCIATORE.jpg\" data-dt-img-description=\"\" data-large_image_width=\"1920\" data-large_image_height=\"1219\"><img loading=\"lazy\" decoding=\"async\" class=\"size-thumbnail wp-image-162181 alignleft\" src=\"https:\/\/www.radiopiu.net\/wordpress\/wp-content\/uploads\/2020\/09\/CACCIATORE-150x150.jpg\" alt=\"\" width=\"150\" height=\"150\" srcset=\"https:\/\/www.radiopiu.net\/wordpress\/wp-content\/uploads\/2020\/09\/CACCIATORE-150x150.jpg 150w, https:\/\/www.radiopiu.net\/wordpress\/wp-content\/uploads\/2020\/09\/CACCIATORE-125x125.jpg 125w, https:\/\/www.radiopiu.net\/wordpress\/wp-content\/uploads\/2020\/09\/CACCIATORE-200x200.jpg 200w, https:\/\/www.radiopiu.net\/wordpress\/wp-content\/uploads\/2020\/09\/CACCIATORE-80x80.jpg 80w\" sizes=\"auto, (max-width: 150px) 100vw, 150px\" \/><\/a>UN&#8217;ESERCITAZIONE DEI CACCIATORI AI CONFINI DEL PARCO- ZONA UNESCO<\/h3>\n<\/blockquote>\n<p>Domani\u00a0 a La Valle Agordina &#8211; la prossima domenica\u00a0 in caso di maltempo &#8211; verr\u00e0 chiusa l\u2019Alta via n. 1 dal Passo Duran al Moschesin per un\u2019esercitazione di tiro organizzata dalla sezione di caccia di La Valle. Inevitabile e giustificate le\u00a0 polemiche e le perplessit\u00e0 per la scelta del luogo,\u00a0 come \u00e8 possibile sia stato concesso il permesso di un&#8217;esercitazione con armi in un\u2019oasi di pace<\/p>\n<p>ai confini del Parco Nazionale Dolomiti Bellunesi e in zona Unesco?<\/p>\n<p>&nbsp;<\/p>\n\n\t\t\t<style type='text\/css'>\n\t\t\t\t#gallery-1 {\n\t\t\t\t\tmargin: auto;\n\t\t\t\t}\n\t\t\t\t#gallery-1 .gallery-item {\n\t\t\t\t\tfloat: left;\n\t\t\t\t\tmargin-top: 10px;\n\t\t\t\t\ttext-align: center;\n\t\t\t\t\twidth: 50%;\n\t\t\t\t}\n\t\t\t\t#gallery-1 img {\n\t\t\t\t\tborder: 2px solid #cfcfcf;\n\t\t\t\t}\n\t\t\t\t#gallery-1 .gallery-caption {\n\t\t\t\t\tmargin-left: 0;\n\t\t\t\t}\n\t\t\t\t\/* see gallery_shortcode() in wp-includes\/media.php *\/\n\t\t\t<\/style>\n\t\t<div id='gallery-1' class='dt-gallery-container gallery galleryid-274061 gallery-columns-2 gallery-size-medium'><dl class='gallery-item'>\n\t\t\t\t<dt class='gallery-icon portrait'>\n\t\t\t\t\t<a class=\"rollover rollover-zoom dt-pswp-item\" title=\"6bb1730a-4b5f-4338-8140-4ee07105c5cc\" data-dt-img-description=\"\" data-large_image_width=\"1200\" data-large_image_height=\"1600\"href='https:\/\/www.radiopiu.net\/wordpress\/wp-content\/uploads\/2022\/05\/6bb1730a-4b5f-4338-8140-4ee07105c5cc.jpg'><img loading=\"lazy\" decoding=\"async\" width=\"225\" height=\"300\" src=\"https:\/\/www.radiopiu.net\/wordpress\/wp-content\/uploads\/2022\/05\/6bb1730a-4b5f-4338-8140-4ee07105c5cc-225x300.jpg\" class=\"attachment-medium size-medium\" alt=\"\" srcset=\"https:\/\/www.radiopiu.net\/wordpress\/wp-content\/uploads\/2022\/05\/6bb1730a-4b5f-4338-8140-4ee07105c5cc-225x300.jpg 225w, https:\/\/www.radiopiu.net\/wordpress\/wp-content\/uploads\/2022\/05\/6bb1730a-4b5f-4338-8140-4ee07105c5cc-768x1024.jpg 768w, https:\/\/www.radiopiu.net\/wordpress\/wp-content\/uploads\/2022\/05\/6bb1730a-4b5f-4338-8140-4ee07105c5cc-1152x1536.jpg 1152w, https:\/\/www.radiopiu.net\/wordpress\/wp-content\/uploads\/2022\/05\/6bb1730a-4b5f-4338-8140-4ee07105c5cc.jpg 1200w\" sizes=\"auto, (max-width: 225px) 100vw, 225px\" \/><\/a>\n\t\t\t\t<\/dt><\/dl><dl class='gallery-item'>\n\t\t\t\t<dt class='gallery-icon portrait'>\n\t\t\t\t\t<a class=\"rollover rollover-zoom dt-pswp-item\" title=\"e76d7329-1398-4155-bd96-947a5cdfedee\" data-dt-img-description=\"\" data-large_image_width=\"881\" data-large_image_height=\"1496\"href='https:\/\/www.radiopiu.net\/wordpress\/wp-content\/uploads\/2022\/05\/e76d7329-1398-4155-bd96-947a5cdfedee.jpg'><img loading=\"lazy\" decoding=\"async\" width=\"177\" height=\"300\" src=\"https:\/\/www.radiopiu.net\/wordpress\/wp-content\/uploads\/2022\/05\/e76d7329-1398-4155-bd96-947a5cdfedee-177x300.jpg\" class=\"attachment-medium size-medium\" alt=\"\" srcset=\"https:\/\/www.radiopiu.net\/wordpress\/wp-content\/uploads\/2022\/05\/e76d7329-1398-4155-bd96-947a5cdfedee-177x300.jpg 177w, https:\/\/www.radiopiu.net\/wordpress\/wp-content\/uploads\/2022\/05\/e76d7329-1398-4155-bd96-947a5cdfedee-603x1024.jpg 603w, https:\/\/www.radiopiu.net\/wordpress\/wp-content\/uploads\/2022\/05\/e76d7329-1398-4155-bd96-947a5cdfedee-768x1304.jpg 768w, https:\/\/www.radiopiu.net\/wordpress\/wp-content\/uploads\/2022\/05\/e76d7329-1398-4155-bd96-947a5cdfedee.jpg 881w\" sizes=\"auto, (max-width: 177px) 100vw, 177px\" \/><\/a>\n\t\t\t\t<\/dt><\/dl><br style=\"clear: both\" \/>\n\t\t\t<\/div>\n\n<p>&nbsp;<\/p>\n<p>&nbsp;<\/p>\n<p>&nbsp;<\/p><\/blockquote>\n<h3 class=\"kvgmc6g5 cxmmr5t8 oygrvhab hcukyx3x c1et5uql\"><\/h3>\n<p>&nbsp;<\/p>\n<p>&nbsp;<\/p>\n<hr \/>\n<blockquote>\n<h3><\/h3>\n<h3>PUNTO TAMPONI STRAORDINARIO NEL WEEKEND A PALUDI<\/h3>\n<\/blockquote>\n<p>L\u2019Ulss Dolomiti attiva per oggi e domani dalle 8.30 alle 14.00 un punto tamponi a Paludi per persone con sintomatologia covid, ad accesso libero. Sar\u00e0 presente un medico per un triage all\u2019ingresso e l\u2019eventuale prescrizione. Non\u00a0 \u00e8 quindi necessario chiamare il 118 o la Guardia medica per l\u2019impegnativa.<br \/>\nSi invitano le persone a non rivolgersi al 118 per richieste di prescrizione di tampone. L\u2019accesso libero \u00e8 previsto per tutti i weekend del mese di maggio.<\/p>\n<p>&nbsp;<\/p>\n<hr \/>\n<p>&nbsp;<\/p>\n<blockquote>\n<h3>INTERRUZIONI SERVIZIO IDRICO<\/h3>\n<\/blockquote>\n<p><strong>COLLE SANTA LUCIA E LIVINALLONGO<\/strong> Gestione Servizi Pubblici informa che, per lavori alla rete idrica comunale, lunedi\u00a0 dalle 8 alle\u00a0 17 potrebbe mancare l&#8217;acqua in Comune di Colle Santa Lucia, nelle localit\u00e0 Belvedere, Ti\u00e8, Canazei, Zernadoi, Soppause, Palua, Villagrande. Nelle giornate di lunedi e martedi stessa situazione dalle 8 alle 17 in comune di Livinallongo nelle localit\u00e0 Bo\u00e8, Palluacia, Mesd\u00ec e Colesel.<\/p>\n<p>&nbsp;<\/p>\n<p>&nbsp;<\/p>\n<hr \/>\n<p>&nbsp;<\/p>\n<blockquote>\n<h3>SP 3, IN COMUNE DI GOSALDO: CHIUSA PER DIECI GIORNI<\/h3>\n<\/blockquote>\n<p><strong><a class=\"dt-pswp-item\" href=\"https:\/\/www.radiopiu.net\/wordpress\/wp-content\/uploads\/2020\/05\/VENETO-STRADE.png\" data-dt-img-description=\"\" data-large_image_width=\"400\" data-large_image_height=\"400\"><img loading=\"lazy\" decoding=\"async\" class=\"size-thumbnail wp-image-135574 alignleft\" src=\"https:\/\/www.radiopiu.net\/wordpress\/wp-content\/uploads\/2020\/05\/VENETO-STRADE-150x150.png\" alt=\"\" width=\"150\" height=\"150\" srcset=\"https:\/\/www.radiopiu.net\/wordpress\/wp-content\/uploads\/2020\/05\/VENETO-STRADE-150x150.png 150w, https:\/\/www.radiopiu.net\/wordpress\/wp-content\/uploads\/2020\/05\/VENETO-STRADE-300x300.png 300w, https:\/\/www.radiopiu.net\/wordpress\/wp-content\/uploads\/2020\/05\/VENETO-STRADE.png 400w\" sizes=\"auto, (max-width: 150px) 100vw, 150px\" \/><\/a>SEDICO <\/strong>Da Veneto Strade, interdizione totale alla viabilita&#8217;, provinciale Agordo-Rivamonte<\/p>\n<p><strong>PROVINCIALE 3 DI VALLE IMPERINA<\/strong> in Comune di Gosaldo al chilometro 11, da lunedi 9 maggio al 13 maggio compreso, e al chilometro 12,500 dal 9 al 20 maggio, interdizione totale alla circolazione stradale per lavori di consolidamento del piano viabile a fasce orarie: DALLE 8 ALLE 12.45, DALLE 13.45 ALLE 16 E DALLE 16.30 ALLE 18. Alternativa 347 del Duran e Cereda (Gosaldo-Forcella Aurine-Frassene&#8217;-Voltago-Agordo). Durante le aperture senso unico alternato regolato da movieri<\/p>\n<blockquote>\n<h3>CIAK SI GIRA, E CHIUDE LA PROVINCIALE DELLA VAL FIORENTINA<\/h3>\n<\/blockquote>\n<p><strong>SELVA DI CADORE<\/strong> Lunedi 9 maggio dalle 8 alle 16 chiusura della provinciale 20 della Val Fiorentina con intervalli di\u00a0 30 minuti per permettere le riprese cinematografiche. Durante le aperture si potr\u00e0 transitare a senso unico alternato regolato da moviere<\/p>\n<p>&nbsp;<\/p>\n<p>&nbsp;<\/p>\n<hr \/>\n<p>&nbsp;<\/p>\n<blockquote>\n<h3 style=\"text-align: center;\">NO VAX LEGATI AI LETTI E DERISI, L&#8217;ULSS AVVIA LE VERIFICHE<\/h3>\n<\/blockquote>\n<p><strong><a class=\"dt-pswp-item\" href=\"https:\/\/www.radiopiu.net\/wordpress\/wp-content\/uploads\/2022\/05\/279862493_2430642023745417_2071622582776994935_n.jpg\" data-dt-img-description=\"\" data-large_image_width=\"600\" data-large_image_height=\"526\"><img loading=\"lazy\" decoding=\"async\" class=\"wp-image-274257 aligncenter\" src=\"https:\/\/www.radiopiu.net\/wordpress\/wp-content\/uploads\/2022\/05\/279862493_2430642023745417_2071622582776994935_n.jpg\" alt=\"\" width=\"258\" height=\"226\" srcset=\"https:\/\/www.radiopiu.net\/wordpress\/wp-content\/uploads\/2022\/05\/279862493_2430642023745417_2071622582776994935_n.jpg 600w, https:\/\/www.radiopiu.net\/wordpress\/wp-content\/uploads\/2022\/05\/279862493_2430642023745417_2071622582776994935_n-300x263.jpg 300w\" sizes=\"auto, (max-width: 258px) 100vw, 258px\" \/><\/a> <\/strong><\/p>\n<p><strong>FELTRE<\/strong> Che succede all&#8217;ospedale di Feltre? la prima a chiederselo \u00e8 sicuramente la Ulss1 dopo il post subito diventato virale sui social e condiviso anche dal consigliere\u00a0 Michele Balen che chiede di sapere la verit\u00e0. Sembrerebbe che l&#8217;inchiesta interna dall&#8217;azienda sanitaria non abbia fatto emergere alcun &#8220;caso&#8221;. Questo l&#8217;ultimo pensiero pubblicato da Balen: <em>&#8220;Ho chiuso il mio post sul &#8220;post pesante&#8221; intercettato per caso in FB e riguardante il nostro ospedale. Non voglio alimentare fantasie o vuote discussioni (che non si fondano sui fatti), e spero invece che la cosa si chiuda con la dovuta chiarezza. Che se, come credo, si tratta solo di una esagerazione di qualcuno (magari dettata dalla tensione) o di una mera balla mitomaniacale, l&#8217;autore si ravveda. Non si pu\u00f2 scherzare su certe cose. Mai! Tantomeno in questo periodo gi\u00e0 cos\u00ec denso di preoccupazioni e di tensioni&#8221;.\u00a0<\/em><\/p>\n<p>&nbsp;<\/p>\n<hr \/>\n<p>&nbsp;<\/p>\n<blockquote>\n<h3>GRAZIE AI FONDI DEL PNRR FUTURO ASSICURATO PER IL NEGRELLI DI FELTRE<\/h3>\n<\/blockquote>\n<p><strong><a class=\"dt-pswp-item\" href=\"https:\/\/www.radiopiu.net\/wordpress\/wp-content\/uploads\/2022\/05\/Staff-edilizia-scolastica_2-scaled.jpg\" data-dt-img-description=\"\" data-large_image_width=\"2560\" data-large_image_height=\"1920\"><img loading=\"lazy\" decoding=\"async\" class=\"alignleft wp-image-274166 \" src=\"https:\/\/www.radiopiu.net\/wordpress\/wp-content\/uploads\/2022\/05\/Staff-edilizia-scolastica_2-300x225.jpg\" alt=\"\" width=\"323\" height=\"242\" srcset=\"https:\/\/www.radiopiu.net\/wordpress\/wp-content\/uploads\/2022\/05\/Staff-edilizia-scolastica_2-300x225.jpg 300w, https:\/\/www.radiopiu.net\/wordpress\/wp-content\/uploads\/2022\/05\/Staff-edilizia-scolastica_2-1024x768.jpg 1024w, https:\/\/www.radiopiu.net\/wordpress\/wp-content\/uploads\/2022\/05\/Staff-edilizia-scolastica_2-768x576.jpg 768w, https:\/\/www.radiopiu.net\/wordpress\/wp-content\/uploads\/2022\/05\/Staff-edilizia-scolastica_2-1536x1152.jpg 1536w, https:\/\/www.radiopiu.net\/wordpress\/wp-content\/uploads\/2022\/05\/Staff-edilizia-scolastica_2-2048x1536.jpg 2048w\" sizes=\"auto, (max-width: 323px) 100vw, 323px\" \/><\/a>BELLUNO<\/strong> La Provincia di Belluno si \u00e8 aggiudicata il bando Pnrr presentato per l\u2019istituto Negrelli di Feltre. Finanziato interamente l\u2019intervento previsto, per un valore di 15,9 milioni di euro. Si tratta del primo progetto avanzato dagli uffici di Palazzo Piloni sul fronte del Piano nazionale di ripresa e resilienza, e nella graduatoria finale \u00e8 stata premiata la qualit\u00e0 della proposta. Infatti, a livello regionale solo due progetti sono stati finanziati alle Province (l\u2019altro \u00e8 stato avanzato da Treviso), e quello del Negrelli \u00e8 il pi\u00f9 sostanzioso. Per la sede dell&#8217;Iti Negrelli-Forcellini di Feltre, la Provincia aveva previsto un\u2019operazione di demolizione e ricostruzione. La struttura attuale infatti presenta alcuni problemi difficilmente risolvibili attraverso una riqualificazione dell\u2019esistente: la carenza di aule, l\u2019assenza dell\u2019aula magna, criticit\u00e0 importanti sul fronte del consumo energetico e costi importanti di adeguamento sismico e adeguamento normativo. Le stime di intervento sugli edifici attuali prevedevano un costo eccessivo e tempi di intervento molto lunghi (nell\u2019ordine di 4\/5 anni). Pertanto, \u00e8 stata scelta la via della ricostruzione ex novo sullo stesso sito, a seguito di demolizione. Un\u2019operazione da 15,9 milioni di euro, che \u00e8 stata apprezzata dalla commissione ministeriale. Il bando Pnrr fissa la conclusione dei lavori entro la primavera 2026. L\u2019iter, adesso, prevede un concorso bandito direttamente dal Ministero dell\u2019Istruzione per la predisposizione del progetto. Al vincitore verr\u00e0 affidata la progettazione definitiva dell\u2019intervento, poi verr\u00e0 appaltata l\u2019opera. <em>\u00abI nostri uffici presumono di avviare i lavori entro il 2024, per portare a conclusione l\u2019operazione nel corso del 2025 &#8211; spiega la vice presidente della Provincia Lucia Da Rold -. L\u2019area \u00e8 particolarmente vasta e consentir\u00e0 di realizzare la nuova scuola prima di procedere con la demolizione della vecchia struttura. In questo modo si evitano disagi agli studenti e al personale scolastico, semplificando al massimo anche eventuali spostamenti logistici\u00bb. (foto staff edilizia scolastica)<\/em><\/p>\n<p>&nbsp;<\/p>\n<p>&nbsp;<\/p>\n<hr \/>\n<p>&nbsp;<\/p>\n<blockquote>\n<h3>IL COMUNE DI LONGARONE VINCE IL BANDO DEL PNRR SCUOLE<\/h3>\n<\/blockquote>\n<p><strong><a class=\"dt-pswp-item\" href=\"https:\/\/www.radiopiu.net\/wordpress\/wp-content\/uploads\/2022\/05\/SCUOLA-GONZAGA-LONGARONE.jpg\" data-dt-img-description=\"\" data-large_image_width=\"300\" data-large_image_height=\"225\"><img loading=\"lazy\" decoding=\"async\" class=\"size-thumbnail wp-image-274202 alignleft\" src=\"https:\/\/www.radiopiu.net\/wordpress\/wp-content\/uploads\/2022\/05\/SCUOLA-GONZAGA-LONGARONE-150x150.jpg\" alt=\"\" width=\"150\" height=\"150\" \/><\/a>LONGARONE <\/strong>\u201c<em>Ringrazio il lavoro del nostro ufficio tecnico, della mia giunta, in particolare dell\u2019assessore Elena De Bona, e di tutta l\u2019amministrazione comunale. E\u2019 motivo d\u2019orgoglio e di soddisfazione poter dire di essere primi in Veneto nella graduatoria per le nuove scuole. Un risultato che permetter\u00e0 ai nostri ragazzi di poter finalmente frequentare una struttura moderna e innovativa<\/em>\u201d. Con queste parole il Sindaco di Longarone, Roberto Padrin ha commentato la pubblicazione della graduatoria della misura \u201cCostruzione di nuove scuole mediante sostituzione di edifici\u201d, che vede il Comune di Longarone al primo posto tra gli enti veneti beneficiari del finanziamento. Si tratta di ben 7.589.472 euro che permetteranno la realizzazione di un nuovo polo scolastico (scuola media pi\u00f9 elementare) con conseguente demolizione dell\u2019attuale scuola media \u201cGonzaga\u201d, edificio datato 1966. Nei prossimi giorni l\u2019Amministrazione si riunir\u00e0 per valutare tempi e modalit\u00e0 che per la realizzazione delle opere imporranno l\u2019inevitabile spostamento dei ragazzi e qualche disagio. \u201c<em>Attendiamo l\u2019esito del bando dell\u2019asilo e poi ci muoveremo in accordo con la dirigenza dell\u2019Istituto comprensivo. E\u2019 un momento storico per la nostra comunit\u00e0 e cercheremo di fare tutto al meglio. Abbiamo la fortuna di avere il plesso di Castellavazzo, sul quale siamo intervenuti con la rimozione dell\u2019amianto alcuni anni fa, che potr\u00e0 ospitare diverse classi. Insieme troveremo le soluzioni pi\u00f9 adatte cercando di creare meno disagi possibili<\/em>\u201d.<\/p>\n<p>&nbsp;<\/p>\n<p>&nbsp;<\/p>\n<hr \/>\n<p>&nbsp;<\/p>\n<blockquote>\n<h3>FONDI DEI COMUNI DI CONFINE, IL CONSIGLIERE SILVANO SAVIO RISPONDE A FAVRETTI<\/h3>\n<\/blockquote>\n<p><strong>AGORDO<\/strong> L&#8217;ultimo consiglio comunale di Agordo \u00e8 stato &#8220;vivacizzato&#8221; dall&#8217;infuocato intervento del vice sindaco Giulio Favretti, oggi pubblichiamo l&#8217;intervento del consigliere comunale Silvano Savio a\u00a0seguito dell\u2019intervento dell\u2019assessore in merito alla gestione dei fondi di confine.<\/p>\n<p>&nbsp;<\/p>\n<blockquote>\n<h3><strong>L\u2019autonomia non si applica, si esercita!\u00a0<\/strong><\/h3>\n<\/blockquote>\n<p><strong>di Silvano Savio<\/strong><\/p>\n<blockquote><p><em><img loading=\"lazy\" decoding=\"async\" class=\"alignleft\" src=\"https:\/\/www.radiopiu.net\/wordpress\/wp-content\/uploads\/2021\/02\/71784bc3-f71e-47de-bda2-16363539ce3c.jpg\" width=\"175\" height=\"191\" \/>&#8220;Concordo con Giulio Favretti\u00a0 circa la difficolt\u00e0 gestionale del denaro e la sensazione comune \u00e8 quella che spesso venga inseguito pi\u00f9 il sentimento di un\u2019ansia da prestazione che di una vera programmazione economico\/territoriale; gli Uffici Tecnici Comunali non sono in grado di gestire l\u2019iter burocratico e i vari progetti sono gestiti spesso in modo inadeguato e poco lungimirante, in assenza innanzitutto di un gioco di squadra. Bolzano ha lamentato e messo in evidenza pi\u00f9 volte questo aspetto, anche per voce dello storico presidente provinciale Lujs Durnwalder.\u00a0 A suo tempo era stata avanzata una proposta molto valida e che si concretizzerebbe nella creazione di un Ufficio Tecnico in seno all\u2019Unione Montana, formato da una squadra di giovani laureati in ingegneria, ingegneria naturalistica, agronomia\/forestale, architettura del territorio, ecc. con l\u2019incarico di produrre studi di fattibilit\u00e0 a tutto tondo e fare in modo che in sede politica si possano prendere le decisioni finali, avendo di fronte \u201cl\u2019imbarazzo della scelta\u201d di volta in volta, negli svariati progetti messi in campo.\u00a0 L\u2019Europarlamentare Herbert Dorfmann si era impegnato ad organizzare la formazione della squadra portando gli interessati , gratuitamente, a Bruxelles negli Uffici del Parlamento Europeo per un anno di formazione professionale, allo scopo di ottenere le opportune nozioni di carattere tecnico\/burocratico in quanto in gioco non ci sono solamente i fondi di confine ma anche fondi europei che spesso vengono elusi per mancanza di conoscenza e di comunicazione.\u00a0 In merito ai fondi di confine, che all\u2019origine si chiamavano \u201cfondi Brancher\u201d \u00e8 opportuno ricordare che sono scaturiti a seguito dell\u2019iniziativa di squadre di giovani e comuni cittadini che a suo tempo hanno promosso dei referendum nei comuni confinanti con il Trentino e Alto Adige per il passaggio in quelle Terre. Queste azioni hanno creato molta preoccupazione in sede istituzionale, nel timore che succedesse un fuggi fuggi generale dal Veneto, quello che poi \u00e8 successo a Sappada. L\u2019azione politica successiva ha creato un effetto anestetico attraverso i fondi di confine ma un viziato giro di denaro che crea ancora una volta disparit\u00e0 territoriali tra paesi confinanti di serie A, serie B e chi \u201cnon confina con nessuno\u201d, spostando ricchezze da realt\u00e0 che godono giustamente di una piena autonomia verso, territori come il Bellunese che producono ricchezza ma che ne hanno la disponibilit\u00e0 solo con il cappello in mano&#8221;.\u00a0<\/em><\/p><\/blockquote>\n<p>&nbsp;<\/p>\n<p><strong>di Gianni Santomaso<\/strong><\/p>\n<audio class=\"wp-audio-shortcode\" id=\"audio-274061-1\" preload=\"none\" style=\"width: 100%;\" controls=\"controls\"><source type=\"audio\/mpeg\" src=\"https:\/\/www.radiopiu.net\/wordpress\/wp-content\/uploads\/2022\/05\/GIANNI-FONDI-CONFINE-SILVANO-SAVIO.mp3?_=1\" \/><a href=\"https:\/\/www.radiopiu.net\/wordpress\/wp-content\/uploads\/2022\/05\/GIANNI-FONDI-CONFINE-SILVANO-SAVIO.mp3\">https:\/\/www.radiopiu.net\/wordpress\/wp-content\/uploads\/2022\/05\/GIANNI-FONDI-CONFINE-SILVANO-SAVIO.mp3<\/a><\/audio>\n<p>&nbsp;<\/p>\n<p><strong>ARCHIVIO RADIO PIU&#8217;, pubblicato il 5 maggio nel notiziario principale<\/strong><\/p>\n<p>&nbsp;<\/p>\n<blockquote class=\"wp-embedded-content\" data-secret=\"DKMQmgM1jZ\"><p><a href=\"https:\/\/www.radiopiu.net\/wordpress\/fondi-di-confine-favretti-chiede-di-utilizzare-i-soldi-o-restituirli-e-ridistribuirli-agli-altri-comuni\/\">FONDI DI CONFINE. FAVRETTI CHIEDE DI UTILIZZARE I SOLDI O RESTITUIRLI E RIDISTRIBUIRLI AGLI ALTRI COMUNI<\/a><\/p><\/blockquote>\n<p><iframe loading=\"lazy\" class=\"wp-embedded-content\" sandbox=\"allow-scripts\" security=\"restricted\" style=\"position: absolute; clip: rect(1px, 1px, 1px, 1px);\" title=\"&#8220;FONDI DI CONFINE. FAVRETTI CHIEDE DI UTILIZZARE I SOLDI O RESTITUIRLI E RIDISTRIBUIRLI AGLI ALTRI COMUNI&#8221; &#8212; Radio Pi\u00f9\" src=\"https:\/\/www.radiopiu.net\/wordpress\/fondi-di-confine-favretti-chiede-di-utilizzare-i-soldi-o-restituirli-e-ridistribuirli-agli-altri-comuni\/embed\/#?secret=zDqyOHXOEU#?secret=DKMQmgM1jZ\" data-secret=\"DKMQmgM1jZ\" width=\"600\" height=\"338\" frameborder=\"0\" marginwidth=\"0\" marginheight=\"0\" scrolling=\"no\"><\/iframe><\/p>\n<p>&nbsp;<\/p>\n<p>&nbsp;<\/p>\n<p>&nbsp;<\/p>\n<hr \/>\n<p>&nbsp;<\/p>\n<blockquote>\n<h3>APPROVATO LO STUDIO DI FATTIBILITA&#8217; PER LA SISTEMAZIONE DELLA STRADA CHE SALE VERSO IL COL DI FOGLIA<\/h3>\n<\/blockquote>\n<p><strong><a class=\"dt-pswp-item\" href=\"https:\/\/www.radiopiu.net\/wordpress\/wp-content\/uploads\/2022\/05\/Schermata-2022-05-06-alle-18.54.13.png\" data-dt-img-description=\"\" data-large_image_width=\"2090\" data-large_image_height=\"1192\"><img loading=\"lazy\" decoding=\"async\" class=\"size-thumbnail wp-image-274226 alignleft\" src=\"https:\/\/www.radiopiu.net\/wordpress\/wp-content\/uploads\/2022\/05\/Schermata-2022-05-06-alle-18.54.13-150x150.png\" alt=\"\" width=\"150\" height=\"150\" \/><\/a>AGORDO<\/strong><\/p>\n<p>di Gianni Santomaso<\/p>\n<audio class=\"wp-audio-shortcode\" id=\"audio-274061-2\" preload=\"none\" style=\"width: 100%;\" controls=\"controls\"><source type=\"audio\/mpeg\" src=\"https:\/\/www.radiopiu.net\/wordpress\/wp-content\/uploads\/2022\/05\/GIANNI-LAVORI-STRADA-COL-DI-FOGLIA.mp3?_=2\" \/><a href=\"https:\/\/www.radiopiu.net\/wordpress\/wp-content\/uploads\/2022\/05\/GIANNI-LAVORI-STRADA-COL-DI-FOGLIA.mp3\">https:\/\/www.radiopiu.net\/wordpress\/wp-content\/uploads\/2022\/05\/GIANNI-LAVORI-STRADA-COL-DI-FOGLIA.mp3<\/a><\/audio>\n<p>&nbsp;<\/p>\n<hr \/>\n<p>&nbsp;<\/p>\n<blockquote>\n<h3 class=\"entry-title\">LUXOTTICA E TRASPORTI, UN NUOVO DISSERVIZIO RIAPRE LA DISCUSSIONE<\/h3>\n<\/blockquote>\n<p><strong><img loading=\"lazy\" decoding=\"async\" class=\"alignleft\" src=\"https:\/\/www.radiopiu.net\/wordpress\/wp-content\/uploads\/2020\/06\/9ecd9b94-d553-435b-93a2-c268918bc743.jpg\" width=\"184\" height=\"138\" \/>AGORDO<\/strong>\u00a0A poche ore dalle ultime critiche e dai primi chiarimenti arrivati dai sindacati un\u2019altra vicenda sta vivacizzando la pagina facebbok dei lavoratori dello stabilimento azzurro. A lanciare la notizia Stefania<em>\u00a0\u201cOggi la corriera\u00a0 diretta a Feltre ci ha lasciato a piedi\u201d.<\/em>\u00a0Un inconveniente non meglio chiarito che ha costretto i lavoratori a scendere dal mezzo e come racconta Elisa\u00a0<em>\u201cAlcuni sono saliti su quella che arrivava da Agordo, altri si sono armati di pazienza attendendo per un bel po\u2019 di tempo il ripristino del mezzo\u201d<\/em>. La conclusione tra il faceto e sarcastico \u00e8 di Giuseppe\u00a0<em>\u201cRiecheggiano in un uggioso pomeriggio della prima decade di maggio, quelle parole che tanta fede invocavano \u201cpazienza e collaborazione\u201d. Cio\u00e8, ma pure questi, lamentarsi cos\u00ec, vederli correre come folli per strada, pur di raggiungere l\u2019autobus di Agordo. Suvvia hanno ragione quelli della commissione: non avete pazienza, anche i figli\u00a0 da prendere dalla babysitter poteva aspettare cos\u00ec come le\u00a0 faccende da sbrigare. Collaborazione?\u00a0 Potevate chiamare\u00a0 un taxi, salire in 8 e dividere la spesa\u201d<\/em><\/p>\n<p>&nbsp;<\/p>\n<p>&nbsp;<\/p>\n<hr \/>\n<p>&nbsp;<\/p>\n<p><strong>IL LUTTO\u00a0<\/strong><\/p>\n<blockquote>\n<h3>E&#8217; MANCATO RICCARDO DAL BO&#8217; FONDATORE DELLA GIORIK<\/h3>\n<\/blockquote>\n<p><strong><a class=\"dt-pswp-item\" href=\"https:\/\/www.radiopiu.net\/wordpress\/wp-content\/uploads\/2022\/05\/sss-2.jpg\" data-dt-img-description=\"\" data-large_image_width=\"300\" data-large_image_height=\"365\"><img loading=\"lazy\" decoding=\"async\" class=\" wp-image-274241 alignleft\" src=\"https:\/\/www.radiopiu.net\/wordpress\/wp-content\/uploads\/2022\/05\/sss-2-150x150.jpg\" alt=\"\" width=\"96\" height=\"96\" \/><\/a>SEDICO<\/strong> E&#8217; morto Riccardo Dal Bo&#8217;, 94 anni, fondatore della Giorik, ma anche della Olis e della Fristeel. Una vita dedicata al lavoro e alla famiglia. Il commendatore Dal B\u00f2 era conosciuto e stimato in tutta la provincia, nel 1963\u00a0 insieme a Giorgio Candiago e Mario Favretti, ha dato vita a\u00a0 Bribano, alla Giorik, un&#8217;azienda che realizzava friggitrici per grandi impianti. Successivamente a\u00a0 Sedico la nascita della Olis, e quindi la Fristeel, a Paderno di San Gregorio nelle Alpi. Nella sua carriera ha dato un impiego ad almeno 500 persone e altrettante famiglie. Fino all&#8217;ultimo ha seguito la sua impresa. I funerali si svolgeranno luned\u00ec nella chiesa di Sedico alle 15.<\/p>\n<p>&nbsp;<\/p>\n<p>&nbsp;<\/p>\n<hr \/>\n<p>&nbsp;<\/p>\n<blockquote>\n<h3>ALL&#8217;ASTA LA CASA FORESTALE DI PASSO FALZAREGO<\/h3>\n<\/blockquote>\n<p><strong>CORTINA<\/strong>\u00a0 Il prezzo base \u00e8 di 2.470.000 euro. La direzione regionale Veneto dell&#8217;Agenzia del demanio l&#8217;ha messa all&#8217;asta e la commissione aprir\u00e0 la gara 27 giugno alle 11, nella sua sede, con offerte segrete.\u00a0 Si trova a lato della strada 48 delle Dolomiti, a una quindicina di chilometri dal centro di Cortina, in una piana tra le stazioni di partenza degli impianti di risalita delle Cinque Torri e del Col Gallina, a breve distanza dal passo Falzarego, il valico dolomitico che collega la conca d&#8217;Ampezzo a Livinallongo e alla Val Badia, attraverso il passo Valparola.<\/p>\n<p>&nbsp;<\/p>\n<hr \/>\n<p>&nbsp;<\/p>\n<blockquote class=\"wp-embedded-content\" data-secret=\"fVyH48ABtz\"><p><a href=\"https:\/\/www.radiopiu.net\/wordpress\/aggnazionalemaggio06\/\">CORONAVIRUS: AGGIORNAMENTO NAZIONALE 06 MAGGIO 2022<\/a><\/p><\/blockquote>\n<p><iframe loading=\"lazy\" class=\"wp-embedded-content\" sandbox=\"allow-scripts\" security=\"restricted\" style=\"position: absolute; clip: rect(1px, 1px, 1px, 1px);\" title=\"&#8220;CORONAVIRUS: AGGIORNAMENTO NAZIONALE 06 MAGGIO 2022&#8221; &#8212; Radio Pi\u00f9\" src=\"https:\/\/www.radiopiu.net\/wordpress\/aggnazionalemaggio06\/embed\/#?secret=Rk9eE7HULe#?secret=fVyH48ABtz\" data-secret=\"fVyH48ABtz\" width=\"600\" height=\"338\" frameborder=\"0\" marginwidth=\"0\" marginheight=\"0\" scrolling=\"no\"><\/iframe><\/p>\n<p>&nbsp;<\/p>\n<blockquote class=\"wp-embedded-content\" data-secret=\"wSNtEhIBlx\"><p><a href=\"https:\/\/www.radiopiu.net\/wordpress\/aggazzeromaggio06\/\">IN CALO IN RICOVERI MA NON A BELLUNO, ALTRI 8 DECESSI NELLE 24 ORE<\/a><\/p><\/blockquote>\n<p><iframe loading=\"lazy\" class=\"wp-embedded-content\" sandbox=\"allow-scripts\" security=\"restricted\" style=\"position: absolute; clip: rect(1px, 1px, 1px, 1px);\" title=\"&#8220;IN CALO IN RICOVERI MA NON A BELLUNO, ALTRI 8 DECESSI NELLE 24 ORE&#8221; &#8212; Radio Pi\u00f9\" src=\"https:\/\/www.radiopiu.net\/wordpress\/aggazzeromaggio06\/embed\/#?secret=YeQRW1MsJl#?secret=wSNtEhIBlx\" data-secret=\"wSNtEhIBlx\" width=\"600\" height=\"338\" frameborder=\"0\" marginwidth=\"0\" marginheight=\"0\" scrolling=\"no\"><\/iframe><\/p>\n<p>&nbsp;<\/p>\n<h2 dir=\"auto\">I GRAFICI DI TIZIANO DE COL<\/h2>\n\n\t\t\t<style type='text\/css'>\n\t\t\t\t#gallery-2 {\n\t\t\t\t\tmargin: auto;\n\t\t\t\t}\n\t\t\t\t#gallery-2 .gallery-item {\n\t\t\t\t\tfloat: left;\n\t\t\t\t\tmargin-top: 10px;\n\t\t\t\t\ttext-align: center;\n\t\t\t\t\twidth: 33%;\n\t\t\t\t}\n\t\t\t\t#gallery-2 img {\n\t\t\t\t\tborder: 2px solid #cfcfcf;\n\t\t\t\t}\n\t\t\t\t#gallery-2 .gallery-caption {\n\t\t\t\t\tmargin-left: 0;\n\t\t\t\t}\n\t\t\t\t\/* see gallery_shortcode() in wp-includes\/media.php *\/\n\t\t\t<\/style>\n\t\t<div id='gallery-2' class='dt-gallery-container gallery galleryid-274061 gallery-columns-3 gallery-size-thumbnail'><dl class='gallery-item'>\n\t\t\t\t<dt class='gallery-icon landscape'>\n\t\t\t\t\t<a class=\"rollover rollover-zoom dt-pswp-item\" title=\"ca0c526c-f37a-4cc3-925c-3abec7f334f1\" data-dt-img-description=\"\" data-large_image_width=\"610\" data-large_image_height=\"366\"href='https:\/\/www.radiopiu.net\/wordpress\/wp-content\/uploads\/2022\/05\/ca0c526c-f37a-4cc3-925c-3abec7f334f1.jpg'><img loading=\"lazy\" decoding=\"async\" width=\"150\" height=\"150\" src=\"https:\/\/www.radiopiu.net\/wordpress\/wp-content\/uploads\/2022\/05\/ca0c526c-f37a-4cc3-925c-3abec7f334f1-150x150.jpg\" class=\"attachment-thumbnail size-thumbnail\" alt=\"\" \/><\/a>\n\t\t\t\t<\/dt><\/dl><dl class='gallery-item'>\n\t\t\t\t<dt class='gallery-icon landscape'>\n\t\t\t\t\t<a class=\"rollover rollover-zoom dt-pswp-item\" title=\"28cd6a5c-e9be-425f-8804-a8028bcec9fc\" data-dt-img-description=\"\" data-large_image_width=\"610\" data-large_image_height=\"361\"href='https:\/\/www.radiopiu.net\/wordpress\/wp-content\/uploads\/2022\/05\/28cd6a5c-e9be-425f-8804-a8028bcec9fc.jpg'><img loading=\"lazy\" decoding=\"async\" width=\"150\" height=\"150\" src=\"https:\/\/www.radiopiu.net\/wordpress\/wp-content\/uploads\/2022\/05\/28cd6a5c-e9be-425f-8804-a8028bcec9fc-150x150.jpg\" class=\"attachment-thumbnail size-thumbnail\" alt=\"\" \/><\/a>\n\t\t\t\t<\/dt><\/dl><dl class='gallery-item'>\n\t\t\t\t<dt class='gallery-icon landscape'>\n\t\t\t\t\t<a class=\"rollover rollover-zoom dt-pswp-item\" title=\"9fb328c4-3310-4c99-8f01-3e53ea1979f5\" data-dt-img-description=\"\" data-large_image_width=\"608\" data-large_image_height=\"357\"href='https:\/\/www.radiopiu.net\/wordpress\/wp-content\/uploads\/2022\/05\/9fb328c4-3310-4c99-8f01-3e53ea1979f5.jpg'><img loading=\"lazy\" decoding=\"async\" width=\"150\" height=\"150\" src=\"https:\/\/www.radiopiu.net\/wordpress\/wp-content\/uploads\/2022\/05\/9fb328c4-3310-4c99-8f01-3e53ea1979f5-150x150.jpg\" class=\"attachment-thumbnail size-thumbnail\" alt=\"\" \/><\/a>\n\t\t\t\t<\/dt><\/dl><br style=\"clear: both\" \/><dl class='gallery-item'>\n\t\t\t\t<dt class='gallery-icon landscape'>\n\t\t\t\t\t<a class=\"rollover rollover-zoom dt-pswp-item\" title=\"677ad539-4688-4bc2-b794-47a22c771cf8\" data-dt-img-description=\"\" data-large_image_width=\"603\" data-large_image_height=\"365\"href='https:\/\/www.radiopiu.net\/wordpress\/wp-content\/uploads\/2022\/05\/677ad539-4688-4bc2-b794-47a22c771cf8.jpg'><img loading=\"lazy\" decoding=\"async\" width=\"150\" height=\"150\" src=\"https:\/\/www.radiopiu.net\/wordpress\/wp-content\/uploads\/2022\/05\/677ad539-4688-4bc2-b794-47a22c771cf8-150x150.jpg\" class=\"attachment-thumbnail size-thumbnail\" alt=\"\" \/><\/a>\n\t\t\t\t<\/dt><\/dl><dl class='gallery-item'>\n\t\t\t\t<dt class='gallery-icon landscape'>\n\t\t\t\t\t<a class=\"rollover rollover-zoom dt-pswp-item\" title=\"75d765d7-eda0-41f2-8359-a3aa7c468651\" data-dt-img-description=\"\" data-large_image_width=\"601\" data-large_image_height=\"369\"href='https:\/\/www.radiopiu.net\/wordpress\/wp-content\/uploads\/2022\/05\/75d765d7-eda0-41f2-8359-a3aa7c468651.jpg'><img loading=\"lazy\" decoding=\"async\" width=\"150\" height=\"150\" src=\"https:\/\/www.radiopiu.net\/wordpress\/wp-content\/uploads\/2022\/05\/75d765d7-eda0-41f2-8359-a3aa7c468651-150x150.jpg\" class=\"attachment-thumbnail size-thumbnail\" alt=\"\" \/><\/a>\n\t\t\t\t<\/dt><\/dl><dl class='gallery-item'>\n\t\t\t\t<dt class='gallery-icon landscape'>\n\t\t\t\t\t<a class=\"rollover rollover-zoom dt-pswp-item\" title=\"8022dbf8-ca75-4255-84d1-5d8111a16d93\" data-dt-img-description=\"\" data-large_image_width=\"600\" data-large_image_height=\"357\"href='https:\/\/www.radiopiu.net\/wordpress\/wp-content\/uploads\/2022\/05\/8022dbf8-ca75-4255-84d1-5d8111a16d93.jpg'><img loading=\"lazy\" decoding=\"async\" width=\"150\" height=\"150\" src=\"https:\/\/www.radiopiu.net\/wordpress\/wp-content\/uploads\/2022\/05\/8022dbf8-ca75-4255-84d1-5d8111a16d93-150x150.jpg\" class=\"attachment-thumbnail size-thumbnail\" alt=\"\" \/><\/a>\n\t\t\t\t<\/dt><\/dl><br style=\"clear: both\" \/>\n\t\t\t<\/div>\n\n<p>&nbsp;<\/p>\n<p>&nbsp;<\/p>\n<hr \/>\n<p><strong>\u00a0<\/strong><\/p>\n<blockquote>\n<h3><strong>EMERGENZA UCRAINA.\u00a0 OGGI IN VENETO UN BAMBINO DI NOVE ANNI,\u00a0 SARA\u2019 CURATO PRESSO L\u2019AZIENDA OSPEDALIERA DI PADOVA<\/strong><\/h3>\n<\/blockquote>\n<p><strong>VENEZIA <\/strong>\u00c8 previsto\u00a0 per oggi\u00a0 l\u2019arrivo di un nuovo volo dell\u2019aeromobile della Guardia di Finanza che porter\u00e0 Italia, tra gli altri, due pazienti provenienti dall\u2019Ucraina e assegnati al Veneto per essere trasferiti e affidati alle cure del personale degli ospedali di Castelfranco Veneto (TV) e Padova. Si tratta di un bambino di 9 anni che, oltre ad avere subito dei traumi, \u00e8 affetto da una malattia cronica che \u00e8 stato destinato all\u2019Azienda Ospedaliera di Padova, e di un uomo di 34 anni, gravemente malato, che sar\u00e0 preso in cura\u00a0 dal reparto Ematologia\u00a0 di Castelfranco Veneto<\/p>\n<p>&nbsp;<\/p>\n<hr \/>\n<p>&nbsp;<\/p>\n<blockquote>\n<h3>SANITA\u2019. IN VENETO ENTRO IL 2025 FORMATI 700 NUOVI MEDICI DI MEDICINA GENERALE<\/h3>\n<\/blockquote>\n<p><strong><a class=\"dt-pswp-item\" href=\"https:\/\/www.radiopiu.net\/wordpress\/wp-content\/uploads\/2018\/01\/CroppedImage720439-MEDICI.jpg\" data-dt-img-description=\"\" data-large_image_width=\"720\" data-large_image_height=\"439\"><img loading=\"lazy\" decoding=\"async\" class=\"wp-image-42392 alignleft\" src=\"https:\/\/www.radiopiu.net\/wordpress\/wp-content\/uploads\/2018\/01\/CroppedImage720439-MEDICI-150x150.jpg\" alt=\"\" width=\"92\" height=\"92\" \/><\/a>VENEZIA<\/strong>\u00a0 Entro il 2025 in Veneto ci saranno 700 Medici di Medicina Generale in pi\u00f9. Si apre il 9 maggio, infatti, il 17\u00b0 Corso Triennio Formativo 2021-2024 in Medicina generale al quale parteciperanno circa 370 medici che si diplomeranno all\u2019inizio del 2025. Il Corso\u00a0 si concluder\u00e0 a settembre 2023, con la consegna del diploma a 206 nuovi medici\u00a0 e il 16\u00b0 nel luglio 2024 con altri 120 diplomati. Il numero di medici da ammettere annualmente ai corsi viene determinato dalle Regioni sulla base della previsione del fabbisogno di medici nel territorio nei limiti concordati con il Ministero della Salute e nell\u2019ambito delle risorse disponibili. Il Corso, nello specifico, prevede 1.600 ore di attivit\u00e0 didattica teorica e 3.200 ore di attivit\u00e0 didattica pratica<\/p>\n<p>&nbsp;<\/p>\n<hr \/>\n<p>&nbsp;<\/p>\n<p>&nbsp;<\/p>\n<blockquote>\n<h3>VENETI NEL MONDO. APPROVATI BANDI PER CONTRIBUTI A ASSOCIAZIONI E PER INIZIATIVE CULTURALI E PREMIO PER TESI DI LAUREA<\/h3>\n<\/blockquote>\n<p><strong> <a class=\"dt-pswp-item\" href=\"https:\/\/www.radiopiu.net\/wordpress\/wp-content\/uploads\/2022\/05\/passport-315266_960_720.jpg\" data-dt-img-description=\"\" data-large_image_width=\"714\" data-large_image_height=\"720\"><img loading=\"lazy\" decoding=\"async\" class=\" wp-image-274140 alignleft\" src=\"https:\/\/www.radiopiu.net\/wordpress\/wp-content\/uploads\/2022\/05\/passport-315266_960_720-150x150.jpg\" alt=\"\" width=\"126\" height=\"126\" srcset=\"https:\/\/www.radiopiu.net\/wordpress\/wp-content\/uploads\/2022\/05\/passport-315266_960_720-150x150.jpg 150w, https:\/\/www.radiopiu.net\/wordpress\/wp-content\/uploads\/2022\/05\/passport-315266_960_720-298x300.jpg 298w, https:\/\/www.radiopiu.net\/wordpress\/wp-content\/uploads\/2022\/05\/passport-315266_960_720.jpg 714w\" sizes=\"auto, (max-width: 126px) 100vw, 126px\" \/><\/a>VENEZIA<\/strong>\u00a0 Con l\u2019approvazione di quattro diverse delibere, la Giunta Regionale del Veneto rinnova l\u2019impegno a favore dei veneti emigrati, finanziando iniziative culturali e associazioni di promozione dell\u2019identit\u00e0 veneta per l\u2019emigrazione, stanziando contributi per le spese di chi sceglie di rientrare in Veneto e un premio per tre tesi di laurea sul tema dell\u2019emigrazione veneta e delle sue ricadute. Come sostegno all\u2019associazionismo di settore la Giunta Regionale con delibera ha confermato lo stanziamento previsto dal Programma Annuale degli interventi della somma di 80 mila euro a titolo di contributi annuali per spese di funzionamento delle Associazioni venete di emigrazione e di Comitati e Federazioni all\u2019estero iscritti al registro regionale. Per la realizzazione di iniziative culturali al fine di valorizzare l\u2019identit\u00e0 veneta presso le comunit\u00e0 venete all\u2019estero \u00e8 destinato uno stanziamento di 75 mila euro.\u00a0 Infine \u00e8 stato approvato il Bando di concorso per l\u2019assegnazione del Premio tesi di laurea sulle tematiche dell\u2019Emigrazione Veneta 4\u00b0edizione al fine di per mantenere viva la memoria di quell\u2019importante periodo della nostra storia costituito dalla grande emigrazione e per comprenderne gli aspetti di ricaduta economica nella nostra regione, in termini di risultati economici e imprenditoriali. Alla tesi vincitrice andranno in premio 3000 euro, alla seconda classificata 1500 euro e alla terza 500 euro.<\/p>\n<p>&nbsp;<\/p>\n<p>&nbsp;<\/p>\n<hr \/>\n<blockquote>\n<h3><\/h3>\n<h3><strong>SETTIMANA CORTA E BORSE DI STUDIO, L\u2019IMAP DI SEDICO INVESTE NELL\u2019INNOVAZIONE SOCIALE<\/strong><\/h3>\n<\/blockquote>\n<p><strong><a class=\"dt-pswp-item\" href=\"https:\/\/www.radiopiu.net\/wordpress\/wp-content\/uploads\/2022\/05\/download-5.jpg\" data-dt-img-description=\"\" data-large_image_width=\"251\" data-large_image_height=\"201\"><img loading=\"lazy\" decoding=\"async\" class=\" wp-image-274121 alignleft\" src=\"https:\/\/www.radiopiu.net\/wordpress\/wp-content\/uploads\/2022\/05\/download-5-150x150.jpg\" alt=\"\" width=\"115\" height=\"115\" \/><\/a>BELLUNO <\/strong>L\u2019Imap di Sedico, azienda leader nel settore delle tecnologie plastiche e poliuretaniche, investe nel welfare aziendale e in politiche concrete per la conciliazione dei tempi vita-lavoro. <em>\u201cSono segnali ulteriori di attenzione che vogliamo dare in un momento carico di incertezze. Oggi pi\u00f9 che mai siamo chiamati a fare rete e a puntare sull\u2019innovazione che non \u00e8 solo di prodotto e di processo ma anche sociale\u201d<\/em>, spiega il titolare Flavio Mares. Imap conta 130 collaboratori; da questa settimana oltre la met\u00e0 potr\u00e0 contare sul venerd\u00ec pomeriggio libero. L\u2019accordo aziendale raggiunto con le parti sindacali consente infatti a chi lavora con orario giornaliero \u2013 e quindi non su turni \u2013 di iniziare alle 7 e terminare alle 16,30 dal luned\u00ec al gioved\u00ec (fatta ovviamente salva la pausa pranzo di un\u2019ora), mentre il venerd\u00ec si comincia alle 7 e si finisce alle 13. Alcune limitazioni sono previste per garantire le spedizioni o i rapporti con clienti ed enti esterni che operano con orari tradizionali.sottolinea Mares. \u00a0Inoltre Imap ha consegnato le prime borse di studio: 1500 euro sia per la laurea triennale che per quella magistrale, cumulabili nel caso lo studente consegua entrambe. <em>\u201cE\u2019 una borsa di studio che consegniamo alla famiglia indipendentemente dal voto conseguito: premiamo l\u2019impegno dei ragazzi e lo sforzo di quei genitori che \u2013 tra tanti sacrifici \u2013 permettono loro di raggiungere questo traguardo\u201d, sottolinea Mares. <\/em>Allo stesso tempo, Imap prosegue il suo impegno a sostegno del mondo del volontariato e del territorio, dal mondo dilettantistico del calcio alla Pallavolo Sedico under 13 femminile, senza contare i progetti sui disturbi dello spettro autistico e in ambito culturale.<\/p>\n<p>&nbsp;<\/p>\n<hr \/>\n<p>&nbsp;<\/p>\n<blockquote>\n<h3>SOCCORSI\u00a0 PI\u00d9 EFFICACI GRAZIE AL PROGETTO RESYST<\/h3>\n<\/blockquote>\n<p><strong>LONGARONE<\/strong> Si \u00e8 chiuso\u00a0 con l&#8217;evento finale nella sede del Soccorso Alpino di Dobbiaco, il progetto ReSyst,\u00a0 che ha coinvolto l&#8217;istituto di certificazione\u00a0 Dolomiticert, il Soccorso Alpino dell\u2019Alpernverein Sudtirol e un&#8217;azienda austriaca. Il progetto ha visto lavorare il team alla realizzazione e al perfezionamento di una sonda riscaldata per il recupero di sepolti in valanga: \u00e8 stata quindi realizzata una sonda che ospita un&#8217;antenna Arva e una microcamera e che, collegata a un sistema a vapore, permetta di effettuare velocemente un foro nella neve o nel ghiaccio, consentendo cos\u00ec ai soccorritori di esplorare con maggior efficacia la cavit\u00e0 per confermare il ritrovamento. I tre partner in questi mesi hanno cos\u00ec lavorato alla prototipazione della sonda e ai test su di essa, seguendo le indicazioni dei soccorritori.\u00a0<em> \u201cQuesti progetti e risultati &#8211; commenta il responsabile del settore Europrogettazione di Dolomiticert, Leano Viel \u2013\u00a0 mostrano l&#8217;importanza dei contributi europei per creare opportunit\u00e0 di contatto e di collaborazione tra realt\u00e0 decisamente diverse, in questo caso un ente di pubblica utilit\u00e0, un istituto di certificazione e un&#8217;azienda ingegneristica&#8221;.<\/em><\/p>\n\n\t\t\t<style type='text\/css'>\n\t\t\t\t#gallery-3 {\n\t\t\t\t\tmargin: auto;\n\t\t\t\t}\n\t\t\t\t#gallery-3 .gallery-item {\n\t\t\t\t\tfloat: left;\n\t\t\t\t\tmargin-top: 10px;\n\t\t\t\t\ttext-align: center;\n\t\t\t\t\twidth: 33%;\n\t\t\t\t}\n\t\t\t\t#gallery-3 img {\n\t\t\t\t\tborder: 2px solid #cfcfcf;\n\t\t\t\t}\n\t\t\t\t#gallery-3 .gallery-caption {\n\t\t\t\t\tmargin-left: 0;\n\t\t\t\t}\n\t\t\t\t\/* see gallery_shortcode() in wp-includes\/media.php *\/\n\t\t\t<\/style>\n\t\t<div id='gallery-3' class='dt-gallery-container gallery galleryid-274061 gallery-columns-3 gallery-size-thumbnail'><dl class='gallery-item'>\n\t\t\t\t<dt class='gallery-icon landscape'>\n\t\t\t\t\t<a class=\"rollover rollover-zoom dt-pswp-item\" title=\"ReSyst -Evento finale Dobbiaco (16)\" data-dt-img-description=\"\" data-large_image_width=\"2560\" data-large_image_height=\"1706\"href='https:\/\/www.radiopiu.net\/wordpress\/wp-content\/uploads\/2022\/05\/ReSyst-Evento-finale-Dobbiaco-16-scaled.jpg'><img loading=\"lazy\" decoding=\"async\" width=\"150\" height=\"150\" src=\"https:\/\/www.radiopiu.net\/wordpress\/wp-content\/uploads\/2022\/05\/ReSyst-Evento-finale-Dobbiaco-16-150x150.jpg\" class=\"attachment-thumbnail size-thumbnail\" alt=\"\" \/><\/a>\n\t\t\t\t<\/dt><\/dl><dl class='gallery-item'>\n\t\t\t\t<dt class='gallery-icon landscape'>\n\t\t\t\t\t<a class=\"rollover rollover-zoom dt-pswp-item\" title=\"ReSyst -Evento finale Dobbiaco (11)\" data-dt-img-description=\"\" data-large_image_width=\"2560\" data-large_image_height=\"1707\"href='https:\/\/www.radiopiu.net\/wordpress\/wp-content\/uploads\/2022\/05\/ReSyst-Evento-finale-Dobbiaco-11-scaled.jpg'><img loading=\"lazy\" decoding=\"async\" width=\"150\" height=\"150\" src=\"https:\/\/www.radiopiu.net\/wordpress\/wp-content\/uploads\/2022\/05\/ReSyst-Evento-finale-Dobbiaco-11-150x150.jpg\" class=\"attachment-thumbnail size-thumbnail\" alt=\"\" \/><\/a>\n\t\t\t\t<\/dt><\/dl><dl class='gallery-item'>\n\t\t\t\t<dt class='gallery-icon landscape'>\n\t\t\t\t\t<a class=\"rollover rollover-zoom dt-pswp-item\" title=\"ReSyst - Test sonda cella climatica DolomitiCert (8)\" data-dt-img-description=\"\" data-large_image_width=\"2560\" data-large_image_height=\"1707\"href='https:\/\/www.radiopiu.net\/wordpress\/wp-content\/uploads\/2022\/05\/ReSyst-Test-sonda-cella-climatica-DolomitiCert-8-scaled.jpg'><img loading=\"lazy\" decoding=\"async\" width=\"150\" height=\"150\" src=\"https:\/\/www.radiopiu.net\/wordpress\/wp-content\/uploads\/2022\/05\/ReSyst-Test-sonda-cella-climatica-DolomitiCert-8-150x150.jpg\" class=\"attachment-thumbnail size-thumbnail\" alt=\"\" \/><\/a>\n\t\t\t\t<\/dt><\/dl><br style=\"clear: both\" \/>\n\t\t\t<\/div>\n\n<p>&nbsp;<\/p>\n<hr \/>\n<p>&nbsp;<\/p>\n<blockquote>\n<h3>UN ITINERARIO DEL GELATO PIU&#8217; CHE EUROPEO<\/h3>\n<\/blockquote>\n<p><strong>LONGARONE<\/strong> Si \u00e8 tenuta\u00a0 a Longarone la MasterClass ENAIPLab dedicata al gelato con Andrea Voltolina, consulente e gi\u00e0 Campione del Mondo di Pasticceria nei campionati del 2006 tenutisi in Lussemburgo. Tema centrale la produzione del gelato, autentico prodotto icona del territorio a livello mondiale, e come garantire la riduzione degli sprechi, il risparmio energetico e la sostenibilit\u00e0 dell&#8217;intero processo. Ma anche l\u2019innovazione e le tendenze contemporanee per un prodotto salutare e di qualit\u00e0 pronto al consumo. Invitato ad intervenire anche il Presidente di Longarone Fiere Dolomiti, Gian Angelo Bellati che ha colto l\u2019occasione per annunciare l\u2019ultimo grande progetto dedicato al Gelato artigianale su cui si sta lavorando in fiera.\u00a0 Un Itinerario del Gelato che dalla Georgia, passando per l\u2019area dei Balcani, il Veneto e poi andando verso Austria e Germania, arriva fino alla Spagna. Un grande itinerario, sostenuto anche dal Consiglio d\u2019Europa<\/p>\n<p><strong>IL PRESIDENTE GIAN ANGELO BELLATI\u00a0<\/strong><\/p>\n<div style=\"width: 1200px;\" class=\"wp-video\"><video class=\"wp-video-shortcode\" id=\"video-274061-1\" width=\"1200\" height=\"675\" preload=\"metadata\" controls=\"controls\"><source type=\"video\/mp4\" src=\"https:\/\/www.radiopiu.net\/wordpress\/wp-content\/uploads\/2022\/05\/01-Gian-Angelo-Bellati-Presidente-Longarone-Fiere-Dolomiti.mp4?_=1\" \/><a href=\"https:\/\/www.radiopiu.net\/wordpress\/wp-content\/uploads\/2022\/05\/01-Gian-Angelo-Bellati-Presidente-Longarone-Fiere-Dolomiti.mp4\">https:\/\/www.radiopiu.net\/wordpress\/wp-content\/uploads\/2022\/05\/01-Gian-Angelo-Bellati-Presidente-Longarone-Fiere-Dolomiti.mp4<\/a><\/video><\/div>\n<p>&nbsp;<\/p>\n<hr \/>\n<p>&nbsp;<\/p>\n<blockquote>\n<h3>RECINTI ELETTRICI ANTI LUPO, IL PARCO NE CONSEGNA 29<\/h3>\n<\/blockquote>\n<p><strong><a class=\"dt-pswp-item\" href=\"https:\/\/www.radiopiu.net\/wordpress\/wp-content\/uploads\/2022\/05\/RIC_BEL_Monte-Serva_Recinto_2019.08.19_SMA1-scaled.jpg\" data-dt-img-description=\"\" data-large_image_width=\"2560\" data-large_image_height=\"1707\"><img loading=\"lazy\" decoding=\"async\" class=\" wp-image-274119 alignleft\" src=\"https:\/\/www.radiopiu.net\/wordpress\/wp-content\/uploads\/2022\/05\/RIC_BEL_Monte-Serva_Recinto_2019.08.19_SMA1-150x150.jpg\" alt=\"\" width=\"132\" height=\"132\" \/><\/a>FELTRE<\/strong> Allo scopo di consentire anche ai piccoli allevatori amatoriali, che detengono pochi capi a scopo affettivo, di dotarsi di idonei strumenti di prevenzione, l\u2019Ente Parco ha pubblicato nelle scorse settimane un bando per la concessione, in comodato gratuito, di kit per la realizzazione di recinti elettrificati, idonei a circoscrivere un\u2019area compresa in un perimetro di circa 250 metri. Al bando hanno risposto 35 allevatori che operano nei 15 Comuni del Parco; 29 tra essi sono risultati idonei e nei prossimi giorni riceveranno, in comodato gratuito, le recinzioni elettrificate acquistate dal Parco. Per chi opera nei Comuni che non fanno parte del Parco sono in corso di definizione degli accordi tra Parco e Regione per avviare iniziative analoghe in tutto il territorio provinciale.<\/p>\n<blockquote><p>Le cronache locali hanno riferito, anche in questi giorni, notizie di attacchi del lupo ad allevamenti condotti da piccoli allevatori non professionisti. Questi attacchi sono favoriti dal fatto che le misure di protezione messe in atto per proteggere il bestiame sono spesso insufficienti. Per evitare predazioni \u00e8 infatti necessario difendere il bestiame con recinzioni elettrificate adeguatamente alimentate e correttamente installate; recinti anche di grande altezza ma non elettrificati possono infatti risultare insufficienti per fermare il lupo.<\/p><\/blockquote>\n<p>&nbsp;<\/p>\n<hr \/>\n<p>&nbsp;<\/p>\n<blockquote>\n<h3>CONTRIBUTI PER I PICCOLI ALLEVATORI PER CONVIVERE CON IL LUPO<\/h3>\n<\/blockquote>\n<p><strong><a class=\"dt-pswp-item\" href=\"https:\/\/www.radiopiu.net\/wordpress\/wp-content\/uploads\/2022\/05\/image.jpeg\" data-dt-img-description=\"\" data-large_image_width=\"2048\" data-large_image_height=\"1536\"><img loading=\"lazy\" decoding=\"async\" class=\"wp-image-274127 alignleft\" src=\"https:\/\/www.radiopiu.net\/wordpress\/wp-content\/uploads\/2022\/05\/image-150x150.jpeg\" alt=\"\" width=\"86\" height=\"86\" \/><\/a>PONTE NELLE ALPI<\/strong> Il consigliere comunale Paolo De Vettor ha depositato una mozione sottoscritta, anche, dagli altri colleghi consiglieri di opposizione, con lo scopo di lanciare un segnale di vicinanza a chi alleva animali per hobby, per lavoro o semplicemente per tenere puliti i prati prevedendo un contributo in grado di ristorare i danni causati dal lupo e favorire l\u2019acquisto di strumenti di prevenzione.\u00a0 Il fondo dovrebbe aiutare chi ha animali ad acquistare gli strumenti di protezione come recinzioni elettrificate, fari e altro e sarebbe un modo per gratificare queste persone del prezioso lavoro svolto.<\/p>\n<p><strong>IL CONSIGLIERE COMUNALE PAOLO DE VETTOR<\/strong><\/p>\n<audio class=\"wp-audio-shortcode\" id=\"audio-274061-3\" preload=\"none\" style=\"width: 100%;\" controls=\"controls\"><source type=\"audio\/mpeg\" src=\"https:\/\/www.radiopiu.net\/wordpress\/wp-content\/uploads\/2022\/05\/DE-VETTOR.mp3?_=3\" \/><a href=\"https:\/\/www.radiopiu.net\/wordpress\/wp-content\/uploads\/2022\/05\/DE-VETTOR.mp3\">https:\/\/www.radiopiu.net\/wordpress\/wp-content\/uploads\/2022\/05\/DE-VETTOR.mp3<\/a><\/audio>\n<p>&nbsp;<\/p>\n<hr \/>\n<p>&nbsp;<\/p>\n<blockquote>\n<h3><a class=\"dt-pswp-item\" href=\"https:\/\/www.radiopiu.net\/wordpress\/wp-content\/uploads\/2022\/02\/DolomitiCert-Scarpa-Alleghe-Febbraio-2022-Incontro-Comune-scuole-scultori-1-scaled.jpg\" data-dt-img-description=\"\" data-large_image_width=\"2560\" data-large_image_height=\"1706\"><img loading=\"lazy\" decoding=\"async\" class=\" wp-image-260782 alignleft\" src=\"https:\/\/www.radiopiu.net\/wordpress\/wp-content\/uploads\/2022\/02\/DolomitiCert-Scarpa-Alleghe-Febbraio-2022-Incontro-Comune-scuole-scultori-1-150x150.jpg\" alt=\"\" width=\"93\" height=\"93\" \/><\/a>PARCO DI MASARE&#8217;, IL COMUNE DECIDE PER L&#8217;INTITOLAZIONE<\/h3>\n<\/blockquote>\n<p><strong>ALLEGHE<\/strong>\u00a0 Il sindaco Danilo De Toni ha convocato il consiglio comunale per mercoledi alle 20. All&#8217;ordine del giorno: bilancio e rendiconto Asca; approvazione rendiconto finanziario 2021;\u00a0 seconda variazione al bilancio e applicazione avanzo 2021; regolamento per il funzionamento del consiglio comunale; intitolazione del Parco di Masar\u00e8 e modifica dell&#8217;intitolazione della sala congressi presso il palaghiaccio di Alleghe.<\/p>\n<p>&nbsp;<\/p>\n<blockquote>\n<h3><\/h3>\n<h3><a class=\"dt-pswp-item\" href=\"https:\/\/www.radiopiu.net\/wordpress\/wp-content\/uploads\/2021\/12\/TAIBON-1-300x225-1.jpg\" data-dt-img-description=\"\" data-large_image_width=\"300\" data-large_image_height=\"225\"><img loading=\"lazy\" decoding=\"async\" class=\"wp-image-247262 alignleft\" src=\"https:\/\/www.radiopiu.net\/wordpress\/wp-content\/uploads\/2021\/12\/TAIBON-1-300x225-1-150x150.jpg\" alt=\"\" width=\"114\" height=\"114\" \/><\/a>BILANCI E RECUPERI EDILIZI NEL CONSIGLIO DEL SINDACO TORMEN <strong>\u00a0<\/strong><\/h3>\n<\/blockquote>\n<p><strong>TAIBON<\/strong> Sabato 14 maggio alle 9.30 consiglio comunale a Taibon. Da approvare i bilanci di Asca e dell&#8217;azienda Multiservizi del Comune. Il consiglio sar\u00e0 chiamato ad individuare le zone di degrado del patrimonio edilizio e approvare il rendiconto di gestione dell&#8217;esercizio finanziario 2021<\/p>\n<p>&nbsp;<\/p>\n<p>&nbsp;<\/p>\n<blockquote>\n<h3>GIOVEDI&#8217; IL CONSIGLIO DELL&#8217;UNIONE MONTANA AGORDINA IN SALA DON TAMIS<\/h3>\n<\/blockquote>\n<p><strong>AGORDO<\/strong> Il Presidente dell&#8217;Unione Montana Agordina Michele Costa ha convocato il consiglio per gioved\u00ec sera alle 20:30 in Sala Don Tamis ad Agordo. Quattro punti da discutere tra cui l&#8217;approvazione del rendiconto 2021 e una variazione al bilancio per il triennio 2022-2024.<\/p>\n<p>&nbsp;<\/p>\n<p>&nbsp;<\/p>\n<hr \/>\n<p>&nbsp;<\/p>\n<p><strong>DILLO A RADIO PIU&#8217;&#8230;.\u00a0<\/strong><\/p>\n<p><strong>ELEZIONI AMMINISTRATIVE 2022<\/strong><\/p>\n<p>Riceviamo e volentieri pubblichiamo lo scritto di Franco Piacentini. Anche Feltre \u00e8 un Comune interessato dalle prossime elezioni del 12 giugno 2022.<\/p>\n<p>&nbsp;<\/p>\n<blockquote><p><em><a class=\"dt-pswp-item\" href=\"https:\/\/www.radiopiu.net\/wordpress\/wp-content\/uploads\/2022\/04\/FELTRE-2.jpg\" data-dt-img-description=\"\" data-large_image_width=\"1920\" data-large_image_height=\"1080\"><img loading=\"lazy\" decoding=\"async\" class=\"size-thumbnail wp-image-269869 alignleft\" src=\"https:\/\/www.radiopiu.net\/wordpress\/wp-content\/uploads\/2022\/04\/FELTRE-2-150x150.jpg\" alt=\"\" width=\"150\" height=\"150\" \/><\/a>Da settimane, in vista delle prossime elezioni amministrative, le citt\u00e0 interessate al voto, sono \u201cdipinte\u201d da immagini dei candidati con i loro programmi, alcuni di questi evidenti impegni accattivanti, contrapposti tra coalizioni politiche in campo. Le comunit\u00e0 locali, con le attuali pesanti emergenze sociali (sanitarie, economiche, occupazionali, ambientali) e con la pace calpestata, avrebbero (hanno) la necessit\u00e0 (il diritto) di avere (anche) nelle proprie <\/em><em>amministrazioni comunali: professionalit\u00e0, efficienza, collaborazione consiliare e soprattutto concrete azioni per contrastare le povert\u00e0 e per assistere le persone disabili e non autosufficienti. Sostanzialmente, dopo il 12 giugno 2022, vanno costituite nelle sedi municipali \u201cmasse critiche\u201d convergenti. In questi ambiti decisionali la collaborazione propositiva supera le divisioni e le polemiche tra maggioranza di governo e minoranza consiliare. I candidati sindaci, invece delle tante (alcune dispendiose) uscite propagandistiche, dovrebbero confrontarsi, in pubblici dibattiti, con tutti i \u201cportatori di interesse\u201d (Cgil Cisl Uil \u2013 Acli \u2013 Associazioni economiche e imprenditoriali \u2013 Fondazioni bancarie \u2013 Volontariato \u2013 Terzo settore \u2013 Rappresentati della cultura, della ricerca, della formazione, etc.) per analizzare la realt\u00e0 locale nel suo insieme e per sottoscrivere un patto programmatorio concertato, finalizzato alla soluzione delle problematiche che attanagliano molte persone fragili, anche loro auspicano seriet\u00e0 politica amministrativa.<\/em><\/p><\/blockquote>\n<p>&nbsp;<\/p>\n<hr \/>\n<p>&nbsp;<\/p>\n<blockquote>\n<h3>SOMMERSO, IL LAVORO ABUSIVO MINACCIA 710MILA IMPRENDITORI<\/h3>\n<\/blockquote>\n<p><strong>BELLUNO<\/strong>\u00a0 3,2 milioni di pericolosi \u201cfantasmi\u201d si aggirano per l\u2019Italia: sono i lavoratori irregolari e gli operatori abusivi che popolano il sommerso, quel mondo parallelo che \u201cvale\u201d 202,9 miliardi di euro e rappresenta l\u201911,3% del Pil e il 12,6% del valore aggiunto. Un mondo in cui non esistono regole e che produce danni ingenti alle imprese, alla sicurezza dei consumatori, alle casse dello Stato. Confartigianato ha lanciato una campagna nazionale di informazione contro l\u2019abusivismo dal titolo \u201cOcchio ai furbi! Mettetevi solo in buone mani\u201d. Tre gli obiettivi dell\u2019iniziativa: mettere in guardia i consumatori dal rischio di cadere nelle mani di operatori improvvisati, valorizzare qualit\u00e0, durata, rispetto delle norme, convenienza e sicurezza del lavoro dei veri artigiani, richiamare le autorit\u00e0 a un\u2019azione di controllo, di repressione e di contrasto all\u2019evasione fiscale e contributiva. La campagna \u00e8 strutturata in una serie di fumetti che spiegano i rischi nascosti dietro l\u2019abusivismo, anche per i clienti e gli utenti, non solo per gli artigiani.<\/p>\n<p>&nbsp;<\/p>\n<p>&nbsp;<\/p>\n<hr \/>\n<blockquote>\n<h3><\/h3>\n<h3>CARO VESCOVO, NON VOGLIO CREDERE A CIOE&#8217; CHE SENTO, E&#8217; DELUSIONE PROFONDA<\/h3>\n<\/blockquote>\n<p>Riceviamo e pubblichiamo l&#8217;ennesima importante lettera inviata al vescovo di Belluno e Feltre Mons. Renato Marangoni a firma di Francesco Gorizi.<\/p>\n<blockquote>\n<h3><em>Non voglio credere che la Chiesa non dimostri la resilienza che ha dimostrato per migliaia d&#8217;anni.<\/em><\/h3>\n<\/blockquote>\n<p><strong><a class=\"dt-pswp-item\" href=\"https:\/\/www.radiopiu.net\/wordpress\/wp-content\/uploads\/2022\/05\/relation-4027139__340.jpg\" data-dt-img-description=\"\" data-large_image_width=\"510\" data-large_image_height=\"340\"><img loading=\"lazy\" decoding=\"async\" class=\"size-thumbnail wp-image-274137 alignleft\" src=\"https:\/\/www.radiopiu.net\/wordpress\/wp-content\/uploads\/2022\/05\/relation-4027139__340-150x150.jpg\" alt=\"\" width=\"150\" height=\"150\" \/><\/a>BELLUNO<\/strong> Eccellenza ho saputo che l&#8217;Istituto Sperti chiuder\u00e0 a giugno. Mi sono trasferito con la mia famiglia a Belluno, per lavoro, alcuni anni fa dalla Toscana. Nell&#8217;incertezza dei primi momenti, in una realt\u00e0 accogliente, ma sconosciuta, per me e mia moglie, ma soprattutto per nostra figlia, l&#8217;Istituto Sperti, le suore e le educatrici hanno rappresentato un punto di riferimento solido, sicuro, affidabile. Nostra figlia \u00e8 cresciuta negli anni della scuola primaria con lo Sperti, fra persone che hanno saputo supportare lei e noi genitori, anche in un momento complicato come quello della pandemia, aiutandoci ogni volta a ripartire con amore, professionalit\u00e0, estrema disponibilit\u00e0. L&#8217;Istituto Sperti ha per noi rappresentato e rappresenta un punto di riferimento importante, dove chi, come me, ha frequentato la scuola dell&#8217;infanzia e primaria presso un istituto religioso ed ha assiduamente partecipato alle attivit\u00e0 della Parrocchia del Duomo di Sansepolcro, ha ritrovato la solidit\u00e0 dei valori cattolici, che purtroppo, nella quotidianit\u00e0 di perdono ormai troppo spesso. L&#8217;Istituto Sperti non \u00e8 solo un doposcuola o un convitto, \u00e8 anche co-protagonista insieme alle Famiglie della formazione e crescita dei giovani, secondo principi che la nostra societ\u00e0 deve riscoprire. L&#8217;Istituto Sperti \u00e8 la Chiesa nel territorio, in mezzo alla gente. Non voglio credere a ci\u00f2 che sento e cio\u00e8 che l&#8217;Istituto Sperti chiuda in un momento cos\u00ec critico, soprattutto per i ragazzi, spesso disorientati e confusi. Non voglio credere che la Chiesa non dimostri la resilienza che ha dimostrato per migliaia d&#8217;anni. Non voglio credere che la logica del &#8220;conto economico&#8221; sia il parametro di riferimento principale, come un&#8217;azienda qualsiasi. Questa decisione toglierebbe molto ai nostri figli e a questo territorio. Non voglio credere a ci\u00f2 che sento, sarebbe una profonda delusione. Mi rivolgo a Lei e alle istituzioni religiose, affinch\u00e9 la decisione venga rivalutata nell&#8217;interesse dei bambini e della comunit\u00e0 bellunese. Era gi\u00e0 previsto che a giugno, conclusa la scuola primaria, nostra figlia non frequentasse pi\u00f9 lo Sperti, non \u00e8 per interesse personale, quindi, che le scrivo. Mi sono permesso di farlo dopo aver firmato la petizione contro la chiusura dell&#8217;Istituto per ricordare che dietro quei nomi, ci sono storie, famiglie e persone profondamente grate a quanto la Chiesa ha fatto finora per loro. Confido in un suo intervento risolutivo.<\/p>\n<p>&nbsp;<\/p>\n<hr \/>\n<p>&nbsp;<\/p>\n<blockquote>\n<h3>GLI INFERMIERI DI ANESTESIA E RIANIMAZIONE: PROFESSIONISTI ATTIVI ANCHE AL DI FUORI DELLE SALE OPERATORIE E DELLA TERAPIA INTENSIVA<\/h3>\n<\/blockquote>\n<p><strong><a class=\"dt-pswp-item\" href=\"https:\/\/www.radiopiu.net\/wordpress\/wp-content\/uploads\/2022\/05\/123.456.7890-www.reallygreatsite.com-6-1.png\" data-dt-img-description=\"\" data-large_image_width=\"1080\" data-large_image_height=\"1080\"><img loading=\"lazy\" decoding=\"async\" class=\"size-thumbnail wp-image-274188 alignleft\" src=\"https:\/\/www.radiopiu.net\/wordpress\/wp-content\/uploads\/2022\/05\/123.456.7890-www.reallygreatsite.com-6-1-150x150.png\" alt=\"\" width=\"150\" height=\"150\" srcset=\"https:\/\/www.radiopiu.net\/wordpress\/wp-content\/uploads\/2022\/05\/123.456.7890-www.reallygreatsite.com-6-1-150x150.png 150w, https:\/\/www.radiopiu.net\/wordpress\/wp-content\/uploads\/2022\/05\/123.456.7890-www.reallygreatsite.com-6-1-300x300.png 300w, https:\/\/www.radiopiu.net\/wordpress\/wp-content\/uploads\/2022\/05\/123.456.7890-www.reallygreatsite.com-6-1-1024x1024.png 1024w, https:\/\/www.radiopiu.net\/wordpress\/wp-content\/uploads\/2022\/05\/123.456.7890-www.reallygreatsite.com-6-1-768x768.png 768w, https:\/\/www.radiopiu.net\/wordpress\/wp-content\/uploads\/2022\/05\/123.456.7890-www.reallygreatsite.com-6-1.png 1080w\" sizes=\"auto, (max-width: 150px) 100vw, 150px\" \/><\/a>BELLUNO <\/strong>Non solo nelle sale operatorie e della terapia intensiva, un gruppo di infermieri di Anestesia e Rianimazione di Belluno si occupa anche di attivit\u00e0 particolari che sono punto di riferimento trasversale. Il Team Nutrizionale e il PICC Team ne sono due esempi significativi. Il Team nutrizionale \u00e8 un servizio multidisciplinare &#8211; dietista, medico nutrizionista, medico curante, infermiere esperto, infermiere del territorio &#8211; a cui partecipano 3 infermieri di Anestesia e Rianimazione. Il servizio fornisce la valutazione del bisogno di alimentazione in relazione al problema di salute e l\u2019attivazione di adeguata terapia nutrizionale, nonch\u00e9 la formazione dei familiari per la gestione dei sistemi di alimentazione artificiale, il follow up degli assistiti a domicilio ed il servizio di consulenza interno all\u2019ospedale per le persone ricoverate. Il PICC Team \u00e8 un servizio interamente infermieristico, attivato dal 2019, a cui partecipano 4 infermieri di Anestesia e Rianimazione e che garantisce il posizionamento di accessi venosi a medio e lungo termine. Infatti, alcuni trattamenti (terapie antitumorali o trasfusionali, nutrizionali o reidratanti, antibiotiche, ecc. ) possono richiedere infusioni endovenose continue o periodiche da effettuare sia durante un ricovero che a domicilio o con accesso ambulatoriale. Il PICC team interviene applicando una procedura ecoguidata per il posizionamento di una cannula durevole che pu\u00f2 rimanere in sede anche per alcuni mesi, riducendo cos\u00ec il ricorso a punture multiple sia per la somministrazione della terapia che per gli esami di controllo del sangue.<\/p>\n<p>&nbsp;<\/p>\n<p>&nbsp;<\/p>\n<hr \/>\n<p>&nbsp;<\/p>\n<blockquote>\n<h3>SETTIMANA DELL\u2019AFFIDO: I PROSSIMI APPUNTAMENTI<\/h3>\n<\/blockquote>\n<p><strong>BELLUNO <\/strong>Entra nel vivo la settimana dedicata all\u2019affido familiare con tutte le iniziative organizzate dai Centri per l&#8217;Affido e la Solidariet\u00e0 Familiare dell&#8217;ULSS 1 Dolomiti \u2013 equipe di Belluno e Feltre. Gli appuntamenti sono pensati per sensibilizzare sull\u2019affido familiare, condividendo le esperienze delle famiglie affidatarie. Oggi a Belluno Accogliere la \u201c<em>diversit\u00e0\u201d<\/em> oggi \u00e8 <em>diverso<\/em> ? Riflessione attuale sulla solidariet\u00e0 e l\u2019accoglienza alle 10.00 &#8211; Sala Barchessa Villa Doglioni-Dal Mas, Via San Lucano 32 (sede di Confindustria Belluno Dolomiti): Incontro con Marco Chistolini, psicologo psicoterapeuta e formatore; saranno presenti le Famiglie in Rete di Ponte nelle Alpi e Feltre. L\u2019ingresso \u00e8 libero.<\/p>\n<p>&nbsp;<\/p>\n<p>&nbsp;<\/p>\n<hr \/>\n<p>&nbsp;<\/p>\n<blockquote>\n<h3>DAL 16 MAGGIO IL\u00a0 CORSO DI INFORMAZIONE E FORMAZIONE SULL\u2019AFFIDO FAMILIARE<\/h3>\n<\/blockquote>\n<p><strong>BELLUNO <\/strong>I Centri per l&#8217;Affido e la Solidariet\u00e0 Familiare (CASF) dell&#8217;ULSS 1 Dolomiti \u2013 equipe di Belluno e Feltre \u2013 organizzano un corso informativo e formativo in presenza sul tema dell&#8217;affido familiare a partire dal 16 maggio. Dopo alcune edizioni online, gli operatori dei CASF tornano, infatti, ad incontrare famiglie, coppie e persone single interessati all\u2019affido familiare con una serie di appuntamenti per favorire una modalit\u00e0 pi\u00f9 esperienziale di avvicinamento al tema. Il corso si terr\u00e0 nelle seguenti tre giornate presso la sala convegni dell\u2019ospedale Santa Maria del Prato di Feltre: luned\u00ec 16 maggio: dalle 18.00 alle 20.00, venerd\u00ec 20 maggio: dalle 18.00 alle 20.00 e dalle 20.30 alle 22.00, mercoled\u00ec 25 maggio: dalle 18.00 alle 20.00. La partecipazione agli incontri \u00e8 gratuita ed \u00e8 necessaria l\u2019iscrizione entro il 13 maggio 2022. Per maggiori informazioni e per iscrizioni, contattare telefonicamente o per email: CASF DI FELTRE: 0439 883170 \u2013 email: <a href=\"mailto:centroaffido.fe@aulss1.veneto.it\">centroaffido.fe@aulss1.veneto.it <\/a>CASF DI BELLUNO: 0437 514975 \u2013 email: <a href=\"mailto:centroaffido.bl@aulss1.veneto.it\">centroaffido.bl@aulss1.veneto.it<\/a><\/p>\n<p>&nbsp;<\/p>\n<p>&nbsp;<\/p>\n<hr \/>\n<p>&nbsp;<\/p>\n<blockquote>\n<h3>UN ORTO SOCIALE PER COLTIVARE INSIEME DIVERSE ABILITA&#8217;<\/h3>\n<\/blockquote>\n<p><strong><a class=\"dt-pswp-item\" href=\"https:\/\/www.radiopiu.net\/wordpress\/wp-content\/uploads\/2022\/05\/20220503_111424-scaled.jpg\" data-dt-img-description=\"\" data-large_image_width=\"1920\" data-large_image_height=\"2560\"><img loading=\"lazy\" decoding=\"async\" class=\"size-thumbnail wp-image-274186 alignleft\" src=\"https:\/\/www.radiopiu.net\/wordpress\/wp-content\/uploads\/2022\/05\/20220503_111424-150x150.jpg\" alt=\"\" width=\"150\" height=\"150\" \/><\/a>BELLUNO <\/strong>Nasce a Belluno, in localit\u00e0 Cavarzano, un orto sociale per le persone disabili nell\u2019ambito del Progetto GEOD (Gruppo Educativo Orientamento Disabili) promosso dal Servizio Integrazione Scolastica e Sociale dell\u2019Ulss 1 Dolomiti. Il Progetto prevede dei laboratori organizzati in piccoli gruppi di ragazzi con l\u2019obiettivo di promuovere l\u2019inclusione sociale e l\u2019acquisizione di prerequisiti di autonomia per favorire l\u2019inserimento sociale e lavorativo. Il progetto Orto Sociale vuole offrire ai suoi partecipanti un\u2019esperienza motivante, dalla quale apprendere e condividere abilit\u00e0 specifiche sperimentando il contatto diretto con la natura. Dalla preparazione del terreno alla semina fino alla raccolta dei prodotti e alla creazione di laboratori di trasformazione dei frutti del raccolto, l\u2019obiettivo \u00e8 sostenere lo sviluppo di capacit\u00e0 mentali, emotive, relazionali e fisiche di chi vi partecipa. In queste settimane i ragazzi del GEOD sono all\u2019opera per mettere a dimora le varie colture, con l\u2019intenzione di proseguire l\u2019esperienza anche nel periodo estivo.<\/p>\n<p>&nbsp;<\/p>\n<p>&nbsp;<\/p>\n<hr \/>\n<p>&nbsp;<\/p>\n<blockquote>\n<h3>L&#8217;ADDESTRAMENTO DEI POMPIERI VOLONTARI DI CANALE D&#8217;AGORDO<\/h3>\n<\/blockquote>\n<p><strong>CANALE D&#8217;AGORDO<\/strong> Con la fine della pandemia possono riprendere, finalmente in presenza, gran parte delle attivit\u00e0. Non ultime per importanza quelle dedicate all&#8217;addestramento dei pompieri volontari di Canale d&#8217;Agordo che comunque anche nel lungo periodo caratterizzato dal covid hanno quotidianamente presidiato il territorio, pronti a salire sui mezzi e portare il loro insostituibile aiuto. L&#8217;altra sera dunque l&#8217;addestramento, quello mensile. I vigili del fuoco della valle del Biois sono partiti dalla sede in centro al paese per raggiungere un&#8217;abitazione dove \u00e8 stato simulato l&#8217;incendio con una persona preda delle fiamme all&#8217;nterno della struttura. Manovre importanti con l&#8217;uso di autoprotettori e antifiamma. Per rendere pi\u00f9 vera e difficoltosa l&#8217;operazione i pompieri si sono ritrovati con la maschera oscurata.\u00a0 A turno, una coppia di vigili \u00e8 entrata nella casa eseguendo la ricerca. Utilizzato anche il carro fari per illuminare la zona interessata.<em> &#8220;Con questo addestramento -dicono i volontari &#8211; abbiamo ripassato la corretta vestizione, l&#8217;uso dell&#8217;autoprotettore e i nodi per la sicurezza&#8221;.<\/em><\/p>\n\n\t\t\t<style type='text\/css'>\n\t\t\t\t#gallery-4 {\n\t\t\t\t\tmargin: auto;\n\t\t\t\t}\n\t\t\t\t#gallery-4 .gallery-item {\n\t\t\t\t\tfloat: left;\n\t\t\t\t\tmargin-top: 10px;\n\t\t\t\t\ttext-align: center;\n\t\t\t\t\twidth: 33%;\n\t\t\t\t}\n\t\t\t\t#gallery-4 img {\n\t\t\t\t\tborder: 2px solid #cfcfcf;\n\t\t\t\t}\n\t\t\t\t#gallery-4 .gallery-caption {\n\t\t\t\t\tmargin-left: 0;\n\t\t\t\t}\n\t\t\t\t\/* see gallery_shortcode() in wp-includes\/media.php *\/\n\t\t\t<\/style>\n\t\t<div id='gallery-4' class='dt-gallery-container gallery galleryid-274061 gallery-columns-3 gallery-size-thumbnail'><dl class='gallery-item'>\n\t\t\t\t<dt class='gallery-icon landscape'>\n\t\t\t\t\t<a class=\"rollover rollover-zoom dt-pswp-item\" title=\"279650239_538642514313749_7358498226106346398_n\" data-dt-img-description=\"\" data-large_image_width=\"2048\" data-large_image_height=\"1536\"href='https:\/\/www.radiopiu.net\/wordpress\/wp-content\/uploads\/2022\/05\/279650239_538642514313749_7358498226106346398_n.jpg'><img loading=\"lazy\" decoding=\"async\" width=\"150\" height=\"150\" src=\"https:\/\/www.radiopiu.net\/wordpress\/wp-content\/uploads\/2022\/05\/279650239_538642514313749_7358498226106346398_n-150x150.jpg\" class=\"attachment-thumbnail size-thumbnail\" alt=\"\" \/><\/a>\n\t\t\t\t<\/dt><\/dl><dl class='gallery-item'>\n\t\t\t\t<dt class='gallery-icon landscape'>\n\t\t\t\t\t<a class=\"rollover rollover-zoom dt-pswp-item\" title=\"280093791_538642357647098_4223169441226422952_n\" data-dt-img-description=\"\" data-large_image_width=\"2048\" data-large_image_height=\"1536\"href='https:\/\/www.radiopiu.net\/wordpress\/wp-content\/uploads\/2022\/05\/280093791_538642357647098_4223169441226422952_n.jpg'><img loading=\"lazy\" decoding=\"async\" width=\"150\" height=\"150\" src=\"https:\/\/www.radiopiu.net\/wordpress\/wp-content\/uploads\/2022\/05\/280093791_538642357647098_4223169441226422952_n-150x150.jpg\" class=\"attachment-thumbnail size-thumbnail\" alt=\"\" \/><\/a>\n\t\t\t\t<\/dt><\/dl><dl class='gallery-item'>\n\t\t\t\t<dt class='gallery-icon landscape'>\n\t\t\t\t\t<a class=\"rollover rollover-zoom dt-pswp-item\" title=\"279637656_538642437647090_6792715782891910717_n\" data-dt-img-description=\"\" data-large_image_width=\"2048\" data-large_image_height=\"1536\"href='https:\/\/www.radiopiu.net\/wordpress\/wp-content\/uploads\/2022\/05\/279637656_538642437647090_6792715782891910717_n.jpg'><img loading=\"lazy\" decoding=\"async\" width=\"150\" height=\"150\" src=\"https:\/\/www.radiopiu.net\/wordpress\/wp-content\/uploads\/2022\/05\/279637656_538642437647090_6792715782891910717_n-150x150.jpg\" class=\"attachment-thumbnail size-thumbnail\" alt=\"\" \/><\/a>\n\t\t\t\t<\/dt><\/dl><br style=\"clear: both\" \/>\n\t\t\t<\/div>\n\n<p>&nbsp;<\/p>\n<hr \/>\n<p>&nbsp;<\/p>\n<blockquote>\n<h3>FABIO RUFUS BRISTOT AD AGORDO CON IL LIBRO IN RICORDO DI DON CLAUDIO<\/h3>\n<\/blockquote>\n<p><strong>AGORDO<\/strong>\u00a0<span dir=\"ltr\" role=\"presentation\">Presso la sala \u201cdon Tamis\u201d in via 27 aprile ad Agordo, Fabio Bristot <\/span><span dir=\"ltr\" role=\"presentation\">\u201cRufus\u201d presenta il suo libro \u201cDon Claudio e la Luna\u201d.\u00a0<\/span><\/p>\n<div dir=\"auto\">PROLOGO<\/div>\n<div dir=\"auto\">IL PRETE DELLO SCI ESTREMO<\/div>\n<div dir=\"auto\">Si trovava esattamente sotto la cupola di luce sottile creata dalla luna chiara e grande che, quella sera, sembrava decisamente attaccata pi\u00f9 in basso del solito: una palla gialla adagiata elegantemente su un cielo color carta da zucchero. A Don Claudio sembrava che la luna fosse davvero cos\u00ec e di trovarsi sull\u2019esatta verticale di quella proiezione luminosa.<\/div>\n<div dir=\"auto\">Sotto quel manto stellato e bagnato di luce ovunque, Don Claudio desiderava cogliere quasi una sorta di segno astrale: un simbolo che univa i quattro vertici della montagna e la sua figura a qualcosa di realmente visibile nello spazio, ma ancora non definito nel tempo, ora sfuggevole come la brina, sollevata dal vento violento di quella sera del 2 dicembre.<\/div>\n<div dir=\"auto\">Il Monte Pore (2045 mt.), appartenente al gruppo Averau-Nuvolau, \u00e8 la montagna salita da Don Claudio Sacco nel corso della sua ultima uscita scialpinistica effettuata il 2 dicembre 2009.<\/div>\n<div dir=\"auto\"><a class=\"oajrlxb2 g5ia77u1 qu0x051f esr5mh6w e9989ue4 r7d6kgcz rq0escxv nhd2j8a9 nc684nl6 p7hjln8o kvgmc6g5 cxmmr5t8 oygrvhab hcukyx3x jb3vyjys rz4wbd8a qt6c0cv9 a8nywdso i1ao9s8h esuyzwwr f1sip0of lzcic4wl gpro0wi8 q66pz984 b1v8xokw\" tabindex=\"0\" role=\"link\" href=\"https:\/\/www.facebook.com\/FabioBristotRufus\/?__cft__[0]=AZUzCHfCM4VsQCteISg7omjeZ4lnPPQlFaLEyvSGJkDFBQuPYV_0iU-R1FbM1p3De3x-9Aia9hishBxA8GFvUvGOAA4acpuV-xPA7v7iXDOW5QYShuHr3_TkAx00zkFwyybpDFlUe74XjjCTmL0Jx4IozwX2vg9QGpf2wXsSDKKiZJpnI3sPyyh2IbLWZ-_5WMJeBP4Wg2IkqGFZqamp5S_R&amp;__tn__=kK-R\"><span class=\"nc684nl6\">Fabio Bristot Rufus<\/span><\/a><\/div>\n<p><strong>LA DIRETTA RADIO PIU&#8217;<\/strong><\/p>\n<p>https:\/\/www.facebook.com\/marco.baghy.1\/videos\/535908468143824<\/p>\n<p>&nbsp;<\/p>\n<p>&nbsp;<\/p>\n<hr \/>\n<p>&nbsp;<\/p>\n<blockquote>\n<h3>IL 24* GRAFFITO DI DUNIO, AD AGORDO PAESE DEL GRAFFITO<\/h3>\n<\/blockquote>\n<blockquote>\n<h3 dir=\"auto\"><em>Si riparte, con il 24\u00b0 graffito, con l&#8217;illustrazione di molti bambini che si affacciano gioiosi sulla piccola piazzetta: che siano di buon auspicio per l&#8217;avvenire.\u00a0<\/em><\/h3>\n<\/blockquote>\n<div dir=\"auto\"><strong>AGORDO<\/strong> Vi \u00e8 una bella storia: la sinergia di un gruppo di persone in &#8220;cordata&#8221; con lo scopo di impreziosire il luogo dove abitano. \u00c8 la zona cosidetta &#8220;de le Ville&#8221;, caratterizzata dai borghi di Toccol, Prompicai e Parech, che tutt&#8217;oggi offre una gentile passeggiata tra scorci paesaggistici antichi e la visione colorata di 23 opere artistiche murali. L&#8217;iniziativa nasce nel 2010 con il graffito a casa Zasso: vi furono alcune difficolt\u00e0 iniziali perch\u00e9 era tutto da inventare, da programmare e non si sapeva ancora cosa &#8220;volevamo, o potevamo diventare&#8221;. Nel corso degli anni il sodalizio organizzativo \u00e8 stato tenace e volenteroso, finch\u00e9, nel giorno di lunedi 23 marzo 2020 chiusero parzialmente i confini territoriali a causa della pandemia. Quel giorno si fecero gli ultimi ritocchi al 23\u00b0 graffito di &#8220;Agordo Paese del Graffito&#8221; a casa Costantini-Fontanive. Fu l&#8217;ultima opera: poco dopo era in programma a Villa Probati un graffito di Franco Murer che non si pot\u00e9 realizzare. Poi \u00e8 passato il tempo e non ci sono pi\u00f9 state le condizioni, in un mondo affranto da tante cose e con problemi enormi, per eseguire serenamente altre opere. Ora si ricomincia cercando di rallegrare colorando ancora un po&#8217; le pareti, e si inizia da Prompicai, a casa Gaz, a pochi passi dall&#8217;Oratorio dedicato a San Vincenzo Ferrer, patrono dei fanciulli.<\/div>\n<div dir=\"auto\"><\/div>\n<div dir=\"auto\"><strong>GALLERIA FOTOGRAFICA\u00a0<\/strong><\/div>\n<div dir=\"auto\">\n\n\t\t\t<style type='text\/css'>\n\t\t\t\t#gallery-5 {\n\t\t\t\t\tmargin: auto;\n\t\t\t\t}\n\t\t\t\t#gallery-5 .gallery-item {\n\t\t\t\t\tfloat: left;\n\t\t\t\t\tmargin-top: 10px;\n\t\t\t\t\ttext-align: center;\n\t\t\t\t\twidth: 20%;\n\t\t\t\t}\n\t\t\t\t#gallery-5 img {\n\t\t\t\t\tborder: 2px solid #cfcfcf;\n\t\t\t\t}\n\t\t\t\t#gallery-5 .gallery-caption {\n\t\t\t\t\tmargin-left: 0;\n\t\t\t\t}\n\t\t\t\t\/* see gallery_shortcode() in wp-includes\/media.php *\/\n\t\t\t<\/style>\n\t\t<div id='gallery-5' class='dt-gallery-container gallery galleryid-274061 gallery-columns-5 gallery-size-thumbnail'><dl class='gallery-item'>\n\t\t\t\t<dt class='gallery-icon portrait'>\n\t\t\t\t\t<a class=\"rollover rollover-zoom dt-pswp-item\" title=\"279070537_10220368066661812_2292633450539320313_n\" data-dt-img-description=\"\" data-large_image_width=\"1517\" data-large_image_height=\"2048\"href='https:\/\/www.radiopiu.net\/wordpress\/wp-content\/uploads\/2022\/05\/279070537_10220368066661812_2292633450539320313_n.jpg'><img loading=\"lazy\" decoding=\"async\" width=\"150\" height=\"150\" src=\"https:\/\/www.radiopiu.net\/wordpress\/wp-content\/uploads\/2022\/05\/279070537_10220368066661812_2292633450539320313_n-150x150.jpg\" class=\"attachment-thumbnail size-thumbnail\" alt=\"\" \/><\/a>\n\t\t\t\t<\/dt><\/dl><dl class='gallery-item'>\n\t\t\t\t<dt class='gallery-icon landscape'>\n\t\t\t\t\t<a class=\"rollover rollover-zoom dt-pswp-item\" title=\"279603167_10220368068621861_1913827970240055285_n\" data-dt-img-description=\"\" data-large_image_width=\"2048\" data-large_image_height=\"1486\"href='https:\/\/www.radiopiu.net\/wordpress\/wp-content\/uploads\/2022\/05\/279603167_10220368068621861_1913827970240055285_n.jpg'><img loading=\"lazy\" decoding=\"async\" width=\"150\" height=\"150\" src=\"https:\/\/www.radiopiu.net\/wordpress\/wp-content\/uploads\/2022\/05\/279603167_10220368068621861_1913827970240055285_n-150x150.jpg\" class=\"attachment-thumbnail size-thumbnail\" alt=\"\" \/><\/a>\n\t\t\t\t<\/dt><\/dl><dl class='gallery-item'>\n\t\t\t\t<dt class='gallery-icon landscape'>\n\t\t\t\t\t<a class=\"rollover rollover-zoom dt-pswp-item\" title=\"279224060_10220368069821891_4594390326849228095_n\" data-dt-img-description=\"\" data-large_image_width=\"2000\" data-large_image_height=\"1614\"href='https:\/\/www.radiopiu.net\/wordpress\/wp-content\/uploads\/2022\/05\/279224060_10220368069821891_4594390326849228095_n.jpg'><img loading=\"lazy\" decoding=\"async\" width=\"150\" height=\"150\" src=\"https:\/\/www.radiopiu.net\/wordpress\/wp-content\/uploads\/2022\/05\/279224060_10220368069821891_4594390326849228095_n-150x150.jpg\" class=\"attachment-thumbnail size-thumbnail\" alt=\"\" \/><\/a>\n\t\t\t\t<\/dt><\/dl><dl class='gallery-item'>\n\t\t\t\t<dt class='gallery-icon portrait'>\n\t\t\t\t\t<a class=\"rollover rollover-zoom dt-pswp-item\" title=\"278907506_10220368065621786_6278501471326749622_n\" data-dt-img-description=\"\" data-large_image_width=\"1613\" data-large_image_height=\"2048\"href='https:\/\/www.radiopiu.net\/wordpress\/wp-content\/uploads\/2022\/05\/278907506_10220368065621786_6278501471326749622_n.jpg'><img loading=\"lazy\" decoding=\"async\" width=\"150\" height=\"150\" src=\"https:\/\/www.radiopiu.net\/wordpress\/wp-content\/uploads\/2022\/05\/278907506_10220368065621786_6278501471326749622_n-150x150.jpg\" class=\"attachment-thumbnail size-thumbnail\" alt=\"\" \/><\/a>\n\t\t\t\t<\/dt><\/dl><dl class='gallery-item'>\n\t\t\t\t<dt class='gallery-icon landscape'>\n\t\t\t\t\t<a class=\"rollover rollover-zoom dt-pswp-item\" title=\"279267877_10220368067061822_5194576766092425522_n\" data-dt-img-description=\"\" data-large_image_width=\"2048\" data-large_image_height=\"1512\"href='https:\/\/www.radiopiu.net\/wordpress\/wp-content\/uploads\/2022\/05\/279267877_10220368067061822_5194576766092425522_n.jpg'><img loading=\"lazy\" decoding=\"async\" width=\"150\" height=\"150\" src=\"https:\/\/www.radiopiu.net\/wordpress\/wp-content\/uploads\/2022\/05\/279267877_10220368067061822_5194576766092425522_n-150x150.jpg\" class=\"attachment-thumbnail size-thumbnail\" alt=\"\" \/><\/a>\n\t\t\t\t<\/dt><\/dl><br style=\"clear: both\" \/><dl class='gallery-item'>\n\t\t\t\t<dt class='gallery-icon portrait'>\n\t\t\t\t\t<a class=\"rollover rollover-zoom dt-pswp-item\" title=\"279389314_10220368067981845_1634119497078084156_n\" data-dt-img-description=\"\" data-large_image_width=\"1617\" data-large_image_height=\"2048\"href='https:\/\/www.radiopiu.net\/wordpress\/wp-content\/uploads\/2022\/05\/279389314_10220368067981845_1634119497078084156_n.jpg'><img loading=\"lazy\" decoding=\"async\" width=\"150\" height=\"150\" src=\"https:\/\/www.radiopiu.net\/wordpress\/wp-content\/uploads\/2022\/05\/279389314_10220368067981845_1634119497078084156_n-150x150.jpg\" class=\"attachment-thumbnail size-thumbnail\" alt=\"\" \/><\/a>\n\t\t\t\t<\/dt><\/dl><dl class='gallery-item'>\n\t\t\t\t<dt class='gallery-icon landscape'>\n\t\t\t\t\t<a class=\"rollover rollover-zoom dt-pswp-item\" title=\"279298487_10220368067821841_1904731016179501656_n\" data-dt-img-description=\"\" data-large_image_width=\"2048\" data-large_image_height=\"1391\"href='https:\/\/www.radiopiu.net\/wordpress\/wp-content\/uploads\/2022\/05\/279298487_10220368067821841_1904731016179501656_n.jpg'><img loading=\"lazy\" decoding=\"async\" width=\"150\" height=\"150\" src=\"https:\/\/www.radiopiu.net\/wordpress\/wp-content\/uploads\/2022\/05\/279298487_10220368067821841_1904731016179501656_n-150x150.jpg\" class=\"attachment-thumbnail size-thumbnail\" alt=\"\" \/><\/a>\n\t\t\t\t<\/dt><\/dl><dl class='gallery-item'>\n\t\t\t\t<dt class='gallery-icon landscape'>\n\t\t\t\t\t<a class=\"rollover rollover-zoom dt-pswp-item\" title=\"279296745_10220368067541834_7724645808645464992_n\" data-dt-img-description=\"\" data-large_image_width=\"1905\" data-large_image_height=\"1531\"href='https:\/\/www.radiopiu.net\/wordpress\/wp-content\/uploads\/2022\/05\/279296745_10220368067541834_7724645808645464992_n.jpg'><img loading=\"lazy\" decoding=\"async\" width=\"150\" height=\"150\" src=\"https:\/\/www.radiopiu.net\/wordpress\/wp-content\/uploads\/2022\/05\/279296745_10220368067541834_7724645808645464992_n-150x150.jpg\" class=\"attachment-thumbnail size-thumbnail\" alt=\"\" \/><\/a>\n\t\t\t\t<\/dt><\/dl><dl class='gallery-item'>\n\t\t\t\t<dt class='gallery-icon portrait'>\n\t\t\t\t\t<a class=\"rollover rollover-zoom dt-pswp-item\" title=\"279326712_10220368059581635_2884625640683183149_n\" data-dt-img-description=\"\" data-large_image_width=\"693\" data-large_image_height=\"795\"href='https:\/\/www.radiopiu.net\/wordpress\/wp-content\/uploads\/2022\/05\/279326712_10220368059581635_2884625640683183149_n.jpg'><img loading=\"lazy\" decoding=\"async\" width=\"150\" height=\"150\" src=\"https:\/\/www.radiopiu.net\/wordpress\/wp-content\/uploads\/2022\/05\/279326712_10220368059581635_2884625640683183149_n-150x150.jpg\" class=\"attachment-thumbnail size-thumbnail\" alt=\"\" \/><\/a>\n\t\t\t\t<\/dt><\/dl>\n\t\t\t\t<br style='clear: both' \/>\n\t\t\t<\/div>\n\n<p>&nbsp;<\/p>\n<\/div>\n<p>&nbsp;<\/p>\n<hr \/>\n<p>&nbsp;<\/p>\n<blockquote>\n<h3><a class=\"dt-pswp-item\" href=\"https:\/\/www.radiopiu.net\/wordpress\/wp-content\/uploads\/2021\/06\/LAVORI.jpg\" data-dt-img-description=\"\" data-large_image_width=\"188\" data-large_image_height=\"164\"><img loading=\"lazy\" decoding=\"async\" class=\"alignleft wp-image-216176 \" src=\"https:\/\/www.radiopiu.net\/wordpress\/wp-content\/uploads\/2021\/06\/LAVORI.jpg\" alt=\"\" width=\"140\" height=\"122\" \/><\/a>A BELLUNO MODIFICHE ALLA CIRCOLAZIONE IN ALCUNE VIE<\/h3>\n<\/blockquote>\n<p><strong>VIA AGORDO<\/strong> senso unico alternato di circolazione veicolare regolato da impianto semaforico e, in caso di traffico particolarmente intenso, da idoneo personale, in via Agordo nel tratto di strada compreso tra il civico 355 e l\u2019intersezione con via Mares, nel periodo dal 16 al 20 maggio dalle ore 8.00 alle ore 17.00 di ciascuna giornata<\/p>\n<p><strong>VIA MIARI <\/strong>divieto di circolazione nel tratto di strada compreso tra l\u2019intersezione con il Ponte Dolomiti e l\u2019intersezione con via Monte Grappa, in tre giornate comprese nel periodo dal 9 al 17 maggio, dalle ore 7.00 alle ore 19.00 di ciascuna giornata<\/p>\n<p><strong>VIA DEI DENDROFORI<\/strong> divieto di circolazione nel tratto di strada corrente nella Galleria Est Belluno, in tre giornate comprese nel periodo dal 9 al 12 maggio, dalle ore 20.00 alle ore 7.00 di ciascuna giornata<\/p>\n<p>&nbsp;<\/p>\n<p>&nbsp;<\/p>\n<hr \/>\n<p>&nbsp;<\/p>\n<blockquote>\n<h3><a class=\"dt-pswp-item\" href=\"https:\/\/www.radiopiu.net\/wordpress\/wp-content\/uploads\/2022\/05\/assemblea-arancione.jpg\" data-dt-img-description=\"\" data-large_image_width=\"640\" data-large_image_height=\"340\"><img loading=\"lazy\" decoding=\"async\" class=\" wp-image-273811 alignleft\" src=\"https:\/\/www.radiopiu.net\/wordpress\/wp-content\/uploads\/2022\/05\/assemblea-arancione-150x150.jpg\" alt=\"\" width=\"101\" height=\"101\" \/><\/a>Assemblea del Consiglio di Bacino<\/h3>\n<\/blockquote>\n<p>L&#8217;Assemblea dei sindaci \u00e8 convocata in seconda convocazione per\u00a0 mercoled\u00ec\u00a0 alle\u00a0 15 in presenza nella Sala Teatro Giovanni XXIII presso il Centro Congressi Belluno in Piazza Piloni a Belluno.<\/p>\n<p>&nbsp;<\/p>\n<p>&nbsp;<\/p>\n<hr \/>\n<p>&nbsp;<\/p>\n<blockquote>\n<h3>OGGI LA PROZESION DE SANTA CROS<\/h3>\n<\/blockquote>\n<p><strong><a class=\"dt-pswp-item\" href=\"https:\/\/www.radiopiu.net\/wordpress\/wp-content\/uploads\/2022\/04\/sotto-S.-Simon-scaled.jpg\" data-dt-img-description=\"\" data-large_image_width=\"2560\" data-large_image_height=\"1920\"><img loading=\"lazy\" decoding=\"async\" class=\" wp-image-273155 alignleft\" src=\"https:\/\/www.radiopiu.net\/wordpress\/wp-content\/uploads\/2022\/04\/sotto-S.-Simon-150x150.jpg\" alt=\"\" width=\"120\" height=\"120\" \/><\/a>CANALE D&#8217;AGORDO <\/strong>Le parrocchie della Valle del Biois propongono oggi la <em>Prozesi\u00f3n de Santa Cr\u00f3s<\/em>, antica pratica religiosa che si svolgeva nella Valle del Biois fin dal 1623.\u00a0 Il tragitto della processione seguir\u00e0 il vecchio percorso con partenza a Canale, nella Chiesa della Pieve (ore 7. Nel pomeriggio i pellegrini ripartiranno (ore 14) alla volta di Feder, Fregona e Carfon per raggiungere i paesi alti di Vallada. Qui, in localit\u00e0 Piaz, avr\u00e0 luogo l\u2019incontro con le comunit\u00e0 di Cencenighe e San Tomaso. La giornata si concluder\u00e0 verso le 19 nella Chiesa di San Simon<em>.<\/em><\/p>\n<p><strong>di Gianni Santomaso<\/strong><\/p>\n<audio class=\"wp-audio-shortcode\" id=\"audio-274061-4\" preload=\"none\" style=\"width: 100%;\" controls=\"controls\"><source type=\"audio\/mpeg\" src=\"https:\/\/www.radiopiu.net\/wordpress\/wp-content\/uploads\/2022\/05\/GIANNI-PROZESION-SANTA-CROS.mp3?_=4\" \/><a href=\"https:\/\/www.radiopiu.net\/wordpress\/wp-content\/uploads\/2022\/05\/GIANNI-PROZESION-SANTA-CROS.mp3\">https:\/\/www.radiopiu.net\/wordpress\/wp-content\/uploads\/2022\/05\/GIANNI-PROZESION-SANTA-CROS.mp3<\/a><\/audio>\n<p>&nbsp;<\/p>\n<p>&nbsp;<\/p>\n<hr \/>\n<blockquote>\n<h3><\/h3>\n<h3>OGGI, PULIAMO FELTRE<\/h3>\n<\/blockquote>\n<p><strong><a class=\"dt-pswp-item\" href=\"https:\/\/www.radiopiu.net\/wordpress\/wp-content\/uploads\/2022\/05\/277792197_348638097291866_4855472339008194342_n.jpg\" data-dt-img-description=\"\" data-large_image_width=\"600\" data-large_image_height=\"450\"><img loading=\"lazy\" decoding=\"async\" class=\"wp-image-273471 alignleft\" src=\"https:\/\/www.radiopiu.net\/wordpress\/wp-content\/uploads\/2022\/05\/277792197_348638097291866_4855472339008194342_n-150x150.jpg\" alt=\"\" width=\"113\" height=\"113\" \/><\/a> <\/strong><\/p>\n<p><strong>\u00a0<\/strong><\/p>\n<p><strong>FELTRE<\/strong> Oggi con ritrovo alle 14 in Pr\u00e0 del Moro giornata ecologica nel feltrino. Aperta a tutti, bambini compresi e sar\u00e0 coordinata da alcuni ecovolontari.<\/p>\n<p>&nbsp;<\/p>\n<p>&nbsp;<\/p>\n<hr \/>\n<p>&nbsp;<\/p>\n<p>&nbsp;<\/p>\n<blockquote>\n<h3>LA VIA CLAUDIA AUGUSTA, UNA STRADA LUNGA 2000 ANNI<\/h3>\n<\/blockquote>\n<p><strong>CESIOMAGGIORE<\/strong> Oggi\u00a0 alle\u00a0 15 al Museo Storico della Biciletta con entrata libera, presentazione della prima guida italiana sul tracciato imperiale transalpino. 8 forme di mobilit\u00e0, dal trekking sulla media distanza alle pi\u00f9 diverse forme di ciclismo entro i 240 km che separano Altino (Venezia) da Trento: 8 giorni a piedi, 4 in bici. Ma anche escursioni assistite di un solo giorno o di poche ore con tratti accessibili a disabili o a cavallo.<\/p>\n<p>&nbsp;<\/p>\n<hr \/>\n<blockquote>\n<h3><\/h3>\n<h3>LA PRESENTAZIONE DEL LIBRO DI WALTER BASSO<\/h3>\n<\/blockquote>\n<p><strong>SAN GREGORIO NELLE ALPI <\/strong>Oggi alle ore 20.30 presso la Sala Consiliare di San Gregorio nelle Alpi verr\u00e0 presentato il libro di Walter Basso \u201cFino all\u2019ultimo respiro\u201d\u00a0 con la presenza dell\u2019autore e l\u2019introduzione di Luisa Carniel consigliere dell\u2019Associazione Bellunesi nel Mondo.<\/p>\n<p>&nbsp;<\/p>\n<p>&nbsp;<\/p>\n<hr \/>\n<p>&nbsp;<\/p>\n<blockquote>\n<h3>KARAOKE E SANGRIA<\/h3>\n<\/blockquote>\n<p><strong>FALCADE<\/strong> L&#8217;evento con Micky and friends \u00e8 organizzato dalla proloco di Caviola e programmato in piazza davanti alla sede del sodalizio in via lungo Tegosa per oggi alle 17.<\/p>\n<p>&nbsp;<\/p>\n<hr \/>\n<p>&nbsp;<\/p>\n<blockquote>\n<h3>DOMENICA 15 MAGGIO IL RITORNO DI BIMBIMBICI<\/h3>\n<\/blockquote>\n<p><strong><a class=\"dt-pswp-item\" href=\"https:\/\/www.radiopiu.net\/wordpress\/wp-content\/uploads\/2022\/05\/Immagine2.jpg\" data-dt-img-description=\"\" data-large_image_width=\"1285\" data-large_image_height=\"660\"><img loading=\"lazy\" decoding=\"async\" class=\" wp-image-273623 alignleft\" src=\"https:\/\/www.radiopiu.net\/wordpress\/wp-content\/uploads\/2022\/05\/Immagine2-150x150.jpg\" alt=\"\" width=\"113\" height=\"113\" \/><\/a>BELLUNO\u00a0<\/strong> Dopo tre anni di forzata assenza, ritorna BIMBIMBICI\u00a0 organizzata da FIAB Belluno aperta a tutti\u00a0 con lo scopo di portare tantissimi bambini in bicicletta per le strade delle citt\u00e0. Il programma per domenica 15 maggio prevede, dalle 10 alle 11, un giro di 7 km in bicicletta per la citt\u00e0. Al ritorno tutti i piccoli partecipanti troveranno un divertente percorso di abilit\u00e0 gestito da\u00a0 istruttori e un ristoro. La mattinata sar\u00e0 accompagnata dalle musiche della banda di ottoni The BrassFolkers. I Vigili Urbani e il personale dell\u2019Associazione Nazionale Carabinieri saranno disposti lungo il percorso per renderlo pi\u00f9 sicuro. Iscrizioni dalle 9.15 al Parco Citt\u00e0 di Bologna, info\u00a0 www.bellunoinbici.it.<\/p>\n<p>&nbsp;<\/p>\n<p>&nbsp;<\/p>\n<hr \/>\n<p>&nbsp;<\/p>\n<blockquote>\n<h3>L&#8217;AUSER ELBROI ORGANIZZA UNA GITA IN SARDEGNA<\/h3>\n<\/blockquote>\n<p><strong>AGORDO<\/strong> Il circolo Auser el broi di Agordo comunica che si sono resi disponibili 2 posti per la gita in Sardegna in calendario dal 10 al 16 maggio . Chi fosse interessato pu\u00f2 rivolgersi presso la sede in via Rova 13 ad Agordo oppure contattare i numeri telefonici 388 7547951 oppure 347 2945259<\/p>\n<p>&nbsp;<\/p>\n<hr \/>\n<p>&nbsp;<\/p>\n<blockquote>\n<h3>MERCOLEDI A FALCADE LA PRESENTAZIONE DELLA FOOTBIKE<\/h3>\n<\/blockquote>\n<p><span dir=\"ltr\" role=\"presentation\"><b>FALCADE <\/b>Una nuova disciplina sportiva: la Footbike,\u00a0 la presentazione con l&#8217;Aics regionale si terr\u00e0 mercoled\u00ec\u00a0 alle 15 al parco giochi di Falcade. Alla presentazione parteciperanno anche gli allenatori e gli studenti dello Ski College.<br \/>\n<a class=\"dt-pswp-item\" href=\"https:\/\/www.radiopiu.net\/wordpress\/wp-content\/uploads\/2022\/05\/Footbike.jpeg\" data-dt-img-description=\"\" data-large_image_width=\"848\" data-large_image_height=\"504\"><img loading=\"lazy\" decoding=\"async\" class=\"alignnone size-thumbnail wp-image-274270\" src=\"https:\/\/www.radiopiu.net\/wordpress\/wp-content\/uploads\/2022\/05\/Footbike-150x150.jpeg\" alt=\"\" width=\"150\" height=\"150\" \/><\/a><br \/>\n<\/span><\/p>\n<p>&nbsp;<\/p>\n<p>&nbsp;<\/p>\n<hr \/>\n<p>&nbsp;<\/p>\n<blockquote>\n<h3>ASCOLTARE PER CONOSCERE: L\u2019EVENTO ONLINE DEL CILP<\/h3>\n<\/blockquote>\n<p><strong class=\"photoswipe-wrapper\"><a class=\"dt-pswp-item pspw-wrap-ready\" href=\"https:\/\/www.radiopiu.net\/wordpress\/wp-content\/uploads\/2022\/04\/download-7.jpg\" data-dt-img-description=\"\" data-large_image_width=\"321\" data-large_image_height=\"157\"><img loading=\"lazy\" decoding=\"async\" class=\"alignleft wp-image-272306 \" src=\"https:\/\/www.radiopiu.net\/wordpress\/wp-content\/uploads\/2022\/04\/download-7-300x147.jpg\" sizes=\"auto, (max-width: 133px) 100vw, 133px\" srcset=\"https:\/\/www.radiopiu.net\/wordpress\/wp-content\/uploads\/2022\/04\/download-7-300x147.jpg 300w, https:\/\/www.radiopiu.net\/wordpress\/wp-content\/uploads\/2022\/04\/download-7.jpg 321w\" alt=\"\" width=\"133\" height=\"65\" \/><\/a>FELTRE <\/strong>Aperte le iscrizioni per l\u2019evento online del 18-19-20 maggio 2022 promosso dal CILP \u201cAscoltare per conoscere\u201d: esempi d\u2019inclusivit\u00e0 con speaker di fama nazionale.\u00a0 Parteciperanno persone di spicco quali l\u2019economista Dott. Carlo Cotarelli, la scrittrice Susanna Tamaro, il Prof. Cesare Cornoldi dell\u2019Universit\u00e0 di Padova, la conduttrice televisiva Andrea Delogu, il direttore di radio Pi\u00f9 Mirko Mezzacasa e tanti altri relatori che interverranno per parlare di dislessia, dei modi per affrontare questo disturbo che interessa anche \u00a0molti studenti, dei problemi della vista, ma verr\u00e0 anche esaminata l\u2019importanza che riveste la voce umana nella comunicazione e il suo ruolo fondamentale<\/p>\n<p><strong>CONOSCIAMO I PROTAGONISTI &#8211; UGO ROSATI<\/strong><\/p>\n<div class=\"kvgmc6g5 cxmmr5t8 oygrvhab hcukyx3x c1et5uql ii04i59q\">\n<div dir=\"auto\"><a class=\"dt-pswp-item\" href=\"https:\/\/www.radiopiu.net\/wordpress\/wp-content\/uploads\/2022\/05\/280026173_10158860567464503_164825205277413954_n.jpg\" data-dt-img-description=\"\" data-large_image_width=\"526\" data-large_image_height=\"526\"><img loading=\"lazy\" decoding=\"async\" class=\" wp-image-274152 alignleft\" src=\"https:\/\/www.radiopiu.net\/wordpress\/wp-content\/uploads\/2022\/05\/280026173_10158860567464503_164825205277413954_n-150x150.jpg\" alt=\"\" width=\"108\" height=\"108\" srcset=\"https:\/\/www.radiopiu.net\/wordpress\/wp-content\/uploads\/2022\/05\/280026173_10158860567464503_164825205277413954_n-150x150.jpg 150w, https:\/\/www.radiopiu.net\/wordpress\/wp-content\/uploads\/2022\/05\/280026173_10158860567464503_164825205277413954_n-300x300.jpg 300w, https:\/\/www.radiopiu.net\/wordpress\/wp-content\/uploads\/2022\/05\/280026173_10158860567464503_164825205277413954_n.jpg 526w\" sizes=\"auto, (max-width: 108px) 100vw, 108px\" \/><\/a>Artista del coro e volontario CILP. Nasce a Messina nel 1965 e sin da piccolo inizia lo studio del pianoforte , diplomandosi poi in canto lirico presso il Conservatorio \u201cA. Corelli\u201d della sua citt\u00e0 natale. Successivamente intraprende la carriera di Artista del Coro presso i seguenti teatri Petruzzelli di Bari, Opera de MonteCarlo, Nice, Lirico di Cagliari, Fondazione Arena di Verona ed infine Fondazione Teatro Comunale di Bologna dove lavora stabilmente da 21 anni. Nel 2016 si laurea in \u201cDiscipline Musicali, Canto Rinascimentale Barocco\u201d presso il Conservatorio \u201cG. Frescobaldi\u201d di Ferrara.<\/div>\n<\/div>\n<div class=\"cxmmr5t8 oygrvhab hcukyx3x c1et5uql o9v6fnle ii04i59q\">\n<div dir=\"auto\">Alterna il suo lavoro di Artista del Coro a quello di volontariato presso \u201cIl centro internazionale del libro parlato\u201d da circa 12 anni registrando 52 opere.<\/div>\n<\/div>\n<div class=\"cxmmr5t8 oygrvhab hcukyx3x c1et5uql o9v6fnle ii04i59q\">\n<div dir=\"auto\">Ugo Rosati parteciper\u00e0 ad <a class=\"oajrlxb2 g5ia77u1 qu0x051f esr5mh6w e9989ue4 r7d6kgcz rq0escxv nhd2j8a9 nc684nl6 p7hjln8o kvgmc6g5 cxmmr5t8 oygrvhab hcukyx3x jb3vyjys rz4wbd8a qt6c0cv9 a8nywdso i1ao9s8h esuyzwwr f1sip0of lzcic4wl gpro0wi8 q66pz984 b1v8xokw\" tabindex=\"0\" role=\"link\" href=\"https:\/\/www.facebook.com\/hashtag\/ascoltareperconoscere?__eep__=6&amp;__cft__[0]=AZWjk2XAxRj_0DxoeuifDU_sVcT9SB_Op-bln_7KZbSsKagFFlZllgbZ5TdDhzN175KDLx9qi8-_O9f3JlgQKxGisjtltWWhgO9sOR7g8BWNuB2U6oOAqxd4xkgJm-3iWIpOkgAqUlPt2dAgvwJevTrLAcv_xqi2u6rMsQOJIAvNIw&amp;__tn__=*NK-R\">#AscoltareperConoscere<\/a> e ci parler\u00e0 della sua esperienza con l&#8217;inclusivit\u00e0.<\/div>\n<\/div>\n<p>&nbsp;<\/p>\n<hr \/>\n<p>&nbsp;<\/p>\n<blockquote>\n<h3>MAGGIO AGORDINO CON L&#8217;ASSOCIAZIONE PERITI MINERARI INDUSTRIALI DI AGORDO<\/h3>\n<\/blockquote>\n<p><strong>AGORDO <\/strong>Torna l&#8217;appuntamento con &#8220;Maggio Agordino&#8221;, un ciclo di serate culturali e di divulgazione scientifica promosse da APIM &#8211; Associazione Periti Industriali Minerari di Agordo. Quest&#8217;anno il tema che costituir\u00e0 di fatto il filo conduttore delle serate sar\u00e0 il cambiamento climatico. Quattro serate in Sala Don Tamis con inizio alle 20:30. Venerd\u00ec 13 &#8220;Il litio nella trasformazione e conservazione dell&#8217;energia&#8221;, venerd\u00ec 20 &#8220;L&#8217;economia futura della montagna e le sfide del riconoscimento Unesco&#8221; e venerd\u00ec 27 &#8220;Il clima che cambia(mo) e le nostre montagne&#8221;. Tutte le serate sono ad entrata libera<\/p>\n<p>&nbsp;<\/p>\n<p>&nbsp;<\/p>\n<hr \/>\n<blockquote>\n<h3><\/h3>\n<h3>IL 12 MAGGIO, GIORNATA MONDIALE DELLA FIBROMIALGIA<\/h3>\n<\/blockquote>\n<p><strong>BELLUNO<\/strong> L\u2019 Associazione Italiana Sindrome Fibromialgica ODV promuove su tutto il territorio nazionale l\u2019iniziativa \u201cIlluminiamo la Fibromialgia\u201d. L\u2019evento, che consistera\u0300 nell\u2019illuminare di viola piazze, edifici e monumenti in tutta Italia, si pone l\u2019obiettivo di sensibilizzare l\u2019opinione pubblica sulle condizioni del paziente fibromialgico, sofferente di una patologia ancora non riconosciuta. Il Comune di Belluno anche quest\u2019anno ha concesso il patrocinio e l\u2019illuminazione del Teatro Comunale nella serata del 12 maggio. Oggi a Santa Giustina, all\u2019esterno della pasticceria La Briciola &#8211; dalle 10 alle 18 &#8211; ci saranno uno sportello informativo e le petunie della solidarieta\u0300 a sostegno della sezione di Belluno.<\/p>\n<p>&nbsp;<\/p>\n<hr \/>\n<p>&nbsp;<\/p>\n<blockquote>\n<h3>L&#8217;INIZIATIVA DI ANTENNA ANZIANI NEL RICORDO DI BUZZATI<\/h3>\n<\/blockquote>\n<p><strong>BELLUNO<\/strong> Venerdi 13 maggio alle 10 nell&#8217;aula magna del seminario di Belluno (con mascherian ffp2) &#8220;Michael Noble e Dino Buzzati tra arte e follia&#8221;. In occasione del 50\u00b0 della morte di Dino Buzzati conferenza a cura di Giovanni Grazioli con la proiezione del documentario del 1961 &#8220;La ripetizione&#8221;: commento di Dino Buzzati letto da Arnoldo Fo\u00e0, realizzato da Giorgio Ponti<\/p>\n<p>&nbsp;<\/p>\n<hr \/>\n<p>&nbsp;<\/p>\n<blockquote>\n<h3>VITO NICOLA PARADISO E LA SUA CHITARRA A LONGARONE<\/h3>\n<\/blockquote>\n<p><strong>LONGARONE <\/strong>Il <span class=\"s1\">Comune di Longarone, l&#8217;Associazione culturale Longarone Musica &#8220;Giuseppe De Vecchi&#8221; diretta dal Maestro Gianfranco Volpato e l&#8217;Associazione Pro Loco di Longarone propongono\u00a0 due eventi musicali al Centro Culturale &#8220;F. Parri&#8221; di Longarone: sabato 14 maggio 2022 alle 18 Vito Nicola Paradiso, suo il best-seller didattico-metodo di base &#8220;La Chitarra Volante&#8221; alle 20.30 il chitarrista-compositore Vito Nicola Paradiso nel concerto &#8220;Chitarra, Amore e Fantasia!&#8221;<\/span><\/p>\n<p>&nbsp;<\/p>\n<hr \/>\n<p>&nbsp;<\/p>\n<blockquote>\n<h3>HOCUS LOTUS IMPARANDO ATTRAVERSO L&#8217;ATTIVITA&#8217; MIMICO-GESTUALE<\/h3>\n<p><em>Per entrare nel magico mondo della nuova lingua<\/em><\/p><\/blockquote>\n<p><strong>ALLEGHE<\/strong>\u00a0 Martedi 17 maggio dalle 18.15 alle 19 alla scuola media di Caprile play group per bimbi dai 2 ai 3 anni con le loro mamme. Con il programma per il bilinguismo infantile dell&#8217;Universit\u00e0 &#8220;La Sapienza&#8221;, informazioni ed iscrizioni da Claudia Soppelsa (340 1474780).<\/p>\n<p>&nbsp;<\/p>\n<p>&nbsp;<\/p>\n<hr \/>\n<p>&nbsp;<\/p>\n<h2><span style=\"color: #ff0000;\">IERI ALLA RADIO<\/span><\/h2>\n<h2><span style=\"color: #99cc00;\">IL RITORNO DEL CAMPIONATO AGORDINO DI CALCIO CON ANDREA BALDASSI<\/span><\/h2>\n<p><strong><a class=\"dt-pswp-item\" href=\"https:\/\/www.radiopiu.net\/wordpress\/wp-content\/uploads\/2022\/05\/ANDREA-BALDASSI.jpg\" data-dt-img-description=\"\" data-large_image_width=\"1218\" data-large_image_height=\"1600\"><img loading=\"lazy\" decoding=\"async\" class=\"size-thumbnail wp-image-274017 alignleft\" src=\"https:\/\/www.radiopiu.net\/wordpress\/wp-content\/uploads\/2022\/05\/ANDREA-BALDASSI-150x150.jpg\" alt=\"\" width=\"150\" height=\"150\" \/><\/a>AGORDO<\/strong> Dopo due anni di assenza ritorna il Campionato Agordino di Calcio. La manifestazione calcistica dell&#8217;Agordino era stata temporaneamente sospesa a causa della pandemia ma quest&#8217;estate le squadre tornano a calcare i campi da gioco.<\/p>\n<p><strong>L&#8217;INTERVISTA AD ANDREA BALDASSI, RESPONSABILE DEL COMITATO CALCIO AGORDINO<\/strong><\/p>\n<audio class=\"wp-audio-shortcode\" id=\"audio-274061-5\" preload=\"none\" style=\"width: 100%;\" controls=\"controls\"><source type=\"audio\/mpeg\" src=\"https:\/\/www.radiopiu.net\/wordpress\/wp-content\/uploads\/2022\/05\/BALDASSI-PER-VENERDI.mp3?_=5\" \/><a href=\"https:\/\/www.radiopiu.net\/wordpress\/wp-content\/uploads\/2022\/05\/BALDASSI-PER-VENERDI.mp3\">https:\/\/www.radiopiu.net\/wordpress\/wp-content\/uploads\/2022\/05\/BALDASSI-PER-VENERDI.mp3<\/a><\/audio>\n<p>&nbsp;<\/p>\n<hr \/>\n<p>&nbsp;<\/p>\n<h2><span style=\"color: #ff0000;\">IERI ALLA RADIO<\/span><\/h2>\n<blockquote>\n<h3>SOLIDARIETA&#8217; VENETO FONDO PENSIONE<\/h3>\n<\/blockquote>\n<blockquote>\n<h2><a href=\"https:\/\/www.radiopiu.net\/wordpress\/speciale-solidarieta-veneto\/solidarieta-veneto-3\/\" rel=\"attachment wp-att-134366\"><img loading=\"lazy\" decoding=\"async\" class=\"wp-image-134366 alignleft\" src=\"https:\/\/www.radiopiu.net\/wordpress\/wp-content\/uploads\/2020\/05\/solidariet\u00e0-veneto-300x210.jpg\" alt=\"\" width=\"115\" height=\"80\" srcset=\"https:\/\/www.radiopiu.net\/wordpress\/wp-content\/uploads\/2020\/05\/solidariet\u00e0-veneto-300x210.jpg 300w, https:\/\/www.radiopiu.net\/wordpress\/wp-content\/uploads\/2020\/05\/solidariet\u00e0-veneto-1024x717.jpg 1024w, https:\/\/www.radiopiu.net\/wordpress\/wp-content\/uploads\/2020\/05\/solidariet\u00e0-veneto-768x538.jpg 768w, https:\/\/www.radiopiu.net\/wordpress\/wp-content\/uploads\/2020\/05\/solidariet\u00e0-veneto.jpg 1373w\" sizes=\"auto, (max-width: 115px) 100vw, 115px\" \/><\/a>IERI ALLA RADIO,\u00a0 IN ONDA IL PRIMO VENERDI DEL MESE ALLE 10.30 E ALLE 19.00 QUINTA STAGIONE<\/h2>\n<\/blockquote>\n<p>di Claudio Fontanive<\/p>\n<h3>LA PUNTATA DEL 06 MAGGIO 2022<\/h3>\n<audio class=\"wp-audio-shortcode\" id=\"audio-274061-6\" preload=\"none\" style=\"width: 100%;\" controls=\"controls\"><source type=\"audio\/mpeg\" src=\"https:\/\/www.radiopiu.net\/wordpress\/wp-content\/uploads\/2022\/05\/solidarieta-veneto-maggio-2022.mp3?_=6\" \/><a href=\"https:\/\/www.radiopiu.net\/wordpress\/wp-content\/uploads\/2022\/05\/solidarieta-veneto-maggio-2022.mp3\">https:\/\/www.radiopiu.net\/wordpress\/wp-content\/uploads\/2022\/05\/solidarieta-veneto-maggio-2022.mp3<\/a><\/audio>\n<h3><\/h3>\n<hr \/>\n<p>&nbsp;<\/p>\n<h2><span style=\"color: #ff0000;\">IERI ALLA RADIO<\/span><\/h2>\n<blockquote>\n<h3>FULVIO SCOLA, E RIPARTE LA NUOVA STAGIONE<\/h3>\n<\/blockquote>\n<p><strong><img loading=\"lazy\" decoding=\"async\" class=\"alignleft\" src=\"https:\/\/www.radiopiu.net\/wordpress\/wp-content\/uploads\/2022\/02\/894745_10201436183455289_531575454_o.jpg\" width=\"130\" height=\"130\" \/><\/strong><\/p>\n<p>&nbsp;<\/p>\n<p>&nbsp;<\/p>\n<p>&nbsp;<\/p>\n<p><strong>di Claudio Fontanive<\/strong><\/p>\n<p>AUDIO<\/p>\n<audio class=\"wp-audio-shortcode\" id=\"audio-274061-7\" preload=\"none\" style=\"width: 100%;\" controls=\"controls\"><source type=\"audio\/mpeg\" src=\"https:\/\/www.radiopiu.net\/wordpress\/wp-content\/uploads\/2022\/05\/fulvio-scola-6-maggio.mp3?_=7\" \/><a href=\"https:\/\/www.radiopiu.net\/wordpress\/wp-content\/uploads\/2022\/05\/fulvio-scola-6-maggio.mp3\">https:\/\/www.radiopiu.net\/wordpress\/wp-content\/uploads\/2022\/05\/fulvio-scola-6-maggio.mp3<\/a><\/audio>\n<p>&nbsp;<\/p>\n<hr \/>\n<p>&nbsp;<\/p>\n<h2><span style=\"color: #ff0000;\">IERI ALLA RADIO<\/span><\/h2>\n<blockquote>\n<h3>OGGI AD ARABBA: CULTURA, STORIA E FESTA DEI LADINI<\/h3>\n<\/blockquote>\n<p><strong><a class=\"dt-pswp-item\" href=\"https:\/\/www.radiopiu.net\/wordpress\/wp-content\/uploads\/2021\/07\/DENNI-DORIGO.jpg\" data-dt-img-description=\"\" data-large_image_width=\"1240\" data-large_image_height=\"1241\"><img loading=\"lazy\" decoding=\"async\" class=\"wp-image-224612 alignleft\" src=\"https:\/\/www.radiopiu.net\/wordpress\/wp-content\/uploads\/2021\/07\/DENNI-DORIGO-150x150.jpg\" alt=\"\" width=\"97\" height=\"97\" srcset=\"https:\/\/www.radiopiu.net\/wordpress\/wp-content\/uploads\/2021\/07\/DENNI-DORIGO-150x150.jpg 150w, https:\/\/www.radiopiu.net\/wordpress\/wp-content\/uploads\/2021\/07\/DENNI-DORIGO-300x300.jpg 300w, https:\/\/www.radiopiu.net\/wordpress\/wp-content\/uploads\/2021\/07\/DENNI-DORIGO-1024x1024.jpg 1024w, https:\/\/www.radiopiu.net\/wordpress\/wp-content\/uploads\/2021\/07\/DENNI-DORIGO-768x769.jpg 768w, https:\/\/www.radiopiu.net\/wordpress\/wp-content\/uploads\/2021\/07\/DENNI-DORIGO.jpg 1240w\" sizes=\"auto, (max-width: 97px) 100vw, 97px\" \/><\/a><\/strong><strong>L&#8217;INTERVISTA AL DIRETTORE DELL&#8217;ISTITUTO CESA DE JAN DI COLLE SANTA LUCIA DENNI DORIGO<\/strong><\/p>\n<audio class=\"wp-audio-shortcode\" id=\"audio-274061-8\" preload=\"none\" style=\"width: 100%;\" controls=\"controls\"><source type=\"audio\/mpeg\" src=\"https:\/\/www.radiopiu.net\/wordpress\/wp-content\/uploads\/2022\/05\/DENNI-DORIGO-APERTURA-GR.mp3?_=8\" \/><a href=\"https:\/\/www.radiopiu.net\/wordpress\/wp-content\/uploads\/2022\/05\/DENNI-DORIGO-APERTURA-GR.mp3\">https:\/\/www.radiopiu.net\/wordpress\/wp-content\/uploads\/2022\/05\/DENNI-DORIGO-APERTURA-GR.mp3<\/a><\/audio>\n<p>&nbsp;<\/p>\n<p><a class=\"dt-pswp-item\" href=\"https:\/\/www.radiopiu.net\/wordpress\/wp-content\/uploads\/2022\/05\/279901874_2007801366057228_2921025262099140035_n-1.jpg\" data-dt-img-description=\"\" data-large_image_width=\"960\" data-large_image_height=\"541\"><img loading=\"lazy\" decoding=\"async\" class=\"alignnone wp-image-274196 size-medium\" src=\"https:\/\/www.radiopiu.net\/wordpress\/wp-content\/uploads\/2022\/05\/279901874_2007801366057228_2921025262099140035_n-1-300x169.jpg\" alt=\"\" width=\"300\" height=\"169\" srcset=\"https:\/\/www.radiopiu.net\/wordpress\/wp-content\/uploads\/2022\/05\/279901874_2007801366057228_2921025262099140035_n-1-300x169.jpg 300w, https:\/\/www.radiopiu.net\/wordpress\/wp-content\/uploads\/2022\/05\/279901874_2007801366057228_2921025262099140035_n-1-768x433.jpg 768w, https:\/\/www.radiopiu.net\/wordpress\/wp-content\/uploads\/2022\/05\/279901874_2007801366057228_2921025262099140035_n-1.jpg 960w\" sizes=\"auto, (max-width: 300px) 100vw, 300px\" \/><\/a><\/p>\n<p>&nbsp;<\/p>\n<hr \/>\n<p>&nbsp;<\/p>\n<h2><span style=\"color: #008080;\">GIROVAGANDO IN E-BIKE 2022<\/span><\/h2>\n<p><strong><a class=\"dt-pswp-item\" href=\"https:\/\/www.radiopiu.net\/wordpress\/wp-content\/uploads\/2022\/05\/279770630_3193788347565051_5309138084520171812_n.jpg\" data-dt-img-description=\"\" data-large_image_width=\"1600\" data-large_image_height=\"1200\"><img loading=\"lazy\" decoding=\"async\" class=\"size-thumbnail wp-image-273770 alignleft\" src=\"https:\/\/www.radiopiu.net\/wordpress\/wp-content\/uploads\/2022\/05\/279770630_3193788347565051_5309138084520171812_n-150x150.jpg\" alt=\"\" width=\"150\" height=\"150\" \/><\/a>REDAZIONE<\/strong> Tornano gli amici di Girovagando in E-Bike delle Dolomiti. Con la collaborazione di Thomas Soppelsa<\/p>\n<p><strong>PUNTATA 03 DEL 05 MAGGIO 2022<\/strong><\/p>\n<audio class=\"wp-audio-shortcode\" id=\"audio-274061-9\" preload=\"none\" style=\"width: 100%;\" controls=\"controls\"><source type=\"audio\/mpeg\" src=\"https:\/\/www.radiopiu.net\/wordpress\/wp-content\/uploads\/2022\/05\/gdb900.mp3?_=9\" \/><a href=\"https:\/\/www.radiopiu.net\/wordpress\/wp-content\/uploads\/2022\/05\/gdb900.mp3\">https:\/\/www.radiopiu.net\/wordpress\/wp-content\/uploads\/2022\/05\/gdb900.mp3<\/a><\/audio>\n<p>&nbsp;<\/p>\n<p><strong>LA RACCOLTA<\/strong><\/p>\n<blockquote class=\"wp-embedded-content\" data-secret=\"xcHF1U5Z8v\"><p><a href=\"https:\/\/www.radiopiu.net\/wordpress\/girovagando-in-e-bike-tra-le-dolomiti\/\">GIROVAGANDO IN E BIKE TRA LE DOLOMITI<\/a><\/p><\/blockquote>\n<p><iframe loading=\"lazy\" class=\"wp-embedded-content\" sandbox=\"allow-scripts\" security=\"restricted\" style=\"position: absolute; clip: rect(1px, 1px, 1px, 1px);\" title=\"&#8220;GIROVAGANDO IN E BIKE TRA LE DOLOMITI&#8221; &#8212; Radio Pi\u00f9\" src=\"https:\/\/www.radiopiu.net\/wordpress\/girovagando-in-e-bike-tra-le-dolomiti\/embed\/#?secret=WHhssDwdmg#?secret=xcHF1U5Z8v\" data-secret=\"xcHF1U5Z8v\" width=\"600\" height=\"338\" frameborder=\"0\" marginwidth=\"0\" marginheight=\"0\" scrolling=\"no\"><\/iframe><\/p>\n<p>&nbsp;<\/p>\n<hr \/>\n<p>&nbsp;<\/p>\n<h3><a class=\"dt-pswp-item\" href=\"https:\/\/www.radiopiu.net\/wordpress\/wp-content\/uploads\/2022\/05\/WhatsApp-Image-2022-04-27-at-18.34.32.jpeg\" data-dt-img-description=\"\" data-large_image_width=\"900\" data-large_image_height=\"500\"><img loading=\"lazy\" decoding=\"async\" class=\" wp-image-273794 alignleft\" src=\"https:\/\/www.radiopiu.net\/wordpress\/wp-content\/uploads\/2022\/05\/WhatsApp-Image-2022-04-27-at-18.34.32-150x150.jpeg\" alt=\"\" width=\"150\" height=\"150\" \/><\/a>CONOSCIAMO I NOSTRI GIOVANI E I LORO IMPEGNI NEL MONDO, CON IL MUSLA<\/h3>\n<p>BEATRICE COLCUC DI COLLE SANTA LUCIA<\/p>\n<p><strong>intervista di Davide Condera\u00a0<\/strong><\/p>\n<audio class=\"wp-audio-shortcode\" id=\"audio-274061-10\" preload=\"none\" style=\"width: 100%;\" controls=\"controls\"><source type=\"audio\/mpeg\" src=\"https:\/\/www.radiopiu.net\/wordpress\/wp-content\/uploads\/2022\/05\/MUSLA-1-BETRICE.mp3?_=10\" \/><a href=\"https:\/\/www.radiopiu.net\/wordpress\/wp-content\/uploads\/2022\/05\/MUSLA-1-BETRICE.mp3\">https:\/\/www.radiopiu.net\/wordpress\/wp-content\/uploads\/2022\/05\/MUSLA-1-BETRICE.mp3<\/a><\/audio>\n<p>&nbsp;<\/p>\n<p><strong>LA RACCOLTA COMPLETA<\/strong><\/p>\n<blockquote class=\"wp-embedded-content\" data-secret=\"IHUwZiHrRw\"><p><a href=\"https:\/\/www.radiopiu.net\/wordpress\/agora-agordina-la-nosta-piaza\/\">AGORA&#8217; AGORDINA&#8230; LA NOSTA PIAZA LADINA RACCOLTA COMPLETA PRIMA STAGIONE<\/a><\/p><\/blockquote>\n<p><iframe loading=\"lazy\" class=\"wp-embedded-content\" sandbox=\"allow-scripts\" security=\"restricted\" style=\"position: absolute; clip: rect(1px, 1px, 1px, 1px);\" title=\"&#8220;AGORA&#8217; AGORDINA&#8230; LA NOSTA PIAZA LADINA RACCOLTA COMPLETA PRIMA STAGIONE&#8221; &#8212; Radio Pi\u00f9\" src=\"https:\/\/www.radiopiu.net\/wordpress\/agora-agordina-la-nosta-piaza\/embed\/#?secret=NDnRNKnNMn#?secret=IHUwZiHrRw\" data-secret=\"IHUwZiHrRw\" width=\"600\" height=\"338\" frameborder=\"0\" marginwidth=\"0\" marginheight=\"0\" scrolling=\"no\"><\/iframe><\/p>\n<p>&nbsp;<\/p>\n<p>&nbsp;<\/p>\n<hr \/>\n<p>&nbsp;<\/p>\n<h2><span style=\"color: #ff00ff;\">007 IN CONDOTTA CON LA PROF. MARIA ROSA SALMAZO<\/span><\/h2>\n<h3 class=\"kvgmc6g5 cxmmr5t8 oygrvhab hcukyx3x c1et5uql\"><span style=\"color: #0000ff;\"><strong>INFORMAZIONE il canale su TELEGRAM informazione di prima mano e in tempo reale. iscriviti ed aiutaci a farlo conoscere\u00a0 \u00a0<\/strong><\/span><\/h3>\n<p><strong>LA RACCOLTA COMPLETA\u00a0<\/strong><\/p>\n<blockquote class=\"wp-embedded-content\" data-secret=\"bL4PasABDA\"><p><a href=\"https:\/\/www.radiopiu.net\/wordpress\/007incondotta-9\/\">007 in condotta<\/a><\/p><\/blockquote>\n<p><iframe loading=\"lazy\" class=\"wp-embedded-content\" sandbox=\"allow-scripts\" security=\"restricted\" style=\"position: absolute; clip: rect(1px, 1px, 1px, 1px);\" title=\"&#8220;007 in condotta&#8221; &#8212; Radio Pi\u00f9\" src=\"https:\/\/www.radiopiu.net\/wordpress\/007incondotta-9\/embed\/#?secret=JXX8iez8Uf#?secret=bL4PasABDA\" data-secret=\"bL4PasABDA\" width=\"600\" height=\"338\" frameborder=\"0\" marginwidth=\"0\" marginheight=\"0\" scrolling=\"no\"><\/iframe><\/p>\n<p>&nbsp;<\/p>\n<p>&nbsp;<\/p>\n<hr \/>\n<p>&nbsp;<\/p>\n<h2><span style=\"color: #800080;\">STORIE A QUATTROCCHI\u00a0<\/span><\/h2>\n<p><span style=\"color: #ff0000;\"><strong>TERZA PUNTATA 03 MAGGIO 2022\u00a0<\/strong><\/span><\/p>\n<audio class=\"wp-audio-shortcode\" id=\"audio-274061-11\" preload=\"none\" style=\"width: 100%;\" controls=\"controls\"><source type=\"audio\/mpeg\" src=\"https:\/\/www.radiopiu.net\/wordpress\/wp-content\/uploads\/2022\/05\/QOCCHI3.mp3?_=11\" \/><a href=\"https:\/\/www.radiopiu.net\/wordpress\/wp-content\/uploads\/2022\/05\/QOCCHI3.mp3\">https:\/\/www.radiopiu.net\/wordpress\/wp-content\/uploads\/2022\/05\/QOCCHI3.mp3<\/a><\/audio>\n<p>&nbsp;<\/p>\n<p><strong>LA RACCOLTA COMPLETA<\/strong><\/p>\n<blockquote class=\"wp-embedded-content\" data-secret=\"oDv1pExBBC\"><p><a href=\"https:\/\/www.radiopiu.net\/wordpress\/storie-a-quattrocchi\/\">Storie a quattrocchi<\/a><\/p><\/blockquote>\n<p><iframe loading=\"lazy\" class=\"wp-embedded-content\" sandbox=\"allow-scripts\" security=\"restricted\" style=\"position: absolute; clip: rect(1px, 1px, 1px, 1px);\" title=\"&#8220;Storie a quattrocchi&#8221; &#8212; Radio Pi\u00f9\" src=\"https:\/\/www.radiopiu.net\/wordpress\/storie-a-quattrocchi\/embed\/#?secret=SYhExWU10U#?secret=oDv1pExBBC\" data-secret=\"oDv1pExBBC\" width=\"600\" height=\"338\" frameborder=\"0\" marginwidth=\"0\" marginheight=\"0\" scrolling=\"no\"><\/iframe><\/p>\n<p>&nbsp;<\/p>\n<hr \/>\n<p>&nbsp;<\/p>\n<h2><span style=\"color: #008080;\">&#8220;DINTORN E FORA VIA&#8221; A CURA DEL MUSLA, IL NUOVO PROGRAMMA\u00a0<\/span><\/h2>\n<p><strong>PUNTATA 03 MAGGIO 2022 con ERIK MARCON<\/strong><\/p>\n<audio class=\"wp-audio-shortcode\" id=\"audio-274061-12\" preload=\"none\" style=\"width: 100%;\" controls=\"controls\"><source type=\"audio\/mpeg\" src=\"https:\/\/www.radiopiu.net\/wordpress\/wp-content\/uploads\/2022\/05\/MUSLA-1.mp3?_=12\" \/><a href=\"https:\/\/www.radiopiu.net\/wordpress\/wp-content\/uploads\/2022\/05\/MUSLA-1.mp3\">https:\/\/www.radiopiu.net\/wordpress\/wp-content\/uploads\/2022\/05\/MUSLA-1.mp3<\/a><\/audio>\n<p>&nbsp;<\/p>\n<p><strong>LA RACCOLTA COMPLETA<\/strong><\/p>\n<blockquote class=\"wp-embedded-content\" data-secret=\"5m0VXL823I\"><p><a href=\"https:\/\/www.radiopiu.net\/wordpress\/musla\/\">MUSLA<\/a><\/p><\/blockquote>\n<p><iframe loading=\"lazy\" class=\"wp-embedded-content\" sandbox=\"allow-scripts\" security=\"restricted\" style=\"position: absolute; clip: rect(1px, 1px, 1px, 1px);\" title=\"&#8220;MUSLA&#8221; &#8212; Radio Pi\u00f9\" src=\"https:\/\/www.radiopiu.net\/wordpress\/musla\/embed\/#?secret=ilY5SZiaC0#?secret=5m0VXL823I\" data-secret=\"5m0VXL823I\" width=\"600\" height=\"338\" frameborder=\"0\" marginwidth=\"0\" marginheight=\"0\" scrolling=\"no\"><\/iframe><\/p>\n<p>&nbsp;<\/p>\n<hr \/>\n<p>&nbsp;<\/p>\n<blockquote>\n<h3>IN ALTO ADIGE I &#8220;TIPI&#8221; AGORDINI SI SONO FATTI NOTARE<\/h3>\n<\/blockquote>\n<p><strong>REDAZIONE<\/strong> Dopo Bolzano anche Brunico accoglie le maestranze della Darwin di via Ceramasse di Agordo. Claudio Farenzena guida infatti la pattuglia che ha portato in esposizione i prodotti artigianali usciti dalla fabbrica agordina. La partecipazione alla Tip World, la fiera di Stegona. Ecco alcuni scatti dell&#8217;elegante stand.<\/p>\n\n\t\t\t<style type='text\/css'>\n\t\t\t\t#gallery-6 {\n\t\t\t\t\tmargin: auto;\n\t\t\t\t}\n\t\t\t\t#gallery-6 .gallery-item {\n\t\t\t\t\tfloat: left;\n\t\t\t\t\tmargin-top: 10px;\n\t\t\t\t\ttext-align: center;\n\t\t\t\t\twidth: 33%;\n\t\t\t\t}\n\t\t\t\t#gallery-6 img {\n\t\t\t\t\tborder: 2px solid #cfcfcf;\n\t\t\t\t}\n\t\t\t\t#gallery-6 .gallery-caption {\n\t\t\t\t\tmargin-left: 0;\n\t\t\t\t}\n\t\t\t\t\/* see gallery_shortcode() in wp-includes\/media.php *\/\n\t\t\t<\/style>\n\t\t<div id='gallery-6' class='dt-gallery-container gallery galleryid-274061 gallery-columns-3 gallery-size-thumbnail'><dl class='gallery-item'>\n\t\t\t\t<dt class='gallery-icon landscape'>\n\t\t\t\t\t<a class=\"rollover\" href='https:\/\/www.radiopiu.net\/wordpress\/in-alto-adige-i-tipi-agordini-si-sono-fatti-notare\/4b7c5d1d-d93d-40ff-8a8e-9c36706c8450\/'><img loading=\"lazy\" decoding=\"async\" width=\"150\" height=\"150\" src=\"https:\/\/www.radiopiu.net\/wordpress\/wp-content\/uploads\/2022\/05\/4b7c5d1d-d93d-40ff-8a8e-9c36706c8450-150x150.jpg\" class=\"attachment-thumbnail size-thumbnail\" alt=\"\" \/><\/a>\n\t\t\t\t<\/dt><\/dl><dl class='gallery-item'>\n\t\t\t\t<dt class='gallery-icon landscape'>\n\t\t\t\t\t<a class=\"rollover\" href='https:\/\/www.radiopiu.net\/wordpress\/in-alto-adige-i-tipi-agordini-si-sono-fatti-notare\/7799b4bf-f636-490b-9aaa-23334aac81df\/'><img loading=\"lazy\" decoding=\"async\" width=\"150\" height=\"150\" src=\"https:\/\/www.radiopiu.net\/wordpress\/wp-content\/uploads\/2022\/05\/7799b4bf-f636-490b-9aaa-23334aac81df-150x150.jpg\" class=\"attachment-thumbnail size-thumbnail\" alt=\"\" \/><\/a>\n\t\t\t\t<\/dt><\/dl><dl class='gallery-item'>\n\t\t\t\t<dt class='gallery-icon landscape'>\n\t\t\t\t\t<a class=\"rollover\" href='https:\/\/www.radiopiu.net\/wordpress\/in-alto-adige-i-tipi-agordini-si-sono-fatti-notare\/0db9bba7-e485-4894-b18d-bcaac16c4ad6\/'><img loading=\"lazy\" decoding=\"async\" width=\"150\" height=\"150\" src=\"https:\/\/www.radiopiu.net\/wordpress\/wp-content\/uploads\/2022\/05\/0db9bba7-e485-4894-b18d-bcaac16c4ad6-150x150.jpg\" class=\"attachment-thumbnail size-thumbnail\" alt=\"\" \/><\/a>\n\t\t\t\t<\/dt><\/dl><br style=\"clear: both\" \/>\n\t\t\t<\/div>\n\n<p>ARCHIVIO RADIOPIU<\/p>\n<blockquote class=\"wp-embedded-content\" data-secret=\"xCGKOS91Pn\"><p><a href=\"https:\/\/www.radiopiu.net\/wordpress\/speciale-darwin-garden-lintervista-a-claudio-farenzena\/\">SPECIALE DARWIN GARDEN, L&#8217;INTERVISTA A CLAUDIO FARENZENA<\/a><\/p><\/blockquote>\n<p><iframe loading=\"lazy\" class=\"wp-embedded-content\" sandbox=\"allow-scripts\" security=\"restricted\" style=\"position: absolute; clip: rect(1px, 1px, 1px, 1px);\" title=\"&#8220;SPECIALE DARWIN GARDEN, L&#8217;INTERVISTA A CLAUDIO FARENZENA&#8221; &#8212; Radio Pi\u00f9\" src=\"https:\/\/www.radiopiu.net\/wordpress\/speciale-darwin-garden-lintervista-a-claudio-farenzena\/embed\/#?secret=jAnHT9UdPu#?secret=xCGKOS91Pn\" data-secret=\"xCGKOS91Pn\" width=\"600\" height=\"338\" frameborder=\"0\" marginwidth=\"0\" marginheight=\"0\" scrolling=\"no\"><\/iframe><\/p>\n<p>&nbsp;<\/p>\n<hr \/>\n<p>&nbsp;<\/p>\n<p>&nbsp;<\/p>\n<p>&nbsp;<\/p>\n<div>\n<div class=\"b654a4as d2edcug0\">\n<div class=\"rq0escxv hkbzh7o3 jwdofwj8 n8tt0mok r8blr3vg hyh9befq\">\n<p><a class=\"dt-pswp-item\" href=\"https:\/\/www.radiopiu.net\/wordpress\/wp-content\/uploads\/2020\/10\/pp.jpg\" data-dt-img-description=\"\" data-large_image_width=\"640\" data-large_image_height=\"640\"><img loading=\"lazy\" decoding=\"async\" class=\"wp-image-163678 alignleft\" src=\"https:\/\/www.radiopiu.net\/wordpress\/wp-content\/uploads\/2020\/10\/pp-300x300.jpg\" alt=\"\" width=\"106\" height=\"106\" srcset=\"https:\/\/www.radiopiu.net\/wordpress\/wp-content\/uploads\/2020\/10\/pp-300x300.jpg 300w, https:\/\/www.radiopiu.net\/wordpress\/wp-content\/uploads\/2020\/10\/pp-150x150.jpg 150w, https:\/\/www.radiopiu.net\/wordpress\/wp-content\/uploads\/2020\/10\/pp-125x125.jpg 125w, https:\/\/www.radiopiu.net\/wordpress\/wp-content\/uploads\/2020\/10\/pp-200x200.jpg 200w, https:\/\/www.radiopiu.net\/wordpress\/wp-content\/uploads\/2020\/10\/pp-80x80.jpg 80w, https:\/\/www.radiopiu.net\/wordpress\/wp-content\/uploads\/2020\/10\/pp-480x480.jpg 480w, https:\/\/www.radiopiu.net\/wordpress\/wp-content\/uploads\/2020\/10\/pp.jpg 640w\" sizes=\"auto, (max-width: 106px) 100vw, 106px\" \/><\/a><\/p>\n<\/div>\n<\/div>\n<\/div>\n<div>\n<div class=\"page-title-head hgroup\">\n<div class=\"page-title-head hgroup\">\n<div class=\"b654a4as d2edcug0\">\n<div class=\"j83agx80 btwxx1t3 lhclo0ds hop8lmos nkwizq5d scwd0bx6 roh60bw9\">\n<div class=\"rq0escxv hkbzh7o3 jwdofwj8 n8tt0mok r8blr3vg hyh9befq\">\n<div class=\"do00u71z l9j0dhe7 k4urcfbm\">\n<h2><span style=\"color: #000080;\">DON CESARE, IL PENSIERO DEL GIORNO. ALLA RADIO ALLE 7 DEL MATTINO E ALLE 19.30 DELLA SERA.\u00a0<\/span><\/h2>\n<p>&nbsp;<\/p>\n<\/div>\n<\/div>\n<\/div>\n<\/div>\n<\/div>\n<\/div>\n<\/div>\n<audio class=\"wp-audio-shortcode\" id=\"audio-274061-13\" preload=\"none\" style=\"width: 100%;\" controls=\"controls\"><source type=\"audio\/mpeg\" src=\"https:\/\/www.radiopiu.net\/wordpress\/wp-content\/uploads\/2022\/05\/cesare-3.mp3?_=13\" \/><a href=\"https:\/\/www.radiopiu.net\/wordpress\/wp-content\/uploads\/2022\/05\/cesare-3.mp3\">https:\/\/www.radiopiu.net\/wordpress\/wp-content\/uploads\/2022\/05\/cesare-3.mp3<\/a><\/audio>\n<p>&nbsp;<\/p>\n<hr \/>\n<p>&nbsp;<\/p>\n<p>&nbsp;<\/p>\n<blockquote class=\"wp-embedded-content\" data-secret=\"7gKeeNzNjK\"><p><a href=\"https:\/\/www.radiopiu.net\/wordpress\/39annimaggioa05\/\">39 ANNI DI RADIO&#8230; &#8220;TI REGOLEREBBE IL MINIMO ALZANDOLO UN PO&#8217;&#8221;<\/a><\/p><\/blockquote>\n<p><iframe loading=\"lazy\" class=\"wp-embedded-content\" sandbox=\"allow-scripts\" security=\"restricted\" style=\"position: absolute; clip: rect(1px, 1px, 1px, 1px);\" title=\"&#8220;39 ANNI DI RADIO&#8230; &#8220;TI REGOLEREBBE IL MINIMO ALZANDOLO UN PO&#039;&#8221;&#8221; &#8212; Radio Pi\u00f9\" src=\"https:\/\/www.radiopiu.net\/wordpress\/39annimaggioa05\/embed\/#?secret=IZB7u6zX01#?secret=7gKeeNzNjK\" data-secret=\"7gKeeNzNjK\" width=\"600\" height=\"338\" frameborder=\"0\" marginwidth=\"0\" marginheight=\"0\" scrolling=\"no\"><\/iframe><\/p>\n<p>&nbsp;<\/p>\n<hr \/>\n<p>&nbsp;<\/p>\n<div class=\"do00u71z l9j0dhe7 k4urcfbm\">\n<div class=\"page-title-head hgroup\">\n<div class=\"page-title-head hgroup\">\n<div class=\"b654a4as d2edcug0\">\n<div class=\"j83agx80 btwxx1t3 lhclo0ds hop8lmos nkwizq5d scwd0bx6 roh60bw9\">\n<div class=\"rq0escxv hkbzh7o3 jwdofwj8 n8tt0mok r8blr3vg hyh9befq\">\n<div class=\"do00u71z l9j0dhe7 k4urcfbm\">\n<div class=\"page-title-head hgroup\">\n<div class=\"page-title-head hgroup\">\n<div class=\"b654a4as d2edcug0\">\n<div class=\"j83agx80 btwxx1t3 lhclo0ds hop8lmos nkwizq5d scwd0bx6 roh60bw9\">\n<div class=\"rq0escxv hkbzh7o3 jwdofwj8 n8tt0mok r8blr3vg hyh9befq\">\n<div class=\"do00u71z l9j0dhe7 k4urcfbm\">\n<div class=\"ecm0bbzt e5nlhep0 a8c37x1j\">\n<div class=\"kvgmc6g5 cxmmr5t8 oygrvhab hcukyx3x c1et5uql\">\n<div class=\"gmail-kvgmc6g5 gmail-cxmmr5t8 gmail-oygrvhab gmail-hcukyx3x gmail-c1et5uql gmail-ii04i59q\">\n<div class=\"page-title-head hgroup\">\n<div class=\"page-title-head hgroup\">\n<div class=\"b654a4as d2edcug0\">\n<div class=\"j83agx80 btwxx1t3 lhclo0ds hop8lmos nkwizq5d scwd0bx6 roh60bw9\">\n<div class=\"rq0escxv hkbzh7o3 jwdofwj8 n8tt0mok r8blr3vg hyh9befq\">\n<div class=\"do00u71z l9j0dhe7 k4urcfbm\">\n<div class=\"page-title-head hgroup\">\n<div class=\"page-title-head hgroup\">\n<div class=\"b654a4as d2edcug0\">\n<div class=\"j83agx80 btwxx1t3 lhclo0ds hop8lmos nkwizq5d scwd0bx6 roh60bw9\">\n<div class=\"rq0escxv hkbzh7o3 jwdofwj8 n8tt0mok r8blr3vg hyh9befq\">\n<div class=\"do00u71z l9j0dhe7 k4urcfbm\">\n<div class=\"page-title-head hgroup\">\n<div class=\"page-title-head hgroup\">\n<div class=\"b654a4as d2edcug0\">\n<div class=\"j83agx80 btwxx1t3 lhclo0ds hop8lmos nkwizq5d scwd0bx6 roh60bw9\">\n<div class=\"rq0escxv hkbzh7o3 jwdofwj8 n8tt0mok r8blr3vg hyh9befq\">\n<div class=\"do00u71z l9j0dhe7 k4urcfbm\">\n<div class=\"ecm0bbzt e5nlhep0 a8c37x1j\">\n<div class=\"kvgmc6g5 cxmmr5t8 oygrvhab hcukyx3x c1et5uql\">\n<div class=\"gmail-kvgmc6g5 gmail-cxmmr5t8 gmail-oygrvhab gmail-hcukyx3x gmail-c1et5uql gmail-ii04i59q\">\n<div class=\"page-title-head hgroup\">\n<div class=\"page-title-head hgroup\">\n<div class=\"b654a4as d2edcug0\">\n<div class=\"j83agx80 btwxx1t3 lhclo0ds hop8lmos nkwizq5d scwd0bx6 roh60bw9\">\n<div class=\"rq0escxv hkbzh7o3 jwdofwj8 n8tt0mok r8blr3vg hyh9befq\">\n<div class=\"do00u71z l9j0dhe7 k4urcfbm\">\n<blockquote>\n<h3><span style=\"color: #ff0000;\">IN VIVO VERSO, SETTIMA STAGIONE CON BRUNELLA MORO, DAL LUNEDI AL VENERDI ALLE 7.10, 10.10\u00a0<\/span><\/h3>\n<div dir=\"auto\">Si conclude oggi la settima stagione di In Vivo Verso che ha dato voce nelle 27 puntata 2021-22 a 135 poeti. A Brunella va il grazie della RADIOPIU per aver saputo condurre un programma importante nel palisesto della radio. Un impegno notevole, per la ricerca, preparazione, scelta delle musiche, delle immagini dando mai nulla per scontato. Fin dall&#8217;inizio avevo intuito che era il programma giusto per la RADIOPIU ma soprattutto che la conduttrice era quella giusta perch\u00e9 grande conoscitrice del mondo radiofonico, delle sue sfumature ed emozioni che sa creare. Oggi posso dire che l&#8217;intuizione era consona e precisa anche se dettata da un conflitto di interesse. Grazie Brunella per l&#8217;immenso lavoro, con orgoglio conserviamo nella Biblioteca della radio questa montagna di emozioni<\/div>\n<h3>VIVERE ADAGIO di GIANO PERALE legge ANDREA CECCHELLA<\/h3>\n<\/blockquote>\n<p>AUDIO<\/p>\n<audio class=\"wp-audio-shortcode\" id=\"audio-274061-14\" preload=\"none\" style=\"width: 100%;\" controls=\"controls\"><source type=\"audio\/mpeg\" src=\"https:\/\/www.radiopiu.net\/wordpress\/wp-content\/uploads\/2022\/05\/5-GIANO-PERALE-E-ANDREAVIVERE-ADAGI.mp3?_=14\" \/><a href=\"https:\/\/www.radiopiu.net\/wordpress\/wp-content\/uploads\/2022\/05\/5-GIANO-PERALE-E-ANDREAVIVERE-ADAGI.mp3\">https:\/\/www.radiopiu.net\/wordpress\/wp-content\/uploads\/2022\/05\/5-GIANO-PERALE-E-ANDREAVIVERE-ADAGI.mp3<\/a><\/audio>\n<p>&nbsp;<\/p>\n<p><strong><img loading=\"lazy\" decoding=\"async\" class=\"alignleft\" src=\"https:\/\/www.radiopiu.net\/wordpress\/wp-content\/uploads\/2022\/05\/AAAA-1.jpg\" width=\"150\" height=\"162\" \/>VIVERE ADAGIO<\/strong><\/p>\n<p>L&#8217;importante \u00e8 vivere adagio,<br \/>\npianamente,<br \/>\ncome le onde rotonde<br \/>\ndei sassi gettati nel lago<\/p>\n<p>Poi moriremo in fretta:<br \/>\nl&#8217;importante \u00e8 vivere adagio,<br \/>\ncon tutti i giorni dentro,<br \/>\ncon le ore negli occhi<br \/>\ne le mattine verdi nel cuore.<\/p>\n<p>Poi ci dimenticheranno in fretta.<br \/>\nL&#8217;importante \u00e8 vivere adagio<br \/>\ncon tutto un domani davanti<br \/>\ne le speranze<br \/>\nsicure, come il sole che sorge.<\/p>\n<p>2 maggio 1963<\/p>\n<p>&nbsp;<\/p>\n<p><strong>LA RACCOLTA COMPLETA<\/strong><\/p>\n<blockquote class=\"wp-embedded-content\" data-secret=\"B4S6wS7Au3\"><p><a href=\"https:\/\/www.radiopiu.net\/wordpress\/in-vivo-verso\/\">In Vivo Verso<\/a><\/p><\/blockquote>\n<p><iframe loading=\"lazy\" class=\"wp-embedded-content\" sandbox=\"allow-scripts\" security=\"restricted\" style=\"position: absolute; clip: rect(1px, 1px, 1px, 1px);\" title=\"&#8220;In Vivo Verso&#8221; &#8212; Radio Pi\u00f9\" src=\"https:\/\/www.radiopiu.net\/wordpress\/in-vivo-verso\/embed\/#?secret=XHkj9z4bRD#?secret=B4S6wS7Au3\" data-secret=\"B4S6wS7Au3\" width=\"600\" height=\"338\" frameborder=\"0\" marginwidth=\"0\" marginheight=\"0\" scrolling=\"no\"><\/iframe><\/p>\n<p>&nbsp;<\/p>\n<hr \/>\n<p>&nbsp;<\/p>\n<h3 class=\"entry-title\"><span style=\"color: #ff0000;\"><a href=\"https:\/\/www.radiopiu.net\/wordpress\/wp-content\/uploads\/2022\/04\/bustos-756620__340.webp\"><img loading=\"lazy\" decoding=\"async\" class=\" wp-image-271808 alignleft\" src=\"https:\/\/www.radiopiu.net\/wordpress\/wp-content\/uploads\/2022\/04\/bustos-756620__340-150x150.webp\" alt=\"\" width=\"94\" height=\"94\" \/><\/a>GOCCE DI FILOSOFIA PUNTATA 195 con Chiara Cau<\/span><\/h3>\n<p>AUDIO<\/p>\n<audio class=\"wp-audio-shortcode\" id=\"audio-274061-15\" preload=\"none\" style=\"width: 100%;\" controls=\"controls\"><source type=\"audio\/mpeg\" src=\"https:\/\/www.radiopiu.net\/wordpress\/wp-content\/uploads\/2022\/05\/FI5.mp3?_=15\" \/><a href=\"https:\/\/www.radiopiu.net\/wordpress\/wp-content\/uploads\/2022\/05\/FI5.mp3\">https:\/\/www.radiopiu.net\/wordpress\/wp-content\/uploads\/2022\/05\/FI5.mp3<\/a><\/audio>\n<p>&nbsp;<\/p>\n<p><strong>\u00a0<\/strong><strong>LA RACCOLTA COMPLETA<\/strong><\/p>\n<blockquote class=\"wp-embedded-content\" data-secret=\"4mpBzut9Mi\"><p><a href=\"https:\/\/www.radiopiu.net\/wordpress\/gocce-filosofia\/\">Gocce di filosofia, PRIMA E SECONDA STAGIONE 2022<\/a><\/p><\/blockquote>\n<p><iframe loading=\"lazy\" class=\"wp-embedded-content\" sandbox=\"allow-scripts\" security=\"restricted\" style=\"position: absolute; clip: rect(1px, 1px, 1px, 1px);\" title=\"&#8220;Gocce di filosofia, PRIMA E SECONDA STAGIONE 2022&#8221; &#8212; Radio Pi\u00f9\" src=\"https:\/\/www.radiopiu.net\/wordpress\/gocce-filosofia\/embed\/#?secret=S7P0owlD6b#?secret=4mpBzut9Mi\" data-secret=\"4mpBzut9Mi\" width=\"600\" height=\"338\" frameborder=\"0\" marginwidth=\"0\" marginheight=\"0\" scrolling=\"no\"><\/iframe><\/p>\n<p>&nbsp;<\/p>\n<hr \/>\n<p>&nbsp;<\/p>\n<p><span style=\"color: #0000ff;\">MUSICA PIU&#8217;\u00a0<\/span><\/p>\n<p><a href=\"https:\/\/www.radiopiu.net\/wordpress\/giornale-radiopiu-20-settembre-2021-direttore-mirko-mezzacasa\/pp-79\/\" rel=\"attachment wp-att-232921\"><img loading=\"lazy\" decoding=\"async\" class=\"wp-image-232921 alignleft\" src=\"https:\/\/www.radiopiu.net\/wordpress\/wp-content\/uploads\/2021\/09\/pp-1-300x300.jpg\" alt=\"\" width=\"135\" height=\"135\" srcset=\"https:\/\/www.radiopiu.net\/wordpress\/wp-content\/uploads\/2021\/09\/pp-1-300x300.jpg 300w, https:\/\/www.radiopiu.net\/wordpress\/wp-content\/uploads\/2021\/09\/pp-1-150x150.jpg 150w, https:\/\/www.radiopiu.net\/wordpress\/wp-content\/uploads\/2021\/09\/pp-1.jpg 640w\" sizes=\"auto, (max-width: 135px) 100vw, 135px\" \/><\/a><\/p>\n<div class=\"mkdf-post-text\">\n<div class=\"mkdf-post-text-inner\">\n<div class=\"mkdf-post-text-main\">\n<div class=\"mkdf-post-text\">\n<div class=\"mkdf-post-text-inner\">\n<div class=\"mkdf-post-text-main\">\n<div class=\"mkdf-post-text\">\n<div class=\"mkdf-post-text-inner\">\n<div class=\"mkdf-post-text-main\">\n<div class=\"page-title-head hgroup\">\n<div class=\"page-title-head hgroup\">\n<div class=\"mkdf-post-text\">\n<div class=\"mkdf-post-text-inner\">\n<div class=\"mkdf-post-text-main\">\n<div class=\"mkdf-post-text\">\n<div class=\"mkdf-post-text-inner\">\n<div class=\"mkdf-post-text-main\">\n<div class=\"page-title-head hgroup\">\n<div class=\"page-title-head hgroup\">\n<div class=\"page-title-head hgroup\">\n<div class=\"page-title-head hgroup\">\n<div class=\"b654a4as d2edcug0\">\n<div class=\"page-title-head hgroup\">\n<div class=\"page-title-head hgroup\">\n<div class=\"page-title-head hgroup\">\n<div class=\"page-title-head hgroup\">\n<div class=\"b654a4as d2edcug0\">\n<div class=\"page-title-head hgroup\">\n<div class=\"page-title-head hgroup\">\n<div class=\"page-title-head hgroup\">\n<div class=\"page-title-head hgroup\">\n<div class=\"b654a4as d2edcug0\">\n<div class=\"mkdf-post-text\">\n<div class=\"mkdf-post-text-inner\">\n<div class=\"mkdf-post-text-main\">\n<div class=\"mkdf-post-text\">\n<div class=\"mkdf-post-text-inner\">\n<div class=\"mkdf-post-text-main\">\n<div class=\"mkdf-post-text\">\n<div class=\"mkdf-post-text-inner\">\n<div class=\"mkdf-post-text-main\">\n<div class=\"page-title-head hgroup\">\n<div class=\"page-title-head hgroup\">\n<div class=\"mkdf-post-text\">\n<div class=\"mkdf-post-text-inner\">\n<div class=\"mkdf-post-text-main\">\n<div class=\"mkdf-post-text\">\n<div class=\"mkdf-post-text-inner\">\n<div class=\"mkdf-post-text-main\">\n<div class=\"page-title-head hgroup\">\n<div class=\"page-title-head hgroup\">\n<div class=\"page-title-head hgroup\">\n<div class=\"page-title-head hgroup\">\n<div class=\"b654a4as d2edcug0\">\n<div class=\"page-title-head hgroup\">\n<div class=\"page-title-head hgroup\">\n<div class=\"page-title-head hgroup\">\n<div class=\"page-title-head hgroup\">\n<div class=\"b654a4as d2edcug0\">\n<div class=\"page-title-head hgroup\">\n<div class=\"page-title-head hgroup\">\n<div class=\"page-title-head hgroup\">\n<div class=\"page-title-head hgroup\">\n<div class=\"b654a4as d2edcug0\">\n<div><\/div>\n<div><\/div>\n<div>\n<p><strong>MUSICA ALLA RADIO, IL PROGRAMMA DI LORIS SCUSSEL &#8220;COLLAGE OPERAZIONE NOSTALGIA&#8221; DAL LUNEDI AL VENERDI ALLE 16.00\u00a0 E ALLE 23\u00a0<\/strong><\/p>\n<p>&nbsp;<\/p>\n<\/div>\n<p><em><strong>PUNTATA 600 DEL 06 MAGGIO 2022<\/strong><\/em><\/p>\n<audio class=\"wp-audio-shortcode\" id=\"audio-274061-16\" preload=\"none\" style=\"width: 100%;\" controls=\"controls\"><source type=\"audio\/mpeg\" src=\"https:\/\/www.radiopiu.net\/wordpress\/wp-content\/uploads\/2022\/05\/Collage-600.mp3?_=16\" \/><a href=\"https:\/\/www.radiopiu.net\/wordpress\/wp-content\/uploads\/2022\/05\/Collage-600.mp3\">https:\/\/www.radiopiu.net\/wordpress\/wp-content\/uploads\/2022\/05\/Collage-600.mp3<\/a><\/audio>\n<p>&nbsp;<\/p>\n<p>&nbsp;<\/p>\n<p>&nbsp;<\/p>\n<hr \/>\n<p>&nbsp;<\/p>\n<h2><span style=\"color: #0000ff;\">SALUTE &amp; SOCIETA&#8217;\u00a0\u00a0<\/span><\/h2>\n<p><strong>LA RACCOLTA COMPLETA<\/strong><\/p>\n<blockquote class=\"wp-embedded-content\" data-secret=\"3cCJDIYlx0\"><p><a href=\"https:\/\/www.radiopiu.net\/wordpress\/saluteesocieta\/\">Salute e Societ\u00e0<\/a><\/p><\/blockquote>\n<p><iframe loading=\"lazy\" class=\"wp-embedded-content\" sandbox=\"allow-scripts\" security=\"restricted\" style=\"position: absolute; clip: rect(1px, 1px, 1px, 1px);\" title=\"&#8220;Salute e Societ\u00e0&#8221; &#8212; Radio Pi\u00f9\" src=\"https:\/\/www.radiopiu.net\/wordpress\/saluteesocieta\/embed\/#?secret=19KOIzcpkB#?secret=3cCJDIYlx0\" data-secret=\"3cCJDIYlx0\" width=\"600\" height=\"338\" frameborder=\"0\" marginwidth=\"0\" marginheight=\"0\" scrolling=\"no\"><\/iframe><\/p>\n<p>&nbsp;<\/p>\n<hr \/>\n<\/div>\n<\/div>\n<\/div>\n<\/div>\n<\/div>\n<\/div>\n<\/div>\n<\/div>\n<\/div>\n<\/div>\n<\/div>\n<\/div>\n<\/div>\n<\/div>\n<\/div>\n<\/div>\n<\/div>\n<\/div>\n<\/div>\n<\/div>\n<\/div>\n<\/div>\n<\/div>\n<\/div>\n<\/div>\n<\/div>\n<\/div>\n<\/div>\n<\/div>\n<\/div>\n<\/div>\n<\/div>\n<\/div>\n<\/div>\n<\/div>\n<\/div>\n<\/div>\n<\/div>\n<\/div>\n<\/div>\n<\/div>\n<\/div>\n<\/div>\n<\/div>\n<\/div>\n<\/div>\n<\/div>\n<\/div>\n<\/div>\n<\/div>\n<\/div>\n<\/div>\n<\/div>\n<\/div>\n<\/div>\n<\/div>\n<\/div>\n<\/div>\n<\/div>\n<\/div>\n<\/div>\n<\/div>\n<\/div>\n<\/div>\n<p>&nbsp;<\/p>\n<blockquote>\n<h3><span style=\"color: #0000ff;\">RADIO PIU INFORMAZIONE il canale su TELEGRAM informazione di prima mano e in tempo reale. iscriviti ed aiutaci a farlo conoscere\u00a0\u00a0<\/span><\/h3>\n<\/blockquote>\n<div>\n<div class=\"page-title-head hgroup\">\n<div class=\"page-title-head hgroup\">\n<div class=\"page-title-head hgroup\">\n<div class=\"page-title-head hgroup\">\n<div class=\"b654a4as d2edcug0\">\n<div class=\"page-title-head hgroup\">\n<div class=\"page-title-head hgroup\">\n<div class=\"page-title-head hgroup\">\n<div class=\"page-title-head hgroup\">\n<div class=\"b654a4as d2edcug0\">\n<div class=\"page-title-head hgroup\">\n<div class=\"page-title-head hgroup\">\n<div class=\"page-title-head hgroup\">\n<div class=\"page-title-head hgroup\">\n<div class=\"page-title-head hgroup\">\n<div class=\"page-title-head hgroup\">\n<div class=\"page-title-head hgroup\">\n<div class=\"page-title-head hgroup\">\n<div class=\"page-title-head hgroup\">\n<div class=\"b654a4as d2edcug0\">\n<div class=\"page-title-head hgroup\">\n<div class=\"page-title-head hgroup\">\n<div class=\"page-title-head hgroup\">\n<div class=\"page-title-head hgroup\">\n<div class=\"b654a4as d2edcug0\">\n<div><\/div>\n<div>\n<div class=\"page-title-head hgroup\">\n<div class=\"page-title-head hgroup\">\n<div class=\"page-title-head hgroup\">\n<div class=\"page-title-head hgroup\">\n<div class=\"page-title-head hgroup\">\n<div class=\"mkdf-post-text\">\n<div class=\"mkdf-post-text-inner\">\n<div class=\"mkdf-post-text-main\">\n<div class=\"mkdf-post-text\">\n<div class=\"mkdf-post-text-inner\">\n<div class=\"mkdf-post-text-main\">\n<div class=\"mkdf-post-text\">\n<div class=\"mkdf-post-text-inner\">\n<div class=\"mkdf-post-text-main\">\n<div class=\"page-title-head hgroup\">\n<div class=\"page-title-head hgroup\">\n<div class=\"mkdf-post-text\">\n<div class=\"mkdf-post-text-inner\">\n<div class=\"mkdf-post-text-main\">\n<div class=\"mkdf-post-text\">\n<div class=\"mkdf-post-text-inner\">\n<div class=\"mkdf-post-text-main\">\n<div class=\"page-title-head hgroup\">\n<div class=\"page-title-head hgroup\">\n<div class=\"page-title-head hgroup\">\n<div class=\"page-title-head hgroup\">\n<div class=\"b654a4as d2edcug0\">\n<div class=\"page-title-head hgroup\">\n<div class=\"page-title-head hgroup\">\n<div class=\"page-title-head hgroup\">\n<div class=\"page-title-head hgroup\">\n<div class=\"b654a4as d2edcug0\">\n<div class=\"page-title-head hgroup\">\n<div class=\"page-title-head hgroup\">\n<div class=\"page-title-head hgroup\">\n<p>&nbsp;<\/p>\n<div>\n<div class=\"page-title-head hgroup\">\n<div class=\"page-title-head hgroup\">\n<div class=\"b654a4as d2edcug0\">\n<div class=\"j83agx80 btwxx1t3 lhclo0ds hop8lmos nkwizq5d scwd0bx6 roh60bw9\">\n<div class=\"rq0escxv hkbzh7o3 jwdofwj8 n8tt0mok r8blr3vg hyh9befq\">\n<div class=\"do00u71z l9j0dhe7 k4urcfbm\">\n<div class=\"page-title-head hgroup\">\n<div class=\"page-title-head hgroup\">\n<div class=\"b654a4as d2edcug0\">\n<div class=\"j83agx80 btwxx1t3 lhclo0ds hop8lmos nkwizq5d scwd0bx6 roh60bw9\">\n<div class=\"rq0escxv hkbzh7o3 jwdofwj8 n8tt0mok r8blr3vg hyh9befq\">\n<div class=\"do00u71z l9j0dhe7 k4urcfbm\">\n<div class=\"ecm0bbzt e5nlhep0 a8c37x1j\">\n<div class=\"kvgmc6g5 cxmmr5t8 oygrvhab hcukyx3x c1et5uql\">\n<div class=\"gmail-kvgmc6g5 gmail-cxmmr5t8 gmail-oygrvhab gmail-hcukyx3x gmail-c1et5uql gmail-ii04i59q\">\n<div class=\"page-title-head hgroup\">\n<div class=\"page-title-head hgroup\">\n<div class=\"b654a4as d2edcug0\">\n<div class=\"j83agx80 btwxx1t3 lhclo0ds hop8lmos nkwizq5d scwd0bx6 roh60bw9\">\n<div class=\"rq0escxv hkbzh7o3 jwdofwj8 n8tt0mok r8blr3vg hyh9befq\">\n<div class=\"do00u71z l9j0dhe7 k4urcfbm\">\n<div class=\"page-title-head hgroup\">\n<div class=\"page-title-head hgroup\">\n<div class=\"b654a4as d2edcug0\">\n<div class=\"j83agx80 btwxx1t3 lhclo0ds hop8lmos nkwizq5d scwd0bx6 roh60bw9\">\n<div class=\"rq0escxv hkbzh7o3 jwdofwj8 n8tt0mok r8blr3vg hyh9befq\">\n<div class=\"do00u71z l9j0dhe7 k4urcfbm\">\n<div class=\"page-title-head hgroup\">\n<div class=\"page-title-head hgroup\">\n<div class=\"b654a4as d2edcug0\">\n<div class=\"j83agx80 btwxx1t3 lhclo0ds hop8lmos nkwizq5d scwd0bx6 roh60bw9\">\n<div class=\"rq0escxv hkbzh7o3 jwdofwj8 n8tt0mok r8blr3vg hyh9befq\">\n<div class=\"do00u71z l9j0dhe7 k4urcfbm\">\n<div class=\"ecm0bbzt e5nlhep0 a8c37x1j\">\n<div class=\"kvgmc6g5 cxmmr5t8 oygrvhab hcukyx3x c1et5uql\">\n<div class=\"gmail-kvgmc6g5 gmail-cxmmr5t8 gmail-oygrvhab gmail-hcukyx3x gmail-c1et5uql gmail-ii04i59q\">\n<div class=\"page-title-head hgroup\">\n<div class=\"page-title-head hgroup\">\n<div class=\"b654a4as d2edcug0\">\n<div class=\"j83agx80 btwxx1t3 lhclo0ds hop8lmos nkwizq5d scwd0bx6 roh60bw9\">\n<div class=\"rq0escxv hkbzh7o3 jwdofwj8 n8tt0mok r8blr3vg hyh9befq\">\n<div class=\"do00u71z l9j0dhe7 k4urcfbm\">\n<div class=\"page-title-head hgroup\">\n<div class=\"page-title-head hgroup\">\n<div class=\"page-title-head hgroup\">\n<div class=\"page-title-head hgroup\">\n<div class=\"b654a4as d2edcug0\">\n<div class=\"page-title-head hgroup\">\n<div class=\"page-title-head hgroup\">\n<div class=\"page-title-head hgroup\">\n<div class=\"page-title-head hgroup\">\n<div class=\"b654a4as d2edcug0\">\n<div class=\"page-title-head hgroup\">\n<div class=\"page-title-head hgroup\">\n<div class=\"page-title-head hgroup\">\n<div class=\"page-title-head hgroup\">\n<div class=\"page-title-head hgroup\">\n<div class=\"page-title-head hgroup\">\n<div class=\"page-title-head hgroup\">\n<div class=\"page-title-head hgroup\">\n<div class=\"page-title-head hgroup\">\n<div class=\"b654a4as d2edcug0\">\n<div class=\"page-title-head hgroup\">\n<div class=\"page-title-head hgroup\">\n<div class=\"page-title-head hgroup\">\n<div class=\"page-title-head hgroup\">\n<div class=\"b654a4as d2edcug0\">\n<div class=\"page-title-head hgroup\">\n<div class=\"page-title-head hgroup\">\n<div class=\"page-title-head hgroup\">\n<div class=\"page-title-head hgroup\">\n<div class=\"page-title-head hgroup\">\n<div class=\"mkdf-post-text\">\n<div class=\"mkdf-post-text-inner\">\n<div class=\"mkdf-post-text-main\">\n<div class=\"mkdf-post-text\">\n<div class=\"mkdf-post-text-inner\">\n<div class=\"mkdf-post-text-main\">\n<div class=\"mkdf-post-text\">\n<div class=\"mkdf-post-text-inner\">\n<div class=\"mkdf-post-text-main\">\n<div class=\"page-title-head hgroup\">\n<div class=\"page-title-head hgroup\">\n<div class=\"mkdf-post-text\">\n<div class=\"mkdf-post-text-inner\">\n<div class=\"mkdf-post-text-main\">\n<div class=\"mkdf-post-text\">\n<div class=\"mkdf-post-text-inner\">\n<div class=\"mkdf-post-text-main\">\n<div class=\"page-title-head hgroup\">\n<div class=\"page-title-head hgroup\">\n<div class=\"page-title-head hgroup\">\n<div class=\"page-title-head hgroup\">\n<div class=\"b654a4as d2edcug0\">\n<div class=\"page-title-head hgroup\">\n<div class=\"page-title-head hgroup\">\n<div class=\"page-title-head hgroup\">\n<div class=\"page-title-head hgroup\">\n<div class=\"b654a4as d2edcug0\">\n<div class=\"page-title-head hgroup\">\n<div class=\"page-title-head hgroup\">\n<div class=\"page-title-head hgroup\">\n<div class=\"page-title-head hgroup\">\n<div class=\"b654a4as d2edcug0\">\n<div class=\"ecm0bbzt e5nlhep0 a8c37x1j\">\n<div class=\"kvgmc6g5 cxmmr5t8 oygrvhab hcukyx3x c1et5uql\">\n<div class=\"gmail-kvgmc6g5 gmail-cxmmr5t8 gmail-oygrvhab gmail-hcukyx3x gmail-c1et5uql gmail-ii04i59q\">\n<div class=\"page-title-head hgroup\">\n<div class=\"page-title-head hgroup\">\n<div class=\"b654a4as d2edcug0\">\n<div class=\"j83agx80 btwxx1t3 lhclo0ds hop8lmos nkwizq5d scwd0bx6 roh60bw9\">\n<div class=\"rq0escxv hkbzh7o3 jwdofwj8 n8tt0mok r8blr3vg hyh9befq\">\n<div class=\"do00u71z l9j0dhe7 k4urcfbm\">\n<div class=\"page-title-head hgroup\">\n<div class=\"page-title-head hgroup\">\n<div class=\"page-title-head hgroup\">\n<div class=\"page-title-head hgroup\">\n<div class=\"b654a4as d2edcug0\">\n<div class=\"page-title-head hgroup\">\n<div class=\"page-title-head hgroup\">\n<div class=\"page-title-head hgroup\">\n<div class=\"page-title-head hgroup\">\n<div class=\"b654a4as d2edcug0\">\n<div class=\"page-title-head hgroup\">\n<div class=\"page-title-head hgroup\">\n<div class=\"page-title-head hgroup\">\n<div class=\"page-title-head hgroup\">\n<div class=\"page-title-head hgroup\">\n<div class=\"page-title-head hgroup\">\n<div class=\"page-title-head hgroup\">\n<div class=\"page-title-head hgroup\">\n<div class=\"page-title-head hgroup\">\n<div class=\"b654a4as d2edcug0\">\n<div class=\"page-title-head hgroup\">\n<div class=\"page-title-head hgroup\">\n<div class=\"page-title-head hgroup\">\n<div class=\"page-title-head hgroup\">\n<div class=\"b654a4as d2edcug0\">\n<div class=\"page-title-head hgroup\">\n<div class=\"page-title-head hgroup\">\n<div class=\"page-title-head hgroup\">\n<div class=\"page-title-head hgroup\">\n<div class=\"page-title-head hgroup\">\n<div class=\"mkdf-post-text\">\n<div class=\"mkdf-post-text-inner\">\n<div class=\"mkdf-post-text-main\">\n<div class=\"mkdf-post-text\">\n<div class=\"mkdf-post-text-inner\">\n<div class=\"mkdf-post-text-main\">\n<div class=\"mkdf-post-text\">\n<div class=\"mkdf-post-text-inner\">\n<div class=\"mkdf-post-text-main\">\n<div class=\"page-title-head hgroup\">\n<div class=\"page-title-head hgroup\">\n<div class=\"mkdf-post-text\">\n<div class=\"mkdf-post-text-inner\">\n<div class=\"mkdf-post-text-main\">\n<div class=\"mkdf-post-text\">\n<div class=\"mkdf-post-text-inner\">\n<div class=\"mkdf-post-text-main\">\n<div class=\"page-title-head hgroup\">\n<div class=\"page-title-head hgroup\">\n<div class=\"page-title-head hgroup\">\n<div class=\"page-title-head hgroup\">\n<div class=\"b654a4as d2edcug0\">\n<div class=\"page-title-head hgroup\">\n<div class=\"page-title-head hgroup\">\n<div class=\"page-title-head hgroup\">\n<div class=\"page-title-head hgroup\">\n<div class=\"b654a4as d2edcug0\">\n<div class=\"page-title-head hgroup\">\n<div class=\"page-title-head hgroup\">\n<div class=\"page-title-head hgroup\">\n<div class=\"page-title-head hgroup\">\n<div class=\"b654a4as d2edcug0\">\n<hr \/>\n<p>&nbsp;<\/p>\n<div>\n<p><strong>DUE MINUTI UN LIBRO, TUTTI I GIORNI ALLA RADIO ALLE 9.40 E ALLE 17.50\u00a0\u00a0<\/strong><\/p>\n<div>\n<div>\n<p><strong>LA RACCOLTA COMPLETA\u00a0\u00a0<\/strong><\/p>\n<\/div>\n<\/div>\n<\/div>\n<div class=\"mkdf-post-text\">\n<div class=\"mkdf-post-text-inner\">\n<div class=\"mkdf-post-text-main\">\n<div class=\"mkdf-post-text\">\n<div class=\"mkdf-post-text-inner\">\n<div class=\"mkdf-post-text-main\">\n<div class=\"mkdf-post-text\">\n<div class=\"mkdf-post-text-inner\">\n<div class=\"mkdf-post-text-main\">\n<div class=\"page-title-head hgroup\">\n<div class=\"page-title-head hgroup\">\n<div class=\"mkdf-post-text\">\n<div class=\"mkdf-post-text-inner\">\n<div class=\"mkdf-post-text-main\">\n<div class=\"mkdf-post-text\">\n<div class=\"mkdf-post-text-inner\">\n<div class=\"mkdf-post-text-main\">\n<div class=\"page-title-head hgroup\">\n<div class=\"page-title-head hgroup\">\n<div class=\"page-title-head hgroup\">\n<div class=\"page-title-head hgroup\">\n<div class=\"b654a4as d2edcug0\">\n<div class=\"page-title-head hgroup\">\n<div class=\"page-title-head hgroup\">\n<div class=\"page-title-head hgroup\">\n<div class=\"page-title-head hgroup\">\n<div class=\"b654a4as d2edcug0\">\n<div class=\"page-title-head hgroup\">\n<div class=\"page-title-head hgroup\">\n<div class=\"page-title-head hgroup\">\n<div class=\"page-title-head hgroup\">\n<div class=\"b654a4as d2edcug0\">\n<div>\n<blockquote class=\"wp-embedded-content\" data-secret=\"UlHD1h9NlY\"><p><a href=\"https:\/\/www.radiopiu.net\/wordpress\/due-minuti-un-libro\/\">Due minuti un libro<\/a><\/p><\/blockquote>\n<p><iframe loading=\"lazy\" class=\"wp-embedded-content\" sandbox=\"allow-scripts\" security=\"restricted\" style=\"position: absolute; clip: rect(1px, 1px, 1px, 1px);\" title=\"&#8220;Due minuti un libro&#8221; &#8212; Radio Pi\u00f9\" src=\"https:\/\/www.radiopiu.net\/wordpress\/due-minuti-un-libro\/embed\/#?secret=3ZmNgEEXbY#?secret=UlHD1h9NlY\" data-secret=\"UlHD1h9NlY\" width=\"600\" height=\"338\" frameborder=\"0\" marginwidth=\"0\" marginheight=\"0\" scrolling=\"no\"><\/iframe><\/p>\n<p>&nbsp;<\/p>\n<\/div>\n<div>\n<hr \/>\n<p>&nbsp;<\/p>\n<\/div>\n<h2><span style=\"color: #808000;\">L&#8217;ALMANACCO LADINO\u00a0\u00a0<\/span><\/h2>\n<p><strong>LA RACCOLTA<\/strong><\/p>\n<blockquote class=\"wp-embedded-content\" data-secret=\"mA7nIxOZ4o\"><p><a href=\"https:\/\/www.radiopiu.net\/wordpress\/almanacco-ladino\/\">Almanacco Ladino<\/a><\/p><\/blockquote>\n<p><iframe loading=\"lazy\" class=\"wp-embedded-content\" sandbox=\"allow-scripts\" security=\"restricted\" style=\"position: absolute; clip: rect(1px, 1px, 1px, 1px);\" title=\"&#8220;Almanacco Ladino&#8221; &#8212; Radio Pi\u00f9\" src=\"https:\/\/www.radiopiu.net\/wordpress\/almanacco-ladino\/embed\/#?secret=Fxbps0FHpm#?secret=mA7nIxOZ4o\" data-secret=\"mA7nIxOZ4o\" width=\"600\" height=\"338\" frameborder=\"0\" marginwidth=\"0\" marginheight=\"0\" scrolling=\"no\"><\/iframe><\/p>\n<hr \/>\n<h2><span style=\"color: #33cccc;\">\u00a0<\/span><\/h2>\n<h2><span style=\"color: #33cccc;\">LA RASSEGNA STAMPA DA L&#8217;AMICO DEL POPOLO<\/span><\/h2>\n<p><strong>LA RACCOLTA COMPLETA<\/strong><\/p>\n<blockquote class=\"wp-embedded-content\" data-secret=\"B6jyAby2Rs\"><p><a href=\"https:\/\/www.radiopiu.net\/wordpress\/rassegna-stampa-di-gianni-santomaso\/\">Rassegna stampa da l&#8217;amico del popolo &#8211; di Gianni Santomaso<\/a><\/p><\/blockquote>\n<p><iframe loading=\"lazy\" class=\"wp-embedded-content\" sandbox=\"allow-scripts\" security=\"restricted\" style=\"position: absolute; clip: rect(1px, 1px, 1px, 1px);\" title=\"&#8220;Rassegna stampa da l&#8217;amico del popolo &#8211; di Gianni Santomaso&#8221; &#8212; Radio Pi\u00f9\" src=\"https:\/\/www.radiopiu.net\/wordpress\/rassegna-stampa-di-gianni-santomaso\/embed\/#?secret=19wXjwTcB1#?secret=B6jyAby2Rs\" data-secret=\"B6jyAby2Rs\" width=\"600\" height=\"338\" frameborder=\"0\" marginwidth=\"0\" marginheight=\"0\" scrolling=\"no\"><\/iframe><\/p>\n<p>&nbsp;<\/p>\n<hr \/>\n<p>&nbsp;<\/p>\n<div>\n<div class=\"page-title-head hgroup\">\n<div class=\"page-title-head hgroup\">\n<div class=\"b654a4as d2edcug0\">\n<div class=\"j83agx80 btwxx1t3 lhclo0ds hop8lmos nkwizq5d scwd0bx6 roh60bw9\">\n<div class=\"rq0escxv hkbzh7o3 jwdofwj8 n8tt0mok r8blr3vg hyh9befq\">\n<div class=\"do00u71z l9j0dhe7 k4urcfbm\">\n<div class=\"ecm0bbzt e5nlhep0 a8c37x1j\">\n<div class=\"kvgmc6g5 cxmmr5t8 oygrvhab hcukyx3x c1et5uql\">\n<div class=\"gmail-kvgmc6g5 gmail-cxmmr5t8 gmail-oygrvhab gmail-hcukyx3x gmail-c1et5uql gmail-ii04i59q\">\n<div class=\"page-title-head hgroup\">\n<div class=\"page-title-head hgroup\">\n<div class=\"b654a4as d2edcug0\">\n<div class=\"j83agx80 btwxx1t3 lhclo0ds hop8lmos nkwizq5d scwd0bx6 roh60bw9\">\n<div class=\"rq0escxv hkbzh7o3 jwdofwj8 n8tt0mok r8blr3vg hyh9befq\">\n<div class=\"do00u71z l9j0dhe7 k4urcfbm\">\n<div class=\"page-title-head hgroup\">\n<div class=\"page-title-head hgroup\">\n<div class=\"page-title-head hgroup\">\n<div class=\"page-title-head hgroup\">\n<div class=\"b654a4as d2edcug0\">\n<div class=\"page-title-head hgroup\">\n<div class=\"page-title-head hgroup\">\n<div class=\"page-title-head hgroup\">\n<div class=\"page-title-head hgroup\">\n<div class=\"b654a4as d2edcug0\">\n<div class=\"page-title-head hgroup\">\n<div class=\"page-title-head hgroup\">\n<div class=\"page-title-head hgroup\">\n<div class=\"page-title-head hgroup\">\n<div class=\"page-title-head hgroup\">\n<div class=\"page-title-head hgroup\">\n<div class=\"page-title-head hgroup\">\n<div class=\"page-title-head hgroup\">\n<div class=\"page-title-head hgroup\">\n<div class=\"b654a4as d2edcug0\">\n<div class=\"page-title-head hgroup\">\n<div class=\"page-title-head hgroup\">\n<div class=\"page-title-head hgroup\">\n<div class=\"page-title-head hgroup\">\n<div class=\"b654a4as d2edcug0\">\n<div class=\"page-title-head hgroup\">\n<div class=\"page-title-head hgroup\">\n<div class=\"page-title-head hgroup\">\n<div class=\"page-title-head hgroup\">\n<div class=\"page-title-head hgroup\">\n<div class=\"mkdf-post-text\">\n<div class=\"mkdf-post-text-inner\">\n<div class=\"mkdf-post-text-main\">\n<div class=\"mkdf-post-text\">\n<div class=\"mkdf-post-text-inner\">\n<div class=\"mkdf-post-text-main\">\n<div class=\"mkdf-post-text\">\n<div class=\"mkdf-post-text-inner\">\n<div class=\"mkdf-post-text-main\">\n<div class=\"page-title-head hgroup\">\n<div class=\"page-title-head hgroup\">\n<div class=\"mkdf-post-text\">\n<div class=\"mkdf-post-text-inner\">\n<div class=\"mkdf-post-text-main\">\n<div class=\"mkdf-post-text\">\n<div class=\"mkdf-post-text-inner\">\n<div class=\"mkdf-post-text-main\">\n<div class=\"page-title-head hgroup\">\n<div class=\"page-title-head hgroup\">\n<div class=\"page-title-head hgroup\">\n<div class=\"page-title-head hgroup\">\n<div class=\"b654a4as d2edcug0\">\n<div class=\"page-title-head hgroup\">\n<div class=\"page-title-head hgroup\">\n<div class=\"page-title-head hgroup\">\n<div class=\"page-title-head hgroup\">\n<div class=\"b654a4as d2edcug0\">\n<div class=\"page-title-head hgroup\">\n<div class=\"page-title-head hgroup\">\n<div class=\"page-title-head hgroup\">\n<div class=\"page-title-head hgroup\">\n<div class=\"b654a4as d2edcug0\">\n<h2><span style=\"color: #800080;\">I RACCONTI DI PAOLO SOPPELSA\u00a0<\/span><\/h2>\n<p><strong>LA RACCOLTA COMPLETA<\/strong><\/p>\n<blockquote class=\"wp-embedded-content\" data-secret=\"FqoDHyZoR5\"><p><a href=\"https:\/\/www.radiopiu.net\/wordpress\/i-racconti-di-paolo-soppelsa\/\">I racconti di Paolo Soppelsa<\/a><\/p><\/blockquote>\n<p><iframe loading=\"lazy\" class=\"wp-embedded-content\" sandbox=\"allow-scripts\" security=\"restricted\" style=\"position: absolute; clip: rect(1px, 1px, 1px, 1px);\" title=\"&#8220;I racconti di Paolo Soppelsa&#8221; &#8212; Radio Pi\u00f9\" src=\"https:\/\/www.radiopiu.net\/wordpress\/i-racconti-di-paolo-soppelsa\/embed\/#?secret=8w7rDzgydY#?secret=FqoDHyZoR5\" data-secret=\"FqoDHyZoR5\" width=\"600\" height=\"338\" frameborder=\"0\" marginwidth=\"0\" marginheight=\"0\" scrolling=\"no\"><\/iframe><\/p>\n<p>&nbsp;<\/p>\n<hr \/>\n<p>&nbsp;<\/p>\n<\/div>\n<\/div>\n<\/div>\n<\/div>\n<\/div>\n<\/div>\n<\/div>\n<\/div>\n<\/div>\n<\/div>\n<\/div>\n<\/div>\n<\/div>\n<\/div>\n<\/div>\n<\/div>\n<\/div>\n<\/div>\n<\/div>\n<\/div>\n<\/div>\n<\/div>\n<\/div>\n<\/div>\n<\/div>\n<\/div>\n<\/div>\n<\/div>\n<\/div>\n<\/div>\n<\/div>\n<\/div>\n<\/div>\n<\/div>\n<\/div>\n<\/div>\n<\/div>\n<\/div>\n<\/div>\n<\/div>\n<\/div>\n<\/div>\n<\/div>\n<\/div>\n<\/div>\n<\/div>\n<\/div>\n<\/div>\n<\/div>\n<\/div>\n<\/div>\n<\/div>\n<\/div>\n<\/div>\n<\/div>\n<\/div>\n<\/div>\n<\/div>\n<\/div>\n<\/div>\n<\/div>\n<\/div>\n<\/div>\n<\/div>\n<\/div>\n<\/div>\n<\/div>\n<\/div>\n<\/div>\n<\/div>\n<\/div>\n<\/div>\n<\/div>\n<\/div>\n<\/div>\n<\/div>\n<\/div>\n<\/div>\n<\/div>\n<\/div>\n<\/div>\n<\/div>\n<\/div>\n<\/div>\n<\/div>\n<\/div>\n<\/div>\n<\/div>\n<\/div>\n<\/div>\n<\/div>\n<\/div>\n<\/div>\n<\/div>\n<\/div>\n<\/div>\n<\/div>\n<\/div>\n<\/div>\n<\/div>\n<\/div>\n<\/div>\n<\/div>\n<\/div>\n<\/div>\n<\/div>\n<\/div>\n<\/div>\n<\/div>\n<\/div>\n<\/div>\n<div class=\"b654a4as d2edcug0\">\n<div class=\"ecm0bbzt e5nlhep0 a8c37x1j\">\n<div class=\"kvgmc6g5 cxmmr5t8 oygrvhab hcukyx3x c1et5uql\">\n<div class=\"gmail-kvgmc6g5 gmail-cxmmr5t8 gmail-oygrvhab gmail-hcukyx3x gmail-c1et5uql gmail-ii04i59q\">\n<div>\n<div class=\"page-title-head hgroup\">\n<div class=\"page-title-head hgroup\">\n<div class=\"b654a4as d2edcug0\">\n<div class=\"j83agx80 btwxx1t3 lhclo0ds hop8lmos nkwizq5d scwd0bx6 roh60bw9\">\n<div class=\"rq0escxv hkbzh7o3 jwdofwj8 n8tt0mok r8blr3vg hyh9befq\">\n<div class=\"do00u71z l9j0dhe7 k4urcfbm\">\n<div>\n<div class=\"page-title-head hgroup\">\n<div class=\"page-title-head hgroup\">\n<div class=\"page-title-head hgroup\">\n<div class=\"page-title-head hgroup\">\n<div class=\"b654a4as d2edcug0\">\n<div class=\"page-title-head hgroup\">\n<div class=\"page-title-head hgroup\">\n<div class=\"page-title-head hgroup\">\n<div class=\"page-title-head hgroup\">\n<div class=\"b654a4as d2edcug0\">\n<div class=\"page-title-head hgroup\">\n<div class=\"page-title-head hgroup\">\n<div class=\"page-title-head hgroup\">\n<div class=\"page-title-head hgroup\">\n<div class=\"page-title-head hgroup\">\n<div class=\"mkdf-post-text\">\n<div class=\"mkdf-post-text-inner\">\n<div class=\"mkdf-post-text-main\">\n<div class=\"mkdf-post-text\">\n<div class=\"mkdf-post-text-inner\">\n<div class=\"mkdf-post-text-main\">\n<div class=\"mkdf-post-text\">\n<div class=\"mkdf-post-text-inner\">\n<div class=\"mkdf-post-text-main\">\n<div class=\"page-title-head hgroup\">\n<div class=\"page-title-head hgroup\">\n<div class=\"mkdf-post-text\">\n<div class=\"mkdf-post-text-inner\">\n<div class=\"mkdf-post-text-main\">\n<div class=\"mkdf-post-text\">\n<div class=\"mkdf-post-text-inner\">\n<div class=\"mkdf-post-text-main\">\n<div>\n<div class=\"page-title-head hgroup\">\n<div class=\"page-title-head hgroup\">\n<div>\n<div class=\"page-title-head hgroup\">\n<div class=\"page-title-head hgroup\">\n<div class=\"b654a4as d2edcug0\">\n<div>\n<div class=\"page-title-head hgroup\" style=\"text-align: left;\">\n<div class=\"page-title-head hgroup\">\n<div dir=\"auto\">\n<p><a class=\"dt-pswp-item pspw-wrap-ready\" href=\"https:\/\/i0.wp.com\/www.radiopiu.net\/wordpress\/wp-content\/uploads\/2018\/09\/WhatsApp-Image-2018-09-20-at-16.04.06.jpeg?ssl=1\" data-dt-img-description=\"\" data-large_image_width=\"800\" data-large_image_height=\"100\"><img loading=\"lazy\" decoding=\"async\" class=\"aligncenter wp-image-61378 size-full jetpack-lazy-image jetpack-lazy-image--handled\" src=\"https:\/\/i0.wp.com\/www.radiopiu.net\/wordpress\/wp-content\/uploads\/2018\/09\/WhatsApp-Image-2018-09-20-at-16.04.06.jpeg?resize=800%2C100&amp;ssl=1\" sizes=\"auto, (max-width: 800px) 100vw, 800px\" srcset=\"https:\/\/i0.wp.com\/www.radiopiu.net\/wordpress\/wp-content\/uploads\/2018\/09\/WhatsApp-Image-2018-09-20-at-16.04.06.jpeg?w=800&amp;ssl=1 800w, https:\/\/i0.wp.com\/www.radiopiu.net\/wordpress\/wp-content\/uploads\/2018\/09\/WhatsApp-Image-2018-09-20-at-16.04.06.jpeg?resize=300%2C38&amp;ssl=1 300w, https:\/\/i0.wp.com\/www.radiopiu.net\/wordpress\/wp-content\/uploads\/2018\/09\/WhatsApp-Image-2018-09-20-at-16.04.06.jpeg?resize=768%2C96&amp;ssl=1 768w\" alt=\"\" width=\"800\" height=\"100\" data-lazy-loaded=\"1\" \/><\/a><\/p>\n<\/div>\n<\/div>\n<\/div>\n<\/div>\n<\/div>\n<\/div>\n<\/div>\n<\/div>\n<\/div>\n<\/div>\n<\/div>\n<\/div>\n<\/div>\n<\/div>\n<\/div>\n<\/div>\n<\/div>\n<\/div>\n<\/div>\n<\/div>\n<\/div>\n<\/div>\n<\/div>\n<\/div>\n<\/div>\n<\/div>\n<\/div>\n<\/div>\n<\/div>\n<\/div>\n<\/div>\n<\/div>\n<\/div>\n<\/div>\n<\/div>\n<\/div>\n<\/div>\n<\/div>\n<\/div>\n<\/div>\n<\/div>\n<\/div>\n<\/div>\n<\/div>\n<\/div>\n<\/div>\n<\/div>\n<\/div>\n<\/div>\n<\/div>\n<\/div>\n<\/div>\n<\/div>\n<\/div>\n<\/div>\n<\/div>\n<\/div>\n<\/div>\n<\/div>\n<\/div>\n<\/div>\n<\/div>\n<\/div>\n<\/div>\n<\/div>\n<\/div>\n<\/div>\n<\/div>\n<\/div>\n<\/div>\n<\/div>\n<\/div>\n<\/div>\n<\/div>\n<\/div>\n<\/div>\n<\/div>\n<\/div>\n<\/div>\n<\/div>\n<\/div>\n<\/div>\n<\/div>\n<\/div>\n<\/div>\n<\/div>\n<\/div>\n<\/div>\n<\/div>\n<\/div>\n<\/div>\n<\/div>\n<\/div>\n<\/div>\n<\/div>\n<\/div>\n<\/div>\n<\/div>\n<\/div>\n<\/div>\n<\/div>\n<\/div>\n<\/div>\n<\/div>\n<\/div>\n<\/div>\n<\/div>\n<\/div>\n<\/div>\n<\/div>\n<\/div>\n<\/div>\n<\/div>\n<\/div>\n<\/div>\n<\/div>\n<\/div>\n<\/div>\n<\/div>\n<\/div>\n<\/div>\n<\/div>\n<\/div>\n<\/div>\n<\/div>\n<\/div>\n<\/div>\n<\/div>\n<\/div>\n<\/div>\n<\/div>\n<\/div>\n<\/div>\n<\/div>\n<\/div>\n<\/div>\n<\/div>\n<\/div>\n<\/div>\n<\/div>\n<\/div>\n<\/div>\n<\/div>\n<\/div>\n<\/div>\n<\/div>\n<\/div>\n<\/div>\n<\/div>\n<\/div>\n<\/div>\n<\/div>\n<\/div>\n<\/div>\n<\/div>\n<\/div>\n<\/div>\n<\/div>\n<\/div>\n<\/div>\n<\/div>\n<\/div>\n<\/div>\n<\/div>\n<\/div>\n<\/div>\n<\/div>\n<\/div>\n<\/div>\n<\/div>\n<\/div>\n<\/div>\n<\/div>\n<\/div>\n<\/div>\n<\/div>\n<\/div>\n<\/div>\n<\/div>\n<\/div>\n<\/div>\n<\/div>\n<\/div>\n<\/div>\n<\/div>\n<\/div>\n<\/div>\n<\/div>\n<\/div>\n<\/div>\n<\/div>\n<\/div>\n<\/div>\n<\/div>\n<\/div>\n<\/div>\n<\/div>\n<\/div>\n<\/div>\n<\/div>\n<\/div>\n<\/div>\n<\/div>\n<\/div>\n<\/div>\n<\/div>\n<\/div>\n<\/div>\n<\/div>\n<\/div>\n<\/div>\n<\/div>\n<\/div>\n<\/div>\n<\/div>\n<\/div>\n<\/div>\n<\/div>\n<\/div>\n<\/div>\n<\/div>\n<\/div>\n<\/div>\n<\/div>\n<\/div>\n<\/div>\n<\/div>\n<\/div>\n<\/div>\n<\/div>\n<p>&nbsp;<\/p>\n<p><center><b>Sabato 7<\/b><\/center><b>Tempo atteso: <\/b>Cielo ancora molto nuvoloso o coperto con possibili nubi basse associate a foschie o a locali banchi di nebbia nelle ore pi\u00f9 fredde in alcune valli.<br \/>\n<b>Precipitazioni: <\/b>Probabilit\u00e0 medio-alta di precipitazioni deboli, sparse e intermittenti (50-75%), specie al mattino, localmente a carattere di rovescio, associato a qualche sporadico temporale, specie su Prealpi. Limite delle nevicate oltre i 2100\/2300 m, localmente al di sotto dei 2000 m in caso di rovesci; quantitativi in prevalenza modesti dell&#8217;ordine di qualche cm (3-5 cm).<br \/>\n<b>Temperature: <\/b>Minime generalmente stazionarie o in lieve calo nelle valli, massime in lieve o contenuto aumento, specie a fondovalle con escursione termica giornaliere ancora contenuta. Su Prealpi a 1500 m min 5\u00b0, max 8\u00b0; a 2000 m min 2\u00b0, max 4\u00b0. Su Dolomiti a 2000 m min 2\u00b0, max 4\u00b0; a 3000 m min -3\u00b0, max -2\u00b0.<br \/>\n<b>Venti: <\/b>Nelle valli deboli\/moderati per brezze, in quota moderati dai quadranti orientali, a 15-25 km\/h sia a 2000 che a 3000 m.<\/p>\n<hr \/>\n<p><center><b>Domenica 8<\/b><\/center><b>Tempo atteso: <\/b>Cielo ancora molto nuvoloso o coperto, con tempo a tratti lievemente perturbato e con possibili nubi basse, foschie e locali banchi di nebbia nelle ore pi\u00f9 fredde in alcune valli.<br \/>\n<b>Precipitazioni: <\/b>Probabilit\u00e0 medio-alta di precipitazioni sparse e intermittenti anche con qualche rovescio o isolato temporale specie dalle ore centrali e sulle Prealpi, con quantitativi in prevalenza ancora modesti. Limite della neve oltre 2100\/2300 m, localmente anche al di sotto dei 2000 m in caso di rovesci.<br \/>\n<b>Temperature: <\/b>Senza variazioni di rilievo o in lieve aumento le massime. Ancora modesta escursione termica giornaliera. Su Prealpi a 1500 m min 6\u00b0, max 8\u00b0; a 2000 m min 2\u00b0, max 5\u00b0. Su Dolomiti a 2000 m min 3\u00b0, max 6\u00b0; a 3000 m min -4\u00b0, max -2\u00b0.<br \/>\n<b>Venti: <\/b>Nelle valli deboli\/moderati per brezze, in quota ancora moderati dai quadranti orientali, a 15-25 km\/h sia a 2000 che a 3000 m.<\/p>\n<hr \/>\n<p><center><b>Lunedi 9<\/b><\/center>Al mattino, fino a poco dopo l&#8217;alba, sereno o poco nuvoloso con qualche foschia o banco di nebbia in alcune valli; nel corso della mattinata graduale aumento della nuvolosit\u00e0 a sviluppo cumuliforme associata, dalle ore centrali, a qualche precipitazione anche a carattere di rovescio o di sporadico temporale con limite della neve oltre i 2400-2600 m. Temperature in lieve aumento. Venti in quota moderati da nord-est.<\/p>\n<hr \/>\n<p><center><b>Martedi 10<\/b><\/center>Tempo in prevalenza stabile e soleggiato, con addensamenti nuvolosi diurni in prossimit\u00e0 delle cime, generalmente innocui; tuttavia, non si esclude che localmente possano determinare qualche sporadico piovasco, associato a qualche fiocco di neve senza accumuli sulle Dolomiti oltre i 2800 m. Temperature in aumento specie le massime con clima diurno gradevole e temperature nella norma o di qualche grado pi\u00f9 alte. Venti in quota deboli o moderati da nord-est. Previsore: M.Padoan<\/p>\n<p>&nbsp;<\/p>\n<hr \/>\n<p>&nbsp;<\/p>\n<p>&nbsp;<\/p>\n<p><a href=\"https:\/\/www.radiopiu.net\/wordpress\/giornale-radiopiu-26-settembre-2018-direttore-mirko-mezzacasa\/viabilita-2\/\" rel=\"attachment wp-att-61954\"><img loading=\"lazy\" decoding=\"async\" class=\"aligncenter wp-image-61954 size-full\" src=\"https:\/\/www.radiopiu.net\/wordpress\/wp-content\/uploads\/2018\/09\/viabilita.jpeg\" sizes=\"auto, (max-width: 800px) 100vw, 800px\" srcset=\"https:\/\/www.radiopiu.net\/wordpress\/wp-content\/uploads\/2018\/09\/viabilita.jpeg 800w, https:\/\/www.radiopiu.net\/wordpress\/wp-content\/uploads\/2018\/09\/viabilita-300x38.jpeg 300w, https:\/\/www.radiopiu.net\/wordpress\/wp-content\/uploads\/2018\/09\/viabilita-768x96.jpeg 768w\" alt=\"\" width=\"800\" height=\"100\" \/><\/a><\/p>\n<p>&nbsp;<\/p>\n<blockquote class=\"wp-embedded-content\" data-secret=\"0kn5rukvlF\"><p><a href=\"https:\/\/www.radiopiu.net\/wordpress\/viabilita\/\">viabilita<\/a><\/p><\/blockquote>\n<p><iframe loading=\"lazy\" class=\"wp-embedded-content\" sandbox=\"allow-scripts\" security=\"restricted\" style=\"position: absolute; clip: rect(1px, 1px, 1px, 1px);\" title=\"&#8220;viabilita&#8221; &#8212; Radio Pi\u00f9\" src=\"https:\/\/www.radiopiu.net\/wordpress\/viabilita\/embed\/#?secret=iqSxBcyado#?secret=0kn5rukvlF\" data-secret=\"0kn5rukvlF\" width=\"600\" height=\"338\" frameborder=\"0\" marginwidth=\"0\" marginheight=\"0\" scrolling=\"no\"><\/iframe><\/p>\n<p>&nbsp;<\/p>\n<hr \/>\n<p>&nbsp;<\/p>\n<p>&nbsp;<\/p>\n<p><img loading=\"lazy\" decoding=\"async\" class=\"wp-image-60761 size-full aligncenter\" src=\"https:\/\/www.radiopiu.net\/wordpress\/wp-content\/uploads\/2018\/09\/sport.jpg\" alt=\"\" width=\"800\" height=\"100\" srcset=\"https:\/\/www.radiopiu.net\/wordpress\/wp-content\/uploads\/2018\/09\/sport.jpg 800w, https:\/\/www.radiopiu.net\/wordpress\/wp-content\/uploads\/2018\/09\/sport-300x38.jpg 300w, https:\/\/www.radiopiu.net\/wordpress\/wp-content\/uploads\/2018\/09\/sport-768x96.jpg 768w\" sizes=\"auto, (max-width: 800px) 100vw, 800px\" \/><\/p>\n<p>&nbsp;<\/p>\n<blockquote>\n<h3><span style=\"color: #0000ff;\"><strong>MOTORI\u00a0<\/strong><\/span><\/h3>\n<p><a class=\"dt-pswp-item\" href=\"https:\/\/www.radiopiu.net\/wordpress\/wp-content\/uploads\/2022\/05\/2a96a181-a3c5-f0bb-8aa9-8fdb7b8e08e0.jpg\" data-dt-img-description=\"\" data-large_image_width=\"1280\" data-large_image_height=\"720\"><img loading=\"lazy\" decoding=\"async\" class=\" wp-image-274064 alignleft\" src=\"https:\/\/www.radiopiu.net\/wordpress\/wp-content\/uploads\/2022\/05\/2a96a181-a3c5-f0bb-8aa9-8fdb7b8e08e0-150x150.jpg\" alt=\"\" width=\"118\" height=\"118\" \/><\/a>IN PROVA UNDICESIMO TEMPO PER ANDREA FONTANA<\/p><\/blockquote>\n<p><strong>IMOLA<\/strong> \u00c8 iniziata la nuova avventura del pilota Andrea Fontana nella 16^ edizione della Carrera Cup Italia, il monomarca organizzato da Porsche. A Imola le prove libere. Andrea Fontana ha chiuso in 11^ piazza a\u00a0 1&#8221;30 di distacco dalla pole postion conquistata da Diego Bertonelli. Fontana ha eseguito 24 giri per cercare di testare quanto pi\u00f9 possibile la nuova vettura. Oggi spazio alle qualificazioni dalle 9.50 alle 10.30, alle 16 sar\u00e0 invece la volta di gara 1. Domani alle 12. 30 spazio a gara 2. Il Carrera Cup \u00e8 un campionato che vede al via\u00a0 37 vetture. Le gare di Imola saranno trasmesse in diretta televisiva, oggi\u00a0 su Sky Sport Collection e domani\u00a0 su Sky Sport Arena e Cielo.<\/p>\n<p>&nbsp;<\/p>\n<p>&nbsp;<\/p>\n<hr \/>\n<p>&nbsp;<\/p>\n<p><span style=\"color: #0000ff;\"><strong>CALCIO\u00a0\u00a0<\/strong><\/span><\/p>\n<blockquote>\n<h3>ULTIMA PARTITA IN CASA DELLA STAGIONE PER L\u2019AGORDINA CHE OSPITA IL CASTION<\/h3>\n<\/blockquote>\n<p><strong><a class=\"dt-pswp-item\" href=\"https:\/\/www.radiopiu.net\/wordpress\/wp-content\/uploads\/2021\/10\/CALCIO-2021.jpg\" data-dt-img-description=\"\" data-large_image_width=\"1920\" data-large_image_height=\"1280\"><img loading=\"lazy\" decoding=\"async\" class=\"size-thumbnail wp-image-235116 alignleft\" src=\"https:\/\/www.radiopiu.net\/wordpress\/wp-content\/uploads\/2021\/10\/CALCIO-2021-150x150.jpg\" alt=\"\" width=\"150\" height=\"150\" \/><\/a>AGORDO<\/strong> Sta per volgere al termine anche la stagione delle squadre dell\u2019Agordina Calcio. Nel fine settimana in campo le tre squadre giovanili e la prima squadra. Nel pomeriggio di oggi in campo i Giovanissimi Provinciali di De Bastiani che giocheranno in trasferta contro il Longarone. Trasferta in terra trevigiana per la Juniores Regionale di Roberto Fontanive che andr\u00e0 alla ricerca di punti importanti nella sfida contro l\u2019Ardita Breda nel pomeriggio odierno. Domani mattina sar\u00e0 il turno degli Allievi Regionali di Renato Orzetti che all\u2019Ivano Dorigo di Agordo ospiteranno alle 10:30 la Dolomiti Accademy in un derby di tutto rispetto. La prima squadra giocher\u00e0 l\u2019ultima sfida in casa della stagione. Domani alle 16:30 \u00e8 in programma la penultima giornata del campionato di Seconda Categoria girone T del Veneto e all\u2019Ivano Dorigo di Agordo arriver\u00e0 il Castion. Una passerella di di fine stagione per entrambe le compagini che ormai hanno raggiunto la salvezza matematica da alcune partite. Domani, sempre alle 16:30, in campo anche le ragazze del Keralpen che scenderanno in campo per la seconda giornata della seconda fase del campionato Eccellenza Femminile. Per le bellunesi trasferta contro il Vallafranchese. Domani alle 16:30 su Radio Pi\u00f9 l\u2019appuntamento con \u201cDomenica Pi\u00f9 Sport\u201d per seguire in diretta l\u2019Agordina.<\/p>\n<p>&nbsp;<\/p>\n<p>&nbsp;<\/p>\n<blockquote>\n<h3>STASERA LA PRESENTAZIONE DEL CAMPIONATO AGORDINO DI CALCIO 2022<\/h3>\n<\/blockquote>\n<p><strong><a class=\"dt-pswp-item\" href=\"https:\/\/www.radiopiu.net\/wordpress\/wp-content\/uploads\/2022\/05\/CAMP-AGO-2022.jpg\" data-dt-img-description=\"\" data-large_image_width=\"1024\" data-large_image_height=\"1012\"><img loading=\"lazy\" decoding=\"async\" class=\"size-thumbnail wp-image-274172 alignleft\" src=\"https:\/\/www.radiopiu.net\/wordpress\/wp-content\/uploads\/2022\/05\/CAMP-AGO-2022-150x150.jpg\" alt=\"\" width=\"150\" height=\"150\" \/><\/a>AGORDO<\/strong> \u00c8 tutto pronto per il primo vero appuntamento del Campionato Agordino targato 2022. Il campionato della \u201cripartenza\u201d come ha voluto definirlo il responsabile del Comitato Calcio Agordino Andrea Baldassi. Questa sera tutti al Caff\u00e8 Miniere di Agordo per la presentazione ufficiale del torneo. La serata avr\u00e0 inizio alle 19 con l\u2019aperitivo in musica a cura di DJ Jack. Un avvicinamento al momento clou della serata quando, alle 20:30 sotto al portico di Piazza Libert\u00e0, ci sar\u00e0 la presentazione delle 13 squadre iscritte al Campionato Agordino. Nella serata presentata da Radio Pi\u00f9, oltre alla presentazione delle compagini agordine, ci sar\u00e0 anche l\u2019estrazione dei gironi. Due gironi uno da 7 squadre e uno da 6, e sar\u00e0 compito delle vallette estrarre gli abbinamenti. La presentazione si concluder\u00e0 con l\u2019annuncio dei campi che ospiteranno quarti di finale, semifinale e finalissima del Memorial Denis Tonin. Dopo toccher\u00e0 a DJ Jack che animer\u00e0 la serata con la sua musica. Gli appassionati del Campionato Agordino di calcio potranno seguire in diretta la serata sulle frequenze di Radio Pi\u00f9 a partire dalle 20:30.<\/p>\n<p><strong>LA PRESENTAZIONE DELLE SQUADRE<\/strong><\/p>\n<blockquote class=\"wp-embedded-content\" data-secret=\"ZaGKWn7x3g\"><p><a href=\"https:\/\/www.radiopiu.net\/wordpress\/campionato-agordino-2022-ogni-giorno-una-squadra-ok\/\">CAMPIONATO AGORDINO 2022, OGNI GIORNO UNA SQUADRA. IL CAMMINO DI AVVICINAMENTO ALLA PRESENTAZIONE DEL 7 MAGGIO<\/a><\/p><\/blockquote>\n<p><iframe loading=\"lazy\" class=\"wp-embedded-content\" sandbox=\"allow-scripts\" security=\"restricted\" style=\"position: absolute; clip: rect(1px, 1px, 1px, 1px);\" title=\"&#8220;CAMPIONATO AGORDINO 2022, OGNI GIORNO UNA SQUADRA. IL CAMMINO DI AVVICINAMENTO ALLA PRESENTAZIONE DEL 7 MAGGIO&#8221; &#8212; Radio Pi\u00f9\" src=\"https:\/\/www.radiopiu.net\/wordpress\/campionato-agordino-2022-ogni-giorno-una-squadra-ok\/embed\/#?secret=BBwTAOUfy3#?secret=ZaGKWn7x3g\" data-secret=\"ZaGKWn7x3g\" width=\"600\" height=\"338\" frameborder=\"0\" marginwidth=\"0\" marginheight=\"0\" scrolling=\"no\"><\/iframe><\/p>\n<p>&nbsp;<\/p>\n<\/div>\n<\/div>\n<\/div>\n<\/div>\n<\/div>\n<\/div>\n<\/div>\n<\/div>\n<\/div>\n<\/div>\n<\/div>\n<\/div>\n<\/div>\n<\/div>\n<\/div>\n<\/div>\n<\/div>\n<\/div>\n<\/div>\n<\/div>\n<\/div>\n<\/div>\n<\/div>\n<\/div>\n<\/div>\n<\/div>\n<\/div>\n<\/div>\n<\/div>\n<\/div>\n<\/div>\n<\/div>\n<\/div>\n<\/div>\n<\/div>\n<\/div>\n<\/div>\n<\/div>\n<\/div>\n<\/div>\n<\/div>\n<\/div>\n<\/div>\n<\/div>\n<\/div>\n<\/div>\n<\/div>\n<\/div>\n<\/div>\n<\/div>\n<\/div>\n<\/div>\n<\/div>\n<\/div>\n<\/div>\n<\/div>\n<\/div>\n<\/div>\n<\/div>\n<\/div>\n<\/div>\n<\/div>\n<\/div>\n<\/div>\n<\/div>\n<\/div>\n<\/div>\n<\/div>\n<\/div>\n<\/div>\n<\/div>\n<\/div>\n<\/div>\n<\/div>\n<\/div>\n<\/div>\n<\/div>\n<\/div>\n<\/div>\n<\/div>\n<\/div>\n<\/div>\n<\/div>\n<\/div>\n<\/div>\n<\/div>\n<\/div>\n<\/div>\n<\/div>\n<\/div>\n<\/div>\n<\/div>\n<\/div>\n<\/div>\n<\/div>\n<\/div>\n<\/div>\n<\/div>\n<\/div>\n<\/div>\n<\/div>\n<\/div>\n<\/div>\n<\/div>\n<\/div>\n","protected":false},"excerpt":{"rendered":"<p>RADIO PIU INFORMAZIONE il canale su TELEGRAM informazione di prima\u00a0 mano e in tempo reale. iscriviti ed aiutaci a farlo conoscere\u00a0 \u00a0 UN&#8217;ESERCITAZIONE DEI CACCIATORI AI CONFINI DEL PARCO- ZONA UNESCO Domani\u00a0 a La Valle Agordina &#8211; la prossima domenica\u00a0 in caso di maltempo &#8211; verr\u00e0 chiusa l\u2019Alta via n. 1 dal Passo Duran al&hellip;<\/p>\n","protected":false},"author":4,"featured_media":274192,"comment_status":"closed","ping_status":"closed","sticky":false,"template":"","format":"standard","meta":{"_monsterinsights_skip_tracking":false,"_monsterinsights_sitenote_active":false,"_monsterinsights_sitenote_note":"","_monsterinsights_sitenote_category":0,"footnotes":""},"categories":[51,86,49],"tags":[],"class_list":["post-274061","post","type-post","status-publish","format-standard","has-post-thumbnail","hentry","category-evidenza-top","category-gr","category-news-18","category-51","category-86","category-49","description-off"],"img_url":"https:\/\/www.radiopiu.net\/wordpress\/wp-content\/uploads\/2022\/05\/280093791_538642357647098_4223169441226422952_n.jpg","_links":{"self":[{"href":"https:\/\/www.radiopiu.net\/wordpress\/wp-json\/wp\/v2\/posts\/274061","targetHints":{"allow":["GET"]}}],"collection":[{"href":"https:\/\/www.radiopiu.net\/wordpress\/wp-json\/wp\/v2\/posts"}],"about":[{"href":"https:\/\/www.radiopiu.net\/wordpress\/wp-json\/wp\/v2\/types\/post"}],"author":[{"embeddable":true,"href":"https:\/\/www.radiopiu.net\/wordpress\/wp-json\/wp\/v2\/users\/4"}],"replies":[{"embeddable":true,"href":"https:\/\/www.radiopiu.net\/wordpress\/wp-json\/wp\/v2\/comments?post=274061"}],"version-history":[{"count":0,"href":"https:\/\/www.radiopiu.net\/wordpress\/wp-json\/wp\/v2\/posts\/274061\/revisions"}],"wp:featuredmedia":[{"embeddable":true,"href":"https:\/\/www.radiopiu.net\/wordpress\/wp-json\/wp\/v2\/media\/274192"}],"wp:attachment":[{"href":"https:\/\/www.radiopiu.net\/wordpress\/wp-json\/wp\/v2\/media?parent=274061"}],"wp:term":[{"taxonomy":"category","embeddable":true,"href":"https:\/\/www.radiopiu.net\/wordpress\/wp-json\/wp\/v2\/categories?post=274061"},{"taxonomy":"post_tag","embeddable":true,"href":"https:\/\/www.radiopiu.net\/wordpress\/wp-json\/wp\/v2\/tags?post=274061"}],"curies":[{"name":"wp","href":"https:\/\/api.w.org\/{rel}","templated":true}]}}