{"id":274067,"date":"2022-05-07T04:56:12","date_gmt":"2022-05-07T02:56:12","guid":{"rendered":"https:\/\/www.radiopiu.net\/wordpress\/?p=274067"},"modified":"2022-05-07T05:40:25","modified_gmt":"2022-05-07T03:40:25","slug":"fontana2a","status":"publish","type":"post","link":"https:\/\/www.radiopiu.net\/wordpress\/fontana2a\/","title":{"rendered":"IN PROVA UNDICESIMO TEMPO PER ANDREA FONTANA\u00a0\u00a0"},"content":{"rendered":"<blockquote>\n<h3><span style=\"color: #0000ff;\"><strong>MOTORI\u00a0<\/strong><\/span><\/p>\n<p><a class=\"dt-pswp-item\" href=\"https:\/\/www.radiopiu.net\/wordpress\/wp-content\/uploads\/2022\/05\/2a96a181-a3c5-f0bb-8aa9-8fdb7b8e08e0.jpg\" data-dt-img-description=\"\" data-large_image_width=\"1280\" data-large_image_height=\"720\"><img loading=\"lazy\" decoding=\"async\" class=\" wp-image-274064 alignleft\" src=\"https:\/\/www.radiopiu.net\/wordpress\/wp-content\/uploads\/2022\/05\/2a96a181-a3c5-f0bb-8aa9-8fdb7b8e08e0-150x150.jpg\" alt=\"\" width=\"118\" height=\"118\" \/><\/a><\/h3>\n<\/blockquote>\n<p><strong>IMOLA<\/strong> \u00c8 iniziata la nuova avventura del pilota Andrea Fontana nella 16^ edizione della Carrera Cup Italia, il monomarca organizzato da Porsche. A Imola le prove libere. Andrea Fontana ha chiuso in 11^ piazza a\u00a0 1&#8221;30 di distacco dalla pole postion conquistata da Diego Bertonelli. Fontana ha eseguito 24 giri per cercare di testare quanto pi\u00f9 possibile la nuova vettura. Oggi spazio alle qualificazioni dalle 9.50 alle 10.30, alle 16 sar\u00e0 invece la volta di gara 1. Domani alle 12. 30 spazio a gara 2. Il Carrera Cup \u00e8 un campionato che vede al via\u00a0 37 vetture. Le gare di Imola saranno trasmesse in diretta televisiva, oggi\u00a0 su Sky Sport Collection e domani\u00a0 su Sky Sport Arena e Cielo.<\/p>\n<p>&nbsp;<\/p>\n<p>&nbsp;<\/p>\n<hr \/>\n<p>&nbsp;<\/p>\n<p><span style=\"color: #ff0000;\">IERI ALLA RADIO<\/span><\/p>\n<blockquote>\n<h3>FONTANA ALL&#8217;INIZIO DI UNA NUOVA STAGIONE<\/h3>\n<\/blockquote>\n<p><em><span class=\"\">Il pilota bellunese Andrea Fontana scender\u00e0 in pista per difendere i colori di Bonaldi Motorsport nella Carrera Cup Italia che riaccende i motori questo fine settimana sul circuito di Imola.<\/span><\/em><br class=\"\" \/><br class=\"\" \/><span class=\"\">Quella che parte questo fine settimana sul circuito di Imola sara\u0300 l\u2019edizione numero sedici della Carrera Cup Italia, il monomarca organizzato da Porsche Italia che ormai rappresenta a livello nazionale uno dei campionati di riferimento per professionalita\u0300 e competitivita\u0300. Bonaldi Motorsport rilancia la sfida e lo fa con un nuovo pilota: sara\u0300, infatti, il bellunese Andrea Fontana a sedersi sulla nuova 992 che sfoggia come sempre la livrea nero-giallo-rossa. Classe 1996, Fontana ha gia\u0300 corso in Carrera Cup Italia nella stagione 2015 in cui da giovanissimo ha saputo mettersi in mostra nell\u2019ambito del Porsche Scholarship Programme. Quest&#8217;anno invece sar\u00e0 una sfida tutta nuova con l&#8217;arrivo del\u00a0nuovo modello di Stoccarda, la 992 GT3 CUP, caratterizzata dall&#8217; assenza dagli\u00a0ausili\u00a0elettronici\u00a0come ABS e controllo di trazione e che quindi lascia al pilota il controllo totale della vettura.\u00a0\u00a0<\/span><\/p>\n<p><span class=\"\"><strong class=\"\">PROGRAMMA DEL WEEKEND <\/strong><strong class=\"\">venerdi 6 maggio <\/strong>-dalle ore 15.50 alle ore 17.10 prove libere; <strong class=\"\">sabato 7 maggio <\/strong>-dalle ore 9.50 alle 10.30 prove di qualificazione; &#8211; alle ore 16.00 invece scatter\u00e0 Gara 1; <strong class=\"\">domenica 8 maggio <\/strong>&#8211; alle ore 12.30 invece scatter\u00e0 Gara 2; Confermate a livello di <strong class=\"\">copertura televisiva <\/strong>le dirette trasmesse dalla piattaforma Sky: in particolare la <strong class=\"\">gara di sabato<\/strong> sara\u0300 trasmessa in <strong class=\"\">diretta su Sky Sport Collection (ch. 205)<\/strong>, quella della <strong class=\"\">domenica da Sky Sport Arena\u00a0<\/strong>(ch. 204) e da<strong class=\"\"> Cielo<\/strong> (ch. 26 digitale terrestre).<\/span><span class=\"\"><span class=\"\" style=\"color: #ffffff; font-family: lato, helvetica neue, helvetica, arial, sans-serif;\">N A<\/span><\/span><\/p>\n<p><span style=\"color: #0000ff;\"><strong>\u00a0 \u00a0\u00a0<\/strong><\/span><\/p>\n<hr \/>\n<p>&nbsp;<\/p>\n","protected":false},"excerpt":{"rendered":"<p>MOTORI\u00a0 IMOLA \u00c8 iniziata la nuova avventura del pilota Andrea Fontana nella 16^ edizione della Carrera Cup Italia, il monomarca organizzato da Porsche. A Imola le prove libere. Andrea Fontana ha chiuso in 11^ piazza a\u00a0 1&#8221;30 di distacco dalla pole postion conquistata da Diego Bertonelli. Fontana ha eseguito 24 giri per cercare di testare&hellip;<\/p>\n","protected":false},"author":4,"featured_media":274064,"comment_status":"closed","ping_status":"closed","sticky":false,"template":"","format":"standard","meta":{"_monsterinsights_skip_tracking":false,"_monsterinsights_sitenote_active":false,"_monsterinsights_sitenote_note":"","_monsterinsights_sitenote_category":0,"footnotes":""},"categories":[104,49],"tags":[],"class_list":["post-274067","post","type-post","status-publish","format-standard","has-post-thumbnail","hentry","category-evidenza_3","category-news-18","category-104","category-49","description-off"],"img_url":"https:\/\/www.radiopiu.net\/wordpress\/wp-content\/uploads\/2022\/05\/2a96a181-a3c5-f0bb-8aa9-8fdb7b8e08e0.jpg","_links":{"self":[{"href":"https:\/\/www.radiopiu.net\/wordpress\/wp-json\/wp\/v2\/posts\/274067","targetHints":{"allow":["GET"]}}],"collection":[{"href":"https:\/\/www.radiopiu.net\/wordpress\/wp-json\/wp\/v2\/posts"}],"about":[{"href":"https:\/\/www.radiopiu.net\/wordpress\/wp-json\/wp\/v2\/types\/post"}],"author":[{"embeddable":true,"href":"https:\/\/www.radiopiu.net\/wordpress\/wp-json\/wp\/v2\/users\/4"}],"replies":[{"embeddable":true,"href":"https:\/\/www.radiopiu.net\/wordpress\/wp-json\/wp\/v2\/comments?post=274067"}],"version-history":[{"count":0,"href":"https:\/\/www.radiopiu.net\/wordpress\/wp-json\/wp\/v2\/posts\/274067\/revisions"}],"wp:featuredmedia":[{"embeddable":true,"href":"https:\/\/www.radiopiu.net\/wordpress\/wp-json\/wp\/v2\/media\/274064"}],"wp:attachment":[{"href":"https:\/\/www.radiopiu.net\/wordpress\/wp-json\/wp\/v2\/media?parent=274067"}],"wp:term":[{"taxonomy":"category","embeddable":true,"href":"https:\/\/www.radiopiu.net\/wordpress\/wp-json\/wp\/v2\/categories?post=274067"},{"taxonomy":"post_tag","embeddable":true,"href":"https:\/\/www.radiopiu.net\/wordpress\/wp-json\/wp\/v2\/tags?post=274067"}],"curies":[{"name":"wp","href":"https:\/\/api.w.org\/{rel}","templated":true}]}}