{"id":274111,"date":"2022-05-07T05:48:01","date_gmt":"2022-05-07T03:48:01","guid":{"rendered":"https:\/\/www.radiopiu.net\/wordpress\/?p=274111"},"modified":"2022-05-07T06:10:06","modified_gmt":"2022-05-07T04:10:06","slug":"274111-2","status":"publish","type":"post","link":"https:\/\/www.radiopiu.net\/wordpress\/274111-2\/","title":{"rendered":"FONDI DEI COMUNI DI CONFINE, IL CONSIGLIERE SILVANO SAVIO RISPONDE A FAVRETTI"},"content":{"rendered":"<p><strong>AGORDO<\/strong> L&#8217;ultimo consiglio comunale di Agordo \u00e8 stato &#8220;vivacizzato&#8221; dall&#8217;infuocato intervento del vice sindaco Giulio Favretti, oggi pubblichiamo l&#8217;intervento del consigliere comunale Silvano Savio a\u00a0seguito dell\u2019intervento dell\u2019assessore in merito alla gestione dei fondi di confine.<\/p>\n<p>&nbsp;<\/p>\n<blockquote>\n<h3><strong>L\u2019autonomia non si applica, si esercita!\u00a0<\/strong><\/h3>\n<\/blockquote>\n<p><strong>di Silvano Savio<\/strong><\/p>\n<blockquote><p><em><img loading=\"lazy\" decoding=\"async\" class=\"alignleft\" src=\"https:\/\/www.radiopiu.net\/wordpress\/wp-content\/uploads\/2021\/02\/71784bc3-f71e-47de-bda2-16363539ce3c.jpg\" width=\"175\" height=\"191\" \/>&#8220;Concordo con Giulio Favretti\u00a0 circa la difficolt\u00e0 gestionale del denaro e la sensazione comune \u00e8 quella che spesso venga inseguito pi\u00f9 il sentimento di un\u2019ansia da prestazione che di una vera programmazione economico\/territoriale; gli Uffici Tecnici Comunali non sono in grado di gestire l\u2019iter burocratico e i vari progetti sono gestiti spesso in modo inadeguato e poco lungimirante, in assenza innanzitutto di un gioco di squadra. Bolzano ha lamentato e messo in evidenza pi\u00f9 volte questo aspetto, anche per voce dello storico presidente provinciale Lujs Durnwalder.\u00a0 A suo tempo era stata avanzata una proposta molto valida e che si concretizzerebbe nella creazione di un Ufficio Tecnico in seno all\u2019Unione Montana, formato da una squadra di giovani laureati in ingegneria, ingegneria naturalistica, agronomia\/forestale, architettura del territorio, ecc. con l\u2019incarico di produrre studi di fattibilit\u00e0 a tutto tondo e fare in modo che in sede politica si possano prendere le decisioni finali, avendo di fronte \u201cl\u2019imbarazzo della scelta\u201d di volta in volta, negli svariati progetti messi in campo.\u00a0 L\u2019Europarlamentare Herbert Dorfmann si era impegnato ad organizzare la formazione della squadra portando gli interessati , gratuitamente, a Bruxelles negli Uffici del Parlamento Europeo per un anno di formazione professionale, allo scopo di ottenere le opportune nozioni di carattere tecnico\/burocratico in quanto in gioco non ci sono solamente i fondi di confine ma anche fondi europei che spesso vengono elusi per mancanza di conoscenza e di comunicazione.\u00a0 In merito ai fondi di confine, che all\u2019origine si chiamavano \u201cfondi Brancher\u201d \u00e8 opportuno ricordare che sono scaturiti a seguito dell\u2019iniziativa di squadre di giovani e comuni cittadini che a suo tempo hanno promosso dei referendum nei comuni confinanti con il Trentino e Alto Adige per il passaggio in quelle Terre. Queste azioni hanno creato molta preoccupazione in sede istituzionale, nel timore che succedesse un fuggi fuggi generale dal Veneto, quello che poi \u00e8 successo a Sappada. L\u2019azione politica successiva ha creato un effetto anestetico attraverso i fondi di confine ma un viziato giro di denaro che crea ancora una volta disparit\u00e0 territoriali tra paesi confinanti di serie A, serie B e chi \u201cnon confina con nessuno\u201d, spostando ricchezze da realt\u00e0 che godono giustamente di una piena autonomia verso, territori come il Bellunese che producono ricchezza ma che ne hanno la disponibilit\u00e0 solo con il cappello in mano&#8221;.\u00a0<\/em><\/p><\/blockquote>\n<p>&nbsp;<\/p>\n<p><strong>ARCHIVIO RADIO PIU&#8217;, pubblicato il 5 maggio nel notiziario principale<\/strong><\/p>\n<blockquote class=\"wp-embedded-content\" data-secret=\"HfZejfJOfJ\"><p><a href=\"https:\/\/www.radiopiu.net\/wordpress\/fondi-di-confine-favretti-chiede-di-utilizzare-i-soldi-o-restituirli-e-ridistribuirli-agli-altri-comuni\/\">FONDI DI CONFINE. FAVRETTI CHIEDE DI UTILIZZARE I SOLDI O RESTITUIRLI E RIDISTRIBUIRLI AGLI ALTRI COMUNI<\/a><\/p><\/blockquote>\n<p><iframe loading=\"lazy\" class=\"wp-embedded-content\" sandbox=\"allow-scripts\" security=\"restricted\" style=\"position: absolute; clip: rect(1px, 1px, 1px, 1px);\" title=\"&#8220;FONDI DI CONFINE. FAVRETTI CHIEDE DI UTILIZZARE I SOLDI O RESTITUIRLI E RIDISTRIBUIRLI AGLI ALTRI COMUNI&#8221; &#8212; Radio Pi\u00f9\" src=\"https:\/\/www.radiopiu.net\/wordpress\/fondi-di-confine-favretti-chiede-di-utilizzare-i-soldi-o-restituirli-e-ridistribuirli-agli-altri-comuni\/embed\/#?secret=yKUQm9glZU#?secret=HfZejfJOfJ\" data-secret=\"HfZejfJOfJ\" width=\"600\" height=\"338\" frameborder=\"0\" marginwidth=\"0\" marginheight=\"0\" scrolling=\"no\"><\/iframe><\/p>\n<p>&nbsp;<\/p>\n<p><strong>IL CONSIGLIO COMUNALE DI AGORDO DEL 27 APRILE<\/strong><\/p>\n<p><span style=\"color: #ff0000;\">l&#8217;intervento di Favretti sui fondi di confine attorno al minuto: 2ore37minuti\u00a0<\/span><\/p>\n<p>All\u2019atto della presentazione del documento unico di programmazione il vice sindaco Giulio Favretti ha criticato i sindaci\u00a0<em>\u201cmassoni\u201d<\/em>\u00a0che non sono chiari sui fondi di confine. Un duro sfogo su due argomenti: la riqualificazione dell\u2019ex istituto minerario<em>\u00a0\u201cO le cose si risolvono o io tra un mese me ne vado\u201d<\/em>\u00a0e sul PalaNarae\u00a0<em>\u201cSi diceva che c\u2019erano i soldi di Luxottica per il recupero, ma tutto tace. Da anni quella struttura \u00e8 chiusa, o si prendono le decisioni o che Luxottica se lo riprenda quel palazzetto inutilizzato, questo \u00e8 quanto chiedo all\u2019Unione Montana Agordina proprietaria dell\u2019immobile\u201d.<\/em><\/p>\n<blockquote class=\"wp-embedded-content\" data-secret=\"idRhnakPsU\"><p><a href=\"https:\/\/www.radiopiu.net\/wordpress\/diretta-radio-piu-consiglio-comunale-di-agordo-canali-telegram-facebook\/\">DIRETTA RADIO PIU &#8211; CONSIGLIO COMUNALE DI AGORDO<\/a><\/p><\/blockquote>\n<p><iframe loading=\"lazy\" class=\"wp-embedded-content\" sandbox=\"allow-scripts\" security=\"restricted\" style=\"position: absolute; clip: rect(1px, 1px, 1px, 1px);\" title=\"&#8220;DIRETTA RADIO PIU &#8211; CONSIGLIO COMUNALE DI AGORDO&#8221; &#8212; Radio Pi\u00f9\" src=\"https:\/\/www.radiopiu.net\/wordpress\/diretta-radio-piu-consiglio-comunale-di-agordo-canali-telegram-facebook\/embed\/#?secret=RrGOHp38PF#?secret=idRhnakPsU\" data-secret=\"idRhnakPsU\" width=\"600\" height=\"338\" frameborder=\"0\" marginwidth=\"0\" marginheight=\"0\" scrolling=\"no\"><\/iframe><\/p>\n<p>&nbsp;<\/p>\n<p>____<\/p>\n","protected":false},"excerpt":{"rendered":"<p>AGORDO L&#8217;ultimo consiglio comunale di Agordo \u00e8 stato &#8220;vivacizzato&#8221; dall&#8217;infuocato intervento del vice sindaco Giulio Favretti, oggi pubblichiamo l&#8217;intervento del consigliere comunale Silvano Savio a\u00a0seguito dell\u2019intervento dell\u2019assessore in merito alla gestione dei fondi di confine. &nbsp; L\u2019autonomia non si applica, si esercita!\u00a0 di Silvano Savio &#8220;Concordo con Giulio Favretti\u00a0 circa la difficolt\u00e0 gestionale del denaro&hellip;<\/p>\n","protected":false},"author":4,"featured_media":193172,"comment_status":"closed","ping_status":"closed","sticky":false,"template":"","format":"standard","meta":{"_monsterinsights_skip_tracking":false,"_monsterinsights_sitenote_active":false,"_monsterinsights_sitenote_note":"","_monsterinsights_sitenote_category":0,"footnotes":""},"categories":[51,49],"tags":[],"class_list":["post-274111","post","type-post","status-publish","format-standard","has-post-thumbnail","hentry","category-evidenza-top","category-news-18","category-51","category-49","description-off"],"img_url":"https:\/\/www.radiopiu.net\/wordpress\/wp-content\/uploads\/2021\/02\/71784bc3-f71e-47de-bda2-16363539ce3c.jpg","_links":{"self":[{"href":"https:\/\/www.radiopiu.net\/wordpress\/wp-json\/wp\/v2\/posts\/274111","targetHints":{"allow":["GET"]}}],"collection":[{"href":"https:\/\/www.radiopiu.net\/wordpress\/wp-json\/wp\/v2\/posts"}],"about":[{"href":"https:\/\/www.radiopiu.net\/wordpress\/wp-json\/wp\/v2\/types\/post"}],"author":[{"embeddable":true,"href":"https:\/\/www.radiopiu.net\/wordpress\/wp-json\/wp\/v2\/users\/4"}],"replies":[{"embeddable":true,"href":"https:\/\/www.radiopiu.net\/wordpress\/wp-json\/wp\/v2\/comments?post=274111"}],"version-history":[{"count":0,"href":"https:\/\/www.radiopiu.net\/wordpress\/wp-json\/wp\/v2\/posts\/274111\/revisions"}],"wp:featuredmedia":[{"embeddable":true,"href":"https:\/\/www.radiopiu.net\/wordpress\/wp-json\/wp\/v2\/media\/193172"}],"wp:attachment":[{"href":"https:\/\/www.radiopiu.net\/wordpress\/wp-json\/wp\/v2\/media?parent=274111"}],"wp:term":[{"taxonomy":"category","embeddable":true,"href":"https:\/\/www.radiopiu.net\/wordpress\/wp-json\/wp\/v2\/categories?post=274111"},{"taxonomy":"post_tag","embeddable":true,"href":"https:\/\/www.radiopiu.net\/wordpress\/wp-json\/wp\/v2\/tags?post=274111"}],"curies":[{"name":"wp","href":"https:\/\/api.w.org\/{rel}","templated":true}]}}