{"id":274165,"date":"2022-05-06T14:45:37","date_gmt":"2022-05-06T12:45:37","guid":{"rendered":"https:\/\/www.radiopiu.net\/wordpress\/?p=274165"},"modified":"2022-05-06T14:45:37","modified_gmt":"2022-05-06T12:45:37","slug":"grazie-ai-fondi-del-pnrr-futuro-assicurato-per-il-negrelli-di-feltre","status":"publish","type":"post","link":"https:\/\/www.radiopiu.net\/wordpress\/grazie-ai-fondi-del-pnrr-futuro-assicurato-per-il-negrelli-di-feltre\/","title":{"rendered":"GRAZIE AI FONDI DEL PNRR FUTURO ASSICURATO PER IL NEGRELLI DI FELTRE"},"content":{"rendered":"<p><strong><a class=\"dt-pswp-item\" href=\"https:\/\/www.radiopiu.net\/wordpress\/wp-content\/uploads\/2022\/05\/Staff-edilizia-scolastica_2-scaled.jpg\" data-dt-img-description=\"\" data-large_image_width=\"2560\" data-large_image_height=\"1920\"><img loading=\"lazy\" decoding=\"async\" class=\"alignleft wp-image-274166 \" src=\"https:\/\/www.radiopiu.net\/wordpress\/wp-content\/uploads\/2022\/05\/Staff-edilizia-scolastica_2-300x225.jpg\" alt=\"\" width=\"323\" height=\"242\" srcset=\"https:\/\/www.radiopiu.net\/wordpress\/wp-content\/uploads\/2022\/05\/Staff-edilizia-scolastica_2-300x225.jpg 300w, https:\/\/www.radiopiu.net\/wordpress\/wp-content\/uploads\/2022\/05\/Staff-edilizia-scolastica_2-1024x768.jpg 1024w, https:\/\/www.radiopiu.net\/wordpress\/wp-content\/uploads\/2022\/05\/Staff-edilizia-scolastica_2-768x576.jpg 768w, https:\/\/www.radiopiu.net\/wordpress\/wp-content\/uploads\/2022\/05\/Staff-edilizia-scolastica_2-1536x1152.jpg 1536w, https:\/\/www.radiopiu.net\/wordpress\/wp-content\/uploads\/2022\/05\/Staff-edilizia-scolastica_2-2048x1536.jpg 2048w\" sizes=\"auto, (max-width: 323px) 100vw, 323px\" \/><\/a>BELLUNO<\/strong> La Provincia di Belluno si \u00e8 aggiudicata il bando Pnrr presentato per l\u2019istituto Negrelli di Feltre. Finanziato interamente l\u2019intervento previsto, per un valore di 15,9 milioni di euro. Si tratta del primo progetto avanzato dagli uffici di Palazzo Piloni sul fronte del Piano nazionale di ripresa e resilienza, e nella graduatoria finale \u00e8 stata premiata la qualit\u00e0 della proposta. Infatti, a livello regionale solo due progetti sono stati finanziati alle Province (l\u2019altro \u00e8 stato avanzato da Treviso), e quello del Negrelli \u00e8 il pi\u00f9 sostanzioso. Per la sede dell&#8217;Iti Negrelli-Forcellini di Feltre, la Provincia aveva previsto un\u2019operazione di demolizione e ricostruzione. La struttura attuale infatti presenta alcuni problemi difficilmente risolvibili attraverso una riqualificazione dell\u2019esistente: la carenza di aule, l\u2019assenza dell\u2019aula magna, criticit\u00e0 importanti sul fronte del consumo energetico e costi importanti di adeguamento sismico e adeguamento normativo. Le stime di intervento sugli edifici attuali prevedevano un costo eccessivo e tempi di intervento molto lunghi (nell\u2019ordine di 4\/5 anni). Pertanto, \u00e8 stata scelta la via della ricostruzione ex novo sullo stesso sito, a seguito di demolizione. Un\u2019operazione da 15,9 milioni di euro, che \u00e8 stata apprezzata dalla commissione ministeriale. Il bando Pnrr fissa la conclusione dei lavori entro la primavera 2026. L\u2019iter, adesso, prevede un concorso bandito direttamente dal Ministero dell\u2019Istruzione per la predisposizione del progetto. Al vincitore verr\u00e0 affidata la progettazione definitiva dell\u2019intervento, poi verr\u00e0 appaltata l\u2019opera. <em>\u00abI nostri uffici presumono di avviare i lavori entro il 2024, per portare a conclusione l\u2019operazione nel corso del 2025 &#8211; spiega la vice presidente della Provincia Lucia Da Rold -. L\u2019area \u00e8 particolarmente vasta e consentir\u00e0 di realizzare la nuova scuola prima di procedere con la demolizione della vecchia struttura. In questo modo si evitano disagi agli studenti e al personale scolastico, semplificando al massimo anche eventuali spostamenti logistici\u00bb. (foto staff edilizia scolastica)<\/em><\/p>\n<p>&nbsp;<\/p>\n","protected":false},"excerpt":{"rendered":"<p>BELLUNO La Provincia di Belluno si \u00e8 aggiudicata il bando Pnrr presentato per l\u2019istituto Negrelli di Feltre. Finanziato interamente l\u2019intervento previsto, per un valore di 15,9 milioni di euro. Si tratta del primo progetto avanzato dagli uffici di Palazzo Piloni sul fronte del Piano nazionale di ripresa e resilienza, e nella graduatoria finale \u00e8 stata&hellip;<\/p>\n","protected":false},"author":4,"featured_media":274166,"comment_status":"closed","ping_status":"closed","sticky":false,"template":"","format":"standard","meta":{"_monsterinsights_skip_tracking":false,"_monsterinsights_sitenote_active":false,"_monsterinsights_sitenote_note":"","_monsterinsights_sitenote_category":0,"footnotes":""},"categories":[51,49],"tags":[],"class_list":["post-274165","post","type-post","status-publish","format-standard","has-post-thumbnail","hentry","category-evidenza-top","category-news-18","category-51","category-49","description-off"],"img_url":"https:\/\/www.radiopiu.net\/wordpress\/wp-content\/uploads\/2022\/05\/Staff-edilizia-scolastica_2-scaled.jpg","_links":{"self":[{"href":"https:\/\/www.radiopiu.net\/wordpress\/wp-json\/wp\/v2\/posts\/274165","targetHints":{"allow":["GET"]}}],"collection":[{"href":"https:\/\/www.radiopiu.net\/wordpress\/wp-json\/wp\/v2\/posts"}],"about":[{"href":"https:\/\/www.radiopiu.net\/wordpress\/wp-json\/wp\/v2\/types\/post"}],"author":[{"embeddable":true,"href":"https:\/\/www.radiopiu.net\/wordpress\/wp-json\/wp\/v2\/users\/4"}],"replies":[{"embeddable":true,"href":"https:\/\/www.radiopiu.net\/wordpress\/wp-json\/wp\/v2\/comments?post=274165"}],"version-history":[{"count":0,"href":"https:\/\/www.radiopiu.net\/wordpress\/wp-json\/wp\/v2\/posts\/274165\/revisions"}],"wp:featuredmedia":[{"embeddable":true,"href":"https:\/\/www.radiopiu.net\/wordpress\/wp-json\/wp\/v2\/media\/274166"}],"wp:attachment":[{"href":"https:\/\/www.radiopiu.net\/wordpress\/wp-json\/wp\/v2\/media?parent=274165"}],"wp:term":[{"taxonomy":"category","embeddable":true,"href":"https:\/\/www.radiopiu.net\/wordpress\/wp-json\/wp\/v2\/categories?post=274165"},{"taxonomy":"post_tag","embeddable":true,"href":"https:\/\/www.radiopiu.net\/wordpress\/wp-json\/wp\/v2\/tags?post=274165"}],"curies":[{"name":"wp","href":"https:\/\/api.w.org\/{rel}","templated":true}]}}