{"id":274171,"date":"2022-05-07T05:52:38","date_gmt":"2022-05-07T03:52:38","guid":{"rendered":"https:\/\/www.radiopiu.net\/wordpress\/?p=274171"},"modified":"2022-05-07T06:06:58","modified_gmt":"2022-05-07T04:06:58","slug":"stasera-la-presentazione-del-campionato-agordino-di-calcio-2022","status":"publish","type":"post","link":"https:\/\/www.radiopiu.net\/wordpress\/stasera-la-presentazione-del-campionato-agordino-di-calcio-2022\/","title":{"rendered":"STASERA LA PRESENTAZIONE DEL CAMPIONATO AGORDINO DI CALCIO 2022"},"content":{"rendered":"<p><strong><a class=\"dt-pswp-item\" href=\"https:\/\/www.radiopiu.net\/wordpress\/wp-content\/uploads\/2022\/05\/CAMP-AGO-2022.jpg\" data-dt-img-description=\"\" data-large_image_width=\"1024\" data-large_image_height=\"1012\"><img loading=\"lazy\" decoding=\"async\" class=\"size-thumbnail wp-image-274172 alignleft\" src=\"https:\/\/www.radiopiu.net\/wordpress\/wp-content\/uploads\/2022\/05\/CAMP-AGO-2022-150x150.jpg\" alt=\"\" width=\"150\" height=\"150\" \/><\/a>AGORDO<\/strong> \u00c8 tutto pronto per il primo vero appuntamento del Campionato Agordino targato 2022. Il campionato della \u201cripartenza\u201d come ha voluto definirlo il responsabile del Comitato Calcio Agordino Andrea Baldassi. Questa sera tutti al Caff\u00e8 Miniere di Agordo per la presentazione ufficiale del torneo. La serata avr\u00e0 inizio alle 19 con l\u2019aperitivo in musica a cura di DJ Jack. Un avvicinamento al momento clou della serata quando, alle 20:30 sotto al portico di Piazza Libert\u00e0, ci sar\u00e0 la presentazione delle 13 squadre iscritte al Campionato Agordino. Nella serata presentata da Radio Pi\u00f9, oltre alla presentazione delle compagini agordine, ci sar\u00e0 anche l\u2019estrazione dei gironi. Due gironi uno da 7 squadre e uno da 6, e sar\u00e0 compito delle vallette estrarre gli abbinamenti. La presentazione si concluder\u00e0 con l\u2019annuncio dei campi che ospiteranno quarti di finale, semifinale e finalissima del Memorial Denis Tonin. Dopo toccher\u00e0 a DJ Jack che animer\u00e0 la serata con la sua musica. Gli appassionati del Campionato Agordino di calcio potranno seguire in diretta la serata sulle frequenze di radio Pi\u00f9 a partire dalle 20:30.<\/p>\n<p><strong>LA PRESENTAZIONE DELLE SQUADRE<\/strong><\/p>\n<blockquote class=\"wp-embedded-content\" data-secret=\"zpvG8i6tyW\"><p><a href=\"https:\/\/www.radiopiu.net\/wordpress\/campionato-agordino-2022-ogni-giorno-una-squadra-ok\/\">CAMPIONATO AGORDINO 2022, OGNI GIORNO UNA SQUADRA. IL CAMMINO DI AVVICINAMENTO ALLA PRESENTAZIONE DEL 7 MAGGIO<\/a><\/p><\/blockquote>\n<p><iframe loading=\"lazy\" class=\"wp-embedded-content\" sandbox=\"allow-scripts\" security=\"restricted\" style=\"position: absolute; clip: rect(1px, 1px, 1px, 1px);\" title=\"&#8220;CAMPIONATO AGORDINO 2022, OGNI GIORNO UNA SQUADRA. IL CAMMINO DI AVVICINAMENTO ALLA PRESENTAZIONE DEL 7 MAGGIO&#8221; &#8212; Radio Pi\u00f9\" src=\"https:\/\/www.radiopiu.net\/wordpress\/campionato-agordino-2022-ogni-giorno-una-squadra-ok\/embed\/#?secret=OnqJJPtRcF#?secret=zpvG8i6tyW\" data-secret=\"zpvG8i6tyW\" width=\"600\" height=\"338\" frameborder=\"0\" marginwidth=\"0\" marginheight=\"0\" scrolling=\"no\"><\/iframe><\/p>\n<p>&nbsp;<\/p>\n<p>&nbsp;<\/p>\n<p>*****<\/p>\n","protected":false},"excerpt":{"rendered":"<p>AGORDO \u00c8 tutto pronto per il primo vero appuntamento del Campionato Agordino targato 2022. Il campionato della \u201cripartenza\u201d come ha voluto definirlo il responsabile del Comitato Calcio Agordino Andrea Baldassi. Questa sera tutti al Caff\u00e8 Miniere di Agordo per la presentazione ufficiale del torneo. La serata avr\u00e0 inizio alle 19 con l\u2019aperitivo in musica a&hellip;<\/p>\n","protected":false},"author":4,"featured_media":274172,"comment_status":"closed","ping_status":"closed","sticky":false,"template":"","format":"standard","meta":{"_monsterinsights_skip_tracking":false,"_monsterinsights_sitenote_active":false,"_monsterinsights_sitenote_note":"","_monsterinsights_sitenote_category":0,"footnotes":""},"categories":[51,49],"tags":[],"class_list":["post-274171","post","type-post","status-publish","format-standard","has-post-thumbnail","hentry","category-evidenza-top","category-news-18","category-51","category-49","description-off"],"img_url":"https:\/\/www.radiopiu.net\/wordpress\/wp-content\/uploads\/2022\/05\/CAMP-AGO-2022.jpg","_links":{"self":[{"href":"https:\/\/www.radiopiu.net\/wordpress\/wp-json\/wp\/v2\/posts\/274171","targetHints":{"allow":["GET"]}}],"collection":[{"href":"https:\/\/www.radiopiu.net\/wordpress\/wp-json\/wp\/v2\/posts"}],"about":[{"href":"https:\/\/www.radiopiu.net\/wordpress\/wp-json\/wp\/v2\/types\/post"}],"author":[{"embeddable":true,"href":"https:\/\/www.radiopiu.net\/wordpress\/wp-json\/wp\/v2\/users\/4"}],"replies":[{"embeddable":true,"href":"https:\/\/www.radiopiu.net\/wordpress\/wp-json\/wp\/v2\/comments?post=274171"}],"version-history":[{"count":0,"href":"https:\/\/www.radiopiu.net\/wordpress\/wp-json\/wp\/v2\/posts\/274171\/revisions"}],"wp:featuredmedia":[{"embeddable":true,"href":"https:\/\/www.radiopiu.net\/wordpress\/wp-json\/wp\/v2\/media\/274172"}],"wp:attachment":[{"href":"https:\/\/www.radiopiu.net\/wordpress\/wp-json\/wp\/v2\/media?parent=274171"}],"wp:term":[{"taxonomy":"category","embeddable":true,"href":"https:\/\/www.radiopiu.net\/wordpress\/wp-json\/wp\/v2\/categories?post=274171"},{"taxonomy":"post_tag","embeddable":true,"href":"https:\/\/www.radiopiu.net\/wordpress\/wp-json\/wp\/v2\/tags?post=274171"}],"curies":[{"name":"wp","href":"https:\/\/api.w.org\/{rel}","templated":true}]}}