{"id":274229,"date":"2022-05-09T05:30:57","date_gmt":"2022-05-09T03:30:57","guid":{"rendered":"https:\/\/www.radiopiu.net\/wordpress\/?p=274229"},"modified":"2022-05-09T05:41:37","modified_gmt":"2022-05-09T03:41:37","slug":"giornale-radiopiu-09-maggio-2022-direttore-mirko-mezzacasa","status":"publish","type":"post","link":"https:\/\/www.radiopiu.net\/wordpress\/giornale-radiopiu-09-maggio-2022-direttore-mirko-mezzacasa\/","title":{"rendered":"GIORNALE RADIOPIU 09 MAGGIO 2022 DIRETTORE MIRKO MEZZACASA"},"content":{"rendered":"<h3 class=\"kvgmc6g5 cxmmr5t8 oygrvhab hcukyx3x c1et5uql\"><span style=\"color: #0000ff;\"><strong>RADIO PIU INFORMAZIONE il canale su TELEGRAM informazione di prima\u00a0 <\/strong><\/span><span style=\"color: #0000ff;\"><strong>mano e in tempo reale. iscriviti ed aiutaci a farlo conoscere\u00a0\u00a0<\/strong><\/span><\/h3>\n<p>&nbsp;<\/p>\n<hr \/>\n<p>&nbsp;<\/p>\n<blockquote>\n<h3>INTERRUZIONI SERVIZIO IDRICO<\/h3>\n<\/blockquote>\n<p><strong>COLLE SANTA LUCIA E LIVINALLONGO<\/strong> Gestione Servizi Pubblici informa che, per lavori alla rete idrica comunale, oggi\u00a0 dalle 8 alle\u00a0 17 potrebbe mancare l&#8217;acqua in Comune di Colle Santa Lucia, nelle localit\u00e0 Belvedere, Ti\u00e8, Canazei, Zernadoi, Soppause, Palua, Villagrande. Nelle giornate di oggi e domani stessa situazione dalle 8 alle 17 in comune di Livinallongo nelle localit\u00e0 Bo\u00e8, Palluacia, Mesd\u00ec e Colesel.<\/p>\n<p>&nbsp;<\/p>\n<p>&nbsp;<\/p>\n<hr \/>\n<p>&nbsp;<\/p>\n<blockquote>\n<h3>SP 3, IN COMUNE DI GOSALDO: CHIUSA PER DIECI GIORNI<\/h3>\n<\/blockquote>\n<p><strong><a class=\"dt-pswp-item\" href=\"https:\/\/www.radiopiu.net\/wordpress\/wp-content\/uploads\/2020\/05\/VENETO-STRADE.png\" data-dt-img-description=\"\" data-large_image_width=\"400\" data-large_image_height=\"400\"><img loading=\"lazy\" decoding=\"async\" class=\"size-thumbnail wp-image-135574 alignleft\" src=\"https:\/\/www.radiopiu.net\/wordpress\/wp-content\/uploads\/2020\/05\/VENETO-STRADE-150x150.png\" alt=\"\" width=\"150\" height=\"150\" srcset=\"https:\/\/www.radiopiu.net\/wordpress\/wp-content\/uploads\/2020\/05\/VENETO-STRADE-150x150.png 150w, https:\/\/www.radiopiu.net\/wordpress\/wp-content\/uploads\/2020\/05\/VENETO-STRADE-300x300.png 300w, https:\/\/www.radiopiu.net\/wordpress\/wp-content\/uploads\/2020\/05\/VENETO-STRADE.png 400w\" sizes=\"auto, (max-width: 150px) 100vw, 150px\" \/><\/a>SEDICO <\/strong>Da Veneto Strade, interdizione totale alla viabilita&#8217;, provinciale Agordo-Rivamonte<\/p>\n<p><strong>PROVINCIALE 3 DI VALLE IMPERINA<\/strong> in Comune di Gosaldo al chilometro 11, da lunedi 9 maggio al 13 maggio compreso, e al chilometro 12,500 dal 9 al 20 maggio, interdizione totale alla circolazione stradale per lavori di consolidamento del piano viabile a fasce orarie: DALLE 8 ALLE 12.45, DALLE 13.45 ALLE 16 E DALLE 16.30 ALLE 18. Alternativa 347 del Duran e Cereda (Gosaldo-Forcella Aurine-Frassene&#8217;-Voltago-Agordo). Durante le aperture senso unico alternato regolato da movieri<\/p>\n<blockquote>\n<h3>CIAK SI GIRA, E CHIUDE LA PROVINCIALE DELLA VAL FIORENTINA<\/h3>\n<\/blockquote>\n<p><strong>SELVA DI CADORE<\/strong> Oggi dalle 8 alle 16 chiusura della provinciale 20 della Val Fiorentina con intervalli di\u00a0 30 minuti per permettere le riprese cinematografiche. Durante le aperture si potr\u00e0 transitare a senso unico alternato regolato da moviere<\/p>\n<p>&nbsp;<\/p>\n<p>&nbsp;<\/p>\n<hr \/>\n<p>&nbsp;<\/p>\n<blockquote>\n<h3 class=\"entry-title\">L&#8217;ULTIMA CHIAMATA DI CARLO GHEDIN AL 118 PRIMA DI PRECIPITARE NEL VUOTO<\/h3>\n<\/blockquote>\n<div dir=\"auto\"><strong><img loading=\"lazy\" decoding=\"async\" class=\"alignleft\" src=\"https:\/\/www.radiopiu.net\/wordpress\/wp-content\/uploads\/2022\/05\/ttt.jpg\" width=\"125\" height=\"169\" \/>PIEVE DI CADORE\u00a0<\/strong> Attorno alle 14 il 118 ha risposto alla telefonata di un escursionista, che diceva di essere caduto dal Picco di Roda, di essersi fatto male e che stava scivolando. L&#8217;uomo Carlo Ghedin. 47 anni residente in provincia di Udine\u00a0 a Pocenia, non aveva per\u00f2 pi\u00f9 risposto alle chiamate della Centrale, che cercava di localizzarlo. Fornite le coordinate della cima, l&#8217;elicottero del Suem di Pieve di Cadore ha avviato il sorvolo, individuando purtroppo il corpo senza vita dell&#8217;escursionista sotto un salto di roccia, un centinaio di metri pi\u00f9 basso del sentiero di cresta. Sbarcato con un verricello di 60 metri, il tecnico di elisoccorso ha attrezzato una corda fissa, in attesa dell&#8217;arrivo di due soccorritori di Pieve di Cadore, imbarcati <a class=\"dt-pswp-item\" href=\"https:\/\/www.radiopiu.net\/wordpress\/wp-content\/uploads\/2022\/05\/AAAA-2.jpg\" data-dt-img-description=\"\" data-large_image_width=\"553\" data-large_image_height=\"422\"><img loading=\"lazy\" decoding=\"async\" class=\"wp-image-274657 size-medium alignright\" src=\"https:\/\/www.radiopiu.net\/wordpress\/wp-content\/uploads\/2022\/05\/AAAA-2-300x229.jpg\" alt=\"\" width=\"300\" height=\"229\" srcset=\"https:\/\/www.radiopiu.net\/wordpress\/wp-content\/uploads\/2022\/05\/AAAA-2-300x229.jpg 300w, https:\/\/www.radiopiu.net\/wordpress\/wp-content\/uploads\/2022\/05\/AAAA-2.jpg 553w\" sizes=\"auto, (max-width: 300px) 100vw, 300px\" \/><\/a>dall&#8217;eliambulanza in supporto alle operazioni. Ricomposta e imbarellata, la salma \u00e8 stata assicurata sulla neve in un punto pi\u00f9 agevole per le manovre di recupero dell&#8217;elicottero. Il corpo \u00e8 stato poi trasportato al campo di calcio di Nebbi\u00f9, per essere affidato al carro funebre. Da una prima ipotesi, l&#8217;escursionista si trovava in prossimit\u00e0 della cima, quando ha perso l&#8217;equilibrio scivolando lungo la ripida parete laterale, da dove ha potuto solo lanciare l&#8217;allarme, prima di ruzzolare tra le rocce.<\/div>\n<div dir=\"auto\"><\/div>\n<blockquote>\n<div dir=\"auto\"><em>Carlo Ghedin viveva insieme al pap\u00e0 Achille di 92 anni, sacrestano della chiesa di Pocenia, e a due dei suoi tre fratelli.\u00a0 Aveva lavorato come operaio agricolo nell&#8217;azienda del posto &#8220;Fratelli Rabbiosi&#8221;.\u00a0<\/em><\/div>\n<\/blockquote>\n<div dir=\"auto\"><\/div>\n<p dir=\"auto\"><strong>VIDEO INTERVENTO\u00a0<a href=\"https:\/\/drive.google.com\/file\/d\/1hE9Ni9OyPrcxXlhWiDEYHF944NR6vF9z\/view\">CLICCA QUI\u00a0\u00a0<\/a><\/strong><\/p>\n<p dir=\"auto\">\n<p dir=\"auto\">\n<hr \/>\n<p>&nbsp;<\/p>\n<p>&nbsp;<\/p>\n<hr \/>\n<p>&nbsp;<\/p>\n<p>&nbsp;<\/p>\n<blockquote>\n<h3><\/h3>\n<\/blockquote>\n<h3 class=\"entry-title\">E\u2019 MORTO PADRE LUCIO GIAZZON<\/h3>\n<p><strong class=\"photoswipe-wrapper\"><a class=\"dt-pswp-item pspw-wrap-ready\" href=\"https:\/\/www.radiopiu.net\/wordpress\/wp-content\/uploads\/2022\/05\/7cd649b3-92b0-4052-9a11-57d3bab1434f.jpg\" data-dt-img-description=\"\" data-large_image_width=\"720\" data-large_image_height=\"753\"><img loading=\"lazy\" decoding=\"async\" class=\"size-thumbnail wp-image-274566 alignleft\" src=\"https:\/\/www.radiopiu.net\/wordpress\/wp-content\/uploads\/2022\/05\/7cd649b3-92b0-4052-9a11-57d3bab1434f-150x150.jpg\" alt=\"\" width=\"150\" height=\"150\" \/><\/a>BELLUNO\u00a0<\/strong>Nella serata di venerd\u00ec 6 maggio, il Signore ha chiamato a s\u00e9 padre Lucio Giazzon (al secolo Rino), canossiano, fratello di don Aldo e cugino di don Marino. Era ricoverato presso l\u2019ospedale di Feltre. Padre Lucio, dopo anni di attivit\u00e0 in varie localit\u00e0 d\u2019Italia, negli ultimi dieci anni ha svolto il suo servizio nella comunit\u00e0 dei padri canossiani di Feltre. Nel prossimo mese di giugno avrebbe compiuto 90 anni: era infatti nato a a Santa Giustina il 18 giugno 1932, secondo di nove fratelli. Entr\u00f2 in seminario a 14 anni e nel 1953 inizi\u00f2 il noviziato tra i canossiani a Castel d\u2019Asolo; venne ordinato presbitero a Venezia il 20 aprile 1960. La nostra Chiesa locale lo raccomanda al Signore con la preghiera e lo ricorda con un particolare pensiero di vicinanza per i suoi familiari e per don Aldo. La santa Messa esequiale sar\u00e0 celebrata marted\u00ec 10 maggio alle ore 15.00 nella chiesa parrocchiale di Santa Giustina, dove luned\u00ec 9 alle 19.00 sar\u00e0 recitato il rosario in suffragio di padre Lucio. (FONTE: chiesabellunofeltre.it)<\/p>\n<p>&nbsp;<\/p>\n<hr \/>\n<blockquote>\n<h3><\/h3>\n<h3>IL LIMITATORE DI VELOCITA&#8217; CHE NON LIMITA GLI INCIDENTI<\/h3>\n<\/blockquote>\n<p><strong>FELTRE<\/strong> Gi\u00e0 quattro gli incidenti in via Nassa all&#8217;ultimo dei tre limitatori di velocit\u00e0 voluti dall&#8217;amministrazione comunale per rendere la strada pi\u00f9 sicura.\u00a0 A marzo\u00a0 un&#8217;auto di un residente strisciata, poi\u00a0 un altro veicolo\u00a0 contro il catarifrangente in metallo. A fina aprile\u00a0 un&#8217;altra auto fuori controllo \u00e8 finita contro un muro e sabato sera un anziano feltrino\u00a0 ha affrontato il limitatore troppo velocemente e si \u00e8 schiantato contro il muro con la sua Volvo.<\/p>\n<blockquote><p><em>In via Gaggia uno dei pali di sostegno lato Pra&#8217; del Moro \u00e8 stato abbattuto dai vandali. Un gesto rimasto senza colpevoli, eredit\u00e0 degli ultimi affollati fine settimana.<\/em><\/p><\/blockquote>\n<p>&nbsp;<\/p>\n<p>&nbsp;<\/p>\n<hr \/>\n<p>&nbsp;<\/p>\n<blockquote>\n<h3>PNRR. D&#8217;INCA&#8217;: &#8220;OTTIMI RISULTATI PER FELTRE E LONGARONE&#8221;<\/h3>\n<\/blockquote>\n<p><strong><a class=\"dt-pswp-item\" href=\"https:\/\/www.radiopiu.net\/wordpress\/wp-content\/uploads\/2021\/02\/dinca.jpg\" data-dt-img-description=\"\" data-large_image_width=\"1080\" data-large_image_height=\"1079\"><img loading=\"lazy\" decoding=\"async\" class=\"size-thumbnail wp-image-190918 alignleft\" src=\"https:\/\/www.radiopiu.net\/wordpress\/wp-content\/uploads\/2021\/02\/dinca-150x150.jpg\" alt=\"\" width=\"150\" height=\"150\" srcset=\"https:\/\/www.radiopiu.net\/wordpress\/wp-content\/uploads\/2021\/02\/dinca-150x150.jpg 150w, https:\/\/www.radiopiu.net\/wordpress\/wp-content\/uploads\/2021\/02\/dinca-300x300.jpg 300w, https:\/\/www.radiopiu.net\/wordpress\/wp-content\/uploads\/2021\/02\/dinca-1024x1024.jpg 1024w, https:\/\/www.radiopiu.net\/wordpress\/wp-content\/uploads\/2021\/02\/dinca-768x767.jpg 768w, https:\/\/www.radiopiu.net\/wordpress\/wp-content\/uploads\/2021\/02\/dinca.jpg 1080w\" sizes=\"auto, (max-width: 150px) 100vw, 150px\" \/><\/a>ROMA<\/strong> Federico D\u2019Inc\u00e0, Ministro per i Rapporti con il Parlamento, commenta il finanziamento ottenuto per l\u2019istituto Negrelli di Feltre e per il nuovo complesso scolastico di Longarone. &#8220;<em>I finanziamenti del Pnrr dedicati rispettivamente all\u2019istituto Negrelli di Feltre e per la nuova cittadella scolastica di Longarone sono la dimostrazione che il nostro territorio, assieme all\u2019intero Paese, ha l\u2019opportunit\u00e0 di cambiare e di guardare con interesse nei confronti delle comunit\u00e0 e delle prossime generazioni&#8221;.\u00a0<\/em><\/p>\n<p>&nbsp;<\/p>\n<p>&nbsp;<\/p>\n<p>&nbsp;<\/p>\n<hr \/>\n<p>&nbsp;<\/p>\n<div class=\"kvgmc6g5 cxmmr5t8 oygrvhab hcukyx3x c1et5uql ii04i59q\">\n<blockquote>\n<h3 dir=\"auto\">INCENDIO A PEZZE&#8217; DI ROCCA PIETORE, L&#8217;ADDESTRAMENTO DEI VIGILI DEL FUOCO VOLONTARI<\/h3>\n<\/blockquote>\n<div dir=\"auto\"><strong>ALLEGHE<\/strong> Addestramento dei pompieri volontari di Caprile a Pezz\u00e8\u00a0 di Rocca Pietore. Simulato un incendio che non permetteva, per le caratteristiche morfologiche del luogo, un avvicinamento con le Autobotti. Stesa una condotta di manichette da 70mm per pi\u00f9 di 500 metri con\u00a0 \u00a0rilancio tramite una seconda motopompa per una pressione e una portata sempre ottimale.<\/div>\n<\/div>\n<div dir=\"auto\"><\/div>\n<div dir=\"auto\">\n\n\t\t\t<style type='text\/css'>\n\t\t\t\t#gallery-1 {\n\t\t\t\t\tmargin: auto;\n\t\t\t\t}\n\t\t\t\t#gallery-1 .gallery-item {\n\t\t\t\t\tfloat: left;\n\t\t\t\t\tmargin-top: 10px;\n\t\t\t\t\ttext-align: center;\n\t\t\t\t\twidth: 20%;\n\t\t\t\t}\n\t\t\t\t#gallery-1 img {\n\t\t\t\t\tborder: 2px solid #cfcfcf;\n\t\t\t\t}\n\t\t\t\t#gallery-1 .gallery-caption {\n\t\t\t\t\tmargin-left: 0;\n\t\t\t\t}\n\t\t\t\t\/* see gallery_shortcode() in wp-includes\/media.php *\/\n\t\t\t<\/style>\n\t\t<div id='gallery-1' class='dt-gallery-container gallery galleryid-274229 gallery-columns-5 gallery-size-thumbnail'><dl class='gallery-item'>\n\t\t\t\t<dt class='gallery-icon landscape'>\n\t\t\t\t\t<a class=\"rollover\" href='https:\/\/www.radiopiu.net\/wordpress\/279274477_1397101754051235_4836948023262561216_n\/'><img loading=\"lazy\" decoding=\"async\" width=\"150\" height=\"150\" src=\"https:\/\/www.radiopiu.net\/wordpress\/wp-content\/uploads\/2022\/05\/279274477_1397101754051235_4836948023262561216_n-150x150.jpg\" class=\"attachment-thumbnail size-thumbnail\" alt=\"\" \/><\/a>\n\t\t\t\t<\/dt><\/dl><dl class='gallery-item'>\n\t\t\t\t<dt class='gallery-icon portrait'>\n\t\t\t\t\t<a class=\"rollover\" href='https:\/\/www.radiopiu.net\/wordpress\/280102989_1397101554051255_5986606710776123186_n\/'><img loading=\"lazy\" decoding=\"async\" width=\"150\" height=\"150\" src=\"https:\/\/www.radiopiu.net\/wordpress\/wp-content\/uploads\/2022\/05\/280102989_1397101554051255_5986606710776123186_n-150x150.jpg\" class=\"attachment-thumbnail size-thumbnail\" alt=\"\" \/><\/a>\n\t\t\t\t<\/dt><\/dl><dl class='gallery-item'>\n\t\t\t\t<dt class='gallery-icon portrait'>\n\t\t\t\t\t<a class=\"rollover\" href='https:\/\/www.radiopiu.net\/wordpress\/280111211_1397101647384579_1785486112398239796_n\/'><img loading=\"lazy\" decoding=\"async\" width=\"150\" height=\"150\" src=\"https:\/\/www.radiopiu.net\/wordpress\/wp-content\/uploads\/2022\/05\/280111211_1397101647384579_1785486112398239796_n-150x150.jpg\" class=\"attachment-thumbnail size-thumbnail\" alt=\"\" \/><\/a>\n\t\t\t\t<\/dt><\/dl><dl class='gallery-item'>\n\t\t\t\t<dt class='gallery-icon portrait'>\n\t\t\t\t\t<a class=\"rollover\" href='https:\/\/www.radiopiu.net\/wordpress\/279504893_1397101700717907_7275352487942874689_n\/'><img loading=\"lazy\" decoding=\"async\" width=\"150\" height=\"150\" src=\"https:\/\/www.radiopiu.net\/wordpress\/wp-content\/uploads\/2022\/05\/279504893_1397101700717907_7275352487942874689_n-150x150.jpg\" class=\"attachment-thumbnail size-thumbnail\" alt=\"\" \/><\/a>\n\t\t\t\t<\/dt><\/dl><dl class='gallery-item'>\n\t\t\t\t<dt class='gallery-icon portrait'>\n\t\t\t\t\t<a class=\"rollover\" href='https:\/\/www.radiopiu.net\/wordpress\/279485777_1397101494051261_5016516332121779545_n\/'><img loading=\"lazy\" decoding=\"async\" width=\"150\" height=\"150\" src=\"https:\/\/www.radiopiu.net\/wordpress\/wp-content\/uploads\/2022\/05\/279485777_1397101494051261_5016516332121779545_n-150x150.jpg\" class=\"attachment-thumbnail size-thumbnail\" alt=\"\" \/><\/a>\n\t\t\t\t<\/dt><\/dl><br style=\"clear: both\" \/>\n\t\t\t<\/div>\n\n<\/div>\n<p>&nbsp;<\/p>\n<hr \/>\n<p>&nbsp;<\/p>\n<blockquote>\n<h3>&#8220;FALCADE 2032&#8221; LA LISTA CHE SOSTERRA&#8217; MAURO SALVATERRA<\/h3>\n<\/blockquote>\n<p><strong><a class=\"dt-pswp-item\" href=\"https:\/\/www.radiopiu.net\/wordpress\/wp-content\/uploads\/2020\/09\/FALCADE-1.jpg\" data-dt-img-description=\"\" data-large_image_width=\"960\" data-large_image_height=\"720\"><img loading=\"lazy\" decoding=\"async\" class=\"size-thumbnail wp-image-163186 alignleft\" src=\"https:\/\/www.radiopiu.net\/wordpress\/wp-content\/uploads\/2020\/09\/FALCADE-1-150x150.jpg\" alt=\"\" width=\"150\" height=\"150\" srcset=\"https:\/\/www.radiopiu.net\/wordpress\/wp-content\/uploads\/2020\/09\/FALCADE-1-150x150.jpg 150w, https:\/\/www.radiopiu.net\/wordpress\/wp-content\/uploads\/2020\/09\/FALCADE-1-125x125.jpg 125w, https:\/\/www.radiopiu.net\/wordpress\/wp-content\/uploads\/2020\/09\/FALCADE-1-200x200.jpg 200w, https:\/\/www.radiopiu.net\/wordpress\/wp-content\/uploads\/2020\/09\/FALCADE-1-80x80.jpg 80w\" sizes=\"auto, (max-width: 150px) 100vw, 150px\" \/><\/a>FALCADE<\/strong><\/p>\n<p>di Gianni Santomaso<\/p>\n<audio class=\"wp-audio-shortcode\" id=\"audio-274229-1\" preload=\"none\" style=\"width: 100%;\" controls=\"controls\"><source type=\"audio\/mpeg\" src=\"https:\/\/www.radiopiu.net\/wordpress\/wp-content\/uploads\/2022\/05\/GIANNI-ELEZIONI-FALCADE.mp3?_=1\" \/><a href=\"https:\/\/www.radiopiu.net\/wordpress\/wp-content\/uploads\/2022\/05\/GIANNI-ELEZIONI-FALCADE.mp3\">https:\/\/www.radiopiu.net\/wordpress\/wp-content\/uploads\/2022\/05\/GIANNI-ELEZIONI-FALCADE.mp3<\/a><\/audio>\n<p>&nbsp;<\/p>\n<hr \/>\n<p>&nbsp;<\/p>\n<blockquote class=\"wp-embedded-content\" data-secret=\"9qeMbLYvzg\"><p><a href=\"https:\/\/www.radiopiu.net\/wordpress\/aggnazionalemaggio08\/\">CORONAVIRUS: AGGIORNAMENTO NAZIONALE 08 MAGGIO 2022<\/a><\/p><\/blockquote>\n<p><iframe loading=\"lazy\" class=\"wp-embedded-content\" sandbox=\"allow-scripts\" security=\"restricted\" style=\"position: absolute; clip: rect(1px, 1px, 1px, 1px);\" title=\"&#8220;CORONAVIRUS: AGGIORNAMENTO NAZIONALE 08 MAGGIO 2022&#8221; &#8212; Radio Pi\u00f9\" src=\"https:\/\/www.radiopiu.net\/wordpress\/aggnazionalemaggio08\/embed\/#?secret=gK0tQk9DzM#?secret=9qeMbLYvzg\" data-secret=\"9qeMbLYvzg\" width=\"600\" height=\"338\" frameborder=\"0\" marginwidth=\"0\" marginheight=\"0\" scrolling=\"no\"><\/iframe><\/p>\n<p>&nbsp;<\/p>\n<blockquote class=\"wp-embedded-content\" data-secret=\"hKCDvxdipm\"><p><a href=\"https:\/\/www.radiopiu.net\/wordpress\/aggazzeromaggio08\/\">CALANO I RICOVERI IN AREA NON CRITICA, OLTRE 3 MILA NUOVE POSITIVITA&#8217; E 3 DECESSI NELLE ULTIME 24 ORE<\/a><\/p><\/blockquote>\n<p><iframe loading=\"lazy\" class=\"wp-embedded-content\" sandbox=\"allow-scripts\" security=\"restricted\" style=\"position: absolute; clip: rect(1px, 1px, 1px, 1px);\" title=\"&#8220;CALANO I RICOVERI IN AREA NON CRITICA, OLTRE 3 MILA NUOVE POSITIVITA&#8217; E 3 DECESSI NELLE ULTIME 24 ORE&#8221; &#8212; Radio Pi\u00f9\" src=\"https:\/\/www.radiopiu.net\/wordpress\/aggazzeromaggio08\/embed\/#?secret=fAobBwrtoM#?secret=hKCDvxdipm\" data-secret=\"hKCDvxdipm\" width=\"600\" height=\"338\" frameborder=\"0\" marginwidth=\"0\" marginheight=\"0\" scrolling=\"no\"><\/iframe><\/p>\n<p>&nbsp;<\/p>\n<h2 dir=\"auto\">I GRAFICI DI TIZIANO DE COL<\/h2>\n\n\t\t\t<style type='text\/css'>\n\t\t\t\t#gallery-2 {\n\t\t\t\t\tmargin: auto;\n\t\t\t\t}\n\t\t\t\t#gallery-2 .gallery-item {\n\t\t\t\t\tfloat: left;\n\t\t\t\t\tmargin-top: 10px;\n\t\t\t\t\ttext-align: center;\n\t\t\t\t\twidth: 33%;\n\t\t\t\t}\n\t\t\t\t#gallery-2 img {\n\t\t\t\t\tborder: 2px solid #cfcfcf;\n\t\t\t\t}\n\t\t\t\t#gallery-2 .gallery-caption {\n\t\t\t\t\tmargin-left: 0;\n\t\t\t\t}\n\t\t\t\t\/* see gallery_shortcode() in wp-includes\/media.php *\/\n\t\t\t<\/style>\n\t\t<div id='gallery-2' class='dt-gallery-container gallery galleryid-274229 gallery-columns-3 gallery-size-thumbnail'><dl class='gallery-item'>\n\t\t\t\t<dt class='gallery-icon landscape'>\n\t\t\t\t\t<a class=\"rollover rollover-zoom dt-pswp-item\" title=\"db91e08b-2f93-4ade-9b31-93b415cbab5c\" data-dt-img-description=\"\" data-large_image_width=\"591\" data-large_image_height=\"362\"href='https:\/\/www.radiopiu.net\/wordpress\/wp-content\/uploads\/2022\/05\/db91e08b-2f93-4ade-9b31-93b415cbab5c.jpg'><img loading=\"lazy\" decoding=\"async\" width=\"150\" height=\"150\" src=\"https:\/\/www.radiopiu.net\/wordpress\/wp-content\/uploads\/2022\/05\/db91e08b-2f93-4ade-9b31-93b415cbab5c-150x150.jpg\" class=\"attachment-thumbnail size-thumbnail\" alt=\"\" \/><\/a>\n\t\t\t\t<\/dt><\/dl><dl class='gallery-item'>\n\t\t\t\t<dt class='gallery-icon landscape'>\n\t\t\t\t\t<a class=\"rollover rollover-zoom dt-pswp-item\" title=\"bc2ca14b-d81f-4268-9ffb-47ec95e81af3\" data-dt-img-description=\"\" data-large_image_width=\"585\" data-large_image_height=\"359\"href='https:\/\/www.radiopiu.net\/wordpress\/wp-content\/uploads\/2022\/05\/bc2ca14b-d81f-4268-9ffb-47ec95e81af3.jpg'><img loading=\"lazy\" decoding=\"async\" width=\"150\" height=\"150\" src=\"https:\/\/www.radiopiu.net\/wordpress\/wp-content\/uploads\/2022\/05\/bc2ca14b-d81f-4268-9ffb-47ec95e81af3-150x150.jpg\" class=\"attachment-thumbnail size-thumbnail\" alt=\"\" \/><\/a>\n\t\t\t\t<\/dt><\/dl><dl class='gallery-item'>\n\t\t\t\t<dt class='gallery-icon landscape'>\n\t\t\t\t\t<a class=\"rollover rollover-zoom dt-pswp-item\" title=\"a16b7390-3b6f-4ddf-8285-8bb8c393fab7\" data-dt-img-description=\"\" data-large_image_width=\"606\" data-large_image_height=\"355\"href='https:\/\/www.radiopiu.net\/wordpress\/wp-content\/uploads\/2022\/05\/a16b7390-3b6f-4ddf-8285-8bb8c393fab7.jpg'><img loading=\"lazy\" decoding=\"async\" width=\"150\" height=\"150\" src=\"https:\/\/www.radiopiu.net\/wordpress\/wp-content\/uploads\/2022\/05\/a16b7390-3b6f-4ddf-8285-8bb8c393fab7-150x150.jpg\" class=\"attachment-thumbnail size-thumbnail\" alt=\"\" \/><\/a>\n\t\t\t\t<\/dt><\/dl><br style=\"clear: both\" \/><dl class='gallery-item'>\n\t\t\t\t<dt class='gallery-icon landscape'>\n\t\t\t\t\t<a class=\"rollover rollover-zoom dt-pswp-item\" title=\"13a5f45e-1be3-4c09-870a-3084ebf336f6\" data-dt-img-description=\"\" data-large_image_width=\"610\" data-large_image_height=\"361\"href='https:\/\/www.radiopiu.net\/wordpress\/wp-content\/uploads\/2022\/05\/13a5f45e-1be3-4c09-870a-3084ebf336f6.jpg'><img loading=\"lazy\" decoding=\"async\" width=\"150\" height=\"150\" src=\"https:\/\/www.radiopiu.net\/wordpress\/wp-content\/uploads\/2022\/05\/13a5f45e-1be3-4c09-870a-3084ebf336f6-150x150.jpg\" class=\"attachment-thumbnail size-thumbnail\" alt=\"\" \/><\/a>\n\t\t\t\t<\/dt><\/dl><dl class='gallery-item'>\n\t\t\t\t<dt class='gallery-icon landscape'>\n\t\t\t\t\t<a class=\"rollover rollover-zoom dt-pswp-item\" title=\"cd5f9a3e-f58a-499d-8dce-cb37479fbecb\" data-dt-img-description=\"\" data-large_image_width=\"602\" data-large_image_height=\"368\"href='https:\/\/www.radiopiu.net\/wordpress\/wp-content\/uploads\/2022\/05\/cd5f9a3e-f58a-499d-8dce-cb37479fbecb.jpg'><img loading=\"lazy\" decoding=\"async\" width=\"150\" height=\"150\" src=\"https:\/\/www.radiopiu.net\/wordpress\/wp-content\/uploads\/2022\/05\/cd5f9a3e-f58a-499d-8dce-cb37479fbecb-150x150.jpg\" class=\"attachment-thumbnail size-thumbnail\" alt=\"\" \/><\/a>\n\t\t\t\t<\/dt><\/dl><dl class='gallery-item'>\n\t\t\t\t<dt class='gallery-icon landscape'>\n\t\t\t\t\t<a class=\"rollover rollover-zoom dt-pswp-item\" title=\"7190189c-4f27-4986-910f-e39aaf0932dd\" data-dt-img-description=\"\" data-large_image_width=\"608\" data-large_image_height=\"367\"href='https:\/\/www.radiopiu.net\/wordpress\/wp-content\/uploads\/2022\/05\/7190189c-4f27-4986-910f-e39aaf0932dd.jpg'><img loading=\"lazy\" decoding=\"async\" width=\"150\" height=\"150\" src=\"https:\/\/www.radiopiu.net\/wordpress\/wp-content\/uploads\/2022\/05\/7190189c-4f27-4986-910f-e39aaf0932dd-150x150.jpg\" class=\"attachment-thumbnail size-thumbnail\" alt=\"\" \/><\/a>\n\t\t\t\t<\/dt><\/dl><br style=\"clear: both\" \/>\n\t\t\t<\/div>\n\n<p>&nbsp;<\/p>\n<hr \/>\n<p>&nbsp;<\/p>\n<blockquote>\n<h3>ALPINI, RIMINI E L&#8217;ADUNATA E NON SOLO RIMINI<\/h3>\n<\/blockquote>\n<p><strong>FALCADE\u00a0<\/strong> Il mondo alpino sotto i riflettori, tutti parlano dell&#8217;adunata di Rimini, noi parliamo di chi invece ha rinunciato alla festa in Romagna per rimanere tra la sua gente, per rendersi ancora una volta utile. E&#8217; il caso delle penne nere in congedo della Valle del Biois che ieri hanno garantito il punto di ristoro alla PROZESION DE SANTA CROS. A loro il grazie di una comunit\u00e0 che per tutto il giorno, da mattina a sera, ha camminato tra boschi e chiese della valle.<\/p>\n<blockquote>\n<h3>NON C&#8217;E&#8217; RANCIO SENZA ALPINI NON CI SONO ALPINI SENZA RANCIO<\/h3>\n<\/blockquote>\n<blockquote>\n<h3><\/h3>\n<div style=\"width: 848px;\" class=\"wp-video\"><video class=\"wp-video-shortcode\" id=\"video-274229-1\" width=\"848\" height=\"480\" preload=\"metadata\" controls=\"controls\"><source type=\"video\/mp4\" src=\"https:\/\/www.radiopiu.net\/wordpress\/wp-content\/uploads\/2022\/05\/WhatsApp-Video-2022-05-08-at-16.56.49.mp4?_=1\" \/><a href=\"https:\/\/www.radiopiu.net\/wordpress\/wp-content\/uploads\/2022\/05\/WhatsApp-Video-2022-05-08-at-16.56.49.mp4\">https:\/\/www.radiopiu.net\/wordpress\/wp-content\/uploads\/2022\/05\/WhatsApp-Video-2022-05-08-at-16.56.49.mp4<\/a><\/video><\/div><\/blockquote>\n<p>&nbsp;<\/p>\n<p><strong><img loading=\"lazy\" decoding=\"async\" class=\"alignleft\" src=\"https:\/\/www.radiopiu.net\/wordpress\/wp-content\/uploads\/2022\/05\/download-6.jpg\" width=\"215\" height=\"118\" \/>DA RIMINI<br \/>\nIL MINISTRO FEDERICO D&#8217;INCA&#8217; <\/strong>\u201cGli alpini sono da sempre le \u2018sentinelle\u2019 delle nostre comunit\u00e0: hanno dimostrato continua attenzione nei confronti del prossimo, impegnandosi nel volontariato e facendosi trovare in prima linea anche nei momenti di difficolt\u00e0 dei nostri territori&#8221;<br \/>\n<strong>IL DEPUTATO DARIO BOND <\/strong>\u201cGli Alpini sono fondamentali nella nostra societ\u00e0. Componente insostituibile del sistema di Protezione Civile, esempio di impegno e solidariet\u00e0, sempre in prima linea nella gestione delle calamit\u00e0 e e portatori di valori alti\u201d.<\/p>\n<p>&nbsp;<\/p>\n<hr \/>\n<p>&nbsp;<\/p>\n<blockquote>\n<h3>VIA ALLA STAGIONE DELLE OPERE A PONTE NELLE ALPI. INTERVENTI PER 2 MILIONI DI EURO<\/h3>\n<\/blockquote>\n<p><strong><a class=\"dt-pswp-item\" href=\"https:\/\/www.radiopiu.net\/wordpress\/wp-content\/uploads\/2022\/05\/Scuola_infanzia_Zattieri_del_Piave.jpg\" data-dt-img-description=\"\" data-large_image_width=\"1024\" data-large_image_height=\"768\"><img loading=\"lazy\" decoding=\"async\" class=\"size-thumbnail wp-image-274409 alignleft\" src=\"https:\/\/www.radiopiu.net\/wordpress\/wp-content\/uploads\/2022\/05\/Scuola_infanzia_Zattieri_del_Piave-150x150.jpg\" alt=\"\" width=\"150\" height=\"150\" \/><\/a>PONTE NELLE ALPI\u00a0 <\/strong>Finanziamenti per oltre 2 milioni di euro: il consiglio comunale di Ponte nelle Alpi approva una serie di interventi di particolare rilievo.<span class=\"gmail-Apple-converted-space\"> \u00a0<\/span>Mentre sono in via di conclusione i lavori di messa in sicurezza e miglioramento del PalaQuantin e della ciclo-pedonale Soccher-Soverzene (le due opere saranno inaugurate nel prossimo giugno), il Comune mette in cantiere quattro nuovi interventi per una cifra che supera i 2 milioni di euro, grazie all\u2019arrivo di risorse statali (legge 145\/2018) e a un bando di rigenerazione urbana.<span class=\"gmail-Apple-converted-space\"> \u00a0<\/span>Nello specifico si tratta della messa in sicurezza dell\u2019infrastruttura viaria in localit\u00e0 Mazzucchi (Oltrerai) per 500mila euro; della sistemazione e regimazione delle acque nel sottopasso di Nuova Erto (600mila euro); dell\u2019efficientamento energetico della scuola dell\u2019infanzia degli \u201cZattieri del Piave\u201d (700mila euro) e della riqualificazione del primo piano della biblioteca a uso civico e di servizi (510mila euro).<span class=\"gmail-Apple-converted-space\"> \u00a0<\/span>Entro il 2022 saranno cantierabili pure il secondo stralcio dei marciapiedi di viale Cadore e della piazza di Cugnan, oltre che il piano degli asfalti nelle frazioni dell\u2019Oltrerai e dei Coi de Pera<\/p>\n<p>&nbsp;<\/p>\n<p>&nbsp;<\/p>\n<hr \/>\n<p>&nbsp;<\/p>\n<blockquote>\n<h3>VOLONTARI AMBULANZA DI ROCCA PIETORE, L&#8217;IMPORTANZA DEL GRUPPO<\/h3>\n<\/blockquote>\n<p><strong>ROCCA PIETORE<\/strong> Momenti importanti per l&#8217; associazione Volontari Ambulanza di Rocca Pietore che ha riunito i soci del sodalizio e che ha dato modo al presidente Andrea Zanvit\u00a0 di tenere la relazione con primo punto all&#8217;ordine del <a class=\"dt-pswp-item\" href=\"https:\/\/www.radiopiu.net\/wordpress\/wp-content\/uploads\/2022\/05\/123727984_10224877461711748_3179551796687127779_n.jpg\" data-dt-img-description=\"\" data-large_image_width=\"2005\" data-large_image_height=\"2015\"><img loading=\"lazy\" decoding=\"async\" class=\"wp-image-274603 alignright\" src=\"https:\/\/www.radiopiu.net\/wordpress\/wp-content\/uploads\/2022\/05\/123727984_10224877461711748_3179551796687127779_n-150x150.jpg\" alt=\"\" width=\"153\" height=\"153\" srcset=\"https:\/\/www.radiopiu.net\/wordpress\/wp-content\/uploads\/2022\/05\/123727984_10224877461711748_3179551796687127779_n-150x150.jpg 150w, https:\/\/www.radiopiu.net\/wordpress\/wp-content\/uploads\/2022\/05\/123727984_10224877461711748_3179551796687127779_n-300x300.jpg 300w, https:\/\/www.radiopiu.net\/wordpress\/wp-content\/uploads\/2022\/05\/123727984_10224877461711748_3179551796687127779_n-1019x1024.jpg 1019w, https:\/\/www.radiopiu.net\/wordpress\/wp-content\/uploads\/2022\/05\/123727984_10224877461711748_3179551796687127779_n-768x772.jpg 768w, https:\/\/www.radiopiu.net\/wordpress\/wp-content\/uploads\/2022\/05\/123727984_10224877461711748_3179551796687127779_n-1528x1536.jpg 1528w, https:\/\/www.radiopiu.net\/wordpress\/wp-content\/uploads\/2022\/05\/123727984_10224877461711748_3179551796687127779_n.jpg 2005w\" sizes=\"auto, (max-width: 153px) 100vw, 153px\" \/><\/a>giorno le difficolt\u00e0 degli ultimi anni contraddistinti\u00a0 dalla pandemia.\u00a0<em> &#8220;Hanno insegnato &#8211; ha detto Zanvit (foto)- quanto\u00a0 sia importante il gruppo, l\u2019aiutarsi a vicenda e il collaborare, estendendo il concetto, che solitamente rimane interno alle associazioni, anche all\u2019esterno,\u00a0 infatti \u00e8 sempre pi\u00f9 importante e stretta la collaborazione con le associazioni limitrofe e con il coordinamento Agordino Zoldano&#8221;. <\/em>Non sono mancati i ringraziamenti, alla Croce Verde di Alleghe e al\u00a0 Coordinamento Ambulanze Agordino Zoldano per la profonda ed importante collaborazione che in questi ultimi mesi ha permesso la copertura del servizio di soccorso anche ove l&#8217;associazione non era disponibile. <em>&#8220;La collaborazione tra le associazioni del coordinamento non consiste solo nella copertura dei turni di servizio di soccorso, ma anche nella condivisione di idee, intenti, problematiche e soluzioni&#8221;.<\/em> ha rimarcato il presidente. Al termine dei lavori assembleari il momento conviviale di festa e condivisione di cui si era sentita la mancanza. Si sono ritrovati i soci e i colleghi del soccorso con cui spesso l\u2019associazione si trova a condividere gli interventi.<\/p>\n<p><a class=\"dt-pswp-item\" href=\"https:\/\/www.radiopiu.net\/wordpress\/wp-content\/uploads\/2022\/05\/20220508_111618-scaled.jpg\" data-dt-img-description=\"\" data-large_image_width=\"2560\" data-large_image_height=\"1153\"><img loading=\"lazy\" decoding=\"async\" class=\"alignnone wp-image-274600 size-large\" src=\"https:\/\/www.radiopiu.net\/wordpress\/wp-content\/uploads\/2022\/05\/20220508_111618-1024x461.jpg\" alt=\"\" width=\"1024\" height=\"461\" srcset=\"https:\/\/www.radiopiu.net\/wordpress\/wp-content\/uploads\/2022\/05\/20220508_111618-1024x461.jpg 1024w, https:\/\/www.radiopiu.net\/wordpress\/wp-content\/uploads\/2022\/05\/20220508_111618-300x135.jpg 300w, https:\/\/www.radiopiu.net\/wordpress\/wp-content\/uploads\/2022\/05\/20220508_111618-768x346.jpg 768w, https:\/\/www.radiopiu.net\/wordpress\/wp-content\/uploads\/2022\/05\/20220508_111618-1536x692.jpg 1536w, https:\/\/www.radiopiu.net\/wordpress\/wp-content\/uploads\/2022\/05\/20220508_111618-2048x922.jpg 2048w\" sizes=\"auto, (max-width: 1024px) 100vw, 1024px\" \/><\/a><\/p>\n<blockquote>\n<h3>L&#8217;ATTIVITA&#8217; 2021 2022<\/h3>\n<\/blockquote>\n<p>Ripresi\u00a0 i corsi di formazione, permettono di istruire nuove leve per farle entrare attivamente tra i volontari preparati per gestire le uscite in ambulanza.\u00a0 <strong>PROBLEMA TURNI<\/strong><strong>:<\/strong> Inevitabile la difficolt\u00e0 dell\u2019associazione nel riuscire a coprire il servizio durante l\u2019intero periodo mensile, in queste ultime settimane il consiglio dell\u2019associazione sta facendo dei colloqui con persone potenzialmente interessate ad essere assunte per lavorare a tempo pieno, volontari cercasi e gli interessati possono inviare la propria candidatura ad <span style=\"color: #0000ff;\"><strong>ambulanza.<a style=\"color: #0000ff;\" href=\"mailto:rocca@gmail.com\">rocca@gmail.com <\/a><\/strong><\/span><strong>DEFIBRILLATORE: <\/strong>a novembre l\u2019associazione ha partecipato ad un bando per l\u2019acquisto di un defibrillatore semi automatico,\u00a0 sar\u00e0 finanziato in gran parte con il contributo di Dolomiti Emergency,\u00a0 un aiuto importante al volontario per la gestione del paziente e la relativa prima diagnosi, visto che la nuova strumentazione comunicher\u00e0 in tempo reale con la centrale operativa.<strong> VERSO IL 2022-23<\/strong> L\u2019associazione, nonostante il periodo difficile per la copertura dei turni, guarda con positivit\u00e0 verso il futuro, il nuovo biennio porter\u00e0\u00a0 novit\u00e0 ed aggiornamenti: dalla sostituzione\u00a0 delle <strong><a class=\"dt-pswp-item\" href=\"https:\/\/www.radiopiu.net\/wordpress\/wp-content\/uploads\/2021\/03\/ANDREA-DE-BERNARDIN.jpg\" data-dt-img-description=\"\" data-large_image_width=\"960\" data-large_image_height=\"540\"><img loading=\"lazy\" decoding=\"async\" class=\"wp-image-195558 alignright\" src=\"https:\/\/www.radiopiu.net\/wordpress\/wp-content\/uploads\/2021\/03\/ANDREA-DE-BERNARDIN-150x150.jpg\" alt=\"\" width=\"87\" height=\"87\" \/><\/a><\/strong>divise alla nuova ambulanza.<\/p>\n<p><strong>IL SINDACO DI ROCCA PIETORE, ANDREA DE BERNARDIN<\/strong><\/p>\n<audio class=\"wp-audio-shortcode\" id=\"audio-274229-2\" preload=\"none\" style=\"width: 100%;\" controls=\"controls\"><source type=\"audio\/mpeg\" src=\"https:\/\/www.radiopiu.net\/wordpress\/wp-content\/uploads\/2022\/05\/andrea-ambulanz.mp3?_=2\" \/><a href=\"https:\/\/www.radiopiu.net\/wordpress\/wp-content\/uploads\/2022\/05\/andrea-ambulanz.mp3\">https:\/\/www.radiopiu.net\/wordpress\/wp-content\/uploads\/2022\/05\/andrea-ambulanz.mp3<\/a><\/audio>\n<p>&nbsp;<\/p>\n<hr \/>\n<p>&nbsp;<\/p>\n<blockquote>\n<h3>PALIO DEI FELTRE, L&#8217;ARTISTA DEL DRAPPO<\/h3>\n<\/blockquote>\n<p><strong>FELTRE<\/strong> Tahar Ben Jelloun, famoso scrittore, poeta e pittore franco-marocchino, vincitore di numerosi premi internazionali e pi\u00f9 volte candidato al Premio Nobel per la Letteratura, l\u2019artista incaricato dall\u2019Associazione Palio Citt\u00e0 di Feltre di realizzare il drappo dipinto dell\u2019edizione 2022.<\/p>\n<p><a class=\"dt-pswp-item\" href=\"https:\/\/www.radiopiu.net\/wordpress\/wp-content\/uploads\/2022\/05\/bea0764e-2e09-4bb9-955e-461b60cef1fe.jpg\" data-dt-img-description=\"\" data-large_image_width=\"1152\" data-large_image_height=\"1536\"><img loading=\"lazy\" decoding=\"async\" class=\"aligncenter wp-image-274616 size-medium\" src=\"https:\/\/www.radiopiu.net\/wordpress\/wp-content\/uploads\/2022\/05\/bea0764e-2e09-4bb9-955e-461b60cef1fe-225x300.jpg\" alt=\"\" width=\"225\" height=\"300\" srcset=\"https:\/\/www.radiopiu.net\/wordpress\/wp-content\/uploads\/2022\/05\/bea0764e-2e09-4bb9-955e-461b60cef1fe-225x300.jpg 225w, https:\/\/www.radiopiu.net\/wordpress\/wp-content\/uploads\/2022\/05\/bea0764e-2e09-4bb9-955e-461b60cef1fe-768x1024.jpg 768w, https:\/\/www.radiopiu.net\/wordpress\/wp-content\/uploads\/2022\/05\/bea0764e-2e09-4bb9-955e-461b60cef1fe.jpg 1152w\" sizes=\"auto, (max-width: 225px) 100vw, 225px\" \/><\/a><\/p>\n<blockquote><p>&#8221; Con questo drappo &#8211; ha detto l&#8217;artista &#8211; ho voluto sottolineare la presenza della luce, la pace, la tranquillit\u00e0, la serenit\u00e0, la fraternit\u00e0. E\u2019 un drappo dove ci sono solo colori della Vita, non c&#8217;\u00e8 nulla di aggressivo o negativo. Nell&#8217;insieme volevo qualcosa di accogliente e che esprimesse l&#8217;ospitalit\u00e0 di Feltre&#8221;<\/p><\/blockquote>\n<p>&nbsp;<\/p>\n<p>&nbsp;<\/p>\n<hr \/>\n<p>&nbsp;<\/p>\n<blockquote>\n<h3>RACCOLTI 1345 EURO PER IL POPOLO UCRAINO NEL GIROPIZZA DI LIMANA<\/h3>\n<\/blockquote>\n<p><strong>LIMANA<\/strong> Solidariet\u00e0 e spirito di comunit\u00e0 hanno caratterizzato l\u2019iniziativa promossa dal Coordinamento spontaneo delle associazioni di volontariato limanesi per raccogliere fondi a favore dei profughi ucraini accolti a Limana e delle famiglie che li stanno ospitando. Il \u201cgiropizza\u201d del 29 aprile ha infatti permesso di raccogliere 1345 \u20ac, superando le aspettative degli organizzatori.<\/p>\n<p>&nbsp;<\/p>\n<hr \/>\n<p>&nbsp;<\/p>\n<p>&nbsp;<\/p>\n<p>&nbsp;<\/p>\n<blockquote>\n<h3><span style=\"color: #0000ff;\"><a class=\"dt-pswp-item\" href=\"https:\/\/www.radiopiu.net\/wordpress\/wp-content\/uploads\/2022\/05\/1c8a26de-93bd-48ab-9d6a-71b957b011fe.jpg\" data-dt-img-description=\"\" data-large_image_width=\"1448\" data-large_image_height=\"1600\"><img loading=\"lazy\" decoding=\"async\" class=\"wp-image-274591 alignleft\" src=\"https:\/\/www.radiopiu.net\/wordpress\/wp-content\/uploads\/2022\/05\/1c8a26de-93bd-48ab-9d6a-71b957b011fe-150x150.jpg\" alt=\"\" width=\"109\" height=\"109\" \/><\/a>OGGI SUL CORRIERE DELLE ALPI<\/span><\/h3>\n<\/blockquote>\n<p>La pagina del lunedi &#8220;Vivere l&#8217;Agordino&#8221;, personaggi e attivit\u00e0 della vallata da un&#8217;idea di Gianni Santomaso con le vignette di Erica Andrich. Lo speciale della settimana tra le mura di Radio Pi\u00f9, scoprendo la vita musicale, sportiva e non solo di Marco\u00a0 Gaz.<\/p>\n\n\t\t\t<style type='text\/css'>\n\t\t\t\t#gallery-3 {\n\t\t\t\t\tmargin: auto;\n\t\t\t\t}\n\t\t\t\t#gallery-3 .gallery-item {\n\t\t\t\t\tfloat: left;\n\t\t\t\t\tmargin-top: 10px;\n\t\t\t\t\ttext-align: center;\n\t\t\t\t\twidth: 33%;\n\t\t\t\t}\n\t\t\t\t#gallery-3 img {\n\t\t\t\t\tborder: 2px solid #cfcfcf;\n\t\t\t\t}\n\t\t\t\t#gallery-3 .gallery-caption {\n\t\t\t\t\tmargin-left: 0;\n\t\t\t\t}\n\t\t\t\t\/* see gallery_shortcode() in wp-includes\/media.php *\/\n\t\t\t<\/style>\n\t\t<div id='gallery-3' class='dt-gallery-container gallery galleryid-274229 gallery-columns-3 gallery-size-thumbnail'><dl class='gallery-item'>\n\t\t\t\t<dt class='gallery-icon landscape'>\n\t\t\t\t\t<a class=\"rollover rollover-zoom dt-pswp-item\" title=\"b97bdc4c-ae3b-4ca8-ab3f-7419c5fb892a\" data-dt-img-description=\"\" data-large_image_width=\"2048\" data-large_image_height=\"1154\"href='https:\/\/www.radiopiu.net\/wordpress\/wp-content\/uploads\/2022\/05\/b97bdc4c-ae3b-4ca8-ab3f-7419c5fb892a.jpg'><img loading=\"lazy\" decoding=\"async\" width=\"150\" height=\"150\" src=\"https:\/\/www.radiopiu.net\/wordpress\/wp-content\/uploads\/2022\/05\/b97bdc4c-ae3b-4ca8-ab3f-7419c5fb892a-150x150.jpg\" class=\"attachment-thumbnail size-thumbnail\" alt=\"\" \/><\/a>\n\t\t\t\t<\/dt><\/dl><dl class='gallery-item'>\n\t\t\t\t<dt class='gallery-icon landscape'>\n\t\t\t\t\t<a class=\"rollover rollover-zoom dt-pswp-item\" title=\"42de6f39-5564-48ff-9463-34e949baba0f\" data-dt-img-description=\"\" data-large_image_width=\"1024\" data-large_image_height=\"768\"href='https:\/\/www.radiopiu.net\/wordpress\/wp-content\/uploads\/2022\/05\/42de6f39-5564-48ff-9463-34e949baba0f.jpg'><img loading=\"lazy\" decoding=\"async\" width=\"150\" height=\"150\" src=\"https:\/\/www.radiopiu.net\/wordpress\/wp-content\/uploads\/2022\/05\/42de6f39-5564-48ff-9463-34e949baba0f-150x150.jpg\" class=\"attachment-thumbnail size-thumbnail\" alt=\"\" \/><\/a>\n\t\t\t\t<\/dt><\/dl><dl class='gallery-item'>\n\t\t\t\t<dt class='gallery-icon landscape'>\n\t\t\t\t\t<a class=\"rollover rollover-zoom dt-pswp-item\" title=\"cf265567-ac6a-4617-a940-0c56b1c37052\" data-dt-img-description=\"\" data-large_image_width=\"1024\" data-large_image_height=\"768\"href='https:\/\/www.radiopiu.net\/wordpress\/wp-content\/uploads\/2022\/05\/cf265567-ac6a-4617-a940-0c56b1c37052.jpg'><img loading=\"lazy\" decoding=\"async\" width=\"150\" height=\"150\" src=\"https:\/\/www.radiopiu.net\/wordpress\/wp-content\/uploads\/2022\/05\/cf265567-ac6a-4617-a940-0c56b1c37052-150x150.jpg\" class=\"attachment-thumbnail size-thumbnail\" alt=\"\" \/><\/a>\n\t\t\t\t<\/dt><\/dl><br style=\"clear: both\" \/>\n\t\t\t<\/div>\n\n<p>&nbsp;<\/p>\n<p>&nbsp;<\/p>\n<p>&nbsp;<\/p>\n<p>&nbsp;<\/p>\n<hr \/>\n<blockquote>\n<h3><a class=\"dt-pswp-item\" href=\"https:\/\/www.radiopiu.net\/wordpress\/wp-content\/uploads\/2022\/02\/DolomitiCert-Scarpa-Alleghe-Febbraio-2022-Incontro-Comune-scuole-scultori-1-scaled.jpg\" data-dt-img-description=\"\" data-large_image_width=\"2560\" data-large_image_height=\"1706\"><img loading=\"lazy\" decoding=\"async\" class=\" wp-image-260782 alignleft\" src=\"https:\/\/www.radiopiu.net\/wordpress\/wp-content\/uploads\/2022\/02\/DolomitiCert-Scarpa-Alleghe-Febbraio-2022-Incontro-Comune-scuole-scultori-1-150x150.jpg\" alt=\"\" width=\"93\" height=\"93\" \/><\/a>PARCO DI MASARE&#8217;, IL COMUNE DECIDE PER L&#8217;INTITOLAZIONE<\/h3>\n<\/blockquote>\n<p><strong>ALLEGHE<\/strong>\u00a0 Il sindaco Danilo De Toni ha convocato il consiglio comunale per mercoledi alle 20. All&#8217;ordine del giorno: bilancio e rendiconto Asca; approvazione rendiconto finanziario 2021;\u00a0 seconda variazione al bilancio e applicazione avanzo 2021; regolamento per il funzionamento del consiglio comunale; intitolazione del Parco di Masar\u00e8 e modifica dell&#8217;intitolazione della sala congressi presso il palaghiaccio di Alleghe.<\/p>\n<p>&nbsp;<\/p>\n<blockquote>\n<h3><\/h3>\n<h3><a class=\"dt-pswp-item\" href=\"https:\/\/www.radiopiu.net\/wordpress\/wp-content\/uploads\/2021\/12\/TAIBON-1-300x225-1.jpg\" data-dt-img-description=\"\" data-large_image_width=\"300\" data-large_image_height=\"225\"><img loading=\"lazy\" decoding=\"async\" class=\"wp-image-247262 alignleft\" src=\"https:\/\/www.radiopiu.net\/wordpress\/wp-content\/uploads\/2021\/12\/TAIBON-1-300x225-1-150x150.jpg\" alt=\"\" width=\"114\" height=\"114\" \/><\/a>BILANCI E RECUPERI EDILIZI NEL CONSIGLIO DEL SINDACO TORMEN <strong>\u00a0<\/strong><\/h3>\n<\/blockquote>\n<p><strong>TAIBON<\/strong> Sabato 14 maggio alle 9.30 consiglio comunale a Taibon. Da approvare i bilanci di Asca e dell&#8217;azienda Multiservizi del Comune. Il consiglio sar\u00e0 chiamato ad individuare le zone di degrado del patrimonio edilizio e approvare il rendiconto di gestione dell&#8217;esercizio finanziario 2021<\/p>\n<p>&nbsp;<\/p>\n<p>&nbsp;<\/p>\n<blockquote>\n<h3>GIOVEDI&#8217; IL CONSIGLIO DELL&#8217;UNIONE MONTANA AGORDINA IN SALA DON TAMIS<\/h3>\n<\/blockquote>\n<p><strong>AGORDO<\/strong> Il Presidente dell&#8217;Unione Montana Agordina Michele Costa ha convocato il consiglio per gioved\u00ec sera alle 20:30 in Sala Don Tamis ad Agordo. Quattro punti da discutere tra cui l&#8217;approvazione del rendiconto 2021 e una variazione al bilancio per il triennio 2022-2024.<\/p>\n<p><strong>di Gianni Santomaso<\/strong><\/p>\n<audio class=\"wp-audio-shortcode\" id=\"audio-274229-3\" preload=\"none\" style=\"width: 100%;\" controls=\"controls\"><source type=\"audio\/mpeg\" src=\"https:\/\/www.radiopiu.net\/wordpress\/wp-content\/uploads\/2022\/05\/GIANNI-CONSIGLI-COMUNALI.mp3?_=3\" \/><a href=\"https:\/\/www.radiopiu.net\/wordpress\/wp-content\/uploads\/2022\/05\/GIANNI-CONSIGLI-COMUNALI.mp3\">https:\/\/www.radiopiu.net\/wordpress\/wp-content\/uploads\/2022\/05\/GIANNI-CONSIGLI-COMUNALI.mp3<\/a><\/audio>\n<p>&nbsp;<\/p>\n<hr \/>\n<p>&nbsp;<\/p>\n<blockquote>\n<h3>DAL 16 MAGGIO IL\u00a0 CORSO DI INFORMAZIONE E FORMAZIONE SULL\u2019AFFIDO FAMILIARE<\/h3>\n<\/blockquote>\n<p><strong>BELLUNO <\/strong>I Centri per l&#8217;Affido e la Solidariet\u00e0 Familiare (CASF) dell&#8217;ULSS 1 Dolomiti \u2013 equipe di Belluno e Feltre \u2013 organizzano un corso informativo e formativo in presenza sul tema dell&#8217;affido familiare a partire dal 16 maggio. Dopo alcune edizioni online, gli operatori dei CASF tornano, infatti, ad incontrare famiglie, coppie e persone single interessati all\u2019affido familiare con una serie di appuntamenti per favorire una modalit\u00e0 pi\u00f9 esperienziale di avvicinamento al tema. Il corso si terr\u00e0 nelle seguenti tre giornate presso la sala convegni dell\u2019ospedale Santa Maria del Prato di Feltre: luned\u00ec 16 maggio: dalle 18.00 alle 20.00, venerd\u00ec 20 maggio: dalle 18.00 alle 20.00 e dalle 20.30 alle 22.00, mercoled\u00ec 25 maggio: dalle 18.00 alle 20.00. La partecipazione agli incontri \u00e8 gratuita ed \u00e8 necessaria l\u2019iscrizione entro il 13 maggio 2022. Per maggiori informazioni e per iscrizioni, contattare telefonicamente o per email: CASF DI FELTRE: 0439 883170 \u2013 email: <a href=\"mailto:centroaffido.fe@aulss1.veneto.it\">centroaffido.fe@aulss1.veneto.it <\/a>CASF DI BELLUNO: 0437 514975 \u2013 email: <a href=\"mailto:centroaffido.bl@aulss1.veneto.it\">centroaffido.bl@aulss1.veneto.it<\/a><\/p>\n<p>&nbsp;<\/p>\n<p>&nbsp;<\/p>\n<hr \/>\n<p>&nbsp;<\/p>\n<blockquote>\n<h3><a class=\"dt-pswp-item\" href=\"https:\/\/www.radiopiu.net\/wordpress\/wp-content\/uploads\/2021\/06\/LAVORI.jpg\" data-dt-img-description=\"\" data-large_image_width=\"188\" data-large_image_height=\"164\"><img loading=\"lazy\" decoding=\"async\" class=\"alignleft wp-image-216176 \" src=\"https:\/\/www.radiopiu.net\/wordpress\/wp-content\/uploads\/2021\/06\/LAVORI.jpg\" alt=\"\" width=\"140\" height=\"122\" \/><\/a>A BELLUNO MODIFICHE ALLA CIRCOLAZIONE IN ALCUNE VIE<\/h3>\n<\/blockquote>\n<p><strong>VIA AGORDO<\/strong> senso unico alternato di circolazione veicolare regolato da impianto semaforico e, in caso di traffico particolarmente intenso, da idoneo personale, in via Agordo nel tratto di strada compreso tra il civico 355 e l\u2019intersezione con via Mares, nel periodo dal 16 al 20 maggio dalle ore 8.00 alle ore 17.00 di ciascuna giornata<\/p>\n<p><strong>VIA MIARI <\/strong>divieto di circolazione nel tratto di strada compreso tra l\u2019intersezione con il Ponte Dolomiti e l\u2019intersezione con via Monte Grappa, in tre giornate comprese nel periodo dal 9 al 17 maggio, dalle ore 7.00 alle ore 19.00 di ciascuna giornata<\/p>\n<p><strong>VIA DEI DENDROFORI<\/strong> divieto di circolazione nel tratto di strada corrente nella Galleria Est Belluno, in tre giornate comprese nel periodo dal 9 al 12 maggio, dalle ore 20.00 alle ore 7.00 di ciascuna giornata<\/p>\n<p>&nbsp;<\/p>\n<p>&nbsp;<\/p>\n<hr \/>\n<p>&nbsp;<\/p>\n<blockquote>\n<h3>VENETO: AUTONOMI IN LENTA AGONIA. PERSE 2.800 ATTIVITA\u2019. AUMENTA IL LAVORO NERO<\/h3>\n<\/blockquote>\n<p><em><a class=\"dt-pswp-item\" href=\"https:\/\/www.radiopiu.net\/wordpress\/wp-content\/uploads\/2022\/05\/Schermata-2022-05-07-alle-09.27.52.png\" data-dt-img-description=\"\" data-large_image_width=\"1284\" data-large_image_height=\"762\"><img loading=\"lazy\" decoding=\"async\" class=\"alignleft size-medium wp-image-274326\" src=\"https:\/\/www.radiopiu.net\/wordpress\/wp-content\/uploads\/2022\/05\/Schermata-2022-05-07-alle-09.27.52-300x178.png\" alt=\"\" width=\"300\" height=\"178\" srcset=\"https:\/\/www.radiopiu.net\/wordpress\/wp-content\/uploads\/2022\/05\/Schermata-2022-05-07-alle-09.27.52-300x178.png 300w, https:\/\/www.radiopiu.net\/wordpress\/wp-content\/uploads\/2022\/05\/Schermata-2022-05-07-alle-09.27.52-1024x608.png 1024w, https:\/\/www.radiopiu.net\/wordpress\/wp-content\/uploads\/2022\/05\/Schermata-2022-05-07-alle-09.27.52-768x456.png 768w, https:\/\/www.radiopiu.net\/wordpress\/wp-content\/uploads\/2022\/05\/Schermata-2022-05-07-alle-09.27.52.png 1284w\" sizes=\"auto, (max-width: 300px) 100vw, 300px\" \/><\/a>Ormai \u00e8 una lenta agonia quella che sta vivendo il mondo del lavoro autonomo. Gli effetti economici provocati dal Covid sono stati molto pesanti. In Veneto, dalla fine del 2019 allo stesso periodo del 2021, le due categorie pi\u00f9 importanti che caratterizzano il popolo delle partite Iva, vale a dire gli artigiani e i piccoli commercianti titolari di attivit\u00e0 di vendita al dettaglio, sono diminuite complessivamente di 2.802 unit\u00e0, di cui 1.173 piccoli negozi (-2,6%) e 1.629 botteghe artigiane (-1,3%). Se poco pi\u00f9 di 2 anni fa c\u2019erano oltre 125.500 imprese artigiane, all\u2019inizio di quest\u2019anno sono scese a poco meno di 124 mila. Pi\u00f9 pesante \u00e8 stata la contrazione dei piccoli negozi commerciali. Prima della pandemia erano quasi 44.800, due anni dopo sono scesi a poco meno di 43.600. A dirlo \u00e8 l\u2019Ufficio studi della CGIA.<\/em><\/p>\n<p>A livello provinciale veneto, la situazione pi\u00f9 critica si \u00e8 verificata a Rovigo. In termini percentuali, sempre in questi 2 ultimi anni gli artigiani sono diminuiti del 5,4% (in valore assoluto -337), i piccoli negozi addirittura del 6,3% (-154).<strong> Male anche Belluno: -2,2% gli artigiani (-103), -3,3% i negozianti al dettaglio (-57).<\/strong> Si segnala, altres\u00ec, che quando si analizza la nati mortalit\u00e0 delle imprese, il dato di stock non coglie un aspetto importante. Ovvero, che le aziende che chiudono spesso sono strutturate organizzativamente (hanno dipendenti, storia, esperienza lavorativa, etc.), mentre quelle che nascono nella stragrande maggioranza dei casi sono costituite dal solo titolare e con nessuna esperienza imprenditoriale alle spalle.<\/p>\n<p><strong>Colpiti i pi\u00f9 fragili e gli indifesi<\/strong><br \/>\nQuesti dati dimostrano inequivocabilmente che il deterioramento del quadro economico causato dal Covid in questi ultimi 2 anni ha colpito i lavoratori pi\u00f9 fragili, quelli senza alcuna tutela, quelli privi di alcun ammortizzatore sociale; vale a dire la parte pi\u00f9 debole del nostro mercato del lavoro. Ovvero, gli artigiani, i piccoli commercianti, le partite Iva, tanti giovani liberi professionisti che a fronte dei ripetuti lockdown e della conseguente caduta dei consumi interni sono stati costretti a gettare definitivamente la spugna.<\/p>\n<p><strong>I rincari di luce e gas li pagano 2 volte<\/strong><br \/>\nL\u2019aumento esponenziale dei prezzi, il caro carburante e quello delle bollette potrebbero peggiorare notevolmente la situazione economica di tantissime famiglie, soprattutto quelle composte da autonomi. Nel ricordare che anche in Veneto il 70 per cento circa degli artigiani e dei commercianti lavora da solo, ovvero non ha n\u00e9 dipendenti n\u00e9 collaboratori familiari, moltissimi stanno pagando due volte lo straordinario aumento registrato in questi ultimi 6 mesi dalle bollette di luce e gas. La prima come utenti domestici e la seconda come micro imprenditori per riscaldare\/raffrescare e illuminare le proprie botteghe e negozi. E nonostante le misure di mitigazione introdotte in questi ultimi mesi dal Governo Draghi, i costi energetici sono esplosi, raggiungendo livelli mai visti nel recente passato. Senza aspettare Bruxelles, pertanto, bisogna che il nostro Governo intervenga subito, introducendo a livello nazionale un tetto temporaneo al prezzo del gas, cos\u00ec come hanno gi\u00e0 fatto la Spagna (nell\u2019autunno scorso) e la Francia (a inizio di quest\u2019anno).<\/p>\n<p><strong>In aumento il lavoro \u201cnero\u201d<\/strong><br \/>\nMolti di coloro che hanno chiuso definitivamente l\u2019attivit\u00e0 e non sono riusciti a trovare una nuova occupazione, probabilmente continuano a lavorare in \u201cnero\u201d. Dati ufficiali ancora non ce ne sono, ma la sensazione \u00e8 che il Covid abbia contribuito ad incrementare sensibilmente il numero degli irregolari, vale a dire di coloro che prestano la propria attivit\u00e0 abusivamente. E\u2019 il caso di tanti abusivi che si spacciano per edili, dipintori, parrucchieri\/estetiste, falegnami, idraulici ed elettricisti che in questi ultimi 2 anni hanno provocato una concorrenza sleale fortissima nei confronti di coloro che esercitano queste attivit\u00e0 in \u201cchiaro\u201d. Secondo l\u2019Istat, l\u2019esercito dei lavoratori \u201cinvisibili\u201d presenti in Veneto \u00e8 costituito da 206.500 persone che ogni giorno si recano nei campi, nei cantieri, nei capannoni o nelle case dei nostri corregionali per prestare la propria attivit\u00e0 lavorativa irregolare. Essendo sconosciuti all\u2019Inps, all\u2019Inail e al fisco, gli effetti economici negativi che producono questi soggetti sono pesantissimi: nel 2019 (ultimo dato disponibile) il valore aggiunto prodotto dal lavoro irregolare \u00e8 di 5,4 miliardi di euro.<\/p>\n<p><strong>Sempre pi\u00f9 serrande abbassate<\/strong><br \/>\nLa chiusura di tantissime piccole attivit\u00e0 economiche \u00e8 riscontrabile anche a occhio nudo; basta girare a piedi per accorgersi che sono sempre pi\u00f9 numerosi i negozi e le botteghe con le saracinesche abbassate 24 ore su 24. Un fenomeno che sta interessando sia i centri storici sia le periferie delle nostre citt\u00e0, gettando nell\u2019abbandono interi isolati, provocando un senso di vuoto e un pericoloso peggioramento della qualit\u00e0 della vita per chi abita in queste realt\u00e0. Meno visibile, ma altrettanto preoccupante, sono le chiusure che hanno interessato anche i liberi professionisti, gli avvocati, i commercialisti e i consulenti che svolgevano la propria attivit\u00e0 in uffici\/studi ubicati all\u2019interno di un condominio. Insomma, le citt\u00e0 stanno cambiando volto: con meno negozi e uffici sono meno frequentate, pi\u00f9 insicure e con livelli di degrado in aumento. La moria di attivit\u00e0 sta colpendo anche coloro che storicamente sono sempre stati in concorrenza con i negozi di vicinato; ovvero i centri commerciali. Anche la Grande Distribuzione Organizzata (GDO) \u00e8 in grosse difficolt\u00e0 e non sono poche le aree commerciali al chiuso che presentano intere sezioni dell\u2019immobile precluse al pubblico, perch\u00e9 le attivit\u00e0 presenti precedentemente hanno abbassato definitivamente le saracinesche.<\/p>\n<p><strong>Subito un tavolo di crisi<\/strong><br \/>\nDa pi\u00f9 di un anno la CGIA chiede sia al Premier Draghi che ai governatori di aprire un tavolo di crisi permanente a livello nazionale e locale. Mai come in questo momento, infatti, \u00e8 necessario dare una risposta ad un mondo, quello autonomo, che sta vivendo una situazione particolarmente difficile. Intendiamoci, soluzioni a portata di mano non ce ne sono. E non dobbiamo nemmeno dimenticare che in questi ultimi due anni oltre ai ristori (ancorch\u00e9 del tutto insufficienti), gli esecutivi che si sono succeduti hanno, tra le altre cose, istituito l\u2019Iscro, l\u2019assegno universale per i figli a carico e il reddito di emergenza per chi \u00e8 ancora in attivit\u00e0. Con il recentissimo decreto aiuti, infine, anche gli autonomi con un reddito inferiore a 35 mila euro riceveranno nei prossimi mesi il bonus una tantum da 200 euro. Misure importanti, ci mancherebbe, ma insufficienti a fronteggiare le difficolt\u00e0 provocate da questa situazione di crisi cos\u00ec pesante. Per questo riteniamo indispensabile istituire presso il MISE e in ogni singola regione un tavolo di crisi permanente che affronti con maggior determinazione i problemi sopra descritti.<\/p>\n<p>&nbsp;<\/p>\n<p>&nbsp;<\/p>\n<hr \/>\n<p>&nbsp;<\/p>\n<blockquote>\n<h3><a class=\"dt-pswp-item\" href=\"https:\/\/www.radiopiu.net\/wordpress\/wp-content\/uploads\/2022\/05\/assemblea-arancione.jpg\" data-dt-img-description=\"\" data-large_image_width=\"640\" data-large_image_height=\"340\"><img loading=\"lazy\" decoding=\"async\" class=\" wp-image-273811 alignleft\" src=\"https:\/\/www.radiopiu.net\/wordpress\/wp-content\/uploads\/2022\/05\/assemblea-arancione-150x150.jpg\" alt=\"\" width=\"101\" height=\"101\" \/><\/a>Assemblea del Consiglio di Bacino<\/h3>\n<\/blockquote>\n<p>L&#8217;Assemblea dei sindaci \u00e8 convocata in seconda convocazione per\u00a0 mercoled\u00ec\u00a0 alle\u00a0 15 in presenza nella Sala Teatro Giovanni XXIII presso il Centro Congressi Belluno in Piazza Piloni a Belluno.<\/p>\n<p>&nbsp;<\/p>\n<p>&nbsp;<\/p>\n<hr \/>\n<p>&nbsp;<\/p>\n<blockquote>\n<h3>DOMENICA 15 MAGGIO IL RITORNO DI BIMBIMBICI<\/h3>\n<\/blockquote>\n<p><strong><a class=\"dt-pswp-item\" href=\"https:\/\/www.radiopiu.net\/wordpress\/wp-content\/uploads\/2022\/05\/Immagine2.jpg\" data-dt-img-description=\"\" data-large_image_width=\"1285\" data-large_image_height=\"660\"><img loading=\"lazy\" decoding=\"async\" class=\" wp-image-273623 alignleft\" src=\"https:\/\/www.radiopiu.net\/wordpress\/wp-content\/uploads\/2022\/05\/Immagine2-150x150.jpg\" alt=\"\" width=\"113\" height=\"113\" \/><\/a>BELLUNO\u00a0<\/strong> Dopo tre anni di forzata assenza, ritorna BIMBIMBICI\u00a0 organizzata da FIAB Belluno aperta a tutti\u00a0 con lo scopo di portare tantissimi bambini in bicicletta per le strade delle citt\u00e0. Il programma per domenica 15 maggio prevede, dalle 10 alle 11, un giro di 7 km in bicicletta per la citt\u00e0. Al ritorno tutti i piccoli partecipanti troveranno un divertente percorso di abilit\u00e0 gestito da\u00a0 istruttori e un ristoro. La mattinata sar\u00e0 accompagnata dalle musiche della banda di ottoni The BrassFolkers. I Vigili Urbani e il personale dell\u2019Associazione Nazionale Carabinieri saranno disposti lungo il percorso per renderlo pi\u00f9 sicuro. Iscrizioni dalle 9.15 al Parco Citt\u00e0 di Bologna, info\u00a0 www.bellunoinbici.it.<\/p>\n<p>&nbsp;<\/p>\n<p>&nbsp;<\/p>\n<hr \/>\n<p>&nbsp;<\/p>\n<blockquote>\n<h3>L&#8217;AUSER ELBROI ORGANIZZA UNA GITA IN SARDEGNA<\/h3>\n<\/blockquote>\n<p><strong>AGORDO<\/strong> Il circolo Auser el broi di Agordo comunica che si sono resi disponibili 2 posti per la gita in Sardegna in calendario dal 10 al 16 maggio . Chi fosse interessato pu\u00f2 rivolgersi presso la sede in via Rova 13 ad Agordo oppure contattare i numeri telefonici 388 7547951 oppure 347 2945259<\/p>\n<p>&nbsp;<\/p>\n<p>&nbsp;<\/p>\n<p>&nbsp;<\/p>\n<hr \/>\n<p>&nbsp;<\/p>\n<blockquote>\n<h3>ASCOLTARE PER CONOSCERE: L\u2019EVENTO ONLINE DEL CILP<\/h3>\n<\/blockquote>\n<p><strong class=\"photoswipe-wrapper\"><a class=\"dt-pswp-item pspw-wrap-ready\" href=\"https:\/\/www.radiopiu.net\/wordpress\/wp-content\/uploads\/2022\/04\/download-7.jpg\" data-dt-img-description=\"\" data-large_image_width=\"321\" data-large_image_height=\"157\"><img loading=\"lazy\" decoding=\"async\" class=\"alignleft wp-image-272306 \" src=\"https:\/\/www.radiopiu.net\/wordpress\/wp-content\/uploads\/2022\/04\/download-7-300x147.jpg\" sizes=\"auto, (max-width: 133px) 100vw, 133px\" srcset=\"https:\/\/www.radiopiu.net\/wordpress\/wp-content\/uploads\/2022\/04\/download-7-300x147.jpg 300w, https:\/\/www.radiopiu.net\/wordpress\/wp-content\/uploads\/2022\/04\/download-7.jpg 321w\" alt=\"\" width=\"133\" height=\"65\" \/><\/a>FELTRE <\/strong>Aperte le iscrizioni per l\u2019evento online del 18-19-20 maggio 2022 promosso dal CILP \u201cAscoltare per conoscere\u201d: esempi d\u2019inclusivit\u00e0 con speaker di fama nazionale.\u00a0 Parteciperanno persone di spicco quali l\u2019economista Dott. Carlo Cotarelli, la scrittrice Susanna Tamaro, il Prof. Cesare Cornoldi dell\u2019Universit\u00e0 di Padova, la conduttrice televisiva Andrea Delogu, il direttore di radio Pi\u00f9 Mirko Mezzacasa e tanti altri relatori che interverranno per parlare di dislessia, dei modi per affrontare questo disturbo che interessa anche \u00a0molti studenti, dei problemi della vista, ma verr\u00e0 anche esaminata l\u2019importanza che riveste la voce umana nella comunicazione e il suo ruolo fondamentale<\/p>\n<p><strong>CONOSCIAMO I PROTAGONISTI &#8211; VALENTINA BORSELLA<\/strong><\/p>\n<div class=\"kvgmc6g5 cxmmr5t8 oygrvhab hcukyx3x c1et5uql ii04i59q\">\n<blockquote>\n<div class=\"kvgmc6g5 cxmmr5t8 oygrvhab hcukyx3x c1et5uql ii04i59q\">\n<div dir=\"auto\"><a class=\"dt-pswp-item\" href=\"https:\/\/www.radiopiu.net\/wordpress\/wp-content\/uploads\/2022\/05\/280160046_10158863628279503_7373964945457453597_n.jpg\" data-dt-img-description=\"\" data-large_image_width=\"526\" data-large_image_height=\"526\"><img loading=\"lazy\" decoding=\"async\" class=\"size-thumbnail wp-image-274643 alignleft\" src=\"https:\/\/www.radiopiu.net\/wordpress\/wp-content\/uploads\/2022\/05\/280160046_10158863628279503_7373964945457453597_n-150x150.jpg\" alt=\"\" width=\"150\" height=\"150\" srcset=\"https:\/\/www.radiopiu.net\/wordpress\/wp-content\/uploads\/2022\/05\/280160046_10158863628279503_7373964945457453597_n-150x150.jpg 150w, https:\/\/www.radiopiu.net\/wordpress\/wp-content\/uploads\/2022\/05\/280160046_10158863628279503_7373964945457453597_n-300x300.jpg 300w, https:\/\/www.radiopiu.net\/wordpress\/wp-content\/uploads\/2022\/05\/280160046_10158863628279503_7373964945457453597_n.jpg 526w\" sizes=\"auto, (max-width: 150px) 100vw, 150px\" \/><\/a>Valentina Borsella &#8211; Vice Presidente del Consiglio Direttivo dell\u2019Associazione AITA Piemonte Onlus. Laureata in Filosofia a Torino con un Master in Valorizzazione dei beni culturali e ambientali, Valentina ha conseguito il ruolo di editor presso case editrici medico \u2013 scientifiche e web content manager per portali B2B. Da pi\u00f9 di quindici anni per la Fondazione Carlo Molo onlus si occupa di Isabile, il portale dedicato all\u2019intrattenimento intelligente delle persone afasiche ed \u00e8 responsabile dei progetti culturali e della creazione di progetti di inclusione sociale realizzati con i pazienti afasici della Fondazione. \u00c8 stata inoltre per 5 anni vice presidente di AITA Piemonte Onlus (Associazione dei familiari delle persone afasiche), dove prosegue l\u2019attivit\u00e0 nel Consiglio Direttivo dell\u2019Associazione, per<\/div>\n<\/div>\n<\/blockquote>\n<\/div>\n<div dir=\"auto\"><\/div>\n<p>&nbsp;<\/p>\n<hr \/>\n<p>&nbsp;<\/p>\n<blockquote>\n<h3>MAGGIO AGORDINO CON L&#8217;ASSOCIAZIONE PERITI MINERARI INDUSTRIALI DI AGORDO<\/h3>\n<\/blockquote>\n<p><strong>AGORDO <\/strong>Torna l&#8217;appuntamento con &#8220;Maggio Agordino&#8221;, un ciclo di serate culturali e di divulgazione scientifica promosse da APIM &#8211; Associazione Periti Industriali Minerari di Agordo. Quest&#8217;anno il tema che costituir\u00e0 di fatto il filo conduttore delle serate sar\u00e0 il cambiamento climatico. Quattro serate in Sala Don Tamis con inizio alle 20:30. Venerd\u00ec 13 &#8220;Il litio nella trasformazione e conservazione dell&#8217;energia&#8221;, venerd\u00ec 20 &#8220;L&#8217;economia futura della montagna e le sfide del riconoscimento Unesco&#8221; e venerd\u00ec 27 &#8220;Il clima che cambia(mo) e le nostre montagne&#8221;. Tutte le serate sono ad entrata libera<\/p>\n<p>&nbsp;<\/p>\n<p>&nbsp;<\/p>\n<hr \/>\n<blockquote>\n<h3><\/h3>\n<h3>IL 12 MAGGIO, GIORNATA MONDIALE DELLA FIBROMIALGIA<\/h3>\n<\/blockquote>\n<p><strong>BELLUNO<\/strong> L\u2019 Associazione Italiana Sindrome Fibromialgica ODV promuove su tutto il territorio nazionale l\u2019iniziativa \u201cIlluminiamo la Fibromialgia\u201d. L\u2019evento, che consistera\u0300 nell\u2019illuminare di viola piazze, edifici e monumenti in tutta Italia, si pone l\u2019obiettivo di sensibilizzare l\u2019opinione pubblica sulle condizioni del paziente fibromialgico, sofferente di una patologia ancora non riconosciuta. Il Comune di Belluno anche quest\u2019anno ha concesso il patrocinio e l\u2019illuminazione del Teatro Comunale nella serata del 12 maggio.<\/p>\n<p>&nbsp;<\/p>\n<hr \/>\n<p>&nbsp;<\/p>\n<blockquote>\n<h3>L&#8217;INIZIATIVA DI ANTENNA ANZIANI NEL RICORDO DI BUZZATI<\/h3>\n<\/blockquote>\n<p><strong>BELLUNO<\/strong> Venerdi 13 maggio alle 10 nell&#8217;aula magna del seminario di Belluno (con mascherian ffp2) &#8220;Michael Noble e Dino Buzzati tra arte e follia&#8221;. In occasione del 50\u00b0 della morte di Dino Buzzati conferenza a cura di Giovanni Grazioli con la proiezione del documentario del 1961 &#8220;La ripetizione&#8221;: commento di Dino Buzzati letto da Arnoldo Fo\u00e0, realizzato da Giorgio Ponti<\/p>\n<p>&nbsp;<\/p>\n<hr \/>\n<p>&nbsp;<\/p>\n<blockquote>\n<h3>VITO NICOLA PARADISO E LA SUA CHITARRA A LONGARONE<\/h3>\n<\/blockquote>\n<p><strong>LONGARONE <\/strong>Il <span class=\"s1\">Comune di Longarone, l&#8217;Associazione culturale Longarone Musica &#8220;Giuseppe De Vecchi&#8221; diretta dal Maestro Gianfranco Volpato e l&#8217;Associazione Pro Loco di Longarone propongono\u00a0 due eventi musicali al Centro Culturale &#8220;F. Parri&#8221; di Longarone: sabato 14 maggio 2022 alle 18 Vito Nicola Paradiso, suo il best-seller didattico-metodo di base &#8220;La Chitarra Volante&#8221; alle 20.30 il chitarrista-compositore Vito Nicola Paradiso nel concerto &#8220;Chitarra, Amore e Fantasia!&#8221;<\/span><\/p>\n<p>&nbsp;<\/p>\n<hr \/>\n<p>&nbsp;<\/p>\n<blockquote>\n<h3>HOCUS LOTUS IMPARANDO ATTRAVERSO L&#8217;ATTIVITA&#8217; MIMICO-GESTUALE<\/h3>\n<p><em>Per entrare nel magico mondo della nuova lingua<\/em><\/p><\/blockquote>\n<p><strong>ALLEGHE<\/strong>\u00a0 Martedi 17 maggio dalle 18.15 alle 19 alla scuola media di Caprile play group per bimbi dai 2 ai 3 anni con le loro mamme. Con il programma per il bilinguismo infantile dell&#8217;Universit\u00e0 &#8220;La Sapienza&#8221;, informazioni ed iscrizioni da Claudia Soppelsa (340 1474780).<\/p>\n<p>&nbsp;<\/p>\n<p>&nbsp;<\/p>\n<hr \/>\n<p>&nbsp;<\/p>\n<blockquote>\n<h3>VILLA VENETA (POLI-DE POL) NELLA LADINIA DOLOMITICA E GLI AFFRESCHI DI G. PELLEGRINI A SAN PIETRO DI CADORE<\/h3>\n<\/blockquote>\n<p><strong>di Renato Bona<\/strong><\/p>\n<p>E\u2019 intitolato \u201cUna villa veneta nella Ladinia Dolomitica: Girolamo Pellegrini e gli affreschi di Palazzo Poli-De Pol a San Pietro di Cadore\u201d. E\u2019 l\u2019ottimo libro-catalogo del 1994 (stampa della Comp editoriale veneta di Mestre) di Patrizia Eicher Clere ed Elisabetta Riva De Bettin edito per il Gruppo Musicale di Costalta dalla editoriale San Marco, edizioni del Gazzettino per la serie Arte Documento, ad iniziativa della cattedra di Storia dell\u2019arte moderna dell\u2019Universit\u00e0 degli studi di Udine Centro per la promozione e lo sviluppo del corso di laurea in storia e tutela dei beni culturali presieduto da Giuseppe Maria Pilo (che ha firmato la prefazione dell\u2019opera). Nella presentazione il \u201cCostalta\u201d (del quale \u00e8 da sempre responsabile il nostro caro amico Lucio Eicher Clere) ricorda che \u201cVilla Poli \u00e8 divenuta in questi anni il \u2018salotto culturale\u2019 del Comelico\u201d e ribadisce che al sodalizio che nella valorizzazione del patrimonio locale ha profuso il proprio impegno \u201c\u00e8 parso doveroso dare alle stampe, dopo le pubblicazioni sulla parlata e le tradizioni, anche questo libro di storia e arte, che potesse arricchire le conoscenze sulla famiglia Poli e la loro Villa, che a pieno titolo pu\u00f2 essere annoverata tra le ricchezze culturali di un territorio paesaggisticamente delizioso\u201d. Le autrici, innanzi tutto: Patrizia Eicher Clere, laureata in storia alla facolt\u00e0 di lettere e filosofia dell\u2019Universit\u00e0 di Venezia rivolge i suoi interessi di studio a tematiche di storia della societ\u00e0 veneta nei secoli XVI e XVI; Elisabetta Riva de Bettin, laureata in conservazione dei beni culturali, nella facolt\u00e0 di lettere e filosofia dell\u2019Universit\u00e0 di Udine, privilegia nella sua ricerca temi di pittura e grafica del Seicento italiano con particolare riguardo ad artisti operanti in area veneta. Con loro ha collaborato per la documentazione fotografica Francesco Colarusso. Obiettivo prefisso quello di portare i lettori di questo libro e i frequentatori di villa Poli dentro le vicende storiche di una ricca famiglia cadorina del Seicento portando un contributo volto ad arricchire il diletto dei momenti artistici e culturali che nella villa trovano armoniosa collocazione. La famiglia Poli. Nella chiusura della sua acuta e dettagliata prefazione il prof. Giuseppe Maria Pilo cos\u00ec sintetizza la storia della famiglia Poli: \u201cI Poli erano ricchi notai. I loro beni di fortuna in fato di boschi case, crediti, livelli, campi, fienili, sparsi in tutto il Comelico e il Cadore , a quanto appare in un anno notarile del 1671, ammontavano a oltre centomila ducati, una somma ingente, specie se rapportata alle condizioni d\u00ec indigenza in cui versava all\u2019epoca nel territorio la stragrande maggioranza della popolazione\u2026. Il desiderio di riscatto sociale da parte di Giovanni e Giacomo Poli, che nel 1663, dietro versamento del rituale consistente obolo alle casse della Serenissima, esauste a causa delle enormi spese comportate dalle guerra di Candia, ottengono l\u2019iscrizione nel Libro d\u2019Oro della nobilt\u00e0 veneta. Ancora conseguente, la volont\u00e0 di adeguare allo status acquisito nuovi e conformi modi di vita;: con la commissione da parte dei due fratelli, e della villa e della sua sontuosa decorazione lo sforzo \u00e8 immane e da quell\u2019atto di emulazione degli splendori della societ\u00e0 veneziana comincia il declino economico della famiglia, segnato da debiti richieste di prestiti, vendite di terreni e di boschi. E\u2019 il principio della fine\u2026\u201d. La villa Poli-de Pol. Sintetizzando, ecco quanto \u00e8 scritto in proposito:\u201dLa realizzazione di palazzo Poli, nel Comelico del Seicento, \u00e8 certamente un accadimento eccezionale. La famiglia possiede una delle pi\u00f9 ingenti fortune esistenti nel Cadore del XVII secolo\u201d e investe nell\u2019unit\u00e0 immobiliare con precise intenzioni autocelebrative. Il sito su cui sar\u00e0 costruito il palazzo era fino agli anni sessanta di propriet\u00e0 della famiglia De Pol, stesso ceppo dei Poli coi quali non gareggiarono mai nella sfarzosit\u00e0. Una scrittura originale di compravendita tra Giacomo Poli e i fratelli De Pol, stilata IL12 novembre 1665 a San Pietro di Cadore, risulta essere l\u2019unico atto rinvenuto nell\u2019archivio familiare che possa illuminare circa la villa cadorina, ipotizzando che nel biennio tra il 1665 ed il 1667 siano partiti i lavori , conclusisi in ogni caso nel 1668 quando il palazzo-villa risulta gi\u00e0 abitato dalla nobile famiglia. In tutta la sua imponenza, insieme alla chiesetta gotica, domina la piazza del piccolo paese: dopo essere assurta a simbolo della ricchezza dei Poli, fu venduta. E\u2019 datato 22 gennaio 1813 il contratto di acquisto, con terreno annesso, da parte di Antonio de Pol dai nobili Gio. Batta e Giacomo Poli ai quali ultimi non rimase che l\u2019unica propriet\u00e0 di villa Bibano nelle vicinanze di Conegliano. Va infine detto che dal 1930 villa Poli-de Pol, per volont\u00e0 di Benedetto de Pol, che non avendo discendenti alien\u00f2 il palazzo di San Pietro al Comune, \u00e8 sede municipale. E l\u2019amministrazione comunale ha saputo negli anni \u201cdonarle rinnovato splendore\u201d. L\u2019artista. Il pittore Girolamo Pellegrini \u2013 leggiamo \u2013 deve la sua fortuna critica\u2026 ai meriti maturati attraverso la dipintura di alcune chiese prevalentemente a Venezia. Poco di lui si sa: incerte le date della nascita che viene fatta risalire al 1624, e della morte; incerta pure la sua origine anche se il Melchiorri ricorda: \u201cNacque a Roma, ad ogni modo per haver continuamente studiato e dimorato in Venezia, dove con bella maniera fece conoscere la sua virt\u00f9 nelle Chiese e luoghi pubblici di quella Citt\u00e0, giustamente lo poner\u00f2 fra Veneti Pittori,\u2026\u201d. Il capitolo comprende anche una serie di immagini delle opere che gli sono attribuite: \u201cSan Gerardo in gloria\u201d, Venezia, San Francesco della Viga; particolare dell\u2019\u201cAssunta\u201d, Venezia, Santi Cosma e Damiano; la \u201cSantissima Trinit\u00e0 e San Lorenzo Giustiniani in gloria\u201d, Venezia, San Pietro in Castello; \u201dResurrezione di Cristo\u201d, Maser, Treviso, Villa Barbaro-Volpi; \u201cFigura allegorica\u201d, sempre Maser stessa Villa;\u201dFatiche di Ercole\u201d, idem; \u201cVenezia riverente davanti a San Nicol\u00f2\u201d, San Nicol\u00f2 del Lido; \u201cAdorazione dei Magi\u201d, Feltre, santi Vittore e Corona; \u201cIncontro di Maria con Elisabetta\u201d, idem; \u201cFlagellazione di Cristo\u201d, idem. Seguono dati e foto relativi agli affreschi cadorini: \u201cGiochi di putti\u201d San Pietro di Cadore, palazzo Poli-de Pol (4 lavori); \u201cAurora\u201d ; \u201cConvito di Cleopatra; \u201cCleopatra supplica Augusto\u201d; \u201cAugusto e la Sibilla\u201d; Convito di Cleopatra\u201d, particolare; \u201cCleopatra supplica Augusto\u201d, particolare; \u201cCadmo ucide il drago\u201d; \u201cGiunone chiede aiuto a Eolo\u201d;\u201dDiana e Callisto assieme a una divinit\u00e0 fluviale\u201d; \u201cCarro di Aurora\u201d; \u201cCadmo uccide il drago\u201d, particolare; \u201cDiana e Callisto assieme aduna divinit\u00e0 fluviale, particolari; \u201cMercurio e Minerva\u201d. La pregevole pubblicazione si conclude gli elenchi con i quali le autrici hanno creduto utile proporre un saggio di catalogazione delle opere fino ad ora acquisite, al fine di ricostruire un profilo artistico dell\u2019autore.<\/p>\n\n\t\t\t<style type='text\/css'>\n\t\t\t\t#gallery-4 {\n\t\t\t\t\tmargin: auto;\n\t\t\t\t}\n\t\t\t\t#gallery-4 .gallery-item {\n\t\t\t\t\tfloat: left;\n\t\t\t\t\tmargin-top: 10px;\n\t\t\t\t\ttext-align: center;\n\t\t\t\t\twidth: 12%;\n\t\t\t\t}\n\t\t\t\t#gallery-4 img {\n\t\t\t\t\tborder: 2px solid #cfcfcf;\n\t\t\t\t}\n\t\t\t\t#gallery-4 .gallery-caption {\n\t\t\t\t\tmargin-left: 0;\n\t\t\t\t}\n\t\t\t\t\/* see gallery_shortcode() in wp-includes\/media.php *\/\n\t\t\t<\/style>\n\t\t<div id='gallery-4' class='dt-gallery-container gallery galleryid-274229 gallery-columns-8 gallery-size-thumbnail'><dl class='gallery-item'>\n\t\t\t\t<dt class='gallery-icon portrait'>\n\t\t\t\t\t<a class=\"rollover rollover-zoom dt-pswp-item\" title=\"279966179_341262141328456_2975541738684887138_n\" data-dt-img-description=\"\" data-large_image_width=\"301\" data-large_image_height=\"414\"href='https:\/\/www.radiopiu.net\/wordpress\/wp-content\/uploads\/2022\/05\/279966179_341262141328456_2975541738684887138_n.jpg'><img loading=\"lazy\" decoding=\"async\" width=\"150\" height=\"150\" src=\"https:\/\/www.radiopiu.net\/wordpress\/wp-content\/uploads\/2022\/05\/279966179_341262141328456_2975541738684887138_n-150x150.jpg\" class=\"attachment-thumbnail size-thumbnail\" alt=\"\" \/><\/a>\n\t\t\t\t<\/dt><\/dl><dl class='gallery-item'>\n\t\t\t\t<dt class='gallery-icon landscape'>\n\t\t\t\t\t<a class=\"rollover rollover-zoom dt-pswp-item\" title=\"279918265_681330783097456_8008794740807115335_n\" data-dt-img-description=\"\" data-large_image_width=\"552\" data-large_image_height=\"402\"href='https:\/\/www.radiopiu.net\/wordpress\/wp-content\/uploads\/2022\/05\/279918265_681330783097456_8008794740807115335_n.jpg'><img loading=\"lazy\" decoding=\"async\" width=\"150\" height=\"150\" src=\"https:\/\/www.radiopiu.net\/wordpress\/wp-content\/uploads\/2022\/05\/279918265_681330783097456_8008794740807115335_n-150x150.jpg\" class=\"attachment-thumbnail size-thumbnail\" alt=\"\" \/><\/a>\n\t\t\t\t<\/dt><\/dl><dl class='gallery-item'>\n\t\t\t\t<dt class='gallery-icon landscape'>\n\t\t\t\t\t<a class=\"rollover rollover-zoom dt-pswp-item\" title=\"280113046_997140994337367_5953403161704782701_n\" data-dt-img-description=\"\" data-large_image_width=\"654\" data-large_image_height=\"403\"href='https:\/\/www.radiopiu.net\/wordpress\/wp-content\/uploads\/2022\/05\/280113046_997140994337367_5953403161704782701_n.jpg'><img loading=\"lazy\" decoding=\"async\" width=\"150\" height=\"150\" src=\"https:\/\/www.radiopiu.net\/wordpress\/wp-content\/uploads\/2022\/05\/280113046_997140994337367_5953403161704782701_n-150x150.jpg\" class=\"attachment-thumbnail size-thumbnail\" alt=\"\" \/><\/a>\n\t\t\t\t<\/dt><\/dl><dl class='gallery-item'>\n\t\t\t\t<dt class='gallery-icon portrait'>\n\t\t\t\t\t<a class=\"rollover rollover-zoom dt-pswp-item\" title=\"280193312_392949149394969_5885740701418143767_n\" data-dt-img-description=\"\" data-large_image_width=\"320\" data-large_image_height=\"464\"href='https:\/\/www.radiopiu.net\/wordpress\/wp-content\/uploads\/2022\/05\/280193312_392949149394969_5885740701418143767_n.jpg'><img loading=\"lazy\" decoding=\"async\" width=\"150\" height=\"150\" src=\"https:\/\/www.radiopiu.net\/wordpress\/wp-content\/uploads\/2022\/05\/280193312_392949149394969_5885740701418143767_n-150x150.jpg\" class=\"attachment-thumbnail size-thumbnail\" alt=\"\" \/><\/a>\n\t\t\t\t<\/dt><\/dl><dl class='gallery-item'>\n\t\t\t\t<dt class='gallery-icon portrait'>\n\t\t\t\t\t<a class=\"rollover rollover-zoom dt-pswp-item\" title=\"279959814_305130931798846_7818961195483556067_n\" data-dt-img-description=\"\" data-large_image_width=\"299\" data-large_image_height=\"417\"href='https:\/\/www.radiopiu.net\/wordpress\/wp-content\/uploads\/2022\/05\/279959814_305130931798846_7818961195483556067_n.jpg'><img loading=\"lazy\" decoding=\"async\" width=\"150\" height=\"150\" src=\"https:\/\/www.radiopiu.net\/wordpress\/wp-content\/uploads\/2022\/05\/279959814_305130931798846_7818961195483556067_n-150x150.jpg\" class=\"attachment-thumbnail size-thumbnail\" alt=\"\" \/><\/a>\n\t\t\t\t<\/dt><\/dl><dl class='gallery-item'>\n\t\t\t\t<dt class='gallery-icon portrait'>\n\t\t\t\t\t<a class=\"rollover rollover-zoom dt-pswp-item\" title=\"279885295_779282653237599_7235564880347170318_n\" data-dt-img-description=\"\" data-large_image_width=\"304\" data-large_image_height=\"403\"href='https:\/\/www.radiopiu.net\/wordpress\/wp-content\/uploads\/2022\/05\/279885295_779282653237599_7235564880347170318_n.jpg'><img loading=\"lazy\" decoding=\"async\" width=\"150\" height=\"150\" src=\"https:\/\/www.radiopiu.net\/wordpress\/wp-content\/uploads\/2022\/05\/279885295_779282653237599_7235564880347170318_n-150x150.jpg\" class=\"attachment-thumbnail size-thumbnail\" alt=\"\" \/><\/a>\n\t\t\t\t<\/dt><\/dl><dl class='gallery-item'>\n\t\t\t\t<dt class='gallery-icon landscape'>\n\t\t\t\t\t<a class=\"rollover rollover-zoom dt-pswp-item\" title=\"280194334_679833336580158_1674364023471908294_n\" data-dt-img-description=\"\" data-large_image_width=\"633\" data-large_image_height=\"403\"href='https:\/\/www.radiopiu.net\/wordpress\/wp-content\/uploads\/2022\/05\/280194334_679833336580158_1674364023471908294_n.jpg'><img loading=\"lazy\" decoding=\"async\" width=\"150\" height=\"150\" src=\"https:\/\/www.radiopiu.net\/wordpress\/wp-content\/uploads\/2022\/05\/280194334_679833336580158_1674364023471908294_n-150x150.jpg\" class=\"attachment-thumbnail size-thumbnail\" alt=\"\" \/><\/a>\n\t\t\t\t<\/dt><\/dl><dl class='gallery-item'>\n\t\t\t\t<dt class='gallery-icon landscape'>\n\t\t\t\t\t<a class=\"rollover rollover-zoom dt-pswp-item\" title=\"280028703_3100812416845722_4671031350529379383_n\" data-dt-img-description=\"\" data-large_image_width=\"615\" data-large_image_height=\"403\"href='https:\/\/www.radiopiu.net\/wordpress\/wp-content\/uploads\/2022\/05\/280028703_3100812416845722_4671031350529379383_n.jpg'><img loading=\"lazy\" decoding=\"async\" width=\"150\" height=\"150\" src=\"https:\/\/www.radiopiu.net\/wordpress\/wp-content\/uploads\/2022\/05\/280028703_3100812416845722_4671031350529379383_n-150x150.jpg\" class=\"attachment-thumbnail size-thumbnail\" alt=\"\" \/><\/a>\n\t\t\t\t<\/dt><\/dl><br style=\"clear: both\" \/><dl class='gallery-item'>\n\t\t\t\t<dt class='gallery-icon landscape'>\n\t\t\t\t\t<a class=\"rollover rollover-zoom dt-pswp-item\" title=\"280024515_403704961364802_612400889147609551_n\" data-dt-img-description=\"\" data-large_image_width=\"588\" data-large_image_height=\"403\"href='https:\/\/www.radiopiu.net\/wordpress\/wp-content\/uploads\/2022\/05\/280024515_403704961364802_612400889147609551_n.jpg'><img loading=\"lazy\" decoding=\"async\" width=\"150\" height=\"150\" src=\"https:\/\/www.radiopiu.net\/wordpress\/wp-content\/uploads\/2022\/05\/280024515_403704961364802_612400889147609551_n-150x150.jpg\" class=\"attachment-thumbnail size-thumbnail\" alt=\"\" \/><\/a>\n\t\t\t\t<\/dt><\/dl><dl class='gallery-item'>\n\t\t\t\t<dt class='gallery-icon portrait'>\n\t\t\t\t\t<a class=\"rollover rollover-zoom dt-pswp-item\" title=\"280107761_663642218066926_8836381257222134995_n\" data-dt-img-description=\"\" data-large_image_width=\"320\" data-large_image_height=\"467\"href='https:\/\/www.radiopiu.net\/wordpress\/wp-content\/uploads\/2022\/05\/280107761_663642218066926_8836381257222134995_n.jpg'><img loading=\"lazy\" decoding=\"async\" width=\"150\" height=\"150\" src=\"https:\/\/www.radiopiu.net\/wordpress\/wp-content\/uploads\/2022\/05\/280107761_663642218066926_8836381257222134995_n-150x150.jpg\" class=\"attachment-thumbnail size-thumbnail\" alt=\"\" \/><\/a>\n\t\t\t\t<\/dt><\/dl><dl class='gallery-item'>\n\t\t\t\t<dt class='gallery-icon portrait'>\n\t\t\t\t\t<a class=\"rollover rollover-zoom dt-pswp-item\" title=\"280108884_600483721417180_3045283495429884850_n\" data-dt-img-description=\"\" data-large_image_width=\"301\" data-large_image_height=\"417\"href='https:\/\/www.radiopiu.net\/wordpress\/wp-content\/uploads\/2022\/05\/280108884_600483721417180_3045283495429884850_n.jpg'><img loading=\"lazy\" decoding=\"async\" width=\"150\" height=\"150\" src=\"https:\/\/www.radiopiu.net\/wordpress\/wp-content\/uploads\/2022\/05\/280108884_600483721417180_3045283495429884850_n-150x150.jpg\" class=\"attachment-thumbnail size-thumbnail\" alt=\"\" \/><\/a>\n\t\t\t\t<\/dt><\/dl><dl class='gallery-item'>\n\t\t\t\t<dt class='gallery-icon landscape'>\n\t\t\t\t\t<a class=\"rollover rollover-zoom dt-pswp-item\" title=\"279921092_1096558067558217_8965700903077478381_n\" data-dt-img-description=\"\" data-large_image_width=\"600\" data-large_image_height=\"399\"href='https:\/\/www.radiopiu.net\/wordpress\/wp-content\/uploads\/2022\/05\/279921092_1096558067558217_8965700903077478381_n.jpg'><img loading=\"lazy\" decoding=\"async\" width=\"150\" height=\"150\" src=\"https:\/\/www.radiopiu.net\/wordpress\/wp-content\/uploads\/2022\/05\/279921092_1096558067558217_8965700903077478381_n-150x150.jpg\" class=\"attachment-thumbnail size-thumbnail\" alt=\"\" \/><\/a>\n\t\t\t\t<\/dt><\/dl><dl class='gallery-item'>\n\t\t\t\t<dt class='gallery-icon landscape'>\n\t\t\t\t\t<a class=\"rollover rollover-zoom dt-pswp-item\" title=\"280084084_1229001327632659_52964657405141803_n\" data-dt-img-description=\"\" data-large_image_width=\"618\" data-large_image_height=\"403\"href='https:\/\/www.radiopiu.net\/wordpress\/wp-content\/uploads\/2022\/05\/280084084_1229001327632659_52964657405141803_n.jpg'><img loading=\"lazy\" decoding=\"async\" width=\"150\" height=\"150\" src=\"https:\/\/www.radiopiu.net\/wordpress\/wp-content\/uploads\/2022\/05\/280084084_1229001327632659_52964657405141803_n-150x150.jpg\" class=\"attachment-thumbnail size-thumbnail\" alt=\"\" \/><\/a>\n\t\t\t\t<\/dt><\/dl><dl class='gallery-item'>\n\t\t\t\t<dt class='gallery-icon landscape'>\n\t\t\t\t\t<a class=\"rollover rollover-zoom dt-pswp-item\" title=\"279821874_706405677230416_4608459520903843526_n\" data-dt-img-description=\"\" data-large_image_width=\"626\" data-large_image_height=\"403\"href='https:\/\/www.radiopiu.net\/wordpress\/wp-content\/uploads\/2022\/05\/279821874_706405677230416_4608459520903843526_n.jpg'><img loading=\"lazy\" decoding=\"async\" width=\"150\" height=\"150\" src=\"https:\/\/www.radiopiu.net\/wordpress\/wp-content\/uploads\/2022\/05\/279821874_706405677230416_4608459520903843526_n-150x150.jpg\" class=\"attachment-thumbnail size-thumbnail\" alt=\"\" \/><\/a>\n\t\t\t\t<\/dt><\/dl><dl class='gallery-item'>\n\t\t\t\t<dt class='gallery-icon portrait'>\n\t\t\t\t\t<a class=\"rollover rollover-zoom dt-pswp-item\" title=\"279868107_1509522536146929_1893067665826739933_n\" data-dt-img-description=\"\" data-large_image_width=\"397\" data-large_image_height=\"403\"href='https:\/\/www.radiopiu.net\/wordpress\/wp-content\/uploads\/2022\/05\/279868107_1509522536146929_1893067665826739933_n.jpg'><img loading=\"lazy\" decoding=\"async\" width=\"150\" height=\"150\" src=\"https:\/\/www.radiopiu.net\/wordpress\/wp-content\/uploads\/2022\/05\/279868107_1509522536146929_1893067665826739933_n-150x150.jpg\" class=\"attachment-thumbnail size-thumbnail\" alt=\"\" \/><\/a>\n\t\t\t\t<\/dt><\/dl><dl class='gallery-item'>\n\t\t\t\t<dt class='gallery-icon portrait'>\n\t\t\t\t\t<a class=\"rollover rollover-zoom dt-pswp-item\" title=\"280084084_369260831819842_1855021841987977208_n\" data-dt-img-description=\"\" data-large_image_width=\"319\" data-large_image_height=\"480\"href='https:\/\/www.radiopiu.net\/wordpress\/wp-content\/uploads\/2022\/05\/280084084_369260831819842_1855021841987977208_n.jpg'><img loading=\"lazy\" decoding=\"async\" width=\"150\" height=\"150\" src=\"https:\/\/www.radiopiu.net\/wordpress\/wp-content\/uploads\/2022\/05\/280084084_369260831819842_1855021841987977208_n-150x150.jpg\" class=\"attachment-thumbnail size-thumbnail\" alt=\"\" \/><\/a>\n\t\t\t\t<\/dt><\/dl><br style=\"clear: both\" \/>\n\t\t\t<\/div>\n\n<p>NELLE FOTO (riproduzioni dal libro \u201cUna villa veneta nella ladinia dolomitica\u201d): copertina del libro.-catalogo con \u201cGiochi di putti\u201d, particolare d\u2019affresco; retrocopertina con la villa Poli de Pol nei primi anni; Palazzo Poli-de Pol: facciata San Pietro di Cadore; interno e piano nobile; di Girolamo Pellegrini:\u201dGiochi di putti , San Pietro di Cadore, palazzo Poli-de Pol; altro particolare; \u201cAurora\u201d; \u201cCleopatra supplica Augusto\u201d; \u201cCadmo uccide il drago\u201d; \u201cGiunone chiede aiuto a Eolo\u201d; \u201cDiana e Callisto assieme a una divinit\u00e0 fluviale\u201d; \u201cCarro di Aurora\u201d; \u201cMercurio e Minerva\u201d; \u201cAdorazione dei Magi\u201d, Feltre Santi Vittore e Corona; la \u201cSantissima Trinit\u00e0 e San Lorenzo Giustiniani in gloria\u201d, Venezia, San Pietro di Castello.<\/p>\n<p>&nbsp;<\/p>\n<p>&nbsp;<\/p>\n<hr \/>\n<p>&nbsp;<\/p>\n<h2><span style=\"color: #ff0000;\">IERI ALLA RADIO<\/span><\/h2>\n<h2><strong><a class=\"dt-pswp-item\" href=\"https:\/\/www.radiopiu.net\/wordpress\/wp-content\/uploads\/2020\/12\/DON-GIORGIO-LISE.jpg\" data-dt-img-description=\"\" data-large_image_width=\"1600\" data-large_image_height=\"901\"><img loading=\"lazy\" decoding=\"async\" class=\"size-thumbnail wp-image-177420 alignleft\" src=\"https:\/\/www.radiopiu.net\/wordpress\/wp-content\/uploads\/2020\/12\/DON-GIORGIO-LISE-150x150.jpg\" alt=\"\" width=\"150\" height=\"150\" \/><\/a><span style=\"color: #808000;\">DUE MINUTI PER TE<\/span><\/strong><\/h2>\n<p><strong>APPUNTAMENTO DELLA DOMENICA CON DON GIORGIO LISE<\/strong><\/p>\n<audio class=\"wp-audio-shortcode\" id=\"audio-274229-4\" preload=\"none\" style=\"width: 100%;\" controls=\"controls\"><source type=\"audio\/mpeg\" src=\"https:\/\/www.radiopiu.net\/wordpress\/wp-content\/uploads\/2022\/05\/DON-GIORGIO-8-MAGGIO.mp3?_=4\" \/><a href=\"https:\/\/www.radiopiu.net\/wordpress\/wp-content\/uploads\/2022\/05\/DON-GIORGIO-8-MAGGIO.mp3\">https:\/\/www.radiopiu.net\/wordpress\/wp-content\/uploads\/2022\/05\/DON-GIORGIO-8-MAGGIO.mp3<\/a><\/audio>\n<p>&nbsp;<\/p>\n<p>&nbsp;<\/p>\n<hr \/>\n<p>&nbsp;<\/p>\n<h2><span style=\"color: #008080;\">GIROVAGANDO IN E-BIKE 2022<\/span><\/h2>\n<p><strong>LA RACCOLTA<\/strong><\/p>\n<blockquote class=\"wp-embedded-content\" data-secret=\"AbsNgMYtLg\"><p><a href=\"https:\/\/www.radiopiu.net\/wordpress\/girovagando-in-e-bike-tra-le-dolomiti\/\">GIROVAGANDO IN E BIKE TRA LE DOLOMITI<\/a><\/p><\/blockquote>\n<p><iframe loading=\"lazy\" class=\"wp-embedded-content\" sandbox=\"allow-scripts\" security=\"restricted\" style=\"position: absolute; clip: rect(1px, 1px, 1px, 1px);\" title=\"&#8220;GIROVAGANDO IN E BIKE TRA LE DOLOMITI&#8221; &#8212; Radio Pi\u00f9\" src=\"https:\/\/www.radiopiu.net\/wordpress\/girovagando-in-e-bike-tra-le-dolomiti\/embed\/#?secret=OGVEmfb0W6#?secret=AbsNgMYtLg\" data-secret=\"AbsNgMYtLg\" width=\"600\" height=\"338\" frameborder=\"0\" marginwidth=\"0\" marginheight=\"0\" scrolling=\"no\"><\/iframe><\/p>\n<p>&nbsp;<\/p>\n<hr \/>\n<p>&nbsp;<\/p>\n<h3><a class=\"dt-pswp-item\" href=\"https:\/\/www.radiopiu.net\/wordpress\/wp-content\/uploads\/2022\/05\/WhatsApp-Image-2022-04-27-at-18.34.32.jpeg\" data-dt-img-description=\"\" data-large_image_width=\"900\" data-large_image_height=\"500\"><img loading=\"lazy\" decoding=\"async\" class=\" wp-image-273794 alignleft\" src=\"https:\/\/www.radiopiu.net\/wordpress\/wp-content\/uploads\/2022\/05\/WhatsApp-Image-2022-04-27-at-18.34.32-150x150.jpeg\" alt=\"\" width=\"150\" height=\"150\" \/><\/a>CONOSCIAMO I NOSTRI GIOVANI E I LORO IMPEGNI NEL MONDO, CON IL MUSLA<\/h3>\n<p>BEATRICE COLCUC DI COLLE SANTA LUCIA<\/p>\n<p><strong>intervista di Davide Condera\u00a0<\/strong><\/p>\n<audio class=\"wp-audio-shortcode\" id=\"audio-274229-5\" preload=\"none\" style=\"width: 100%;\" controls=\"controls\"><source type=\"audio\/mpeg\" src=\"https:\/\/www.radiopiu.net\/wordpress\/wp-content\/uploads\/2022\/05\/MUSLA-1-BETRICE.mp3?_=5\" \/><a href=\"https:\/\/www.radiopiu.net\/wordpress\/wp-content\/uploads\/2022\/05\/MUSLA-1-BETRICE.mp3\">https:\/\/www.radiopiu.net\/wordpress\/wp-content\/uploads\/2022\/05\/MUSLA-1-BETRICE.mp3<\/a><\/audio>\n<p>&nbsp;<\/p>\n<p><strong>LA RACCOLTA COMPLETA<\/strong><\/p>\n<blockquote class=\"wp-embedded-content\" data-secret=\"hTiCWiltbX\"><p><a href=\"https:\/\/www.radiopiu.net\/wordpress\/agora-agordina-la-nosta-piaza\/\">AGORA&#8217; AGORDINA&#8230; LA NOSTA PIAZA LADINA RACCOLTA COMPLETA PRIMA STAGIONE<\/a><\/p><\/blockquote>\n<p><iframe loading=\"lazy\" class=\"wp-embedded-content\" sandbox=\"allow-scripts\" security=\"restricted\" style=\"position: absolute; clip: rect(1px, 1px, 1px, 1px);\" title=\"&#8220;AGORA&#8217; AGORDINA&#8230; LA NOSTA PIAZA LADINA RACCOLTA COMPLETA PRIMA STAGIONE&#8221; &#8212; Radio Pi\u00f9\" src=\"https:\/\/www.radiopiu.net\/wordpress\/agora-agordina-la-nosta-piaza\/embed\/#?secret=seWVwJOzbr#?secret=hTiCWiltbX\" data-secret=\"hTiCWiltbX\" width=\"600\" height=\"338\" frameborder=\"0\" marginwidth=\"0\" marginheight=\"0\" scrolling=\"no\"><\/iframe><\/p>\n<p>&nbsp;<\/p>\n<p>&nbsp;<\/p>\n<hr \/>\n<p>&nbsp;<\/p>\n<h2><span style=\"color: #ff00ff;\">007 IN CONDOTTA CON LA PROF. MARIA ROSA SALMAZO<\/span><\/h2>\n<h3 class=\"kvgmc6g5 cxmmr5t8 oygrvhab hcukyx3x c1et5uql\"><span style=\"color: #0000ff;\"><strong>INFORMAZIONE il canale su TELEGRAM informazione di prima mano e in tempo reale. iscriviti ed aiutaci a farlo conoscere\u00a0 \u00a0<\/strong><\/span><\/h3>\n<p><strong>LA RACCOLTA COMPLETA\u00a0<\/strong><\/p>\n<blockquote class=\"wp-embedded-content\" data-secret=\"kSKe62uUaX\"><p><a href=\"https:\/\/www.radiopiu.net\/wordpress\/007incondotta-9\/\">007 in condotta<\/a><\/p><\/blockquote>\n<p><iframe loading=\"lazy\" class=\"wp-embedded-content\" sandbox=\"allow-scripts\" security=\"restricted\" style=\"position: absolute; clip: rect(1px, 1px, 1px, 1px);\" title=\"&#8220;007 in condotta&#8221; &#8212; Radio Pi\u00f9\" src=\"https:\/\/www.radiopiu.net\/wordpress\/007incondotta-9\/embed\/#?secret=7tO08Tl0tE#?secret=kSKe62uUaX\" data-secret=\"kSKe62uUaX\" width=\"600\" height=\"338\" frameborder=\"0\" marginwidth=\"0\" marginheight=\"0\" scrolling=\"no\"><\/iframe><\/p>\n<p>&nbsp;<\/p>\n<p>&nbsp;<\/p>\n<hr \/>\n<p>&nbsp;<\/p>\n<h2><span style=\"color: #800080;\">STORIE A QUATTROCCHI\u00a0<\/span><\/h2>\n<p><strong>LA RACCOLTA COMPLETA<\/strong><\/p>\n<blockquote class=\"wp-embedded-content\" data-secret=\"snE6GlS6P1\"><p><a href=\"https:\/\/www.radiopiu.net\/wordpress\/storie-a-quattrocchi\/\">Storie a quattrocchi<\/a><\/p><\/blockquote>\n<p><iframe loading=\"lazy\" class=\"wp-embedded-content\" sandbox=\"allow-scripts\" security=\"restricted\" style=\"position: absolute; clip: rect(1px, 1px, 1px, 1px);\" title=\"&#8220;Storie a quattrocchi&#8221; &#8212; Radio Pi\u00f9\" src=\"https:\/\/www.radiopiu.net\/wordpress\/storie-a-quattrocchi\/embed\/#?secret=54xcu3gnaN#?secret=snE6GlS6P1\" data-secret=\"snE6GlS6P1\" width=\"600\" height=\"338\" frameborder=\"0\" marginwidth=\"0\" marginheight=\"0\" scrolling=\"no\"><\/iframe><\/p>\n<p>&nbsp;<\/p>\n<hr \/>\n<p>&nbsp;<\/p>\n<h2><span style=\"color: #008080;\">&#8220;DINTORN E FORA VIA&#8221; A CURA DEL MUSLA, IL NUOVO PROGRAMMA\u00a0<\/span><\/h2>\n<p><strong>LA RACCOLTA COMPLETA<\/strong><\/p>\n<blockquote class=\"wp-embedded-content\" data-secret=\"MgOtikPObi\"><p><a href=\"https:\/\/www.radiopiu.net\/wordpress\/musla\/\">MUSLA<\/a><\/p><\/blockquote>\n<p><iframe loading=\"lazy\" class=\"wp-embedded-content\" sandbox=\"allow-scripts\" security=\"restricted\" style=\"position: absolute; clip: rect(1px, 1px, 1px, 1px);\" title=\"&#8220;MUSLA&#8221; &#8212; Radio Pi\u00f9\" src=\"https:\/\/www.radiopiu.net\/wordpress\/musla\/embed\/#?secret=dvPkm07Y1L#?secret=MgOtikPObi\" data-secret=\"MgOtikPObi\" width=\"600\" height=\"338\" frameborder=\"0\" marginwidth=\"0\" marginheight=\"0\" scrolling=\"no\"><\/iframe><\/p>\n<p>&nbsp;<\/p>\n<hr \/>\n<p>&nbsp;<\/p>\n<blockquote>\n<h3>IN ALTO ADIGE I &#8220;TIPI&#8221; AGORDINI SI SONO FATTI NOTARE<\/h3>\n<\/blockquote>\n<p><strong>REDAZIONE<\/strong> Dopo Bolzano anche Brunico accoglie le maestranze della Darwin di via Ceramasse di Agordo. Claudio Farenzena guida infatti la pattuglia che ha portato in esposizione i prodotti artigianali usciti dalla fabbrica agordina. La partecipazione alla Tip World, la fiera di Stegona. Ecco alcuni scatti dell&#8217;elegante stand.<\/p>\n\n\t\t\t<style type='text\/css'>\n\t\t\t\t#gallery-5 {\n\t\t\t\t\tmargin: auto;\n\t\t\t\t}\n\t\t\t\t#gallery-5 .gallery-item {\n\t\t\t\t\tfloat: left;\n\t\t\t\t\tmargin-top: 10px;\n\t\t\t\t\ttext-align: center;\n\t\t\t\t\twidth: 33%;\n\t\t\t\t}\n\t\t\t\t#gallery-5 img {\n\t\t\t\t\tborder: 2px solid #cfcfcf;\n\t\t\t\t}\n\t\t\t\t#gallery-5 .gallery-caption {\n\t\t\t\t\tmargin-left: 0;\n\t\t\t\t}\n\t\t\t\t\/* see gallery_shortcode() in wp-includes\/media.php *\/\n\t\t\t<\/style>\n\t\t<div id='gallery-5' class='dt-gallery-container gallery galleryid-274229 gallery-columns-3 gallery-size-thumbnail'><dl class='gallery-item'>\n\t\t\t\t<dt class='gallery-icon landscape'>\n\t\t\t\t\t<a class=\"rollover\" href='https:\/\/www.radiopiu.net\/wordpress\/in-alto-adige-i-tipi-agordini-si-sono-fatti-notare\/4b7c5d1d-d93d-40ff-8a8e-9c36706c8450\/'><img loading=\"lazy\" decoding=\"async\" width=\"150\" height=\"150\" src=\"https:\/\/www.radiopiu.net\/wordpress\/wp-content\/uploads\/2022\/05\/4b7c5d1d-d93d-40ff-8a8e-9c36706c8450-150x150.jpg\" class=\"attachment-thumbnail size-thumbnail\" alt=\"\" \/><\/a>\n\t\t\t\t<\/dt><\/dl><dl class='gallery-item'>\n\t\t\t\t<dt class='gallery-icon landscape'>\n\t\t\t\t\t<a class=\"rollover\" href='https:\/\/www.radiopiu.net\/wordpress\/in-alto-adige-i-tipi-agordini-si-sono-fatti-notare\/7799b4bf-f636-490b-9aaa-23334aac81df\/'><img loading=\"lazy\" decoding=\"async\" width=\"150\" height=\"150\" src=\"https:\/\/www.radiopiu.net\/wordpress\/wp-content\/uploads\/2022\/05\/7799b4bf-f636-490b-9aaa-23334aac81df-150x150.jpg\" class=\"attachment-thumbnail size-thumbnail\" alt=\"\" \/><\/a>\n\t\t\t\t<\/dt><\/dl><dl class='gallery-item'>\n\t\t\t\t<dt class='gallery-icon landscape'>\n\t\t\t\t\t<a class=\"rollover\" href='https:\/\/www.radiopiu.net\/wordpress\/in-alto-adige-i-tipi-agordini-si-sono-fatti-notare\/0db9bba7-e485-4894-b18d-bcaac16c4ad6\/'><img loading=\"lazy\" decoding=\"async\" width=\"150\" height=\"150\" src=\"https:\/\/www.radiopiu.net\/wordpress\/wp-content\/uploads\/2022\/05\/0db9bba7-e485-4894-b18d-bcaac16c4ad6-150x150.jpg\" class=\"attachment-thumbnail size-thumbnail\" alt=\"\" \/><\/a>\n\t\t\t\t<\/dt><\/dl><br style=\"clear: both\" \/>\n\t\t\t<\/div>\n\n<p>ARCHIVIO RADIOPIU<\/p>\n<blockquote class=\"wp-embedded-content\" data-secret=\"nKSI6kAa7H\"><p><a href=\"https:\/\/www.radiopiu.net\/wordpress\/speciale-darwin-garden-lintervista-a-claudio-farenzena\/\">SPECIALE DARWIN GARDEN, L&#8217;INTERVISTA A CLAUDIO FARENZENA<\/a><\/p><\/blockquote>\n<p><iframe loading=\"lazy\" class=\"wp-embedded-content\" sandbox=\"allow-scripts\" security=\"restricted\" style=\"position: absolute; clip: rect(1px, 1px, 1px, 1px);\" title=\"&#8220;SPECIALE DARWIN GARDEN, L&#8217;INTERVISTA A CLAUDIO FARENZENA&#8221; &#8212; Radio Pi\u00f9\" src=\"https:\/\/www.radiopiu.net\/wordpress\/speciale-darwin-garden-lintervista-a-claudio-farenzena\/embed\/#?secret=DwslQyen3G#?secret=nKSI6kAa7H\" data-secret=\"nKSI6kAa7H\" width=\"600\" height=\"338\" frameborder=\"0\" marginwidth=\"0\" marginheight=\"0\" scrolling=\"no\"><\/iframe><\/p>\n<p>&nbsp;<\/p>\n<hr \/>\n<p>&nbsp;<\/p>\n<p>&nbsp;<\/p>\n<p>&nbsp;<\/p>\n<div>\n<div class=\"b654a4as d2edcug0\">\n<div class=\"rq0escxv hkbzh7o3 jwdofwj8 n8tt0mok r8blr3vg hyh9befq\">\n<p><a class=\"dt-pswp-item\" href=\"https:\/\/www.radiopiu.net\/wordpress\/wp-content\/uploads\/2020\/10\/pp.jpg\" data-dt-img-description=\"\" data-large_image_width=\"640\" data-large_image_height=\"640\"><img loading=\"lazy\" decoding=\"async\" class=\"wp-image-163678 alignleft\" src=\"https:\/\/www.radiopiu.net\/wordpress\/wp-content\/uploads\/2020\/10\/pp-300x300.jpg\" alt=\"\" width=\"106\" height=\"106\" srcset=\"https:\/\/www.radiopiu.net\/wordpress\/wp-content\/uploads\/2020\/10\/pp-300x300.jpg 300w, https:\/\/www.radiopiu.net\/wordpress\/wp-content\/uploads\/2020\/10\/pp-150x150.jpg 150w, https:\/\/www.radiopiu.net\/wordpress\/wp-content\/uploads\/2020\/10\/pp-125x125.jpg 125w, https:\/\/www.radiopiu.net\/wordpress\/wp-content\/uploads\/2020\/10\/pp-200x200.jpg 200w, https:\/\/www.radiopiu.net\/wordpress\/wp-content\/uploads\/2020\/10\/pp-80x80.jpg 80w, https:\/\/www.radiopiu.net\/wordpress\/wp-content\/uploads\/2020\/10\/pp-480x480.jpg 480w, https:\/\/www.radiopiu.net\/wordpress\/wp-content\/uploads\/2020\/10\/pp.jpg 640w\" sizes=\"auto, (max-width: 106px) 100vw, 106px\" \/><\/a><\/p>\n<\/div>\n<\/div>\n<\/div>\n<div>\n<div class=\"page-title-head hgroup\">\n<div class=\"page-title-head hgroup\">\n<div class=\"b654a4as d2edcug0\">\n<div class=\"j83agx80 btwxx1t3 lhclo0ds hop8lmos nkwizq5d scwd0bx6 roh60bw9\">\n<div class=\"rq0escxv hkbzh7o3 jwdofwj8 n8tt0mok r8blr3vg hyh9befq\">\n<div class=\"do00u71z l9j0dhe7 k4urcfbm\">\n<h2><span style=\"color: #000080;\">DON CESARE, IL PENSIERO DEL GIORNO. ALLA RADIO ALLE 7 DEL MATTINO E ALLE 19.30 DELLA SERA.\u00a0<\/span><\/h2>\n<p>&nbsp;<\/p>\n<\/div>\n<\/div>\n<\/div>\n<\/div>\n<\/div>\n<\/div>\n<\/div>\n<audio class=\"wp-audio-shortcode\" id=\"audio-274229-6\" preload=\"none\" style=\"width: 100%;\" controls=\"controls\"><source type=\"audio\/mpeg\" src=\"https:\/\/www.radiopiu.net\/wordpress\/wp-content\/uploads\/2022\/05\/cesare-4.mp3?_=6\" \/><a href=\"https:\/\/www.radiopiu.net\/wordpress\/wp-content\/uploads\/2022\/05\/cesare-4.mp3\">https:\/\/www.radiopiu.net\/wordpress\/wp-content\/uploads\/2022\/05\/cesare-4.mp3<\/a><\/audio>\n<p>&nbsp;<\/p>\n<hr \/>\n<p>&nbsp;<\/p>\n<p>&nbsp;<\/p>\n<blockquote class=\"wp-embedded-content\" data-secret=\"sTmKNT0aoR\"><p><a href=\"https:\/\/www.radiopiu.net\/wordpress\/39annimaggioa05\/\">39 ANNI DI RADIO&#8230; &#8220;TI REGOLEREBBE IL MINIMO ALZANDOLO UN PO&#8217;&#8221;<\/a><\/p><\/blockquote>\n<p><iframe loading=\"lazy\" class=\"wp-embedded-content\" sandbox=\"allow-scripts\" security=\"restricted\" style=\"position: absolute; clip: rect(1px, 1px, 1px, 1px);\" title=\"&#8220;39 ANNI DI RADIO&#8230; &#8220;TI REGOLEREBBE IL MINIMO ALZANDOLO UN PO&#039;&#8221;&#8221; &#8212; Radio Pi\u00f9\" src=\"https:\/\/www.radiopiu.net\/wordpress\/39annimaggioa05\/embed\/#?secret=SYHFzuvK2X#?secret=sTmKNT0aoR\" data-secret=\"sTmKNT0aoR\" width=\"600\" height=\"338\" frameborder=\"0\" marginwidth=\"0\" marginheight=\"0\" scrolling=\"no\"><\/iframe><\/p>\n<p>&nbsp;<\/p>\n<hr \/>\n<p>&nbsp;<\/p>\n<div class=\"do00u71z l9j0dhe7 k4urcfbm\">\n<div class=\"page-title-head hgroup\">\n<div class=\"page-title-head hgroup\">\n<div class=\"b654a4as d2edcug0\">\n<div class=\"j83agx80 btwxx1t3 lhclo0ds hop8lmos nkwizq5d scwd0bx6 roh60bw9\">\n<div class=\"rq0escxv hkbzh7o3 jwdofwj8 n8tt0mok r8blr3vg hyh9befq\">\n<div class=\"do00u71z l9j0dhe7 k4urcfbm\">\n<div class=\"page-title-head hgroup\">\n<div class=\"page-title-head hgroup\">\n<div class=\"b654a4as d2edcug0\">\n<div class=\"j83agx80 btwxx1t3 lhclo0ds hop8lmos nkwizq5d scwd0bx6 roh60bw9\">\n<div class=\"rq0escxv hkbzh7o3 jwdofwj8 n8tt0mok r8blr3vg hyh9befq\">\n<div class=\"do00u71z l9j0dhe7 k4urcfbm\">\n<div class=\"ecm0bbzt e5nlhep0 a8c37x1j\">\n<div class=\"kvgmc6g5 cxmmr5t8 oygrvhab hcukyx3x c1et5uql\">\n<div class=\"gmail-kvgmc6g5 gmail-cxmmr5t8 gmail-oygrvhab gmail-hcukyx3x gmail-c1et5uql gmail-ii04i59q\">\n<div class=\"page-title-head hgroup\">\n<div class=\"page-title-head hgroup\">\n<div class=\"b654a4as d2edcug0\">\n<div class=\"j83agx80 btwxx1t3 lhclo0ds hop8lmos nkwizq5d scwd0bx6 roh60bw9\">\n<div class=\"rq0escxv hkbzh7o3 jwdofwj8 n8tt0mok r8blr3vg hyh9befq\">\n<div class=\"do00u71z l9j0dhe7 k4urcfbm\">\n<div class=\"page-title-head hgroup\">\n<div class=\"page-title-head hgroup\">\n<div class=\"b654a4as d2edcug0\">\n<div class=\"j83agx80 btwxx1t3 lhclo0ds hop8lmos nkwizq5d scwd0bx6 roh60bw9\">\n<div class=\"rq0escxv hkbzh7o3 jwdofwj8 n8tt0mok r8blr3vg hyh9befq\">\n<div class=\"do00u71z l9j0dhe7 k4urcfbm\">\n<div class=\"page-title-head hgroup\">\n<div class=\"page-title-head hgroup\">\n<div class=\"b654a4as d2edcug0\">\n<div class=\"j83agx80 btwxx1t3 lhclo0ds hop8lmos nkwizq5d scwd0bx6 roh60bw9\">\n<div class=\"rq0escxv hkbzh7o3 jwdofwj8 n8tt0mok r8blr3vg hyh9befq\">\n<div class=\"do00u71z l9j0dhe7 k4urcfbm\">\n<div class=\"ecm0bbzt e5nlhep0 a8c37x1j\">\n<div class=\"kvgmc6g5 cxmmr5t8 oygrvhab hcukyx3x c1et5uql\">\n<div class=\"gmail-kvgmc6g5 gmail-cxmmr5t8 gmail-oygrvhab gmail-hcukyx3x gmail-c1et5uql gmail-ii04i59q\">\n<div class=\"page-title-head hgroup\">\n<div class=\"page-title-head hgroup\">\n<div class=\"b654a4as d2edcug0\">\n<div class=\"j83agx80 btwxx1t3 lhclo0ds hop8lmos nkwizq5d scwd0bx6 roh60bw9\">\n<div class=\"rq0escxv hkbzh7o3 jwdofwj8 n8tt0mok r8blr3vg hyh9befq\">\n<div class=\"do00u71z l9j0dhe7 k4urcfbm\">\n<blockquote>\n<h3><span style=\"color: #ff0000;\">IN VIVO VERSO, SETTIMA STAGIONE CON BRUNELLA MORO, DAL LUNEDI AL VENERDI ALLE 7.10, 10.10\u00a0<\/span><\/h3>\n<div dir=\"auto\">Si conclude la settima stagione di In Vivo Verso che ha dato voce nelle 27 puntata 2021-22 a 135 poeti. A Brunella va il grazie della RADIOPIU per aver saputo condurre un programma importante nel palisesto della radio. Un impegno notevole, per la ricerca, preparazione, scelta delle musiche, delle immagini dando mai nulla per scontato. Fin dall&#8217;inizio avevo intuito che era il programma giusto per la RADIOPIU ma soprattutto che la conduttrice era quella giusta perch\u00e9 grande conoscitrice del mondo radiofonico, delle sue sfumature ed emozioni che sa creare. Oggi posso dire che l&#8217;intuizione era consona e precisa anche se dettata da un conflitto di interesse. Grazie Brunella per l&#8217;immenso lavoro, con orgoglio conserviamo nella Biblioteca della radio questa montagna di emozioni<\/div>\n<\/blockquote>\n<p>&nbsp;<\/p>\n<p><strong>LA RACCOLTA COMPLETA<\/strong><\/p>\n<blockquote class=\"wp-embedded-content\" data-secret=\"xhiMFFyUcZ\"><p><a href=\"https:\/\/www.radiopiu.net\/wordpress\/in-vivo-verso\/\">In Vivo Verso<\/a><\/p><\/blockquote>\n<p><iframe loading=\"lazy\" class=\"wp-embedded-content\" sandbox=\"allow-scripts\" security=\"restricted\" style=\"position: absolute; clip: rect(1px, 1px, 1px, 1px);\" title=\"&#8220;In Vivo Verso&#8221; &#8212; Radio Pi\u00f9\" src=\"https:\/\/www.radiopiu.net\/wordpress\/in-vivo-verso\/embed\/#?secret=gVKiHUwLzR#?secret=xhiMFFyUcZ\" data-secret=\"xhiMFFyUcZ\" width=\"600\" height=\"338\" frameborder=\"0\" marginwidth=\"0\" marginheight=\"0\" scrolling=\"no\"><\/iframe><\/p>\n<p>&nbsp;<\/p>\n<hr \/>\n<p>&nbsp;<\/p>\n<h3 class=\"entry-title\"><span style=\"color: #ff0000;\"><a href=\"https:\/\/www.radiopiu.net\/wordpress\/wp-content\/uploads\/2022\/04\/bustos-756620__340.webp\"><img loading=\"lazy\" decoding=\"async\" class=\" wp-image-271808 alignleft\" src=\"https:\/\/www.radiopiu.net\/wordpress\/wp-content\/uploads\/2022\/04\/bustos-756620__340-150x150.webp\" alt=\"\" width=\"94\" height=\"94\" \/><\/a>GOCCE DI FILOSOFIA\u00a0<\/span><\/h3>\n<p>&nbsp;<\/p>\n<p><strong>\u00a0<\/strong><strong>LA RACCOLTA COMPLETA<\/strong><\/p>\n<blockquote class=\"wp-embedded-content\" data-secret=\"Gv2UWehW82\"><p><a href=\"https:\/\/www.radiopiu.net\/wordpress\/gocce-filosofia\/\">Gocce di filosofia, PRIMA E SECONDA STAGIONE 2022<\/a><\/p><\/blockquote>\n<p><iframe loading=\"lazy\" class=\"wp-embedded-content\" sandbox=\"allow-scripts\" security=\"restricted\" style=\"position: absolute; clip: rect(1px, 1px, 1px, 1px);\" title=\"&#8220;Gocce di filosofia, PRIMA E SECONDA STAGIONE 2022&#8221; &#8212; Radio Pi\u00f9\" src=\"https:\/\/www.radiopiu.net\/wordpress\/gocce-filosofia\/embed\/#?secret=uMNYkpi8IR#?secret=Gv2UWehW82\" data-secret=\"Gv2UWehW82\" width=\"600\" height=\"338\" frameborder=\"0\" marginwidth=\"0\" marginheight=\"0\" scrolling=\"no\"><\/iframe><\/p>\n<p>&nbsp;<\/p>\n<hr \/>\n<p>&nbsp;<\/p>\n<p><span style=\"color: #0000ff;\">MUSICA PIU&#8217;\u00a0<\/span><\/p>\n<p><a href=\"https:\/\/www.radiopiu.net\/wordpress\/giornale-radiopiu-20-settembre-2021-direttore-mirko-mezzacasa\/pp-79\/\" rel=\"attachment wp-att-232921\"><img loading=\"lazy\" decoding=\"async\" class=\"wp-image-232921 alignleft\" src=\"https:\/\/www.radiopiu.net\/wordpress\/wp-content\/uploads\/2021\/09\/pp-1-300x300.jpg\" alt=\"\" width=\"135\" height=\"135\" srcset=\"https:\/\/www.radiopiu.net\/wordpress\/wp-content\/uploads\/2021\/09\/pp-1-300x300.jpg 300w, https:\/\/www.radiopiu.net\/wordpress\/wp-content\/uploads\/2021\/09\/pp-1-150x150.jpg 150w, https:\/\/www.radiopiu.net\/wordpress\/wp-content\/uploads\/2021\/09\/pp-1.jpg 640w\" sizes=\"auto, (max-width: 135px) 100vw, 135px\" \/><\/a><\/p>\n<div class=\"mkdf-post-text\">\n<div class=\"mkdf-post-text-inner\">\n<div class=\"mkdf-post-text-main\">\n<div class=\"mkdf-post-text\">\n<div class=\"mkdf-post-text-inner\">\n<div class=\"mkdf-post-text-main\">\n<div class=\"mkdf-post-text\">\n<div class=\"mkdf-post-text-inner\">\n<div class=\"mkdf-post-text-main\">\n<div class=\"page-title-head hgroup\">\n<div class=\"page-title-head hgroup\">\n<div class=\"mkdf-post-text\">\n<div class=\"mkdf-post-text-inner\">\n<div class=\"mkdf-post-text-main\">\n<div class=\"mkdf-post-text\">\n<div class=\"mkdf-post-text-inner\">\n<div class=\"mkdf-post-text-main\">\n<div class=\"page-title-head hgroup\">\n<div class=\"page-title-head hgroup\">\n<div class=\"page-title-head hgroup\">\n<div class=\"page-title-head hgroup\">\n<div class=\"b654a4as d2edcug0\">\n<div class=\"page-title-head hgroup\">\n<div class=\"page-title-head hgroup\">\n<div class=\"page-title-head hgroup\">\n<div class=\"page-title-head hgroup\">\n<div class=\"b654a4as d2edcug0\">\n<div class=\"page-title-head hgroup\">\n<div class=\"page-title-head hgroup\">\n<div class=\"page-title-head hgroup\">\n<div class=\"page-title-head hgroup\">\n<div class=\"b654a4as d2edcug0\">\n<div class=\"mkdf-post-text\">\n<div class=\"mkdf-post-text-inner\">\n<div class=\"mkdf-post-text-main\">\n<div class=\"mkdf-post-text\">\n<div class=\"mkdf-post-text-inner\">\n<div class=\"mkdf-post-text-main\">\n<div class=\"mkdf-post-text\">\n<div class=\"mkdf-post-text-inner\">\n<div class=\"mkdf-post-text-main\">\n<div class=\"page-title-head hgroup\">\n<div class=\"page-title-head hgroup\">\n<div class=\"mkdf-post-text\">\n<div class=\"mkdf-post-text-inner\">\n<div class=\"mkdf-post-text-main\">\n<div class=\"mkdf-post-text\">\n<div class=\"mkdf-post-text-inner\">\n<div class=\"mkdf-post-text-main\">\n<div class=\"page-title-head hgroup\">\n<div class=\"page-title-head hgroup\">\n<div class=\"page-title-head hgroup\">\n<div class=\"page-title-head hgroup\">\n<div class=\"b654a4as d2edcug0\">\n<div class=\"page-title-head hgroup\">\n<div class=\"page-title-head hgroup\">\n<div class=\"page-title-head hgroup\">\n<div class=\"page-title-head hgroup\">\n<div class=\"b654a4as d2edcug0\">\n<div class=\"page-title-head hgroup\">\n<div class=\"page-title-head hgroup\">\n<div class=\"page-title-head hgroup\">\n<div class=\"page-title-head hgroup\">\n<div class=\"b654a4as d2edcug0\">\n<div><\/div>\n<div><\/div>\n<div>\n<p><strong>MUSICA ALLA RADIO, IL PROGRAMMA DI LORIS SCUSSEL &#8220;COLLAGE OPERAZIONE NOSTALGIA&#8221; DAL LUNEDI AL VENERDI ALLE 16.00\u00a0 E ALLE 23\u00a0<\/strong><\/p>\n<p>&nbsp;<\/p>\n<\/div>\n<p>&nbsp;<\/p>\n<p><strong><a class=\"dt-pswp-item\" href=\"https:\/\/www.radiopiu.net\/wordpress\/wp-content\/uploads\/2022\/05\/Rolling-Stones.jpg\" data-dt-img-description=\"\" data-large_image_width=\"592\" data-large_image_height=\"599\"><img loading=\"lazy\" decoding=\"async\" class=\"size-thumbnail wp-image-274487 alignleft\" src=\"https:\/\/www.radiopiu.net\/wordpress\/wp-content\/uploads\/2022\/05\/Rolling-Stones-150x150.jpg\" alt=\"\" width=\"150\" height=\"150\" \/><\/a>di Loris Scussel<\/strong><\/p>\n<p>Luned\u00ec Collage punter\u00e0 il dito contro l\u2019attuale utilizzo smodato di termini inglesi nella nostra lingua proponendo una serie di canzoni in italiano eseguite da artisti del calibro di Stevie Wonder, Mick Jagger con i Rolling Stones e Louis Armstrong. La scaletta di marted\u00ec sar\u00e0 incentrata sulla musica che arriva da oltre oceano, mercoled\u00ec canzoni anni 60, gioved\u00ec proporremo una selezione di successi internazionali per arrivare a venerd\u00ec dove ascolteremo alcuni brani reinterpretati da artisti di casa nostra. Collage va in onda dal luned\u00ec al venerd\u00ec alle 16,00 e alle 23,00 naturalmente su Radiopi\u00f9.<\/p>\n<p>&nbsp;<\/p>\n<p>&nbsp;<\/p>\n<hr \/>\n<p>&nbsp;<\/p>\n<h2><span style=\"color: #0000ff;\">SALUTE &amp; SOCIETA&#8217;\u00a0\u00a0<\/span><\/h2>\n<p><strong>LA RACCOLTA COMPLETA<\/strong><\/p>\n<blockquote class=\"wp-embedded-content\" data-secret=\"IkVEEiyq76\"><p><a href=\"https:\/\/www.radiopiu.net\/wordpress\/saluteesocieta\/\">Salute e Societ\u00e0<\/a><\/p><\/blockquote>\n<p><iframe loading=\"lazy\" class=\"wp-embedded-content\" sandbox=\"allow-scripts\" security=\"restricted\" style=\"position: absolute; clip: rect(1px, 1px, 1px, 1px);\" title=\"&#8220;Salute e Societ\u00e0&#8221; &#8212; Radio Pi\u00f9\" src=\"https:\/\/www.radiopiu.net\/wordpress\/saluteesocieta\/embed\/#?secret=pFhyiB4OdN#?secret=IkVEEiyq76\" data-secret=\"IkVEEiyq76\" width=\"600\" height=\"338\" frameborder=\"0\" marginwidth=\"0\" marginheight=\"0\" scrolling=\"no\"><\/iframe><\/p>\n<p>&nbsp;<\/p>\n<hr \/>\n<\/div>\n<\/div>\n<\/div>\n<\/div>\n<\/div>\n<\/div>\n<\/div>\n<\/div>\n<\/div>\n<\/div>\n<\/div>\n<\/div>\n<\/div>\n<\/div>\n<\/div>\n<\/div>\n<\/div>\n<\/div>\n<\/div>\n<\/div>\n<\/div>\n<\/div>\n<\/div>\n<\/div>\n<\/div>\n<\/div>\n<\/div>\n<\/div>\n<\/div>\n<\/div>\n<\/div>\n<\/div>\n<\/div>\n<\/div>\n<\/div>\n<\/div>\n<\/div>\n<\/div>\n<\/div>\n<\/div>\n<\/div>\n<\/div>\n<\/div>\n<\/div>\n<\/div>\n<\/div>\n<\/div>\n<\/div>\n<\/div>\n<\/div>\n<\/div>\n<\/div>\n<\/div>\n<\/div>\n<\/div>\n<\/div>\n<\/div>\n<\/div>\n<\/div>\n<\/div>\n<\/div>\n<\/div>\n<\/div>\n<\/div>\n<p>&nbsp;<\/p>\n<blockquote>\n<h3><span style=\"color: #0000ff;\">RADIO PIU INFORMAZIONE il canale su TELEGRAM informazione di prima mano e in tempo reale. iscriviti ed aiutaci a farlo conoscere\u00a0\u00a0<\/span><\/h3>\n<\/blockquote>\n<div>\n<div class=\"page-title-head hgroup\">\n<div class=\"page-title-head hgroup\">\n<div class=\"page-title-head hgroup\">\n<div class=\"page-title-head hgroup\">\n<div class=\"b654a4as d2edcug0\">\n<div class=\"page-title-head hgroup\">\n<div class=\"page-title-head hgroup\">\n<div class=\"page-title-head hgroup\">\n<div class=\"page-title-head hgroup\">\n<div class=\"b654a4as d2edcug0\">\n<div class=\"page-title-head hgroup\">\n<div class=\"page-title-head hgroup\">\n<div class=\"page-title-head hgroup\">\n<div class=\"page-title-head hgroup\">\n<div class=\"page-title-head hgroup\">\n<div class=\"page-title-head hgroup\">\n<div class=\"page-title-head hgroup\">\n<div class=\"page-title-head hgroup\">\n<div class=\"page-title-head hgroup\">\n<div class=\"b654a4as d2edcug0\">\n<div class=\"page-title-head hgroup\">\n<div class=\"page-title-head hgroup\">\n<div class=\"page-title-head hgroup\">\n<div class=\"page-title-head hgroup\">\n<div class=\"b654a4as d2edcug0\">\n<div><\/div>\n<div>\n<div class=\"page-title-head hgroup\">\n<div class=\"page-title-head hgroup\">\n<div class=\"page-title-head hgroup\">\n<div class=\"page-title-head hgroup\">\n<div class=\"page-title-head hgroup\">\n<div class=\"mkdf-post-text\">\n<div class=\"mkdf-post-text-inner\">\n<div class=\"mkdf-post-text-main\">\n<div class=\"mkdf-post-text\">\n<div class=\"mkdf-post-text-inner\">\n<div class=\"mkdf-post-text-main\">\n<div class=\"mkdf-post-text\">\n<div class=\"mkdf-post-text-inner\">\n<div class=\"mkdf-post-text-main\">\n<div class=\"page-title-head hgroup\">\n<div class=\"page-title-head hgroup\">\n<div class=\"mkdf-post-text\">\n<div class=\"mkdf-post-text-inner\">\n<div class=\"mkdf-post-text-main\">\n<div class=\"mkdf-post-text\">\n<div class=\"mkdf-post-text-inner\">\n<div class=\"mkdf-post-text-main\">\n<div class=\"page-title-head hgroup\">\n<div class=\"page-title-head hgroup\">\n<div class=\"page-title-head hgroup\">\n<div class=\"page-title-head hgroup\">\n<div class=\"b654a4as d2edcug0\">\n<div class=\"page-title-head hgroup\">\n<div class=\"page-title-head hgroup\">\n<div class=\"page-title-head hgroup\">\n<div class=\"page-title-head hgroup\">\n<div class=\"b654a4as d2edcug0\">\n<div class=\"page-title-head hgroup\">\n<div class=\"page-title-head hgroup\">\n<div class=\"page-title-head hgroup\">\n<p>&nbsp;<\/p>\n<div>\n<div class=\"page-title-head hgroup\">\n<div class=\"page-title-head hgroup\">\n<div class=\"b654a4as d2edcug0\">\n<div class=\"j83agx80 btwxx1t3 lhclo0ds hop8lmos nkwizq5d scwd0bx6 roh60bw9\">\n<div class=\"rq0escxv hkbzh7o3 jwdofwj8 n8tt0mok r8blr3vg hyh9befq\">\n<div class=\"do00u71z l9j0dhe7 k4urcfbm\">\n<div class=\"page-title-head hgroup\">\n<div class=\"page-title-head hgroup\">\n<div class=\"b654a4as d2edcug0\">\n<div class=\"j83agx80 btwxx1t3 lhclo0ds hop8lmos nkwizq5d scwd0bx6 roh60bw9\">\n<div class=\"rq0escxv hkbzh7o3 jwdofwj8 n8tt0mok r8blr3vg hyh9befq\">\n<div class=\"do00u71z l9j0dhe7 k4urcfbm\">\n<div class=\"ecm0bbzt e5nlhep0 a8c37x1j\">\n<div class=\"kvgmc6g5 cxmmr5t8 oygrvhab hcukyx3x c1et5uql\">\n<div class=\"gmail-kvgmc6g5 gmail-cxmmr5t8 gmail-oygrvhab gmail-hcukyx3x gmail-c1et5uql gmail-ii04i59q\">\n<div class=\"page-title-head hgroup\">\n<div class=\"page-title-head hgroup\">\n<div class=\"b654a4as d2edcug0\">\n<div class=\"j83agx80 btwxx1t3 lhclo0ds hop8lmos nkwizq5d scwd0bx6 roh60bw9\">\n<div class=\"rq0escxv hkbzh7o3 jwdofwj8 n8tt0mok r8blr3vg hyh9befq\">\n<div class=\"do00u71z l9j0dhe7 k4urcfbm\">\n<div class=\"page-title-head hgroup\">\n<div class=\"page-title-head hgroup\">\n<div class=\"b654a4as d2edcug0\">\n<div class=\"j83agx80 btwxx1t3 lhclo0ds hop8lmos nkwizq5d scwd0bx6 roh60bw9\">\n<div class=\"rq0escxv hkbzh7o3 jwdofwj8 n8tt0mok r8blr3vg hyh9befq\">\n<div class=\"do00u71z l9j0dhe7 k4urcfbm\">\n<div class=\"page-title-head hgroup\">\n<div class=\"page-title-head hgroup\">\n<div class=\"b654a4as d2edcug0\">\n<div class=\"j83agx80 btwxx1t3 lhclo0ds hop8lmos nkwizq5d scwd0bx6 roh60bw9\">\n<div class=\"rq0escxv hkbzh7o3 jwdofwj8 n8tt0mok r8blr3vg hyh9befq\">\n<div class=\"do00u71z l9j0dhe7 k4urcfbm\">\n<div class=\"ecm0bbzt e5nlhep0 a8c37x1j\">\n<div class=\"kvgmc6g5 cxmmr5t8 oygrvhab hcukyx3x c1et5uql\">\n<div class=\"gmail-kvgmc6g5 gmail-cxmmr5t8 gmail-oygrvhab gmail-hcukyx3x gmail-c1et5uql gmail-ii04i59q\">\n<div class=\"page-title-head hgroup\">\n<div class=\"page-title-head hgroup\">\n<div class=\"b654a4as d2edcug0\">\n<div class=\"j83agx80 btwxx1t3 lhclo0ds hop8lmos nkwizq5d scwd0bx6 roh60bw9\">\n<div class=\"rq0escxv hkbzh7o3 jwdofwj8 n8tt0mok r8blr3vg hyh9befq\">\n<div class=\"do00u71z l9j0dhe7 k4urcfbm\">\n<div class=\"page-title-head hgroup\">\n<div class=\"page-title-head hgroup\">\n<div class=\"page-title-head hgroup\">\n<div class=\"page-title-head hgroup\">\n<div class=\"b654a4as d2edcug0\">\n<div class=\"page-title-head hgroup\">\n<div class=\"page-title-head hgroup\">\n<div class=\"page-title-head hgroup\">\n<div class=\"page-title-head hgroup\">\n<div class=\"b654a4as d2edcug0\">\n<div class=\"page-title-head hgroup\">\n<div class=\"page-title-head hgroup\">\n<div class=\"page-title-head hgroup\">\n<div class=\"page-title-head hgroup\">\n<div class=\"page-title-head hgroup\">\n<div class=\"page-title-head hgroup\">\n<div class=\"page-title-head hgroup\">\n<div class=\"page-title-head hgroup\">\n<div class=\"page-title-head hgroup\">\n<div class=\"b654a4as d2edcug0\">\n<div class=\"page-title-head hgroup\">\n<div class=\"page-title-head hgroup\">\n<div class=\"page-title-head hgroup\">\n<div class=\"page-title-head hgroup\">\n<div class=\"b654a4as d2edcug0\">\n<div class=\"page-title-head hgroup\">\n<div class=\"page-title-head hgroup\">\n<div class=\"page-title-head hgroup\">\n<div class=\"page-title-head hgroup\">\n<div class=\"page-title-head hgroup\">\n<div class=\"mkdf-post-text\">\n<div class=\"mkdf-post-text-inner\">\n<div class=\"mkdf-post-text-main\">\n<div class=\"mkdf-post-text\">\n<div class=\"mkdf-post-text-inner\">\n<div class=\"mkdf-post-text-main\">\n<div class=\"mkdf-post-text\">\n<div class=\"mkdf-post-text-inner\">\n<div class=\"mkdf-post-text-main\">\n<div class=\"page-title-head hgroup\">\n<div class=\"page-title-head hgroup\">\n<div class=\"mkdf-post-text\">\n<div class=\"mkdf-post-text-inner\">\n<div class=\"mkdf-post-text-main\">\n<div class=\"mkdf-post-text\">\n<div class=\"mkdf-post-text-inner\">\n<div class=\"mkdf-post-text-main\">\n<div class=\"page-title-head hgroup\">\n<div class=\"page-title-head hgroup\">\n<div class=\"page-title-head hgroup\">\n<div class=\"page-title-head hgroup\">\n<div class=\"b654a4as d2edcug0\">\n<div class=\"page-title-head hgroup\">\n<div class=\"page-title-head hgroup\">\n<div class=\"page-title-head hgroup\">\n<div class=\"page-title-head hgroup\">\n<div class=\"b654a4as d2edcug0\">\n<div class=\"page-title-head hgroup\">\n<div class=\"page-title-head hgroup\">\n<div class=\"page-title-head hgroup\">\n<div class=\"page-title-head hgroup\">\n<div class=\"b654a4as d2edcug0\">\n<div class=\"ecm0bbzt e5nlhep0 a8c37x1j\">\n<div class=\"kvgmc6g5 cxmmr5t8 oygrvhab hcukyx3x c1et5uql\">\n<div class=\"gmail-kvgmc6g5 gmail-cxmmr5t8 gmail-oygrvhab gmail-hcukyx3x gmail-c1et5uql gmail-ii04i59q\">\n<div class=\"page-title-head hgroup\">\n<div class=\"page-title-head hgroup\">\n<div class=\"b654a4as d2edcug0\">\n<div class=\"j83agx80 btwxx1t3 lhclo0ds hop8lmos nkwizq5d scwd0bx6 roh60bw9\">\n<div class=\"rq0escxv hkbzh7o3 jwdofwj8 n8tt0mok r8blr3vg hyh9befq\">\n<div class=\"do00u71z l9j0dhe7 k4urcfbm\">\n<div class=\"page-title-head hgroup\">\n<div class=\"page-title-head hgroup\">\n<div class=\"page-title-head hgroup\">\n<div class=\"page-title-head hgroup\">\n<div class=\"b654a4as d2edcug0\">\n<div class=\"page-title-head hgroup\">\n<div class=\"page-title-head hgroup\">\n<div class=\"page-title-head hgroup\">\n<div class=\"page-title-head hgroup\">\n<div class=\"b654a4as d2edcug0\">\n<div class=\"page-title-head hgroup\">\n<div class=\"page-title-head hgroup\">\n<div class=\"page-title-head hgroup\">\n<div class=\"page-title-head hgroup\">\n<div class=\"page-title-head hgroup\">\n<div class=\"page-title-head hgroup\">\n<div class=\"page-title-head hgroup\">\n<div class=\"page-title-head hgroup\">\n<div class=\"page-title-head hgroup\">\n<div class=\"b654a4as d2edcug0\">\n<div class=\"page-title-head hgroup\">\n<div class=\"page-title-head hgroup\">\n<div class=\"page-title-head hgroup\">\n<div class=\"page-title-head hgroup\">\n<div class=\"b654a4as d2edcug0\">\n<div class=\"page-title-head hgroup\">\n<div class=\"page-title-head hgroup\">\n<div class=\"page-title-head hgroup\">\n<div class=\"page-title-head hgroup\">\n<div class=\"page-title-head hgroup\">\n<div class=\"mkdf-post-text\">\n<div class=\"mkdf-post-text-inner\">\n<div class=\"mkdf-post-text-main\">\n<div class=\"mkdf-post-text\">\n<div class=\"mkdf-post-text-inner\">\n<div class=\"mkdf-post-text-main\">\n<div class=\"mkdf-post-text\">\n<div class=\"mkdf-post-text-inner\">\n<div class=\"mkdf-post-text-main\">\n<div class=\"page-title-head hgroup\">\n<div class=\"page-title-head hgroup\">\n<div class=\"mkdf-post-text\">\n<div class=\"mkdf-post-text-inner\">\n<div class=\"mkdf-post-text-main\">\n<div class=\"mkdf-post-text\">\n<div class=\"mkdf-post-text-inner\">\n<div class=\"mkdf-post-text-main\">\n<div class=\"page-title-head hgroup\">\n<div class=\"page-title-head hgroup\">\n<div class=\"page-title-head hgroup\">\n<div class=\"page-title-head hgroup\">\n<div class=\"b654a4as d2edcug0\">\n<div class=\"page-title-head hgroup\">\n<div class=\"page-title-head hgroup\">\n<div class=\"page-title-head hgroup\">\n<div class=\"page-title-head hgroup\">\n<div class=\"b654a4as d2edcug0\">\n<div class=\"page-title-head hgroup\">\n<div class=\"page-title-head hgroup\">\n<div class=\"page-title-head hgroup\">\n<div class=\"page-title-head hgroup\">\n<div class=\"b654a4as d2edcug0\">\n<hr \/>\n<p>&nbsp;<\/p>\n<div>\n<p><strong>DUE MINUTI UN LIBRO, TUTTI I GIORNI ALLA RADIO ALLE 9.40 E ALLE 17.50\u00a0\u00a0<\/strong><\/p>\n<div>\n<div>\n<p><strong>LA RACCOLTA COMPLETA\u00a0\u00a0<\/strong><\/p>\n<\/div>\n<\/div>\n<\/div>\n<div class=\"mkdf-post-text\">\n<div class=\"mkdf-post-text-inner\">\n<div class=\"mkdf-post-text-main\">\n<div class=\"mkdf-post-text\">\n<div class=\"mkdf-post-text-inner\">\n<div class=\"mkdf-post-text-main\">\n<div class=\"mkdf-post-text\">\n<div class=\"mkdf-post-text-inner\">\n<div class=\"mkdf-post-text-main\">\n<div class=\"page-title-head hgroup\">\n<div class=\"page-title-head hgroup\">\n<div class=\"mkdf-post-text\">\n<div class=\"mkdf-post-text-inner\">\n<div class=\"mkdf-post-text-main\">\n<div class=\"mkdf-post-text\">\n<div class=\"mkdf-post-text-inner\">\n<div class=\"mkdf-post-text-main\">\n<div class=\"page-title-head hgroup\">\n<div class=\"page-title-head hgroup\">\n<div class=\"page-title-head hgroup\">\n<div class=\"page-title-head hgroup\">\n<div class=\"b654a4as d2edcug0\">\n<div class=\"page-title-head hgroup\">\n<div class=\"page-title-head hgroup\">\n<div class=\"page-title-head hgroup\">\n<div class=\"page-title-head hgroup\">\n<div class=\"b654a4as d2edcug0\">\n<div class=\"page-title-head hgroup\">\n<div class=\"page-title-head hgroup\">\n<div class=\"page-title-head hgroup\">\n<div class=\"page-title-head hgroup\">\n<div class=\"b654a4as d2edcug0\">\n<div>\n<blockquote class=\"wp-embedded-content\" data-secret=\"xh97FS0qor\"><p><a href=\"https:\/\/www.radiopiu.net\/wordpress\/due-minuti-un-libro\/\">Due minuti un libro<\/a><\/p><\/blockquote>\n<p><iframe loading=\"lazy\" class=\"wp-embedded-content\" sandbox=\"allow-scripts\" security=\"restricted\" style=\"position: absolute; clip: rect(1px, 1px, 1px, 1px);\" title=\"&#8220;Due minuti un libro&#8221; &#8212; Radio Pi\u00f9\" src=\"https:\/\/www.radiopiu.net\/wordpress\/due-minuti-un-libro\/embed\/#?secret=CQyEqboq2P#?secret=xh97FS0qor\" data-secret=\"xh97FS0qor\" width=\"600\" height=\"338\" frameborder=\"0\" marginwidth=\"0\" marginheight=\"0\" scrolling=\"no\"><\/iframe><\/p>\n<p>&nbsp;<\/p>\n<\/div>\n<div>\n<hr \/>\n<p>&nbsp;<\/p>\n<\/div>\n<h2><span style=\"color: #808000;\">L&#8217;ALMANACCO LADINO\u00a0\u00a0<\/span><\/h2>\n<p><strong>LA RACCOLTA<\/strong><\/p>\n<blockquote class=\"wp-embedded-content\" data-secret=\"l5nqHCdesu\"><p><a href=\"https:\/\/www.radiopiu.net\/wordpress\/almanacco-ladino\/\">Almanacco Ladino<\/a><\/p><\/blockquote>\n<p><iframe loading=\"lazy\" class=\"wp-embedded-content\" sandbox=\"allow-scripts\" security=\"restricted\" style=\"position: absolute; clip: rect(1px, 1px, 1px, 1px);\" title=\"&#8220;Almanacco Ladino&#8221; &#8212; Radio Pi\u00f9\" src=\"https:\/\/www.radiopiu.net\/wordpress\/almanacco-ladino\/embed\/#?secret=6aDI7mD8i6#?secret=l5nqHCdesu\" data-secret=\"l5nqHCdesu\" width=\"600\" height=\"338\" frameborder=\"0\" marginwidth=\"0\" marginheight=\"0\" scrolling=\"no\"><\/iframe><\/p>\n<hr \/>\n<h2><span style=\"color: #33cccc;\">\u00a0<\/span><\/h2>\n<h2><span style=\"color: #33cccc;\">LA RASSEGNA STAMPA DA L&#8217;AMICO DEL POPOLO<\/span><\/h2>\n<p><strong><a class=\"dt-pswp-item\" href=\"https:\/\/www.radiopiu.net\/wordpress\/wp-content\/uploads\/2021\/01\/loris-serafini.jpg\" data-dt-img-description=\"\" data-large_image_width=\"1440\" data-large_image_height=\"1080\"><img loading=\"lazy\" decoding=\"async\" class=\"size-thumbnail wp-image-183881 alignleft\" src=\"https:\/\/www.radiopiu.net\/wordpress\/wp-content\/uploads\/2021\/01\/loris-serafini-150x150.jpg\" alt=\"\" width=\"150\" height=\"150\" \/><\/a>di Gianni Santomaso<\/strong><\/p>\n<p>OSPITE: Loris Serafini, direttore del MUSAL<\/p>\n<audio class=\"wp-audio-shortcode\" id=\"audio-274229-7\" preload=\"none\" style=\"width: 100%;\" controls=\"controls\"><source type=\"audio\/mpeg\" src=\"https:\/\/www.radiopiu.net\/wordpress\/wp-content\/uploads\/2022\/05\/RASSEGNA-GIANNI.mp3?_=7\" \/><a href=\"https:\/\/www.radiopiu.net\/wordpress\/wp-content\/uploads\/2022\/05\/RASSEGNA-GIANNI.mp3\">https:\/\/www.radiopiu.net\/wordpress\/wp-content\/uploads\/2022\/05\/RASSEGNA-GIANNI.mp3<\/a><\/audio>\n<p>&nbsp;<\/p>\n<p><strong>LA RACCOLTA COMPLETA<\/strong><\/p>\n<blockquote class=\"wp-embedded-content\" data-secret=\"avH2VCUdW5\"><p><a href=\"https:\/\/www.radiopiu.net\/wordpress\/rassegna-stampa-di-gianni-santomaso\/\">Rassegna stampa da l&#8217;amico del popolo &#8211; di Gianni Santomaso<\/a><\/p><\/blockquote>\n<p><iframe loading=\"lazy\" class=\"wp-embedded-content\" sandbox=\"allow-scripts\" security=\"restricted\" style=\"position: absolute; clip: rect(1px, 1px, 1px, 1px);\" title=\"&#8220;Rassegna stampa da l&#8217;amico del popolo &#8211; di Gianni Santomaso&#8221; &#8212; Radio Pi\u00f9\" src=\"https:\/\/www.radiopiu.net\/wordpress\/rassegna-stampa-di-gianni-santomaso\/embed\/#?secret=zeu6je45EP#?secret=avH2VCUdW5\" data-secret=\"avH2VCUdW5\" width=\"600\" height=\"338\" frameborder=\"0\" marginwidth=\"0\" marginheight=\"0\" scrolling=\"no\"><\/iframe><\/p>\n<p>&nbsp;<\/p>\n<hr \/>\n<p>&nbsp;<\/p>\n<div>\n<div class=\"page-title-head hgroup\">\n<div class=\"page-title-head hgroup\">\n<div class=\"b654a4as d2edcug0\">\n<div class=\"j83agx80 btwxx1t3 lhclo0ds hop8lmos nkwizq5d scwd0bx6 roh60bw9\">\n<div class=\"rq0escxv hkbzh7o3 jwdofwj8 n8tt0mok r8blr3vg hyh9befq\">\n<div class=\"do00u71z l9j0dhe7 k4urcfbm\">\n<div class=\"ecm0bbzt e5nlhep0 a8c37x1j\">\n<div class=\"kvgmc6g5 cxmmr5t8 oygrvhab hcukyx3x c1et5uql\">\n<div class=\"gmail-kvgmc6g5 gmail-cxmmr5t8 gmail-oygrvhab gmail-hcukyx3x gmail-c1et5uql gmail-ii04i59q\">\n<div class=\"page-title-head hgroup\">\n<div class=\"page-title-head hgroup\">\n<div class=\"b654a4as d2edcug0\">\n<div class=\"j83agx80 btwxx1t3 lhclo0ds hop8lmos nkwizq5d scwd0bx6 roh60bw9\">\n<div class=\"rq0escxv hkbzh7o3 jwdofwj8 n8tt0mok r8blr3vg hyh9befq\">\n<div class=\"do00u71z l9j0dhe7 k4urcfbm\">\n<div class=\"page-title-head hgroup\">\n<div class=\"page-title-head hgroup\">\n<div class=\"page-title-head hgroup\">\n<div class=\"page-title-head hgroup\">\n<div class=\"b654a4as d2edcug0\">\n<div class=\"page-title-head hgroup\">\n<div class=\"page-title-head hgroup\">\n<div class=\"page-title-head hgroup\">\n<div class=\"page-title-head hgroup\">\n<div class=\"b654a4as d2edcug0\">\n<div class=\"page-title-head hgroup\">\n<div class=\"page-title-head hgroup\">\n<div class=\"page-title-head hgroup\">\n<div class=\"page-title-head hgroup\">\n<div class=\"page-title-head hgroup\">\n<div class=\"page-title-head hgroup\">\n<div class=\"page-title-head hgroup\">\n<div class=\"page-title-head hgroup\">\n<div class=\"page-title-head hgroup\">\n<div class=\"b654a4as d2edcug0\">\n<div class=\"page-title-head hgroup\">\n<div class=\"page-title-head hgroup\">\n<div class=\"page-title-head hgroup\">\n<div class=\"page-title-head hgroup\">\n<div class=\"b654a4as d2edcug0\">\n<div class=\"page-title-head hgroup\">\n<div class=\"page-title-head hgroup\">\n<div class=\"page-title-head hgroup\">\n<div class=\"page-title-head hgroup\">\n<div class=\"page-title-head hgroup\">\n<div class=\"mkdf-post-text\">\n<div class=\"mkdf-post-text-inner\">\n<div class=\"mkdf-post-text-main\">\n<div class=\"mkdf-post-text\">\n<div class=\"mkdf-post-text-inner\">\n<div class=\"mkdf-post-text-main\">\n<div class=\"mkdf-post-text\">\n<div class=\"mkdf-post-text-inner\">\n<div class=\"mkdf-post-text-main\">\n<div class=\"page-title-head hgroup\">\n<div class=\"page-title-head hgroup\">\n<div class=\"mkdf-post-text\">\n<div class=\"mkdf-post-text-inner\">\n<div class=\"mkdf-post-text-main\">\n<div class=\"mkdf-post-text\">\n<div class=\"mkdf-post-text-inner\">\n<div class=\"mkdf-post-text-main\">\n<div class=\"page-title-head hgroup\">\n<div class=\"page-title-head hgroup\">\n<div class=\"page-title-head hgroup\">\n<div class=\"page-title-head hgroup\">\n<div class=\"b654a4as d2edcug0\">\n<div class=\"page-title-head hgroup\">\n<div class=\"page-title-head hgroup\">\n<div class=\"page-title-head hgroup\">\n<div class=\"page-title-head hgroup\">\n<div class=\"b654a4as d2edcug0\">\n<div class=\"page-title-head hgroup\">\n<div class=\"page-title-head hgroup\">\n<div class=\"page-title-head hgroup\">\n<div class=\"page-title-head hgroup\">\n<div class=\"b654a4as d2edcug0\">\n<h2><span style=\"color: #800080;\">I RACCONTI DI PAOLO SOPPELSA\u00a0<\/span><\/h2>\n<p><strong>LA RACCOLTA COMPLETA<\/strong><\/p>\n<blockquote class=\"wp-embedded-content\" data-secret=\"mOoXCQDDX4\"><p><a href=\"https:\/\/www.radiopiu.net\/wordpress\/i-racconti-di-paolo-soppelsa\/\">I racconti di Paolo Soppelsa<\/a><\/p><\/blockquote>\n<p><iframe loading=\"lazy\" class=\"wp-embedded-content\" sandbox=\"allow-scripts\" security=\"restricted\" style=\"position: absolute; clip: rect(1px, 1px, 1px, 1px);\" title=\"&#8220;I racconti di Paolo Soppelsa&#8221; &#8212; Radio Pi\u00f9\" src=\"https:\/\/www.radiopiu.net\/wordpress\/i-racconti-di-paolo-soppelsa\/embed\/#?secret=rSrHo1GplM#?secret=mOoXCQDDX4\" data-secret=\"mOoXCQDDX4\" width=\"600\" height=\"338\" frameborder=\"0\" marginwidth=\"0\" marginheight=\"0\" scrolling=\"no\"><\/iframe><\/p>\n<p>&nbsp;<\/p>\n<hr \/>\n<p>&nbsp;<\/p>\n<\/div>\n<\/div>\n<\/div>\n<\/div>\n<\/div>\n<\/div>\n<\/div>\n<\/div>\n<\/div>\n<\/div>\n<\/div>\n<\/div>\n<\/div>\n<\/div>\n<\/div>\n<\/div>\n<\/div>\n<\/div>\n<\/div>\n<\/div>\n<\/div>\n<\/div>\n<\/div>\n<\/div>\n<\/div>\n<\/div>\n<\/div>\n<\/div>\n<\/div>\n<\/div>\n<\/div>\n<\/div>\n<\/div>\n<\/div>\n<\/div>\n<\/div>\n<\/div>\n<\/div>\n<\/div>\n<\/div>\n<\/div>\n<\/div>\n<\/div>\n<\/div>\n<\/div>\n<\/div>\n<\/div>\n<\/div>\n<\/div>\n<\/div>\n<\/div>\n<\/div>\n<\/div>\n<\/div>\n<\/div>\n<\/div>\n<\/div>\n<\/div>\n<\/div>\n<\/div>\n<\/div>\n<\/div>\n<\/div>\n<\/div>\n<\/div>\n<\/div>\n<\/div>\n<\/div>\n<\/div>\n<\/div>\n<\/div>\n<\/div>\n<\/div>\n<\/div>\n<\/div>\n<\/div>\n<\/div>\n<\/div>\n<\/div>\n<\/div>\n<\/div>\n<\/div>\n<\/div>\n<\/div>\n<\/div>\n<\/div>\n<\/div>\n<\/div>\n<\/div>\n<\/div>\n<\/div>\n<\/div>\n<\/div>\n<\/div>\n<\/div>\n<\/div>\n<\/div>\n<\/div>\n<\/div>\n<\/div>\n<\/div>\n<\/div>\n<\/div>\n<\/div>\n<\/div>\n<\/div>\n<\/div>\n<\/div>\n<\/div>\n<\/div>\n<\/div>\n<div class=\"b654a4as d2edcug0\">\n<div class=\"ecm0bbzt e5nlhep0 a8c37x1j\">\n<div class=\"kvgmc6g5 cxmmr5t8 oygrvhab hcukyx3x c1et5uql\">\n<div class=\"gmail-kvgmc6g5 gmail-cxmmr5t8 gmail-oygrvhab gmail-hcukyx3x gmail-c1et5uql gmail-ii04i59q\">\n<div>\n<div class=\"page-title-head hgroup\">\n<div class=\"page-title-head hgroup\">\n<div class=\"b654a4as d2edcug0\">\n<div class=\"j83agx80 btwxx1t3 lhclo0ds hop8lmos nkwizq5d scwd0bx6 roh60bw9\">\n<div class=\"rq0escxv hkbzh7o3 jwdofwj8 n8tt0mok r8blr3vg hyh9befq\">\n<div class=\"do00u71z l9j0dhe7 k4urcfbm\">\n<div>\n<div class=\"page-title-head hgroup\">\n<div class=\"page-title-head hgroup\">\n<div class=\"page-title-head hgroup\">\n<div class=\"page-title-head hgroup\">\n<div class=\"b654a4as d2edcug0\">\n<div class=\"page-title-head hgroup\">\n<div class=\"page-title-head hgroup\">\n<div class=\"page-title-head hgroup\">\n<div class=\"page-title-head hgroup\">\n<div class=\"b654a4as d2edcug0\">\n<div class=\"page-title-head hgroup\">\n<div class=\"page-title-head hgroup\">\n<div class=\"page-title-head hgroup\">\n<div class=\"page-title-head hgroup\">\n<div class=\"page-title-head hgroup\">\n<div class=\"mkdf-post-text\">\n<div class=\"mkdf-post-text-inner\">\n<div class=\"mkdf-post-text-main\">\n<div class=\"mkdf-post-text\">\n<div class=\"mkdf-post-text-inner\">\n<div class=\"mkdf-post-text-main\">\n<div class=\"mkdf-post-text\">\n<div class=\"mkdf-post-text-inner\">\n<div class=\"mkdf-post-text-main\">\n<div class=\"page-title-head hgroup\">\n<div class=\"page-title-head hgroup\">\n<div class=\"mkdf-post-text\">\n<div class=\"mkdf-post-text-inner\">\n<div class=\"mkdf-post-text-main\">\n<div class=\"mkdf-post-text\">\n<div class=\"mkdf-post-text-inner\">\n<div class=\"mkdf-post-text-main\">\n<div>\n<div class=\"page-title-head hgroup\">\n<div class=\"page-title-head hgroup\">\n<div>\n<div class=\"page-title-head hgroup\">\n<div class=\"page-title-head hgroup\">\n<div class=\"b654a4as d2edcug0\">\n<div>\n<div class=\"page-title-head hgroup\" style=\"text-align: left;\">\n<div class=\"page-title-head hgroup\">\n<div dir=\"auto\">\n<p><a class=\"dt-pswp-item pspw-wrap-ready\" href=\"https:\/\/i0.wp.com\/www.radiopiu.net\/wordpress\/wp-content\/uploads\/2018\/09\/WhatsApp-Image-2018-09-20-at-16.04.06.jpeg?ssl=1\" data-dt-img-description=\"\" data-large_image_width=\"800\" data-large_image_height=\"100\"><img loading=\"lazy\" decoding=\"async\" class=\"aligncenter wp-image-61378 size-full jetpack-lazy-image jetpack-lazy-image--handled\" src=\"https:\/\/i0.wp.com\/www.radiopiu.net\/wordpress\/wp-content\/uploads\/2018\/09\/WhatsApp-Image-2018-09-20-at-16.04.06.jpeg?resize=800%2C100&amp;ssl=1\" sizes=\"auto, (max-width: 800px) 100vw, 800px\" srcset=\"https:\/\/i0.wp.com\/www.radiopiu.net\/wordpress\/wp-content\/uploads\/2018\/09\/WhatsApp-Image-2018-09-20-at-16.04.06.jpeg?w=800&amp;ssl=1 800w, https:\/\/i0.wp.com\/www.radiopiu.net\/wordpress\/wp-content\/uploads\/2018\/09\/WhatsApp-Image-2018-09-20-at-16.04.06.jpeg?resize=300%2C38&amp;ssl=1 300w, https:\/\/i0.wp.com\/www.radiopiu.net\/wordpress\/wp-content\/uploads\/2018\/09\/WhatsApp-Image-2018-09-20-at-16.04.06.jpeg?resize=768%2C96&amp;ssl=1 768w\" alt=\"\" width=\"800\" height=\"100\" data-lazy-loaded=\"1\" \/><\/a><\/p>\n<\/div>\n<\/div>\n<\/div>\n<\/div>\n<\/div>\n<\/div>\n<\/div>\n<\/div>\n<\/div>\n<\/div>\n<\/div>\n<\/div>\n<\/div>\n<\/div>\n<\/div>\n<\/div>\n<\/div>\n<\/div>\n<\/div>\n<\/div>\n<\/div>\n<\/div>\n<\/div>\n<\/div>\n<\/div>\n<\/div>\n<\/div>\n<\/div>\n<\/div>\n<\/div>\n<\/div>\n<\/div>\n<\/div>\n<\/div>\n<\/div>\n<\/div>\n<\/div>\n<\/div>\n<\/div>\n<\/div>\n<\/div>\n<\/div>\n<\/div>\n<\/div>\n<\/div>\n<\/div>\n<\/div>\n<\/div>\n<\/div>\n<\/div>\n<\/div>\n<\/div>\n<\/div>\n<\/div>\n<\/div>\n<\/div>\n<\/div>\n<\/div>\n<\/div>\n<\/div>\n<\/div>\n<\/div>\n<\/div>\n<\/div>\n<\/div>\n<\/div>\n<\/div>\n<\/div>\n<\/div>\n<\/div>\n<\/div>\n<\/div>\n<\/div>\n<\/div>\n<\/div>\n<\/div>\n<\/div>\n<\/div>\n<\/div>\n<\/div>\n<\/div>\n<\/div>\n<\/div>\n<\/div>\n<\/div>\n<\/div>\n<\/div>\n<\/div>\n<\/div>\n<\/div>\n<\/div>\n<\/div>\n<\/div>\n<\/div>\n<\/div>\n<\/div>\n<\/div>\n<\/div>\n<\/div>\n<\/div>\n<\/div>\n<\/div>\n<\/div>\n<\/div>\n<\/div>\n<\/div>\n<\/div>\n<\/div>\n<\/div>\n<\/div>\n<\/div>\n<\/div>\n<\/div>\n<\/div>\n<\/div>\n<\/div>\n<\/div>\n<\/div>\n<\/div>\n<\/div>\n<\/div>\n<\/div>\n<\/div>\n<\/div>\n<\/div>\n<\/div>\n<\/div>\n<\/div>\n<\/div>\n<\/div>\n<\/div>\n<\/div>\n<\/div>\n<\/div>\n<\/div>\n<\/div>\n<\/div>\n<\/div>\n<\/div>\n<\/div>\n<\/div>\n<\/div>\n<\/div>\n<\/div>\n<\/div>\n<\/div>\n<\/div>\n<\/div>\n<\/div>\n<\/div>\n<\/div>\n<\/div>\n<\/div>\n<\/div>\n<\/div>\n<\/div>\n<\/div>\n<\/div>\n<\/div>\n<\/div>\n<\/div>\n<\/div>\n<\/div>\n<\/div>\n<\/div>\n<\/div>\n<\/div>\n<\/div>\n<\/div>\n<\/div>\n<\/div>\n<\/div>\n<\/div>\n<\/div>\n<\/div>\n<\/div>\n<\/div>\n<\/div>\n<\/div>\n<\/div>\n<\/div>\n<\/div>\n<\/div>\n<\/div>\n<\/div>\n<\/div>\n<\/div>\n<\/div>\n<\/div>\n<\/div>\n<\/div>\n<\/div>\n<\/div>\n<\/div>\n<\/div>\n<\/div>\n<\/div>\n<\/div>\n<\/div>\n<\/div>\n<\/div>\n<\/div>\n<\/div>\n<\/div>\n<\/div>\n<\/div>\n<\/div>\n<\/div>\n<\/div>\n<\/div>\n<\/div>\n<\/div>\n<\/div>\n<\/div>\n<\/div>\n<\/div>\n<\/div>\n<\/div>\n<\/div>\n<\/div>\n<\/div>\n<\/div>\n<\/div>\n<\/div>\n<\/div>\n<\/div>\n<\/div>\n<\/div>\n<\/div>\n<\/div>\n<p>&nbsp;<\/p>\n<p><center><b>Lunedi 9<\/b><\/center><b>Tempo atteso: <\/b>Al mattino, fino a poco dopo l&#8217;alba, sereno o poco nuvoloso con qualche foschia o banco di nebbia in alcune valli; ben presto, nel corso della mattinata graduale aumento della nuvolosit\u00e0 a sviluppo cumuliforme associata, dalle ore centrali, a qualche precipitazione.<br \/>\n<b>Precipitazioni: <\/b>Al mattino assenti (0%); dalle ore centrali, aumento della probabilit\u00e0 fino a medio-alta (50-75%) di precipitazioni sparse anche a carattere di rovescio o di sporadico temporale, con limite della neve oltre i 2400-2600 m. Si prevedono quantitativi fino a 5-6 mm con picchi di 10-12 mm in caso di rovesci.<br \/>\n<b>Temperature: <\/b>Minime in temporanea diminuzione, massime in aumento anche sensibile, con importante escursione termica giornaliera. Su Prealpi a 1500 m min 5\u00b0, max 11\u00b0; a 2000 m min 0\u00b0, max 7\u00b0. Su Dolomiti a 2000 m min 1\u00b0, max 8\u00b0; a 3000 m min -5\u00b0, max -1\u00b0.<br \/>\n<b>Venti: <\/b>Nelle valli in genere deboli con qualche moderato rinforzo per brezze specie dalle ore centrali, in quota deboli o moderati ancora orientali, a 10-15 km\/h sia a 2000 che a 3000 m.<\/p>\n<hr \/>\n<p><center><b>Martedi 10<\/b><\/center><b>Tempo atteso: <\/b>Tempo in prevalenza stabile e soleggiato, con addensamenti nuvolosi diurni in prossimit\u00e0 delle cime, generalmente innocui; tuttavia, non si esclude che localmente possano determinare qualche sporadico piovasco.<br \/>\n<b>Precipitazioni: <\/b>Generalmente assenti (10%), salvo sporadici e isolati piovaschi durante le ore pi\u00f9 calde eventualmente nevosi oltre i 2800 m.<br \/>\n<b>Temperature: <\/b>Minime senza notevoli variazioni salvo dei leggeri aumenti, massime in ulteriore aumento, con importante escursione termica giornaliera, su valori superiori alla norma di qualche grado. Clima ancora fresco al mattino, piuttosto gradevole durante le ore diurne. Su Prealpi a 1500 m min 5\u00b0, max 13\u00b0; a 2000 m min 2\u00b0, max 10\u00b0. Su Dolomiti a 2000 m min 3\u00b0, max 12\u00b0; a 3000 m min -4\u00b0, max 3\u00b0.<br \/>\n<b>Venti: <\/b>Nelle valli in genere deboli con qualche moderato rinforzo per brezze, specie dalle ore centrali, in quota deboli o moderati da nord, a 10-20 km\/h sia a 2000 che a 3000 m.<\/p>\n<hr \/>\n<p><center><b>Mercoledi 11<\/b><\/center>Tempo soleggiato e stabile specie al mattino; dalle ore centrali probabili addensamenti dovuti al riscaldamento diurno, specie sulle Dolomiti in prossimit\u00e0 delle cime, e non si esclude possano determinare localmente qualche sporadico e breve piovasco, specie lungo i pendii. Temperature in ulteriore aumento, specie nei valori massimi, che saranno superiori alla norma. Clima diurno gradevole con ulteriore lieve aumento dell&#8217;escursione termica giornaliera. Venti in quota deboli in prevalenza occidentali.<\/p>\n<hr \/>\n<p><center><b>Giovedi 12<\/b><\/center>Tempo ancora in prevalenza soleggiato e stabile specie al mattino, salvo qualche temporanea foschia o nube bassa in alcune valli prealpine; probabili addensamenti diurno specie sulle Dolomiti in prossimit\u00e0 delle cime, e non si esclude possano determinare localmente qualche sporadico e breve piovasco, soprattutto lungo i pendii. Temperature in ulteriore aumento, specie le minime, con valori che rimarranno superiori alla norma. Venti in quota moderati ancora occidentali. Previsore: M.Padoan<\/p>\n<p>&nbsp;<\/p>\n<hr \/>\n<p>&nbsp;<\/p>\n<p>&nbsp;<\/p>\n<p><a href=\"https:\/\/www.radiopiu.net\/wordpress\/giornale-radiopiu-26-settembre-2018-direttore-mirko-mezzacasa\/viabilita-2\/\" rel=\"attachment wp-att-61954\"><img loading=\"lazy\" decoding=\"async\" class=\"aligncenter wp-image-61954 size-full\" src=\"https:\/\/www.radiopiu.net\/wordpress\/wp-content\/uploads\/2018\/09\/viabilita.jpeg\" sizes=\"auto, (max-width: 800px) 100vw, 800px\" srcset=\"https:\/\/www.radiopiu.net\/wordpress\/wp-content\/uploads\/2018\/09\/viabilita.jpeg 800w, https:\/\/www.radiopiu.net\/wordpress\/wp-content\/uploads\/2018\/09\/viabilita-300x38.jpeg 300w, https:\/\/www.radiopiu.net\/wordpress\/wp-content\/uploads\/2018\/09\/viabilita-768x96.jpeg 768w\" alt=\"\" width=\"800\" height=\"100\" \/><\/a><\/p>\n<p>&nbsp;<\/p>\n<blockquote class=\"wp-embedded-content\" data-secret=\"aEvTy11Rv5\"><p><a href=\"https:\/\/www.radiopiu.net\/wordpress\/viabilita\/\">viabilita<\/a><\/p><\/blockquote>\n<p><iframe loading=\"lazy\" class=\"wp-embedded-content\" sandbox=\"allow-scripts\" security=\"restricted\" style=\"position: absolute; clip: rect(1px, 1px, 1px, 1px);\" title=\"&#8220;viabilita&#8221; &#8212; Radio Pi\u00f9\" src=\"https:\/\/www.radiopiu.net\/wordpress\/viabilita\/embed\/#?secret=347a6ti9TS#?secret=aEvTy11Rv5\" data-secret=\"aEvTy11Rv5\" width=\"600\" height=\"338\" frameborder=\"0\" marginwidth=\"0\" marginheight=\"0\" scrolling=\"no\"><\/iframe><\/p>\n<p>&nbsp;<\/p>\n<hr \/>\n<p>&nbsp;<\/p>\n<p>&nbsp;<\/p>\n<p><img loading=\"lazy\" decoding=\"async\" class=\"wp-image-60761 size-full aligncenter\" src=\"https:\/\/www.radiopiu.net\/wordpress\/wp-content\/uploads\/2018\/09\/sport.jpg\" alt=\"\" width=\"800\" height=\"100\" srcset=\"https:\/\/www.radiopiu.net\/wordpress\/wp-content\/uploads\/2018\/09\/sport.jpg 800w, https:\/\/www.radiopiu.net\/wordpress\/wp-content\/uploads\/2018\/09\/sport-300x38.jpg 300w, https:\/\/www.radiopiu.net\/wordpress\/wp-content\/uploads\/2018\/09\/sport-768x96.jpg 768w\" sizes=\"auto, (max-width: 800px) 100vw, 800px\" \/><\/p>\n<p>&nbsp;<\/p>\n<p><span style=\"color: #0000ff;\"><strong>CALCIO<\/strong><\/span><\/p>\n<blockquote>\n<h3>AGORDINA E KERALPEN PAREGGIANO<\/h3>\n<\/blockquote>\n<p><strong><a class=\"dt-pswp-item\" href=\"https:\/\/www.radiopiu.net\/wordpress\/wp-content\/uploads\/2022\/03\/CALCIO-2022.jpg\" data-dt-img-description=\"\" data-large_image_width=\"1920\" data-large_image_height=\"1281\"><img loading=\"lazy\" decoding=\"async\" class=\"size-thumbnail wp-image-265514 alignleft\" src=\"https:\/\/www.radiopiu.net\/wordpress\/wp-content\/uploads\/2022\/03\/CALCIO-2022-150x150.jpg\" alt=\"\" width=\"150\" height=\"150\" \/><\/a>SECONDA CATEGORIA GIR. T \/ AGORDINA &#8211; CASTION 3-3 (Gol Agordina: Zannoni, Del Chin, Paganin)<\/strong><\/p>\n<p>Pari e patta tra Agordina e Castion nella penultima giornata di Seconda Categoria. Risultato giusto per due squadre che non hanno pi\u00f9 nulla da chiedere al campionato. Agordini che passano in doppio vantaggio e poi gli ospiti ingranano la marcia giusta per pareggiare i conti. Sei gol per decidere l\u2019ultima sfida all\u2019Ivano Dorigo per la squadra allenata da Lorenzi. \u00a0Pronti via e la squadra di Agordo si porta subito in vantaggio. Al primo vero affondo viene atterrato in area un giocatore di casa e per l\u2019arbitro non ci sono dubbi, calcio di rigore che Zannoni trasforma. Il Castion non ci sta e subito dopo si avvicina al pareggio in due occasioni. Difese ballerine e spettacolo assicurato. David Del Chin raddoppia per l\u2019Agordina e subito gli ospiti pareggiano i conti. Intanto Fossen si vede annullare per fuorigioco una rete. La sfida si anima e l\u2019arbitro \u00e8 costretto a calmare gli animi. Poche emozioni prima della pausa tra primo e secondo tempo. Volano i cartellini da entrambi i lati e si va al riposo con l\u2019Agordina in vantaggio. Secondo tempo che parte in sordina con le squadre che sembrano non volersi esporre pi\u00f9 di tanto. Il Castion ci prova da distanza ravvicinata ma il portiere agordino salva il risultato. Gli ospiti ingranano la marcia giusta e pareggiano i conti dopo un bel intervento del portiere Conedera. Agordina che torna di nuovo in vantaggio grazie alla conclusione vincente di Paganin su azione da calcio d\u2019angolo. Ma il Castion risponde e riporta sul pareggio la sfida.<\/p>\n<p>&nbsp;<\/p>\n<p><strong>GIOVANISSIMI PROVINCIALI \/ LONGARONE \u2013 AGORDINA 3-5<\/strong><\/p>\n<p>Sagra del gol a Longarone dove l\u2019Agordina incamera 3 punti fondamentali per la classifica. La squadra di De Bastiani vince ma concede forse troppo al Longarone. Una bella prestazione che rimette in corsa per i playoff la compagine di Agordo che dista solo a tre lunghezze dal primo posto disponibile e mancano tre giornate alla fine della stagione regolare quindi tutto pu\u00f2 succedere. Per la cronaca, gli agordini conquistano i 3 punti grazie alle reti di Ganz, Gjinai e una tripletta di Allegro.<\/p>\n<p>&nbsp;<\/p>\n<p><strong>ALLIEVI REGIONALI \/ AGORDINA \u2013 DOLOMITI ACADEMY 2-1<\/strong><\/p>\n<p>L\u2019Agordina vince il derby contro la Dolomiti Academy. Una vittoria di misura per la squadra di Agordo che con i 3 punti incamerati nel fine settimana si avvicina sempre di pi\u00f9 alla salvezza. Un match giocato egregiamente dai ragazzi allenato da Orzetti. La Dolomiti passa in vantaggio a met\u00e0 primo tempo con un rigore dubbio. L\u2019Agordina non si perde d\u2019animo e crea molte occasioni. Nella ripresa l\u2019Agordina pareggia i conti con un tiro al volo di Dell\u2019Osbel su azione di calcio d\u2019angolo. Agordini che vanno alla ricerca del gol vittoria e ci riescono nel finale con Carlin che coglie l\u2019assist di Dell\u2019Osbel per insaccare. Manca un punto per la matematica salvezza e domenica prossima arriva il Conegliano all\u2019Ivano Dorigo per l\u2019ultima partita della stagione.<\/p>\n<p>&nbsp;<\/p>\n<p><strong>JUNIORES REGIONALI \/ ARDITA BREDA \u2013 AGORDINA 4-2<\/strong><\/p>\n<p>Penultima partita stagionale per la Juniores di Roberto Fontanive che crolla in terra trevigiana contro l\u2019Ardita Breda. Un campionato in cui la formazione di Agordo non ha pi\u00f9 nulla da chiedere. I Trevigiani calano il poker nella partita di casa e l\u2019Agordina prova la reazione accorciando le distanze due volte, di cui una su autogol. Ora ultima sfida stagionale all\u2019Ivano Dorigo di Agordo contro il Cavarzano.<\/p>\n<p>&nbsp;<\/p>\n<p><strong>JUNIORES PROVINCIALI \u2013 COPPA VALBELLUNA \/ FIORI BARP \u2013 PLAVIS 2-0<\/strong><\/p>\n<p>Terza vittoria su altrettante partite giocate per il Fiori Barp Juniores nella Coppa Valbelluna. Ancora una volta la squadra sedicense fa la voce grossa e a pagarne le spese \u00e8 la Plavis che ha dovuto inchinarsi di fronte ai bluarancio. La partita si sblocca dopo soli 6\u2019 quando Triches serve Lonati in profondit\u00e0 il quale si trova a tu per tu con l\u2019estremo difensore avversario e lo fredda portando in vantaggio i padroni di casa. Si va al riposo con il Fiori Barp in vantaggio. Nella ripresa arriva il secondo gol dei sedicensi. Punizione di Akel e pallone che supera il portiere della Plavis per insaccarsi.<\/p>\n<p>&nbsp;<\/p>\n<p><strong>ECCELLENZA FEMMINILE 2\u00aa FASE \/ VILLAFRANCHESE &#8211; KERALPEN 1-1 (Gol Keralpen: Conedera)<\/strong><\/p>\n<p>Dopo la vittoria nel derby con il Cadore di sette giorni fa, il Keralpen si ferma contro contro il Villafranchese e non va oltre il pareggio. Bellunesi sotto di un gol che subito pareggiano i conti per un punto che fa bene solo alla classifica. Dopo una prima parte di sfida senza tante emozioni, il match si anima al 30\u2019 quando il Villafranchese passa in vantaggio. Subito la risposta del Keralpen con la solita Conedera che pareggia i conti. Secondo tempo sterile di gol con le squadre che ci provano ma non riescono ad agguantare la vitttoria.<\/p>\n<p>&nbsp;<\/p>\n<hr \/>\n<blockquote>\n<h3><\/h3>\n<h3>PRESENTATE LE 13 SQUADRE DEL CAMPIONATO AGORDINO DI CALCIO. ESTRATTI I DUE GIRONI<\/h3>\n<\/blockquote>\n<p><strong>AGORDO<\/strong> In un Caff\u00e8 Miniere gremito di gente \u00e8 andata in scena la presentazione ufficiale del Campionato Agordino di calcio 2022. 13 le squadre iscritte al torneo organizzato dal Comitato Calcio Agordino e gestito dal CSI di Belluno. La serata \u00e8 iniziata con i saluti di Andrea Baldassi, responsabile del Comitato Calcio Agordino, che ha voluto sottolineare l&#8217;importanza della ripartenza del torneo dopo due anni di stop a causa della pandemia. Il saluto \u00e8 arrivato anche dal vicepresidente del CSI di Belluno Fernando Soccol che ha augurato a tutte le squadre un buon campionato. Poi l&#8217;estrazione delle squadre e degli abbinamento con i rispettivi gironi. Nel Grione A, composto da 7 formazioni e con il turno di riposo, sono finite: Agordo2009, Gosaldo, La Valle, Le Ville, Taibon, Vallada e Voltago. Il Girone B, che inizier\u00e0 il campionato una settimana dopo visto che \u00e8 composto da 6 squadre, \u00e8 composto da: Alleghe, Canale, Caprile, Cencenighe, Fodom e Rivamonte. Il Memorial Denis Tonin inizier\u00e0 il 12 giugno con il girone A e la settimana dopo con il girone B. Il 24 luglio si giocheranno i quarti di finale sui campi di La Valle e Voltago, il 31 luglio le semifinali a Vallada e la finalissima \u00e8 in programma per il 7 agosto sul campo di Gosaldo.\u00a0<strong>OGGI POMERIGGIO LO SPECIALE ALLA RADIO IN &#8220;TERZO TEMPO&#8221;<\/strong><\/p>\n<p><strong>LA DIRETTA DI RADIO PIU&#8217;<\/strong><\/p>\n<audio class=\"wp-audio-shortcode\" id=\"audio-274229-8\" preload=\"none\" style=\"width: 100%;\" controls=\"controls\"><source type=\"audio\/mpeg\" src=\"https:\/\/www.radiopiu.net\/wordpress\/wp-content\/uploads\/2022\/05\/CAMP-AGO-PER-SITO.mp3?_=8\" \/><a href=\"https:\/\/www.radiopiu.net\/wordpress\/wp-content\/uploads\/2022\/05\/CAMP-AGO-PER-SITO.mp3\">https:\/\/www.radiopiu.net\/wordpress\/wp-content\/uploads\/2022\/05\/CAMP-AGO-PER-SITO.mp3<\/a><\/audio>\n<p><strong>\u00a0<\/strong><\/p>\n<p><strong>di Matteo Manfroi<\/strong><\/p>\n<audio class=\"wp-audio-shortcode\" id=\"audio-274229-9\" preload=\"none\" style=\"width: 100%;\" controls=\"controls\"><source type=\"audio\/mpeg\" src=\"https:\/\/www.radiopiu.net\/wordpress\/wp-content\/uploads\/2022\/05\/MANFROI-CAMPIONATO-AGORDINO-CORRIERE-sito.mp3?_=9\" \/><a href=\"https:\/\/www.radiopiu.net\/wordpress\/wp-content\/uploads\/2022\/05\/MANFROI-CAMPIONATO-AGORDINO-CORRIERE-sito.mp3\">https:\/\/www.radiopiu.net\/wordpress\/wp-content\/uploads\/2022\/05\/MANFROI-CAMPIONATO-AGORDINO-CORRIERE-sito.mp3<\/a><\/audio>\n<p>&nbsp;<\/p>\n<p><strong>LA FOTOGALLERY<\/strong><\/p>\n\n\t\t\t<style type='text\/css'>\n\t\t\t\t#gallery-6 {\n\t\t\t\t\tmargin: auto;\n\t\t\t\t}\n\t\t\t\t#gallery-6 .gallery-item {\n\t\t\t\t\tfloat: left;\n\t\t\t\t\tmargin-top: 10px;\n\t\t\t\t\ttext-align: center;\n\t\t\t\t\twidth: 14%;\n\t\t\t\t}\n\t\t\t\t#gallery-6 img {\n\t\t\t\t\tborder: 2px solid #cfcfcf;\n\t\t\t\t}\n\t\t\t\t#gallery-6 .gallery-caption {\n\t\t\t\t\tmargin-left: 0;\n\t\t\t\t}\n\t\t\t\t\/* see gallery_shortcode() in wp-includes\/media.php *\/\n\t\t\t<\/style>\n\t\t<div id='gallery-6' class='dt-gallery-container gallery galleryid-274229 gallery-columns-7 gallery-size-thumbnail'><dl class='gallery-item'>\n\t\t\t\t<dt class='gallery-icon landscape'>\n\t\t\t\t\t<a class=\"rollover rollover-zoom dt-pswp-item\" title=\"bf8c0816-3f24-4be7-a5cd-2ec3b3549d1e\" data-dt-img-description=\"\" data-large_image_width=\"1599\" data-large_image_height=\"899\"href='https:\/\/www.radiopiu.net\/wordpress\/wp-content\/uploads\/2022\/05\/bf8c0816-3f24-4be7-a5cd-2ec3b3549d1e.jpg'><img loading=\"lazy\" decoding=\"async\" width=\"150\" height=\"150\" src=\"https:\/\/www.radiopiu.net\/wordpress\/wp-content\/uploads\/2022\/05\/bf8c0816-3f24-4be7-a5cd-2ec3b3549d1e-150x150.jpg\" class=\"attachment-thumbnail size-thumbnail\" alt=\"\" \/><\/a>\n\t\t\t\t<\/dt><\/dl><dl class='gallery-item'>\n\t\t\t\t<dt class='gallery-icon landscape'>\n\t\t\t\t\t<a class=\"rollover rollover-zoom dt-pswp-item\" title=\"312a0ebc-b30a-49ab-b623-093584ba7e02\" data-dt-img-description=\"\" data-large_image_width=\"1599\" data-large_image_height=\"899\"href='https:\/\/www.radiopiu.net\/wordpress\/wp-content\/uploads\/2022\/05\/312a0ebc-b30a-49ab-b623-093584ba7e02.jpg'><img loading=\"lazy\" decoding=\"async\" width=\"150\" height=\"150\" src=\"https:\/\/www.radiopiu.net\/wordpress\/wp-content\/uploads\/2022\/05\/312a0ebc-b30a-49ab-b623-093584ba7e02-150x150.jpg\" class=\"attachment-thumbnail size-thumbnail\" alt=\"\" \/><\/a>\n\t\t\t\t<\/dt><\/dl><dl class='gallery-item'>\n\t\t\t\t<dt class='gallery-icon landscape'>\n\t\t\t\t\t<a class=\"rollover rollover-zoom dt-pswp-item\" title=\"3368e38a-5641-4016-bd0b-a2f8840d4ea3\" data-dt-img-description=\"\" data-large_image_width=\"1599\" data-large_image_height=\"899\"href='https:\/\/www.radiopiu.net\/wordpress\/wp-content\/uploads\/2022\/05\/3368e38a-5641-4016-bd0b-a2f8840d4ea3.jpg'><img loading=\"lazy\" decoding=\"async\" width=\"150\" height=\"150\" src=\"https:\/\/www.radiopiu.net\/wordpress\/wp-content\/uploads\/2022\/05\/3368e38a-5641-4016-bd0b-a2f8840d4ea3-150x150.jpg\" class=\"attachment-thumbnail size-thumbnail\" alt=\"\" \/><\/a>\n\t\t\t\t<\/dt><\/dl><dl class='gallery-item'>\n\t\t\t\t<dt class='gallery-icon landscape'>\n\t\t\t\t\t<a class=\"rollover rollover-zoom dt-pswp-item\" title=\"bc227305-2ed5-4b7f-bde2-cba40561c7cf\" data-dt-img-description=\"\" data-large_image_width=\"1599\" data-large_image_height=\"899\"href='https:\/\/www.radiopiu.net\/wordpress\/wp-content\/uploads\/2022\/05\/bc227305-2ed5-4b7f-bde2-cba40561c7cf.jpg'><img loading=\"lazy\" decoding=\"async\" width=\"150\" height=\"150\" src=\"https:\/\/www.radiopiu.net\/wordpress\/wp-content\/uploads\/2022\/05\/bc227305-2ed5-4b7f-bde2-cba40561c7cf-150x150.jpg\" class=\"attachment-thumbnail size-thumbnail\" alt=\"\" \/><\/a>\n\t\t\t\t<\/dt><\/dl><dl class='gallery-item'>\n\t\t\t\t<dt class='gallery-icon landscape'>\n\t\t\t\t\t<a class=\"rollover rollover-zoom dt-pswp-item\" title=\"71ab0aeb-cf3d-41e9-8fd7-de21714f2be4\" data-dt-img-description=\"\" data-large_image_width=\"1599\" data-large_image_height=\"899\"href='https:\/\/www.radiopiu.net\/wordpress\/wp-content\/uploads\/2022\/05\/71ab0aeb-cf3d-41e9-8fd7-de21714f2be4.jpg'><img loading=\"lazy\" decoding=\"async\" width=\"150\" height=\"150\" src=\"https:\/\/www.radiopiu.net\/wordpress\/wp-content\/uploads\/2022\/05\/71ab0aeb-cf3d-41e9-8fd7-de21714f2be4-150x150.jpg\" class=\"attachment-thumbnail size-thumbnail\" alt=\"\" \/><\/a>\n\t\t\t\t<\/dt><\/dl><dl class='gallery-item'>\n\t\t\t\t<dt class='gallery-icon landscape'>\n\t\t\t\t\t<a class=\"rollover rollover-zoom dt-pswp-item\" title=\"b2447dc9-ba83-475b-9fbe-7bedbfa14cd9\" data-dt-img-description=\"\" data-large_image_width=\"1599\" data-large_image_height=\"899\"href='https:\/\/www.radiopiu.net\/wordpress\/wp-content\/uploads\/2022\/05\/b2447dc9-ba83-475b-9fbe-7bedbfa14cd9.jpg'><img loading=\"lazy\" decoding=\"async\" width=\"150\" height=\"150\" src=\"https:\/\/www.radiopiu.net\/wordpress\/wp-content\/uploads\/2022\/05\/b2447dc9-ba83-475b-9fbe-7bedbfa14cd9-150x150.jpg\" class=\"attachment-thumbnail size-thumbnail\" alt=\"\" \/><\/a>\n\t\t\t\t<\/dt><\/dl><dl class='gallery-item'>\n\t\t\t\t<dt class='gallery-icon landscape'>\n\t\t\t\t\t<a class=\"rollover rollover-zoom dt-pswp-item\" title=\"e9fc6869-6e4a-4bd0-8afc-3b6de760bb8b\" data-dt-img-description=\"\" data-large_image_width=\"1599\" data-large_image_height=\"899\"href='https:\/\/www.radiopiu.net\/wordpress\/wp-content\/uploads\/2022\/05\/e9fc6869-6e4a-4bd0-8afc-3b6de760bb8b.jpg'><img loading=\"lazy\" decoding=\"async\" width=\"150\" height=\"150\" src=\"https:\/\/www.radiopiu.net\/wordpress\/wp-content\/uploads\/2022\/05\/e9fc6869-6e4a-4bd0-8afc-3b6de760bb8b-150x150.jpg\" class=\"attachment-thumbnail size-thumbnail\" alt=\"\" \/><\/a>\n\t\t\t\t<\/dt><\/dl><br style=\"clear: both\" \/><dl class='gallery-item'>\n\t\t\t\t<dt class='gallery-icon landscape'>\n\t\t\t\t\t<a class=\"rollover rollover-zoom dt-pswp-item\" title=\"624487c1-5321-4ea5-8226-ca6ed53f6e86\" data-dt-img-description=\"\" data-large_image_width=\"1599\" data-large_image_height=\"899\"href='https:\/\/www.radiopiu.net\/wordpress\/wp-content\/uploads\/2022\/05\/624487c1-5321-4ea5-8226-ca6ed53f6e86.jpg'><img loading=\"lazy\" decoding=\"async\" width=\"150\" height=\"150\" src=\"https:\/\/www.radiopiu.net\/wordpress\/wp-content\/uploads\/2022\/05\/624487c1-5321-4ea5-8226-ca6ed53f6e86-150x150.jpg\" class=\"attachment-thumbnail size-thumbnail\" alt=\"\" \/><\/a>\n\t\t\t\t<\/dt><\/dl><dl class='gallery-item'>\n\t\t\t\t<dt class='gallery-icon landscape'>\n\t\t\t\t\t<a class=\"rollover rollover-zoom dt-pswp-item\" title=\"709ac05e-b706-421f-9a33-ad4c9158f34d\" data-dt-img-description=\"\" data-large_image_width=\"1599\" data-large_image_height=\"899\"href='https:\/\/www.radiopiu.net\/wordpress\/wp-content\/uploads\/2022\/05\/709ac05e-b706-421f-9a33-ad4c9158f34d.jpg'><img loading=\"lazy\" decoding=\"async\" width=\"150\" height=\"150\" src=\"https:\/\/www.radiopiu.net\/wordpress\/wp-content\/uploads\/2022\/05\/709ac05e-b706-421f-9a33-ad4c9158f34d-150x150.jpg\" class=\"attachment-thumbnail size-thumbnail\" alt=\"\" \/><\/a>\n\t\t\t\t<\/dt><\/dl><dl class='gallery-item'>\n\t\t\t\t<dt class='gallery-icon landscape'>\n\t\t\t\t\t<a class=\"rollover rollover-zoom dt-pswp-item\" title=\"5a80c9a7-e5e5-43e5-8745-5f2c1a03c0f1\" data-dt-img-description=\"\" data-large_image_width=\"1599\" data-large_image_height=\"899\"href='https:\/\/www.radiopiu.net\/wordpress\/wp-content\/uploads\/2022\/05\/5a80c9a7-e5e5-43e5-8745-5f2c1a03c0f1.jpg'><img loading=\"lazy\" decoding=\"async\" width=\"150\" height=\"150\" src=\"https:\/\/www.radiopiu.net\/wordpress\/wp-content\/uploads\/2022\/05\/5a80c9a7-e5e5-43e5-8745-5f2c1a03c0f1-150x150.jpg\" class=\"attachment-thumbnail size-thumbnail\" alt=\"\" \/><\/a>\n\t\t\t\t<\/dt><\/dl><dl class='gallery-item'>\n\t\t\t\t<dt class='gallery-icon landscape'>\n\t\t\t\t\t<a class=\"rollover rollover-zoom dt-pswp-item\" title=\"afe25927-7ac3-406a-be83-72b072091191\" data-dt-img-description=\"\" data-large_image_width=\"1599\" data-large_image_height=\"899\"href='https:\/\/www.radiopiu.net\/wordpress\/wp-content\/uploads\/2022\/05\/afe25927-7ac3-406a-be83-72b072091191.jpg'><img loading=\"lazy\" decoding=\"async\" width=\"150\" height=\"150\" src=\"https:\/\/www.radiopiu.net\/wordpress\/wp-content\/uploads\/2022\/05\/afe25927-7ac3-406a-be83-72b072091191-150x150.jpg\" class=\"attachment-thumbnail size-thumbnail\" alt=\"\" \/><\/a>\n\t\t\t\t<\/dt><\/dl><dl class='gallery-item'>\n\t\t\t\t<dt class='gallery-icon landscape'>\n\t\t\t\t\t<a class=\"rollover rollover-zoom dt-pswp-item\" title=\"fc75f6dc-24d0-481f-ae0e-48dd1d18fa3a\" data-dt-img-description=\"\" data-large_image_width=\"1599\" data-large_image_height=\"899\"href='https:\/\/www.radiopiu.net\/wordpress\/wp-content\/uploads\/2022\/05\/fc75f6dc-24d0-481f-ae0e-48dd1d18fa3a.jpg'><img loading=\"lazy\" decoding=\"async\" width=\"150\" height=\"150\" src=\"https:\/\/www.radiopiu.net\/wordpress\/wp-content\/uploads\/2022\/05\/fc75f6dc-24d0-481f-ae0e-48dd1d18fa3a-150x150.jpg\" class=\"attachment-thumbnail size-thumbnail\" alt=\"\" \/><\/a>\n\t\t\t\t<\/dt><\/dl><dl class='gallery-item'>\n\t\t\t\t<dt class='gallery-icon landscape'>\n\t\t\t\t\t<a class=\"rollover rollover-zoom dt-pswp-item\" title=\"60dac4fe-74a8-499c-bf41-68b99b3b9933\" data-dt-img-description=\"\" data-large_image_width=\"1599\" data-large_image_height=\"899\"href='https:\/\/www.radiopiu.net\/wordpress\/wp-content\/uploads\/2022\/05\/60dac4fe-74a8-499c-bf41-68b99b3b9933.jpg'><img loading=\"lazy\" decoding=\"async\" width=\"150\" height=\"150\" src=\"https:\/\/www.radiopiu.net\/wordpress\/wp-content\/uploads\/2022\/05\/60dac4fe-74a8-499c-bf41-68b99b3b9933-150x150.jpg\" class=\"attachment-thumbnail size-thumbnail\" alt=\"\" \/><\/a>\n\t\t\t\t<\/dt><\/dl><dl class='gallery-item'>\n\t\t\t\t<dt class='gallery-icon landscape'>\n\t\t\t\t\t<a class=\"rollover rollover-zoom dt-pswp-item\" title=\"4e4de69a-41b2-4fef-8a38-a79577f83f52\" data-dt-img-description=\"\" data-large_image_width=\"1599\" data-large_image_height=\"899\"href='https:\/\/www.radiopiu.net\/wordpress\/wp-content\/uploads\/2022\/05\/4e4de69a-41b2-4fef-8a38-a79577f83f52.jpg'><img loading=\"lazy\" decoding=\"async\" width=\"150\" height=\"150\" src=\"https:\/\/www.radiopiu.net\/wordpress\/wp-content\/uploads\/2022\/05\/4e4de69a-41b2-4fef-8a38-a79577f83f52-150x150.jpg\" class=\"attachment-thumbnail size-thumbnail\" alt=\"\" \/><\/a>\n\t\t\t\t<\/dt><\/dl><br style=\"clear: both\" \/>\n\t\t\t<\/div>\n\n<hr \/>\n<p>&nbsp;<\/p>\n<p><span style=\"color: #0000ff;\"><strong>MOTORI<\/strong><\/span><\/p>\n<blockquote>\n<h3>IL FINE SETTIMANA DI ANDREA FONTANA AD IMOLA<\/h3>\n<\/blockquote>\n<p><strong><a class=\"dt-pswp-item\" href=\"https:\/\/www.radiopiu.net\/wordpress\/wp-content\/uploads\/2022\/05\/6df7b95a-8c7c-4f84-86da-eb5d7c1ae8c7.jpg\" data-dt-img-description=\"\" data-large_image_width=\"1024\" data-large_image_height=\"829\"><img loading=\"lazy\" decoding=\"async\" class=\"size-thumbnail wp-image-274531 alignleft\" src=\"https:\/\/www.radiopiu.net\/wordpress\/wp-content\/uploads\/2022\/05\/6df7b95a-8c7c-4f84-86da-eb5d7c1ae8c7-150x150.jpg\" alt=\"\" width=\"150\" height=\"150\" \/><\/a>REDAZIONE<\/strong> Si \u00e8 chiuso il primo fine settimana della Carrera Cup ad Imola. Un weekend da alti e bassi per il pilota di Ponte Nelle Alpi Andrea Fontana che, dopo lo sfortunato tredicesimo posto di sabato dopo un&#8217;uscita di pista, ha chiuso gara 2 in dodicesima posizione. Fontana, partito dal tredicesimo posto in griglia, ha recuperato subito qualche posizione poi un incidente ha costretto la safety car ad entrare in pista e raggruppare i piloti. Nella ripartenza qualcosa non \u00e8 andato bene e nel giro di qualche chilometro Fontana si \u00e8 ritrovato al dodicesimo posto. Il bellunese ha lottato per tutta la gara con il suo diretto avversario, perdendo e riguadagnando la posizione. Alla fine ha chiuso la gara fuori dai dieci. Prossimo impegno a Misano il 4 e 5 giugno. (foto: Instagram Andrea Fontana)<\/p>\n<p><strong>di Roberto Bona<\/strong><\/p>\n<audio class=\"wp-audio-shortcode\" id=\"audio-274229-10\" preload=\"none\" style=\"width: 100%;\" controls=\"controls\"><source type=\"audio\/mpeg\" src=\"https:\/\/www.radiopiu.net\/wordpress\/wp-content\/uploads\/2022\/05\/BONA-ANDREA-FONTANA.mp3?_=10\" \/><a href=\"https:\/\/www.radiopiu.net\/wordpress\/wp-content\/uploads\/2022\/05\/BONA-ANDREA-FONTANA.mp3\">https:\/\/www.radiopiu.net\/wordpress\/wp-content\/uploads\/2022\/05\/BONA-ANDREA-FONTANA.mp3<\/a><\/audio>\n<p>&nbsp;<\/p>\n<blockquote>\n<h3>TERMINA CON UN RITIRO IL FINE SETTIMANA DI DENIS MEZZACASA AD IMOLA<\/h3>\n<\/blockquote>\n<p><strong><a class=\"dt-pswp-item\" href=\"https:\/\/www.radiopiu.net\/wordpress\/wp-content\/uploads\/2022\/05\/ceade7a4-b084-4609-93a8-daa3bcd1554e.jpg\" data-dt-img-description=\"\" data-large_image_width=\"1600\" data-large_image_height=\"739\"><img loading=\"lazy\" decoding=\"async\" class=\"size-thumbnail wp-image-274544 alignleft\" src=\"https:\/\/www.radiopiu.net\/wordpress\/wp-content\/uploads\/2022\/05\/ceade7a4-b084-4609-93a8-daa3bcd1554e-150x150.jpg\" alt=\"\" width=\"150\" height=\"150\" \/><\/a>IMOLA<\/strong><\/p>\n<p>di Roberto Bona<\/p>\n<audio class=\"wp-audio-shortcode\" id=\"audio-274229-11\" preload=\"none\" style=\"width: 100%;\" controls=\"controls\"><source type=\"audio\/mpeg\" src=\"https:\/\/www.radiopiu.net\/wordpress\/wp-content\/uploads\/2022\/05\/BONA-DENIS-MEZZACASA.mp3?_=11\" \/><a href=\"https:\/\/www.radiopiu.net\/wordpress\/wp-content\/uploads\/2022\/05\/BONA-DENIS-MEZZACASA.mp3\">https:\/\/www.radiopiu.net\/wordpress\/wp-content\/uploads\/2022\/05\/BONA-DENIS-MEZZACASA.mp3<\/a><\/audio>\n<p>&nbsp;<\/p>\n<hr \/>\n<p>&nbsp;<\/p>\n<p><span style=\"color: #0000ff;\"><strong>PALLAVOLO<\/strong><\/span><\/p>\n<blockquote>\n<h3>IL VOLLEY CLUB AGORDINO CONTINUA A VINCERE<\/h3>\n<\/blockquote>\n<p><strong><a class=\"dt-pswp-item\" href=\"https:\/\/www.radiopiu.net\/wordpress\/wp-content\/uploads\/2022\/04\/VOLLEY-CLUB-AGORDINO.jpg\" data-dt-img-description=\"\" data-large_image_width=\"500\" data-large_image_height=\"512\"><img loading=\"lazy\" decoding=\"async\" class=\"size-thumbnail wp-image-268787 alignleft\" src=\"https:\/\/www.radiopiu.net\/wordpress\/wp-content\/uploads\/2022\/04\/VOLLEY-CLUB-AGORDINO-150x150.jpg\" alt=\"\" width=\"150\" height=\"150\" \/><\/a>CONEGLIANO &#8211; VOLLEY CLUB AGORDINO 0-3 (12-25, 16-25, 22-25)<\/strong><\/p>\n<p>Dalla trasferta in terra trevigiana il Volley Club Agordino torna con tre punti in tasca. Bella prestazione delle ragazze di de Nardin che contro il Conegliano non concedono nulla e chiudono la partita vincendo tre set in fila. Si \u00e8 capito subito che la partita prendeva il binario giusto per le agordine dopo la prima frazione terminata con 13 punti di vantaggio. La storia si ripete nel secondo set con la squadra di Agordo che vince ancora un un divario enorme. Pi\u00f9 combattuta la terza frazione ma ad avere la meglio \u00e8 ancora il Volley Club Agordino che chiude definitivamente la gara. Una vittoria che lancia la formazione di Agordo al primo posto in classifica della Seconda Divisione girone A. Sabato di nuovo in campo al PalaRova di Agordo per affrontare il Mareno.<\/p>\n<p>&nbsp;<\/p>\n<p>&nbsp;<\/p>\n<hr \/>\n<p>&nbsp;<\/p>\n<p><span style=\"color: #0000ff;\"><strong>ATLETICA<\/strong><\/span><\/p>\n<blockquote>\n<h3 class=\"entry-title\">IN 216 PER L\u2019ESORDIO DEL CRITERIUM CADORINO DI ATLETICA<\/h3>\n<\/blockquote>\n<p><strong class=\"photoswipe-wrapper\"><a class=\"dt-pswp-item pspw-wrap-ready\" href=\"https:\/\/www.radiopiu.net\/wordpress\/wp-content\/uploads\/2022\/05\/atletica-cortina_csi-vallesella-0805.2022.jpg\" data-dt-img-description=\"\" data-large_image_width=\"2000\" data-large_image_height=\"1333\"><img loading=\"lazy\" decoding=\"async\" class=\"size-thumbnail wp-image-274555 alignleft\" src=\"https:\/\/www.radiopiu.net\/wordpress\/wp-content\/uploads\/2022\/05\/atletica-cortina_csi-vallesella-0805.2022-150x150.jpg\" alt=\"\" width=\"150\" height=\"150\" \/><\/a>BELLUNO\u00a0<\/strong>Dopo due stagioni di assenza, \u00e8 tornato il Criterium Cadorino di atletica, manifestazione proposta dal comitato di Belluno del Centro sportivo italiano, strutturata su quattro appuntamenti e valevole, per quanto riguarda le classifiche finali, per il decimo Memorial Carletto Giacobbi, che andr\u00e0 alla prima societ\u00e0 classificata delle categorie assolute, e l\u2019undicesimo Trofeo Memorial Riccardo De Martin e Claudio Del Favero, che andr\u00e0 alla prima societ\u00e0 classificata giovanile. Domenica 8 maggio si \u00e8 gareggiato a Vallesella di Domegge di Cadore, a cura del Gruppo Marciatori Calalzo. Sono stati 216 i concorrenti della manifestazione, una gara di corsa campestre, per la maggior parte appartenenti alle categorie giovanili, disputata su un tracciato completamente erboso, caratterizzato dai continui cambi di ritmo e godibile da parte del pubblico pressoch\u00e9 nella sua interezza. Il meteo ha retto e si \u00e8 potuto gareggiare in condizioni di asciutto. Nella graduatoria per societ\u00e0, davanti a tutti l\u2019Atletica Cortina che, con 630 punti, ha vinto la graduatoria complessiva davanti all\u2019Unione sportiva Aquilotti Pelos (333) e ad Atleticadore Giocallena (183). L\u2019Atletica Cortina si \u00e8 aggiudicata anche la graduatoria giovanile mentre quella delle categorie assolute \u00e8 stata appannaggio degli Aquilotti.<\/p>\n<\/div>\n<\/div>\n<\/div>\n<\/div>\n<\/div>\n<\/div>\n<\/div>\n<\/div>\n<\/div>\n<\/div>\n<\/div>\n<\/div>\n<\/div>\n<\/div>\n<\/div>\n<\/div>\n<\/div>\n<\/div>\n<\/div>\n<\/div>\n<\/div>\n<\/div>\n<\/div>\n<\/div>\n<\/div>\n<\/div>\n<\/div>\n<\/div>\n<\/div>\n<\/div>\n<\/div>\n<\/div>\n<\/div>\n<\/div>\n<\/div>\n<\/div>\n<\/div>\n<\/div>\n<\/div>\n<\/div>\n<\/div>\n<\/div>\n<\/div>\n<\/div>\n<\/div>\n<\/div>\n<\/div>\n<\/div>\n<\/div>\n<\/div>\n<\/div>\n<\/div>\n<\/div>\n<\/div>\n<\/div>\n<\/div>\n<\/div>\n<\/div>\n<\/div>\n<\/div>\n<\/div>\n<\/div>\n<\/div>\n<\/div>\n<\/div>\n<\/div>\n<\/div>\n<\/div>\n<\/div>\n<\/div>\n<\/div>\n<\/div>\n<\/div>\n<\/div>\n<\/div>\n<\/div>\n<\/div>\n<\/div>\n<\/div>\n<\/div>\n<\/div>\n<\/div>\n<\/div>\n<\/div>\n<\/div>\n<\/div>\n<\/div>\n<\/div>\n<\/div>\n<\/div>\n<\/div>\n<\/div>\n<\/div>\n<\/div>\n<\/div>\n<\/div>\n<\/div>\n<\/div>\n<\/div>\n<\/div>\n<\/div>\n<\/div>\n<\/div>\n<\/div>\n<\/div>\n","protected":false},"excerpt":{"rendered":"<p>RADIO PIU INFORMAZIONE il canale su TELEGRAM informazione di prima\u00a0 mano e in tempo reale. iscriviti ed aiutaci a farlo conoscere\u00a0\u00a0 &nbsp; &nbsp; INTERRUZIONI SERVIZIO IDRICO COLLE SANTA LUCIA E LIVINALLONGO Gestione Servizi Pubblici informa che, per lavori alla rete idrica comunale, oggi\u00a0 dalle 8 alle\u00a0 17 potrebbe mancare l&#8217;acqua in Comune di Colle Santa&hellip;<\/p>\n","protected":false},"author":4,"featured_media":274657,"comment_status":"closed","ping_status":"closed","sticky":false,"template":"","format":"standard","meta":{"_monsterinsights_skip_tracking":false,"_monsterinsights_sitenote_active":false,"_monsterinsights_sitenote_note":"","_monsterinsights_sitenote_category":0,"footnotes":""},"categories":[51,86,49],"tags":[],"class_list":["post-274229","post","type-post","status-publish","format-standard","has-post-thumbnail","hentry","category-evidenza-top","category-gr","category-news-18","category-51","category-86","category-49","description-off"],"img_url":"https:\/\/www.radiopiu.net\/wordpress\/wp-content\/uploads\/2022\/05\/AAAA-2.jpg","_links":{"self":[{"href":"https:\/\/www.radiopiu.net\/wordpress\/wp-json\/wp\/v2\/posts\/274229","targetHints":{"allow":["GET"]}}],"collection":[{"href":"https:\/\/www.radiopiu.net\/wordpress\/wp-json\/wp\/v2\/posts"}],"about":[{"href":"https:\/\/www.radiopiu.net\/wordpress\/wp-json\/wp\/v2\/types\/post"}],"author":[{"embeddable":true,"href":"https:\/\/www.radiopiu.net\/wordpress\/wp-json\/wp\/v2\/users\/4"}],"replies":[{"embeddable":true,"href":"https:\/\/www.radiopiu.net\/wordpress\/wp-json\/wp\/v2\/comments?post=274229"}],"version-history":[{"count":0,"href":"https:\/\/www.radiopiu.net\/wordpress\/wp-json\/wp\/v2\/posts\/274229\/revisions"}],"wp:featuredmedia":[{"embeddable":true,"href":"https:\/\/www.radiopiu.net\/wordpress\/wp-json\/wp\/v2\/media\/274657"}],"wp:attachment":[{"href":"https:\/\/www.radiopiu.net\/wordpress\/wp-json\/wp\/v2\/media?parent=274229"}],"wp:term":[{"taxonomy":"category","embeddable":true,"href":"https:\/\/www.radiopiu.net\/wordpress\/wp-json\/wp\/v2\/categories?post=274229"},{"taxonomy":"post_tag","embeddable":true,"href":"https:\/\/www.radiopiu.net\/wordpress\/wp-json\/wp\/v2\/tags?post=274229"}],"curies":[{"name":"wp","href":"https:\/\/api.w.org\/{rel}","templated":true}]}}