{"id":274256,"date":"2022-05-07T05:59:43","date_gmt":"2022-05-07T03:59:43","guid":{"rendered":"https:\/\/www.radiopiu.net\/wordpress\/?p=274256"},"modified":"2022-05-07T06:03:38","modified_gmt":"2022-05-07T04:03:38","slug":"no-vax-legati-ai-letti-e-derisi-lulss-avvia-le-verifiche-e-non-ci-sono-riscontri-oggettivi","status":"publish","type":"post","link":"https:\/\/www.radiopiu.net\/wordpress\/no-vax-legati-ai-letti-e-derisi-lulss-avvia-le-verifiche-e-non-ci-sono-riscontri-oggettivi\/","title":{"rendered":"NO VAX LEGATI AI LETTI E DERISI, L&#8217;ULSS AVVIA LE VERIFICHE\u00a0E NON CI SONO RISCONTRI OGGETTIVI"},"content":{"rendered":"<p>&nbsp;<\/p>\n<p><strong><a class=\"dt-pswp-item\" href=\"https:\/\/www.radiopiu.net\/wordpress\/wp-content\/uploads\/2022\/05\/279862493_2430642023745417_2071622582776994935_n.jpg\" data-dt-img-description=\"\" data-large_image_width=\"600\" data-large_image_height=\"526\"><img loading=\"lazy\" decoding=\"async\" class=\"wp-image-274257 size-full aligncenter\" src=\"https:\/\/www.radiopiu.net\/wordpress\/wp-content\/uploads\/2022\/05\/279862493_2430642023745417_2071622582776994935_n.jpg\" alt=\"\" width=\"600\" height=\"526\" srcset=\"https:\/\/www.radiopiu.net\/wordpress\/wp-content\/uploads\/2022\/05\/279862493_2430642023745417_2071622582776994935_n.jpg 600w, https:\/\/www.radiopiu.net\/wordpress\/wp-content\/uploads\/2022\/05\/279862493_2430642023745417_2071622582776994935_n-300x263.jpg 300w\" sizes=\"auto, (max-width: 600px) 100vw, 600px\" \/><\/a> <\/strong><\/p>\n<p><strong>FELTRE<\/strong> Che succede all&#8217;ospedale di Feltre? la prima a chiederselo \u00e8 sicuramente la Ulss1 dopo il post subito diventato virale sui social e condiviso anche dal consigliere\u00a0 Michele Balen che chiede di sapere la verit\u00e0. Sembrerebbe che l&#8217;inchiesta interna dall&#8217;azienda sanitaria non abbia fatto emergere alcun &#8220;caso&#8221;. Questo l&#8217;ultimo pensiero pubblicato da Balen: <em>&#8220;Ho chiuso il mio post sul &#8220;post pesante&#8221; intercettato per caso in FB e riguardante il nostro ospedale. Non voglio alimentare fantasie o vuote discussioni (che non si fondano sui fatti), e spero invece che la cosa si chiuda con la dovuta chiarezza. Che se, come credo, si tratta solo di una esagerazione di qualcuno (magari dettata dalla tensione) o di una mera balla mitomaniacale, l&#8217;autore si ravveda. Non si pu\u00f2 scherzare su certe cose. Mai! Tantomeno in questo periodo gi\u00e0 cos\u00ec denso di preoccupazioni e di tensioni&#8221;.\u00a0<\/em><\/p>\n<p>&nbsp;<\/p>\n<p>&nbsp;<\/p>\n<hr \/>\n<p>&nbsp;<\/p>\n","protected":false},"excerpt":{"rendered":"<p>&nbsp; FELTRE Che succede all&#8217;ospedale di Feltre? la prima a chiederselo \u00e8 sicuramente la Ulss1 dopo il post subito diventato virale sui social e condiviso anche dal consigliere\u00a0 Michele Balen che chiede di sapere la verit\u00e0. Sembrerebbe che l&#8217;inchiesta interna dall&#8217;azienda sanitaria non abbia fatto emergere alcun &#8220;caso&#8221;. Questo l&#8217;ultimo pensiero pubblicato da Balen: &#8220;Ho&hellip;<\/p>\n","protected":false},"author":4,"featured_media":76822,"comment_status":"closed","ping_status":"closed","sticky":false,"template":"","format":"standard","meta":{"_monsterinsights_skip_tracking":false,"_monsterinsights_sitenote_active":false,"_monsterinsights_sitenote_note":"","_monsterinsights_sitenote_category":0,"footnotes":""},"categories":[51,49],"tags":[],"class_list":["post-274256","post","type-post","status-publish","format-standard","has-post-thumbnail","hentry","category-evidenza-top","category-news-18","category-51","category-49","description-off"],"img_url":"https:\/\/www.radiopiu.net\/wordpress\/wp-content\/uploads\/2019\/02\/ospedale-di-feltre.jpeg","_links":{"self":[{"href":"https:\/\/www.radiopiu.net\/wordpress\/wp-json\/wp\/v2\/posts\/274256","targetHints":{"allow":["GET"]}}],"collection":[{"href":"https:\/\/www.radiopiu.net\/wordpress\/wp-json\/wp\/v2\/posts"}],"about":[{"href":"https:\/\/www.radiopiu.net\/wordpress\/wp-json\/wp\/v2\/types\/post"}],"author":[{"embeddable":true,"href":"https:\/\/www.radiopiu.net\/wordpress\/wp-json\/wp\/v2\/users\/4"}],"replies":[{"embeddable":true,"href":"https:\/\/www.radiopiu.net\/wordpress\/wp-json\/wp\/v2\/comments?post=274256"}],"version-history":[{"count":0,"href":"https:\/\/www.radiopiu.net\/wordpress\/wp-json\/wp\/v2\/posts\/274256\/revisions"}],"wp:featuredmedia":[{"embeddable":true,"href":"https:\/\/www.radiopiu.net\/wordpress\/wp-json\/wp\/v2\/media\/76822"}],"wp:attachment":[{"href":"https:\/\/www.radiopiu.net\/wordpress\/wp-json\/wp\/v2\/media?parent=274256"}],"wp:term":[{"taxonomy":"category","embeddable":true,"href":"https:\/\/www.radiopiu.net\/wordpress\/wp-json\/wp\/v2\/categories?post=274256"},{"taxonomy":"post_tag","embeddable":true,"href":"https:\/\/www.radiopiu.net\/wordpress\/wp-json\/wp\/v2\/tags?post=274256"}],"curies":[{"name":"wp","href":"https:\/\/api.w.org\/{rel}","templated":true}]}}