{"id":274408,"date":"2022-05-07T13:51:33","date_gmt":"2022-05-07T11:51:33","guid":{"rendered":"https:\/\/www.radiopiu.net\/wordpress\/?p=274408"},"modified":"2022-05-07T13:51:33","modified_gmt":"2022-05-07T11:51:33","slug":"via-alla-stagione-delle-opere-a-ponte-nelle-alpi-interventi-per-2-milioni-di-euro","status":"publish","type":"post","link":"https:\/\/www.radiopiu.net\/wordpress\/via-alla-stagione-delle-opere-a-ponte-nelle-alpi-interventi-per-2-milioni-di-euro\/","title":{"rendered":"VIA ALLA STAGIONE DELLE OPERE A PONTE NELLE ALPI. INTERVENTI PER 2 MILIONI DI EURO"},"content":{"rendered":"<p><strong><a class=\"dt-pswp-item\" href=\"https:\/\/www.radiopiu.net\/wordpress\/wp-content\/uploads\/2022\/05\/Scuola_infanzia_Zattieri_del_Piave.jpg\" data-dt-img-description=\"\" data-large_image_width=\"1024\" data-large_image_height=\"768\"><img loading=\"lazy\" decoding=\"async\" class=\"size-thumbnail wp-image-274409 alignleft\" src=\"https:\/\/www.radiopiu.net\/wordpress\/wp-content\/uploads\/2022\/05\/Scuola_infanzia_Zattieri_del_Piave-150x150.jpg\" alt=\"\" width=\"150\" height=\"150\" \/><\/a>PONTE NELLE ALPI\u00a0 <\/strong>Finanziamenti per oltre 2 milioni di euro: il consiglio comunale di Ponte nelle Alpi approva una serie di interventi di particolare rilievo.<span class=\"gmail-Apple-converted-space\"> \u00a0<\/span>Mentre sono in via di conclusione i lavori di messa in sicurezza e miglioramento del PalaQuantin e della ciclo-pedonale Soccher-Soverzene (le due opere saranno inaugurate nel prossimo giugno), il Comune mette in cantiere quattro nuovi interventi per una cifra che supera i 2 milioni di euro, grazie all\u2019arrivo di risorse statali (legge 145\/2018) e a un bando di rigenerazione urbana.<span class=\"gmail-Apple-converted-space\"> \u00a0<\/span>Nello specifico si tratta della messa in sicurezza dell\u2019infrastruttura viaria in localit\u00e0 Mazzucchi (Oltrerai) per 500mila euro; della sistemazione e regimazione delle acque nel sottopasso di Nuova Erto (600mila euro); dell\u2019efficientamento energetico della scuola dell\u2019infanzia degli \u201cZattieri del Piave\u201d (700mila euro) e della riqualificazione del primo piano della biblioteca a uso civico e di servizi (510mila euro).<span class=\"gmail-Apple-converted-space\"> \u00a0<\/span>Entro il 2022 saranno cantierabili pure il secondo stralcio dei marciapiedi di viale Cadore e della piazza di Cugnan, oltre che il piano degli asfalti nelle frazioni dell\u2019Oltrerai e dei Coi de Pera. \u00ab<em>Lavoriamo tutti i giorni per intercettare finanziamenti e bandi &#8211; argomenta il sindaco Paolo Vendramini -. Ed \u00e8 uno sforzo doppio rispetto ad altre realt\u00e0 perch\u00e9 il nostro Comune, insieme a pochi altri in provincia, non ha i fondi di confine o i fondi Letta. Attendiamo sempre che questa provincia ragioni per progetti di area vasta. Siamo quindi estremamente soddisfatti quando le nostre richieste trovano il consenso e l\u2019appoggio di Regione e Ministeri. Ringrazio l\u2019assessora Marta Viel, delegata alle manutenzioni e opere pubbliche, per l\u2019impegno e la concretezza nel portare a compimento le opere pubbliche inserite nel nostro programma<\/em>\u00bb.<span class=\"gmail-Apple-converted-space\">\u00a0<\/span><\/p>\n<p>&nbsp;<\/p>\n<p>&nbsp;<\/p>\n<p>*****<\/p>\n","protected":false},"excerpt":{"rendered":"<p>PONTE NELLE ALPI\u00a0 Finanziamenti per oltre 2 milioni di euro: il consiglio comunale di Ponte nelle Alpi approva una serie di interventi di particolare rilievo. \u00a0Mentre sono in via di conclusione i lavori di messa in sicurezza e miglioramento del PalaQuantin e della ciclo-pedonale Soccher-Soverzene (le due opere saranno inaugurate nel prossimo giugno), il Comune&hellip;<\/p>\n","protected":false},"author":4,"featured_media":274409,"comment_status":"closed","ping_status":"closed","sticky":false,"template":"","format":"standard","meta":{"_monsterinsights_skip_tracking":false,"_monsterinsights_sitenote_active":false,"_monsterinsights_sitenote_note":"","_monsterinsights_sitenote_category":0,"footnotes":""},"categories":[49],"tags":[],"class_list":["post-274408","post","type-post","status-publish","format-standard","has-post-thumbnail","hentry","category-news-18","category-49","description-off"],"img_url":"https:\/\/www.radiopiu.net\/wordpress\/wp-content\/uploads\/2022\/05\/Scuola_infanzia_Zattieri_del_Piave.jpg","_links":{"self":[{"href":"https:\/\/www.radiopiu.net\/wordpress\/wp-json\/wp\/v2\/posts\/274408","targetHints":{"allow":["GET"]}}],"collection":[{"href":"https:\/\/www.radiopiu.net\/wordpress\/wp-json\/wp\/v2\/posts"}],"about":[{"href":"https:\/\/www.radiopiu.net\/wordpress\/wp-json\/wp\/v2\/types\/post"}],"author":[{"embeddable":true,"href":"https:\/\/www.radiopiu.net\/wordpress\/wp-json\/wp\/v2\/users\/4"}],"replies":[{"embeddable":true,"href":"https:\/\/www.radiopiu.net\/wordpress\/wp-json\/wp\/v2\/comments?post=274408"}],"version-history":[{"count":0,"href":"https:\/\/www.radiopiu.net\/wordpress\/wp-json\/wp\/v2\/posts\/274408\/revisions"}],"wp:featuredmedia":[{"embeddable":true,"href":"https:\/\/www.radiopiu.net\/wordpress\/wp-json\/wp\/v2\/media\/274409"}],"wp:attachment":[{"href":"https:\/\/www.radiopiu.net\/wordpress\/wp-json\/wp\/v2\/media?parent=274408"}],"wp:term":[{"taxonomy":"category","embeddable":true,"href":"https:\/\/www.radiopiu.net\/wordpress\/wp-json\/wp\/v2\/categories?post=274408"},{"taxonomy":"post_tag","embeddable":true,"href":"https:\/\/www.radiopiu.net\/wordpress\/wp-json\/wp\/v2\/tags?post=274408"}],"curies":[{"name":"wp","href":"https:\/\/api.w.org\/{rel}","templated":true}]}}