{"id":274437,"date":"2022-05-07T16:51:08","date_gmt":"2022-05-07T14:51:08","guid":{"rendered":"https:\/\/www.radiopiu.net\/wordpress\/?p=274437"},"modified":"2022-05-07T16:51:08","modified_gmt":"2022-05-07T14:51:08","slug":"andrea-fontana-chiude-in-tredicesima-posizione-gara-1-a-imola-ma-che-sfortuna","status":"publish","type":"post","link":"https:\/\/www.radiopiu.net\/wordpress\/andrea-fontana-chiude-in-tredicesima-posizione-gara-1-a-imola-ma-che-sfortuna\/","title":{"rendered":"ANDREA FONTANA CHIUDE IN TREDICESIMA POSIZIONE GARA 1 A IMOLA&#8230;MA CHE SFORTUNA"},"content":{"rendered":"<p><strong><a class=\"dt-pswp-item\" href=\"https:\/\/www.radiopiu.net\/wordpress\/wp-content\/uploads\/2022\/05\/andrea-fontana-2022-1.jpg\" data-dt-img-description=\"\" data-large_image_width=\"1024\" data-large_image_height=\"657\"><img loading=\"lazy\" decoding=\"async\" class=\"size-thumbnail wp-image-274445 alignleft\" src=\"https:\/\/www.radiopiu.net\/wordpress\/wp-content\/uploads\/2022\/05\/andrea-fontana-2022-1-150x150.jpg\" alt=\"\" width=\"150\" height=\"150\" \/><\/a>REDAZIONE\u00a0<\/strong>La si pu\u00f2 definire una gara sfortunata quella di Andrea Fontana ad Imola. Il pilota pontalpino ha chiuso gara 1 della Carrera Cup al tredicesimo posto dopo un errore all&#8217;ultimo giro. Partito dall&#8217;undicesima posizione in griglia, Fontana ha approfittato del parapiglia iniziale per guadagnare qualche posizione chiudendo il primo giro al settimo posto. Gara che \u00e8 stata subito &#8220;interrotta&#8221; dall&#8217;entrata in pista della safety car a causa di due incidenti. Alla ripartenza della gara il pilota bellunese ha mantenuto la posizione difendendosi bene dagli attacchi di un avversario. A pochi minuti dal termine la safety car \u00e8 dovuta rientrare in pista per un incidente. Gara che stava per volgere al termine e, passati i 28 minuti di gara, si \u00e8 ripreso a correre regolarmente. Fontana ha avuto un buono spunto tanto da guadagnare ancora due posizioni ma a met\u00e0 giro un errore gli \u00e8 costato caro. Andrea perde il controllo della sua Porsche e finisce nell&#8217;erba, controlla bene la vettura e ritorna in pista al tredicesimo posto, posizione con cui termina gara 1 di Imola. Domani alle 12:30 Andrea Fontana sar\u00e0 di nuovo in pista ad Imola per gara 2 che gli appassionati di motori potranno seguire in chiaro su Cielo, canale 26 del digitale terrestre. (foto: Instagram Andrea Fontana)<\/p>\n<p>&nbsp;<\/p>\n<p>&nbsp;<\/p>\n<p>*****<\/p>\n","protected":false},"excerpt":{"rendered":"<p>REDAZIONE\u00a0La si pu\u00f2 definire una gara sfortunata quella di Andrea Fontana ad Imola. Il pilota pontalpino ha chiuso gara 1 della Carrera Cup al tredicesimo posto dopo un errore all&#8217;ultimo giro. Partito dall&#8217;undicesima posizione in griglia, Fontana ha approfittato del parapiglia iniziale per guadagnare qualche posizione chiudendo il primo giro al settimo posto. Gara che&hellip;<\/p>\n","protected":false},"author":4,"featured_media":274445,"comment_status":"closed","ping_status":"closed","sticky":false,"template":"","format":"standard","meta":{"_monsterinsights_skip_tracking":false,"_monsterinsights_sitenote_active":false,"_monsterinsights_sitenote_note":"","_monsterinsights_sitenote_category":0,"footnotes":""},"categories":[49],"tags":[],"class_list":["post-274437","post","type-post","status-publish","format-standard","has-post-thumbnail","hentry","category-news-18","category-49","description-off"],"img_url":"https:\/\/www.radiopiu.net\/wordpress\/wp-content\/uploads\/2022\/05\/andrea-fontana-2022-1.jpg","_links":{"self":[{"href":"https:\/\/www.radiopiu.net\/wordpress\/wp-json\/wp\/v2\/posts\/274437","targetHints":{"allow":["GET"]}}],"collection":[{"href":"https:\/\/www.radiopiu.net\/wordpress\/wp-json\/wp\/v2\/posts"}],"about":[{"href":"https:\/\/www.radiopiu.net\/wordpress\/wp-json\/wp\/v2\/types\/post"}],"author":[{"embeddable":true,"href":"https:\/\/www.radiopiu.net\/wordpress\/wp-json\/wp\/v2\/users\/4"}],"replies":[{"embeddable":true,"href":"https:\/\/www.radiopiu.net\/wordpress\/wp-json\/wp\/v2\/comments?post=274437"}],"version-history":[{"count":0,"href":"https:\/\/www.radiopiu.net\/wordpress\/wp-json\/wp\/v2\/posts\/274437\/revisions"}],"wp:featuredmedia":[{"embeddable":true,"href":"https:\/\/www.radiopiu.net\/wordpress\/wp-json\/wp\/v2\/media\/274445"}],"wp:attachment":[{"href":"https:\/\/www.radiopiu.net\/wordpress\/wp-json\/wp\/v2\/media?parent=274437"}],"wp:term":[{"taxonomy":"category","embeddable":true,"href":"https:\/\/www.radiopiu.net\/wordpress\/wp-json\/wp\/v2\/categories?post=274437"},{"taxonomy":"post_tag","embeddable":true,"href":"https:\/\/www.radiopiu.net\/wordpress\/wp-json\/wp\/v2\/tags?post=274437"}],"curies":[{"name":"wp","href":"https:\/\/api.w.org\/{rel}","templated":true}]}}