{"id":274565,"date":"2022-05-09T05:29:19","date_gmt":"2022-05-09T03:29:19","guid":{"rendered":"https:\/\/www.radiopiu.net\/wordpress\/?p=274565"},"modified":"2022-05-09T05:46:31","modified_gmt":"2022-05-09T03:46:31","slug":"e-morto-padre-lucio-giazzon","status":"publish","type":"post","link":"https:\/\/www.radiopiu.net\/wordpress\/e-morto-padre-lucio-giazzon\/","title":{"rendered":"E&#8217; MORTO PADRE LUCIO GIAZZON"},"content":{"rendered":"<p><strong><a class=\"dt-pswp-item\" href=\"https:\/\/www.radiopiu.net\/wordpress\/wp-content\/uploads\/2022\/05\/7cd649b3-92b0-4052-9a11-57d3bab1434f.jpg\" data-dt-img-description=\"\" data-large_image_width=\"720\" data-large_image_height=\"753\"><img loading=\"lazy\" decoding=\"async\" class=\"size-thumbnail wp-image-274566 alignleft\" src=\"https:\/\/www.radiopiu.net\/wordpress\/wp-content\/uploads\/2022\/05\/7cd649b3-92b0-4052-9a11-57d3bab1434f-150x150.jpg\" alt=\"\" width=\"150\" height=\"150\" \/><\/a>BELLUNO <\/strong>Nella serata di venerd\u00ec 6 maggio, il Signore ha chiamato a s\u00e9 padre Lucio Giazzon (al secolo Rino), canossiano, fratello di don Aldo e cugino di don Marino. Era ricoverato presso l\u2019ospedale di Feltre. Padre Lucio, dopo anni di attivit\u00e0 in varie localit\u00e0 d\u2019Italia, negli ultimi dieci anni ha svolto il suo servizio nella comunit\u00e0 dei padri canossiani di Feltre. Nel prossimo mese di giugno avrebbe compiuto 90 anni: era infatti nato a a Santa Giustina il 18 giugno 1932, secondo di nove fratelli. Entr\u00f2 in seminario a 14 anni e nel 1953 inizi\u00f2 il noviziato tra i canossiani a Castel d\u2019Asolo; venne ordinato presbitero a Venezia il 20 aprile 1960. La nostra Chiesa locale lo raccomanda al Signore con la preghiera e lo ricorda con un particolare pensiero di vicinanza per i suoi familiari e per don Aldo. La santa Messa esequiale sar\u00e0 celebrata marted\u00ec 10 maggio alle ore 15.00 nella chiesa parrocchiale di Santa Giustina, dove luned\u00ec 9 alle 19.00 sar\u00e0 recitato il rosario in suffragio di padre Lucio. (FONTE: chiesabellunofeltre.it)<\/p>\n<p>&nbsp;<\/p>\n<p>&nbsp;<\/p>\n<p>*****<\/p>\n","protected":false},"excerpt":{"rendered":"<p>BELLUNO Nella serata di venerd\u00ec 6 maggio, il Signore ha chiamato a s\u00e9 padre Lucio Giazzon (al secolo Rino), canossiano, fratello di don Aldo e cugino di don Marino. Era ricoverato presso l\u2019ospedale di Feltre. Padre Lucio, dopo anni di attivit\u00e0 in varie localit\u00e0 d\u2019Italia, negli ultimi dieci anni ha svolto il suo servizio nella&hellip;<\/p>\n","protected":false},"author":4,"featured_media":274566,"comment_status":"closed","ping_status":"closed","sticky":false,"template":"","format":"standard","meta":{"_monsterinsights_skip_tracking":false,"_monsterinsights_sitenote_active":false,"_monsterinsights_sitenote_note":"","_monsterinsights_sitenote_category":0,"footnotes":""},"categories":[51,49],"tags":[],"class_list":["post-274565","post","type-post","status-publish","format-standard","has-post-thumbnail","hentry","category-evidenza-top","category-news-18","category-51","category-49","description-off"],"img_url":"https:\/\/www.radiopiu.net\/wordpress\/wp-content\/uploads\/2022\/05\/7cd649b3-92b0-4052-9a11-57d3bab1434f.jpg","_links":{"self":[{"href":"https:\/\/www.radiopiu.net\/wordpress\/wp-json\/wp\/v2\/posts\/274565","targetHints":{"allow":["GET"]}}],"collection":[{"href":"https:\/\/www.radiopiu.net\/wordpress\/wp-json\/wp\/v2\/posts"}],"about":[{"href":"https:\/\/www.radiopiu.net\/wordpress\/wp-json\/wp\/v2\/types\/post"}],"author":[{"embeddable":true,"href":"https:\/\/www.radiopiu.net\/wordpress\/wp-json\/wp\/v2\/users\/4"}],"replies":[{"embeddable":true,"href":"https:\/\/www.radiopiu.net\/wordpress\/wp-json\/wp\/v2\/comments?post=274565"}],"version-history":[{"count":0,"href":"https:\/\/www.radiopiu.net\/wordpress\/wp-json\/wp\/v2\/posts\/274565\/revisions"}],"wp:featuredmedia":[{"embeddable":true,"href":"https:\/\/www.radiopiu.net\/wordpress\/wp-json\/wp\/v2\/media\/274566"}],"wp:attachment":[{"href":"https:\/\/www.radiopiu.net\/wordpress\/wp-json\/wp\/v2\/media?parent=274565"}],"wp:term":[{"taxonomy":"category","embeddable":true,"href":"https:\/\/www.radiopiu.net\/wordpress\/wp-json\/wp\/v2\/categories?post=274565"},{"taxonomy":"post_tag","embeddable":true,"href":"https:\/\/www.radiopiu.net\/wordpress\/wp-json\/wp\/v2\/tags?post=274565"}],"curies":[{"name":"wp","href":"https:\/\/api.w.org\/{rel}","templated":true}]}}