{"id":274618,"date":"2022-05-09T05:22:39","date_gmt":"2022-05-09T03:22:39","guid":{"rendered":"https:\/\/www.radiopiu.net\/wordpress\/?p=274618"},"modified":"2022-05-09T05:45:12","modified_gmt":"2022-05-09T03:45:12","slug":"villa-veneta-poli-de-pol-nella-ladinia-dolomitica-e-gli-affreschi-di-g-pellegrini-a-san-pietro-di-cadore","status":"publish","type":"post","link":"https:\/\/www.radiopiu.net\/wordpress\/villa-veneta-poli-de-pol-nella-ladinia-dolomitica-e-gli-affreschi-di-g-pellegrini-a-san-pietro-di-cadore\/","title":{"rendered":"VILLA VENETA (POLI-DE POL) NELLA LADINIA DOLOMITICA E GLI AFFRESCHI DI G. PELLEGRINI A SAN PIETRO DI CADORE"},"content":{"rendered":"<p><strong>di Renato Bona<\/strong><\/p>\n<p>E\u2019 intitolato \u201cUna villa veneta nella Ladinia Dolomitica: Girolamo Pellegrini e gli affreschi di Palazzo Poli-De Pol a San Pietro di Cadore\u201d. E\u2019 l\u2019ottimo libro-catalogo del 1994 (stampa della Comp editoriale veneta di Mestre) di Patrizia Eicher Clere ed Elisabetta Riva De Bettin edito per il Gruppo Musicale di Costalta dalla editoriale San Marco, edizioni del Gazzettino per la serie Arte Documento, ad iniziativa della cattedra di Storia dell\u2019arte moderna dell\u2019Universit\u00e0 degli studi di Udine Centro per la promozione e lo sviluppo del corso di laurea in storia e tutela dei beni culturali presieduto da Giuseppe Maria Pilo (che ha firmato la prefazione dell\u2019opera). Nella presentazione il \u201cCostalta\u201d (del quale \u00e8 da sempre responsabile il nostro caro amico Lucio Eicher Clere) ricorda che \u201cVilla Poli \u00e8 divenuta in questi anni il \u2018salotto culturale\u2019 del Comelico\u201d e ribadisce che al sodalizio che nella valorizzazione del patrimonio locale ha profuso il proprio impegno \u201c\u00e8 parso doveroso dare alle stampe, dopo le pubblicazioni sulla parlata e le tradizioni, anche questo libro di storia e arte, che potesse arricchire le conoscenze sulla famiglia Poli e la loro Villa, che a pieno titolo pu\u00f2 essere annoverata tra le ricchezze culturali di un territorio paesaggisticamente delizioso\u201d. Le autrici, innanzi tutto: Patrizia Eicher Clere, laureata in storia alla facolt\u00e0 di lettere e filosofia dell\u2019Universit\u00e0 di Venezia rivolge i suoi interessi di studio a tematiche di storia della societ\u00e0 veneta nei secoli XVI e XVI; Elisabetta Riva de Bettin, laureata in conservazione dei beni culturali, nella facolt\u00e0 di lettere e filosofia dell\u2019Universit\u00e0 di Udine, privilegia nella sua ricerca temi di pittura e grafica del Seicento italiano con particolare riguardo ad artisti operanti in area veneta. Con loro ha collaborato per la documentazione fotografica Francesco Colarusso. Obiettivo prefisso quello di portare i lettori di questo libro e i frequentatori di villa Poli dentro le vicende storiche di una ricca famiglia cadorina del Seicento portando un contributo volto ad arricchire il diletto dei momenti artistici e culturali che nella villa trovano armoniosa collocazione. La famiglia Poli. Nella chiusura della sua acuta e dettagliata prefazione il prof. Giuseppe Maria Pilo cos\u00ec sintetizza la storia della famiglia Poli: \u201cI Poli erano ricchi notai. I loro beni di fortuna in fato di boschi case, crediti, livelli, campi, fienili, sparsi in tutto il Comelico e il Cadore , a quanto appare in un anno notarile del 1671, ammontavano a oltre centomila ducati, una somma ingente, specie se rapportata alle condizioni d\u00ec indigenza in cui versava all\u2019epoca nel territorio la stragrande maggioranza della popolazione\u2026. Il desiderio di riscatto sociale da parte di Giovanni e Giacomo Poli, che nel 1663, dietro versamento del rituale consistente obolo alle casse della Serenissima, esauste a causa delle enormi spese comportate dalle guerra di Candia, ottengono l\u2019iscrizione nel Libro d\u2019Oro della nobilt\u00e0 veneta. Ancora conseguente, la volont\u00e0 di adeguare allo status acquisito nuovi e conformi modi di vita;: con la commissione da parte dei due fratelli, e della villa e della sua sontuosa decorazione lo sforzo \u00e8 immane e da quell\u2019atto di emulazione degli splendori della societ\u00e0 veneziana comincia il declino economico della famiglia, segnato da debiti richieste di prestiti, vendite di terreni e di boschi. E\u2019 il principio della fine\u2026\u201d. La villa Poli-de Pol. Sintetizzando, ecco quanto \u00e8 scritto in proposito:\u201dLa realizzazione di palazzo Poli, nel Comelico del Seicento, \u00e8 certamente un accadimento eccezionale. La famiglia possiede una delle pi\u00f9 ingenti fortune esistenti nel Cadore del XVII secolo\u201d e investe nell\u2019unit\u00e0 immobiliare con precise intenzioni autocelebrative. Il sito su cui sar\u00e0 costruito il palazzo era fino agli anni sessanta di propriet\u00e0 della famiglia De Pol, stesso ceppo dei Poli coi quali non gareggiarono mai nella sfarzosit\u00e0. Una scrittura originale di compravendita tra Giacomo Poli e i fratelli De Pol, stilata IL12 novembre 1665 a San Pietro di Cadore, risulta essere l\u2019unico atto rinvenuto nell\u2019archivio familiare che possa illuminare circa la villa cadorina, ipotizzando che nel biennio tra il 1665 ed il 1667 siano partiti i lavori , conclusisi in ogni caso nel 1668 quando il palazzo-villa risulta gi\u00e0 abitato dalla nobile famiglia. In tutta la sua imponenza, insieme alla chiesetta gotica, domina la piazza del piccolo paese: dopo essere assurta a simbolo della ricchezza dei Poli, fu venduta. E\u2019 datato 22 gennaio 1813 il contratto di acquisto, con terreno annesso, da parte di Antonio de Pol dai nobili Gio. Batta e Giacomo Poli ai quali ultimi non rimase che l\u2019unica propriet\u00e0 di villa Bibano nelle vicinanze di Conegliano. Va infine detto che dal 1930 villa Poli-de Pol, per volont\u00e0 di Benedetto de Pol, che non avendo discendenti alien\u00f2 il palazzo di San Pietro al Comune, \u00e8 sede municipale. E l\u2019amministrazione comunale ha saputo negli anni \u201cdonarle rinnovato splendore\u201d. L\u2019artista. Il pittore Girolamo Pellegrini \u2013 leggiamo \u2013 deve la sua fortuna critica\u2026 ai meriti maturati attraverso la dipintura di alcune chiese prevalentemente a Venezia. Poco di lui si sa: incerte le date della nascita che viene fatta risalire al 1624, e della morte; incerta pure la sua origine anche se il Melchiorri ricorda: \u201cNacque a Roma, ad ogni modo per haver continuamente studiato e dimorato in Venezia, dove con bella maniera fece conoscere la sua virt\u00f9 nelle Chiese e luoghi pubblici di quella Citt\u00e0, giustamente lo poner\u00f2 fra Veneti Pittori,\u2026\u201d. Il capitolo comprende anche una serie di immagini delle opere che gli sono attribuite: \u201cSan Gerardo in gloria\u201d, Venezia, San Francesco della Viga; particolare dell\u2019\u201cAssunta\u201d, Venezia, Santi Cosma e Damiano; la \u201cSantissima Trinit\u00e0 e San Lorenzo Giustiniani in gloria\u201d, Venezia, San Pietro in Castello; \u201dResurrezione di Cristo\u201d, Maser, Treviso, Villa Barbaro-Volpi; \u201cFigura allegorica\u201d, sempre Maser stessa Villa;\u201dFatiche di Ercole\u201d, idem; \u201cVenezia riverente davanti a San Nicol\u00f2\u201d, San Nicol\u00f2 del Lido; \u201cAdorazione dei Magi\u201d, Feltre, santi Vittore e Corona; \u201cIncontro di Maria con Elisabetta\u201d, idem; \u201cFlagellazione di Cristo\u201d, idem. Seguono dati e foto relativi agli affreschi cadorini: \u201cGiochi di putti\u201d San Pietro di Cadore, palazzo Poli-de Pol (4 lavori); \u201cAurora\u201d ; \u201cConvito di Cleopatra; \u201cCleopatra supplica Augusto\u201d; \u201cAugusto e la Sibilla\u201d; Convito di Cleopatra\u201d, particolare; \u201cCleopatra supplica Augusto\u201d, particolare; \u201cCadmo ucide il drago\u201d; \u201cGiunone chiede aiuto a Eolo\u201d;\u201dDiana e Callisto assieme a una divinit\u00e0 fluviale\u201d; \u201cCarro di Aurora\u201d; \u201cCadmo uccide il drago\u201d, particolare; \u201cDiana e Callisto assieme aduna divinit\u00e0 fluviale, particolari; \u201cMercurio e Minerva\u201d. La pregevole pubblicazione si conclude gli elenchi con i quali le autrici hanno creduto utile proporre un saggio di catalogazione delle opere fino ad ora acquisite, al fine di ricostruire un profilo artistico dell\u2019autore.<\/p>\n\n\t\t\t<style type='text\/css'>\n\t\t\t\t#gallery-1 {\n\t\t\t\t\tmargin: auto;\n\t\t\t\t}\n\t\t\t\t#gallery-1 .gallery-item {\n\t\t\t\t\tfloat: left;\n\t\t\t\t\tmargin-top: 10px;\n\t\t\t\t\ttext-align: center;\n\t\t\t\t\twidth: 12%;\n\t\t\t\t}\n\t\t\t\t#gallery-1 img {\n\t\t\t\t\tborder: 2px solid #cfcfcf;\n\t\t\t\t}\n\t\t\t\t#gallery-1 .gallery-caption {\n\t\t\t\t\tmargin-left: 0;\n\t\t\t\t}\n\t\t\t\t\/* see gallery_shortcode() in wp-includes\/media.php *\/\n\t\t\t<\/style>\n\t\t<div id='gallery-1' class='dt-gallery-container gallery galleryid-274618 gallery-columns-8 gallery-size-thumbnail'><dl class='gallery-item'>\n\t\t\t\t<dt class='gallery-icon portrait'>\n\t\t\t\t\t<a class=\"rollover rollover-zoom dt-pswp-item\" title=\"279966179_341262141328456_2975541738684887138_n\" data-dt-img-description=\"\" data-large_image_width=\"301\" data-large_image_height=\"414\"href='https:\/\/www.radiopiu.net\/wordpress\/wp-content\/uploads\/2022\/05\/279966179_341262141328456_2975541738684887138_n.jpg'><img loading=\"lazy\" decoding=\"async\" width=\"150\" height=\"150\" src=\"https:\/\/www.radiopiu.net\/wordpress\/wp-content\/uploads\/2022\/05\/279966179_341262141328456_2975541738684887138_n-150x150.jpg\" class=\"attachment-thumbnail size-thumbnail\" alt=\"\" \/><\/a>\n\t\t\t\t<\/dt><\/dl><dl class='gallery-item'>\n\t\t\t\t<dt class='gallery-icon landscape'>\n\t\t\t\t\t<a class=\"rollover rollover-zoom dt-pswp-item\" title=\"279918265_681330783097456_8008794740807115335_n\" data-dt-img-description=\"\" data-large_image_width=\"552\" data-large_image_height=\"402\"href='https:\/\/www.radiopiu.net\/wordpress\/wp-content\/uploads\/2022\/05\/279918265_681330783097456_8008794740807115335_n.jpg'><img loading=\"lazy\" decoding=\"async\" width=\"150\" height=\"150\" src=\"https:\/\/www.radiopiu.net\/wordpress\/wp-content\/uploads\/2022\/05\/279918265_681330783097456_8008794740807115335_n-150x150.jpg\" class=\"attachment-thumbnail size-thumbnail\" alt=\"\" \/><\/a>\n\t\t\t\t<\/dt><\/dl><dl class='gallery-item'>\n\t\t\t\t<dt class='gallery-icon landscape'>\n\t\t\t\t\t<a class=\"rollover rollover-zoom dt-pswp-item\" title=\"280113046_997140994337367_5953403161704782701_n\" data-dt-img-description=\"\" data-large_image_width=\"654\" data-large_image_height=\"403\"href='https:\/\/www.radiopiu.net\/wordpress\/wp-content\/uploads\/2022\/05\/280113046_997140994337367_5953403161704782701_n.jpg'><img loading=\"lazy\" decoding=\"async\" width=\"150\" height=\"150\" src=\"https:\/\/www.radiopiu.net\/wordpress\/wp-content\/uploads\/2022\/05\/280113046_997140994337367_5953403161704782701_n-150x150.jpg\" class=\"attachment-thumbnail size-thumbnail\" alt=\"\" \/><\/a>\n\t\t\t\t<\/dt><\/dl><dl class='gallery-item'>\n\t\t\t\t<dt class='gallery-icon portrait'>\n\t\t\t\t\t<a class=\"rollover rollover-zoom dt-pswp-item\" title=\"280193312_392949149394969_5885740701418143767_n\" data-dt-img-description=\"\" data-large_image_width=\"320\" data-large_image_height=\"464\"href='https:\/\/www.radiopiu.net\/wordpress\/wp-content\/uploads\/2022\/05\/280193312_392949149394969_5885740701418143767_n.jpg'><img loading=\"lazy\" decoding=\"async\" width=\"150\" height=\"150\" src=\"https:\/\/www.radiopiu.net\/wordpress\/wp-content\/uploads\/2022\/05\/280193312_392949149394969_5885740701418143767_n-150x150.jpg\" class=\"attachment-thumbnail size-thumbnail\" alt=\"\" \/><\/a>\n\t\t\t\t<\/dt><\/dl><dl class='gallery-item'>\n\t\t\t\t<dt class='gallery-icon portrait'>\n\t\t\t\t\t<a class=\"rollover rollover-zoom dt-pswp-item\" title=\"279959814_305130931798846_7818961195483556067_n\" data-dt-img-description=\"\" data-large_image_width=\"299\" data-large_image_height=\"417\"href='https:\/\/www.radiopiu.net\/wordpress\/wp-content\/uploads\/2022\/05\/279959814_305130931798846_7818961195483556067_n.jpg'><img loading=\"lazy\" decoding=\"async\" width=\"150\" height=\"150\" src=\"https:\/\/www.radiopiu.net\/wordpress\/wp-content\/uploads\/2022\/05\/279959814_305130931798846_7818961195483556067_n-150x150.jpg\" class=\"attachment-thumbnail size-thumbnail\" alt=\"\" \/><\/a>\n\t\t\t\t<\/dt><\/dl><dl class='gallery-item'>\n\t\t\t\t<dt class='gallery-icon portrait'>\n\t\t\t\t\t<a class=\"rollover rollover-zoom dt-pswp-item\" title=\"279885295_779282653237599_7235564880347170318_n\" data-dt-img-description=\"\" data-large_image_width=\"304\" data-large_image_height=\"403\"href='https:\/\/www.radiopiu.net\/wordpress\/wp-content\/uploads\/2022\/05\/279885295_779282653237599_7235564880347170318_n.jpg'><img loading=\"lazy\" decoding=\"async\" width=\"150\" height=\"150\" src=\"https:\/\/www.radiopiu.net\/wordpress\/wp-content\/uploads\/2022\/05\/279885295_779282653237599_7235564880347170318_n-150x150.jpg\" class=\"attachment-thumbnail size-thumbnail\" alt=\"\" \/><\/a>\n\t\t\t\t<\/dt><\/dl><dl class='gallery-item'>\n\t\t\t\t<dt class='gallery-icon landscape'>\n\t\t\t\t\t<a class=\"rollover rollover-zoom dt-pswp-item\" title=\"280194334_679833336580158_1674364023471908294_n\" data-dt-img-description=\"\" data-large_image_width=\"633\" data-large_image_height=\"403\"href='https:\/\/www.radiopiu.net\/wordpress\/wp-content\/uploads\/2022\/05\/280194334_679833336580158_1674364023471908294_n.jpg'><img loading=\"lazy\" decoding=\"async\" width=\"150\" height=\"150\" src=\"https:\/\/www.radiopiu.net\/wordpress\/wp-content\/uploads\/2022\/05\/280194334_679833336580158_1674364023471908294_n-150x150.jpg\" class=\"attachment-thumbnail size-thumbnail\" alt=\"\" \/><\/a>\n\t\t\t\t<\/dt><\/dl><dl class='gallery-item'>\n\t\t\t\t<dt class='gallery-icon landscape'>\n\t\t\t\t\t<a class=\"rollover rollover-zoom dt-pswp-item\" title=\"280028703_3100812416845722_4671031350529379383_n\" data-dt-img-description=\"\" data-large_image_width=\"615\" data-large_image_height=\"403\"href='https:\/\/www.radiopiu.net\/wordpress\/wp-content\/uploads\/2022\/05\/280028703_3100812416845722_4671031350529379383_n.jpg'><img loading=\"lazy\" decoding=\"async\" width=\"150\" height=\"150\" src=\"https:\/\/www.radiopiu.net\/wordpress\/wp-content\/uploads\/2022\/05\/280028703_3100812416845722_4671031350529379383_n-150x150.jpg\" class=\"attachment-thumbnail size-thumbnail\" alt=\"\" \/><\/a>\n\t\t\t\t<\/dt><\/dl><br style=\"clear: both\" \/><dl class='gallery-item'>\n\t\t\t\t<dt class='gallery-icon landscape'>\n\t\t\t\t\t<a class=\"rollover rollover-zoom dt-pswp-item\" title=\"280024515_403704961364802_612400889147609551_n\" data-dt-img-description=\"\" data-large_image_width=\"588\" data-large_image_height=\"403\"href='https:\/\/www.radiopiu.net\/wordpress\/wp-content\/uploads\/2022\/05\/280024515_403704961364802_612400889147609551_n.jpg'><img loading=\"lazy\" decoding=\"async\" width=\"150\" height=\"150\" src=\"https:\/\/www.radiopiu.net\/wordpress\/wp-content\/uploads\/2022\/05\/280024515_403704961364802_612400889147609551_n-150x150.jpg\" class=\"attachment-thumbnail size-thumbnail\" alt=\"\" \/><\/a>\n\t\t\t\t<\/dt><\/dl><dl class='gallery-item'>\n\t\t\t\t<dt class='gallery-icon portrait'>\n\t\t\t\t\t<a class=\"rollover rollover-zoom dt-pswp-item\" title=\"280107761_663642218066926_8836381257222134995_n\" data-dt-img-description=\"\" data-large_image_width=\"320\" data-large_image_height=\"467\"href='https:\/\/www.radiopiu.net\/wordpress\/wp-content\/uploads\/2022\/05\/280107761_663642218066926_8836381257222134995_n.jpg'><img loading=\"lazy\" decoding=\"async\" width=\"150\" height=\"150\" src=\"https:\/\/www.radiopiu.net\/wordpress\/wp-content\/uploads\/2022\/05\/280107761_663642218066926_8836381257222134995_n-150x150.jpg\" class=\"attachment-thumbnail size-thumbnail\" alt=\"\" \/><\/a>\n\t\t\t\t<\/dt><\/dl><dl class='gallery-item'>\n\t\t\t\t<dt class='gallery-icon portrait'>\n\t\t\t\t\t<a class=\"rollover rollover-zoom dt-pswp-item\" title=\"280108884_600483721417180_3045283495429884850_n\" data-dt-img-description=\"\" data-large_image_width=\"301\" data-large_image_height=\"417\"href='https:\/\/www.radiopiu.net\/wordpress\/wp-content\/uploads\/2022\/05\/280108884_600483721417180_3045283495429884850_n.jpg'><img loading=\"lazy\" decoding=\"async\" width=\"150\" height=\"150\" src=\"https:\/\/www.radiopiu.net\/wordpress\/wp-content\/uploads\/2022\/05\/280108884_600483721417180_3045283495429884850_n-150x150.jpg\" class=\"attachment-thumbnail size-thumbnail\" alt=\"\" \/><\/a>\n\t\t\t\t<\/dt><\/dl><dl class='gallery-item'>\n\t\t\t\t<dt class='gallery-icon landscape'>\n\t\t\t\t\t<a class=\"rollover rollover-zoom dt-pswp-item\" title=\"279921092_1096558067558217_8965700903077478381_n\" data-dt-img-description=\"\" data-large_image_width=\"600\" data-large_image_height=\"399\"href='https:\/\/www.radiopiu.net\/wordpress\/wp-content\/uploads\/2022\/05\/279921092_1096558067558217_8965700903077478381_n.jpg'><img loading=\"lazy\" decoding=\"async\" width=\"150\" height=\"150\" src=\"https:\/\/www.radiopiu.net\/wordpress\/wp-content\/uploads\/2022\/05\/279921092_1096558067558217_8965700903077478381_n-150x150.jpg\" class=\"attachment-thumbnail size-thumbnail\" alt=\"\" \/><\/a>\n\t\t\t\t<\/dt><\/dl><dl class='gallery-item'>\n\t\t\t\t<dt class='gallery-icon landscape'>\n\t\t\t\t\t<a class=\"rollover rollover-zoom dt-pswp-item\" title=\"280084084_1229001327632659_52964657405141803_n\" data-dt-img-description=\"\" data-large_image_width=\"618\" data-large_image_height=\"403\"href='https:\/\/www.radiopiu.net\/wordpress\/wp-content\/uploads\/2022\/05\/280084084_1229001327632659_52964657405141803_n.jpg'><img loading=\"lazy\" decoding=\"async\" width=\"150\" height=\"150\" src=\"https:\/\/www.radiopiu.net\/wordpress\/wp-content\/uploads\/2022\/05\/280084084_1229001327632659_52964657405141803_n-150x150.jpg\" class=\"attachment-thumbnail size-thumbnail\" alt=\"\" \/><\/a>\n\t\t\t\t<\/dt><\/dl><dl class='gallery-item'>\n\t\t\t\t<dt class='gallery-icon landscape'>\n\t\t\t\t\t<a class=\"rollover rollover-zoom dt-pswp-item\" title=\"279821874_706405677230416_4608459520903843526_n\" data-dt-img-description=\"\" data-large_image_width=\"626\" data-large_image_height=\"403\"href='https:\/\/www.radiopiu.net\/wordpress\/wp-content\/uploads\/2022\/05\/279821874_706405677230416_4608459520903843526_n.jpg'><img loading=\"lazy\" decoding=\"async\" width=\"150\" height=\"150\" src=\"https:\/\/www.radiopiu.net\/wordpress\/wp-content\/uploads\/2022\/05\/279821874_706405677230416_4608459520903843526_n-150x150.jpg\" class=\"attachment-thumbnail size-thumbnail\" alt=\"\" \/><\/a>\n\t\t\t\t<\/dt><\/dl><dl class='gallery-item'>\n\t\t\t\t<dt class='gallery-icon portrait'>\n\t\t\t\t\t<a class=\"rollover rollover-zoom dt-pswp-item\" title=\"279868107_1509522536146929_1893067665826739933_n\" data-dt-img-description=\"\" data-large_image_width=\"397\" data-large_image_height=\"403\"href='https:\/\/www.radiopiu.net\/wordpress\/wp-content\/uploads\/2022\/05\/279868107_1509522536146929_1893067665826739933_n.jpg'><img loading=\"lazy\" decoding=\"async\" width=\"150\" height=\"150\" src=\"https:\/\/www.radiopiu.net\/wordpress\/wp-content\/uploads\/2022\/05\/279868107_1509522536146929_1893067665826739933_n-150x150.jpg\" class=\"attachment-thumbnail size-thumbnail\" alt=\"\" \/><\/a>\n\t\t\t\t<\/dt><\/dl><dl class='gallery-item'>\n\t\t\t\t<dt class='gallery-icon portrait'>\n\t\t\t\t\t<a class=\"rollover rollover-zoom dt-pswp-item\" title=\"280084084_369260831819842_1855021841987977208_n\" data-dt-img-description=\"\" data-large_image_width=\"319\" data-large_image_height=\"480\"href='https:\/\/www.radiopiu.net\/wordpress\/wp-content\/uploads\/2022\/05\/280084084_369260831819842_1855021841987977208_n.jpg'><img loading=\"lazy\" decoding=\"async\" width=\"150\" height=\"150\" src=\"https:\/\/www.radiopiu.net\/wordpress\/wp-content\/uploads\/2022\/05\/280084084_369260831819842_1855021841987977208_n-150x150.jpg\" class=\"attachment-thumbnail size-thumbnail\" alt=\"\" \/><\/a>\n\t\t\t\t<\/dt><\/dl><br style=\"clear: both\" \/>\n\t\t\t<\/div>\n\n<p>NELLE FOTO (riproduzioni dal libro \u201cUna villa veneta nella ladinia dolomitica\u201d): copertina del libro.-catalogo con \u201cGiochi di putti\u201d, particolare d\u2019affresco; retrocopertina con la villa Poli de Pol nei primi anni; Palazzo Poli-de Pol: facciata San Pietro di Cadore; interno e piano nobile; di Girolamo Pellegrini:\u201dGiochi di putti , San Pietro di Cadore, palazzo Poli-de Pol; altro particolare; \u201cAurora\u201d; \u201cCleopatra supplica Augusto\u201d; \u201cCadmo uccide il drago\u201d; \u201cGiunone chiede aiuto a Eolo\u201d; \u201cDiana e Callisto assieme a una divinit\u00e0 fluviale\u201d; \u201cCarro di Aurora\u201d; \u201cMercurio e Minerva\u201d; \u201cAdorazione dei Magi\u201d, Feltre Santi Vittore e Corona; la \u201cSantissima Trinit\u00e0 e San Lorenzo Giustiniani in gloria\u201d, Venezia, San Pietro di Castello.<\/p>\n<p>&nbsp;<\/p>\n<p>&nbsp;<\/p>\n<p>******<\/p>\n","protected":false},"excerpt":{"rendered":"<p>di Renato Bona E\u2019 intitolato \u201cUna villa veneta nella Ladinia Dolomitica: Girolamo Pellegrini e gli affreschi di Palazzo Poli-De Pol a San Pietro di Cadore\u201d. E\u2019 l\u2019ottimo libro-catalogo del 1994 (stampa della Comp editoriale veneta di Mestre) di Patrizia Eicher Clere ed Elisabetta Riva De Bettin edito per il Gruppo Musicale di Costalta dalla editoriale&hellip;<\/p>\n","protected":false},"author":4,"featured_media":274621,"comment_status":"closed","ping_status":"closed","sticky":false,"template":"","format":"standard","meta":{"_monsterinsights_skip_tracking":false,"_monsterinsights_sitenote_active":false,"_monsterinsights_sitenote_note":"","_monsterinsights_sitenote_category":0,"footnotes":""},"categories":[51,49],"tags":[],"class_list":["post-274618","post","type-post","status-publish","format-standard","has-post-thumbnail","hentry","category-evidenza-top","category-news-18","category-51","category-49","description-off"],"img_url":"https:\/\/www.radiopiu.net\/wordpress\/wp-content\/uploads\/2022\/05\/280113046_997140994337367_5953403161704782701_n.jpg","_links":{"self":[{"href":"https:\/\/www.radiopiu.net\/wordpress\/wp-json\/wp\/v2\/posts\/274618","targetHints":{"allow":["GET"]}}],"collection":[{"href":"https:\/\/www.radiopiu.net\/wordpress\/wp-json\/wp\/v2\/posts"}],"about":[{"href":"https:\/\/www.radiopiu.net\/wordpress\/wp-json\/wp\/v2\/types\/post"}],"author":[{"embeddable":true,"href":"https:\/\/www.radiopiu.net\/wordpress\/wp-json\/wp\/v2\/users\/4"}],"replies":[{"embeddable":true,"href":"https:\/\/www.radiopiu.net\/wordpress\/wp-json\/wp\/v2\/comments?post=274618"}],"version-history":[{"count":0,"href":"https:\/\/www.radiopiu.net\/wordpress\/wp-json\/wp\/v2\/posts\/274618\/revisions"}],"wp:featuredmedia":[{"embeddable":true,"href":"https:\/\/www.radiopiu.net\/wordpress\/wp-json\/wp\/v2\/media\/274621"}],"wp:attachment":[{"href":"https:\/\/www.radiopiu.net\/wordpress\/wp-json\/wp\/v2\/media?parent=274618"}],"wp:term":[{"taxonomy":"category","embeddable":true,"href":"https:\/\/www.radiopiu.net\/wordpress\/wp-json\/wp\/v2\/categories?post=274618"},{"taxonomy":"post_tag","embeddable":true,"href":"https:\/\/www.radiopiu.net\/wordpress\/wp-json\/wp\/v2\/tags?post=274618"}],"curies":[{"name":"wp","href":"https:\/\/api.w.org\/{rel}","templated":true}]}}