{"id":274651,"date":"2022-05-10T06:01:41","date_gmt":"2022-05-10T04:01:41","guid":{"rendered":"https:\/\/www.radiopiu.net\/wordpress\/?p=274651"},"modified":"2022-05-10T09:34:31","modified_gmt":"2022-05-10T07:34:31","slug":"giornale-radiopiu-10-maggio-2022-direttore-mirko-mezzacasa","status":"publish","type":"post","link":"https:\/\/www.radiopiu.net\/wordpress\/giornale-radiopiu-10-maggio-2022-direttore-mirko-mezzacasa\/","title":{"rendered":"GIORNALE RADIOPIU 10 MAGGIO 2022 DIRETTORE MIRKO MEZZACASA"},"content":{"rendered":"<h3 class=\"kvgmc6g5 cxmmr5t8 oygrvhab hcukyx3x c1et5uql\"><span style=\"color: #0000ff;\"><strong>\u00a0RADIO PIU INFORMAZIONE il canale su TELEGRAM informazione di prima\u00a0 <\/strong><\/span><span style=\"color: #0000ff;\"><strong>mano e in tempo reale. iscriviti ed aiutaci a farlo conoscere\u00a0\u00a0<\/strong><\/span><\/h3>\n<p>&nbsp;<\/p>\n<hr \/>\n<p>&nbsp;<\/p>\n<blockquote>\n<h3>INTERRUZIONI SERVIZIO IDRICO<\/h3>\n<\/blockquote>\n<p><strong>LIVINALLONGO<\/strong> Gestione Servizi Pubblici informa che, per lavori alla rete idrica comunale, oggi\u00a0 dalle 8 alle\u00a0 17 potrebbe mancare l&#8217;acqua in comune di Livinallongo nelle localit\u00e0 Bo\u00e8, Palluacia, Mesd\u00ec e Colesel.<\/p>\n<p>&nbsp;<\/p>\n<p>&nbsp;<\/p>\n<hr \/>\n<p>&nbsp;<\/p>\n<blockquote>\n<h3>SP 3, IN COMUNE DI GOSALDO: CHIUSA PER DIECI GIORNI<\/h3>\n<\/blockquote>\n<p><strong><a class=\"dt-pswp-item\" href=\"https:\/\/www.radiopiu.net\/wordpress\/wp-content\/uploads\/2020\/05\/VENETO-STRADE.png\" data-dt-img-description=\"\" data-large_image_width=\"400\" data-large_image_height=\"400\"><img loading=\"lazy\" decoding=\"async\" class=\"size-thumbnail wp-image-135574 alignleft\" src=\"https:\/\/www.radiopiu.net\/wordpress\/wp-content\/uploads\/2020\/05\/VENETO-STRADE-150x150.png\" alt=\"\" width=\"150\" height=\"150\" srcset=\"https:\/\/www.radiopiu.net\/wordpress\/wp-content\/uploads\/2020\/05\/VENETO-STRADE-150x150.png 150w, https:\/\/www.radiopiu.net\/wordpress\/wp-content\/uploads\/2020\/05\/VENETO-STRADE-300x300.png 300w, https:\/\/www.radiopiu.net\/wordpress\/wp-content\/uploads\/2020\/05\/VENETO-STRADE.png 400w\" sizes=\"auto, (max-width: 150px) 100vw, 150px\" \/><\/a>SEDICO <\/strong>Da Veneto Strade, interdizione totale alla viabilita&#8217;, provinciale Agordo-Rivamonte<\/p>\n<p><strong>PROVINCIALE 3 DI VALLE IMPERINA<\/strong> in Comune di Gosaldo al chilometro 11, fino al 13 maggio compreso, e al chilometro 12,500 fino al 20 maggio, interdizione totale alla circolazione stradale per lavori di consolidamento del piano viabile a fasce orarie: DALLE 8 ALLE 12.45, DALLE 13.45 ALLE 16 E DALLE 16.30 ALLE 18. Alternativa 347 del Duran e Cereda (Gosaldo-Forcella Aurine-Frassene&#8217;-Voltago-Agordo). Durante le aperture senso unico alternato regolato da movieri<\/p>\n<p>&nbsp;<\/p>\n<p>&nbsp;<\/p>\n<hr \/>\n<p>&nbsp;<\/p>\n<p>&nbsp;<\/p>\n<blockquote>\n<h3>ICTUS: DIAGNOSI PIU&#8217; RAPIDE GRAZIE ALL&#8217;INTELLIGENZA ARTIFICIALE NEI 4 OSPEDALI DELLA ULSS1<\/h3>\n<\/blockquote>\n<p><strong><a class=\"dt-pswp-item\" href=\"https:\/\/www.radiopiu.net\/wordpress\/wp-content\/uploads\/2022\/05\/download-8.jpg\" data-dt-img-description=\"\" data-large_image_width=\"294\" data-large_image_height=\"171\"><img loading=\"lazy\" decoding=\"async\" class=\"size-thumbnail wp-image-274816 alignleft\" src=\"https:\/\/www.radiopiu.net\/wordpress\/wp-content\/uploads\/2022\/05\/download-8-150x150.jpg\" alt=\"\" width=\"150\" height=\"150\" \/><\/a>BELLUNO<\/strong> Le Radiologie di Belluno, Feltre, Agordo e Pieve di Cadore saranno dotate di un sistema di intelligenza artificiale da utilizzare in caso di accertamenti per sospetto ictus. Questo sistema permetter\u00e0 la rielaborazione delle numerose immagini TAC aiutando i clinici a definire con precisione la tipologia di ictus e, quindi, l\u2019identificazione del trattamento necessario. L\u2019Ictus rappresenta la terza causa di morte e una delle prime cause di invalidit\u00e0. L\u2019incidenza insiste in particolare sulla popolazione anziana. In ulss Dolomiti, nel 2021 sono stati diagnosticati circa 390 casi di ictus. Oggi vi sono opportunit\u00e0 terapeutiche con elevate possibilit\u00e0 di successo sia in termini di sopravvivenza che di riduzione delle disabilit\u00e0. Un fattore fondamentale, per\u00f2, \u00e8 la diagnosi precoce e all\u2019avvio immediate alle cure necessarie che variano a seconda del tipo di ictus. Il sistema che sar\u00e0 utilizzato nelle Radiologie di Belluno, Feltre, Agordo e Pieve di Cadore , rielabora attraverso un algoritmo in maniera molto rapida le immagini ricavate dalle TAC per mostrare velocemente le condizioni dell\u2019encefalo per indirizzarlo alla trombolisi, che pu\u00f2 essere effettuata nelle Neurologie di Belluno e Feltre, oppure all\u2019intervento di rimozione meccanica del trombo con l\u2019invio immediato alla Neuroradiologia di Treviso.<\/p>\n<blockquote><p><em>\u00abQuesta applicazione di intelligenza artificiale ha un valore ancora pi\u00f9 importante per il nostro territorio perch\u00e9 ci consente di arrivare rapidamente ad una diagnosi raffinata in qualsiasi ospedale si rivolga il cittadino, per poterlo indirizzare in breve tempo alle cure pi\u00f9 appropriate per il caso specifico\u00bb spiega il direttore generale Maria Grazia Carraro, \u00abl\u2019Aziende continua ad investire in tecnologie innovative per fornire ai clinici che operano nelle nostre organizzazioni tutti i supporti e gli strumenti per le migliori cure possibili e per i pazienti che possono contare su diagnosi tempestive e quindi ridurre il tempo per l\u2019inizio delle terapie pi\u00f9 appropriate. In questo territorio, ci\u00f2 ha un valore particolare\u00bb.<\/em><\/p><\/blockquote>\n<p>&nbsp;<\/p>\n<p>&nbsp;<\/p>\n<hr \/>\n<blockquote>\n<h3><\/h3>\n<h3>\u00a0DIMINUISCONO I NUOVI CASI, CINQUE I DECESSI PER COVID NEGLI ULTIMI SETTE GIORNI, RIAPRE LA TERAPIA INTENSIVA COVID<\/h3>\n<\/blockquote>\n<p><strong>BELLUNO<\/strong> Negli ultimi sette giorni registrata una diminuzione dei nuovi casi: 742 (-141 rispetto alla scorsa settimana), con un conseguente tasso di incidenza settimanale di 372 casi su 100 mila abitanti, in diminuzione rispetto alla settimana precedente e inferiore all&#8217;incidenza nazionale (492 su 100 mila abitanti). La mappa\u00a0 riporta (in bianco) i Comuni dove negli ultimi sette giorni non siano stati registati nuovi casi, dalla Valbelluna all&#8217;Agordino e fino al Cadore. Solo un Comune con il colore pi\u00f9 scuro, Vallada con piu&#8217; di 2000 casi ogni 100mila abitanti, tra 1000e2000 Taibon e Fonzaso, poi via via la colorazione diventa pi\u00f9 tenue ovvero dove si sono registrati un numero minore di nuovi casi. Nella settimana analizzata i nuovi casi si collocano prevalentemente nelle fasce centrali 25-64 anni. <strong>RICOVERI <\/strong>Sono attualmente ricoverati 1 paziente in terapia intensiva a Feltre, 39 in area non critica e 12 negli ospedali di comunit\u00e0. Considerati i molti ricoveri di pazienti positivi senza sintomatologia correlata al covid che non necessitano di cure semi intensive, dallo scorso weekend sono stati attivati alcuni posti letto in area medica per pazienti covid. E\u2019 stata successivamente disattivata la pneumologia covid, con l\u2019obiettivo, di permettere alla Pneumologia di accogliere i pazienti con problematiche respiratorie non covid. Nella settimana qui analizzata si sono registrati i seguenti decessi di pazienti covid positivi <strong>DECESSI <\/strong><strong>01\/05<\/strong>: deceduto un uomo di anni 86 ricoverato presso la Pneumologia di Belluno <strong>03\/05:<\/strong> deceduti una donna di anni 92 ricoverata presso la Pneumologia di Belluno e un uomo di anni 70 ricoverato presso la Pneumologia di Feltre<strong> 05\/05<\/strong>: deceduto un uomo di anni 75 ricoverato presso Malattie Infettive di Belluno <strong>07\/05<\/strong>: deceduto un uomo di anni 79 ricoverato presso l\u2019Ospedale di Comunit\u00e0 di Feltre<\/p>\n\n\t\t\t<style type='text\/css'>\n\t\t\t\t#gallery-1 {\n\t\t\t\t\tmargin: auto;\n\t\t\t\t}\n\t\t\t\t#gallery-1 .gallery-item {\n\t\t\t\t\tfloat: left;\n\t\t\t\t\tmargin-top: 10px;\n\t\t\t\t\ttext-align: center;\n\t\t\t\t\twidth: 33%;\n\t\t\t\t}\n\t\t\t\t#gallery-1 img {\n\t\t\t\t\tborder: 2px solid #cfcfcf;\n\t\t\t\t}\n\t\t\t\t#gallery-1 .gallery-caption {\n\t\t\t\t\tmargin-left: 0;\n\t\t\t\t}\n\t\t\t\t\/* see gallery_shortcode() in wp-includes\/media.php *\/\n\t\t\t<\/style>\n\t\t<div id='gallery-1' class='dt-gallery-container gallery galleryid-274651 gallery-columns-3 gallery-size-medium'><dl class='gallery-item'>\n\t\t\t\t<dt class='gallery-icon landscape'>\n\t\t\t\t\t<a class=\"rollover rollover-zoom dt-pswp-item\" title=\"f0ab54fe-c748-4cbe-9484-ddb3e7f3e4ad\" data-dt-img-description=\"\" data-large_image_width=\"1600\" data-large_image_height=\"824\"href='https:\/\/www.radiopiu.net\/wordpress\/wp-content\/uploads\/2022\/05\/f0ab54fe-c748-4cbe-9484-ddb3e7f3e4ad.jpg'><img loading=\"lazy\" decoding=\"async\" width=\"300\" height=\"155\" src=\"https:\/\/www.radiopiu.net\/wordpress\/wp-content\/uploads\/2022\/05\/f0ab54fe-c748-4cbe-9484-ddb3e7f3e4ad-300x155.jpg\" class=\"attachment-medium size-medium\" alt=\"\" srcset=\"https:\/\/www.radiopiu.net\/wordpress\/wp-content\/uploads\/2022\/05\/f0ab54fe-c748-4cbe-9484-ddb3e7f3e4ad-300x155.jpg 300w, https:\/\/www.radiopiu.net\/wordpress\/wp-content\/uploads\/2022\/05\/f0ab54fe-c748-4cbe-9484-ddb3e7f3e4ad-1024x527.jpg 1024w, https:\/\/www.radiopiu.net\/wordpress\/wp-content\/uploads\/2022\/05\/f0ab54fe-c748-4cbe-9484-ddb3e7f3e4ad-768x396.jpg 768w, https:\/\/www.radiopiu.net\/wordpress\/wp-content\/uploads\/2022\/05\/f0ab54fe-c748-4cbe-9484-ddb3e7f3e4ad-1536x791.jpg 1536w, https:\/\/www.radiopiu.net\/wordpress\/wp-content\/uploads\/2022\/05\/f0ab54fe-c748-4cbe-9484-ddb3e7f3e4ad.jpg 1600w\" sizes=\"auto, (max-width: 300px) 100vw, 300px\" \/><\/a>\n\t\t\t\t<\/dt><\/dl><dl class='gallery-item'>\n\t\t\t\t<dt class='gallery-icon landscape'>\n\t\t\t\t\t<a class=\"rollover rollover-zoom dt-pswp-item\" title=\"5cada0b7-50fe-48d6-b48e-cda03bf8a618\" data-dt-img-description=\"\" data-large_image_width=\"1125\" data-large_image_height=\"1011\"href='https:\/\/www.radiopiu.net\/wordpress\/wp-content\/uploads\/2022\/05\/5cada0b7-50fe-48d6-b48e-cda03bf8a618.jpg'><img loading=\"lazy\" decoding=\"async\" width=\"300\" height=\"270\" src=\"https:\/\/www.radiopiu.net\/wordpress\/wp-content\/uploads\/2022\/05\/5cada0b7-50fe-48d6-b48e-cda03bf8a618-300x270.jpg\" class=\"attachment-medium size-medium\" alt=\"\" srcset=\"https:\/\/www.radiopiu.net\/wordpress\/wp-content\/uploads\/2022\/05\/5cada0b7-50fe-48d6-b48e-cda03bf8a618-300x270.jpg 300w, https:\/\/www.radiopiu.net\/wordpress\/wp-content\/uploads\/2022\/05\/5cada0b7-50fe-48d6-b48e-cda03bf8a618-1024x920.jpg 1024w, https:\/\/www.radiopiu.net\/wordpress\/wp-content\/uploads\/2022\/05\/5cada0b7-50fe-48d6-b48e-cda03bf8a618-768x690.jpg 768w, https:\/\/www.radiopiu.net\/wordpress\/wp-content\/uploads\/2022\/05\/5cada0b7-50fe-48d6-b48e-cda03bf8a618.jpg 1125w\" sizes=\"auto, (max-width: 300px) 100vw, 300px\" \/><\/a>\n\t\t\t\t<\/dt><\/dl><dl class='gallery-item'>\n\t\t\t\t<dt class='gallery-icon landscape'>\n\t\t\t\t\t<a class=\"rollover rollover-zoom dt-pswp-item\" title=\"5a3a2d82-f00e-4ab2-bf49-69e01066ed39\" data-dt-img-description=\"\" data-large_image_width=\"1125\" data-large_image_height=\"610\"href='https:\/\/www.radiopiu.net\/wordpress\/wp-content\/uploads\/2022\/05\/5a3a2d82-f00e-4ab2-bf49-69e01066ed39.jpg'><img loading=\"lazy\" decoding=\"async\" width=\"300\" height=\"163\" src=\"https:\/\/www.radiopiu.net\/wordpress\/wp-content\/uploads\/2022\/05\/5a3a2d82-f00e-4ab2-bf49-69e01066ed39-300x163.jpg\" class=\"attachment-medium size-medium\" alt=\"\" srcset=\"https:\/\/www.radiopiu.net\/wordpress\/wp-content\/uploads\/2022\/05\/5a3a2d82-f00e-4ab2-bf49-69e01066ed39-300x163.jpg 300w, https:\/\/www.radiopiu.net\/wordpress\/wp-content\/uploads\/2022\/05\/5a3a2d82-f00e-4ab2-bf49-69e01066ed39-1024x555.jpg 1024w, https:\/\/www.radiopiu.net\/wordpress\/wp-content\/uploads\/2022\/05\/5a3a2d82-f00e-4ab2-bf49-69e01066ed39-768x416.jpg 768w, https:\/\/www.radiopiu.net\/wordpress\/wp-content\/uploads\/2022\/05\/5a3a2d82-f00e-4ab2-bf49-69e01066ed39.jpg 1125w\" sizes=\"auto, (max-width: 300px) 100vw, 300px\" \/><\/a>\n\t\t\t\t<\/dt><\/dl><br style=\"clear: both\" \/>\n\t\t\t<\/div>\n\n<p>&nbsp;<\/p>\n<hr \/>\n<p>&nbsp;<\/p>\n<blockquote>\n<h3><a class=\"dt-pswp-item\" href=\"https:\/\/www.radiopiu.net\/wordpress\/wp-content\/uploads\/2022\/05\/15578593_10209656134954472_6752629004031641364_n.jpg\" data-dt-img-description=\"\" data-large_image_width=\"720\" data-large_image_height=\"720\"><img loading=\"lazy\" decoding=\"async\" class=\"size-thumbnail wp-image-274839 alignleft\" src=\"https:\/\/www.radiopiu.net\/wordpress\/wp-content\/uploads\/2022\/05\/15578593_10209656134954472_6752629004031641364_n-150x150.jpg\" alt=\"\" width=\"150\" height=\"150\" srcset=\"https:\/\/www.radiopiu.net\/wordpress\/wp-content\/uploads\/2022\/05\/15578593_10209656134954472_6752629004031641364_n-150x150.jpg 150w, https:\/\/www.radiopiu.net\/wordpress\/wp-content\/uploads\/2022\/05\/15578593_10209656134954472_6752629004031641364_n-300x300.jpg 300w, https:\/\/www.radiopiu.net\/wordpress\/wp-content\/uploads\/2022\/05\/15578593_10209656134954472_6752629004031641364_n.jpg 720w\" sizes=\"auto, (max-width: 150px) 100vw, 150px\" \/><\/a>E&#8217; MANCATO L&#8217;AVVOCATO PAOLO MARSON, PILASTRO DEL FORO\u00a0 PADOVANO<\/h3>\n<\/blockquote>\n<p><strong>BELLUNO<\/strong> E&#8217; morto l\u2019avvocato Paolo Marson, noto penalista padovano d&#8217;adozione e titolare di uno studio in piazza De Gasperi. Marson, 62 anni, era ricoverato da circa dieci giorni nell\u2019Istituto oncologico veneto dopo una malattia che lo aveva colpito da pochi mesi. Paolo Marson \u00e8 nato a Venezia nel 1959. Laureato in giurisprudenza all\u2019Universit\u00e0 degli Studi di Padova nel 1983, ha esercitato nella citt\u00e0 del Santo per quasi 40 anni. Oltre alla professione, coltivava da sempre la passione per lo sport, soprattutto il tennis, il trekking e la maratona.<\/p>\n<p>Marson, originario di Belluno\u00a0 era nato a Venezia dove lavorava\u00a0 il padre,\u00a0 Giovanni Battista Marson, primario della Dermatologia bellunese dal 1962 al 1997.<\/p>\n<p>&nbsp;<\/p>\n<p>&nbsp;<\/p>\n<hr \/>\n<p>&nbsp;<\/p>\n<blockquote>\n<h3>BRETELLE LASCHE IN LUTTO PER LA MORTE DI EUGENIO ALLEGRI<\/h3>\n<\/blockquote>\n<p><a href=\"https:\/\/www.radiopiu.net\/wordpress\/wp-content\/uploads\/2022\/05\/093128734-71dfd187-8e78-4c29-b19f-4a5c9c804e08.webp\"><img loading=\"lazy\" decoding=\"async\" class=\" wp-image-274849 alignleft\" src=\"https:\/\/www.radiopiu.net\/wordpress\/wp-content\/uploads\/2022\/05\/093128734-71dfd187-8e78-4c29-b19f-4a5c9c804e08-150x150.webp\" alt=\"\" width=\"107\" height=\"107\" \/><\/a>E&#8217; un giorno triste per il mondo del teatro e della cultura. A 66 anni si \u00e8 spento improvvisamente e prematuramente a Torino Eugenio Allegri, attore e regista di grande talento, originario di Collegno. \u00a0Attore dal fascino poetico speciale, ma anche direttore artistico e docente, ha nel suo curriculum un altro monologo indimenticabile,<a href=\"https:\/\/www.torinotoday.it\/eventi\/la-storia-di-cyrano-alfa-teatro-11-12-marzo.html\">\u00a0&#8220;La storia di Cirano&#8221;<\/a> e molte altre interpretazioni. Una morte che colpisce anche gli attori e collaboratori delle &#8220;Bretelle Lasche&#8221;. \u00c8 stato grazie a lui, grande amico di Paolo Dego, che nel 1987, la compagnia &#8220;Bretelle Lasche&#8221; si costituisce ufficialmente gruppo teatrale come associazione culturale.<\/p>\n<p><em>DALLA PAGINA FACEBOOK DELLE BRETELLE LASCHE &#8220;Caro Eugenio, esattamente quarant&#8217;anni fa hai iniziato a instillarci dentro il sacro amore, hai dato al nostro gruppo la spinta propulsiva che ancora oggi ci fa andare avanti. Grazie per tutto quello che ci hai insegnato, per la tua arte, la tua sensibilit\u00e0 e gentilezza. Ci mancherai tanto&#8221;.<\/em><\/p>\n<p><a class=\"dt-pswp-item\" href=\"https:\/\/www.radiopiu.net\/wordpress\/wp-content\/uploads\/2022\/05\/280220441_3480642365496988_6725215400405699413_n.jpg\" data-dt-img-description=\"\" data-large_image_width=\"720\" data-large_image_height=\"481\"><img loading=\"lazy\" decoding=\"async\" class=\"alignnone wp-image-274850 \" src=\"https:\/\/www.radiopiu.net\/wordpress\/wp-content\/uploads\/2022\/05\/280220441_3480642365496988_6725215400405699413_n-300x200.jpg\" alt=\"\" width=\"236\" height=\"157\" srcset=\"https:\/\/www.radiopiu.net\/wordpress\/wp-content\/uploads\/2022\/05\/280220441_3480642365496988_6725215400405699413_n-300x200.jpg 300w, https:\/\/www.radiopiu.net\/wordpress\/wp-content\/uploads\/2022\/05\/280220441_3480642365496988_6725215400405699413_n.jpg 720w\" sizes=\"auto, (max-width: 236px) 100vw, 236px\" \/>\u00a0<\/a><\/p>\n<p>&nbsp;<\/p>\n<p>&nbsp;<\/p>\n<p>&nbsp;<\/p>\n<hr \/>\n<p>&nbsp;<\/p>\n<blockquote>\n<h3><a class=\"dt-pswp-item\" href=\"https:\/\/www.radiopiu.net\/wordpress\/wp-content\/uploads\/2022\/05\/ttt.jpg\" data-dt-img-description=\"\" data-large_image_width=\"279\" data-large_image_height=\"378\"><img loading=\"lazy\" decoding=\"async\" class=\" wp-image-274655 alignleft\" src=\"https:\/\/www.radiopiu.net\/wordpress\/wp-content\/uploads\/2022\/05\/ttt-150x150.jpg\" alt=\"\" width=\"110\" height=\"110\" \/><\/a>GIOVEDI I FUNERALI DI CARLO GHEDIN<\/h3>\n<\/blockquote>\n<p><strong>PIEVE DI CADORE<\/strong> Saranno celebrati gioved\u00ec, alle 15, a Pocenia (Udine) i funerali di Carlo Ghedin, l&#8217;escursionista di 47 anni morto sul Picco di Roda, sopra Pieve di Cadore.\u00a0 Le cause del decesso sono chiare, visto il politrauma sofferto nella caduta. Secondo una prima ricostruzione, Ghedin si trovava in prossimit\u00e0 della cima, quando ha perso l&#8217;equilibrio, scivolando lungo la ripida parete laterale, da dove ha soltanto potuto lanciare l&#8217;allarme con una telefonata al 118, prima di precipitare tra le rocce. Ghedin riposer\u00e0 nel cimitero del suo paese. Lascia L&#8217;anziano padre con il quale viveva e tre fratelli.<\/p>\n<p>&nbsp;<\/p>\n<p>&nbsp;<\/p>\n<hr \/>\n<p>&nbsp;<\/p>\n<p>&nbsp;<\/p>\n<blockquote>\n<h3>LIBERATI A CANALE D&#8217;AGORDO GLI UCCELLI SEQUESTRATI NEL VENEZIANO, ULTIMO ATTO DELL&#8217;OPERAZIONE<\/h3>\n<\/blockquote>\n<p><a class=\"dt-pswp-item\" href=\"https:\/\/www.radiopiu.net\/wordpress\/wp-content\/uploads\/2022\/05\/download-10.jpg\" data-dt-img-description=\"\" data-large_image_width=\"300\" data-large_image_height=\"168\"><img loading=\"lazy\" decoding=\"async\" class=\"size-thumbnail wp-image-274847 alignleft\" src=\"https:\/\/www.radiopiu.net\/wordpress\/wp-content\/uploads\/2022\/05\/download-10-150x150.jpg\" alt=\"\" width=\"150\" height=\"150\" \/><\/a><strong>CANALE D&#8217;AGORDO<\/strong> Ieri, in localit\u00e0 Langi\u00e0, sono stati rilasciati una cinquanta di uccelli\u00a0 sequestrati dal nucleo Cites. L&#8217;operazione \u00e8 stata eseguita dal tenente colonnello Antonella Tropea del Cites di Venezia, che aveva effettuato il sequestro. Con lei il collega Riccardo Corbini, comandante del gruppo carabinieri forestali di Belluno, e i comandanti della stazione locale dei carabinieri forestali di Canale e Caprile, Antonella Confortola e Francesco Manfroi. Quest&#8217;ultimo aveva in custodia gli uccellini. Cardellini, lucherini, fanelli, crocieri, peppole, fringuelli, ciuffolotti, merli, tordi bottacci, erano stati trovati dai carabinieri in un negozio che li teneva in una cella frigorifera in disuso, irregolarmente, per poi venderli. I militari hanno controllato il negozio a Mira, nell\u2019ambito della campagna nazionale di verifiche denominata \u201cL\u2019Anello mancante\u201d (a tutela dell\u2019avivauna protetta e del corretto prelievo venatorio). Nello specifico i carabinieri del Nucleo Cites hanno rilevato irregolarit\u00e0 (alterazione) negli anelli identificativi di alcuni esemplari di cardellini e lucherini esposti in vendita e a seguito dei successivi riscontri nei locali dell\u2019esercizio, hanno scoperto in una cella frigorifera in disuso, oltre 100 esemplari di avifauna autoctona di dubbia regolarit\u00e0, posti poi sotto sequestro penale. Gli animali su disposizione della Procura di Venezia, dopo essere stati sottoposti a tutti i necessari accertamenti sanitari dopo un periodo di riabilitazione al volo, sono stati rilasciati.<\/p>\n<p>&nbsp;<\/p>\n<hr \/>\n<p>&nbsp;<\/p>\n<blockquote>\n<h3><a class=\"dt-pswp-item\" href=\"https:\/\/www.radiopiu.net\/wordpress\/wp-content\/uploads\/2018\/07\/TRIBUNALE-1.jpg\" data-dt-img-description=\"\" data-large_image_width=\"960\" data-large_image_height=\"720\"><img loading=\"lazy\" decoding=\"async\" class=\"wp-image-53164 alignleft\" src=\"https:\/\/www.radiopiu.net\/wordpress\/wp-content\/uploads\/2018\/07\/TRIBUNALE-1-150x150.jpg\" alt=\"\" width=\"108\" height=\"108\" \/><\/a>SEQUESTRO DI ANIMALI A SEDICO<\/h3>\n<\/blockquote>\n<p><strong>SEDICO<\/strong>\u00a0 Sequestrata una piccola fattoria. Il proprietario Domenico Coletta \u00e8 accusato di aver trascurato e maltrattato i suoi animali come da indagini dei Servizi veterinari dell&#8217;Ulss 1 culminati con\u00a0 il sequestro da parte della Polizia. Tutti gli animali sono stati presi in carico dal Comune di Sedico, che ha provveduto a sfarmarli e dissetarli; in qualche modo, se ne sta ancora occupando,\u00a0 le prime segnalazioni erano partite dalla Polizia locale. Ieri il caso \u00e8 approdato in tribunale dove sono stati raccontati i fatti verificatisi\u00a0 due anni fa: sette capre chiuse al buio con le zampe immerse in un mare di liquami; due pastori tedeschi tenuti a una catena corta, galline e tacchini costretti in gabbie strette e piene di escrementi. Prossimamente parleranno i testi della difesa, la sentenza il 27 giugno.<\/p>\n<p>&nbsp;<\/p>\n<p>&nbsp;<\/p>\n<p>&nbsp;<\/p>\n<hr \/>\n<blockquote>\n<h3><\/h3>\n<h3>BELLUNO ALZA LA VOCE &#8220;GRAZIE CANDIDATI, MA NON CI ACCONTENTIAMO&#8221;<\/h3>\n<\/blockquote>\n<blockquote>\n<p dir=\"ltr\"><em>Non ci fermiamo, ma serve il supporto di tutti\u00a0<\/em><\/p>\n<\/blockquote>\n<p dir=\"ltr\"><strong><img loading=\"lazy\" decoding=\"async\" class=\"alignleft\" src=\"https:\/\/www.radiopiu.net\/wordpress\/wp-content\/uploads\/2018\/12\/BELLUNO-ALZA-LA-VOCE-300x300.jpg\" width=\"174\" height=\"174\" \/>BELLUNO<\/strong> Il Comitato Organizzativo di Belluno Alza la Voce a fine aprile aveva inviato un documento ai tre candidati a sindaco per la citt\u00e0 di Belluno. Oggi mettono in evidenza la soddisfazione per essere riusciti &#8211;\u00a0 almeno per ora &#8211;\u00a0 ad ottenere attenzione sull\u2019argomento, ovvero la cultura che probabilmente anche al gruppo dei giovani bellunesi \u00e8 entrata\u00a0 di diritto nei temi\u00a0 della campagna elettorale di tutti e tre i candidati.<em> &#8220;Come abbiamo sottolineato nel nostro appello &#8211; dicono i portavoce del comitato &#8211;\u00a0 non vogliamo che la cultura venga utilizzata come mero oggetto propagandistico per raccogliere qualche voto in pi\u00f9 e poi abbandonata in un angolo. La risposta dei candidati non si \u00e8 fatta attendere, se non per poco pi\u00f9 di qualche ora, e questo ci fa piacere. \u00c8 ovvio che noi non ci accontentiamo. Oltre alle risposte pubbliche, abbiamo ricevuto anche risposte private sia da parte dei candidati che da parte di liste e persone legate agli stessi. Abbiamo quindi deciso di incontrare personalmente\u00a0 <a class=\"gmail-oajrlxb2 gmail-g5ia77u1 gmail-qu0x051f esr5mh6w e9989ue4 gmail-r7d6kgcz gmail-rq0escxv gmail-nhd2j8a9 gmail-nc684nl6 gmail-p7hjln8o gmail-kvgmc6g5 gmail-cxmmr5t8 gmail-oygrvhab gmail-hcukyx3x gmail-jb3vyjys gmail-rz4wbd8a gmail-qt6c0cv9 gmail-a8nywdso gmail-i1ao9s8h esuyzwwr gmail-f1sip0of gmail-lzcic4wl gmail-gpro0wi8 gmail-q66pz984 gmail-b1v8xokw\" tabindex=\"0\" role=\"link\" href=\"https:\/\/www.facebook.com\/LuciaOlivottoSindaco\/?__cft__[0]=AZW_zYKTWMXXBjiRkn5iEgUFkjnH1ZlexNKoiIQrIqhvXophcM3I3O1HZbdEEeewaRV0FRXU2P2_r-S_9XE-TWnyKxJK0rdkAggfPKAjeFifV7il-nrDn8zlXOj5QGBlK41FSUFeyaQM02K7mOueAfM6&amp;__tn__=kK-R\"><span class=\"gmail-nc684nl6\">Lucia Olivotto Sindaco<\/span><\/a>, <a class=\"gmail-oajrlxb2 gmail-g5ia77u1 gmail-qu0x051f esr5mh6w e9989ue4 gmail-r7d6kgcz gmail-rq0escxv gmail-nhd2j8a9 gmail-nc684nl6 gmail-p7hjln8o gmail-kvgmc6g5 gmail-cxmmr5t8 gmail-oygrvhab gmail-hcukyx3x gmail-jb3vyjys gmail-rz4wbd8a gmail-qt6c0cv9 gmail-a8nywdso gmail-i1ao9s8h esuyzwwr gmail-f1sip0of gmail-lzcic4wl gmail-gpro0wi8 gmail-q66pz984 gmail-b1v8xokw\" tabindex=\"0\" role=\"link\" href=\"https:\/\/www.facebook.com\/OscarDePellegrinSindaco?__cft__[0]=AZW_zYKTWMXXBjiRkn5iEgUFkjnH1ZlexNKoiIQrIqhvXophcM3I3O1HZbdEEeewaRV0FRXU2P2_r-S_9XE-TWnyKxJK0rdkAggfPKAjeFifV7il-nrDn8zlXOj5QGBlK41FSUFeyaQM02K7mOueAfM6&amp;__tn__=-]K-R\"><span class=\"gmail-nc684nl6\">Oscar De Pellegrin Sindaco<\/span><\/a> e <a class=\"gmail-oajrlxb2 gmail-g5ia77u1 gmail-qu0x051f esr5mh6w e9989ue4 gmail-r7d6kgcz gmail-rq0escxv gmail-nhd2j8a9 gmail-nc684nl6 gmail-p7hjln8o gmail-kvgmc6g5 gmail-cxmmr5t8 gmail-oygrvhab gmail-hcukyx3x gmail-jb3vyjys gmail-rz4wbd8a gmail-qt6c0cv9 gmail-a8nywdso gmail-i1ao9s8h esuyzwwr gmail-f1sip0of gmail-lzcic4wl gmail-gpro0wi8 gmail-q66pz984 gmail-b1v8xokw\" tabindex=\"0\" role=\"link\" href=\"https:\/\/www.facebook.com\/GiuseppeVignatoSindaco\/?__cft__[0]=AZW_zYKTWMXXBjiRkn5iEgUFkjnH1ZlexNKoiIQrIqhvXophcM3I3O1HZbdEEeewaRV0FRXU2P2_r-S_9XE-TWnyKxJK0rdkAggfPKAjeFifV7il-nrDn8zlXOj5QGBlK41FSUFeyaQM02K7mOueAfM6&amp;__tn__=kK-R\"><span class=\"gmail-nc684nl6\">Giuseppe Vignato Sindaco<\/span><\/a> per ascoltare e farci ascoltare&#8221;.\u00a0<\/em>Questa \u00e8 la settimana dedicata all&#8217;ascolto dove i giovani ribadiscono di non voler elevarsi \u00a0a portatori del verbo e come hanno gi\u00e0 fatto continueranno a sentire le opinioni di\u00a0 artisti, operatori e fruitori del settore del\u00a0 territorio per portare idee, scambiare opinioni e pareri.<\/p>\n<div class=\"gmail-cxmmr5t8 gmail-oygrvhab gmail-hcukyx3x gmail-c1et5uql gmail-o9v6fnle gmail-ii04i59q\"><\/div>\n<hr \/>\n<p>&nbsp;<\/p>\n<p><strong>\u00a0\u00a0<\/strong><\/p>\n<blockquote>\n<h3>\u00a0LA RICANDIDATURA DI GIOVANNI NINO DEON, ALTERNATIVA AL COMMISSARIAMENTO<\/h3>\n<\/blockquote>\n<p>&nbsp;<\/p>\n<p><a class=\"dt-pswp-item\" href=\"https:\/\/www.radiopiu.net\/wordpress\/wp-content\/uploads\/2021\/05\/GIOVANNI-DEON.jpg\" data-dt-img-description=\"NINO DEON\" data-large_image_width=\"228\" data-large_image_height=\"221\"><img loading=\"lazy\" decoding=\"async\" class=\"size-thumbnail wp-image-212771\" src=\"https:\/\/www.radiopiu.net\/wordpress\/wp-content\/uploads\/2021\/05\/GIOVANNI-DEON-150x150.jpg\" alt=\"\" width=\"150\" height=\"150\" \/><\/a><\/p>\n<p><strong>RIVAMONTE\u00a0<\/strong><\/p>\n<p><strong>di\u00a0 GIANNI SANTOMASO\u00a0<\/strong><\/p>\n<audio class=\"wp-audio-shortcode\" id=\"audio-274651-1\" preload=\"none\" style=\"width: 100%;\" controls=\"controls\"><source type=\"audio\/mpeg\" src=\"https:\/\/www.radiopiu.net\/wordpress\/wp-content\/uploads\/2022\/05\/GIANNI-RIVAMONTE.mp3?_=1\" \/><a href=\"https:\/\/www.radiopiu.net\/wordpress\/wp-content\/uploads\/2022\/05\/GIANNI-RIVAMONTE.mp3\">https:\/\/www.radiopiu.net\/wordpress\/wp-content\/uploads\/2022\/05\/GIANNI-RIVAMONTE.mp3<\/a><\/audio>\n<p>&nbsp;<\/p>\n<hr \/>\n<p>&nbsp;<\/p>\n<p><span style=\"color: #ff00ff;\"><strong>IERI ALLA RADIO\u00a0<\/strong><\/span><\/p>\n<p>&nbsp;<\/p>\n<blockquote class=\"wp-embedded-content\" data-secret=\"bOAiBMPMAv\"><p><a href=\"https:\/\/www.radiopiu.net\/wordpress\/volontari-ambulanza-di-rocca-pietore-limportanza-del-gruppo\/\">VOLONTARI AMBULANZA DI ROCCA PIETORE, L&#8217;IMPORTANZA DEL GRUPPO<\/a><\/p><\/blockquote>\n<p><iframe loading=\"lazy\" class=\"wp-embedded-content\" sandbox=\"allow-scripts\" security=\"restricted\" style=\"position: absolute; clip: rect(1px, 1px, 1px, 1px);\" title=\"&#8220;VOLONTARI AMBULANZA DI ROCCA PIETORE, L&#8217;IMPORTANZA DEL GRUPPO&#8221; &#8212; Radio Pi\u00f9\" src=\"https:\/\/www.radiopiu.net\/wordpress\/volontari-ambulanza-di-rocca-pietore-limportanza-del-gruppo\/embed\/#?secret=oYgm3ui4PO#?secret=bOAiBMPMAv\" data-secret=\"bOAiBMPMAv\" width=\"600\" height=\"338\" frameborder=\"0\" marginwidth=\"0\" marginheight=\"0\" scrolling=\"no\"><\/iframe><\/p>\n<p>&nbsp;<\/p>\n<hr \/>\n<p>&nbsp;<\/p>\n<p>&nbsp;<\/p>\n<blockquote>\n<h3>REDDITO DI CITTADINANZA NEL BELLUNESE, 35 AVVISI DI GARANZIA PER FALSO<\/h3>\n<\/blockquote>\n<p><strong>OGGI SUL CORRIERE DELLE ALPI<\/strong><\/p>\n<p><strong>di GIGI SOSSO\u00a0<\/strong><\/p>\n<p><strong><img loading=\"lazy\" decoding=\"async\" class=\"alignleft\" src=\"https:\/\/www.radiopiu.net\/wordpress\/wp-content\/uploads\/2022\/05\/download-9.jpg\" width=\"204\" height=\"114\" \/>BELLUNO<\/strong> Reddito di cittadinanza a scrocco. Sta arrivando in tribunale, alla spicciolata, il gruppo di 35 bellunesi, di nascita o adozione, che l&#8217;anno scorso ha preso o tentato di prendere il sussidio statale pur non avendone diritto. La fase in corso \u00e8 quella della chiusura delle indagini da parte della Procura della Repubblica e della spedizione degli avvisi di garanzia agli indagati scoperti dalla Guardia di finanza e dall&#8217;Inps, l&#8217;Istituto nazionale della Previdenza sociale. Il reato contestato \u00e8 quello di falso. C&#8217;\u00e8 anche un residente nell&#8217;alto Cadore, che si era improvvisamente dimenticato di avere diverse propriet\u00e0 immobiliari sulle colline toscane, eppure ha presentato la domanda. Oppure c&#8217;\u00e8 quello che ha omesso di dire che ormai da anni era finito il suo stato di disoccupazione e stava intrattenendo un nuovo rapporto di lavoro, ma ci ha provato lo stesso e non poteva che andare a finire cos\u00ec.Poi ci sono anche coloro che hanno barato sulla famiglia. I controlli di militari e Inps proseguono&#8230;<\/p>\n<p>&nbsp;<\/p>\n<p>&nbsp;<\/p>\n<hr \/>\n<p>&nbsp;<\/p>\n<blockquote class=\"wp-embedded-content\" data-secret=\"n5fKNnTWnu\"><p><a href=\"https:\/\/www.radiopiu.net\/wordpress\/aggnazionalemaggio09\/\">CORONAVIRUS: AGGIORNAMENTO NAZIONALE 09 MAGGIO 2022<\/a><\/p><\/blockquote>\n<p><iframe loading=\"lazy\" class=\"wp-embedded-content\" sandbox=\"allow-scripts\" security=\"restricted\" style=\"position: absolute; clip: rect(1px, 1px, 1px, 1px);\" title=\"&#8220;CORONAVIRUS: AGGIORNAMENTO NAZIONALE 09 MAGGIO 2022&#8221; &#8212; Radio Pi\u00f9\" src=\"https:\/\/www.radiopiu.net\/wordpress\/aggnazionalemaggio09\/embed\/#?secret=Uc2Z1ceMoI#?secret=n5fKNnTWnu\" data-secret=\"n5fKNnTWnu\" width=\"600\" height=\"338\" frameborder=\"0\" marginwidth=\"0\" marginheight=\"0\" scrolling=\"no\"><\/iframe><\/p>\n<p>&nbsp;<\/p>\n<blockquote class=\"wp-embedded-content\" data-secret=\"G06L2yhJ2L\"><p><a href=\"https:\/\/www.radiopiu.net\/wordpress\/aggazzeromaggio09\/\">POCO PIU&#8217; DI MILLE NUOVI POSITIVI IN 24 ORE NEL VENETO, AUMENTANO I RICOVERI, 2 DECESSI<\/a><\/p><\/blockquote>\n<p><iframe loading=\"lazy\" class=\"wp-embedded-content\" sandbox=\"allow-scripts\" security=\"restricted\" style=\"position: absolute; clip: rect(1px, 1px, 1px, 1px);\" title=\"&#8220;POCO PIU&#8217; DI MILLE NUOVI POSITIVI IN 24 ORE NEL VENETO, AUMENTANO I RICOVERI, 2 DECESSI&#8221; &#8212; Radio Pi\u00f9\" src=\"https:\/\/www.radiopiu.net\/wordpress\/aggazzeromaggio09\/embed\/#?secret=GfxEQ0awuW#?secret=G06L2yhJ2L\" data-secret=\"G06L2yhJ2L\" width=\"600\" height=\"338\" frameborder=\"0\" marginwidth=\"0\" marginheight=\"0\" scrolling=\"no\"><\/iframe><\/p>\n<p>&nbsp;<\/p>\n<h2 dir=\"auto\">I GRAFICI DI TIZIANO DE COL<\/h2>\n<p>&nbsp;<\/p>\n\n\t\t\t<style type='text\/css'>\n\t\t\t\t#gallery-2 {\n\t\t\t\t\tmargin: auto;\n\t\t\t\t}\n\t\t\t\t#gallery-2 .gallery-item {\n\t\t\t\t\tfloat: left;\n\t\t\t\t\tmargin-top: 10px;\n\t\t\t\t\ttext-align: center;\n\t\t\t\t\twidth: 33%;\n\t\t\t\t}\n\t\t\t\t#gallery-2 img {\n\t\t\t\t\tborder: 2px solid #cfcfcf;\n\t\t\t\t}\n\t\t\t\t#gallery-2 .gallery-caption {\n\t\t\t\t\tmargin-left: 0;\n\t\t\t\t}\n\t\t\t\t\/* see gallery_shortcode() in wp-includes\/media.php *\/\n\t\t\t<\/style>\n\t\t<div id='gallery-2' class='dt-gallery-container gallery galleryid-274651 gallery-columns-3 gallery-size-thumbnail'><dl class='gallery-item'>\n\t\t\t\t<dt class='gallery-icon landscape'>\n\t\t\t\t\t<a class=\"rollover rollover-zoom dt-pswp-item\" title=\"cef75aba-c3ec-479b-8aca-3ff2bde4452d\" data-dt-img-description=\"\" data-large_image_width=\"594\" data-large_image_height=\"363\"href='https:\/\/www.radiopiu.net\/wordpress\/wp-content\/uploads\/2022\/05\/cef75aba-c3ec-479b-8aca-3ff2bde4452d.jpg'><img loading=\"lazy\" decoding=\"async\" width=\"150\" height=\"150\" src=\"https:\/\/www.radiopiu.net\/wordpress\/wp-content\/uploads\/2022\/05\/cef75aba-c3ec-479b-8aca-3ff2bde4452d-150x150.jpg\" class=\"attachment-thumbnail size-thumbnail\" alt=\"\" \/><\/a>\n\t\t\t\t<\/dt><\/dl><dl class='gallery-item'>\n\t\t\t\t<dt class='gallery-icon landscape'>\n\t\t\t\t\t<a class=\"rollover rollover-zoom dt-pswp-item\" title=\"1afc3330-d46d-45b2-9dcc-b3fa2a4cc98d\" data-dt-img-description=\"\" data-large_image_width=\"595\" data-large_image_height=\"362\"href='https:\/\/www.radiopiu.net\/wordpress\/wp-content\/uploads\/2022\/05\/1afc3330-d46d-45b2-9dcc-b3fa2a4cc98d.jpg'><img loading=\"lazy\" decoding=\"async\" width=\"150\" height=\"150\" src=\"https:\/\/www.radiopiu.net\/wordpress\/wp-content\/uploads\/2022\/05\/1afc3330-d46d-45b2-9dcc-b3fa2a4cc98d-150x150.jpg\" class=\"attachment-thumbnail size-thumbnail\" alt=\"\" \/><\/a>\n\t\t\t\t<\/dt><\/dl><dl class='gallery-item'>\n\t\t\t\t<dt class='gallery-icon landscape'>\n\t\t\t\t\t<a class=\"rollover rollover-zoom dt-pswp-item\" title=\"65638843-b453-4d96-bb4a-e5340c7f22db\" data-dt-img-description=\"\" data-large_image_width=\"610\" data-large_image_height=\"385\"href='https:\/\/www.radiopiu.net\/wordpress\/wp-content\/uploads\/2022\/05\/65638843-b453-4d96-bb4a-e5340c7f22db.jpg'><img loading=\"lazy\" decoding=\"async\" width=\"150\" height=\"150\" src=\"https:\/\/www.radiopiu.net\/wordpress\/wp-content\/uploads\/2022\/05\/65638843-b453-4d96-bb4a-e5340c7f22db-150x150.jpg\" class=\"attachment-thumbnail size-thumbnail\" alt=\"\" \/><\/a>\n\t\t\t\t<\/dt><\/dl><br style=\"clear: both\" \/><dl class='gallery-item'>\n\t\t\t\t<dt class='gallery-icon landscape'>\n\t\t\t\t\t<a class=\"rollover rollover-zoom dt-pswp-item\" title=\"25354821-9acf-407d-ba92-c3569ff92110\" data-dt-img-description=\"\" data-large_image_width=\"598\" data-large_image_height=\"353\"href='https:\/\/www.radiopiu.net\/wordpress\/wp-content\/uploads\/2022\/05\/25354821-9acf-407d-ba92-c3569ff92110.jpg'><img loading=\"lazy\" decoding=\"async\" width=\"150\" height=\"150\" src=\"https:\/\/www.radiopiu.net\/wordpress\/wp-content\/uploads\/2022\/05\/25354821-9acf-407d-ba92-c3569ff92110-150x150.jpg\" class=\"attachment-thumbnail size-thumbnail\" alt=\"\" \/><\/a>\n\t\t\t\t<\/dt><\/dl><dl class='gallery-item'>\n\t\t\t\t<dt class='gallery-icon landscape'>\n\t\t\t\t\t<a class=\"rollover rollover-zoom dt-pswp-item\" title=\"8d329be4-b4ec-463b-a4fa-b339f564d447\" data-dt-img-description=\"\" data-large_image_width=\"606\" data-large_image_height=\"365\"href='https:\/\/www.radiopiu.net\/wordpress\/wp-content\/uploads\/2022\/05\/8d329be4-b4ec-463b-a4fa-b339f564d447.jpg'><img loading=\"lazy\" decoding=\"async\" width=\"150\" height=\"150\" src=\"https:\/\/www.radiopiu.net\/wordpress\/wp-content\/uploads\/2022\/05\/8d329be4-b4ec-463b-a4fa-b339f564d447-150x150.jpg\" class=\"attachment-thumbnail size-thumbnail\" alt=\"\" \/><\/a>\n\t\t\t\t<\/dt><\/dl><dl class='gallery-item'>\n\t\t\t\t<dt class='gallery-icon landscape'>\n\t\t\t\t\t<a class=\"rollover rollover-zoom dt-pswp-item\" title=\"e226e3e7-e1a4-4d55-bcb0-fa72c98ff26c\" data-dt-img-description=\"\" data-large_image_width=\"608\" data-large_image_height=\"365\"href='https:\/\/www.radiopiu.net\/wordpress\/wp-content\/uploads\/2022\/05\/e226e3e7-e1a4-4d55-bcb0-fa72c98ff26c.jpg'><img loading=\"lazy\" decoding=\"async\" width=\"150\" height=\"150\" src=\"https:\/\/www.radiopiu.net\/wordpress\/wp-content\/uploads\/2022\/05\/e226e3e7-e1a4-4d55-bcb0-fa72c98ff26c-150x150.jpg\" class=\"attachment-thumbnail size-thumbnail\" alt=\"\" \/><\/a>\n\t\t\t\t<\/dt><\/dl><br style=\"clear: both\" \/>\n\t\t\t<\/div>\n\n<p>&nbsp;<\/p>\n<p>&nbsp;<\/p>\n<p>&nbsp;<\/p>\n<hr \/>\n<p>&nbsp;<\/p>\n<blockquote>\n<blockquote>\n<h3>SICUREZZA STRADALE. SOTTOSCRITTO PROTOCOLLO D\u2019INTESA TRA REGIONE, CONCESSIONARIE AUTOSTRADALI, VENETO STRADE E UFFICIO SCOLASTICO REGIONALE.<\/h3>\n<\/blockquote>\n<p><strong> <a class=\"dt-pswp-item\" href=\"https:\/\/www.radiopiu.net\/wordpress\/wp-content\/uploads\/2022\/05\/WhatsApp-Image-2022-05-09-at-13.01.32-1.jpeg\" data-dt-img-description=\"\" data-large_image_width=\"2048\" data-large_image_height=\"1761\"><img loading=\"lazy\" decoding=\"async\" class=\"wp-image-274763 alignleft\" src=\"https:\/\/www.radiopiu.net\/wordpress\/wp-content\/uploads\/2022\/05\/WhatsApp-Image-2022-05-09-at-13.01.32-1-300x258.jpeg\" alt=\"\" width=\"283\" height=\"243\" srcset=\"https:\/\/www.radiopiu.net\/wordpress\/wp-content\/uploads\/2022\/05\/WhatsApp-Image-2022-05-09-at-13.01.32-1-300x258.jpeg 300w, https:\/\/www.radiopiu.net\/wordpress\/wp-content\/uploads\/2022\/05\/WhatsApp-Image-2022-05-09-at-13.01.32-1-1024x881.jpeg 1024w, https:\/\/www.radiopiu.net\/wordpress\/wp-content\/uploads\/2022\/05\/WhatsApp-Image-2022-05-09-at-13.01.32-1-768x660.jpeg 768w, https:\/\/www.radiopiu.net\/wordpress\/wp-content\/uploads\/2022\/05\/WhatsApp-Image-2022-05-09-at-13.01.32-1-1536x1321.jpeg 1536w, https:\/\/www.radiopiu.net\/wordpress\/wp-content\/uploads\/2022\/05\/WhatsApp-Image-2022-05-09-at-13.01.32-1.jpeg 2048w\" sizes=\"auto, (max-width: 283px) 100vw, 283px\" \/><\/a>VENEZIA<\/strong> La sicurezza stradale \u00e8 una priorit\u00e0 assoluta e la scuola \u00e8 il nostro punto di riferimento. E&#8217; il concetto\u00a0 del\u00a0 progetto, unico nel suo genere in Italia, che sar\u00e0 coordinato dalla Regione con tutti i gestori autostradali, il quale permetter\u00e0 di coinvolgere tutti i giovani.\u00a0 Un Protocollo d\u2019Intesa per la sicurezza stradale tra Regione, concessionarie autostradali (Autostrada del Brennero, Autostrada Brescia-Verona-Vicenza-Padova, Autostrade per l\u2019Italia, CAV, Autovie Venete e Superstrada Pedemontana), Veneto Strade e Ufficio Scolastico Regionale siglato questa mattina a Palazzo Balbi. Il Protocollo nasce su iniziativa della Regione, dalla volont\u00e0 di coordinare, sotto una regia unica, le iniziative e le buone pratiche attuate dai concessionari autostradali negli anni, volte ad analizzare i comportamenti a rischio lungo le strade, a monitorare l&#8217;evoluzione dei risultati nel tempo, e a promuovere campagne di educazione alla sicurezza stradale, anche nelle scuole, avvalendosi pure delle testimonianze dirette di coloro che vivono quotidianamente la realt\u00e0 degli incidenti stradali. Sul tema della sicurezza, la Regione del Veneto, mediante questa iniziativa, probabilmente unica nel panorama nazionale, ha ritenuto opportuno quindi creare una sinergia di azione con gli operatori del settore (6 concessionari autostradali e 1 concessionario stradale, che insieme gestiscono, nel territorio veneto, oltre 630 km di rete autostradale e ulteriori 1800 km di viabilit\u00e0 minore), coinvolgendo altres\u00ec l\u2019Ufficio Scolastico regionale. Il Protocollo d\u2019intesa, seguito dalle strutture in capo alla Vicepresidente e Assessore alle Infrastrutture e Trasporti, ha come scopo principale, attraverso l\u2019istituzione di una regia unica, quello di attuare un\u2019efficace azione di prevenzione e coordinamento, da realizzarsi mediante la condivisione delle iniziative e delle buone pratiche attuate dai concessionari autostradali nel corso degli anni. In base al Protocollo firmato oggi Regione e Ufficio Scolastico Regionale dovranno, quindi, predisporre un documento annuale che conterr\u00e0 il dettaglio delle attivit\u00e0 da svolgere e la stima dei fabbisogni finanziari necessari.<\/p>\n<p>&nbsp;<\/p>\n<p>&nbsp;<\/p>\n<hr \/>\n<p>&nbsp;<\/p>\n<p>&nbsp;<\/p>\n<blockquote>\n<h3><strong>\u00a0ABOLIZIONE DEL TEST D\u2019INGRESSO A MEDICINA, IL PRONUNCIAMENTO SOTTOSEGRETARIO COSTA\u201d <\/strong><\/h3>\n<\/blockquote>\n<p><strong><a class=\"dt-pswp-item\" href=\"https:\/\/www.radiopiu.net\/wordpress\/wp-content\/uploads\/2022\/05\/download-7.jpg\" data-dt-img-description=\"\" data-large_image_width=\"180\" data-large_image_height=\"180\"><img loading=\"lazy\" decoding=\"async\" class=\"wp-image-274751 alignleft\" src=\"https:\/\/www.radiopiu.net\/wordpress\/wp-content\/uploads\/2022\/05\/download-7-150x150.jpg\" alt=\"\" width=\"81\" height=\"81\" srcset=\"https:\/\/www.radiopiu.net\/wordpress\/wp-content\/uploads\/2022\/05\/download-7-150x150.jpg 150w, https:\/\/www.radiopiu.net\/wordpress\/wp-content\/uploads\/2022\/05\/download-7.jpg 180w\" sizes=\"auto, (max-width: 81px) 100vw, 81px\" \/><\/a>VENEZIA<\/strong> Il sottosegretario al ministero della Salute, Andrea Costa\u00a0 ritiene superato il numero chiuso per le iscrizioni alla facolt\u00e0 di Medicina.<em> &#8220;Ben venga questo pronunciamento del sottosegretario alla Salute &#8211; dice il Presidente della Regione Luca Zaia &#8211;\u00a0 mi auguro che apra pi\u00f9 di una breccia. Lo dico perch\u00e9 sono una persona che da sempre sostiene che un bravo chirurgo deve essere selezionato sul campo dopo averlo portato in sala operatoria o che un bravo pediatra deve dimostrare il suo valore in corsia con il paziente. Di certo non a 19 anni con test di selezione con domande a eliminazione\u201d. <\/em>Secondo Zaia\u00a0<em> c<\/em>\u2019\u00e8 il rischio palese che una selezione fatta in maniera\u00a0 prematura vada ad escludere dei futuri professionisti che magari non passano il test con le crocette ma potrebbero essere degli autentici artisti in sala operatoria oppure dei clinici di talento nella cura di tante patologie. <em>&#8220;\u00c8 una storia antica\u00a0 &#8211; conclude &#8211; come ci insegna la vita di Einstein; probabilmente basandosi sulle sue pagelle di scuola nessuno avrebbe scommesso che sarebbe stato lo scienziato a formulare la teoria della relativit\u00e0&#8221;.<\/em><\/p>\n<p>&nbsp;<\/p>\n<hr \/>\n<blockquote>\n<h3><\/h3>\n<h3>DA OBBLIGO A OPPORTUNIT\u00c0, SEMINARIO SUL COLLOCAMENTO MIRATO IN CONFINDUSTRIA<\/h3>\n<\/blockquote>\n<p><strong><a class=\"dt-pswp-item\" href=\"https:\/\/www.radiopiu.net\/wordpress\/wp-content\/uploads\/2021\/05\/CONFINDUSTRIA.png\" data-dt-img-description=\"\" data-large_image_width=\"575\" data-large_image_height=\"575\"><img loading=\"lazy\" decoding=\"async\" class=\"size-thumbnail wp-image-211858 alignleft\" src=\"https:\/\/www.radiopiu.net\/wordpress\/wp-content\/uploads\/2021\/05\/CONFINDUSTRIA-150x150.png\" alt=\"\" width=\"150\" height=\"150\" srcset=\"https:\/\/www.radiopiu.net\/wordpress\/wp-content\/uploads\/2021\/05\/CONFINDUSTRIA-150x150.png 150w, https:\/\/www.radiopiu.net\/wordpress\/wp-content\/uploads\/2021\/05\/CONFINDUSTRIA-300x300.png 300w, https:\/\/www.radiopiu.net\/wordpress\/wp-content\/uploads\/2021\/05\/CONFINDUSTRIA.png 575w\" sizes=\"auto, (max-width: 150px) 100vw, 150px\" \/><\/a>BELLUNO <\/strong>Da obbligo a opportunit\u00e0 di crescita reciproca: Confindustria Belluno Dolomiti torna a parlare di collocamento mirato delle persone disabili e lo fa con un seminario aperto a tutti all\u2019interno del Progetto per il Sociale in programma per gioved\u00ec 12 maggio dalle 10 alle 12 in sala Caldart a villa Doglioni Dalmas. Il seminario si concentrer\u00e0 sulle le modalit\u00e0 di inserimento lavorativo di lavoratori con disabilit\u00e0, introdotte con la legge 68\/99, partendo dall\u2019esperienza del territorio e dalle best practice che si sono consolidate negli anni e dimostrate dai numeri: la percentuale di copertura delle assunzioni obbligatorie nel Bellunese sfiora infatti il 70 per cento contro la media regionale \u2013 che \u00e8 del 55 &#8211; e nazionale, ferma al 28. Per info e iscrizioni telefonare allo 0437.951224 oppure inviare una mail a <a href=\"mailto:vlira@confindustria.bl.it\">vlira@confindustria.bl.it<\/a><\/p>\n<p>&nbsp;<\/p>\n<p>&nbsp;<\/p>\n<hr \/>\n<p>&nbsp;<\/p>\n<blockquote>\n<h3>VALCARNE CHIUDE IN POSITIVO IL 2021 E PREMIA I DIPENDENTI<\/h3>\n<\/blockquote>\n<p><strong><a class=\"dt-pswp-item\" href=\"https:\/\/www.radiopiu.net\/wordpress\/wp-content\/uploads\/2022\/05\/VALCARNE.png\" data-dt-img-description=\"\" data-large_image_width=\"120\" data-large_image_height=\"128\"><img loading=\"lazy\" decoding=\"async\" class=\"size-full wp-image-274727 alignleft\" src=\"https:\/\/www.radiopiu.net\/wordpress\/wp-content\/uploads\/2022\/05\/VALCARNE.png\" alt=\"\" width=\"120\" height=\"128\" \/><\/a>BELLUNO <\/strong>Valcarne chiude il 2021 con un bilancio positivo e decide di premiare i dipendenti. I venti lavoratori della cooperativa di Feltre, si spartiranno un compenso complessivo di 25.000 euro che il Cda ha deciso di assegnare loro per l\u2019impegno profuso durante un\u2019annata particolarmente difficile, segnata dalla pandemia e dai lockdown. Valcarne,\u00a0 conta una trentina di soci distribuiti in tutto il territorio bellunese, archivia il 2021 con un fatturato di 2,850 milioni e oltre 100.000 chili di carne conferita. Premiato anche il lavoro dei soci allevatori, con un conguaglio che porter\u00e0 complessivamente a 6 euro al chilogrammo il prezzo medio riconosciuto per la carne di bovino e a 3,90 per quella di suino. Un extra che riconosce l\u2019aumento dei costi intervenuto nel secondo semestre del 2021, relativo non solo ai rincari dei cereali e della soia, ma anche a quelli del gasolio e dell\u2019energia elettrica.<\/p>\n<p>&nbsp;<\/p>\n<p>&nbsp;<\/p>\n<hr \/>\n<p>&nbsp;<\/p>\n<blockquote>\n<h3>GADGET MADE IN BELLUNO AL MEETING NAZIONALE DI DONNE IMPRESE A VERONA<\/h3>\n<\/blockquote>\n<p><strong>BELLUNO<\/strong>\u00a0 Al meeting formativo nazionale di Donne Impresa a Verona c\u2019\u00e8 anche un po\u2019 di bellunesit\u00e0. Confartigianato Belluno infatti ha preparato una serie di gadget per i partecipanti. Si tratta di un \u201ccuore delle Dolomiti\u201d, scolpito in legno dall\u2019artigiano Mauro Lampo. Ne sono stati realizzati cento esemplari e ogni cuore \u00e8 stato confezionato con il logo di Confartigianato Belluno e un Qr-code che rimanda alla landing page della Dmo Dolomiti. I \u201ccuori delle Dolomiti\u201d sono partiti da Verona e arriveranno in tutta Italia. Al meeting nazionale di Donne Impresa partecipano 120 imprenditrici da tutto lo Stivale, tra cui la presidente di Donne Impresa Belluno Roberta De Salvador, con Reana Naldo componente del direttivo bellunese. Un messaggio arrivato forte e chiaro dal meeting, che ha messo sotto i riflettori anche alcuni dati. In Italia si contano 1.342.703 imprese femminili, pari al 22,1% del totale imprese. Di queste, 219.198 sono imprese artigiane (pari al 17% del totale artigianato e al 16,3% del totale imprese femminili). In Veneto si contano 97.293 imprese femminili. Di queste, 20.449 sono artigiane.<\/p>\n\n\t\t\t<style type='text\/css'>\n\t\t\t\t#gallery-3 {\n\t\t\t\t\tmargin: auto;\n\t\t\t\t}\n\t\t\t\t#gallery-3 .gallery-item {\n\t\t\t\t\tfloat: left;\n\t\t\t\t\tmargin-top: 10px;\n\t\t\t\t\ttext-align: center;\n\t\t\t\t\twidth: 50%;\n\t\t\t\t}\n\t\t\t\t#gallery-3 img {\n\t\t\t\t\tborder: 2px solid #cfcfcf;\n\t\t\t\t}\n\t\t\t\t#gallery-3 .gallery-caption {\n\t\t\t\t\tmargin-left: 0;\n\t\t\t\t}\n\t\t\t\t\/* see gallery_shortcode() in wp-includes\/media.php *\/\n\t\t\t<\/style>\n\t\t<div id='gallery-3' class='dt-gallery-container gallery galleryid-274651 gallery-columns-2 gallery-size-thumbnail'><dl class='gallery-item'>\n\t\t\t\t<dt class='gallery-icon portrait'>\n\t\t\t\t\t<a class=\"rollover rollover-zoom dt-pswp-item\" title=\"Cuori delle Dolomiti-1\" data-dt-img-description=\"\" data-large_image_width=\"1152\" data-large_image_height=\"2048\"href='https:\/\/www.radiopiu.net\/wordpress\/wp-content\/uploads\/2022\/05\/Cuori-delle-Dolomiti-1.jpg'><img loading=\"lazy\" decoding=\"async\" width=\"150\" height=\"150\" src=\"https:\/\/www.radiopiu.net\/wordpress\/wp-content\/uploads\/2022\/05\/Cuori-delle-Dolomiti-1-150x150.jpg\" class=\"attachment-thumbnail size-thumbnail\" alt=\"\" aria-describedby=\"gallery-3-274761\" \/><\/a>\n\t\t\t\t<\/dt>\n\t\t\t\t\t<dd class='wp-caption-text gallery-caption' id='gallery-3-274761'>\n\t\t\t\t\tCuori delle Dolomiti\n\t\t\t\t\t<\/dd><\/dl><dl class='gallery-item'>\n\t\t\t\t<dt class='gallery-icon landscape'>\n\t\t\t\t\t<a class=\"rollover rollover-zoom dt-pswp-item\" title=\"Da sx Reana Naldo, Elena Donazzan, Claudia Scarzanella, Roberta De Salvador-1\" data-dt-img-description=\"\" data-large_image_width=\"1600\" data-large_image_height=\"1200\"href='https:\/\/www.radiopiu.net\/wordpress\/wp-content\/uploads\/2022\/05\/Da-sx-Reana-Naldo-Elena-Donazzan-Claudia-Scarzanella-Roberta-De-Salvador-1.jpg'><img loading=\"lazy\" decoding=\"async\" width=\"150\" height=\"150\" src=\"https:\/\/www.radiopiu.net\/wordpress\/wp-content\/uploads\/2022\/05\/Da-sx-Reana-Naldo-Elena-Donazzan-Claudia-Scarzanella-Roberta-De-Salvador-1-150x150.jpg\" class=\"attachment-thumbnail size-thumbnail\" alt=\"\" aria-describedby=\"gallery-3-274762\" \/><\/a>\n\t\t\t\t<\/dt>\n\t\t\t\t\t<dd class='wp-caption-text gallery-caption' id='gallery-3-274762'>\n\t\t\t\t\tDa sx- Reana Naldo, Elena Donazzan, Claudia Scarzanella, Roberta De Salvador\n\t\t\t\t\t<\/dd><\/dl><br style=\"clear: both\" \/>\n\t\t\t<\/div>\n\n<p>&nbsp;<\/p>\n<hr \/>\n<blockquote>\n<h3><\/h3>\n<h3>PARCO DI MASARE&#8217;, IL COMUNE DECIDE PER L&#8217;INTITOLAZIONE, GIOVEDI&#8217; IL CONSIGLIO DELL&#8217;UNIONE MONTANA AGORDINA IN SALA DON TAMIS, BILANCI E RECUPERI EDILIZI NEL CONSIGLIO DEL SINDACO TORMEN <strong>\u00a0<\/strong><\/h3>\n<\/blockquote>\n<p><strong>di Gianni Santomaso<\/strong><\/p>\n<audio class=\"wp-audio-shortcode\" id=\"audio-274651-2\" preload=\"none\" style=\"width: 100%;\" controls=\"controls\"><source type=\"audio\/mpeg\" src=\"https:\/\/www.radiopiu.net\/wordpress\/wp-content\/uploads\/2022\/05\/GIANNI-CONSIGLI-COMUNALI.mp3?_=2\" \/><a href=\"https:\/\/www.radiopiu.net\/wordpress\/wp-content\/uploads\/2022\/05\/GIANNI-CONSIGLI-COMUNALI.mp3\">https:\/\/www.radiopiu.net\/wordpress\/wp-content\/uploads\/2022\/05\/GIANNI-CONSIGLI-COMUNALI.mp3<\/a><\/audio>\n<p>&nbsp;<\/p>\n<blockquote>\n<h3><a class=\"dt-pswp-item\" href=\"https:\/\/www.radiopiu.net\/wordpress\/wp-content\/uploads\/2022\/02\/DolomitiCert-Scarpa-Alleghe-Febbraio-2022-Incontro-Comune-scuole-scultori-1-scaled.jpg\" data-dt-img-description=\"\" data-large_image_width=\"2560\" data-large_image_height=\"1706\"><img loading=\"lazy\" decoding=\"async\" class=\" wp-image-260782 alignleft\" src=\"https:\/\/www.radiopiu.net\/wordpress\/wp-content\/uploads\/2022\/02\/DolomitiCert-Scarpa-Alleghe-Febbraio-2022-Incontro-Comune-scuole-scultori-1-150x150.jpg\" alt=\"\" width=\"93\" height=\"93\" \/><\/a><\/h3>\n<\/blockquote>\n<p><strong>ALLEGHE<\/strong>\u00a0 Il sindaco Danilo De Toni ha convocato il consiglio comunale per domani alle 20. All&#8217;ordine del giorno: bilancio e rendiconto Asca; approvazione rendiconto finanziario 2021;\u00a0 seconda variazione al bilancio e applicazione avanzo 2021; regolamento per il funzionamento del consiglio comunale; intitolazione del Parco di Masar\u00e8 e modifica dell&#8217;intitolazione della sala congressi presso il palaghiaccio di Alleghe.<\/p>\n<p>&nbsp;<\/p>\n<blockquote>\n<h3><\/h3>\n<h3><a class=\"dt-pswp-item\" href=\"https:\/\/www.radiopiu.net\/wordpress\/wp-content\/uploads\/2021\/12\/TAIBON-1-300x225-1.jpg\" data-dt-img-description=\"\" data-large_image_width=\"300\" data-large_image_height=\"225\"><img loading=\"lazy\" decoding=\"async\" class=\"wp-image-247262 alignleft\" src=\"https:\/\/www.radiopiu.net\/wordpress\/wp-content\/uploads\/2021\/12\/TAIBON-1-300x225-1-150x150.jpg\" alt=\"\" width=\"114\" height=\"114\" \/><\/a><\/h3>\n<\/blockquote>\n<p><strong>TAIBON<\/strong> Sabato 14 maggio alle 9.30 consiglio comunale a Taibon. Da approvare i bilanci di Asca e dell&#8217;azienda Multiservizi del Comune. Il consiglio sar\u00e0 chiamato ad individuare le zone di degrado del patrimonio edilizio e approvare il rendiconto di gestione dell&#8217;esercizio finanziario 2021<\/p>\n<p>&nbsp;<\/p>\n<p><strong>AGORDO<\/strong> Il Presidente dell&#8217;Unione Montana Agordina Michele Costa ha convocato il consiglio per gioved\u00ec sera alle 20:30 in Sala Don Tamis ad Agordo. Quattro punti da discutere tra cui l&#8217;approvazione del rendiconto 2021 e una variazione al bilancio per il triennio 2022-2024.<\/p><\/blockquote>\n<p>&nbsp;<\/p>\n<hr \/>\n<p>&nbsp;<\/p>\n<blockquote>\n<h3>DAL 16 MAGGIO IL\u00a0 CORSO DI INFORMAZIONE E FORMAZIONE SULL\u2019AFFIDO FAMILIARE<\/h3>\n<\/blockquote>\n<p><strong>BELLUNO <\/strong>I Centri per l&#8217;Affido e la Solidariet\u00e0 Familiare (CASF) dell&#8217;ULSS 1 Dolomiti \u2013 equipe di Belluno e Feltre \u2013 organizzano un corso informativo e formativo in presenza sul tema dell&#8217;affido familiare a partire dal 16 maggio. Dopo alcune edizioni online, gli operatori dei CASF tornano, infatti, ad incontrare famiglie, coppie e persone single interessati all\u2019affido familiare con una serie di appuntamenti per favorire una modalit\u00e0 pi\u00f9 esperienziale di avvicinamento al tema. Il corso si terr\u00e0 nelle seguenti tre giornate presso la sala convegni dell\u2019ospedale Santa Maria del Prato di Feltre: luned\u00ec 16 maggio: dalle 18.00 alle 20.00, venerd\u00ec 20 maggio: dalle 18.00 alle 20.00 e dalle 20.30 alle 22.00, mercoled\u00ec 25 maggio: dalle 18.00 alle 20.00. La partecipazione agli incontri \u00e8 gratuita ed \u00e8 necessaria l\u2019iscrizione entro il 13 maggio 2022. Per maggiori informazioni e per iscrizioni, contattare telefonicamente o per email: CASF DI FELTRE: 0439 883170 \u2013 email: <a href=\"mailto:centroaffido.fe@aulss1.veneto.it\">centroaffido.fe@aulss1.veneto.it <\/a>CASF DI BELLUNO: 0437 514975 \u2013 email: <a href=\"mailto:centroaffido.bl@aulss1.veneto.it\">centroaffido.bl@aulss1.veneto.it<\/a><\/p>\n<p>&nbsp;<\/p>\n<p>&nbsp;<\/p>\n<hr \/>\n<p>&nbsp;<\/p>\n<blockquote>\n<blockquote>\n<h3><a class=\"dt-pswp-item\" href=\"https:\/\/www.radiopiu.net\/wordpress\/wp-content\/uploads\/2021\/06\/LAVORI.jpg\" data-dt-img-description=\"\" data-large_image_width=\"188\" data-large_image_height=\"164\"><img loading=\"lazy\" decoding=\"async\" class=\"alignleft wp-image-216176 \" src=\"https:\/\/www.radiopiu.net\/wordpress\/wp-content\/uploads\/2021\/06\/LAVORI.jpg\" alt=\"\" width=\"140\" height=\"122\" \/><\/a>A BELLUNO MODIFICHE ALLA CIRCOLAZIONE IN ALCUNE VIE<\/h3>\n<p><strong>VIA DEI DENDROFORI<\/strong> divieto di circolazione nel tratto di strada corrente nella Galleria Est Belluno, in tre giornate comprese nel periodo fino al 12 maggio, dalle ore 20.00 alle ore 7.00 di ciascuna giornata. <span dir=\"ltr\" role=\"presentation\">Nella galleria Belluno Est di <\/span><span dir=\"ltr\" role=\"presentation\">viale dei Dendrofori, nel tratto di strada compreso tra le due rotatorie di <\/span><span dir=\"ltr\" role=\"presentation\">via Lungardo &#8211; Ponte dell&#8217;Anta e via Alzaia &#8211; Ponte Bailey, dalle\u00a0 8 <\/span><span dir=\"ltr\" role=\"presentation\">alle 12 e dalle 14 alle 17.00 di mercoled\u00ec 11 maggio divieto di circolazione<\/span><\/p>\n<p><strong>VIA TISOI<\/strong> Dall&#8217;11 al 18 maggio dalle 8 alle 17 senso unico alternato regolato da semaforo<\/p>\n<p><strong>VIA MIARI <\/strong>divieto di circolazione nel tratto di strada compreso tra l\u2019intersezione con il Ponte Dolomiti e l\u2019intersezione con via Monte Grappa, in tre giornate comprese nel periodo dal 9 al 17 maggio, dalle ore 7.00 alle ore 19.00 di ciascuna giornata<\/p>\n<p><strong>VIA CARRERA<\/strong> <span dir=\"ltr\" role=\"presentation\">dalle 8 dell&#8217;11 maggio alle\u00a0 13 del 12 maggio <\/span>\u00a0<span dir=\"ltr\" role=\"presentation\">istituzione<\/span> <span dir=\"ltr\" role=\"presentation\">del<\/span> <span dir=\"ltr\" role=\"presentation\">divieto<\/span> <span dir=\"ltr\" role=\"presentation\">di<\/span> <span dir=\"ltr\" role=\"presentation\">circolazione<\/span> <span dir=\"ltr\" role=\"presentation\">veicolare <\/span><span dir=\"ltr\" role=\"presentation\">all\u2019altezza del civico 4; <\/span>\u00a0<span dir=\"ltr\" role=\"presentation\">istituzione<\/span> <span dir=\"ltr\" role=\"presentation\">del<\/span> <span dir=\"ltr\" role=\"presentation\">doppio<\/span> <span dir=\"ltr\" role=\"presentation\">senso<\/span> <span dir=\"ltr\" role=\"presentation\">di<\/span> <span dir=\"ltr\" role=\"presentation\">circolazione<\/span> <span dir=\"ltr\" role=\"presentation\">nelle<\/span> <span dir=\"ltr\" role=\"presentation\">vie<\/span> <span dir=\"ltr\" role=\"presentation\">Zuppani<\/span> <span dir=\"ltr\" role=\"presentation\">e <\/span><span dir=\"ltr\" role=\"presentation\">Carrera<\/span> <span dir=\"ltr\" role=\"presentation\">(tratto<\/span> <span dir=\"ltr\" role=\"presentation\">compreso<\/span> <span dir=\"ltr\" role=\"presentation\">tra<\/span> <span dir=\"ltr\" role=\"presentation\">il<\/span> <span dir=\"ltr\" role=\"presentation\">civico<\/span> <span dir=\"ltr\" role=\"presentation\">4<\/span> <span dir=\"ltr\" role=\"presentation\">e<\/span> <span dir=\"ltr\" role=\"presentation\">l\u2019intersezione<\/span> <span dir=\"ltr\" role=\"presentation\">con<\/span> <span dir=\"ltr\" role=\"presentation\">via <\/span><span dir=\"ltr\" role=\"presentation\">Zuppani),<\/span> <span dir=\"ltr\" role=\"presentation\">per<\/span> <span dir=\"ltr\" role=\"presentation\">consentire<\/span> <span dir=\"ltr\" role=\"presentation\">ai<\/span> <span dir=\"ltr\" role=\"presentation\">residenti<\/span> <span dir=\"ltr\" role=\"presentation\">della<\/span> <span dir=\"ltr\" role=\"presentation\">zona<\/span> <span dir=\"ltr\" role=\"presentation\">e<\/span> <span dir=\"ltr\" role=\"presentation\">ai<\/span> <span dir=\"ltr\" role=\"presentation\">residenti<\/span> <span dir=\"ltr\" role=\"presentation\">in <\/span><span dir=\"ltr\" role=\"presentation\">piazzetta<\/span> <span dir=\"ltr\" role=\"presentation\">Santo<\/span> <span dir=\"ltr\" role=\"presentation\">Stefano<\/span> <span dir=\"ltr\" role=\"presentation\">l&#8217;uscita<\/span> <span dir=\"ltr\" role=\"presentation\">dalla<\/span> <span dir=\"ltr\" role=\"presentation\">suddetta<\/span> <span dir=\"ltr\" role=\"presentation\">area.<\/span> <span dir=\"ltr\" role=\"presentation\">Prima<\/span> <span dir=\"ltr\" role=\"presentation\">di <\/span><span dir=\"ltr\" role=\"presentation\">immettersi in piazza Piloni i veicoli dovranno dare la precedenza a <\/span><span dir=\"ltr\" role=\"presentation\">quelli gi\u00e0 circolanti nella piazza<\/span><\/p>\n<p><strong>NEVEGAL<\/strong> Domenica<span dir=\"ltr\" role=\"presentation\"> 15 maggio, per manifestazione sportiva \u201cDuallika\u201d<\/span><span dir=\"ltr\" role=\"presentation\">, dalle 7 alle\u00a0 15 <\/span><span dir=\"ltr\" role=\"presentation\">\u00a0del divieto di sosta con rimozione forzata dei veicoli in <\/span><span dir=\"ltr\" role=\"presentation\">piazzale del Neveg\u00e0l, nel parcheggio opposto ai civici dal 77 all\u201981, a <\/span><span dir=\"ltr\" role=\"presentation\">valle dell\u2019inizio della strada di accesso al campo scuola di sci; <\/span>\u00a0<span dir=\"ltr\" role=\"presentation\">istituzione del divieto di circolazione veicolare, nella medesima area <\/span><span dir=\"ltr\" role=\"presentation\">del parcheggio adibita alla manifestazione<\/span><\/p>\n<p><strong>VIA AGORDO<\/strong> senso unico alternato di circolazione veicolare regolato da impianto semaforico e, in caso di traffico particolarmente intenso, da idoneo personale, in via Agordo nel tratto di strada compreso tra il civico 355 e l\u2019intersezione con via Mares,\u00a0 dal 16 al 20 maggio dalle\u00a0 8 alle 17 di ciascuna giornata<\/p><\/blockquote>\n<p><strong>VIA MEZZATERRA<\/strong> <span dir=\"ltr\" role=\"presentation\">fino alle\u00a0 18 del 30 giugno<\/span>\u00a0<span dir=\"ltr\" role=\"presentation\">divieto di sosta con rimozione forzata dei veicoli, in via I Novembre <\/span><span dir=\"ltr\" role=\"presentation\">1918, nell\u2019area a lato degli stalli di sosta antistanti al civico 1\/A; <\/span>\u00a0<span dir=\"ltr\" role=\"presentation\">divieto di transito pedonale nel tratto di marciapiede antistante al <\/span><span dir=\"ltr\" role=\"presentation\">civico 103 di via Mezzaterra<\/span><\/p><\/blockquote>\n<p>&nbsp;<\/p>\n<p>&nbsp;<\/p>\n<hr \/>\n<p>&nbsp;<\/p>\n<blockquote>\n<h3>LA FAMOSA INVASIONE DEGLI ORSI IN SICILIA<\/h3>\n<\/blockquote>\n<p><strong>BORGO VALBELLUNA<\/strong> Per iniziative della classe 1^ E MUSICALE &#8220;RICCI&#8221;\u00a0 giovedi 12 maggio alle 18 nella Chiesa di San Pietro in Borgo Garibaldi, riduzione della fiaba di Dino Buzzati a 50 anni dalla scomparsa. Docenti: Maria Grazia Feltre (chitarra), Michele Ghedin (clarinetto), Patrizia Belluzzo (flauto), Gisella Galat\u00e0 (pianoforte), Valentina Bortoluzzi (italiano), Maria Daniela Casagrande (arte).<\/p>\n<p>&nbsp;<\/p>\n<p>&nbsp;<\/p>\n<hr \/>\n<blockquote>\n<h3><\/h3>\n<h3>BUZZ@TI\/AMO, NEL 50\u00b0 DELLE MORTE DI DINO BUZZATI<\/h3>\n<\/blockquote>\n<p><strong><a class=\"dt-pswp-item\" href=\"https:\/\/www.radiopiu.net\/wordpress\/wp-content\/uploads\/2022\/05\/5816d92c-0392-4a17-9452-65c0f20c775e.jpg\" data-dt-img-description=\"\" data-large_image_width=\"590\" data-large_image_height=\"584\"><img loading=\"lazy\" decoding=\"async\" class=\"size-thumbnail wp-image-274705 alignleft\" src=\"https:\/\/www.radiopiu.net\/wordpress\/wp-content\/uploads\/2022\/05\/5816d92c-0392-4a17-9452-65c0f20c775e-150x150.jpg\" alt=\"\" width=\"150\" height=\"150\" srcset=\"https:\/\/www.radiopiu.net\/wordpress\/wp-content\/uploads\/2022\/05\/5816d92c-0392-4a17-9452-65c0f20c775e-150x150.jpg 150w, https:\/\/www.radiopiu.net\/wordpress\/wp-content\/uploads\/2022\/05\/5816d92c-0392-4a17-9452-65c0f20c775e-300x297.jpg 300w\" sizes=\"auto, (max-width: 150px) 100vw, 150px\" \/><\/a>BELLUNO<\/strong> Torna nella villa di S. Pellegrino la rassegna culturale Giardino Buzzati, realizzata dall\u2019Associazione Villa Buzzati San Pellegrino il granaio. Il programma di quest\u2019anno vuole celebrare il cinquantesimo anniversario della scomparsa dello scrittore bellunese. \u201cBuzz@ti\/AMO\u201d, questo il nome della rassegna 2022, presenta un calendario con eventi che spaziano in diversi ambiti: giornalismo, letteratura, teatro, musica e pittura. Molti gli ospiti eccellenti come Lorenzo Vigan\u00f2 -giornalista e curatore della produzione buzzatiana per Mondadori, Carlo Nordio -ex magistrato, Lorenzo Mattotti -artista e illustratore del film \u201cLa famosa invasione degli orsi in Sicilia\u201d, Benedetta Tobagi \u2013giornalista e scrittrice. Primo appuntamento il 20-21 e 22 maggio con il fine settimana dedicato alla Nera di Dino Buzzati &#8220;Com&#8217;\u00e8 cambiata la cronaca nera da Buzzati ad oggi&#8221;.<\/p>\n<p>&nbsp;<\/p>\n<p>&nbsp;<\/p>\n<hr \/>\n<p>&nbsp;<\/p>\n<p>&nbsp;<\/p>\n<blockquote>\n<h3>IL LIBRO, OMAGGIO A TINA MERLIN<\/h3>\n<\/blockquote>\n<p><span id=\"page3R_mcid0\" class=\"markedContent\"><a class=\"dt-pswp-item\" href=\"https:\/\/www.radiopiu.net\/wordpress\/wp-content\/uploads\/2022\/05\/TINA.jpg\" data-dt-img-description=\"\" data-large_image_width=\"219\" data-large_image_height=\"158\"><img loading=\"lazy\" decoding=\"async\" class=\"size-thumbnail wp-image-274819 alignleft\" src=\"https:\/\/www.radiopiu.net\/wordpress\/wp-content\/uploads\/2022\/05\/TINA-150x150.jpg\" alt=\"\" width=\"150\" height=\"150\" \/><\/a><\/span><strong><span id=\"page3R_mcid4\" class=\"markedContent\"><span dir=\"ltr\" role=\"presentation\">BELLUNO <\/span><\/span><\/strong><span id=\"page3R_mcid11\" class=\"markedContent\"><span dir=\"ltr\" role=\"presentation\">\u00c8 uscito il volume<\/span> &#8220;<span dir=\"ltr\" role=\"presentation\">Oggi \u00e8 tempo di imparare qualcosa&#8221;,\u00a0 Omaggio a Tina <\/span><span dir=\"ltr\" role=\"presentation\">Merlin, \u00e8 <\/span><span dir=\"ltr\" role=\"presentation\">una raccolta di saggi e testimonianze che amici ed estimatori hanno voluto <\/span><span dir=\"ltr\" role=\"presentation\">dedicare alla partigiana, giornalista e scrittrice per il trentesimo anniversario della sua morte. Il <\/span><span dir=\"ltr\" role=\"presentation\">titolo del libro riprende una frase che Tina Merlin scrisse il 10 ottobre 1963<\/span><span dir=\"ltr\" role=\"presentation\">, all\u2019indomani del <\/span><span dir=\"ltr\" role=\"presentation\">disastro del Vajont che con i suoi articoli aveva cercato, come poteva e sapeva, di impedire: una <\/span><span dir=\"ltr\" role=\"presentation\">frase che<\/span> <span dir=\"ltr\" role=\"presentation\">riassume bene il motivo d\u2019essere dell\u2019associazione culturale che ne porta il nome. <\/span><\/span><span id=\"page3R_mcid12\" class=\"markedContent\"><span dir=\"ltr\" role=\"presentation\">Temi da lei affrontati e questioni ancora aperte, sui quali profuse passione e professionalit\u00e0, aspetti <\/span><span dir=\"ltr\" role=\"presentation\">della sua personalit\u00e0 forte e coerente emergono nitidi da tutti i contributi presenti, da quello dei <\/span><span dir=\"ltr\" role=\"presentation\">giovani ricercatori Giacomo Bonan e Claudia Soppelsa a quelli dei colleghi giornalisti a Belluno <\/span><span dir=\"ltr\" role=\"presentation\">(Sostene Schena), a Milano (Dario Venegoni) e a Venezia (Toni De Marchi e Mario Ongaro), alla <\/span><span dir=\"ltr\" role=\"presentation\">partigiana veneziana Lia Finzi, ad attori e registi come Maurizio Donadoni, Marco Paolini, Patricia <\/span><span dir=\"ltr\" role=\"presentation\">Zanco, Renzo Martinelli. <\/span><\/span><span id=\"page3R_mcid13\" class=\"markedContent\"><span dir=\"ltr\" role=\"presentation\">Grazie a costoro, e inoltre a Toni Sirena, a Pietro Ruzzante, ad Adriana Lotto, la figura di Tina <\/span><span dir=\"ltr\" role=\"presentation\">Merlin si pone una volta di pi\u00f9 come punto di riferimento per il nostro tempo e per ogni tempo in <\/span><span dir=\"ltr\" role=\"presentation\">cui si debba ancora e sempre<\/span> <span dir=\"ltr\" role=\"presentation\">imparare qualcosa.<\/span><\/span><\/p>\n<p>&nbsp;<\/p>\n<p>&nbsp;<\/p>\n<hr \/>\n<p>&nbsp;<\/p>\n<blockquote>\n<h3><a class=\"dt-pswp-item\" href=\"https:\/\/www.radiopiu.net\/wordpress\/wp-content\/uploads\/2022\/05\/assemblea-arancione.jpg\" data-dt-img-description=\"\" data-large_image_width=\"640\" data-large_image_height=\"340\"><img loading=\"lazy\" decoding=\"async\" class=\" wp-image-273811 alignleft\" src=\"https:\/\/www.radiopiu.net\/wordpress\/wp-content\/uploads\/2022\/05\/assemblea-arancione-150x150.jpg\" alt=\"\" width=\"101\" height=\"101\" \/><\/a>Assemblea del Consiglio di Bacino<\/h3>\n<\/blockquote>\n<p>L&#8217;Assemblea dei sindaci \u00e8 convocata in seconda convocazione per\u00a0 domani\u00a0 alle\u00a0 15 in presenza nella Sala Teatro Giovanni XXIII presso il Centro Congressi Belluno in Piazza Piloni a Belluno.<\/p>\n<p>&nbsp;<\/p>\n<p>&nbsp;<\/p>\n<hr \/>\n<p>&nbsp;<\/p>\n<blockquote>\n<h3>DOMENICA 15 MAGGIO IL RITORNO DI BIMBIMBICI<\/h3>\n<\/blockquote>\n<p><strong><a class=\"dt-pswp-item\" href=\"https:\/\/www.radiopiu.net\/wordpress\/wp-content\/uploads\/2022\/05\/Immagine2.jpg\" data-dt-img-description=\"\" data-large_image_width=\"1285\" data-large_image_height=\"660\"><img loading=\"lazy\" decoding=\"async\" class=\" wp-image-273623 alignleft\" src=\"https:\/\/www.radiopiu.net\/wordpress\/wp-content\/uploads\/2022\/05\/Immagine2-150x150.jpg\" alt=\"\" width=\"113\" height=\"113\" \/><\/a>BELLUNO\u00a0<\/strong> Dopo tre anni di forzata assenza, ritorna BIMBIMBICI\u00a0 organizzata da FIAB Belluno aperta a tutti\u00a0 con lo scopo di portare tantissimi bambini in bicicletta per le strade delle citt\u00e0. Il programma per domenica 15 maggio prevede, dalle 10 alle 11, un giro di 7 km in bicicletta per la citt\u00e0. Al ritorno tutti i piccoli partecipanti troveranno un divertente percorso di abilit\u00e0 gestito da\u00a0 istruttori e un ristoro. La mattinata sar\u00e0 accompagnata dalle musiche della banda di ottoni The BrassFolkers. I Vigili Urbani e il personale dell\u2019Associazione Nazionale Carabinieri saranno disposti lungo il percorso per renderlo pi\u00f9 sicuro. Iscrizioni dalle 9.15 al Parco Citt\u00e0 di Bologna, info\u00a0 www.bellunoinbici.it.<\/p>\n<p>&nbsp;<\/p>\n<p>&nbsp;<\/p>\n<hr \/>\n<p>&nbsp;<\/p>\n<blockquote>\n<blockquote>\n<h3>ASCOLTARE PER CONOSCERE: L\u2019EVENTO ONLINE DEL CILP<\/h3>\n<\/blockquote>\n<p><strong class=\"photoswipe-wrapper\"><a class=\"dt-pswp-item pspw-wrap-ready\" href=\"https:\/\/www.radiopiu.net\/wordpress\/wp-content\/uploads\/2022\/04\/download-7.jpg\" data-dt-img-description=\"\" data-large_image_width=\"321\" data-large_image_height=\"157\"><img loading=\"lazy\" decoding=\"async\" class=\"alignleft wp-image-272306 \" src=\"https:\/\/www.radiopiu.net\/wordpress\/wp-content\/uploads\/2022\/04\/download-7-300x147.jpg\" sizes=\"auto, (max-width: 133px) 100vw, 133px\" srcset=\"https:\/\/www.radiopiu.net\/wordpress\/wp-content\/uploads\/2022\/04\/download-7-300x147.jpg 300w, https:\/\/www.radiopiu.net\/wordpress\/wp-content\/uploads\/2022\/04\/download-7.jpg 321w\" alt=\"\" width=\"133\" height=\"65\" \/><\/a>FELTRE <\/strong>Aperte le iscrizioni per l\u2019evento online del 18-19-20 maggio 2022 promosso dal CILP \u201cAscoltare per conoscere\u201d: esempi d\u2019inclusivit\u00e0 con speaker di fama nazionale.\u00a0 Parteciperanno persone di spicco quali l\u2019economista Dott. Carlo Cotarelli, la scrittrice Susanna Tamaro, il Prof. Cesare Cornoldi dell\u2019Universit\u00e0 di Padova, la conduttrice televisiva Andrea Delogu, il direttore di radio Pi\u00f9 Mirko Mezzacasa e tanti altri relatori che interverranno per parlare di dislessia, dei modi per affrontare questo disturbo che interessa anche \u00a0molti studenti, dei problemi della vista, ma verr\u00e0 anche esaminata l\u2019importanza che riveste la voce umana nella comunicazione e il suo ruolo fondamentale<\/p>\n<p><strong><a class=\"dt-pswp-item\" href=\"https:\/\/www.radiopiu.net\/wordpress\/wp-content\/uploads\/2022\/05\/280142604_10158863627944503_4365027456749335010_n.jpg\" data-dt-img-description=\"\" data-large_image_width=\"526\" data-large_image_height=\"526\"><img loading=\"lazy\" decoding=\"async\" class=\" wp-image-274752 alignleft\" src=\"https:\/\/www.radiopiu.net\/wordpress\/wp-content\/uploads\/2022\/05\/280142604_10158863627944503_4365027456749335010_n-150x150.jpg\" alt=\"\" width=\"124\" height=\"124\" srcset=\"https:\/\/www.radiopiu.net\/wordpress\/wp-content\/uploads\/2022\/05\/280142604_10158863627944503_4365027456749335010_n-150x150.jpg 150w, https:\/\/www.radiopiu.net\/wordpress\/wp-content\/uploads\/2022\/05\/280142604_10158863627944503_4365027456749335010_n-300x300.jpg 300w, https:\/\/www.radiopiu.net\/wordpress\/wp-content\/uploads\/2022\/05\/280142604_10158863627944503_4365027456749335010_n.jpg 526w\" sizes=\"auto, (max-width: 124px) 100vw, 124px\" \/><\/a>CONOSCIAMO I PROTAGONISTI &#8211; MICHELE INTURRI<br \/>\n<\/strong><\/p>\n<div class=\"kvgmc6g5 cxmmr5t8 oygrvhab hcukyx3x c1et5uql ii04i59q\">\n<div dir=\"auto\">Donatore di voce. Nato e vive a Roma, Michele \u00e8 donatore di voce da oltre 30 anni. La sua voce \u00e8 particolarmente gradita da molti utenti per la timbrica e la perfetta dizione. Ha avuto importanti ruoli in campo professionale ed ha coltivato l\u2019hobby per la recitazione con notevoli risultati, \u00e8 stato anche scelto per il doppiaggio dell\u2019attore Alberto Sordi . Il figlio Alessio, noto regista italiano, sta perpetuando la vena artistica del padre. \u00a0Michele Inturri sar\u00e0 presente ad Ascoltare per conoscere per parlarci della sua esperienza come donatore di voce, sia a livello umano che artistico.<strong>\u00a0<\/strong><\/div>\n<\/div>\n<\/blockquote>\n<p>&nbsp;<\/p>\n<hr \/>\n<p>&nbsp;<\/p>\n<blockquote>\n<h3>DOMANI A FALCADE LA PRESENTAZIONE DELLA FOOTBIKE<\/h3>\n<\/blockquote>\n<p><span class=\"photoswipe-wrapper\" dir=\"ltr\" role=\"presentation\"><b>FALCADE\u00a0<\/b>Una nuova disciplina sportiva: la Footbike,\u00a0 la presentazione con l\u2019Aics regionale si terr\u00e0\u00a0 domani alle 15 al parco giochi di Falcade. Alla presentazione parteciperanno anche gli allenatori e gli studenti dello Ski College.<br \/>\n<a class=\"dt-pswp-item pspw-wrap-ready\" href=\"https:\/\/www.radiopiu.net\/wordpress\/wp-content\/uploads\/2022\/05\/Footbike.jpeg\" data-dt-img-description=\"\" data-large_image_width=\"848\" data-large_image_height=\"504\"><img loading=\"lazy\" decoding=\"async\" class=\"alignnone size-thumbnail wp-image-274270\" src=\"https:\/\/www.radiopiu.net\/wordpress\/wp-content\/uploads\/2022\/05\/Footbike-150x150.jpeg\" alt=\"\" width=\"150\" height=\"150\" \/><\/a><\/span><\/p>\n<p>&nbsp;<\/p>\n<hr \/>\n<p>&nbsp;<\/p>\n<blockquote>\n<h3>MAGGIO AGORDINO CON L&#8217;ASSOCIAZIONE PERITI MINERARI INDUSTRIALI DI AGORDO<\/h3>\n<\/blockquote>\n<p><strong>AGORDO <\/strong>Torna l&#8217;appuntamento con &#8220;Maggio Agordino&#8221;, un ciclo di serate culturali e di divulgazione scientifica promosse da APIM &#8211; Associazione Periti Industriali Minerari di Agordo. Quest&#8217;anno il tema che costituir\u00e0 di fatto il filo conduttore delle serate sar\u00e0 il cambiamento climatico. Quattro serate in Sala Don Tamis con inizio alle 20:30. Venerd\u00ec 13 &#8220;Il litio nella trasformazione e conservazione dell&#8217;energia&#8221;, venerd\u00ec 20 &#8220;L&#8217;economia futura della montagna e le sfide del riconoscimento Unesco&#8221; e venerd\u00ec 27 &#8220;Il clima che cambia(mo) e le nostre montagne&#8221;. Tutte le serate sono ad entrata libera<\/p>\n<p>&nbsp;<\/p>\n<p>&nbsp;<\/p>\n<hr \/>\n<blockquote>\n<h3><\/h3>\n<h3>IL 12 MAGGIO, GIORNATA MONDIALE DELLA FIBROMIALGIA<\/h3>\n<\/blockquote>\n<p><strong>BELLUNO<\/strong> L\u2019 Associazione Italiana Sindrome Fibromialgica ODV promuove su tutto il territorio nazionale l\u2019iniziativa \u201cIlluminiamo la Fibromialgia\u201d. L\u2019evento, che consistera\u0300 nell\u2019illuminare di viola piazze, edifici e monumenti in tutta Italia, si pone l\u2019obiettivo di sensibilizzare l\u2019opinione pubblica sulle condizioni del paziente fibromialgico, sofferente di una patologia ancora non riconosciuta. Il Comune di Belluno anche quest\u2019anno ha concesso il patrocinio e l\u2019illuminazione del Teatro Comunale nella serata del 12 maggio.<\/p>\n<p>&nbsp;<\/p>\n<hr \/>\n<p>&nbsp;<\/p>\n<blockquote>\n<h3>L&#8217;INIZIATIVA DI ANTENNA ANZIANI NEL RICORDO DI BUZZATI<\/h3>\n<\/blockquote>\n<p><strong>BELLUNO<\/strong> Venerdi 13 maggio alle 10 nell&#8217;aula magna del seminario di Belluno (con mascherian ffp2) &#8220;Michael Noble e Dino Buzzati tra arte e follia&#8221;. In occasione del 50\u00b0 della morte di Dino Buzzati conferenza a cura di Giovanni Grazioli con la proiezione del documentario del 1961 &#8220;La ripetizione&#8221;: commento di Dino Buzzati letto da Arnoldo Fo\u00e0, realizzato da Giorgio Ponti<\/p>\n<p>&nbsp;<\/p>\n<hr \/>\n<p>&nbsp;<\/p>\n<blockquote>\n<h3>VITO NICOLA PARADISO E LA SUA CHITARRA A LONGARONE<\/h3>\n<\/blockquote>\n<p><strong>LONGARONE <\/strong>Il <span class=\"s1\">Comune di Longarone, l&#8217;Associazione culturale Longarone Musica &#8220;Giuseppe De Vecchi&#8221; diretta dal Maestro Gianfranco Volpato e l&#8217;Associazione Pro Loco di Longarone propongono\u00a0 due eventi musicali al Centro Culturale &#8220;F. Parri&#8221; di Longarone: sabato 14 maggio 2022 alle 18 Vito Nicola Paradiso, suo il best-seller didattico-metodo di base &#8220;La Chitarra Volante&#8221; alle 20.30 il chitarrista-compositore Vito Nicola Paradiso nel concerto &#8220;Chitarra, Amore e Fantasia!&#8221;<\/span><\/p>\n<p>&nbsp;<\/p>\n<hr \/>\n<p>&nbsp;<\/p>\n<blockquote>\n<h3>HOCUS LOTUS IMPARANDO ATTRAVERSO L&#8217;ATTIVITA&#8217; MIMICO-GESTUALE<\/h3>\n<p><em>Per entrare nel magico mondo della nuova lingua<\/em><\/p><\/blockquote>\n<p><strong>ALLEGHE<\/strong>\u00a0 Martedi 17 maggio dalle 18.15 alle 19 alla scuola media di Caprile play group per bimbi dai 2 ai 3 anni con le loro mamme. Con il programma per il bilinguismo infantile dell&#8217;Universit\u00e0 &#8220;La Sapienza&#8221;, informazioni ed iscrizioni da Claudia Soppelsa (340 1474780).<\/p>\n<p>&nbsp;<\/p>\n<hr \/>\n<p>&nbsp;<\/p>\n<blockquote>\n<h3>SENZA FRETTA IN BICICLETTA<\/h3>\n<\/blockquote>\n<p><strong><a class=\"dt-pswp-item\" href=\"https:\/\/www.radiopiu.net\/wordpress\/wp-content\/uploads\/2022\/05\/Iniziativa-Biblio-Giro.png\" data-dt-img-description=\"\" data-large_image_width=\"1754\" data-large_image_height=\"2481\"><img loading=\"lazy\" decoding=\"async\" class=\" wp-image-274753 alignleft\" src=\"https:\/\/www.radiopiu.net\/wordpress\/wp-content\/uploads\/2022\/05\/Iniziativa-Biblio-Giro-150x150.png\" alt=\"\" width=\"135\" height=\"135\" \/><\/a>BELLUNO<\/strong>\u00a0 <span dir=\"ltr\" role=\"presentation\">In occasione della partenza di tappa del Giro d\u2019Italia a Belluno, il prossimo <\/span><span dir=\"ltr\" role=\"presentation\">28 maggio, la Biblioteca civica di Belluno organizza delle letture espressive <\/span><span dir=\"ltr\" role=\"presentation\">per bambini a cura di Barbara De Poloni. <\/span><span dir=\"ltr\" role=\"presentation\">Le letture si svolgeranno nelle giornate di<\/span> <span dir=\"ltr\" role=\"presentation\">marted\u00ec 24 maggio e venerd\u00ec <\/span><span dir=\"ltr\" role=\"presentation\">27 maggio, in doppio turno: dalle 15.00 alle 15.45 per i bambini <\/span><span dir=\"ltr\" role=\"presentation\">dai 7 ai 10 anni e dalle 16.30 alle 17.00 per i bambini dai 3 ai 6 <\/span><span dir=\"ltr\" role=\"presentation\">anni<\/span><span dir=\"ltr\" role=\"presentation\">. <\/span><span dir=\"ltr\" role=\"presentation\">A fare da cornice all\u2019iniziativa, la\u00a0 sala con affresco, al primo piano di <\/span><span dir=\"ltr\" role=\"presentation\">Palazzo Bembo (Piazzetta Giovan Battista Pellegrini), dove potranno essere <\/span><span dir=\"ltr\" role=\"presentation\">accolti un<\/span> <span dir=\"ltr\" role=\"presentation\">massimo di 20 bambini per turno, accompagnati da un<\/span><br role=\"presentation\" \/><span dir=\"ltr\" role=\"presentation\">adulto. <\/span><span dir=\"ltr\" role=\"presentation\">La<\/span> <span dir=\"ltr\" role=\"presentation\">prenotazione<\/span> <span dir=\"ltr\" role=\"presentation\">\u00e8<\/span> <span dir=\"ltr\" role=\"presentation\">obbligatoria,<\/span> <span dir=\"ltr\" role=\"presentation\">telefonando<\/span> <span dir=\"ltr\" role=\"presentation\">alla<\/span> <span dir=\"ltr\" role=\"presentation\">Biblioteca<\/span> <span dir=\"ltr\" role=\"presentation\">dei <\/span><span dir=\"ltr\" role=\"presentation\">Ragazzi al numero 0437 913305 o inviando un&#8217;email all&#8217;indirizzo <\/span><span dir=\"ltr\" role=\"presentation\">biblioteca@comune.belluno.it<\/span><span dir=\"ltr\" role=\"presentation\">. <\/span><span dir=\"ltr\" role=\"presentation\">L\u2019ingresso \u00e8 gratuito.<\/span><\/p>\n<p>&nbsp;<\/p>\n<p>&nbsp;<\/p>\n<hr \/>\n<p>&nbsp;<\/p>\n<h2><span style=\"color: #ff0000;\">IERI ALLA RADIO\u00a0<\/span><\/h2>\n<p><strong>IERI SUL CORRIERE DELLE ALPI\u00a0<\/strong><\/p>\n<p>Nuova puntata di &#8220;vivere l&#8217;Agordino&#8221; dedicata a Marco Gaz: dipendente Luxottica ma anche braccio destro di Mirko Mezzacasa a RADIO PIU&#8217;. La sua passione \u00e8 la musica, ma da qualche anno \u00e8 la voce ufficiale del torneo Agordino di calcio. La &#8220;carriera&#8221; in radio \u00e8 iniziata quasi per caso in un pomeriggio del 2002, vent&#8217;anni fa.<\/p>\n<p><strong>DI GIANNI SANTOMASO con la vignetta di Erica Andrich<\/strong><\/p>\n<audio class=\"wp-audio-shortcode\" id=\"audio-274651-3\" preload=\"none\" style=\"width: 100%;\" controls=\"controls\"><source type=\"audio\/mpeg\" src=\"https:\/\/www.radiopiu.net\/wordpress\/wp-content\/uploads\/2022\/05\/audio-marco.mp3?_=3\" \/><a href=\"https:\/\/www.radiopiu.net\/wordpress\/wp-content\/uploads\/2022\/05\/audio-marco.mp3\">https:\/\/www.radiopiu.net\/wordpress\/wp-content\/uploads\/2022\/05\/audio-marco.mp3<\/a><\/audio>\n<p>&nbsp;<\/p>\n\n\t\t\t<style type='text\/css'>\n\t\t\t\t#gallery-4 {\n\t\t\t\t\tmargin: auto;\n\t\t\t\t}\n\t\t\t\t#gallery-4 .gallery-item {\n\t\t\t\t\tfloat: left;\n\t\t\t\t\tmargin-top: 10px;\n\t\t\t\t\ttext-align: center;\n\t\t\t\t\twidth: 33%;\n\t\t\t\t}\n\t\t\t\t#gallery-4 img {\n\t\t\t\t\tborder: 2px solid #cfcfcf;\n\t\t\t\t}\n\t\t\t\t#gallery-4 .gallery-caption {\n\t\t\t\t\tmargin-left: 0;\n\t\t\t\t}\n\t\t\t\t\/* see gallery_shortcode() in wp-includes\/media.php *\/\n\t\t\t<\/style>\n\t\t<div id='gallery-4' class='dt-gallery-container gallery galleryid-274651 gallery-columns-3 gallery-size-thumbnail'><dl class='gallery-item'>\n\t\t\t\t<dt class='gallery-icon portrait'>\n\t\t\t\t\t<a class=\"rollover rollover-zoom dt-pswp-item\" title=\"1c8a26de-93bd-48ab-9d6a-71b957b011fe\" data-dt-img-description=\"\" data-large_image_width=\"1448\" data-large_image_height=\"1600\"href='https:\/\/www.radiopiu.net\/wordpress\/wp-content\/uploads\/2022\/05\/1c8a26de-93bd-48ab-9d6a-71b957b011fe.jpg'><img loading=\"lazy\" decoding=\"async\" width=\"150\" height=\"150\" src=\"https:\/\/www.radiopiu.net\/wordpress\/wp-content\/uploads\/2022\/05\/1c8a26de-93bd-48ab-9d6a-71b957b011fe-150x150.jpg\" class=\"attachment-thumbnail size-thumbnail\" alt=\"\" \/><\/a>\n\t\t\t\t<\/dt><\/dl><dl class='gallery-item'>\n\t\t\t\t<dt class='gallery-icon landscape'>\n\t\t\t\t\t<a class=\"rollover rollover-zoom dt-pswp-item\" title=\"b97bdc4c-ae3b-4ca8-ab3f-7419c5fb892a\" data-dt-img-description=\"\" data-large_image_width=\"2048\" data-large_image_height=\"1154\"href='https:\/\/www.radiopiu.net\/wordpress\/wp-content\/uploads\/2022\/05\/b97bdc4c-ae3b-4ca8-ab3f-7419c5fb892a.jpg'><img loading=\"lazy\" decoding=\"async\" width=\"150\" height=\"150\" src=\"https:\/\/www.radiopiu.net\/wordpress\/wp-content\/uploads\/2022\/05\/b97bdc4c-ae3b-4ca8-ab3f-7419c5fb892a-150x150.jpg\" class=\"attachment-thumbnail size-thumbnail\" alt=\"\" \/><\/a>\n\t\t\t\t<\/dt><\/dl><dl class='gallery-item'>\n\t\t\t\t<dt class='gallery-icon portrait'>\n\t\t\t\t\t<a class=\"rollover rollover-zoom dt-pswp-item\" title=\"fe5f1375-cfc8-4930-b6db-33e33b0fe8e9\" data-dt-img-description=\"\" data-large_image_width=\"768\" data-large_image_height=\"1024\"href='https:\/\/www.radiopiu.net\/wordpress\/wp-content\/uploads\/2022\/05\/fe5f1375-cfc8-4930-b6db-33e33b0fe8e9.jpg'><img loading=\"lazy\" decoding=\"async\" width=\"150\" height=\"150\" src=\"https:\/\/www.radiopiu.net\/wordpress\/wp-content\/uploads\/2022\/05\/fe5f1375-cfc8-4930-b6db-33e33b0fe8e9-150x150.jpg\" class=\"attachment-thumbnail size-thumbnail\" alt=\"\" \/><\/a>\n\t\t\t\t<\/dt><\/dl><br style=\"clear: both\" \/><dl class='gallery-item'>\n\t\t\t\t<dt class='gallery-icon landscape'>\n\t\t\t\t\t<a class=\"rollover rollover-zoom dt-pswp-item\" title=\"cf265567-ac6a-4617-a940-0c56b1c37052\" data-dt-img-description=\"\" data-large_image_width=\"1024\" data-large_image_height=\"768\"href='https:\/\/www.radiopiu.net\/wordpress\/wp-content\/uploads\/2022\/05\/cf265567-ac6a-4617-a940-0c56b1c37052.jpg'><img loading=\"lazy\" decoding=\"async\" width=\"150\" height=\"150\" src=\"https:\/\/www.radiopiu.net\/wordpress\/wp-content\/uploads\/2022\/05\/cf265567-ac6a-4617-a940-0c56b1c37052-150x150.jpg\" class=\"attachment-thumbnail size-thumbnail\" alt=\"\" \/><\/a>\n\t\t\t\t<\/dt><\/dl><dl class='gallery-item'>\n\t\t\t\t<dt class='gallery-icon landscape'>\n\t\t\t\t\t<a class=\"rollover rollover-zoom dt-pswp-item\" title=\"b80d2833-f04c-4d22-a30d-b1b8b2fe2712\" data-dt-img-description=\"\" data-large_image_width=\"1024\" data-large_image_height=\"1024\"href='https:\/\/www.radiopiu.net\/wordpress\/wp-content\/uploads\/2022\/05\/b80d2833-f04c-4d22-a30d-b1b8b2fe2712.jpg'><img loading=\"lazy\" decoding=\"async\" width=\"150\" height=\"150\" src=\"https:\/\/www.radiopiu.net\/wordpress\/wp-content\/uploads\/2022\/05\/b80d2833-f04c-4d22-a30d-b1b8b2fe2712-150x150.jpg\" class=\"attachment-thumbnail size-thumbnail\" alt=\"\" srcset=\"https:\/\/www.radiopiu.net\/wordpress\/wp-content\/uploads\/2022\/05\/b80d2833-f04c-4d22-a30d-b1b8b2fe2712-150x150.jpg 150w, https:\/\/www.radiopiu.net\/wordpress\/wp-content\/uploads\/2022\/05\/b80d2833-f04c-4d22-a30d-b1b8b2fe2712-300x300.jpg 300w, https:\/\/www.radiopiu.net\/wordpress\/wp-content\/uploads\/2022\/05\/b80d2833-f04c-4d22-a30d-b1b8b2fe2712-768x768.jpg 768w, https:\/\/www.radiopiu.net\/wordpress\/wp-content\/uploads\/2022\/05\/b80d2833-f04c-4d22-a30d-b1b8b2fe2712.jpg 1024w\" sizes=\"auto, (max-width: 150px) 100vw, 150px\" \/><\/a>\n\t\t\t\t<\/dt><\/dl><dl class='gallery-item'>\n\t\t\t\t<dt class='gallery-icon landscape'>\n\t\t\t\t\t<a class=\"rollover rollover-zoom dt-pswp-item\" title=\"42de6f39-5564-48ff-9463-34e949baba0f\" data-dt-img-description=\"\" data-large_image_width=\"1024\" data-large_image_height=\"768\"href='https:\/\/www.radiopiu.net\/wordpress\/wp-content\/uploads\/2022\/05\/42de6f39-5564-48ff-9463-34e949baba0f.jpg'><img loading=\"lazy\" decoding=\"async\" width=\"150\" height=\"150\" src=\"https:\/\/www.radiopiu.net\/wordpress\/wp-content\/uploads\/2022\/05\/42de6f39-5564-48ff-9463-34e949baba0f-150x150.jpg\" class=\"attachment-thumbnail size-thumbnail\" alt=\"\" \/><\/a>\n\t\t\t\t<\/dt><\/dl><br style=\"clear: both\" \/>\n\t\t\t<\/div>\n\n<p>&nbsp;<\/p>\n<p>&nbsp;<\/p>\n<p>&nbsp;<\/p>\n<hr \/>\n<p>&nbsp;<\/p>\n<blockquote>\n<h3>IN CONDIZIONI DI GRAVE DIFFICOLT\u00c0 MA SEMPRE GENEROSA LA GENTE DI SELVA DI CADORE DURANTE LE TROPPE GUERRE<\/h3>\n<\/blockquote>\n<p><strong>di\u00a0 RENATO BONA<\/strong><\/p>\n<p>Dopo scolaresche e coscritti, e prima di emigranti, ci occupiamo col presente servizio di soldati, \u201cleggendo\u201d qui, per tutti, il prezioso volume \u201cSelva di Cadore come era\u201d (Selva da nosak\u00e0n, in ladino) realizzato nel novembre 1993 per l\u2019Union de i Ladi\u00f1 de Selva\u201d dal prof. don Lorenzo Dell\u2019Andrea, nativo proprio di Selva di Cadore, il quale da dato seguito all\u2019impegno assunto dall\u2019Union dopo la mostra di vecchie fotografie di paesaggi, case e persone del paese, dell\u2019agosto 1985, e pi\u00f9 che raddoppiando le immagini, passate dalle 162 dell\u2019esposizione alle quasi 400 del volume, stampato dalla bellunese tipografia Piave. L\u2019autore ricorda fatti eccezionali come le frequenti guerre nei primi cinquant\u2019anni del secolo (guerra d\u2019Eritrea del 1896, di Libia del 1911, prima grande guerra mondiale dal 1915 al 1918, guerra d\u2019Etiopia 1935-36, seconda grande guerra mondiale 1940-45) per sottolineare che \u201cAllora gli uomini dovevano abbandonare il lavoro; le difficolt\u00e0 in paese crescevano, donne, bambini e vecchi dovevano sobbarcarsi una mole eccezionale di lavoro per mantenere a un livello buono l\u2019economia locale. Senza dire dei lutti, numerosi e dolorosi, che colpivano tante famiglie a causa dei loro congiunti caduti o dispersi su tutti i fronti d\u2019Europa o nei campi di concentramento\u201d. Un problema sempre grave \u2013 annota ancora \u2013 era la fame. A Selva, rispetto ad altre popolazioni delle vallate vicine, la gente stava abbastanza bene; tant\u2019\u00e8 vero che a tutte le case bussavano continuamente mendicanti provenienti dai paesi vicini, particolarmente dall\u2019Agordino, ma anche da pi\u00f9 lontano, per chiedere la carit\u00e0 di un po\u2019 di patate o di qualche fava\u201d. Evidenzia quindi che \u201ca onore della gente di Selva, pure essa povera, nessuno rifiutava mai di dare \u2018n pu\u00f1 de faa\u2019 a chi stava peggio\u201d. Comunque, se non c\u2019era miseria, la popolazione viveva in grandi ristrettezze, soprattutto dopo la cessazione delle attivit\u00e0 collegate allo sfruttamento delle miniere: la sola attivit\u00e0 agro-silvo-pastorale non era infatti sufficiente a mantenere tutta la popolazione. E non va trascurato che nonostante la grande mortalit\u00e0 infantile, la popolazione registrava un saldo demografico attivo: nel 1638 risulta che gli abitanti di Selva erano 1.001, nel 1723 erano saliti a 1.135 e a ben 1300 unit\u00e0 nel 1880. Dunque la cessazione di attivit\u00e0 lavorative, la crescita della popolazione ed il frequente andamento negativo dei raccolti costrinsero moti compaesani ad emigrare (proprio questo fenomeno sar\u00e0 l\u2019oggetto di un prossimo nostro servizio \u2013 ndr.). Ed ecco, di seguito, una serie di immagini riferite ai soldati di Selva di Cadore. La prima (raccolta Amelio Monico) propone; \u201cSelvani in divisa militare a servizio della Patria. Da sinistra: Pietro Lorenzini \u2018de i Br\u00f2sa\u2019, Giovanni Monico \u2018de i Zamp\u00e9la\u2019, Attilio De Mattia; seduto Luigi Nicolai (1877-1961)\u201d. Quindi immagini singole: Ernesto Callegari \u2018de i Armanda\u2019 (1890-1961) con il cappello d\u2019alpino e le tradizionali fasce alle gambe (raccolta Maria Grazia Callegari); poi Fedele Dell\u2019Andrea (1891-1932) in divisa d\u2019alpino (raccolta Maria Dell\u2019Andrea Nicolai); ancora: \u201cUn compaesano (probabilmente Giacomo De Filippo) a servizio della Patria (raccolta Filippo De Filippo) e quindi: Severino Zuliani (1883-1970) in divisa. Erano molti coloro che sceglievano il servizio permanente nell\u2019Arma dei carabinieri e talora anche nella Finanza, Era una scelta che permetteva di avere un lavoro sicuro e una posizione sociale tenuta in molta considerazione (raccolta Remo Martini). Di nuovo un gruppo: da sinistra, in piedi: Carlo Martini \u2018de i Fior\u00e9c\u2019 (1866-1971), Primo Torre \u2018Pino dei Riz\u2019 (1887-1957), Ettore Monico; seduti: Gioele Torre, Riccardo Dall\u2019Acqua \u2018Garibaldi\u2019 1887-1961, (raccolta Antonio Torre). Altre foto singole (raccolte di Raffaella Dell\u2019Andrea, Maria Lorenzini, Maria Grazia Callegari, Maria Nicolai, Maria Dell\u2019Andrea) ci mostrano, nell\u2019ordine: Amedeo Lorenzini in divisa d\u2019alpino; Luciano Cazzetta, fiero della sua divisa; Fedele Dell\u2019Andrea, alpino; Antonio Nicolai \u2018de i Sek\u2019 (1867-1944) con la divisa dei carabinieri; Felice Dell\u2019Andrea \u2018de ki de Vinz\u00e9nz\u2019, in divisa e col toscano in mano; Angelo Lorenzini (1916-1988). Quindi un terzetto (raccolta Maria Lorenzini) con Pietro Martini \u2018de i Fior\u00e8c\u2019 (1880-1970) a sinistra, con Amedeo Lorenzini (1890-1943) ed Ernesto Callegari (1890-1961). Ed un poker (stessa raccolta) con gli alpini: Omero Nicolai, Luigi Rudatis, Pietro Lorenzini (\u201cmorto in Russia dove la sua sepoltura \u00e8 stata di recente ritrovata\u201d) e Dino Callegari. Un altro gruppo (raccolta Jole Lorenzini Monico) propone: Enrico Dall\u2019Acqua \u2018Iko de i Skotai) 1894-1979, il secondo da sinistra in alto con accanto il fuciliere Gerardo Dall\u2019Acqua (1892-1975), suo fratello; ultimo a destra: Amedeo Lorenzini. Tocca ora (raccolta Maria Lorenzini) ad Angelo Lorenzini, al centro, con due commilitoni. Poi \u00e8 la volta di un folto gruppo che comprende militari e civili (raccolta Tullio Da Rech): questa la didascalia proposta da Dell\u2019Andrea: \u201cUn gruppo di compaesani davanti al monumento ai Caduti nel 1941, da sinistra: Ettore Zuliani, Luciano Lorenzini, Davide Lorenzini, Ettore Buogo, Antonio Lorenzini, Luigi Nicolai, Vittorio De Filippo, Enrico Nicolai, Angelo Lorenzini, Adolfo Dell\u2019Andrea, Attilio Torre, dott. Antonio Bressan, Pietro Martini, Vito Nicolai, Romolo De Pin, Antenore Buogo, Cirillo De Mattia, Angelo Callegari, Marcello Torre, Giovanni Angeli, Amelio Monico, Giovanni Bonifacio, Evaristo Dell\u2019Andrea. Ci avviamo a conclusione con le ultime tre immagini. La prima (raccolta Angelo Dell\u2019Andrea) spiega: \u201cLe caratteristiche fasce potevano sembrare eleganti se avvolte bene, ma non erano per nulla pratiche. Eppure compaesani e giovani di tutta Italia hanno dovuto portarle, in tempo di pace e di guerra, non solo sulle Alpi, ma anche sulle Ambe dell\u2019Etiopia, nei deserti della Libia, nelle steppe della Russia. Portavano quella divisa con onore ed eroismo. Anche se resta sempre vera, per la prima guerra mondiale e per ogni guerra, la frase di Papa Benedetto XV: la guerra \u00e8 una inutile strage\u201d. C\u2019\u00e8 poi l\u2019immagine di Leonardo Chizzolin \u2018Leone\u2019 (1892-1965) in divisa, spedita l\u201911 luglio 1913. Da ultimo quella che porta questa dicitura: \u201cChi \u00e8? Un compagno o un \u2018forest\u2019? Non \u00e8 facile dirlo. E\u2019 il problema davanti al quale ci si trova spesso con le vecchie fotografie: di chi sono quei volti? Quando e in quali circostanze sono state scattate? Piacerebbe avere sempre una risposta sicura, perch\u00e9 si tratta di \u2018persone\u2019, non di \u2018numeri\u2019 o di \u2018oggetti\u2019. Di \u2018persone\u2019 con una loro precisa individualit\u00e0, con un cuore e un\u2019anima, con una propria storia, con una ricchezza e una forza interiore personali. Sarebbe molto bello se anche noi potessimo fare come Dio, \u2018che ci conosce individualmente e chiama ognuno di noi per nome\u2019\u201d.<\/p>\n\n\t\t\t<style type='text\/css'>\n\t\t\t\t#gallery-5 {\n\t\t\t\t\tmargin: auto;\n\t\t\t\t}\n\t\t\t\t#gallery-5 .gallery-item {\n\t\t\t\t\tfloat: left;\n\t\t\t\t\tmargin-top: 10px;\n\t\t\t\t\ttext-align: center;\n\t\t\t\t\twidth: 25%;\n\t\t\t\t}\n\t\t\t\t#gallery-5 img {\n\t\t\t\t\tborder: 2px solid #cfcfcf;\n\t\t\t\t}\n\t\t\t\t#gallery-5 .gallery-caption {\n\t\t\t\t\tmargin-left: 0;\n\t\t\t\t}\n\t\t\t\t\/* see gallery_shortcode() in wp-includes\/media.php *\/\n\t\t\t<\/style>\n\t\t<div id='gallery-5' class='dt-gallery-container gallery galleryid-274651 gallery-columns-4 gallery-size-thumbnail'><dl class='gallery-item'>\n\t\t\t\t<dt class='gallery-icon landscape'>\n\t\t\t\t\t<a class=\"rollover rollover-zoom dt-pswp-item\" title=\"280195310_1385222915289290_5132654546371987235_n\" data-dt-img-description=\"\" data-large_image_width=\"252\" data-large_image_height=\"206\"href='https:\/\/www.radiopiu.net\/wordpress\/wp-content\/uploads\/2022\/05\/280195310_1385222915289290_5132654546371987235_n.jpg'><img loading=\"lazy\" decoding=\"async\" width=\"150\" height=\"150\" src=\"https:\/\/www.radiopiu.net\/wordpress\/wp-content\/uploads\/2022\/05\/280195310_1385222915289290_5132654546371987235_n-150x150.jpg\" class=\"attachment-thumbnail size-thumbnail\" alt=\"\" \/><\/a>\n\t\t\t\t<\/dt><\/dl><dl class='gallery-item'>\n\t\t\t\t<dt class='gallery-icon landscape'>\n\t\t\t\t\t<a class=\"rollover rollover-zoom dt-pswp-item\" title=\"280256958_413891116907322_6156343821146360898_n\" data-dt-img-description=\"\" data-large_image_width=\"552\" data-large_image_height=\"205\"href='https:\/\/www.radiopiu.net\/wordpress\/wp-content\/uploads\/2022\/05\/280256958_413891116907322_6156343821146360898_n.jpg'><img loading=\"lazy\" decoding=\"async\" width=\"150\" height=\"150\" src=\"https:\/\/www.radiopiu.net\/wordpress\/wp-content\/uploads\/2022\/05\/280256958_413891116907322_6156343821146360898_n-150x150.jpg\" class=\"attachment-thumbnail size-thumbnail\" alt=\"\" \/><\/a>\n\t\t\t\t<\/dt><\/dl><dl class='gallery-item'>\n\t\t\t\t<dt class='gallery-icon portrait'>\n\t\t\t\t\t<a class=\"rollover rollover-zoom dt-pswp-item\" title=\"280196656_1625131341206995_2397734020846378925_n\" data-dt-img-description=\"\" data-large_image_width=\"197\" data-large_image_height=\"206\"href='https:\/\/www.radiopiu.net\/wordpress\/wp-content\/uploads\/2022\/05\/280196656_1625131341206995_2397734020846378925_n.jpg'><img loading=\"lazy\" decoding=\"async\" width=\"150\" height=\"150\" src=\"https:\/\/www.radiopiu.net\/wordpress\/wp-content\/uploads\/2022\/05\/280196656_1625131341206995_2397734020846378925_n-150x150.jpg\" class=\"attachment-thumbnail size-thumbnail\" alt=\"\" \/><\/a>\n\t\t\t\t<\/dt><\/dl><dl class='gallery-item'>\n\t\t\t\t<dt class='gallery-icon portrait'>\n\t\t\t\t\t<a class=\"rollover rollover-zoom dt-pswp-item\" title=\"280096944_396811475700845_8260722332463814362_n\" data-dt-img-description=\"\" data-large_image_width=\"180\" data-large_image_height=\"203\"href='https:\/\/www.radiopiu.net\/wordpress\/wp-content\/uploads\/2022\/05\/280096944_396811475700845_8260722332463814362_n.jpg'><img loading=\"lazy\" decoding=\"async\" width=\"150\" height=\"150\" src=\"https:\/\/www.radiopiu.net\/wordpress\/wp-content\/uploads\/2022\/05\/280096944_396811475700845_8260722332463814362_n-150x150.jpg\" class=\"attachment-thumbnail size-thumbnail\" alt=\"\" \/><\/a>\n\t\t\t\t<\/dt><\/dl><br style=\"clear: both\" \/><dl class='gallery-item'>\n\t\t\t\t<dt class='gallery-icon portrait'>\n\t\t\t\t\t<a class=\"rollover rollover-zoom dt-pswp-item\" title=\"280055631_5694737477209250_1627423285515932121_n\" data-dt-img-description=\"\" data-large_image_width=\"168\" data-large_image_height=\"206\"href='https:\/\/www.radiopiu.net\/wordpress\/wp-content\/uploads\/2022\/05\/280055631_5694737477209250_1627423285515932121_n.jpg'><img loading=\"lazy\" decoding=\"async\" width=\"150\" height=\"150\" src=\"https:\/\/www.radiopiu.net\/wordpress\/wp-content\/uploads\/2022\/05\/280055631_5694737477209250_1627423285515932121_n-150x150.jpg\" class=\"attachment-thumbnail size-thumbnail\" alt=\"\" \/><\/a>\n\t\t\t\t<\/dt><\/dl><dl class='gallery-item'>\n\t\t\t\t<dt class='gallery-icon portrait'>\n\t\t\t\t\t<a class=\"rollover rollover-zoom dt-pswp-item\" title=\"280181387_412799010347997_6689270893496863727_n\" data-dt-img-description=\"\" data-large_image_width=\"154\" data-large_image_height=\"225\"href='https:\/\/www.radiopiu.net\/wordpress\/wp-content\/uploads\/2022\/05\/280181387_412799010347997_6689270893496863727_n.jpg'><img loading=\"lazy\" decoding=\"async\" width=\"150\" height=\"150\" src=\"https:\/\/www.radiopiu.net\/wordpress\/wp-content\/uploads\/2022\/05\/280181387_412799010347997_6689270893496863727_n-150x150.jpg\" class=\"attachment-thumbnail size-thumbnail\" alt=\"\" \/><\/a>\n\t\t\t\t<\/dt><\/dl><dl class='gallery-item'>\n\t\t\t\t<dt class='gallery-icon portrait'>\n\t\t\t\t\t<a class=\"rollover rollover-zoom dt-pswp-item\" title=\"279911901_885064672892186_8539765835709659661_n\" data-dt-img-description=\"\" data-large_image_width=\"173\" data-large_image_height=\"202\"href='https:\/\/www.radiopiu.net\/wordpress\/wp-content\/uploads\/2022\/05\/279911901_885064672892186_8539765835709659661_n.jpg'><img loading=\"lazy\" decoding=\"async\" width=\"150\" height=\"150\" src=\"https:\/\/www.radiopiu.net\/wordpress\/wp-content\/uploads\/2022\/05\/279911901_885064672892186_8539765835709659661_n-150x150.jpg\" class=\"attachment-thumbnail size-thumbnail\" alt=\"\" \/><\/a>\n\t\t\t\t<\/dt><\/dl><dl class='gallery-item'>\n\t\t\t\t<dt class='gallery-icon landscape'>\n\t\t\t\t\t<a class=\"rollover rollover-zoom dt-pswp-item\" title=\"280018080_1453359218428754_6549128491495691204_n\" data-dt-img-description=\"\" data-large_image_width=\"547\" data-large_image_height=\"206\"href='https:\/\/www.radiopiu.net\/wordpress\/wp-content\/uploads\/2022\/05\/280018080_1453359218428754_6549128491495691204_n.jpg'><img loading=\"lazy\" decoding=\"async\" width=\"150\" height=\"150\" src=\"https:\/\/www.radiopiu.net\/wordpress\/wp-content\/uploads\/2022\/05\/280018080_1453359218428754_6549128491495691204_n-150x150.jpg\" class=\"attachment-thumbnail size-thumbnail\" alt=\"\" \/><\/a>\n\t\t\t\t<\/dt><\/dl><br style=\"clear: both\" \/><dl class='gallery-item'>\n\t\t\t\t<dt class='gallery-icon portrait'>\n\t\t\t\t\t<a class=\"rollover rollover-zoom dt-pswp-item\" title=\"280278380_4887664224694550_5928367132616478132_n\" data-dt-img-description=\"\" data-large_image_width=\"160\" data-large_image_height=\"222\"href='https:\/\/www.radiopiu.net\/wordpress\/wp-content\/uploads\/2022\/05\/280278380_4887664224694550_5928367132616478132_n.jpg'><img loading=\"lazy\" decoding=\"async\" width=\"150\" height=\"150\" src=\"https:\/\/www.radiopiu.net\/wordpress\/wp-content\/uploads\/2022\/05\/280278380_4887664224694550_5928367132616478132_n-150x150.jpg\" class=\"attachment-thumbnail size-thumbnail\" alt=\"\" \/><\/a>\n\t\t\t\t<\/dt><\/dl><dl class='gallery-item'>\n\t\t\t\t<dt class='gallery-icon portrait'>\n\t\t\t\t\t<a class=\"rollover rollover-zoom dt-pswp-item\" title=\"280112348_748122349673293_8313809075849741982_n\" data-dt-img-description=\"\" data-large_image_width=\"154\" data-large_image_height=\"225\"href='https:\/\/www.radiopiu.net\/wordpress\/wp-content\/uploads\/2022\/05\/280112348_748122349673293_8313809075849741982_n.jpg'><img loading=\"lazy\" decoding=\"async\" width=\"150\" height=\"150\" src=\"https:\/\/www.radiopiu.net\/wordpress\/wp-content\/uploads\/2022\/05\/280112348_748122349673293_8313809075849741982_n-150x150.jpg\" class=\"attachment-thumbnail size-thumbnail\" alt=\"\" \/><\/a>\n\t\t\t\t<\/dt><\/dl><dl class='gallery-item'>\n\t\t\t\t<dt class='gallery-icon portrait'>\n\t\t\t\t\t<a class=\"rollover rollover-zoom dt-pswp-item\" title=\"280049132_1066534927626508_417049582441460270_n\" data-dt-img-description=\"\" data-large_image_width=\"168\" data-large_image_height=\"201\"href='https:\/\/www.radiopiu.net\/wordpress\/wp-content\/uploads\/2022\/05\/280049132_1066534927626508_417049582441460270_n.jpg'><img loading=\"lazy\" decoding=\"async\" width=\"150\" height=\"150\" src=\"https:\/\/www.radiopiu.net\/wordpress\/wp-content\/uploads\/2022\/05\/280049132_1066534927626508_417049582441460270_n-150x150.jpg\" class=\"attachment-thumbnail size-thumbnail\" alt=\"\" \/><\/a>\n\t\t\t\t<\/dt><\/dl><dl class='gallery-item'>\n\t\t\t\t<dt class='gallery-icon portrait'>\n\t\t\t\t\t<a class=\"rollover rollover-zoom dt-pswp-item\" title=\"280032058_706852027131515_4632551738896098137_n\" data-dt-img-description=\"\" data-large_image_width=\"180\" data-large_image_height=\"206\"href='https:\/\/www.radiopiu.net\/wordpress\/wp-content\/uploads\/2022\/05\/280032058_706852027131515_4632551738896098137_n.jpg'><img loading=\"lazy\" decoding=\"async\" width=\"150\" height=\"150\" src=\"https:\/\/www.radiopiu.net\/wordpress\/wp-content\/uploads\/2022\/05\/280032058_706852027131515_4632551738896098137_n-150x150.jpg\" class=\"attachment-thumbnail size-thumbnail\" alt=\"\" \/><\/a>\n\t\t\t\t<\/dt><\/dl><br style=\"clear: both\" \/><dl class='gallery-item'>\n\t\t\t\t<dt class='gallery-icon landscape'>\n\t\t\t\t\t<a class=\"rollover rollover-zoom dt-pswp-item\" title=\"279918270_693493141914616_3941843324197730472_n\" data-dt-img-description=\"\" data-large_image_width=\"296\" data-large_image_height=\"202\"href='https:\/\/www.radiopiu.net\/wordpress\/wp-content\/uploads\/2022\/05\/279918270_693493141914616_3941843324197730472_n.jpg'><img loading=\"lazy\" decoding=\"async\" width=\"150\" height=\"150\" src=\"https:\/\/www.radiopiu.net\/wordpress\/wp-content\/uploads\/2022\/05\/279918270_693493141914616_3941843324197730472_n-150x150.jpg\" class=\"attachment-thumbnail size-thumbnail\" alt=\"\" \/><\/a>\n\t\t\t\t<\/dt><\/dl><dl class='gallery-item'>\n\t\t\t\t<dt class='gallery-icon landscape'>\n\t\t\t\t\t<a class=\"rollover rollover-zoom dt-pswp-item\" title=\"279912966_7395973580443917_8376260197162270116_n\" data-dt-img-description=\"\" data-large_image_width=\"292\" data-large_image_height=\"206\"href='https:\/\/www.radiopiu.net\/wordpress\/wp-content\/uploads\/2022\/05\/279912966_7395973580443917_8376260197162270116_n.jpg'><img loading=\"lazy\" decoding=\"async\" width=\"150\" height=\"150\" src=\"https:\/\/www.radiopiu.net\/wordpress\/wp-content\/uploads\/2022\/05\/279912966_7395973580443917_8376260197162270116_n-150x150.jpg\" class=\"attachment-thumbnail size-thumbnail\" alt=\"\" \/><\/a>\n\t\t\t\t<\/dt><\/dl><dl class='gallery-item'>\n\t\t\t\t<dt class='gallery-icon portrait'>\n\t\t\t\t\t<a class=\"rollover rollover-zoom dt-pswp-item\" title=\"279855617_679905669786503_5235056968501028402_n\" data-dt-img-description=\"\" data-large_image_width=\"158\" data-large_image_height=\"206\"href='https:\/\/www.radiopiu.net\/wordpress\/wp-content\/uploads\/2022\/05\/279855617_679905669786503_5235056968501028402_n.jpg'><img loading=\"lazy\" decoding=\"async\" width=\"150\" height=\"150\" src=\"https:\/\/www.radiopiu.net\/wordpress\/wp-content\/uploads\/2022\/05\/279855617_679905669786503_5235056968501028402_n-150x150.jpg\" class=\"attachment-thumbnail size-thumbnail\" alt=\"\" \/><\/a>\n\t\t\t\t<\/dt><\/dl><dl class='gallery-item'>\n\t\t\t\t<dt class='gallery-icon landscape'>\n\t\t\t\t\t<a class=\"rollover rollover-zoom dt-pswp-item\" title=\"279823888_332852855599824_8391627849541261493_n\" data-dt-img-description=\"\" data-large_image_width=\"280\" data-large_image_height=\"199\"href='https:\/\/www.radiopiu.net\/wordpress\/wp-content\/uploads\/2022\/05\/279823888_332852855599824_8391627849541261493_n.jpg'><img loading=\"lazy\" decoding=\"async\" width=\"150\" height=\"150\" src=\"https:\/\/www.radiopiu.net\/wordpress\/wp-content\/uploads\/2022\/05\/279823888_332852855599824_8391627849541261493_n-150x150.jpg\" class=\"attachment-thumbnail size-thumbnail\" alt=\"\" \/><\/a>\n\t\t\t\t<\/dt><\/dl><br style=\"clear: both\" \/>\n\t\t\t<\/div>\n\n<p>&nbsp;<\/p>\n<p>&nbsp;<\/p>\n<p>&nbsp;<\/p>\n<p>&nbsp;<\/p>\n<hr \/>\n<p>&nbsp;<\/p>\n<blockquote class=\"wp-embedded-content\" data-secret=\"zbppbUELiN\"><p><a href=\"https:\/\/www.radiopiu.net\/wordpress\/boa-di-conaggia-23-27-aprile-1888-parte-seconda\/\">BOA DI CONAGGIA 23-27 APRILE 1888 \u2013 PARTE SECONDA<\/a><\/p><\/blockquote>\n<p><iframe loading=\"lazy\" class=\"wp-embedded-content\" sandbox=\"allow-scripts\" security=\"restricted\" style=\"position: absolute; clip: rect(1px, 1px, 1px, 1px);\" title=\"&#8220;BOA DI CONAGGIA 23-27 APRILE 1888 \u2013 PARTE SECONDA&#8221; &#8212; Radio Pi\u00f9\" src=\"https:\/\/www.radiopiu.net\/wordpress\/boa-di-conaggia-23-27-aprile-1888-parte-seconda\/embed\/#?secret=CDWQsurQB4#?secret=zbppbUELiN\" data-secret=\"zbppbUELiN\" width=\"600\" height=\"338\" frameborder=\"0\" marginwidth=\"0\" marginheight=\"0\" scrolling=\"no\"><\/iframe><\/p>\n<p>&nbsp;<\/p>\n<hr \/>\n<p>&nbsp;<\/p>\n<h2><span style=\"color: #ff0000;\">IERI ALLA RADIO<\/span><\/h2>\n<h2><strong><a class=\"dt-pswp-item\" href=\"https:\/\/www.radiopiu.net\/wordpress\/wp-content\/uploads\/2022\/05\/1095383.png\" data-dt-img-description=\"\" data-large_image_width=\"1500\" data-large_image_height=\"932\"><img loading=\"lazy\" decoding=\"async\" class=\"alignleft wp-image-274701 \" src=\"https:\/\/www.radiopiu.net\/wordpress\/wp-content\/uploads\/2022\/05\/1095383-300x186.png\" alt=\"\" width=\"218\" height=\"135\" srcset=\"https:\/\/www.radiopiu.net\/wordpress\/wp-content\/uploads\/2022\/05\/1095383-300x186.png 300w, https:\/\/www.radiopiu.net\/wordpress\/wp-content\/uploads\/2022\/05\/1095383-1024x636.png 1024w, https:\/\/www.radiopiu.net\/wordpress\/wp-content\/uploads\/2022\/05\/1095383-768x477.png 768w, https:\/\/www.radiopiu.net\/wordpress\/wp-content\/uploads\/2022\/05\/1095383.png 1500w\" sizes=\"auto, (max-width: 218px) 100vw, 218px\" \/><\/a><span style=\"color: #33cccc;\">IL CENTENARIO DEL GRUPPO SPORTIVO FRASSENE&#8217; E PRIMI APPUNTAMENTI IN PROGRAMMA<\/span><\/strong><\/h2>\n<p><strong>di Claudio Fontanive<\/strong><\/p>\n<p>OSPITI: Yuri Parissenti e Sharon De Marco<\/p>\n<audio class=\"wp-audio-shortcode\" id=\"audio-274651-4\" preload=\"none\" style=\"width: 100%;\" controls=\"controls\"><source type=\"audio\/mpeg\" src=\"https:\/\/www.radiopiu.net\/wordpress\/wp-content\/uploads\/2022\/05\/yuri-parissenti-sharon-9-maggio.mp3?_=4\" \/><a href=\"https:\/\/www.radiopiu.net\/wordpress\/wp-content\/uploads\/2022\/05\/yuri-parissenti-sharon-9-maggio.mp3\">https:\/\/www.radiopiu.net\/wordpress\/wp-content\/uploads\/2022\/05\/yuri-parissenti-sharon-9-maggio.mp3<\/a><\/audio>\n<p>&nbsp;<\/p>\n<hr \/>\n<p>&nbsp;<\/p>\n<h2><span style=\"color: #008080;\">SALUTE &amp; SOCIETA&#8217;<\/span><\/h2>\n<p><strong><a class=\"dt-pswp-item\" href=\"https:\/\/www.radiopiu.net\/wordpress\/wp-content\/uploads\/2022\/05\/3bf57725-e097-6d85-bd11-c61f5599cb07.jpg\" data-dt-img-description=\"\" data-large_image_width=\"800\" data-large_image_height=\"445\"><img loading=\"lazy\" decoding=\"async\" class=\"size-thumbnail wp-image-274697 alignleft\" src=\"https:\/\/www.radiopiu.net\/wordpress\/wp-content\/uploads\/2022\/05\/3bf57725-e097-6d85-bd11-c61f5599cb07-150x150.jpg\" alt=\"\" width=\"150\" height=\"150\" \/><\/a>PUNTATA DEL 09 MAGGIO 2022<\/strong><\/p>\n<p><strong>La voce della pelle <\/strong>La dermatite atopica \u00e8 una malattia cronica della pelle che colpisce il 20-30% dei bambini, circa 1 milione in tutta Italia.<br \/>\nAl via la campagna \u201cLa voce della pelle\u201d per sensibilizzare e fornire strategie mirate adatte al trattamento della dermatite atopica attraverso una serie di podcast in dieci puntate su Spotify. <strong>Sclerosi multipla recidivante remittente <\/strong>L&#8217;Agenzia Italiana del Farmaco (AIFA) ha dato il via libera alla rimborsabilit\u00e0 di ofatumumab, primo trattamento domiciliare per via sottocutanea e mirato alle cellule B, indicato per adulti con sclerosi multipla recidivante remittente. Ofatumumab ha dimostrato una elevata efficacia e un meccanismo specifico su una popolazione di linfociti, i linfociti B, importanti per la patogenesi della sclerosi multipla.<\/p>\n<audio class=\"wp-audio-shortcode\" id=\"audio-274651-5\" preload=\"none\" style=\"width: 100%;\" controls=\"controls\"><source type=\"audio\/mpeg\" src=\"https:\/\/www.radiopiu.net\/wordpress\/wp-content\/uploads\/2022\/05\/SALUTE.mp3?_=5\" \/><a href=\"https:\/\/www.radiopiu.net\/wordpress\/wp-content\/uploads\/2022\/05\/SALUTE.mp3\">https:\/\/www.radiopiu.net\/wordpress\/wp-content\/uploads\/2022\/05\/SALUTE.mp3<\/a><\/audio>\n<p>&nbsp;<\/p>\n<p><strong>LA RACCOLTA<\/strong><\/p>\n<blockquote class=\"wp-embedded-content\" data-secret=\"abA64U41N5\"><p><a href=\"https:\/\/www.radiopiu.net\/wordpress\/saluteesocieta\/\">Salute e Societ\u00e0<\/a><\/p><\/blockquote>\n<p><iframe loading=\"lazy\" class=\"wp-embedded-content\" sandbox=\"allow-scripts\" security=\"restricted\" style=\"position: absolute; clip: rect(1px, 1px, 1px, 1px);\" title=\"&#8220;Salute e Societ\u00e0&#8221; &#8212; Radio Pi\u00f9\" src=\"https:\/\/www.radiopiu.net\/wordpress\/saluteesocieta\/embed\/#?secret=oUsWVXsBX2#?secret=abA64U41N5\" data-secret=\"abA64U41N5\" width=\"600\" height=\"338\" frameborder=\"0\" marginwidth=\"0\" marginheight=\"0\" scrolling=\"no\"><\/iframe><\/p>\n<p>&nbsp;<\/p>\n<hr \/>\n<p>&nbsp;<\/p>\n<h2><span style=\"color: #008080;\">GIROVAGANDO IN E-BIKE 2022<\/span><\/h2>\n<p><strong>LA RACCOLTA<\/strong><\/p>\n<blockquote class=\"wp-embedded-content\" data-secret=\"B5B44q7vKY\"><p><a href=\"https:\/\/www.radiopiu.net\/wordpress\/girovagando-in-e-bike-tra-le-dolomiti\/\">GIROVAGANDO IN E BIKE TRA LE DOLOMITI<\/a><\/p><\/blockquote>\n<p><iframe loading=\"lazy\" class=\"wp-embedded-content\" sandbox=\"allow-scripts\" security=\"restricted\" style=\"position: absolute; clip: rect(1px, 1px, 1px, 1px);\" title=\"&#8220;GIROVAGANDO IN E BIKE TRA LE DOLOMITI&#8221; &#8212; Radio Pi\u00f9\" src=\"https:\/\/www.radiopiu.net\/wordpress\/girovagando-in-e-bike-tra-le-dolomiti\/embed\/#?secret=9jaZgrSkYa#?secret=B5B44q7vKY\" data-secret=\"B5B44q7vKY\" width=\"600\" height=\"338\" frameborder=\"0\" marginwidth=\"0\" marginheight=\"0\" scrolling=\"no\"><\/iframe><\/p>\n<p>&nbsp;<\/p>\n<hr \/>\n<p>&nbsp;<\/p>\n<h3><a class=\"dt-pswp-item\" href=\"https:\/\/www.radiopiu.net\/wordpress\/wp-content\/uploads\/2022\/05\/WhatsApp-Image-2022-04-27-at-18.34.32.jpeg\" data-dt-img-description=\"\" data-large_image_width=\"900\" data-large_image_height=\"500\"><img loading=\"lazy\" decoding=\"async\" class=\" wp-image-273794 alignleft\" src=\"https:\/\/www.radiopiu.net\/wordpress\/wp-content\/uploads\/2022\/05\/WhatsApp-Image-2022-04-27-at-18.34.32-150x150.jpeg\" alt=\"\" width=\"150\" height=\"150\" \/><\/a>CONOSCIAMO I NOSTRI GIOVANI E I LORO IMPEGNI NEL MONDO, CON IL MUSLA<\/h3>\n<p>BEATRICE COLCUC DI COLLE SANTA LUCIA<\/p>\n<p><strong>intervista di Davide Condera\u00a0<\/strong><\/p>\n<audio class=\"wp-audio-shortcode\" id=\"audio-274651-6\" preload=\"none\" style=\"width: 100%;\" controls=\"controls\"><source type=\"audio\/mpeg\" src=\"https:\/\/www.radiopiu.net\/wordpress\/wp-content\/uploads\/2022\/05\/MUSLA-1-BETRICE.mp3?_=6\" \/><a href=\"https:\/\/www.radiopiu.net\/wordpress\/wp-content\/uploads\/2022\/05\/MUSLA-1-BETRICE.mp3\">https:\/\/www.radiopiu.net\/wordpress\/wp-content\/uploads\/2022\/05\/MUSLA-1-BETRICE.mp3<\/a><\/audio>\n<p>&nbsp;<\/p>\n<p><strong>LA RACCOLTA COMPLETA<\/strong><\/p>\n<blockquote class=\"wp-embedded-content\" data-secret=\"kLrfxdMEBx\"><p><a href=\"https:\/\/www.radiopiu.net\/wordpress\/agora-agordina-la-nosta-piaza\/\">AGORA&#8217; AGORDINA&#8230; LA NOSTA PIAZA LADINA RACCOLTA COMPLETA PRIMA STAGIONE<\/a><\/p><\/blockquote>\n<p><iframe loading=\"lazy\" class=\"wp-embedded-content\" sandbox=\"allow-scripts\" security=\"restricted\" style=\"position: absolute; clip: rect(1px, 1px, 1px, 1px);\" title=\"&#8220;AGORA&#8217; AGORDINA&#8230; LA NOSTA PIAZA LADINA RACCOLTA COMPLETA PRIMA STAGIONE&#8221; &#8212; Radio Pi\u00f9\" src=\"https:\/\/www.radiopiu.net\/wordpress\/agora-agordina-la-nosta-piaza\/embed\/#?secret=IRtVHzNj0g#?secret=kLrfxdMEBx\" data-secret=\"kLrfxdMEBx\" width=\"600\" height=\"338\" frameborder=\"0\" marginwidth=\"0\" marginheight=\"0\" scrolling=\"no\"><\/iframe><\/p>\n<p>&nbsp;<\/p>\n<p>&nbsp;<\/p>\n<hr \/>\n<p>&nbsp;<\/p>\n<h2><span style=\"color: #ff00ff;\">007 IN CONDOTTA CON LA PROF. MARIA ROSA SALMAZO<\/span><\/h2>\n<p><strong>PUNTATA DEL 09 MAGGIO 2022<\/strong><\/p>\n<audio class=\"wp-audio-shortcode\" id=\"audio-274651-7\" preload=\"none\" style=\"width: 100%;\" controls=\"controls\"><source type=\"audio\/mpeg\" src=\"https:\/\/www.radiopiu.net\/wordpress\/wp-content\/uploads\/2022\/05\/007-9-maggio.mp3?_=7\" \/><a href=\"https:\/\/www.radiopiu.net\/wordpress\/wp-content\/uploads\/2022\/05\/007-9-maggio.mp3\">https:\/\/www.radiopiu.net\/wordpress\/wp-content\/uploads\/2022\/05\/007-9-maggio.mp3<\/a><\/audio>\n<p>&nbsp;<\/p>\n<h3 class=\"kvgmc6g5 cxmmr5t8 oygrvhab hcukyx3x c1et5uql\"><span style=\"color: #0000ff;\"><strong>INFORMAZIONE il canale su TELEGRAM informazione di prima mano e in tempo reale. iscriviti ed aiutaci a farlo conoscere\u00a0 \u00a0<\/strong><\/span><\/h3>\n<p><strong>LA RACCOLTA COMPLETA\u00a0<\/strong><\/p>\n<blockquote class=\"wp-embedded-content\" data-secret=\"aDktVxwXsf\"><p><a href=\"https:\/\/www.radiopiu.net\/wordpress\/007incondotta-9\/\">007 in condotta<\/a><\/p><\/blockquote>\n<p><iframe loading=\"lazy\" class=\"wp-embedded-content\" sandbox=\"allow-scripts\" security=\"restricted\" style=\"position: absolute; clip: rect(1px, 1px, 1px, 1px);\" title=\"&#8220;007 in condotta&#8221; &#8212; Radio Pi\u00f9\" src=\"https:\/\/www.radiopiu.net\/wordpress\/007incondotta-9\/embed\/#?secret=6axpkynVIU#?secret=aDktVxwXsf\" data-secret=\"aDktVxwXsf\" width=\"600\" height=\"338\" frameborder=\"0\" marginwidth=\"0\" marginheight=\"0\" scrolling=\"no\"><\/iframe><\/p>\n<p>&nbsp;<\/p>\n<p>&nbsp;<\/p>\n<hr \/>\n<p>&nbsp;<\/p>\n<h2><span style=\"color: #800080;\">STORIE A QUATTROCCHI\u00a0<\/span><\/h2>\n<p><strong>LA RACCOLTA COMPLETA<\/strong><\/p>\n<blockquote class=\"wp-embedded-content\" data-secret=\"LPLTwG0SnF\"><p><a href=\"https:\/\/www.radiopiu.net\/wordpress\/storie-a-quattrocchi\/\">Storie a quattrocchi<\/a><\/p><\/blockquote>\n<p><iframe loading=\"lazy\" class=\"wp-embedded-content\" sandbox=\"allow-scripts\" security=\"restricted\" style=\"position: absolute; clip: rect(1px, 1px, 1px, 1px);\" title=\"&#8220;Storie a quattrocchi&#8221; &#8212; Radio Pi\u00f9\" src=\"https:\/\/www.radiopiu.net\/wordpress\/storie-a-quattrocchi\/embed\/#?secret=cg60zcofVc#?secret=LPLTwG0SnF\" data-secret=\"LPLTwG0SnF\" width=\"600\" height=\"338\" frameborder=\"0\" marginwidth=\"0\" marginheight=\"0\" scrolling=\"no\"><\/iframe><\/p>\n<p>&nbsp;<\/p>\n<hr \/>\n<p>&nbsp;<\/p>\n<h2><span style=\"color: #008080;\">&#8220;DINTORN E FORA VIA&#8221; A CURA DEL MUSLA, IL NUOVO PROGRAMMA\u00a0<\/span><\/h2>\n<p><strong>LA RACCOLTA COMPLETA<\/strong><\/p>\n<blockquote class=\"wp-embedded-content\" data-secret=\"ftCgIYzi4u\"><p><a href=\"https:\/\/www.radiopiu.net\/wordpress\/musla\/\">MUSLA<\/a><\/p><\/blockquote>\n<p><iframe loading=\"lazy\" class=\"wp-embedded-content\" sandbox=\"allow-scripts\" security=\"restricted\" style=\"position: absolute; clip: rect(1px, 1px, 1px, 1px);\" title=\"&#8220;MUSLA&#8221; &#8212; Radio Pi\u00f9\" src=\"https:\/\/www.radiopiu.net\/wordpress\/musla\/embed\/#?secret=wReOgkjKXc#?secret=ftCgIYzi4u\" data-secret=\"ftCgIYzi4u\" width=\"600\" height=\"338\" frameborder=\"0\" marginwidth=\"0\" marginheight=\"0\" scrolling=\"no\"><\/iframe><\/p>\n<p>&nbsp;<\/p>\n<p>&nbsp;<\/p>\n<hr \/>\n<p>&nbsp;<\/p>\n<blockquote>\n<h3>\u00a0LA RELIQUIA DI SAN NICOLA A VILLA DI VILLA<\/h3>\n<\/blockquote>\n<p><strong>BORGO VALBELLUNA\u00a0<\/strong> La parrocchia di San Nicolo&#8217; di Villa di Villa accoglie la reliquia del Santo, sabato in piazza alle 17 con la banda di Lentiai. Domenica alle 10 la messa, martedi 17 maggio alle 20.30 conferenza della professoressa Miriam Curti e canti del coro Francesco Sandi. Sabato 21 maggio alle 17.30 messa e passeggiata dei campanelli, conclusione con pastasciutta condivisa. Domenica 22 maggio messa, mercoledi 25 alle 20.30 messa animata e sabato 28 maggio saluto alla reliquia che si potr\u00e0 venerare tutti i giorni dalle 9 alle 10 e dalle 17.30 alle 18.30<\/p>\n<p>&nbsp;<\/p>\n<hr \/>\n<p>&nbsp;<\/p>\n<div>\n<div class=\"b654a4as d2edcug0\">\n<div class=\"rq0escxv hkbzh7o3 jwdofwj8 n8tt0mok r8blr3vg hyh9befq\">\n<p><a class=\"dt-pswp-item\" href=\"https:\/\/www.radiopiu.net\/wordpress\/wp-content\/uploads\/2020\/10\/pp.jpg\" data-dt-img-description=\"\" data-large_image_width=\"640\" data-large_image_height=\"640\"><img loading=\"lazy\" decoding=\"async\" class=\"wp-image-163678 alignleft\" src=\"https:\/\/www.radiopiu.net\/wordpress\/wp-content\/uploads\/2020\/10\/pp-300x300.jpg\" alt=\"\" width=\"106\" height=\"106\" srcset=\"https:\/\/www.radiopiu.net\/wordpress\/wp-content\/uploads\/2020\/10\/pp-300x300.jpg 300w, https:\/\/www.radiopiu.net\/wordpress\/wp-content\/uploads\/2020\/10\/pp-150x150.jpg 150w, https:\/\/www.radiopiu.net\/wordpress\/wp-content\/uploads\/2020\/10\/pp-125x125.jpg 125w, https:\/\/www.radiopiu.net\/wordpress\/wp-content\/uploads\/2020\/10\/pp-200x200.jpg 200w, https:\/\/www.radiopiu.net\/wordpress\/wp-content\/uploads\/2020\/10\/pp-80x80.jpg 80w, https:\/\/www.radiopiu.net\/wordpress\/wp-content\/uploads\/2020\/10\/pp-480x480.jpg 480w, https:\/\/www.radiopiu.net\/wordpress\/wp-content\/uploads\/2020\/10\/pp.jpg 640w\" sizes=\"auto, (max-width: 106px) 100vw, 106px\" \/><\/a><\/p>\n<\/div>\n<\/div>\n<\/div>\n<div>\n<div class=\"page-title-head hgroup\">\n<div class=\"page-title-head hgroup\">\n<div class=\"b654a4as d2edcug0\">\n<div class=\"j83agx80 btwxx1t3 lhclo0ds hop8lmos nkwizq5d scwd0bx6 roh60bw9\">\n<div class=\"rq0escxv hkbzh7o3 jwdofwj8 n8tt0mok r8blr3vg hyh9befq\">\n<div class=\"do00u71z l9j0dhe7 k4urcfbm\">\n<h2><span style=\"color: #000080;\">DON CESARE, IL PENSIERO DEL GIORNO. ALLA RADIO ALLE 7 DEL MATTINO E ALLE 19.30 DELLA SERA.\u00a0<\/span><\/h2>\n<audio class=\"wp-audio-shortcode\" id=\"audio-274651-8\" preload=\"none\" style=\"width: 100%;\" controls=\"controls\"><source type=\"audio\/mpeg\" src=\"https:\/\/www.radiopiu.net\/wordpress\/wp-content\/uploads\/2022\/05\/cesare-5.mp3?_=8\" \/><a href=\"https:\/\/www.radiopiu.net\/wordpress\/wp-content\/uploads\/2022\/05\/cesare-5.mp3\">https:\/\/www.radiopiu.net\/wordpress\/wp-content\/uploads\/2022\/05\/cesare-5.mp3<\/a><\/audio>\n<\/div>\n<\/div>\n<\/div>\n<\/div>\n<\/div>\n<\/div>\n<\/div>\n<p>&nbsp;<\/p>\n<p>&nbsp;<\/p>\n<hr \/>\n<p>&nbsp;<\/p>\n<p>&nbsp;<\/p>\n<blockquote class=\"wp-embedded-content\" data-secret=\"Z0UaKOMsKx\"><p><a href=\"https:\/\/www.radiopiu.net\/wordpress\/39annimaggioa09a\/\">39 ANNI DI RADIO&#8230; &#8220;GLI ANGELI DELLA MONTAGNA&#8217;&#8221;<\/a><\/p><\/blockquote>\n<p><iframe loading=\"lazy\" class=\"wp-embedded-content\" sandbox=\"allow-scripts\" security=\"restricted\" style=\"position: absolute; clip: rect(1px, 1px, 1px, 1px);\" title=\"&#8220;39 ANNI DI RADIO&#8230; &#8220;GLI ANGELI DELLA MONTAGNA&#039;&#8221;&#8221; &#8212; Radio Pi\u00f9\" src=\"https:\/\/www.radiopiu.net\/wordpress\/39annimaggioa09a\/embed\/#?secret=zWroQ2ZuDI#?secret=Z0UaKOMsKx\" data-secret=\"Z0UaKOMsKx\" width=\"600\" height=\"338\" frameborder=\"0\" marginwidth=\"0\" marginheight=\"0\" scrolling=\"no\"><\/iframe><\/p>\n<p>&nbsp;<\/p>\n<hr \/>\n<p>&nbsp;<\/p>\n<div class=\"do00u71z l9j0dhe7 k4urcfbm\">\n<div class=\"page-title-head hgroup\">\n<div class=\"page-title-head hgroup\">\n<div class=\"b654a4as d2edcug0\">\n<div class=\"j83agx80 btwxx1t3 lhclo0ds hop8lmos nkwizq5d scwd0bx6 roh60bw9\">\n<div class=\"rq0escxv hkbzh7o3 jwdofwj8 n8tt0mok r8blr3vg hyh9befq\">\n<div class=\"do00u71z l9j0dhe7 k4urcfbm\">\n<div class=\"page-title-head hgroup\">\n<div class=\"page-title-head hgroup\">\n<div class=\"b654a4as d2edcug0\">\n<div class=\"j83agx80 btwxx1t3 lhclo0ds hop8lmos nkwizq5d scwd0bx6 roh60bw9\">\n<div class=\"rq0escxv hkbzh7o3 jwdofwj8 n8tt0mok r8blr3vg hyh9befq\">\n<div class=\"do00u71z l9j0dhe7 k4urcfbm\">\n<div class=\"ecm0bbzt e5nlhep0 a8c37x1j\">\n<div class=\"kvgmc6g5 cxmmr5t8 oygrvhab hcukyx3x c1et5uql\">\n<div class=\"gmail-kvgmc6g5 gmail-cxmmr5t8 gmail-oygrvhab gmail-hcukyx3x gmail-c1et5uql gmail-ii04i59q\">\n<div class=\"page-title-head hgroup\">\n<div class=\"page-title-head hgroup\">\n<div class=\"b654a4as d2edcug0\">\n<div class=\"j83agx80 btwxx1t3 lhclo0ds hop8lmos nkwizq5d scwd0bx6 roh60bw9\">\n<div class=\"rq0escxv hkbzh7o3 jwdofwj8 n8tt0mok r8blr3vg hyh9befq\">\n<div class=\"do00u71z l9j0dhe7 k4urcfbm\">\n<div class=\"page-title-head hgroup\">\n<div class=\"page-title-head hgroup\">\n<div class=\"b654a4as d2edcug0\">\n<div class=\"j83agx80 btwxx1t3 lhclo0ds hop8lmos nkwizq5d scwd0bx6 roh60bw9\">\n<div class=\"rq0escxv hkbzh7o3 jwdofwj8 n8tt0mok r8blr3vg hyh9befq\">\n<div class=\"do00u71z l9j0dhe7 k4urcfbm\">\n<div class=\"page-title-head hgroup\">\n<div class=\"page-title-head hgroup\">\n<div class=\"b654a4as d2edcug0\">\n<div class=\"j83agx80 btwxx1t3 lhclo0ds hop8lmos nkwizq5d scwd0bx6 roh60bw9\">\n<div class=\"rq0escxv hkbzh7o3 jwdofwj8 n8tt0mok r8blr3vg hyh9befq\">\n<div class=\"do00u71z l9j0dhe7 k4urcfbm\">\n<div class=\"ecm0bbzt e5nlhep0 a8c37x1j\">\n<div class=\"kvgmc6g5 cxmmr5t8 oygrvhab hcukyx3x c1et5uql\">\n<div class=\"gmail-kvgmc6g5 gmail-cxmmr5t8 gmail-oygrvhab gmail-hcukyx3x gmail-c1et5uql gmail-ii04i59q\">\n<div class=\"page-title-head hgroup\">\n<div class=\"page-title-head hgroup\">\n<div class=\"b654a4as d2edcug0\">\n<div class=\"j83agx80 btwxx1t3 lhclo0ds hop8lmos nkwizq5d scwd0bx6 roh60bw9\">\n<div class=\"rq0escxv hkbzh7o3 jwdofwj8 n8tt0mok r8blr3vg hyh9befq\">\n<div class=\"do00u71z l9j0dhe7 k4urcfbm\">\n<blockquote>\n<h3><span style=\"color: #ff0000;\">IN VIVO VERSO, SETTIMA STAGIONE CON BRUNELLA MORO, DAL LUNEDI AL VENERDI ALLE 7.10, 10.10\u00a0<\/span><\/h3>\n<div dir=\"auto\">Si conclude la settima stagione di In Vivo Verso che ha dato voce nelle 27 puntata 2021-22 a 135 poeti. A Brunella va il grazie della RADIOPIU per aver saputo condurre un programma importante nel palisesto della radio. Un impegno notevole, per la ricerca, preparazione, scelta delle musiche, delle immagini dando mai nulla per scontato. Fin dall&#8217;inizio avevo intuito che era il programma giusto per la RADIOPIU ma soprattutto che la conduttrice era quella giusta perch\u00e9 grande conoscitrice del mondo radiofonico, delle sue sfumature ed emozioni che sa creare. Oggi posso dire che l&#8217;intuizione era consona e precisa anche se dettata da un conflitto di interesse. Grazie Brunella per l&#8217;immenso lavoro, con orgoglio conserviamo nella Biblioteca della radio questa montagna di emozioni<\/div>\n<\/blockquote>\n<h3>RIASCOLTIAMOLE, STAGIONE 2019_2020 di FRANCESCO ZANARINI &#8220;OCCHI&#8221;<\/h3>\n<p><strong>audio<\/strong><\/p>\n<audio class=\"wp-audio-shortcode\" id=\"audio-274651-9\" preload=\"none\" style=\"width: 100%;\" controls=\"controls\"><source type=\"audio\/mpeg\" src=\"https:\/\/www.radiopiu.net\/wordpress\/wp-content\/uploads\/2022\/05\/VIVO-VERSO-LUN.mp3?_=9\" \/><a href=\"https:\/\/www.radiopiu.net\/wordpress\/wp-content\/uploads\/2022\/05\/VIVO-VERSO-LUN.mp3\">https:\/\/www.radiopiu.net\/wordpress\/wp-content\/uploads\/2022\/05\/VIVO-VERSO-LUN.mp3<\/a><\/audio>\n<p><img loading=\"lazy\" decoding=\"async\" class=\"\" src=\"https:\/\/www.radiopiu.net\/wordpress\/wp-content\/uploads\/2019\/04\/FOTO-X-SITO-ZANARINI.jpg\" width=\"164\" height=\"163\" \/><\/p>\n<p>&nbsp;<\/p>\n<p><strong>LA RACCOLTA COMPLETA<\/strong><\/p>\n<blockquote class=\"wp-embedded-content\" data-secret=\"Lsv7Ilz41Z\"><p><a href=\"https:\/\/www.radiopiu.net\/wordpress\/in-vivo-verso\/\">In Vivo Verso<\/a><\/p><\/blockquote>\n<p><iframe loading=\"lazy\" class=\"wp-embedded-content\" sandbox=\"allow-scripts\" security=\"restricted\" style=\"position: absolute; clip: rect(1px, 1px, 1px, 1px);\" title=\"&#8220;In Vivo Verso&#8221; &#8212; Radio Pi\u00f9\" src=\"https:\/\/www.radiopiu.net\/wordpress\/in-vivo-verso\/embed\/#?secret=KgCkEApuVA#?secret=Lsv7Ilz41Z\" data-secret=\"Lsv7Ilz41Z\" width=\"600\" height=\"338\" frameborder=\"0\" marginwidth=\"0\" marginheight=\"0\" scrolling=\"no\"><\/iframe><\/p>\n<p>&nbsp;<\/p>\n<hr \/>\n<p>&nbsp;<\/p>\n<h3 class=\"entry-title\"><span style=\"color: #ff0000;\"><a href=\"https:\/\/www.radiopiu.net\/wordpress\/wp-content\/uploads\/2022\/04\/bustos-756620__340.webp\"><img loading=\"lazy\" decoding=\"async\" class=\" wp-image-271808 alignleft\" src=\"https:\/\/www.radiopiu.net\/wordpress\/wp-content\/uploads\/2022\/04\/bustos-756620__340-150x150.webp\" alt=\"\" width=\"94\" height=\"94\" \/><\/a>GOCCE DI FILOSOFIA PUNTATA 196 &#8211; LISA DE LUCA<\/span><\/h3>\n<p><strong>AUDIO<\/strong><\/p>\n<audio class=\"wp-audio-shortcode\" id=\"audio-274651-10\" preload=\"none\" style=\"width: 100%;\" controls=\"controls\"><source type=\"audio\/mpeg\" src=\"https:\/\/www.radiopiu.net\/wordpress\/wp-content\/uploads\/2022\/05\/FI1-1.mp3?_=10\" \/><a href=\"https:\/\/www.radiopiu.net\/wordpress\/wp-content\/uploads\/2022\/05\/FI1-1.mp3\">https:\/\/www.radiopiu.net\/wordpress\/wp-content\/uploads\/2022\/05\/FI1-1.mp3<\/a><\/audio>\n<p>&nbsp;<\/p>\n<p><strong>\u00a0<\/strong><strong>LA RACCOLTA COMPLETA<\/strong><\/p>\n<blockquote class=\"wp-embedded-content\" data-secret=\"JpnMfh0rEm\"><p><a href=\"https:\/\/www.radiopiu.net\/wordpress\/gocce-filosofia\/\">Gocce di filosofia, PRIMA E SECONDA STAGIONE 2022<\/a><\/p><\/blockquote>\n<p><iframe loading=\"lazy\" class=\"wp-embedded-content\" sandbox=\"allow-scripts\" security=\"restricted\" style=\"position: absolute; clip: rect(1px, 1px, 1px, 1px);\" title=\"&#8220;Gocce di filosofia, PRIMA E SECONDA STAGIONE 2022&#8221; &#8212; Radio Pi\u00f9\" src=\"https:\/\/www.radiopiu.net\/wordpress\/gocce-filosofia\/embed\/#?secret=gJ4GCwGmvZ#?secret=JpnMfh0rEm\" data-secret=\"JpnMfh0rEm\" width=\"600\" height=\"338\" frameborder=\"0\" marginwidth=\"0\" marginheight=\"0\" scrolling=\"no\"><\/iframe><\/p>\n<p>&nbsp;<\/p>\n<hr \/>\n<p>&nbsp;<\/p>\n<p><span style=\"color: #0000ff;\">MUSICA PIU&#8217;\u00a0<\/span><\/p>\n<p><a href=\"https:\/\/www.radiopiu.net\/wordpress\/giornale-radiopiu-20-settembre-2021-direttore-mirko-mezzacasa\/pp-79\/\" rel=\"attachment wp-att-232921\"><img loading=\"lazy\" decoding=\"async\" class=\"wp-image-232921 alignleft\" src=\"https:\/\/www.radiopiu.net\/wordpress\/wp-content\/uploads\/2021\/09\/pp-1-300x300.jpg\" alt=\"\" width=\"135\" height=\"135\" srcset=\"https:\/\/www.radiopiu.net\/wordpress\/wp-content\/uploads\/2021\/09\/pp-1-300x300.jpg 300w, https:\/\/www.radiopiu.net\/wordpress\/wp-content\/uploads\/2021\/09\/pp-1-150x150.jpg 150w, https:\/\/www.radiopiu.net\/wordpress\/wp-content\/uploads\/2021\/09\/pp-1.jpg 640w\" sizes=\"auto, (max-width: 135px) 100vw, 135px\" \/><\/a><\/p>\n<div class=\"mkdf-post-text\">\n<div class=\"mkdf-post-text-inner\">\n<div class=\"mkdf-post-text-main\">\n<div class=\"mkdf-post-text\">\n<div class=\"mkdf-post-text-inner\">\n<div class=\"mkdf-post-text-main\">\n<div class=\"mkdf-post-text\">\n<div class=\"mkdf-post-text-inner\">\n<div class=\"mkdf-post-text-main\">\n<div class=\"page-title-head hgroup\">\n<div class=\"page-title-head hgroup\">\n<div class=\"mkdf-post-text\">\n<div class=\"mkdf-post-text-inner\">\n<div class=\"mkdf-post-text-main\">\n<div class=\"mkdf-post-text\">\n<div class=\"mkdf-post-text-inner\">\n<div class=\"mkdf-post-text-main\">\n<div class=\"page-title-head hgroup\">\n<div class=\"page-title-head hgroup\">\n<div class=\"page-title-head hgroup\">\n<div class=\"page-title-head hgroup\">\n<div class=\"b654a4as d2edcug0\">\n<div class=\"page-title-head hgroup\">\n<div class=\"page-title-head hgroup\">\n<div class=\"page-title-head hgroup\">\n<div class=\"page-title-head hgroup\">\n<div class=\"b654a4as d2edcug0\">\n<div class=\"page-title-head hgroup\">\n<div class=\"page-title-head hgroup\">\n<div class=\"page-title-head hgroup\">\n<div class=\"page-title-head hgroup\">\n<div class=\"b654a4as d2edcug0\">\n<div class=\"mkdf-post-text\">\n<div class=\"mkdf-post-text-inner\">\n<div class=\"mkdf-post-text-main\">\n<div class=\"mkdf-post-text\">\n<div class=\"mkdf-post-text-inner\">\n<div class=\"mkdf-post-text-main\">\n<div class=\"mkdf-post-text\">\n<div class=\"mkdf-post-text-inner\">\n<div class=\"mkdf-post-text-main\">\n<div class=\"page-title-head hgroup\">\n<div class=\"page-title-head hgroup\">\n<div class=\"mkdf-post-text\">\n<div class=\"mkdf-post-text-inner\">\n<div class=\"mkdf-post-text-main\">\n<div class=\"mkdf-post-text\">\n<div class=\"mkdf-post-text-inner\">\n<div class=\"mkdf-post-text-main\">\n<div class=\"page-title-head hgroup\">\n<div class=\"page-title-head hgroup\">\n<div class=\"page-title-head hgroup\">\n<div class=\"page-title-head hgroup\">\n<div class=\"b654a4as d2edcug0\">\n<div class=\"page-title-head hgroup\">\n<div class=\"page-title-head hgroup\">\n<div class=\"page-title-head hgroup\">\n<div class=\"page-title-head hgroup\">\n<div class=\"b654a4as d2edcug0\">\n<div class=\"page-title-head hgroup\">\n<div class=\"page-title-head hgroup\">\n<div class=\"page-title-head hgroup\">\n<div class=\"page-title-head hgroup\">\n<div class=\"b654a4as d2edcug0\">\n<div><\/div>\n<div><\/div>\n<div>\n<p><strong>MUSICA ALLA RADIO, IL PROGRAMMA DI LORIS SCUSSEL &#8220;COLLAGE OPERAZIONE NOSTALGIA&#8221; DAL LUNEDI AL VENERDI ALLE 16.00\u00a0 E ALLE 23\u00a0<\/strong><\/p>\n<p>&nbsp;<\/p>\n<\/div>\n<p>PUNTATA 601 DEL 09 MAGGIO 2022<\/p>\n<audio class=\"wp-audio-shortcode\" id=\"audio-274651-11\" preload=\"none\" style=\"width: 100%;\" controls=\"controls\"><source type=\"audio\/mpeg\" src=\"https:\/\/www.radiopiu.net\/wordpress\/wp-content\/uploads\/2022\/05\/Collage-601.mp3?_=11\" \/><a href=\"https:\/\/www.radiopiu.net\/wordpress\/wp-content\/uploads\/2022\/05\/Collage-601.mp3\">https:\/\/www.radiopiu.net\/wordpress\/wp-content\/uploads\/2022\/05\/Collage-601.mp3<\/a><\/audio>\n<p>&nbsp;<\/p>\n<p><strong><a class=\"dt-pswp-item\" href=\"https:\/\/www.radiopiu.net\/wordpress\/wp-content\/uploads\/2022\/05\/Rolling-Stones.jpg\" data-dt-img-description=\"\" data-large_image_width=\"592\" data-large_image_height=\"599\"><img loading=\"lazy\" decoding=\"async\" class=\"size-thumbnail wp-image-274487 alignleft\" src=\"https:\/\/www.radiopiu.net\/wordpress\/wp-content\/uploads\/2022\/05\/Rolling-Stones-150x150.jpg\" alt=\"\" width=\"150\" height=\"150\" \/><\/a>di Loris Scussel<\/strong><\/p>\n<p>Luned\u00ec Collage punter\u00e0 il dito contro l\u2019attuale utilizzo smodato di termini inglesi nella nostra lingua proponendo una serie di canzoni in italiano eseguite da artisti del calibro di Stevie Wonder, Mick Jagger con i Rolling Stones e Louis Armstrong. La scaletta di marted\u00ec sar\u00e0 incentrata sulla musica che arriva da oltre oceano, mercoled\u00ec canzoni anni 60, gioved\u00ec proporremo una selezione di successi internazionali per arrivare a venerd\u00ec dove ascolteremo alcuni brani reinterpretati da artisti di casa nostra. Collage va in onda dal luned\u00ec al venerd\u00ec alle 16,00 e alle 23,00 naturalmente su Radiopi\u00f9.<\/p>\n<p>&nbsp;<\/p>\n<p>&nbsp;<\/p>\n<hr \/>\n<p>&nbsp;<\/p>\n<h2><span style=\"color: #0000ff;\">SALUTE &amp; SOCIETA&#8217;\u00a0\u00a0<\/span><\/h2>\n<p><strong>LA RACCOLTA COMPLETA<\/strong><\/p>\n<blockquote class=\"wp-embedded-content\" data-secret=\"abA64U41N5\"><p><a href=\"https:\/\/www.radiopiu.net\/wordpress\/saluteesocieta\/\">Salute e Societ\u00e0<\/a><\/p><\/blockquote>\n<p><iframe loading=\"lazy\" class=\"wp-embedded-content\" sandbox=\"allow-scripts\" security=\"restricted\" style=\"position: absolute; clip: rect(1px, 1px, 1px, 1px);\" title=\"&#8220;Salute e Societ\u00e0&#8221; &#8212; Radio Pi\u00f9\" src=\"https:\/\/www.radiopiu.net\/wordpress\/saluteesocieta\/embed\/#?secret=oUsWVXsBX2#?secret=abA64U41N5\" data-secret=\"abA64U41N5\" width=\"600\" height=\"338\" frameborder=\"0\" marginwidth=\"0\" marginheight=\"0\" scrolling=\"no\"><\/iframe><\/p>\n<p>&nbsp;<\/p>\n<hr \/>\n<\/div>\n<\/div>\n<\/div>\n<\/div>\n<\/div>\n<\/div>\n<\/div>\n<\/div>\n<\/div>\n<\/div>\n<\/div>\n<\/div>\n<\/div>\n<\/div>\n<\/div>\n<\/div>\n<\/div>\n<\/div>\n<\/div>\n<\/div>\n<\/div>\n<\/div>\n<\/div>\n<\/div>\n<\/div>\n<\/div>\n<\/div>\n<\/div>\n<\/div>\n<\/div>\n<\/div>\n<\/div>\n<\/div>\n<\/div>\n<\/div>\n<\/div>\n<\/div>\n<\/div>\n<\/div>\n<\/div>\n<\/div>\n<\/div>\n<\/div>\n<\/div>\n<\/div>\n<\/div>\n<\/div>\n<\/div>\n<\/div>\n<\/div>\n<\/div>\n<\/div>\n<\/div>\n<\/div>\n<\/div>\n<\/div>\n<\/div>\n<\/div>\n<\/div>\n<\/div>\n<\/div>\n<\/div>\n<\/div>\n<\/div>\n<p>&nbsp;<\/p>\n<blockquote>\n<h3><span style=\"color: #0000ff;\">RADIO PIU INFORMAZIONE il canale su TELEGRAM informazione di prima mano e in tempo reale. iscriviti ed aiutaci a farlo conoscere\u00a0\u00a0<\/span><\/h3>\n<\/blockquote>\n<div>\n<div class=\"page-title-head hgroup\">\n<div class=\"page-title-head hgroup\">\n<div class=\"page-title-head hgroup\">\n<div class=\"page-title-head hgroup\">\n<div class=\"b654a4as d2edcug0\">\n<div class=\"page-title-head hgroup\">\n<div class=\"page-title-head hgroup\">\n<div class=\"page-title-head hgroup\">\n<div class=\"page-title-head hgroup\">\n<div class=\"b654a4as d2edcug0\">\n<div class=\"page-title-head hgroup\">\n<div class=\"page-title-head hgroup\">\n<div class=\"page-title-head hgroup\">\n<div class=\"page-title-head hgroup\">\n<div class=\"page-title-head hgroup\">\n<div class=\"page-title-head hgroup\">\n<div class=\"page-title-head hgroup\">\n<div class=\"page-title-head hgroup\">\n<div class=\"page-title-head hgroup\">\n<div class=\"b654a4as d2edcug0\">\n<div class=\"page-title-head hgroup\">\n<div class=\"page-title-head hgroup\">\n<div class=\"page-title-head hgroup\">\n<div class=\"page-title-head hgroup\">\n<div class=\"b654a4as d2edcug0\">\n<div><\/div>\n<div>\n<div class=\"page-title-head hgroup\">\n<div class=\"page-title-head hgroup\">\n<div class=\"page-title-head hgroup\">\n<div class=\"page-title-head hgroup\">\n<div class=\"page-title-head hgroup\">\n<div class=\"mkdf-post-text\">\n<div class=\"mkdf-post-text-inner\">\n<div class=\"mkdf-post-text-main\">\n<div class=\"mkdf-post-text\">\n<div class=\"mkdf-post-text-inner\">\n<div class=\"mkdf-post-text-main\">\n<div class=\"mkdf-post-text\">\n<div class=\"mkdf-post-text-inner\">\n<div class=\"mkdf-post-text-main\">\n<div class=\"page-title-head hgroup\">\n<div class=\"page-title-head hgroup\">\n<div class=\"mkdf-post-text\">\n<div class=\"mkdf-post-text-inner\">\n<div class=\"mkdf-post-text-main\">\n<div class=\"mkdf-post-text\">\n<div class=\"mkdf-post-text-inner\">\n<div class=\"mkdf-post-text-main\">\n<div class=\"page-title-head hgroup\">\n<div class=\"page-title-head hgroup\">\n<div class=\"page-title-head hgroup\">\n<div class=\"page-title-head hgroup\">\n<div class=\"b654a4as d2edcug0\">\n<div class=\"page-title-head hgroup\">\n<div class=\"page-title-head hgroup\">\n<div class=\"page-title-head hgroup\">\n<div class=\"page-title-head hgroup\">\n<div class=\"b654a4as d2edcug0\">\n<div class=\"page-title-head hgroup\">\n<div class=\"page-title-head hgroup\">\n<div class=\"page-title-head hgroup\">\n<p>&nbsp;<\/p>\n<div>\n<div class=\"page-title-head hgroup\">\n<div class=\"page-title-head hgroup\">\n<div class=\"b654a4as d2edcug0\">\n<div class=\"j83agx80 btwxx1t3 lhclo0ds hop8lmos nkwizq5d scwd0bx6 roh60bw9\">\n<div class=\"rq0escxv hkbzh7o3 jwdofwj8 n8tt0mok r8blr3vg hyh9befq\">\n<div class=\"do00u71z l9j0dhe7 k4urcfbm\">\n<div class=\"page-title-head hgroup\">\n<div class=\"page-title-head hgroup\">\n<div class=\"b654a4as d2edcug0\">\n<div class=\"j83agx80 btwxx1t3 lhclo0ds hop8lmos nkwizq5d scwd0bx6 roh60bw9\">\n<div class=\"rq0escxv hkbzh7o3 jwdofwj8 n8tt0mok r8blr3vg hyh9befq\">\n<div class=\"do00u71z l9j0dhe7 k4urcfbm\">\n<div class=\"ecm0bbzt e5nlhep0 a8c37x1j\">\n<div class=\"kvgmc6g5 cxmmr5t8 oygrvhab hcukyx3x c1et5uql\">\n<div class=\"gmail-kvgmc6g5 gmail-cxmmr5t8 gmail-oygrvhab gmail-hcukyx3x gmail-c1et5uql gmail-ii04i59q\">\n<div class=\"page-title-head hgroup\">\n<div class=\"page-title-head hgroup\">\n<div class=\"b654a4as d2edcug0\">\n<div class=\"j83agx80 btwxx1t3 lhclo0ds hop8lmos nkwizq5d scwd0bx6 roh60bw9\">\n<div class=\"rq0escxv hkbzh7o3 jwdofwj8 n8tt0mok r8blr3vg hyh9befq\">\n<div class=\"do00u71z l9j0dhe7 k4urcfbm\">\n<div class=\"page-title-head hgroup\">\n<div class=\"page-title-head hgroup\">\n<div class=\"b654a4as d2edcug0\">\n<div class=\"j83agx80 btwxx1t3 lhclo0ds hop8lmos nkwizq5d scwd0bx6 roh60bw9\">\n<div class=\"rq0escxv hkbzh7o3 jwdofwj8 n8tt0mok r8blr3vg hyh9befq\">\n<div class=\"do00u71z l9j0dhe7 k4urcfbm\">\n<div class=\"page-title-head hgroup\">\n<div class=\"page-title-head hgroup\">\n<div class=\"b654a4as d2edcug0\">\n<div class=\"j83agx80 btwxx1t3 lhclo0ds hop8lmos nkwizq5d scwd0bx6 roh60bw9\">\n<div class=\"rq0escxv hkbzh7o3 jwdofwj8 n8tt0mok r8blr3vg hyh9befq\">\n<div class=\"do00u71z l9j0dhe7 k4urcfbm\">\n<div class=\"ecm0bbzt e5nlhep0 a8c37x1j\">\n<div class=\"kvgmc6g5 cxmmr5t8 oygrvhab hcukyx3x c1et5uql\">\n<div class=\"gmail-kvgmc6g5 gmail-cxmmr5t8 gmail-oygrvhab gmail-hcukyx3x gmail-c1et5uql gmail-ii04i59q\">\n<div class=\"page-title-head hgroup\">\n<div class=\"page-title-head hgroup\">\n<div class=\"b654a4as d2edcug0\">\n<div class=\"j83agx80 btwxx1t3 lhclo0ds hop8lmos nkwizq5d scwd0bx6 roh60bw9\">\n<div class=\"rq0escxv hkbzh7o3 jwdofwj8 n8tt0mok r8blr3vg hyh9befq\">\n<div class=\"do00u71z l9j0dhe7 k4urcfbm\">\n<div class=\"page-title-head hgroup\">\n<div class=\"page-title-head hgroup\">\n<div class=\"page-title-head hgroup\">\n<div class=\"page-title-head hgroup\">\n<div class=\"b654a4as d2edcug0\">\n<div class=\"page-title-head hgroup\">\n<div class=\"page-title-head hgroup\">\n<div class=\"page-title-head hgroup\">\n<div class=\"page-title-head hgroup\">\n<div class=\"b654a4as d2edcug0\">\n<div class=\"page-title-head hgroup\">\n<div class=\"page-title-head hgroup\">\n<div class=\"page-title-head hgroup\">\n<div class=\"page-title-head hgroup\">\n<div class=\"page-title-head hgroup\">\n<div class=\"page-title-head hgroup\">\n<div class=\"page-title-head hgroup\">\n<div class=\"page-title-head hgroup\">\n<div class=\"page-title-head hgroup\">\n<div class=\"b654a4as d2edcug0\">\n<div class=\"page-title-head hgroup\">\n<div class=\"page-title-head hgroup\">\n<div class=\"page-title-head hgroup\">\n<div class=\"page-title-head hgroup\">\n<div class=\"b654a4as d2edcug0\">\n<div class=\"page-title-head hgroup\">\n<div class=\"page-title-head hgroup\">\n<div class=\"page-title-head hgroup\">\n<div class=\"page-title-head hgroup\">\n<div class=\"page-title-head hgroup\">\n<div class=\"mkdf-post-text\">\n<div class=\"mkdf-post-text-inner\">\n<div class=\"mkdf-post-text-main\">\n<div class=\"mkdf-post-text\">\n<div class=\"mkdf-post-text-inner\">\n<div class=\"mkdf-post-text-main\">\n<div class=\"mkdf-post-text\">\n<div class=\"mkdf-post-text-inner\">\n<div class=\"mkdf-post-text-main\">\n<div class=\"page-title-head hgroup\">\n<div class=\"page-title-head hgroup\">\n<div class=\"mkdf-post-text\">\n<div class=\"mkdf-post-text-inner\">\n<div class=\"mkdf-post-text-main\">\n<div class=\"mkdf-post-text\">\n<div class=\"mkdf-post-text-inner\">\n<div class=\"mkdf-post-text-main\">\n<div class=\"page-title-head hgroup\">\n<div class=\"page-title-head hgroup\">\n<div class=\"page-title-head hgroup\">\n<div class=\"page-title-head hgroup\">\n<div class=\"b654a4as d2edcug0\">\n<div class=\"page-title-head hgroup\">\n<div class=\"page-title-head hgroup\">\n<div class=\"page-title-head hgroup\">\n<div class=\"page-title-head hgroup\">\n<div class=\"b654a4as d2edcug0\">\n<div class=\"page-title-head hgroup\">\n<div class=\"page-title-head hgroup\">\n<div class=\"page-title-head hgroup\">\n<div class=\"page-title-head hgroup\">\n<div class=\"b654a4as d2edcug0\">\n<div class=\"ecm0bbzt e5nlhep0 a8c37x1j\">\n<div class=\"kvgmc6g5 cxmmr5t8 oygrvhab hcukyx3x c1et5uql\">\n<div class=\"gmail-kvgmc6g5 gmail-cxmmr5t8 gmail-oygrvhab gmail-hcukyx3x gmail-c1et5uql gmail-ii04i59q\">\n<div class=\"page-title-head hgroup\">\n<div class=\"page-title-head hgroup\">\n<div class=\"b654a4as d2edcug0\">\n<div class=\"j83agx80 btwxx1t3 lhclo0ds hop8lmos nkwizq5d scwd0bx6 roh60bw9\">\n<div class=\"rq0escxv hkbzh7o3 jwdofwj8 n8tt0mok r8blr3vg hyh9befq\">\n<div class=\"do00u71z l9j0dhe7 k4urcfbm\">\n<div class=\"page-title-head hgroup\">\n<div class=\"page-title-head hgroup\">\n<div class=\"page-title-head hgroup\">\n<div class=\"page-title-head hgroup\">\n<div class=\"b654a4as d2edcug0\">\n<div class=\"page-title-head hgroup\">\n<div class=\"page-title-head hgroup\">\n<div class=\"page-title-head hgroup\">\n<div class=\"page-title-head hgroup\">\n<div class=\"b654a4as d2edcug0\">\n<div class=\"page-title-head hgroup\">\n<div class=\"page-title-head hgroup\">\n<div class=\"page-title-head hgroup\">\n<div class=\"page-title-head hgroup\">\n<div class=\"page-title-head hgroup\">\n<div class=\"page-title-head hgroup\">\n<div class=\"page-title-head hgroup\">\n<div class=\"page-title-head hgroup\">\n<div class=\"page-title-head hgroup\">\n<div class=\"b654a4as d2edcug0\">\n<div class=\"page-title-head hgroup\">\n<div class=\"page-title-head hgroup\">\n<div class=\"page-title-head hgroup\">\n<div class=\"page-title-head hgroup\">\n<div class=\"b654a4as d2edcug0\">\n<div class=\"page-title-head hgroup\">\n<div class=\"page-title-head hgroup\">\n<div class=\"page-title-head hgroup\">\n<div class=\"page-title-head hgroup\">\n<div class=\"page-title-head hgroup\">\n<div class=\"mkdf-post-text\">\n<div class=\"mkdf-post-text-inner\">\n<div class=\"mkdf-post-text-main\">\n<div class=\"mkdf-post-text\">\n<div class=\"mkdf-post-text-inner\">\n<div class=\"mkdf-post-text-main\">\n<div class=\"mkdf-post-text\">\n<div class=\"mkdf-post-text-inner\">\n<div class=\"mkdf-post-text-main\">\n<div class=\"page-title-head hgroup\">\n<div class=\"page-title-head hgroup\">\n<div class=\"mkdf-post-text\">\n<div class=\"mkdf-post-text-inner\">\n<div class=\"mkdf-post-text-main\">\n<div class=\"mkdf-post-text\">\n<div class=\"mkdf-post-text-inner\">\n<div class=\"mkdf-post-text-main\">\n<div class=\"page-title-head hgroup\">\n<div class=\"page-title-head hgroup\">\n<div class=\"page-title-head hgroup\">\n<div class=\"page-title-head hgroup\">\n<div class=\"b654a4as d2edcug0\">\n<div class=\"page-title-head hgroup\">\n<div class=\"page-title-head hgroup\">\n<div class=\"page-title-head hgroup\">\n<div class=\"page-title-head hgroup\">\n<div class=\"b654a4as d2edcug0\">\n<div class=\"page-title-head hgroup\">\n<div class=\"page-title-head hgroup\">\n<div class=\"page-title-head hgroup\">\n<div class=\"page-title-head hgroup\">\n<div class=\"b654a4as d2edcug0\">\n<hr \/>\n<p>&nbsp;<\/p>\n<div>\n<p><strong>DUE MINUTI UN LIBRO, TUTTI I GIORNI ALLA RADIO ALLE 9.40 E ALLE 17.50\u00a0\u00a0<\/strong><\/p>\n<div>\n<div>\n<p><strong>LA RACCOLTA COMPLETA\u00a0\u00a0<\/strong><\/p>\n<\/div>\n<\/div>\n<\/div>\n<div class=\"mkdf-post-text\">\n<div class=\"mkdf-post-text-inner\">\n<div class=\"mkdf-post-text-main\">\n<div class=\"mkdf-post-text\">\n<div class=\"mkdf-post-text-inner\">\n<div class=\"mkdf-post-text-main\">\n<div class=\"mkdf-post-text\">\n<div class=\"mkdf-post-text-inner\">\n<div class=\"mkdf-post-text-main\">\n<div class=\"page-title-head hgroup\">\n<div class=\"page-title-head hgroup\">\n<div class=\"mkdf-post-text\">\n<div class=\"mkdf-post-text-inner\">\n<div class=\"mkdf-post-text-main\">\n<div class=\"mkdf-post-text\">\n<div class=\"mkdf-post-text-inner\">\n<div class=\"mkdf-post-text-main\">\n<div class=\"page-title-head hgroup\">\n<div class=\"page-title-head hgroup\">\n<div class=\"page-title-head hgroup\">\n<div class=\"page-title-head hgroup\">\n<div class=\"b654a4as d2edcug0\">\n<div class=\"page-title-head hgroup\">\n<div class=\"page-title-head hgroup\">\n<div class=\"page-title-head hgroup\">\n<div class=\"page-title-head hgroup\">\n<div class=\"b654a4as d2edcug0\">\n<div class=\"page-title-head hgroup\">\n<div class=\"page-title-head hgroup\">\n<div class=\"page-title-head hgroup\">\n<div class=\"page-title-head hgroup\">\n<div class=\"b654a4as d2edcug0\">\n<div>\n<blockquote class=\"wp-embedded-content\" data-secret=\"3Pgkk3oAYi\"><p><a href=\"https:\/\/www.radiopiu.net\/wordpress\/due-minuti-un-libro\/\">Due minuti un libro<\/a><\/p><\/blockquote>\n<p><iframe loading=\"lazy\" class=\"wp-embedded-content\" sandbox=\"allow-scripts\" security=\"restricted\" style=\"position: absolute; clip: rect(1px, 1px, 1px, 1px);\" title=\"&#8220;Due minuti un libro&#8221; &#8212; Radio Pi\u00f9\" src=\"https:\/\/www.radiopiu.net\/wordpress\/due-minuti-un-libro\/embed\/#?secret=FllOtevxLu#?secret=3Pgkk3oAYi\" data-secret=\"3Pgkk3oAYi\" width=\"600\" height=\"338\" frameborder=\"0\" marginwidth=\"0\" marginheight=\"0\" scrolling=\"no\"><\/iframe><\/p>\n<p>&nbsp;<\/p>\n<\/div>\n<div>\n<hr \/>\n<p>&nbsp;<\/p>\n<\/div>\n<h2><span style=\"color: #808000;\">L&#8217;ALMANACCO LADINO\u00a0\u00a0<\/span><\/h2>\n<p><strong>LA RACCOLTA<\/strong><\/p>\n<blockquote class=\"wp-embedded-content\" data-secret=\"OqIiNtf6Cm\"><p><a href=\"https:\/\/www.radiopiu.net\/wordpress\/almanacco-ladino\/\">Almanacco Ladino<\/a><\/p><\/blockquote>\n<p><iframe loading=\"lazy\" class=\"wp-embedded-content\" sandbox=\"allow-scripts\" security=\"restricted\" style=\"position: absolute; clip: rect(1px, 1px, 1px, 1px);\" title=\"&#8220;Almanacco Ladino&#8221; &#8212; Radio Pi\u00f9\" src=\"https:\/\/www.radiopiu.net\/wordpress\/almanacco-ladino\/embed\/#?secret=FzBz46cqDY#?secret=OqIiNtf6Cm\" data-secret=\"OqIiNtf6Cm\" width=\"600\" height=\"338\" frameborder=\"0\" marginwidth=\"0\" marginheight=\"0\" scrolling=\"no\"><\/iframe><\/p>\n<hr \/>\n<h2><span style=\"color: #33cccc;\">\u00a0<\/span><\/h2>\n<h2><span style=\"color: #33cccc;\">LA RASSEGNA STAMPA DA L&#8217;AMICO DEL POPOLO<\/span><\/h2>\n<p><strong><a class=\"dt-pswp-item\" href=\"https:\/\/www.radiopiu.net\/wordpress\/wp-content\/uploads\/2021\/01\/loris-serafini.jpg\" data-dt-img-description=\"\" data-large_image_width=\"1440\" data-large_image_height=\"1080\"><img loading=\"lazy\" decoding=\"async\" class=\"size-thumbnail wp-image-183881 alignleft\" src=\"https:\/\/www.radiopiu.net\/wordpress\/wp-content\/uploads\/2021\/01\/loris-serafini-150x150.jpg\" alt=\"\" width=\"150\" height=\"150\" \/><\/a>di Gianni Santomaso<\/strong><\/p>\n<p>OSPITE: Loris Serafini, direttore del MUSAL<\/p>\n<audio class=\"wp-audio-shortcode\" id=\"audio-274651-12\" preload=\"none\" style=\"width: 100%;\" controls=\"controls\"><source type=\"audio\/mpeg\" src=\"https:\/\/www.radiopiu.net\/wordpress\/wp-content\/uploads\/2022\/05\/RASSEGNA-GIANNI.mp3?_=12\" \/><a href=\"https:\/\/www.radiopiu.net\/wordpress\/wp-content\/uploads\/2022\/05\/RASSEGNA-GIANNI.mp3\">https:\/\/www.radiopiu.net\/wordpress\/wp-content\/uploads\/2022\/05\/RASSEGNA-GIANNI.mp3<\/a><\/audio>\n<p>&nbsp;<\/p>\n<p><strong>LA RACCOLTA COMPLETA<\/strong><\/p>\n<blockquote class=\"wp-embedded-content\" data-secret=\"MQRwSxtZ44\"><p><a href=\"https:\/\/www.radiopiu.net\/wordpress\/rassegna-stampa-di-gianni-santomaso\/\">Rassegna stampa da l&#8217;amico del popolo &#8211; di Gianni Santomaso<\/a><\/p><\/blockquote>\n<p><iframe loading=\"lazy\" class=\"wp-embedded-content\" sandbox=\"allow-scripts\" security=\"restricted\" style=\"position: absolute; clip: rect(1px, 1px, 1px, 1px);\" title=\"&#8220;Rassegna stampa da l&#8217;amico del popolo &#8211; di Gianni Santomaso&#8221; &#8212; Radio Pi\u00f9\" src=\"https:\/\/www.radiopiu.net\/wordpress\/rassegna-stampa-di-gianni-santomaso\/embed\/#?secret=TMp8NP5Z9g#?secret=MQRwSxtZ44\" data-secret=\"MQRwSxtZ44\" width=\"600\" height=\"338\" frameborder=\"0\" marginwidth=\"0\" marginheight=\"0\" scrolling=\"no\"><\/iframe><\/p>\n<p>&nbsp;<\/p>\n<hr \/>\n<p>&nbsp;<\/p>\n<div>\n<div class=\"page-title-head hgroup\">\n<div class=\"page-title-head hgroup\">\n<div class=\"b654a4as d2edcug0\">\n<div class=\"j83agx80 btwxx1t3 lhclo0ds hop8lmos nkwizq5d scwd0bx6 roh60bw9\">\n<div class=\"rq0escxv hkbzh7o3 jwdofwj8 n8tt0mok r8blr3vg hyh9befq\">\n<div class=\"do00u71z l9j0dhe7 k4urcfbm\">\n<div class=\"ecm0bbzt e5nlhep0 a8c37x1j\">\n<div class=\"kvgmc6g5 cxmmr5t8 oygrvhab hcukyx3x c1et5uql\">\n<div class=\"gmail-kvgmc6g5 gmail-cxmmr5t8 gmail-oygrvhab gmail-hcukyx3x gmail-c1et5uql gmail-ii04i59q\">\n<div class=\"page-title-head hgroup\">\n<div class=\"page-title-head hgroup\">\n<div class=\"b654a4as d2edcug0\">\n<div class=\"j83agx80 btwxx1t3 lhclo0ds hop8lmos nkwizq5d scwd0bx6 roh60bw9\">\n<div class=\"rq0escxv hkbzh7o3 jwdofwj8 n8tt0mok r8blr3vg hyh9befq\">\n<div class=\"do00u71z l9j0dhe7 k4urcfbm\">\n<div class=\"page-title-head hgroup\">\n<div class=\"page-title-head hgroup\">\n<div class=\"page-title-head hgroup\">\n<div class=\"page-title-head hgroup\">\n<div class=\"b654a4as d2edcug0\">\n<div class=\"page-title-head hgroup\">\n<div class=\"page-title-head hgroup\">\n<div class=\"page-title-head hgroup\">\n<div class=\"page-title-head hgroup\">\n<div class=\"b654a4as d2edcug0\">\n<div class=\"page-title-head hgroup\">\n<div class=\"page-title-head hgroup\">\n<div class=\"page-title-head hgroup\">\n<div class=\"page-title-head hgroup\">\n<div class=\"page-title-head hgroup\">\n<div class=\"page-title-head hgroup\">\n<div class=\"page-title-head hgroup\">\n<div class=\"page-title-head hgroup\">\n<div class=\"page-title-head hgroup\">\n<div class=\"b654a4as d2edcug0\">\n<div class=\"page-title-head hgroup\">\n<div class=\"page-title-head hgroup\">\n<div class=\"page-title-head hgroup\">\n<div class=\"page-title-head hgroup\">\n<div class=\"b654a4as d2edcug0\">\n<div class=\"page-title-head hgroup\">\n<div class=\"page-title-head hgroup\">\n<div class=\"page-title-head hgroup\">\n<div class=\"page-title-head hgroup\">\n<div class=\"page-title-head hgroup\">\n<div class=\"mkdf-post-text\">\n<div class=\"mkdf-post-text-inner\">\n<div class=\"mkdf-post-text-main\">\n<div class=\"mkdf-post-text\">\n<div class=\"mkdf-post-text-inner\">\n<div class=\"mkdf-post-text-main\">\n<div class=\"mkdf-post-text\">\n<div class=\"mkdf-post-text-inner\">\n<div class=\"mkdf-post-text-main\">\n<div class=\"page-title-head hgroup\">\n<div class=\"page-title-head hgroup\">\n<div class=\"mkdf-post-text\">\n<div class=\"mkdf-post-text-inner\">\n<div class=\"mkdf-post-text-main\">\n<div class=\"mkdf-post-text\">\n<div class=\"mkdf-post-text-inner\">\n<div class=\"mkdf-post-text-main\">\n<div class=\"page-title-head hgroup\">\n<div class=\"page-title-head hgroup\">\n<div class=\"page-title-head hgroup\">\n<div class=\"page-title-head hgroup\">\n<div class=\"b654a4as d2edcug0\">\n<div class=\"page-title-head hgroup\">\n<div class=\"page-title-head hgroup\">\n<div class=\"page-title-head hgroup\">\n<div class=\"page-title-head hgroup\">\n<div class=\"b654a4as d2edcug0\">\n<div class=\"page-title-head hgroup\">\n<div class=\"page-title-head hgroup\">\n<div class=\"page-title-head hgroup\">\n<div class=\"page-title-head hgroup\">\n<div class=\"b654a4as d2edcug0\">\n<h2><span style=\"color: #800080;\">I RACCONTI DI PAOLO SOPPELSA\u00a0<\/span><\/h2>\n<p><strong>MAGGIO<\/strong><\/p>\n<p><em><strong>AUDIO<\/strong><\/em><\/p>\n<audio class=\"wp-audio-shortcode\" id=\"audio-274651-13\" preload=\"none\" style=\"width: 100%;\" controls=\"controls\"><source type=\"audio\/mpeg\" src=\"https:\/\/www.radiopiu.net\/wordpress\/wp-content\/uploads\/2022\/05\/PAOLO-SOPPELSA-MAGGIO.mp3?_=13\" \/><a href=\"https:\/\/www.radiopiu.net\/wordpress\/wp-content\/uploads\/2022\/05\/PAOLO-SOPPELSA-MAGGIO.mp3\">https:\/\/www.radiopiu.net\/wordpress\/wp-content\/uploads\/2022\/05\/PAOLO-SOPPELSA-MAGGIO.mp3<\/a><\/audio>\n<p>&nbsp;<\/p>\n<p><a class=\"dt-pswp-item\" href=\"https:\/\/www.radiopiu.net\/wordpress\/wp-content\/uploads\/2022\/05\/6bd71a15-a3ed-4900-8b22-f46f80d7ad45.jpg\" data-dt-img-description=\"\" data-large_image_width=\"1600\" data-large_image_height=\"1200\"><img loading=\"lazy\" decoding=\"async\" class=\"size-thumbnail wp-image-274540 alignleft\" src=\"https:\/\/www.radiopiu.net\/wordpress\/wp-content\/uploads\/2022\/05\/6bd71a15-a3ed-4900-8b22-f46f80d7ad45-150x150.jpg\" alt=\"\" width=\"150\" height=\"150\" \/><\/a>Lo scoccare di maggio sanciva l&#8217;inizio di un tempo nuovo; ora la primavera era davvero divenuta certezza, non c&#8217;erano pi\u00f9 quei venti di fine marzo, e nemmeno la volubilit\u00e0 di aprile. Era un tempo dolce quello che pareva calato all&#8217;improvviso sulla piccola citt\u00e0; i prati del Serva e del Nevegal si erano colorati di un verde nuovo e solamente la neve che ancora ricopriva le cime del Pelf e della Schiara raccontava di ci\u00f2 che c&#8217;era stato prima. Alla sera, la campana grande del Duomo suonava i Vespri quando il sole ancora indugiava prima di ritirarsi dietro il Pizzocco, ed era in quei momenti che la via iniziava a popolarsi. All&#8217;inizio del mese delle rose i bambini del quartiere incominciavano ad uscire nel tepore della sera, in compagnia delle madri che non disdegnavano di rinnovare l&#8217;antica arte del chiacchierare. L&#8217;arrivo di maggio regalava la consapevolezza che ormai l&#8217;estate non era pi\u00f9 miraggio; ci si rendeva conto che mancavano solamente quattro o cinque settimane al termine della scuola, e poi sarebbe arrivato un altro tempo, quello del &#8220;tirase &#8216;n su, en cin a San Tomas e &#8216;n cin a Zenzenighe&#8221;. Anche lass\u00f9 di fronte al Pelsa, ora era primavera; il mese del Fioretto serale era quello che sincronizzava la stagione di quaggi\u00f9 e quella di lass\u00f9. Nel grande cortile delle Gabelli erano fioriti il pero e il melo, ed anche il &#8220;perer sot la finestra de stua a San Tomas&#8221; ora faceva bella mostra di s\u00e9 in compagnia della vecchia &#8220;zaresera&#8221;. In via Feltre i tigli si vestivano di foglie nuove, sui costoni del Pelsa i larici sfoggiavano un verde gentile; solamente sulle cime, e sui &#8220;revers&#8221; delle Pale di San Lucano, abitava ancora l&#8217;inverno; sarebbe servito ancora un mese lass\u00f9, per ammirare i fiori sui pascoli di Ambrusogn. Maggio era anche il mese delle acque del Biois e del Cordevole ingrossate dal disgelo, e quasi sempre potevo ammirare la possente cascata che scendeva dalla paratoia del lago del Ghirlo; era tempo a volte di &#8220;brentane&#8221; solitamente meno potenti di quelle novembrine, quasi come se i due torrenti avessero avuto voglia di schiarirsi la voce dopo essersi svegliati dal lungo sonno invernale; era acqua scura, rumorosa e fredda, che si sarebbe gradualmente colorata d&#8217;estate intorno a fine mese. Ma non era solamente l&#8217;acqua di torrente la protagonista di quei giorni del quinto mese dell&#8217;anno, c&#8217;era pure quella di casa a Cencenighe; il rito primaverile del &#8220;verde le acque&#8221; sanciva anch&#8217;esso un tempo nuovo. Era un sole caldo e allegro quello che andava a scaldare i muri mentre i rubinetti venivano aperti; e quel risuonare gioioso d&#8217;acqua e quella luce che sapeva di quasi estate che entrava in cucina, allontanava definitivamente quei lunghi giorni d&#8217;inverno, quando non c&#8217;eravamo ad ascoltare la campana grande che suonava il mezzogiorno. Sarebbero state ancora domeniche di su e gi\u00f9 percorrendo la Strada Madre pressoch\u00e9 deserta; ed era un bell&#8217;andare, con le insidie invernali che ormai erano ricordo e il traffico estivo ancora da venire. Partire da Belluno e appena trentacinque minuti pi\u00f9 tardi parcheggiare di fronte al Pelsa, dove i nonni avevano smesso di accendere il fuoco, tranne in quelle sere in cui le nuvole stazionavano sopra le case di Colaz e la pioggia faceva risuonare il tetto di lamiera del tabi\u00e0. Poi altri trentacinque minuti di viaggio che ci avrebbero ricondotto nella piccola citt\u00e0, dove, approfittando del sole ancora alto, avremmo potuto tirare due calci al pallone mentre mamma preparava la cena. Ora le domeniche &#8220;on the road&#8221; si sarebbero potute contare sulle dita di una mano; poi un giorno ormai poco distante, il bagagliaio della Ritmo sarebbe stato riempito fino all&#8217;orlo, e per tre mesi la piccola citt\u00e0 si sarebbe si sarebbe trasformata in sempre pi\u00f9 sbiadito ricordo.<\/p>\n<p><strong>LA RACCOLTA COMPLETA<\/strong><\/p>\n<blockquote class=\"wp-embedded-content\" data-secret=\"zW2DlSXtgD\"><p><a href=\"https:\/\/www.radiopiu.net\/wordpress\/i-racconti-di-paolo-soppelsa\/\">I racconti di Paolo Soppelsa<\/a><\/p><\/blockquote>\n<p><iframe loading=\"lazy\" class=\"wp-embedded-content\" sandbox=\"allow-scripts\" security=\"restricted\" style=\"position: absolute; clip: rect(1px, 1px, 1px, 1px);\" title=\"&#8220;I racconti di Paolo Soppelsa&#8221; &#8212; Radio Pi\u00f9\" src=\"https:\/\/www.radiopiu.net\/wordpress\/i-racconti-di-paolo-soppelsa\/embed\/#?secret=CEYwuJMyTu#?secret=zW2DlSXtgD\" data-secret=\"zW2DlSXtgD\" width=\"600\" height=\"338\" frameborder=\"0\" marginwidth=\"0\" marginheight=\"0\" scrolling=\"no\"><\/iframe><\/p>\n<p>&nbsp;<\/p>\n<hr \/>\n<p>&nbsp;<\/p>\n<\/div>\n<\/div>\n<\/div>\n<\/div>\n<\/div>\n<\/div>\n<\/div>\n<\/div>\n<\/div>\n<\/div>\n<\/div>\n<\/div>\n<\/div>\n<\/div>\n<\/div>\n<\/div>\n<\/div>\n<\/div>\n<\/div>\n<\/div>\n<\/div>\n<\/div>\n<\/div>\n<\/div>\n<\/div>\n<\/div>\n<\/div>\n<\/div>\n<\/div>\n<\/div>\n<\/div>\n<\/div>\n<\/div>\n<\/div>\n<\/div>\n<\/div>\n<\/div>\n<\/div>\n<\/div>\n<\/div>\n<\/div>\n<\/div>\n<\/div>\n<\/div>\n<\/div>\n<\/div>\n<\/div>\n<\/div>\n<\/div>\n<\/div>\n<\/div>\n<\/div>\n<\/div>\n<\/div>\n<\/div>\n<\/div>\n<\/div>\n<\/div>\n<\/div>\n<\/div>\n<\/div>\n<\/div>\n<\/div>\n<\/div>\n<\/div>\n<\/div>\n<\/div>\n<\/div>\n<\/div>\n<\/div>\n<\/div>\n<\/div>\n<\/div>\n<\/div>\n<\/div>\n<\/div>\n<\/div>\n<\/div>\n<\/div>\n<\/div>\n<\/div>\n<\/div>\n<\/div>\n<\/div>\n<\/div>\n<\/div>\n<\/div>\n<\/div>\n<\/div>\n<\/div>\n<\/div>\n<\/div>\n<\/div>\n<\/div>\n<\/div>\n<\/div>\n<\/div>\n<\/div>\n<\/div>\n<\/div>\n<\/div>\n<\/div>\n<\/div>\n<\/div>\n<\/div>\n<\/div>\n<\/div>\n<\/div>\n<\/div>\n<\/div>\n<\/div>\n<div class=\"b654a4as d2edcug0\">\n<div class=\"ecm0bbzt e5nlhep0 a8c37x1j\">\n<div class=\"kvgmc6g5 cxmmr5t8 oygrvhab hcukyx3x c1et5uql\">\n<div class=\"gmail-kvgmc6g5 gmail-cxmmr5t8 gmail-oygrvhab gmail-hcukyx3x gmail-c1et5uql gmail-ii04i59q\">\n<div>\n<div class=\"page-title-head hgroup\">\n<div class=\"page-title-head hgroup\">\n<div class=\"b654a4as d2edcug0\">\n<div class=\"j83agx80 btwxx1t3 lhclo0ds hop8lmos nkwizq5d scwd0bx6 roh60bw9\">\n<div class=\"rq0escxv hkbzh7o3 jwdofwj8 n8tt0mok r8blr3vg hyh9befq\">\n<div class=\"do00u71z l9j0dhe7 k4urcfbm\">\n<div>\n<div class=\"page-title-head hgroup\">\n<div class=\"page-title-head hgroup\">\n<div class=\"page-title-head hgroup\">\n<div class=\"page-title-head hgroup\">\n<div class=\"b654a4as d2edcug0\">\n<div class=\"page-title-head hgroup\">\n<div class=\"page-title-head hgroup\">\n<div class=\"page-title-head hgroup\">\n<div class=\"page-title-head hgroup\">\n<div class=\"b654a4as d2edcug0\">\n<div class=\"page-title-head hgroup\">\n<div class=\"page-title-head hgroup\">\n<div class=\"page-title-head hgroup\">\n<div class=\"page-title-head hgroup\">\n<div class=\"page-title-head hgroup\">\n<div class=\"mkdf-post-text\">\n<div class=\"mkdf-post-text-inner\">\n<div class=\"mkdf-post-text-main\">\n<div class=\"mkdf-post-text\">\n<div class=\"mkdf-post-text-inner\">\n<div class=\"mkdf-post-text-main\">\n<div class=\"mkdf-post-text\">\n<div class=\"mkdf-post-text-inner\">\n<div class=\"mkdf-post-text-main\">\n<div class=\"page-title-head hgroup\">\n<div class=\"page-title-head hgroup\">\n<div class=\"mkdf-post-text\">\n<div class=\"mkdf-post-text-inner\">\n<div class=\"mkdf-post-text-main\">\n<div class=\"mkdf-post-text\">\n<div class=\"mkdf-post-text-inner\">\n<div class=\"mkdf-post-text-main\">\n<div>\n<div class=\"page-title-head hgroup\">\n<div class=\"page-title-head hgroup\">\n<div>\n<div class=\"page-title-head hgroup\">\n<div class=\"page-title-head hgroup\">\n<div class=\"b654a4as d2edcug0\">\n<div>\n<div class=\"page-title-head hgroup\" style=\"text-align: left;\">\n<div class=\"page-title-head hgroup\">\n<div dir=\"auto\">\n<p><a class=\"dt-pswp-item pspw-wrap-ready\" href=\"https:\/\/i0.wp.com\/www.radiopiu.net\/wordpress\/wp-content\/uploads\/2018\/09\/WhatsApp-Image-2018-09-20-at-16.04.06.jpeg?ssl=1\" data-dt-img-description=\"\" data-large_image_width=\"800\" data-large_image_height=\"100\"><img loading=\"lazy\" decoding=\"async\" class=\"aligncenter wp-image-61378 size-full jetpack-lazy-image jetpack-lazy-image--handled\" src=\"https:\/\/i0.wp.com\/www.radiopiu.net\/wordpress\/wp-content\/uploads\/2018\/09\/WhatsApp-Image-2018-09-20-at-16.04.06.jpeg?resize=800%2C100&amp;ssl=1\" sizes=\"auto, (max-width: 800px) 100vw, 800px\" srcset=\"https:\/\/i0.wp.com\/www.radiopiu.net\/wordpress\/wp-content\/uploads\/2018\/09\/WhatsApp-Image-2018-09-20-at-16.04.06.jpeg?w=800&amp;ssl=1 800w, https:\/\/i0.wp.com\/www.radiopiu.net\/wordpress\/wp-content\/uploads\/2018\/09\/WhatsApp-Image-2018-09-20-at-16.04.06.jpeg?resize=300%2C38&amp;ssl=1 300w, https:\/\/i0.wp.com\/www.radiopiu.net\/wordpress\/wp-content\/uploads\/2018\/09\/WhatsApp-Image-2018-09-20-at-16.04.06.jpeg?resize=768%2C96&amp;ssl=1 768w\" alt=\"\" width=\"800\" height=\"100\" data-lazy-loaded=\"1\" \/><\/a><\/p>\n<\/div>\n<\/div>\n<\/div>\n<\/div>\n<\/div>\n<\/div>\n<\/div>\n<\/div>\n<\/div>\n<\/div>\n<\/div>\n<\/div>\n<\/div>\n<\/div>\n<\/div>\n<\/div>\n<\/div>\n<\/div>\n<\/div>\n<\/div>\n<\/div>\n<\/div>\n<\/div>\n<\/div>\n<\/div>\n<\/div>\n<\/div>\n<\/div>\n<\/div>\n<\/div>\n<\/div>\n<\/div>\n<\/div>\n<\/div>\n<\/div>\n<\/div>\n<\/div>\n<\/div>\n<\/div>\n<\/div>\n<\/div>\n<\/div>\n<\/div>\n<\/div>\n<\/div>\n<\/div>\n<\/div>\n<\/div>\n<\/div>\n<\/div>\n<\/div>\n<\/div>\n<\/div>\n<\/div>\n<\/div>\n<\/div>\n<\/div>\n<\/div>\n<\/div>\n<\/div>\n<\/div>\n<\/div>\n<\/div>\n<\/div>\n<\/div>\n<\/div>\n<\/div>\n<\/div>\n<\/div>\n<\/div>\n<\/div>\n<\/div>\n<\/div>\n<\/div>\n<\/div>\n<\/div>\n<\/div>\n<\/div>\n<\/div>\n<\/div>\n<\/div>\n<\/div>\n<\/div>\n<\/div>\n<\/div>\n<\/div>\n<\/div>\n<\/div>\n<\/div>\n<\/div>\n<\/div>\n<\/div>\n<\/div>\n<\/div>\n<\/div>\n<\/div>\n<\/div>\n<\/div>\n<\/div>\n<\/div>\n<\/div>\n<\/div>\n<\/div>\n<\/div>\n<\/div>\n<\/div>\n<\/div>\n<\/div>\n<\/div>\n<\/div>\n<\/div>\n<\/div>\n<\/div>\n<\/div>\n<\/div>\n<\/div>\n<\/div>\n<\/div>\n<\/div>\n<\/div>\n<\/div>\n<\/div>\n<\/div>\n<\/div>\n<\/div>\n<\/div>\n<\/div>\n<\/div>\n<\/div>\n<\/div>\n<\/div>\n<\/div>\n<\/div>\n<\/div>\n<\/div>\n<\/div>\n<\/div>\n<\/div>\n<\/div>\n<\/div>\n<\/div>\n<\/div>\n<\/div>\n<\/div>\n<\/div>\n<\/div>\n<\/div>\n<\/div>\n<\/div>\n<\/div>\n<\/div>\n<\/div>\n<\/div>\n<\/div>\n<\/div>\n<\/div>\n<\/div>\n<\/div>\n<\/div>\n<\/div>\n<\/div>\n<\/div>\n<\/div>\n<\/div>\n<\/div>\n<\/div>\n<\/div>\n<\/div>\n<\/div>\n<\/div>\n<\/div>\n<\/div>\n<\/div>\n<\/div>\n<\/div>\n<\/div>\n<\/div>\n<\/div>\n<\/div>\n<\/div>\n<\/div>\n<\/div>\n<\/div>\n<\/div>\n<\/div>\n<\/div>\n<\/div>\n<\/div>\n<\/div>\n<\/div>\n<\/div>\n<\/div>\n<\/div>\n<\/div>\n<\/div>\n<\/div>\n<\/div>\n<\/div>\n<\/div>\n<\/div>\n<\/div>\n<\/div>\n<\/div>\n<\/div>\n<\/div>\n<\/div>\n<\/div>\n<\/div>\n<\/div>\n<\/div>\n<\/div>\n<\/div>\n<\/div>\n<\/div>\n<\/div>\n<\/div>\n<\/div>\n<\/div>\n<\/div>\n<\/div>\n<\/div>\n<\/div>\n<\/div>\n<\/div>\n<\/div>\n<\/div>\n<\/div>\n<\/div>\n<\/div>\n<\/div>\n<p>&nbsp;<\/p>\n<p><center><b>Martedi 10<\/b><\/center><b>Tempo atteso: <\/b>Salvo qualche temporanea foschia o banco di nebbia nelle ore pi\u00f9 fredde in alcune valli, tempo in prevalenza stabile e soleggiato, specie la mattino con cielo sereno o poco nuvoloso; dalle ore centrali formazioni di addensamenti nuvolosi in prossimit\u00e0 delle cime generalmente innocui; tuttavia, non si esclude che localmente possano determinare qualche sporadico piovasco, specie lungo i pendii. Rasserenamenti in serata.<br \/>\n<b>Precipitazioni: <\/b>Generalmente assenti, salvo sporadici e isolati piovaschi durante le ore pi\u00f9 calde, eventualmente nevosi oltre i 2800 m (0-10%).<br \/>\n<b>Temperature: <\/b>Minime senza notevoli variazioni, salvo dei leggeri aumenti, massime in ulteriore aumento, con importante escursione termica giornaliera, su valori superiori alla norma di qualche grado. Clima ancora fresco al mattino, piuttosto gradevole durante le ore diurne. Su Prealpi a 1500 m min 5\u00b0, max 13\u00b0; a 2000 m min 2\u00b0, max 10\u00b0. Su Dolomiti a 2000 m min 3\u00b0, max 12\u00b0; a 3000 m min -4\u00b0, max 3\u00b0.<br \/>\n<b>Venti: <\/b>Nelle valli in genere deboli con qualche moderato rinforzo per brezze, specie dalle ore centrali, in quota deboli o moderati in prevalenza da nord, a 10-20 km\/h sia a 2000 che a 3000 m.<\/p>\n<hr \/>\n<p><center><b>Mercoledi 11<\/b><\/center><b>Tempo atteso: <\/b>Tempo soleggiato e stabile specie al mattino; dalle ore centrali probabili addensamenti dovuti al riscaldamento diurno, specie sulle Dolomiti in prossimit\u00e0 delle cime, e non si esclude possano determinare localmente qualche sporadico e breve piovasco, specie lungo i pendii; rasserenamenti in serata.<br \/>\n<b>Precipitazioni: <\/b>Generalmente assenti, salvo qualche sporadico piovasco lungo i pendii, con eventuale quota neve oltre i 3000 m.<br \/>\n<b>Temperature: <\/b>In ulteriore aumento, specie nei valori massimi, che saranno superiori alla norma. Clima diurno gradevole con ulteriore lieve aumento dell&#8217;escursione termica giornaliera. Su Prealpi a 1500 m min 8\u00b0, max 15\u00b0; a 2000 m min 5\u00b0, max 13\u00b0. Su Dolomiti a 2000 m min 5\u00b0, max 15\u00b0; a 3000 m min -1\u00b0, max 6\u00b0.<br \/>\n<b>Venti: <\/b>Nelle valli deboli o moderati per brezze, in quota deboli in prevalenza occidentali, a 10-15 km\/h sia a 2000 che a 3000 m.<\/p>\n<hr \/>\n<p><center><b>Giovedi 12<\/b><\/center>Tempo ancora in prevalenza soleggiato e stabile specie al mattino, salvo qualche temporanea foschia o nube bassa in alcune valli prealpine; probabili addensamenti diurni specie sulle Dolomiti e non si esclude possano determinare localmente ancora qualche sporadico e breve piovasco. Temperature in ulteriore aumento, ben superiori alle medie del periodo. Venti in quota moderati occidentali.<\/p>\n<hr \/>\n<p><center><b>Venerdi 13<\/b><\/center>Al mattino tempo stabile con cielo generalmente sereno o poco nuvoloso, salvo foschie e locali nubi basse in alcune valli. Graduale aumento della nuvolosit\u00e0 nel corso della mattinata con tempo lievemente instabile dalle ore centrali e possibili precipitazioni sparse anche a carattere di rovescio o di temporale. Temperature in calo specie le massime; clima diurno pi\u00f9 fresco rispetto a gioved\u00ec. Venti in quota ancora moderati dai quadranti occidentali. Previsore: M.Padoan<\/p>\n<p>&nbsp;<\/p>\n<hr \/>\n<p>&nbsp;<\/p>\n<p>&nbsp;<\/p>\n<p><a href=\"https:\/\/www.radiopiu.net\/wordpress\/giornale-radiopiu-26-settembre-2018-direttore-mirko-mezzacasa\/viabilita-2\/\" rel=\"attachment wp-att-61954\"><img loading=\"lazy\" decoding=\"async\" class=\"aligncenter wp-image-61954 size-full\" src=\"https:\/\/www.radiopiu.net\/wordpress\/wp-content\/uploads\/2018\/09\/viabilita.jpeg\" sizes=\"auto, (max-width: 800px) 100vw, 800px\" srcset=\"https:\/\/www.radiopiu.net\/wordpress\/wp-content\/uploads\/2018\/09\/viabilita.jpeg 800w, https:\/\/www.radiopiu.net\/wordpress\/wp-content\/uploads\/2018\/09\/viabilita-300x38.jpeg 300w, https:\/\/www.radiopiu.net\/wordpress\/wp-content\/uploads\/2018\/09\/viabilita-768x96.jpeg 768w\" alt=\"\" width=\"800\" height=\"100\" \/><\/a><\/p>\n<p>&nbsp;<\/p>\n<blockquote class=\"wp-embedded-content\" data-secret=\"yZqesYxxeh\"><p><a href=\"https:\/\/www.radiopiu.net\/wordpress\/viabilita\/\">viabilita<\/a><\/p><\/blockquote>\n<p><iframe loading=\"lazy\" class=\"wp-embedded-content\" sandbox=\"allow-scripts\" security=\"restricted\" style=\"position: absolute; clip: rect(1px, 1px, 1px, 1px);\" title=\"&#8220;viabilita&#8221; &#8212; Radio Pi\u00f9\" src=\"https:\/\/www.radiopiu.net\/wordpress\/viabilita\/embed\/#?secret=v6SxxOoKBA#?secret=yZqesYxxeh\" data-secret=\"yZqesYxxeh\" width=\"600\" height=\"338\" frameborder=\"0\" marginwidth=\"0\" marginheight=\"0\" scrolling=\"no\"><\/iframe><\/p>\n<p>&nbsp;<\/p>\n<hr \/>\n<p>&nbsp;<\/p>\n<p>&nbsp;<\/p>\n<p><img loading=\"lazy\" decoding=\"async\" class=\"wp-image-60761 size-full aligncenter\" src=\"https:\/\/www.radiopiu.net\/wordpress\/wp-content\/uploads\/2018\/09\/sport.jpg\" alt=\"\" width=\"800\" height=\"100\" srcset=\"https:\/\/www.radiopiu.net\/wordpress\/wp-content\/uploads\/2018\/09\/sport.jpg 800w, https:\/\/www.radiopiu.net\/wordpress\/wp-content\/uploads\/2018\/09\/sport-300x38.jpg 300w, https:\/\/www.radiopiu.net\/wordpress\/wp-content\/uploads\/2018\/09\/sport-768x96.jpg 768w\" sizes=\"auto, (max-width: 800px) 100vw, 800px\" \/><\/p>\n<p>&nbsp;<\/p>\n<p><span style=\"color: #0000ff;\"><strong>CALCIO<\/strong><\/span><\/p>\n<blockquote>\n<h3>GLI ALLIEVI DELL&#8217;AGORDINA SI PREPARANO ALL&#8217;ULTIMA PARTITA STAGIONALE, LA PIU&#8217; IMPORTANTE<\/h3>\n<\/blockquote>\n<p><strong><a class=\"dt-pswp-item\" href=\"https:\/\/www.radiopiu.net\/wordpress\/wp-content\/uploads\/2019\/09\/AGORDINA-CALCIO.jpeg\" data-dt-img-description=\"\" data-large_image_width=\"225\" data-large_image_height=\"225\"><img loading=\"lazy\" decoding=\"async\" class=\"size-thumbnail wp-image-97575 alignleft\" src=\"https:\/\/www.radiopiu.net\/wordpress\/wp-content\/uploads\/2019\/09\/AGORDINA-CALCIO-150x150.jpeg\" alt=\"\" width=\"150\" height=\"150\" srcset=\"https:\/\/www.radiopiu.net\/wordpress\/wp-content\/uploads\/2019\/09\/AGORDINA-CALCIO-150x150.jpeg 150w, https:\/\/www.radiopiu.net\/wordpress\/wp-content\/uploads\/2019\/09\/AGORDINA-CALCIO.jpeg 225w\" sizes=\"auto, (max-width: 150px) 100vw, 150px\" \/><\/a>AGORDO<\/strong> Sar\u00e0 un fine settimana importante per il settore giovanile dell\u2019Agordina, specialmente per gli Allievi Regionali allenati da Orzetti che domenica mattina giocheranno l\u2019ultima partita della stagione all\u2019Ivano Dorigo di Agordo. Un match fondamentale per i ragazzi di Agordo che contro il Conegliano si giocheranno un\u2019intera stagione. All\u2019Agordina serve un punto contro la seconda della classe per assicurarsi un altro anno nel campionato regionale. Non sar\u00e0 un\u2019impresa da poco anche perch\u00e9 la formazione di Agordo era data per spacciata prima della sosta per il covid. La squadra ha bisogno del sostegno di tutti e per questo la societ\u00e0 invita tutti coloro che vogliono tifare Agordina a recarsi al campo di Agordo domenica alle 10:30. In caso di sconfitta l\u2019Agordina deve sperare nell\u2019Alpago che se vince contro il Barbisano regala ai ragazzi di Orzetti la permanenza nel campionato regionale.<\/p>\n<p>&nbsp;<\/p>\n<p>&nbsp;<\/p>\n<hr \/>\n<p>&nbsp;<\/p>\n<div class=\"page-title-head hgroup\">\n<h3 class=\"entry-title\">A IMOLA IL FINE SETTIMANA MOTORISTICO DI ANDREA E DENIS<\/h3>\n<\/div>\n<div class=\"page-title-breadcrumbs\"><\/div>\n<p>&nbsp;<\/p>\n<p><strong>BELLUNO<\/strong><\/p>\n<p><strong>di\u00a0 ROBERTO BONA<\/strong><\/p>\n<p><span style=\"color: #0000ff;\"><strong>audio<\/strong><\/span><\/p>\n<audio class=\"wp-audio-shortcode\" id=\"audio-274651-14\" preload=\"none\" style=\"width: 100%;\" controls=\"controls\"><source type=\"audio\/mpeg\" src=\"https:\/\/www.radiopiu.net\/wordpress\/wp-content\/uploads\/2022\/05\/ROBERTO-RIASSUNTO.mp3?_=14\" \/><a href=\"https:\/\/www.radiopiu.net\/wordpress\/wp-content\/uploads\/2022\/05\/ROBERTO-RIASSUNTO.mp3\">https:\/\/www.radiopiu.net\/wordpress\/wp-content\/uploads\/2022\/05\/ROBERTO-RIASSUNTO.mp3<\/a><\/audio>\n<p>&nbsp;<\/p>\n<p>&nbsp;<\/p>\n\n\t\t\t<style type='text\/css'>\n\t\t\t\t#gallery-6 {\n\t\t\t\t\tmargin: auto;\n\t\t\t\t}\n\t\t\t\t#gallery-6 .gallery-item {\n\t\t\t\t\tfloat: left;\n\t\t\t\t\tmargin-top: 10px;\n\t\t\t\t\ttext-align: center;\n\t\t\t\t\twidth: 50%;\n\t\t\t\t}\n\t\t\t\t#gallery-6 img {\n\t\t\t\t\tborder: 2px solid #cfcfcf;\n\t\t\t\t}\n\t\t\t\t#gallery-6 .gallery-caption {\n\t\t\t\t\tmargin-left: 0;\n\t\t\t\t}\n\t\t\t\t\/* see gallery_shortcode() in wp-includes\/media.php *\/\n\t\t\t<\/style>\n\t\t<div id='gallery-6' class='dt-gallery-container gallery galleryid-274651 gallery-columns-2 gallery-size-medium'><dl class='gallery-item'>\n\t\t\t\t<dt class='gallery-icon landscape'>\n\t\t\t\t\t<a class=\"rollover rollover-zoom dt-pswp-item\" title=\"52f91440-5854-474d-92bf-1e96b110cd40\" data-dt-img-description=\"\" data-large_image_width=\"150\" data-large_image_height=\"150\"href='https:\/\/www.radiopiu.net\/wordpress\/wp-content\/uploads\/2022\/05\/52f91440-5854-474d-92bf-1e96b110cd40.jpg'><img loading=\"lazy\" decoding=\"async\" width=\"150\" height=\"150\" src=\"https:\/\/www.radiopiu.net\/wordpress\/wp-content\/uploads\/2022\/05\/52f91440-5854-474d-92bf-1e96b110cd40.jpg\" class=\"attachment-medium size-medium\" alt=\"\" \/><\/a>\n\t\t\t\t<\/dt><\/dl><dl class='gallery-item'>\n\t\t\t\t<dt class='gallery-icon landscape'>\n\t\t\t\t\t<a class=\"rollover rollover-zoom dt-pswp-item\" title=\"0def7d1b-d79d-44d8-9ce4-b67d9cab384f\" data-dt-img-description=\"\" data-large_image_width=\"150\" data-large_image_height=\"150\"href='https:\/\/www.radiopiu.net\/wordpress\/wp-content\/uploads\/2022\/05\/0def7d1b-d79d-44d8-9ce4-b67d9cab384f.jpg'><img loading=\"lazy\" decoding=\"async\" width=\"150\" height=\"150\" src=\"https:\/\/www.radiopiu.net\/wordpress\/wp-content\/uploads\/2022\/05\/0def7d1b-d79d-44d8-9ce4-b67d9cab384f.jpg\" class=\"attachment-medium size-medium\" alt=\"\" \/><\/a>\n\t\t\t\t<\/dt><\/dl><br style=\"clear: both\" \/>\n\t\t\t<\/div>\n\n<p>&nbsp;<\/p>\n<hr \/>\n<p>&nbsp;<\/p>\n<blockquote>\n<h2>TUTTI GLI ARTICOLI DEL FINE SETTIMANA, DI ROBERTO BONA<\/h2>\n<\/blockquote>\n<h2><\/h2>\n<hr \/>\n<p>&nbsp;<\/p>\n<p><span style=\"color: #ff0000;\"><strong>VENERDI FONTANA <\/strong><\/span><\/p>\n<p>&nbsp;<\/p>\n<blockquote class=\"wp-embedded-content\" data-secret=\"L94TIupNnf\"><p><a href=\"https:\/\/www.radiopiu.net\/wordpress\/fontana2a\/\">IN PROVA UNDICESIMO TEMPO PER ANDREA FONTANA\u00a0\u00a0<\/a><\/p><\/blockquote>\n<p><iframe loading=\"lazy\" class=\"wp-embedded-content\" sandbox=\"allow-scripts\" security=\"restricted\" style=\"position: absolute; clip: rect(1px, 1px, 1px, 1px);\" title=\"&#8220;IN PROVA UNDICESIMO TEMPO PER ANDREA FONTANA\u00a0\u00a0&#8221; &#8212; Radio Pi\u00f9\" src=\"https:\/\/www.radiopiu.net\/wordpress\/fontana2a\/embed\/#?secret=oSZdi3qApB#?secret=L94TIupNnf\" data-secret=\"L94TIupNnf\" width=\"600\" height=\"338\" frameborder=\"0\" marginwidth=\"0\" marginheight=\"0\" scrolling=\"no\"><\/iframe><\/p>\n<p>&nbsp;<\/p>\n<p><span style=\"color: #ff0000;\"><strong>SABATO FONTANA 1<\/strong><\/span><\/p>\n<p>&nbsp;<\/p>\n<blockquote class=\"wp-embedded-content\" data-secret=\"O8Hoi6YEum\"><p><a href=\"https:\/\/www.radiopiu.net\/wordpress\/andrea-fontana-chiude-in-tredicesima-posizione-gara-1-a-imola-ma-che-sfortuna\/\">ANDREA FONTANA CHIUDE IN TREDICESIMA POSIZIONE GARA 1 A IMOLA&#8230;MA CHE SFORTUNA<\/a><\/p><\/blockquote>\n<p><iframe loading=\"lazy\" class=\"wp-embedded-content\" sandbox=\"allow-scripts\" security=\"restricted\" style=\"position: absolute; clip: rect(1px, 1px, 1px, 1px);\" title=\"&#8220;ANDREA FONTANA CHIUDE IN TREDICESIMA POSIZIONE GARA 1 A IMOLA&#8230;MA CHE SFORTUNA&#8221; &#8212; Radio Pi\u00f9\" src=\"https:\/\/www.radiopiu.net\/wordpress\/andrea-fontana-chiude-in-tredicesima-posizione-gara-1-a-imola-ma-che-sfortuna\/embed\/#?secret=rJvRbTKPdB#?secret=O8Hoi6YEum\" data-secret=\"O8Hoi6YEum\" width=\"600\" height=\"338\" frameborder=\"0\" marginwidth=\"0\" marginheight=\"0\" scrolling=\"no\"><\/iframe><\/p>\n<p>&nbsp;<\/p>\n<p><span style=\"color: #ff0000;\"><strong>SABATO FONTANA 2<\/strong><\/span><\/p>\n<p>&nbsp;<\/p>\n<blockquote class=\"wp-embedded-content\" data-secret=\"wFC0UzG8xT\"><p><a href=\"https:\/\/www.radiopiu.net\/wordpress\/undicesima-posizione-per-andrea-fontana\/\">UNDICESIMA POSIZIONE PER ANDREA FONTANA NELLE QUALIFICHE DELLA CARRERA CUP<\/a><\/p><\/blockquote>\n<p><iframe loading=\"lazy\" class=\"wp-embedded-content\" sandbox=\"allow-scripts\" security=\"restricted\" style=\"position: absolute; clip: rect(1px, 1px, 1px, 1px);\" title=\"&#8220;UNDICESIMA POSIZIONE PER ANDREA FONTANA NELLE QUALIFICHE DELLA CARRERA CUP&#8221; &#8212; Radio Pi\u00f9\" src=\"https:\/\/www.radiopiu.net\/wordpress\/undicesima-posizione-per-andrea-fontana\/embed\/#?secret=WthNGYHENd#?secret=wFC0UzG8xT\" data-secret=\"wFC0UzG8xT\" width=\"600\" height=\"338\" frameborder=\"0\" marginwidth=\"0\" marginheight=\"0\" scrolling=\"no\"><\/iframe><\/p>\n<p>&nbsp;<\/p>\n<p><span style=\"color: #ff0000;\"><strong>DOMENICA FONTANA<\/strong><\/span><\/p>\n<p>&nbsp;<\/p>\n<blockquote class=\"wp-embedded-content\" data-secret=\"RzLTTBywb5\"><p><a href=\"https:\/\/www.radiopiu.net\/wordpress\/il-fine-settimana-di-andrea-fontana-ad-imola\/\">IL FINE SETTIMANA DI ANDREA FONTANA AD IMOLA<\/a><\/p><\/blockquote>\n<p><iframe loading=\"lazy\" class=\"wp-embedded-content\" sandbox=\"allow-scripts\" security=\"restricted\" style=\"position: absolute; clip: rect(1px, 1px, 1px, 1px);\" title=\"&#8220;IL FINE SETTIMANA DI ANDREA FONTANA AD IMOLA&#8221; &#8212; Radio Pi\u00f9\" src=\"https:\/\/www.radiopiu.net\/wordpress\/il-fine-settimana-di-andrea-fontana-ad-imola\/embed\/#?secret=KNmwYEhbnp#?secret=RzLTTBywb5\" data-secret=\"RzLTTBywb5\" width=\"600\" height=\"338\" frameborder=\"0\" marginwidth=\"0\" marginheight=\"0\" scrolling=\"no\"><\/iframe><\/p>\n<hr \/>\n<p><span style=\"color: #ff0000;\"><strong>\u00a0<\/strong><\/span><\/p>\n<p><span style=\"color: #ff0000;\"><strong>DOMENICA MEZZACASA<\/strong><\/span><\/p>\n<p>&nbsp;<\/p>\n<blockquote class=\"wp-embedded-content\" data-secret=\"fW2VoBoDOX\"><p><a href=\"https:\/\/www.radiopiu.net\/wordpress\/termina-con-un-ritiro-il-fine-settimana-di-denis-mezzacasa-ad-imola\/\">TERMINA CON UN RITIRO IL FINE SETTIMANA DI DENIS MEZZACASA AD IMOLA<\/a><\/p><\/blockquote>\n<p><iframe loading=\"lazy\" class=\"wp-embedded-content\" sandbox=\"allow-scripts\" security=\"restricted\" style=\"position: absolute; clip: rect(1px, 1px, 1px, 1px);\" title=\"&#8220;TERMINA CON UN RITIRO IL FINE SETTIMANA DI DENIS MEZZACASA AD IMOLA&#8221; &#8212; Radio Pi\u00f9\" src=\"https:\/\/www.radiopiu.net\/wordpress\/termina-con-un-ritiro-il-fine-settimana-di-denis-mezzacasa-ad-imola\/embed\/#?secret=JxKPVoTzvN#?secret=fW2VoBoDOX\" data-secret=\"fW2VoBoDOX\" width=\"600\" height=\"338\" frameborder=\"0\" marginwidth=\"0\" marginheight=\"0\" scrolling=\"no\"><\/iframe><\/p>\n<p><span style=\"color: #ff0000;\"><strong>DOMENICA MEZZACASA\u00a0<\/strong><\/span><\/p>\n<blockquote class=\"wp-embedded-content\" data-secret=\"Jf7bmS0MoU\"><p><a href=\"https:\/\/www.radiopiu.net\/wordpress\/laci-racing-weekend-di-imola-inizia-in-chiaro-scuro-per-i-piloti-bellunesi\/\">L&#8217;ACI RACING WEEKEND DI IMOLA INIZIA IN CHIARO SCURO PER I PILOTI BELLUNESI<\/a><\/p><\/blockquote>\n<p><iframe loading=\"lazy\" class=\"wp-embedded-content\" sandbox=\"allow-scripts\" security=\"restricted\" style=\"position: absolute; clip: rect(1px, 1px, 1px, 1px);\" title=\"&#8220;L&#8217;ACI RACING WEEKEND DI IMOLA INIZIA IN CHIARO SCURO PER I PILOTI BELLUNESI&#8221; &#8212; Radio Pi\u00f9\" src=\"https:\/\/www.radiopiu.net\/wordpress\/laci-racing-weekend-di-imola-inizia-in-chiaro-scuro-per-i-piloti-bellunesi\/embed\/#?secret=idhfcK61UQ#?secret=Jf7bmS0MoU\" data-secret=\"Jf7bmS0MoU\" width=\"600\" height=\"338\" frameborder=\"0\" marginwidth=\"0\" marginheight=\"0\" scrolling=\"no\"><\/iframe><\/p>\n<p>&nbsp;<\/p>\n<p>&nbsp;<\/p>\n<hr \/>\n<p>&nbsp;<\/p>\n<p><span style=\"color: #0000ff;\"><strong>HOCKEY GHIACCIO<\/strong><\/span><\/p>\n<p>&nbsp;<\/p>\n<table width=\"100%\">\n<tbody>\n<tr>\n<td>\n<table width=\"100%\">\n<tbody>\n<tr>\n<td>\n<table width=\"100%\">\n<tbody>\n<tr>\n<td>\n<h2><\/h2>\n<blockquote>\n<h3><a class=\"dt-pswp-item\" href=\"https:\/\/www.radiopiu.net\/wordpress\/wp-content\/uploads\/2022\/05\/66dc6dd4-69da-6002-3083-4a06ef787d05.jpg\" data-dt-img-description=\"\" data-large_image_width=\"750\" data-large_image_height=\"571\"><img loading=\"lazy\" decoding=\"async\" class=\"wp-image-274815 size-medium alignleft\" src=\"https:\/\/www.radiopiu.net\/wordpress\/wp-content\/uploads\/2022\/05\/66dc6dd4-69da-6002-3083-4a06ef787d05-300x228.jpg\" alt=\"\" width=\"300\" height=\"228\" srcset=\"https:\/\/www.radiopiu.net\/wordpress\/wp-content\/uploads\/2022\/05\/66dc6dd4-69da-6002-3083-4a06ef787d05-300x228.jpg 300w, https:\/\/www.radiopiu.net\/wordpress\/wp-content\/uploads\/2022\/05\/66dc6dd4-69da-6002-3083-4a06ef787d05.jpg 750w\" sizes=\"auto, (max-width: 300px) 100vw, 300px\" \/><\/a><\/h3>\n<h3><\/h3>\n<h3><\/h3>\n<h3>Oggi ultima amichevole con la Gran Bretagna, intanto \u00e8 arrivato Diego Kostner<\/h3>\n<\/blockquote>\n<h3><\/h3>\n<\/td>\n<\/tr>\n<\/tbody>\n<\/table>\n<\/td>\n<\/tr>\n<\/tbody>\n<\/table>\n<\/td>\n<\/tr>\n<tr>\n<td>\n<table width=\"100%\">\n<tbody>\n<tr>\n<td><\/td>\n<\/tr>\n<\/tbody>\n<\/table>\n<table width=\"100%\">\n<tbody>\n<tr>\n<td>\n<table width=\"100%\">\n<tbody>\n<tr>\n<td>&nbsp;<\/p>\n<p>Andr\u00e0 in scena questa sera alle 20:30 la sesta e ultima partita della preparazione ai mondiali.L&#8217;Italia torna a giocare contro i padroni di casa della Gran Bretagna questa volta allo SkyDome di Coventry, ghiaccio su cui i ragazzi di Ireland si allenano da gioved\u00ec scorso. Seconda sfida con i britannici dopo la vittoria per 3-1 del 5 maggio a Milton Keynes in una bella partita piuttosto equilibrata in cui l&#8217;Italia si \u00e8 comunque dimostrata pi\u00f9 forte. Mai in svantaggio, gli azzurri hanno segnato un gol per tempo con Magnabosco nel primo, Trivellato in power-play nel secondo (2-1) e Hannoun nel terzo per chiudere il match. Un solo gol subito da Justin Fazio, arrivato in situazione d&#8217;inferiorit\u00e0 numerica (non accadeva dalla seconda partita contro l&#8217;Austria).<\/p>\n<p>&nbsp;<\/p>\n<p>&nbsp;<\/td>\n<\/tr>\n<\/tbody>\n<\/table>\n<\/td>\n<\/tr>\n<\/tbody>\n<\/table>\n<\/td>\n<\/tr>\n<\/tbody>\n<\/table>\n<p>&nbsp;<\/p>\n<p>&nbsp;<\/p>\n<p>&nbsp;<\/p>\n<p>&nbsp;<\/p>\n<p>&nbsp;<\/p>\n<p>&nbsp;<\/p>\n<hr \/>\n<p>&nbsp;<\/p>\n<\/div>\n<\/div>\n<\/div>\n<\/div>\n<\/div>\n<\/div>\n<\/div>\n<\/div>\n<\/div>\n<\/div>\n<\/div>\n<\/div>\n<\/div>\n<\/div>\n<\/div>\n<\/div>\n<\/div>\n<\/div>\n<\/div>\n<\/div>\n<\/div>\n<\/div>\n<\/div>\n<\/div>\n<\/div>\n<\/div>\n<\/div>\n<\/div>\n<\/div>\n<\/div>\n<\/div>\n<\/div>\n<\/div>\n<\/div>\n<\/div>\n<\/div>\n<\/div>\n<\/div>\n<\/div>\n<\/div>\n<\/div>\n<\/div>\n<\/div>\n<\/div>\n<\/div>\n<\/div>\n<\/div>\n<\/div>\n<\/div>\n<\/div>\n<\/div>\n<\/div>\n<\/div>\n<\/div>\n<\/div>\n<\/div>\n<\/div>\n<\/div>\n<\/div>\n<\/div>\n<\/div>\n<\/div>\n<\/div>\n<\/div>\n<\/div>\n<\/div>\n<\/div>\n<\/div>\n<\/div>\n<\/div>\n<\/div>\n<\/div>\n<\/div>\n<\/div>\n<\/div>\n<\/div>\n<\/div>\n<\/div>\n<\/div>\n<\/div>\n<\/div>\n<\/div>\n<\/div>\n<\/div>\n<\/div>\n<\/div>\n<\/div>\n<\/div>\n<\/div>\n<\/div>\n<\/div>\n<\/div>\n<\/div>\n<\/div>\n<\/div>\n<\/div>\n<\/div>\n<\/div>\n<\/div>\n<\/div>\n<\/div>\n<\/div>\n<\/div>\n<\/div>\n<\/div>\n","protected":false},"excerpt":{"rendered":"<p>\u00a0RADIO PIU INFORMAZIONE il canale su TELEGRAM informazione di prima\u00a0 mano e in tempo reale. iscriviti ed aiutaci a farlo conoscere\u00a0\u00a0 &nbsp; &nbsp; INTERRUZIONI SERVIZIO IDRICO LIVINALLONGO Gestione Servizi Pubblici informa che, per lavori alla rete idrica comunale, oggi\u00a0 dalle 8 alle\u00a0 17 potrebbe mancare l&#8217;acqua in comune di Livinallongo nelle localit\u00e0 Bo\u00e8, Palluacia, Mesd\u00ec&hellip;<\/p>\n","protected":false},"author":4,"featured_media":274762,"comment_status":"closed","ping_status":"closed","sticky":false,"template":"","format":"standard","meta":{"_monsterinsights_skip_tracking":false,"_monsterinsights_sitenote_active":false,"_monsterinsights_sitenote_note":"","_monsterinsights_sitenote_category":0,"footnotes":""},"categories":[51,86,49],"tags":[],"class_list":["post-274651","post","type-post","status-publish","format-standard","has-post-thumbnail","hentry","category-evidenza-top","category-gr","category-news-18","category-51","category-86","category-49","description-off"],"img_url":"https:\/\/www.radiopiu.net\/wordpress\/wp-content\/uploads\/2022\/05\/Da-sx-Reana-Naldo-Elena-Donazzan-Claudia-Scarzanella-Roberta-De-Salvador-1.jpg","_links":{"self":[{"href":"https:\/\/www.radiopiu.net\/wordpress\/wp-json\/wp\/v2\/posts\/274651","targetHints":{"allow":["GET"]}}],"collection":[{"href":"https:\/\/www.radiopiu.net\/wordpress\/wp-json\/wp\/v2\/posts"}],"about":[{"href":"https:\/\/www.radiopiu.net\/wordpress\/wp-json\/wp\/v2\/types\/post"}],"author":[{"embeddable":true,"href":"https:\/\/www.radiopiu.net\/wordpress\/wp-json\/wp\/v2\/users\/4"}],"replies":[{"embeddable":true,"href":"https:\/\/www.radiopiu.net\/wordpress\/wp-json\/wp\/v2\/comments?post=274651"}],"version-history":[{"count":0,"href":"https:\/\/www.radiopiu.net\/wordpress\/wp-json\/wp\/v2\/posts\/274651\/revisions"}],"wp:featuredmedia":[{"embeddable":true,"href":"https:\/\/www.radiopiu.net\/wordpress\/wp-json\/wp\/v2\/media\/274762"}],"wp:attachment":[{"href":"https:\/\/www.radiopiu.net\/wordpress\/wp-json\/wp\/v2\/media?parent=274651"}],"wp:term":[{"taxonomy":"category","embeddable":true,"href":"https:\/\/www.radiopiu.net\/wordpress\/wp-json\/wp\/v2\/categories?post=274651"},{"taxonomy":"post_tag","embeddable":true,"href":"https:\/\/www.radiopiu.net\/wordpress\/wp-json\/wp\/v2\/tags?post=274651"}],"curies":[{"name":"wp","href":"https:\/\/api.w.org\/{rel}","templated":true}]}}