{"id":274712,"date":"2022-05-09T11:04:47","date_gmt":"2022-05-09T09:04:47","guid":{"rendered":"https:\/\/www.radiopiu.net\/wordpress\/?p=274712"},"modified":"2022-05-09T11:07:04","modified_gmt":"2022-05-09T09:07:04","slug":"boa-di-conaggia-23-27-aprile-1888-parte-seconda","status":"publish","type":"post","link":"https:\/\/www.radiopiu.net\/wordpress\/boa-di-conaggia-23-27-aprile-1888-parte-seconda\/","title":{"rendered":"BOA DI CONAGGIA 23-27 APRILE 1888 \u2013 PARTE SECONDA"},"content":{"rendered":"<p><strong>di Tiziano De Col<\/strong><\/p>\n<p><em><strong>Lettera al Deputato Cav. Pascolato \u2013 28 aprile 1888<\/strong><\/em><\/p>\n<p>On. Sign. Deputato Cav. Pascolato \u2013 Roma<\/p>\n<p>Terribile e gravissimo infortunio cominci\u00f2 nel 23 corrente a scaraventarsi sopra una Villa di questo Comune denominata Conaggia. Piantata dessa in fondo ad un bacino contornato a pochissima distanza da alti monti, uno di questi, che franatosi fin dalla prima met\u00e0 del secolo passato la rovinava nelle sue case, per lo squagliamento delle grandi nevi torn\u00f2 a franare adesso, e nel pomeriggio appunto del 23 corrente l\u2019alluvione della motta, degli alberi schiantati, dei massi di pietra e di neve forzava i poveri abitanti ad un esodo desolante colle loro masserizie, coi loro animali e coi scarsi foraggi. Si ricoverarono alla meglio in altre Ville e presso altre famiglie di questo Comune. Le famiglie che dovettero abbandonare le loro case sommano a 60. La parte inferiore della Villa \u00e8 gi\u00e0 allagata di melma; nessuna casa e fienile crollati per ora; ma si limitasse anche l\u2019alluvione a riempire del suo materiale le fabbriche senza rovinarle o portarsele via, sono per ci\u00f2 stesso rese inabitabili in avvenire. Di pi\u00f9 i guardiani che visitano ogni d\u00ec il monte minaccioso riferiscono ch\u2019esso \u00e8 smottato fino alle sue creste e che il materiale in motta nei giorni scorsi e attualmente fermatosi, \u00e8 il doppio di quello gi\u00e0 dirupatosi. Poveri gli abitanti di Conaggia! Essi che trepidavano in passato ad ogni pioggia torrenziale, ad ogni ingrossamento del torrentaccio che lambe la loro Villa, o allo squagliamento delle nevi in primavera, ne sono adesso cos\u00ec sgomenti, che non vogliono ad ogni conto tornar pi\u00f9 nelle loro case. E dall\u2019alto di questi monti mandano un grido di dolore e di preghiera a Lei, Onorevole Signore, affinch\u00e9, messosi d\u2019accordo con gli altri due suoi Colleghi Deputati di questa Provincia, ne interpellino la Camera ed il Ministero per un sussidio da stanziare ai poveri disgraziati di Conaggia. Prescindendo dal danno dei prati smottati sul dorso del monte e dai campi coperti dal materiale dell\u2019alluvione in fondo alla valle essi domandavano 4000 lire per famiglia colle quali comprarsi il sedime e fabbricarsi la casa in altro terreno di questo Comune, pi\u00f9 sicuro e pi\u00f9 salubre dell\u2019abbandonato e nel modo e nelle localit\u00e0 che verr\u00e0 loro destinata dalla Commissione apposita. Potrebbero cos\u00ec utilizzare il legname e il materiale delle case abbandonate e sempre minacciate. Quello che pu\u00f2 fare questo Comune \u00e8 di conceder loro il legname mancante. Quante famiglie non volessero o non potessero fabbricarsi una nuova casa non percepiscano del sussidio particolare che ora si invoca dal Governo. Non si manca di far osservare altres\u00ec a V.S. che questo Comune non ebbe che tenuissima parte, quantunque che presentasse i relativi documenti al sussidio Governativo per i danni dell\u2019inondazione del 1882. Se trover\u00e0 del caso, mandi pure la Camera chi crede a visitare la Villa danneggiata, e rilever\u00e0 la verit\u00e0 di quanto si asserisce, e approver\u00e0 la domanda con che unicamente si pu\u00f2 provvedere e adesso e per sempre in avvenire al bene della Villa sfortunata. Quanti intelligenti furono in questi giorni a vedere lo spettacolo spaventoso dell\u2019alluvione, appalesarono l\u2019imperiosit\u00e0 che questa Villa trapianti altrove i suoi lari. A quest\u2019ora il Ministero avr\u00e0 gi\u00e0 ricevuto la relazione dell\u2019 Ingegnere Capo del Genio Civile di Belluno che fu di sopraluogo\u00a0 e che le unisco in copia per opportuna conoscenza. Onor. Sign. Deputato, ascolti pietoso questo grido di dolore e di preghiera che per mezzo mio Le mandano questi miei amministrati, perori la loro causa presso la Camera e faccio voti che con unanime deliberazione mi abbiano a consolare di favorevole rescritto, Della S.V. Onor.ma\u00a0\u00a0\u00a0\u00a0 Devotissimo Sindaco\u00a0\u00a0 De Col Giuseppe<\/p>\n<p><em><strong>Relazione del Sindaco di La Valle al Genio Civile di Belluno<\/strong><\/em><\/p>\n<p>Illustrissimo Sign. Ingegner Capo del Genio Civile di Belluno<\/p>\n<p>Mi onoro riferirLe quanto segue: Il numero degli abitanti del villaggio di Conaggia \u00e8 di 416. Conaggia \u00e8 il villaggio pi\u00f9 numeroso dei dieci che formano questo Comune. Le famiglie componenti il villaggio sono 67, per\u00f2, in qualche casa, vi sono due o tre fuochi\/famiglia separate e comproprietarie Le case ingombrate, compresi stalle e fienili sono fino al 28 , elevandosi continuamente la materia tra il 26 e il 27 si ingombrarono e resesi inabilabili altre sei case Tranne cinque famiglie, che lo fanno in questo giorno, tutte le altre fino da ieri trasportarono ogni mobilia e robba di casa nei villaggi di Cugnago, Fades e Lantrago presso parenti, amici e conoscenti, ove alloggiarono la scorsa notte, e questa ventura in quel villaggio non vi abita alcuno, all\u2019infuori delle persone poste a guardia per ogni buon \u2026\u2026 Gli abitanti quindi che non abbandonarono il villaggio (ma che sono prossimi ad abbandonarlo) sono di 35 . Domani il villaggio sar\u00e0 deserto affatto, pressocch\u00e8 alcuno si fida a rimanervi. Quindi il danno che arrec\u00f2 la frana , alle fabbriche, ai terreni coltivati, ai prati asportati, alle piante in numero non minore di 4000 erano sopra questi, l\u2019immensa materia utile che venne portata via dall\u2019 acqua e la perdita del capitale del trasporto di ogni casa al villaggio stesso si calcola per ora in via approssimativa a Lire 500.000. Da Informazioni or sono pervenutemi il pericolo non \u00e8 per anco cessato, perch\u00e9 ancora una massa inimmensurabile \u00e8 in movimento lass\u00f9, le cui conseguenze non si possono prevedere<\/p>\n<p>Il Sindaco<\/p>\n<p>&nbsp;<\/p>\n<p><em><strong>Stima del danno da parte del Comune \u2013 28 aprile 1888<\/strong><\/em><\/p>\n<p>MONTE: Frana larghezza lato superiore m 500 circa e lato inferiore m 30 circa, larghezza media m 268 e lunghezza m 2000 per una superfice approssimativa di 536.000 metri quadrati.<\/p>\n<p>PIANO: Larghezza media m 200 e lunghezza dal villaggio ai piedi del monte m 3000, per una superfice approssimativa di 600.000 metri quadrati. Letto dell\u2019acqua anteriore all\u2019evento, lunghezza m 3000, larghezza m 30 per una superfice anteriore all\u2019evento di 90000 metri quadrati. Il territorio perso a causa dell\u2019evento \u00e8 di circa 1.046.000 mq al quale si sommano circa 190 mq di campagna in pascolo per un totale di 1.196.000 mq (pari a 119,6 ettari)<\/p>\n<p><a class=\"dt-pswp-item\" href=\"https:\/\/www.radiopiu.net\/wordpress\/wp-content\/uploads\/2022\/05\/12ee73d4-9115-4079-8c06-63b9356c141d.jpg\" data-dt-img-description=\"\" data-large_image_width=\"1600\" data-large_image_height=\"1152\"><img loading=\"lazy\" decoding=\"async\" class=\"aligncenter wp-image-274713 size-medium\" src=\"https:\/\/www.radiopiu.net\/wordpress\/wp-content\/uploads\/2022\/05\/12ee73d4-9115-4079-8c06-63b9356c141d-300x216.jpg\" alt=\"\" width=\"300\" height=\"216\" srcset=\"https:\/\/www.radiopiu.net\/wordpress\/wp-content\/uploads\/2022\/05\/12ee73d4-9115-4079-8c06-63b9356c141d-300x216.jpg 300w, https:\/\/www.radiopiu.net\/wordpress\/wp-content\/uploads\/2022\/05\/12ee73d4-9115-4079-8c06-63b9356c141d-1024x737.jpg 1024w, https:\/\/www.radiopiu.net\/wordpress\/wp-content\/uploads\/2022\/05\/12ee73d4-9115-4079-8c06-63b9356c141d-768x553.jpg 768w, https:\/\/www.radiopiu.net\/wordpress\/wp-content\/uploads\/2022\/05\/12ee73d4-9115-4079-8c06-63b9356c141d-1536x1106.jpg 1536w, https:\/\/www.radiopiu.net\/wordpress\/wp-content\/uploads\/2022\/05\/12ee73d4-9115-4079-8c06-63b9356c141d.jpg 1600w\" sizes=\"auto, (max-width: 300px) 100vw, 300px\" \/><\/a><\/p>\n<p>La Valle Agordina vista da Rivamonte in una immagine di fine del 1800. Cerchiato in rosso si vede il villaggio di Conaggia invaso dai detriti che si spingono fino all&#8217;attuale zona ecocentro dove furono probabilmente fermati da una valanga del Valon de la Fontaniga la quale determin\u00f2 un invaso contribuendo all&#8217;interramento del villaggio di Conaggia. Questa foto \u00e8 inedita, si vedono anche le grandi valanghe e i torrenti in piena. Foto Archivio Tiziano De Col<\/p>\n<p><a class=\"dt-pswp-item\" href=\"https:\/\/www.radiopiu.net\/wordpress\/wp-content\/uploads\/2022\/05\/9014b630-fae9-49d9-b040-64f109ac1046.jpg\" data-dt-img-description=\"\" data-large_image_width=\"990\" data-large_image_height=\"627\"><img loading=\"lazy\" decoding=\"async\" class=\"aligncenter wp-image-274714 size-medium\" src=\"https:\/\/www.radiopiu.net\/wordpress\/wp-content\/uploads\/2022\/05\/9014b630-fae9-49d9-b040-64f109ac1046-300x190.jpg\" alt=\"\" width=\"300\" height=\"190\" srcset=\"https:\/\/www.radiopiu.net\/wordpress\/wp-content\/uploads\/2022\/05\/9014b630-fae9-49d9-b040-64f109ac1046-300x190.jpg 300w, https:\/\/www.radiopiu.net\/wordpress\/wp-content\/uploads\/2022\/05\/9014b630-fae9-49d9-b040-64f109ac1046-768x486.jpg 768w, https:\/\/www.radiopiu.net\/wordpress\/wp-content\/uploads\/2022\/05\/9014b630-fae9-49d9-b040-64f109ac1046.jpg 990w\" sizes=\"auto, (max-width: 300px) 100vw, 300px\" \/><\/a><\/p>\n<p>Boa di Conaggia del 1888. Foto aerea con zone di distacco. In alto a destra, paleofrana postglaciale dei Camin, sottostante allo Spiz del Moschesin, area di circa 546mila mq. ; B+C = Localit\u00e0 Soffitta; B = testata dello scivolamento del 1888 che provoc\u00f2 un ribassamento fino ad A; A= Localit\u00e0 Pian dei Gobi, dove , nel 1888 si assest\u00f2 il ribassamento proveniente da B ; D= Attuale Frana di Buscaresem, attivatasi tra il 1 luglio ed il 1 agosto 1987 superfice di circa 35mila mq; C= Frana dela Soffitta, probabilmente innescatasi nel 1748; A+B+C+D = 241mila mq; Dati catalogo IFFI-ISPRA movimenti franosi. Elaborazione Tiziano De Col<\/p>\n<p><a class=\"dt-pswp-item\" href=\"https:\/\/www.radiopiu.net\/wordpress\/wp-content\/uploads\/2022\/05\/9a487380-d926-4f96-aeb6-b7a10cbc2104.jpg\" data-dt-img-description=\"\" data-large_image_width=\"1600\" data-large_image_height=\"1010\"><img loading=\"lazy\" decoding=\"async\" class=\"aligncenter wp-image-274715 size-medium\" src=\"https:\/\/www.radiopiu.net\/wordpress\/wp-content\/uploads\/2022\/05\/9a487380-d926-4f96-aeb6-b7a10cbc2104-300x189.jpg\" alt=\"\" width=\"300\" height=\"189\" srcset=\"https:\/\/www.radiopiu.net\/wordpress\/wp-content\/uploads\/2022\/05\/9a487380-d926-4f96-aeb6-b7a10cbc2104-300x189.jpg 300w, https:\/\/www.radiopiu.net\/wordpress\/wp-content\/uploads\/2022\/05\/9a487380-d926-4f96-aeb6-b7a10cbc2104-1024x646.jpg 1024w, https:\/\/www.radiopiu.net\/wordpress\/wp-content\/uploads\/2022\/05\/9a487380-d926-4f96-aeb6-b7a10cbc2104-768x485.jpg 768w, https:\/\/www.radiopiu.net\/wordpress\/wp-content\/uploads\/2022\/05\/9a487380-d926-4f96-aeb6-b7a10cbc2104-1536x970.jpg 1536w, https:\/\/www.radiopiu.net\/wordpress\/wp-content\/uploads\/2022\/05\/9a487380-d926-4f96-aeb6-b7a10cbc2104.jpg 1600w\" sizes=\"auto, (max-width: 300px) 100vw, 300px\" \/><\/a><\/p>\n<p>Piano di Assetto Stralcio Fiume Piave_Pericolosit\u00e0 Idrogeologica. In Arancione (P3- Pericolosit\u00e0 geologica elevata) delle frane di Buscaresem e Soffitta che provocarono gli eventi del 1748-1888-1987. In verde la frana postglaciale dei Camin (P1_Pericolosit\u00e0 geologica moderata) ed in arancione scuro le frane di RU e Giaon (P4-Pericolosit\u00e0 geologica molto elevata)che si innescarono nel 1966 e delle quali parleremo nella terza parte di questa ricerca storica.<\/p>\n<p>&nbsp;<\/p>\n<p>&nbsp;<\/p>\n<blockquote class=\"wp-embedded-content\" data-secret=\"pMOFDTbnu1\"><p><a href=\"https:\/\/www.radiopiu.net\/wordpress\/la-boa-di-conaggia-del-23-27-aprile-1888-parte-prima\/\">LA &#8220;BOA&#8221; DI CONAGGIA DEL 23-27 APRILE 1888 &#8211; parte prima &#8211;<\/a><\/p><\/blockquote>\n<p><iframe loading=\"lazy\" class=\"wp-embedded-content\" sandbox=\"allow-scripts\" security=\"restricted\" style=\"position: absolute; clip: rect(1px, 1px, 1px, 1px);\" title=\"&#8220;LA &#8220;BOA&#8221; DI CONAGGIA DEL 23-27 APRILE 1888 &#8211; parte prima &#8211;&#8221; &#8212; Radio Pi\u00f9\" src=\"https:\/\/www.radiopiu.net\/wordpress\/la-boa-di-conaggia-del-23-27-aprile-1888-parte-prima\/embed\/#?secret=jcCb0wo4Hz#?secret=pMOFDTbnu1\" data-secret=\"pMOFDTbnu1\" width=\"600\" height=\"338\" frameborder=\"0\" marginwidth=\"0\" marginheight=\"0\" scrolling=\"no\"><\/iframe><\/p>\n<p>&nbsp;<\/p>\n<p>&nbsp;<\/p>\n<p>******<\/p>\n","protected":false},"excerpt":{"rendered":"<p>di Tiziano De Col Lettera al Deputato Cav. Pascolato \u2013 28 aprile 1888 On. Sign. Deputato Cav. Pascolato \u2013 Roma Terribile e gravissimo infortunio cominci\u00f2 nel 23 corrente a scaraventarsi sopra una Villa di questo Comune denominata Conaggia. Piantata dessa in fondo ad un bacino contornato a pochissima distanza da alti monti, uno di questi,&hellip;<\/p>\n","protected":false},"author":4,"featured_media":274714,"comment_status":"closed","ping_status":"closed","sticky":false,"template":"","format":"standard","meta":{"_monsterinsights_skip_tracking":false,"_monsterinsights_sitenote_active":false,"_monsterinsights_sitenote_note":"","_monsterinsights_sitenote_category":0,"footnotes":""},"categories":[104,49],"tags":[],"class_list":["post-274712","post","type-post","status-publish","format-standard","has-post-thumbnail","hentry","category-evidenza_3","category-news-18","category-104","category-49","description-off"],"img_url":"https:\/\/www.radiopiu.net\/wordpress\/wp-content\/uploads\/2022\/05\/9014b630-fae9-49d9-b040-64f109ac1046.jpg","_links":{"self":[{"href":"https:\/\/www.radiopiu.net\/wordpress\/wp-json\/wp\/v2\/posts\/274712","targetHints":{"allow":["GET"]}}],"collection":[{"href":"https:\/\/www.radiopiu.net\/wordpress\/wp-json\/wp\/v2\/posts"}],"about":[{"href":"https:\/\/www.radiopiu.net\/wordpress\/wp-json\/wp\/v2\/types\/post"}],"author":[{"embeddable":true,"href":"https:\/\/www.radiopiu.net\/wordpress\/wp-json\/wp\/v2\/users\/4"}],"replies":[{"embeddable":true,"href":"https:\/\/www.radiopiu.net\/wordpress\/wp-json\/wp\/v2\/comments?post=274712"}],"version-history":[{"count":0,"href":"https:\/\/www.radiopiu.net\/wordpress\/wp-json\/wp\/v2\/posts\/274712\/revisions"}],"wp:featuredmedia":[{"embeddable":true,"href":"https:\/\/www.radiopiu.net\/wordpress\/wp-json\/wp\/v2\/media\/274714"}],"wp:attachment":[{"href":"https:\/\/www.radiopiu.net\/wordpress\/wp-json\/wp\/v2\/media?parent=274712"}],"wp:term":[{"taxonomy":"category","embeddable":true,"href":"https:\/\/www.radiopiu.net\/wordpress\/wp-json\/wp\/v2\/categories?post=274712"},{"taxonomy":"post_tag","embeddable":true,"href":"https:\/\/www.radiopiu.net\/wordpress\/wp-json\/wp\/v2\/tags?post=274712"}],"curies":[{"name":"wp","href":"https:\/\/api.w.org\/{rel}","templated":true}]}}