{"id":274836,"date":"2022-05-10T05:56:50","date_gmt":"2022-05-10T03:56:50","guid":{"rendered":"https:\/\/www.radiopiu.net\/wordpress\/?p=274836"},"modified":"2022-05-10T06:10:39","modified_gmt":"2022-05-10T04:10:39","slug":"reddito-di-cittadinanza-nel-bellunese-35-avvisi-di-garanzia-per-falso","status":"publish","type":"post","link":"https:\/\/www.radiopiu.net\/wordpress\/reddito-di-cittadinanza-nel-bellunese-35-avvisi-di-garanzia-per-falso\/","title":{"rendered":"REDDITO DI CITTADINANZA NEL BELLUNESE, 35 AVVISI DI GARANZIA PER FALSO"},"content":{"rendered":"<p><strong>OGGI SUL CORRIERE DELLE ALPI<\/strong><\/p>\n<p><strong>di GIGI SOSSO\u00a0<\/strong><\/p>\n<p><strong><img loading=\"lazy\" decoding=\"async\" class=\"alignleft\" src=\"https:\/\/www.radiopiu.net\/wordpress\/wp-content\/uploads\/2022\/05\/download-9.jpg\" width=\"204\" height=\"114\" \/>BELLUNO<\/strong> Reddito di cittadinanza a scrocco. Sta arrivando in tribunale, alla spicciolata, il gruppo di 35 bellunesi, di nascita o adozione, che l&#8217;anno scorso ha preso o tentato di prendere il sussidio statale pur non avendone diritto. La fase in corso \u00e8 quella della chiusura delle indagini da parte della Procura della Repubblica e della spedizione degli avvisi di garanzia agli indagati scoperti dalla Guardia di finanza e dall&#8217;Inps, l&#8217;Istituto nazionale della Previdenza sociale. Il reato contestato \u00e8 quello di falso. C&#8217;\u00e8 anche un residente nell&#8217;alto Cadore, che si era improvvisamente dimenticato di avere diverse propriet\u00e0 immobiliari sulle colline toscane, eppure ha presentato la domanda. Oppure c&#8217;\u00e8 quello che ha omesso di dire che ormai da anni era finito il suo stato di disoccupazione e stava intrattenendo un nuovo rapporto di lavoro, ma ci ha provato lo stesso e non poteva che andare a finire cos\u00ec.Poi ci sono anche coloro che hanno barato sulla famiglia. I controlli di militari e Inps proseguono&#8230;<\/p>\n<p>___<\/p>\n","protected":false},"excerpt":{"rendered":"<p>OGGI SUL CORRIERE DELLE ALPI di GIGI SOSSO\u00a0 BELLUNO Reddito di cittadinanza a scrocco. Sta arrivando in tribunale, alla spicciolata, il gruppo di 35 bellunesi, di nascita o adozione, che l&#8217;anno scorso ha preso o tentato di prendere il sussidio statale pur non avendone diritto. La fase in corso \u00e8 quella della chiusura delle indagini&hellip;<\/p>\n","protected":false},"author":4,"featured_media":274837,"comment_status":"closed","ping_status":"closed","sticky":false,"template":"","format":"standard","meta":{"_monsterinsights_skip_tracking":false,"_monsterinsights_sitenote_active":false,"_monsterinsights_sitenote_note":"","_monsterinsights_sitenote_category":0,"footnotes":""},"categories":[51,49],"tags":[],"class_list":["post-274836","post","type-post","status-publish","format-standard","has-post-thumbnail","hentry","category-evidenza-top","category-news-18","category-51","category-49","description-off"],"img_url":"https:\/\/www.radiopiu.net\/wordpress\/wp-content\/uploads\/2022\/05\/download-9.jpg","_links":{"self":[{"href":"https:\/\/www.radiopiu.net\/wordpress\/wp-json\/wp\/v2\/posts\/274836","targetHints":{"allow":["GET"]}}],"collection":[{"href":"https:\/\/www.radiopiu.net\/wordpress\/wp-json\/wp\/v2\/posts"}],"about":[{"href":"https:\/\/www.radiopiu.net\/wordpress\/wp-json\/wp\/v2\/types\/post"}],"author":[{"embeddable":true,"href":"https:\/\/www.radiopiu.net\/wordpress\/wp-json\/wp\/v2\/users\/4"}],"replies":[{"embeddable":true,"href":"https:\/\/www.radiopiu.net\/wordpress\/wp-json\/wp\/v2\/comments?post=274836"}],"version-history":[{"count":0,"href":"https:\/\/www.radiopiu.net\/wordpress\/wp-json\/wp\/v2\/posts\/274836\/revisions"}],"wp:featuredmedia":[{"embeddable":true,"href":"https:\/\/www.radiopiu.net\/wordpress\/wp-json\/wp\/v2\/media\/274837"}],"wp:attachment":[{"href":"https:\/\/www.radiopiu.net\/wordpress\/wp-json\/wp\/v2\/media?parent=274836"}],"wp:term":[{"taxonomy":"category","embeddable":true,"href":"https:\/\/www.radiopiu.net\/wordpress\/wp-json\/wp\/v2\/categories?post=274836"},{"taxonomy":"post_tag","embeddable":true,"href":"https:\/\/www.radiopiu.net\/wordpress\/wp-json\/wp\/v2\/tags?post=274836"}],"curies":[{"name":"wp","href":"https:\/\/api.w.org\/{rel}","templated":true}]}}