{"id":275052,"date":"2022-05-11T05:40:23","date_gmt":"2022-05-11T03:40:23","guid":{"rendered":"https:\/\/www.radiopiu.net\/wordpress\/?p=275052"},"modified":"2022-05-11T05:48:52","modified_gmt":"2022-05-11T03:48:52","slug":"caso-quad-in-quota-querela-ritirata-non-si-andra-a-sentenza","status":"publish","type":"post","link":"https:\/\/www.radiopiu.net\/wordpress\/caso-quad-in-quota-querela-ritirata-non-si-andra-a-sentenza\/","title":{"rendered":"CASO QUAD IN QUOTA, QUERELA RITIRATA NON SI ANDRA&#8217; A SENTENZA"},"content":{"rendered":"<p>&nbsp;<\/p>\n<p>&nbsp;<\/p>\n<p>&nbsp;<\/p>\n<p><strong>OGGI SUL CORRIERE DELLE ALPI<\/strong><\/p>\n<p><strong>DI GIGI SOSSO\u00a0<\/strong><\/p>\n<p><strong><img loading=\"lazy\" decoding=\"async\" class=\"alignleft\" src=\"https:\/\/www.radiopiu.net\/wordpress\/wp-content\/uploads\/2019\/10\/quad-in-quota-1.jpg\" width=\"234\" height=\"156\" \/>FALCADE<\/strong> Stretta di mano e accordo trovato. Luigi Casanova e Moreno Tommaselli forse non diventeranno mai amici, ma nel processo per diffamazione al presidente di Mountain Wilderness, quello di Quad in Quota ha ritirato la querela e anche la costituzione di parte civile. Casanova ha ottenuto una sentenza di non doversi procedere, dopo che il difensore roveretano Canestrini aveva trovato un punto d&#8217;incontro sul risarcimento con il collega trevigiano Michieli. Tommaselli\u00a0 aveva pubblicato e firmato un articolo sul sito ambientalista apparso anche sul profilo Facebook istituzionale, nel quale avrebbe offeso l&#8217;onore e la reputazione della controparte con alcune frasi. La querela era stata presentata il 7 dicembre di quattro anni fa, dopo che Tommaselli si era sentito accusare di aver violato normative e prescrizioni in materia ambientale, durante il raduno annuale di Quad in Quota e di aver rubato le bandiere dell&#8217;associazione.<\/p>\n<p>&nbsp;<\/p>\n<hr \/>\n<p>&nbsp;<\/p>\n<p><span style=\"color: #ff0000;\"><strong>ARCHIVIO RADIOPIU, 17 FEBBRAIO 2022<\/strong><\/span><\/p>\n<blockquote>\n<h3>LA DIFFAMAZIONE SU FACEBOOK COSTA 12.000 EURO PIU&#8217; LE SPESE LEGALI<\/h3>\n<\/blockquote>\n<p><strong>BELLUNO\u00a0<\/strong> Il tribunale di Belluno, giudice la dottoressa Chiara Sandini ha emesso sentenza di condanna\u00a0 (primo grado, impugnabile con l&#8217;appello) nei confronti del presidente della associazione \u201cQuad in quota\u201d, il falcadino Moreno Tomaselli per le offese rivolte a Luigi Casanova Presidente onorario di Mountain Wilderness Italia e ambientalista delle Dolomiti. Il giudice ha stabilito in 12.000 euro il risarcimento del danno al Casanova oltre alle spese di lite quantificate in altre 4.000 euro e gli interessi legali a far data dal 14 giugno 2018.<em>\u00a0 &#8220;<span id=\"page22R_mcid6\" class=\"markedContent\"><span dir=\"ltr\" role=\"presentation\">Secondo i criteri richiamati dalle tabelle di Milano, le diffamazioni di modesta gravit\u00e0 si <\/span><span dir=\"ltr\" role=\"presentation\">caratterizzano<\/span> <span dir=\"ltr\" role=\"presentation\">in<\/span> <span dir=\"ltr\" role=\"presentation\">particolare<\/span> <span dir=\"ltr\" role=\"presentation\">per<\/span> <span dir=\"ltr\" role=\"presentation\">limitata\/modesta<\/span> <span dir=\"ltr\" role=\"presentation\">notoriet\u00e0<\/span> <span dir=\"ltr\" role=\"presentation\">del<\/span> <span dir=\"ltr\" role=\"presentation\">diffamante,<\/span> <span dir=\"ltr\" role=\"presentation\">limitata <\/span><span dir=\"ltr\" role=\"presentation\">diffusione del mezzo diffamatorio (episodio diffamatorio a diffusione limitata), modesto <\/span><span dir=\"ltr\" role=\"presentation\">spazio della notizia diffamatoria, modesta\/assente risonanza mediatica, modesta intensit\u00e0 <\/span><span dir=\"ltr\" role=\"presentation\">elemento soggettivo; per le predette diffamazioni il danno \u00e8<\/span> <span dir=\"ltr\" role=\"presentation\">liquidabile nell\u2019importo<\/span> <span dir=\"ltr\" role=\"presentation\">da euro <\/span><span dir=\"ltr\" role=\"presentation\">11.000 ad euro 20.000. <\/span><\/span><span id=\"page23R_mcid0\" class=\"markedContent\"><span dir=\"ltr\" role=\"presentation\">Nella fattispecie in esame la diffamazione va ritenuta di modesta entit\u00e0, tenuto conto del <\/span><span dir=\"ltr\" role=\"presentation\">contesto di accesa conflittualit\u00e0 tra le due associazioni, della notoriet\u00e0, per lo pi\u00f9 a livello <\/span><span dir=\"ltr\" role=\"presentation\">locale<\/span><span dir=\"ltr\" role=\"presentation\">&#8220;.\u00a0 <\/span><\/span><\/em><span id=\"page23R_mcid0\" class=\"markedContent\"><span dir=\"ltr\" role=\"presentation\">C<\/span><\/span>asanova era difeso dagli avvocati Nicola Canestrini e Stefania Franchini del foro di Rovereto,\u00a0 Tomaselli dall\u2019avvocato Giacomo Michieli.<\/p>\n<p><a href=\"https:\/\/www.radiopiu.net\/wordpress\/la-diffamazione-su-facebook-costa-12-000-euro-piu-le-spese-legali\/luigi-casanova\/\" rel=\"attachment wp-att-259951\"> <img loading=\"lazy\" decoding=\"async\" class=\"wp-image-259951 alignleft\" src=\"https:\/\/www.radiopiu.net\/wordpress\/wp-content\/uploads\/2022\/02\/Luigi-Casanova-300x225.jpg\" alt=\"\" width=\"260\" height=\"195\" srcset=\"https:\/\/www.radiopiu.net\/wordpress\/wp-content\/uploads\/2022\/02\/Luigi-Casanova-300x225.jpg 300w, https:\/\/www.radiopiu.net\/wordpress\/wp-content\/uploads\/2022\/02\/Luigi-Casanova.jpg 399w\" sizes=\"auto, (max-width: 260px) 100vw, 260px\" \/><\/a><\/p>\n<p><strong>La vicenda inizia\u00a0 nel 2017 e si conclude nel\u00a0 2020<\/strong> con le invettive\u00a0 postate su facebook contro Casanova, gli ambientalisti e l\u2019associazione Mountain Wilderness Italia (fra pochi mesi si avr\u00e0 la sentenza della querela di parte verso Mountain Wilderness). Per questo l&#8217;azione legale, MW ha considerato i post\u00a0 diffamazione tesa a ledere la reputazione e l\u2019onore di Luigi Casanova. Un susseguirsi di affermazioni sempre pi\u00f9 pesanti come la storpiatura del cognome in \u201cCaganova\u201d, \u201cAmbientalisti di merda, incoerenti e codardi\u201d, \u201cAmbientalisti, ripeto, siete la feccia della montagna\u201d , \u201cMezzacalzetta\u201d e via con il peggio del peggio. <em>&#8220;Sentenza che mi rende giustizia\u00a0 &#8211; dice Casanova (foto) &#8211;\u00a0 cos\u00ec come al lavoro svolto in ambito nazionale e in particolare nelle Dolomiti, sempre affiancato dalla associazione Mountain Wilderness. Un lavoro sempre strutturato sui contenuti ambientali e mai rivolto ad attacchi a singole persone. Il tribunale\u00a0 con questa sentenza ha riconosciuto anche il valore sociale dell\u2019agire degli ambientalisti che non solo a Falcade, ma in ogni situazione, difendono le montagne dall\u2019invasione dei mezzi a motore e dall\u2019inquinamento da rumore, dall\u2019abuso dei motori all&#8217; attivit\u00e0 dell\u2019eliturismo&#8221;.<\/em><\/p>\n<p>&nbsp;<\/p>\n","protected":false},"excerpt":{"rendered":"<p>&nbsp; &nbsp; &nbsp; OGGI SUL CORRIERE DELLE ALPI DI GIGI SOSSO\u00a0 FALCADE Stretta di mano e accordo trovato. Luigi Casanova e Moreno Tommaselli forse non diventeranno mai amici, ma nel processo per diffamazione al presidente di Mountain Wilderness, quello di Quad in Quota ha ritirato la querela e anche la costituzione di parte civile. Casanova&hellip;<\/p>\n","protected":false},"author":4,"featured_media":101893,"comment_status":"closed","ping_status":"closed","sticky":false,"template":"","format":"standard","meta":{"_monsterinsights_skip_tracking":false,"_monsterinsights_sitenote_active":false,"_monsterinsights_sitenote_note":"","_monsterinsights_sitenote_category":0,"footnotes":""},"categories":[51,49],"tags":[],"class_list":["post-275052","post","type-post","status-publish","format-standard","has-post-thumbnail","hentry","category-evidenza-top","category-news-18","category-51","category-49","description-off"],"img_url":"https:\/\/www.radiopiu.net\/wordpress\/wp-content\/uploads\/2019\/10\/quad-in-quota-1.jpg","_links":{"self":[{"href":"https:\/\/www.radiopiu.net\/wordpress\/wp-json\/wp\/v2\/posts\/275052","targetHints":{"allow":["GET"]}}],"collection":[{"href":"https:\/\/www.radiopiu.net\/wordpress\/wp-json\/wp\/v2\/posts"}],"about":[{"href":"https:\/\/www.radiopiu.net\/wordpress\/wp-json\/wp\/v2\/types\/post"}],"author":[{"embeddable":true,"href":"https:\/\/www.radiopiu.net\/wordpress\/wp-json\/wp\/v2\/users\/4"}],"replies":[{"embeddable":true,"href":"https:\/\/www.radiopiu.net\/wordpress\/wp-json\/wp\/v2\/comments?post=275052"}],"version-history":[{"count":0,"href":"https:\/\/www.radiopiu.net\/wordpress\/wp-json\/wp\/v2\/posts\/275052\/revisions"}],"wp:featuredmedia":[{"embeddable":true,"href":"https:\/\/www.radiopiu.net\/wordpress\/wp-json\/wp\/v2\/media\/101893"}],"wp:attachment":[{"href":"https:\/\/www.radiopiu.net\/wordpress\/wp-json\/wp\/v2\/media?parent=275052"}],"wp:term":[{"taxonomy":"category","embeddable":true,"href":"https:\/\/www.radiopiu.net\/wordpress\/wp-json\/wp\/v2\/categories?post=275052"},{"taxonomy":"post_tag","embeddable":true,"href":"https:\/\/www.radiopiu.net\/wordpress\/wp-json\/wp\/v2\/tags?post=275052"}],"curies":[{"name":"wp","href":"https:\/\/api.w.org\/{rel}","templated":true}]}}