{"id":275086,"date":"2022-05-11T23:59:03","date_gmt":"2022-05-11T21:59:03","guid":{"rendered":"https:\/\/www.radiopiu.net\/wordpress\/?p=275086"},"modified":"2022-05-12T06:00:38","modified_gmt":"2022-05-12T04:00:38","slug":"domenica-ultima-passerella-per-lagordina","status":"publish","type":"post","link":"https:\/\/www.radiopiu.net\/wordpress\/domenica-ultima-passerella-per-lagordina\/","title":{"rendered":"DOMENICA ULTIMA PASSERELLA PER L&#8217;AGORDINA"},"content":{"rendered":"<p><strong><a class=\"dt-pswp-item\" href=\"https:\/\/www.radiopiu.net\/wordpress\/wp-content\/uploads\/2022\/05\/AGORDINA-2022.png\" data-dt-img-description=\"\" data-large_image_width=\"1500\" data-large_image_height=\"953\"><img loading=\"lazy\" decoding=\"async\" class=\"alignleft wp-image-275088 \" src=\"https:\/\/www.radiopiu.net\/wordpress\/wp-content\/uploads\/2022\/05\/AGORDINA-2022-300x191.png\" alt=\"\" width=\"192\" height=\"122\" srcset=\"https:\/\/www.radiopiu.net\/wordpress\/wp-content\/uploads\/2022\/05\/AGORDINA-2022-300x191.png 300w, https:\/\/www.radiopiu.net\/wordpress\/wp-content\/uploads\/2022\/05\/AGORDINA-2022-1024x651.png 1024w, https:\/\/www.radiopiu.net\/wordpress\/wp-content\/uploads\/2022\/05\/AGORDINA-2022-768x488.png 768w, https:\/\/www.radiopiu.net\/wordpress\/wp-content\/uploads\/2022\/05\/AGORDINA-2022.png 1500w\" sizes=\"auto, (max-width: 192px) 100vw, 192px\" \/><\/a>AGORDO<\/strong> Sta per volgere al termine la stagione dell&#8217;Agordina di Marco Lorenzi. Domenica prossima \u00e8 in programma l&#8217;ultima sfida del campionato di Seconda Categoria e la formazione di Agordo scender\u00e0 in terra trevigiana per affrontare il Tarzo Revine Lago. Una passerella per entrambe le formazioni che non hanno pi\u00f9 nulla da chiedere. Il destino delle due squadre ormai \u00e8 segnato da alcune giornate. L&#8217;Agordina ha conquistato la salvezza con 5 giornate di anticipo mentre il Tarzo Revine Lago \u00e8 retrocesso da 2 giornate. Una partita ininfluente che assegna 3 punti solo per la gloria. Il gruppo allenato da Lorenzi \u00e8 soddisfatto dell&#8217;obbiettivo raggiunto ma in parte arrabbiato per la decisione della federazione di non far giocare i playoff. Forse con una zona playoff le motivazioni per fare meglio nel finale di stagione erano maggiori ma la FIGC ha deciso di premiare con la promozione in Prima Categoria solo la compagine che vinceva il campionato, in questo caso l&#8217;Arsi\u00e8. (foto: tuttocampo.it)<\/p>\n<p><strong>YURI PARISSENTI, GIOCATORE DELL&#8217;AGORDINA<\/strong><\/p>\n<audio class=\"wp-audio-shortcode\" id=\"audio-275086-1\" preload=\"none\" style=\"width: 100%;\" controls=\"controls\"><source type=\"audio\/mpeg\" src=\"https:\/\/www.radiopiu.net\/wordpress\/wp-content\/uploads\/2022\/05\/YURI-PARISSENTI-AGORDINA.mp3?_=1\" \/><a href=\"https:\/\/www.radiopiu.net\/wordpress\/wp-content\/uploads\/2022\/05\/YURI-PARISSENTI-AGORDINA.mp3\">https:\/\/www.radiopiu.net\/wordpress\/wp-content\/uploads\/2022\/05\/YURI-PARISSENTI-AGORDINA.mp3<\/a><\/audio>\n<p>&nbsp;<\/p>\n<p>&nbsp;<\/p>\n<p>*****<\/p>\n","protected":false},"excerpt":{"rendered":"<p>AGORDO Sta per volgere al termine la stagione dell&#8217;Agordina di Marco Lorenzi. Domenica prossima \u00e8 in programma l&#8217;ultima sfida del campionato di Seconda Categoria e la formazione di Agordo scender\u00e0 in terra trevigiana per affrontare il Tarzo Revine Lago. Una passerella per entrambe le formazioni che non hanno pi\u00f9 nulla da chiedere. Il destino delle&hellip;<\/p>\n","protected":false},"author":4,"featured_media":275088,"comment_status":"closed","ping_status":"closed","sticky":false,"template":"","format":"standard","meta":{"_monsterinsights_skip_tracking":false,"_monsterinsights_sitenote_active":false,"_monsterinsights_sitenote_note":"","_monsterinsights_sitenote_category":0,"footnotes":""},"categories":[104,49],"tags":[],"class_list":["post-275086","post","type-post","status-publish","format-standard","has-post-thumbnail","hentry","category-evidenza_3","category-news-18","category-104","category-49","description-off"],"img_url":"https:\/\/www.radiopiu.net\/wordpress\/wp-content\/uploads\/2022\/05\/AGORDINA-2022.png","_links":{"self":[{"href":"https:\/\/www.radiopiu.net\/wordpress\/wp-json\/wp\/v2\/posts\/275086","targetHints":{"allow":["GET"]}}],"collection":[{"href":"https:\/\/www.radiopiu.net\/wordpress\/wp-json\/wp\/v2\/posts"}],"about":[{"href":"https:\/\/www.radiopiu.net\/wordpress\/wp-json\/wp\/v2\/types\/post"}],"author":[{"embeddable":true,"href":"https:\/\/www.radiopiu.net\/wordpress\/wp-json\/wp\/v2\/users\/4"}],"replies":[{"embeddable":true,"href":"https:\/\/www.radiopiu.net\/wordpress\/wp-json\/wp\/v2\/comments?post=275086"}],"version-history":[{"count":0,"href":"https:\/\/www.radiopiu.net\/wordpress\/wp-json\/wp\/v2\/posts\/275086\/revisions"}],"wp:featuredmedia":[{"embeddable":true,"href":"https:\/\/www.radiopiu.net\/wordpress\/wp-json\/wp\/v2\/media\/275088"}],"wp:attachment":[{"href":"https:\/\/www.radiopiu.net\/wordpress\/wp-json\/wp\/v2\/media?parent=275086"}],"wp:term":[{"taxonomy":"category","embeddable":true,"href":"https:\/\/www.radiopiu.net\/wordpress\/wp-json\/wp\/v2\/categories?post=275086"},{"taxonomy":"post_tag","embeddable":true,"href":"https:\/\/www.radiopiu.net\/wordpress\/wp-json\/wp\/v2\/tags?post=275086"}],"curies":[{"name":"wp","href":"https:\/\/api.w.org\/{rel}","templated":true}]}}