{"id":275102,"date":"2022-05-12T05:45:47","date_gmt":"2022-05-12T03:45:47","guid":{"rendered":"https:\/\/www.radiopiu.net\/wordpress\/?p=275102"},"modified":"2022-05-12T05:59:24","modified_gmt":"2022-05-12T03:59:24","slug":"la-frana-di-perarolo-sorvegliata-speciale","status":"publish","type":"post","link":"https:\/\/www.radiopiu.net\/wordpress\/la-frana-di-perarolo-sorvegliata-speciale\/","title":{"rendered":"LA FRANA DI PERAROLO, SORVEGLIATA SPECIALE"},"content":{"rendered":"<p><strong> <a class=\"dt-pswp-item\" href=\"https:\/\/www.radiopiu.net\/wordpress\/wp-content\/uploads\/2018\/02\/PERAROLO.jpg\" data-dt-img-description=\"\" data-large_image_width=\"275\" data-large_image_height=\"183\"><img loading=\"lazy\" decoding=\"async\" class=\"size-thumbnail wp-image-43304 alignleft\" src=\"https:\/\/www.radiopiu.net\/wordpress\/wp-content\/uploads\/2018\/02\/PERAROLO-150x150.jpg\" alt=\"\" width=\"150\" height=\"150\" \/><\/a>VENEZIA <\/strong>La frana della Busa del Cristo a Perarolo di Cadore, nel Bellunese, continua a registrare una condizione di stabilit\u00e0, intesa come assenza di accelerazioni o recrudescenze. La frana \u00e8 oggetto di un continuo monitoraggio in cui sono previsti anche sopralluoghi con cadenza regolare, in modo da prendere atto della condizione morfologica del sito. \u201c<em>La frana ha registrato, nel bimestre di marzo-aprile, una notevole diminuzione di velocit\u00e0 (probabilmente complici anche le scarse precipitazioni) stimabile intorno al 36% rispetto al bimestre precedente \u2013 ha spiegato l\u2019Assessore al Dissesto Idrogeologico della Regione del Veneto \u2013.\u00a0Questo risultato \u00e8 anche il frutto della scelta che si fece un anno fa di far esplodere una parte del corpo di frana. Successivamente a quell\u2019intervento \u00e8 stato possibile, infatti, toccare con mano i benefici: l\u2019attivit\u00e0 di rimodellazione con esplosivo ha sortito l\u2019effetto voluto e cio\u00e8 quello di riportare il contour degli spostamenti a un andamento noto che continua a registrare un calo di velocit\u00e0 della frana stessa<\/em>\u201d. I costanti controlli evidenziano come la pioggia caduta non abbia comportato decisi incrementi di velocit\u00e0 e recrudescenze, ma al contrario si sono registrate velocit\u00e0 pi\u00f9 o meno costanti durante tutto il periodo. La gran parte del versante si \u00e8 stabilizzato alla velocit\u00e0 media di circa 1.2 millimetri giornalieri.\u00a0 Una porzione pi\u00f9 instabile, a valle della berlinese, si muove mediamente con velocit\u00e0 di circa 1.8 mm giornalieri: proprio in quest\u2019area verranno posizionate delle mire per tenere sotto controllo l\u2019evoluzione dell\u2019attivit\u00e0. L\u2019attenzione e il monitoraggio interessa, in particolare, anche la porzione centrale della frana che risulta attiva, dove \u00e8 possibile aspettarsi una forte evoluzione, nei prossimi mesi, a seguito degli stimoli pluviometrici.<\/p>\n<p>&nbsp;<\/p>\n<p>&nbsp;<\/p>\n<p>*****<\/p>\n","protected":false},"excerpt":{"rendered":"<p>VENEZIA La frana della Busa del Cristo a Perarolo di Cadore, nel Bellunese, continua a registrare una condizione di stabilit\u00e0, intesa come assenza di accelerazioni o recrudescenze. La frana \u00e8 oggetto di un continuo monitoraggio in cui sono previsti anche sopralluoghi con cadenza regolare, in modo da prendere atto della condizione morfologica del sito. \u201cLa&hellip;<\/p>\n","protected":false},"author":4,"featured_media":275104,"comment_status":"closed","ping_status":"closed","sticky":false,"template":"","format":"standard","meta":{"_monsterinsights_skip_tracking":false,"_monsterinsights_sitenote_active":false,"_monsterinsights_sitenote_note":"","_monsterinsights_sitenote_category":0,"footnotes":""},"categories":[51,49],"tags":[],"class_list":["post-275102","post","type-post","status-publish","format-standard","has-post-thumbnail","hentry","category-evidenza-top","category-news-18","category-51","category-49","description-off"],"img_url":"https:\/\/www.radiopiu.net\/wordpress\/wp-content\/uploads\/2022\/05\/PERAROLO.jpg","_links":{"self":[{"href":"https:\/\/www.radiopiu.net\/wordpress\/wp-json\/wp\/v2\/posts\/275102","targetHints":{"allow":["GET"]}}],"collection":[{"href":"https:\/\/www.radiopiu.net\/wordpress\/wp-json\/wp\/v2\/posts"}],"about":[{"href":"https:\/\/www.radiopiu.net\/wordpress\/wp-json\/wp\/v2\/types\/post"}],"author":[{"embeddable":true,"href":"https:\/\/www.radiopiu.net\/wordpress\/wp-json\/wp\/v2\/users\/4"}],"replies":[{"embeddable":true,"href":"https:\/\/www.radiopiu.net\/wordpress\/wp-json\/wp\/v2\/comments?post=275102"}],"version-history":[{"count":0,"href":"https:\/\/www.radiopiu.net\/wordpress\/wp-json\/wp\/v2\/posts\/275102\/revisions"}],"wp:featuredmedia":[{"embeddable":true,"href":"https:\/\/www.radiopiu.net\/wordpress\/wp-json\/wp\/v2\/media\/275104"}],"wp:attachment":[{"href":"https:\/\/www.radiopiu.net\/wordpress\/wp-json\/wp\/v2\/media?parent=275102"}],"wp:term":[{"taxonomy":"category","embeddable":true,"href":"https:\/\/www.radiopiu.net\/wordpress\/wp-json\/wp\/v2\/categories?post=275102"},{"taxonomy":"post_tag","embeddable":true,"href":"https:\/\/www.radiopiu.net\/wordpress\/wp-json\/wp\/v2\/tags?post=275102"}],"curies":[{"name":"wp","href":"https:\/\/api.w.org\/{rel}","templated":true}]}}