{"id":275173,"date":"2022-05-11T23:59:21","date_gmt":"2022-05-11T21:59:21","guid":{"rendered":"https:\/\/www.radiopiu.net\/wordpress\/?p=275173"},"modified":"2022-05-12T05:57:03","modified_gmt":"2022-05-12T03:57:03","slug":"grandi-derivazioni-idriche-assessore-regione-veneto-condivido-proposta-uncem","status":"publish","type":"post","link":"https:\/\/www.radiopiu.net\/wordpress\/grandi-derivazioni-idriche-assessore-regione-veneto-condivido-proposta-uncem\/","title":{"rendered":"GRANDI DERIVAZIONI IDRICHE. ASSESSORE REGIONE VENETO, \u201cCONDIVIDO PROPOSTA UNCEM."},"content":{"rendered":"<blockquote>\n<h3><strong>\u00a0&#8220;NOI LO FACCIAMO DA ANNI SALVANDO IL BILANCIO DELLA PROVINCIA DI BELLUNO\u201d <\/strong><\/h3>\n<\/blockquote>\n<p><strong>VENEZIA\u00a0<\/strong> Anche dall\u2019Assessore Gianpaolo Bottacin\u00a0 arriva un convinto appoggio alla proposta del Presidente nazionale dell\u2019UNCEM (Comunit\u00e0 Montane) che ha chiesto di inserire nel DL concorrenza la specifica che, quando si faranno le gare per le concessioni delle grandi derivazioni idroelettriche, siano anche determinate\u00a0 le dovute compensazioni ambientali e territoriali, ma anche finanziarie, da destinare ai territori dei Comuni interessati dalla presenza delle opere e della derivazione. <em>\u201cCondivido e sostengo appieno la proposta del presidente dell\u2019UNCEM \u2013 dichiara l\u2019assessore regionale &#8211; laddove sostiene che una parte dei canoni devono rimanere\u00a0sui territori in cui vi \u00e8 la presenza di impianti idroelettrici. Un\u2019iniziativa di buon senso che per il vero noi in Veneto, e in particolare in provincia di Belluno, applichiamo da anni\u201d.<\/em><\/p>\n<p>&nbsp;<\/p>\n<p><span style=\"color: #ff0000;\"><strong>IERI ALLA RADIO<\/strong>\u00a0<\/span><\/p>\n<blockquote>\n<h3>CONCESSIONI IDROELETTRICHE NEL DL CONCORRENZA<\/h3>\n<\/blockquote>\n<table border=\"0\" width=\"865\" cellspacing=\"0\" cellpadding=\"0\" align=\"center\">\n<tbody>\n<tr>\n<td bgcolor=\"#ffffff\">\n<table border=\"0\" width=\"98%\" cellspacing=\"0\" cellpadding=\"0\" align=\"center\" bgcolor=\"#ffffff\">\n<tbody>\n<tr>\n<td>\n<table border=\"0\" width=\"100%\" cellspacing=\"4\" cellpadding=\"0\">\n<tbody>\n<tr>\n<td id=\"tdBodyMessage\" class=\"tdBodyMessage\" valign=\"top\">\n<blockquote>\n<h3><a class=\"dt-pswp-item\" href=\"https:\/\/www.radiopiu.net\/wordpress\/wp-content\/uploads\/2022\/05\/argentera_ferrere.jpg\" data-dt-img-description=\"\" data-large_image_width=\"865\" data-large_image_height=\"330\"><img loading=\"lazy\" decoding=\"async\" class=\"size-thumbnail wp-image-274981 alignleft\" src=\"https:\/\/www.radiopiu.net\/wordpress\/wp-content\/uploads\/2022\/05\/argentera_ferrere-150x150.jpg\" alt=\"\" width=\"150\" height=\"150\" \/><\/a>BUSSONE (UNCEM): GARANTIRE OPPORTUNE COMPENSAZIONI AMBIENTALI E FINANZIARIE AI TERRITORI DEGLI IMPIANTI<\/h3>\n<\/blockquote>\n<table border=\"0\" width=\"98%\" cellspacing=\"0\" cellpadding=\"0\" align=\"center\" bgcolor=\"#ffffff\">\n<tbody>\n<tr>\n<td>\n<table border=\"0\" width=\"100%\" cellspacing=\"4\" cellpadding=\"0\">\n<tbody>\n<tr>\n<td id=\"tdBodyMessage\" class=\"tdBodyMessage\" valign=\"top\">\n<div><strong>Marco Bussone, Presidente nazionale Uncem.\u00a0<\/strong><\/div>\n<\/td>\n<\/tr>\n<\/tbody>\n<\/table>\n<\/td>\n<\/tr>\n<\/tbody>\n<\/table>\n<p>&#8220;Le gare per assegnare le concessioni delle grandi derivazione idroelettriche, quando ci saranno, comunque entro la fine del 2023, \u00e8 importante determinino &#8216;opportune misure di compensazione ambientale e territoriale, anche a carattere finanziario, da destinare ai territori dei Comuni interessati dalla presenza delle opere e della derivazione&#8217;. Questa ultima frase \u00e8 stata proposta e inserita dal Governo, nelle scorse ore, nella conversione del DL Concorrenza, in Senato. E ci pare essere efficace per dire che i territori non sono spettatori nel corso delle gare, tra chi vince e chi perde. E per dire che i Comuni devono essere coinvolti in una partita complessa su asset sulle quali arriver\u00e0 la golden power. I territori non sono un orpello. Uncem sostiene da 20 anni che il territorio montano \u00e8 quello dove acqua e forza di gravit\u00e0 si uniscono generando fatturati e utili. E una parte importante di questi deve rimanere sui territori, riconoscendo l&#8217;importanza dei Comuni tra le opere di presa e di rilascio. Vale tanto pi\u00f9 mentre si approntano le regole delle gare sugli invasi. La nuova formulazione dell&#8217;articolo, con le &#8216;misure di compensazione ambientale e territoriale, anche finanziarie&#8217; \u00e8 positivo secondo Uncem&#8221;.<\/td>\n<\/tr>\n<\/tbody>\n<\/table>\n<\/td>\n<\/tr>\n<\/tbody>\n<\/table>\n<\/td>\n<\/tr>\n<\/tbody>\n<\/table>\n<p>&nbsp;<\/p>\n","protected":false},"excerpt":{"rendered":"<p>\u00a0&#8220;NOI LO FACCIAMO DA ANNI SALVANDO IL BILANCIO DELLA PROVINCIA DI BELLUNO\u201d VENEZIA\u00a0 Anche dall\u2019Assessore Gianpaolo Bottacin\u00a0 arriva un convinto appoggio alla proposta del Presidente nazionale dell\u2019UNCEM (Comunit\u00e0 Montane) che ha chiesto di inserire nel DL concorrenza la specifica che, quando si faranno le gare per le concessioni delle grandi derivazioni idroelettriche, siano anche determinate\u00a0&hellip;<\/p>\n","protected":false},"author":4,"featured_media":275174,"comment_status":"closed","ping_status":"closed","sticky":false,"template":"","format":"standard","meta":{"_monsterinsights_skip_tracking":false,"_monsterinsights_sitenote_active":false,"_monsterinsights_sitenote_note":"","_monsterinsights_sitenote_category":0,"footnotes":""},"categories":[49],"tags":[],"class_list":["post-275173","post","type-post","status-publish","format-standard","has-post-thumbnail","hentry","category-news-18","category-49","description-off"],"img_url":"https:\/\/www.radiopiu.net\/wordpress\/wp-content\/uploads\/2022\/05\/download-17.jpg","_links":{"self":[{"href":"https:\/\/www.radiopiu.net\/wordpress\/wp-json\/wp\/v2\/posts\/275173","targetHints":{"allow":["GET"]}}],"collection":[{"href":"https:\/\/www.radiopiu.net\/wordpress\/wp-json\/wp\/v2\/posts"}],"about":[{"href":"https:\/\/www.radiopiu.net\/wordpress\/wp-json\/wp\/v2\/types\/post"}],"author":[{"embeddable":true,"href":"https:\/\/www.radiopiu.net\/wordpress\/wp-json\/wp\/v2\/users\/4"}],"replies":[{"embeddable":true,"href":"https:\/\/www.radiopiu.net\/wordpress\/wp-json\/wp\/v2\/comments?post=275173"}],"version-history":[{"count":0,"href":"https:\/\/www.radiopiu.net\/wordpress\/wp-json\/wp\/v2\/posts\/275173\/revisions"}],"wp:featuredmedia":[{"embeddable":true,"href":"https:\/\/www.radiopiu.net\/wordpress\/wp-json\/wp\/v2\/media\/275174"}],"wp:attachment":[{"href":"https:\/\/www.radiopiu.net\/wordpress\/wp-json\/wp\/v2\/media?parent=275173"}],"wp:term":[{"taxonomy":"category","embeddable":true,"href":"https:\/\/www.radiopiu.net\/wordpress\/wp-json\/wp\/v2\/categories?post=275173"},{"taxonomy":"post_tag","embeddable":true,"href":"https:\/\/www.radiopiu.net\/wordpress\/wp-json\/wp\/v2\/tags?post=275173"}],"curies":[{"name":"wp","href":"https:\/\/api.w.org\/{rel}","templated":true}]}}