{"id":275288,"date":"2022-05-12T18:45:58","date_gmt":"2022-05-12T16:45:58","guid":{"rendered":"https:\/\/www.radiopiu.net\/wordpress\/?p=275288"},"modified":"2022-05-13T06:22:41","modified_gmt":"2022-05-13T04:22:41","slug":"dillo-a-radio-piu-le-corse-nei-giorni-festivi-di-dolomitibus-in-agordino","status":"publish","type":"post","link":"https:\/\/www.radiopiu.net\/wordpress\/dillo-a-radio-piu-le-corse-nei-giorni-festivi-di-dolomitibus-in-agordino\/","title":{"rendered":"DILLO A RADIO PIU&#8217;&#8230;LE CORSE NEI GIORNI FESTIVI DI DOLOMITIBUS IN AGORDINO"},"content":{"rendered":"<p><strong><a class=\"dt-pswp-item\" href=\"https:\/\/www.radiopiu.net\/wordpress\/wp-content\/uploads\/2021\/10\/9396bbfc-2818-4225-b55d-9a56c39206f1.jpg\" data-dt-img-description=\"\" data-large_image_width=\"1599\" data-large_image_height=\"899\"><img loading=\"lazy\" decoding=\"async\" class=\"size-thumbnail wp-image-237486 alignleft\" src=\"https:\/\/www.radiopiu.net\/wordpress\/wp-content\/uploads\/2021\/10\/9396bbfc-2818-4225-b55d-9a56c39206f1-150x150.jpg\" alt=\"\" width=\"150\" height=\"150\" \/><\/a>REDAZIONE<\/strong> Riceviamo e volentieri pubblichiamo una lettera arrivata da un nostro ascoltatore che, dopo aver contattato DolomitiBus, ha scoperto che le corse da e per l&#8217;Agordino nei giorni festivi non verranno ripristinate a breve.<\/p>\n<blockquote><p><em>Vi scrivo dopo aver contattato per mail DolomitiBus riguardo al grosso problema delle corse che non vengono ormai pi\u00f9 effettuate da tempo da Belluno verso l&#8217;Agordino e viceversa, oltre ad altre localit\u00e0 con corse extraurbane nel Bellunese. Ho chiesto se delle\u00a0 corse\u00a0 verranno ripristinate almeno in parte durante i giorni festivi nel periodo estivo. DolomitiBus, sempre con risposta secca e breve, ha detto che dovrebbero ripristinare qualcosa (Vediamo se \u00e8 vero), qualche corsa extraurbana, perche&#8217; lamentano di carenza di personale. Se manca personale, perch\u00e8 non assumono? Semplice il discorso, e in pi\u00f9 darebbero lavoro a persone che hanno bisogno. Ripeto, la montagna e&#8217; un bene prezioso, per turisti, ma soprattutto per i residenti, che dovrebbero avere la possibilit\u00e0 di poter usufruire dei mezzi di trasporto pubblici tutti i giorni, compresi i festivi. L&#8217;Agordino non vive solo di Luxottica.<\/em><\/p><\/blockquote>\n<p>&nbsp;<\/p>\n<p>&nbsp;<\/p>\n<p>*****<\/p>\n","protected":false},"excerpt":{"rendered":"<p>REDAZIONE Riceviamo e volentieri pubblichiamo una lettera arrivata da un nostro ascoltatore che, dopo aver contattato DolomitiBus, ha scoperto che le corse da e per l&#8217;Agordino nei giorni festivi non verranno ripristinate a breve. Vi scrivo dopo aver contattato per mail DolomitiBus riguardo al grosso problema delle corse che non vengono ormai pi\u00f9 effettuate da&hellip;<\/p>\n","protected":false},"author":4,"featured_media":237486,"comment_status":"closed","ping_status":"closed","sticky":false,"template":"","format":"standard","meta":{"_monsterinsights_skip_tracking":false,"_monsterinsights_sitenote_active":false,"_monsterinsights_sitenote_note":"","_monsterinsights_sitenote_category":0,"footnotes":""},"categories":[51,49],"tags":[],"class_list":["post-275288","post","type-post","status-publish","format-standard","has-post-thumbnail","hentry","category-evidenza-top","category-news-18","category-51","category-49","description-off"],"img_url":"https:\/\/www.radiopiu.net\/wordpress\/wp-content\/uploads\/2021\/10\/9396bbfc-2818-4225-b55d-9a56c39206f1.jpg","_links":{"self":[{"href":"https:\/\/www.radiopiu.net\/wordpress\/wp-json\/wp\/v2\/posts\/275288","targetHints":{"allow":["GET"]}}],"collection":[{"href":"https:\/\/www.radiopiu.net\/wordpress\/wp-json\/wp\/v2\/posts"}],"about":[{"href":"https:\/\/www.radiopiu.net\/wordpress\/wp-json\/wp\/v2\/types\/post"}],"author":[{"embeddable":true,"href":"https:\/\/www.radiopiu.net\/wordpress\/wp-json\/wp\/v2\/users\/4"}],"replies":[{"embeddable":true,"href":"https:\/\/www.radiopiu.net\/wordpress\/wp-json\/wp\/v2\/comments?post=275288"}],"version-history":[{"count":0,"href":"https:\/\/www.radiopiu.net\/wordpress\/wp-json\/wp\/v2\/posts\/275288\/revisions"}],"wp:featuredmedia":[{"embeddable":true,"href":"https:\/\/www.radiopiu.net\/wordpress\/wp-json\/wp\/v2\/media\/237486"}],"wp:attachment":[{"href":"https:\/\/www.radiopiu.net\/wordpress\/wp-json\/wp\/v2\/media?parent=275288"}],"wp:term":[{"taxonomy":"category","embeddable":true,"href":"https:\/\/www.radiopiu.net\/wordpress\/wp-json\/wp\/v2\/categories?post=275288"},{"taxonomy":"post_tag","embeddable":true,"href":"https:\/\/www.radiopiu.net\/wordpress\/wp-json\/wp\/v2\/tags?post=275288"}],"curies":[{"name":"wp","href":"https:\/\/api.w.org\/{rel}","templated":true}]}}