{"id":275418,"date":"2022-05-13T06:03:27","date_gmt":"2022-05-13T04:03:27","guid":{"rendered":"https:\/\/www.radiopiu.net\/wordpress\/?p=275418"},"modified":"2022-05-13T08:26:56","modified_gmt":"2022-05-13T06:26:56","slug":"aggredita-in-via-feltre-e-salvata-dallo-strupro-da-due-guardie-giurate","status":"publish","type":"post","link":"https:\/\/www.radiopiu.net\/wordpress\/aggredita-in-via-feltre-e-salvata-dallo-strupro-da-due-guardie-giurate\/","title":{"rendered":"AGGREDITA IN VIA FELTRE E SALVATA DALLO STRUPRO DA DUE GUARDIE GIURATE"},"content":{"rendered":"<p><strong>OGGI SUL CORRIERE DELLE ALPI<\/strong><\/p>\n<p><strong>di GIGI SOSSO<\/strong><\/p>\n<p><strong><img loading=\"lazy\" decoding=\"async\" class=\"alignleft\" src=\"https:\/\/www.radiopiu.net\/wordpress\/wp-content\/uploads\/2022\/05\/gallery5-400x333-1.jpg\" width=\"223\" height=\"186\" \/>BELLUNO\u00a0<\/strong> Il quotidiano bellunese apre oggi le cronache provinciali con un grave fatto di cronaca accaduto lo scorso dicembre. Una trentenne bellunese sarebbe stata prima abbordata e poi pesantemente aggredita da una persona mai vista n\u00e9 conosciuta prima. Per di pi\u00f9 sotto gli occhi di pi\u00f9 di una persona, che avrebbe fatto poco pi\u00f9 di niente, per cercare di salvarla. Le si \u00e8 avvicinato un ragazzone di origine africana, F.F. che avrebbe cominciato a molestarla e infastidirla, per questo la decisione di chiudersi in macchina, ma non \u00e8 bastato. Dopo aver\u00a0 spalancato la portiera l&#8217;uomo di origini maliane, estraendola di peso \u00e8 passato dalla violenza privata a quella sessuale.\u00a0 Qualcuno ha avvertito la Mondialpol, che ha la sede l\u00ec vicino. Le due guardie giurate Mirko Buso e Bruno Bez hanno convinto l&#8217;extracomuniario a fermarsi e desistere. Il pubblico ministero Simone Marcon l&#8217;ha portato di fronte al giudice di pace\u00a0 per percosse. Oggi la prima udienza. La bellunese che ha denunciato di aver subito un&#8217;aggressione,\u00a0 si \u00e8 costituta parte civile con l&#8217;avvocato Paolo Patelmo pronto a trasmettere gli atti al pubblico ministero, affinch\u00e9 proceda per il reato di violenza sessuale e non per delle percosse di competenza del giudice di pace. Sul Corriere delle Alpi la testimonianza delle guardie giurate Mirko Buso e Bruno Bez.<\/p>\n<p>___<\/p>\n","protected":false},"excerpt":{"rendered":"<p>OGGI SUL CORRIERE DELLE ALPI di GIGI SOSSO BELLUNO\u00a0 Il quotidiano bellunese apre oggi le cronache provinciali con un grave fatto di cronaca accaduto lo scorso dicembre. Una trentenne bellunese sarebbe stata prima abbordata e poi pesantemente aggredita da una persona mai vista n\u00e9 conosciuta prima. Per di pi\u00f9 sotto gli occhi di pi\u00f9 di&hellip;<\/p>\n","protected":false},"author":4,"featured_media":275419,"comment_status":"closed","ping_status":"closed","sticky":false,"template":"","format":"standard","meta":{"_monsterinsights_skip_tracking":false,"_monsterinsights_sitenote_active":false,"_monsterinsights_sitenote_note":"","_monsterinsights_sitenote_category":0,"footnotes":""},"categories":[51,49],"tags":[],"class_list":["post-275418","post","type-post","status-publish","format-standard","has-post-thumbnail","hentry","category-evidenza-top","category-news-18","category-51","category-49","description-off"],"img_url":"https:\/\/www.radiopiu.net\/wordpress\/wp-content\/uploads\/2022\/05\/gallery5-400x333-1.jpg","_links":{"self":[{"href":"https:\/\/www.radiopiu.net\/wordpress\/wp-json\/wp\/v2\/posts\/275418","targetHints":{"allow":["GET"]}}],"collection":[{"href":"https:\/\/www.radiopiu.net\/wordpress\/wp-json\/wp\/v2\/posts"}],"about":[{"href":"https:\/\/www.radiopiu.net\/wordpress\/wp-json\/wp\/v2\/types\/post"}],"author":[{"embeddable":true,"href":"https:\/\/www.radiopiu.net\/wordpress\/wp-json\/wp\/v2\/users\/4"}],"replies":[{"embeddable":true,"href":"https:\/\/www.radiopiu.net\/wordpress\/wp-json\/wp\/v2\/comments?post=275418"}],"version-history":[{"count":0,"href":"https:\/\/www.radiopiu.net\/wordpress\/wp-json\/wp\/v2\/posts\/275418\/revisions"}],"wp:featuredmedia":[{"embeddable":true,"href":"https:\/\/www.radiopiu.net\/wordpress\/wp-json\/wp\/v2\/media\/275419"}],"wp:attachment":[{"href":"https:\/\/www.radiopiu.net\/wordpress\/wp-json\/wp\/v2\/media?parent=275418"}],"wp:term":[{"taxonomy":"category","embeddable":true,"href":"https:\/\/www.radiopiu.net\/wordpress\/wp-json\/wp\/v2\/categories?post=275418"},{"taxonomy":"post_tag","embeddable":true,"href":"https:\/\/www.radiopiu.net\/wordpress\/wp-json\/wp\/v2\/tags?post=275418"}],"curies":[{"name":"wp","href":"https:\/\/api.w.org\/{rel}","templated":true}]}}