{"id":275454,"date":"2022-05-13T08:58:41","date_gmt":"2022-05-13T06:58:41","guid":{"rendered":"https:\/\/www.radiopiu.net\/wordpress\/?p=275454"},"modified":"2022-05-13T08:58:41","modified_gmt":"2022-05-13T06:58:41","slug":"chiusura-dello-sperti-opportunita-per-il-terzo-settore","status":"publish","type":"post","link":"https:\/\/www.radiopiu.net\/wordpress\/chiusura-dello-sperti-opportunita-per-il-terzo-settore\/","title":{"rendered":"CHIUSURA DELLO SPERTI, OPPORTUNITA&#8217; PER IL TERZO SETTORE"},"content":{"rendered":"<div class=\"kvgmc6g5 cxmmr5t8 oygrvhab hcukyx3x c1et5uql ii04i59q\"><\/div>\n<div class=\"cxmmr5t8 oygrvhab hcukyx3x c1et5uql o9v6fnle ii04i59q\">\n<div dir=\"auto\"><a class=\"dt-pswp-item\" href=\"https:\/\/www.radiopiu.net\/wordpress\/wp-content\/uploads\/2022\/05\/280744022_377649117729794_8703683025531534803_n.jpg\" data-dt-img-description=\"\" data-large_image_width=\"960\" data-large_image_height=\"540\"><img loading=\"lazy\" decoding=\"async\" class=\"size-thumbnail wp-image-275456 alignleft\" src=\"https:\/\/www.radiopiu.net\/wordpress\/wp-content\/uploads\/2022\/05\/280744022_377649117729794_8703683025531534803_n-150x150.jpg\" alt=\"\" width=\"150\" height=\"150\" \/><\/a><strong>BELLUNO<\/strong> Per iniziativa del sindaco di Belluno si \u00e8 tenuta una riunione a Palazzo Rosso alla presenza del Vescovo Renato Marangoni,\u00a0 che nei giorni precedenti la Pasqua ha comunicato alle famiglie della chiusura del convitto dell&#8217;Istituto Sperti, c&#8217;erano inoltre i rappresentanti dell&#8217;Opera San Martino, i consulenti della Curia e la\u00a0 Provincia. Ribadito che il problema non\u00a0 \u00e8 di natura economica, piuttosto organizzativa, legato al ruolo delle Suore, che non potranno pi\u00f9 esserci, n\u00e9 potranno essere rimpiazzate da altro personale per problematiche di vario genere.<\/div>\n<div dir=\"auto\"><strong>IL CONVITTO<\/strong> (cio\u00e8 il &#8220;collegio&#8221; femminile) ed il semiconvitto (mensa e doposcuola). La Curia aveva esplorato una strada per la salvaguardia immediata almeno del semiconvitto, ma \u00e8 stata poi abbandonata per alcuni problemi amministrativi sorti nella individuazione della gestione. Non esiste un problema di intervento pubblico ed \u00e8 stato ragionato sul\u00a0 proporre a Provincia e Consorzio BIM la creazione di un fondo di solidariet\u00e0 per aiutare economicamente &#8211; in base al reddito ISEE &#8211; le famiglie che devono pagare il Convitto. Per la soluzione del problema del Convitto e del Semiconvitto il sindaco Jacopo Massaro si \u00e8 offerto di intercedere con soggetti del terzo settore per verificare la possibilit\u00e0 di rilevare o prendere in gestione l&#8217;attivit\u00e0. Si sono detti d&#8217;accordo. Sono stati\u00a0 contattati tutti i soggetti del terzo settore che possono avere i requisiti per gestire tale attivit\u00e0, che hanno preso contatti per approfondire la situazione. Due di questi hanno avanzato delle proposte che sono state ritenute interessanti. Nei prossimi giorni ci saranno nuovi incontri con questi soggetti e non \u00e8 escluso che la trattativa possa andare a buon fine<\/div>\n<\/div>\n<div dir=\"auto\"><\/div>\n<div dir=\"auto\"><\/div>\n<div dir=\"auto\">___<\/div>\n","protected":false},"excerpt":{"rendered":"<p>BELLUNO Per iniziativa del sindaco di Belluno si \u00e8 tenuta una riunione a Palazzo Rosso alla presenza del Vescovo Renato Marangoni,\u00a0 che nei giorni precedenti la Pasqua ha comunicato alle famiglie della chiusura del convitto dell&#8217;Istituto Sperti, c&#8217;erano inoltre i rappresentanti dell&#8217;Opera San Martino, i consulenti della Curia e la\u00a0 Provincia. Ribadito che il problema&hellip;<\/p>\n","protected":false},"author":4,"featured_media":275456,"comment_status":"closed","ping_status":"closed","sticky":false,"template":"","format":"standard","meta":{"_monsterinsights_skip_tracking":false,"_monsterinsights_sitenote_active":false,"_monsterinsights_sitenote_note":"","_monsterinsights_sitenote_category":0,"footnotes":""},"categories":[51,49],"tags":[],"class_list":["post-275454","post","type-post","status-publish","format-standard","has-post-thumbnail","hentry","category-evidenza-top","category-news-18","category-51","category-49","description-off"],"img_url":"https:\/\/www.radiopiu.net\/wordpress\/wp-content\/uploads\/2022\/05\/280744022_377649117729794_8703683025531534803_n.jpg","_links":{"self":[{"href":"https:\/\/www.radiopiu.net\/wordpress\/wp-json\/wp\/v2\/posts\/275454","targetHints":{"allow":["GET"]}}],"collection":[{"href":"https:\/\/www.radiopiu.net\/wordpress\/wp-json\/wp\/v2\/posts"}],"about":[{"href":"https:\/\/www.radiopiu.net\/wordpress\/wp-json\/wp\/v2\/types\/post"}],"author":[{"embeddable":true,"href":"https:\/\/www.radiopiu.net\/wordpress\/wp-json\/wp\/v2\/users\/4"}],"replies":[{"embeddable":true,"href":"https:\/\/www.radiopiu.net\/wordpress\/wp-json\/wp\/v2\/comments?post=275454"}],"version-history":[{"count":0,"href":"https:\/\/www.radiopiu.net\/wordpress\/wp-json\/wp\/v2\/posts\/275454\/revisions"}],"wp:featuredmedia":[{"embeddable":true,"href":"https:\/\/www.radiopiu.net\/wordpress\/wp-json\/wp\/v2\/media\/275456"}],"wp:attachment":[{"href":"https:\/\/www.radiopiu.net\/wordpress\/wp-json\/wp\/v2\/media?parent=275454"}],"wp:term":[{"taxonomy":"category","embeddable":true,"href":"https:\/\/www.radiopiu.net\/wordpress\/wp-json\/wp\/v2\/categories?post=275454"},{"taxonomy":"post_tag","embeddable":true,"href":"https:\/\/www.radiopiu.net\/wordpress\/wp-json\/wp\/v2\/tags?post=275454"}],"curies":[{"name":"wp","href":"https:\/\/api.w.org\/{rel}","templated":true}]}}