{"id":275533,"date":"2022-05-13T14:19:38","date_gmt":"2022-05-13T12:19:38","guid":{"rendered":"https:\/\/www.radiopiu.net\/wordpress\/?p=275533"},"modified":"2022-05-13T14:19:38","modified_gmt":"2022-05-13T12:19:38","slug":"il-caso-degli-alpini-ubriachi-in-romagna-ideologica-campagna-nazionale-contro-le-penne-nere","status":"publish","type":"post","link":"https:\/\/www.radiopiu.net\/wordpress\/il-caso-degli-alpini-ubriachi-in-romagna-ideologica-campagna-nazionale-contro-le-penne-nere\/","title":{"rendered":"IL CASO DEGLI ALPINI UBRIACHI IN ROMAGNA, IDEOLOGICA CAMPAGNA NAZIONALE CONTRO LE PENNE NERE"},"content":{"rendered":"<p><span style=\"color: #ff0000;\"><strong>LA LETTERA<\/strong><\/span><\/p>\n<p>Riceviamo a volentieri pubblichiamo<\/p>\n<p><em>Del consigliere comunale Raffaele Addamiano<\/em><\/p>\n<p><a class=\"dt-pswp-item\" href=\"https:\/\/www.radiopiu.net\/wordpress\/wp-content\/uploads\/2022\/05\/alpini-647542_960_720.jpg\" data-dt-img-description=\"\" data-large_image_width=\"960\" data-large_image_height=\"640\"><img loading=\"lazy\" decoding=\"async\" class=\"alignleft wp-image-275532 size-medium\" src=\"https:\/\/www.radiopiu.net\/wordpress\/wp-content\/uploads\/2022\/05\/alpini-647542_960_720-300x200.jpg\" alt=\"\" width=\"300\" height=\"200\" srcset=\"https:\/\/www.radiopiu.net\/wordpress\/wp-content\/uploads\/2022\/05\/alpini-647542_960_720-300x200.jpg 300w, https:\/\/www.radiopiu.net\/wordpress\/wp-content\/uploads\/2022\/05\/alpini-647542_960_720-768x512.jpg 768w, https:\/\/www.radiopiu.net\/wordpress\/wp-content\/uploads\/2022\/05\/alpini-647542_960_720.jpg 960w\" sizes=\"auto, (max-width: 300px) 100vw, 300px\" \/><\/a>Le ultime, roventi polemiche sulla recente adunata nazionale degli Alpini a Rimini merita, ad avviso di chi scrive, alcune precisazioni. La prima, giuridica: se davvero vi sono stati lo scorso fine settimana degli episodi di molestie sessuali o di altro, illecito genere, questi andranno verificati dalle Forze dell\u2019Ordine in stretto coordinamento con la Magistratura inquirente competente per territorio. Una volta poi accertati, ci dovranno allora essere dei processi in Tribunale rispettosi del dettato costituzionale di cui all\u2019art. 27, II comma, della Costituzione in tema di presunzione di non colpevolezza dell\u2019imputato \u201csino alla condanna definitiva\u201d. Di sicuro non si possono e non si devono celebrare cause sui giornali o, peggio, su Facebook. Da ultimo, se tali responsabilit\u00e0 emergeranno, dovranno essere comminate dai Giudici (e non dagli influencers) delle pene severe e certe, proporzionate alla reale gravit\u00e0 delle condotte lamentate. La seconda, politica: non \u00e8 mai ammissibile generalizzare e, quindi, non si pu\u00f2 far diventare automaticamente il caso degli alpini ubriachi in Romagna una ideologica campagna nazionale contro le Penne Nere. Stride, infatti, prima con il buon senso e, indi, con la ragione affermare che gli oltre 400.000 Alpini l\u00ec presenti erano e sono tutti dei pericolosi molestatori. A mio avviso, le voci accusatorie che si sono levate nell\u2019occasione -addirittura con una interrogazione parlamentare a firma, tra le altre, delle deputate Boldrini, Madia e Quartapalle- tradiscono una indecente e faziosa polemica di natura generalista nonch\u00e9 qualunquista che mira soltanto a gettare discredito su un Corpo militare dal valore unanimemente riconosciuto e indiscusso. La terza, etica: se \u00e8 vero che la criminalizzazione dell\u2019intero Corpo alla quale si sta assistendo in queste ore \u00e8 del tutto inaccettabile (allo stato, risultano circa 150 racconti di abusi sessuali, ma molte meno formali denunce all\u2019Autorit\u00e0 Giudiziaria), \u00e8 altrettanto vero che qualora qualcuno si sia in effetti permesso di macchiare la gloriosa divisa che indossa con comportamenti incivili, questo individuo va punito pure sul piano etico-morale perch\u00e9 ha arrecato un grave danno di immagine a una comunit\u00e0 che da 150 anni rappresenta, al meglio, l\u2019orgoglio di tutte le nostre Forze Armate ed \u00e8 simbolo di un\u2019Italia solidale, quotidianamente al servizio del prossimo. In conclusione, ritengo che abbia profondamente ragione il Presidente dell\u2019ANC, Ingegner Sebastiano Favero, il quale in una intervista a un importante giornale nazionale cos\u00ec si \u00e8 espresso: \u201cSe avessi di fronte una delle ragazze molestate, la guarderei serenamente e le chiederei scusa. E le direi che chi si \u00e8 comportato in quel modo non \u00e8 un vero alpino\u201d perch\u00e9 un Alpino \u00e8 colui che senza mai chiedere niente in cambio dona il suo cuore e le sue energie per gli altri, nel pieno rispetto degli altri. Basti qui ricordare che solo nel 2021 sono state 5,4 milioni le ore di lavoro volontario per l\u2019emergenza Covid svolte dalle Penne Nere d\u2019Italia: con buona pace della ministra Elena Bonetti e della sua improvvida affermazione circa una, solo ipotetica, \u00absubcultura della prevaricazione\u00bb.<\/p>\n","protected":false},"excerpt":{"rendered":"<p>LA LETTERA Riceviamo a volentieri pubblichiamo Del consigliere comunale Raffaele Addamiano Le ultime, roventi polemiche sulla recente adunata nazionale degli Alpini a Rimini merita, ad avviso di chi scrive, alcune precisazioni. La prima, giuridica: se davvero vi sono stati lo scorso fine settimana degli episodi di molestie sessuali o di altro, illecito genere, questi andranno&hellip;<\/p>\n","protected":false},"author":4,"featured_media":275532,"comment_status":"closed","ping_status":"closed","sticky":false,"template":"","format":"standard","meta":{"_monsterinsights_skip_tracking":false,"_monsterinsights_sitenote_active":false,"_monsterinsights_sitenote_note":"","_monsterinsights_sitenote_category":0,"footnotes":""},"categories":[104,49],"tags":[],"class_list":["post-275533","post","type-post","status-publish","format-standard","has-post-thumbnail","hentry","category-evidenza_3","category-news-18","category-104","category-49","description-off"],"img_url":"https:\/\/www.radiopiu.net\/wordpress\/wp-content\/uploads\/2022\/05\/alpini-647542_960_720.jpg","_links":{"self":[{"href":"https:\/\/www.radiopiu.net\/wordpress\/wp-json\/wp\/v2\/posts\/275533","targetHints":{"allow":["GET"]}}],"collection":[{"href":"https:\/\/www.radiopiu.net\/wordpress\/wp-json\/wp\/v2\/posts"}],"about":[{"href":"https:\/\/www.radiopiu.net\/wordpress\/wp-json\/wp\/v2\/types\/post"}],"author":[{"embeddable":true,"href":"https:\/\/www.radiopiu.net\/wordpress\/wp-json\/wp\/v2\/users\/4"}],"replies":[{"embeddable":true,"href":"https:\/\/www.radiopiu.net\/wordpress\/wp-json\/wp\/v2\/comments?post=275533"}],"version-history":[{"count":0,"href":"https:\/\/www.radiopiu.net\/wordpress\/wp-json\/wp\/v2\/posts\/275533\/revisions"}],"wp:featuredmedia":[{"embeddable":true,"href":"https:\/\/www.radiopiu.net\/wordpress\/wp-json\/wp\/v2\/media\/275532"}],"wp:attachment":[{"href":"https:\/\/www.radiopiu.net\/wordpress\/wp-json\/wp\/v2\/media?parent=275533"}],"wp:term":[{"taxonomy":"category","embeddable":true,"href":"https:\/\/www.radiopiu.net\/wordpress\/wp-json\/wp\/v2\/categories?post=275533"},{"taxonomy":"post_tag","embeddable":true,"href":"https:\/\/www.radiopiu.net\/wordpress\/wp-json\/wp\/v2\/tags?post=275533"}],"curies":[{"name":"wp","href":"https:\/\/api.w.org\/{rel}","templated":true}]}}