{"id":275575,"date":"2022-05-13T17:09:38","date_gmt":"2022-05-13T15:09:38","guid":{"rendered":"https:\/\/www.radiopiu.net\/wordpress\/?p=275575"},"modified":"2022-05-14T05:16:27","modified_gmt":"2022-05-14T03:16:27","slug":"incidentelimana","status":"publish","type":"post","link":"https:\/\/www.radiopiu.net\/wordpress\/incidentelimana\/","title":{"rendered":"MOTOCICLISTA TRENTINO DI CANAL SAN BOVO PERDE LA VITA A LIMANA"},"content":{"rendered":"<p>&nbsp;<\/p>\n<blockquote><p><em>l&#8217;ipotesi: il motocarro si stava immettendo lungo la provinciale da uno degli stop laterali alla strada e il motociclista stava viaggiando lungo la corsia nord, in direzione Feltre-Belluno. L&#8217;impatto \u00e8 stato violentissimo e Sperandio \u00e8 stato proiettato a lato strada, nel fossato.\u00a0 Il 75enne di Limana \u00e8 stato ricoverato al San Martino: non \u00e8 considerato in pericolo di vita.La strada \u00e8 stata chiusa per oltre due ore\u00a0 e il traffico deviato lungo la strada che passa in centro di Limana.\u00a0\u00a0<\/em><\/p><\/blockquote>\n<p>&nbsp;<\/p>\n<p><strong><a class=\"dt-pswp-item\" href=\"https:\/\/www.radiopiu.net\/wordpress\/wp-content\/uploads\/2022\/05\/AAA-9.jpg\" data-dt-img-description=\"\" data-large_image_width=\"148\" data-large_image_height=\"193\"><img loading=\"lazy\" decoding=\"async\" class=\"size-thumbnail wp-image-275669 alignleft\" src=\"https:\/\/www.radiopiu.net\/wordpress\/wp-content\/uploads\/2022\/05\/AAA-9-148x150.jpg\" alt=\"\" width=\"148\" height=\"150\" \/><\/a>LIMANA<\/strong>\u00a0 In prossimit\u00e0 del rettilineo grave incidente stradale, ha perso la vita un motociclista trentino del Primiero, Luigi Sperandio di 62 anni residente a Canal San Bovo (originario di Transacqua).\u00a0 guidava la moto Aprilia finita contro un autocarro. La strada \u00e8 rimasta chiusa per ore per permettere le operazioni di soccorso e i rilievi dei Carabinieri della compagnia di Feltre. Sul posto il personale sanitario anche con\u00a0 l&#8217;elicottero del Suem.\u00a0 L&#8217;incidente attorno alle 16.30. Il conducente alla guida\u00a0 dell&#8217;autocarro si stata immettendo\u00a0 sulla strada che da Belluno conduce verso Feltre. Il motociclista \u00e8 stato immediatamente soccorso, i passanti hanno avvisato il 118 ma per l&#8217;uomo non c&#8217;\u00e8 stato nulla da fare, \u00e8 morto nel terribile impatto. Il conducente del camioncino, E.B. 75 anni di Limana \u00e8 stato trasportato\u00a0 al San Martino in condizioni serie.\u00a0 Sul posto\u00a0 anche vigili del fuoco per la messa in sicurezza dei mezzi e della viabilit\u00e0. Luigi Sperandio, non sposato in pensione (lavorava per i servizi forestali) lascia un fratello e una sorella.<\/p>\n\n\t\t\t<style type='text\/css'>\n\t\t\t\t#gallery-1 {\n\t\t\t\t\tmargin: auto;\n\t\t\t\t}\n\t\t\t\t#gallery-1 .gallery-item {\n\t\t\t\t\tfloat: left;\n\t\t\t\t\tmargin-top: 10px;\n\t\t\t\t\ttext-align: center;\n\t\t\t\t\twidth: 50%;\n\t\t\t\t}\n\t\t\t\t#gallery-1 img {\n\t\t\t\t\tborder: 2px solid #cfcfcf;\n\t\t\t\t}\n\t\t\t\t#gallery-1 .gallery-caption {\n\t\t\t\t\tmargin-left: 0;\n\t\t\t\t}\n\t\t\t\t\/* see gallery_shortcode() in wp-includes\/media.php *\/\n\t\t\t<\/style>\n\t\t<div id='gallery-1' class='dt-gallery-container gallery galleryid-275575 gallery-columns-2 gallery-size-full'><dl class='gallery-item'>\n\t\t\t\t<dt class='gallery-icon landscape'>\n\t\t\t\t\t<a class=\"rollover\" href='https:\/\/www.radiopiu.net\/wordpress\/incidentelimana\/whatsapp-image-2022-05-13-at-18-43-03-1\/'><img loading=\"lazy\" decoding=\"async\" width=\"1600\" height=\"1200\" src=\"https:\/\/www.radiopiu.net\/wordpress\/wp-content\/uploads\/2022\/05\/WhatsApp-Image-2022-05-13-at-18.43.03-1.jpeg\" class=\"attachment-full size-full\" alt=\"\" srcset=\"https:\/\/www.radiopiu.net\/wordpress\/wp-content\/uploads\/2022\/05\/WhatsApp-Image-2022-05-13-at-18.43.03-1.jpeg 1600w, https:\/\/www.radiopiu.net\/wordpress\/wp-content\/uploads\/2022\/05\/WhatsApp-Image-2022-05-13-at-18.43.03-1-300x225.jpeg 300w, https:\/\/www.radiopiu.net\/wordpress\/wp-content\/uploads\/2022\/05\/WhatsApp-Image-2022-05-13-at-18.43.03-1-1024x768.jpeg 1024w, https:\/\/www.radiopiu.net\/wordpress\/wp-content\/uploads\/2022\/05\/WhatsApp-Image-2022-05-13-at-18.43.03-1-768x576.jpeg 768w, https:\/\/www.radiopiu.net\/wordpress\/wp-content\/uploads\/2022\/05\/WhatsApp-Image-2022-05-13-at-18.43.03-1-1536x1152.jpeg 1536w\" sizes=\"auto, (max-width: 1600px) 100vw, 1600px\" \/><\/a>\n\t\t\t\t<\/dt><\/dl><dl class='gallery-item'>\n\t\t\t\t<dt class='gallery-icon landscape'>\n\t\t\t\t\t<a class=\"rollover\" href='https:\/\/www.radiopiu.net\/wordpress\/incidentelimana\/whatsapp-image-2022-05-13-at-18-43-03\/'><img loading=\"lazy\" decoding=\"async\" width=\"1600\" height=\"1200\" src=\"https:\/\/www.radiopiu.net\/wordpress\/wp-content\/uploads\/2022\/05\/WhatsApp-Image-2022-05-13-at-18.43.03.jpeg\" class=\"attachment-full size-full\" alt=\"\" srcset=\"https:\/\/www.radiopiu.net\/wordpress\/wp-content\/uploads\/2022\/05\/WhatsApp-Image-2022-05-13-at-18.43.03.jpeg 1600w, https:\/\/www.radiopiu.net\/wordpress\/wp-content\/uploads\/2022\/05\/WhatsApp-Image-2022-05-13-at-18.43.03-300x225.jpeg 300w, https:\/\/www.radiopiu.net\/wordpress\/wp-content\/uploads\/2022\/05\/WhatsApp-Image-2022-05-13-at-18.43.03-1024x768.jpeg 1024w, https:\/\/www.radiopiu.net\/wordpress\/wp-content\/uploads\/2022\/05\/WhatsApp-Image-2022-05-13-at-18.43.03-768x576.jpeg 768w, https:\/\/www.radiopiu.net\/wordpress\/wp-content\/uploads\/2022\/05\/WhatsApp-Image-2022-05-13-at-18.43.03-1536x1152.jpeg 1536w\" sizes=\"auto, (max-width: 1600px) 100vw, 1600px\" \/><\/a>\n\t\t\t\t<\/dt><\/dl><br style=\"clear: both\" \/>\n\t\t\t<\/div>\n\n\n\t\t\t<style type='text\/css'>\n\t\t\t\t#gallery-2 {\n\t\t\t\t\tmargin: auto;\n\t\t\t\t}\n\t\t\t\t#gallery-2 .gallery-item {\n\t\t\t\t\tfloat: left;\n\t\t\t\t\tmargin-top: 10px;\n\t\t\t\t\ttext-align: center;\n\t\t\t\t\twidth: 33%;\n\t\t\t\t}\n\t\t\t\t#gallery-2 img {\n\t\t\t\t\tborder: 2px solid #cfcfcf;\n\t\t\t\t}\n\t\t\t\t#gallery-2 .gallery-caption {\n\t\t\t\t\tmargin-left: 0;\n\t\t\t\t}\n\t\t\t\t\/* see gallery_shortcode() in wp-includes\/media.php *\/\n\t\t\t<\/style>\n\t\t<div id='gallery-2' class='dt-gallery-container gallery galleryid-275575 gallery-columns-3 gallery-size-thumbnail'><dl class='gallery-item'>\n\t\t\t\t<dt class='gallery-icon landscape'>\n\t\t\t\t\t<a class=\"rollover rollover-zoom dt-pswp-item\" title=\"54734b8a-65b7-488b-a488-52fc204de8ac\" data-dt-img-description=\"\" data-large_image_width=\"960\" data-large_image_height=\"711\"href='https:\/\/www.radiopiu.net\/wordpress\/wp-content\/uploads\/2022\/05\/54734b8a-65b7-488b-a488-52fc204de8ac.jpg'><img loading=\"lazy\" decoding=\"async\" width=\"150\" height=\"150\" src=\"https:\/\/www.radiopiu.net\/wordpress\/wp-content\/uploads\/2022\/05\/54734b8a-65b7-488b-a488-52fc204de8ac-150x150.jpg\" class=\"attachment-thumbnail size-thumbnail\" alt=\"\" \/><\/a>\n\t\t\t\t<\/dt><\/dl><dl class='gallery-item'>\n\t\t\t\t<dt class='gallery-icon landscape'>\n\t\t\t\t\t<a class=\"rollover rollover-zoom dt-pswp-item\" title=\"560df4b1-2a3d-4a63-94a9-bc47594eb844\" data-dt-img-description=\"\" data-large_image_width=\"1280\" data-large_image_height=\"960\"href='https:\/\/www.radiopiu.net\/wordpress\/wp-content\/uploads\/2022\/05\/560df4b1-2a3d-4a63-94a9-bc47594eb844.jpg'><img loading=\"lazy\" decoding=\"async\" width=\"150\" height=\"150\" src=\"https:\/\/www.radiopiu.net\/wordpress\/wp-content\/uploads\/2022\/05\/560df4b1-2a3d-4a63-94a9-bc47594eb844-150x150.jpg\" class=\"attachment-thumbnail size-thumbnail\" alt=\"\" \/><\/a>\n\t\t\t\t<\/dt><\/dl><dl class='gallery-item'>\n\t\t\t\t<dt class='gallery-icon landscape'>\n\t\t\t\t\t<a class=\"rollover rollover-zoom dt-pswp-item\" title=\"27979940-0b91-4a0b-9822-2d80cc826599\" data-dt-img-description=\"\" data-large_image_width=\"960\" data-large_image_height=\"746\"href='https:\/\/www.radiopiu.net\/wordpress\/wp-content\/uploads\/2022\/05\/27979940-0b91-4a0b-9822-2d80cc826599.jpg'><img loading=\"lazy\" decoding=\"async\" width=\"150\" height=\"150\" src=\"https:\/\/www.radiopiu.net\/wordpress\/wp-content\/uploads\/2022\/05\/27979940-0b91-4a0b-9822-2d80cc826599-150x150.jpg\" class=\"attachment-thumbnail size-thumbnail\" alt=\"\" \/><\/a>\n\t\t\t\t<\/dt><\/dl><br style=\"clear: both\" \/>\n\t\t\t<\/div>\n\n<p>&nbsp;<\/p>\n<p>__<\/p>\n<p>&nbsp;<\/p>\n<p>_<\/p>\n<p>&nbsp;<\/p>\n","protected":false},"excerpt":{"rendered":"<p>&nbsp; l&#8217;ipotesi: il motocarro si stava immettendo lungo la provinciale da uno degli stop laterali alla strada e il motociclista stava viaggiando lungo la corsia nord, in direzione Feltre-Belluno. L&#8217;impatto \u00e8 stato violentissimo e Sperandio \u00e8 stato proiettato a lato strada, nel fossato.\u00a0 Il 75enne di Limana \u00e8 stato ricoverato al San Martino: non \u00e8&hellip;<\/p>\n","protected":false},"author":4,"featured_media":275604,"comment_status":"closed","ping_status":"closed","sticky":false,"template":"","format":"standard","meta":{"_monsterinsights_skip_tracking":false,"_monsterinsights_sitenote_active":false,"_monsterinsights_sitenote_note":"","_monsterinsights_sitenote_category":0,"footnotes":""},"categories":[51,49],"tags":[],"class_list":["post-275575","post","type-post","status-publish","format-standard","has-post-thumbnail","hentry","category-evidenza-top","category-news-18","category-51","category-49","description-off"],"img_url":"https:\/\/www.radiopiu.net\/wordpress\/wp-content\/uploads\/2022\/05\/WhatsApp-Image-2022-05-13-at-18.43.03.jpeg","_links":{"self":[{"href":"https:\/\/www.radiopiu.net\/wordpress\/wp-json\/wp\/v2\/posts\/275575","targetHints":{"allow":["GET"]}}],"collection":[{"href":"https:\/\/www.radiopiu.net\/wordpress\/wp-json\/wp\/v2\/posts"}],"about":[{"href":"https:\/\/www.radiopiu.net\/wordpress\/wp-json\/wp\/v2\/types\/post"}],"author":[{"embeddable":true,"href":"https:\/\/www.radiopiu.net\/wordpress\/wp-json\/wp\/v2\/users\/4"}],"replies":[{"embeddable":true,"href":"https:\/\/www.radiopiu.net\/wordpress\/wp-json\/wp\/v2\/comments?post=275575"}],"version-history":[{"count":0,"href":"https:\/\/www.radiopiu.net\/wordpress\/wp-json\/wp\/v2\/posts\/275575\/revisions"}],"wp:featuredmedia":[{"embeddable":true,"href":"https:\/\/www.radiopiu.net\/wordpress\/wp-json\/wp\/v2\/media\/275604"}],"wp:attachment":[{"href":"https:\/\/www.radiopiu.net\/wordpress\/wp-json\/wp\/v2\/media?parent=275575"}],"wp:term":[{"taxonomy":"category","embeddable":true,"href":"https:\/\/www.radiopiu.net\/wordpress\/wp-json\/wp\/v2\/categories?post=275575"},{"taxonomy":"post_tag","embeddable":true,"href":"https:\/\/www.radiopiu.net\/wordpress\/wp-json\/wp\/v2\/tags?post=275575"}],"curies":[{"name":"wp","href":"https:\/\/api.w.org\/{rel}","templated":true}]}}