{"id":275664,"date":"2022-05-16T05:32:35","date_gmt":"2022-05-16T03:32:35","guid":{"rendered":"https:\/\/www.radiopiu.net\/wordpress\/?p=275664"},"modified":"2022-05-16T09:41:19","modified_gmt":"2022-05-16T07:41:19","slug":"giornale-radiopiu-16-maggio-2022-direttore-mirko-mezzacasa","status":"publish","type":"post","link":"https:\/\/www.radiopiu.net\/wordpress\/giornale-radiopiu-16-maggio-2022-direttore-mirko-mezzacasa\/","title":{"rendered":"GIORNALE RADIOPIU 16 MAGGIO 2022 DIRETTORE MIRKO MEZZACASA"},"content":{"rendered":"<h3 class=\"kvgmc6g5 cxmmr5t8 oygrvhab hcukyx3x c1et5uql\"><span style=\"color: #0000ff;\"><strong>RADIO PIU INFORMAZIONE il canale su TELEGRAM informazione di prima\u00a0 <\/strong><\/span><span style=\"color: #0000ff;\"><strong>mano e in tempo reale. iscriviti ed aiutaci a farlo conoscere\u00a0\u00a0<\/strong><\/span><\/h3>\n<p>&nbsp;<\/p>\n<p>&nbsp;<\/p>\n<hr \/>\n<p>&nbsp;<\/p>\n<blockquote>\n<h3>SP 3, IN COMUNE DI GOSALDO: CHIUSA<\/h3>\n<\/blockquote>\n<p><strong><a class=\"dt-pswp-item\" href=\"https:\/\/www.radiopiu.net\/wordpress\/wp-content\/uploads\/2020\/05\/VENETO-STRADE.png\" data-dt-img-description=\"\" data-large_image_width=\"400\" data-large_image_height=\"400\"><img loading=\"lazy\" decoding=\"async\" class=\"size-thumbnail wp-image-135574 alignleft\" src=\"https:\/\/www.radiopiu.net\/wordpress\/wp-content\/uploads\/2020\/05\/VENETO-STRADE-150x150.png\" alt=\"\" width=\"150\" height=\"150\" srcset=\"https:\/\/www.radiopiu.net\/wordpress\/wp-content\/uploads\/2020\/05\/VENETO-STRADE-150x150.png 150w, https:\/\/www.radiopiu.net\/wordpress\/wp-content\/uploads\/2020\/05\/VENETO-STRADE-300x300.png 300w, https:\/\/www.radiopiu.net\/wordpress\/wp-content\/uploads\/2020\/05\/VENETO-STRADE.png 400w\" sizes=\"auto, (max-width: 150px) 100vw, 150px\" \/><\/a>SEDICO <\/strong>Da Veneto Strade, interdizione totale alla viabilita&#8217;, provinciale Agordo-Rivamonte<\/p>\n<p><strong>PROVINCIALE 3 DI VALLE IMPERINA<\/strong> in Comune di Gosaldo al chilometro 12,500 fino al 20 maggio, interdizione totale alla circolazione stradale per lavori di consolidamento del piano viabile a fasce orarie: DALLE 8 ALLE 12.45, DALLE 13.45 ALLE 16 E DALLE 16.30 ALLE 18. Alternativa 347 del Duran e Cereda (Gosaldo-Forcella Aurine-Frassene&#8217;-Voltago-Agordo). Durante le aperture senso unico alternato regolato da movieri<\/p>\n<p><strong>SP3 VALLE IMPERINA,<\/strong> localit\u00e0 Corde Mole\u00a0 <span style=\"color: #ff0000;\"><strong>fino al 10 giugno<\/strong><\/span> &#8211; esclusi festivi e prefestivi &#8211; senso unico alternato per lavori di esbosco<\/p>\n<p><strong>SP 3 VALLE IMPERINA<\/strong> localit\u00e0 Zenich di Rivamonte <span style=\"color: #ff0000;\"><strong>fino al 17 giugno<\/strong><\/span> &#8211; sabati domeniche e festivi inclusi &#8211; senso unico alternato per consolidamento ciglio stradale<\/p>\n<p>&nbsp;<\/p>\n<hr \/>\n<p>&nbsp;<\/p>\n<blockquote>\n<h3>E&#8217; MORTO ANGELO DE PAOLI, FONDATORE DELLA CERAMICA DOLOMITI<\/h3>\n<\/blockquote>\n<p><a class=\"dt-pswp-item\" href=\"https:\/\/www.radiopiu.net\/wordpress\/wp-content\/uploads\/2022\/05\/d5bdc8f6-3237-4641-93ca-8ca6ee316c6c-1.jpg\" data-dt-img-description=\"\" data-large_image_width=\"1280\" data-large_image_height=\"960\"><img loading=\"lazy\" decoding=\"async\" class=\"size-thumbnail wp-image-275995 alignleft\" src=\"https:\/\/www.radiopiu.net\/wordpress\/wp-content\/uploads\/2022\/05\/d5bdc8f6-3237-4641-93ca-8ca6ee316c6c-1-150x150.jpg\" alt=\"\" width=\"150\" height=\"150\" \/><\/a><strong>BELLUNO<\/strong> Angelo De Paoli \u00e8 morto in seguito alle ferite riportate nell&#8217;incidente di mercoled\u00ec, in via Feltre. L&#8217;uomo era stato ricoverato all&#8217;ospedale San Martino di Belluno, dove \u00e8 deceduto, aveva 85 anni e da molto tempo abitava a Belluno. Fu lui, infatti, insieme ai due soci Attilio Bandiera e Aldo Pessot, a fondare la Ceramica Dolomite di Trichiana nel 1965.\u00a0 La famiglia di Angelo De Paoli ha deciso che i funerali si terranno in forma privata.<\/p>\n<p>&nbsp;<\/p>\n<p>&nbsp;<\/p>\n<p><strong>L&#8217;INCIDENTE RACCONTATO ALLA RADIO, DAL NOTIZIARIO DI MERCOLEDI<\/strong><\/p>\n<p><strong>BELLUNO<\/strong> Scontro tra due autovetture ieri alle 12\u00a0 in via Feltre a Belluno, due i feriti, il pi\u00f9 grave Angelo De Paoli fondatore della Ceramica Dolomiti di 86 anni \u00e8 in prognosi riservata ma non in pericolo di vita e un giovane di 28 anni, entrambi\u00a0 portati al San Martino di Belluno. Sul posto i vigili del fuoco per la messa in sicurezza dei mezzi e della viabilit\u00e0. Cause in corso di accertamento da parte della polizia sul posto con due pattuglie, altrettante le ambulanze.<\/p>\n<p><strong>di MORENO GIOLI<\/strong><\/p>\n<audio class=\"wp-audio-shortcode\" id=\"audio-275664-1\" preload=\"none\" style=\"width: 100%;\" controls=\"controls\"><source type=\"audio\/mpeg\" src=\"https:\/\/www.radiopiu.net\/wordpress\/wp-content\/uploads\/2022\/05\/moreno-1.mp3?_=1\" \/><a href=\"https:\/\/www.radiopiu.net\/wordpress\/wp-content\/uploads\/2022\/05\/moreno-1.mp3\">https:\/\/www.radiopiu.net\/wordpress\/wp-content\/uploads\/2022\/05\/moreno-1.mp3<\/a><\/audio>\n<p>&nbsp;<\/p>\n<p>&nbsp;<\/p>\n<p>&nbsp;<\/p>\n<hr \/>\n<blockquote>\n<h3><\/h3>\n<h3>DON VITO RICOVERATO A TREVISO, PER LA GUARIGIONE SI PROSPETTANO\u00a0 TEMPI LUNGHI.<\/h3>\n<\/blockquote>\n<p><strong><img loading=\"lazy\" decoding=\"async\" class=\"alignleft\" src=\"https:\/\/www.radiopiu.net\/wordpress\/wp-content\/uploads\/2022\/05\/107661508_10218497636019248_6647140426963874684_n-300x300.jpg\" width=\"142\" height=\"142\" \/>CANALE D&#8217;AGORDO<\/strong> \u00c8 ricoverato all&#8217;ospedale Ca&#8217; Foncello di Treviso Don Vito De Vido, il parroco di Canale D&#8217;Agordo coinvolto ieri nell&#8217;incidente di Avoscan di Cencenighe. Incidente avvenuto poco prima delle 16:30 dove sono state coinvolte due vetture, una Fiat Panda e una Mitsubishi Pajero condotta da una cittadina rumena residente ad Alleghe. Ad avere la peggio il parroco che \u00e8 stato trasferito in elicottero all&#8217;ospedale di Treviso. La dinamica dell&#8217;incidente \u00e8 al vaglio dei Carabinieri. In questo momento Don Vito si trova nel reparto ortopedia del nosocomio trevigiano dove i medici si stanno prendendo cura. Per lui una serie di fratture: rotula, femore, bacino e quattro costole. Un lungo periodo di guarigione per il parroco che nei prossimi mesi era chiamato a celebrare la beatificazione di Papa Luciani. Il sindaco di Canale Flavio Colcergnan \u00e8 dispiaciuto per l&#8217;accaduto. &#8220;<em>Don Vito \u00e8 una brava persona\u00a0 &#8211; dice il primo cittadino &#8211; un parroco molto impegnato tra Canale e Vallada. Lo considero un amico con il quale si collabora volentieri<\/em>&#8220;.<\/p>\n<p>&nbsp;<\/p>\n<p><strong>Il confortante messaggio di Don Vito sulla pagina facebook<\/strong><\/p>\n<blockquote><p><strong>Grazie a tutti mezzo rotto ma vivo. Sar\u00e0 un po&#8217; lunga&#8230; Grazie a tutti. Abbiamo sempre fede in Dio. Egli \u00e8 medico e medicina. Una Ave Maria per voi. Ho tempo a letto<\/strong><\/p><\/blockquote>\n<p><strong>\u00a0<\/strong><\/p>\n<blockquote>\n<h3>IL MESSAGGIO DI VICINANZA A DON VITO DE VIDO<\/h3>\n<\/blockquote>\n<p><strong><a class=\"dt-pswp-item\" href=\"https:\/\/www.radiopiu.net\/wordpress\/wp-content\/uploads\/2022\/05\/DON-VITO-DE-VIDO.jpg\" data-dt-img-description=\"\" data-large_image_width=\"550\" data-large_image_height=\"828\"><img loading=\"lazy\" decoding=\"async\" class=\"size-thumbnail wp-image-275816 alignleft\" src=\"https:\/\/www.radiopiu.net\/wordpress\/wp-content\/uploads\/2022\/05\/DON-VITO-DE-VIDO-150x150.jpg\" alt=\"\" width=\"150\" height=\"150\" \/><\/a>REDAZIONE<\/strong> Riceviamo e pubblichiamo il messaggio di vicinanza a Don Vito De Vido, parroco di Canale D&#8217;Agordo, coinvolto nell&#8217;incidente di Avoscan di Cencenighe<\/p>\n<blockquote><p><em>La nostra Chiesa locale e le comunit\u00e0 cristiane dell&#8217;Agordino e di Livinallongo si fanno in questo momento vicine a don Vito, in seguito all&#8217;incidente che lo ha visto coinvolto nel pomeriggio di sabato. Un pensiero sincero e fraterno va a lui, ma anche alla signora coinvolta. Preghiamo per le comunit\u00e0 di Canale e Vallada, che certo stanno vivendo ore di trepidazione per la salute del proprio parroco. Al momento, le informazioni non sono molte, ma cariche di speranza. Vedremo l&#8217;evolvere delle prossime ore. Affidiamo don Vito e le sue comunit\u00e0 ad uno sguardo particolare del nostro don Albino, ormai prossimo a divenire testimone del Vangelo indicato per la Chiesa intera.<\/em><\/p>\n<p><em>Don Fabiano Del Favero<\/em><\/p><\/blockquote>\n<p>&nbsp;<\/p>\n<blockquote>\n<h3>LA BRETELLA DI AVOSCAN ESSENZIALE IN CASO DI INCIDENTI<\/h3>\n<\/blockquote>\n<p><strong><a class=\"dt-pswp-item\" href=\"https:\/\/www.radiopiu.net\/wordpress\/wp-content\/uploads\/2020\/12\/MORENO-DE-VAL.jpg\" data-dt-img-description=\"\" data-large_image_width=\"257\" data-large_image_height=\"244\"><img loading=\"lazy\" decoding=\"async\" class=\"size-thumbnail wp-image-179073 alignleft\" src=\"https:\/\/www.radiopiu.net\/wordpress\/wp-content\/uploads\/2020\/12\/MORENO-DE-VAL-150x150.jpg\" alt=\"\" width=\"150\" height=\"150\" \/><\/a>SAN TOMASO <\/strong>Dopo l&#8217;incidente delle ultime ore, il sindaco di San Tomaso Moreno De Val torna a parlare dell&#8217;importanza che ha la bretella che collega Avoscan di San Tomaso ad Avoscan di Cencenighe, la strada sottostante la 203 Agordina che al momento risulta ancora chiusa dopo la tempesta Vaia.<\/p>\n<p><strong>MORENO DE VAL, SINDACO DI SAN TOMASO<\/strong><\/p>\n<audio class=\"wp-audio-shortcode\" id=\"audio-275664-2\" preload=\"none\" style=\"width: 100%;\" controls=\"controls\"><source type=\"audio\/mpeg\" src=\"https:\/\/www.radiopiu.net\/wordpress\/wp-content\/uploads\/2022\/05\/MORENO-DE-VAL-INCIDENTE.mp3?_=2\" \/><a href=\"https:\/\/www.radiopiu.net\/wordpress\/wp-content\/uploads\/2022\/05\/MORENO-DE-VAL-INCIDENTE.mp3\">https:\/\/www.radiopiu.net\/wordpress\/wp-content\/uploads\/2022\/05\/MORENO-DE-VAL-INCIDENTE.mp3<\/a><\/audio>\n<p>&nbsp;<\/p>\n<hr \/>\n<p>&nbsp;<\/p>\n<blockquote>\n<h3>DOMANI I FUNERALI DI FELICE VISALLI<strong>\u00a0<\/strong><\/h3>\n<\/blockquote>\n<p><strong><a class=\"dt-pswp-item\" href=\"https:\/\/www.radiopiu.net\/wordpress\/wp-content\/uploads\/2022\/05\/VISALLI.jpg\" data-dt-img-description=\"\" data-large_image_width=\"265\" data-large_image_height=\"301\"><img loading=\"lazy\" decoding=\"async\" class=\"size-thumbnail wp-image-275998 alignright\" src=\"https:\/\/www.radiopiu.net\/wordpress\/wp-content\/uploads\/2022\/05\/VISALLI-150x150.jpg\" alt=\"\" width=\"150\" height=\"150\" \/><\/a>FELTRE<\/strong>\u00a0\u00a0Felice Visalli, venerd\u00ec prossimo avrebbe compiuto 88 anni,\u00a0 \u00e8 mancato a causa di una malattia. I funerali si svolgeranno domani mattina alle 10.30 nella parrocchia di Mussoi. Nato a Reggio Calabria\u00a0 abitava a Belluno dal 1992, quando decise di seguire due dei suoi figli, Irma e Paolo, e di chiudere la carriera alla Brigata Cadore come ufficiale di collegamento dell&#8217;Aviazione dell&#8217;Esercito. Visalli infatti era un Generale Pilota. Numerosi e prestigiosi gli incarichi di comando svolti, tra i quali la Chief of Air Staff Operation in Libano. Fu proprio in Libano, nell&#8217;ambito della missione umanitaria italiana tra il 1980 e il 1985, che si distinse per determinazione e coraggio. Visalli lascia la moglie Francesca e una terza figlia, Imma. I nipoti si occuperanno di disperdere le sue ceneri: met\u00e0 nello stretto di Messina e l&#8217;altra met\u00e0 a Tiberiade, in Israele.<\/p>\n<p>&nbsp;<\/p>\n<hr \/>\n<p>&nbsp;<\/p>\n<blockquote>\n<h3>FANNO SALTARE IL BANCOMAT A SEREN DEL GRAPPA E SCAPPANO CON IL BOTTINO<\/h3>\n<\/blockquote>\n<p><strong><a class=\"dt-pswp-item\" href=\"https:\/\/www.radiopiu.net\/wordpress\/wp-content\/uploads\/2022\/05\/3762d666-e3ad-4ef9-a3ec-a1de9c1fe2d7.jpg\" data-dt-img-description=\"\" data-large_image_width=\"1024\" data-large_image_height=\"1024\"><img loading=\"lazy\" decoding=\"async\" class=\"size-thumbnail wp-image-275713 alignleft\" src=\"https:\/\/www.radiopiu.net\/wordpress\/wp-content\/uploads\/2022\/05\/3762d666-e3ad-4ef9-a3ec-a1de9c1fe2d7-150x150.jpg\" alt=\"\" width=\"150\" height=\"150\" srcset=\"https:\/\/www.radiopiu.net\/wordpress\/wp-content\/uploads\/2022\/05\/3762d666-e3ad-4ef9-a3ec-a1de9c1fe2d7-150x150.jpg 150w, https:\/\/www.radiopiu.net\/wordpress\/wp-content\/uploads\/2022\/05\/3762d666-e3ad-4ef9-a3ec-a1de9c1fe2d7-300x300.jpg 300w, https:\/\/www.radiopiu.net\/wordpress\/wp-content\/uploads\/2022\/05\/3762d666-e3ad-4ef9-a3ec-a1de9c1fe2d7-768x768.jpg 768w, https:\/\/www.radiopiu.net\/wordpress\/wp-content\/uploads\/2022\/05\/3762d666-e3ad-4ef9-a3ec-a1de9c1fe2d7.jpg 1024w\" sizes=\"auto, (max-width: 150px) 100vw, 150px\" \/><\/a> <\/strong><\/p>\n<p><strong>\u00a0<\/strong><\/p>\n<p><strong>SEREN DEL GRAPPA<\/strong> Erano le 2:30 della notte tra venerd\u00ec e sabato quando Seren Del Grappa \u00e8 stato svegliato da un botto. Quattro malviventi hanno fatto esplodere il bancomat della Cassa Rurale delle Dolomiti in via Marconi. Una deflagrazione che ha consentito ai quattro di asportare una somma che si aggira attorno ai 20 mila euro per poi fuggire a bordo di un&#8217;Audi station wagon scura. Sul posto i Carabinieri per le indagini del caso.<\/p>\n<p>&nbsp;<\/p>\n<p>&nbsp;<\/p>\n<p>&nbsp;<\/p>\n<hr \/>\n<p>&nbsp;<\/p>\n<blockquote>\n<h3>RICERCHE IN CORSO AD AURONZO PER UN ANZIANO CHE NON E&#8217; RIENTRATO A CASA<\/h3>\n<\/blockquote>\n<p><strong><a class=\"dt-pswp-item\" href=\"https:\/\/www.radiopiu.net\/wordpress\/wp-content\/uploads\/2022\/04\/soccorso-alpino-1024x602-1.jpg\" data-dt-img-description=\"\" data-large_image_width=\"1024\" data-large_image_height=\"602\"><img loading=\"lazy\" decoding=\"async\" class=\" wp-image-270917 alignleft\" src=\"https:\/\/www.radiopiu.net\/wordpress\/wp-content\/uploads\/2022\/04\/soccorso-alpino-1024x602-1-150x150.jpg\" alt=\"\" width=\"86\" height=\"86\" \/><\/a>AURONZO DI CADORE<\/strong> Dalle 18.30 di ieri il Soccorso alpino di Auronzo assieme al Sagf di Auronzo, ai Vigili del fuoco, ai Carabinieri sta partecipando alle ricerche di un 78enne del posto, camminatore abituale, uscito per un giro nei boschi questa mattina, senza indicare la meta e senza cellulare, verso le 11.30 e atteso per le 16 a casa dove non \u00e8 mai arrivato. Le perlustrazioni si stanno concentrando nella zona di Soccosta, sotto le ex funivie. Attivate anche le Stazioni del Soccorso alpino limitrofe.<\/p>\n<p>&nbsp;<\/p>\n<p>&nbsp;<\/p>\n<hr \/>\n<p>&nbsp;<\/p>\n<blockquote>\n<h3>RECUPERATI ESCURSIONISTI AL BIVACCO FANTON<\/h3>\n<\/blockquote>\n<p><strong><a class=\"dt-pswp-item\" href=\"https:\/\/www.radiopiu.net\/wordpress\/wp-content\/uploads\/2021\/12\/salt-suem.jpg\" data-dt-img-description=\"\" data-large_image_width=\"1440\" data-large_image_height=\"1080\"><img loading=\"lazy\" decoding=\"async\" class=\"size-thumbnail wp-image-247613 alignleft\" src=\"https:\/\/www.radiopiu.net\/wordpress\/wp-content\/uploads\/2021\/12\/salt-suem-150x150.jpg\" alt=\"\" width=\"150\" height=\"150\" \/><\/a>AURONZO DI CADORE<\/strong> Sabato sera attorno alle 22 la Centrale del 118 \u00e8 stata contattata da un amico, che non si trovava con loro, per due escursionisti che, raggiunto dalla Val da Rin il Bivacco Fanton sulla Forcella Marmarole, tra il Monte Froppa e la Cresta degli Invalidi, non erano pi\u00f9 in grado di tornare indietro a causa della presenza di ghiaccio e neve. Messi in contatto con il Soccorso alpino di Auronzo, C.M, 45 anni, di Negrar (VR), e M.P., 33 anni, di Poncarale (BS), comunicavano che avevano il necessario per passare la notte in bivacco e che si sarebbero risentitoi alle prime luci, per verificare se fossero in grado di rientrare in autonomia. Ieri mattina i due hanno per\u00f2 confermato le condizioni pericolose per la discesa poich\u00e9 non erano dovutamente attrezzati. Verso le 9.30 l&#8217;elicottero del Suem di Pieve di Cadore li ha raggiunti e imbarcati, per trasportarli in Val da Rin alla loro macchina.<\/p>\n<p>&nbsp;<\/p>\n<p>&nbsp;<\/p>\n<hr \/>\n<p>&nbsp;<\/p>\n<blockquote>\n<h3>SCIVOLA PER ANDARE A VEDERE LA CASCATA<\/h3>\n<\/blockquote>\n<p><strong><a class=\"dt-pswp-item\" href=\"https:\/\/www.radiopiu.net\/wordpress\/wp-content\/uploads\/2018\/08\/soccorsoalpino.jpg\" data-dt-img-description=\"\" data-large_image_width=\"1200\" data-large_image_height=\"1200\"><img loading=\"lazy\" decoding=\"async\" class=\" wp-image-59164 alignleft\" src=\"https:\/\/www.radiopiu.net\/wordpress\/wp-content\/uploads\/2018\/08\/soccorsoalpino-150x150.jpg\" alt=\"\" width=\"124\" height=\"124\" srcset=\"https:\/\/www.radiopiu.net\/wordpress\/wp-content\/uploads\/2018\/08\/soccorsoalpino-150x150.jpg 150w, https:\/\/www.radiopiu.net\/wordpress\/wp-content\/uploads\/2018\/08\/soccorsoalpino-300x300.jpg 300w, https:\/\/www.radiopiu.net\/wordpress\/wp-content\/uploads\/2018\/08\/soccorsoalpino-768x768.jpg 768w, https:\/\/www.radiopiu.net\/wordpress\/wp-content\/uploads\/2018\/08\/soccorsoalpino-1024x1024.jpg 1024w, https:\/\/www.radiopiu.net\/wordpress\/wp-content\/uploads\/2018\/08\/soccorsoalpino.jpg 1200w\" sizes=\"auto, (max-width: 124px) 100vw, 124px\" \/><\/a>PONTE NELLE ALPI<\/strong> Ieri alle 10.40 circa il Soccorso alpino di Longarone \u00e8 stato attivato dal 118, a seguito dell&#8217;infortunio di un 23enne di Sacile (PN). Scendendo con amici dal ponticello in localit\u00e0 Cornolade, per andare a vedere la sottostante cascata, il ragazzo aveva infatti riportato un sospetto trauma alla caviglia. Una squadra \u00e8 arrivata sulla strada e ha raggiunto l&#8217;infortunato, che era gi\u00e0 stato stabilizzato dal personale sanitario dell&#8217;ambulanza sopraggiunto nel frattempo. Dopo averlo imbarellato e una volta attrezzata una corda di sicurezza, i soccorritori lo hanno trasportato in salita una ventina di metri per poi trasferirlo nell&#8217;ambulanza, partita in direzione dell&#8217;ospedale di Belluno.<\/p>\n<p>&nbsp;<\/p>\n<p>&nbsp;<\/p>\n<hr \/>\n<p>&nbsp;<\/p>\n<blockquote>\n<h3 class=\"entry-title\">ESCURSIONISTI BLOCCATI SOTTO LA CRODA ROSSA DEL PELMO<\/h3>\n<\/blockquote>\n<p><strong class=\"photoswipe-wrapper\"><a class=\"dt-pswp-item pspw-wrap-ready\" href=\"https:\/\/www.radiopiu.net\/wordpress\/wp-content\/uploads\/2019\/01\/IMG-20190104-WA0017.jpg\" data-dt-img-description=\"\" data-large_image_width=\"1600\" data-large_image_height=\"1066\"><img loading=\"lazy\" decoding=\"async\" class=\"size-thumbnail wp-image-74738 alignleft\" src=\"https:\/\/www.radiopiu.net\/wordpress\/wp-content\/uploads\/2019\/01\/IMG-20190104-WA0017-150x150.jpg\" alt=\"\" width=\"150\" height=\"150\" \/><\/a>SAN VITO DI CADORE<\/strong> Partiti dal Rifugio Venezia in direzione di Forcella Val d\u2019Arcia sul Pelmo, due escursionisti hanno sbagliato traccia proseguendo oltre e ritrovandosi bloccati sulla neve sopra salti verticali, con scariche di sassi provenienti dall\u2019alto. Alle 13.40 di ieri dopo aver ricevuto la chiamata di attivazione e la posizione, la Centrale del 118 ha appurato che la coppia, A.B., 47 anni, di Paese (TV), lei, e P.S., 37 anni, di Val di Zoldo (BL), lui, si trovava in realt\u00e0 sotto la Croda Rossa. Dopo averli individuati, l\u2019elicottero del Suem di Pieve di Cadore ha imbarcato entrambi in hovering, per poi trasportarli al Rifugio Aquileia. Due tecnici del Soccorso alpino di San Vito di Cadore erano pronti ad intervenire in supporto alle operazioni, se necessario.<\/p>\n<p>Un possibile intervento \u00e8 invece stato risolto dal Soccorso alpino di Feltre fornendo indicazioni telefoniche a due persone, che avevano perso l\u2019orientamento nella zona della Val de l\u2019Inferno e che sono state guidate nella giusta direzione. La Centrale del 118 ha poi verificato non avessero pi\u00f9 problemi ricontattandoli pi\u00f9 tardi.<\/p>\n<p>&nbsp;<\/p>\n<p>&nbsp;<\/p>\n<hr \/>\n<p>&nbsp;<\/p>\n<blockquote>\n<h3>RESTA INCRODATO PER FOTOGRAFARE LE TRE CIME DI LAVAREDO<\/h3>\n<\/blockquote>\n<p><strong><a class=\"dt-pswp-item\" href=\"https:\/\/www.radiopiu.net\/wordpress\/wp-content\/uploads\/2022\/05\/salt_20220515_173805_544.jpg\" data-dt-img-description=\"\" data-large_image_width=\"2364\" data-large_image_height=\"1773\"><img loading=\"lazy\" decoding=\"async\" class=\"size-thumbnail wp-image-275877 alignleft\" src=\"https:\/\/www.radiopiu.net\/wordpress\/wp-content\/uploads\/2022\/05\/salt_20220515_173805_544-150x150.jpg\" alt=\"\" width=\"150\" height=\"150\" \/><\/a>AURONZO DI CADORE<\/strong> Ieri alle 16.15 circa la Centrale del Suem \u00e8 stata allertata da un escursionista in difficolt\u00e0 sul Paterno. Partito dal Rifugio Auronzo con l&#8217;intenzione di fotografare le pareti nord delle Tre Cime di Lavaredo attraverso uno dei fori delle gallerie del Paterno, l&#8217;uomo diceva di avere perso il sentiero, essere scivolato ed essersi fatto male a una spalla. Individuato sulla parete dall&#8217;equipaggio dell&#8217;elicottero del Suem di Pieve di Cadore, A.C., 35 anni, di Torino, \u00e8 stato recuperato dal tecnico di elisoccorso con un verricello di 40 metri ed \u00e8 stato trasportato all&#8217;ospedale di Belluno, a seguito della probabile lussazione riportata.<\/p>\n<p>&nbsp;<\/p>\n<p>&nbsp;<\/p>\n<hr \/>\n<p>&nbsp;<\/p>\n<blockquote>\n<h3>INCENDIO DI UN TETTO IN ALPAGO<\/h3>\n<\/blockquote>\n<p><strong>ALPAGO<\/strong> Intervento nel primo pomeriggio di ieri dei Vigili del Fuoco nel comune di Alpago in Via la Grotta dove si \u00e8 sviluppato un incendio ad un tetto di un&#8217;abitazione. A scaturire le fiamme la copertura dei pannelli fotovoltaici con l&#8217;incendio che si \u00e8 propagato ai pannelli in legno del tetto. Nessuna persona \u00e8 rimasta ferita. Sul posto i pompieri si sono presentati con due autopompe, un&#8217;autobotte, un&#8217;autoscala e un carro aria per un totale di 15 operatori provenienti dalla sede centrale di Belluno e i volontari di Alpago.<\/p>\n\n\t\t\t<style type='text\/css'>\n\t\t\t\t#gallery-1 {\n\t\t\t\t\tmargin: auto;\n\t\t\t\t}\n\t\t\t\t#gallery-1 .gallery-item {\n\t\t\t\t\tfloat: left;\n\t\t\t\t\tmargin-top: 10px;\n\t\t\t\t\ttext-align: center;\n\t\t\t\t\twidth: 50%;\n\t\t\t\t}\n\t\t\t\t#gallery-1 img {\n\t\t\t\t\tborder: 2px solid #cfcfcf;\n\t\t\t\t}\n\t\t\t\t#gallery-1 .gallery-caption {\n\t\t\t\t\tmargin-left: 0;\n\t\t\t\t}\n\t\t\t\t\/* see gallery_shortcode() in wp-includes\/media.php *\/\n\t\t\t<\/style>\n\t\t<div id='gallery-1' class='dt-gallery-container gallery galleryid-275664 gallery-columns-2 gallery-size-thumbnail'><dl class='gallery-item'>\n\t\t\t\t<dt class='gallery-icon portrait'>\n\t\t\t\t\t<a class=\"rollover rollover-zoom dt-pswp-item\" title=\"2e061f5c-9173-4180-8643-a047d1be4270\" data-dt-img-description=\"\" data-large_image_width=\"960\" data-large_image_height=\"1280\"href='https:\/\/www.radiopiu.net\/wordpress\/wp-content\/uploads\/2022\/05\/2e061f5c-9173-4180-8643-a047d1be4270.jpg'><img loading=\"lazy\" decoding=\"async\" width=\"150\" height=\"150\" src=\"https:\/\/www.radiopiu.net\/wordpress\/wp-content\/uploads\/2022\/05\/2e061f5c-9173-4180-8643-a047d1be4270-150x150.jpg\" class=\"attachment-thumbnail size-thumbnail\" alt=\"\" \/><\/a>\n\t\t\t\t<\/dt><\/dl><dl class='gallery-item'>\n\t\t\t\t<dt class='gallery-icon landscape'>\n\t\t\t\t\t<a class=\"rollover rollover-zoom dt-pswp-item\" title=\"74c102c6-ec88-4dc5-b91b-75f1c2969730\" data-dt-img-description=\"\" data-large_image_width=\"1280\" data-large_image_height=\"960\"href='https:\/\/www.radiopiu.net\/wordpress\/wp-content\/uploads\/2022\/05\/74c102c6-ec88-4dc5-b91b-75f1c2969730.jpg'><img loading=\"lazy\" decoding=\"async\" width=\"150\" height=\"150\" src=\"https:\/\/www.radiopiu.net\/wordpress\/wp-content\/uploads\/2022\/05\/74c102c6-ec88-4dc5-b91b-75f1c2969730-150x150.jpg\" class=\"attachment-thumbnail size-thumbnail\" alt=\"\" \/><\/a>\n\t\t\t\t<\/dt><\/dl><br style=\"clear: both\" \/>\n\t\t\t<\/div>\n\n<p>&nbsp;<\/p>\n<hr \/>\n<p>&nbsp;<\/p>\n<blockquote>\n<h3>ROMPONO I FINESTRINI DELL&#8217;AUTO E RUBANO IL PORTAFOGLIO<\/h3>\n<\/blockquote>\n<p><strong><a class=\"dt-pswp-item\" href=\"https:\/\/www.radiopiu.net\/wordpress\/wp-content\/uploads\/2022\/05\/Schermata-2022-05-14-alle-17.12.43.png\" data-dt-img-description=\"\" data-large_image_width=\"1440\" data-large_image_height=\"1046\"><img loading=\"lazy\" decoding=\"async\" class=\"size-thumbnail wp-image-275790 alignleft\" src=\"https:\/\/www.radiopiu.net\/wordpress\/wp-content\/uploads\/2022\/05\/Schermata-2022-05-14-alle-17.12.43-150x150.png\" alt=\"\" width=\"150\" height=\"150\" \/><\/a> <\/strong><\/p>\n<p><strong>\u00a0<\/strong><\/p>\n<p><strong>SOVERZENE<\/strong> Brutta sorpresa sabato mattina a Soverzene, in un sentiero di montagna,\u00a0 dove il proprietario di un&#8217;auto si \u00e8 ritrovato la vettura con i finestrini frantumati al ritorno da un&#8217;escursione. I malviventi non si sono limitati a rompere i vetri ma hanno anche portato via portafoglio e documenti dell&#8217;uomo. Il consiglio \u00e8 quello di non lasciare effetti personali in auto specialmente se la vettura \u00e8 parcheggiata in zone isolate.<\/p>\n<p>&nbsp;<\/p>\n<p>&nbsp;<\/p>\n<p>&nbsp;<\/p>\n<hr \/>\n<p>&nbsp;<\/p>\n<blockquote>\n<h3>SFIDA A DUE A FALCADE. CANDIDATI A SINDACO MAURO SALVATERRA E AXEL DE PELLEGRINI<\/h3>\n<\/blockquote>\n<p><strong>FALCADE\u00a0<\/strong>Sono due le liste che sono state presentate per le elezioni a sindaco per il comune di Falcade. Per la lista FALCADE 2032 capitanata da Mauro Salvaterra ci saranno anche Federico Costa, Isabel Ganz, Alvise Luchetta, Flavio Murer, Stefano Scardanzan, Jessica Secchi, Alessio Valt e Fulvio Valt. La seconda lista, INSIEME PER IL PAESE, vede Axel De Pellegrini come candidato a sindaco e sar\u00e0 accompagnato da Vania Savio, Ilario Tomaselli, Lara Frescura, Hermann Follador, Vito De Luca, Maria Delemmi e Antonia Monteleone. \u201c<em>Noi abbiamo presentato la lista Falcade 2032 ieri mattina (venerd\u00ec 13) alle 8:00 in punto, abbiamo poi atteso invano che si presentasse qualche altra lista come antagonista. Questa mattina, alle 11:30, visto che non si era presentato nessuno, quindi \u00e8 stata presentata una \u201clista amica\u201d, il cui capolista \u00e8 Axel De Pellegrini. In questa lista, il cui nome \u00e8 \u201cINSIEME PER IL PAESE\u201d sono presenti \u00a0quattro candidati del territorio e quattro candidati non residenti<\/em>&#8221; dichiara il candidato a sindaco Mauro Salvaterra.<\/p>\n<p><strong>di Gianni Santomaso<\/strong><\/p>\n<audio class=\"wp-audio-shortcode\" id=\"audio-275664-3\" preload=\"none\" style=\"width: 100%;\" controls=\"controls\"><source type=\"audio\/mpeg\" src=\"https:\/\/www.radiopiu.net\/wordpress\/wp-content\/uploads\/2022\/05\/GIANNI-ELEZIONI-FALCADE-1.mp3?_=3\" \/><a href=\"https:\/\/www.radiopiu.net\/wordpress\/wp-content\/uploads\/2022\/05\/GIANNI-ELEZIONI-FALCADE-1.mp3\">https:\/\/www.radiopiu.net\/wordpress\/wp-content\/uploads\/2022\/05\/GIANNI-ELEZIONI-FALCADE-1.mp3<\/a><\/audio>\n<p>&nbsp;<\/p>\n\n\t\t\t<style type='text\/css'>\n\t\t\t\t#gallery-2 {\n\t\t\t\t\tmargin: auto;\n\t\t\t\t}\n\t\t\t\t#gallery-2 .gallery-item {\n\t\t\t\t\tfloat: left;\n\t\t\t\t\tmargin-top: 10px;\n\t\t\t\t\ttext-align: center;\n\t\t\t\t\twidth: 50%;\n\t\t\t\t}\n\t\t\t\t#gallery-2 img {\n\t\t\t\t\tborder: 2px solid #cfcfcf;\n\t\t\t\t}\n\t\t\t\t#gallery-2 .gallery-caption {\n\t\t\t\t\tmargin-left: 0;\n\t\t\t\t}\n\t\t\t\t\/* see gallery_shortcode() in wp-includes\/media.php *\/\n\t\t\t<\/style>\n\t\t<div id='gallery-2' class='dt-gallery-container gallery galleryid-275664 gallery-columns-2 gallery-size-thumbnail'><dl class='gallery-item'>\n\t\t\t\t<dt class='gallery-icon portrait'>\n\t\t\t\t\t<a class=\"rollover rollover-zoom dt-pswp-item\" title=\"MAURO SALVATERRA\" data-dt-img-description=\"\" data-large_image_width=\"1066\" data-large_image_height=\"1600\"href='https:\/\/www.radiopiu.net\/wordpress\/wp-content\/uploads\/2022\/05\/MAURO-SALVATERRA.jpg'><img loading=\"lazy\" decoding=\"async\" width=\"150\" height=\"150\" src=\"https:\/\/www.radiopiu.net\/wordpress\/wp-content\/uploads\/2022\/05\/MAURO-SALVATERRA-150x150.jpg\" class=\"attachment-thumbnail size-thumbnail\" alt=\"\" \/><\/a>\n\t\t\t\t<\/dt><\/dl><dl class='gallery-item'>\n\t\t\t\t<dt class='gallery-icon landscape'>\n\t\t\t\t\t<a class=\"rollover rollover-zoom dt-pswp-item\" title=\"FALCADE 2032\" data-dt-img-description=\"\" data-large_image_width=\"1182\" data-large_image_height=\"1182\"href='https:\/\/www.radiopiu.net\/wordpress\/wp-content\/uploads\/2022\/05\/FALCADE-2032.png'><img loading=\"lazy\" decoding=\"async\" width=\"150\" height=\"150\" src=\"https:\/\/www.radiopiu.net\/wordpress\/wp-content\/uploads\/2022\/05\/FALCADE-2032-150x150.png\" class=\"attachment-thumbnail size-thumbnail\" alt=\"\" srcset=\"https:\/\/www.radiopiu.net\/wordpress\/wp-content\/uploads\/2022\/05\/FALCADE-2032-150x150.png 150w, https:\/\/www.radiopiu.net\/wordpress\/wp-content\/uploads\/2022\/05\/FALCADE-2032-300x300.png 300w, https:\/\/www.radiopiu.net\/wordpress\/wp-content\/uploads\/2022\/05\/FALCADE-2032-1024x1024.png 1024w, https:\/\/www.radiopiu.net\/wordpress\/wp-content\/uploads\/2022\/05\/FALCADE-2032-768x768.png 768w, https:\/\/www.radiopiu.net\/wordpress\/wp-content\/uploads\/2022\/05\/FALCADE-2032.png 1182w\" sizes=\"auto, (max-width: 150px) 100vw, 150px\" \/><\/a>\n\t\t\t\t<\/dt><\/dl><br style=\"clear: both\" \/><dl class='gallery-item'>\n\t\t\t\t<dt class='gallery-icon landscape'>\n\t\t\t\t\t<a class=\"rollover rollover-zoom dt-pswp-item\" title=\"AXEL PELLEGRINI\" data-dt-img-description=\"\" data-large_image_width=\"1024\" data-large_image_height=\"732\"href='https:\/\/www.radiopiu.net\/wordpress\/wp-content\/uploads\/2022\/05\/AXEL-PELLEGRINI.jpg'><img loading=\"lazy\" decoding=\"async\" width=\"150\" height=\"150\" src=\"https:\/\/www.radiopiu.net\/wordpress\/wp-content\/uploads\/2022\/05\/AXEL-PELLEGRINI-150x150.jpg\" class=\"attachment-thumbnail size-thumbnail\" alt=\"\" aria-describedby=\"gallery-2-275748\" \/><\/a>\n\t\t\t\t<\/dt>\n\t\t\t\t\t<dd class='wp-caption-text gallery-caption' id='gallery-2-275748'>\n\t\t\t\t\tAXEL DE PELLEGRINI\n\t\t\t\t\t<\/dd><\/dl><dl class='gallery-item'>\n\t\t\t\t<dt class='gallery-icon landscape'>\n\t\t\t\t\t<a class=\"rollover rollover-zoom dt-pswp-item\" title=\"InsiemePerIlPaese10cm\" data-dt-img-description=\"\" data-large_image_width=\"1183\" data-large_image_height=\"1183\"href='https:\/\/www.radiopiu.net\/wordpress\/wp-content\/uploads\/2022\/05\/InsiemePerIlPaese10cm.jpg'><img loading=\"lazy\" decoding=\"async\" width=\"150\" height=\"150\" src=\"https:\/\/www.radiopiu.net\/wordpress\/wp-content\/uploads\/2022\/05\/InsiemePerIlPaese10cm-150x150.jpg\" class=\"attachment-thumbnail size-thumbnail\" alt=\"\" srcset=\"https:\/\/www.radiopiu.net\/wordpress\/wp-content\/uploads\/2022\/05\/InsiemePerIlPaese10cm-150x150.jpg 150w, https:\/\/www.radiopiu.net\/wordpress\/wp-content\/uploads\/2022\/05\/InsiemePerIlPaese10cm-300x300.jpg 300w, https:\/\/www.radiopiu.net\/wordpress\/wp-content\/uploads\/2022\/05\/InsiemePerIlPaese10cm-1024x1024.jpg 1024w, https:\/\/www.radiopiu.net\/wordpress\/wp-content\/uploads\/2022\/05\/InsiemePerIlPaese10cm-768x768.jpg 768w, https:\/\/www.radiopiu.net\/wordpress\/wp-content\/uploads\/2022\/05\/InsiemePerIlPaese10cm.jpg 1183w\" sizes=\"auto, (max-width: 150px) 100vw, 150px\" \/><\/a>\n\t\t\t\t<\/dt><\/dl><br style=\"clear: both\" \/>\n\t\t\t<\/div>\n\n<p>&nbsp;<\/p>\n<hr \/>\n<p>&nbsp;<\/p>\n<blockquote>\n<h3>UNA SOLA LISTA A RIVAMONTE. GIOVANNI &#8220;NINO&#8221; DEON PER IL BIS<\/h3>\n<\/blockquote>\n<p><a class=\"dt-pswp-item\" href=\"https:\/\/www.radiopiu.net\/wordpress\/wp-content\/uploads\/2021\/05\/GIOVANNI-DEON.jpg\" data-dt-img-description=\"NINO DEON\" data-large_image_width=\"228\" data-large_image_height=\"221\"><img loading=\"lazy\" decoding=\"async\" class=\"wp-image-212771 size-thumbnail alignleft\" src=\"https:\/\/www.radiopiu.net\/wordpress\/wp-content\/uploads\/2021\/05\/GIOVANNI-DEON-150x150.jpg\" alt=\"\" width=\"150\" height=\"150\" \/><\/a><\/p>\n<p><strong>\u00a0<\/strong><\/p>\n<p><strong>RIVAMONTE<\/strong> Una sola lista a Rivamonte per raggiungere il quorum. Giovanni &#8220;Nino&#8221; Deon si ripresenta come candidato sindaco. Questa la lista INSIEME PER RIVA: Giovanni Deon &#8211; candidato Sindaco, Luca Fadig\u00e0, Alessandro Maguolo, Emilia Sommariv,a Fabio Guadagnin, Giacomo Bressan, Paolo Domenico Torriglia, Monica Canali, Lisa Fossen, Lisa Sommariva, Angelo Schena.<\/p>\n<p><strong>di Gianni Santomaso<\/strong><\/p>\n<audio class=\"wp-audio-shortcode\" id=\"audio-275664-4\" preload=\"none\" style=\"width: 100%;\" controls=\"controls\"><source type=\"audio\/mpeg\" src=\"https:\/\/www.radiopiu.net\/wordpress\/wp-content\/uploads\/2022\/05\/GIANNI-ELEZIONI-RIVAMONTE.mp3?_=4\" \/><a href=\"https:\/\/www.radiopiu.net\/wordpress\/wp-content\/uploads\/2022\/05\/GIANNI-ELEZIONI-RIVAMONTE.mp3\">https:\/\/www.radiopiu.net\/wordpress\/wp-content\/uploads\/2022\/05\/GIANNI-ELEZIONI-RIVAMONTE.mp3<\/a><\/audio>\n<p>&nbsp;<\/p>\n<hr \/>\n<p>&nbsp;<\/p>\n<blockquote>\n<h3>LA SOVRINTENDENZA BOCCIA LA CABINA ELETTRICA DI VALLAZZA<\/h3>\n<\/blockquote>\n<p><strong><a class=\"dt-pswp-item\" href=\"https:\/\/www.radiopiu.net\/wordpress\/wp-content\/uploads\/2018\/07\/VIVAIO-DOLOMITI.jpg\" data-dt-img-description=\"\" data-large_image_width=\"247\" data-large_image_height=\"204\"><img loading=\"lazy\" decoding=\"async\" class=\"size-thumbnail wp-image-53894 alignleft\" src=\"https:\/\/www.radiopiu.net\/wordpress\/wp-content\/uploads\/2018\/07\/VIVAIO-DOLOMITI-150x150.jpg\" alt=\"\" width=\"150\" height=\"150\" \/><\/a>BELLUNO<\/strong> Ad annunciarlo \u00e8 Vivaio Dolomiti. La Sovrintendenza boccia la cabina elettrica di Vallazza. L&#8217;opera \u00e8 fondamentale per il territorio dell&#8217;alto Agordino poich\u00e9 permette di usare la corrente prodotta nel bellunese anche per le nostre zone e non solo per l&#8217;alto Adige. &#8220;<em>L&#8217;eterno equivoco per\u00f2 porta a produrre opere altamente impattanti e devastanti per il territorio da parte dei proponenti in nome della bont\u00e0 strategica dell&#8217;opera, che non \u00e8 in discussione &#8211; dicono da Vivaio Dolomiti &#8211;\u00a0 Bisogna progettare bene, non fare porcherie come la linea elettrica che attraversa la valle del Fodom limitando la vita e lo sviluppo delle frazioni. Enel e Terna un tempo progettavano bene, basta vedere le centrali e i manufatti degli anni \u201850 molto pi\u00f9 rispettosi dell&#8217;ambiente degli attuali, ma anche il progetto recente nell&#8217;isola di Capri ottenuto con un concorso di architettura. Quindi la morale resta, che bisogna costruire le opere necessarie ma con buoni progetti: nessuno si metterebbe nel proprio giardino una baracca di cemento e alluminio o un traliccio nel cortile &#8211; continuano dall&#8217;associazione &#8211; Quindi s\u00ec alle opere, ma costruite con criterio, perch\u00e9 le Dolomiti e la gente che le popola meritano rispetto come gli abitanti di Capri e quelli dell\u2019Alto Adige, dove la politica si impone sui progettisti. Ci stupiamo che altri enti anche locali abbiano dato parere positivo, sempre vittime del ricatto, o cos\u00ec o niente, come per la costruzione della linea Saviner Corvara. Politica locale sempre arrogante con i propri cittadini impossibilitati dalle norme a sviluppare le loro attivit\u00e0 e remissiva nei confronti dei poteri economici. La provincia di Belluno merita dei buoni progetti e una rete efficiente &#8211; concludono &#8211; Ben venga quindi la bocciatura del progetto fatto male altrimenti lo avremmo lasciato in eredit\u00e0 ai nostri figli. Fare subito e bene, perch\u00e9 siamo stanchi di progetti osceni per soddisfare le esigenze economiche degli azionisti dei grossi gruppi che guardano solo ai loro utili milionari<\/em>&#8220;.<\/p>\n<p>&nbsp;<\/p>\n<p>&nbsp;<\/p>\n<hr \/>\n<p>&nbsp;<\/p>\n<blockquote class=\"wp-embedded-content\" data-secret=\"wRRn26lx04\"><p><a href=\"https:\/\/www.radiopiu.net\/wordpress\/aggnazionalemaggio15\/\">CORONAVIRUS: AGGIORNAMENTO NAZIONALE 15 MAGGIO 2022<\/a><\/p><\/blockquote>\n<p><iframe loading=\"lazy\" class=\"wp-embedded-content\" sandbox=\"allow-scripts\" security=\"restricted\" style=\"position: absolute; clip: rect(1px, 1px, 1px, 1px);\" title=\"&#8220;CORONAVIRUS: AGGIORNAMENTO NAZIONALE 15 MAGGIO 2022&#8221; &#8212; Radio Pi\u00f9\" src=\"https:\/\/www.radiopiu.net\/wordpress\/aggnazionalemaggio15\/embed\/#?secret=uBykppacSh#?secret=wRRn26lx04\" data-secret=\"wRRn26lx04\" width=\"600\" height=\"338\" frameborder=\"0\" marginwidth=\"0\" marginheight=\"0\" scrolling=\"no\"><\/iframe><\/p>\n<p>&nbsp;<\/p>\n<blockquote class=\"wp-embedded-content\" data-secret=\"pOkmnT0mxE\"><p><a href=\"https:\/\/www.radiopiu.net\/wordpress\/aggazzeromaggio15\/\">CINQUE DECESSI E 2428 NUOVE POSITIVITA&#8217; NELLE ULTIME 24 ORE IN VENETO. CALANO LE TERAPIE INTENSIVE<\/a><\/p><\/blockquote>\n<p><iframe loading=\"lazy\" class=\"wp-embedded-content\" sandbox=\"allow-scripts\" security=\"restricted\" style=\"position: absolute; clip: rect(1px, 1px, 1px, 1px);\" title=\"&#8220;CINQUE DECESSI E 2428 NUOVE POSITIVITA&#8217; NELLE ULTIME 24 ORE IN VENETO. CALANO LE TERAPIE INTENSIVE&#8221; &#8212; Radio Pi\u00f9\" src=\"https:\/\/www.radiopiu.net\/wordpress\/aggazzeromaggio15\/embed\/#?secret=fiinTEDdCR#?secret=pOkmnT0mxE\" data-secret=\"pOkmnT0mxE\" width=\"600\" height=\"338\" frameborder=\"0\" marginwidth=\"0\" marginheight=\"0\" scrolling=\"no\"><\/iframe><\/p>\n<p>&nbsp;<\/p>\n<h2 dir=\"auto\">I GRAFICI DI TIZIANO DE COL<\/h2>\n\n\t\t\t<style type='text\/css'>\n\t\t\t\t#gallery-3 {\n\t\t\t\t\tmargin: auto;\n\t\t\t\t}\n\t\t\t\t#gallery-3 .gallery-item {\n\t\t\t\t\tfloat: left;\n\t\t\t\t\tmargin-top: 10px;\n\t\t\t\t\ttext-align: center;\n\t\t\t\t\twidth: 33%;\n\t\t\t\t}\n\t\t\t\t#gallery-3 img {\n\t\t\t\t\tborder: 2px solid #cfcfcf;\n\t\t\t\t}\n\t\t\t\t#gallery-3 .gallery-caption {\n\t\t\t\t\tmargin-left: 0;\n\t\t\t\t}\n\t\t\t\t\/* see gallery_shortcode() in wp-includes\/media.php *\/\n\t\t\t<\/style>\n\t\t<div id='gallery-3' class='dt-gallery-container gallery galleryid-275664 gallery-columns-3 gallery-size-thumbnail'><dl class='gallery-item'>\n\t\t\t\t<dt class='gallery-icon landscape'>\n\t\t\t\t\t<a class=\"rollover rollover-zoom dt-pswp-item\" title=\"beb6cb0e-c247-4df0-9661-665b7d656887\" data-dt-img-description=\"\" data-large_image_width=\"591\" data-large_image_height=\"362\"href='https:\/\/www.radiopiu.net\/wordpress\/wp-content\/uploads\/2022\/05\/beb6cb0e-c247-4df0-9661-665b7d656887.jpg'><img loading=\"lazy\" decoding=\"async\" width=\"150\" height=\"150\" src=\"https:\/\/www.radiopiu.net\/wordpress\/wp-content\/uploads\/2022\/05\/beb6cb0e-c247-4df0-9661-665b7d656887-150x150.jpg\" class=\"attachment-thumbnail size-thumbnail\" alt=\"\" \/><\/a>\n\t\t\t\t<\/dt><\/dl><dl class='gallery-item'>\n\t\t\t\t<dt class='gallery-icon landscape'>\n\t\t\t\t\t<a class=\"rollover rollover-zoom dt-pswp-item\" title=\"7c926c91-35b0-477a-b588-062e544b8b60\" data-dt-img-description=\"\" data-large_image_width=\"596\" data-large_image_height=\"365\"href='https:\/\/www.radiopiu.net\/wordpress\/wp-content\/uploads\/2022\/05\/7c926c91-35b0-477a-b588-062e544b8b60.jpg'><img loading=\"lazy\" decoding=\"async\" width=\"150\" height=\"150\" src=\"https:\/\/www.radiopiu.net\/wordpress\/wp-content\/uploads\/2022\/05\/7c926c91-35b0-477a-b588-062e544b8b60-150x150.jpg\" class=\"attachment-thumbnail size-thumbnail\" alt=\"\" \/><\/a>\n\t\t\t\t<\/dt><\/dl><dl class='gallery-item'>\n\t\t\t\t<dt class='gallery-icon landscape'>\n\t\t\t\t\t<a class=\"rollover rollover-zoom dt-pswp-item\" title=\"fe951914-12ae-4c58-9424-40db2e1a90bf\" data-dt-img-description=\"\" data-large_image_width=\"612\" data-large_image_height=\"368\"href='https:\/\/www.radiopiu.net\/wordpress\/wp-content\/uploads\/2022\/05\/fe951914-12ae-4c58-9424-40db2e1a90bf.jpg'><img loading=\"lazy\" decoding=\"async\" width=\"150\" height=\"150\" src=\"https:\/\/www.radiopiu.net\/wordpress\/wp-content\/uploads\/2022\/05\/fe951914-12ae-4c58-9424-40db2e1a90bf-150x150.jpg\" class=\"attachment-thumbnail size-thumbnail\" alt=\"\" \/><\/a>\n\t\t\t\t<\/dt><\/dl><br style=\"clear: both\" \/><dl class='gallery-item'>\n\t\t\t\t<dt class='gallery-icon landscape'>\n\t\t\t\t\t<a class=\"rollover rollover-zoom dt-pswp-item\" title=\"14588828-163c-49f9-818f-127386f79012\" data-dt-img-description=\"\" data-large_image_width=\"610\" data-large_image_height=\"354\"href='https:\/\/www.radiopiu.net\/wordpress\/wp-content\/uploads\/2022\/05\/14588828-163c-49f9-818f-127386f79012.jpg'><img loading=\"lazy\" decoding=\"async\" width=\"150\" height=\"150\" src=\"https:\/\/www.radiopiu.net\/wordpress\/wp-content\/uploads\/2022\/05\/14588828-163c-49f9-818f-127386f79012-150x150.jpg\" class=\"attachment-thumbnail size-thumbnail\" alt=\"\" \/><\/a>\n\t\t\t\t<\/dt><\/dl><dl class='gallery-item'>\n\t\t\t\t<dt class='gallery-icon landscape'>\n\t\t\t\t\t<a class=\"rollover rollover-zoom dt-pswp-item\" title=\"74161c63-709b-4809-af70-5236729a0858\" data-dt-img-description=\"\" data-large_image_width=\"602\" data-large_image_height=\"370\"href='https:\/\/www.radiopiu.net\/wordpress\/wp-content\/uploads\/2022\/05\/74161c63-709b-4809-af70-5236729a0858.jpg'><img loading=\"lazy\" decoding=\"async\" width=\"150\" height=\"150\" src=\"https:\/\/www.radiopiu.net\/wordpress\/wp-content\/uploads\/2022\/05\/74161c63-709b-4809-af70-5236729a0858-150x150.jpg\" class=\"attachment-thumbnail size-thumbnail\" alt=\"\" \/><\/a>\n\t\t\t\t<\/dt><\/dl><dl class='gallery-item'>\n\t\t\t\t<dt class='gallery-icon landscape'>\n\t\t\t\t\t<a class=\"rollover rollover-zoom dt-pswp-item\" title=\"147d7850-4880-4e8e-8e7b-fea370d6b51f\" data-dt-img-description=\"\" data-large_image_width=\"600\" data-large_image_height=\"360\"href='https:\/\/www.radiopiu.net\/wordpress\/wp-content\/uploads\/2022\/05\/147d7850-4880-4e8e-8e7b-fea370d6b51f.jpg'><img loading=\"lazy\" decoding=\"async\" width=\"150\" height=\"150\" src=\"https:\/\/www.radiopiu.net\/wordpress\/wp-content\/uploads\/2022\/05\/147d7850-4880-4e8e-8e7b-fea370d6b51f-150x150.jpg\" class=\"attachment-thumbnail size-thumbnail\" alt=\"\" \/><\/a>\n\t\t\t\t<\/dt><\/dl><br style=\"clear: both\" \/>\n\t\t\t<\/div>\n\n<p>&nbsp;<\/p>\n<hr \/>\n<p>&nbsp;<\/p>\n<blockquote>\n<h3>NOMINATO IL NUOVO PRIMARIO DI GERIATRIA DI FELTRE<\/h3>\n<\/blockquote>\n<p><strong><a class=\"dt-pswp-item\" href=\"https:\/\/www.radiopiu.net\/wordpress\/wp-content\/uploads\/2019\/02\/ospedale-di-feltre.jpeg\" data-dt-img-description=\"\" data-large_image_width=\"650\" data-large_image_height=\"463\"><img loading=\"lazy\" decoding=\"async\" class=\"size-thumbnail wp-image-76822 alignleft\" src=\"https:\/\/www.radiopiu.net\/wordpress\/wp-content\/uploads\/2019\/02\/ospedale-di-feltre-150x150.jpeg\" alt=\"\" width=\"150\" height=\"150\" \/><\/a>BELLUNO <\/strong>Il Direttore Generale Maria Grazia Carraro ha nominato la dottoressa Cinzia Omiciuolo direttore della Geriatria di Feltre Classe 1974, di Pordenone, la dottoressa Omiciuolo si \u00e8 laureata in Medicina e Chirurgia a Trieste dove si \u00e8 poi specializzata in Geriatria. Attualmente \u00e8 direttore facente funzione della Geriatria dell\u2019Azienda Sanitaria Universitaria Giuliano Isontina di Trieste, dove ha gestito negli ultimi anni anche un reparto covid. Ha al suo attivo una ricca produzione scientifica, con pubblicazioni su importanti riviste nazionali e internazionali ed \u00e8 stata docente e tutor dei medici in formazione alla Scuola di specializzazione in Geriatria dell\u2019Universit\u00e0 di Trieste. Nell\u2019ambito dell\u2019attivit\u00e0 clinica e organizzativa svolta nei 16 anni di servizio all\u2019azienda sanitaria di Trieste, si \u00e8 occupata in particolare dello sviluppo del sistema di valutazione multidisciplinare dell\u2019anziano e dei piani personalizzati per favorire le dimissioni protette, di ortogeriatria e di osservazione breve geriatrica. \u00c8 membro del consiglio direttivo triveneto della societ\u00e0 di psicogeriatria, occupandosi in particolare dello sviluppo di progettualit\u00e0 riguardanti anziani con disturbi cognitivi. \u00ab<em>Un benvenuto al nuovo direttore della Geriatria di Feltre, certa che sapr\u00e0 fare squadra e mettere a frutto le sue precedenti esperienze cliniche e organizzative in questo territorio, con progettualit\u00e0 innovative per prendersi cura dei nostri anziani\u00bb, commenta il Direttore Generale Maria Grazia Carraro, \u00ab Colgo l\u2019occasione per ringraziare la facente funzione Jolanda Restelli che sta traghettando il reparto in questo periodo non facile<\/em>\u00bb.<\/p>\n<p>&nbsp;<\/p>\n<p>&nbsp;<\/p>\n<hr \/>\n<p>&nbsp;<\/p>\n<blockquote>\n<h3>BOND: &#8220;PATTO TERRITORIALE TRA AGRICOLTORI BELLUNESI PER VALORIZZARE IL PRODOTTO LOCALE&#8221;<\/h3>\n<\/blockquote>\n<p><strong><a class=\"dt-pswp-item\" href=\"https:\/\/www.radiopiu.net\/wordpress\/wp-content\/uploads\/2022\/05\/PHOTO-2022-05-15-11-44-00.jpg\" data-dt-img-description=\"\" data-large_image_width=\"2048\" data-large_image_height=\"1152\"><img loading=\"lazy\" decoding=\"async\" class=\"size-thumbnail wp-image-275846 alignleft\" src=\"https:\/\/www.radiopiu.net\/wordpress\/wp-content\/uploads\/2022\/05\/PHOTO-2022-05-15-11-44-00-150x150.jpg\" alt=\"\" width=\"150\" height=\"150\" \/><\/a>BELLUNO i<\/strong>l deputato Dario Bond,\u00a0 ha partecipato alla festa di Sant\u2019Isidoro patrono dei trattoristi, organizzata a Trichiana da Coldiretti Belluno.<\/p>\n<p>&nbsp;<\/p>\n<p>&nbsp;<\/p>\n<p>&nbsp;<\/p>\n<p><strong>DARIO BOND<\/strong><\/p>\n<audio class=\"wp-audio-shortcode\" id=\"audio-275664-5\" preload=\"none\" style=\"width: 100%;\" controls=\"controls\"><source type=\"audio\/mpeg\" src=\"https:\/\/www.radiopiu.net\/wordpress\/wp-content\/uploads\/2022\/05\/BOND-CODIRETTI.mp3?_=5\" \/><a href=\"https:\/\/www.radiopiu.net\/wordpress\/wp-content\/uploads\/2022\/05\/BOND-CODIRETTI.mp3\">https:\/\/www.radiopiu.net\/wordpress\/wp-content\/uploads\/2022\/05\/BOND-CODIRETTI.mp3<\/a><\/audio>\n<p>&nbsp;<\/p>\n<hr \/>\n<p>&nbsp;<\/p>\n<blockquote>\n<h3>L&#8217;ASSEMBLEA NAZIONALE DEI BORGHI D&#8217;ITALIA A FOLLINA<\/h3>\n<\/blockquote>\n<p><strong>FOLLINA (TV)\u00a0<\/strong>Terminata con successo la 22ma Assemblea Nazionale dei Borghi pi\u00f9 Belli D&#8217;italia. Il Comune trevigiano di Follina ha organizzato splendidamente l&#8217;annuale appuntamento che ogni anno vede riuniti da nord a sud i borghi facenti parte la prestigiosa associazione. I borghi veneti hanno avuto a disposizione per due giorni una decina di piccole casette, tante quanti i borghi veneti certificati, per allestire il loro stand promozionale. Anche Sottoguda vi ha partecipato portando i prodotti del territorio, formaggi, salumi, miele, zafferano, oltre all&#8217;artigianato locale e al materiale turistico promozionale. L&#8217;assemblea presieduta dal Presidente Fiorello Primi ha visto la partecipazione di cento sindaci da tutta Italia, del Ministro Federico D&#8217;Inca, del Presidente della Regione Luca Zaia, oltre a a varie personalit\u00e0 politiche e amministrative. &#8220;Importante la partecipazione per il nostro territorio e di questo non posso che essere riconoscente ai bravissimi e disponibili volontari, i quali anche se perlopi\u00f9 non direttamente operanti nel settore turistico, hanno lavorato al meglio per promuovere il nostro territorio&#8221; dice il sindaco di Rocca Pietore Andrea De Bernardin<\/p>\n<p><strong>ANDREA DE BERNARDIN, SINDACO DI ROCCA PIETORE<\/strong><\/p>\n<audio class=\"wp-audio-shortcode\" id=\"audio-275664-6\" preload=\"none\" style=\"width: 100%;\" controls=\"controls\"><source type=\"audio\/mpeg\" src=\"https:\/\/www.radiopiu.net\/wordpress\/wp-content\/uploads\/2022\/05\/ANDREA-DE-BERNARDIN-BORGHI.mp3?_=6\" \/><a href=\"https:\/\/www.radiopiu.net\/wordpress\/wp-content\/uploads\/2022\/05\/ANDREA-DE-BERNARDIN-BORGHI.mp3\">https:\/\/www.radiopiu.net\/wordpress\/wp-content\/uploads\/2022\/05\/ANDREA-DE-BERNARDIN-BORGHI.mp3<\/a><\/audio>\n<p>&nbsp;<\/p>\n\n\t\t\t<style type='text\/css'>\n\t\t\t\t#gallery-4 {\n\t\t\t\t\tmargin: auto;\n\t\t\t\t}\n\t\t\t\t#gallery-4 .gallery-item {\n\t\t\t\t\tfloat: left;\n\t\t\t\t\tmargin-top: 10px;\n\t\t\t\t\ttext-align: center;\n\t\t\t\t\twidth: 14%;\n\t\t\t\t}\n\t\t\t\t#gallery-4 img {\n\t\t\t\t\tborder: 2px solid #cfcfcf;\n\t\t\t\t}\n\t\t\t\t#gallery-4 .gallery-caption {\n\t\t\t\t\tmargin-left: 0;\n\t\t\t\t}\n\t\t\t\t\/* see gallery_shortcode() in wp-includes\/media.php *\/\n\t\t\t<\/style>\n\t\t<div id='gallery-4' class='dt-gallery-container gallery galleryid-275664 gallery-columns-7 gallery-size-thumbnail'><dl class='gallery-item'>\n\t\t\t\t<dt class='gallery-icon landscape'>\n\t\t\t\t\t<a class=\"rollover rollover-zoom dt-pswp-item\" title=\"def56eb2-77dd-428c-a5cf-619d86e7e47f\" data-dt-img-description=\"\" data-large_image_width=\"1600\" data-large_image_height=\"1200\"href='https:\/\/www.radiopiu.net\/wordpress\/wp-content\/uploads\/2022\/05\/def56eb2-77dd-428c-a5cf-619d86e7e47f.jpg'><img loading=\"lazy\" decoding=\"async\" width=\"150\" height=\"150\" src=\"https:\/\/www.radiopiu.net\/wordpress\/wp-content\/uploads\/2022\/05\/def56eb2-77dd-428c-a5cf-619d86e7e47f-150x150.jpg\" class=\"attachment-thumbnail size-thumbnail\" alt=\"\" \/><\/a>\n\t\t\t\t<\/dt><\/dl><dl class='gallery-item'>\n\t\t\t\t<dt class='gallery-icon landscape'>\n\t\t\t\t\t<a class=\"rollover rollover-zoom dt-pswp-item\" title=\"20717d51-9e89-41e9-a49f-40e74158e599\" data-dt-img-description=\"\" data-large_image_width=\"1600\" data-large_image_height=\"1200\"href='https:\/\/www.radiopiu.net\/wordpress\/wp-content\/uploads\/2022\/05\/20717d51-9e89-41e9-a49f-40e74158e599.jpg'><img loading=\"lazy\" decoding=\"async\" width=\"150\" height=\"150\" src=\"https:\/\/www.radiopiu.net\/wordpress\/wp-content\/uploads\/2022\/05\/20717d51-9e89-41e9-a49f-40e74158e599-150x150.jpg\" class=\"attachment-thumbnail size-thumbnail\" alt=\"\" \/><\/a>\n\t\t\t\t<\/dt><\/dl><dl class='gallery-item'>\n\t\t\t\t<dt class='gallery-icon portrait'>\n\t\t\t\t\t<a class=\"rollover rollover-zoom dt-pswp-item\" title=\"a92ec36c-345d-4ef4-b1fc-6e9c2d638350\" data-dt-img-description=\"\" data-large_image_width=\"1428\" data-large_image_height=\"1600\"href='https:\/\/www.radiopiu.net\/wordpress\/wp-content\/uploads\/2022\/05\/a92ec36c-345d-4ef4-b1fc-6e9c2d638350.jpg'><img loading=\"lazy\" decoding=\"async\" width=\"150\" height=\"150\" src=\"https:\/\/www.radiopiu.net\/wordpress\/wp-content\/uploads\/2022\/05\/a92ec36c-345d-4ef4-b1fc-6e9c2d638350-150x150.jpg\" class=\"attachment-thumbnail size-thumbnail\" alt=\"\" \/><\/a>\n\t\t\t\t<\/dt><\/dl><dl class='gallery-item'>\n\t\t\t\t<dt class='gallery-icon landscape'>\n\t\t\t\t\t<a class=\"rollover rollover-zoom dt-pswp-item\" title=\"489e5332-15cb-4f56-b2ec-c78edb413806\" data-dt-img-description=\"\" data-large_image_width=\"1600\" data-large_image_height=\"1200\"href='https:\/\/www.radiopiu.net\/wordpress\/wp-content\/uploads\/2022\/05\/489e5332-15cb-4f56-b2ec-c78edb413806.jpg'><img loading=\"lazy\" decoding=\"async\" width=\"150\" height=\"150\" src=\"https:\/\/www.radiopiu.net\/wordpress\/wp-content\/uploads\/2022\/05\/489e5332-15cb-4f56-b2ec-c78edb413806-150x150.jpg\" class=\"attachment-thumbnail size-thumbnail\" alt=\"\" \/><\/a>\n\t\t\t\t<\/dt><\/dl><dl class='gallery-item'>\n\t\t\t\t<dt class='gallery-icon landscape'>\n\t\t\t\t\t<a class=\"rollover rollover-zoom dt-pswp-item\" title=\"1ea95227-6862-4eb6-8704-0f2b968a3f34\" data-dt-img-description=\"\" data-large_image_width=\"1600\" data-large_image_height=\"1200\"href='https:\/\/www.radiopiu.net\/wordpress\/wp-content\/uploads\/2022\/05\/1ea95227-6862-4eb6-8704-0f2b968a3f34.jpg'><img loading=\"lazy\" decoding=\"async\" width=\"150\" height=\"150\" src=\"https:\/\/www.radiopiu.net\/wordpress\/wp-content\/uploads\/2022\/05\/1ea95227-6862-4eb6-8704-0f2b968a3f34-150x150.jpg\" class=\"attachment-thumbnail size-thumbnail\" alt=\"\" \/><\/a>\n\t\t\t\t<\/dt><\/dl><dl class='gallery-item'>\n\t\t\t\t<dt class='gallery-icon landscape'>\n\t\t\t\t\t<a class=\"rollover rollover-zoom dt-pswp-item\" title=\"f4464393-22e7-489f-8d5e-e722067e99a0\" data-dt-img-description=\"\" data-large_image_width=\"1600\" data-large_image_height=\"1200\"href='https:\/\/www.radiopiu.net\/wordpress\/wp-content\/uploads\/2022\/05\/f4464393-22e7-489f-8d5e-e722067e99a0.jpg'><img loading=\"lazy\" decoding=\"async\" width=\"150\" height=\"150\" src=\"https:\/\/www.radiopiu.net\/wordpress\/wp-content\/uploads\/2022\/05\/f4464393-22e7-489f-8d5e-e722067e99a0-150x150.jpg\" class=\"attachment-thumbnail size-thumbnail\" alt=\"\" \/><\/a>\n\t\t\t\t<\/dt><\/dl><dl class='gallery-item'>\n\t\t\t\t<dt class='gallery-icon landscape'>\n\t\t\t\t\t<a class=\"rollover rollover-zoom dt-pswp-item\" title=\"e981c633-f1d6-4fba-8a20-6b92db98dd7e\" data-dt-img-description=\"\" data-large_image_width=\"1600\" data-large_image_height=\"1200\"href='https:\/\/www.radiopiu.net\/wordpress\/wp-content\/uploads\/2022\/05\/e981c633-f1d6-4fba-8a20-6b92db98dd7e.jpg'><img loading=\"lazy\" decoding=\"async\" width=\"150\" height=\"150\" src=\"https:\/\/www.radiopiu.net\/wordpress\/wp-content\/uploads\/2022\/05\/e981c633-f1d6-4fba-8a20-6b92db98dd7e-150x150.jpg\" class=\"attachment-thumbnail size-thumbnail\" alt=\"\" \/><\/a>\n\t\t\t\t<\/dt><\/dl><br style=\"clear: both\" \/><dl class='gallery-item'>\n\t\t\t\t<dt class='gallery-icon landscape'>\n\t\t\t\t\t<a class=\"rollover rollover-zoom dt-pswp-item\" title=\"7db4e0e1-12ba-4e0f-a13b-606e1d60af61\" data-dt-img-description=\"\" data-large_image_width=\"1600\" data-large_image_height=\"1200\"href='https:\/\/www.radiopiu.net\/wordpress\/wp-content\/uploads\/2022\/05\/7db4e0e1-12ba-4e0f-a13b-606e1d60af61.jpg'><img loading=\"lazy\" decoding=\"async\" width=\"150\" height=\"150\" src=\"https:\/\/www.radiopiu.net\/wordpress\/wp-content\/uploads\/2022\/05\/7db4e0e1-12ba-4e0f-a13b-606e1d60af61-150x150.jpg\" class=\"attachment-thumbnail size-thumbnail\" alt=\"\" \/><\/a>\n\t\t\t\t<\/dt><\/dl><dl class='gallery-item'>\n\t\t\t\t<dt class='gallery-icon landscape'>\n\t\t\t\t\t<a class=\"rollover rollover-zoom dt-pswp-item\" title=\"0cdb27ae-be4f-4ef5-8a73-8482e9c777e9\" data-dt-img-description=\"\" data-large_image_width=\"1600\" data-large_image_height=\"1200\"href='https:\/\/www.radiopiu.net\/wordpress\/wp-content\/uploads\/2022\/05\/0cdb27ae-be4f-4ef5-8a73-8482e9c777e9.jpg'><img loading=\"lazy\" decoding=\"async\" width=\"150\" height=\"150\" src=\"https:\/\/www.radiopiu.net\/wordpress\/wp-content\/uploads\/2022\/05\/0cdb27ae-be4f-4ef5-8a73-8482e9c777e9-150x150.jpg\" class=\"attachment-thumbnail size-thumbnail\" alt=\"\" \/><\/a>\n\t\t\t\t<\/dt><\/dl><dl class='gallery-item'>\n\t\t\t\t<dt class='gallery-icon landscape'>\n\t\t\t\t\t<a class=\"rollover rollover-zoom dt-pswp-item\" title=\"af01dba1-0745-4c34-9a60-0d50ab6b9d24\" data-dt-img-description=\"\" data-large_image_width=\"1024\" data-large_image_height=\"768\"href='https:\/\/www.radiopiu.net\/wordpress\/wp-content\/uploads\/2022\/05\/af01dba1-0745-4c34-9a60-0d50ab6b9d24.jpg'><img loading=\"lazy\" decoding=\"async\" width=\"150\" height=\"150\" src=\"https:\/\/www.radiopiu.net\/wordpress\/wp-content\/uploads\/2022\/05\/af01dba1-0745-4c34-9a60-0d50ab6b9d24-150x150.jpg\" class=\"attachment-thumbnail size-thumbnail\" alt=\"\" \/><\/a>\n\t\t\t\t<\/dt><\/dl><dl class='gallery-item'>\n\t\t\t\t<dt class='gallery-icon landscape'>\n\t\t\t\t\t<a class=\"rollover rollover-zoom dt-pswp-item\" title=\"43082c84-b3be-4a1e-8ffb-112dd967fd5e\" data-dt-img-description=\"\" data-large_image_width=\"1024\" data-large_image_height=\"768\"href='https:\/\/www.radiopiu.net\/wordpress\/wp-content\/uploads\/2022\/05\/43082c84-b3be-4a1e-8ffb-112dd967fd5e.jpg'><img loading=\"lazy\" decoding=\"async\" width=\"150\" height=\"150\" src=\"https:\/\/www.radiopiu.net\/wordpress\/wp-content\/uploads\/2022\/05\/43082c84-b3be-4a1e-8ffb-112dd967fd5e-150x150.jpg\" class=\"attachment-thumbnail size-thumbnail\" alt=\"\" \/><\/a>\n\t\t\t\t<\/dt><\/dl><dl class='gallery-item'>\n\t\t\t\t<dt class='gallery-icon portrait'>\n\t\t\t\t\t<a class=\"rollover rollover-zoom dt-pswp-item\" title=\"5aacb671-2aeb-40fa-a436-6a5459e88f1d\" data-dt-img-description=\"\" data-large_image_width=\"1200\" data-large_image_height=\"1599\"href='https:\/\/www.radiopiu.net\/wordpress\/wp-content\/uploads\/2022\/05\/5aacb671-2aeb-40fa-a436-6a5459e88f1d.jpg'><img loading=\"lazy\" decoding=\"async\" width=\"150\" height=\"150\" src=\"https:\/\/www.radiopiu.net\/wordpress\/wp-content\/uploads\/2022\/05\/5aacb671-2aeb-40fa-a436-6a5459e88f1d-150x150.jpg\" class=\"attachment-thumbnail size-thumbnail\" alt=\"\" \/><\/a>\n\t\t\t\t<\/dt><\/dl><dl class='gallery-item'>\n\t\t\t\t<dt class='gallery-icon portrait'>\n\t\t\t\t\t<a class=\"rollover rollover-zoom dt-pswp-item\" title=\"ac6b9be6-3229-473d-b900-4f039b1fae82\" data-dt-img-description=\"\" data-large_image_width=\"1200\" data-large_image_height=\"1600\"href='https:\/\/www.radiopiu.net\/wordpress\/wp-content\/uploads\/2022\/05\/ac6b9be6-3229-473d-b900-4f039b1fae82.jpg'><img loading=\"lazy\" decoding=\"async\" width=\"150\" height=\"150\" src=\"https:\/\/www.radiopiu.net\/wordpress\/wp-content\/uploads\/2022\/05\/ac6b9be6-3229-473d-b900-4f039b1fae82-150x150.jpg\" class=\"attachment-thumbnail size-thumbnail\" alt=\"\" \/><\/a>\n\t\t\t\t<\/dt><\/dl>\n\t\t\t\t<br style='clear: both' \/>\n\t\t\t<\/div>\n\n<p>&nbsp;<\/p>\n<div style=\"width: 848px;\" class=\"wp-video\"><video class=\"wp-video-shortcode\" id=\"video-275664-1\" width=\"848\" height=\"480\" preload=\"metadata\" controls=\"controls\"><source type=\"video\/mp4\" src=\"https:\/\/www.radiopiu.net\/wordpress\/wp-content\/uploads\/2022\/05\/WhatsApp-Video-2022-05-15-at-19.44.24.mp4?_=1\" \/><a href=\"https:\/\/www.radiopiu.net\/wordpress\/wp-content\/uploads\/2022\/05\/WhatsApp-Video-2022-05-15-at-19.44.24.mp4\">https:\/\/www.radiopiu.net\/wordpress\/wp-content\/uploads\/2022\/05\/WhatsApp-Video-2022-05-15-at-19.44.24.mp4<\/a><\/video><\/div>\n<p>&nbsp;<\/p>\n<hr \/>\n<p>&nbsp;<\/p>\n<p><span style=\"color: #0000ff;\"><strong>GIOVANI BELLUNESI IN CARRIERA<\/strong><\/span><\/p>\n<blockquote>\n<h3><a class=\"dt-pswp-item\" href=\"https:\/\/www.radiopiu.net\/wordpress\/wp-content\/uploads\/2022\/05\/e60b7f82-4485-4c3e-9251-08bfaf7ec19e.jpg\" data-dt-img-description=\"\" data-large_image_width=\"1200\" data-large_image_height=\"1600\"><img loading=\"lazy\" decoding=\"async\" class=\"alignleft wp-image-275993 \" src=\"https:\/\/www.radiopiu.net\/wordpress\/wp-content\/uploads\/2022\/05\/e60b7f82-4485-4c3e-9251-08bfaf7ec19e-225x300.jpg\" alt=\"\" width=\"271\" height=\"361\" srcset=\"https:\/\/www.radiopiu.net\/wordpress\/wp-content\/uploads\/2022\/05\/e60b7f82-4485-4c3e-9251-08bfaf7ec19e-225x300.jpg 225w, https:\/\/www.radiopiu.net\/wordpress\/wp-content\/uploads\/2022\/05\/e60b7f82-4485-4c3e-9251-08bfaf7ec19e-768x1024.jpg 768w, https:\/\/www.radiopiu.net\/wordpress\/wp-content\/uploads\/2022\/05\/e60b7f82-4485-4c3e-9251-08bfaf7ec19e-1152x1536.jpg 1152w, https:\/\/www.radiopiu.net\/wordpress\/wp-content\/uploads\/2022\/05\/e60b7f82-4485-4c3e-9251-08bfaf7ec19e.jpg 1200w\" sizes=\"auto, (max-width: 271px) 100vw, 271px\" \/><\/a><\/h3>\n<h3><\/h3>\n<h3><\/h3>\n<h3><\/h3>\n<h3><\/h3>\n<h3><\/h3>\n<h3><\/h3>\n<h3><\/h3>\n<h3><\/h3>\n<h3><\/h3>\n<h3><\/h3>\n<h3>IL FINE SETTIMANA DELLA TATUATRICE CATERINA MOLIN<\/h3>\n<\/blockquote>\n<p><strong>MILANO<\/strong> Caterina Molin, tatuatrice di Belluno ormai da tempo impegnata professionalmente in Lombardia, nel resto d&#8217;Italia e nel mondo ha ottenuto un altro prestigioso risultato: il secondo posto al \u00a0Color\u00a0 Milano Tatuami.<\/p>\n<p>&nbsp;<\/p>\n<p>&nbsp;<\/p>\n<p>&nbsp;<\/p>\n<hr \/>\n<p>&nbsp;<\/p>\n<h2><span style=\"color: #ff0000;\"><a class=\"dt-pswp-item\" href=\"https:\/\/www.radiopiu.net\/wordpress\/wp-content\/uploads\/2022\/05\/0.png\" data-dt-img-description=\"\" data-large_image_width=\"1617\" data-large_image_height=\"1926\"><img loading=\"lazy\" decoding=\"async\" class=\"size-thumbnail wp-image-275850 alignleft\" src=\"https:\/\/www.radiopiu.net\/wordpress\/wp-content\/uploads\/2022\/05\/0-150x150.png\" alt=\"\" width=\"150\" height=\"150\" \/><\/a>OGGI SUL CORRIERE DELLE ALPI<\/span><\/h2>\n<h3>MASHA FEDORYSHYN, DALL&#8217;UCRAINA A VOLTAGO PER UNA VITA MIGLIORE<\/h3>\n<p><strong>VOLTAGO<\/strong> Come ogni lunedi Gianni Santomaso dalle pagine del Corriere delle Alpi racconta una storia, un personaggio, un pezzo di vita dell\u2019Agordino \u201cVivere l\u2019Agordino\u201d una raccolta spaccato di vita agordina con le immancabili vignette di Erica Andrich<\/p>\n<p><strong>di Gianni Santomaso<\/strong><\/p>\n<p>&nbsp;<\/p>\n<p>&nbsp;<\/p>\n<hr \/>\n<p>&nbsp;<\/p>\n<blockquote>\n<h3>DUNIO PICCOLIN TERMINA LA VENTIQUATTRESIMA OPERA AD &#8220;AGORDO PAESE DEL GRAFFITO&#8221;<\/h3>\n<\/blockquote>\n<p><strong><a class=\"dt-pswp-item\" href=\"https:\/\/www.radiopiu.net\/wordpress\/wp-content\/uploads\/2022\/05\/280207729_10220432035861002_2596469617988667652_n.jpg\" data-dt-img-description=\"\" data-large_image_width=\"2048\" data-large_image_height=\"1536\"><img loading=\"lazy\" decoding=\"async\" class=\"size-thumbnail wp-image-275709 alignleft\" src=\"https:\/\/www.radiopiu.net\/wordpress\/wp-content\/uploads\/2022\/05\/280207729_10220432035861002_2596469617988667652_n-150x150.jpg\" alt=\"\" width=\"150\" height=\"150\" \/><\/a>REDAZIONE<\/strong> <em>(Dalla pagina Facebook di Dunio Piccolin) <\/em>Termina un&#8217;altra opera tra il piccolo vociferare della piazzetta di Prompicai ad Agordo: Italo ogni giorno sale sull&#8217;impalcatura, si siede sulla vecchia sedia che si trovava nella ex osteria della Ciana, osserva, e ad intervalli riprende con la sua telecamera la gestazione del 24esimo graffito di &#8220;Agordo Paese del Graffito&#8221;. Poi, ecco il Genio Buttol, che tra uno scalpellio alle sue sculture in legno e l&#8217;altro, cosi si preannuncia quasi giornalmente con la sua potente voce: &#8220;Duniooo, tut a posto?. Te recordeto co te ere piciol, su inte bar a Falciade de to mama?&#8230;&#8221;. &#8220;A sottovoce&#8221;, in mattinata passa il Chicco con il vecchio cane della figlia, e poi ancora il chiaccherio delle donne attorno alla fontana e le varie persone, che munite di bottiglie le riempie di acqua: &#8220;quella di Prompicai&#8221; afferma uno di loro &#8220;\u00e8 la pi\u00f9 buona che c&#8217;\u00e8 in giro, come quella dell&#8217;Angoletta a Rivamonte, invece a Toccol \u00e8 piena di cloro&#8221;. Ad inizio pausa pranzo del suo lavoro, alle 12.05, ecco Andrea che passa per un saluto e per sapere se va tutto bene e se abbiamo, io e Italo, bisogno di qualcosa: volete un panino? La birra se volete \u00e8 in sede, dalla Ciana. Poi arriva Doriano, che abita a pochi passi e chiede della Enrica Moratelli, l&#8217;artista che ha fatto il graffito sulla sua casa, e altre cose&#8230; L&#8217;ultimo giorno arriva anche Roberto, il Sindaco, ma per noi sopratutto un amico tra gli ideatori del &#8220;Paese dei graffiti&#8221;. E cos\u00ec via, e nel frattempo finito il lavoro, i &#8220;soliti&#8221; volenterosi, smontano l&#8217;impalcatura e coprono l&#8217;opera in attesa della data dell&#8217;inaugurazione che avverr\u00e0 in contemporanea con il graffito a casa Costantini-Fontanive alla Campregana di Parech.<\/p>\n\n\t\t\t<style type='text\/css'>\n\t\t\t\t#gallery-5 {\n\t\t\t\t\tmargin: auto;\n\t\t\t\t}\n\t\t\t\t#gallery-5 .gallery-item {\n\t\t\t\t\tfloat: left;\n\t\t\t\t\tmargin-top: 10px;\n\t\t\t\t\ttext-align: center;\n\t\t\t\t\twidth: 33%;\n\t\t\t\t}\n\t\t\t\t#gallery-5 img {\n\t\t\t\t\tborder: 2px solid #cfcfcf;\n\t\t\t\t}\n\t\t\t\t#gallery-5 .gallery-caption {\n\t\t\t\t\tmargin-left: 0;\n\t\t\t\t}\n\t\t\t\t\/* see gallery_shortcode() in wp-includes\/media.php *\/\n\t\t\t<\/style>\n\t\t<div id='gallery-5' class='dt-gallery-container gallery galleryid-275664 gallery-columns-3 gallery-size-thumbnail'><dl class='gallery-item'>\n\t\t\t\t<dt class='gallery-icon landscape'>\n\t\t\t\t\t<a class=\"rollover rollover-zoom dt-pswp-item\" title=\"Schermata 2022-05-14 alle 09.58.03\" data-dt-img-description=\"\" data-large_image_width=\"1468\" data-large_image_height=\"1218\"href='https:\/\/www.radiopiu.net\/wordpress\/wp-content\/uploads\/2022\/05\/Schermata-2022-05-14-alle-09.58.03.png'><img loading=\"lazy\" decoding=\"async\" width=\"150\" height=\"150\" src=\"https:\/\/www.radiopiu.net\/wordpress\/wp-content\/uploads\/2022\/05\/Schermata-2022-05-14-alle-09.58.03-150x150.png\" class=\"attachment-thumbnail size-thumbnail\" alt=\"\" \/><\/a>\n\t\t\t\t<\/dt><\/dl><dl class='gallery-item'>\n\t\t\t\t<dt class='gallery-icon portrait'>\n\t\t\t\t\t<a class=\"rollover rollover-zoom dt-pswp-item\" title=\"280039106_10220432027660797_5607221098558990171_n\" data-dt-img-description=\"\" data-large_image_width=\"1526\" data-large_image_height=\"2048\"href='https:\/\/www.radiopiu.net\/wordpress\/wp-content\/uploads\/2022\/05\/280039106_10220432027660797_5607221098558990171_n.jpg'><img loading=\"lazy\" decoding=\"async\" width=\"150\" height=\"150\" src=\"https:\/\/www.radiopiu.net\/wordpress\/wp-content\/uploads\/2022\/05\/280039106_10220432027660797_5607221098558990171_n-150x150.jpg\" class=\"attachment-thumbnail size-thumbnail\" alt=\"\" \/><\/a>\n\t\t\t\t<\/dt><\/dl><dl class='gallery-item'>\n\t\t\t\t<dt class='gallery-icon portrait'>\n\t\t\t\t\t<a class=\"rollover rollover-zoom dt-pswp-item\" title=\"280112788_10220432028180810_3970328752433161906_n\" data-dt-img-description=\"\" data-large_image_width=\"1536\" data-large_image_height=\"2048\"href='https:\/\/www.radiopiu.net\/wordpress\/wp-content\/uploads\/2022\/05\/280112788_10220432028180810_3970328752433161906_n.jpg'><img loading=\"lazy\" decoding=\"async\" width=\"150\" height=\"150\" src=\"https:\/\/www.radiopiu.net\/wordpress\/wp-content\/uploads\/2022\/05\/280112788_10220432028180810_3970328752433161906_n-150x150.jpg\" class=\"attachment-thumbnail size-thumbnail\" alt=\"\" \/><\/a>\n\t\t\t\t<\/dt><\/dl><br style=\"clear: both\" \/><dl class='gallery-item'>\n\t\t\t\t<dt class='gallery-icon portrait'>\n\t\t\t\t\t<a class=\"rollover rollover-zoom dt-pswp-item\" title=\"279888957_10220432031340889_6092368344641563024_n\" data-dt-img-description=\"\" data-large_image_width=\"1536\" data-large_image_height=\"2048\"href='https:\/\/www.radiopiu.net\/wordpress\/wp-content\/uploads\/2022\/05\/279888957_10220432031340889_6092368344641563024_n.jpg'><img loading=\"lazy\" decoding=\"async\" width=\"150\" height=\"150\" src=\"https:\/\/www.radiopiu.net\/wordpress\/wp-content\/uploads\/2022\/05\/279888957_10220432031340889_6092368344641563024_n-150x150.jpg\" class=\"attachment-thumbnail size-thumbnail\" alt=\"\" \/><\/a>\n\t\t\t\t<\/dt><\/dl><dl class='gallery-item'>\n\t\t\t\t<dt class='gallery-icon portrait'>\n\t\t\t\t\t<a class=\"rollover rollover-zoom dt-pswp-item\" title=\"280395146_10220432031980905_4940468847888914969_n\" data-dt-img-description=\"\" data-large_image_width=\"1521\" data-large_image_height=\"2048\"href='https:\/\/www.radiopiu.net\/wordpress\/wp-content\/uploads\/2022\/05\/280395146_10220432031980905_4940468847888914969_n.jpg'><img loading=\"lazy\" decoding=\"async\" width=\"150\" height=\"150\" src=\"https:\/\/www.radiopiu.net\/wordpress\/wp-content\/uploads\/2022\/05\/280395146_10220432031980905_4940468847888914969_n-150x150.jpg\" class=\"attachment-thumbnail size-thumbnail\" alt=\"\" \/><\/a>\n\t\t\t\t<\/dt><\/dl><dl class='gallery-item'>\n\t\t\t\t<dt class='gallery-icon portrait'>\n\t\t\t\t\t<a class=\"rollover rollover-zoom dt-pswp-item\" title=\"280270929_10220432035140984_6146778515177803450_n\" data-dt-img-description=\"\" data-large_image_width=\"1674\" data-large_image_height=\"2048\"href='https:\/\/www.radiopiu.net\/wordpress\/wp-content\/uploads\/2022\/05\/280270929_10220432035140984_6146778515177803450_n.jpg'><img loading=\"lazy\" decoding=\"async\" width=\"150\" height=\"150\" src=\"https:\/\/www.radiopiu.net\/wordpress\/wp-content\/uploads\/2022\/05\/280270929_10220432035140984_6146778515177803450_n-150x150.jpg\" class=\"attachment-thumbnail size-thumbnail\" alt=\"\" \/><\/a>\n\t\t\t\t<\/dt><\/dl><br style=\"clear: both\" \/>\n\t\t\t<\/div>\n\n<p>&nbsp;<\/p>\n<hr \/>\n<p>&nbsp;<\/p>\n<blockquote>\n<h3>PER LA PRIMA VOLTA IN AGORDINO UNA SESSIONE DI ESAMI CAMBRIDGE<\/h3>\n<\/blockquote>\n<p><strong>ALLEGHE <\/strong>Si \u00e8 tenuta per la prima volta in Agordino, a Caprile, una sessione di esami Cambridge. Dodici candidati di ogni et\u00e0 si sono messi alla prova per ottenere una certificazione linguistica internazionale, sostenendo 2 prove scritte e un orale. Per molti di loro \u00e8 stato il primo esame di Stato della loro giovane vita, per altri invece \u00e8 stato il loro primo esame a distanza di decenni. &#8220;<em>Grazie alla <span class=\"nc684nl6\">Oxford School of English Padova<\/span> per averci fornito la sessione &#8220;di montagna&#8221; e al nostro esaminatore Neil Herbertson per la gentilezza e la professionalit\u00e0 dimostrate &#8211; dicono dalla Oxford School Of English Dolomiti &#8211;\u00a0 Grazie soprattutto a Silvia, Denise, Aurora, Nicolas, Martin, Vittoria, Leila, Arianna, Angela, Valentina, Giulia e Alexia per esserci messi in gioco, aver superato l&#8217;agitazione ed esservi fidati. Grazie anche alle famiglie per averci creduto<\/em>&#8220;.<\/p>\n\n\t\t\t<style type='text\/css'>\n\t\t\t\t#gallery-6 {\n\t\t\t\t\tmargin: auto;\n\t\t\t\t}\n\t\t\t\t#gallery-6 .gallery-item {\n\t\t\t\t\tfloat: left;\n\t\t\t\t\tmargin-top: 10px;\n\t\t\t\t\ttext-align: center;\n\t\t\t\t\twidth: 25%;\n\t\t\t\t}\n\t\t\t\t#gallery-6 img {\n\t\t\t\t\tborder: 2px solid #cfcfcf;\n\t\t\t\t}\n\t\t\t\t#gallery-6 .gallery-caption {\n\t\t\t\t\tmargin-left: 0;\n\t\t\t\t}\n\t\t\t\t\/* see gallery_shortcode() in wp-includes\/media.php *\/\n\t\t\t<\/style>\n\t\t<div id='gallery-6' class='dt-gallery-container gallery galleryid-275664 gallery-columns-4 gallery-size-thumbnail'><dl class='gallery-item'>\n\t\t\t\t<dt class='gallery-icon landscape'>\n\t\t\t\t\t<a class=\"rollover rollover-zoom dt-pswp-item\" title=\"280739171_1668520930177325_1847715432322191965_n\" data-dt-img-description=\"\" data-large_image_width=\"2048\" data-large_image_height=\"1536\"href='https:\/\/www.radiopiu.net\/wordpress\/wp-content\/uploads\/2022\/05\/280739171_1668520930177325_1847715432322191965_n.jpg'><img loading=\"lazy\" decoding=\"async\" width=\"150\" height=\"150\" src=\"https:\/\/www.radiopiu.net\/wordpress\/wp-content\/uploads\/2022\/05\/280739171_1668520930177325_1847715432322191965_n-150x150.jpg\" class=\"attachment-thumbnail size-thumbnail\" alt=\"\" \/><\/a>\n\t\t\t\t<\/dt><\/dl><dl class='gallery-item'>\n\t\t\t\t<dt class='gallery-icon landscape'>\n\t\t\t\t\t<a class=\"rollover rollover-zoom dt-pswp-item\" title=\"Schermata 2022-05-14 alle 15.34.02\" data-dt-img-description=\"\" data-large_image_width=\"1342\" data-large_image_height=\"942\"href='https:\/\/www.radiopiu.net\/wordpress\/wp-content\/uploads\/2022\/05\/Schermata-2022-05-14-alle-15.34.02.png'><img loading=\"lazy\" decoding=\"async\" width=\"150\" height=\"150\" src=\"https:\/\/www.radiopiu.net\/wordpress\/wp-content\/uploads\/2022\/05\/Schermata-2022-05-14-alle-15.34.02-150x150.png\" class=\"attachment-thumbnail size-thumbnail\" alt=\"\" \/><\/a>\n\t\t\t\t<\/dt><\/dl><dl class='gallery-item'>\n\t\t\t\t<dt class='gallery-icon landscape'>\n\t\t\t\t\t<a class=\"rollover rollover-zoom dt-pswp-item\" title=\"279889823_1668520126844072_7831370552612729989_n\" data-dt-img-description=\"\" data-large_image_width=\"2048\" data-large_image_height=\"1536\"href='https:\/\/www.radiopiu.net\/wordpress\/wp-content\/uploads\/2022\/05\/279889823_1668520126844072_7831370552612729989_n.jpg'><img loading=\"lazy\" decoding=\"async\" width=\"150\" height=\"150\" src=\"https:\/\/www.radiopiu.net\/wordpress\/wp-content\/uploads\/2022\/05\/279889823_1668520126844072_7831370552612729989_n-150x150.jpg\" class=\"attachment-thumbnail size-thumbnail\" alt=\"\" \/><\/a>\n\t\t\t\t<\/dt><\/dl><dl class='gallery-item'>\n\t\t\t\t<dt class='gallery-icon landscape'>\n\t\t\t\t\t<a class=\"rollover rollover-zoom dt-pswp-item\" title=\"Schermata 2022-05-14 alle 15.34.39\" data-dt-img-description=\"\" data-large_image_width=\"878\" data-large_image_height=\"806\"href='https:\/\/www.radiopiu.net\/wordpress\/wp-content\/uploads\/2022\/05\/Schermata-2022-05-14-alle-15.34.39.png'><img loading=\"lazy\" decoding=\"async\" width=\"150\" height=\"150\" src=\"https:\/\/www.radiopiu.net\/wordpress\/wp-content\/uploads\/2022\/05\/Schermata-2022-05-14-alle-15.34.39-150x150.png\" class=\"attachment-thumbnail size-thumbnail\" alt=\"\" \/><\/a>\n\t\t\t\t<\/dt><\/dl><br style=\"clear: both\" \/>\n\t\t\t<\/div>\n\n<p>&nbsp;<\/p>\n<hr \/>\n<p>&nbsp;<\/p>\n<blockquote>\n<h3>GALLIA E LA SUA ASSOCIAZIONE PER AIUTARE IL POPOLO UCRAINO<\/h3>\n<\/blockquote>\n<p><strong>COMELICO<\/strong> Dall&#8217;Ucraina in Italia per avere una vita migliore ma il cuore rimane nella terra d&#8217;origine. Lei \u00e8 Gallia Halyna ed \u00e8 arrivata in Italia circa 12 anni fa. Nel frattempo ha messo su famiglia sposando un italiano. La guerra in Ucraina ha spinto Gallia ad aiutare i suoi connazionali e con la sua associazione &#8220;La Vita \u00e8 Un Dono Di Dio&#8221; ha gi\u00e0 effettuato 3 viaggi portando aiuti al popolo ucraino. Il 23 maggio ci sar\u00e0 un&#8217;altra partenza verso l&#8217;Ucraina per aiutare le persone che soffrono<\/p>\n<div style=\"width: 1200px;\" class=\"wp-video\"><video class=\"wp-video-shortcode\" id=\"video-275664-2\" width=\"1200\" height=\"675\" preload=\"metadata\" controls=\"controls\"><source type=\"video\/mp4\" src=\"https:\/\/www.radiopiu.net\/wordpress\/wp-content\/uploads\/2022\/05\/video-Paolo-Gallia.mp4?_=2\" \/><a href=\"https:\/\/www.radiopiu.net\/wordpress\/wp-content\/uploads\/2022\/05\/video-Paolo-Gallia.mp4\">https:\/\/www.radiopiu.net\/wordpress\/wp-content\/uploads\/2022\/05\/video-Paolo-Gallia.mp4<\/a><\/video><\/div>\n<p>&nbsp;<\/p>\n<hr \/>\n<p>&nbsp;<\/p>\n<blockquote>\n<h3>REVOCA DEI CONTRIBUTI AI COMUNI, CAOS DAL MINISTERO CON RICHIESTA DI PRECISAZIONI<\/h3>\n<\/blockquote>\n<p><strong><a class=\"dt-pswp-item\" href=\"https:\/\/www.radiopiu.net\/wordpress\/wp-content\/uploads\/2020\/11\/logoUNCEM_no_scritta-wdtr.jpg\" data-dt-img-description=\"\" data-large_image_width=\"640\" data-large_image_height=\"640\"><img loading=\"lazy\" decoding=\"async\" class=\"size-thumbnail wp-image-170846 alignleft\" src=\"https:\/\/www.radiopiu.net\/wordpress\/wp-content\/uploads\/2020\/11\/logoUNCEM_no_scritta-wdtr-150x150.jpg\" alt=\"\" width=\"150\" height=\"150\" srcset=\"https:\/\/www.radiopiu.net\/wordpress\/wp-content\/uploads\/2020\/11\/logoUNCEM_no_scritta-wdtr-150x150.jpg 150w, https:\/\/www.radiopiu.net\/wordpress\/wp-content\/uploads\/2020\/11\/logoUNCEM_no_scritta-wdtr-300x300.jpg 300w, https:\/\/www.radiopiu.net\/wordpress\/wp-content\/uploads\/2020\/11\/logoUNCEM_no_scritta-wdtr.jpg 640w\" sizes=\"auto, (max-width: 150px) 100vw, 150px\" \/><\/a>ROMA<\/strong> &#8220;<em>Prima la revoca dei contributi annunciata via PEC a 4000 Comuni italiani. Poi la precisazione del Viminale, Direzione Finanza locale, con un comunicato stampa ieri nel quale si afferma che era solo una richiesta di integrazioni e precisazioni. Che i Comuni dovrebbero mandare al Ministero dell&#8217;Interno. Ci immaginiamo cosa potr\u00e0 succedere&#8230; giri di PEC e note che non agevoleranno gli Enti, indubbiamente. Solo burocrazia. Il caos genera caos. E la pezza, anche in questo caso, \u00e8 peggiore del buco. Con un totale smarrimento generato tra i Sindaci da quella PEC. Smarrimento non certo risolto dal comunicato stampa del Viminale. La Politica agisce per atti e dunque ci aspettiamo un chiarimento nero su bianco della Ministra Lamorgese per mettere ordine ed evitare che i Comuni perdano milioni e milioni di risorse per opere pubbliche. Che, gi\u00e0 nei mesi scorsi, maldestramente, come per altri contributi di leggi di bilancio, sono passati sul PNRR. Con tutte le complicazioni del caso, nella gestione e nella rendicontazione. Non pu\u00f2 funzionare cos\u00ec, soprattutto per piccoli Comuni e Comuni montani, con macchine organizzative ridotte all&#8217;osso e senza un quadro normativo istituzionale che definisca come i Comuni possano lavorare insieme, possibile soluzione allo smarrimento e alla solitudine di Sindaci e Amministrazioni. Ecco perch\u00e9 questo episodio, questa &#8216;serie tv&#8217; che crediamo non sia finita nei primi due episodi di ieri e venerdi, dimostra che il Testo unico degli Enti locali ha urgente bisogno di una revisione. Si proceda in coda di questa legislatura unendo l&#8217;arco costituzionale nel dare nuova forma e fisionomia agli Enti locali, anche dicendo come i Comuni possono lavorare insieme per essere pi\u00f9 efficaci, migliori<\/em>&#8220;. Lo afferma Marco Bussone, Presidente nazionale Uncem.<\/p>\n<p>&nbsp;<\/p>\n<p>&nbsp;<\/p>\n<hr \/>\n<p>&nbsp;<\/p>\n<blockquote>\n<h3>IN PARTENZA IL CORSO PER L\u2019AFFIDO<\/h3>\n<\/blockquote>\n<p><strong>BELLUNO <\/strong>C\u2019\u00e8 ancora la possibilit\u00e0 di iscriversi al corso per l\u2019affido che partir\u00e0 il oggi a Feltre. Il corso si terr\u00e0 in presenza all\u2019ospedale di Feltre nelle seguenti date: oggi 18 &#8211; 20, venerd\u00ec 20 maggio 2022 18- 20 e 20.30 -22, marted\u00ec 25 maggio dalle 18 &#8211; 20. In ogni giornata vengono trattati aspetti diversi, di natura giuridica, socio-educativa e psicologica, consigliamo quindi la frequenza completa. Il venerd\u00ec sera \u00e8 prevista la testimonianza degli affidatari del territorio. Il corso \u00e8 informativo e conoscitivo,\u00a0 e non implica nessun vincolo rispetto alla prosecuzione del percorso per diventare affidatari. La partecipazione agli incontri \u00e8 gratuita ed \u00e8 necessaria l\u2019iscrizione a CASF DI FELTRE: 0439 883170 \u2013 email: <a href=\"mailto:centroaffido.fe@aulss1.veneto.it\">centroaffido.fe@aulss1.veneto.it<\/a>, CASF DI BELLUNO: 0437 514975 \u2013 email: <a href=\"mailto:centroaffido.bl@aulss1.veneto.it\">centroaffido.bl@aulss1.veneto.it<\/a><\/p>\n<p>&nbsp;<\/p>\n<p>&nbsp;<\/p>\n<hr \/>\n<p>&nbsp;<\/p>\n<blockquote>\n<h3>CHIUSURA TOTALE DEL SENTIERO VALLAVIA &#8211; Nevegal<\/h3>\n<\/blockquote>\n<p><span dir=\"ltr\" role=\"presentation\"><strong>BELLUNO<\/strong> Fino <\/span><span dir=\"ltr\" role=\"presentation\">al 7 giugno, p<\/span><span dir=\"ltr\" role=\"presentation\">er consentire i lavori<\/span> <span dir=\"ltr\" role=\"presentation\">di prolungamento<\/span> <span dir=\"ltr\" role=\"presentation\">della<\/span> <span dir=\"ltr\" role=\"presentation\">pista<\/span> <span dir=\"ltr\" role=\"presentation\">forestale, si rende <\/span><span dir=\"ltr\" role=\"presentation\">necessaria<\/span> <span dir=\"ltr\" role=\"presentation\">la<\/span> <span dir=\"ltr\" role=\"presentation\">chiusura<\/span> <span dir=\"ltr\" role=\"presentation\">con<\/span> <span dir=\"ltr\" role=\"presentation\">interdizione<\/span> <span dir=\"ltr\" role=\"presentation\">totale<\/span> <span dir=\"ltr\" role=\"presentation\">a<\/span> <span dir=\"ltr\" role=\"presentation\">qualsiasi<\/span> <span dir=\"ltr\" role=\"presentation\">transito<\/span> <span dir=\"ltr\" role=\"presentation\">del <\/span><span dir=\"ltr\" role=\"presentation\">sentiero<\/span> <span dir=\"ltr\" role=\"presentation\">Vallavia<\/span> <span dir=\"ltr\" role=\"presentation\">Alta<\/span> <span dir=\"ltr\" role=\"presentation\">dalla<\/span> <span dir=\"ltr\" role=\"presentation\">intersezione<\/span> <span dir=\"ltr\" role=\"presentation\">con<\/span> <span dir=\"ltr\" role=\"presentation\">la<\/span> <span dir=\"ltr\" role=\"presentation\">strada<\/span> <span dir=\"ltr\" role=\"presentation\">silvo-pastorale <\/span><span dir=\"ltr\" role=\"presentation\">denominata \u201cSentiero della Forestale\u201d e di tutti i sentieri interferenti, nel <\/span><span dir=\"ltr\" role=\"presentation\">periodo dall&#8217;11 maggio fino al 7 giugno.<\/span><\/p>\n<p><img loading=\"lazy\" decoding=\"async\" class=\"\" src=\"https:\/\/www.radiopiu.net\/wordpress\/wp-content\/uploads\/2022\/04\/nevegal.jpg\" width=\"174\" height=\"98\" \/><\/p>\n<p>&nbsp;<\/p>\n<hr \/>\n<p>&nbsp;<\/p>\n<blockquote>\n<h3>INVECCHIAMENTO ATTIVO: CON IL VOLONTARIATO COMUNIT\u00c0 PI\u00d9 UNITE E SOLIDALI<\/h3>\n<\/blockquote>\n<p><strong><a class=\"dt-pswp-item\" href=\"https:\/\/www.radiopiu.net\/wordpress\/wp-content\/uploads\/2022\/05\/CSV-BL-TV-Invecchiamento-attivo-quadrato-loghi.png\" data-dt-img-description=\"\" data-large_image_width=\"4501\" data-large_image_height=\"4501\"><img loading=\"lazy\" decoding=\"async\" class=\" wp-image-275497 alignleft\" src=\"https:\/\/www.radiopiu.net\/wordpress\/wp-content\/uploads\/2022\/05\/CSV-BL-TV-Invecchiamento-attivo-quadrato-loghi-150x150.png\" alt=\"\" width=\"131\" height=\"131\" srcset=\"https:\/\/www.radiopiu.net\/wordpress\/wp-content\/uploads\/2022\/05\/CSV-BL-TV-Invecchiamento-attivo-quadrato-loghi-150x150.png 150w, https:\/\/www.radiopiu.net\/wordpress\/wp-content\/uploads\/2022\/05\/CSV-BL-TV-Invecchiamento-attivo-quadrato-loghi-300x300.png 300w, https:\/\/www.radiopiu.net\/wordpress\/wp-content\/uploads\/2022\/05\/CSV-BL-TV-Invecchiamento-attivo-quadrato-loghi-1024x1024.png 1024w, https:\/\/www.radiopiu.net\/wordpress\/wp-content\/uploads\/2022\/05\/CSV-BL-TV-Invecchiamento-attivo-quadrato-loghi-768x768.png 768w, https:\/\/www.radiopiu.net\/wordpress\/wp-content\/uploads\/2022\/05\/CSV-BL-TV-Invecchiamento-attivo-quadrato-loghi-1536x1536.png 1536w, https:\/\/www.radiopiu.net\/wordpress\/wp-content\/uploads\/2022\/05\/CSV-BL-TV-Invecchiamento-attivo-quadrato-loghi-2048x2048.png 2048w\" sizes=\"auto, (max-width: 131px) 100vw, 131px\" \/><\/a>BELLUNO <\/strong>Incentivare l&#8217;invecchiamento attivo e la cultura del volontariato, combattendo i fenomeni di marginalit\u00e0 e fragilit\u00e0, per una maggiore inclusione sociale dei cittadini in fase di pensionamento o gi\u00e0 pensionati. Questo l\u2019obiettivo del nuovo progetto \u201cAttivo il mio tempo: un pensionamento generAt(t)ivo\u201d, promosso da Csv Belluno Treviso con i Coordinamenti del volontariato e le associazioni dei territori bellunese e trevigiano. Gi\u00e0 decollati a Treviso, gli incontri fanno ora tappa in provincia di Belluno: la prima data bellunese in calendario \u00e8 fissata per mercoled\u00ec 18 maggio, dalle 17.30 alle 19, in sala \u201cDon Tamis\u201d ad Agordo. In tutto un ciclo di 10 incontri pubblici tra Belluno e Treviso, realizzati nell\u2019ambito della co-progettazione finanziata dalla Regione del Veneto in collaborazione con la Camera di Commercio Treviso-Belluno e le organizzazioni sindacali Cgil, Cisl e Uil delle due province. Dopo Agordo (18 maggio) le altre date bellunesi si terranno a Pieve d\u2019Alpago (venerd\u00ec 20 maggio in Sala \u201cFabris\u201d), a Calalzo di Cadore (luned\u00ec 23 maggio nella Sala Consiliare del Municipio), a Feltre (venerd\u00ec 27 maggio presso la Palazzina Bonsembiante\/Centro Giovani di Borgo Ruga) e a Belluno (luned\u00ec 30 maggio nella Sala Conferenze di Palazzo \u201cBembo\u201d) sempre con orario 17.30-19. L\u2019iscrizione agli appuntamenti \u00e8 obbligatoria a partire dalla home page del sito <a href=\"http:\/\/www.csvbelluno.it\">www.csvbelluno.it<\/a> o chiamando lo 0437 950374.<\/p>\n<p>&nbsp;<\/p>\n<p>&nbsp;<\/p>\n<hr \/>\n<p>&nbsp;<\/p>\n<blockquote>\n<h3><a class=\"dt-pswp-item\" href=\"https:\/\/www.radiopiu.net\/wordpress\/wp-content\/uploads\/2022\/05\/petti.jpg\" data-dt-img-description=\"\" data-large_image_width=\"269\" data-large_image_height=\"131\"><img loading=\"lazy\" decoding=\"async\" class=\"wp-image-275145 alignleft\" src=\"https:\/\/www.radiopiu.net\/wordpress\/wp-content\/uploads\/2022\/05\/petti.jpg\" alt=\"\" width=\"218\" height=\"106\" \/><\/a>FORMAZIONE PETTIROSSO AGORDINO <strong>\u00a0<\/strong><\/h3>\n<\/blockquote>\n<p><strong>CENCENIGHE<\/strong> &#8220;Il tempo della cura e le disposizioni anticipate di trattamento, come costruire le mie scelte per il futuro&#8221; \u00e8 il titolo dell&#8217;incontro promosso dall&#8217;associazione Pettirosso Agordino (sollievo e assistenza al malato e alla sua famiglia) in programma il 23 maggio alle 20.30 nella sala culturale del Comune di Cencenighe (Nof Filo&#8217;). Relatrici la professoressa Lucia Busatta, giurista esperta in bio diritto e Francesca De Biasi psicologa terapeuta.<\/p>\n<p>&nbsp;<\/p>\n<p>&nbsp;<\/p>\n<hr \/>\n<p>&nbsp;<\/p>\n<blockquote>\n<h3><a class=\"dt-pswp-item\" href=\"https:\/\/www.radiopiu.net\/wordpress\/wp-content\/uploads\/2021\/06\/LAVORI.jpg\" data-dt-img-description=\"\" data-large_image_width=\"188\" data-large_image_height=\"164\"><img loading=\"lazy\" decoding=\"async\" class=\"alignleft wp-image-216176 \" src=\"https:\/\/www.radiopiu.net\/wordpress\/wp-content\/uploads\/2021\/06\/LAVORI.jpg\" alt=\"\" width=\"140\" height=\"122\" \/><\/a>A BELLUNO MODIFICHE ALLA CIRCOLAZIONE IN ALCUNE VIE<\/h3>\n<\/blockquote>\n<p><strong>VIA TISOI<\/strong> Fino al 18 maggio dalle 8 alle 17 senso unico alternato regolato da semaforo<\/p>\n<p><strong>VIA AGORDO<\/strong> senso unico alternato di circolazione veicolare regolato da impianto semaforico e, in caso di traffico particolarmente intenso, da idoneo personale, in via Agordo nel tratto di strada compreso tra il civico 355 e l\u2019intersezione con via Mares,\u00a0 dal 16 al 20 maggio dalle\u00a0 8 alle 17 di ciascuna giornata<\/p>\n<p><strong>VIA MEZZATERRA<\/strong> <span dir=\"ltr\" role=\"presentation\">fino alle\u00a0 18 del 30 giugno<\/span>\u00a0<span dir=\"ltr\" role=\"presentation\">divieto di sosta con rimozione forzata dei veicoli, in via I Novembre <\/span><span dir=\"ltr\" role=\"presentation\">1918, nell\u2019area a lato degli stalli di sosta antistanti al civico 1\/A; <\/span>\u00a0<span dir=\"ltr\" role=\"presentation\">divieto di transito pedonale nel tratto di marciapiede antistante al <\/span><span dir=\"ltr\" role=\"presentation\">civico 103 di via Mezzaterra<\/span><\/p>\n<p><strong>VIA RUDIO<\/strong> Dal 18 al 25 maggio dalle 8 alle 12 e dalle 13 alle 18\u00a0 divieto di circolazione tra via Andrea Alpago e via Frigimelica. Garantito il transito ai residenti per accedere alle abitazioni.<\/p>\n<p>&nbsp;<\/p>\n<p>&nbsp;<\/p>\n<hr \/>\n<p>&nbsp;<\/p>\n<blockquote>\n<h3 class=\"entry-title\">FLOP DI CASHBACK E LOTTERIA DEGLI SCONTRINI. IL FISCO, PERO\u2019, CI \u201cSPIA\u201d CON 162 BANCHE DATI<\/h3>\n<\/blockquote>\n<p><strong><a class=\"dt-pswp-item\" href=\"https:\/\/www.radiopiu.net\/wordpress\/wp-content\/uploads\/2022\/05\/lock-with-key-rests-on-plastic-credit-cards.jpg\" data-dt-img-description=\"\" data-large_image_width=\"1000\" data-large_image_height=\"667\"><img loading=\"lazy\" decoding=\"async\" class=\"size-thumbnail wp-image-275695 alignleft\" src=\"https:\/\/www.radiopiu.net\/wordpress\/wp-content\/uploads\/2022\/05\/lock-with-key-rests-on-plastic-credit-cards-150x150.jpg\" alt=\"\" width=\"150\" height=\"150\" \/><\/a>Secondo i proponenti il cashback e la lotteria degli scontrini dovevano dare un colpo letale all\u2019evasione o, quantomeno, ridurre drasticamente quella da omessa fatturazione che, in rapporto a quella totale, ha un\u2019incidenza importante. Ricordiamo che, secondo il MEF, in Italia l\u2019evasione fiscale complessiva ammonterebbe a 105 miliardi di euro all\u2019anno. Di questo importo, 8,6 miliardi sarebbero \u201cimputabili\u201d al Veneto.<\/strong><\/p>\n<p>Entrambe le misure, purtroppo, sono state un flop, non hanno funzionato. O meglio, non hanno prodotto i risultati sperati. A dirlo \u00e8 l\u2019Ufficio studi della CGIA.<\/p>\n<p>Il cashback, ad esempio, \u00e8 stato addirittura \u201carchiviato\u201d dal governo Draghi che, a partire dal giugno 2021, ne ha sospeso l\u2019applicazione. In primis perch\u00e9 non \u00e8 emersa una evidente relazione causale tra gli incentivi previsti dal cashback e la diminuzione dell\u2019evasione fiscale; in secundis perch\u00e9 il costo della misura, pari a 4,75 miliardi di euro, appare nettamente superiore alle potenzialit\u00e0 di recupero dell\u2019evasione.<\/p>\n<p>La lotteria degli scontrini, entrata in vigore il primo febbraio dell\u2019anno scorso, sembra invece non aver sortito grande interesse tra i contribuenti\/consumatori. Stando ai dati dell\u2019Agenzia delle Dogane e dei Monopoli, se a marzo del 2021 gli scontrini mensili associati alla lotteria avevano sfiorato il picco massimo di 25 mila unit\u00e0, successivamente c\u2019\u00e8 stata una costante contrazione; lo scorso autunno il numero mensile \u00e8 sceso poco sopra le 5 mila unit\u00e0. Si segnala che solo di alimentari e bevande analcoliche, le famiglie venete nel 2020 hanno realizzato acquisti mensili per quasi 1 miliardo di euro.<\/p>\n<p><strong>Ci sono 162 banche dati: il fisco le faccia interagire<\/strong><br \/>\nIn linea puramente teorica \u00e8 come se affermassimo che il nostro fisco dispone di 162 schede che riportano fedelmente la capacit\u00e0 reddituale, i consumi e il livello di ricchezza di ogni italiano. In altre parole, al fisco le informazioni sui contribuenti italiani certamente non mancano. Quotidianamente, infatti, l\u2019Amministrazione Finanziaria riceve e cataloga miliardi di informazioni in ben 162 banche dati che, per\u00f2, solo in piccola parte riesce a \u201cutilizzare\u201d, in particolar modo, per contrastare l\u2019evasione fiscale.<\/p>\n<p>E\u2019 vero che a breve queste banche dati dovrebbero cominciare a dialogare fra loro, ovvero ad essere interoperabili. Tuttavia, se ogni anno il popolo degli evasori sottrae al fisco 105 miliardi di euro e i nostri 007 riuscivano a recuperarne, nel periodo pre Covid, tra i 18 e i 20, vuol dire che, potenzialmente, sappiamo vita, morte e miracoli su chi \u00e8 conosciuto al fisco, mentre brancoliamo nel buio nei confronti di chi non lo \u00e8, con il risultato che l\u2019evasione prospera, penalizzando oltremisura chi le tasse le paga fino all\u2019ultimo centesimo.<br \/>\nIntendiamoci: queste banche dati non hanno come unico obiettivo quello di consentire all\u2019Amministrazione Finanziaria di contrastare con maggiore incisivit\u00e0 l\u2019infedelt\u00e0 fiscale. Sono strumenti che servono anche ad elaborare analisi economiche e statistiche molto complesse, stimando gli effetti delle politiche fiscali in corso in uno scenario caratterizzato da fenomeni sempre pi\u00f9 interconnessi. Tuttavia, se l\u2019evasione fiscale \u00e8 uno dei principali problemi del Paese, \u00e8 evidente che questi strumenti dovrebbero costituire il cassetto degli attrezzi indispensabile per realizzare un fisco pi\u00f9 giusto e pi\u00f9 equo.<\/p>\n<p><strong>Gli strumenti a disposizione per contrastare l\u2019evasione<\/strong><br \/>\nOltre alle 162 banche dati fiscali, negli ultimi anni la nostra l\u2019Amministrazione finanziaria ha visto aumentare notevolmente anche il numero di strumenti a disposizione per contrastare l\u2019evasione delle imposte. In sintesi, le principali misure a disposizione degli uomini del fisco sono:<\/p>\n<p>1)\u00a0abolizione del segreto bancario;<br \/>\n2)\u00a0anagrafe dei rapporti finanziari costituita tramite il periodico invio all\u2019Anagrafe tributaria dei saldi dei rapporti finanziari dei contribuenti;<br \/>\n3)\u00a0con 22 mila segnalazioni al secondo, Serpico, super cervellone in capo alla SOGEI, riceve innumerevoli informazioni raccolte dai contribuenti (pagamenti, movimentazioni bancarie, etc.). L\u2019Agenzia delle Entrate utilizzer\u00e0 anche tecnologie avanzate per elaborarle, sfruttando le interconnessioni tra i dati contenuti nell\u2019Anagrafe dei rapporti finanziari e le altre banche dati di cui dispone;<br \/>\n4)\u00a0obbligo di comunicare mensilmente all\u2019UIF (Unit\u00e0 di Informazione Finanziaria) le movimentazioni di denaro contante di importo pari o superiore a 10.000 euro;<br \/>\n5)\u00a0Indici Sintetici di Affidabilit\u00e0 fiscale (ex studi di settore);<br \/>\n6)\u00a0redditometro (accertamento sintetico sulla base del confronto tra reddito dichiarato e spese sostenute);<br \/>\n7)\u00a0metodologie di controllo delle PMI e dei lavoratori autonomi;<br \/>\n8)\u00a0117 (numero di pubblica utilit\u00e0 della Guardia di Finanza);<br \/>\n9)\u00a0trasmissione telematica dei corrispettivi all\u2019Agenzia delle Entrate;<br \/>\n10) fattura elettronica;<br \/>\n11) split payment nel caso di fatturazione verso le Pubbliche Amministrazioni, sono queste che trattengono l\u2019IVA e la versano direttamente all\u2019erario;<br \/>\n12) reverse charge meccanismo in base al quale \u00e8 l\u2019acquirente o il committente a versare l\u2019IVA;<br \/>\n13) limite all\u2019utilizzo del contante pari a 1.999 euro;<br \/>\n14) obbligo di pagamento con strumenti tracciabili degli oneri detraibili ai fini IRPEF (ad eccezione delle spese sanitarie) per poterle detrarre nella dichiarazione dei redditi;<br \/>\n15) controllo automatizzato delle dichiarazioni fiscali e del corretto assolvimento dell\u2019imposta di bollo;<br \/>\n16) in caso di lavori superiori a 200.000 euro, i committenti hanno l\u2019obbligo di verificare il corretto versamento delle ritenute dei dipendenti delle imprese appaltatrici;<br \/>\n17) ritenuta d\u2019acconto operata sui bonifici per il pagamento delle spese relative a interventi sul patrimonio edilizio e risparmio energetico;<br \/>\n18)\u00a0per essere effettuata la compensazione dei debiti tributari con crediti di importo superiore a 5.000 euro \u00e8 necessaria la certificazione dei crediti da parte di un professionista;<br \/>\n19)\u00a0esterometro: invio telematico (trimestrale) all\u2019Agenzia delle Entrate dei dati relativi alle operazioni economiche con soggetti non residenti;<br \/>\n20)\u00a0comunicazione trimestrale all\u2019Agenzia delle Entrate dei dati relativi alla liquidazione periodica IVA.<\/p>\n<p><strong>Siamo un popolo di evasori ? Ecco chi paga l\u2019Irpef<\/strong><br \/>\nSi stima che l\u2019evasione fiscale in Italia ammonti a 105 miliardi di euro all\u2019anno e che il gettito Irpef, la principale imposta pagata dagli italiani, costituisce per molti lo \u201cstrumento\u201d per \u201cmisurare\u201d le categorie meno fedeli al fisco. Nel dibattito politico-sindacale, ad esempio, si ripete ormai come un mantra che l\u2019imposta sul reddito delle persone fisiche sarebbe pagata per quasi il 90 per cento da pensionati e lavoratori dipendenti. Segnaliamo che questa affermazione \u00e8 del tutto fuorviante, perch\u00e9 sottende che in Italia a pagare la quasi totalit\u00e0 dell\u2019Irpef sarebbero solo due categorie di contribuenti: quelle richiamate poc\u2019anzi. In realt\u00e0 chi continua a ripetere questa ovviet\u00e0 \u00e8 \u201cvittima\u201d di un grave abbaglio statistico\/interpretativo. Se, infatti, \u00e8 palese che oltre l\u201982 per cento dell\u2019Irpef (e non il 90 per cento) \u00e8 versata all\u2019erario da pensionati e lavoratori dipendenti, questo avviene perch\u00e9 queste 2 categoria rappresentano quasi l\u201989 per cento del totale dei contribuenti Irpef presenti in Italia. Se si vuole dimostrare lo squilibrio del carico fiscale legato all\u2019Irpef, la metodologia \u201ccorretta\u201d consiste nel calcolare l\u2019importo medio versato da ciascun contribuente facente parte di ognuna delle 3 principali tipologie che pagano l\u2019imposta sulle persone fisiche: autonomi, dipendenti e pensionati. Applicando questa metodica, dagli ultimi dati disponibili sui redditi relativi al 2018 (fonte Ministero dell\u2019Economia e delle Finanze),<strong>\u00a0emerge che, mediamente, i pensionati pagano un\u2019Irpef netta annua di 3.173 euro, i lavoratori dipendenti di 4.006 euro e gli imprenditori\/lavoratori autonomi di 5.741 euro. Sia chiaro, l\u2019evasione fiscale in Italia e in Veneto c\u2019\u00e8 ed \u00e8 presente in tutte le categorie professionali, quindi, anche tra gli autonomi e gli imprenditori. Ci mancherebbe. Tuttavia, va contrastata ovunque essa si annidi, senza per\u00f2 accusare pregiudizialmente nessuno.<\/strong><\/p>\n<p><em>1 Introdotto con la legge di Bilancio 2020, la misura prevedeva il rimborso del 10% della spesa effettuata nel caso di pagamento con carte di credito, carte di debito e prepagate, bancomat e app di pagamento, fino a 150 euro a semestre con almeno 50 pagamenti, escludendo tuttavia gli acquisti on line. Il rimborso massimo per singola transazione era di 15 euro. Era inoltre previsto un \u201cSuper Cashback\u201d che consentiva ai primi 100 mila cittadini che avevano effettuato maggiori transazioni in ciascun semestre di ottenere un premio di 1.500 euro, fino a d accumulare al massimo 3 mila euro all\u2019anno.<br \/>\n<\/em><\/p>\n<p><em>2 E\u2019 stata istituita dalla Legge di Bilancio 2017. Dal 2021 le persone fisiche maggiorenni che effettuano acquisti di beni e servizi possono partecipare alla lotteria degli scontrini previa presentazione al momento dell\u2019acquisto al venditore del codice lotteria e a condizione che provveda al pagamento con carte di debito, bancomat, carte prepagate e app connesse a circuiti di pagamento. Per ogni euro speso si produce un biglietto virtuale (sino ad un massimo di 1.000 biglietti virtuali per ogni scontrino oltre 1.000 euro) che consente automaticamente la partecipazione alla lotteria. Non possono partecipare gli acquisti on-line. Le estrazioni sono settimanali, mensili ed annuali.<\/em><\/p>\n<p><em>3 Ministero dell\u2019Economia e delle Finanze.<\/em><\/p>\n<p><em>4 \u2013 MEF -Dipartimento delle Finanze- Riforme e Investimenti previsti dal PNRR, Relazione per orientare le azioni del governo volte a ridurre l\u2019evasione fiscale derivante da omessa fatturazione, Roma, 20 dicembre 2021.<\/em><\/p>\n<p><em>5 \u2013 Commissione Parlamentare di vigilanza sull\u2019Anagrafe Tributaria. Audizione del Direttore Generale delle Finanze, Prof. Fabrizia Lapecorella, nell\u2019ambito dell\u2019indagine conoscitiva sulla digitalizzazione e interoperabilit\u00e0 delle banche dati fiscali. Roma 28 aprile 2021<\/em><\/p>\n<p><em>6 -Dipartimento delle Finanze, Agenzia del Demanio, Agenzia delle Dogane e dei Monopoli, Agenzia delle Entrate \u2013 Riscossione e Agenzia delle Entrate<\/em><\/p>\n<p>&nbsp;<\/p>\n<p>&nbsp;<\/p>\n<hr \/>\n<p>&nbsp;<\/p>\n<div class=\"page\" title=\"Page 1\">\n<div class=\"layoutArea\">\n<div class=\"column\">\n<h3><a class=\"dt-pswp-item\" href=\"https:\/\/www.radiopiu.net\/wordpress\/wp-content\/uploads\/2022\/05\/86389146-bd70-4a0c-9306-0f29afa0c617.jpg\" data-dt-img-description=\"\" data-large_image_width=\"1131\" data-large_image_height=\"1599\"><img loading=\"lazy\" decoding=\"async\" class=\"size-thumbnail wp-image-275974 alignleft\" src=\"https:\/\/www.radiopiu.net\/wordpress\/wp-content\/uploads\/2022\/05\/86389146-bd70-4a0c-9306-0f29afa0c617-150x150.jpg\" alt=\"\" width=\"150\" height=\"150\" \/><\/a>SEI SEMPRE TU<\/h3>\n<p><strong>BELLUNO<\/strong> Domani alle 18.30 nella sala Parco Ex Casa Rossa incontro su &#8220;i nostri figli, parte del mondo e non un problema a parte&#8221;. Interverranno Manuela Pelizon, Elena De Rigo, Carmen De Lazzer e Marta Fant. Modera Flavia Monego.<\/p>\n<p>&nbsp;<\/p>\n<p>&nbsp;<\/p>\n<hr \/>\n<p>&nbsp;<\/p>\n<blockquote>\n<h3><a class=\"dt-pswp-item\" href=\"https:\/\/www.radiopiu.net\/wordpress\/wp-content\/uploads\/2022\/05\/3b8e5453-fc72-4b5b-abc7-bca69f0902c0.jpg\" data-dt-img-description=\"\" data-large_image_width=\"1080\" data-large_image_height=\"1080\"><img loading=\"lazy\" decoding=\"async\" class=\"size-thumbnail wp-image-275975 alignleft\" src=\"https:\/\/www.radiopiu.net\/wordpress\/wp-content\/uploads\/2022\/05\/3b8e5453-fc72-4b5b-abc7-bca69f0902c0-150x150.jpg\" alt=\"\" width=\"150\" height=\"150\" srcset=\"https:\/\/www.radiopiu.net\/wordpress\/wp-content\/uploads\/2022\/05\/3b8e5453-fc72-4b5b-abc7-bca69f0902c0-150x150.jpg 150w, https:\/\/www.radiopiu.net\/wordpress\/wp-content\/uploads\/2022\/05\/3b8e5453-fc72-4b5b-abc7-bca69f0902c0-300x300.jpg 300w, https:\/\/www.radiopiu.net\/wordpress\/wp-content\/uploads\/2022\/05\/3b8e5453-fc72-4b5b-abc7-bca69f0902c0-1024x1024.jpg 1024w, https:\/\/www.radiopiu.net\/wordpress\/wp-content\/uploads\/2022\/05\/3b8e5453-fc72-4b5b-abc7-bca69f0902c0-768x768.jpg 768w, https:\/\/www.radiopiu.net\/wordpress\/wp-content\/uploads\/2022\/05\/3b8e5453-fc72-4b5b-abc7-bca69f0902c0.jpg 1080w\" sizes=\"auto, (max-width: 150px) 100vw, 150px\" \/><\/a>I CORSI DI PITTURA APS PIGMENTI<\/h3>\n<\/blockquote>\n<p>Mercoledi alle 18 inaugurazione dei nuovi corsi nella sala parrocchiale di Longarone.<\/p>\n<p>&nbsp;<\/p>\n<p>&nbsp;<\/p>\n<p>&nbsp;<\/p>\n<hr \/>\n<p>&nbsp;<\/p>\n<\/div>\n<\/div>\n<\/div>\n<blockquote>\n<h3>SEMINARIO DEL CENTRO STUDI BELLUNESE<\/h3>\n<\/blockquote>\n<p><strong>BELLUNO<\/strong> \u201cCentro polifunzionale di servizi archivistici qualificati\u201d. Questo il titolo dell\u2019ultimo seminario dedicato agli amministratori locali. Lo organizza il Centro Studi Bellunese per il 18 maggio prossimo, a partire dalle 10, a Villa Carpenada. Interverr\u00e0 Giorgetta Bonfiglio Dosio (docente di archivistica e direttrice scientifica della rivista \u201cArchivi\u201d e della collana \u201cInvenire\u201d),\u00a0 Stefano Pigliapoco, docente e consulente per la gestione dei documenti e la realizzazione di sistemi informativi automatizzati. Modera Eurosia Zuccolo, direttrice della Soprintendenza archivistica e bibliografica del Veneto e del Trentino-Alto Adige.<\/p>\n<p>&nbsp;<\/p>\n<p>&nbsp;<\/p>\n<hr \/>\n<p>&nbsp;<\/p>\n<blockquote>\n<h3>SENZA FRETTA IN BICICLETTA<\/h3>\n<\/blockquote>\n<p><strong>BELLUNO<\/strong>\u00a0 <span dir=\"ltr\" role=\"presentation\">In occasione della partenza di tappa del Giro d\u2019Italia a Belluno, il prossimo <\/span><span dir=\"ltr\" role=\"presentation\">28 maggio, la Biblioteca civica di Belluno organizza delle letture espressive <\/span><span dir=\"ltr\" role=\"presentation\">per bambini a cura di Barbara De Poloni. <\/span><span dir=\"ltr\" role=\"presentation\">Le letture si svolgeranno nelle giornate di<\/span> <span dir=\"ltr\" role=\"presentation\">marted\u00ec 24 maggio e venerd\u00ec <\/span><span dir=\"ltr\" role=\"presentation\">27 maggio, in doppio turno: dalle 15.00 alle 15.45 per i bambini <\/span><span dir=\"ltr\" role=\"presentation\">dai 7 ai 10 anni e dalle 16.30 alle 17.00 per i bambini dai 3 ai 6 <\/span><span dir=\"ltr\" role=\"presentation\">anni<\/span><span dir=\"ltr\" role=\"presentation\">. <\/span><span dir=\"ltr\" role=\"presentation\">A fare da cornice all\u2019iniziativa, la\u00a0 sala con affresco, al primo piano di <\/span><span dir=\"ltr\" role=\"presentation\">Palazzo Bembo (Piazzetta Giovan Battista Pellegrini), dove potranno essere <\/span><span dir=\"ltr\" role=\"presentation\">accolti un<\/span> <span dir=\"ltr\" role=\"presentation\">massimo di 20 bambini per turno, accompagnati da un <\/span><span dir=\"ltr\" role=\"presentation\">adulto. <\/span><span dir=\"ltr\" role=\"presentation\">La<\/span> <span dir=\"ltr\" role=\"presentation\">prenotazione<\/span> <span dir=\"ltr\" role=\"presentation\">\u00e8<\/span> <span dir=\"ltr\" role=\"presentation\">obbligatoria,<\/span> <span dir=\"ltr\" role=\"presentation\">telefonando<\/span> <span dir=\"ltr\" role=\"presentation\">alla<\/span> <span dir=\"ltr\" role=\"presentation\">Biblioteca<\/span> <span dir=\"ltr\" role=\"presentation\">dei <\/span><span dir=\"ltr\" role=\"presentation\">Ragazzi al numero 0437 913305 o inviando un&#8217;email all&#8217;indirizzo <\/span><span dir=\"ltr\" role=\"presentation\">biblioteca@comune.belluno.it<\/span><span dir=\"ltr\" role=\"presentation\">. <\/span><span dir=\"ltr\" role=\"presentation\">L\u2019ingresso \u00e8 gratuito.<\/span><\/p>\n<p>&nbsp;<\/p>\n<p>&nbsp;<\/p>\n<hr \/>\n<p>&nbsp;<\/p>\n<blockquote>\n<blockquote>\n<h3>ASCOLTARE PER CONOSCERE: L\u2019EVENTO ONLINE DEL CILP<\/h3>\n<\/blockquote>\n<\/blockquote>\n<p><strong class=\"photoswipe-wrapper\"><a class=\"dt-pswp-item pspw-wrap-ready\" href=\"https:\/\/www.radiopiu.net\/wordpress\/wp-content\/uploads\/2022\/04\/download-7.jpg\" data-dt-img-description=\"\" data-large_image_width=\"321\" data-large_image_height=\"157\"><img loading=\"lazy\" decoding=\"async\" class=\"alignleft wp-image-272306 \" src=\"https:\/\/www.radiopiu.net\/wordpress\/wp-content\/uploads\/2022\/04\/download-7-300x147.jpg\" sizes=\"auto, (max-width: 133px) 100vw, 133px\" srcset=\"https:\/\/www.radiopiu.net\/wordpress\/wp-content\/uploads\/2022\/04\/download-7-300x147.jpg 300w, https:\/\/www.radiopiu.net\/wordpress\/wp-content\/uploads\/2022\/04\/download-7.jpg 321w\" alt=\"\" width=\"133\" height=\"65\" \/><\/a>FELTRE <\/strong>Aperte le iscrizioni per l\u2019evento online del 18-19-20 maggio 2022 promosso dal CILP \u201cAscoltare per conoscere\u201d: esempi d\u2019inclusivit\u00e0 con speaker di fama nazionale.\u00a0 Parteciperanno persone di spicco quali l\u2019economista Dott. Carlo Cotarelli, la scrittrice Susanna Tamaro, il Prof. Cesare Cornoldi dell\u2019Universit\u00e0 di Padova, la conduttrice televisiva Andrea Delogu, il direttore di radio Pi\u00f9 Mirko Mezzacasa e tanti altri relatori che interverranno per parlare di dislessia, dei modi per affrontare questo disturbo che interessa anche \u00a0molti studenti, dei problemi della vista, ma verr\u00e0 anche esaminata l\u2019importanza che riveste la voce umana nella comunicazione e il suo ruolo fondamentale<\/p>\n<p><strong>CONOSCIAMO I PROTAGONISTI &#8211; MARIO COTTARELLI<\/strong><\/p>\n<div class=\"kvgmc6g5 cxmmr5t8 oygrvhab hcukyx3x c1et5uql ii04i59q\">\n<div dir=\"auto\"><a class=\"dt-pswp-item\" href=\"https:\/\/www.radiopiu.net\/wordpress\/wp-content\/uploads\/2022\/05\/280745384_10158871982214503_1494635571978126297_n.jpg\" data-dt-img-description=\"\" data-large_image_width=\"526\" data-large_image_height=\"526\"><img loading=\"lazy\" decoding=\"async\" class=\"size-thumbnail wp-image-275976 alignleft\" src=\"https:\/\/www.radiopiu.net\/wordpress\/wp-content\/uploads\/2022\/05\/280745384_10158871982214503_1494635571978126297_n-150x150.jpg\" alt=\"\" width=\"150\" height=\"150\" srcset=\"https:\/\/www.radiopiu.net\/wordpress\/wp-content\/uploads\/2022\/05\/280745384_10158871982214503_1494635571978126297_n-150x150.jpg 150w, https:\/\/www.radiopiu.net\/wordpress\/wp-content\/uploads\/2022\/05\/280745384_10158871982214503_1494635571978126297_n-300x300.jpg 300w, https:\/\/www.radiopiu.net\/wordpress\/wp-content\/uploads\/2022\/05\/280745384_10158871982214503_1494635571978126297_n.jpg 526w\" sizes=\"auto, (max-width: 150px) 100vw, 150px\" \/><\/a>Compositore e scrittore Nato a Cremona, Mario si \u00e8 laureato in Scienze Biologiche all\u2019universit\u00e0 di Pavia nel 1982. Ha lavorato al quotidiano cremonese &#8216;La Provincia&#8217;, dove ha esercitato inizialmente la mansione di correttore di bozze e successivamente quella di archivista e impiegato. Parallelamente si \u00e8 dedicato alla musica: negli anni 80 infatti ha avuto la possibilit\u00e0 di collaborare con personaggi come Claudio Simonetti e Ivana Spagna.<\/div>\n<\/div>\n<div class=\"cxmmr5t8 oygrvhab hcukyx3x c1et5uql o9v6fnle ii04i59q\">\n<div dir=\"auto\">A partire dagli anni &#8217;90 si \u00e8 dedicato alla composizione di molti brani per orchestre da ballo, arrivando ad incidere da protagonista due CD di genere progressive-rock, che gli hanno procurato la menzione nel libro \u201cRock progressivo italiano 1980-2013\u201d di Massimo Salari (ed. Arcana). Attualmente vive a Brescia e, \u201cParliamo di parolacce senza dire parolacce\u201d, \u00e8 la sua prima esperienza letteraria. Mario Cottarelli interverr\u00e0 all&#8217;evento online Ascoltare per conoscere per raccontarci il suo libro e, in modo particolare, dello svilimento linguistico del torpiloquio. Se anche tu vuoi partecipare iscriviti gratuitamente al seguente link <span class=\"pq6dq46d tbxw36s4 knj5qynh kvgmc6g5 ditlmg2l oygrvhab nvdbi5me sf5mxxl7 gl3lb2sf hhz5lgdu\"><img loading=\"lazy\" decoding=\"async\" src=\"https:\/\/static.xx.fbcdn.net\/images\/emoji.php\/v9\/tc\/1\/16\/1f449_1f3fb.png\" alt=\"&#x1f449;&#x1f3fb;\" width=\"16\" height=\"16\" \/><\/span> <a class=\"oajrlxb2 g5ia77u1 qu0x051f esr5mh6w e9989ue4 r7d6kgcz rq0escxv nhd2j8a9 nc684nl6 p7hjln8o kvgmc6g5 cxmmr5t8 oygrvhab hcukyx3x jb3vyjys rz4wbd8a qt6c0cv9 a8nywdso i1ao9s8h esuyzwwr f1sip0of lzcic4wl gpro0wi8 py34i1dx\" tabindex=\"0\" role=\"link\" href=\"https:\/\/l.facebook.com\/l.php?u=https%3A%2F%2Fascoltareperconoscere.com%2F%3Ffbclid%3DIwAR2IqTL4JWYkz2PFKe0VGSkTc8TTIWkJIYwnLxsnpvM1bcYpwMuoFuosf5A&amp;h=AT1ObWv3giQxlseOUBV9WVv_XJa_7SnNvKVdNwD6PFCsxwjgMBmkJy13mIkMBiI5uS_g5ifETyp7pS9woOOUWTNJ-O4hCB-oiuWH4d2h_42IyiwvLsBAauNSdmZnfMthGA&amp;__tn__=-UK-R&amp;c[0]=AT1DkxjSrLuqND-8mZT4-eDdlq_7gJvx8JFVVsIqb2EJhAf81T1VDu5L292OZqVlsJqskyinXmvrBAmz4TPNgqze1FScXMcr-TZcUaFvfOsVmA1EFrZY2Gk-ech2-CUc-h-rhPZVl_AYgPJmZrB3gqysjmrHxjI5jV67y-Tu6QOK_hHw5iLOuA\" target=\"_blank\" rel=\"nofollow noopener\">https:\/\/ascoltareperconoscere.com\/<\/a><\/div>\n<\/div>\n<div class=\"cxmmr5t8 oygrvhab hcukyx3x c1et5uql o9v6fnle ii04i59q\">\n<div dir=\"auto\">\n<div><\/div>\n<\/div>\n<\/div>\n<p><strong>\u00a0<\/strong><\/p>\n<p>&nbsp;<\/p>\n<hr \/>\n<p>&nbsp;<\/p>\n<blockquote>\n<h3>MAGGIO AGORDINO CON L&#8217;ASSOCIAZIONE PERITI MINERARI INDUSTRIALI DI AGORDO<\/h3>\n<\/blockquote>\n<p><strong>AGORDO <\/strong>Torna l&#8217;appuntamento con &#8220;Maggio Agordino&#8221;, un ciclo di serate culturali e di divulgazione scientifica promosse da APIM &#8211; Associazione Periti Industriali Minerari di Agordo. Quest&#8217;anno il tema che costituir\u00e0 di fatto il filo conduttore delle serate sar\u00e0 il cambiamento climatico. Le serate in Sala Don Tamis con inizio alle 20:30. Venerd\u00ec 20 &#8220;L&#8217;economia futura della montagna e le sfide del riconoscimento Unesco&#8221; e venerd\u00ec 27 &#8220;Il clima che cambia(mo) e le nostre montagne&#8221;. Tutte le serate sono ad entrata libera<\/p>\n<p>&nbsp;<\/p>\n<p>&nbsp;<\/p>\n<hr \/>\n<p>&nbsp;<\/p>\n<blockquote>\n<h3>IL MUSEO ALBINO LUCIANI ADERISCE ALLA GIORNATA INTERNAZIONALE DEI MUSEI<\/h3>\n<\/blockquote>\n<p><strong>CANALE D&#8217;AGORDO <\/strong>Il Museo Albino Luciani aderisce alla GIORNATA INTERNAZIONALE DEI MUSEI che si terr\u00e0 nella giornata di mercoled\u00ec 18 maggio. Per l&#8217;occasione il Museo e la Casa Natale di Papa Luciani saranno aperti e visitabili gratuitamente da tutti dalle 9 alle 12 e dalle 15 alle 18.<\/p>\n<p>&nbsp;<\/p>\n<p>&nbsp;<\/p>\n<hr \/>\n<p>&nbsp;<\/p>\n<blockquote>\n<h3>RIAPRE IL CASTELLO DI ANDRAZ<\/h3>\n<\/blockquote>\n<p><strong>LIVINALLONGO<\/strong> Con l\u2019arrivo dell\u2019estate riapre anche il Castello di Andraz, che quest\u2019anno festeggia il 10\u00b0 compleanno. Nel mese di giugno, il museo sar\u00e0 aperto dal gioved\u00ec alla domenica, dalle 10:00 alle 12:30 e dalle 14:30 alle 18:00. Per il momento le visite guidate saranno garantite solo su prenotazione al 334 3346680<\/p>\n<p>&nbsp;<\/p>\n<p>&nbsp;<\/p>\n<hr \/>\n<p>&nbsp;<\/p>\n<p><strong>ATTIVITA&#8217; LABORATORIALI<\/strong><\/p>\n<blockquote>\n<h3>HOCUS LOTUS IMPARANDO ATTRAVERSO L&#8217;ATTIVITA&#8217; MIMICO-GESTUALE<\/h3>\n<p><em>Per entrare nel magico mondo della nuova lingua<\/em><\/p><\/blockquote>\n<p><strong>ALLEGHE<\/strong>\u00a0 Martedi 17 maggio dalle 18.15 alle 19 alla scuola media di Caprile play group per bimbi dai 2 ai 3 anni con le loro mamme. Con il programma per il bilinguismo infantile dell&#8217;Universit\u00e0 &#8220;La Sapienza&#8221;, informazioni ed iscrizioni da Claudia Soppelsa (340 1474780).<\/p>\n<p>&nbsp;<\/p>\n<p>&nbsp;<\/p>\n<hr \/>\n<p>&nbsp;<\/p>\n<blockquote>\n<h3>ELEZIONI DEL CONSIGLIO DIRETTIVO DEL COMITATO FESTEGGIAMENTI MEANO<\/h3>\n<\/blockquote>\n<p><strong>SANTA GIUSTINA\u00a0<\/strong>Sabato 21 maggio alle ore 20.30 si terr\u00e0 il rinnovo del Consiglio direttivo del Comitato Festeggiamenti Meano.<br \/>\nIn un anno come questo di ripartenza dopo le restrizioni legate alla Pandemia, \u00e8 un appuntamento che il Consiglio uscente considera fondamentale per ridare slancio a questa importante realt\u00e0 Frazionale. Appuntamento quindi sabato 21 maggio al Parco Ciclamino alle 20.30<\/p>\n<p>&nbsp;<\/p>\n<p>&nbsp;<\/p>\n<hr \/>\n<p>&nbsp;<\/p>\n<blockquote>\n<h3>IL NUOVO AFFRESCO DI LAURA BALLIS A LIMANA<\/h3>\n<\/blockquote>\n<p><strong>LIMANA<\/strong> Verr\u00e0 presentato domenica 22 maggio alle 11 il nuovo affresco di Laura Ballis a Giaon di Limana sulla via Buzzatiana. All&#8217;inaugurazione sar\u00e0 presente l&#8217;artista, conduce la cerimonia la giornalista\u00a0 Isabella Pilo<\/p>\n<p>&nbsp;<\/p>\n<p>&nbsp;<\/p>\n<hr \/>\n<p>&nbsp;<\/p>\n<blockquote>\n<h3>RINNOVO DELLE CARICHE SOCIALI PER I PROSSIMI QUATTRO ANNI<\/h3>\n<\/blockquote>\n<p><strong>TAIBON<\/strong> Sabato 21 maggio alle 16 nella sede delle proloco (vicino al Municipio) si ritroveranno i soci per rinnovare le cariche sociali per il quadriennio 2022-26. Chiunque puo&#8217; partecipare e dare il proprio contributo per lo sviluppo dell&#8217;associazione.<\/p>\n<p>&nbsp;<\/p>\n<hr \/>\n<p>&nbsp;<\/p>\n<p>&nbsp;<\/p>\n<blockquote>\n<h2>di Claudio Pra<\/h2>\n<h2>Nonostante le nubi e la foschia io e mio figlio Simone all&#8217;alba siamo saliti con un atto di fede a Passo Giau dove, nonostante le condizioni non ideali, siamo riusciti a catturare qualche immagine dell&#8217;eclisse lunare di stanotte<\/h2>\n<\/blockquote>\n\n\t\t\t<style type='text\/css'>\n\t\t\t\t#gallery-7 {\n\t\t\t\t\tmargin: auto;\n\t\t\t\t}\n\t\t\t\t#gallery-7 .gallery-item {\n\t\t\t\t\tfloat: left;\n\t\t\t\t\tmargin-top: 10px;\n\t\t\t\t\ttext-align: center;\n\t\t\t\t\twidth: 33%;\n\t\t\t\t}\n\t\t\t\t#gallery-7 img {\n\t\t\t\t\tborder: 2px solid #cfcfcf;\n\t\t\t\t}\n\t\t\t\t#gallery-7 .gallery-caption {\n\t\t\t\t\tmargin-left: 0;\n\t\t\t\t}\n\t\t\t\t\/* see gallery_shortcode() in wp-includes\/media.php *\/\n\t\t\t<\/style>\n\t\t<div id='gallery-7' class='dt-gallery-container gallery galleryid-275664 gallery-columns-3 gallery-size-medium'><dl class='gallery-item'>\n\t\t\t\t<dt class='gallery-icon landscape'>\n\t\t\t\t\t<a class=\"rollover rollover-zoom dt-pswp-item\" title=\"b7ecf45d-ae9d-42fc-8a88-6b8d015d7c4e\" data-dt-img-description=\"\" data-large_image_width=\"1600\" data-large_image_height=\"931\"href='https:\/\/www.radiopiu.net\/wordpress\/wp-content\/uploads\/2022\/05\/b7ecf45d-ae9d-42fc-8a88-6b8d015d7c4e.jpg'><img loading=\"lazy\" decoding=\"async\" width=\"300\" height=\"175\" src=\"https:\/\/www.radiopiu.net\/wordpress\/wp-content\/uploads\/2022\/05\/b7ecf45d-ae9d-42fc-8a88-6b8d015d7c4e-300x175.jpg\" class=\"attachment-medium size-medium\" alt=\"\" srcset=\"https:\/\/www.radiopiu.net\/wordpress\/wp-content\/uploads\/2022\/05\/b7ecf45d-ae9d-42fc-8a88-6b8d015d7c4e-300x175.jpg 300w, https:\/\/www.radiopiu.net\/wordpress\/wp-content\/uploads\/2022\/05\/b7ecf45d-ae9d-42fc-8a88-6b8d015d7c4e-1024x596.jpg 1024w, https:\/\/www.radiopiu.net\/wordpress\/wp-content\/uploads\/2022\/05\/b7ecf45d-ae9d-42fc-8a88-6b8d015d7c4e-768x447.jpg 768w, https:\/\/www.radiopiu.net\/wordpress\/wp-content\/uploads\/2022\/05\/b7ecf45d-ae9d-42fc-8a88-6b8d015d7c4e-1536x894.jpg 1536w, https:\/\/www.radiopiu.net\/wordpress\/wp-content\/uploads\/2022\/05\/b7ecf45d-ae9d-42fc-8a88-6b8d015d7c4e.jpg 1600w\" sizes=\"auto, (max-width: 300px) 100vw, 300px\" \/><\/a>\n\t\t\t\t<\/dt><\/dl><dl class='gallery-item'>\n\t\t\t\t<dt class='gallery-icon landscape'>\n\t\t\t\t\t<a class=\"rollover rollover-zoom dt-pswp-item\" title=\"1ea862d6-2e13-4a01-a15f-d59e581bb579\" data-dt-img-description=\"\" data-large_image_width=\"1500\" data-large_image_height=\"844\"href='https:\/\/www.radiopiu.net\/wordpress\/wp-content\/uploads\/2022\/05\/1ea862d6-2e13-4a01-a15f-d59e581bb579.jpg'><img loading=\"lazy\" decoding=\"async\" width=\"300\" height=\"169\" src=\"https:\/\/www.radiopiu.net\/wordpress\/wp-content\/uploads\/2022\/05\/1ea862d6-2e13-4a01-a15f-d59e581bb579-300x169.jpg\" class=\"attachment-medium size-medium\" alt=\"\" srcset=\"https:\/\/www.radiopiu.net\/wordpress\/wp-content\/uploads\/2022\/05\/1ea862d6-2e13-4a01-a15f-d59e581bb579-300x169.jpg 300w, https:\/\/www.radiopiu.net\/wordpress\/wp-content\/uploads\/2022\/05\/1ea862d6-2e13-4a01-a15f-d59e581bb579-1024x576.jpg 1024w, https:\/\/www.radiopiu.net\/wordpress\/wp-content\/uploads\/2022\/05\/1ea862d6-2e13-4a01-a15f-d59e581bb579-768x432.jpg 768w, https:\/\/www.radiopiu.net\/wordpress\/wp-content\/uploads\/2022\/05\/1ea862d6-2e13-4a01-a15f-d59e581bb579.jpg 1500w\" sizes=\"auto, (max-width: 300px) 100vw, 300px\" \/><\/a>\n\t\t\t\t<\/dt><\/dl><dl class='gallery-item'>\n\t\t\t\t<dt class='gallery-icon landscape'>\n\t\t\t\t\t<a class=\"rollover rollover-zoom dt-pswp-item\" title=\"4e247f65-7c39-4148-ba54-19485ecd5f6f\" data-dt-img-description=\"\" data-large_image_width=\"1580\" data-large_image_height=\"1479\"href='https:\/\/www.radiopiu.net\/wordpress\/wp-content\/uploads\/2022\/05\/4e247f65-7c39-4148-ba54-19485ecd5f6f.jpg'><img loading=\"lazy\" decoding=\"async\" width=\"300\" height=\"281\" src=\"https:\/\/www.radiopiu.net\/wordpress\/wp-content\/uploads\/2022\/05\/4e247f65-7c39-4148-ba54-19485ecd5f6f-300x281.jpg\" class=\"attachment-medium size-medium\" alt=\"\" srcset=\"https:\/\/www.radiopiu.net\/wordpress\/wp-content\/uploads\/2022\/05\/4e247f65-7c39-4148-ba54-19485ecd5f6f-300x281.jpg 300w, https:\/\/www.radiopiu.net\/wordpress\/wp-content\/uploads\/2022\/05\/4e247f65-7c39-4148-ba54-19485ecd5f6f-1024x959.jpg 1024w, https:\/\/www.radiopiu.net\/wordpress\/wp-content\/uploads\/2022\/05\/4e247f65-7c39-4148-ba54-19485ecd5f6f-768x719.jpg 768w, https:\/\/www.radiopiu.net\/wordpress\/wp-content\/uploads\/2022\/05\/4e247f65-7c39-4148-ba54-19485ecd5f6f-1536x1438.jpg 1536w, https:\/\/www.radiopiu.net\/wordpress\/wp-content\/uploads\/2022\/05\/4e247f65-7c39-4148-ba54-19485ecd5f6f.jpg 1580w\" sizes=\"auto, (max-width: 300px) 100vw, 300px\" \/><\/a>\n\t\t\t\t<\/dt><\/dl><br style=\"clear: both\" \/>\n\t\t\t<\/div>\n\n<p>&nbsp;<\/p>\n<p><span style=\"color: #ff0000;\"><strong>IERI ALLA RADIO\u00a0<\/strong><\/span><\/p>\n<p>&nbsp;<\/p>\n<blockquote>\n<h3>STAMATTINA L&#8217;ECLISSE&#8230;PER POCHI INTIMI<\/h3>\n<\/blockquote>\n<p><strong><a class=\"dt-pswp-item\" href=\"https:\/\/www.radiopiu.net\/wordpress\/wp-content\/uploads\/2022\/05\/0e391761-6336-4be6-a508-282b36d3a432.jpg\" data-dt-img-description=\"\" data-large_image_width=\"685\" data-large_image_height=\"472\"><img loading=\"lazy\" decoding=\"async\" class=\"alignleft wp-image-275721 \" src=\"https:\/\/www.radiopiu.net\/wordpress\/wp-content\/uploads\/2022\/05\/0e391761-6336-4be6-a508-282b36d3a432-300x207.jpg\" alt=\"\" width=\"197\" height=\"136\" srcset=\"https:\/\/www.radiopiu.net\/wordpress\/wp-content\/uploads\/2022\/05\/0e391761-6336-4be6-a508-282b36d3a432-300x207.jpg 300w, https:\/\/www.radiopiu.net\/wordpress\/wp-content\/uploads\/2022\/05\/0e391761-6336-4be6-a508-282b36d3a432.jpg 685w\" sizes=\"auto, (max-width: 197px) 100vw, 197px\" \/><\/a>di Claudio Pra<\/strong><\/p>\n<p>Eclisse per pochi intimi (meteo permettendo) quella di luned\u00ec mattina all&#8217; alba, per l&#8217;orario antelucano, l&#8217;altezza in cielo molto limitata della Luna al momento dell&#8217;evento e il giorno infrasettimanale che non favorir\u00e0 una grande partecipazione. Sar\u00e0 un&#8217;eclisse totale, che durante la fase pi\u00f9 spettacolare, quella della totalit\u00e0, da noi risulter\u00e0 osservabile per pochi minuti. Andando con ordine l&#8217; entrata dell&#8217;ombra sul globo lunare avverr\u00e0 verso le 4.30 mentre un&#8217;ora dopo, alle 5.29, l&#8217;oscuramento sar\u00e0 totale. La Luna completamente eclissata sar\u00e0 osservabile solo per una decina di minuti, dopodich\u00e9 il nostro satellite naturale tramonter\u00e1 in concomitanza con la levata del Sole. Chi non vorr\u00e0 perdersi l&#8217;evento dovr\u00e0 avere a disposizione un luogo dall&#8217; orizzonte molto ampio verso ovest-sudovest e sperare nell&#8217; ottima trasparenza del cielo. Un&#8217;eclisse dunque piuttosto complicata, ma poter assistere al tramonto della Luna rossa tra le Dolomiti illuminate dal primo Sole \u00e8 straordinario.<\/p>\n<p>&nbsp;<\/p>\n<hr \/>\n<p>&nbsp;<\/p>\n<blockquote>\n<h3><a class=\"dt-pswp-item\" href=\"https:\/\/www.radiopiu.net\/wordpress\/wp-content\/uploads\/2022\/05\/57079675_1909263132513129_4795482160242884608_n.jpg\" data-dt-img-description=\"\" data-large_image_width=\"960\" data-large_image_height=\"539\"><img loading=\"lazy\" decoding=\"async\" class=\"size-thumbnail wp-image-276004 alignleft\" src=\"https:\/\/www.radiopiu.net\/wordpress\/wp-content\/uploads\/2022\/05\/57079675_1909263132513129_4795482160242884608_n-150x150.jpg\" alt=\"\" width=\"150\" height=\"150\" \/><\/a>L&#8217;EVENTO: PER RICORDARE TIX<\/h3>\n<\/blockquote>\n<p><strong>FALCADE<\/strong> Festival live rock davanti al BAR da FLORA, con esibizione di band, amici\/musicisti, tutti insieme per ricordare ed onorare Tix e tutto quello che ci ha dato.. WORK IN PROGRESS&#8230; Prossime novita&#8217; a riguardo sull&#8217; evento.<\/p>\n<p>&nbsp;<\/p>\n<p>&nbsp;<\/p>\n<hr \/>\n<p>&nbsp;<\/p>\n<blockquote>\n<h3>LA SFILATA SUL BROI DI AGORDO CON &#8220;INTIMO E MODA DA LAURA&#8221;<\/h3>\n<\/blockquote>\n<p><strong>AGORDO<\/strong> In un pomeriggio baciato dal sole e dal caldo \u00e8 andata in scena ieri la sfilata organizzata da &#8220;Intimo e Moda Da Laura&#8221;. Sul palco allestito sul Broi sono stati presentati i capi per l&#8217;estate.<\/p>\n<p><strong>LA FOTOGALLERY<\/strong><\/p>\n\n\t\t\t<style type='text\/css'>\n\t\t\t\t#gallery-8 {\n\t\t\t\t\tmargin: auto;\n\t\t\t\t}\n\t\t\t\t#gallery-8 .gallery-item {\n\t\t\t\t\tfloat: left;\n\t\t\t\t\tmargin-top: 10px;\n\t\t\t\t\ttext-align: center;\n\t\t\t\t\twidth: 14%;\n\t\t\t\t}\n\t\t\t\t#gallery-8 img {\n\t\t\t\t\tborder: 2px solid #cfcfcf;\n\t\t\t\t}\n\t\t\t\t#gallery-8 .gallery-caption {\n\t\t\t\t\tmargin-left: 0;\n\t\t\t\t}\n\t\t\t\t\/* see gallery_shortcode() in wp-includes\/media.php *\/\n\t\t\t<\/style>\n\t\t<div id='gallery-8' class='dt-gallery-container gallery galleryid-275664 gallery-columns-7 gallery-size-thumbnail'><dl class='gallery-item'>\n\t\t\t\t<dt class='gallery-icon landscape'>\n\t\t\t\t\t<a class=\"rollover rollover-zoom dt-pswp-item\" title=\"7b1bfdc3-ccf5-414a-ac56-6da7f2164d5a\" data-dt-img-description=\"\" data-large_image_width=\"2048\" data-large_image_height=\"1152\"href='https:\/\/www.radiopiu.net\/wordpress\/wp-content\/uploads\/2022\/05\/7b1bfdc3-ccf5-414a-ac56-6da7f2164d5a.jpg'><img loading=\"lazy\" decoding=\"async\" width=\"150\" height=\"150\" src=\"https:\/\/www.radiopiu.net\/wordpress\/wp-content\/uploads\/2022\/05\/7b1bfdc3-ccf5-414a-ac56-6da7f2164d5a-150x150.jpg\" class=\"attachment-thumbnail size-thumbnail\" alt=\"\" \/><\/a>\n\t\t\t\t<\/dt><\/dl><dl class='gallery-item'>\n\t\t\t\t<dt class='gallery-icon portrait'>\n\t\t\t\t\t<a class=\"rollover rollover-zoom dt-pswp-item\" title=\"20b6f6b2-e95d-49ad-9ea0-9cfb9d4b3c13\" data-dt-img-description=\"\" data-large_image_width=\"1536\" data-large_image_height=\"2048\"href='https:\/\/www.radiopiu.net\/wordpress\/wp-content\/uploads\/2022\/05\/20b6f6b2-e95d-49ad-9ea0-9cfb9d4b3c13.jpg'><img loading=\"lazy\" decoding=\"async\" width=\"150\" height=\"150\" src=\"https:\/\/www.radiopiu.net\/wordpress\/wp-content\/uploads\/2022\/05\/20b6f6b2-e95d-49ad-9ea0-9cfb9d4b3c13-150x150.jpg\" class=\"attachment-thumbnail size-thumbnail\" alt=\"\" \/><\/a>\n\t\t\t\t<\/dt><\/dl><dl class='gallery-item'>\n\t\t\t\t<dt class='gallery-icon landscape'>\n\t\t\t\t\t<a class=\"rollover rollover-zoom dt-pswp-item\" title=\"ee400c84-c2cc-4df2-9803-23ab1d03ee98\" data-dt-img-description=\"\" data-large_image_width=\"2048\" data-large_image_height=\"1536\"href='https:\/\/www.radiopiu.net\/wordpress\/wp-content\/uploads\/2022\/05\/ee400c84-c2cc-4df2-9803-23ab1d03ee98.jpg'><img loading=\"lazy\" decoding=\"async\" width=\"150\" height=\"150\" src=\"https:\/\/www.radiopiu.net\/wordpress\/wp-content\/uploads\/2022\/05\/ee400c84-c2cc-4df2-9803-23ab1d03ee98-150x150.jpg\" class=\"attachment-thumbnail size-thumbnail\" alt=\"\" \/><\/a>\n\t\t\t\t<\/dt><\/dl><dl class='gallery-item'>\n\t\t\t\t<dt class='gallery-icon landscape'>\n\t\t\t\t\t<a class=\"rollover rollover-zoom dt-pswp-item\" title=\"3796e9a2-1cf5-4656-a6cb-42dc1be19f61\" data-dt-img-description=\"\" data-large_image_width=\"2048\" data-large_image_height=\"1536\"href='https:\/\/www.radiopiu.net\/wordpress\/wp-content\/uploads\/2022\/05\/3796e9a2-1cf5-4656-a6cb-42dc1be19f61.jpg'><img loading=\"lazy\" decoding=\"async\" width=\"150\" height=\"150\" src=\"https:\/\/www.radiopiu.net\/wordpress\/wp-content\/uploads\/2022\/05\/3796e9a2-1cf5-4656-a6cb-42dc1be19f61-150x150.jpg\" class=\"attachment-thumbnail size-thumbnail\" alt=\"\" \/><\/a>\n\t\t\t\t<\/dt><\/dl><dl class='gallery-item'>\n\t\t\t\t<dt class='gallery-icon landscape'>\n\t\t\t\t\t<a class=\"rollover rollover-zoom dt-pswp-item\" title=\"7935f356-450a-41c7-9db4-0e7005f5e42b\" data-dt-img-description=\"\" data-large_image_width=\"2048\" data-large_image_height=\"1152\"href='https:\/\/www.radiopiu.net\/wordpress\/wp-content\/uploads\/2022\/05\/7935f356-450a-41c7-9db4-0e7005f5e42b.jpg'><img loading=\"lazy\" decoding=\"async\" width=\"150\" height=\"150\" src=\"https:\/\/www.radiopiu.net\/wordpress\/wp-content\/uploads\/2022\/05\/7935f356-450a-41c7-9db4-0e7005f5e42b-150x150.jpg\" class=\"attachment-thumbnail size-thumbnail\" alt=\"\" \/><\/a>\n\t\t\t\t<\/dt><\/dl><dl class='gallery-item'>\n\t\t\t\t<dt class='gallery-icon landscape'>\n\t\t\t\t\t<a class=\"rollover rollover-zoom dt-pswp-item\" title=\"a53c3b6d-4e9c-421a-a609-76e096c6e087\" data-dt-img-description=\"\" data-large_image_width=\"2048\" data-large_image_height=\"1152\"href='https:\/\/www.radiopiu.net\/wordpress\/wp-content\/uploads\/2022\/05\/a53c3b6d-4e9c-421a-a609-76e096c6e087.jpg'><img loading=\"lazy\" decoding=\"async\" width=\"150\" height=\"150\" src=\"https:\/\/www.radiopiu.net\/wordpress\/wp-content\/uploads\/2022\/05\/a53c3b6d-4e9c-421a-a609-76e096c6e087-150x150.jpg\" class=\"attachment-thumbnail size-thumbnail\" alt=\"\" \/><\/a>\n\t\t\t\t<\/dt><\/dl><dl class='gallery-item'>\n\t\t\t\t<dt class='gallery-icon landscape'>\n\t\t\t\t\t<a class=\"rollover rollover-zoom dt-pswp-item\" title=\"9d47aa28-b4c2-4b04-a22e-0d3dbf0d582e\" data-dt-img-description=\"\" data-large_image_width=\"2048\" data-large_image_height=\"1152\"href='https:\/\/www.radiopiu.net\/wordpress\/wp-content\/uploads\/2022\/05\/9d47aa28-b4c2-4b04-a22e-0d3dbf0d582e.jpg'><img loading=\"lazy\" decoding=\"async\" width=\"150\" height=\"150\" src=\"https:\/\/www.radiopiu.net\/wordpress\/wp-content\/uploads\/2022\/05\/9d47aa28-b4c2-4b04-a22e-0d3dbf0d582e-150x150.jpg\" class=\"attachment-thumbnail size-thumbnail\" alt=\"\" \/><\/a>\n\t\t\t\t<\/dt><\/dl><br style=\"clear: both\" \/><dl class='gallery-item'>\n\t\t\t\t<dt class='gallery-icon landscape'>\n\t\t\t\t\t<a class=\"rollover rollover-zoom dt-pswp-item\" title=\"ae16908b-0a5e-4372-a010-8029bd427c1f\" data-dt-img-description=\"\" data-large_image_width=\"2048\" data-large_image_height=\"1152\"href='https:\/\/www.radiopiu.net\/wordpress\/wp-content\/uploads\/2022\/05\/ae16908b-0a5e-4372-a010-8029bd427c1f.jpg'><img loading=\"lazy\" decoding=\"async\" width=\"150\" height=\"150\" src=\"https:\/\/www.radiopiu.net\/wordpress\/wp-content\/uploads\/2022\/05\/ae16908b-0a5e-4372-a010-8029bd427c1f-150x150.jpg\" class=\"attachment-thumbnail size-thumbnail\" alt=\"\" \/><\/a>\n\t\t\t\t<\/dt><\/dl><dl class='gallery-item'>\n\t\t\t\t<dt class='gallery-icon landscape'>\n\t\t\t\t\t<a class=\"rollover rollover-zoom dt-pswp-item\" title=\"09493096-9298-4088-9dc4-e54376c84ff9\" data-dt-img-description=\"\" data-large_image_width=\"2048\" data-large_image_height=\"1536\"href='https:\/\/www.radiopiu.net\/wordpress\/wp-content\/uploads\/2022\/05\/09493096-9298-4088-9dc4-e54376c84ff9.jpg'><img loading=\"lazy\" decoding=\"async\" width=\"150\" height=\"150\" src=\"https:\/\/www.radiopiu.net\/wordpress\/wp-content\/uploads\/2022\/05\/09493096-9298-4088-9dc4-e54376c84ff9-150x150.jpg\" class=\"attachment-thumbnail size-thumbnail\" alt=\"\" \/><\/a>\n\t\t\t\t<\/dt><\/dl><dl class='gallery-item'>\n\t\t\t\t<dt class='gallery-icon portrait'>\n\t\t\t\t\t<a class=\"rollover rollover-zoom dt-pswp-item\" title=\"b247f704-a6e5-4e4e-a735-4db2c612208a\" data-dt-img-description=\"\" data-large_image_width=\"1536\" data-large_image_height=\"2048\"href='https:\/\/www.radiopiu.net\/wordpress\/wp-content\/uploads\/2022\/05\/b247f704-a6e5-4e4e-a735-4db2c612208a.jpg'><img loading=\"lazy\" decoding=\"async\" width=\"150\" height=\"150\" src=\"https:\/\/www.radiopiu.net\/wordpress\/wp-content\/uploads\/2022\/05\/b247f704-a6e5-4e4e-a735-4db2c612208a-150x150.jpg\" class=\"attachment-thumbnail size-thumbnail\" alt=\"\" \/><\/a>\n\t\t\t\t<\/dt><\/dl><dl class='gallery-item'>\n\t\t\t\t<dt class='gallery-icon landscape'>\n\t\t\t\t\t<a class=\"rollover rollover-zoom dt-pswp-item\" title=\"f0e33547-7830-4627-a860-90ade8e1fe66\" data-dt-img-description=\"\" data-large_image_width=\"2048\" data-large_image_height=\"1536\"href='https:\/\/www.radiopiu.net\/wordpress\/wp-content\/uploads\/2022\/05\/f0e33547-7830-4627-a860-90ade8e1fe66.jpg'><img loading=\"lazy\" decoding=\"async\" width=\"150\" height=\"150\" src=\"https:\/\/www.radiopiu.net\/wordpress\/wp-content\/uploads\/2022\/05\/f0e33547-7830-4627-a860-90ade8e1fe66-150x150.jpg\" class=\"attachment-thumbnail size-thumbnail\" alt=\"\" \/><\/a>\n\t\t\t\t<\/dt><\/dl><dl class='gallery-item'>\n\t\t\t\t<dt class='gallery-icon landscape'>\n\t\t\t\t\t<a class=\"rollover rollover-zoom dt-pswp-item\" title=\"bc95d432-d213-4a7e-91f2-196d9b4a2c87\" data-dt-img-description=\"\" data-large_image_width=\"2048\" data-large_image_height=\"1152\"href='https:\/\/www.radiopiu.net\/wordpress\/wp-content\/uploads\/2022\/05\/bc95d432-d213-4a7e-91f2-196d9b4a2c87.jpg'><img loading=\"lazy\" decoding=\"async\" width=\"150\" height=\"150\" src=\"https:\/\/www.radiopiu.net\/wordpress\/wp-content\/uploads\/2022\/05\/bc95d432-d213-4a7e-91f2-196d9b4a2c87-150x150.jpg\" class=\"attachment-thumbnail size-thumbnail\" alt=\"\" \/><\/a>\n\t\t\t\t<\/dt><\/dl><dl class='gallery-item'>\n\t\t\t\t<dt class='gallery-icon landscape'>\n\t\t\t\t\t<a class=\"rollover rollover-zoom dt-pswp-item\" title=\"1b102244-1c13-4b3a-96a6-017b86809504\" data-dt-img-description=\"\" data-large_image_width=\"2048\" data-large_image_height=\"1536\"href='https:\/\/www.radiopiu.net\/wordpress\/wp-content\/uploads\/2022\/05\/1b102244-1c13-4b3a-96a6-017b86809504.jpg'><img loading=\"lazy\" decoding=\"async\" width=\"150\" height=\"150\" src=\"https:\/\/www.radiopiu.net\/wordpress\/wp-content\/uploads\/2022\/05\/1b102244-1c13-4b3a-96a6-017b86809504-150x150.jpg\" class=\"attachment-thumbnail size-thumbnail\" alt=\"\" \/><\/a>\n\t\t\t\t<\/dt><\/dl><dl class='gallery-item'>\n\t\t\t\t<dt class='gallery-icon landscape'>\n\t\t\t\t\t<a class=\"rollover rollover-zoom dt-pswp-item\" title=\"d5cd48f4-869a-42a3-988b-8f8742c14f4b\" data-dt-img-description=\"\" data-large_image_width=\"2048\" data-large_image_height=\"1536\"href='https:\/\/www.radiopiu.net\/wordpress\/wp-content\/uploads\/2022\/05\/d5cd48f4-869a-42a3-988b-8f8742c14f4b.jpg'><img loading=\"lazy\" decoding=\"async\" width=\"150\" height=\"150\" src=\"https:\/\/www.radiopiu.net\/wordpress\/wp-content\/uploads\/2022\/05\/d5cd48f4-869a-42a3-988b-8f8742c14f4b-150x150.jpg\" class=\"attachment-thumbnail size-thumbnail\" alt=\"\" \/><\/a>\n\t\t\t\t<\/dt><\/dl><br style=\"clear: both\" \/>\n\t\t\t<\/div>\n\n<p>&nbsp;<\/p>\n<p><strong>IL VIDEO<\/strong><\/p>\n<div style=\"width: 720px;\" class=\"wp-video\"><video class=\"wp-video-shortcode\" id=\"video-275664-3\" width=\"720\" height=\"480\" preload=\"metadata\" controls=\"controls\"><source type=\"video\/mp4\" src=\"https:\/\/www.radiopiu.net\/wordpress\/wp-content\/uploads\/2022\/05\/Il-mio-filmato-1-2.mp4?_=3\" \/><a href=\"https:\/\/www.radiopiu.net\/wordpress\/wp-content\/uploads\/2022\/05\/Il-mio-filmato-1-2.mp4\">https:\/\/www.radiopiu.net\/wordpress\/wp-content\/uploads\/2022\/05\/Il-mio-filmato-1-2.mp4<\/a><\/video><\/div>\n<p>&nbsp;<\/p>\n<hr \/>\n<p>&nbsp;<\/p>\n<blockquote>\n<h3>UN CAPITOLO FRA LE &#8220;PICCOLE GRANDI STORIE DI EMIGRANTI&#8221; DI POCCHIESA-FORNARO-VIO ESALTA IL LAVORO DEI SEGGIOLAI<\/h3>\n<\/blockquote>\n<p><strong>DI RENATO BONA<\/strong><\/p>\n<p>Non poteva certo mancare ed \u00e8 infatti regolarmente presente nel libro &#8220;Piccole grandi storie di emigranti&#8221; opera di tre cari amici: Ivano Pocchiesa (purtroppo mancato), Mario Fornaro ed Aduo Vio, che lo hanno realizzato nel dicembre 1991 con Media Diffusion e Agenzia Polaris &#8211; uno spazio dedicato ad una componente importante del mondo del lavoro bellunese, quella dei seggiolai. Ed ecco dunque il capitolo &#8220;I seggiolai (fine &#8216;700)&#8221;, che si apre con una immagine che reca la dicitura: &#8220;I seggiolai. In una foto tutti gli strumenti per il lavoro di una vita&#8230;&#8221;. Accostata ad una interessante sottolineatura: &#8220;Gli esperti del mondo lavorativo ed economico del duemila stimolano i giovani a &#8216;inventare&#8217; il lavoro dopo avere intuito i bisogni della societ\u00e0 che cambia. Questi esperti resterebbero oltremodo stupiti se qualcuno li informasse che il loro appello \u00e8 stato colto&#8230; due secoli prima che fosse lanciato&#8221;. Sottolineano quindi che fra i precursori dei tempi, un posto di rilievo spetta infatti di diritto ai seggiolai, inventori della sedia impagliata. E ricordano che sono conosciuti nell&#8217;Agordino, patria di elezione dell&#8217;attivit\u00e0 come &#8220;conze&#8221; o &#8220;conza&#8221; e nel resto della provincia di Belluno nonch\u00e9 in gran parte del Veneto, come &#8220;caregheta&#8221;. Protagonisti di &#8220;un mestiere antico, che ha trovato radici nelle diverse aree della miseria bellunese a partire da un paio di secoli fa. Era un mestiere che presupponeva l&#8217;emigrazione &#8216;itinerante&#8217;: ogni giorno i seggiolai si spostavano da un paese all&#8217;altro, a piedi, col carretto, in bicicletta a seconda dei periodi storici. Prendevano le &#8216;commissioni&#8217;, costruivano le sedie in poche ore, consegnavano, ricevevano il compenso pattuito e partivano per nuovi mercati'&#8221;. Inevitabilmente, il progresso, nuove comodit\u00e0, mestieri nuovi, meno faticosi e meglio pagati e, perch\u00e8 no? il diminuito spirito di sacrificio, hanno &#8220;fatto giustizia dei seggiolai vecchio stampo&#8221;. secondo Pocchiesa-Fornaro-Vio &#8220;Con la sua storia di sudori, il seggiolaio \u00e8 finito nel dimenticatoio collettivo&#8221; cibservandoi dooo nei suoi ricordi il brutto e il bello di una porofessione difficile, avara, amara che tuttavia serv\u00ec nell&#8217;arco di un paio di secoli a far sbarcare il lunario in modo autonomo e dignitoso ad una componente non trascurabile della societ\u00e0. Da registrare, come puntualmente hanno fatto i tre bravi autori, il momento, sia pure effimero di gloria per i seggiolai quando, nel 1978, sono stati fra gli ospiti-protagonisti della famosa tramissione televisiva &#8220;Portobello&#8221; dell&#8217;indimenticato Enzo Tortora da dove part\u00ec l&#8217;appello di un loro collega toscano ai seggiolai &#8220;inventori&#8221; di Tiser, frazione del comune agordino di Gosaldo, per una iniziativa volta a propiziare la strada dell&#8217;apprendistato per i giovani che trov\u00f2 riscontro a Rivamonte Agordino con la disponibilit\u00e0 a collaborare dei rari &#8220;conza&#8221; ancora viventi. Perch\u00e9 fosse impedita la definitiva scomparsa del mestiere che a loro volta avevano ereditato da nonni e bisnonni. Ed \u00e8 proprio per concorrere alla conservasione quantomeno della memoria storica che la benemerita insegnante Anna Rosson, di Rivamonte Agordino &#8220;a cavallo degli anni &#8217;80 ha compiuto una ricerca approfondita, ascoltando dalla viva voce dei &#8216;conza&#8217; ancora in vita, i ricordi tramandati di generazione in generazione&#8221; ricavandone lo studio intitolato &#8220;Alla ricerca delle radici&#8221; che di seguito \u00e8 stato proposto nel libro e che si conclude con il capitolo dedicato allo &#8220;scapelament&#8221; cio\u00e8 il gergo creato dai &#8220;conze&#8221; che lo usavano nei paesi e nelle regioni dove temevano di essere compresi facilmente. Il gergo infatti &#8220;\u00e8 un parlare a s\u00e9, creato di proposito per essere usato, con &#8216;animus occultandi&#8217; da un numero limitato di personer che, per ragioni di esistenza e di mestiere, hanno instabile dimora e se ne servono a scopo di difesa contro terzi&#8221;. Su iuqesto gergo &#8211; si precisa infine &#8211; ha fatto ricerche interessanti Ugo Pellis, insegnante glottologo, su informazioni di don Mos\u00e8 Selle, natiovo di Tiser. Si pensa che sia nato proprio a Tiser circa 200 anni fa e si sia poi diffuso a Don, Sagron, Mis e successivamente a Rivamonte dove, secondo il Pellis, &#8220;\u00e8 stato appreso solo in parte e anche male&#8221;.<\/p>\n\n\t\t\t<style type='text\/css'>\n\t\t\t\t#gallery-9 {\n\t\t\t\t\tmargin: auto;\n\t\t\t\t}\n\t\t\t\t#gallery-9 .gallery-item {\n\t\t\t\t\tfloat: left;\n\t\t\t\t\tmargin-top: 10px;\n\t\t\t\t\ttext-align: center;\n\t\t\t\t\twidth: 25%;\n\t\t\t\t}\n\t\t\t\t#gallery-9 img {\n\t\t\t\t\tborder: 2px solid #cfcfcf;\n\t\t\t\t}\n\t\t\t\t#gallery-9 .gallery-caption {\n\t\t\t\t\tmargin-left: 0;\n\t\t\t\t}\n\t\t\t\t\/* see gallery_shortcode() in wp-includes\/media.php *\/\n\t\t\t<\/style>\n\t\t<div id='gallery-9' class='dt-gallery-container gallery galleryid-275664 gallery-columns-4 gallery-size-thumbnail'><dl class='gallery-item'>\n\t\t\t\t<dt class='gallery-icon landscape'>\n\t\t\t\t\t<a class=\"rollover\" href='https:\/\/www.radiopiu.net\/wordpress\/giornale-radiopiu-16-maggio-2022-direttore-mirko-mezzacasa\/280708550_539720604457186_5022263569705365599_n\/'><img loading=\"lazy\" decoding=\"async\" width=\"150\" height=\"150\" src=\"https:\/\/www.radiopiu.net\/wordpress\/wp-content\/uploads\/2022\/05\/280708550_539720604457186_5022263569705365599_n-150x150.jpg\" class=\"attachment-thumbnail size-thumbnail\" alt=\"\" \/><\/a>\n\t\t\t\t<\/dt><\/dl><dl class='gallery-item'>\n\t\t\t\t<dt class='gallery-icon landscape'>\n\t\t\t\t\t<a class=\"rollover\" href='https:\/\/www.radiopiu.net\/wordpress\/giornale-radiopiu-16-maggio-2022-direttore-mirko-mezzacasa\/281578316_526384562310161_1960401617645010142_n\/'><img loading=\"lazy\" decoding=\"async\" width=\"150\" height=\"150\" src=\"https:\/\/www.radiopiu.net\/wordpress\/wp-content\/uploads\/2022\/05\/281578316_526384562310161_1960401617645010142_n-150x150.jpg\" class=\"attachment-thumbnail size-thumbnail\" alt=\"\" \/><\/a>\n\t\t\t\t<\/dt><\/dl><dl class='gallery-item'>\n\t\t\t\t<dt class='gallery-icon portrait'>\n\t\t\t\t\t<a class=\"rollover\" href='https:\/\/www.radiopiu.net\/wordpress\/giornale-radiopiu-16-maggio-2022-direttore-mirko-mezzacasa\/280437283_527254028932401_3744319939254184964_n\/'><img loading=\"lazy\" decoding=\"async\" width=\"150\" height=\"150\" src=\"https:\/\/www.radiopiu.net\/wordpress\/wp-content\/uploads\/2022\/05\/280437283_527254028932401_3744319939254184964_n-150x150.jpg\" class=\"attachment-thumbnail size-thumbnail\" alt=\"\" \/><\/a>\n\t\t\t\t<\/dt><\/dl><dl class='gallery-item'>\n\t\t\t\t<dt class='gallery-icon portrait'>\n\t\t\t\t\t<a class=\"rollover\" href='https:\/\/www.radiopiu.net\/wordpress\/giornale-radiopiu-16-maggio-2022-direttore-mirko-mezzacasa\/280467965_368560098645027_3439862674916536946_n\/'><img loading=\"lazy\" decoding=\"async\" width=\"150\" height=\"150\" src=\"https:\/\/www.radiopiu.net\/wordpress\/wp-content\/uploads\/2022\/05\/280467965_368560098645027_3439862674916536946_n-150x150.jpg\" class=\"attachment-thumbnail size-thumbnail\" alt=\"\" \/><\/a>\n\t\t\t\t<\/dt><\/dl><br style=\"clear: both\" \/><dl class='gallery-item'>\n\t\t\t\t<dt class='gallery-icon portrait'>\n\t\t\t\t\t<a class=\"rollover\" href='https:\/\/www.radiopiu.net\/wordpress\/giornale-radiopiu-16-maggio-2022-direttore-mirko-mezzacasa\/280385004_1357663541412960_1509057270508607659_n\/'><img loading=\"lazy\" decoding=\"async\" width=\"150\" height=\"150\" src=\"https:\/\/www.radiopiu.net\/wordpress\/wp-content\/uploads\/2022\/05\/280385004_1357663541412960_1509057270508607659_n-150x150.jpg\" class=\"attachment-thumbnail size-thumbnail\" alt=\"\" \/><\/a>\n\t\t\t\t<\/dt><\/dl><dl class='gallery-item'>\n\t\t\t\t<dt class='gallery-icon landscape'>\n\t\t\t\t\t<a class=\"rollover\" href='https:\/\/www.radiopiu.net\/wordpress\/giornale-radiopiu-16-maggio-2022-direttore-mirko-mezzacasa\/281041087_320021466954872_8500296500250834490_n\/'><img loading=\"lazy\" decoding=\"async\" width=\"150\" height=\"150\" src=\"https:\/\/www.radiopiu.net\/wordpress\/wp-content\/uploads\/2022\/05\/281041087_320021466954872_8500296500250834490_n-150x150.jpg\" class=\"attachment-thumbnail size-thumbnail\" alt=\"\" \/><\/a>\n\t\t\t\t<\/dt><\/dl><dl class='gallery-item'>\n\t\t\t\t<dt class='gallery-icon landscape'>\n\t\t\t\t\t<a class=\"rollover\" href='https:\/\/www.radiopiu.net\/wordpress\/giornale-radiopiu-16-maggio-2022-direttore-mirko-mezzacasa\/280848926_398085512034572_2932634892002761302_n\/'><img loading=\"lazy\" decoding=\"async\" width=\"150\" height=\"150\" src=\"https:\/\/www.radiopiu.net\/wordpress\/wp-content\/uploads\/2022\/05\/280848926_398085512034572_2932634892002761302_n-150x150.jpg\" class=\"attachment-thumbnail size-thumbnail\" alt=\"\" \/><\/a>\n\t\t\t\t<\/dt><\/dl><dl class='gallery-item'>\n\t\t\t\t<dt class='gallery-icon landscape'>\n\t\t\t\t\t<a class=\"rollover\" href='https:\/\/www.radiopiu.net\/wordpress\/giornale-radiopiu-16-maggio-2022-direttore-mirko-mezzacasa\/281157451_313831517594173_5971827929998334671_n\/'><img loading=\"lazy\" decoding=\"async\" width=\"150\" height=\"150\" src=\"https:\/\/www.radiopiu.net\/wordpress\/wp-content\/uploads\/2022\/05\/281157451_313831517594173_5971827929998334671_n-150x150.jpg\" class=\"attachment-thumbnail size-thumbnail\" alt=\"\" \/><\/a>\n\t\t\t\t<\/dt><\/dl><br style=\"clear: both\" \/><dl class='gallery-item'>\n\t\t\t\t<dt class='gallery-icon landscape'>\n\t\t\t\t\t<a class=\"rollover\" href='https:\/\/www.radiopiu.net\/wordpress\/giornale-radiopiu-16-maggio-2022-direttore-mirko-mezzacasa\/280626968_382602183794044_5207752357465038720_n\/'><img loading=\"lazy\" decoding=\"async\" width=\"150\" height=\"150\" src=\"https:\/\/www.radiopiu.net\/wordpress\/wp-content\/uploads\/2022\/05\/280626968_382602183794044_5207752357465038720_n-150x150.jpg\" class=\"attachment-thumbnail size-thumbnail\" alt=\"\" \/><\/a>\n\t\t\t\t<\/dt><\/dl><dl class='gallery-item'>\n\t\t\t\t<dt class='gallery-icon landscape'>\n\t\t\t\t\t<a class=\"rollover\" href='https:\/\/www.radiopiu.net\/wordpress\/giornale-radiopiu-16-maggio-2022-direttore-mirko-mezzacasa\/281112275_573693997358114_6302912446974023999_n\/'><img loading=\"lazy\" decoding=\"async\" width=\"150\" height=\"150\" src=\"https:\/\/www.radiopiu.net\/wordpress\/wp-content\/uploads\/2022\/05\/281112275_573693997358114_6302912446974023999_n-150x150.jpg\" class=\"attachment-thumbnail size-thumbnail\" alt=\"\" \/><\/a>\n\t\t\t\t<\/dt><\/dl><dl class='gallery-item'>\n\t\t\t\t<dt class='gallery-icon landscape'>\n\t\t\t\t\t<a class=\"rollover\" href='https:\/\/www.radiopiu.net\/wordpress\/giornale-radiopiu-16-maggio-2022-direttore-mirko-mezzacasa\/280372617_1170975260383983_6132071421804346367_n\/'><img loading=\"lazy\" decoding=\"async\" width=\"150\" height=\"150\" src=\"https:\/\/www.radiopiu.net\/wordpress\/wp-content\/uploads\/2022\/05\/280372617_1170975260383983_6132071421804346367_n-150x150.jpg\" class=\"attachment-thumbnail size-thumbnail\" alt=\"\" \/><\/a>\n\t\t\t\t<\/dt><\/dl><dl class='gallery-item'>\n\t\t\t\t<dt class='gallery-icon landscape'>\n\t\t\t\t\t<a class=\"rollover\" href='https:\/\/www.radiopiu.net\/wordpress\/giornale-radiopiu-16-maggio-2022-direttore-mirko-mezzacasa\/280606600_903643533815878_600027347494729624_n\/'><img loading=\"lazy\" decoding=\"async\" width=\"150\" height=\"150\" src=\"https:\/\/www.radiopiu.net\/wordpress\/wp-content\/uploads\/2022\/05\/280606600_903643533815878_600027347494729624_n-150x150.jpg\" class=\"attachment-thumbnail size-thumbnail\" alt=\"\" \/><\/a>\n\t\t\t\t<\/dt><\/dl><br style=\"clear: both\" \/>\n\t\t\t<\/div>\n\n<p>&nbsp;<\/p>\n<p>NELLE FOTO (riproduzioni dai libri: &#8220;Piccole grandi storie di emigranti&#8221;, &#8220;Rivamonte&#8221; e &#8220;Riva de na \u00f2lta&#8221; e foto Zanfron): seggiolai di fine &#8216;700&#8217;; Ferruccio De Bernard al lavoro; attimo di sosta per tre &#8220;conze&#8221;: Mario Moretto, Bepi Bosol e Miro da Velchesina; ragazze &#8220;conza&#8221; con i maestri seggiolai: Renata Laveder, Daniele Fossen, Lidia Zanin; altri &#8220;conza&#8221; al lavoro; &#8220;conze&#8221; a Saronno negli anni &#8217;20: Giovanni Fossen, Vittore Schena, Antonio e Giacomo Zanin, Pietro Schena; Cesare Rosson, Attilio Laveder e P\u00f2po dei Casenove &#8220;conze&#8221; in centro Italia; Milano 1925: si riconoscono Giso Schena, P\u00e8p, Giuseppe Schena, Gino Fossen; 1926: &#8220;conze&#8221; da Riva che &#8220;va a sbatoci\u00e0&#8221;nella Pianura Veneta; &#8220;careghete&#8221; di Riva in Lipona, Francia, negli anni &#8217;30, fra gli altri: Gianni dei Bi\u00e9i ed Arcangelo Casera; aprile 1934 a Paesana nella Valle del Po: B\u00e8pi B\u00f2sol e il fratello Giacom\u00e9to con Paolo, Domenico e Pasquale Da Costa, infine: Santo Del Din.<\/p>\n<p>&nbsp;<\/p>\n<hr \/>\n<p>&nbsp;<\/p>\n<h2><span style=\"color: #ff0000;\">IERI ALLA RADIO\u00a0<\/span><\/h2>\n<h2><strong><a class=\"dt-pswp-item\" href=\"https:\/\/www.radiopiu.net\/wordpress\/wp-content\/uploads\/2020\/12\/DON-GIORGIO-LISE.jpg\" data-dt-img-description=\"\" data-large_image_width=\"1600\" data-large_image_height=\"901\"><img loading=\"lazy\" decoding=\"async\" class=\"size-thumbnail wp-image-177420 alignleft\" src=\"https:\/\/www.radiopiu.net\/wordpress\/wp-content\/uploads\/2020\/12\/DON-GIORGIO-LISE-150x150.jpg\" alt=\"\" width=\"150\" height=\"150\" \/><\/a><\/strong><span style=\"color: #3366ff;\">DUE MINUTI PER TE<\/span><\/h2>\n<p><strong>APPUNTAMENTO DELLA DOMENICA CON DON GIORGIO LISE<\/strong><\/p>\n<audio class=\"wp-audio-shortcode\" id=\"audio-275664-7\" preload=\"none\" style=\"width: 100%;\" controls=\"controls\"><source type=\"audio\/mpeg\" src=\"https:\/\/www.radiopiu.net\/wordpress\/wp-content\/uploads\/2022\/05\/DON-GIORGIO.mp3?_=7\" \/><a href=\"https:\/\/www.radiopiu.net\/wordpress\/wp-content\/uploads\/2022\/05\/DON-GIORGIO.mp3\">https:\/\/www.radiopiu.net\/wordpress\/wp-content\/uploads\/2022\/05\/DON-GIORGIO.mp3<\/a><\/audio>\n<p>&nbsp;<\/p>\n<hr \/>\n<p>&nbsp;<\/p>\n<h2><span style=\"color: #008080;\">SALUTE &amp; SOCIETA&#8217;<\/span><\/h2>\n<p><strong>LA RACCOLTA<\/strong><\/p>\n<blockquote class=\"wp-embedded-content\" data-secret=\"r406Sph55m\"><p><a href=\"https:\/\/www.radiopiu.net\/wordpress\/saluteesocieta\/\">Salute e Societ\u00e0<\/a><\/p><\/blockquote>\n<p><iframe loading=\"lazy\" class=\"wp-embedded-content\" sandbox=\"allow-scripts\" security=\"restricted\" style=\"position: absolute; clip: rect(1px, 1px, 1px, 1px);\" title=\"&#8220;Salute e Societ\u00e0&#8221; &#8212; Radio Pi\u00f9\" src=\"https:\/\/www.radiopiu.net\/wordpress\/saluteesocieta\/embed\/#?secret=2I00Om83Zk#?secret=r406Sph55m\" data-secret=\"r406Sph55m\" width=\"600\" height=\"338\" frameborder=\"0\" marginwidth=\"0\" marginheight=\"0\" scrolling=\"no\"><\/iframe><\/p>\n<p>&nbsp;<\/p>\n<hr \/>\n<p>&nbsp;<\/p>\n<h3>CONOSCIAMO I NOSTRI GIOVANI E I LORO IMPEGNI NEL MONDO, CON IL MUSLA<\/h3>\n<p>&nbsp;<\/p>\n<p><a class=\"dt-pswp-item\" href=\"https:\/\/www.radiopiu.net\/wordpress\/wp-content\/uploads\/2022\/05\/88da3416-c2fc-4190-b350-97f523c5a953.jpg\" data-dt-img-description=\"\" data-large_image_width=\"805\" data-large_image_height=\"799\"><img loading=\"lazy\" decoding=\"async\" class=\"alignleft wp-image-274955 \" src=\"https:\/\/www.radiopiu.net\/wordpress\/wp-content\/uploads\/2022\/05\/88da3416-c2fc-4190-b350-97f523c5a953.jpg\" alt=\"\" width=\"181\" height=\"179\" srcset=\"https:\/\/www.radiopiu.net\/wordpress\/wp-content\/uploads\/2022\/05\/88da3416-c2fc-4190-b350-97f523c5a953.jpg 805w, https:\/\/www.radiopiu.net\/wordpress\/wp-content\/uploads\/2022\/05\/88da3416-c2fc-4190-b350-97f523c5a953-300x298.jpg 300w, https:\/\/www.radiopiu.net\/wordpress\/wp-content\/uploads\/2022\/05\/88da3416-c2fc-4190-b350-97f523c5a953-768x762.jpg 768w\" sizes=\"auto, (max-width: 181px) 100vw, 181px\" \/><\/a><\/p>\n<p>&nbsp;<\/p>\n<p>NICOLA CASSISI DI AGORDO<\/p>\n<p><strong>intervista di Davide Conedera\u00a0\u00a0<\/strong><\/p>\n<audio class=\"wp-audio-shortcode\" id=\"audio-275664-8\" preload=\"none\" style=\"width: 100%;\" controls=\"controls\"><source type=\"audio\/mpeg\" src=\"https:\/\/www.radiopiu.net\/wordpress\/wp-content\/uploads\/2022\/05\/NICOLA-CASSISI-MUSLA-SECONDA-PUNTATA-2022-DI-DAVIDE-CONEDERA.mp3?_=8\" \/><a href=\"https:\/\/www.radiopiu.net\/wordpress\/wp-content\/uploads\/2022\/05\/NICOLA-CASSISI-MUSLA-SECONDA-PUNTATA-2022-DI-DAVIDE-CONEDERA.mp3\">https:\/\/www.radiopiu.net\/wordpress\/wp-content\/uploads\/2022\/05\/NICOLA-CASSISI-MUSLA-SECONDA-PUNTATA-2022-DI-DAVIDE-CONEDERA.mp3<\/a><\/audio>\n<p>&nbsp;<\/p>\n<p>&nbsp;<\/p>\n<p>&nbsp;<\/p>\n<p><strong>LA RACCOLTA COMPLETA<\/strong><\/p>\n<blockquote class=\"wp-embedded-content\" data-secret=\"qzQ9atP6Nz\"><p><a href=\"https:\/\/www.radiopiu.net\/wordpress\/agora-agordina-la-nosta-piaza\/\">AGORA&#8217; AGORDINA&#8230; LA NOSTA PIAZA LADINA RACCOLTA COMPLETA PRIMA STAGIONE<\/a><\/p><\/blockquote>\n<p><iframe loading=\"lazy\" class=\"wp-embedded-content\" sandbox=\"allow-scripts\" security=\"restricted\" style=\"position: absolute; clip: rect(1px, 1px, 1px, 1px);\" title=\"&#8220;AGORA&#8217; AGORDINA&#8230; LA NOSTA PIAZA LADINA RACCOLTA COMPLETA PRIMA STAGIONE&#8221; &#8212; Radio Pi\u00f9\" src=\"https:\/\/www.radiopiu.net\/wordpress\/agora-agordina-la-nosta-piaza\/embed\/#?secret=3Gy7JjA4hv#?secret=qzQ9atP6Nz\" data-secret=\"qzQ9atP6Nz\" width=\"600\" height=\"338\" frameborder=\"0\" marginwidth=\"0\" marginheight=\"0\" scrolling=\"no\"><\/iframe><\/p>\n<p>&nbsp;<\/p>\n<p>&nbsp;<\/p>\n<hr \/>\n<p>&nbsp;<\/p>\n<h2><span style=\"color: #ff00ff;\">007 IN CONDOTTA CON LA PROF. MARIA ROSA SALMAZO<\/span><\/h2>\n<h3 class=\"kvgmc6g5 cxmmr5t8 oygrvhab hcukyx3x c1et5uql\"><span style=\"color: #0000ff;\"><strong>INFORMAZIONE il canale su TELEGRAM informazione di prima mano e in tempo reale. iscriviti ed aiutaci a farlo conoscere\u00a0 \u00a0<\/strong><\/span><\/h3>\n<p><strong>LA RACCOLTA COMPLETA\u00a0<\/strong><\/p>\n<blockquote class=\"wp-embedded-content\" data-secret=\"eTRyow1YFU\"><p><a href=\"https:\/\/www.radiopiu.net\/wordpress\/007incondotta-9\/\">007 in condotta<\/a><\/p><\/blockquote>\n<p><iframe loading=\"lazy\" class=\"wp-embedded-content\" sandbox=\"allow-scripts\" security=\"restricted\" style=\"position: absolute; clip: rect(1px, 1px, 1px, 1px);\" title=\"&#8220;007 in condotta&#8221; &#8212; Radio Pi\u00f9\" src=\"https:\/\/www.radiopiu.net\/wordpress\/007incondotta-9\/embed\/#?secret=bvqZFCvgNK#?secret=eTRyow1YFU\" data-secret=\"eTRyow1YFU\" width=\"600\" height=\"338\" frameborder=\"0\" marginwidth=\"0\" marginheight=\"0\" scrolling=\"no\"><\/iframe><\/p>\n<p>&nbsp;<\/p>\n<p>&nbsp;<\/p>\n<hr \/>\n<p>&nbsp;<\/p>\n<h2><span style=\"color: #800080;\">STORIE A QUATTROCCHI\u00a0<\/span><\/h2>\n<p><strong>LA RACCOLTA COMPLETA\u00a0<\/strong><\/p>\n<blockquote class=\"wp-embedded-content\" data-secret=\"i12QFVWMWM\"><p><a href=\"https:\/\/www.radiopiu.net\/wordpress\/storie-a-quattrocchi\/\">Storie a quattrocchi<\/a><\/p><\/blockquote>\n<p><iframe loading=\"lazy\" class=\"wp-embedded-content\" sandbox=\"allow-scripts\" security=\"restricted\" style=\"position: absolute; clip: rect(1px, 1px, 1px, 1px);\" title=\"&#8220;Storie a quattrocchi&#8221; &#8212; Radio Pi\u00f9\" src=\"https:\/\/www.radiopiu.net\/wordpress\/storie-a-quattrocchi\/embed\/#?secret=QupSsB7aRO#?secret=i12QFVWMWM\" data-secret=\"i12QFVWMWM\" width=\"600\" height=\"338\" frameborder=\"0\" marginwidth=\"0\" marginheight=\"0\" scrolling=\"no\"><\/iframe><\/p>\n<p>&nbsp;<\/p>\n<hr \/>\n<p>&nbsp;<\/p>\n<h2><\/h2>\n<h2><\/h2>\n<h2><span style=\"color: #008080;\">&#8220;DINTORN E FORA VIA&#8221; A CURA DEL MUSLA, IL NUOVO PROGRAMMA\u00a0<\/span><\/h2>\n<p><strong>LA RACCOLTA COMPLETA<\/strong><\/p>\n<blockquote class=\"wp-embedded-content\" data-secret=\"jfyuN9WFIW\"><p><a href=\"https:\/\/www.radiopiu.net\/wordpress\/musla\/\">MUSLA<\/a><\/p><\/blockquote>\n<p><iframe loading=\"lazy\" class=\"wp-embedded-content\" sandbox=\"allow-scripts\" security=\"restricted\" style=\"position: absolute; clip: rect(1px, 1px, 1px, 1px);\" title=\"&#8220;MUSLA&#8221; &#8212; Radio Pi\u00f9\" src=\"https:\/\/www.radiopiu.net\/wordpress\/musla\/embed\/#?secret=Nq8ARMIbA4#?secret=jfyuN9WFIW\" data-secret=\"jfyuN9WFIW\" width=\"600\" height=\"338\" frameborder=\"0\" marginwidth=\"0\" marginheight=\"0\" scrolling=\"no\"><\/iframe><\/p>\n<p>&nbsp;<\/p>\n<hr \/>\n<p>&nbsp;<\/p>\n<div>\n<div class=\"b654a4as d2edcug0\">\n<div class=\"rq0escxv hkbzh7o3 jwdofwj8 n8tt0mok r8blr3vg hyh9befq\">\n<p><a class=\"dt-pswp-item\" href=\"https:\/\/www.radiopiu.net\/wordpress\/wp-content\/uploads\/2020\/10\/pp.jpg\" data-dt-img-description=\"\" data-large_image_width=\"640\" data-large_image_height=\"640\"><img loading=\"lazy\" decoding=\"async\" class=\"wp-image-163678 alignleft\" src=\"https:\/\/www.radiopiu.net\/wordpress\/wp-content\/uploads\/2020\/10\/pp-300x300.jpg\" alt=\"\" width=\"106\" height=\"106\" srcset=\"https:\/\/www.radiopiu.net\/wordpress\/wp-content\/uploads\/2020\/10\/pp-300x300.jpg 300w, https:\/\/www.radiopiu.net\/wordpress\/wp-content\/uploads\/2020\/10\/pp-150x150.jpg 150w, https:\/\/www.radiopiu.net\/wordpress\/wp-content\/uploads\/2020\/10\/pp-125x125.jpg 125w, https:\/\/www.radiopiu.net\/wordpress\/wp-content\/uploads\/2020\/10\/pp-200x200.jpg 200w, https:\/\/www.radiopiu.net\/wordpress\/wp-content\/uploads\/2020\/10\/pp-80x80.jpg 80w, https:\/\/www.radiopiu.net\/wordpress\/wp-content\/uploads\/2020\/10\/pp-480x480.jpg 480w, https:\/\/www.radiopiu.net\/wordpress\/wp-content\/uploads\/2020\/10\/pp.jpg 640w\" sizes=\"auto, (max-width: 106px) 100vw, 106px\" \/><\/a><\/p>\n<\/div>\n<\/div>\n<\/div>\n<div>\n<div class=\"page-title-head hgroup\">\n<div class=\"page-title-head hgroup\">\n<div class=\"b654a4as d2edcug0\">\n<div class=\"j83agx80 btwxx1t3 lhclo0ds hop8lmos nkwizq5d scwd0bx6 roh60bw9\">\n<div class=\"rq0escxv hkbzh7o3 jwdofwj8 n8tt0mok r8blr3vg hyh9befq\">\n<div class=\"do00u71z l9j0dhe7 k4urcfbm\">\n<h2><span style=\"color: #000080;\">DON CESARE, IL PENSIERO DEL GIORNO. ALLA RADIO ALLE 7 DEL MATTINO E ALLE 19.30 DELLA SERA.\u00a0<\/span><\/h2>\n<audio class=\"wp-audio-shortcode\" id=\"audio-275664-9\" preload=\"none\" style=\"width: 100%;\" controls=\"controls\"><source type=\"audio\/mpeg\" src=\"https:\/\/www.radiopiu.net\/wordpress\/wp-content\/uploads\/2022\/05\/CESARE-5.mp3?_=9\" \/><a href=\"https:\/\/www.radiopiu.net\/wordpress\/wp-content\/uploads\/2022\/05\/CESARE-5.mp3\">https:\/\/www.radiopiu.net\/wordpress\/wp-content\/uploads\/2022\/05\/CESARE-5.mp3<\/a><\/audio>\n<\/div>\n<\/div>\n<\/div>\n<\/div>\n<\/div>\n<\/div>\n<\/div>\n<p>&nbsp;<\/p>\n<p>&nbsp;<\/p>\n<p>&nbsp;<\/p>\n<hr \/>\n<p>&nbsp;<\/p>\n<div class=\"do00u71z l9j0dhe7 k4urcfbm\">\n<div class=\"page-title-head hgroup\">\n<div class=\"page-title-head hgroup\">\n<div class=\"b654a4as d2edcug0\">\n<div class=\"j83agx80 btwxx1t3 lhclo0ds hop8lmos nkwizq5d scwd0bx6 roh60bw9\">\n<div class=\"rq0escxv hkbzh7o3 jwdofwj8 n8tt0mok r8blr3vg hyh9befq\">\n<div class=\"do00u71z l9j0dhe7 k4urcfbm\">\n<div class=\"page-title-head hgroup\">\n<div class=\"page-title-head hgroup\">\n<div class=\"b654a4as d2edcug0\">\n<div class=\"j83agx80 btwxx1t3 lhclo0ds hop8lmos nkwizq5d scwd0bx6 roh60bw9\">\n<div class=\"rq0escxv hkbzh7o3 jwdofwj8 n8tt0mok r8blr3vg hyh9befq\">\n<div class=\"do00u71z l9j0dhe7 k4urcfbm\">\n<div class=\"ecm0bbzt e5nlhep0 a8c37x1j\">\n<div class=\"kvgmc6g5 cxmmr5t8 oygrvhab hcukyx3x c1et5uql\">\n<div class=\"gmail-kvgmc6g5 gmail-cxmmr5t8 gmail-oygrvhab gmail-hcukyx3x gmail-c1et5uql gmail-ii04i59q\">\n<div class=\"page-title-head hgroup\">\n<div class=\"page-title-head hgroup\">\n<div class=\"b654a4as d2edcug0\">\n<div class=\"j83agx80 btwxx1t3 lhclo0ds hop8lmos nkwizq5d scwd0bx6 roh60bw9\">\n<div class=\"rq0escxv hkbzh7o3 jwdofwj8 n8tt0mok r8blr3vg hyh9befq\">\n<div class=\"do00u71z l9j0dhe7 k4urcfbm\">\n<div class=\"page-title-head hgroup\">\n<div class=\"page-title-head hgroup\">\n<div class=\"b654a4as d2edcug0\">\n<div class=\"j83agx80 btwxx1t3 lhclo0ds hop8lmos nkwizq5d scwd0bx6 roh60bw9\">\n<div class=\"rq0escxv hkbzh7o3 jwdofwj8 n8tt0mok r8blr3vg hyh9befq\">\n<div class=\"do00u71z l9j0dhe7 k4urcfbm\">\n<div class=\"page-title-head hgroup\">\n<div class=\"page-title-head hgroup\">\n<div class=\"b654a4as d2edcug0\">\n<div class=\"j83agx80 btwxx1t3 lhclo0ds hop8lmos nkwizq5d scwd0bx6 roh60bw9\">\n<div class=\"rq0escxv hkbzh7o3 jwdofwj8 n8tt0mok r8blr3vg hyh9befq\">\n<div class=\"do00u71z l9j0dhe7 k4urcfbm\">\n<div class=\"ecm0bbzt e5nlhep0 a8c37x1j\">\n<div class=\"kvgmc6g5 cxmmr5t8 oygrvhab hcukyx3x c1et5uql\">\n<div class=\"gmail-kvgmc6g5 gmail-cxmmr5t8 gmail-oygrvhab gmail-hcukyx3x gmail-c1et5uql gmail-ii04i59q\">\n<div class=\"page-title-head hgroup\">\n<div class=\"page-title-head hgroup\">\n<div class=\"b654a4as d2edcug0\">\n<div class=\"j83agx80 btwxx1t3 lhclo0ds hop8lmos nkwizq5d scwd0bx6 roh60bw9\">\n<div class=\"rq0escxv hkbzh7o3 jwdofwj8 n8tt0mok r8blr3vg hyh9befq\">\n<div class=\"do00u71z l9j0dhe7 k4urcfbm\">\n<blockquote>\n<h3><span style=\"color: #ff0000;\">IN VIVO VERSO,\u00a0 RIASCOLTIAMOLE DAL LUNEDI AL VENERDI ALLE 7.10, 10.10, 18 50<\/span><\/h3>\n<\/blockquote>\n<p><strong>LA RACCOLTA COMPLETA<\/strong><\/p>\n<blockquote class=\"wp-embedded-content\" data-secret=\"5OVN3txi81\"><p><a href=\"https:\/\/www.radiopiu.net\/wordpress\/in-vivo-verso\/\">In Vivo Verso<\/a><\/p><\/blockquote>\n<p><iframe loading=\"lazy\" class=\"wp-embedded-content\" sandbox=\"allow-scripts\" security=\"restricted\" style=\"position: absolute; clip: rect(1px, 1px, 1px, 1px);\" title=\"&#8220;In Vivo Verso&#8221; &#8212; Radio Pi\u00f9\" src=\"https:\/\/www.radiopiu.net\/wordpress\/in-vivo-verso\/embed\/#?secret=liD8YT8EK1#?secret=5OVN3txi81\" data-secret=\"5OVN3txi81\" width=\"600\" height=\"338\" frameborder=\"0\" marginwidth=\"0\" marginheight=\"0\" scrolling=\"no\"><\/iframe><\/p>\n<p>&nbsp;<\/p>\n<hr \/>\n<p>&nbsp;<\/p>\n<h3 class=\"entry-title\"><span style=\"color: #ff0000;\"><a href=\"https:\/\/www.radiopiu.net\/wordpress\/wp-content\/uploads\/2022\/04\/bustos-756620__340.webp\"><img loading=\"lazy\" decoding=\"async\" class=\" wp-image-271808 alignleft\" src=\"https:\/\/www.radiopiu.net\/wordpress\/wp-content\/uploads\/2022\/04\/bustos-756620__340-150x150.webp\" alt=\"\" width=\"94\" height=\"94\" \/><\/a>GOCCE DI FILOSOFIA<\/span><\/h3>\n<p><strong>\u00a0<\/strong><\/p>\n<p><strong>\u00a0<\/strong><strong>LA RACCOLTA COMPLETA<\/strong><\/p>\n<blockquote class=\"wp-embedded-content\" data-secret=\"cMlWWymKIt\"><p><a href=\"https:\/\/www.radiopiu.net\/wordpress\/gocce-filosofia\/\">Gocce di filosofia, PRIMA E SECONDA STAGIONE 2022<\/a><\/p><\/blockquote>\n<p><iframe loading=\"lazy\" class=\"wp-embedded-content\" sandbox=\"allow-scripts\" security=\"restricted\" style=\"position: absolute; clip: rect(1px, 1px, 1px, 1px);\" title=\"&#8220;Gocce di filosofia, PRIMA E SECONDA STAGIONE 2022&#8221; &#8212; Radio Pi\u00f9\" src=\"https:\/\/www.radiopiu.net\/wordpress\/gocce-filosofia\/embed\/#?secret=fxHZkSeU41#?secret=cMlWWymKIt\" data-secret=\"cMlWWymKIt\" width=\"600\" height=\"338\" frameborder=\"0\" marginwidth=\"0\" marginheight=\"0\" scrolling=\"no\"><\/iframe><\/p>\n<p>&nbsp;<\/p>\n<hr \/>\n<p>&nbsp;<\/p>\n<p><span style=\"color: #0000ff;\">MUSICA PIU&#8217;\u00a0<\/span><\/p>\n<p><a href=\"https:\/\/www.radiopiu.net\/wordpress\/giornale-radiopiu-20-settembre-2021-direttore-mirko-mezzacasa\/pp-79\/\" rel=\"attachment wp-att-232921\"><img loading=\"lazy\" decoding=\"async\" class=\"wp-image-232921 alignleft\" src=\"https:\/\/www.radiopiu.net\/wordpress\/wp-content\/uploads\/2021\/09\/pp-1-300x300.jpg\" alt=\"\" width=\"135\" height=\"135\" srcset=\"https:\/\/www.radiopiu.net\/wordpress\/wp-content\/uploads\/2021\/09\/pp-1-300x300.jpg 300w, https:\/\/www.radiopiu.net\/wordpress\/wp-content\/uploads\/2021\/09\/pp-1-150x150.jpg 150w, https:\/\/www.radiopiu.net\/wordpress\/wp-content\/uploads\/2021\/09\/pp-1.jpg 640w\" sizes=\"auto, (max-width: 135px) 100vw, 135px\" \/><\/a><\/p>\n<div class=\"mkdf-post-text\">\n<div class=\"mkdf-post-text-inner\">\n<div class=\"mkdf-post-text-main\">\n<div class=\"mkdf-post-text\">\n<div class=\"mkdf-post-text-inner\">\n<div class=\"mkdf-post-text-main\">\n<div class=\"mkdf-post-text\">\n<div class=\"mkdf-post-text-inner\">\n<div class=\"mkdf-post-text-main\">\n<div class=\"page-title-head hgroup\">\n<div class=\"page-title-head hgroup\">\n<div class=\"mkdf-post-text\">\n<div class=\"mkdf-post-text-inner\">\n<div class=\"mkdf-post-text-main\">\n<div class=\"mkdf-post-text\">\n<div class=\"mkdf-post-text-inner\">\n<div class=\"mkdf-post-text-main\">\n<div class=\"page-title-head hgroup\">\n<div class=\"page-title-head hgroup\">\n<div class=\"page-title-head hgroup\">\n<div class=\"page-title-head hgroup\">\n<div class=\"b654a4as d2edcug0\">\n<div class=\"page-title-head hgroup\">\n<div class=\"page-title-head hgroup\">\n<div class=\"page-title-head hgroup\">\n<div class=\"page-title-head hgroup\">\n<div class=\"b654a4as d2edcug0\">\n<div class=\"page-title-head hgroup\">\n<div class=\"page-title-head hgroup\">\n<div class=\"page-title-head hgroup\">\n<div class=\"page-title-head hgroup\">\n<div class=\"b654a4as d2edcug0\">\n<div class=\"mkdf-post-text\">\n<div class=\"mkdf-post-text-inner\">\n<div class=\"mkdf-post-text-main\">\n<div class=\"mkdf-post-text\">\n<div class=\"mkdf-post-text-inner\">\n<div class=\"mkdf-post-text-main\">\n<div class=\"mkdf-post-text\">\n<div class=\"mkdf-post-text-inner\">\n<div class=\"mkdf-post-text-main\">\n<div class=\"page-title-head hgroup\">\n<div class=\"page-title-head hgroup\">\n<div class=\"mkdf-post-text\">\n<div class=\"mkdf-post-text-inner\">\n<div class=\"mkdf-post-text-main\">\n<div class=\"mkdf-post-text\">\n<div class=\"mkdf-post-text-inner\">\n<div class=\"mkdf-post-text-main\">\n<div class=\"page-title-head hgroup\">\n<div class=\"page-title-head hgroup\">\n<div class=\"page-title-head hgroup\">\n<div class=\"page-title-head hgroup\">\n<div class=\"b654a4as d2edcug0\">\n<div class=\"page-title-head hgroup\">\n<div class=\"page-title-head hgroup\">\n<div class=\"page-title-head hgroup\">\n<div class=\"page-title-head hgroup\">\n<div class=\"b654a4as d2edcug0\">\n<div class=\"page-title-head hgroup\">\n<div class=\"page-title-head hgroup\">\n<div class=\"page-title-head hgroup\">\n<div class=\"page-title-head hgroup\">\n<div class=\"b654a4as d2edcug0\">\n<div><\/div>\n<div><\/div>\n<div>\n<p><strong>MUSICA ALLA RADIO, IL PROGRAMMA DI LORIS SCUSSEL &#8220;COLLAGE OPERAZIONE NOSTALGIA&#8221; DAL LUNEDI AL VENERDI ALLE 16.00\u00a0 E ALLE 23\u00a0<\/strong><\/p>\n<p>&nbsp;<\/p>\n<\/div>\n<p>&nbsp;<\/p>\n<p><strong><a class=\"dt-pswp-item\" href=\"https:\/\/www.radiopiu.net\/wordpress\/wp-content\/uploads\/2022\/05\/Ben-E-King.jpg\" data-dt-img-description=\"\" data-large_image_width=\"200\" data-large_image_height=\"198\"><img loading=\"lazy\" decoding=\"async\" class=\"size-thumbnail wp-image-275829 alignleft\" src=\"https:\/\/www.radiopiu.net\/wordpress\/wp-content\/uploads\/2022\/05\/Ben-E-King-150x150.jpg\" alt=\"\" width=\"150\" height=\"150\" srcset=\"https:\/\/www.radiopiu.net\/wordpress\/wp-content\/uploads\/2022\/05\/Ben-E-King-150x150.jpg 150w, https:\/\/www.radiopiu.net\/wordpress\/wp-content\/uploads\/2022\/05\/Ben-E-King.jpg 200w\" sizes=\"auto, (max-width: 150px) 100vw, 150px\" \/><\/a>di Loris Scussel<\/strong><\/p>\n<p>La settimana di Collage operazione nostalgia si aprir\u00e0 all\u2019insegna del vento con una selezione di brani dedicati a questo fenomeno atmosferico, marted\u00ec e mercoled\u00ec proporremo successi internazionali degli anni 50 e 60 mentre gioved\u00ec e venerd\u00ec daremo spazio alla musica italiana con due puntate dedicate rispettivamente ai complessi ed ai cantautori. Collage va in onda dal luned\u00ec al venerd\u00ec alle 16,00 e alle 23,00 naturalmente su Radio Pi\u00f9.<\/p>\n<p>&nbsp;<\/p>\n<\/div>\n<p>&nbsp;<\/p>\n<p>&nbsp;<\/p>\n<div class=\"b654a4as d2edcug0\">\n<hr \/>\n<\/div>\n<\/div>\n<\/div>\n<\/div>\n<\/div>\n<\/div>\n<\/div>\n<\/div>\n<\/div>\n<\/div>\n<\/div>\n<\/div>\n<\/div>\n<\/div>\n<\/div>\n<\/div>\n<\/div>\n<\/div>\n<\/div>\n<\/div>\n<\/div>\n<\/div>\n<\/div>\n<\/div>\n<\/div>\n<\/div>\n<\/div>\n<\/div>\n<\/div>\n<\/div>\n<\/div>\n<\/div>\n<\/div>\n<\/div>\n<\/div>\n<\/div>\n<\/div>\n<\/div>\n<\/div>\n<\/div>\n<\/div>\n<\/div>\n<\/div>\n<\/div>\n<\/div>\n<\/div>\n<\/div>\n<\/div>\n<\/div>\n<\/div>\n<\/div>\n<\/div>\n<\/div>\n<\/div>\n<\/div>\n<\/div>\n<\/div>\n<\/div>\n<\/div>\n<\/div>\n<\/div>\n<\/div>\n<\/div>\n<\/div>\n<p>&nbsp;<\/p>\n<blockquote>\n<h3><span style=\"color: #0000ff;\">RADIO PIU INFORMAZIONE il canale su TELEGRAM informazione di prima mano e in tempo reale. iscriviti ed aiutaci a farlo conoscere\u00a0\u00a0<\/span><\/h3>\n<\/blockquote>\n<div>\n<div class=\"page-title-head hgroup\">\n<div class=\"page-title-head hgroup\">\n<div class=\"page-title-head hgroup\">\n<div class=\"page-title-head hgroup\">\n<div class=\"b654a4as d2edcug0\">\n<div class=\"page-title-head hgroup\">\n<div class=\"page-title-head hgroup\">\n<div class=\"page-title-head hgroup\">\n<div class=\"page-title-head hgroup\">\n<div class=\"b654a4as d2edcug0\">\n<div class=\"page-title-head hgroup\">\n<div class=\"page-title-head hgroup\">\n<div class=\"page-title-head hgroup\">\n<div class=\"page-title-head hgroup\">\n<div class=\"page-title-head hgroup\">\n<div class=\"page-title-head hgroup\">\n<div class=\"page-title-head hgroup\">\n<div class=\"page-title-head hgroup\">\n<div class=\"page-title-head hgroup\">\n<div class=\"b654a4as d2edcug0\">\n<div class=\"page-title-head hgroup\">\n<div class=\"page-title-head hgroup\">\n<div class=\"page-title-head hgroup\">\n<div class=\"page-title-head hgroup\">\n<div class=\"b654a4as d2edcug0\">\n<div><\/div>\n<div>\n<div class=\"page-title-head hgroup\">\n<div class=\"page-title-head hgroup\">\n<div class=\"page-title-head hgroup\">\n<div class=\"page-title-head hgroup\">\n<div class=\"page-title-head hgroup\">\n<div class=\"mkdf-post-text\">\n<div class=\"mkdf-post-text-inner\">\n<div class=\"mkdf-post-text-main\">\n<div class=\"mkdf-post-text\">\n<div class=\"mkdf-post-text-inner\">\n<div class=\"mkdf-post-text-main\">\n<div class=\"mkdf-post-text\">\n<div class=\"mkdf-post-text-inner\">\n<div class=\"mkdf-post-text-main\">\n<div class=\"page-title-head hgroup\">\n<div class=\"page-title-head hgroup\">\n<div class=\"mkdf-post-text\">\n<div class=\"mkdf-post-text-inner\">\n<div class=\"mkdf-post-text-main\">\n<div class=\"mkdf-post-text\">\n<div class=\"mkdf-post-text-inner\">\n<div class=\"mkdf-post-text-main\">\n<div class=\"page-title-head hgroup\">\n<div class=\"page-title-head hgroup\">\n<div class=\"page-title-head hgroup\">\n<div class=\"page-title-head hgroup\">\n<div class=\"b654a4as d2edcug0\">\n<div class=\"page-title-head hgroup\">\n<div class=\"page-title-head hgroup\">\n<div class=\"page-title-head hgroup\">\n<div class=\"page-title-head hgroup\">\n<div class=\"b654a4as d2edcug0\">\n<div class=\"page-title-head hgroup\">\n<div class=\"page-title-head hgroup\">\n<div class=\"page-title-head hgroup\">\n<p>&nbsp;<\/p>\n<div>\n<div class=\"page-title-head hgroup\">\n<div class=\"page-title-head hgroup\">\n<div class=\"b654a4as d2edcug0\">\n<div class=\"j83agx80 btwxx1t3 lhclo0ds hop8lmos nkwizq5d scwd0bx6 roh60bw9\">\n<div class=\"rq0escxv hkbzh7o3 jwdofwj8 n8tt0mok r8blr3vg hyh9befq\">\n<div class=\"do00u71z l9j0dhe7 k4urcfbm\">\n<div class=\"page-title-head hgroup\">\n<div class=\"page-title-head hgroup\">\n<div class=\"b654a4as d2edcug0\">\n<div class=\"j83agx80 btwxx1t3 lhclo0ds hop8lmos nkwizq5d scwd0bx6 roh60bw9\">\n<div class=\"rq0escxv hkbzh7o3 jwdofwj8 n8tt0mok r8blr3vg hyh9befq\">\n<div class=\"do00u71z l9j0dhe7 k4urcfbm\">\n<div class=\"ecm0bbzt e5nlhep0 a8c37x1j\">\n<div class=\"kvgmc6g5 cxmmr5t8 oygrvhab hcukyx3x c1et5uql\">\n<div class=\"gmail-kvgmc6g5 gmail-cxmmr5t8 gmail-oygrvhab gmail-hcukyx3x gmail-c1et5uql gmail-ii04i59q\">\n<div class=\"page-title-head hgroup\">\n<div class=\"page-title-head hgroup\">\n<div class=\"b654a4as d2edcug0\">\n<div class=\"j83agx80 btwxx1t3 lhclo0ds hop8lmos nkwizq5d scwd0bx6 roh60bw9\">\n<div class=\"rq0escxv hkbzh7o3 jwdofwj8 n8tt0mok r8blr3vg hyh9befq\">\n<div class=\"do00u71z l9j0dhe7 k4urcfbm\">\n<div class=\"page-title-head hgroup\">\n<div class=\"page-title-head hgroup\">\n<div class=\"b654a4as d2edcug0\">\n<div class=\"j83agx80 btwxx1t3 lhclo0ds hop8lmos nkwizq5d scwd0bx6 roh60bw9\">\n<div class=\"rq0escxv hkbzh7o3 jwdofwj8 n8tt0mok r8blr3vg hyh9befq\">\n<div class=\"do00u71z l9j0dhe7 k4urcfbm\">\n<div class=\"page-title-head hgroup\">\n<div class=\"page-title-head hgroup\">\n<div class=\"b654a4as d2edcug0\">\n<div class=\"j83agx80 btwxx1t3 lhclo0ds hop8lmos nkwizq5d scwd0bx6 roh60bw9\">\n<div class=\"rq0escxv hkbzh7o3 jwdofwj8 n8tt0mok r8blr3vg hyh9befq\">\n<div class=\"do00u71z l9j0dhe7 k4urcfbm\">\n<div class=\"ecm0bbzt e5nlhep0 a8c37x1j\">\n<div class=\"kvgmc6g5 cxmmr5t8 oygrvhab hcukyx3x c1et5uql\">\n<div class=\"gmail-kvgmc6g5 gmail-cxmmr5t8 gmail-oygrvhab gmail-hcukyx3x gmail-c1et5uql gmail-ii04i59q\">\n<div class=\"page-title-head hgroup\">\n<div class=\"page-title-head hgroup\">\n<div class=\"b654a4as d2edcug0\">\n<div class=\"j83agx80 btwxx1t3 lhclo0ds hop8lmos nkwizq5d scwd0bx6 roh60bw9\">\n<div class=\"rq0escxv hkbzh7o3 jwdofwj8 n8tt0mok r8blr3vg hyh9befq\">\n<div class=\"do00u71z l9j0dhe7 k4urcfbm\">\n<div class=\"page-title-head hgroup\">\n<div class=\"page-title-head hgroup\">\n<div class=\"page-title-head hgroup\">\n<div class=\"page-title-head hgroup\">\n<div class=\"b654a4as d2edcug0\">\n<div class=\"page-title-head hgroup\">\n<div class=\"page-title-head hgroup\">\n<div class=\"page-title-head hgroup\">\n<div class=\"page-title-head hgroup\">\n<div class=\"b654a4as d2edcug0\">\n<div class=\"page-title-head hgroup\">\n<div class=\"page-title-head hgroup\">\n<div class=\"page-title-head hgroup\">\n<div class=\"page-title-head hgroup\">\n<div class=\"page-title-head hgroup\">\n<div class=\"page-title-head hgroup\">\n<div class=\"page-title-head hgroup\">\n<div class=\"page-title-head hgroup\">\n<div class=\"page-title-head hgroup\">\n<div class=\"b654a4as d2edcug0\">\n<div class=\"page-title-head hgroup\">\n<div class=\"page-title-head hgroup\">\n<div class=\"page-title-head hgroup\">\n<div class=\"page-title-head hgroup\">\n<div class=\"b654a4as d2edcug0\">\n<div class=\"page-title-head hgroup\">\n<div class=\"page-title-head hgroup\">\n<div class=\"page-title-head hgroup\">\n<div class=\"page-title-head hgroup\">\n<div class=\"page-title-head hgroup\">\n<div class=\"mkdf-post-text\">\n<div class=\"mkdf-post-text-inner\">\n<div class=\"mkdf-post-text-main\">\n<div class=\"mkdf-post-text\">\n<div class=\"mkdf-post-text-inner\">\n<div class=\"mkdf-post-text-main\">\n<div class=\"mkdf-post-text\">\n<div class=\"mkdf-post-text-inner\">\n<div class=\"mkdf-post-text-main\">\n<div class=\"page-title-head hgroup\">\n<div class=\"page-title-head hgroup\">\n<div class=\"mkdf-post-text\">\n<div class=\"mkdf-post-text-inner\">\n<div class=\"mkdf-post-text-main\">\n<div class=\"mkdf-post-text\">\n<div class=\"mkdf-post-text-inner\">\n<div class=\"mkdf-post-text-main\">\n<div class=\"page-title-head hgroup\">\n<div class=\"page-title-head hgroup\">\n<div class=\"page-title-head hgroup\">\n<div class=\"page-title-head hgroup\">\n<div class=\"b654a4as d2edcug0\">\n<div class=\"page-title-head hgroup\">\n<div class=\"page-title-head hgroup\">\n<div class=\"page-title-head hgroup\">\n<div class=\"page-title-head hgroup\">\n<div class=\"b654a4as d2edcug0\">\n<div class=\"page-title-head hgroup\">\n<div class=\"page-title-head hgroup\">\n<div class=\"page-title-head hgroup\">\n<div class=\"page-title-head hgroup\">\n<div class=\"b654a4as d2edcug0\">\n<div class=\"ecm0bbzt e5nlhep0 a8c37x1j\">\n<div class=\"kvgmc6g5 cxmmr5t8 oygrvhab hcukyx3x c1et5uql\">\n<div class=\"gmail-kvgmc6g5 gmail-cxmmr5t8 gmail-oygrvhab gmail-hcukyx3x gmail-c1et5uql gmail-ii04i59q\">\n<div class=\"page-title-head hgroup\">\n<div class=\"page-title-head hgroup\">\n<div class=\"b654a4as d2edcug0\">\n<div class=\"j83agx80 btwxx1t3 lhclo0ds hop8lmos nkwizq5d scwd0bx6 roh60bw9\">\n<div class=\"rq0escxv hkbzh7o3 jwdofwj8 n8tt0mok r8blr3vg hyh9befq\">\n<div class=\"do00u71z l9j0dhe7 k4urcfbm\">\n<div class=\"page-title-head hgroup\">\n<div class=\"page-title-head hgroup\">\n<div class=\"page-title-head hgroup\">\n<div class=\"page-title-head hgroup\">\n<div class=\"b654a4as d2edcug0\">\n<div class=\"page-title-head hgroup\">\n<div class=\"page-title-head hgroup\">\n<div class=\"page-title-head hgroup\">\n<div class=\"page-title-head hgroup\">\n<div class=\"b654a4as d2edcug0\">\n<div class=\"page-title-head hgroup\">\n<div class=\"page-title-head hgroup\">\n<div class=\"page-title-head hgroup\">\n<div class=\"page-title-head hgroup\">\n<div class=\"page-title-head hgroup\">\n<div class=\"page-title-head hgroup\">\n<div class=\"page-title-head hgroup\">\n<div class=\"page-title-head hgroup\">\n<div class=\"page-title-head hgroup\">\n<div class=\"b654a4as d2edcug0\">\n<div class=\"page-title-head hgroup\">\n<div class=\"page-title-head hgroup\">\n<div class=\"page-title-head hgroup\">\n<div class=\"page-title-head hgroup\">\n<div class=\"b654a4as d2edcug0\">\n<div class=\"page-title-head hgroup\">\n<div class=\"page-title-head hgroup\">\n<div class=\"page-title-head hgroup\">\n<div class=\"page-title-head hgroup\">\n<div class=\"page-title-head hgroup\">\n<div class=\"mkdf-post-text\">\n<div class=\"mkdf-post-text-inner\">\n<div class=\"mkdf-post-text-main\">\n<div class=\"mkdf-post-text\">\n<div class=\"mkdf-post-text-inner\">\n<div class=\"mkdf-post-text-main\">\n<div class=\"mkdf-post-text\">\n<div class=\"mkdf-post-text-inner\">\n<div class=\"mkdf-post-text-main\">\n<div class=\"page-title-head hgroup\">\n<div class=\"page-title-head hgroup\">\n<div class=\"mkdf-post-text\">\n<div class=\"mkdf-post-text-inner\">\n<div class=\"mkdf-post-text-main\">\n<div class=\"mkdf-post-text\">\n<div class=\"mkdf-post-text-inner\">\n<div class=\"mkdf-post-text-main\">\n<div class=\"page-title-head hgroup\">\n<div class=\"page-title-head hgroup\">\n<div class=\"page-title-head hgroup\">\n<div class=\"page-title-head hgroup\">\n<div class=\"b654a4as d2edcug0\">\n<div class=\"page-title-head hgroup\">\n<div class=\"page-title-head hgroup\">\n<div class=\"page-title-head hgroup\">\n<div class=\"page-title-head hgroup\">\n<div class=\"b654a4as d2edcug0\">\n<div class=\"page-title-head hgroup\">\n<div class=\"page-title-head hgroup\">\n<div class=\"page-title-head hgroup\">\n<div class=\"page-title-head hgroup\">\n<div class=\"b654a4as d2edcug0\">\n<hr \/>\n<p>&nbsp;<\/p>\n<div>\n<p><strong>DUE MINUTI UN LIBRO, TUTTI I GIORNI ALLA RADIO ALLE 9.40 E ALLE 17.50\u00a0\u00a0<\/strong><\/p>\n<div>\n<div>\n<p><strong>LA RACCOLTA COMPLETA\u00a0\u00a0<\/strong><\/p>\n<\/div>\n<\/div>\n<\/div>\n<div class=\"mkdf-post-text\">\n<div class=\"mkdf-post-text-inner\">\n<div class=\"mkdf-post-text-main\">\n<div class=\"mkdf-post-text\">\n<div class=\"mkdf-post-text-inner\">\n<div class=\"mkdf-post-text-main\">\n<div class=\"mkdf-post-text\">\n<div class=\"mkdf-post-text-inner\">\n<div class=\"mkdf-post-text-main\">\n<div class=\"page-title-head hgroup\">\n<div class=\"page-title-head hgroup\">\n<div class=\"mkdf-post-text\">\n<div class=\"mkdf-post-text-inner\">\n<div class=\"mkdf-post-text-main\">\n<div class=\"mkdf-post-text\">\n<div class=\"mkdf-post-text-inner\">\n<div class=\"mkdf-post-text-main\">\n<div class=\"page-title-head hgroup\">\n<div class=\"page-title-head hgroup\">\n<div class=\"page-title-head hgroup\">\n<div class=\"page-title-head hgroup\">\n<div class=\"b654a4as d2edcug0\">\n<div class=\"page-title-head hgroup\">\n<div class=\"page-title-head hgroup\">\n<div class=\"page-title-head hgroup\">\n<div class=\"page-title-head hgroup\">\n<div class=\"b654a4as d2edcug0\">\n<div class=\"page-title-head hgroup\">\n<div class=\"page-title-head hgroup\">\n<div class=\"page-title-head hgroup\">\n<div class=\"page-title-head hgroup\">\n<div class=\"b654a4as d2edcug0\">\n<div>\n<blockquote class=\"wp-embedded-content\" data-secret=\"Rm59Tiibhj\"><p><a href=\"https:\/\/www.radiopiu.net\/wordpress\/due-minuti-un-libro\/\">Due minuti un libro<\/a><\/p><\/blockquote>\n<p><iframe loading=\"lazy\" class=\"wp-embedded-content\" sandbox=\"allow-scripts\" security=\"restricted\" style=\"position: absolute; clip: rect(1px, 1px, 1px, 1px);\" title=\"&#8220;Due minuti un libro&#8221; &#8212; Radio Pi\u00f9\" src=\"https:\/\/www.radiopiu.net\/wordpress\/due-minuti-un-libro\/embed\/#?secret=CRtmJrEVrS#?secret=Rm59Tiibhj\" data-secret=\"Rm59Tiibhj\" width=\"600\" height=\"338\" frameborder=\"0\" marginwidth=\"0\" marginheight=\"0\" scrolling=\"no\"><\/iframe><\/p>\n<p>&nbsp;<\/p>\n<\/div>\n<div>\n<hr \/>\n<p>&nbsp;<\/p>\n<\/div>\n<h2><span style=\"color: #808000;\">L&#8217;ALMANACCO LADINO\u00a0<\/span><\/h2>\n<p>&nbsp;<\/p>\n<p><strong>LA RACCOLTA<\/strong><\/p>\n<blockquote class=\"wp-embedded-content\" data-secret=\"WtBd7MHm86\"><p><a href=\"https:\/\/www.radiopiu.net\/wordpress\/almanacco-ladino\/\">Almanacco Ladino<\/a><\/p><\/blockquote>\n<p><iframe loading=\"lazy\" class=\"wp-embedded-content\" sandbox=\"allow-scripts\" security=\"restricted\" style=\"position: absolute; clip: rect(1px, 1px, 1px, 1px);\" title=\"&#8220;Almanacco Ladino&#8221; &#8212; Radio Pi\u00f9\" src=\"https:\/\/www.radiopiu.net\/wordpress\/almanacco-ladino\/embed\/#?secret=a8mH4oSlMl#?secret=WtBd7MHm86\" data-secret=\"WtBd7MHm86\" width=\"600\" height=\"338\" frameborder=\"0\" marginwidth=\"0\" marginheight=\"0\" scrolling=\"no\"><\/iframe><\/p>\n<hr \/>\n<h2><span style=\"color: #33cccc;\">\u00a0<\/span><\/h2>\n<h2><span style=\"color: #33cccc;\">LA RASSEGNA STAMPA DA L&#8217;AMICO DEL POPOLO<\/span><\/h2>\n<p><strong><a class=\"dt-pswp-item\" href=\"https:\/\/www.radiopiu.net\/wordpress\/wp-content\/uploads\/2020\/12\/SISTO.jpg\" data-dt-img-description=\"\" data-large_image_width=\"620\" data-large_image_height=\"340\"><img loading=\"lazy\" decoding=\"async\" class=\"size-thumbnail wp-image-181222 alignleft\" src=\"https:\/\/www.radiopiu.net\/wordpress\/wp-content\/uploads\/2020\/12\/SISTO-150x150.jpg\" alt=\"\" width=\"150\" height=\"150\" \/><\/a>di Gianni Santomaso<\/strong><\/p>\n<p>OSPITE: Sisto Da Roit<\/p>\n<audio class=\"wp-audio-shortcode\" id=\"audio-275664-10\" preload=\"none\" style=\"width: 100%;\" controls=\"controls\"><source type=\"audio\/mpeg\" src=\"https:\/\/www.radiopiu.net\/wordpress\/wp-content\/uploads\/2022\/05\/rassegna-gianni-per-sito.mp3?_=10\" \/><a href=\"https:\/\/www.radiopiu.net\/wordpress\/wp-content\/uploads\/2022\/05\/rassegna-gianni-per-sito.mp3\">https:\/\/www.radiopiu.net\/wordpress\/wp-content\/uploads\/2022\/05\/rassegna-gianni-per-sito.mp3<\/a><\/audio>\n<p>&nbsp;<\/p>\n<p><strong>LA RACCOLTA COMPLETA<\/strong><\/p>\n<blockquote class=\"wp-embedded-content\" data-secret=\"clzuZxH9G1\"><p><a href=\"https:\/\/www.radiopiu.net\/wordpress\/rassegna-stampa-di-gianni-santomaso\/\">Rassegna stampa da l&#8217;amico del popolo &#8211; di Gianni Santomaso<\/a><\/p><\/blockquote>\n<p><iframe loading=\"lazy\" class=\"wp-embedded-content\" sandbox=\"allow-scripts\" security=\"restricted\" style=\"position: absolute; clip: rect(1px, 1px, 1px, 1px);\" title=\"&#8220;Rassegna stampa da l&#8217;amico del popolo &#8211; di Gianni Santomaso&#8221; &#8212; Radio Pi\u00f9\" src=\"https:\/\/www.radiopiu.net\/wordpress\/rassegna-stampa-di-gianni-santomaso\/embed\/#?secret=YPBu6nU5a2#?secret=clzuZxH9G1\" data-secret=\"clzuZxH9G1\" width=\"600\" height=\"338\" frameborder=\"0\" marginwidth=\"0\" marginheight=\"0\" scrolling=\"no\"><\/iframe><\/p>\n<p>&nbsp;<\/p>\n<hr \/>\n<p>&nbsp;<\/p>\n<div>\n<div class=\"page-title-head hgroup\">\n<div class=\"page-title-head hgroup\">\n<div class=\"b654a4as d2edcug0\">\n<div class=\"j83agx80 btwxx1t3 lhclo0ds hop8lmos nkwizq5d scwd0bx6 roh60bw9\">\n<div class=\"rq0escxv hkbzh7o3 jwdofwj8 n8tt0mok r8blr3vg hyh9befq\">\n<div class=\"do00u71z l9j0dhe7 k4urcfbm\">\n<div class=\"ecm0bbzt e5nlhep0 a8c37x1j\">\n<div class=\"kvgmc6g5 cxmmr5t8 oygrvhab hcukyx3x c1et5uql\">\n<div class=\"gmail-kvgmc6g5 gmail-cxmmr5t8 gmail-oygrvhab gmail-hcukyx3x gmail-c1et5uql gmail-ii04i59q\">\n<div class=\"page-title-head hgroup\">\n<div class=\"page-title-head hgroup\">\n<div class=\"b654a4as d2edcug0\">\n<div class=\"j83agx80 btwxx1t3 lhclo0ds hop8lmos nkwizq5d scwd0bx6 roh60bw9\">\n<div class=\"rq0escxv hkbzh7o3 jwdofwj8 n8tt0mok r8blr3vg hyh9befq\">\n<div class=\"do00u71z l9j0dhe7 k4urcfbm\">\n<div class=\"page-title-head hgroup\">\n<div class=\"page-title-head hgroup\">\n<div class=\"page-title-head hgroup\">\n<div class=\"page-title-head hgroup\">\n<div class=\"b654a4as d2edcug0\">\n<div class=\"page-title-head hgroup\">\n<div class=\"page-title-head hgroup\">\n<div class=\"page-title-head hgroup\">\n<div class=\"page-title-head hgroup\">\n<div class=\"b654a4as d2edcug0\">\n<div class=\"page-title-head hgroup\">\n<div class=\"page-title-head hgroup\">\n<div class=\"page-title-head hgroup\">\n<div class=\"page-title-head hgroup\">\n<div class=\"page-title-head hgroup\">\n<div class=\"page-title-head hgroup\">\n<div class=\"page-title-head hgroup\">\n<div class=\"page-title-head hgroup\">\n<div class=\"page-title-head hgroup\">\n<div class=\"b654a4as d2edcug0\">\n<div class=\"page-title-head hgroup\">\n<div class=\"page-title-head hgroup\">\n<div class=\"page-title-head hgroup\">\n<div class=\"page-title-head hgroup\">\n<div class=\"b654a4as d2edcug0\">\n<div class=\"page-title-head hgroup\">\n<div class=\"page-title-head hgroup\">\n<div class=\"page-title-head hgroup\">\n<div class=\"page-title-head hgroup\">\n<div class=\"page-title-head hgroup\">\n<div class=\"mkdf-post-text\">\n<div class=\"mkdf-post-text-inner\">\n<div class=\"mkdf-post-text-main\">\n<div class=\"mkdf-post-text\">\n<div class=\"mkdf-post-text-inner\">\n<div class=\"mkdf-post-text-main\">\n<div class=\"mkdf-post-text\">\n<div class=\"mkdf-post-text-inner\">\n<div class=\"mkdf-post-text-main\">\n<div class=\"page-title-head hgroup\">\n<div class=\"page-title-head hgroup\">\n<div class=\"mkdf-post-text\">\n<div class=\"mkdf-post-text-inner\">\n<div class=\"mkdf-post-text-main\">\n<div class=\"mkdf-post-text\">\n<div class=\"mkdf-post-text-inner\">\n<div class=\"mkdf-post-text-main\">\n<div class=\"page-title-head hgroup\">\n<div class=\"page-title-head hgroup\">\n<div class=\"page-title-head hgroup\">\n<div class=\"page-title-head hgroup\">\n<div class=\"b654a4as d2edcug0\">\n<div class=\"page-title-head hgroup\">\n<div class=\"page-title-head hgroup\">\n<div class=\"page-title-head hgroup\">\n<div class=\"page-title-head hgroup\">\n<div class=\"b654a4as d2edcug0\">\n<div class=\"page-title-head hgroup\">\n<div class=\"page-title-head hgroup\">\n<div class=\"page-title-head hgroup\">\n<div class=\"page-title-head hgroup\">\n<div class=\"b654a4as d2edcug0\">\n<h2><span style=\"color: #800080;\">I RACCONTI DI PAOLO SOPPELSA\u00a0<\/span><\/h2>\n<p><strong>LA RACCOLTA COMPLETA<\/strong><\/p>\n<blockquote class=\"wp-embedded-content\" data-secret=\"GI7kK0Y1Hi\"><p><a href=\"https:\/\/www.radiopiu.net\/wordpress\/i-racconti-di-paolo-soppelsa\/\">I racconti di Paolo Soppelsa<\/a><\/p><\/blockquote>\n<p><iframe loading=\"lazy\" class=\"wp-embedded-content\" sandbox=\"allow-scripts\" security=\"restricted\" style=\"position: absolute; clip: rect(1px, 1px, 1px, 1px);\" title=\"&#8220;I racconti di Paolo Soppelsa&#8221; &#8212; Radio Pi\u00f9\" src=\"https:\/\/www.radiopiu.net\/wordpress\/i-racconti-di-paolo-soppelsa\/embed\/#?secret=B3IRKsDfGh#?secret=GI7kK0Y1Hi\" data-secret=\"GI7kK0Y1Hi\" width=\"600\" height=\"338\" frameborder=\"0\" marginwidth=\"0\" marginheight=\"0\" scrolling=\"no\"><\/iframe><\/p>\n<p>&nbsp;<\/p>\n<hr \/>\n<p>&nbsp;<\/p>\n<\/div>\n<\/div>\n<\/div>\n<\/div>\n<\/div>\n<\/div>\n<\/div>\n<\/div>\n<\/div>\n<\/div>\n<\/div>\n<\/div>\n<\/div>\n<\/div>\n<\/div>\n<\/div>\n<\/div>\n<\/div>\n<\/div>\n<\/div>\n<\/div>\n<\/div>\n<\/div>\n<\/div>\n<\/div>\n<\/div>\n<\/div>\n<\/div>\n<\/div>\n<\/div>\n<\/div>\n<\/div>\n<\/div>\n<\/div>\n<\/div>\n<\/div>\n<\/div>\n<\/div>\n<\/div>\n<\/div>\n<\/div>\n<\/div>\n<\/div>\n<\/div>\n<\/div>\n<\/div>\n<\/div>\n<\/div>\n<\/div>\n<\/div>\n<\/div>\n<\/div>\n<\/div>\n<\/div>\n<\/div>\n<\/div>\n<\/div>\n<\/div>\n<\/div>\n<\/div>\n<\/div>\n<\/div>\n<\/div>\n<\/div>\n<\/div>\n<\/div>\n<\/div>\n<\/div>\n<\/div>\n<\/div>\n<\/div>\n<\/div>\n<\/div>\n<\/div>\n<\/div>\n<\/div>\n<\/div>\n<\/div>\n<\/div>\n<\/div>\n<\/div>\n<\/div>\n<\/div>\n<\/div>\n<\/div>\n<\/div>\n<\/div>\n<\/div>\n<\/div>\n<\/div>\n<\/div>\n<\/div>\n<\/div>\n<\/div>\n<\/div>\n<\/div>\n<\/div>\n<\/div>\n<\/div>\n<\/div>\n<\/div>\n<\/div>\n<\/div>\n<\/div>\n<\/div>\n<\/div>\n<\/div>\n<\/div>\n<\/div>\n<\/div>\n<\/div>\n<div class=\"b654a4as d2edcug0\">\n<div class=\"ecm0bbzt e5nlhep0 a8c37x1j\">\n<div class=\"kvgmc6g5 cxmmr5t8 oygrvhab hcukyx3x c1et5uql\">\n<div class=\"gmail-kvgmc6g5 gmail-cxmmr5t8 gmail-oygrvhab gmail-hcukyx3x gmail-c1et5uql gmail-ii04i59q\">\n<div>\n<div class=\"page-title-head hgroup\">\n<div class=\"page-title-head hgroup\">\n<div class=\"b654a4as d2edcug0\">\n<div class=\"j83agx80 btwxx1t3 lhclo0ds hop8lmos nkwizq5d scwd0bx6 roh60bw9\">\n<div class=\"rq0escxv hkbzh7o3 jwdofwj8 n8tt0mok r8blr3vg hyh9befq\">\n<div class=\"do00u71z l9j0dhe7 k4urcfbm\">\n<div>\n<div class=\"page-title-head hgroup\">\n<div class=\"page-title-head hgroup\">\n<div class=\"page-title-head hgroup\">\n<div class=\"page-title-head hgroup\">\n<div class=\"b654a4as d2edcug0\">\n<div class=\"page-title-head hgroup\">\n<div class=\"page-title-head hgroup\">\n<div class=\"page-title-head hgroup\">\n<div class=\"page-title-head hgroup\">\n<div class=\"b654a4as d2edcug0\">\n<div class=\"page-title-head hgroup\">\n<div class=\"page-title-head hgroup\">\n<div class=\"page-title-head hgroup\">\n<div class=\"page-title-head hgroup\">\n<div class=\"page-title-head hgroup\">\n<div class=\"mkdf-post-text\">\n<div class=\"mkdf-post-text-inner\">\n<div class=\"mkdf-post-text-main\">\n<div class=\"mkdf-post-text\">\n<div class=\"mkdf-post-text-inner\">\n<div class=\"mkdf-post-text-main\">\n<div class=\"mkdf-post-text\">\n<div class=\"mkdf-post-text-inner\">\n<div class=\"mkdf-post-text-main\">\n<div class=\"page-title-head hgroup\">\n<div class=\"page-title-head hgroup\">\n<div class=\"mkdf-post-text\">\n<div class=\"mkdf-post-text-inner\">\n<div class=\"mkdf-post-text-main\">\n<div class=\"mkdf-post-text\">\n<div class=\"mkdf-post-text-inner\">\n<div class=\"mkdf-post-text-main\">\n<div>\n<div class=\"page-title-head hgroup\">\n<div class=\"page-title-head hgroup\">\n<div>\n<div class=\"page-title-head hgroup\">\n<div class=\"page-title-head hgroup\">\n<div class=\"b654a4as d2edcug0\">\n<div>\n<div class=\"page-title-head hgroup\" style=\"text-align: left;\">\n<div class=\"page-title-head hgroup\">\n<div dir=\"auto\">\n<p><a class=\"dt-pswp-item pspw-wrap-ready\" href=\"https:\/\/i0.wp.com\/www.radiopiu.net\/wordpress\/wp-content\/uploads\/2018\/09\/WhatsApp-Image-2018-09-20-at-16.04.06.jpeg?ssl=1\" data-dt-img-description=\"\" data-large_image_width=\"800\" data-large_image_height=\"100\"><img loading=\"lazy\" decoding=\"async\" class=\"aligncenter wp-image-61378 size-full jetpack-lazy-image jetpack-lazy-image--handled\" src=\"https:\/\/i0.wp.com\/www.radiopiu.net\/wordpress\/wp-content\/uploads\/2018\/09\/WhatsApp-Image-2018-09-20-at-16.04.06.jpeg?resize=800%2C100&amp;ssl=1\" sizes=\"auto, (max-width: 800px) 100vw, 800px\" srcset=\"https:\/\/i0.wp.com\/www.radiopiu.net\/wordpress\/wp-content\/uploads\/2018\/09\/WhatsApp-Image-2018-09-20-at-16.04.06.jpeg?w=800&amp;ssl=1 800w, https:\/\/i0.wp.com\/www.radiopiu.net\/wordpress\/wp-content\/uploads\/2018\/09\/WhatsApp-Image-2018-09-20-at-16.04.06.jpeg?resize=300%2C38&amp;ssl=1 300w, https:\/\/i0.wp.com\/www.radiopiu.net\/wordpress\/wp-content\/uploads\/2018\/09\/WhatsApp-Image-2018-09-20-at-16.04.06.jpeg?resize=768%2C96&amp;ssl=1 768w\" alt=\"\" width=\"800\" height=\"100\" data-lazy-loaded=\"1\" \/><\/a><\/p>\n<\/div>\n<\/div>\n<\/div>\n<\/div>\n<\/div>\n<\/div>\n<\/div>\n<\/div>\n<\/div>\n<\/div>\n<\/div>\n<\/div>\n<\/div>\n<\/div>\n<\/div>\n<\/div>\n<\/div>\n<\/div>\n<\/div>\n<\/div>\n<\/div>\n<\/div>\n<\/div>\n<\/div>\n<\/div>\n<\/div>\n<\/div>\n<\/div>\n<\/div>\n<\/div>\n<\/div>\n<\/div>\n<\/div>\n<\/div>\n<\/div>\n<\/div>\n<\/div>\n<\/div>\n<\/div>\n<\/div>\n<\/div>\n<\/div>\n<\/div>\n<\/div>\n<\/div>\n<\/div>\n<\/div>\n<\/div>\n<\/div>\n<\/div>\n<\/div>\n<\/div>\n<\/div>\n<\/div>\n<\/div>\n<\/div>\n<\/div>\n<\/div>\n<\/div>\n<\/div>\n<\/div>\n<\/div>\n<\/div>\n<\/div>\n<\/div>\n<\/div>\n<\/div>\n<\/div>\n<\/div>\n<\/div>\n<\/div>\n<\/div>\n<\/div>\n<\/div>\n<\/div>\n<\/div>\n<\/div>\n<\/div>\n<\/div>\n<\/div>\n<\/div>\n<\/div>\n<\/div>\n<\/div>\n<\/div>\n<\/div>\n<\/div>\n<\/div>\n<\/div>\n<\/div>\n<\/div>\n<\/div>\n<\/div>\n<\/div>\n<\/div>\n<\/div>\n<\/div>\n<\/div>\n<\/div>\n<\/div>\n<\/div>\n<\/div>\n<\/div>\n<\/div>\n<\/div>\n<\/div>\n<\/div>\n<\/div>\n<\/div>\n<\/div>\n<\/div>\n<\/div>\n<\/div>\n<\/div>\n<\/div>\n<\/div>\n<\/div>\n<\/div>\n<\/div>\n<\/div>\n<\/div>\n<\/div>\n<\/div>\n<\/div>\n<\/div>\n<\/div>\n<\/div>\n<\/div>\n<\/div>\n<\/div>\n<\/div>\n<\/div>\n<\/div>\n<\/div>\n<\/div>\n<\/div>\n<\/div>\n<\/div>\n<\/div>\n<\/div>\n<\/div>\n<\/div>\n<\/div>\n<\/div>\n<\/div>\n<\/div>\n<\/div>\n<\/div>\n<\/div>\n<\/div>\n<\/div>\n<\/div>\n<\/div>\n<\/div>\n<\/div>\n<\/div>\n<\/div>\n<\/div>\n<\/div>\n<\/div>\n<\/div>\n<\/div>\n<\/div>\n<\/div>\n<\/div>\n<\/div>\n<\/div>\n<\/div>\n<\/div>\n<\/div>\n<\/div>\n<\/div>\n<\/div>\n<\/div>\n<\/div>\n<\/div>\n<\/div>\n<\/div>\n<\/div>\n<\/div>\n<\/div>\n<\/div>\n<\/div>\n<\/div>\n<\/div>\n<\/div>\n<\/div>\n<\/div>\n<\/div>\n<\/div>\n<\/div>\n<\/div>\n<\/div>\n<\/div>\n<\/div>\n<\/div>\n<\/div>\n<\/div>\n<\/div>\n<\/div>\n<\/div>\n<\/div>\n<\/div>\n<\/div>\n<\/div>\n<\/div>\n<\/div>\n<\/div>\n<\/div>\n<\/div>\n<\/div>\n<\/div>\n<\/div>\n<\/div>\n<\/div>\n<\/div>\n<\/div>\n<\/div>\n<\/div>\n<\/div>\n<\/div>\n<\/div>\n<\/div>\n<\/div>\n<\/div>\n<\/div>\n<\/div>\n<\/div>\n<\/div>\n<\/div>\n<p>&nbsp;<\/p>\n<p><center><b>Lunedi 16<\/b><\/center><b>Tempo atteso: <\/b>Al mattino tempo in prevalenza soleggiato, nonostante la presenza di velature del cielo. In seguito riduzione del soleggiamento per crescente attivit\u00e0 cumuliforme pomeridiana, anche intensa e associata a rovesci e temporali sparsi, specie durante le ore pi\u00f9 calde. L&#8217;andamento termico diurno dipender\u00e0 dalla precocit\u00e0 della riduzione del soleggiamento per attivit\u00e0 cumuliforme.<br \/>\n<b>Precipitazioni: <\/b>Al mattino perlopi\u00f9 assenti, anche se i primi fenomeni potranno verificarsi in tarda mattinata (10\/20%). Al pomeriggio crescente probabilit\u00e0 fino a medio-alta (50-70%) per rovesci e temporali sparsi. Previsti apporti pluviometrici tra 0 e 15 mm, solo localmente di pi\u00f9 tra Prealpi e pedemontana in caso di forte rovescio temporalesco.<br \/>\n<b>Temperature: <\/b>Minime in leggero aumento in quota e stazionarie nelle valli; massime in lieve flessione, previste punte di 23\/24\u00b0C nei fondovalle prealpini e di 17\/21\u00b0C a 1000\/1200 m. Su Prealpi a 1500 m min 10\u00b0C max 14\u00b0C, a 2000 m min 8\u00b0C, max 11\u00b0C. Su Dolomiti a 2000 m min 8\u00b0C, max 11\u00b0C, a 3000 m min 2\u00b0C max 3\u00b0C.<br \/>\n<b>Venti: <\/b>Nelle valli deboli per brezze, a tratti e temporaneamente moderati in alcuni settori; in quota perlopi\u00f9 deboli da ovest al mattino, in rotazione da nord-ovest al pomeriggio e in rinforzo fino a moderati alla sera, a 5-15 km\/h a 2000 m e 10-25 km\/h a 3000 m.<\/p>\n<hr \/>\n<p><center><b>Martedi 17<\/b><\/center><b>Tempo atteso: <\/b>Al mattino sole e transito di sottili nubi alte in grado di velare il cielo. Al pomeriggio maggiore soleggiamento e minore attivit\u00e0 cumuliforme per avvezione di aria pi\u00f9 secca. Sulle Prealpi, tuttavia, qualche addensamento associato a isolati piovaschi non sar\u00e0 da escludere. Il maggiore soleggiamento riporter\u00e0 i valori di temperatura diurna su livelli pre-estivi.<br \/>\n<b>Precipitazioni: <\/b>Generalmente assenti (0%) tutto il giorno sulle Dolomiti, mentre un lieve rischio per locali piovaschi non sar\u00e0 da ecludere del tutto sulla fascia prealina (20-30%).<br \/>\n<b>Temperature: <\/b>Minime in leggero calo; massime in lieve ripresa nelle valli e stazionarie in quota. Su Prealpi a 1500 m min 9\u00b0C max 16\u00b0C, a 2000 m min 7\u00b0C, max 13\u00b0C. Su Dolomiti a 2000 m min 7\u00b0C, max 12\u00b0C, a 3000 m min 1\u00b0C max 3\u00b0C.<br \/>\n<b>Venti: <\/b>Nelle valli deboli per brezze, a tratti e temporaneamente moderati in alcuni settori; in quota perlopi\u00f9 moderati da nord, anche tesi sulle cime pi\u00f9 alte al pomeriggio\/sera, a 5-15 km\/h a 2000 m e 15-35 km\/h a 3000 m.<\/p>\n<hr \/>\n<p><center><b>Mercoledi 18<\/b><\/center>Tempo sempre pi\u00f9 soleggiato, per\u00f2 con un lieve aumento dell&#8217;instabilit\u00e0. Pertanto il cielo sereno del mattino diverr\u00e0 in parte nuvoloso per attivit\u00e0 cumuliforme, modesta\/moderata sulle Dolomiti, localmente intensa sulle Prealpi, dove l&#8217;insidia temporalesca sar\u00e0 un po pi\u00f9 presente rispetto alle Dolomiti. Alla sera il cielo torner\u00e0 a rasserenarsi. Temperature in lieve flessione rispetto a marted\u00ec. Nelle valli venti deboli per brezze, a tratti e temporaneamente moderati in alcuni settori; in quota perlopi\u00f9 moderati dai quadranti settentrionali, a tratti tesi sulle cime pi\u00f9 alte.<\/p>\n<hr \/>\n<p><center><b>Giovedi 19<\/b><\/center>Stupenda giornata di stampo estivo con sole e cielo sereno al mattino, sereno o poco nuvoloso per modesti cumuli di bel tempo al pomeriggio. Aria secca e ottima visibilit\u00e0. Temperature in generale rialzo, eccetto calo delle minime nelle valli. Nelle valli venti deboli per brezze, a tratti e temporaneamente moderati in alcuni settori; in quota perlopi\u00f9 deboli da nord, eccetto qualche rinforzo erratico sulle cime. Previsore: R.L.Th.<\/p>\n<p>&nbsp;<\/p>\n<hr \/>\n<p>&nbsp;<\/p>\n<p>&nbsp;<\/p>\n<p><a href=\"https:\/\/www.radiopiu.net\/wordpress\/giornale-radiopiu-26-settembre-2018-direttore-mirko-mezzacasa\/viabilita-2\/\" rel=\"attachment wp-att-61954\"><img loading=\"lazy\" decoding=\"async\" class=\"aligncenter wp-image-61954 size-full\" src=\"https:\/\/www.radiopiu.net\/wordpress\/wp-content\/uploads\/2018\/09\/viabilita.jpeg\" sizes=\"auto, (max-width: 800px) 100vw, 800px\" srcset=\"https:\/\/www.radiopiu.net\/wordpress\/wp-content\/uploads\/2018\/09\/viabilita.jpeg 800w, https:\/\/www.radiopiu.net\/wordpress\/wp-content\/uploads\/2018\/09\/viabilita-300x38.jpeg 300w, https:\/\/www.radiopiu.net\/wordpress\/wp-content\/uploads\/2018\/09\/viabilita-768x96.jpeg 768w\" alt=\"\" width=\"800\" height=\"100\" \/><\/a><\/p>\n<p>&nbsp;<\/p>\n<blockquote class=\"wp-embedded-content\" data-secret=\"31jbuOnEDh\"><p><a href=\"https:\/\/www.radiopiu.net\/wordpress\/viabilita\/\">viabilita<\/a><\/p><\/blockquote>\n<p><iframe loading=\"lazy\" class=\"wp-embedded-content\" sandbox=\"allow-scripts\" security=\"restricted\" style=\"position: absolute; clip: rect(1px, 1px, 1px, 1px);\" title=\"&#8220;viabilita&#8221; &#8212; Radio Pi\u00f9\" src=\"https:\/\/www.radiopiu.net\/wordpress\/viabilita\/embed\/#?secret=AtlnrvTt5o#?secret=31jbuOnEDh\" data-secret=\"31jbuOnEDh\" width=\"600\" height=\"338\" frameborder=\"0\" marginwidth=\"0\" marginheight=\"0\" scrolling=\"no\"><\/iframe><\/p>\n<p>&nbsp;<\/p>\n<hr \/>\n<p>&nbsp;<\/p>\n<p>&nbsp;<\/p>\n<p><img loading=\"lazy\" decoding=\"async\" class=\"wp-image-60761 size-full aligncenter\" src=\"https:\/\/www.radiopiu.net\/wordpress\/wp-content\/uploads\/2018\/09\/sport.jpg\" alt=\"\" width=\"800\" height=\"100\" srcset=\"https:\/\/www.radiopiu.net\/wordpress\/wp-content\/uploads\/2018\/09\/sport.jpg 800w, https:\/\/www.radiopiu.net\/wordpress\/wp-content\/uploads\/2018\/09\/sport-300x38.jpg 300w, https:\/\/www.radiopiu.net\/wordpress\/wp-content\/uploads\/2018\/09\/sport-768x96.jpg 768w\" sizes=\"auto, (max-width: 800px) 100vw, 800px\" \/><\/p>\n<p>&nbsp;<\/p>\n<p><span style=\"color: #0000ff;\"><strong>CALCIO<\/strong><\/span><\/p>\n<blockquote>\n<h3>L&#8217;AGORDINA CHIUDE LA STAGIONE CON UNA VITTORIA. IL KERALPEN SPADRONEGGIA CON IL SARONECANEVA<\/h3>\n<\/blockquote>\n<p><strong><a class=\"dt-pswp-item\" href=\"https:\/\/www.radiopiu.net\/wordpress\/wp-content\/uploads\/2022\/05\/AGORDINA-2022.png\" data-dt-img-description=\"\" data-large_image_width=\"1500\" data-large_image_height=\"953\"><img loading=\"lazy\" decoding=\"async\" class=\"alignleft wp-image-275088 \" src=\"https:\/\/www.radiopiu.net\/wordpress\/wp-content\/uploads\/2022\/05\/AGORDINA-2022-300x191.png\" alt=\"\" width=\"220\" height=\"140\" srcset=\"https:\/\/www.radiopiu.net\/wordpress\/wp-content\/uploads\/2022\/05\/AGORDINA-2022-300x191.png 300w, https:\/\/www.radiopiu.net\/wordpress\/wp-content\/uploads\/2022\/05\/AGORDINA-2022-1024x651.png 1024w, https:\/\/www.radiopiu.net\/wordpress\/wp-content\/uploads\/2022\/05\/AGORDINA-2022-768x488.png 768w, https:\/\/www.radiopiu.net\/wordpress\/wp-content\/uploads\/2022\/05\/AGORDINA-2022.png 1500w\" sizes=\"auto, (max-width: 220px) 100vw, 220px\" \/><\/a>SECONDA CATEGORIA GIR. T \/ TARZO REVINE LAGO \u2013 AGORDINA 0-2 (Gol Agordina: Fossen, Zannoni)<\/strong><\/p>\n<p>Si chiude con una vittoria il campionato dell\u2019Agordina. Dopo un primo tempo a reti inviolate, la squadra allenata da Lorenzi ingrana la marcia giusta e chiude la sfida contro il Tarzo Revine Lago. I trevigiani, gi\u00e0 retrocessi, hanno giocato a testa alta concedendo poco agli agordini. Salvezza per l\u2019Agordina che la prossima stagione ripartir\u00e0 dal campionato regionale di Seconda Categoria. Il caldo la fa da padrona e le squadre sembrano voler partire con il freno a mano tirato. Si gioca prevalentemente a centro campo e il primo tiro in porta stenta ad arrivare. Le due compagini non si impegnano pi\u00f9 di tanto. I ragazzi di Lorenzi provano a farsi vedere vicino all\u2019area avversaria ma senza trovare conclusioni verso la porta. Continua ad attaccare la squadra di Agordo ma non riesce a trovare il gol che potrebbe sbloccare la gara e si va al riposo a reti inviolate. Ad inizio ripresa a farsi pericolosa \u00e8 l\u2019Agordina che sfiora il vantaggio con un bel tiro da fuori che diventa per\u00f2 preda del portiere trevigiano. Dopo una serie di conclusioni andate a vuoto la formazione di Lorenzi passa in vantaggio. Tutto grazie ad una bella conclusione dell\u2019appena entrato Fossen. Ci prendono gusto gli agordini che subito dopo ci riprovano con Paganin ma il pallone sorvola la traversa di poco. \u00c8 solo il preludio al raddoppio che arriva da un calcio di rigore di Zannoni<\/p>\n<p>&nbsp;<\/p>\n<p><strong>GIOVANISSIMI PROVINCIALI \/ AGORDINA \u2013 LIMANA 2-1<\/strong><\/p>\n<p>L&#8217;Agordina blocca la corsa del Limana e si porta alle spalle della Plavis con cui si scontrer\u00e0 la prossima settimana per definire la conquista del 4\u00b0 posto della classifica. La partita col Limana \u00e8 stata battaglia vera. Dopo un inizio cos\u00ec cos\u00ec, gli Agordini si sono fatti pi\u00f9 ordinati, interpretando meglio la gara e andando a chiudere il primo tempo in sostanziale parit\u00e0. Nella ripresa passa subito il Limana con una bella azione in velocit\u00e0 favorita da un errore in costruzione della difesa dei padroni di casa. Il Limana non riesce a chiudere la partita, anche per un paio di buoni interventi dell&#8217;estremo Costa e l&#8217;Agordina ne approfitta, coronando il suo impegno, sfruttando i due calci di rigore assegnati e trasformati da Cristian Roni.<\/p>\n<p>&nbsp;<\/p>\n<p><strong><a class=\"dt-pswp-item\" href=\"https:\/\/www.radiopiu.net\/wordpress\/wp-content\/uploads\/2022\/05\/280714414_5211597505567172_7928477813318432769_n.jpg\" data-dt-img-description=\"\" data-large_image_width=\"960\" data-large_image_height=\"489\"><img loading=\"lazy\" decoding=\"async\" class=\"alignright wp-image-275931 \" src=\"https:\/\/www.radiopiu.net\/wordpress\/wp-content\/uploads\/2022\/05\/280714414_5211597505567172_7928477813318432769_n-300x153.jpg\" alt=\"\" width=\"241\" height=\"123\" srcset=\"https:\/\/www.radiopiu.net\/wordpress\/wp-content\/uploads\/2022\/05\/280714414_5211597505567172_7928477813318432769_n-300x153.jpg 300w, https:\/\/www.radiopiu.net\/wordpress\/wp-content\/uploads\/2022\/05\/280714414_5211597505567172_7928477813318432769_n-768x391.jpg 768w, https:\/\/www.radiopiu.net\/wordpress\/wp-content\/uploads\/2022\/05\/280714414_5211597505567172_7928477813318432769_n.jpg 960w\" sizes=\"auto, (max-width: 241px) 100vw, 241px\" \/><\/a>ALLIEVI REGIONALI \/ AGORDINA \u2013 CONEGLIANO 1-3<\/strong><\/p>\n<p>Una salvezza sul filo di lana. La si pu\u00f2 considerare cos\u00ec la stagione dell\u2019Agordina Allievi che ha giocato domenica mattina l\u2019ultima sfida di campionato contro il Conegliano. I ragazzi di Agordo perdono ma festeggiano la rimanenza nel campionato regionale visto che la diretta avversaria in classifica, il Barbisano, non ha fatto punti. Primo tempo equilibrato con Mezzacasa che porta in vantaggio gli agordini su calcio di rigore. I trevigiani pareggiano i conti a pochi minuti dal termine della prima frazione. Nella ripresa il Conegliano punisce l\u2019Agordina su due disattenzioni difensive. Obbiettivo stagionale raggiunto per la formazione allenata da Orzetti che nelle ultime giornate ha dato il meglio di s\u00e9.<\/p>\n<p>&nbsp;<\/p>\n<p><strong>JUNIORES REGIONALI \/ AGORDINA \u2013 CAVARZANO 2-5<\/strong><\/p>\n<p>Termina con una sconfitta la stagione dell\u2019Agordina Juniores che contro il Cavarzano non riesce ad incamerare punti. Un finale di stagione thriller per i ragazzi di Roberto Fontanive che nel giro di poche settimane si sono ritrovati dal lottare per i playout alla retrocessione matematica. La squadra di Agordo ripartir\u00e0 dal campionato provinciale il prossimo anno anche se in questa stagione le aspettative erano altre. Per quanto riguarda la partita di sabato l\u2019Agordina \u00e8 andata a segno con De Col\u00f2 e Del Chin, due gol che non sono bastati a mettere paura alla terza forza del campionato. Si chiude la stagione per la Juniores dell\u2019Agordina con l\u2019amaro in bocca di aver potuto fare meglio nelle ultime partite.<\/p>\n<p>&nbsp;<\/p>\n<p><strong>JUNIORES PROVINCIALI \u2013 COPPA VALBELLUNA \/ FIORI BARP<\/strong><\/p>\n<p>Giornata di riposo<\/p>\n<p>&nbsp;<\/p>\n<p><strong><a class=\"dt-pswp-item\" href=\"https:\/\/www.radiopiu.net\/wordpress\/wp-content\/uploads\/2022\/05\/be86c96d-5a2d-494f-aaef-10c69c43f659.jpg\" data-dt-img-description=\"\" data-large_image_width=\"2016\" data-large_image_height=\"1512\"><img loading=\"lazy\" decoding=\"async\" class=\"alignleft wp-image-275932 \" src=\"https:\/\/www.radiopiu.net\/wordpress\/wp-content\/uploads\/2022\/05\/be86c96d-5a2d-494f-aaef-10c69c43f659-300x225.jpg\" alt=\"\" width=\"162\" height=\"121\" srcset=\"https:\/\/www.radiopiu.net\/wordpress\/wp-content\/uploads\/2022\/05\/be86c96d-5a2d-494f-aaef-10c69c43f659-300x225.jpg 300w, https:\/\/www.radiopiu.net\/wordpress\/wp-content\/uploads\/2022\/05\/be86c96d-5a2d-494f-aaef-10c69c43f659-1024x768.jpg 1024w, https:\/\/www.radiopiu.net\/wordpress\/wp-content\/uploads\/2022\/05\/be86c96d-5a2d-494f-aaef-10c69c43f659-768x576.jpg 768w, https:\/\/www.radiopiu.net\/wordpress\/wp-content\/uploads\/2022\/05\/be86c96d-5a2d-494f-aaef-10c69c43f659-1536x1152.jpg 1536w, https:\/\/www.radiopiu.net\/wordpress\/wp-content\/uploads\/2022\/05\/be86c96d-5a2d-494f-aaef-10c69c43f659.jpg 2016w\" sizes=\"auto, (max-width: 162px) 100vw, 162px\" \/><\/a>ECCELLENZA FEMMINILE 2\u00aa FASE \/ <\/strong><strong>KERALPEN \u2013 SARONECANEVA 7-3 (Gol Keralpen: 4 Sommariva, 2 Conedera, Rosson)<\/strong><\/p>\n<p>Sagra del gol per il Keralpen che supera il Saronecaneva con 5 reti di scarto. Dopo un primo tempo con poche emozioni, la sfida si accende nella ripresa con le bellunesi che trovano un gol dietro l\u2019altro. Tre punti meritati dopo una partita che ha visto le padrone di casa dominare in lungo e in largo. Passa in vantaggio il Keralpen con Sommariva al 23\u2019 ma subito dopo le ospiti pareggiano. Saronecaneva che chiude la prima frazione in vantaggio con un gol arrivato in pieno recupero. Le bellunesi si scatenano nella ripresa e vanno a segno con Conedera, che pareggia i conti. Sommariva che trova altre tre marcature tra la doppietta di Conedera e la rete di Rosson.<\/p>\n<p>&nbsp;<\/p>\n<p>&nbsp;<\/p>\n<hr \/>\n<p>&nbsp;<\/p>\n<p><span style=\"color: #0000ff;\"><strong>MOTORI\u00a0\u00a0<\/strong><\/span><\/p>\n<blockquote>\n<h3>PEDERSOLI-TOMASI VINCONO IL RALLY DEL PIANCAVALLO<\/h3>\n<\/blockquote>\n<p><strong><a class=\"dt-pswp-item\" href=\"https:\/\/www.radiopiu.net\/wordpress\/wp-content\/uploads\/2022\/05\/811c5ea7-948e-4ee0-a5c0-f068bffded65.jpg\" data-dt-img-description=\"\" data-large_image_width=\"1231\" data-large_image_height=\"1231\"><img loading=\"lazy\" decoding=\"async\" class=\"size-thumbnail wp-image-275928 alignleft\" src=\"https:\/\/www.radiopiu.net\/wordpress\/wp-content\/uploads\/2022\/05\/811c5ea7-948e-4ee0-a5c0-f068bffded65-150x150.jpg\" alt=\"\" width=\"150\" height=\"150\" srcset=\"https:\/\/www.radiopiu.net\/wordpress\/wp-content\/uploads\/2022\/05\/811c5ea7-948e-4ee0-a5c0-f068bffded65-150x150.jpg 150w, https:\/\/www.radiopiu.net\/wordpress\/wp-content\/uploads\/2022\/05\/811c5ea7-948e-4ee0-a5c0-f068bffded65-300x300.jpg 300w, https:\/\/www.radiopiu.net\/wordpress\/wp-content\/uploads\/2022\/05\/811c5ea7-948e-4ee0-a5c0-f068bffded65-1024x1024.jpg 1024w, https:\/\/www.radiopiu.net\/wordpress\/wp-content\/uploads\/2022\/05\/811c5ea7-948e-4ee0-a5c0-f068bffded65-768x768.jpg 768w, https:\/\/www.radiopiu.net\/wordpress\/wp-content\/uploads\/2022\/05\/811c5ea7-948e-4ee0-a5c0-f068bffded65.jpg 1231w\" sizes=\"auto, (max-width: 150px) 100vw, 150px\" \/><\/a>MANIAGO (PN)<\/strong><\/p>\n<p>di Roberto Bona<\/p>\n<audio class=\"wp-audio-shortcode\" id=\"audio-275664-11\" preload=\"none\" style=\"width: 100%;\" controls=\"controls\"><source type=\"audio\/mpeg\" src=\"https:\/\/www.radiopiu.net\/wordpress\/wp-content\/uploads\/2022\/05\/BONA-RALLY-PIANCAVALLO.mp3?_=11\" \/><a href=\"https:\/\/www.radiopiu.net\/wordpress\/wp-content\/uploads\/2022\/05\/BONA-RALLY-PIANCAVALLO.mp3\">https:\/\/www.radiopiu.net\/wordpress\/wp-content\/uploads\/2022\/05\/BONA-RALLY-PIANCAVALLO.mp3<\/a><\/audio>\n<p>&nbsp;<\/p>\n<hr \/>\n<p>&nbsp;<\/p>\n<p><span style=\"color: #0000ff;\"><strong>VOLLEY<\/strong><\/span><\/p>\n<blockquote>\n<h3>GIANLUCA COLUSSI IL NUOVO ALLENATORE DELLA DA ROLD LOGISTIC BELLUNO<\/h3>\n<\/blockquote>\n<p><strong><a class=\"dt-pswp-item\" href=\"https:\/\/www.radiopiu.net\/wordpress\/wp-content\/uploads\/2022\/05\/Gian_Luca_Colussi_in_maglia_DRL-scaled.jpg\" data-dt-img-description=\"\" data-large_image_width=\"2560\" data-large_image_height=\"1568\"><img loading=\"lazy\" decoding=\"async\" class=\"size-thumbnail wp-image-275864 alignleft\" src=\"https:\/\/www.radiopiu.net\/wordpress\/wp-content\/uploads\/2022\/05\/Gian_Luca_Colussi_in_maglia_DRL-150x150.jpg\" alt=\"\" width=\"150\" height=\"150\" \/><\/a>BELLUNO <\/strong>Dalla cabina di regia, sul parquet, alla guida tecnica: Gian Luca Colussi \u00e8 l\u2019allenatore scelto per pilotare la Da Rold Logistics Belluno nel prossimo campionato di Serie A3.<span class=\"gmail-Apple-converted-space\"> \u00a0<\/span>Dopo aver deliziato per due stagioni il pubblico dolomitico, grazie ai suoi palleggi e alla sua leadership sotto rete, Colussi \u00e8 di nuovo un \u201crinoceronte\u201d. Questa volta, appese le ginocchiere al fatidico chiodo, nel ruolo di coach.<span class=\"gmail-Apple-converted-space\"> \u00a0<\/span>Un ruolo che l\u2019ormai ex regista ha dimostrato di saper svolgere in maniera egregia, se \u00e8 vero che ha allenato l\u2019Under 19 del Tinet Prata di Pordenone (il suo vice era il bellunese Manolo Pat) e, soprattutto, \u00e8 riuscito a conquistare la promozione in serie B, al timone del Futura Volley Cordenons (dove militava un altro ex della DRL: l\u2019opposto Marco Boz).<span class=\"gmail-Apple-converted-space\"> \u00a0<\/span>La societ\u00e0 presieduta da Sandro Da Rold \u00e8 lieta ed entusiasta di annunciare l\u2019arrivo &#8211; o meglio, il ritorno &#8211; di Gian Luca Colussi.<\/p>\n<p>&nbsp;<\/p>\n<p>&nbsp;<\/p>\n<blockquote>\n<h3>CONTINUA A VINCERE IL VOLLEY CLUB AGORDINO CHE SUPERA IL MARENO IN TRE SET<\/h3>\n<\/blockquote>\n<p><strong><a class=\"dt-pswp-item\" href=\"https:\/\/www.radiopiu.net\/wordpress\/wp-content\/uploads\/2021\/12\/VOLLEY-CLUB-AGORDINO-2021.jpg\" data-dt-img-description=\"\" data-large_image_width=\"1024\" data-large_image_height=\"696\"><img loading=\"lazy\" decoding=\"async\" class=\"alignleft wp-image-248367 \" src=\"https:\/\/www.radiopiu.net\/wordpress\/wp-content\/uploads\/2021\/12\/VOLLEY-CLUB-AGORDINO-2021-300x204.jpg\" alt=\"\" width=\"176\" height=\"120\" srcset=\"https:\/\/www.radiopiu.net\/wordpress\/wp-content\/uploads\/2021\/12\/VOLLEY-CLUB-AGORDINO-2021-300x204.jpg 300w, https:\/\/www.radiopiu.net\/wordpress\/wp-content\/uploads\/2021\/12\/VOLLEY-CLUB-AGORDINO-2021-768x522.jpg 768w, https:\/\/www.radiopiu.net\/wordpress\/wp-content\/uploads\/2021\/12\/VOLLEY-CLUB-AGORDINO-2021.jpg 1024w\" sizes=\"auto, (max-width: 176px) 100vw, 176px\" \/><\/a>VOLLEY CLUB AGORDINO &#8211; MARENO 3-0 (25-19, 25-14, 25-12)<\/strong><\/p>\n<p><strong>AGORDO<\/strong> Ennesima vittoria per le ragazze del Volley Club Agordino che chiudono in tre set la sfida contro il Mareno. Partita perfetta per le agordina che concedono poco o niente alle trevigiane che crollano nella seconda frazione e non riescono pi\u00f9 a mantenere il passo delle padrone di casa. Come sempre la squadra allenata da De Nardin si deve scaldare prima di ingranare la marcia giusta e soffre un po nel primo set che chiude con 6 punti di vantaggio. Molto meglio la prestazione delle agordine che nel secondo e terzo parziale non lasciano scampo alle avversarie vincendo nettamente la partita. 39 punti in classifica e prima posizione della Seconda Divisione gruppo A per il Volley Club Agordino che la prossima settimana \u00e8 chiamato ad una trasferta in terra trevigiana per affrontare l&#8217;Oderzo, terza forza del campionato.<\/p>\n<p>&nbsp;<\/p>\n<p>&nbsp;<\/p>\n<hr \/>\n<p>&nbsp;<\/p>\n<p><span style=\"color: #0000ff;\"><strong>HOCKEY<\/strong><\/span><\/p>\n<blockquote>\n<h3>DUE SCONFITTE PER L&#8217;ITALIA NELL&#8217;ESRDIO DEL MONDIALE IN FINLANDIA<\/h3>\n<\/blockquote>\n<p><a class=\"dt-pswp-item\" href=\"https:\/\/www.radiopiu.net\/wordpress\/wp-content\/uploads\/2022\/05\/ea187d52-d563-63d4-4ddf-550da7441dd5-scaled.jpg\" data-dt-img-description=\"\" data-large_image_width=\"2560\" data-large_image_height=\"1707\"><img loading=\"lazy\" decoding=\"async\" class=\"size-thumbnail wp-image-275865 alignleft\" src=\"https:\/\/www.radiopiu.net\/wordpress\/wp-content\/uploads\/2022\/05\/ea187d52-d563-63d4-4ddf-550da7441dd5-150x150.jpg\" alt=\"\" width=\"150\" height=\"150\" \/><\/a>Dopo la sconfitta per\u00a0 5 a 2 contro la Svizzera nella partita d&#8217;esordio di sabato, arriva il secondo passo falso per gli azzurri nel mondiale di hockey in Finlandia che perdono 6 a 1 contro il Canada. Rispetto alla Svizzera, il Canada non pattina a tutta velocit\u00e0 ma compensa con tanta qualit\u00e0 nella gestione del puck. L&#8217;Italia fa inizialmente fatica a giocare il disco ma \u00e8 ben messa in campo e tiene la partita aperta. L&#8217;Italia passa in vantaggio con Pietroniro ma il Canada dilaga subito dopo. Oggi giornata di riposo poi domani di nuovo in campo contro la Danimarca alle 15:20 con diretta su YouTube.<\/p>\n<p>&nbsp;<\/p>\n<p>&nbsp;<\/p>\n<blockquote>\n<h3>BELLA SERATA ALL\u2019INSEGNA DELL\u2019AMICIZIA E CONVIVIALITA\u2019 TRA I VOLONTARI DELL\u2019ALLEGHE HOCKEY<\/h3>\n<\/blockquote>\n<p><strong><a class=\"dt-pswp-item\" href=\"https:\/\/www.radiopiu.net\/wordpress\/wp-content\/uploads\/2022\/05\/03bff19d-6fe9-4ef6-94f6-e818c150dd55.jpg\" data-dt-img-description=\"\" data-large_image_width=\"1024\" data-large_image_height=\"768\"><img loading=\"lazy\" decoding=\"async\" class=\"alignleft wp-image-275698 \" src=\"https:\/\/www.radiopiu.net\/wordpress\/wp-content\/uploads\/2022\/05\/03bff19d-6fe9-4ef6-94f6-e818c150dd55-300x225.jpg\" alt=\"\" width=\"219\" height=\"164\" srcset=\"https:\/\/www.radiopiu.net\/wordpress\/wp-content\/uploads\/2022\/05\/03bff19d-6fe9-4ef6-94f6-e818c150dd55-300x225.jpg 300w, https:\/\/www.radiopiu.net\/wordpress\/wp-content\/uploads\/2022\/05\/03bff19d-6fe9-4ef6-94f6-e818c150dd55-768x576.jpg 768w, https:\/\/www.radiopiu.net\/wordpress\/wp-content\/uploads\/2022\/05\/03bff19d-6fe9-4ef6-94f6-e818c150dd55.jpg 1024w\" sizes=\"auto, (max-width: 219px) 100vw, 219px\" \/><\/a>di Roberto Miana, portavoce dell&#8217;Alleghe Hockey<\/strong><\/p>\n<p>Nella serata del 13 maggio, presso il Bar Miniere di Agordo, si \u00e8 svolto un incontro conviviale tra i volontari dell\u2019Alleghe Hockey che hanno reso possibile lo svolgimento del torneo di Hockey U11 denominato \u201cTournament\u201d. Il Presidente dell\u2019Alleghe Hockey ha ringraziato i presenti e gli assenti dell\u2019aiuto dato e della passione profusa nello svolgere la mansione assegnata, dando segno di tanta professionalit\u00e0. Hanno preso la parola anche Matthias Levis e Alberto Fontanive che, nel ringraziare anche loro tutti i volontari, hanno proposto a breve un interessante evento per il prossimo futuro, ancora in via di definizione. La serata si \u00e8 conclusa in amicizia e con tanto senso di appartenenza alla Grande Famiglia dell\u2019Alleghe Hockey. Un sentito ringraziamento va a Ivan Bettini, gestore del Bar Miniere, per l\u2019accoglienza e per come \u00e8 stato ben organizzato questo evento.<\/p>\n<p>&nbsp;<\/p>\n<p>&nbsp;<\/p>\n<hr \/>\n<p>&nbsp;<\/p>\n<p><span style=\"color: #0000ff;\"><strong>CORSA CAMPESTRE<\/strong><\/span><\/p>\n<blockquote>\n<h3>CSI BELLUNO, TRA PELMO E CIVETTA LO SPETTACOLO DELLA CORSA IN MONTAGNA DEL CRITERIUM CADORINO<\/h3>\n<\/blockquote>\n<p><strong><a class=\"dt-pswp-item\" href=\"https:\/\/www.radiopiu.net\/wordpress\/wp-content\/uploads\/2022\/05\/criterium-cadorino-15-maggio-2022-la-gara-cadetti-con-il-monte-Pelmo-sullo-sfondo-scaled.jpg\" data-dt-img-description=\"\" data-large_image_width=\"2560\" data-large_image_height=\"1707\"><img loading=\"lazy\" decoding=\"async\" class=\"size-thumbnail wp-image-275935 alignleft\" src=\"https:\/\/www.radiopiu.net\/wordpress\/wp-content\/uploads\/2022\/05\/criterium-cadorino-15-maggio-2022-la-gara-cadetti-con-il-monte-Pelmo-sullo-sfondo-150x150.jpg\" alt=\"\" width=\"150\" height=\"150\" \/><\/a>BELLUNO<\/strong> Il Criterium Cadorino di atletica, manifestazione proposta dal comitato di Belluno del Centro sportivo italiano, ha fatto tappa, per il secondo dei quattro appuntamenti, a P\u00e9col di Val di Zoldo. Di scena, organizzata dall\u2019Atletica Zoldo, una prova di corsa in montagna. Si \u00e8 gareggiato in uno scenario dalla suggestione unica, tra Pelmo e Civetta, in una giornata soleggiata e di grande caldo. In 206 si sono presentati alla partenza, per la maggior parte appartenenti alle categorie giovanili.\u00a0 Nella graduatoria per societ\u00e0, come gi\u00e0 per la prima gara (disputata l\u20198 maggio a Vallesella di Cadore), davanti a tutti si \u00e8 posizionata l\u2019Atletica Cortina che, con 712 punti, ha vinto la graduatoria complessiva davanti ai padroni di casa dell\u2019Atletica Zoldo (255) e all\u2019Unione sportiva Aquilotti Pelos (245). L\u2019Atletica Cortina si \u00e8 aggiudicata anche la graduatoria giovanile, che in questa occasione l\u2019Atletica Zoldo ha voluto intitolare a Manuel Bratti, grande e generoso amico dell\u2019atletica bellunese e della Val di Zoldo, prematuramente scomparso.\u00a0 L\u2019Atletica Zoldo si \u00e8 aggiudicata la graduatoria per le categorie assolute.\u00a0A livello individuale, successi assoluti per lo zoldano\u00a0Isacco Costa\u00a0e per la cortinese\u00a0Sabrina Boldrin.<\/p>\n<\/div>\n<\/div>\n<\/div>\n<\/div>\n<\/div>\n<\/div>\n<\/div>\n<\/div>\n<\/div>\n<\/div>\n<\/div>\n<\/div>\n<\/div>\n<\/div>\n<\/div>\n<\/div>\n<\/div>\n<\/div>\n<\/div>\n<\/div>\n<\/div>\n<\/div>\n<\/div>\n<\/div>\n<\/div>\n<\/div>\n<\/div>\n<\/div>\n<\/div>\n<\/div>\n<\/div>\n<\/div>\n<\/div>\n<\/div>\n<\/div>\n<\/div>\n<\/div>\n<\/div>\n<\/div>\n<\/div>\n<\/div>\n<\/div>\n<\/div>\n<\/div>\n<\/div>\n<\/div>\n<\/div>\n<\/div>\n<\/div>\n<\/div>\n<\/div>\n<\/div>\n<\/div>\n<\/div>\n<\/div>\n<\/div>\n<\/div>\n<\/div>\n<\/div>\n<\/div>\n<\/div>\n<\/div>\n<\/div>\n<\/div>\n<\/div>\n<\/div>\n<\/div>\n<\/div>\n<\/div>\n<\/div>\n<\/div>\n<\/div>\n<\/div>\n<\/div>\n<\/div>\n<\/div>\n<\/div>\n<\/div>\n<\/div>\n<\/div>\n<\/div>\n<\/div>\n<\/div>\n<\/div>\n<\/div>\n<\/div>\n<\/div>\n<\/div>\n<\/div>\n<\/div>\n<\/div>\n<\/div>\n<\/div>\n<\/div>\n<\/div>\n<\/div>\n<\/div>\n<\/div>\n<\/div>\n<\/div>\n<\/div>\n<\/div>\n<\/div>\n<\/div>\n<\/div>\n","protected":false},"excerpt":{"rendered":"<p>RADIO PIU INFORMAZIONE il canale su TELEGRAM informazione di prima\u00a0 mano e in tempo reale. iscriviti ed aiutaci a farlo conoscere\u00a0\u00a0 &nbsp; &nbsp; &nbsp; SP 3, IN COMUNE DI GOSALDO: CHIUSA SEDICO Da Veneto Strade, interdizione totale alla viabilita&#8217;, provinciale Agordo-Rivamonte PROVINCIALE 3 DI VALLE IMPERINA in Comune di Gosaldo al chilometro 12,500 fino al&hellip;<\/p>\n","protected":false},"author":4,"featured_media":275868,"comment_status":"closed","ping_status":"closed","sticky":false,"template":"","format":"standard","meta":{"_monsterinsights_skip_tracking":false,"_monsterinsights_sitenote_active":false,"_monsterinsights_sitenote_note":"","_monsterinsights_sitenote_category":0,"footnotes":""},"categories":[51,86,49],"tags":[],"class_list":["post-275664","post","type-post","status-publish","format-standard","has-post-thumbnail","hentry","category-evidenza-top","category-gr","category-news-18","category-51","category-86","category-49","description-off"],"img_url":"https:\/\/www.radiopiu.net\/wordpress\/wp-content\/uploads\/2022\/05\/74c102c6-ec88-4dc5-b91b-75f1c2969730.jpg","_links":{"self":[{"href":"https:\/\/www.radiopiu.net\/wordpress\/wp-json\/wp\/v2\/posts\/275664","targetHints":{"allow":["GET"]}}],"collection":[{"href":"https:\/\/www.radiopiu.net\/wordpress\/wp-json\/wp\/v2\/posts"}],"about":[{"href":"https:\/\/www.radiopiu.net\/wordpress\/wp-json\/wp\/v2\/types\/post"}],"author":[{"embeddable":true,"href":"https:\/\/www.radiopiu.net\/wordpress\/wp-json\/wp\/v2\/users\/4"}],"replies":[{"embeddable":true,"href":"https:\/\/www.radiopiu.net\/wordpress\/wp-json\/wp\/v2\/comments?post=275664"}],"version-history":[{"count":0,"href":"https:\/\/www.radiopiu.net\/wordpress\/wp-json\/wp\/v2\/posts\/275664\/revisions"}],"wp:featuredmedia":[{"embeddable":true,"href":"https:\/\/www.radiopiu.net\/wordpress\/wp-json\/wp\/v2\/media\/275868"}],"wp:attachment":[{"href":"https:\/\/www.radiopiu.net\/wordpress\/wp-json\/wp\/v2\/media?parent=275664"}],"wp:term":[{"taxonomy":"category","embeddable":true,"href":"https:\/\/www.radiopiu.net\/wordpress\/wp-json\/wp\/v2\/categories?post=275664"},{"taxonomy":"post_tag","embeddable":true,"href":"https:\/\/www.radiopiu.net\/wordpress\/wp-json\/wp\/v2\/tags?post=275664"}],"curies":[{"name":"wp","href":"https:\/\/api.w.org\/{rel}","templated":true}]}}