{"id":275717,"date":"2022-05-14T10:51:20","date_gmt":"2022-05-14T08:51:20","guid":{"rendered":"https:\/\/www.radiopiu.net\/wordpress\/?p=275717"},"modified":"2022-05-14T10:51:20","modified_gmt":"2022-05-14T08:51:20","slug":"nominato-il-nuovo-primario-di-geriatria-di-feltre","status":"publish","type":"post","link":"https:\/\/www.radiopiu.net\/wordpress\/nominato-il-nuovo-primario-di-geriatria-di-feltre\/","title":{"rendered":"NOMINATO IL NUOVO PRIMARIO DI GERIATRIA DI FELTRE"},"content":{"rendered":"<p><strong><a class=\"dt-pswp-item\" href=\"https:\/\/www.radiopiu.net\/wordpress\/wp-content\/uploads\/2019\/02\/ospedale-di-feltre.jpeg\" data-dt-img-description=\"\" data-large_image_width=\"650\" data-large_image_height=\"463\"><img loading=\"lazy\" decoding=\"async\" class=\"size-thumbnail wp-image-76822 alignleft\" src=\"https:\/\/www.radiopiu.net\/wordpress\/wp-content\/uploads\/2019\/02\/ospedale-di-feltre-150x150.jpeg\" alt=\"\" width=\"150\" height=\"150\" \/><\/a>BELLUNO <\/strong>Il Direttore Generale Maria Grazia Carraro ha nominato la dottoressa Cinzia Omiciuolo direttore della Geriatria di Feltre Classe 1974, di Pordenone, la dottoressa Omiciuolo si \u00e8 laureata in Medicina e Chirurgia a Trieste dove si \u00e8 poi specializzata in Geriatria. Attualmente \u00e8 direttore facente funzione della Geriatria dell\u2019Azienda Sanitaria Universitaria Giuliano Isontina di Trieste, dove ha gestito negli ultimi anni anche un reparto covid. Ha al suo attivo una ricca produzione scientifica, con pubblicazioni su importanti riviste nazionali e internazionali ed \u00e8 stata docente e tutor dei medici in formazione alla Scuola di specializzazione in Geriatria dell\u2019Universit\u00e0 di Trieste. Nell\u2019ambito dell\u2019attivit\u00e0 clinica e organizzativa svolta nei 16 anni di servizio all\u2019azienda sanitaria di Trieste, si \u00e8 occupata in particolare dello sviluppo del sistema di valutazione multidisciplinare dell\u2019anziano e dei piani personalizzati per favorire le dimissioni protette, di ortogeriatria e di osservazione breve geriatrica. \u00c8 membro del consiglio direttivo triveneto della societ\u00e0 di psicogeriatria, occupandosi in particolare dello sviluppo di progettualit\u00e0 riguardanti anziani con disturbi cognitivi. \u00ab<em>Un benvenuto al nuovo direttore della Geriatria di Feltre, certa che sapr\u00e0 fare squadra e mettere a frutto le sue precedenti esperienze cliniche e organizzative in questo territorio, con progettualit\u00e0 innovative per prendersi cura dei nostri anziani\u00bb, commenta il Direttore Generale Maria Grazia Carraro, \u00ab Colgo l\u2019occasione per ringraziare la facente funzione Jolanda Restelli che sta traghettando il reparto in questo periodo non facile<\/em>\u00bb.<\/p>\n<p>&nbsp;<\/p>\n<p>&nbsp;<\/p>\n<p>*****<\/p>\n","protected":false},"excerpt":{"rendered":"<p>BELLUNO Il Direttore Generale Maria Grazia Carraro ha nominato la dottoressa Cinzia Omiciuolo direttore della Geriatria di Feltre Classe 1974, di Pordenone, la dottoressa Omiciuolo si \u00e8 laureata in Medicina e Chirurgia a Trieste dove si \u00e8 poi specializzata in Geriatria. Attualmente \u00e8 direttore facente funzione della Geriatria dell\u2019Azienda Sanitaria Universitaria Giuliano Isontina di Trieste,&hellip;<\/p>\n","protected":false},"author":4,"featured_media":76822,"comment_status":"closed","ping_status":"closed","sticky":false,"template":"","format":"standard","meta":{"_monsterinsights_skip_tracking":false,"_monsterinsights_sitenote_active":false,"_monsterinsights_sitenote_note":"","_monsterinsights_sitenote_category":0,"footnotes":""},"categories":[49],"tags":[],"class_list":["post-275717","post","type-post","status-publish","format-standard","has-post-thumbnail","hentry","category-news-18","category-49","description-off"],"img_url":"https:\/\/www.radiopiu.net\/wordpress\/wp-content\/uploads\/2019\/02\/ospedale-di-feltre.jpeg","_links":{"self":[{"href":"https:\/\/www.radiopiu.net\/wordpress\/wp-json\/wp\/v2\/posts\/275717","targetHints":{"allow":["GET"]}}],"collection":[{"href":"https:\/\/www.radiopiu.net\/wordpress\/wp-json\/wp\/v2\/posts"}],"about":[{"href":"https:\/\/www.radiopiu.net\/wordpress\/wp-json\/wp\/v2\/types\/post"}],"author":[{"embeddable":true,"href":"https:\/\/www.radiopiu.net\/wordpress\/wp-json\/wp\/v2\/users\/4"}],"replies":[{"embeddable":true,"href":"https:\/\/www.radiopiu.net\/wordpress\/wp-json\/wp\/v2\/comments?post=275717"}],"version-history":[{"count":0,"href":"https:\/\/www.radiopiu.net\/wordpress\/wp-json\/wp\/v2\/posts\/275717\/revisions"}],"wp:featuredmedia":[{"embeddable":true,"href":"https:\/\/www.radiopiu.net\/wordpress\/wp-json\/wp\/v2\/media\/76822"}],"wp:attachment":[{"href":"https:\/\/www.radiopiu.net\/wordpress\/wp-json\/wp\/v2\/media?parent=275717"}],"wp:term":[{"taxonomy":"category","embeddable":true,"href":"https:\/\/www.radiopiu.net\/wordpress\/wp-json\/wp\/v2\/categories?post=275717"},{"taxonomy":"post_tag","embeddable":true,"href":"https:\/\/www.radiopiu.net\/wordpress\/wp-json\/wp\/v2\/tags?post=275717"}],"curies":[{"name":"wp","href":"https:\/\/api.w.org\/{rel}","templated":true}]}}