{"id":275729,"date":"2022-05-14T11:29:59","date_gmt":"2022-05-14T09:29:59","guid":{"rendered":"https:\/\/www.radiopiu.net\/wordpress\/?p=275729"},"modified":"2022-05-14T11:31:30","modified_gmt":"2022-05-14T09:31:30","slug":"la-sovrintendenza-boccia-la-cabina","status":"publish","type":"post","link":"https:\/\/www.radiopiu.net\/wordpress\/la-sovrintendenza-boccia-la-cabina\/","title":{"rendered":"LA SOVRINTENDENZA BOCCIA LA CABINA ELETTRICA DI VALLAZZA"},"content":{"rendered":"<p><strong><a class=\"dt-pswp-item\" href=\"https:\/\/www.radiopiu.net\/wordpress\/wp-content\/uploads\/2018\/07\/VIVAIO-DOLOMITI.jpg\" data-dt-img-description=\"\" data-large_image_width=\"247\" data-large_image_height=\"204\"><img loading=\"lazy\" decoding=\"async\" class=\"size-thumbnail wp-image-53894 alignleft\" src=\"https:\/\/www.radiopiu.net\/wordpress\/wp-content\/uploads\/2018\/07\/VIVAIO-DOLOMITI-150x150.jpg\" alt=\"\" width=\"150\" height=\"150\" \/><\/a>BELLUNO<\/strong> Ad annunciarlo \u00e8 Vivaio Dolomiti. La Sovrintendenza boccia la cabina elettrica di Vallazza. L&#8217;opera \u00e8 fondamentale per il territorio dell&#8217;alto Agordino poich\u00e9 permette di usare la corrente prodotta nel bellunese anche per le nostre zone e non solo per l&#8217;alto Adige. &#8220;<em>L&#8217;eterno equivoco per\u00f2 porta a produrre opere altamente impattanti e devastanti per il territorio da parte dei proponenti in nome della bont\u00e0 strategica dell&#8217;opera, che non \u00e8 in discussione &#8211; dicono da Vivaio Dolomiti &#8211;\u00a0 Bisogna progettare bene, non fare porcherie come la linea elettrica che attraversa la valle del Fodom limitando la vita e lo sviluppo delle frazioni. Enel e Terna un tempo progettavano bene, basta vedere le centrali e i manufatti degli anni \u201850 molto pi\u00f9 rispettosi dell&#8217;ambiente degli attuali, ma anche il progetto recente nell&#8217;isola di Capri ottenuto con un concorso di architettura. Quindi la morale resta, che bisogna costruire le opere necessarie ma con buoni progetti: nessuno si metterebbe nel proprio giardino una baracca di cemento e alluminio o un traliccio nel cortile &#8211; continuano dall&#8217;associazione &#8211; Quindi s\u00ec alle opere, ma costruite con criterio, perch\u00e9 le Dolomiti e la gente che le popola meritano rispetto come gli abitanti di Capri e quelli dell\u2019Alto Adige, dove la politica si impone sui progettisti. Ci stupiamo che altri enti anche locali abbiano dato parere positivo, sempre vittime del ricatto, o cos\u00ec o niente, come per la costruzione della linea Saviner Corvara. Politica locale sempre arrogante con i propri cittadini impossibilitati dalle norme a sviluppare le loro attivit\u00e0 e remissiva nei confronti dei poteri economici. La provincia di Belluno merita dei buoni progetti e una rete efficiente &#8211; concludono &#8211; Ben venga quindi la bocciatura del progetto fatto male altrimenti lo avremmo lasciato in eredit\u00e0 ai nostri figli. Fare subito e bene, perch\u00e9 siamo stanchi di progetti osceni per soddisfare le esigenze economiche degli azionisti dei grossi gruppi che guardano solo ai loro utili milionari<\/em>&#8220;.<\/p>\n<p>&nbsp;<\/p>\n<p>&nbsp;<\/p>\n<p>*****<\/p>\n","protected":false},"excerpt":{"rendered":"<p>BELLUNO Ad annunciarlo \u00e8 Vivaio Dolomiti. La Sovrintendenza boccia la cabina elettrica di Vallazza. L&#8217;opera \u00e8 fondamentale per il territorio dell&#8217;alto Agordino poich\u00e9 permette di usare la corrente prodotta nel bellunese anche per le nostre zone e non solo per l&#8217;alto Adige. &#8220;L&#8217;eterno equivoco per\u00f2 porta a produrre opere altamente impattanti e devastanti per il&hellip;<\/p>\n","protected":false},"author":4,"featured_media":53894,"comment_status":"closed","ping_status":"closed","sticky":false,"template":"","format":"standard","meta":{"_monsterinsights_skip_tracking":false,"_monsterinsights_sitenote_active":false,"_monsterinsights_sitenote_note":"","_monsterinsights_sitenote_category":0,"footnotes":""},"categories":[51,49],"tags":[],"class_list":["post-275729","post","type-post","status-publish","format-standard","has-post-thumbnail","hentry","category-evidenza-top","category-news-18","category-51","category-49","description-off"],"img_url":"https:\/\/www.radiopiu.net\/wordpress\/wp-content\/uploads\/2018\/07\/VIVAIO-DOLOMITI.jpg","_links":{"self":[{"href":"https:\/\/www.radiopiu.net\/wordpress\/wp-json\/wp\/v2\/posts\/275729","targetHints":{"allow":["GET"]}}],"collection":[{"href":"https:\/\/www.radiopiu.net\/wordpress\/wp-json\/wp\/v2\/posts"}],"about":[{"href":"https:\/\/www.radiopiu.net\/wordpress\/wp-json\/wp\/v2\/types\/post"}],"author":[{"embeddable":true,"href":"https:\/\/www.radiopiu.net\/wordpress\/wp-json\/wp\/v2\/users\/4"}],"replies":[{"embeddable":true,"href":"https:\/\/www.radiopiu.net\/wordpress\/wp-json\/wp\/v2\/comments?post=275729"}],"version-history":[{"count":0,"href":"https:\/\/www.radiopiu.net\/wordpress\/wp-json\/wp\/v2\/posts\/275729\/revisions"}],"wp:featuredmedia":[{"embeddable":true,"href":"https:\/\/www.radiopiu.net\/wordpress\/wp-json\/wp\/v2\/media\/53894"}],"wp:attachment":[{"href":"https:\/\/www.radiopiu.net\/wordpress\/wp-json\/wp\/v2\/media?parent=275729"}],"wp:term":[{"taxonomy":"category","embeddable":true,"href":"https:\/\/www.radiopiu.net\/wordpress\/wp-json\/wp\/v2\/categories?post=275729"},{"taxonomy":"post_tag","embeddable":true,"href":"https:\/\/www.radiopiu.net\/wordpress\/wp-json\/wp\/v2\/tags?post=275729"}],"curies":[{"name":"wp","href":"https:\/\/api.w.org\/{rel}","templated":true}]}}