{"id":275803,"date":"2022-05-14T18:04:12","date_gmt":"2022-05-14T16:04:12","guid":{"rendered":"https:\/\/www.radiopiu.net\/wordpress\/?p=275803"},"modified":"2022-05-14T18:42:34","modified_gmt":"2022-05-14T16:42:34","slug":"incidente-ad-avoscan-due-persone-coinvolte-una-elitrasportata-a-treviso","status":"publish","type":"post","link":"https:\/\/www.radiopiu.net\/wordpress\/incidente-ad-avoscan-due-persone-coinvolte-una-elitrasportata-a-treviso\/","title":{"rendered":"INCIDENTE AD AVOSCAN. DUE PERSONE COINVOLTE. UNA ELITRASPORTATA A TREVISO"},"content":{"rendered":"<p><strong><a class=\"dt-pswp-item\" href=\"https:\/\/www.radiopiu.net\/wordpress\/wp-content\/uploads\/2022\/05\/Schermata-2022-05-14-alle-17.06.49.png\" data-dt-img-description=\"\" data-large_image_width=\"874\" data-large_image_height=\"636\"><img loading=\"lazy\" decoding=\"async\" class=\"size-thumbnail wp-image-275804 alignleft\" src=\"https:\/\/www.radiopiu.net\/wordpress\/wp-content\/uploads\/2022\/05\/Schermata-2022-05-14-alle-17.06.49-150x150.png\" alt=\"\" width=\"150\" height=\"150\" \/><\/a>CENCENIGHE <\/strong>\u00c8 di due feriti di cui uno elitrasportato a Treviso il bilancio dell&#8217;incidente ad Avoscan di Cencenighe, poco prima del ponte Ghisel scendendo da Alleghe. Coinvolte due autovetture, una Fiat Panda e una Mitsubishi Pajero. Ad avere la peggio il conducente della Panda, Don Vito De Vido parroco di Canale D&#8217;Agordo, che \u00e8 stato elitrasportato all&#8217;ospedale Ca&#8217; Foncello di Treviso. Alla guida del fuoristrada una cittadina rumena residente ad Alleghe che \u00e8 stata portata all&#8217;ospedale di Agordo. Al momento non si conosce la prognosi delle due persone coinvolte nello scontro. La dinamica dell&#8217;incidente \u00e8 in corso di accertamento. Sul posto i Carabinieri, Vigili del Fuoco e ambulanza. La strada \u00e8 rimasta chiusa pi\u00f9 di un&#8217;ora per permettere i soccorsi e i rilievi del caso.<\/p>\n<p>&nbsp;<\/p>\n<p>&nbsp;<\/p>\n<p>*****<\/p>\n","protected":false},"excerpt":{"rendered":"<p>CENCENIGHE \u00c8 di due feriti di cui uno elitrasportato a Treviso il bilancio dell&#8217;incidente ad Avoscan di Cencenighe, poco prima del ponte Ghisel scendendo da Alleghe. Coinvolte due autovetture, una Fiat Panda e una Mitsubishi Pajero. Ad avere la peggio il conducente della Panda, Don Vito De Vido parroco di Canale D&#8217;Agordo, che \u00e8 stato&hellip;<\/p>\n","protected":false},"author":4,"featured_media":275804,"comment_status":"closed","ping_status":"closed","sticky":false,"template":"","format":"standard","meta":{"_monsterinsights_skip_tracking":false,"_monsterinsights_sitenote_active":false,"_monsterinsights_sitenote_note":"","_monsterinsights_sitenote_category":0,"footnotes":""},"categories":[51,49],"tags":[],"class_list":["post-275803","post","type-post","status-publish","format-standard","has-post-thumbnail","hentry","category-evidenza-top","category-news-18","category-51","category-49","description-off"],"img_url":"https:\/\/www.radiopiu.net\/wordpress\/wp-content\/uploads\/2022\/05\/Schermata-2022-05-14-alle-17.06.49.png","_links":{"self":[{"href":"https:\/\/www.radiopiu.net\/wordpress\/wp-json\/wp\/v2\/posts\/275803","targetHints":{"allow":["GET"]}}],"collection":[{"href":"https:\/\/www.radiopiu.net\/wordpress\/wp-json\/wp\/v2\/posts"}],"about":[{"href":"https:\/\/www.radiopiu.net\/wordpress\/wp-json\/wp\/v2\/types\/post"}],"author":[{"embeddable":true,"href":"https:\/\/www.radiopiu.net\/wordpress\/wp-json\/wp\/v2\/users\/4"}],"replies":[{"embeddable":true,"href":"https:\/\/www.radiopiu.net\/wordpress\/wp-json\/wp\/v2\/comments?post=275803"}],"version-history":[{"count":0,"href":"https:\/\/www.radiopiu.net\/wordpress\/wp-json\/wp\/v2\/posts\/275803\/revisions"}],"wp:featuredmedia":[{"embeddable":true,"href":"https:\/\/www.radiopiu.net\/wordpress\/wp-json\/wp\/v2\/media\/275804"}],"wp:attachment":[{"href":"https:\/\/www.radiopiu.net\/wordpress\/wp-json\/wp\/v2\/media?parent=275803"}],"wp:term":[{"taxonomy":"category","embeddable":true,"href":"https:\/\/www.radiopiu.net\/wordpress\/wp-json\/wp\/v2\/categories?post=275803"},{"taxonomy":"post_tag","embeddable":true,"href":"https:\/\/www.radiopiu.net\/wordpress\/wp-json\/wp\/v2\/tags?post=275803"}],"curies":[{"name":"wp","href":"https:\/\/api.w.org\/{rel}","templated":true}]}}