{"id":275828,"date":"2022-05-15T10:21:06","date_gmt":"2022-05-15T08:21:06","guid":{"rendered":"https:\/\/www.radiopiu.net\/wordpress\/?p=275828"},"modified":"2022-05-15T10:21:06","modified_gmt":"2022-05-15T08:21:06","slug":"collage-operazione-nostalgia-via-col-vento","status":"publish","type":"post","link":"https:\/\/www.radiopiu.net\/wordpress\/collage-operazione-nostalgia-via-col-vento\/","title":{"rendered":"COLLAGE OPERAZIONE NOSTALGIA, \u201cVIA COL VENTO\u201d"},"content":{"rendered":"<p><strong><a class=\"dt-pswp-item\" href=\"https:\/\/www.radiopiu.net\/wordpress\/wp-content\/uploads\/2022\/05\/Ben-E-King.jpg\" data-dt-img-description=\"\" data-large_image_width=\"200\" data-large_image_height=\"198\"><img loading=\"lazy\" decoding=\"async\" class=\"size-thumbnail wp-image-275829 alignleft\" src=\"https:\/\/www.radiopiu.net\/wordpress\/wp-content\/uploads\/2022\/05\/Ben-E-King-150x150.jpg\" alt=\"\" width=\"150\" height=\"150\" srcset=\"https:\/\/www.radiopiu.net\/wordpress\/wp-content\/uploads\/2022\/05\/Ben-E-King-150x150.jpg 150w, https:\/\/www.radiopiu.net\/wordpress\/wp-content\/uploads\/2022\/05\/Ben-E-King.jpg 200w\" sizes=\"auto, (max-width: 150px) 100vw, 150px\" \/><\/a>di Loris Scussel<\/strong><\/p>\n<p>La settimana di Collage operazione nostalgia si aprir\u00e0 all\u2019insegna del vento con una selezione di brani dedicati a questo fenomeno atmosferico, marted\u00ec e mercoled\u00ec proporremo successi internazionali degli anni 50 e 60 mentre gioved\u00ec e venerd\u00ec daremo spazio alla musica italiana con due puntate dedicate rispettivamente ai complessi ed ai cantautori. Collage va in onda dal luned\u00ec al venerd\u00ec alle 16,00 e alle 23,00 naturalmente su Radio Pi\u00f9.<\/p>\n<p>&nbsp;<\/p>\n<p>&nbsp;<\/p>\n<p>&nbsp;<\/p>\n<p>*****<\/p>\n<p>&nbsp;<\/p>\n","protected":false},"excerpt":{"rendered":"<p>di Loris Scussel La settimana di Collage operazione nostalgia si aprir\u00e0 all\u2019insegna del vento con una selezione di brani dedicati a questo fenomeno atmosferico, marted\u00ec e mercoled\u00ec proporremo successi internazionali degli anni 50 e 60 mentre gioved\u00ec e venerd\u00ec daremo spazio alla musica italiana con due puntate dedicate rispettivamente ai complessi ed ai cantautori. Collage&hellip;<\/p>\n","protected":false},"author":4,"featured_media":275829,"comment_status":"closed","ping_status":"closed","sticky":false,"template":"","format":"standard","meta":{"_monsterinsights_skip_tracking":false,"_monsterinsights_sitenote_active":false,"_monsterinsights_sitenote_note":"","_monsterinsights_sitenote_category":0,"footnotes":""},"categories":[49],"tags":[],"class_list":["post-275828","post","type-post","status-publish","format-standard","has-post-thumbnail","hentry","category-news-18","category-49","description-off"],"img_url":"https:\/\/www.radiopiu.net\/wordpress\/wp-content\/uploads\/2022\/05\/Ben-E-King.jpg","_links":{"self":[{"href":"https:\/\/www.radiopiu.net\/wordpress\/wp-json\/wp\/v2\/posts\/275828","targetHints":{"allow":["GET"]}}],"collection":[{"href":"https:\/\/www.radiopiu.net\/wordpress\/wp-json\/wp\/v2\/posts"}],"about":[{"href":"https:\/\/www.radiopiu.net\/wordpress\/wp-json\/wp\/v2\/types\/post"}],"author":[{"embeddable":true,"href":"https:\/\/www.radiopiu.net\/wordpress\/wp-json\/wp\/v2\/users\/4"}],"replies":[{"embeddable":true,"href":"https:\/\/www.radiopiu.net\/wordpress\/wp-json\/wp\/v2\/comments?post=275828"}],"version-history":[{"count":0,"href":"https:\/\/www.radiopiu.net\/wordpress\/wp-json\/wp\/v2\/posts\/275828\/revisions"}],"wp:featuredmedia":[{"embeddable":true,"href":"https:\/\/www.radiopiu.net\/wordpress\/wp-json\/wp\/v2\/media\/275829"}],"wp:attachment":[{"href":"https:\/\/www.radiopiu.net\/wordpress\/wp-json\/wp\/v2\/media?parent=275828"}],"wp:term":[{"taxonomy":"category","embeddable":true,"href":"https:\/\/www.radiopiu.net\/wordpress\/wp-json\/wp\/v2\/categories?post=275828"},{"taxonomy":"post_tag","embeddable":true,"href":"https:\/\/www.radiopiu.net\/wordpress\/wp-json\/wp\/v2\/tags?post=275828"}],"curies":[{"name":"wp","href":"https:\/\/api.w.org\/{rel}","templated":true}]}}