{"id":275930,"date":"2022-05-15T23:55:20","date_gmt":"2022-05-15T21:55:20","guid":{"rendered":"https:\/\/www.radiopiu.net\/wordpress\/?p=275930"},"modified":"2022-05-16T05:39:43","modified_gmt":"2022-05-16T03:39:43","slug":"lagordina-chiude-la-stagione-con-una-vittoria-il-keralpen-spadroneggia-con-il-saronecaneva","status":"publish","type":"post","link":"https:\/\/www.radiopiu.net\/wordpress\/lagordina-chiude-la-stagione-con-una-vittoria-il-keralpen-spadroneggia-con-il-saronecaneva\/","title":{"rendered":"L&#8217;AGORDINA CHIUDE LA STAGIONE CON UNA VITTORIA. IL KERALPEN SPADRONEGGIA CON IL SARONECANEVA"},"content":{"rendered":"<p><strong><a class=\"dt-pswp-item\" href=\"https:\/\/www.radiopiu.net\/wordpress\/wp-content\/uploads\/2022\/05\/AGORDINA-2022.png\" data-dt-img-description=\"\" data-large_image_width=\"1500\" data-large_image_height=\"953\"><img loading=\"lazy\" decoding=\"async\" class=\"alignleft wp-image-275088 \" src=\"https:\/\/www.radiopiu.net\/wordpress\/wp-content\/uploads\/2022\/05\/AGORDINA-2022-300x191.png\" alt=\"\" width=\"220\" height=\"140\" srcset=\"https:\/\/www.radiopiu.net\/wordpress\/wp-content\/uploads\/2022\/05\/AGORDINA-2022-300x191.png 300w, https:\/\/www.radiopiu.net\/wordpress\/wp-content\/uploads\/2022\/05\/AGORDINA-2022-1024x651.png 1024w, https:\/\/www.radiopiu.net\/wordpress\/wp-content\/uploads\/2022\/05\/AGORDINA-2022-768x488.png 768w, https:\/\/www.radiopiu.net\/wordpress\/wp-content\/uploads\/2022\/05\/AGORDINA-2022.png 1500w\" sizes=\"auto, (max-width: 220px) 100vw, 220px\" \/><\/a>SECONDA CATEGORIA GIR. T \/ TARZO REVINE LAGO \u2013 AGORDINA 0-2 (Gol Agordina: Fossen, Zannoni)<\/strong><\/p>\n<p>Si chiude con una vittoria il campionato dell\u2019Agordina. Dopo un primo tempo a reti inviolate, la squadra allenata da Lorenzi ingrana la marcia giusta e chiude la sfida contro il Tarzo Revine Lago. I trevigiani, gi\u00e0 retrocessi, hanno giocato a testa alta concedendo poco agli agordini. Salvezza per l\u2019Agordina che la prossima stagione ripartir\u00e0 dal campionato regionale di Seconda Categoria. Il caldo la fa da padrona e le squadre sembrano voler partire con il freno a mano tirato. Si gioca prevalentemente a centro campo e il primo tiro in porta stenta ad arrivare. Le due compagini non si impegnano pi\u00f9 di tanto. I ragazzi di Lorenzi provano a farsi vedere vicino all\u2019area avversaria ma senza trovare conclusioni verso la porta. Continua ad attaccare la squadra di Agordo ma non riesce a trovare il gol che potrebbe sbloccare la gara e si va al riposo a reti inviolate. Ad inizio ripresa a farsi pericolosa \u00e8 l\u2019Agordina che sfiora il vantaggio con un bel tiro da fuori che diventa per\u00f2 preda del portiere trevigiano. Dopo una serie di conclusioni andate a vuoto la formazione di Lorenzi passa in vantaggio. Tutto grazie ad una bella conclusione dell\u2019appena entrato Fossen. Ci prendono gusto gli agordini che subito dopo ci riprovano con Paganin ma il pallone sorvola la traversa di poco. \u00c8 solo il preludio al raddoppio che arriva da un calcio di rigore di Zannoni<\/p>\n<p>&nbsp;<\/p>\n<p><strong>GIOVANISSIMI PROVINCIALI \/ AGORDINA \u2013 LIMANA 2-1<\/strong><\/p>\n<p>L&#8217;Agordina blocca la corsa del Limana e si porta alle spalle della Plavis con cui si scontrer\u00e0 la prossima settimana per definire la conquista del 4\u00b0 posto della classifica. La partita col Limana \u00e8 stata battaglia vera. Dopo un inizio cos\u00ec cos\u00ec, gli Agordini si sono fatti pi\u00f9 ordinati, interpretando meglio la gara e andando a chiudere il primo tempo in sostanziale parit\u00e0. Nella ripresa passa subito il Limana con una bella azione in velocit\u00e0 favorita da un errore in costruzione della difesa dei padroni di casa. Il Limana non riesce a chiudere la partita, anche per un paio di buoni interventi dell&#8217;estremo Costa e l&#8217;Agordina ne approfitta, coronando il suo impegno, sfruttando i due calci di rigore assegnati e trasformati da Cristian Roni.<\/p>\n<p>&nbsp;<\/p>\n<p><strong><a class=\"dt-pswp-item\" href=\"https:\/\/www.radiopiu.net\/wordpress\/wp-content\/uploads\/2022\/05\/280714414_5211597505567172_7928477813318432769_n.jpg\" data-dt-img-description=\"\" data-large_image_width=\"960\" data-large_image_height=\"489\"><img loading=\"lazy\" decoding=\"async\" class=\"alignright wp-image-275931 \" src=\"https:\/\/www.radiopiu.net\/wordpress\/wp-content\/uploads\/2022\/05\/280714414_5211597505567172_7928477813318432769_n-300x153.jpg\" alt=\"\" width=\"241\" height=\"123\" srcset=\"https:\/\/www.radiopiu.net\/wordpress\/wp-content\/uploads\/2022\/05\/280714414_5211597505567172_7928477813318432769_n-300x153.jpg 300w, https:\/\/www.radiopiu.net\/wordpress\/wp-content\/uploads\/2022\/05\/280714414_5211597505567172_7928477813318432769_n-768x391.jpg 768w, https:\/\/www.radiopiu.net\/wordpress\/wp-content\/uploads\/2022\/05\/280714414_5211597505567172_7928477813318432769_n.jpg 960w\" sizes=\"auto, (max-width: 241px) 100vw, 241px\" \/><\/a>ALLIEVI REGIONALI \/ AGORDINA \u2013 CONEGLIANO 1-3<\/strong><\/p>\n<p>Una salvezza sul filo di lana. La si pu\u00f2 considerare cos\u00ec la stagione dell\u2019Agordina Allievi che ha giocato domenica mattina l\u2019ultima sfida di campionato contro il Conegliano. I ragazzi di Agordo perdono ma festeggiano la rimanenza nel campionato regionale visto che la diretta avversaria in classifica, il Barbisano, non ha fatto punti. Primo tempo equilibrato con Mezzacasa che porta in vantaggio gli agordini su calcio di rigore. I trevigiani pareggiano i conti a pochi minuti dal termine della prima frazione. Nella ripresa il Conegliano punisce l\u2019Agordina su due disattenzioni difensive. Obbiettivo stagionale raggiunto per la formazione allenata da Orzetti che nelle ultime giornate ha dato il meglio di s\u00e9.<\/p>\n<p>&nbsp;<\/p>\n<p><strong>JUNIORES REGIONALI \/ AGORDINA \u2013 CAVARZANO 2-5<\/strong><\/p>\n<p>Termina con una sconfitta la stagione dell\u2019Agordina Juniores che contro il Cavarzano non riesce ad incamerare punti. Un finale di stagione thriller per i ragazzi di Roberto Fontanive che nel giro di poche settimane si sono ritrovati dal lottare per i playout alla retrocessione matematica. La squadra di Agordo ripartir\u00e0 dal campionato provinciale il prossimo anno anche se in questa stagione le aspettative erano altre. Per quanto riguarda la partita di sabato l\u2019Agordina \u00e8 andata a segno con De Col\u00f2 e Del Chin, due gol che non sono bastati a mettere paura alla terza forza del campionato. Si chiude la stagione per la Juniores dell\u2019Agordina con l\u2019amaro in bocca di aver potuto fare meglio nelle ultime partite.<\/p>\n<p>&nbsp;<\/p>\n<p><strong>JUNIORES PROVINCIALI \u2013 COPPA VALBELLUNA \/ FIORI BARP<\/strong><\/p>\n<p>Giornata di riposo<\/p>\n<p>&nbsp;<\/p>\n<p><strong><a class=\"dt-pswp-item\" href=\"https:\/\/www.radiopiu.net\/wordpress\/wp-content\/uploads\/2022\/05\/be86c96d-5a2d-494f-aaef-10c69c43f659.jpg\" data-dt-img-description=\"\" data-large_image_width=\"2016\" data-large_image_height=\"1512\"><img loading=\"lazy\" decoding=\"async\" class=\"alignleft wp-image-275932 \" src=\"https:\/\/www.radiopiu.net\/wordpress\/wp-content\/uploads\/2022\/05\/be86c96d-5a2d-494f-aaef-10c69c43f659-300x225.jpg\" alt=\"\" width=\"162\" height=\"121\" srcset=\"https:\/\/www.radiopiu.net\/wordpress\/wp-content\/uploads\/2022\/05\/be86c96d-5a2d-494f-aaef-10c69c43f659-300x225.jpg 300w, https:\/\/www.radiopiu.net\/wordpress\/wp-content\/uploads\/2022\/05\/be86c96d-5a2d-494f-aaef-10c69c43f659-1024x768.jpg 1024w, https:\/\/www.radiopiu.net\/wordpress\/wp-content\/uploads\/2022\/05\/be86c96d-5a2d-494f-aaef-10c69c43f659-768x576.jpg 768w, https:\/\/www.radiopiu.net\/wordpress\/wp-content\/uploads\/2022\/05\/be86c96d-5a2d-494f-aaef-10c69c43f659-1536x1152.jpg 1536w, https:\/\/www.radiopiu.net\/wordpress\/wp-content\/uploads\/2022\/05\/be86c96d-5a2d-494f-aaef-10c69c43f659.jpg 2016w\" sizes=\"auto, (max-width: 162px) 100vw, 162px\" \/><\/a>ECCELLENZA FEMMINILE 2\u00aa FASE \/ <\/strong><strong>KERALPEN \u2013 SARONECANEVA 7-3 (Gol Keralpen: 4 Sommariva, 2 Conedera, Rosson)<\/strong><\/p>\n<p>Sagra del gol per il Keralpen che supera il Saronecaneva con 5 reti di scarto. Dopo un primo tempo con poche emozioni, la sfida si accende nella ripresa con le bellunesi che trovano un gol dietro l\u2019altro. Tre punti meritati dopo una partita che ha visto le padrone di casa dominare in lungo e in largo. Passa in vantaggio il Keralpen con Sommariva al 23\u2019 ma subito dopo le ospiti pareggiano. Saronecaneva che chiude la prima frazione in vantaggio con un gol arrivato in pieno recupero. Le bellunesi si scatenano nella ripresa e vanno a segno con Conedera, che pareggia i conti. Sommariva che trova altre tre marcature tra la doppietta di Conedera e la rete di Rosson.<\/p>\n<p>&nbsp;<\/p>\n<p>&nbsp;<\/p>\n<p>******<\/p>\n","protected":false},"excerpt":{"rendered":"<p>SECONDA CATEGORIA GIR. T \/ TARZO REVINE LAGO \u2013 AGORDINA 0-2 (Gol Agordina: Fossen, Zannoni) Si chiude con una vittoria il campionato dell\u2019Agordina. Dopo un primo tempo a reti inviolate, la squadra allenata da Lorenzi ingrana la marcia giusta e chiude la sfida contro il Tarzo Revine Lago. I trevigiani, gi\u00e0 retrocessi, hanno giocato a&hellip;<\/p>\n","protected":false},"author":4,"featured_media":275931,"comment_status":"closed","ping_status":"closed","sticky":false,"template":"","format":"standard","meta":{"_monsterinsights_skip_tracking":false,"_monsterinsights_sitenote_active":false,"_monsterinsights_sitenote_note":"","_monsterinsights_sitenote_category":0,"footnotes":""},"categories":[104,49],"tags":[],"class_list":["post-275930","post","type-post","status-publish","format-standard","has-post-thumbnail","hentry","category-evidenza_3","category-news-18","category-104","category-49","description-off"],"img_url":"https:\/\/www.radiopiu.net\/wordpress\/wp-content\/uploads\/2022\/05\/280714414_5211597505567172_7928477813318432769_n.jpg","_links":{"self":[{"href":"https:\/\/www.radiopiu.net\/wordpress\/wp-json\/wp\/v2\/posts\/275930","targetHints":{"allow":["GET"]}}],"collection":[{"href":"https:\/\/www.radiopiu.net\/wordpress\/wp-json\/wp\/v2\/posts"}],"about":[{"href":"https:\/\/www.radiopiu.net\/wordpress\/wp-json\/wp\/v2\/types\/post"}],"author":[{"embeddable":true,"href":"https:\/\/www.radiopiu.net\/wordpress\/wp-json\/wp\/v2\/users\/4"}],"replies":[{"embeddable":true,"href":"https:\/\/www.radiopiu.net\/wordpress\/wp-json\/wp\/v2\/comments?post=275930"}],"version-history":[{"count":0,"href":"https:\/\/www.radiopiu.net\/wordpress\/wp-json\/wp\/v2\/posts\/275930\/revisions"}],"wp:featuredmedia":[{"embeddable":true,"href":"https:\/\/www.radiopiu.net\/wordpress\/wp-json\/wp\/v2\/media\/275931"}],"wp:attachment":[{"href":"https:\/\/www.radiopiu.net\/wordpress\/wp-json\/wp\/v2\/media?parent=275930"}],"wp:term":[{"taxonomy":"category","embeddable":true,"href":"https:\/\/www.radiopiu.net\/wordpress\/wp-json\/wp\/v2\/categories?post=275930"},{"taxonomy":"post_tag","embeddable":true,"href":"https:\/\/www.radiopiu.net\/wordpress\/wp-json\/wp\/v2\/tags?post=275930"}],"curies":[{"name":"wp","href":"https:\/\/api.w.org\/{rel}","templated":true}]}}