{"id":275962,"date":"2022-05-17T06:00:17","date_gmt":"2022-05-17T04:00:17","guid":{"rendered":"https:\/\/www.radiopiu.net\/wordpress\/?p=275962"},"modified":"2022-05-17T10:24:01","modified_gmt":"2022-05-17T08:24:01","slug":"giornale-radiopiu-17-maggio-2022-direttore-mirko-mezzacasa","status":"publish","type":"post","link":"https:\/\/www.radiopiu.net\/wordpress\/giornale-radiopiu-17-maggio-2022-direttore-mirko-mezzacasa\/","title":{"rendered":"GIORNALE RADIOPIU 17 MAGGIO 2022 DIRETTORE MIRKO MEZZACASA"},"content":{"rendered":"<h3 class=\"kvgmc6g5 cxmmr5t8 oygrvhab hcukyx3x c1et5uql\"><span style=\"color: #0000ff;\"><strong>RADIO PIU INFORMAZIONE il canale su TELEGRAM informazione di prima\u00a0 <\/strong><\/span><span style=\"color: #0000ff;\"><strong>mano e in tempo reale. iscriviti ed aiutaci a farlo conoscere\u00a0\u00a0<\/strong><\/span><\/h3>\n<p>&nbsp;<\/p>\n<p>&nbsp;<\/p>\n<hr \/>\n<p>&nbsp;<\/p>\n<blockquote>\n<h3>SP 3 DELLA VAL IMPERINA CHIUSA A FASCE ORARIE DAL 19 AL 27 MAGGIO<\/h3>\n<\/blockquote>\n<p><strong><a class=\"dt-pswp-item\" href=\"https:\/\/www.radiopiu.net\/wordpress\/wp-content\/uploads\/2020\/05\/VENETO-STRADE.png\" data-dt-img-description=\"\" data-large_image_width=\"400\" data-large_image_height=\"400\"><img loading=\"lazy\" decoding=\"async\" class=\"size-thumbnail wp-image-135574 alignleft\" src=\"https:\/\/www.radiopiu.net\/wordpress\/wp-content\/uploads\/2020\/05\/VENETO-STRADE-150x150.png\" alt=\"\" width=\"150\" height=\"150\" srcset=\"https:\/\/www.radiopiu.net\/wordpress\/wp-content\/uploads\/2020\/05\/VENETO-STRADE-150x150.png 150w, https:\/\/www.radiopiu.net\/wordpress\/wp-content\/uploads\/2020\/05\/VENETO-STRADE-300x300.png 300w, https:\/\/www.radiopiu.net\/wordpress\/wp-content\/uploads\/2020\/05\/VENETO-STRADE.png 400w\" sizes=\"auto, (max-width: 150px) 100vw, 150px\" \/><\/a> <\/strong><\/p>\n<p><strong>\u00a0<\/strong><\/p>\n<p><strong>SEDICO<\/strong> Veneto Strade comunica la chiusura della SP 3 della Val Imperina, in comune di Gosaldo, dal 19 al 27 maggio. La chiusura avverr\u00e0 a fasce orarie: dalle 8 alle 12:45, Dalle 13:45 alle 16 e dalle 16:30 alle 18. Durante le aperture istituzione di senso unico alternato regolato da movieri.<\/p>\n<p>&nbsp;<\/p>\n<p>&nbsp;<\/p>\n<p>&nbsp;<\/p>\n<hr \/>\n<p>&nbsp;<\/p>\n<blockquote>\n<h2>RITROVATO PRIVO DI VITA L&#8217;ANZIANO SCOMPARSO AD AURONZO<\/h2>\n<\/blockquote>\n<p><strong><a class=\"dt-pswp-item\" href=\"https:\/\/www.radiopiu.net\/wordpress\/wp-content\/uploads\/2022\/05\/SSSS.png\" data-dt-img-description=\"\" data-large_image_width=\"337\" data-large_image_height=\"348\"><img loading=\"lazy\" decoding=\"async\" class=\" wp-image-276182 alignleft\" src=\"https:\/\/www.radiopiu.net\/wordpress\/wp-content\/uploads\/2022\/05\/SSSS-150x150.png\" alt=\"\" width=\"123\" height=\"123\" \/><\/a>AURONZO DI CADORE<\/strong> L&#8217;anziano che mancava da ieri mattina, uscito per una passeggiata nei boschi\u00a0 a lui conosciuti \u00e8 stato ritrovato ieri a met\u00e0 mattinata,\u00a0 privo di vita,\u00a0 in un prato vicino ad Auronzo in localit\u00e0 Soccosta, un malore la causa del decesso.<\/p>\n<blockquote><p>All&#8217;alba il Soccorso alpino di Auronzo assieme al Sagf di Auronzo, ai Vigili del fuoco, ai Carabinieri\u00a0 aveva ripreso le ricerche\u00a0 di Giuseppe De Silvestro, 78enne del posto, camminatore abituale, uscito per un giro nei boschi domenica mattina alle 11.30, senza indicare la meta e senza cellulare. Alle 16 del pomeriggio i famigliari hanno allertato i soccorsi, le ricerche si erano concluse in serata per riprendere ieri mattina non appena le condizioni di luce lo hanno permesso. Le perlustrazioni si erano\u00a0 concentrate nella zona di Soccosta, sotto le ex funivie.<\/p><\/blockquote>\n<p>&nbsp;<\/p>\n<hr \/>\n<p>&nbsp;<\/p>\n<blockquote>\n<h3>DALLA CISL IL COMMOSSO SALUTO A GIORGIO D&#8217;INCA&#8217;<\/h3>\n<\/blockquote>\n<p><strong><a class=\"dt-pswp-item\" href=\"https:\/\/www.radiopiu.net\/wordpress\/wp-content\/uploads\/2022\/05\/DInca-Giorgio.jpg\" data-dt-img-description=\"\" data-large_image_width=\"486\" data-large_image_height=\"600\"><img loading=\"lazy\" decoding=\"async\" class=\" wp-image-276079 alignleft\" src=\"https:\/\/www.radiopiu.net\/wordpress\/wp-content\/uploads\/2022\/05\/DInca-Giorgio-150x150.jpg\" alt=\"\" width=\"127\" height=\"127\" \/><\/a>BELLUNO<\/strong> <span style=\"color: #000000; font-family: Helvetica;\">Cordoglio della Cisl bellunese per la scomparsa a 82 anni, di Giorgio D\u2019Inc\u00e0, ex sindacalista Cisl e attivo collaboratore anche da pensionato della Cisl Fnp e del patronato Inas. D\u2019Inc\u00e0 \u00e8 stato dal 1978 al 1990 componente della segreteria della Federazione degli ospedalieri (Fisos), poi confluita nella Federazione della Funzione Pubblica. Ragioniere, era un lavoratore amministrativo della Ulss bellunese. Una volta raggiunta l\u2019et\u00e0 della pensione, ha proseguito il suo impegno sindacale collaborando con la Federazione dei pensionati di Belluno, diventando responsabile dei \u201craggruppamenti tecnici\u201d del settore del pubblico impiego, e con il patronato Inas per quanto riguarda le pratiche dei dipendenti della pubblica amministrazione. <\/span><span style=\"color: #000000; font-family: Helvetica;\">\u00c8 stato inoltre revisore dei conti della Cisl Fnp di Belluno e dell\u2019Anteas provinciale. <\/span><span style=\"color: #000000; font-family: Helvetica;\">Ex colleghi e collaboratori lo ricordano come un sindacalista molto attento alle esigenze delle persone e come un uomo garbato nei modi e con una enorme disponibilit\u00e0 nei confronti degli altri, con grande capacit\u00e0 di ascolto e di interpretazione dei bisogni dell\u2019utenza. <\/span><span style=\"color: #000000; font-family: Helvetica;\">D\u2019Inc\u00e0 si \u00e8 spento domenica 15. Lascia la moglie Edda e le figlie Francesca e Giorgia. <\/span><span style=\"color: #000000; font-family: Helvetica;\">I funerali si terranno mercoled\u00ec 18 alle 10.30 nella chiesa di Cavarzano. <\/span><\/p>\n<blockquote>\n<div align=\"left\"><em><span style=\"color: #000000; font-family: Helvetica;\">\u201cEsprimiamo la nostra vicinanza alla moglie e alle figlie &#8211; dice Massimiliano Paglini, segretario generale della Cisl Belluno Treviso -, D\u2019Inc\u00e0 \u00e8 stato un sindacalista stimato da tutti e il suo impegno nella Cisl di Belluno \u00e8 stato importante, costante e prezioso anche dopo il pensionamento, quando ha continuato a rendersi disponibile come operatore di grande esperienza per la Federazione dei pensionati e per il patronato\u201d.<\/span><\/em><\/div>\n<\/blockquote>\n<p>&nbsp;<\/p>\n<hr \/>\n<p>&nbsp;<\/p>\n<p>&nbsp;<\/p>\n<blockquote>\n<h3><strong>MORTE DI\u00a0 ANGELO DE PAOLI, IL CORDOGLIO DI CONFINDUSTRIA BELLUNO DOLOMITI<\/strong><\/h3>\n<\/blockquote>\n<p><strong>\u00a0di MORENO GIOLI<br \/>\n<\/strong><\/p>\n<audio class=\"wp-audio-shortcode\" id=\"audio-275962-1\" preload=\"none\" style=\"width: 100%;\" controls=\"controls\"><source type=\"audio\/mpeg\" src=\"https:\/\/www.radiopiu.net\/wordpress\/wp-content\/uploads\/2022\/05\/MORENO.mp3?_=1\" \/><a href=\"https:\/\/www.radiopiu.net\/wordpress\/wp-content\/uploads\/2022\/05\/MORENO.mp3\">https:\/\/www.radiopiu.net\/wordpress\/wp-content\/uploads\/2022\/05\/MORENO.mp3<\/a><\/audio>\n<p><strong>\u00a0<\/strong><\/p>\n<p>&nbsp;<\/p>\n<hr \/>\n<p>&nbsp;<\/p>\n<blockquote>\n<h3><a class=\"dt-pswp-item\" href=\"https:\/\/www.radiopiu.net\/wordpress\/wp-content\/uploads\/2022\/05\/BBBB.jpg\" data-dt-img-description=\"\" data-large_image_width=\"210\" data-large_image_height=\"283\"><img loading=\"lazy\" decoding=\"async\" class=\" wp-image-275673 alignleft\" src=\"https:\/\/www.radiopiu.net\/wordpress\/wp-content\/uploads\/2022\/05\/BBBB-150x150.jpg\" alt=\"\" width=\"91\" height=\"91\" \/><\/a> DOMANI I FUNERALI DI DON BORTOLO LINO DEL FAVERO<\/h3>\n<\/blockquote>\n<p><strong>BELLUNO<\/strong> Si terranno domani alle 15 in Duomo a Belluno i funerali di Don Bortolo Lino Del Favero, cappellano della grotta di Lourdes, nato a Valle di Cadore 81 anni fa, divenne sacerdote nel 1965. Molti gli incarichi da Calalzo a Limana, da Padola a Farra,\u00a0 Pieve d&#8217;Alpago, Tignes, Lamosano e Chies. Fu anche assistente dell&#8217;Unitalsi di Belluno-Feltre<\/p>\n<p>&nbsp;<\/p>\n<p>&nbsp;<\/p>\n<hr \/>\n<p>&nbsp;<\/p>\n<blockquote>\n<h3>IL ROGO SULLE PALE E&#8217; ANCORA UN MISTERO, CHI HA RISCHIATO LA VITA VUOLE LA VERITA&#8217;<\/h3>\n<\/blockquote>\n<p><strong>OGGI SUL CORRIERE DELLE ALPI<\/strong><\/p>\n<p><strong>DI GIGI SOSSO\u00a0<\/strong><\/p>\n<p><strong>BELLUNO<\/strong> Domato l&#8217;incendio, addormentata l&#8217;inchiesta. Per l&#8217;enorme rogo del 24 ottobre 2018 sulle Pale di San Lucano si sa soltanto che le parti offese sono il Comune di Taibon e la Provincia di Belluno. I due escursionisti agordini Michel De Salvador e Andrea Decima, salvati il mattino dopo dagli uomini del Soccorso alpino, dopo essere rimasti intrappolati tra fiamme alte una cinquantina di metri e furibonde raffiche di vento, stanno cercando di entrare nel procedimento che vede coinvolta Terna Spa per chiedere i danni. Ma non c&#8217;\u00e8 verso di sapere qualcosa di pi\u00f9. L&#8217;ipotesi pi\u00f9 probabile, \u00e8 che l&#8217;incendio sia stato generato da un albero caduto sulla linea dell&#8217;alta tensione. Le indagini erano state coordinate dal pubblico ministero Katjuscia D&#8217;Orlando, che in questo momento \u00e8 in maternit\u00e0 e ha chiesto il trasferimento. De Salvador si \u00e8 rivolto all&#8217;avvocato Giorgio Azzalini di Dolomiti Legal, per capire cosa sta succedendo.\u00a0 &#8220;Pensavamo che fosse finita &#8211; racconta De Salvador &#8211; e ci siamo sentiti piccolissimi, anche perch\u00e9 in quelle condizioni l&#8217;elicottero non pu\u00f2 volare\u00bb Ogni anno lui e Decima organizzano una bicchierata in onore dei soccorritori: \u00abLa loro sar\u00e0 anche una missione, ma \u00e8 un dato di fatto che hanno rischiato la vita per venirci a prendere&#8221;<\/p>\n<p><strong>archivio radiopiu 25 ottobre 2018<\/strong><\/p>\n<p>&nbsp;<\/p>\n<p><strong>TAIBON<\/strong> Ieri <span data-offset-key=\"7hsa8-0-0\">Andrea Decima, 34 anni, e l\u2019amico di 30 Michel De Salvador\u00a0<\/span>stavano scendeno dal sentiero del Canale della Besausega quando hanno sentito un rombo e in un istante le fiamme erano a 50 metri di distanza. Per mettersi in salvo si sono spostati al centro del canalone roccioso e hanno dato l&#8217;allarme. \u00c8 iniziata cos\u00ec la corsa contro il tempo per portare in salvo Michel e Andrea, i due ragazzi agordini rimasti bloccati nel pomeriggio dall&#8217;incendio divampato sulle Pale di San Lucano. Alle 21.30 circa una squadra del Soccorso alpino di Agordo e dei Vigili del fuoco, con un carico di attrezzatura e respiratori, \u00e8 partita dalla parte di Cencenighe da Pradimezzo ed \u00e8 salita fino a Malga Ambrosogn per poi arrivare al Bivacco Bedin alle 6, dopo 1.400 metri di dislivello. I due ragazzi dovevano trovarsi 500 metri pi\u00f9 in basso, non pi\u00f9 raggiungibili al cellulare, sotto la cengia della Seconda Pala. Non appena ha albeggiato 4 soccorritori con le corde e altro materiale si sono preparati per essere elitrasportati in quota in supporto alla squadra. Quando l&#8217;elicottero \u00e8 passato nel tratto del canale dove i due escursionisti potevano trovarsi, i ragazzi hanno fatto segnali con le frontali, poco prima delle 8. In velocit\u00e0, col timore che le fiamme e il fumo potessero ricomparire all&#8217;improvviso, i soccorritori li hanno imbarcati in hovering e portati a valle.<\/p>\n<p>clicca per ingrandire<\/p>\n\n\t\t\t<style type='text\/css'>\n\t\t\t\t#gallery-1 {\n\t\t\t\t\tmargin: auto;\n\t\t\t\t}\n\t\t\t\t#gallery-1 .gallery-item {\n\t\t\t\t\tfloat: left;\n\t\t\t\t\tmargin-top: 10px;\n\t\t\t\t\ttext-align: center;\n\t\t\t\t\twidth: 33%;\n\t\t\t\t}\n\t\t\t\t#gallery-1 img {\n\t\t\t\t\tborder: 2px solid #cfcfcf;\n\t\t\t\t}\n\t\t\t\t#gallery-1 .gallery-caption {\n\t\t\t\t\tmargin-left: 0;\n\t\t\t\t}\n\t\t\t\t\/* see gallery_shortcode() in wp-includes\/media.php *\/\n\t\t\t<\/style>\n\t\t<div id='gallery-1' class='dt-gallery-container gallery galleryid-275962 gallery-columns-3 gallery-size-medium'><dl class='gallery-item'>\n\t\t\t\t<dt class='gallery-icon landscape'>\n\t\t\t\t\t<a class=\"rollover rollover-zoom dt-pswp-item\" title=\"IMG-20181025-WA0007\" data-dt-img-description=\"\" data-large_image_width=\"1600\" data-large_image_height=\"1200\"href='https:\/\/www.radiopiu.net\/wordpress\/wp-content\/uploads\/2018\/10\/IMG-20181025-WA0007.jpg'><img loading=\"lazy\" decoding=\"async\" width=\"300\" height=\"225\" src=\"https:\/\/www.radiopiu.net\/wordpress\/wp-content\/uploads\/2018\/10\/IMG-20181025-WA0007-300x225.jpg\" class=\"attachment-medium size-medium\" alt=\"\" srcset=\"https:\/\/www.radiopiu.net\/wordpress\/wp-content\/uploads\/2018\/10\/IMG-20181025-WA0007-300x225.jpg 300w, https:\/\/www.radiopiu.net\/wordpress\/wp-content\/uploads\/2018\/10\/IMG-20181025-WA0007-768x576.jpg 768w, https:\/\/www.radiopiu.net\/wordpress\/wp-content\/uploads\/2018\/10\/IMG-20181025-WA0007-1024x768.jpg 1024w, https:\/\/www.radiopiu.net\/wordpress\/wp-content\/uploads\/2018\/10\/IMG-20181025-WA0007.jpg 1600w\" sizes=\"auto, (max-width: 300px) 100vw, 300px\" \/><\/a>\n\t\t\t\t<\/dt><\/dl><dl class='gallery-item'>\n\t\t\t\t<dt class='gallery-icon landscape'>\n\t\t\t\t\t<a class=\"rollover rollover-zoom dt-pswp-item\" title=\"IMG-20181025-WA0006\" data-dt-img-description=\"\" data-large_image_width=\"1368\" data-large_image_height=\"765\"href='https:\/\/www.radiopiu.net\/wordpress\/wp-content\/uploads\/2018\/10\/IMG-20181025-WA0006.jpg'><img loading=\"lazy\" decoding=\"async\" width=\"300\" height=\"168\" src=\"https:\/\/www.radiopiu.net\/wordpress\/wp-content\/uploads\/2018\/10\/IMG-20181025-WA0006-300x168.jpg\" class=\"attachment-medium size-medium\" alt=\"\" srcset=\"https:\/\/www.radiopiu.net\/wordpress\/wp-content\/uploads\/2018\/10\/IMG-20181025-WA0006-300x168.jpg 300w, https:\/\/www.radiopiu.net\/wordpress\/wp-content\/uploads\/2018\/10\/IMG-20181025-WA0006-768x429.jpg 768w, https:\/\/www.radiopiu.net\/wordpress\/wp-content\/uploads\/2018\/10\/IMG-20181025-WA0006-1024x573.jpg 1024w, https:\/\/www.radiopiu.net\/wordpress\/wp-content\/uploads\/2018\/10\/IMG-20181025-WA0006.jpg 1368w\" sizes=\"auto, (max-width: 300px) 100vw, 300px\" \/><\/a>\n\t\t\t\t<\/dt><\/dl><dl class='gallery-item'>\n\t\t\t\t<dt class='gallery-icon landscape'>\n\t\t\t\t\t<a class=\"rollover rollover-zoom dt-pswp-item\" title=\"IMG-20181025-WA0005\" data-dt-img-description=\"\" data-large_image_width=\"1600\" data-large_image_height=\"1200\"href='https:\/\/www.radiopiu.net\/wordpress\/wp-content\/uploads\/2018\/10\/IMG-20181025-WA0005.jpg'><img loading=\"lazy\" decoding=\"async\" width=\"300\" height=\"225\" src=\"https:\/\/www.radiopiu.net\/wordpress\/wp-content\/uploads\/2018\/10\/IMG-20181025-WA0005-300x225.jpg\" class=\"attachment-medium size-medium\" alt=\"\" srcset=\"https:\/\/www.radiopiu.net\/wordpress\/wp-content\/uploads\/2018\/10\/IMG-20181025-WA0005-300x225.jpg 300w, https:\/\/www.radiopiu.net\/wordpress\/wp-content\/uploads\/2018\/10\/IMG-20181025-WA0005-768x576.jpg 768w, https:\/\/www.radiopiu.net\/wordpress\/wp-content\/uploads\/2018\/10\/IMG-20181025-WA0005-1024x768.jpg 1024w, https:\/\/www.radiopiu.net\/wordpress\/wp-content\/uploads\/2018\/10\/IMG-20181025-WA0005.jpg 1600w\" sizes=\"auto, (max-width: 300px) 100vw, 300px\" \/><\/a>\n\t\t\t\t<\/dt><\/dl><br style=\"clear: both\" \/>\n\t\t\t<\/div>\n\n<p>&nbsp;<\/p>\n<hr \/>\n<p>&nbsp;<\/p>\n<blockquote>\n<h3>I SEI FRATELLI DELLA DE CIAN SAS SONO STATI TUTTI ASSOLTI, NESSUNA BANCAROTTA<\/h3>\n<\/blockquote>\n<p><strong><a class=\"dt-pswp-item\" href=\"https:\/\/www.radiopiu.net\/wordpress\/wp-content\/uploads\/2022\/03\/TRIBUNALE-2.jpg\" data-dt-img-description=\"\" data-large_image_width=\"960\" data-large_image_height=\"720\"><img loading=\"lazy\" decoding=\"async\" class=\" wp-image-263776 alignleft\" src=\"https:\/\/www.radiopiu.net\/wordpress\/wp-content\/uploads\/2022\/03\/TRIBUNALE-2-150x150.jpg\" alt=\"\" width=\"93\" height=\"93\" \/><\/a>BELLUNO<\/strong>\u00a0Nessuna bancarotta, nel fallimento della De Cian sas e assoluzione con formula piena perch\u00e9 il fatto non sussiste per Gianluigi, Giuliano, Carletto, Roberto, Adriano e Vittorio. Cinque su sei erano presenti in aula e la Procura della Repubblica aveva chiesto per tutti i figli di Albino la condanna a un anno di reclusione. Finita la requisitoria il castello accusatorio \u00e8 stato demolito dalle arringhe con effetto bulldozer dei difensori Fioraso, Corletto e Azzalini che hanno insistito sull&#8217; &#8220;atto dovuto&#8221;, perch\u00e9 hanno salvato 40 posti di lavoro e altrettante famiglie, oltre che mettere le loro case, nel concordato preventivo. La De Cian sas, che si occupava di costruzioni e non va confusa con la srl che invece si dedicava all&#8217;acquisto di terreni e ha tra i soci tre degli stessi De Cian, aveva sede a Bolago di Sedico.<\/p>\n<p>&nbsp;<\/p>\n<p>&nbsp;<\/p>\n<hr \/>\n<blockquote>\n<h3><\/h3>\n<h3><\/h3>\n<div class=\"page-title-head hgroup\">\n<h3 class=\"entry-title\">IDEAL STANDARD, C\u2019E\u2019 ANCHE LA FIRMA DI LEONARDO DEL VECCHIO SUL VERBALE SALVA OCCUPAZIONE<\/h3>\n<\/div>\n<p><em><a class=\"dt-pswp-item\" href=\"https:\/\/www.radiopiu.net\/wordpress\/wp-content\/uploads\/2022\/05\/aaaaaa-4.jpg\" data-dt-img-description=\"\" data-large_image_width=\"490\" data-large_image_height=\"264\"><img loading=\"lazy\" decoding=\"async\" class=\"size-thumbnail wp-image-276103 alignleft\" src=\"https:\/\/www.radiopiu.net\/wordpress\/wp-content\/uploads\/2022\/05\/aaaaaa-4-150x150.jpg\" alt=\"\" width=\"150\" height=\"150\" \/><\/a>E&#8217; stato siglato il verbale che prevede il trasferimento di tutti i lavoratori di Ideal Standard di Borgo Valbelluna nella nuova Societ\u00e0 e, contestualmente, la procedura per l\u2019avvio dei contratti di espansione che consentiranno il collocamento in pensione anticipata per i lavoratori che matureranno i requisiti pensionistici entro 36 mesi. La crisi di Ideal Standard ha avuto il culmine lo scorso autunno, ad ottobre 2021, dopo l\u2019annuncio della chiusura dello stabilimento di Trichiana da parte della propriet\u00e0 nel corso di una riunione presso il Ministero dello Sviluppo Economico. In quell\u2019occasione tutte le parti coinvolte e le istituzioni, a livello territoriale, regionale e nazionale, si sono unite ed hanno lavorato per condividere un percorso reindustrializzazione del sito di Trichiana, che \u00e8 stato definito con la sottoscrizione dell\u2019accordo del 17 novembre 2021. Nel corso di questi mesi il lavoro condotto dal tavolo istituzionale, costituito presso l\u2019Unit\u00e0 di crisi della Regione Veneto, composto oltre che dalla Regione, dal MISE, dalle parti sindacali, dalla propriet\u00e0 di Ideal Standard e dall\u2019advisor Sernet, ha portato all\u2019individuazione del piano di reindustrializzazione presentato da Banca Internazionale Finint S.p.a., promotrice di una cordata composta da Delfin S.a.r.l (della famiglia di Leonardo Del Vecchio Presidente di EssilorLuxottica), Luigi Rossi Luciani S.a.p.a. e Za-Fin S.r.l. Il piano prevede il mantenimento della produzione di ceramica sanitaria, salvaguardando le competenze delle maestranze dello stabilimento.<\/em><\/p>\n<h3><\/h3>\n<h3>IDEAL STANDARD, QUANDO IL PIANO SI MISURA CON LA PIENA SALVAGUARDIA OCCUPAZIONALE<\/h3>\n<\/blockquote>\n<p><strong><img loading=\"lazy\" decoding=\"async\" class=\"alignleft\" src=\"https:\/\/www.radiopiu.net\/wordpress\/wp-content\/uploads\/2020\/05\/ideal-standard-orcenigo-scaled.jpg\" width=\"199\" height=\"140\" \/>BORGO VALBELLUNA <\/strong>Gioved\u00ec\u00a0 \u00e8 stato firmato dalle Rsu,\u00a0 organizzazioni sindacali e Progetto C.D, il verbale che prevede il trasferimento di tutti i lavoratori nella nuova Societ\u00e0 e la procedura per l\u2019avvio dei contratti di espansione che consentiranno il collocamento in pensione anticipa per i lavoratori che maturano i requisiti pensionistici entro 36 mesi. Dopo l\u2019annuncio della chiusura dello Stabilimento da parte di Ideal Standard, avvenuta il 27 Ottobre 2021 presso il Ministero dello Sviluppo Economico, tutte le parti Sociali\u00a0 e Istituzioni, a livello Territoriale, Regionale e Nazionale, si sono uniti ed hanno lavorato per un obbiettivo comune di reindustrializzare il sito di Trichiana che ha visto la sottoscrizione dell\u2019accordo del 17 novembre 2021. Il piano prevede il mantenimento della produzione di Ceramica Sanitaria, salvaguardando le competenze di tutte le maestranze dello stabilimento.<\/p>\n<blockquote><p>&#8220;Oggi &#8211; si legge nel comunicato congiunto Cgil Filctem, Femca Cisl e Uiltet Uil &#8211;\u00a0 possiamo dire che il risultato di questo lavoro si misura con la piena salvaguardia occupazionale,\u00a0 un progetto di ricambio generazionale e un piano industriale di rilancio del Sito produttivo di Trichiana. Esprimiamo una forte soddisfazione per il risultato ottenuto e per aver mantenuto la promessa fatta ai lavoratori, all\u2019indomani dell\u2019annuncio della chiusura, per la salvaguardia del mantenimento del loro posto di lavoro&#8221;.<\/p><\/blockquote>\n<p>&nbsp;<\/p>\n<p><strong>BRUNO DEOLA, CISL BELLUNO TREVISO<\/strong><\/p>\n<audio class=\"wp-audio-shortcode\" id=\"audio-275962-2\" preload=\"none\" style=\"width: 100%;\" controls=\"controls\"><source type=\"audio\/mpeg\" src=\"https:\/\/www.radiopiu.net\/wordpress\/wp-content\/uploads\/2022\/05\/DEOLA-IDEAL.mp3?_=2\" \/><a href=\"https:\/\/www.radiopiu.net\/wordpress\/wp-content\/uploads\/2022\/05\/DEOLA-IDEAL.mp3\">https:\/\/www.radiopiu.net\/wordpress\/wp-content\/uploads\/2022\/05\/DEOLA-IDEAL.mp3<\/a><\/audio>\n<p>&nbsp;<\/p>\n<hr \/>\n<p>&nbsp;<\/p>\n<blockquote>\n<h3><strong>IDEAL STANDARD. SIGLA ACCORDO PER TRASFERIMENTO LAVORATORI A CORDATA IMPRENDITORI VENETI<\/strong><\/h3>\n<\/blockquote>\n<p><strong>\u00a0VENEZIA\u00a0<\/strong><em>\u201cPrendo atto con soddisfazione della notizia dell\u2019accordo che porter\u00e0 alla salvaguardia dei posti di lavoro e al mantenimento della produzione di un celebre marchio, Ceramica Dolomite. Un marchio veneto che identifica un prodotto di qualit\u00e0 con il territorio bellunese e con le nostre dolomiti, Patrimonio Unesco\u201d. <\/em>Cos\u00ec il Presidente della Regione del Veneto commenta l\u2019annuncio della sigla dell\u2019accordo che prevede il trasferimento dei lavoratori dell\u2019azienda Ideal Standard di Trichiana, in Comune di Borgo Valbelluna, ad una cordata di imprenditori, in parte veneti. La cordata di imprenditori \u00e8 composta da: Banca Finint, Leonardo Del Vecchio, con la holding di famiglia Delfin; Luigi Rossi Luciani, con la holding Luigi Rossi Luciani Sapa; e Bruno Zago, con la sua societ\u00e0 Za-Fin Srl. <em>\u201cLa Regione \u00e8 e sar\u00e0 sempre presente \u2013 conclude Zaia &#8211; e, attraverso l\u2019Assessore regionale al lavoro e l\u2019Unit\u00e0 di Crisi aziendali, continuer\u00e0 a monitorare la situazione al fine di garantire che l\u2019operazione arrivi a compimento secondo quanto previsto\u201d.<\/em><\/p>\n<p>&nbsp;<\/p>\n<hr \/>\n<p>&nbsp;<\/p>\n<blockquote>\n<h3>IL MINISTRO D&#8217;INCA&#8217; &#8220;IL PERCORSO PER TRICHIANA PROSEGUE&#8221;<\/h3>\n<\/blockquote>\n<p><strong>ROMA<\/strong> <em>\u201cSono particolarmente compiaciuto per l\u2019accordo raggiunto tra i sindacati sul trasferimento dei lavoratori coinvolti nella vertenza Ideal Standard, al nuovo gruppo guidato da imprenditori veneti: \u00e8 la dimostrazione di quanto questa lunga e importante trattativa stia raggiungendo i risultati sperati, con il grande obiettivo di mantenere la realt\u00e0 occupazionale e rilanciare la produzione della ceramica sanitaria nel territorio. La pi\u00f9 grande soddisfazione \u00e8 vedere ancora una volta la piena sinergia tra istituzioni, imprenditori e sindacati. <\/em>\u00c8 il commento di Federico D\u2019Inc\u00e0, Ministro per i Rapporti con il Parlamento, in merito all\u2019accordo raggiunto sul trasferimento dei lavoratori dell\u2019Ideal Standard di Trichiana<\/p>\n<p>&nbsp;<\/p>\n<p>&nbsp;<\/p>\n<hr \/>\n<p>&nbsp;<\/p>\n<blockquote>\n<h3>STAZIONI APPALTANTI E CENTRALI DI COMMITTENZA, UNCEM: PREOCCUPAZIONE DEI SINDACI PER LA RIDUZIONE PREVISTA DA ANAC<\/h3>\n<\/blockquote>\n<p><a class=\"dt-pswp-item\" href=\"https:\/\/www.radiopiu.net\/wordpress\/wp-content\/uploads\/2018\/12\/BUSSONE_FLAI_CGIL11122018.jpg\" data-dt-img-description=\"\" data-large_image_width=\"1280\" data-large_image_height=\"853\"><img loading=\"lazy\" decoding=\"async\" class=\"size-thumbnail wp-image-69122 alignleft\" src=\"https:\/\/www.radiopiu.net\/wordpress\/wp-content\/uploads\/2018\/12\/BUSSONE_FLAI_CGIL11122018-150x150.jpg\" alt=\"\" width=\"150\" height=\"150\" \/><\/a><br \/>\n<strong>La dichiarazione di Marco Bussone, Presidente Nazionale Uncem<\/strong><\/p>\n<p><em>&#8220;La riduzione delle stazioni appaltanti e delle centrali di committenza, prevista da ANAC, l&#8217;Autorit\u00e0 Anticorruzione, rischia di avere due effetti negativi congiunti. Da una parte impedire a migliaia di piccoli Comuni e Unioni o Comunit\u00e0 montane, di appaltare lavori pubblici. Dall&#8217;altra di andare a intasare Province o macchine di altri Enti pi\u00f9 grandi, non certo oggi in grado di sopportare nuovi carichi di lavoro, senza personale, e di supplire alle riduzioni delle stazioni appaltanti. Un corto circuito prevedibile. Che va evitato. I Comuni sono cos\u00ec senza un chiaro destino per le loro macchine tecniche, senza una precisa motivazione rispetto al complessivo impianto di riordino, che peraltro non considera Unioni montane, Comunit\u00e0 montane e soggetti istituzionali esistenti che uniscono e aggregano i Comuni. E l&#8217;intera riforma, non \u00e8 chiaro come possa limitare eventuali reati e rischio di corruzione&#8221;.<\/em><\/p>\n<p>&nbsp;<\/p>\n<p>&nbsp;<\/p>\n<hr \/>\n<p>&nbsp;<\/p>\n<blockquote>\n<h3>SONO UNDICI I NUOVI MAESTRI DEL LAVORO BELLUNESI<\/h3>\n<\/blockquote>\n<p><strong>BELLUNO <\/strong>Sono undici i nuovi Maestri del Lavoro bellunesi che a breve riceveranno il brevetto con la \u201cStella al Merito del Lavoro\u201d, onorificenza decretata dal Presidente della Repubblica Sergio Mattarella su proposta del Ministro del Lavoro Andrea Orlando. Sono 77 in tutto il Veneto le \u201cStelle al Merito del Lavoro\u201d conferite ai lavoratori che si sono particolarmente distinti nell\u2019attivit\u00e0 lavorativa con ingegno, moralit\u00e0 e capacit\u00e0 di trasferimento delle professionalit\u00e0 alle giovani generazioni. I bellunesi insigniti quest\u2019anno sono: Mauro Carlin (Cadore Asfalti srl-Perarolo di Cadore), Claudia Dal Don (Luxottica Group Spa-Agordo), Livio De Nardin (Luxottica Group Spa-Agordo), Daniele Fantinel (S.I.C.I. srl-Fonzaso), Daniela Lamberti (De Rigo Vision Spa-Longarone), Arcangelo Mottes (Luxottica Group Spa-Agordo), Mirco Naldo (Elettromeccanica Cuprum Srl-Belluno), Flavio Soccal (Mitsubishi Electrica Spa-Paludi Alpago), Cristina Sponga (De Rigo Vision Spa-Longarone), Annarosa Valmassoi (Giorgio Fedon&amp;Figli Spa-Alpago), Giovanni Viel (Consorzio CIPA-Belluno). Anche per il 2022, come per i due anni precedenti, la nomina dei nuovi Maestri del Lavoro non ha potuto rispettare la consueta prassi della cerimonia del 1\u00b0 maggio nelle sedi regionali, ma la stessa ha avuto luogo al Quirinale a Roma alla presenza del Presidente della Repubblica Sergio Mattarella, del Ministro del Lavoro Andrea Orlando e di vari rappresentanti istituzionali. Per l\u2019occasione erano stati sorteggiati un insignito per ogni Regione e per il Veneto la sorte ha premiato un bellunese, ovvero Flavio Soccal di Alpago, dipendente della Mitsubishi Electrica Spa di Bassano del Grappa. La consegna delle \u201cStelle al Merito del Lavoro\u201d ai nuovi Maestri avverr\u00e0 in Prefettura nella giornata del 2 giugno, Festa della Repubblica.<\/p>\n\n\t\t\t<style type='text\/css'>\n\t\t\t\t#gallery-2 {\n\t\t\t\t\tmargin: auto;\n\t\t\t\t}\n\t\t\t\t#gallery-2 .gallery-item {\n\t\t\t\t\tfloat: left;\n\t\t\t\t\tmargin-top: 10px;\n\t\t\t\t\ttext-align: center;\n\t\t\t\t\twidth: 20%;\n\t\t\t\t}\n\t\t\t\t#gallery-2 img {\n\t\t\t\t\tborder: 2px solid #cfcfcf;\n\t\t\t\t}\n\t\t\t\t#gallery-2 .gallery-caption {\n\t\t\t\t\tmargin-left: 0;\n\t\t\t\t}\n\t\t\t\t\/* see gallery_shortcode() in wp-includes\/media.php *\/\n\t\t\t<\/style>\n\t\t<div id='gallery-2' class='dt-gallery-container gallery galleryid-275962 gallery-columns-5 gallery-size-thumbnail'><dl class='gallery-item'>\n\t\t\t\t<dt class='gallery-icon portrait'>\n\t\t\t\t\t<a class=\"rollover rollover-zoom dt-pswp-item\" title=\"Mirco Naldo Cuprum\" data-dt-img-description=\"\" data-large_image_width=\"271\" data-large_image_height=\"339\"href='https:\/\/www.radiopiu.net\/wordpress\/wp-content\/uploads\/2022\/05\/Mirco-Naldo-Cuprum.jpg'><img loading=\"lazy\" decoding=\"async\" width=\"150\" height=\"150\" src=\"https:\/\/www.radiopiu.net\/wordpress\/wp-content\/uploads\/2022\/05\/Mirco-Naldo-Cuprum-150x150.jpg\" class=\"attachment-thumbnail size-thumbnail\" alt=\"\" aria-describedby=\"gallery-2-276125\" \/><\/a>\n\t\t\t\t<\/dt>\n\t\t\t\t\t<dd class='wp-caption-text gallery-caption' id='gallery-2-276125'>\n\t\t\t\t\tMIRCO NALDO\n\t\t\t\t\t<\/dd><\/dl><dl class='gallery-item'>\n\t\t\t\t<dt class='gallery-icon portrait'>\n\t\t\t\t\t<a class=\"rollover rollover-zoom dt-pswp-item\" title=\"Giovanni Viel Consorzio CIPA\" data-dt-img-description=\"\" data-large_image_width=\"1456\" data-large_image_height=\"1928\"href='https:\/\/www.radiopiu.net\/wordpress\/wp-content\/uploads\/2022\/05\/Giovanni-Viel-Consorzio-CIPA.jpg'><img loading=\"lazy\" decoding=\"async\" width=\"150\" height=\"150\" src=\"https:\/\/www.radiopiu.net\/wordpress\/wp-content\/uploads\/2022\/05\/Giovanni-Viel-Consorzio-CIPA-150x150.jpg\" class=\"attachment-thumbnail size-thumbnail\" alt=\"\" aria-describedby=\"gallery-2-276126\" \/><\/a>\n\t\t\t\t<\/dt>\n\t\t\t\t\t<dd class='wp-caption-text gallery-caption' id='gallery-2-276126'>\n\t\t\t\t\tGIOVANNI VIEL\n\t\t\t\t\t<\/dd><\/dl><dl class='gallery-item'>\n\t\t\t\t<dt class='gallery-icon portrait'>\n\t\t\t\t\t<a class=\"rollover rollover-zoom dt-pswp-item\" title=\"Livio De Nardin Luxottica\" data-dt-img-description=\"\" data-large_image_width=\"165\" data-large_image_height=\"261\"href='https:\/\/www.radiopiu.net\/wordpress\/wp-content\/uploads\/2022\/05\/Livio-De-Nardin-Luxottica.jpg'><img loading=\"lazy\" decoding=\"async\" width=\"150\" height=\"150\" src=\"https:\/\/www.radiopiu.net\/wordpress\/wp-content\/uploads\/2022\/05\/Livio-De-Nardin-Luxottica-150x150.jpg\" class=\"attachment-thumbnail size-thumbnail\" alt=\"\" aria-describedby=\"gallery-2-276127\" \/><\/a>\n\t\t\t\t<\/dt>\n\t\t\t\t\t<dd class='wp-caption-text gallery-caption' id='gallery-2-276127'>\n\t\t\t\t\tLIVIO DE NARDIN\n\t\t\t\t\t<\/dd><\/dl><dl class='gallery-item'>\n\t\t\t\t<dt class='gallery-icon portrait'>\n\t\t\t\t\t<a class=\"rollover rollover-zoom dt-pswp-item\" title=\"mde\" data-dt-img-description=\"\" data-large_image_width=\"1067\" data-large_image_height=\"1238\"href='https:\/\/www.radiopiu.net\/wordpress\/wp-content\/uploads\/2022\/05\/Flavio-Soccal-Mitsubishi.jpg'><img loading=\"lazy\" decoding=\"async\" width=\"150\" height=\"150\" src=\"https:\/\/www.radiopiu.net\/wordpress\/wp-content\/uploads\/2022\/05\/Flavio-Soccal-Mitsubishi-150x150.jpg\" class=\"attachment-thumbnail size-thumbnail\" alt=\"\" aria-describedby=\"gallery-2-276128\" \/><\/a>\n\t\t\t\t<\/dt>\n\t\t\t\t\t<dd class='wp-caption-text gallery-caption' id='gallery-2-276128'>\n\t\t\t\t\tFLAVIO SOCCAL\n\t\t\t\t\t<\/dd><\/dl><dl class='gallery-item'>\n\t\t\t\t<dt class='gallery-icon portrait'>\n\t\t\t\t\t<a class=\"rollover rollover-zoom dt-pswp-item\" title=\"Daniele Fantinel S.I.C.I\" data-dt-img-description=\"\" data-large_image_width=\"662\" data-large_image_height=\"964\"href='https:\/\/www.radiopiu.net\/wordpress\/wp-content\/uploads\/2022\/05\/Daniele-Fantinel-S.I.C.I.jpg'><img loading=\"lazy\" decoding=\"async\" width=\"150\" height=\"150\" src=\"https:\/\/www.radiopiu.net\/wordpress\/wp-content\/uploads\/2022\/05\/Daniele-Fantinel-S.I.C.I-150x150.jpg\" class=\"attachment-thumbnail size-thumbnail\" alt=\"\" aria-describedby=\"gallery-2-276129\" \/><\/a>\n\t\t\t\t<\/dt>\n\t\t\t\t\t<dd class='wp-caption-text gallery-caption' id='gallery-2-276129'>\n\t\t\t\t\tDANIELE FANTINEL\n\t\t\t\t\t<\/dd><\/dl><br style=\"clear: both\" \/><dl class='gallery-item'>\n\t\t\t\t<dt class='gallery-icon portrait'>\n\t\t\t\t\t<a class=\"rollover rollover-zoom dt-pswp-item\" title=\"Daniela Lamberti De Rigo\" data-dt-img-description=\"\" data-large_image_width=\"149\" data-large_image_height=\"187\"href='https:\/\/www.radiopiu.net\/wordpress\/wp-content\/uploads\/2022\/05\/Daniela-Lamberti-De-Rigo.jpg'><img loading=\"lazy\" decoding=\"async\" width=\"149\" height=\"150\" src=\"https:\/\/www.radiopiu.net\/wordpress\/wp-content\/uploads\/2022\/05\/Daniela-Lamberti-De-Rigo-149x150.jpg\" class=\"attachment-thumbnail size-thumbnail\" alt=\"\" aria-describedby=\"gallery-2-276131\" \/><\/a>\n\t\t\t\t<\/dt>\n\t\t\t\t\t<dd class='wp-caption-text gallery-caption' id='gallery-2-276131'>\n\t\t\t\t\tDANIELA LAMBERTI\n\t\t\t\t\t<\/dd><\/dl><dl class='gallery-item'>\n\t\t\t\t<dt class='gallery-icon portrait'>\n\t\t\t\t\t<a class=\"rollover rollover-zoom dt-pswp-item\" title=\"Arcangelo Mottes Luxottica\" data-dt-img-description=\"\" data-large_image_width=\"590\" data-large_image_height=\"871\"href='https:\/\/www.radiopiu.net\/wordpress\/wp-content\/uploads\/2022\/05\/Arcangelo-Mottes-Luxottica.jpg'><img loading=\"lazy\" decoding=\"async\" width=\"150\" height=\"150\" src=\"https:\/\/www.radiopiu.net\/wordpress\/wp-content\/uploads\/2022\/05\/Arcangelo-Mottes-Luxottica-150x150.jpg\" class=\"attachment-thumbnail size-thumbnail\" alt=\"\" aria-describedby=\"gallery-2-276132\" \/><\/a>\n\t\t\t\t<\/dt>\n\t\t\t\t\t<dd class='wp-caption-text gallery-caption' id='gallery-2-276132'>\n\t\t\t\t\tARCANGELO MOTTES\n\t\t\t\t\t<\/dd><\/dl><dl class='gallery-item'>\n\t\t\t\t<dt class='gallery-icon portrait'>\n\t\t\t\t\t<a class=\"rollover rollover-zoom dt-pswp-item\" title=\"Cristina Sponga De Rigo\" data-dt-img-description=\"\" data-large_image_width=\"385\" data-large_image_height=\"507\"href='https:\/\/www.radiopiu.net\/wordpress\/wp-content\/uploads\/2022\/05\/Cristina-Sponga-De-Rigo.jpg'><img loading=\"lazy\" decoding=\"async\" width=\"150\" height=\"150\" src=\"https:\/\/www.radiopiu.net\/wordpress\/wp-content\/uploads\/2022\/05\/Cristina-Sponga-De-Rigo-150x150.jpg\" class=\"attachment-thumbnail size-thumbnail\" alt=\"\" aria-describedby=\"gallery-2-276133\" \/><\/a>\n\t\t\t\t<\/dt>\n\t\t\t\t\t<dd class='wp-caption-text gallery-caption' id='gallery-2-276133'>\n\t\t\t\t\tCRISTINA SPONGA\n\t\t\t\t\t<\/dd><\/dl><dl class='gallery-item'>\n\t\t\t\t<dt class='gallery-icon portrait'>\n\t\t\t\t\t<a class=\"rollover rollover-zoom dt-pswp-item\" title=\"Annarosa Valmassoi G. Fedon\" data-dt-img-description=\"\" data-large_image_width=\"59\" data-large_image_height=\"79\"href='https:\/\/www.radiopiu.net\/wordpress\/wp-content\/uploads\/2022\/05\/Annarosa-Valmassoi-G.-Fedon.jpg'><img loading=\"lazy\" decoding=\"async\" width=\"59\" height=\"79\" src=\"https:\/\/www.radiopiu.net\/wordpress\/wp-content\/uploads\/2022\/05\/Annarosa-Valmassoi-G.-Fedon.jpg\" class=\"attachment-thumbnail size-thumbnail\" alt=\"\" aria-describedby=\"gallery-2-276134\" \/><\/a>\n\t\t\t\t<\/dt>\n\t\t\t\t\t<dd class='wp-caption-text gallery-caption' id='gallery-2-276134'>\n\t\t\t\t\tANNAROSA VALMASSOI\n\t\t\t\t\t<\/dd><\/dl><dl class='gallery-item'>\n\t\t\t\t<dt class='gallery-icon portrait'>\n\t\t\t\t\t<a class=\"rollover rollover-zoom dt-pswp-item\" title=\"Claudia Dal Don Luxottica\" data-dt-img-description=\"\" data-large_image_width=\"270\" data-large_image_height=\"390\"href='https:\/\/www.radiopiu.net\/wordpress\/wp-content\/uploads\/2022\/05\/Claudia-Dal-Don-Luxottica.jpg'><img loading=\"lazy\" decoding=\"async\" width=\"150\" height=\"150\" src=\"https:\/\/www.radiopiu.net\/wordpress\/wp-content\/uploads\/2022\/05\/Claudia-Dal-Don-Luxottica-150x150.jpg\" class=\"attachment-thumbnail size-thumbnail\" alt=\"\" aria-describedby=\"gallery-2-276135\" \/><\/a>\n\t\t\t\t<\/dt>\n\t\t\t\t\t<dd class='wp-caption-text gallery-caption' id='gallery-2-276135'>\n\t\t\t\t\tCLAUDIA DAL DON\n\t\t\t\t\t<\/dd><\/dl><br style=\"clear: both\" \/>\n\t\t\t<\/div>\n\n<p>&nbsp;<\/p>\n<hr \/>\n<p>&nbsp;<\/p>\n<blockquote>\n<h3>I PREMI DELLA CASSA RURALE DOLOMITI<\/h3>\n<\/blockquote>\n<div class=\"articlePlainTitle\">\n<p><strong>FELTRE<\/strong>\u00a0 Ammontano a oltre 57 mila euro i premi di studio che la Cassa rurale Dolomiti ha destinato a 117 studenti meritevoli di cui 57 di Feltre e Belluno e i restanti 67 dell&#8217;area di Primiero e Val di Fassa. La consegna dei premi \u00e8 tornata in presenza, dopo due anni, all&#8217;auditorium canossiano di Feltre. \u00abRitrovarci in presenza \u00e8 motivo di grande gioia ed orgoglio, ma lo \u00e8 ancora di pi\u00f9 vedere questi giovani brillanti cos\u00ec preparati e impegnati; loro rappresentano le autentiche eccellenze del territorio, su cui dobbiamo investire e concentrare le nostre attenzioni per garantire alle nostre vallate lo sviluppo che desideriamo. Questo \u00e8 esattamente lo spirito e il significato delle borse di studio messe a disposizione dalla Cassa Rurale Dolomiti\u00bb, ha detto il\u00a0 presidente Carlo Vadagnini.<\/p>\n<p><a class=\"dt-pswp-item\" href=\"https:\/\/www.radiopiu.net\/wordpress\/wp-content\/uploads\/2022\/05\/cassa.jpg\" data-dt-img-description=\"\" data-large_image_width=\"1504\" data-large_image_height=\"503\"><img loading=\"lazy\" decoding=\"async\" class=\"alignnone wp-image-276178 size-large\" src=\"https:\/\/www.radiopiu.net\/wordpress\/wp-content\/uploads\/2022\/05\/cassa-1024x342.jpg\" alt=\"\" width=\"1024\" height=\"342\" srcset=\"https:\/\/www.radiopiu.net\/wordpress\/wp-content\/uploads\/2022\/05\/cassa-1024x342.jpg 1024w, https:\/\/www.radiopiu.net\/wordpress\/wp-content\/uploads\/2022\/05\/cassa-300x100.jpg 300w, https:\/\/www.radiopiu.net\/wordpress\/wp-content\/uploads\/2022\/05\/cassa-768x257.jpg 768w, https:\/\/www.radiopiu.net\/wordpress\/wp-content\/uploads\/2022\/05\/cassa.jpg 1504w\" sizes=\"auto, (max-width: 1024px) 100vw, 1024px\" \/><\/a><\/p>\n<\/div>\n<p>&nbsp;<\/p>\n<p>&nbsp;<\/p>\n<hr \/>\n<p>&nbsp;<\/p>\n<blockquote>\n<h3>PREZZI DEI MATERIALI ALLE STELLE, RISORSE INSUFFICIENTI E CANTIERI FERMI. SCOPEL: &#8220;IL GOVERNO INTERVENGA SUBITO&#8221;<\/h3>\n<\/blockquote>\n<p><strong>SEREN DE GRAPPA<\/strong> E&#8217; un accorato grido d&#8217;allarme quello che arriva dal sindaco di Seren del Grappa, Dario Scopel, alla luce di quanto si sta verificando in questi ultimi mesi in relazione all&#8217;esplosione dei prezzi di energia e materiali, alle difficolt\u00e0 per il loro reperimento e perfino all&#8217;impossibilit\u00e0, in numerosi casi, di trovare imprese interessate a eseguire lavori pubblici o a portare a termine quelli in corso.<\/p>\n<p><strong>DARIO SCOPEL, SINDACO DI SEREN DEL GRAPPA<\/strong><\/p>\n<audio class=\"wp-audio-shortcode\" id=\"audio-275962-3\" preload=\"none\" style=\"width: 100%;\" controls=\"controls\"><source type=\"audio\/mpeg\" src=\"https:\/\/www.radiopiu.net\/wordpress\/wp-content\/uploads\/2022\/05\/SCOPEL.mp3?_=3\" \/><a href=\"https:\/\/www.radiopiu.net\/wordpress\/wp-content\/uploads\/2022\/05\/SCOPEL.mp3\">https:\/\/www.radiopiu.net\/wordpress\/wp-content\/uploads\/2022\/05\/SCOPEL.mp3<\/a><\/audio>\n<p>&nbsp;<\/p>\n<hr \/>\n<p>&nbsp;<\/p>\n<blockquote>\n<h3>BONUS ANTI INFLAZIONE LA &#8220;SOLA&#8221; ALL&#8217;ITALIANA<\/h3>\n<\/blockquote>\n<p><strong>ROMA<\/strong> \u201cIl bonus di 200 euro una tantum per coprire l\u2019enorme aumento dell\u2019inflazione dovrebbe essere erogato anche ai lavoratori autonomi con redditi fino a 35.000 euro lordi. La \u201cs\u00f2la\u201d\u00a0 puntualmente \u00e8 arrivata, ancora una volta a causa del reddito di cittadinanza.\u00a0 L\u2019estensione del bonus ad altri soggetti, come i percettori del reddito di cittadinanza o ai lavoratori domestici e stagionali, ad invarianza di fondo, costringer\u00e0 qualcuno a perdere parte del bonus, a \u201csaltare\u201d saranno ancora una volta i lavoratori autonomi&#8221; Lo afferma in una nota il deputato Dario Bond<\/p>\n<p>&nbsp;<\/p>\n<hr \/>\n<p>&nbsp;<\/p>\n<p><span style=\"color: #ff0000;\"><strong>LA STORIA A LIETO FINE<\/strong><\/span><\/p>\n<div class=\"page-title-head hgroup\">\n<blockquote>\n<h3 class=\"entry-title\">L\u2019UNIVERSITARIA BELLUNESE RESTITUISCE IL PORTAFOGLIO ALL\u2019ANZIANO<\/h3>\n<\/blockquote>\n<p><strong><img loading=\"lazy\" decoding=\"async\" class=\"alignleft\" src=\"https:\/\/www.radiopiu.net\/wordpress\/wp-content\/uploads\/2022\/05\/istockphoto-1180382578-170667a.jpg\" width=\"200\" height=\"133\" \/>BELLUNO-RAVENNA<\/strong><\/p>\n<p><strong>DI ROBERTO BONA<\/strong><\/p>\n<p>&nbsp;<\/p>\n<audio class=\"wp-audio-shortcode\" id=\"audio-275962-4\" preload=\"none\" style=\"width: 100%;\" controls=\"controls\"><source type=\"audio\/mpeg\" src=\"https:\/\/www.radiopiu.net\/wordpress\/wp-content\/uploads\/2022\/05\/ROBERTO-ravenna.mp3?_=4\" \/><a href=\"https:\/\/www.radiopiu.net\/wordpress\/wp-content\/uploads\/2022\/05\/ROBERTO-ravenna.mp3\">https:\/\/www.radiopiu.net\/wordpress\/wp-content\/uploads\/2022\/05\/ROBERTO-ravenna.mp3<\/a><\/audio>\n<p>&nbsp;<\/p>\n<p>&nbsp;<\/p>\n<hr \/>\n<p>&nbsp;<\/p>\n<blockquote>\n<h3>CONTINUANO A SCENDERE I NUOVI CASI DI COVID, SEMPRE TROPPI DECESSI: ALTRI 4 IN SETTE GIORNI<\/h3>\n<\/blockquote>\n<\/div>\n<div class=\"page-title-breadcrumbs\">\n<p><strong>BELLUNO<\/strong> Ancora buone notizie dalla Ulss1 con riferimento alla pandemia covid, negli ultimi sette giorni ulteriore diminuzione dei nuovi casi: 663 (-79 rispetto alla scorsa settimana), con un conseguente tasso di incidenza settimanale di 332casi su 100 mila abitanti, in diminuzione rispetto alla settimana precedente e inferiore all&#8217;incidenza nazionale (433 su 100 mila abitanti).In sei Comuni dall&#8217;Agordino al Cadore passando per la Valbelluna non si sono registrati nuovi casi. Situazione pi\u00f9 &#8220;critica&#8221; con il maggiore numero di contagi (oltre 2000 ogni 100 mila abitanti) solo a Taibon, Vallada e Fonzaso. In molti comuni come si evince dalla mappa i nuovi contagi si assestano tra 251 e 500 casi, oppure nello step inferiore 126-250. Nella settimana analizzata i nuovi casi si collocano prevalentemente nelle fasce centrali 25-64 anni.<\/p>\n\n\t\t\t<style type='text\/css'>\n\t\t\t\t#gallery-3 {\n\t\t\t\t\tmargin: auto;\n\t\t\t\t}\n\t\t\t\t#gallery-3 .gallery-item {\n\t\t\t\t\tfloat: left;\n\t\t\t\t\tmargin-top: 10px;\n\t\t\t\t\ttext-align: center;\n\t\t\t\t\twidth: 50%;\n\t\t\t\t}\n\t\t\t\t#gallery-3 img {\n\t\t\t\t\tborder: 2px solid #cfcfcf;\n\t\t\t\t}\n\t\t\t\t#gallery-3 .gallery-caption {\n\t\t\t\t\tmargin-left: 0;\n\t\t\t\t}\n\t\t\t\t\/* see gallery_shortcode() in wp-includes\/media.php *\/\n\t\t\t<\/style>\n\t\t<div id='gallery-3' class='dt-gallery-container gallery galleryid-275962 gallery-columns-2 gallery-size-medium'><dl class='gallery-item'>\n\t\t\t\t<dt class='gallery-icon portrait'>\n\t\t\t\t\t<a class=\"rollover rollover-zoom dt-pswp-item\" title=\"4b4b3815-2da7-4629-ac05-4e73b8c90d6f\" data-dt-img-description=\"\" data-large_image_width=\"946\" data-large_image_height=\"977\"href='https:\/\/www.radiopiu.net\/wordpress\/wp-content\/uploads\/2022\/05\/4b4b3815-2da7-4629-ac05-4e73b8c90d6f.jpg'><img loading=\"lazy\" decoding=\"async\" width=\"290\" height=\"300\" src=\"https:\/\/www.radiopiu.net\/wordpress\/wp-content\/uploads\/2022\/05\/4b4b3815-2da7-4629-ac05-4e73b8c90d6f-290x300.jpg\" class=\"attachment-medium size-medium\" alt=\"\" srcset=\"https:\/\/www.radiopiu.net\/wordpress\/wp-content\/uploads\/2022\/05\/4b4b3815-2da7-4629-ac05-4e73b8c90d6f-290x300.jpg 290w, https:\/\/www.radiopiu.net\/wordpress\/wp-content\/uploads\/2022\/05\/4b4b3815-2da7-4629-ac05-4e73b8c90d6f-768x793.jpg 768w, https:\/\/www.radiopiu.net\/wordpress\/wp-content\/uploads\/2022\/05\/4b4b3815-2da7-4629-ac05-4e73b8c90d6f.jpg 946w\" sizes=\"auto, (max-width: 290px) 100vw, 290px\" \/><\/a>\n\t\t\t\t<\/dt><\/dl><dl class='gallery-item'>\n\t\t\t\t<dt class='gallery-icon landscape'>\n\t\t\t\t\t<a class=\"rollover rollover-zoom dt-pswp-item\" title=\"3c2820b5-5651-440e-9f01-6e22f6b600c0\" data-dt-img-description=\"\" data-large_image_width=\"1600\" data-large_image_height=\"826\"href='https:\/\/www.radiopiu.net\/wordpress\/wp-content\/uploads\/2022\/05\/3c2820b5-5651-440e-9f01-6e22f6b600c0.jpg'><img loading=\"lazy\" decoding=\"async\" width=\"300\" height=\"155\" src=\"https:\/\/www.radiopiu.net\/wordpress\/wp-content\/uploads\/2022\/05\/3c2820b5-5651-440e-9f01-6e22f6b600c0-300x155.jpg\" class=\"attachment-medium size-medium\" alt=\"\" srcset=\"https:\/\/www.radiopiu.net\/wordpress\/wp-content\/uploads\/2022\/05\/3c2820b5-5651-440e-9f01-6e22f6b600c0-300x155.jpg 300w, https:\/\/www.radiopiu.net\/wordpress\/wp-content\/uploads\/2022\/05\/3c2820b5-5651-440e-9f01-6e22f6b600c0-1024x529.jpg 1024w, https:\/\/www.radiopiu.net\/wordpress\/wp-content\/uploads\/2022\/05\/3c2820b5-5651-440e-9f01-6e22f6b600c0-768x396.jpg 768w, https:\/\/www.radiopiu.net\/wordpress\/wp-content\/uploads\/2022\/05\/3c2820b5-5651-440e-9f01-6e22f6b600c0-1536x793.jpg 1536w, https:\/\/www.radiopiu.net\/wordpress\/wp-content\/uploads\/2022\/05\/3c2820b5-5651-440e-9f01-6e22f6b600c0.jpg 1600w\" sizes=\"auto, (max-width: 300px) 100vw, 300px\" \/><\/a>\n\t\t\t\t<\/dt><\/dl><br style=\"clear: both\" \/>\n\t\t\t<\/div>\n\n<p><strong>RICOVERI E DECESSI<\/strong><br \/>\nAttualmente sono 27 i pazienti ricoverati in area non critica, 1 in terapia intensiva e 17 negli ospedali di comunit\u00e0. Nella settimana sono stati registrati quattro decessi: una donna di 92 anni ricoverata al Malattie Infettive, un donna di 63 anni in pneumologia al San Martino, una donna di 87 anni e un uomo di 81 in pneumologia a Belluno.<\/p>\n<p>&nbsp;<\/p>\n<hr \/>\n<p>&nbsp;<\/p>\n<blockquote>\n<h3><a class=\"dt-pswp-item\" href=\"https:\/\/www.radiopiu.net\/wordpress\/wp-content\/uploads\/2020\/10\/Medicina_generale.jpg\" data-dt-img-description=\"\" data-large_image_width=\"1284\" data-large_image_height=\"851\"><img loading=\"lazy\" decoding=\"async\" class=\" wp-image-168272 alignleft\" src=\"https:\/\/www.radiopiu.net\/wordpress\/wp-content\/uploads\/2020\/10\/Medicina_generale-150x150.jpg\" alt=\"\" width=\"104\" height=\"104\" \/><\/a>CAMBIO MEDICO UN SMS PER FACILITARE I CITTADINI<\/h3>\n<\/blockquote>\n<p><strong>BELLUNO<\/strong> Nelle prossime settimane cesseranno il servizio come Medici di Medicina Generale le dottoresse Federica Diazzi e Marianna Monari, entrambe operanti nell\u2019ambito dei comuni di Belluno, Limana, Ponte nelle Alpi e Soverzene. Gli assistiti di entrambe le dottoresse (complessivamente circa 1.400) dovranno effettuare la scelta di un nuovo medico operante nell\u2019ambito. Agli assistiti interessati, \u00e8 stata inviata una lettera e un SMS per informarli<\/p>\n<\/div>\n<p>&nbsp;<\/p>\n<p>&nbsp;<\/p>\n<hr \/>\n<p>&nbsp;<\/p>\n<blockquote class=\"wp-embedded-content\" data-secret=\"4wjbjZEmVy\"><p><a href=\"https:\/\/www.radiopiu.net\/wordpress\/aggnazionalemaggio16\/\">CORONAVIRUS: AGGIORNAMENTO NAZIONALE 16 MAGGIO 2022<\/a><\/p><\/blockquote>\n<p><iframe loading=\"lazy\" class=\"wp-embedded-content\" sandbox=\"allow-scripts\" security=\"restricted\" style=\"position: absolute; clip: rect(1px, 1px, 1px, 1px);\" title=\"&#8220;CORONAVIRUS: AGGIORNAMENTO NAZIONALE 16 MAGGIO 2022&#8221; &#8212; Radio Pi\u00f9\" src=\"https:\/\/www.radiopiu.net\/wordpress\/aggnazionalemaggio16\/embed\/#?secret=E7zqJh3WVF#?secret=4wjbjZEmVy\" data-secret=\"4wjbjZEmVy\" width=\"600\" height=\"338\" frameborder=\"0\" marginwidth=\"0\" marginheight=\"0\" scrolling=\"no\"><\/iframe><\/p>\n<p>&nbsp;<\/p>\n<blockquote class=\"wp-embedded-content\" data-secret=\"QLmJ3tfUiG\"><p><a href=\"https:\/\/www.radiopiu.net\/wordpress\/aggazzeromaggio16\/\">NOVE DECESSI E  810 NUOVE POSITIVITA&#8217; NELLE ULTIME 24 ORE. CALANO I RICOVETI ANCHE IN TERAPIE INTENSIVE<\/a><\/p><\/blockquote>\n<p><iframe loading=\"lazy\" class=\"wp-embedded-content\" sandbox=\"allow-scripts\" security=\"restricted\" style=\"position: absolute; clip: rect(1px, 1px, 1px, 1px);\" title=\"&#8220;NOVE DECESSI E  810 NUOVE POSITIVITA&#8217; NELLE ULTIME 24 ORE. CALANO I RICOVETI ANCHE IN TERAPIE INTENSIVE&#8221; &#8212; Radio Pi\u00f9\" src=\"https:\/\/www.radiopiu.net\/wordpress\/aggazzeromaggio16\/embed\/#?secret=uzZbSmmAFS#?secret=QLmJ3tfUiG\" data-secret=\"QLmJ3tfUiG\" width=\"600\" height=\"338\" frameborder=\"0\" marginwidth=\"0\" marginheight=\"0\" scrolling=\"no\"><\/iframe><\/p>\n<p>&nbsp;<\/p>\n<h2 dir=\"auto\">I GRAFICI DI TIZIANO DE COL<\/h2>\n\n\t\t\t<style type='text\/css'>\n\t\t\t\t#gallery-4 {\n\t\t\t\t\tmargin: auto;\n\t\t\t\t}\n\t\t\t\t#gallery-4 .gallery-item {\n\t\t\t\t\tfloat: left;\n\t\t\t\t\tmargin-top: 10px;\n\t\t\t\t\ttext-align: center;\n\t\t\t\t\twidth: 33%;\n\t\t\t\t}\n\t\t\t\t#gallery-4 img {\n\t\t\t\t\tborder: 2px solid #cfcfcf;\n\t\t\t\t}\n\t\t\t\t#gallery-4 .gallery-caption {\n\t\t\t\t\tmargin-left: 0;\n\t\t\t\t}\n\t\t\t\t\/* see gallery_shortcode() in wp-includes\/media.php *\/\n\t\t\t<\/style>\n\t\t<div id='gallery-4' class='dt-gallery-container gallery galleryid-275962 gallery-columns-3 gallery-size-thumbnail'><dl class='gallery-item'>\n\t\t\t\t<dt class='gallery-icon landscape'>\n\t\t\t\t\t<a class=\"rollover rollover-zoom dt-pswp-item\" title=\"b01903b1-1fb5-4acb-91f6-f1890ef40822\" data-dt-img-description=\"\" data-large_image_width=\"610\" data-large_image_height=\"365\"href='https:\/\/www.radiopiu.net\/wordpress\/wp-content\/uploads\/2022\/05\/b01903b1-1fb5-4acb-91f6-f1890ef40822.jpg'><img loading=\"lazy\" decoding=\"async\" width=\"150\" height=\"150\" src=\"https:\/\/www.radiopiu.net\/wordpress\/wp-content\/uploads\/2022\/05\/b01903b1-1fb5-4acb-91f6-f1890ef40822-150x150.jpg\" class=\"attachment-thumbnail size-thumbnail\" alt=\"\" \/><\/a>\n\t\t\t\t<\/dt><\/dl><dl class='gallery-item'>\n\t\t\t\t<dt class='gallery-icon landscape'>\n\t\t\t\t\t<a class=\"rollover rollover-zoom dt-pswp-item\" title=\"2ff2c621-9797-4171-a2d2-19b8e4008be5\" data-dt-img-description=\"\" data-large_image_width=\"603\" data-large_image_height=\"360\"href='https:\/\/www.radiopiu.net\/wordpress\/wp-content\/uploads\/2022\/05\/2ff2c621-9797-4171-a2d2-19b8e4008be5.jpg'><img loading=\"lazy\" decoding=\"async\" width=\"150\" height=\"150\" src=\"https:\/\/www.radiopiu.net\/wordpress\/wp-content\/uploads\/2022\/05\/2ff2c621-9797-4171-a2d2-19b8e4008be5-150x150.jpg\" class=\"attachment-thumbnail size-thumbnail\" alt=\"\" \/><\/a>\n\t\t\t\t<\/dt><\/dl><dl class='gallery-item'>\n\t\t\t\t<dt class='gallery-icon landscape'>\n\t\t\t\t\t<a class=\"rollover rollover-zoom dt-pswp-item\" title=\"5b7b7733-a092-4172-8556-2cca81a371d0\" data-dt-img-description=\"\" data-large_image_width=\"612\" data-large_image_height=\"363\"href='https:\/\/www.radiopiu.net\/wordpress\/wp-content\/uploads\/2022\/05\/5b7b7733-a092-4172-8556-2cca81a371d0.jpg'><img loading=\"lazy\" decoding=\"async\" width=\"150\" height=\"150\" src=\"https:\/\/www.radiopiu.net\/wordpress\/wp-content\/uploads\/2022\/05\/5b7b7733-a092-4172-8556-2cca81a371d0-150x150.jpg\" class=\"attachment-thumbnail size-thumbnail\" alt=\"\" \/><\/a>\n\t\t\t\t<\/dt><\/dl><br style=\"clear: both\" \/><dl class='gallery-item'>\n\t\t\t\t<dt class='gallery-icon landscape'>\n\t\t\t\t\t<a class=\"rollover rollover-zoom dt-pswp-item\" title=\"00358de2-ab90-4a69-b6fc-bdb097bfbf70\" data-dt-img-description=\"\" data-large_image_width=\"610\" data-large_image_height=\"362\"href='https:\/\/www.radiopiu.net\/wordpress\/wp-content\/uploads\/2022\/05\/00358de2-ab90-4a69-b6fc-bdb097bfbf70.jpg'><img loading=\"lazy\" decoding=\"async\" width=\"150\" height=\"150\" src=\"https:\/\/www.radiopiu.net\/wordpress\/wp-content\/uploads\/2022\/05\/00358de2-ab90-4a69-b6fc-bdb097bfbf70-150x150.jpg\" class=\"attachment-thumbnail size-thumbnail\" alt=\"\" \/><\/a>\n\t\t\t\t<\/dt><\/dl><dl class='gallery-item'>\n\t\t\t\t<dt class='gallery-icon landscape'>\n\t\t\t\t\t<a class=\"rollover rollover-zoom dt-pswp-item\" title=\"3c6fd7cc-3e44-4566-b9de-a820604073af\" data-dt-img-description=\"\" data-large_image_width=\"606\" data-large_image_height=\"372\"href='https:\/\/www.radiopiu.net\/wordpress\/wp-content\/uploads\/2022\/05\/3c6fd7cc-3e44-4566-b9de-a820604073af.jpg'><img loading=\"lazy\" decoding=\"async\" width=\"150\" height=\"150\" src=\"https:\/\/www.radiopiu.net\/wordpress\/wp-content\/uploads\/2022\/05\/3c6fd7cc-3e44-4566-b9de-a820604073af-150x150.jpg\" class=\"attachment-thumbnail size-thumbnail\" alt=\"\" \/><\/a>\n\t\t\t\t<\/dt><\/dl><dl class='gallery-item'>\n\t\t\t\t<dt class='gallery-icon landscape'>\n\t\t\t\t\t<a class=\"rollover rollover-zoom dt-pswp-item\" title=\"fbfee65f-ad1b-4740-a4d5-e48385940422\" data-dt-img-description=\"\" data-large_image_width=\"606\" data-large_image_height=\"350\"href='https:\/\/www.radiopiu.net\/wordpress\/wp-content\/uploads\/2022\/05\/fbfee65f-ad1b-4740-a4d5-e48385940422.jpg'><img loading=\"lazy\" decoding=\"async\" width=\"150\" height=\"150\" src=\"https:\/\/www.radiopiu.net\/wordpress\/wp-content\/uploads\/2022\/05\/fbfee65f-ad1b-4740-a4d5-e48385940422-150x150.jpg\" class=\"attachment-thumbnail size-thumbnail\" alt=\"\" \/><\/a>\n\t\t\t\t<\/dt><\/dl><br style=\"clear: both\" \/>\n\t\t\t<\/div>\n\n<p>&nbsp;<\/p>\n<hr \/>\n<p>&nbsp;<\/p>\n<blockquote>\n<h3>EPATITE C, DA UN VIRUS ALLA TERAPIA<\/h3>\n<p><em><a href=\"https:\/\/www.radiopiu.net\/wordpress\/wp-content\/uploads\/2022\/05\/blood-4039751__340.webp\"><img loading=\"lazy\" decoding=\"async\" class=\"size-thumbnail wp-image-276101 alignleft\" src=\"https:\/\/www.radiopiu.net\/wordpress\/wp-content\/uploads\/2022\/05\/blood-4039751__340-150x150.webp\" alt=\"\" width=\"150\" height=\"150\" \/><\/a>Quando la ricerca scientifica pu\u00f2 passare dall\u2019identificazione all\u2019eliminazione di un virus<\/em><\/p><\/blockquote>\n<p><strong>BELLUNO<\/strong> \u00a0Lo screening gratuito per l\u2019epatite C, che partir\u00e0 in Veneto il 16 maggio, si inserisce in un progetto nazionale che ha come obiettivo quello di eliminare il virus HCV dal territorio nazionale, rilevando le infezioni non ancora diagnosticate e trattandole precocemente. Questo programma ambizioso \u00e8 possibile grazie agli immensi risultati della ricerca scientifica che, in circa 30 anni, ha permesso l\u2019identificazione del virus HCV e lo sviluppo di terapie altamente efficaci. Grazie alle nuove terapie e alla disponibilit\u00e0 di vaccini per prevenire le altre epatiti (A e B), l\u2019Organizzazione Mondiale della Sanit\u00e0 (OMS) nel 2016 ha posto l\u2019obiettivo di eliminare a livello mondiale le epatiti virali, riducendo la nuova insorgenza del 90% e la mortalit\u00e0 del 65% entro il 2030.<\/p>\n<p>&nbsp;<\/p>\n<hr \/>\n<p>&nbsp;<\/p>\n<p>&nbsp;<\/p>\n<h2><span style=\"color: #ff0000;\">IERI ALLA RADIO<\/span><\/h2>\n<blockquote>\n<h3>A &#8220;CARPE DIEM&#8221; SI PARLA DI TURISMO, IL MESTIERE DELL&#8217;ALBERGATORE<\/h3>\n<\/blockquote>\n<p><strong><img loading=\"lazy\" decoding=\"async\" class=\"alignleft\" src=\"https:\/\/www.radiopiu.net\/wordpress\/wp-content\/uploads\/2022\/01\/Sergio-Pra.jpg\" width=\"111\" height=\"158\" \/>AUDIO<\/strong><\/p>\n<p><strong>OSPITE SERGIO PRA<\/strong><\/p>\n<p><strong>di\u00a0 CLAUDIO FONTANIVE<\/strong><\/p>\n<p>&nbsp;<\/p>\n<audio class=\"wp-audio-shortcode\" id=\"audio-275962-5\" preload=\"none\" style=\"width: 100%;\" controls=\"controls\"><source type=\"audio\/mpeg\" src=\"https:\/\/www.radiopiu.net\/wordpress\/wp-content\/uploads\/2022\/05\/sergio-pra-16-maggio.mp3?_=5\" \/><a href=\"https:\/\/www.radiopiu.net\/wordpress\/wp-content\/uploads\/2022\/05\/sergio-pra-16-maggio.mp3\">https:\/\/www.radiopiu.net\/wordpress\/wp-content\/uploads\/2022\/05\/sergio-pra-16-maggio.mp3<\/a><\/audio>\n<p>&nbsp;<\/p>\n<p>&nbsp;<\/p>\n<p>&nbsp;<\/p>\n<hr \/>\n<p>&nbsp;<\/p>\n<blockquote>\n<h3>UN SUCCESSO LA SFILATA DI MODA SUL BROI<\/h3>\n<\/blockquote>\n<p><strong><a class=\"dt-pswp-item\" href=\"https:\/\/www.radiopiu.net\/wordpress\/wp-content\/uploads\/2022\/05\/9d47aa28-b4c2-4b04-a22e-0d3dbf0d582e.jpg\" data-dt-img-description=\"\" data-large_image_width=\"2048\" data-large_image_height=\"1152\"><img loading=\"lazy\" decoding=\"async\" class=\"size-thumbnail wp-image-275915 alignleft\" src=\"https:\/\/www.radiopiu.net\/wordpress\/wp-content\/uploads\/2022\/05\/9d47aa28-b4c2-4b04-a22e-0d3dbf0d582e-150x150.jpg\" alt=\"\" width=\"150\" height=\"150\" \/><\/a>AGORDO<\/strong><\/p>\n<p>di Gianni Santomaso<\/p>\n<audio class=\"wp-audio-shortcode\" id=\"audio-275962-6\" preload=\"none\" style=\"width: 100%;\" controls=\"controls\"><source type=\"audio\/mpeg\" src=\"https:\/\/www.radiopiu.net\/wordpress\/wp-content\/uploads\/2022\/05\/GIANNI-SFILATA-BROI-LAURA.mp3?_=6\" \/><a href=\"https:\/\/www.radiopiu.net\/wordpress\/wp-content\/uploads\/2022\/05\/GIANNI-SFILATA-BROI-LAURA.mp3\">https:\/\/www.radiopiu.net\/wordpress\/wp-content\/uploads\/2022\/05\/GIANNI-SFILATA-BROI-LAURA.mp3<\/a><\/audio>\n<p><span style=\"color: #ff0000;\"><strong>\u00a0<\/strong><\/span><\/p>\n<p><span style=\"color: #ff0000;\"><strong>IERI ALLA RADIO<\/strong>\u00a0<\/span><\/p>\n<blockquote class=\"wp-embedded-content\" data-secret=\"DSm1sDXNxJ\"><p><a href=\"https:\/\/www.radiopiu.net\/wordpress\/la-sfilata-sul-broi-di-agordo-con-intimo-e-moda-da-laura\/\">LA SFILATA SUL BROI DI AGORDO CON &#8220;INTIMO E MODA DA LAURA&#8221;<\/a><\/p><\/blockquote>\n<p><iframe loading=\"lazy\" class=\"wp-embedded-content\" sandbox=\"allow-scripts\" security=\"restricted\" style=\"position: absolute; clip: rect(1px, 1px, 1px, 1px);\" title=\"&#8220;LA SFILATA SUL BROI DI AGORDO CON &#8220;INTIMO E MODA DA LAURA&#8221;&#8221; &#8212; Radio Pi\u00f9\" src=\"https:\/\/www.radiopiu.net\/wordpress\/la-sfilata-sul-broi-di-agordo-con-intimo-e-moda-da-laura\/embed\/#?secret=kH8EzHe2Ij#?secret=DSm1sDXNxJ\" data-secret=\"DSm1sDXNxJ\" width=\"600\" height=\"338\" frameborder=\"0\" marginwidth=\"0\" marginheight=\"0\" scrolling=\"no\"><\/iframe><\/p>\n<p>&nbsp;<\/p>\n<hr \/>\n<p>&nbsp;<\/p>\n<blockquote>\n<h3>MASHA FEDORYSHYN, DALL&#8217;UCRAINA A VOLTAGO PER UNA VITA MIGLIORE<\/h3>\n<\/blockquote>\n<p><strong>VOLTAGO<\/strong> Come ogni lunedi Gianni Santomaso dalle pagine del Corriere delle Alpi racconta una storia, un personaggio, un pezzo di vita dell\u2019Agordino \u201cVivere l\u2019Agordino\u201d una raccolta spaccato di vita agordina con le immancabili vignette di Erica Andrich<\/p>\n<p><strong>di Gianni Santomaso<\/strong><\/p>\n<audio class=\"wp-audio-shortcode\" id=\"audio-275962-7\" preload=\"none\" style=\"width: 100%;\" controls=\"controls\"><source type=\"audio\/mpeg\" src=\"https:\/\/www.radiopiu.net\/wordpress\/wp-content\/uploads\/2022\/05\/GIANNI-SPECIALE-AGORDINO-MASHA-FEDORYSHYN.mp3?_=7\" \/><a href=\"https:\/\/www.radiopiu.net\/wordpress\/wp-content\/uploads\/2022\/05\/GIANNI-SPECIALE-AGORDINO-MASHA-FEDORYSHYN.mp3\">https:\/\/www.radiopiu.net\/wordpress\/wp-content\/uploads\/2022\/05\/GIANNI-SPECIALE-AGORDINO-MASHA-FEDORYSHYN.mp3<\/a><\/audio>\n<p>&nbsp;<\/p>\n\n\t\t\t<style type='text\/css'>\n\t\t\t\t#gallery-5 {\n\t\t\t\t\tmargin: auto;\n\t\t\t\t}\n\t\t\t\t#gallery-5 .gallery-item {\n\t\t\t\t\tfloat: left;\n\t\t\t\t\tmargin-top: 10px;\n\t\t\t\t\ttext-align: center;\n\t\t\t\t\twidth: 50%;\n\t\t\t\t}\n\t\t\t\t#gallery-5 img {\n\t\t\t\t\tborder: 2px solid #cfcfcf;\n\t\t\t\t}\n\t\t\t\t#gallery-5 .gallery-caption {\n\t\t\t\t\tmargin-left: 0;\n\t\t\t\t}\n\t\t\t\t\/* see gallery_shortcode() in wp-includes\/media.php *\/\n\t\t\t<\/style>\n\t\t<div id='gallery-5' class='dt-gallery-container gallery galleryid-275962 gallery-columns-2 gallery-size-thumbnail'><dl class='gallery-item'>\n\t\t\t\t<dt class='gallery-icon portrait'>\n\t\t\t\t\t<a class=\"rollover rollover-zoom dt-pswp-item\" title=\"0\" data-dt-img-description=\"\" data-large_image_width=\"1617\" data-large_image_height=\"1926\"href='https:\/\/www.radiopiu.net\/wordpress\/wp-content\/uploads\/2022\/05\/0.png'><img loading=\"lazy\" decoding=\"async\" width=\"150\" height=\"150\" src=\"https:\/\/www.radiopiu.net\/wordpress\/wp-content\/uploads\/2022\/05\/0-150x150.png\" class=\"attachment-thumbnail size-thumbnail\" alt=\"\" \/><\/a>\n\t\t\t\t<\/dt><\/dl><dl class='gallery-item'>\n\t\t\t\t<dt class='gallery-icon landscape'>\n\t\t\t\t\t<a class=\"rollover rollover-zoom dt-pswp-item\" title=\"9b8aa1e9-9b8d-4b7a-8868-620de1e0d950\" data-dt-img-description=\"\" data-large_image_width=\"1600\" data-large_image_height=\"901\"href='https:\/\/www.radiopiu.net\/wordpress\/wp-content\/uploads\/2022\/05\/9b8aa1e9-9b8d-4b7a-8868-620de1e0d950.jpg'><img loading=\"lazy\" decoding=\"async\" width=\"150\" height=\"150\" src=\"https:\/\/www.radiopiu.net\/wordpress\/wp-content\/uploads\/2022\/05\/9b8aa1e9-9b8d-4b7a-8868-620de1e0d950-150x150.jpg\" class=\"attachment-thumbnail size-thumbnail\" alt=\"\" \/><\/a>\n\t\t\t\t<\/dt><\/dl><br style=\"clear: both\" \/>\n\t\t\t<\/div>\n\n<p>&nbsp;<\/p>\n<p>&nbsp;<\/p>\n<hr \/>\n<p>&nbsp;<\/p>\n<blockquote>\n<h3>GLI ESAMI CAMBRIDGE A CAPRILE<\/h3>\n<\/blockquote>\n<p><strong><a class=\"dt-pswp-item\" href=\"https:\/\/www.radiopiu.net\/wordpress\/wp-content\/uploads\/2022\/05\/Schermata-2022-05-14-alle-15.34.39.png\" data-dt-img-description=\"\" data-large_image_width=\"878\" data-large_image_height=\"806\"><img loading=\"lazy\" decoding=\"async\" class=\"size-thumbnail wp-image-275774 alignleft\" src=\"https:\/\/www.radiopiu.net\/wordpress\/wp-content\/uploads\/2022\/05\/Schermata-2022-05-14-alle-15.34.39-150x150.png\" alt=\"\" width=\"150\" height=\"150\" \/><\/a>ALLEGHE<\/strong><\/p>\n<p>di Gianni Santomaso<\/p>\n<audio class=\"wp-audio-shortcode\" id=\"audio-275962-8\" preload=\"none\" style=\"width: 100%;\" controls=\"controls\"><source type=\"audio\/mpeg\" src=\"https:\/\/www.radiopiu.net\/wordpress\/wp-content\/uploads\/2022\/05\/GIANNI-ESAMI-CAMBRIDGE.mp3?_=8\" \/><a href=\"https:\/\/www.radiopiu.net\/wordpress\/wp-content\/uploads\/2022\/05\/GIANNI-ESAMI-CAMBRIDGE.mp3\">https:\/\/www.radiopiu.net\/wordpress\/wp-content\/uploads\/2022\/05\/GIANNI-ESAMI-CAMBRIDGE.mp3<\/a><\/audio>\n<p>&nbsp;<\/p>\n<hr \/>\n<p>&nbsp;<\/p>\n<blockquote>\n<h3>IL BARD \u201cRIPARTE\u201d DA SAPPADA<\/h3>\n<\/blockquote>\n<p><strong><a class=\"dt-pswp-item\" href=\"https:\/\/www.radiopiu.net\/wordpress\/wp-content\/uploads\/2021\/12\/BARD.png\" data-dt-img-description=\"\" data-large_image_width=\"452\" data-large_image_height=\"448\"><img loading=\"lazy\" decoding=\"async\" class=\"size-thumbnail wp-image-247298 alignleft\" src=\"https:\/\/www.radiopiu.net\/wordpress\/wp-content\/uploads\/2021\/12\/BARD-150x150.png\" alt=\"\" width=\"150\" height=\"150\" srcset=\"https:\/\/www.radiopiu.net\/wordpress\/wp-content\/uploads\/2021\/12\/BARD-150x150.png 150w, https:\/\/www.radiopiu.net\/wordpress\/wp-content\/uploads\/2021\/12\/BARD-300x297.png 300w, https:\/\/www.radiopiu.net\/wordpress\/wp-content\/uploads\/2021\/12\/BARD.png 452w\" sizes=\"auto, (max-width: 150px) 100vw, 150px\" \/><\/a>BELLUNO <\/strong>\u201cRipartiamo da Sappada\u201d: questo il titolo dell&#8217;incontro che il movimento Belluno Autonoma Regione Dolomiti ha organizzato per domenica 22 maggio proprio nel comune che nel 2017 ha lasciato Belluno e il Veneto per il Friuli Venezia Giulia. L&#8217;appuntamento \u00e8 alle 9.30 in Sala del Consiglio. I relattori saranno: il vicesindaco di Sappada, Valerio Piller Roner, Alessandro Mauro del Comitato Referendario, le senatrici della XVII Isabella De Monte e Raffaela Bellot, il sociologo Diego Cason. Per le \u201cesperienze di confine\u201d interverranno Lucio Eicher Clere, Presidente della Federazione Ladina del Veneto e Francesco De Bettin, neo-presidente dell&#8217;Associazione Comelico Nuovo. A tenere le fila dell&#8217;intera giornata sar\u00e0 il presidente del Bard, Andrea Bona.<\/p>\n<p>&nbsp;<\/p>\n<p>&nbsp;<\/p>\n<hr \/>\n<p>&nbsp;<\/p>\n<blockquote>\n<h3 style=\"text-align: left;\">IL SENTIERO DEL RESPIRO, MERCOLEDI L&#8217;INAUGURAZIONE<\/h3>\n<\/blockquote>\n<p><strong><a class=\"dt-pswp-item\" href=\"https:\/\/www.radiopiu.net\/wordpress\/wp-content\/uploads\/2022\/05\/image006.png\" data-dt-img-description=\"\" data-large_image_width=\"990\" data-large_image_height=\"556\"><img loading=\"lazy\" decoding=\"async\" class=\"size-thumbnail wp-image-276058 alignleft\" src=\"https:\/\/www.radiopiu.net\/wordpress\/wp-content\/uploads\/2022\/05\/image006-150x150.png\" alt=\"\" width=\"150\" height=\"150\" \/><\/a>LIVINALLONGO<\/strong>\u00a0 Domani\u00a0 alle\u00a0 11 al Castello di Andraz\u00a0 si svolger\u00e0 la cerimonia inaugurale del progetto \u201cIl Sentiero del Respiro\u201d alla presenza delle Istituzioni e di rappresentanti della Societ\u00e0 civile. Nato dalla collaborazione tra Chiesi Italia, la filiale italiana del Gruppo Chiesi e la Regione Veneto, il \u201cSentiero del Respiro\u201d \u00e8 realizzato dalla Forestale del Veneto,\u00a0 Veneto Agricoltura,\u00a0 Comune di Livinallongo,\u00a0 per riconnettere la natura alle persone, puntando alla valorizzazione turistico-ricettiva e boschiva del territorio. Parteciperanno, tra gli altri: Rosanna Conte, Europarlamentare, membro delle Commissioni \u201cSviluppo Regionale\u201d e \u201cAmbiente, Sanit\u00e0 Pubblica e Sicurezza Alimentare\u201d &#8211; Manuela Lanzarin, Assessore alla Sanit\u00e0, Regione Veneto &#8211; Fabiano Barbisan, Consigliere regionale Veneto &#8211; Nicola Dell\u2019Acqua, Direttore generale Veneto Agricoltura &#8211; Gianmaria Sommavilla, Direttore Generale Forestale Regione Veneto &#8211; Leandro Grones, Sindaco di Livinallongo del Col di Lana &#8211; Sandra Frateiacci, Presidente ALAMA &#8211; FederAsma e Allergie \u2013 Raffaello Innocenti, Amministratore Delegato di Chiesi Italia. <em>Modera: Francesca Parisella, giornalista e conduttrice televisiva, RAI 2<\/em><\/p>\n<p>&nbsp;<\/p>\n<hr \/>\n<p>&nbsp;<\/p>\n<blockquote>\n<h3>3000 BORRACCE PER RIDURRE IL CONSUMO DI PLASTICA NELLE SCUOLE<\/h3>\n<\/blockquote>\n<p><strong>BELLUNO<\/strong> Prosegue l\u2019impegno delle scuole bellunesi per ridurre il consumo di plastiche monouso all\u2019interno e fuori dei plessi scolastici. Domani\u00a0 Met\u00e0logos e Bellunum consegneranno agli studenti di quattro istituti 3.000 borracce in acciaio. Le borracce saranno consegnate anche agli studenti dell\u2019Itis Negrelli di Feltre, dell\u2019Itis Segato e Ipsia Brustolon di Belluno. Obiettivo dell\u2019iniziativa \u00e8 ridurre drasticamente il consumo di plastica monouso nelle scuole, eliminando bicchieri e bottiglie non riciclabili a favore di materiali sostenibili. Il progetto prevede la conversione dei distributori automatici, almeno per quanto riguarda la fornitura di acqua e l\u2019installazione dei distributori a fontana.<\/p>\n<div class=\"\"><\/div>\n<div><\/div>\n<div><span id=\"page48R_mcid8\" class=\"markedContent\">\u00a0<\/span><\/div>\n<div><\/div>\n<hr \/>\n<p>&nbsp;<\/p>\n<blockquote>\n<h3>&#8220;COMMUNITY\u00a0 UP!\u201d : PROGETTO DELL\u2019 AIPD BELLUNO<\/h3>\n<\/blockquote>\n<p><strong>BELLUNO <\/strong>AIPD (Associazione Italiana Persone Down) della provincia di Belluno sta presentando ed attuando un nuovo progetto<strong>, <\/strong>\u201dCommunity up\u201d, ispirato da principi quali inclusione sociale, creazione di rete di relazioni ed orientato principalmente alla promozione del Volontario come risorsa per la comunit\u00e0. Nel pomeriggio del 26 aprile scorso si \u00e8 svolto, ad esempio, gi\u00e0 un primo\u00a0 incontro sul tema \u201cDisabilit\u00e0 intellettiva ed emergenza\u201d, in collaborazione col Comando Vigili del Fuoco di Belluno,\u00a0 e rivolto a tutte le Forze dell\u2019Ordine della provincia. Nei giorni 20, 21 e 22 maggio si svolger\u00e0 a Sospirolo, nell\u2019area Pr\u00e0 della Mella. il&#8221; Kart day, piloti per un giorno\u201d:\u00a0 si tratta di un evento aperto a tutta la popolazione, con un invito particolare\u00a0 all\u2019AIPD, al Gruppo Autismo ed alla Associazione Italiana Ciechi ed Ipovedenti, sezioni provinciali di Belluno. I giovani piloti professionisti saranno a disposizione come volontari per far godere a tutti l\u2019emozione di un giro in go kart nella pista appositamente predisposta.<\/p>\n<p>&nbsp;<\/p>\n<p>&nbsp;<\/p>\n<hr \/>\n<p>&nbsp;<\/p>\n<blockquote>\n<h3>DILLO A RADIO PIU&#8217;&#8230;L&#8217;INCIVILTA&#8217; FIN DAL PRIMO FINE SETTIMANA DI SOLE<\/h3>\n<\/blockquote>\n<p><strong>REDAZIONE<\/strong> Riceviamo e pubblichiamo due foto che arrivano da Colle Santa Lucia. Primo fine settimana di sole e primi atti di incivilt\u00e0. Il cestino che dovrebbe essere usato per gettare le deiezioni dei cani scambiato per un normale cestino della spazzatura&#8230;e una volta pieno il resto della spazzatura a terra.<\/p>\n\n\t\t\t<style type='text\/css'>\n\t\t\t\t#gallery-6 {\n\t\t\t\t\tmargin: auto;\n\t\t\t\t}\n\t\t\t\t#gallery-6 .gallery-item {\n\t\t\t\t\tfloat: left;\n\t\t\t\t\tmargin-top: 10px;\n\t\t\t\t\ttext-align: center;\n\t\t\t\t\twidth: 50%;\n\t\t\t\t}\n\t\t\t\t#gallery-6 img {\n\t\t\t\t\tborder: 2px solid #cfcfcf;\n\t\t\t\t}\n\t\t\t\t#gallery-6 .gallery-caption {\n\t\t\t\t\tmargin-left: 0;\n\t\t\t\t}\n\t\t\t\t\/* see gallery_shortcode() in wp-includes\/media.php *\/\n\t\t\t<\/style>\n\t\t<div id='gallery-6' class='dt-gallery-container gallery galleryid-275962 gallery-columns-2 gallery-size-thumbnail'><dl class='gallery-item'>\n\t\t\t\t<dt class='gallery-icon portrait'>\n\t\t\t\t\t<a class=\"rollover rollover-zoom dt-pswp-item\" title=\"0f251468-2991-4292-8ecc-a6f5cb52e19a\" data-dt-img-description=\"\" data-large_image_width=\"336\" data-large_image_height=\"750\"href='https:\/\/www.radiopiu.net\/wordpress\/wp-content\/uploads\/2022\/05\/0f251468-2991-4292-8ecc-a6f5cb52e19a.jpg'><img loading=\"lazy\" decoding=\"async\" width=\"150\" height=\"150\" src=\"https:\/\/www.radiopiu.net\/wordpress\/wp-content\/uploads\/2022\/05\/0f251468-2991-4292-8ecc-a6f5cb52e19a-150x150.jpg\" class=\"attachment-thumbnail size-thumbnail\" alt=\"\" \/><\/a>\n\t\t\t\t<\/dt><\/dl><dl class='gallery-item'>\n\t\t\t\t<dt class='gallery-icon portrait'>\n\t\t\t\t\t<a class=\"rollover rollover-zoom dt-pswp-item\" title=\"a7d77974-4317-4140-bb92-0cc803107937\" data-dt-img-description=\"\" data-large_image_width=\"336\" data-large_image_height=\"750\"href='https:\/\/www.radiopiu.net\/wordpress\/wp-content\/uploads\/2022\/05\/a7d77974-4317-4140-bb92-0cc803107937.jpg'><img loading=\"lazy\" decoding=\"async\" width=\"150\" height=\"150\" src=\"https:\/\/www.radiopiu.net\/wordpress\/wp-content\/uploads\/2022\/05\/a7d77974-4317-4140-bb92-0cc803107937-150x150.jpg\" class=\"attachment-thumbnail size-thumbnail\" alt=\"\" \/><\/a>\n\t\t\t\t<\/dt><\/dl><br style=\"clear: both\" \/>\n\t\t\t<\/div>\n\n<p>&nbsp;<\/p>\n<hr \/>\n<p>&nbsp;<\/p>\n<blockquote>\n<h3>INVECCHIAMENTO ATTIVO: CON IL VOLONTARIATO COMUNIT\u00c0 PI\u00d9 UNITE E SOLIDALI<\/h3>\n<\/blockquote>\n<p><strong><a class=\"dt-pswp-item\" href=\"https:\/\/www.radiopiu.net\/wordpress\/wp-content\/uploads\/2022\/05\/CSV-BL-TV-Invecchiamento-attivo-quadrato-loghi.png\" data-dt-img-description=\"\" data-large_image_width=\"4501\" data-large_image_height=\"4501\"><img loading=\"lazy\" decoding=\"async\" class=\" wp-image-275497 alignleft\" src=\"https:\/\/www.radiopiu.net\/wordpress\/wp-content\/uploads\/2022\/05\/CSV-BL-TV-Invecchiamento-attivo-quadrato-loghi-150x150.png\" alt=\"\" width=\"131\" height=\"131\" srcset=\"https:\/\/www.radiopiu.net\/wordpress\/wp-content\/uploads\/2022\/05\/CSV-BL-TV-Invecchiamento-attivo-quadrato-loghi-150x150.png 150w, https:\/\/www.radiopiu.net\/wordpress\/wp-content\/uploads\/2022\/05\/CSV-BL-TV-Invecchiamento-attivo-quadrato-loghi-300x300.png 300w, https:\/\/www.radiopiu.net\/wordpress\/wp-content\/uploads\/2022\/05\/CSV-BL-TV-Invecchiamento-attivo-quadrato-loghi-1024x1024.png 1024w, https:\/\/www.radiopiu.net\/wordpress\/wp-content\/uploads\/2022\/05\/CSV-BL-TV-Invecchiamento-attivo-quadrato-loghi-768x768.png 768w, https:\/\/www.radiopiu.net\/wordpress\/wp-content\/uploads\/2022\/05\/CSV-BL-TV-Invecchiamento-attivo-quadrato-loghi-1536x1536.png 1536w, https:\/\/www.radiopiu.net\/wordpress\/wp-content\/uploads\/2022\/05\/CSV-BL-TV-Invecchiamento-attivo-quadrato-loghi-2048x2048.png 2048w\" sizes=\"auto, (max-width: 131px) 100vw, 131px\" \/><\/a>BELLUNO <\/strong>Incentivare l&#8217;invecchiamento attivo e la cultura del volontariato, combattendo i fenomeni di marginalit\u00e0 e fragilit\u00e0, per una maggiore inclusione sociale dei cittadini in fase di pensionamento o gi\u00e0 pensionati. Questo l\u2019obiettivo del nuovo progetto \u201cAttivo il mio tempo: un pensionamento generAt(t)ivo\u201d, promosso da Csv Belluno Treviso con i Coordinamenti del volontariato e le associazioni dei territori bellunese e trevigiano. Gi\u00e0 decollati a Treviso, gli incontri fanno ora tappa in provincia di Belluno: la prima data bellunese in calendario \u00e8 fissata per domani, dalle 17.30 alle 19, in sala \u201cDon Tamis\u201d ad Agordo.<\/p>\n<p>&nbsp;<\/p>\n<p>&nbsp;<\/p>\n<hr \/>\n<p>&nbsp;<\/p>\n<blockquote>\n<h3><a class=\"dt-pswp-item\" href=\"https:\/\/www.radiopiu.net\/wordpress\/wp-content\/uploads\/2022\/05\/petti.jpg\" data-dt-img-description=\"\" data-large_image_width=\"269\" data-large_image_height=\"131\"><img loading=\"lazy\" decoding=\"async\" class=\"wp-image-275145 alignleft\" src=\"https:\/\/www.radiopiu.net\/wordpress\/wp-content\/uploads\/2022\/05\/petti.jpg\" alt=\"\" width=\"218\" height=\"106\" \/><\/a>FORMAZIONE PETTIROSSO AGORDINO <strong>\u00a0<\/strong><\/h3>\n<\/blockquote>\n<p><strong>CENCENIGHE<\/strong> &#8220;Il tempo della cura e le disposizioni anticipate di trattamento, come costruire le mie scelte per il futuro&#8221; \u00e8 il titolo dell&#8217;incontro promosso dall&#8217;associazione Pettirosso Agordino (sollievo e assistenza al malato e alla sua famiglia) in programma il 23 maggio alle 20.30 nella sala culturale del Comune di Cencenighe (Nof Filo&#8217;). Relatrici la professoressa Lucia Busatta, giurista esperta in bio diritto e Francesca De Biasi psicologa terapeuta.<\/p>\n<p>&nbsp;<\/p>\n<hr \/>\n<p>&nbsp;<\/p>\n<blockquote>\n<h3>GALLIA E LA SUA ASSOCIAZIONE PER AIUTARE IL POPOLO UCRAINO<\/h3>\n<\/blockquote>\n<p><strong>COMELICO<\/strong> Dall&#8217;Ucraina in Italia per avere una vita migliore ma il cuore rimane nella terra d&#8217;origine. Lei \u00e8 Gallia Halyna ed \u00e8 arrivata in Italia circa 12 anni fa. Nel frattempo ha messo su famiglia sposando un italiano. La guerra in Ucraina ha spinto Gallia ad aiutare i suoi connazionali e con la sua associazione &#8220;La Vita \u00e8 Un Dono Di Dio&#8221; ha gi\u00e0 effettuato 3 viaggi portando aiuti al popolo ucraino. Il 23 maggio ci sar\u00e0 un&#8217;altra partenza verso l&#8217;Ucraina per aiutare le persone che soffrono<\/p>\n<div style=\"width: 1200px;\" class=\"wp-video\"><video class=\"wp-video-shortcode\" id=\"video-275962-1\" width=\"1200\" height=\"675\" preload=\"metadata\" controls=\"controls\"><source type=\"video\/mp4\" src=\"https:\/\/www.radiopiu.net\/wordpress\/wp-content\/uploads\/2022\/05\/video-Paolo-Gallia.mp4?_=1\" \/><a href=\"https:\/\/www.radiopiu.net\/wordpress\/wp-content\/uploads\/2022\/05\/video-Paolo-Gallia.mp4\">https:\/\/www.radiopiu.net\/wordpress\/wp-content\/uploads\/2022\/05\/video-Paolo-Gallia.mp4<\/a><\/video><\/div>\n<p>&nbsp;<\/p>\n<p>&nbsp;<\/p>\n<hr \/>\n<p>&nbsp;<\/p>\n<div class=\"page\" title=\"Page 1\">\n<div class=\"layoutArea\">\n<div class=\"column\">\n<h3><a class=\"dt-pswp-item\" href=\"https:\/\/www.radiopiu.net\/wordpress\/wp-content\/uploads\/2022\/05\/86389146-bd70-4a0c-9306-0f29afa0c617.jpg\" data-dt-img-description=\"\" data-large_image_width=\"1131\" data-large_image_height=\"1599\"><img loading=\"lazy\" decoding=\"async\" class=\"size-thumbnail wp-image-275974 alignleft\" src=\"https:\/\/www.radiopiu.net\/wordpress\/wp-content\/uploads\/2022\/05\/86389146-bd70-4a0c-9306-0f29afa0c617-150x150.jpg\" alt=\"\" width=\"150\" height=\"150\" \/><\/a>SEI SEMPRE TU<\/h3>\n<p><strong>BELLUNO <\/strong>Oggi alle 18.30 nella sala Parco Ex Casa Rossa incontro su &#8220;i nostri figli, parte del mondo e non un problema a parte&#8221;. Interverranno Manuela Pelizon, Elena De Rigo, Carmen De Lazzer e Marta Fant. Modera Flavia Monego.<\/p>\n<p>&nbsp;<\/p>\n<p>&nbsp;<\/p>\n<p>&nbsp;<\/p>\n<hr \/>\n<p>&nbsp;<\/p>\n<blockquote>\n<h3><a class=\"dt-pswp-item\" href=\"https:\/\/www.radiopiu.net\/wordpress\/wp-content\/uploads\/2022\/05\/3b8e5453-fc72-4b5b-abc7-bca69f0902c0.jpg\" data-dt-img-description=\"\" data-large_image_width=\"1080\" data-large_image_height=\"1080\"><img loading=\"lazy\" decoding=\"async\" class=\"size-thumbnail wp-image-275975 alignleft\" src=\"https:\/\/www.radiopiu.net\/wordpress\/wp-content\/uploads\/2022\/05\/3b8e5453-fc72-4b5b-abc7-bca69f0902c0-150x150.jpg\" alt=\"\" width=\"150\" height=\"150\" srcset=\"https:\/\/www.radiopiu.net\/wordpress\/wp-content\/uploads\/2022\/05\/3b8e5453-fc72-4b5b-abc7-bca69f0902c0-150x150.jpg 150w, https:\/\/www.radiopiu.net\/wordpress\/wp-content\/uploads\/2022\/05\/3b8e5453-fc72-4b5b-abc7-bca69f0902c0-300x300.jpg 300w, https:\/\/www.radiopiu.net\/wordpress\/wp-content\/uploads\/2022\/05\/3b8e5453-fc72-4b5b-abc7-bca69f0902c0-1024x1024.jpg 1024w, https:\/\/www.radiopiu.net\/wordpress\/wp-content\/uploads\/2022\/05\/3b8e5453-fc72-4b5b-abc7-bca69f0902c0-768x768.jpg 768w, https:\/\/www.radiopiu.net\/wordpress\/wp-content\/uploads\/2022\/05\/3b8e5453-fc72-4b5b-abc7-bca69f0902c0.jpg 1080w\" sizes=\"auto, (max-width: 150px) 100vw, 150px\" \/><\/a>I CORSI DI PITTURA APS PIGMENTI<\/h3>\n<\/blockquote>\n<p>Domani alle 18 inaugurazione dei nuovi corsi nella sala parrocchiale di Longarone.<\/p>\n<p>&nbsp;<\/p>\n<p>&nbsp;<\/p>\n<\/div>\n<p>&nbsp;<\/p>\n<div class=\"column\">\n<p>&nbsp;<\/p>\n<\/div>\n<\/div>\n<\/div>\n<p>&nbsp;<\/p>\n<p>&nbsp;<\/p>\n<hr \/>\n<p>&nbsp;<\/p>\n<blockquote>\n<blockquote>\n<h3><a class=\"dt-pswp-item\" href=\"https:\/\/www.radiopiu.net\/wordpress\/wp-content\/uploads\/2022\/05\/57079675_1909263132513129_4795482160242884608_n.jpg\" data-dt-img-description=\"\" data-large_image_width=\"960\" data-large_image_height=\"539\"><img loading=\"lazy\" decoding=\"async\" class=\"size-thumbnail wp-image-276004 alignleft\" src=\"https:\/\/www.radiopiu.net\/wordpress\/wp-content\/uploads\/2022\/05\/57079675_1909263132513129_4795482160242884608_n-150x150.jpg\" alt=\"\" width=\"150\" height=\"150\" \/><\/a>L&#8217;EVENTO: PER RICORDARE TIX<\/h3>\n<\/blockquote>\n<p><strong>FALCADE<\/strong> Festival live rock davanti al BAR da FLORA, con esibizione di band, amici\/musicisti, tutti insieme per ricordare ed onorare Tix e tutto quello che ci ha dato.. WORK IN PROGRESS&#8230; Prossime novita&#8217; a riguardo sull&#8217; evento.<\/p><\/blockquote>\n<p>&nbsp;<\/p>\n<p>&nbsp;<\/p>\n<p>&nbsp;<\/p>\n<p>&nbsp;<\/p>\n<hr \/>\n<p>&nbsp;<\/p>\n<div class=\"page\" title=\"Page 1\">\n<div class=\"layoutArea\">\n<div class=\"column\">\n<blockquote>\n<blockquote>\n<h2>di Claudio Pra<\/h2>\n<p>&#8220;Nonostante le nubi e la foschia io e mio figlio Simone ieri all&#8217;alba siamo saliti con un atto di fede a Passo Giau dove, nonostante le condizioni non ideali, siamo riusciti a catturare qualche immagine dell&#8217;eclisse lunare di ieri notte&#8221;<\/p><\/blockquote>\n\n\t\t\t<style type='text\/css'>\n\t\t\t\t#gallery-7 {\n\t\t\t\t\tmargin: auto;\n\t\t\t\t}\n\t\t\t\t#gallery-7 .gallery-item {\n\t\t\t\t\tfloat: left;\n\t\t\t\t\tmargin-top: 10px;\n\t\t\t\t\ttext-align: center;\n\t\t\t\t\twidth: 33%;\n\t\t\t\t}\n\t\t\t\t#gallery-7 img {\n\t\t\t\t\tborder: 2px solid #cfcfcf;\n\t\t\t\t}\n\t\t\t\t#gallery-7 .gallery-caption {\n\t\t\t\t\tmargin-left: 0;\n\t\t\t\t}\n\t\t\t\t\/* see gallery_shortcode() in wp-includes\/media.php *\/\n\t\t\t<\/style>\n\t\t<div id='gallery-7' class='dt-gallery-container gallery galleryid-275962 gallery-columns-3 gallery-size-thumbnail'><dl class='gallery-item'>\n\t\t\t\t<dt class='gallery-icon landscape'>\n\t\t\t\t\t<a class=\"rollover rollover-zoom dt-pswp-item\" title=\"b7ecf45d-ae9d-42fc-8a88-6b8d015d7c4e\" data-dt-img-description=\"\" data-large_image_width=\"1600\" data-large_image_height=\"931\"href='https:\/\/www.radiopiu.net\/wordpress\/wp-content\/uploads\/2022\/05\/b7ecf45d-ae9d-42fc-8a88-6b8d015d7c4e.jpg'><img loading=\"lazy\" decoding=\"async\" width=\"150\" height=\"150\" src=\"https:\/\/www.radiopiu.net\/wordpress\/wp-content\/uploads\/2022\/05\/b7ecf45d-ae9d-42fc-8a88-6b8d015d7c4e-150x150.jpg\" class=\"attachment-thumbnail size-thumbnail\" alt=\"\" \/><\/a>\n\t\t\t\t<\/dt><\/dl><dl class='gallery-item'>\n\t\t\t\t<dt class='gallery-icon landscape'>\n\t\t\t\t\t<a class=\"rollover rollover-zoom dt-pswp-item\" title=\"1ea862d6-2e13-4a01-a15f-d59e581bb579\" data-dt-img-description=\"\" data-large_image_width=\"1500\" data-large_image_height=\"844\"href='https:\/\/www.radiopiu.net\/wordpress\/wp-content\/uploads\/2022\/05\/1ea862d6-2e13-4a01-a15f-d59e581bb579.jpg'><img loading=\"lazy\" decoding=\"async\" width=\"150\" height=\"150\" src=\"https:\/\/www.radiopiu.net\/wordpress\/wp-content\/uploads\/2022\/05\/1ea862d6-2e13-4a01-a15f-d59e581bb579-150x150.jpg\" class=\"attachment-thumbnail size-thumbnail\" alt=\"\" \/><\/a>\n\t\t\t\t<\/dt><\/dl><dl class='gallery-item'>\n\t\t\t\t<dt class='gallery-icon landscape'>\n\t\t\t\t\t<a class=\"rollover rollover-zoom dt-pswp-item\" title=\"4e247f65-7c39-4148-ba54-19485ecd5f6f\" data-dt-img-description=\"\" data-large_image_width=\"1580\" data-large_image_height=\"1479\"href='https:\/\/www.radiopiu.net\/wordpress\/wp-content\/uploads\/2022\/05\/4e247f65-7c39-4148-ba54-19485ecd5f6f.jpg'><img loading=\"lazy\" decoding=\"async\" width=\"150\" height=\"150\" src=\"https:\/\/www.radiopiu.net\/wordpress\/wp-content\/uploads\/2022\/05\/4e247f65-7c39-4148-ba54-19485ecd5f6f-150x150.jpg\" class=\"attachment-thumbnail size-thumbnail\" alt=\"\" \/><\/a>\n\t\t\t\t<\/dt><\/dl><br style=\"clear: both\" \/>\n\t\t\t<\/div>\n\n<p>&nbsp;<\/p>\n<p>&nbsp;<\/p><\/blockquote>\n<hr \/>\n<p>&nbsp;<\/p>\n<\/div>\n<\/div>\n<\/div>\n<blockquote>\n<h3>SEMINARIO DEL CENTRO STUDI BELLUNESE<\/h3>\n<\/blockquote>\n<p><strong>BELLUNO<\/strong> \u201cCentro polifunzionale di servizi archivistici qualificati\u201d. Questo il titolo dell\u2019ultimo seminario dedicato agli amministratori locali. Lo organizza il Centro Studi Bellunese per domani dalle 10, a Villa Carpenada. Interverr\u00e0 Giorgetta Bonfiglio Dosio (docente di archivistica e direttrice scientifica della rivista \u201cArchivi\u201d e della collana \u201cInvenire\u201d),\u00a0 Stefano Pigliapoco, docente e consulente per la gestione dei documenti e la realizzazione di sistemi informativi automatizzati. Modera Eurosia Zuccolo, direttrice della Soprintendenza archivistica e bibliografica del Veneto e del Trentino-Alto Adige.<\/p>\n<p>&nbsp;<\/p>\n<p>&nbsp;<\/p>\n<hr \/>\n<p>&nbsp;<\/p>\n<blockquote>\n<h3>SENZA FRETTA IN BICICLETTA<\/h3>\n<\/blockquote>\n<p><strong>BELLUNO<\/strong>\u00a0 <span dir=\"ltr\" role=\"presentation\">In occasione della partenza di tappa del Giro d\u2019Italia a Belluno, il prossimo <\/span><span dir=\"ltr\" role=\"presentation\">28 maggio, la Biblioteca civica di Belluno organizza delle letture espressive <\/span><span dir=\"ltr\" role=\"presentation\">per bambini a cura di Barbara De Poloni. <\/span><span dir=\"ltr\" role=\"presentation\">Le letture si svolgeranno nelle giornate di<\/span> <span dir=\"ltr\" role=\"presentation\">marted\u00ec 24 maggio e venerd\u00ec <\/span><span dir=\"ltr\" role=\"presentation\">27 maggio, in doppio turno: dalle 15.00 alle 15.45 per i bambini <\/span><span dir=\"ltr\" role=\"presentation\">dai 7 ai 10 anni e dalle 16.30 alle 17.00 per i bambini dai 3 ai 6 <\/span><span dir=\"ltr\" role=\"presentation\">anni<\/span><span dir=\"ltr\" role=\"presentation\">. <\/span><span dir=\"ltr\" role=\"presentation\">A fare da cornice all\u2019iniziativa, la\u00a0 sala con affresco, al primo piano di <\/span><span dir=\"ltr\" role=\"presentation\">Palazzo Bembo (Piazzetta Giovan Battista Pellegrini), dove potranno essere <\/span><span dir=\"ltr\" role=\"presentation\">accolti un<\/span> <span dir=\"ltr\" role=\"presentation\">massimo di 20 bambini per turno, accompagnati da un <\/span><span dir=\"ltr\" role=\"presentation\">adulto. <\/span><span dir=\"ltr\" role=\"presentation\">La<\/span> <span dir=\"ltr\" role=\"presentation\">prenotazione<\/span> <span dir=\"ltr\" role=\"presentation\">\u00e8<\/span> <span dir=\"ltr\" role=\"presentation\">obbligatoria,<\/span> <span dir=\"ltr\" role=\"presentation\">telefonando<\/span> <span dir=\"ltr\" role=\"presentation\">alla<\/span> <span dir=\"ltr\" role=\"presentation\">Biblioteca<\/span> <span dir=\"ltr\" role=\"presentation\">dei <\/span><span dir=\"ltr\" role=\"presentation\">Ragazzi al numero 0437 913305 o inviando un&#8217;email all&#8217;indirizzo <\/span><span dir=\"ltr\" role=\"presentation\">biblioteca@comune.belluno.it<\/span><span dir=\"ltr\" role=\"presentation\">. <\/span><span dir=\"ltr\" role=\"presentation\">L\u2019ingresso \u00e8 gratuito.<\/span><\/p>\n<p>&nbsp;<\/p>\n<hr \/>\n<p>&nbsp;<\/p>\n<blockquote>\n<h3>FELTRE IN BICI CON I CANDIDATI A SINDACO<\/h3>\n<\/blockquote>\n<p><strong>FELTRE\u00a0 <\/strong>FeltreInBici in vista delle\u00a0elezioni amministrative per il rinnovo del consiglio comunale di Feltre del prossimo\u00a012 giugno,\u00a0ha proposto, a <u>tutti e 3\u00a0g<\/u>li aspiranti sindaco, di partecipare ad una breve biciclettata nei dintorni di Feltre. Lo scopo:\u00a0 ascoltare\u00a0quali saranno gli interventi\u00a0in programma\u00a0per favorire e sviluppare l&#8217;uso della bicicletta\u00a0nel territorio. La biciclettata \u00e8 aperta agli amici, ai soci e ai simpatizzanti dell&#8217;associazione che\u00a0 potranno porre delle\u00a0domande\u00a0riferite alla\u00a0ciclabilit\u00e0, alla pedonalit\u00e0 e alla mobilit\u00e0 attiva in genere. Seguiranno gli incontri con i tre candidati a sindaco Nadia Forlin, Viviana Fusaro e Adis Zatta.<\/p>\n<p>&nbsp;<\/p>\n<hr \/>\n<p>&nbsp;<\/p>\n<blockquote>\n<blockquote>\n<h3>ASCOLTARE PER CONOSCERE: L\u2019EVENTO ONLINE DEL CILP<\/h3>\n<\/blockquote>\n<\/blockquote>\n<p><strong class=\"photoswipe-wrapper\"><a class=\"dt-pswp-item pspw-wrap-ready\" href=\"https:\/\/www.radiopiu.net\/wordpress\/wp-content\/uploads\/2022\/04\/download-7.jpg\" data-dt-img-description=\"\" data-large_image_width=\"321\" data-large_image_height=\"157\"><img loading=\"lazy\" decoding=\"async\" class=\"alignleft wp-image-272306 \" src=\"https:\/\/www.radiopiu.net\/wordpress\/wp-content\/uploads\/2022\/04\/download-7-300x147.jpg\" sizes=\"auto, (max-width: 133px) 100vw, 133px\" srcset=\"https:\/\/www.radiopiu.net\/wordpress\/wp-content\/uploads\/2022\/04\/download-7-300x147.jpg 300w, https:\/\/www.radiopiu.net\/wordpress\/wp-content\/uploads\/2022\/04\/download-7.jpg 321w\" alt=\"\" width=\"133\" height=\"65\" \/><\/a>FELTRE <\/strong>Aperte le iscrizioni per l\u2019evento online del 18-19-20 maggio 2022 promosso dal CILP \u201cAscoltare per conoscere\u201d: esempi d\u2019inclusivit\u00e0 con speaker di fama nazionale.\u00a0 Parteciperanno persone di spicco quali l\u2019economista Dott. Carlo Cotarelli, la scrittrice Susanna Tamaro, il Prof. Cesare Cornoldi dell\u2019Universit\u00e0 di Padova, la conduttrice televisiva Andrea Delogu, il direttore di radio Pi\u00f9 Mirko Mezzacasa e tanti altri relatori che interverranno per parlare di dislessia, dei modi per affrontare questo disturbo che interessa anche \u00a0molti studenti, dei problemi della vista, ma verr\u00e0 anche esaminata l\u2019importanza che riveste la voce umana nella comunicazione e il suo ruolo fondamentale<\/p>\n<p><strong>CONOSCIAMO I PROTAGONISTI &#8211; MARIO PAOLINI<br \/>\n<\/strong><\/p>\n<div class=\"kvgmc6g5 cxmmr5t8 oygrvhab hcukyx3x c1et5uql ii04i59q\">\n<div dir=\"auto\"><a class=\"dt-pswp-item\" href=\"https:\/\/www.radiopiu.net\/wordpress\/wp-content\/uploads\/2022\/05\/280687332_10158871982079503_5778515684939443243_n.jpg\" data-dt-img-description=\"\" data-large_image_width=\"526\" data-large_image_height=\"526\"><img loading=\"lazy\" decoding=\"async\" class=\"size-thumbnail wp-image-276063 alignleft\" src=\"https:\/\/www.radiopiu.net\/wordpress\/wp-content\/uploads\/2022\/05\/280687332_10158871982079503_5778515684939443243_n-150x150.jpg\" alt=\"\" width=\"150\" height=\"150\" srcset=\"https:\/\/www.radiopiu.net\/wordpress\/wp-content\/uploads\/2022\/05\/280687332_10158871982079503_5778515684939443243_n-150x150.jpg 150w, https:\/\/www.radiopiu.net\/wordpress\/wp-content\/uploads\/2022\/05\/280687332_10158871982079503_5778515684939443243_n-300x300.jpg 300w, https:\/\/www.radiopiu.net\/wordpress\/wp-content\/uploads\/2022\/05\/280687332_10158871982079503_5778515684939443243_n.jpg 526w\" sizes=\"auto, (max-width: 150px) 100vw, 150px\" \/><\/a>Mario Paolini &#8211; Pedagogista, musicoterapeuta e docente di Didattica per gli insegnanti di sostegno.<\/div>\n<\/div>\n<div class=\"cxmmr5t8 oygrvhab hcukyx3x c1et5uql o9v6fnle ii04i59q\">\n<div dir=\"auto\">Nato a Belluno nel 1958, da 25 anni Mario si occupa di persone con disabilit\u00e0 intellettive. \u00c8 musicoterapeuta, pedagogista, formatore e docente di Didattica per la formazione degli insegnanti di sostegno. Attualmente \u00e8 coordinatore del Centro Studi di Musicoterapia e Linguaggi non Verbali presso il Centro Interateneo di C\u00e0 Foscari (Venezia), dove si occupa di ricerche nel settore della relazione interpersonale mediante le comunicazioni non verbali. Ha scritto due importanti libri:<\/div>\n<\/div>\n<div class=\"cxmmr5t8 oygrvhab hcukyx3x c1et5uql o9v6fnle ii04i59q\">\n<div dir=\"auto\"><span class=\"pq6dq46d tbxw36s4 knj5qynh kvgmc6g5 ditlmg2l oygrvhab nvdbi5me sf5mxxl7 gl3lb2sf hhz5lgdu\"><img loading=\"lazy\" decoding=\"async\" src=\"https:\/\/static.xx.fbcdn.net\/images\/emoji.php\/v9\/tc\/1\/16\/1f449_1f3fb.png\" alt=\"&#x1f449;&#x1f3fb;\" width=\"16\" height=\"16\" \/><\/span> &#8216;Chi sei tu per me?&#8217; <span class=\"pq6dq46d tbxw36s4 knj5qynh kvgmc6g5 ditlmg2l oygrvhab nvdbi5me sf5mxxl7 gl3lb2sf hhz5lgdu\"><img loading=\"lazy\" decoding=\"async\" src=\"https:\/\/static.xx.fbcdn.net\/images\/emoji.php\/v9\/tc\/1\/16\/1f449_1f3fb.png\" alt=\"&#x1f449;&#x1f3fb;\" width=\"16\" height=\"16\" \/><\/span> &#8216;Disabilit\u00e0 e qualit\u00e0 dell\u2019incontro. Relazioni interpersonali nell\u2019educazione e nella cura&#8217; Mario Paolini parteciper\u00e0 all&#8217;evento online Ascoltare per conoscere per parlarci di disabilit\u00e0, volontariato e formazione. Partecipa anche tu, iscriviti gratuitamente al seguente link <span class=\"pq6dq46d tbxw36s4 knj5qynh kvgmc6g5 ditlmg2l oygrvhab nvdbi5me sf5mxxl7 gl3lb2sf hhz5lgdu\"><img loading=\"lazy\" decoding=\"async\" src=\"https:\/\/static.xx.fbcdn.net\/images\/emoji.php\/v9\/tc\/1\/16\/1f449_1f3fb.png\" alt=\"&#x1f449;&#x1f3fb;\" width=\"16\" height=\"16\" \/><\/span> <a class=\"oajrlxb2 g5ia77u1 qu0x051f esr5mh6w e9989ue4 r7d6kgcz rq0escxv nhd2j8a9 nc684nl6 p7hjln8o kvgmc6g5 cxmmr5t8 oygrvhab hcukyx3x jb3vyjys rz4wbd8a qt6c0cv9 a8nywdso i1ao9s8h esuyzwwr f1sip0of lzcic4wl gpro0wi8 py34i1dx\" tabindex=\"0\" role=\"link\" href=\"https:\/\/ascoltareperconoscere.com\/?fbclid=IwAR3LLb5DK5O7A_202wHLE--x1VVB-kp6ayOc08XodzRmq3G9ko7MGSgosF0\" target=\"_blank\" rel=\"nofollow noopener\">https:\/\/ascoltareperconoscere.com\/<\/a><\/div>\n<\/div>\n<p><strong>\u00a0<\/strong><\/p>\n<p><strong>\u00a0<\/strong><\/p>\n<hr \/>\n<p>&nbsp;<\/p>\n<blockquote>\n<h3>MAGGIO AGORDINO CON L&#8217;ASSOCIAZIONE PERITI MINERARI INDUSTRIALI DI AGORDO<\/h3>\n<\/blockquote>\n<p><strong>AGORDO <\/strong>Torna l&#8217;appuntamento con &#8220;Maggio Agordino&#8221;, un ciclo di serate culturali e di divulgazione scientifica promosse da APIM &#8211; Associazione Periti Industriali Minerari di Agordo. Quest&#8217;anno il tema che costituir\u00e0 di fatto il filo conduttore delle serate sar\u00e0 il cambiamento climatico. Le serate in Sala Don Tamis con inizio alle 20:30. Venerd\u00ec 20 &#8220;L&#8217;economia futura della montagna e le sfide del riconoscimento Unesco&#8221; e venerd\u00ec 27 &#8220;Il clima che cambia(mo) e le nostre montagne&#8221;. Tutte le serate sono ad entrata libera<\/p>\n<p>&nbsp;<\/p>\n<p>&nbsp;<\/p>\n<hr \/>\n<p>&nbsp;<\/p>\n<blockquote>\n<h3>INCONTRO CON L&#8217;AUTORE IN SALA DON TAMIS<\/h3>\n<\/blockquote>\n<p><strong>AGORDO<\/strong> \u00c8 in programma per venerd\u00ec alle 18 in sala Don Tamis ad Agordo la seconda serata del ciclo &#8220;Incontro con l&#8217;autore&#8221; per la presentazione del libro \u201cVilla De Manzoni ai Patt di Sedico nella vita bellunese dell\u2019Ottocento\u201d di Mauro Vedana, Fiorenza Mambrini e Lucia Tormen. Presenta la serata Gianni Santomaso.<\/p>\n<p>&nbsp;<\/p>\n<p>&nbsp;<\/p>\n<hr \/>\n<p>&nbsp;<\/p>\n<blockquote>\n<h3>IL MUSEO ALBINO LUCIANI ADERISCE ALLA GIORNATA INTERNAZIONALE DEI MUSEI<\/h3>\n<\/blockquote>\n<p><strong>CANALE D&#8217;AGORDO <\/strong>Il Museo Albino Luciani aderisce alla GIORNATA INTERNAZIONALE DEI MUSEI che si terr\u00e0 nella giornata di domani. Per l&#8217;occasione il Museo e la Casa Natale di Papa Luciani saranno aperti e visitabili gratuitamente da tutti dalle 9 alle 12 e dalle 15 alle 18.<\/p>\n<p>&nbsp;<\/p>\n<p>&nbsp;<\/p>\n<hr \/>\n<p>&nbsp;<\/p>\n<blockquote>\n<h3>RIAPRE IL CASTELLO DI ANDRAZ<\/h3>\n<\/blockquote>\n<p><strong>LIVINALLONGO<\/strong> Con l\u2019arrivo dell\u2019estate riapre anche il Castello di Andraz, che quest\u2019anno festeggia il 10\u00b0 compleanno. Nel mese di giugno, il museo sar\u00e0 aperto dal gioved\u00ec alla domenica, dalle 10:00 alle 12:30 e dalle 14:30 alle 18:00. Per il momento le visite guidate saranno garantite solo su prenotazione al 334 3346680<\/p>\n<p>&nbsp;<\/p>\n<p>&nbsp;<\/p>\n<hr \/>\n<p>&nbsp;<\/p>\n<p><strong>ATTIVITA&#8217; LABORATORIALI<\/strong><\/p>\n<blockquote>\n<h3>HOCUS LOTUS IMPARANDO ATTRAVERSO L&#8217;ATTIVITA&#8217; MIMICO-GESTUALE<\/h3>\n<p><em>Per entrare nel magico mondo della nuova lingua<\/em><\/p><\/blockquote>\n<p><strong>ALLEGHE<\/strong>\u00a0 Oggi\u00a0 dalle 18.15 alle 19 alla scuola media di Caprile play group per bimbi dai 2 ai 3 anni con le loro mamme. Con il programma per il bilinguismo infantile dell&#8217;Universit\u00e0 &#8220;La Sapienza&#8221;, informazioni ed iscrizioni da Claudia Soppelsa (340 1474780).<\/p>\n<p>&nbsp;<\/p>\n<p>&nbsp;<\/p>\n<hr \/>\n<p>&nbsp;<\/p>\n<blockquote>\n<h3>ELEZIONI DEL CONSIGLIO DIRETTIVO DEL COMITATO FESTEGGIAMENTI MEANO<\/h3>\n<\/blockquote>\n<p><strong>SANTA GIUSTINA\u00a0<\/strong>Sabato 21 maggio alle ore 20.30 si terr\u00e0 il rinnovo del Consiglio direttivo del Comitato Festeggiamenti Meano.<br \/>\nIn un anno come questo di ripartenza dopo le restrizioni legate alla Pandemia, \u00e8 un appuntamento che il Consiglio uscente considera fondamentale per ridare slancio a questa importante realt\u00e0 Frazionale. Appuntamento quindi sabato 21 maggio al Parco Ciclamino alle 20.30<\/p>\n<p>&nbsp;<\/p>\n<hr \/>\n<p>&nbsp;<\/p>\n<blockquote>\n<h3>RINNOVO DELLE CARICHE SOCIALI PER I PROSSIMI QUATTRO ANNI<\/h3>\n<\/blockquote>\n<p><strong>TAIBON<\/strong> Sabato 21 maggio alle 16 nella sede delle proloco (vicino al Municipio) si ritroveranno i soci per rinnovare le cariche sociali per il quadriennio 2022-26. Chiunque puo&#8217; partecipare e dare il proprio contributo per lo sviluppo dell&#8217;associazione.<\/p>\n<p>&nbsp;<\/p>\n<hr \/>\n<p>&nbsp;<\/p>\n<blockquote>\n<h3>IL NUOVO AFFRESCO DI LAURA BALLIS A LIMANA<\/h3>\n<\/blockquote>\n<p><strong>LIMANA<\/strong> Verr\u00e0 presentato domenica 22 maggio alle 11 il nuovo affresco di Laura Ballis a Giaon di Limana sulla via Buzzatiana. All&#8217;inaugurazione sar\u00e0 presente l&#8217;artista, conduce la cerimonia la giornalista\u00a0 Isabella Pilo<\/p>\n<p>&nbsp;<\/p>\n<p>&nbsp;<\/p>\n<hr \/>\n<p>&nbsp;<\/p>\n<blockquote>\n<h3>SP 3, IN COMUNE DI GOSALDO: CHIUSA<\/h3>\n<\/blockquote>\n<p><strong><a class=\"dt-pswp-item\" href=\"https:\/\/www.radiopiu.net\/wordpress\/wp-content\/uploads\/2020\/05\/VENETO-STRADE.png\" data-dt-img-description=\"\" data-large_image_width=\"400\" data-large_image_height=\"400\"><img loading=\"lazy\" decoding=\"async\" class=\"size-thumbnail wp-image-135574 alignleft\" src=\"https:\/\/www.radiopiu.net\/wordpress\/wp-content\/uploads\/2020\/05\/VENETO-STRADE-150x150.png\" alt=\"\" width=\"150\" height=\"150\" srcset=\"https:\/\/www.radiopiu.net\/wordpress\/wp-content\/uploads\/2020\/05\/VENETO-STRADE-150x150.png 150w, https:\/\/www.radiopiu.net\/wordpress\/wp-content\/uploads\/2020\/05\/VENETO-STRADE-300x300.png 300w, https:\/\/www.radiopiu.net\/wordpress\/wp-content\/uploads\/2020\/05\/VENETO-STRADE.png 400w\" sizes=\"auto, (max-width: 150px) 100vw, 150px\" \/><\/a><\/strong><strong>PROVINCIALE 3 DI VALLE IMPERINA<\/strong> in Comune di Gosaldo al chilometro 12,500 fino al 20 maggio, interdizione totale alla circolazione stradale per lavori di consolidamento del piano viabile a fasce orarie: DALLE 8 ALLE 12.45, DALLE 13.45 ALLE 16 E DALLE 16.30 ALLE 18. Alternativa 347 del Duran e Cereda (Gosaldo-Forcella Aurine-Frassene&#8217;-Voltago-Agordo). Durante le aperture senso unico alternato regolato da movieri<\/p>\n<p><strong>SP3 VALLE IMPERINA,<\/strong> localit\u00e0 Corde Mole\u00a0 <span style=\"color: #ff0000;\"><strong>fino al 10 giugno<\/strong><\/span> &#8211; esclusi festivi e prefestivi &#8211; senso unico alternato per lavori di esbosco<\/p>\n<p><strong>SP 3 VALLE IMPERINA<\/strong> localit\u00e0 Zenich di Rivamonte <span style=\"color: #ff0000;\"><strong>fino al 17 giugno<\/strong><\/span> &#8211; sabati domeniche e festivi inclusi &#8211; senso unico alternato per consolidamento ciglio stradale<\/p>\n<p>&nbsp;<\/p>\n<p>&nbsp;<\/p>\n<hr \/>\n<p>&nbsp;<\/p>\n<blockquote class=\"wp-embedded-content\" data-secret=\"KHJoX4nHnB\"><p><a href=\"https:\/\/www.radiopiu.net\/wordpress\/39annimaggi16\/\">39 ANNI DI RADIO&#8230; I RICORDI DAGLI ARCHIVI DELLA RADIO<\/a><\/p><\/blockquote>\n<p><iframe loading=\"lazy\" class=\"wp-embedded-content\" sandbox=\"allow-scripts\" security=\"restricted\" style=\"position: absolute; clip: rect(1px, 1px, 1px, 1px);\" title=\"&#8220;39 ANNI DI RADIO&#8230; I RICORDI DAGLI ARCHIVI DELLA RADIO&#8221; &#8212; Radio Pi\u00f9\" src=\"https:\/\/www.radiopiu.net\/wordpress\/39annimaggi16\/embed\/#?secret=Msey5StCCi#?secret=KHJoX4nHnB\" data-secret=\"KHJoX4nHnB\" width=\"600\" height=\"338\" frameborder=\"0\" marginwidth=\"0\" marginheight=\"0\" scrolling=\"no\"><\/iframe><\/p>\n<p>&nbsp;<\/p>\n<hr \/>\n<p>&nbsp;<\/p>\n<h2><span style=\"color: #008080;\">SALUTE &amp; SOCIETA&#8217;<\/span><\/h2>\n<p><strong>PUNTATA DEL 16 MAGGIO 2022\u00a0\u00a0<\/strong><\/p>\n<p><a class=\"dt-pswp-item\" href=\"https:\/\/www.radiopiu.net\/wordpress\/wp-content\/uploads\/2022\/05\/2dff5a0a-0767-476a-9a4d-b21309fb7687.jpg\" data-dt-img-description=\"\" data-large_image_width=\"800\" data-large_image_height=\"445\"><img loading=\"lazy\" decoding=\"async\" class=\" wp-image-276061 alignleft\" src=\"https:\/\/www.radiopiu.net\/wordpress\/wp-content\/uploads\/2022\/05\/2dff5a0a-0767-476a-9a4d-b21309fb7687-150x150.jpg\" alt=\"\" width=\"119\" height=\"119\" \/><\/a>Immunoterapia Quali sono le novit\u00e0 nell\u2019ambito dell\u2019immunoterapia dei tumori del sangue? Ce ne parla Franco Locatelli, Professore di Pediatria, Universit\u00e0 La Sapienza di Roma, Direttore Dipartimento di Oncoematologia e Terapia Cellulare e Genica, Ospedale pediatrico Bambino Ges\u00f9, Roma, in occasione della riunione nazionale della Fondazione GIMEMA.<br \/>\nTrombosi Valerio De Stefano, Direttore UOC Ematologia, Fondazione Policlinico Universitario A. Gemelli IRCCS, Roma. Ci dice invece quali sono le novit\u00e0 nella terapia delle trombosi e i nuovi studi della Fondazione GIMEMA.<\/p>\n<audio class=\"wp-audio-shortcode\" id=\"audio-275962-9\" preload=\"none\" style=\"width: 100%;\" controls=\"controls\"><source type=\"audio\/mpeg\" src=\"https:\/\/www.radiopiu.net\/wordpress\/wp-content\/uploads\/2022\/05\/SALUTE-2.mp3?_=9\" \/><a href=\"https:\/\/www.radiopiu.net\/wordpress\/wp-content\/uploads\/2022\/05\/SALUTE-2.mp3\">https:\/\/www.radiopiu.net\/wordpress\/wp-content\/uploads\/2022\/05\/SALUTE-2.mp3<\/a><\/audio>\n<p><strong>LA RACCOLTA<\/strong><\/p>\n<blockquote class=\"wp-embedded-content\" data-secret=\"DVPmxEum5D\"><p><a href=\"https:\/\/www.radiopiu.net\/wordpress\/saluteesocieta\/\">Salute e Societ\u00e0<\/a><\/p><\/blockquote>\n<p><iframe loading=\"lazy\" class=\"wp-embedded-content\" sandbox=\"allow-scripts\" security=\"restricted\" style=\"position: absolute; clip: rect(1px, 1px, 1px, 1px);\" title=\"&#8220;Salute e Societ\u00e0&#8221; &#8212; Radio Pi\u00f9\" src=\"https:\/\/www.radiopiu.net\/wordpress\/saluteesocieta\/embed\/#?secret=6NdWOi1vzo#?secret=DVPmxEum5D\" data-secret=\"DVPmxEum5D\" width=\"600\" height=\"338\" frameborder=\"0\" marginwidth=\"0\" marginheight=\"0\" scrolling=\"no\"><\/iframe><\/p>\n<p>&nbsp;<\/p>\n<hr \/>\n<p>&nbsp;<\/p>\n<h3>CONOSCIAMO I NOSTRI GIOVANI E I LORO IMPEGNI NEL MONDO, CON IL MUSLA<\/h3>\n<p>&nbsp;<\/p>\n<p><a class=\"dt-pswp-item\" href=\"https:\/\/www.radiopiu.net\/wordpress\/wp-content\/uploads\/2022\/05\/88da3416-c2fc-4190-b350-97f523c5a953.jpg\" data-dt-img-description=\"\" data-large_image_width=\"805\" data-large_image_height=\"799\"><img loading=\"lazy\" decoding=\"async\" class=\"alignleft wp-image-274955 \" src=\"https:\/\/www.radiopiu.net\/wordpress\/wp-content\/uploads\/2022\/05\/88da3416-c2fc-4190-b350-97f523c5a953.jpg\" alt=\"\" width=\"181\" height=\"179\" srcset=\"https:\/\/www.radiopiu.net\/wordpress\/wp-content\/uploads\/2022\/05\/88da3416-c2fc-4190-b350-97f523c5a953.jpg 805w, https:\/\/www.radiopiu.net\/wordpress\/wp-content\/uploads\/2022\/05\/88da3416-c2fc-4190-b350-97f523c5a953-300x298.jpg 300w, https:\/\/www.radiopiu.net\/wordpress\/wp-content\/uploads\/2022\/05\/88da3416-c2fc-4190-b350-97f523c5a953-768x762.jpg 768w\" sizes=\"auto, (max-width: 181px) 100vw, 181px\" \/><\/a><\/p>\n<p>&nbsp;<\/p>\n<p>NICOLA CASSISI DI AGORDO<\/p>\n<p><strong>intervista di Davide Conedera\u00a0\u00a0<\/strong><\/p>\n<audio class=\"wp-audio-shortcode\" id=\"audio-275962-10\" preload=\"none\" style=\"width: 100%;\" controls=\"controls\"><source type=\"audio\/mpeg\" src=\"https:\/\/www.radiopiu.net\/wordpress\/wp-content\/uploads\/2022\/05\/NICOLA-CASSISI-MUSLA-SECONDA-PUNTATA-2022-DI-DAVIDE-CONEDERA.mp3?_=10\" \/><a href=\"https:\/\/www.radiopiu.net\/wordpress\/wp-content\/uploads\/2022\/05\/NICOLA-CASSISI-MUSLA-SECONDA-PUNTATA-2022-DI-DAVIDE-CONEDERA.mp3\">https:\/\/www.radiopiu.net\/wordpress\/wp-content\/uploads\/2022\/05\/NICOLA-CASSISI-MUSLA-SECONDA-PUNTATA-2022-DI-DAVIDE-CONEDERA.mp3<\/a><\/audio>\n<p>&nbsp;<\/p>\n<p><strong>LA RACCOLTA COMPLETA<\/strong><\/p>\n<blockquote class=\"wp-embedded-content\" data-secret=\"CWGuZFvFFh\"><p><a href=\"https:\/\/www.radiopiu.net\/wordpress\/agora-agordina-la-nosta-piaza\/\">AGORA&#8217; AGORDINA&#8230; LA NOSTA PIAZA LADINA RACCOLTA COMPLETA PRIMA STAGIONE<\/a><\/p><\/blockquote>\n<p><iframe loading=\"lazy\" class=\"wp-embedded-content\" sandbox=\"allow-scripts\" security=\"restricted\" style=\"position: absolute; clip: rect(1px, 1px, 1px, 1px);\" title=\"&#8220;AGORA&#8217; AGORDINA&#8230; LA NOSTA PIAZA LADINA RACCOLTA COMPLETA PRIMA STAGIONE&#8221; &#8212; Radio Pi\u00f9\" src=\"https:\/\/www.radiopiu.net\/wordpress\/agora-agordina-la-nosta-piaza\/embed\/#?secret=Qv2bjNx5PS#?secret=CWGuZFvFFh\" data-secret=\"CWGuZFvFFh\" width=\"600\" height=\"338\" frameborder=\"0\" marginwidth=\"0\" marginheight=\"0\" scrolling=\"no\"><\/iframe><\/p>\n<p>&nbsp;<\/p>\n<p>&nbsp;<\/p>\n<hr \/>\n<p>&nbsp;<\/p>\n<h2><span style=\"color: #ff00ff;\">007 IN CONDOTTA CON LA PROF. MARIA ROSA SALMAZO<\/span><\/h2>\n<p><strong>PUNTATA DEL 16 MAGGIO 2022\u00a0<\/strong><\/p>\n<audio class=\"wp-audio-shortcode\" id=\"audio-275962-11\" preload=\"none\" style=\"width: 100%;\" controls=\"controls\"><source type=\"audio\/mpeg\" src=\"https:\/\/www.radiopiu.net\/wordpress\/wp-content\/uploads\/2022\/05\/007-16-maggio.mp3?_=11\" \/><a href=\"https:\/\/www.radiopiu.net\/wordpress\/wp-content\/uploads\/2022\/05\/007-16-maggio.mp3\">https:\/\/www.radiopiu.net\/wordpress\/wp-content\/uploads\/2022\/05\/007-16-maggio.mp3<\/a><\/audio>\n<p><strong>LA RACCOLTA COMPLETA\u00a0<\/strong><\/p>\n<blockquote class=\"wp-embedded-content\" data-secret=\"HvZ3fHz1or\"><p><a href=\"https:\/\/www.radiopiu.net\/wordpress\/007incondotta-9\/\">007 in condotta<\/a><\/p><\/blockquote>\n<p><iframe loading=\"lazy\" class=\"wp-embedded-content\" sandbox=\"allow-scripts\" security=\"restricted\" style=\"position: absolute; clip: rect(1px, 1px, 1px, 1px);\" title=\"&#8220;007 in condotta&#8221; &#8212; Radio Pi\u00f9\" src=\"https:\/\/www.radiopiu.net\/wordpress\/007incondotta-9\/embed\/#?secret=0tljgZ4vzB#?secret=HvZ3fHz1or\" data-secret=\"HvZ3fHz1or\" width=\"600\" height=\"338\" frameborder=\"0\" marginwidth=\"0\" marginheight=\"0\" scrolling=\"no\"><\/iframe><\/p>\n<p>&nbsp;<\/p>\n<hr \/>\n<h3 class=\"kvgmc6g5 cxmmr5t8 oygrvhab hcukyx3x c1et5uql\"><span style=\"color: #0000ff;\"><strong>\u00a0<\/strong><\/span><\/h3>\n<h3 class=\"kvgmc6g5 cxmmr5t8 oygrvhab hcukyx3x c1et5uql\"><span style=\"color: #0000ff;\"><strong>INFORMAZIONE il canale su TELEGRAM informazione di prima mano e in tempo reale. iscriviti ed aiutaci a farlo conoscere\u00a0 \u00a0<\/strong><\/span><\/h3>\n<p>&nbsp;<\/p>\n<p>&nbsp;<\/p>\n<hr \/>\n<p>&nbsp;<\/p>\n<h2><span style=\"color: #800080;\">STORIE A QUATTROCCHI\u00a0<\/span><\/h2>\n<p><strong>LA RACCOLTA COMPLETA\u00a0<\/strong><\/p>\n<blockquote class=\"wp-embedded-content\" data-secret=\"ML8aX9tK7A\"><p><a href=\"https:\/\/www.radiopiu.net\/wordpress\/storie-a-quattrocchi\/\">Storie a quattrocchi<\/a><\/p><\/blockquote>\n<p><iframe loading=\"lazy\" class=\"wp-embedded-content\" sandbox=\"allow-scripts\" security=\"restricted\" style=\"position: absolute; clip: rect(1px, 1px, 1px, 1px);\" title=\"&#8220;Storie a quattrocchi&#8221; &#8212; Radio Pi\u00f9\" src=\"https:\/\/www.radiopiu.net\/wordpress\/storie-a-quattrocchi\/embed\/#?secret=coOCBo3nY2#?secret=ML8aX9tK7A\" data-secret=\"ML8aX9tK7A\" width=\"600\" height=\"338\" frameborder=\"0\" marginwidth=\"0\" marginheight=\"0\" scrolling=\"no\"><\/iframe><\/p>\n<p>&nbsp;<\/p>\n<hr \/>\n<p>&nbsp;<\/p>\n<h2><\/h2>\n<h2><\/h2>\n<h2><span style=\"color: #008080;\">&#8220;DINTORN E FORA VIA&#8221; A CURA DEL MUSLA, IL NUOVO PROGRAMMA\u00a0<\/span><\/h2>\n<p><strong>LA RACCOLTA COMPLETA<\/strong><\/p>\n<blockquote class=\"wp-embedded-content\" data-secret=\"da4kdzTvod\"><p><a href=\"https:\/\/www.radiopiu.net\/wordpress\/musla\/\">MUSLA<\/a><\/p><\/blockquote>\n<p><iframe loading=\"lazy\" class=\"wp-embedded-content\" sandbox=\"allow-scripts\" security=\"restricted\" style=\"position: absolute; clip: rect(1px, 1px, 1px, 1px);\" title=\"&#8220;MUSLA&#8221; &#8212; Radio Pi\u00f9\" src=\"https:\/\/www.radiopiu.net\/wordpress\/musla\/embed\/#?secret=57F1tkc6pm#?secret=da4kdzTvod\" data-secret=\"da4kdzTvod\" width=\"600\" height=\"338\" frameborder=\"0\" marginwidth=\"0\" marginheight=\"0\" scrolling=\"no\"><\/iframe><\/p>\n<p>&nbsp;<\/p>\n<hr \/>\n<p>&nbsp;<\/p>\n<blockquote class=\"wp-embedded-content\" data-secret=\"Rk1KNhRFhM\"><p><a href=\"https:\/\/www.radiopiu.net\/wordpress\/con-le-pastorali-giovanili-di-venezia-vittorio-veneto-e-belluno-feltre-in-cammino-per-albino-luciani-beato\/\">CON LE PASTORALI GIOVANILI DI VENEZIA, VITTORIO VENETO E BELLUNO-FELTRE, &#8220;IN CAMMINO&#8221; PER ALBINO LUCIANI BEATO<\/a><\/p><\/blockquote>\n<p><iframe loading=\"lazy\" class=\"wp-embedded-content\" sandbox=\"allow-scripts\" security=\"restricted\" style=\"position: absolute; clip: rect(1px, 1px, 1px, 1px);\" title=\"&#8220;CON LE PASTORALI GIOVANILI DI VENEZIA, VITTORIO VENETO E BELLUNO-FELTRE, &#8220;IN CAMMINO&#8221; PER ALBINO LUCIANI BEATO&#8221; &#8212; Radio Pi\u00f9\" src=\"https:\/\/www.radiopiu.net\/wordpress\/con-le-pastorali-giovanili-di-venezia-vittorio-veneto-e-belluno-feltre-in-cammino-per-albino-luciani-beato\/embed\/#?secret=JlkIxcQ3JJ#?secret=Rk1KNhRFhM\" data-secret=\"Rk1KNhRFhM\" width=\"600\" height=\"338\" frameborder=\"0\" marginwidth=\"0\" marginheight=\"0\" scrolling=\"no\"><\/iframe><\/p>\n<p>&nbsp;<\/p>\n<p>&nbsp;<\/p>\n<hr \/>\n<p>&nbsp;<\/p>\n<p>&nbsp;<\/p>\n<div>\n<div class=\"b654a4as d2edcug0\">\n<div class=\"rq0escxv hkbzh7o3 jwdofwj8 n8tt0mok r8blr3vg hyh9befq\">\n<p><a class=\"dt-pswp-item\" href=\"https:\/\/www.radiopiu.net\/wordpress\/wp-content\/uploads\/2020\/10\/pp.jpg\" data-dt-img-description=\"\" data-large_image_width=\"640\" data-large_image_height=\"640\"><img loading=\"lazy\" decoding=\"async\" class=\"wp-image-163678 alignleft\" src=\"https:\/\/www.radiopiu.net\/wordpress\/wp-content\/uploads\/2020\/10\/pp-300x300.jpg\" alt=\"\" width=\"106\" height=\"106\" srcset=\"https:\/\/www.radiopiu.net\/wordpress\/wp-content\/uploads\/2020\/10\/pp-300x300.jpg 300w, https:\/\/www.radiopiu.net\/wordpress\/wp-content\/uploads\/2020\/10\/pp-150x150.jpg 150w, https:\/\/www.radiopiu.net\/wordpress\/wp-content\/uploads\/2020\/10\/pp-125x125.jpg 125w, https:\/\/www.radiopiu.net\/wordpress\/wp-content\/uploads\/2020\/10\/pp-200x200.jpg 200w, https:\/\/www.radiopiu.net\/wordpress\/wp-content\/uploads\/2020\/10\/pp-80x80.jpg 80w, https:\/\/www.radiopiu.net\/wordpress\/wp-content\/uploads\/2020\/10\/pp-480x480.jpg 480w, https:\/\/www.radiopiu.net\/wordpress\/wp-content\/uploads\/2020\/10\/pp.jpg 640w\" sizes=\"auto, (max-width: 106px) 100vw, 106px\" \/><\/a><\/p>\n<\/div>\n<\/div>\n<\/div>\n<div>\n<div class=\"page-title-head hgroup\">\n<div class=\"page-title-head hgroup\">\n<div class=\"b654a4as d2edcug0\">\n<div class=\"j83agx80 btwxx1t3 lhclo0ds hop8lmos nkwizq5d scwd0bx6 roh60bw9\">\n<div class=\"rq0escxv hkbzh7o3 jwdofwj8 n8tt0mok r8blr3vg hyh9befq\">\n<div class=\"do00u71z l9j0dhe7 k4urcfbm\">\n<h2><span style=\"color: #000080;\">DON CESARE, IL PENSIERO DEL GIORNO. ALLA RADIO ALLE 7 DEL MATTINO E ALLE 19.30 DELLA SERA.\u00a0<\/span><\/h2>\n<p>&nbsp;<\/p>\n<\/div>\n<\/div>\n<\/div>\n<\/div>\n<\/div>\n<\/div>\n<\/div>\n<audio class=\"wp-audio-shortcode\" id=\"audio-275962-12\" preload=\"none\" style=\"width: 100%;\" controls=\"controls\"><source type=\"audio\/mpeg\" src=\"https:\/\/www.radiopiu.net\/wordpress\/wp-content\/uploads\/2022\/05\/CESARE-6.mp3?_=12\" \/><a href=\"https:\/\/www.radiopiu.net\/wordpress\/wp-content\/uploads\/2022\/05\/CESARE-6.mp3\">https:\/\/www.radiopiu.net\/wordpress\/wp-content\/uploads\/2022\/05\/CESARE-6.mp3<\/a><\/audio>\n<p>&nbsp;<\/p>\n<hr \/>\n<p>&nbsp;<\/p>\n<div class=\"do00u71z l9j0dhe7 k4urcfbm\">\n<div class=\"page-title-head hgroup\">\n<div class=\"page-title-head hgroup\">\n<div class=\"b654a4as d2edcug0\">\n<div class=\"j83agx80 btwxx1t3 lhclo0ds hop8lmos nkwizq5d scwd0bx6 roh60bw9\">\n<div class=\"rq0escxv hkbzh7o3 jwdofwj8 n8tt0mok r8blr3vg hyh9befq\">\n<div class=\"do00u71z l9j0dhe7 k4urcfbm\">\n<div class=\"page-title-head hgroup\">\n<div class=\"page-title-head hgroup\">\n<div class=\"b654a4as d2edcug0\">\n<div class=\"j83agx80 btwxx1t3 lhclo0ds hop8lmos nkwizq5d scwd0bx6 roh60bw9\">\n<div class=\"rq0escxv hkbzh7o3 jwdofwj8 n8tt0mok r8blr3vg hyh9befq\">\n<div class=\"do00u71z l9j0dhe7 k4urcfbm\">\n<div class=\"ecm0bbzt e5nlhep0 a8c37x1j\">\n<div class=\"kvgmc6g5 cxmmr5t8 oygrvhab hcukyx3x c1et5uql\">\n<div class=\"gmail-kvgmc6g5 gmail-cxmmr5t8 gmail-oygrvhab gmail-hcukyx3x gmail-c1et5uql gmail-ii04i59q\">\n<div class=\"page-title-head hgroup\">\n<div class=\"page-title-head hgroup\">\n<div class=\"b654a4as d2edcug0\">\n<div class=\"j83agx80 btwxx1t3 lhclo0ds hop8lmos nkwizq5d scwd0bx6 roh60bw9\">\n<div class=\"rq0escxv hkbzh7o3 jwdofwj8 n8tt0mok r8blr3vg hyh9befq\">\n<div class=\"do00u71z l9j0dhe7 k4urcfbm\">\n<div class=\"page-title-head hgroup\">\n<div class=\"page-title-head hgroup\">\n<div class=\"b654a4as d2edcug0\">\n<div class=\"j83agx80 btwxx1t3 lhclo0ds hop8lmos nkwizq5d scwd0bx6 roh60bw9\">\n<div class=\"rq0escxv hkbzh7o3 jwdofwj8 n8tt0mok r8blr3vg hyh9befq\">\n<div class=\"do00u71z l9j0dhe7 k4urcfbm\">\n<div class=\"page-title-head hgroup\">\n<div class=\"page-title-head hgroup\">\n<div class=\"b654a4as d2edcug0\">\n<div class=\"j83agx80 btwxx1t3 lhclo0ds hop8lmos nkwizq5d scwd0bx6 roh60bw9\">\n<div class=\"rq0escxv hkbzh7o3 jwdofwj8 n8tt0mok r8blr3vg hyh9befq\">\n<div class=\"do00u71z l9j0dhe7 k4urcfbm\">\n<div class=\"ecm0bbzt e5nlhep0 a8c37x1j\">\n<div class=\"kvgmc6g5 cxmmr5t8 oygrvhab hcukyx3x c1et5uql\">\n<div class=\"gmail-kvgmc6g5 gmail-cxmmr5t8 gmail-oygrvhab gmail-hcukyx3x gmail-c1et5uql gmail-ii04i59q\">\n<div class=\"page-title-head hgroup\">\n<div class=\"page-title-head hgroup\">\n<div class=\"b654a4as d2edcug0\">\n<div class=\"j83agx80 btwxx1t3 lhclo0ds hop8lmos nkwizq5d scwd0bx6 roh60bw9\">\n<div class=\"rq0escxv hkbzh7o3 jwdofwj8 n8tt0mok r8blr3vg hyh9befq\">\n<div class=\"do00u71z l9j0dhe7 k4urcfbm\">\n<blockquote>\n<h3><span style=\"color: #ff0000;\">IN VIVO VERSO,\u00a0 RIASCOLTIAMOLE DAL LUNEDI AL VENERDI ALLE 7.10, 10.10, 18 50<\/span><\/h3>\n<\/blockquote>\n<blockquote>\n<h3>RIASCOLTIAMOLE, STAGIONE 2019_2020 di GISELLA CANZIAN &#8220;CORENZA&#8221;<\/h3>\n<\/blockquote>\n<p><strong>AUDIO<\/strong><\/p>\n<audio class=\"wp-audio-shortcode\" id=\"audio-275962-13\" preload=\"none\" style=\"width: 100%;\" controls=\"controls\"><source type=\"audio\/mpeg\" src=\"https:\/\/www.radiopiu.net\/wordpress\/wp-content\/uploads\/2022\/05\/VIVO-VERSO-LUN-1.mp3?_=13\" \/><a href=\"https:\/\/www.radiopiu.net\/wordpress\/wp-content\/uploads\/2022\/05\/VIVO-VERSO-LUN-1.mp3\">https:\/\/www.radiopiu.net\/wordpress\/wp-content\/uploads\/2022\/05\/VIVO-VERSO-LUN-1.mp3<\/a><\/audio>\n<p>&nbsp;<\/p>\n<p><img loading=\"lazy\" decoding=\"async\" class=\"\" src=\"https:\/\/www.radiopiu.net\/wordpress\/wp-content\/uploads\/2019\/01\/5-GISELLA-CANZIAN-FOTO-SITO.jpg\" width=\"126\" height=\"128\" \/><\/p>\n<p>LA RACCOLTA COMPLETA<\/p>\n<blockquote class=\"wp-embedded-content\" data-secret=\"4OlhvGEC3M\"><p><a href=\"https:\/\/www.radiopiu.net\/wordpress\/in-vivo-verso\/\">In Vivo Verso<\/a><\/p><\/blockquote>\n<p><iframe loading=\"lazy\" class=\"wp-embedded-content\" sandbox=\"allow-scripts\" security=\"restricted\" style=\"position: absolute; clip: rect(1px, 1px, 1px, 1px);\" title=\"&#8220;In Vivo Verso&#8221; &#8212; Radio Pi\u00f9\" src=\"https:\/\/www.radiopiu.net\/wordpress\/in-vivo-verso\/embed\/#?secret=dQnvOq5UuQ#?secret=4OlhvGEC3M\" data-secret=\"4OlhvGEC3M\" width=\"600\" height=\"338\" frameborder=\"0\" marginwidth=\"0\" marginheight=\"0\" scrolling=\"no\"><\/iframe><\/p>\n<p>&nbsp;<\/p>\n<p>&nbsp;<\/p>\n<hr \/>\n<p>&nbsp;<\/p>\n<h3 class=\"entry-title\"><span style=\"color: #ff0000;\"><a href=\"https:\/\/www.radiopiu.net\/wordpress\/wp-content\/uploads\/2022\/04\/bustos-756620__340.webp\"><img loading=\"lazy\" decoding=\"async\" class=\" wp-image-271808 alignleft\" src=\"https:\/\/www.radiopiu.net\/wordpress\/wp-content\/uploads\/2022\/04\/bustos-756620__340-150x150.webp\" alt=\"\" width=\"94\" height=\"94\" \/><\/a>GOCCE DI FILOSOFIA PUNTATA 201 &#8211;\u00a0\u00a0<\/span><\/h3>\n<p><strong>GOCCE DI FILOSOFIA PUNTATA 201 CHIARA CAU\u00a0<\/strong><\/p>\n<p>&nbsp;<\/p>\n<p>AUDIO<\/p>\n<audio class=\"wp-audio-shortcode\" id=\"audio-275962-14\" preload=\"none\" style=\"width: 100%;\" controls=\"controls\"><source type=\"audio\/mpeg\" src=\"https:\/\/www.radiopiu.net\/wordpress\/wp-content\/uploads\/2022\/05\/FI1-2.mp3?_=14\" \/><a href=\"https:\/\/www.radiopiu.net\/wordpress\/wp-content\/uploads\/2022\/05\/FI1-2.mp3\">https:\/\/www.radiopiu.net\/wordpress\/wp-content\/uploads\/2022\/05\/FI1-2.mp3<\/a><\/audio>\n<p>&nbsp;<\/p>\n<p><strong>\u00a0<\/strong><strong>LA RACCOLTA COMPLETA<\/strong><\/p>\n<blockquote class=\"wp-embedded-content\" data-secret=\"RxRMSXHfRF\"><p><a href=\"https:\/\/www.radiopiu.net\/wordpress\/gocce-filosofia\/\">Gocce di filosofia, PRIMA E SECONDA STAGIONE 2022<\/a><\/p><\/blockquote>\n<p><iframe loading=\"lazy\" class=\"wp-embedded-content\" sandbox=\"allow-scripts\" security=\"restricted\" style=\"position: absolute; clip: rect(1px, 1px, 1px, 1px);\" title=\"&#8220;Gocce di filosofia, PRIMA E SECONDA STAGIONE 2022&#8221; &#8212; Radio Pi\u00f9\" src=\"https:\/\/www.radiopiu.net\/wordpress\/gocce-filosofia\/embed\/#?secret=yNRygjBzu5#?secret=RxRMSXHfRF\" data-secret=\"RxRMSXHfRF\" width=\"600\" height=\"338\" frameborder=\"0\" marginwidth=\"0\" marginheight=\"0\" scrolling=\"no\"><\/iframe><\/p>\n<p>&nbsp;<\/p>\n<hr \/>\n<p>&nbsp;<\/p>\n<p><span style=\"color: #0000ff;\">MUSICA PIU&#8217;\u00a0<\/span><\/p>\n<p><a href=\"https:\/\/www.radiopiu.net\/wordpress\/giornale-radiopiu-20-settembre-2021-direttore-mirko-mezzacasa\/pp-79\/\" rel=\"attachment wp-att-232921\"><img loading=\"lazy\" decoding=\"async\" class=\"wp-image-232921 alignleft\" src=\"https:\/\/www.radiopiu.net\/wordpress\/wp-content\/uploads\/2021\/09\/pp-1-300x300.jpg\" alt=\"\" width=\"135\" height=\"135\" srcset=\"https:\/\/www.radiopiu.net\/wordpress\/wp-content\/uploads\/2021\/09\/pp-1-300x300.jpg 300w, https:\/\/www.radiopiu.net\/wordpress\/wp-content\/uploads\/2021\/09\/pp-1-150x150.jpg 150w, https:\/\/www.radiopiu.net\/wordpress\/wp-content\/uploads\/2021\/09\/pp-1.jpg 640w\" sizes=\"auto, (max-width: 135px) 100vw, 135px\" \/><\/a><\/p>\n<div class=\"mkdf-post-text\">\n<div class=\"mkdf-post-text-inner\">\n<div class=\"mkdf-post-text-main\">\n<div class=\"mkdf-post-text\">\n<div class=\"mkdf-post-text-inner\">\n<div class=\"mkdf-post-text-main\">\n<div class=\"mkdf-post-text\">\n<div class=\"mkdf-post-text-inner\">\n<div class=\"mkdf-post-text-main\">\n<div class=\"page-title-head hgroup\">\n<div class=\"page-title-head hgroup\">\n<div class=\"mkdf-post-text\">\n<div class=\"mkdf-post-text-inner\">\n<div class=\"mkdf-post-text-main\">\n<div class=\"mkdf-post-text\">\n<div class=\"mkdf-post-text-inner\">\n<div class=\"mkdf-post-text-main\">\n<div class=\"page-title-head hgroup\">\n<div class=\"page-title-head hgroup\">\n<div class=\"page-title-head hgroup\">\n<div class=\"page-title-head hgroup\">\n<div class=\"b654a4as d2edcug0\">\n<div class=\"page-title-head hgroup\">\n<div class=\"page-title-head hgroup\">\n<div class=\"page-title-head hgroup\">\n<div class=\"page-title-head hgroup\">\n<div class=\"b654a4as d2edcug0\">\n<div class=\"page-title-head hgroup\">\n<div class=\"page-title-head hgroup\">\n<div class=\"page-title-head hgroup\">\n<div class=\"page-title-head hgroup\">\n<div class=\"b654a4as d2edcug0\">\n<div class=\"mkdf-post-text\">\n<div class=\"mkdf-post-text-inner\">\n<div class=\"mkdf-post-text-main\">\n<div class=\"mkdf-post-text\">\n<div class=\"mkdf-post-text-inner\">\n<div class=\"mkdf-post-text-main\">\n<div class=\"mkdf-post-text\">\n<div class=\"mkdf-post-text-inner\">\n<div class=\"mkdf-post-text-main\">\n<div class=\"page-title-head hgroup\">\n<div class=\"page-title-head hgroup\">\n<div class=\"mkdf-post-text\">\n<div class=\"mkdf-post-text-inner\">\n<div class=\"mkdf-post-text-main\">\n<div class=\"mkdf-post-text\">\n<div class=\"mkdf-post-text-inner\">\n<div class=\"mkdf-post-text-main\">\n<div class=\"page-title-head hgroup\">\n<div class=\"page-title-head hgroup\">\n<div class=\"page-title-head hgroup\">\n<div class=\"page-title-head hgroup\">\n<div class=\"b654a4as d2edcug0\">\n<div class=\"page-title-head hgroup\">\n<div class=\"page-title-head hgroup\">\n<div class=\"page-title-head hgroup\">\n<div class=\"page-title-head hgroup\">\n<div class=\"b654a4as d2edcug0\">\n<div class=\"page-title-head hgroup\">\n<div class=\"page-title-head hgroup\">\n<div class=\"page-title-head hgroup\">\n<div class=\"page-title-head hgroup\">\n<div class=\"b654a4as d2edcug0\">\n<div><\/div>\n<div><\/div>\n<div>\n<p><strong>MUSICA ALLA RADIO, IL PROGRAMMA DI LORIS SCUSSEL &#8220;COLLAGE OPERAZIONE NOSTALGIA&#8221; DAL LUNEDI AL VENERDI ALLE 16.00\u00a0 E ALLE 23\u00a0<\/strong><\/p>\n<p>&nbsp;<\/p>\n<\/div>\n<p><strong>PUNTATA 606 DEL 16 MAGGIO 2022\u00a0<\/strong><\/p>\n<audio class=\"wp-audio-shortcode\" id=\"audio-275962-15\" preload=\"none\" style=\"width: 100%;\" controls=\"controls\"><source type=\"audio\/mpeg\" src=\"https:\/\/www.radiopiu.net\/wordpress\/wp-content\/uploads\/2022\/05\/Collage-606.mp3?_=15\" \/><a href=\"https:\/\/www.radiopiu.net\/wordpress\/wp-content\/uploads\/2022\/05\/Collage-606.mp3\">https:\/\/www.radiopiu.net\/wordpress\/wp-content\/uploads\/2022\/05\/Collage-606.mp3<\/a><\/audio>\n<p>&nbsp;<\/p>\n<p><strong><a class=\"dt-pswp-item\" href=\"https:\/\/www.radiopiu.net\/wordpress\/wp-content\/uploads\/2022\/05\/Ben-E-King.jpg\" data-dt-img-description=\"\" data-large_image_width=\"200\" data-large_image_height=\"198\"><img loading=\"lazy\" decoding=\"async\" class=\"size-thumbnail wp-image-275829 alignleft\" src=\"https:\/\/www.radiopiu.net\/wordpress\/wp-content\/uploads\/2022\/05\/Ben-E-King-150x150.jpg\" alt=\"\" width=\"150\" height=\"150\" srcset=\"https:\/\/www.radiopiu.net\/wordpress\/wp-content\/uploads\/2022\/05\/Ben-E-King-150x150.jpg 150w, https:\/\/www.radiopiu.net\/wordpress\/wp-content\/uploads\/2022\/05\/Ben-E-King.jpg 200w\" sizes=\"auto, (max-width: 150px) 100vw, 150px\" \/><\/a>di Loris Scussel<\/strong><\/p>\n<p>La settimana di Collage operazione nostalgia si aprir\u00e0 all\u2019insegna del vento con una selezione di brani dedicati a questo fenomeno atmosferico, marted\u00ec e mercoled\u00ec proporremo successi internazionali degli anni 50 e 60 mentre gioved\u00ec e venerd\u00ec daremo spazio alla musica italiana con due puntate dedicate rispettivamente ai complessi ed ai cantautori. Collage va in onda dal luned\u00ec al venerd\u00ec alle 16,00 e alle 23,00 naturalmente su Radio Pi\u00f9.<\/p>\n<p>&nbsp;<\/p>\n<\/div>\n<p>&nbsp;<\/p>\n<p>&nbsp;<\/p>\n<div class=\"b654a4as d2edcug0\">\n<hr \/>\n<\/div>\n<\/div>\n<\/div>\n<\/div>\n<\/div>\n<\/div>\n<\/div>\n<\/div>\n<\/div>\n<\/div>\n<\/div>\n<\/div>\n<\/div>\n<\/div>\n<\/div>\n<\/div>\n<\/div>\n<\/div>\n<\/div>\n<\/div>\n<\/div>\n<\/div>\n<\/div>\n<\/div>\n<\/div>\n<\/div>\n<\/div>\n<\/div>\n<\/div>\n<\/div>\n<\/div>\n<\/div>\n<\/div>\n<\/div>\n<\/div>\n<\/div>\n<\/div>\n<\/div>\n<\/div>\n<\/div>\n<\/div>\n<\/div>\n<\/div>\n<\/div>\n<\/div>\n<\/div>\n<\/div>\n<\/div>\n<\/div>\n<\/div>\n<\/div>\n<\/div>\n<\/div>\n<\/div>\n<\/div>\n<\/div>\n<\/div>\n<\/div>\n<\/div>\n<\/div>\n<\/div>\n<\/div>\n<\/div>\n<\/div>\n<p>&nbsp;<\/p>\n<blockquote>\n<h3><span style=\"color: #0000ff;\">RADIO PIU INFORMAZIONE il canale su TELEGRAM informazione di prima mano e in tempo reale. iscriviti ed aiutaci a farlo conoscere\u00a0\u00a0<\/span><\/h3>\n<\/blockquote>\n<div>\n<div class=\"page-title-head hgroup\">\n<div class=\"page-title-head hgroup\">\n<div class=\"page-title-head hgroup\">\n<div class=\"page-title-head hgroup\">\n<div class=\"b654a4as d2edcug0\">\n<div class=\"page-title-head hgroup\">\n<div class=\"page-title-head hgroup\">\n<div class=\"page-title-head hgroup\">\n<div class=\"page-title-head hgroup\">\n<div class=\"b654a4as d2edcug0\">\n<div class=\"page-title-head hgroup\">\n<div class=\"page-title-head hgroup\">\n<div class=\"page-title-head hgroup\">\n<div class=\"page-title-head hgroup\">\n<div class=\"page-title-head hgroup\">\n<div class=\"page-title-head hgroup\">\n<div class=\"page-title-head hgroup\">\n<div class=\"page-title-head hgroup\">\n<div class=\"page-title-head hgroup\">\n<div class=\"b654a4as d2edcug0\">\n<div class=\"page-title-head hgroup\">\n<div class=\"page-title-head hgroup\">\n<div class=\"page-title-head hgroup\">\n<div class=\"page-title-head hgroup\">\n<div class=\"b654a4as d2edcug0\">\n<div><\/div>\n<div>\n<div class=\"page-title-head hgroup\">\n<div class=\"page-title-head hgroup\">\n<div class=\"page-title-head hgroup\">\n<div class=\"page-title-head hgroup\">\n<div class=\"page-title-head hgroup\">\n<div class=\"mkdf-post-text\">\n<div class=\"mkdf-post-text-inner\">\n<div class=\"mkdf-post-text-main\">\n<div class=\"mkdf-post-text\">\n<div class=\"mkdf-post-text-inner\">\n<div class=\"mkdf-post-text-main\">\n<div class=\"mkdf-post-text\">\n<div class=\"mkdf-post-text-inner\">\n<div class=\"mkdf-post-text-main\">\n<div class=\"page-title-head hgroup\">\n<div class=\"page-title-head hgroup\">\n<div class=\"mkdf-post-text\">\n<div class=\"mkdf-post-text-inner\">\n<div class=\"mkdf-post-text-main\">\n<div class=\"mkdf-post-text\">\n<div class=\"mkdf-post-text-inner\">\n<div class=\"mkdf-post-text-main\">\n<div class=\"page-title-head hgroup\">\n<div class=\"page-title-head hgroup\">\n<div class=\"page-title-head hgroup\">\n<div class=\"page-title-head hgroup\">\n<div class=\"b654a4as d2edcug0\">\n<div class=\"page-title-head hgroup\">\n<div class=\"page-title-head hgroup\">\n<div class=\"page-title-head hgroup\">\n<div class=\"page-title-head hgroup\">\n<div class=\"b654a4as d2edcug0\">\n<div class=\"page-title-head hgroup\">\n<div class=\"page-title-head hgroup\">\n<div class=\"page-title-head hgroup\">\n<p>&nbsp;<\/p>\n<div>\n<div class=\"page-title-head hgroup\">\n<div class=\"page-title-head hgroup\">\n<div class=\"b654a4as d2edcug0\">\n<div class=\"j83agx80 btwxx1t3 lhclo0ds hop8lmos nkwizq5d scwd0bx6 roh60bw9\">\n<div class=\"rq0escxv hkbzh7o3 jwdofwj8 n8tt0mok r8blr3vg hyh9befq\">\n<div class=\"do00u71z l9j0dhe7 k4urcfbm\">\n<div class=\"page-title-head hgroup\">\n<div class=\"page-title-head hgroup\">\n<div class=\"b654a4as d2edcug0\">\n<div class=\"j83agx80 btwxx1t3 lhclo0ds hop8lmos nkwizq5d scwd0bx6 roh60bw9\">\n<div class=\"rq0escxv hkbzh7o3 jwdofwj8 n8tt0mok r8blr3vg hyh9befq\">\n<div class=\"do00u71z l9j0dhe7 k4urcfbm\">\n<div class=\"ecm0bbzt e5nlhep0 a8c37x1j\">\n<div class=\"kvgmc6g5 cxmmr5t8 oygrvhab hcukyx3x c1et5uql\">\n<div class=\"gmail-kvgmc6g5 gmail-cxmmr5t8 gmail-oygrvhab gmail-hcukyx3x gmail-c1et5uql gmail-ii04i59q\">\n<div class=\"page-title-head hgroup\">\n<div class=\"page-title-head hgroup\">\n<div class=\"b654a4as d2edcug0\">\n<div class=\"j83agx80 btwxx1t3 lhclo0ds hop8lmos nkwizq5d scwd0bx6 roh60bw9\">\n<div class=\"rq0escxv hkbzh7o3 jwdofwj8 n8tt0mok r8blr3vg hyh9befq\">\n<div class=\"do00u71z l9j0dhe7 k4urcfbm\">\n<div class=\"page-title-head hgroup\">\n<div class=\"page-title-head hgroup\">\n<div class=\"b654a4as d2edcug0\">\n<div class=\"j83agx80 btwxx1t3 lhclo0ds hop8lmos nkwizq5d scwd0bx6 roh60bw9\">\n<div class=\"rq0escxv hkbzh7o3 jwdofwj8 n8tt0mok r8blr3vg hyh9befq\">\n<div class=\"do00u71z l9j0dhe7 k4urcfbm\">\n<div class=\"page-title-head hgroup\">\n<div class=\"page-title-head hgroup\">\n<div class=\"b654a4as d2edcug0\">\n<div class=\"j83agx80 btwxx1t3 lhclo0ds hop8lmos nkwizq5d scwd0bx6 roh60bw9\">\n<div class=\"rq0escxv hkbzh7o3 jwdofwj8 n8tt0mok r8blr3vg hyh9befq\">\n<div class=\"do00u71z l9j0dhe7 k4urcfbm\">\n<div class=\"ecm0bbzt e5nlhep0 a8c37x1j\">\n<div class=\"kvgmc6g5 cxmmr5t8 oygrvhab hcukyx3x c1et5uql\">\n<div class=\"gmail-kvgmc6g5 gmail-cxmmr5t8 gmail-oygrvhab gmail-hcukyx3x gmail-c1et5uql gmail-ii04i59q\">\n<div class=\"page-title-head hgroup\">\n<div class=\"page-title-head hgroup\">\n<div class=\"b654a4as d2edcug0\">\n<div class=\"j83agx80 btwxx1t3 lhclo0ds hop8lmos nkwizq5d scwd0bx6 roh60bw9\">\n<div class=\"rq0escxv hkbzh7o3 jwdofwj8 n8tt0mok r8blr3vg hyh9befq\">\n<div class=\"do00u71z l9j0dhe7 k4urcfbm\">\n<div class=\"page-title-head hgroup\">\n<div class=\"page-title-head hgroup\">\n<div class=\"page-title-head hgroup\">\n<div class=\"page-title-head hgroup\">\n<div class=\"b654a4as d2edcug0\">\n<div class=\"page-title-head hgroup\">\n<div class=\"page-title-head hgroup\">\n<div class=\"page-title-head hgroup\">\n<div class=\"page-title-head hgroup\">\n<div class=\"b654a4as d2edcug0\">\n<div class=\"page-title-head hgroup\">\n<div class=\"page-title-head hgroup\">\n<div class=\"page-title-head hgroup\">\n<div class=\"page-title-head hgroup\">\n<div class=\"page-title-head hgroup\">\n<div class=\"page-title-head hgroup\">\n<div class=\"page-title-head hgroup\">\n<div class=\"page-title-head hgroup\">\n<div class=\"page-title-head hgroup\">\n<div class=\"b654a4as d2edcug0\">\n<div class=\"page-title-head hgroup\">\n<div class=\"page-title-head hgroup\">\n<div class=\"page-title-head hgroup\">\n<div class=\"page-title-head hgroup\">\n<div class=\"b654a4as d2edcug0\">\n<div class=\"page-title-head hgroup\">\n<div class=\"page-title-head hgroup\">\n<div class=\"page-title-head hgroup\">\n<div class=\"page-title-head hgroup\">\n<div class=\"page-title-head hgroup\">\n<div class=\"mkdf-post-text\">\n<div class=\"mkdf-post-text-inner\">\n<div class=\"mkdf-post-text-main\">\n<div class=\"mkdf-post-text\">\n<div class=\"mkdf-post-text-inner\">\n<div class=\"mkdf-post-text-main\">\n<div class=\"mkdf-post-text\">\n<div class=\"mkdf-post-text-inner\">\n<div class=\"mkdf-post-text-main\">\n<div class=\"page-title-head hgroup\">\n<div class=\"page-title-head hgroup\">\n<div class=\"mkdf-post-text\">\n<div class=\"mkdf-post-text-inner\">\n<div class=\"mkdf-post-text-main\">\n<div class=\"mkdf-post-text\">\n<div class=\"mkdf-post-text-inner\">\n<div class=\"mkdf-post-text-main\">\n<div class=\"page-title-head hgroup\">\n<div class=\"page-title-head hgroup\">\n<div class=\"page-title-head hgroup\">\n<div class=\"page-title-head hgroup\">\n<div class=\"b654a4as d2edcug0\">\n<div class=\"page-title-head hgroup\">\n<div class=\"page-title-head hgroup\">\n<div class=\"page-title-head hgroup\">\n<div class=\"page-title-head hgroup\">\n<div class=\"b654a4as d2edcug0\">\n<div class=\"page-title-head hgroup\">\n<div class=\"page-title-head hgroup\">\n<div class=\"page-title-head hgroup\">\n<div class=\"page-title-head hgroup\">\n<div class=\"b654a4as d2edcug0\">\n<div class=\"ecm0bbzt e5nlhep0 a8c37x1j\">\n<div class=\"kvgmc6g5 cxmmr5t8 oygrvhab hcukyx3x c1et5uql\">\n<div class=\"gmail-kvgmc6g5 gmail-cxmmr5t8 gmail-oygrvhab gmail-hcukyx3x gmail-c1et5uql gmail-ii04i59q\">\n<div class=\"page-title-head hgroup\">\n<div class=\"page-title-head hgroup\">\n<div class=\"b654a4as d2edcug0\">\n<div class=\"j83agx80 btwxx1t3 lhclo0ds hop8lmos nkwizq5d scwd0bx6 roh60bw9\">\n<div class=\"rq0escxv hkbzh7o3 jwdofwj8 n8tt0mok r8blr3vg hyh9befq\">\n<div class=\"do00u71z l9j0dhe7 k4urcfbm\">\n<div class=\"page-title-head hgroup\">\n<div class=\"page-title-head hgroup\">\n<div class=\"page-title-head hgroup\">\n<div class=\"page-title-head hgroup\">\n<div class=\"b654a4as d2edcug0\">\n<div class=\"page-title-head hgroup\">\n<div class=\"page-title-head hgroup\">\n<div class=\"page-title-head hgroup\">\n<div class=\"page-title-head hgroup\">\n<div class=\"b654a4as d2edcug0\">\n<div class=\"page-title-head hgroup\">\n<div class=\"page-title-head hgroup\">\n<div class=\"page-title-head hgroup\">\n<div class=\"page-title-head hgroup\">\n<div class=\"page-title-head hgroup\">\n<div class=\"page-title-head hgroup\">\n<div class=\"page-title-head hgroup\">\n<div class=\"page-title-head hgroup\">\n<div class=\"page-title-head hgroup\">\n<div class=\"b654a4as d2edcug0\">\n<div class=\"page-title-head hgroup\">\n<div class=\"page-title-head hgroup\">\n<div class=\"page-title-head hgroup\">\n<div class=\"page-title-head hgroup\">\n<div class=\"b654a4as d2edcug0\">\n<div class=\"page-title-head hgroup\">\n<div class=\"page-title-head hgroup\">\n<div class=\"page-title-head hgroup\">\n<div class=\"page-title-head hgroup\">\n<div class=\"page-title-head hgroup\">\n<div class=\"mkdf-post-text\">\n<div class=\"mkdf-post-text-inner\">\n<div class=\"mkdf-post-text-main\">\n<div class=\"mkdf-post-text\">\n<div class=\"mkdf-post-text-inner\">\n<div class=\"mkdf-post-text-main\">\n<div class=\"mkdf-post-text\">\n<div class=\"mkdf-post-text-inner\">\n<div class=\"mkdf-post-text-main\">\n<div class=\"page-title-head hgroup\">\n<div class=\"page-title-head hgroup\">\n<div class=\"mkdf-post-text\">\n<div class=\"mkdf-post-text-inner\">\n<div class=\"mkdf-post-text-main\">\n<div class=\"mkdf-post-text\">\n<div class=\"mkdf-post-text-inner\">\n<div class=\"mkdf-post-text-main\">\n<div class=\"page-title-head hgroup\">\n<div class=\"page-title-head hgroup\">\n<div class=\"page-title-head hgroup\">\n<div class=\"page-title-head hgroup\">\n<div class=\"b654a4as d2edcug0\">\n<div class=\"page-title-head hgroup\">\n<div class=\"page-title-head hgroup\">\n<div class=\"page-title-head hgroup\">\n<div class=\"page-title-head hgroup\">\n<div class=\"b654a4as d2edcug0\">\n<div class=\"page-title-head hgroup\">\n<div class=\"page-title-head hgroup\">\n<div class=\"page-title-head hgroup\">\n<div class=\"page-title-head hgroup\">\n<div class=\"b654a4as d2edcug0\">\n<hr \/>\n<p>&nbsp;<\/p>\n<div>\n<p><strong>DUE MINUTI UN LIBRO, TUTTI I GIORNI ALLA RADIO ALLE 9.40 E ALLE 17.50\u00a0\u00a0<\/strong><\/p>\n<div>\n<div>\n<p><strong>LA RACCOLTA COMPLETA\u00a0\u00a0<\/strong><\/p>\n<\/div>\n<\/div>\n<\/div>\n<div class=\"mkdf-post-text\">\n<div class=\"mkdf-post-text-inner\">\n<div class=\"mkdf-post-text-main\">\n<div class=\"mkdf-post-text\">\n<div class=\"mkdf-post-text-inner\">\n<div class=\"mkdf-post-text-main\">\n<div class=\"mkdf-post-text\">\n<div class=\"mkdf-post-text-inner\">\n<div class=\"mkdf-post-text-main\">\n<div class=\"page-title-head hgroup\">\n<div class=\"page-title-head hgroup\">\n<div class=\"mkdf-post-text\">\n<div class=\"mkdf-post-text-inner\">\n<div class=\"mkdf-post-text-main\">\n<div class=\"mkdf-post-text\">\n<div class=\"mkdf-post-text-inner\">\n<div class=\"mkdf-post-text-main\">\n<div class=\"page-title-head hgroup\">\n<div class=\"page-title-head hgroup\">\n<div class=\"page-title-head hgroup\">\n<div class=\"page-title-head hgroup\">\n<div class=\"b654a4as d2edcug0\">\n<div class=\"page-title-head hgroup\">\n<div class=\"page-title-head hgroup\">\n<div class=\"page-title-head hgroup\">\n<div class=\"page-title-head hgroup\">\n<div class=\"b654a4as d2edcug0\">\n<div class=\"page-title-head hgroup\">\n<div class=\"page-title-head hgroup\">\n<div class=\"page-title-head hgroup\">\n<div class=\"page-title-head hgroup\">\n<div class=\"b654a4as d2edcug0\">\n<div>\n<blockquote class=\"wp-embedded-content\" data-secret=\"E9ZBnKbPCF\"><p><a href=\"https:\/\/www.radiopiu.net\/wordpress\/due-minuti-un-libro\/\">Due minuti un libro<\/a><\/p><\/blockquote>\n<p><iframe loading=\"lazy\" class=\"wp-embedded-content\" sandbox=\"allow-scripts\" security=\"restricted\" style=\"position: absolute; clip: rect(1px, 1px, 1px, 1px);\" title=\"&#8220;Due minuti un libro&#8221; &#8212; Radio Pi\u00f9\" src=\"https:\/\/www.radiopiu.net\/wordpress\/due-minuti-un-libro\/embed\/#?secret=xwV5D4S31P#?secret=E9ZBnKbPCF\" data-secret=\"E9ZBnKbPCF\" width=\"600\" height=\"338\" frameborder=\"0\" marginwidth=\"0\" marginheight=\"0\" scrolling=\"no\"><\/iframe><\/p>\n<p>&nbsp;<\/p>\n<\/div>\n<div>\n<hr \/>\n<p>&nbsp;<\/p>\n<\/div>\n<h2><span style=\"color: #808000;\">L&#8217;ALMANACCO LADINO\u00a0<\/span><\/h2>\n<p><strong>LA RACCOLTA<\/strong><\/p>\n<blockquote class=\"wp-embedded-content\" data-secret=\"SCsteVktSV\"><p><a href=\"https:\/\/www.radiopiu.net\/wordpress\/almanacco-ladino\/\">Almanacco Ladino<\/a><\/p><\/blockquote>\n<p><iframe loading=\"lazy\" class=\"wp-embedded-content\" sandbox=\"allow-scripts\" security=\"restricted\" style=\"position: absolute; clip: rect(1px, 1px, 1px, 1px);\" title=\"&#8220;Almanacco Ladino&#8221; &#8212; Radio Pi\u00f9\" src=\"https:\/\/www.radiopiu.net\/wordpress\/almanacco-ladino\/embed\/#?secret=jhNaOANwAy#?secret=SCsteVktSV\" data-secret=\"SCsteVktSV\" width=\"600\" height=\"338\" frameborder=\"0\" marginwidth=\"0\" marginheight=\"0\" scrolling=\"no\"><\/iframe><\/p>\n<hr \/>\n<h2><span style=\"color: #33cccc;\">\u00a0<\/span><\/h2>\n<h2><span style=\"color: #33cccc;\">LA RASSEGNA STAMPA DA L&#8217;AMICO DEL POPOLO<\/span><\/h2>\n<p><strong><a class=\"dt-pswp-item\" href=\"https:\/\/www.radiopiu.net\/wordpress\/wp-content\/uploads\/2020\/12\/SISTO.jpg\" data-dt-img-description=\"\" data-large_image_width=\"620\" data-large_image_height=\"340\"><img loading=\"lazy\" decoding=\"async\" class=\"size-thumbnail wp-image-181222 alignleft\" src=\"https:\/\/www.radiopiu.net\/wordpress\/wp-content\/uploads\/2020\/12\/SISTO-150x150.jpg\" alt=\"\" width=\"150\" height=\"150\" \/><\/a>di Gianni Santomaso<\/strong><\/p>\n<p>OSPITE: Sisto Da Roit<\/p>\n<audio class=\"wp-audio-shortcode\" id=\"audio-275962-16\" preload=\"none\" style=\"width: 100%;\" controls=\"controls\"><source type=\"audio\/mpeg\" src=\"https:\/\/www.radiopiu.net\/wordpress\/wp-content\/uploads\/2022\/05\/rassegna-gianni-per-sito.mp3?_=16\" \/><a href=\"https:\/\/www.radiopiu.net\/wordpress\/wp-content\/uploads\/2022\/05\/rassegna-gianni-per-sito.mp3\">https:\/\/www.radiopiu.net\/wordpress\/wp-content\/uploads\/2022\/05\/rassegna-gianni-per-sito.mp3<\/a><\/audio>\n<p>&nbsp;<\/p>\n<p><strong>LA RACCOLTA COMPLETA<\/strong><\/p>\n<blockquote class=\"wp-embedded-content\" data-secret=\"rGQcCu1V23\"><p><a href=\"https:\/\/www.radiopiu.net\/wordpress\/rassegna-stampa-di-gianni-santomaso\/\">Rassegna stampa da l&#8217;amico del popolo &#8211; di Gianni Santomaso<\/a><\/p><\/blockquote>\n<p><iframe loading=\"lazy\" class=\"wp-embedded-content\" sandbox=\"allow-scripts\" security=\"restricted\" style=\"position: absolute; clip: rect(1px, 1px, 1px, 1px);\" title=\"&#8220;Rassegna stampa da l&#8217;amico del popolo &#8211; di Gianni Santomaso&#8221; &#8212; Radio Pi\u00f9\" src=\"https:\/\/www.radiopiu.net\/wordpress\/rassegna-stampa-di-gianni-santomaso\/embed\/#?secret=33h3fNPYOh#?secret=rGQcCu1V23\" data-secret=\"rGQcCu1V23\" width=\"600\" height=\"338\" frameborder=\"0\" marginwidth=\"0\" marginheight=\"0\" scrolling=\"no\"><\/iframe><\/p>\n<p>&nbsp;<\/p>\n<hr \/>\n<p>&nbsp;<\/p>\n<div>\n<div class=\"page-title-head hgroup\">\n<div class=\"page-title-head hgroup\">\n<div class=\"b654a4as d2edcug0\">\n<div class=\"j83agx80 btwxx1t3 lhclo0ds hop8lmos nkwizq5d scwd0bx6 roh60bw9\">\n<div class=\"rq0escxv hkbzh7o3 jwdofwj8 n8tt0mok r8blr3vg hyh9befq\">\n<div class=\"do00u71z l9j0dhe7 k4urcfbm\">\n<div class=\"ecm0bbzt e5nlhep0 a8c37x1j\">\n<div class=\"kvgmc6g5 cxmmr5t8 oygrvhab hcukyx3x c1et5uql\">\n<div class=\"gmail-kvgmc6g5 gmail-cxmmr5t8 gmail-oygrvhab gmail-hcukyx3x gmail-c1et5uql gmail-ii04i59q\">\n<div class=\"page-title-head hgroup\">\n<div class=\"page-title-head hgroup\">\n<div class=\"b654a4as d2edcug0\">\n<div class=\"j83agx80 btwxx1t3 lhclo0ds hop8lmos nkwizq5d scwd0bx6 roh60bw9\">\n<div class=\"rq0escxv hkbzh7o3 jwdofwj8 n8tt0mok r8blr3vg hyh9befq\">\n<div class=\"do00u71z l9j0dhe7 k4urcfbm\">\n<div class=\"page-title-head hgroup\">\n<div class=\"page-title-head hgroup\">\n<div class=\"page-title-head hgroup\">\n<div class=\"page-title-head hgroup\">\n<div class=\"b654a4as d2edcug0\">\n<div class=\"page-title-head hgroup\">\n<div class=\"page-title-head hgroup\">\n<div class=\"page-title-head hgroup\">\n<div class=\"page-title-head hgroup\">\n<div class=\"b654a4as d2edcug0\">\n<div class=\"page-title-head hgroup\">\n<div class=\"page-title-head hgroup\">\n<div class=\"page-title-head hgroup\">\n<div class=\"page-title-head hgroup\">\n<div class=\"page-title-head hgroup\">\n<div class=\"page-title-head hgroup\">\n<div class=\"page-title-head hgroup\">\n<div class=\"page-title-head hgroup\">\n<div class=\"page-title-head hgroup\">\n<div class=\"b654a4as d2edcug0\">\n<div class=\"page-title-head hgroup\">\n<div class=\"page-title-head hgroup\">\n<div class=\"page-title-head hgroup\">\n<div class=\"page-title-head hgroup\">\n<div class=\"b654a4as d2edcug0\">\n<div class=\"page-title-head hgroup\">\n<div class=\"page-title-head hgroup\">\n<div class=\"page-title-head hgroup\">\n<div class=\"page-title-head hgroup\">\n<div class=\"page-title-head hgroup\">\n<div class=\"mkdf-post-text\">\n<div class=\"mkdf-post-text-inner\">\n<div class=\"mkdf-post-text-main\">\n<div class=\"mkdf-post-text\">\n<div class=\"mkdf-post-text-inner\">\n<div class=\"mkdf-post-text-main\">\n<div class=\"mkdf-post-text\">\n<div class=\"mkdf-post-text-inner\">\n<div class=\"mkdf-post-text-main\">\n<div class=\"page-title-head hgroup\">\n<div class=\"page-title-head hgroup\">\n<div class=\"mkdf-post-text\">\n<div class=\"mkdf-post-text-inner\">\n<div class=\"mkdf-post-text-main\">\n<div class=\"mkdf-post-text\">\n<div class=\"mkdf-post-text-inner\">\n<div class=\"mkdf-post-text-main\">\n<div class=\"page-title-head hgroup\">\n<div class=\"page-title-head hgroup\">\n<div class=\"page-title-head hgroup\">\n<div class=\"page-title-head hgroup\">\n<div class=\"b654a4as d2edcug0\">\n<div class=\"page-title-head hgroup\">\n<div class=\"page-title-head hgroup\">\n<div class=\"page-title-head hgroup\">\n<div class=\"page-title-head hgroup\">\n<div class=\"b654a4as d2edcug0\">\n<div class=\"page-title-head hgroup\">\n<div class=\"page-title-head hgroup\">\n<div class=\"page-title-head hgroup\">\n<div class=\"page-title-head hgroup\">\n<div class=\"b654a4as d2edcug0\">\n<h2><span style=\"color: #800080;\">I RACCONTI DI PAOLO SOPPELSA\u00a0<\/span><\/h2>\n<p><strong>IL LARICE<\/strong><\/p>\n<p><em><strong>AUDIO<\/strong><\/em><\/p>\n<audio class=\"wp-audio-shortcode\" id=\"audio-275962-17\" preload=\"none\" style=\"width: 100%;\" controls=\"controls\"><source type=\"audio\/mpeg\" src=\"https:\/\/www.radiopiu.net\/wordpress\/wp-content\/uploads\/2022\/05\/PAOLO-SOPPELSA-IL-LARICE.mp3?_=17\" \/><a href=\"https:\/\/www.radiopiu.net\/wordpress\/wp-content\/uploads\/2022\/05\/PAOLO-SOPPELSA-IL-LARICE.mp3\">https:\/\/www.radiopiu.net\/wordpress\/wp-content\/uploads\/2022\/05\/PAOLO-SOPPELSA-IL-LARICE.mp3<\/a><\/audio>\n<p>&nbsp;<\/p>\n<p><a class=\"dt-pswp-item\" href=\"https:\/\/www.radiopiu.net\/wordpress\/wp-content\/uploads\/2022\/05\/e3cca4ba-3c06-4838-9101-1706ae5d3edd.jpg\" data-dt-img-description=\"\" data-large_image_width=\"1080\" data-large_image_height=\"810\"><img loading=\"lazy\" decoding=\"async\" class=\"size-thumbnail wp-image-275856 alignleft\" src=\"https:\/\/www.radiopiu.net\/wordpress\/wp-content\/uploads\/2022\/05\/e3cca4ba-3c06-4838-9101-1706ae5d3edd-150x150.jpg\" alt=\"\" width=\"150\" height=\"150\" \/><\/a>L&#8217;ho osservato un giorno d&#8217;inizio primavera mentre camminavo sull&#8217;orlo del grande salto, il solitario larice. Il re dell&#8217;autunno che ad ottobre si veste d&#8217;oro, \u00e8 cresciuto su di un micro terrazzino di roccia in pieno strapiombo; sotto di lui il vuoto, sopra il cielo. Il solitario guardiano &#8220;dela m\u00e8 val&#8221; ha la corteccia rugosa e vissuta, indurita dal suo difficile passato. Chiss\u00e0 quante volte si \u00e8 risvegliato a met\u00e0 aprile e chiss\u00e0 quante volte ancora si \u00e8 addormentato a fine novembre. Un vivere difficile ed affascinante il suo; con le radici ben salde conficcate nelle fessure della roccia e con il privilegio di poter ammirare tutto il grandioso panorama che gli si apre di fronte. Misterioso e inavvicinabile, forte e saggio; nemmeno il terribile vento di Vaia \u00e8 riuscito a spezzarlo; l&#8217;ho trovato cos\u00ec in quel pomeriggio di fine marzo, come in quell&#8217;umido sabato mattina dopo la tempesta, impassibile e fiero come un capitano sulla prua del suo vascello. Gli alberi parlano e raccontano nella loro lingua, ed io quando vado a camminare in montagna, li sto ad ascoltare. Sono un dilettante del legno, un alunno di quel maestro chiamato bosco che sempre trova il tempo e la pazienza per insegnarmi qualcosa di nuovo. Il larice \u00e8 il mio albero preferito, amo il suo innalzarsi dritto verso il cielo, mi commuove il suo colorarsi d&#8217;oro a fine ottobre e ogni anno saluto il suo risveglio dal lungo sonno invernale che avviene intorno alla met\u00e0 di aprile. Quando capita di salire in montagna il larice \u00e8 l&#8217;ultimo albero che si incontra, poi saranno solamente roccia ed erba magra. \u00c8 lass\u00f9, dove l&#8217;aria \u00e8 pi\u00f9 fina, che crescono i larici &#8220;da opera&#8221;; &#8220;chei cresui sul magher&#8221;, che dopo tagliati, se vai ad osservare &#8220;le cresude&#8221;, diventi strabico e perdi il conto dei suoi anni d&#8217;et\u00e0. \u00c8 legno che sar\u00e0 eterno, e le travi degli antichi tabi\u00e0 ne sono la testimonianza eloquente. \u00c8 albero robusto che il vento fatica a sconfiggere; pu\u00f2 farlo crescere &#8220;conaster&#8221;, difficilmente riesce ad atterrarlo. Solamente &#8220;quel vento&#8221; c&#8217;\u00e8 riuscito, ma solo in quelle determinate zone dove si \u00e8 sfiorata l&#8217;apocalisse. Quelle &#8220;cresude&#8221; raccontano le loro vite; ci indicano se hanno avuto &#8220;cibo&#8221; in abbondanza oppure se hanno patito un po&#8217; la fame. A pochi metri dal solitario re che vive sulla verticale parete, vivono altri larici; quelli un po&#8217; viziati; cresciuti su quel prato pianeggiante che un tempo era pascolo, &#8220;fora dal vent&#8221; e nutriti abbondantemente; e tutto questo benessere \u00e8 stata pure la loro condanna. Erano nati sul comodo, su un terreno dove l&#8217;acqua non manca. Ma \u00e8 stato un benessere effimero; alcuni di loro sono caduti all&#8217;inizio del 2021, al tempo della grande neve, alla ancora giovane et\u00e0 di circa cinquant&#8217;anni. Quel terreno cos\u00ec generoso, dopo averli nutriti in modo esagerato, alla fine li ha traditi; il loro fittone, ovvero la radice principale, non era scesa nel terreno roccioso di certi costoni; ha trovato quel morbido che non li ha fatti faticare in giovent\u00f9 ma che alla fine li ha imbrogliati. Ora i larici, tre fratelli uniti dalla stessa sorte, si sono tramutati in pezzi da novantadue centimetri che raccontano il loro mezzo secolo di vita vissuta ammirando &#8220;la m\u00e8 val&#8221;; ed io ascolto con attenzione il loro narrare, e lo ascolter\u00f2 anche quando avverr\u00e0 con voce di fuoco. E prover\u00f2 affetto per loro quando torner\u00f2 a sognare sotto il Pelsa in quelle nuove e fredde sere d&#8217;inverno.<\/p>\n<p><strong>LA RACCOLTA COMPLETA<\/strong><\/p>\n<blockquote class=\"wp-embedded-content\" data-secret=\"33mMYvkFOM\"><p><a href=\"https:\/\/www.radiopiu.net\/wordpress\/i-racconti-di-paolo-soppelsa\/\">I racconti di Paolo Soppelsa<\/a><\/p><\/blockquote>\n<p><iframe loading=\"lazy\" class=\"wp-embedded-content\" sandbox=\"allow-scripts\" security=\"restricted\" style=\"position: absolute; clip: rect(1px, 1px, 1px, 1px);\" title=\"&#8220;I racconti di Paolo Soppelsa&#8221; &#8212; Radio Pi\u00f9\" src=\"https:\/\/www.radiopiu.net\/wordpress\/i-racconti-di-paolo-soppelsa\/embed\/#?secret=3WYnEmjXN7#?secret=33mMYvkFOM\" data-secret=\"33mMYvkFOM\" width=\"600\" height=\"338\" frameborder=\"0\" marginwidth=\"0\" marginheight=\"0\" scrolling=\"no\"><\/iframe><\/p>\n<p>&nbsp;<\/p>\n<hr \/>\n<p>&nbsp;<\/p>\n<\/div>\n<\/div>\n<\/div>\n<\/div>\n<\/div>\n<\/div>\n<\/div>\n<\/div>\n<\/div>\n<\/div>\n<\/div>\n<\/div>\n<\/div>\n<\/div>\n<\/div>\n<\/div>\n<\/div>\n<\/div>\n<\/div>\n<\/div>\n<\/div>\n<\/div>\n<\/div>\n<\/div>\n<\/div>\n<\/div>\n<\/div>\n<\/div>\n<\/div>\n<\/div>\n<\/div>\n<\/div>\n<\/div>\n<\/div>\n<\/div>\n<\/div>\n<\/div>\n<\/div>\n<\/div>\n<\/div>\n<\/div>\n<\/div>\n<\/div>\n<\/div>\n<\/div>\n<\/div>\n<\/div>\n<\/div>\n<\/div>\n<\/div>\n<\/div>\n<\/div>\n<\/div>\n<\/div>\n<\/div>\n<\/div>\n<\/div>\n<\/div>\n<\/div>\n<\/div>\n<\/div>\n<\/div>\n<\/div>\n<\/div>\n<\/div>\n<\/div>\n<\/div>\n<\/div>\n<\/div>\n<\/div>\n<\/div>\n<\/div>\n<\/div>\n<\/div>\n<\/div>\n<\/div>\n<\/div>\n<\/div>\n<\/div>\n<\/div>\n<\/div>\n<\/div>\n<\/div>\n<\/div>\n<\/div>\n<\/div>\n<\/div>\n<\/div>\n<\/div>\n<\/div>\n<\/div>\n<\/div>\n<\/div>\n<\/div>\n<\/div>\n<\/div>\n<\/div>\n<\/div>\n<\/div>\n<\/div>\n<\/div>\n<\/div>\n<\/div>\n<\/div>\n<\/div>\n<\/div>\n<\/div>\n<\/div>\n<\/div>\n<\/div>\n<\/div>\n<div class=\"b654a4as d2edcug0\">\n<div class=\"ecm0bbzt e5nlhep0 a8c37x1j\">\n<div class=\"kvgmc6g5 cxmmr5t8 oygrvhab hcukyx3x c1et5uql\">\n<div class=\"gmail-kvgmc6g5 gmail-cxmmr5t8 gmail-oygrvhab gmail-hcukyx3x gmail-c1et5uql gmail-ii04i59q\">\n<div>\n<div class=\"page-title-head hgroup\">\n<div class=\"page-title-head hgroup\">\n<div class=\"b654a4as d2edcug0\">\n<div class=\"j83agx80 btwxx1t3 lhclo0ds hop8lmos nkwizq5d scwd0bx6 roh60bw9\">\n<div class=\"rq0escxv hkbzh7o3 jwdofwj8 n8tt0mok r8blr3vg hyh9befq\">\n<div class=\"do00u71z l9j0dhe7 k4urcfbm\">\n<div>\n<div class=\"page-title-head hgroup\">\n<div class=\"page-title-head hgroup\">\n<div class=\"page-title-head hgroup\">\n<div class=\"page-title-head hgroup\">\n<div class=\"b654a4as d2edcug0\">\n<div class=\"page-title-head hgroup\">\n<div class=\"page-title-head hgroup\">\n<div class=\"page-title-head hgroup\">\n<div class=\"page-title-head hgroup\">\n<div class=\"b654a4as d2edcug0\">\n<div class=\"page-title-head hgroup\">\n<div class=\"page-title-head hgroup\">\n<div class=\"page-title-head hgroup\">\n<div class=\"page-title-head hgroup\">\n<div class=\"page-title-head hgroup\">\n<div class=\"mkdf-post-text\">\n<div class=\"mkdf-post-text-inner\">\n<div class=\"mkdf-post-text-main\">\n<div class=\"mkdf-post-text\">\n<div class=\"mkdf-post-text-inner\">\n<div class=\"mkdf-post-text-main\">\n<div class=\"mkdf-post-text\">\n<div class=\"mkdf-post-text-inner\">\n<div class=\"mkdf-post-text-main\">\n<div class=\"page-title-head hgroup\">\n<div class=\"page-title-head hgroup\">\n<div class=\"mkdf-post-text\">\n<div class=\"mkdf-post-text-inner\">\n<div class=\"mkdf-post-text-main\">\n<div class=\"mkdf-post-text\">\n<div class=\"mkdf-post-text-inner\">\n<div class=\"mkdf-post-text-main\">\n<div>\n<div class=\"page-title-head hgroup\">\n<div class=\"page-title-head hgroup\">\n<div>\n<div class=\"page-title-head hgroup\">\n<div class=\"page-title-head hgroup\">\n<div class=\"b654a4as d2edcug0\">\n<div>\n<div class=\"page-title-head hgroup\" style=\"text-align: left;\">\n<div class=\"page-title-head hgroup\">\n<div dir=\"auto\">\n<p><a class=\"dt-pswp-item pspw-wrap-ready\" href=\"https:\/\/i0.wp.com\/www.radiopiu.net\/wordpress\/wp-content\/uploads\/2018\/09\/WhatsApp-Image-2018-09-20-at-16.04.06.jpeg?ssl=1\" data-dt-img-description=\"\" data-large_image_width=\"800\" data-large_image_height=\"100\"><img loading=\"lazy\" decoding=\"async\" class=\"aligncenter wp-image-61378 size-full jetpack-lazy-image jetpack-lazy-image--handled\" src=\"https:\/\/i0.wp.com\/www.radiopiu.net\/wordpress\/wp-content\/uploads\/2018\/09\/WhatsApp-Image-2018-09-20-at-16.04.06.jpeg?resize=800%2C100&amp;ssl=1\" sizes=\"auto, (max-width: 800px) 100vw, 800px\" srcset=\"https:\/\/i0.wp.com\/www.radiopiu.net\/wordpress\/wp-content\/uploads\/2018\/09\/WhatsApp-Image-2018-09-20-at-16.04.06.jpeg?w=800&amp;ssl=1 800w, https:\/\/i0.wp.com\/www.radiopiu.net\/wordpress\/wp-content\/uploads\/2018\/09\/WhatsApp-Image-2018-09-20-at-16.04.06.jpeg?resize=300%2C38&amp;ssl=1 300w, https:\/\/i0.wp.com\/www.radiopiu.net\/wordpress\/wp-content\/uploads\/2018\/09\/WhatsApp-Image-2018-09-20-at-16.04.06.jpeg?resize=768%2C96&amp;ssl=1 768w\" alt=\"\" width=\"800\" height=\"100\" data-lazy-loaded=\"1\" \/><\/a><\/p>\n<\/div>\n<\/div>\n<\/div>\n<\/div>\n<\/div>\n<\/div>\n<\/div>\n<\/div>\n<\/div>\n<\/div>\n<\/div>\n<\/div>\n<\/div>\n<\/div>\n<\/div>\n<\/div>\n<\/div>\n<\/div>\n<\/div>\n<\/div>\n<\/div>\n<\/div>\n<\/div>\n<\/div>\n<\/div>\n<\/div>\n<\/div>\n<\/div>\n<\/div>\n<\/div>\n<\/div>\n<\/div>\n<\/div>\n<\/div>\n<\/div>\n<\/div>\n<\/div>\n<\/div>\n<\/div>\n<\/div>\n<\/div>\n<\/div>\n<\/div>\n<\/div>\n<\/div>\n<\/div>\n<\/div>\n<\/div>\n<\/div>\n<\/div>\n<\/div>\n<\/div>\n<\/div>\n<\/div>\n<\/div>\n<\/div>\n<\/div>\n<\/div>\n<\/div>\n<\/div>\n<\/div>\n<\/div>\n<\/div>\n<\/div>\n<\/div>\n<\/div>\n<\/div>\n<\/div>\n<\/div>\n<\/div>\n<\/div>\n<\/div>\n<\/div>\n<\/div>\n<\/div>\n<\/div>\n<\/div>\n<\/div>\n<\/div>\n<\/div>\n<\/div>\n<\/div>\n<\/div>\n<\/div>\n<\/div>\n<\/div>\n<\/div>\n<\/div>\n<\/div>\n<\/div>\n<\/div>\n<\/div>\n<\/div>\n<\/div>\n<\/div>\n<\/div>\n<\/div>\n<\/div>\n<\/div>\n<\/div>\n<\/div>\n<\/div>\n<\/div>\n<\/div>\n<\/div>\n<\/div>\n<\/div>\n<\/div>\n<\/div>\n<\/div>\n<\/div>\n<\/div>\n<\/div>\n<\/div>\n<\/div>\n<\/div>\n<\/div>\n<\/div>\n<\/div>\n<\/div>\n<\/div>\n<\/div>\n<\/div>\n<\/div>\n<\/div>\n<\/div>\n<\/div>\n<\/div>\n<\/div>\n<\/div>\n<\/div>\n<\/div>\n<\/div>\n<\/div>\n<\/div>\n<\/div>\n<\/div>\n<\/div>\n<\/div>\n<\/div>\n<\/div>\n<\/div>\n<\/div>\n<\/div>\n<\/div>\n<\/div>\n<\/div>\n<\/div>\n<\/div>\n<\/div>\n<\/div>\n<\/div>\n<\/div>\n<\/div>\n<\/div>\n<\/div>\n<\/div>\n<\/div>\n<\/div>\n<\/div>\n<\/div>\n<\/div>\n<\/div>\n<\/div>\n<\/div>\n<\/div>\n<\/div>\n<\/div>\n<\/div>\n<\/div>\n<\/div>\n<\/div>\n<\/div>\n<\/div>\n<\/div>\n<\/div>\n<\/div>\n<\/div>\n<\/div>\n<\/div>\n<\/div>\n<\/div>\n<\/div>\n<\/div>\n<\/div>\n<\/div>\n<\/div>\n<\/div>\n<\/div>\n<\/div>\n<\/div>\n<\/div>\n<\/div>\n<\/div>\n<\/div>\n<\/div>\n<\/div>\n<\/div>\n<\/div>\n<\/div>\n<\/div>\n<\/div>\n<\/div>\n<\/div>\n<\/div>\n<\/div>\n<\/div>\n<\/div>\n<\/div>\n<\/div>\n<\/div>\n<\/div>\n<\/div>\n<\/div>\n<\/div>\n<\/div>\n<\/div>\n<\/div>\n<\/div>\n<\/div>\n<\/div>\n<\/div>\n<\/div>\n<\/div>\n<\/div>\n<\/div>\n<\/div>\n<\/div>\n<\/div>\n<\/div>\n<p>&nbsp;<\/p>\n<p><center><b>Martedi 17<\/b><\/center><b>Tempo atteso: <\/b>Al mattino sole e transito di sottili nubi alte in grado di velare il cielo. Al pomeriggio maggiore soleggiamento e minore attivit\u00e0 cumuliforme per avvezione di aria pi\u00f9 secca. Sulle Prealpi, tuttavia, qualche addensamento associato a isolati piovaschi non sar\u00e0 da escludere. Il maggiore soleggiamento riporter\u00e0 i valori di temperatura diurna su livelli pre-estivi.<br \/>\n<b>Precipitazioni: <\/b>Generalmente assenti (0%) tutto il giorno sulle Dolomiti, mentre un lieve rischio per locali piovaschi non sar\u00e0 da escludere del tutto sulla fascia prealpina (10-20%).<br \/>\n<b>Temperature: <\/b>Minime in leggero calo; massime in lieve ripresa nelle valli e stazionarie in quota. Previste punte di 26\/27\u00b0C nei fondovalle prealpini e di 20\/23\u00b0C a 1000\/1200 m. Su Prealpi a 1500 m min 11\u00b0C max 17\u00b0C, a 2000 m min 7\u00b0C, max 13\u00b0C. Su Dolomiti a 2000 m min 7\u00b0C, max 12\u00b0C, a 3000 m min 1\u00b0C max 3\u00b0C.<br \/>\n<b>Venti: <\/b>Nelle valli deboli per brezze, a tratti e temporaneamente moderati in alcuni settori; in quota perlopi\u00f9 moderati da nord, anche tesi sulle cime pi\u00f9 alte al pomeriggio\/sera, a 5-15 km\/h a 2000 m e 15-35 km\/h a 3000 m.<\/p>\n<hr \/>\n<p><center><b>Mercoledi 18<\/b><\/center><b>Tempo atteso: <\/b>Tempo ben soleggiato al mattino, mentre ci sar\u00e0 un lieve aumento dell&#8217;instabilit\u00e0 al pomeriggio, specie sulla fascia prealpina. Pertanto il cielo sereno del mattino diverr\u00e0 in parte nuvoloso per attivit\u00e0 cumuliforme, modesta\/moderata sulle Dolomiti, localmente intensa sulle Prealpi, dove l&#8217;insidia temporalesca sar\u00e0 maggiore. Alla sera probabile comparsa di stratocumuli. Ingresso di aria meno mite in quota, mentre il soleggiamento del mattino favorir\u00e0 gli inneschi convettivi nei bassi strati.<br \/>\n<b>Precipitazioni: <\/b>Al mattino assenti (0%); al pomeriggio la probabilit\u00e0 aumenter\u00e0 (40-60%) per rovesci e occasionali temporali sulle Prealpi e 20-30%) sulle Dolomiti meridionali, meno sui settori pi\u00f9 centro-settentrionali.<br \/>\n<b>Temperature: <\/b>In quota in generale lieve flessione; nelle valli minime in leggera dimiuzione e massime pressoch\u00e9 stazionarie. Su Prealpi a 1500 m min 9\u00b0C max 14\u00b0C, a 2000 m min 7\u00b0C, max 12\u00b0C. Su Dolomiti a 2000 m min 6\u00b0C, max 11\u00b0C, a 3000 m min 1\u00b0C max 2\u00b0C.<br \/>\n<b>Venti: <\/b>Nelle valli deboli per brezze, a tratti e temporaneamente moderati in alcuni settori; in quota perlopi\u00f9 moderati dai quadranti settentrionali, a tratti tesi sulle cime pi\u00f9 alte al primo mattino, a 10-15 km\/h a 2000 m e 20-30 km\/h a 3000 m.<\/p>\n<hr \/>\n<p><center><b>Giovedi 19<\/b><\/center>Giornata di stampo estivo con sole e cielo in parte velato da sottili nubi alte che non altereranno l&#8217;impressione di bel tempo. Aria secca e ottima visibilit\u00e0. Temperature in generale rialzo, eccetto calo delle minime nelle valli. Nelle valli venti deboli per brezze, a tratti e temporaneamente moderati in alcuni settori; in quota perlopi\u00f9 deboli da nord, eccetto qualche rinforzo erratico sulle cime.<\/p>\n<hr \/>\n<p><center><b>Venerdi 20<\/b><\/center>Altra giornata di stampo estivo con sole e cielo sereno al mattino, sereno o poco nuvoloso per modesti cumuli di bel tempo al pomeriggio. Aria secca e ottima visibilit\u00e0. Temperature in ulteriore generale lieve rialzo. Nelle valli venti deboli per brezze, a tratti e temporaneamente moderati in alcuni settori; in quota perlopi\u00f9 deboli dai quadranti settentrionali, eccetto qualche rinforzo erratico sulle cime. Previsore: R.L.Th.<\/p>\n<p>&nbsp;<\/p>\n<hr \/>\n<p>&nbsp;<\/p>\n<p>&nbsp;<\/p>\n<p><a href=\"https:\/\/www.radiopiu.net\/wordpress\/giornale-radiopiu-26-settembre-2018-direttore-mirko-mezzacasa\/viabilita-2\/\" rel=\"attachment wp-att-61954\"><img loading=\"lazy\" decoding=\"async\" class=\"aligncenter wp-image-61954 size-full\" src=\"https:\/\/www.radiopiu.net\/wordpress\/wp-content\/uploads\/2018\/09\/viabilita.jpeg\" sizes=\"auto, (max-width: 800px) 100vw, 800px\" srcset=\"https:\/\/www.radiopiu.net\/wordpress\/wp-content\/uploads\/2018\/09\/viabilita.jpeg 800w, https:\/\/www.radiopiu.net\/wordpress\/wp-content\/uploads\/2018\/09\/viabilita-300x38.jpeg 300w, https:\/\/www.radiopiu.net\/wordpress\/wp-content\/uploads\/2018\/09\/viabilita-768x96.jpeg 768w\" alt=\"\" width=\"800\" height=\"100\" \/><\/a><\/p>\n<p>&nbsp;<\/p>\n<blockquote class=\"wp-embedded-content\" data-secret=\"FqLqYHcQ3Y\"><p><a href=\"https:\/\/www.radiopiu.net\/wordpress\/viabilita\/\">viabilita<\/a><\/p><\/blockquote>\n<p><iframe loading=\"lazy\" class=\"wp-embedded-content\" sandbox=\"allow-scripts\" security=\"restricted\" style=\"position: absolute; clip: rect(1px, 1px, 1px, 1px);\" title=\"&#8220;viabilita&#8221; &#8212; Radio Pi\u00f9\" src=\"https:\/\/www.radiopiu.net\/wordpress\/viabilita\/embed\/#?secret=wGtcShkwjb#?secret=FqLqYHcQ3Y\" data-secret=\"FqLqYHcQ3Y\" width=\"600\" height=\"338\" frameborder=\"0\" marginwidth=\"0\" marginheight=\"0\" scrolling=\"no\"><\/iframe><\/p>\n<p>&nbsp;<\/p>\n<hr \/>\n<p>&nbsp;<\/p>\n<p>&nbsp;<\/p>\n<p><img loading=\"lazy\" decoding=\"async\" class=\"wp-image-60761 size-full aligncenter\" src=\"https:\/\/www.radiopiu.net\/wordpress\/wp-content\/uploads\/2018\/09\/sport.jpg\" alt=\"\" width=\"800\" height=\"100\" srcset=\"https:\/\/www.radiopiu.net\/wordpress\/wp-content\/uploads\/2018\/09\/sport.jpg 800w, https:\/\/www.radiopiu.net\/wordpress\/wp-content\/uploads\/2018\/09\/sport-300x38.jpg 300w, https:\/\/www.radiopiu.net\/wordpress\/wp-content\/uploads\/2018\/09\/sport-768x96.jpg 768w\" sizes=\"auto, (max-width: 800px) 100vw, 800px\" \/><\/p>\n<p>&nbsp;<\/p>\n<p><span style=\"color: #0000ff;\"><strong>VOLTEGGIO<\/strong><\/span><\/p>\n<p><strong>UDINE<\/strong> Ancora riusultati eccellenti per i ragazzi e le ragazze del Pr Ranch alle gare Fise di Pagnacco. Alessandro Oldrati, Irene De Toni, Federica Morandini, hanno portato a casa un secondo posto in categoria .L e Aurora Zuanel si \u00e8 aggiudicata il terzo posto nella categoria E. Si sono quindi aggiudicati la qualifica per i campionati Italiani che si disputeranno ad Ottobre migliorando anche il personal score. Il prossimo appuntamento per tutte le squadre volteggio sar\u00e0 in casa il 29\u00a0 maggio con la 2 tappa del campionato nazionale Endas. In gara tutti\u00a0 gli atleti\u00a0 delle 5 squadre: 23 atleti dai 5 ai 16 anni difenderanno i colori del\u00a0 Pr Ranch Young Team in una domenica di sport artistico, cavalli e\u00a0 divertimento.<\/p>\n\n\t\t\t<style type='text\/css'>\n\t\t\t\t#gallery-8 {\n\t\t\t\t\tmargin: auto;\n\t\t\t\t}\n\t\t\t\t#gallery-8 .gallery-item {\n\t\t\t\t\tfloat: left;\n\t\t\t\t\tmargin-top: 10px;\n\t\t\t\t\ttext-align: center;\n\t\t\t\t\twidth: 25%;\n\t\t\t\t}\n\t\t\t\t#gallery-8 img {\n\t\t\t\t\tborder: 2px solid #cfcfcf;\n\t\t\t\t}\n\t\t\t\t#gallery-8 .gallery-caption {\n\t\t\t\t\tmargin-left: 0;\n\t\t\t\t}\n\t\t\t\t\/* see gallery_shortcode() in wp-includes\/media.php *\/\n\t\t\t<\/style>\n\t\t<div id='gallery-8' class='dt-gallery-container gallery galleryid-275962 gallery-columns-4 gallery-size-thumbnail'><dl class='gallery-item'>\n\t\t\t\t<dt class='gallery-icon landscape'>\n\t\t\t\t\t<a class=\"rollover rollover-zoom dt-pswp-item\" title=\"05e3d58f-2154-4261-9eb1-ec8e895c60cd\" data-dt-img-description=\"\" data-large_image_width=\"1291\" data-large_image_height=\"1271\"href='https:\/\/www.radiopiu.net\/wordpress\/wp-content\/uploads\/2022\/05\/05e3d58f-2154-4261-9eb1-ec8e895c60cd.jpg'><img loading=\"lazy\" decoding=\"async\" width=\"150\" height=\"150\" src=\"https:\/\/www.radiopiu.net\/wordpress\/wp-content\/uploads\/2022\/05\/05e3d58f-2154-4261-9eb1-ec8e895c60cd-150x150.jpg\" class=\"attachment-thumbnail size-thumbnail\" alt=\"\" \/><\/a>\n\t\t\t\t<\/dt><\/dl><dl class='gallery-item'>\n\t\t\t\t<dt class='gallery-icon landscape'>\n\t\t\t\t\t<a class=\"rollover rollover-zoom dt-pswp-item\" title=\"1194187b-568d-44f1-8f30-05cf75d69598\" data-dt-img-description=\"\" data-large_image_width=\"2048\" data-large_image_height=\"930\"href='https:\/\/www.radiopiu.net\/wordpress\/wp-content\/uploads\/2022\/05\/1194187b-568d-44f1-8f30-05cf75d69598.jpg'><img loading=\"lazy\" decoding=\"async\" width=\"150\" height=\"150\" src=\"https:\/\/www.radiopiu.net\/wordpress\/wp-content\/uploads\/2022\/05\/1194187b-568d-44f1-8f30-05cf75d69598-150x150.jpg\" class=\"attachment-thumbnail size-thumbnail\" alt=\"\" \/><\/a>\n\t\t\t\t<\/dt><\/dl><dl class='gallery-item'>\n\t\t\t\t<dt class='gallery-icon landscape'>\n\t\t\t\t\t<a class=\"rollover rollover-zoom dt-pswp-item\" title=\"e0c8d267-9b7c-4c96-b4e2-1992b7841aae\" data-dt-img-description=\"\" data-large_image_width=\"2016\" data-large_image_height=\"954\"href='https:\/\/www.radiopiu.net\/wordpress\/wp-content\/uploads\/2022\/05\/e0c8d267-9b7c-4c96-b4e2-1992b7841aae.jpg'><img loading=\"lazy\" decoding=\"async\" width=\"150\" height=\"150\" src=\"https:\/\/www.radiopiu.net\/wordpress\/wp-content\/uploads\/2022\/05\/e0c8d267-9b7c-4c96-b4e2-1992b7841aae-150x150.jpg\" class=\"attachment-thumbnail size-thumbnail\" alt=\"\" \/><\/a>\n\t\t\t\t<\/dt><\/dl><dl class='gallery-item'>\n\t\t\t\t<dt class='gallery-icon portrait'>\n\t\t\t\t\t<a class=\"rollover rollover-zoom dt-pswp-item\" title=\"74aafbd6-216e-4eb6-ab9b-09e9d89eadab\" data-dt-img-description=\"\" data-large_image_width=\"720\" data-large_image_height=\"1600\"href='https:\/\/www.radiopiu.net\/wordpress\/wp-content\/uploads\/2022\/05\/74aafbd6-216e-4eb6-ab9b-09e9d89eadab.jpg'><img loading=\"lazy\" decoding=\"async\" width=\"150\" height=\"150\" src=\"https:\/\/www.radiopiu.net\/wordpress\/wp-content\/uploads\/2022\/05\/74aafbd6-216e-4eb6-ab9b-09e9d89eadab-150x150.jpg\" class=\"attachment-thumbnail size-thumbnail\" alt=\"\" \/><\/a>\n\t\t\t\t<\/dt><\/dl><br style=\"clear: both\" \/><dl class='gallery-item'>\n\t\t\t\t<dt class='gallery-icon portrait'>\n\t\t\t\t\t<a class=\"rollover rollover-zoom dt-pswp-item\" title=\"101fba4c-f636-4b25-991c-f3b3a66a1c04\" data-dt-img-description=\"\" data-large_image_width=\"720\" data-large_image_height=\"1600\"href='https:\/\/www.radiopiu.net\/wordpress\/wp-content\/uploads\/2022\/05\/101fba4c-f636-4b25-991c-f3b3a66a1c04.jpg'><img loading=\"lazy\" decoding=\"async\" width=\"150\" height=\"150\" src=\"https:\/\/www.radiopiu.net\/wordpress\/wp-content\/uploads\/2022\/05\/101fba4c-f636-4b25-991c-f3b3a66a1c04-150x150.jpg\" class=\"attachment-thumbnail size-thumbnail\" alt=\"\" \/><\/a>\n\t\t\t\t<\/dt><\/dl><dl class='gallery-item'>\n\t\t\t\t<dt class='gallery-icon portrait'>\n\t\t\t\t\t<a class=\"rollover rollover-zoom dt-pswp-item\" title=\"c11c37ea-557c-4ac9-adc8-3e5108f0b54c\" data-dt-img-description=\"\" data-large_image_width=\"720\" data-large_image_height=\"1600\"href='https:\/\/www.radiopiu.net\/wordpress\/wp-content\/uploads\/2022\/05\/c11c37ea-557c-4ac9-adc8-3e5108f0b54c.jpg'><img loading=\"lazy\" decoding=\"async\" width=\"150\" height=\"150\" src=\"https:\/\/www.radiopiu.net\/wordpress\/wp-content\/uploads\/2022\/05\/c11c37ea-557c-4ac9-adc8-3e5108f0b54c-150x150.jpg\" class=\"attachment-thumbnail size-thumbnail\" alt=\"\" \/><\/a>\n\t\t\t\t<\/dt><\/dl><dl class='gallery-item'>\n\t\t\t\t<dt class='gallery-icon portrait'>\n\t\t\t\t\t<a class=\"rollover rollover-zoom dt-pswp-item\" title=\"ceb7a6b4-00dd-49f9-ac0b-7917bc565d19\" data-dt-img-description=\"\" data-large_image_width=\"720\" data-large_image_height=\"1600\"href='https:\/\/www.radiopiu.net\/wordpress\/wp-content\/uploads\/2022\/05\/ceb7a6b4-00dd-49f9-ac0b-7917bc565d19.jpg'><img loading=\"lazy\" decoding=\"async\" width=\"150\" height=\"150\" src=\"https:\/\/www.radiopiu.net\/wordpress\/wp-content\/uploads\/2022\/05\/ceb7a6b4-00dd-49f9-ac0b-7917bc565d19-150x150.jpg\" class=\"attachment-thumbnail size-thumbnail\" alt=\"\" \/><\/a>\n\t\t\t\t<\/dt><\/dl>\n\t\t\t\t<br style='clear: both' \/>\n\t\t\t<\/div>\n\n<p>&nbsp;<\/p>\n<p>&nbsp;<\/p>\n<p><span style=\"color: #0000ff;\"><strong>CALCIO<\/strong><\/span><\/p>\n<blockquote>\n<h3>CAMPIONATO AGORDINO 2022. NEI PROSSIMI GIORNI IL CALENDARIO UFFICIALE DELLE PARTITE<\/h3>\n<\/blockquote>\n<p><strong><a class=\"dt-pswp-item\" href=\"https:\/\/www.radiopiu.net\/wordpress\/wp-content\/uploads\/2022\/05\/CAMP-AGO-2022.jpg\" data-dt-img-description=\"\" data-large_image_width=\"1024\" data-large_image_height=\"1012\"><img loading=\"lazy\" decoding=\"async\" class=\"size-thumbnail wp-image-274172 alignleft\" src=\"https:\/\/www.radiopiu.net\/wordpress\/wp-content\/uploads\/2022\/05\/CAMP-AGO-2022-150x150.jpg\" alt=\"\" width=\"150\" height=\"150\" \/><\/a>AGORDO<\/strong> Il comitato Calcio Agordino e le squadre iscritte al Torneo Agordino di calcio 2022 si sono incontrati nei giorni scorsi per definire il calendario delle gare in programma in questo campionato della ripartenza. Dopo la presentazione andata in scena al Caff\u00e8 Miniere di Agordo con l&#8217;estrazione dei gironi e la presentazione delle sedi che ospiteranno la fase finale del torneo, nei prossimi giorni verranno distribuiti il calendario con tutte le partite in programma nella prima fase del Memorial Denis Tonin. Ricordiamo i gironi. GIRONE A: Agordo2009, Gosaldo, La Valle, Le Ville, Taibon, Vallada e Voltago. GIRONE B: Alleghe, Canale, Caprile, Cencenighe, Fodom e Rivamonte.<\/p>\n<p><strong>ANDREA BALDASSI, RESPONSABILE DEL COMITATO CALCIO AGORDINO<\/strong><\/p>\n<audio class=\"wp-audio-shortcode\" id=\"audio-275962-18\" preload=\"none\" style=\"width: 100%;\" controls=\"controls\"><source type=\"audio\/mpeg\" src=\"https:\/\/www.radiopiu.net\/wordpress\/wp-content\/uploads\/2022\/05\/BALDASSI-CAMP-AGO.mp3?_=18\" \/><a href=\"https:\/\/www.radiopiu.net\/wordpress\/wp-content\/uploads\/2022\/05\/BALDASSI-CAMP-AGO.mp3\">https:\/\/www.radiopiu.net\/wordpress\/wp-content\/uploads\/2022\/05\/BALDASSI-CAMP-AGO.mp3<\/a><\/audio>\n<p>&nbsp;<\/p>\n<hr \/>\n<p>&nbsp;<\/p>\n<p><span style=\"color: #0000ff;\"><strong>HOCKEY SU GHIACCIO<\/strong><\/span><\/p>\n<blockquote>\n<h3>L&#8217;ITALIA SOPRAVVIVE AI PRIMI DUE INCONTRI DEL MONDIALE DI HELSINKI<\/h3>\n<\/blockquote>\n<p><a class=\"dt-pswp-item\" href=\"https:\/\/www.radiopiu.net\/wordpress\/wp-content\/uploads\/2022\/05\/08985e6b-e330-6682-c964-cd5cb04e0fec-scaled.jpg\" data-dt-img-description=\"\" data-large_image_width=\"2560\" data-large_image_height=\"1707\"><img loading=\"lazy\" decoding=\"async\" class=\"size-thumbnail wp-image-276114 alignleft\" src=\"https:\/\/www.radiopiu.net\/wordpress\/wp-content\/uploads\/2022\/05\/08985e6b-e330-6682-c964-cd5cb04e0fec-150x150.jpg\" alt=\"\" width=\"150\" height=\"150\" \/><\/a>Era l&#8217;inizio potenzialmente pi\u00f9 devastante di tutti quello previsto dal calendario stilato dalla IIHF (basato sul ranking):\u00a0 esordio di sabato con la Svizzera, da anni alla ricerca della consacrazione a &#8220;big&#8221; e poi dopo sole 18 ore, i campioni del mondo del Canada. In qualche modo l&#8217;Italia di Greg Ireland ha superato il primo weekend sentendosi pi\u00f9 forte di prima nonostante una differenza reti di -8 (3-11), due sconfitte e ovviamente zero punti. Ci sono poche certezze nello sport ma le vittorie di Svizzera e Canada rientravano in quella categoria. Due nazioni in cui l&#8217;hockey \u00e8 vissuto su un altro livello, e dove il talento messo sul ghiaccio \u00e8 tale da oscurare comunque tutto l&#8217;impegno e il buon lavoro che l&#8217;Italia poteva fare e ha fatto. Va detto che soprattutto nelle ultime edizioni dei Mondiali IIHF, il gap sta diminuendo (Austria sconfitta dagli USA solo all&#8217;overtime) ma \u00e8 anche vero che il talento &#8220;prestato&#8221; dalle franchigie NHL \u00e8 andato a calare quasi per tutte ad eccezione proprio di Svizzera e Canada. Oggi alle 15:20 il terzo incontro degli azzurri che se la vedranno con la Danimarca, diretta su YouTube.<\/p>\n<\/div>\n<\/div>\n<\/div>\n<\/div>\n<\/div>\n<\/div>\n<\/div>\n<\/div>\n<\/div>\n<\/div>\n<\/div>\n<\/div>\n<\/div>\n<\/div>\n<\/div>\n<\/div>\n<\/div>\n<\/div>\n<\/div>\n<\/div>\n<\/div>\n<\/div>\n<\/div>\n<\/div>\n<\/div>\n<\/div>\n<\/div>\n<\/div>\n<\/div>\n<\/div>\n<\/div>\n<\/div>\n<\/div>\n<\/div>\n<\/div>\n<\/div>\n<\/div>\n<\/div>\n<\/div>\n<\/div>\n<\/div>\n<\/div>\n<\/div>\n<\/div>\n<\/div>\n<\/div>\n<\/div>\n<\/div>\n<\/div>\n<\/div>\n<\/div>\n<\/div>\n<\/div>\n<\/div>\n<\/div>\n<\/div>\n<\/div>\n<\/div>\n<\/div>\n<\/div>\n<\/div>\n<\/div>\n<\/div>\n<\/div>\n<\/div>\n<\/div>\n<\/div>\n<\/div>\n<\/div>\n<\/div>\n<\/div>\n<\/div>\n<\/div>\n<\/div>\n<\/div>\n<\/div>\n<\/div>\n<\/div>\n<\/div>\n<\/div>\n<\/div>\n<\/div>\n<\/div>\n<\/div>\n<\/div>\n<\/div>\n<\/div>\n<\/div>\n<\/div>\n<\/div>\n<\/div>\n<\/div>\n<\/div>\n<\/div>\n<\/div>\n<\/div>\n<\/div>\n<\/div>\n<\/div>\n<\/div>\n<\/div>\n<\/div>\n<\/div>\n<\/div>\n<\/div>\n","protected":false},"excerpt":{"rendered":"<p>RADIO PIU INFORMAZIONE il canale su TELEGRAM informazione di prima\u00a0 mano e in tempo reale. iscriviti ed aiutaci a farlo conoscere\u00a0\u00a0 &nbsp; &nbsp; &nbsp; SP 3 DELLA VAL IMPERINA CHIUSA A FASCE ORARIE DAL 19 AL 27 MAGGIO \u00a0 SEDICO Veneto Strade comunica la chiusura della SP 3 della Val Imperina, in comune di Gosaldo,&hellip;<\/p>\n","protected":false},"author":4,"featured_media":276178,"comment_status":"closed","ping_status":"closed","sticky":false,"template":"","format":"standard","meta":{"_monsterinsights_skip_tracking":false,"_monsterinsights_sitenote_active":false,"_monsterinsights_sitenote_note":"","_monsterinsights_sitenote_category":0,"footnotes":""},"categories":[51,86,49],"tags":[],"class_list":["post-275962","post","type-post","status-publish","format-standard","has-post-thumbnail","hentry","category-evidenza-top","category-gr","category-news-18","category-51","category-86","category-49","description-off"],"img_url":"https:\/\/www.radiopiu.net\/wordpress\/wp-content\/uploads\/2022\/05\/cassa.jpg","_links":{"self":[{"href":"https:\/\/www.radiopiu.net\/wordpress\/wp-json\/wp\/v2\/posts\/275962","targetHints":{"allow":["GET"]}}],"collection":[{"href":"https:\/\/www.radiopiu.net\/wordpress\/wp-json\/wp\/v2\/posts"}],"about":[{"href":"https:\/\/www.radiopiu.net\/wordpress\/wp-json\/wp\/v2\/types\/post"}],"author":[{"embeddable":true,"href":"https:\/\/www.radiopiu.net\/wordpress\/wp-json\/wp\/v2\/users\/4"}],"replies":[{"embeddable":true,"href":"https:\/\/www.radiopiu.net\/wordpress\/wp-json\/wp\/v2\/comments?post=275962"}],"version-history":[{"count":0,"href":"https:\/\/www.radiopiu.net\/wordpress\/wp-json\/wp\/v2\/posts\/275962\/revisions"}],"wp:featuredmedia":[{"embeddable":true,"href":"https:\/\/www.radiopiu.net\/wordpress\/wp-json\/wp\/v2\/media\/276178"}],"wp:attachment":[{"href":"https:\/\/www.radiopiu.net\/wordpress\/wp-json\/wp\/v2\/media?parent=275962"}],"wp:term":[{"taxonomy":"category","embeddable":true,"href":"https:\/\/www.radiopiu.net\/wordpress\/wp-json\/wp\/v2\/categories?post=275962"},{"taxonomy":"post_tag","embeddable":true,"href":"https:\/\/www.radiopiu.net\/wordpress\/wp-json\/wp\/v2\/tags?post=275962"}],"curies":[{"name":"wp","href":"https:\/\/api.w.org\/{rel}","templated":true}]}}