{"id":276050,"date":"2022-05-17T02:55:53","date_gmt":"2022-05-17T00:55:53","guid":{"rendered":"https:\/\/www.radiopiu.net\/wordpress\/?p=276050"},"modified":"2022-05-17T06:09:02","modified_gmt":"2022-05-17T04:09:02","slug":"delvecchio","status":"publish","type":"post","link":"https:\/\/www.radiopiu.net\/wordpress\/delvecchio\/","title":{"rendered":"IDEAL STANDARD, C&#8217;E&#8217; ANCHE LA FIRMA DI LEONARDO DEL VECCHIO SUL VERBALE SALVA OCCUPAZIONE"},"content":{"rendered":"<blockquote><p><em><a class=\"dt-pswp-item\" href=\"https:\/\/www.radiopiu.net\/wordpress\/wp-content\/uploads\/2022\/05\/aaaaaa-4.jpg\" data-dt-img-description=\"\" data-large_image_width=\"490\" data-large_image_height=\"264\"><img loading=\"lazy\" decoding=\"async\" class=\"size-thumbnail wp-image-276103 alignleft\" src=\"https:\/\/www.radiopiu.net\/wordpress\/wp-content\/uploads\/2022\/05\/aaaaaa-4-150x150.jpg\" alt=\"\" width=\"150\" height=\"150\" \/><\/a>E&#8217; stato siglato il verbale che prevede il trasferimento di tutti i lavoratori di Ideal Standard di Borgo Valbelluna nella nuova Societ\u00e0 e, contestualmente, la procedura per l\u2019avvio dei contratti di espansione che consentiranno il collocamento in pensione anticipata per i lavoratori che matureranno i requisiti pensionistici entro 36 mesi. La crisi di Ideal Standard ha avuto il culmine lo scorso autunno, ad ottobre 2021, dopo l\u2019annuncio della chiusura dello stabilimento di Trichiana da parte della propriet\u00e0 nel corso di una riunione presso il Ministero dello Sviluppo Economico. In quell\u2019occasione tutte le parti coinvolte e le istituzioni, a livello territoriale, regionale e nazionale, si sono unite ed hanno lavorato per condividere un percorso reindustrializzazione del sito di Trichiana, che \u00e8 stato definito con la sottoscrizione dell\u2019accordo del 17 novembre 2021. Nel corso di questi mesi il lavoro condotto dal tavolo istituzionale, costituito presso l\u2019Unit\u00e0 di crisi della Regione Veneto, composto oltre che dalla Regione, dal MISE, dalle parti sindacali, dalla propriet\u00e0 di Ideal Standard e dall\u2019advisor Sernet, ha portato all\u2019individuazione del piano di reindustrializzazione presentato da Banca Internazionale Finint S.p.a., promotrice di una cordata composta da Delfin S.a.r.l (della famiglia di Leonardo Del Vecchio il Presidente di EssilorLuxottica) , Luigi Rossi Luciani S.a.p.a. e Za-Fin S.r.l. Il piano prevede il mantenimento della produzione di ceramica sanitaria, salvaguardando le competenze delle maestranze dello stabilimento.<\/em><\/p><\/blockquote>\n<p>&nbsp;<\/p>\n<blockquote>\n<h3>IDEAL STANDARD, QUANDO IL PIANO SI MISURA CON LA PIENA SALVAGUARDIA OCCUPAZIONALE<\/h3>\n<\/blockquote>\n<blockquote>\n<h3>IDEAL STANDARD, QUANDO IL PIANO SI MISURA CON LA PIENA SALVAGUARDIA OCCUPAZIONALE<\/h3>\n<p>&nbsp;<\/p><\/blockquote>\n<p><strong><img loading=\"lazy\" decoding=\"async\" class=\"alignleft\" src=\"https:\/\/www.radiopiu.net\/wordpress\/wp-content\/uploads\/2020\/05\/ideal-standard-orcenigo-scaled.jpg\" width=\"199\" height=\"140\" \/>BORGO VALBELLUNA <\/strong>Gioved\u00ec\u00a0 \u00e8 stato firmato dalle Rsu,\u00a0 organizzazioni sindacali e Progetto C.D, il verbale che prevede il trasferimento di tutti i lavoratori nella nuova Societ\u00e0 e la procedura per l\u2019avvio dei contratti di espansione che consentiranno il collocamento in pensione anticipa per i lavoratori che maturano i requisiti pensionistici entro 36 mesi. Dopo l\u2019annuncio della chiusura dello Stabilimento da parte di Ideal Standard, avvenuta il 27 Ottobre 2021 presso il Ministero dello Sviluppo Economico, tutte le parti Sociali\u00a0 e Istituzioni, a livello Territoriale, Regionale e Nazionale, si sono uniti ed hanno lavorato per un obbiettivo comune di reindustrializzare il sito di Trichiana che ha visto la sottoscrizione dell\u2019accordo del 17 novembre 2021. Il piano prevede il mantenimento della produzione di Ceramica Sanitaria, salvaguardando le competenze di tutte le maestranze dello stabilimento.<\/p>\n<blockquote><p>&#8220;Oggi &#8211; si legge nel comunicato congiunto Cgil Filctem, Femca Cisl e Uiltet Uil &#8211;\u00a0 possiamo dire che il risultato di questo lavoro si misura con la piena salvaguardia occupazionale,\u00a0 un progetto di ricambio generazionale e un piano industriale di rilancio del Sito produttivo di Trichiana. Esprimiamo una forte soddisfazione per il risultato ottenuto e per aver mantenuto la promessa fatta ai lavoratori, all\u2019indomani dell\u2019annuncio della chiusura, per la salvaguardia del mantenimento del loro posto di lavoro&#8221;.<\/p><\/blockquote>\n<p>&nbsp;<\/p>\n<p><strong>BRUNO DEOLA, CISL BELLUNO TREVISO<\/strong><\/p>\n<audio class=\"wp-audio-shortcode\" id=\"audio-276050-1\" preload=\"none\" style=\"width: 100%;\" controls=\"controls\"><source type=\"audio\/mpeg\" src=\"https:\/\/www.radiopiu.net\/wordpress\/wp-content\/uploads\/2022\/05\/DEOLA-IDEAL.mp3?_=1\" \/><a href=\"https:\/\/www.radiopiu.net\/wordpress\/wp-content\/uploads\/2022\/05\/DEOLA-IDEAL.mp3\">https:\/\/www.radiopiu.net\/wordpress\/wp-content\/uploads\/2022\/05\/DEOLA-IDEAL.mp3<\/a><\/audio>\n<p>&nbsp;<\/p>\n<p>&nbsp;<\/p>\n<p><strong>\u00a0<\/strong><strong>\u00a0<\/strong><\/p>\n<blockquote>\n<h3><strong>IDEAL STANDARD. SIGLA ACCORDO PER TRASFERIMENTO LAVORATORI A CORDATA IMPRENDITORI VENETI.\u00a0<\/strong><\/h3>\n<\/blockquote>\n<p><strong>\u00a0VENEZIA\u00a0<\/strong><em>\u201cPrendo atto con soddisfazione della notizia dell\u2019accordo che porter\u00e0 alla salvaguardia dei posti di lavoro e al mantenimento della produzione di un celebre marchio, Ceramica Dolomite. Un marchio veneto che identifica un prodotto di qualit\u00e0 con il territorio bellunese e con le nostre dolomiti, Patrimonio Unesco\u201d. <\/em>Cos\u00ec il Presidente della Regione del Veneto commenta l\u2019annuncio della sigla dell\u2019accordo che prevede il trasferimento dei lavoratori dell\u2019azienda Ideal Standard di Trichiana, in Comune di Borgo Valbelluna, alla cordata di imprenditori, in parte veneti, che fa capo a Delfin S.a.r.l., Luigi Rossi Luciani S.a.p.a. e Za-Fin S.r.l.<em>\u00a0\u201cLa Regione \u00e8 e sar\u00e0 sempre presente \u2013 conclude Zaia &#8211; e, attraverso l\u2019Assessore regionale al lavoro e l\u2019Unit\u00e0 di Crisi aziendali, continuer\u00e0 a monitorare la situazione al fine di garantire che l\u2019operazione arrivi a compimento secondo quanto previsto\u201d.<\/em><\/p>\n<p>&nbsp;<\/p>\n<blockquote>\n<h3>IL MINISTRO D&#8217;INCA&#8217; &#8220;IL PERCORSO PER TRICHIANA PROSEGUE&#8221;<\/h3>\n<\/blockquote>\n<p><strong>ROMA<\/strong> <em>\u201cSono particolarmente compiaciuto per l\u2019accordo raggiunto tra i sindacati sul trasferimento dei lavoratori coinvolti nella vertenza Ideal Standard, al nuovo gruppo guidato da imprenditori veneti: \u00e8 la dimostrazione di quanto questa lunga e importante trattativa stia raggiungendo i risultati sperati, con il grande obiettivo di mantenere la realt\u00e0 occupazionale e rilanciare la produzione della ceramica sanitaria nel territorio. La pi\u00f9 grande soddisfazione \u00e8 vedere ancora una volta la piena sinergia tra istituzioni, imprenditori e sindacati. <\/em>\u00c8 il commento di Federico D\u2019Inc\u00e0, Ministro per i Rapporti con il Parlamento, in merito all\u2019accordo raggiunto sul trasferimento dei lavoratori dell\u2019Ideal Standard di Trichiana<\/p>\n<p>&nbsp;<\/p>\n<hr \/>\n<p>&nbsp;<\/p>\n<p>&nbsp;<\/p>\n","protected":false},"excerpt":{"rendered":"<p>E&#8217; stato siglato il verbale che prevede il trasferimento di tutti i lavoratori di Ideal Standard di Borgo Valbelluna nella nuova Societ\u00e0 e, contestualmente, la procedura per l\u2019avvio dei contratti di espansione che consentiranno il collocamento in pensione anticipata per i lavoratori che matureranno i requisiti pensionistici entro 36 mesi. La crisi di Ideal Standard&hellip;<\/p>\n","protected":false},"author":4,"featured_media":276103,"comment_status":"closed","ping_status":"closed","sticky":false,"template":"","format":"standard","meta":{"_monsterinsights_skip_tracking":false,"_monsterinsights_sitenote_active":false,"_monsterinsights_sitenote_note":"","_monsterinsights_sitenote_category":0,"footnotes":""},"categories":[51,49],"tags":[],"class_list":["post-276050","post","type-post","status-publish","format-standard","has-post-thumbnail","hentry","category-evidenza-top","category-news-18","category-51","category-49","description-off"],"img_url":"https:\/\/www.radiopiu.net\/wordpress\/wp-content\/uploads\/2022\/05\/aaaaaa-4.jpg","_links":{"self":[{"href":"https:\/\/www.radiopiu.net\/wordpress\/wp-json\/wp\/v2\/posts\/276050","targetHints":{"allow":["GET"]}}],"collection":[{"href":"https:\/\/www.radiopiu.net\/wordpress\/wp-json\/wp\/v2\/posts"}],"about":[{"href":"https:\/\/www.radiopiu.net\/wordpress\/wp-json\/wp\/v2\/types\/post"}],"author":[{"embeddable":true,"href":"https:\/\/www.radiopiu.net\/wordpress\/wp-json\/wp\/v2\/users\/4"}],"replies":[{"embeddable":true,"href":"https:\/\/www.radiopiu.net\/wordpress\/wp-json\/wp\/v2\/comments?post=276050"}],"version-history":[{"count":0,"href":"https:\/\/www.radiopiu.net\/wordpress\/wp-json\/wp\/v2\/posts\/276050\/revisions"}],"wp:featuredmedia":[{"embeddable":true,"href":"https:\/\/www.radiopiu.net\/wordpress\/wp-json\/wp\/v2\/media\/276103"}],"wp:attachment":[{"href":"https:\/\/www.radiopiu.net\/wordpress\/wp-json\/wp\/v2\/media?parent=276050"}],"wp:term":[{"taxonomy":"category","embeddable":true,"href":"https:\/\/www.radiopiu.net\/wordpress\/wp-json\/wp\/v2\/categories?post=276050"},{"taxonomy":"post_tag","embeddable":true,"href":"https:\/\/www.radiopiu.net\/wordpress\/wp-json\/wp\/v2\/tags?post=276050"}],"curies":[{"name":"wp","href":"https:\/\/api.w.org\/{rel}","templated":true}]}}