{"id":276078,"date":"2022-05-17T05:56:18","date_gmt":"2022-05-17T03:56:18","guid":{"rendered":"https:\/\/www.radiopiu.net\/wordpress\/?p=276078"},"modified":"2022-05-17T06:07:28","modified_gmt":"2022-05-17T04:07:28","slug":"dalla-cisl-il-commosso-saluto-a-giorgio-dinca","status":"publish","type":"post","link":"https:\/\/www.radiopiu.net\/wordpress\/dalla-cisl-il-commosso-saluto-a-giorgio-dinca\/","title":{"rendered":"DALLA CISL IL COMMOSSO SALUTO A GIORGIO D&#8217;INCA&#8217;"},"content":{"rendered":"<p><strong><a class=\"dt-pswp-item\" href=\"https:\/\/www.radiopiu.net\/wordpress\/wp-content\/uploads\/2022\/05\/DInca-Giorgio.jpg\" data-dt-img-description=\"\" data-large_image_width=\"486\" data-large_image_height=\"600\"><img loading=\"lazy\" decoding=\"async\" class=\"size-thumbnail wp-image-276079 alignleft\" src=\"https:\/\/www.radiopiu.net\/wordpress\/wp-content\/uploads\/2022\/05\/DInca-Giorgio-150x150.jpg\" alt=\"\" width=\"150\" height=\"150\" \/><\/a>BELLUNO<\/strong> <span style=\"color: #000000; font-family: Helvetica;\">Cordoglio della Cisl bellunese per la scomparsa a 82 anni, di Giorgio D\u2019Inc\u00e0, ex sindacalista Cisl e attivo collaboratore anche da pensionato della Cisl Fnp e del patronato Inas. D\u2019Inc\u00e0 \u00e8 stato dal 1978 al 1990 componente della segreteria della Federazione degli ospedalieri (Fisos), poi confluita nella Federazione della Funzione Pubblica. Ragioniere, era un lavoratore amministrativo della Ulss bellunese. Una volta raggiunta l\u2019et\u00e0 della pensione, ha proseguito il suo impegno sindacale collaborando con la Federazione dei pensionati di Belluno, diventando responsabile dei \u201craggruppamenti tecnici\u201d del settore del pubblico impiego, e con il patronato Inas per quanto riguarda le pratiche dei dipendenti della pubblica amministrazione. <\/span><span style=\"color: #000000; font-family: Helvetica;\">\u00c8 stato inoltre revisore dei conti della Cisl Fnp di Belluno e dell\u2019Anteas provinciale. <\/span><span style=\"color: #000000; font-family: Helvetica;\">Ex colleghi e collaboratori lo ricordano come un sindacalista molto attento alle esigenze delle persone e come un uomo garbato nei modi e con una enorme disponibilit\u00e0 nei confronti degli altri, con grande capacit\u00e0 di ascolto e di interpretazione dei bisogni dell\u2019utenza. <\/span><span style=\"color: #000000; font-family: Helvetica;\">D\u2019Inc\u00e0 si \u00e8 spento domenica 15. Lascia la moglie Edda e le figlie Francesca e Giorgia. <\/span><span style=\"color: #000000; font-family: Helvetica;\">I funerali si terranno mercoled\u00ec 18 alle 10.30 nella chiesa di Cavarzano. <\/span><\/p>\n<blockquote>\n<div align=\"left\"><em><span style=\"color: #000000; font-family: Helvetica;\">\u201cEsprimiamo la nostra vicinanza alla moglie e alle figlie &#8211; dice Massimiliano Paglini, segretario generale della Cisl Belluno Treviso -, D\u2019Inc\u00e0 \u00e8 stato un sindacalista stimato da tutti e il suo impegno nella Cisl di Belluno \u00e8 stato importante, costante e prezioso anche dopo il pensionamento, quando ha continuato a rendersi disponibile come operatore di grande esperienza per la Federazione dei pensionati e per il patronato\u201d.<\/span><\/em><\/div>\n<\/blockquote>\n<div align=\"left\"><\/div>\n<div align=\"left\">\n<hr \/>\n<\/div>\n<p>&nbsp;<\/p>\n","protected":false},"excerpt":{"rendered":"<p>BELLUNO Cordoglio della Cisl bellunese per la scomparsa a 82 anni, di Giorgio D\u2019Inc\u00e0, ex sindacalista Cisl e attivo collaboratore anche da pensionato della Cisl Fnp e del patronato Inas. D\u2019Inc\u00e0 \u00e8 stato dal 1978 al 1990 componente della segreteria della Federazione degli ospedalieri (Fisos), poi confluita nella Federazione della Funzione Pubblica. Ragioniere, era un&hellip;<\/p>\n","protected":false},"author":4,"featured_media":276079,"comment_status":"closed","ping_status":"closed","sticky":false,"template":"","format":"standard","meta":{"_monsterinsights_skip_tracking":false,"_monsterinsights_sitenote_active":false,"_monsterinsights_sitenote_note":"","_monsterinsights_sitenote_category":0,"footnotes":""},"categories":[51,49],"tags":[],"class_list":["post-276078","post","type-post","status-publish","format-standard","has-post-thumbnail","hentry","category-evidenza-top","category-news-18","category-51","category-49","description-off"],"img_url":"https:\/\/www.radiopiu.net\/wordpress\/wp-content\/uploads\/2022\/05\/DInca-Giorgio.jpg","_links":{"self":[{"href":"https:\/\/www.radiopiu.net\/wordpress\/wp-json\/wp\/v2\/posts\/276078","targetHints":{"allow":["GET"]}}],"collection":[{"href":"https:\/\/www.radiopiu.net\/wordpress\/wp-json\/wp\/v2\/posts"}],"about":[{"href":"https:\/\/www.radiopiu.net\/wordpress\/wp-json\/wp\/v2\/types\/post"}],"author":[{"embeddable":true,"href":"https:\/\/www.radiopiu.net\/wordpress\/wp-json\/wp\/v2\/users\/4"}],"replies":[{"embeddable":true,"href":"https:\/\/www.radiopiu.net\/wordpress\/wp-json\/wp\/v2\/comments?post=276078"}],"version-history":[{"count":0,"href":"https:\/\/www.radiopiu.net\/wordpress\/wp-json\/wp\/v2\/posts\/276078\/revisions"}],"wp:featuredmedia":[{"embeddable":true,"href":"https:\/\/www.radiopiu.net\/wordpress\/wp-json\/wp\/v2\/media\/276079"}],"wp:attachment":[{"href":"https:\/\/www.radiopiu.net\/wordpress\/wp-json\/wp\/v2\/media?parent=276078"}],"wp:term":[{"taxonomy":"category","embeddable":true,"href":"https:\/\/www.radiopiu.net\/wordpress\/wp-json\/wp\/v2\/categories?post=276078"},{"taxonomy":"post_tag","embeddable":true,"href":"https:\/\/www.radiopiu.net\/wordpress\/wp-json\/wp\/v2\/tags?post=276078"}],"curies":[{"name":"wp","href":"https:\/\/api.w.org\/{rel}","templated":true}]}}