{"id":276179,"date":"2022-05-17T05:59:33","date_gmt":"2022-05-17T03:59:33","guid":{"rendered":"https:\/\/www.radiopiu.net\/wordpress\/?p=276179"},"modified":"2022-05-17T06:04:01","modified_gmt":"2022-05-17T04:04:01","slug":"il-rogo-sulle-pale-e-ancora-un-mistero-chi-ha-rischiato-la-vita-vuole-la-verita","status":"publish","type":"post","link":"https:\/\/www.radiopiu.net\/wordpress\/il-rogo-sulle-pale-e-ancora-un-mistero-chi-ha-rischiato-la-vita-vuole-la-verita\/","title":{"rendered":"IL ROGO SULLE PALE E&#8217; ANCORA UN MISTERO, CHI HA RISCHIATO LA VITA VUOLE LA VERITA&#8217;"},"content":{"rendered":"<p><strong>OGGI SUL CORRIERE DELLE ALPI<\/strong><\/p>\n<p><strong>DI GIGI SOSSO\u00a0<\/strong><\/p>\n<p><strong>BELLUNO<\/strong> Domato l&#8217;incendio, addormentata l&#8217;inchiesta. Per l&#8217;enorme rogo del 24 ottobre 2018 sulle Pale di San Lucano si sa soltanto che le parti offese sono il Comune di Taibon e la Provincia di Belluno. I due escursionisti agordini Michel De Salvador e Andrea Decima, salvati il mattino dopo dagli uomini del Soccorso alpino, dopo essere rimasti intrappolati tra fiamme alte una cinquantina di metri e furibonde raffiche di vento, stanno cercando di entrare nel procedimento che vede coinvolta Terna Spa per chiedere i danni. Ma non c&#8217;\u00e8 verso di sapere qualcosa di pi\u00f9. L&#8217;ipotesi pi\u00f9 probabile, \u00e8 che l&#8217;incendio sia stato generato da un albero caduto sulla linea dell&#8217;alta tensione. Le indagini erano state coordinate dal pubblico ministero Katjuscia D&#8217;Orlando, che in questo momento \u00e8 in maternit\u00e0 e ha chiesto il trasferimento. De Salvador si \u00e8 rivolto all&#8217;avvocato Giorgio Azzalini di Dolomiti Legal, per capire cosa sta succedendo.\u00a0 &#8220;Pensavamo che fosse finita &#8211; racconta De Salvador &#8211; e ci siamo sentiti piccolissimi, anche perch\u00e9 in quelle condizioni l&#8217;elicottero non pu\u00f2 volare\u00bb Ogni anno lui e Decima organizzano una bicchierata in onore dei soccorritori: \u00abLa loro sar\u00e0 anche una missione, ma \u00e8 un dato di fatto che hanno rischiato la vita per venirci a prendere&#8221;<\/p>\n<p><strong>archivio radiopiu 25 ottobre 2018<\/strong><\/p>\n<p>&nbsp;<\/p>\n<p><strong>TAIBON<\/strong> Ieri <span data-offset-key=\"7hsa8-0-0\">Andrea Decima, 34 anni, e l\u2019amico di 30 Michel De Salvador\u00a0<\/span>stavano scendeno dal sentiero del Canale della Besausega quando hanno sentito un rombo e in un istante le fiamme erano a 50 metri di distanza. Per mettersi in salvo si sono spostati al centro del canalone roccioso e hanno dato l&#8217;allarme. \u00c8 iniziata cos\u00ec la corsa contro il tempo per portare in salvo Michel e Andrea, i due ragazzi agordini rimasti bloccati nel pomeriggio dall&#8217;incendio divampato sulle Pale di San Lucano. Alle 21.30 circa una squadra del Soccorso alpino di Agordo e dei Vigili del fuoco, con un carico di attrezzatura e respiratori, \u00e8 partita dalla parte di Cencenighe da Pradimezzo ed \u00e8 salita fino a Malga Ambrosogn per poi arrivare al Bivacco Bedin alle 6, dopo 1.400 metri di dislivello. I due ragazzi dovevano trovarsi 500 metri pi\u00f9 in basso, non pi\u00f9 raggiungibili al cellulare, sotto la cengia della Seconda Pala. Non appena ha albeggiato 4 soccorritori con le corde e altro materiale si sono preparati per essere elitrasportati in quota in supporto alla squadra. Quando l&#8217;elicottero \u00e8 passato nel tratto del canale dove i due escursionisti potevano trovarsi, i ragazzi hanno fatto segnali con le frontali, poco prima delle 8. In velocit\u00e0, col timore che le fiamme e il fumo potessero ricomparire all&#8217;improvviso, i soccorritori li hanno imbarcati in hovering e portati a valle.<\/p>\n<p>clicca per ingrandire<\/p>\n\n\t\t\t<style type='text\/css'>\n\t\t\t\t#gallery-1 {\n\t\t\t\t\tmargin: auto;\n\t\t\t\t}\n\t\t\t\t#gallery-1 .gallery-item {\n\t\t\t\t\tfloat: left;\n\t\t\t\t\tmargin-top: 10px;\n\t\t\t\t\ttext-align: center;\n\t\t\t\t\twidth: 33%;\n\t\t\t\t}\n\t\t\t\t#gallery-1 img {\n\t\t\t\t\tborder: 2px solid #cfcfcf;\n\t\t\t\t}\n\t\t\t\t#gallery-1 .gallery-caption {\n\t\t\t\t\tmargin-left: 0;\n\t\t\t\t}\n\t\t\t\t\/* see gallery_shortcode() in wp-includes\/media.php *\/\n\t\t\t<\/style>\n\t\t<div id='gallery-1' class='dt-gallery-container gallery galleryid-276179 gallery-columns-3 gallery-size-medium'><dl class='gallery-item'>\n\t\t\t\t<dt class='gallery-icon landscape'>\n\t\t\t\t\t<a class=\"rollover rollover-zoom dt-pswp-item\" title=\"IMG-20181025-WA0007\" data-dt-img-description=\"\" data-large_image_width=\"1600\" data-large_image_height=\"1200\"href='https:\/\/www.radiopiu.net\/wordpress\/wp-content\/uploads\/2018\/10\/IMG-20181025-WA0007.jpg'><img loading=\"lazy\" decoding=\"async\" width=\"300\" height=\"225\" src=\"https:\/\/www.radiopiu.net\/wordpress\/wp-content\/uploads\/2018\/10\/IMG-20181025-WA0007-300x225.jpg\" class=\"attachment-medium size-medium\" alt=\"\" srcset=\"https:\/\/www.radiopiu.net\/wordpress\/wp-content\/uploads\/2018\/10\/IMG-20181025-WA0007-300x225.jpg 300w, https:\/\/www.radiopiu.net\/wordpress\/wp-content\/uploads\/2018\/10\/IMG-20181025-WA0007-768x576.jpg 768w, https:\/\/www.radiopiu.net\/wordpress\/wp-content\/uploads\/2018\/10\/IMG-20181025-WA0007-1024x768.jpg 1024w, https:\/\/www.radiopiu.net\/wordpress\/wp-content\/uploads\/2018\/10\/IMG-20181025-WA0007.jpg 1600w\" sizes=\"auto, (max-width: 300px) 100vw, 300px\" \/><\/a>\n\t\t\t\t<\/dt><\/dl><dl class='gallery-item'>\n\t\t\t\t<dt class='gallery-icon landscape'>\n\t\t\t\t\t<a class=\"rollover rollover-zoom dt-pswp-item\" title=\"IMG-20181025-WA0006\" data-dt-img-description=\"\" data-large_image_width=\"1368\" data-large_image_height=\"765\"href='https:\/\/www.radiopiu.net\/wordpress\/wp-content\/uploads\/2018\/10\/IMG-20181025-WA0006.jpg'><img loading=\"lazy\" decoding=\"async\" width=\"300\" height=\"168\" src=\"https:\/\/www.radiopiu.net\/wordpress\/wp-content\/uploads\/2018\/10\/IMG-20181025-WA0006-300x168.jpg\" class=\"attachment-medium size-medium\" alt=\"\" srcset=\"https:\/\/www.radiopiu.net\/wordpress\/wp-content\/uploads\/2018\/10\/IMG-20181025-WA0006-300x168.jpg 300w, https:\/\/www.radiopiu.net\/wordpress\/wp-content\/uploads\/2018\/10\/IMG-20181025-WA0006-768x429.jpg 768w, https:\/\/www.radiopiu.net\/wordpress\/wp-content\/uploads\/2018\/10\/IMG-20181025-WA0006-1024x573.jpg 1024w, https:\/\/www.radiopiu.net\/wordpress\/wp-content\/uploads\/2018\/10\/IMG-20181025-WA0006.jpg 1368w\" sizes=\"auto, (max-width: 300px) 100vw, 300px\" \/><\/a>\n\t\t\t\t<\/dt><\/dl><dl class='gallery-item'>\n\t\t\t\t<dt class='gallery-icon landscape'>\n\t\t\t\t\t<a class=\"rollover rollover-zoom dt-pswp-item\" title=\"IMG-20181025-WA0005\" data-dt-img-description=\"\" data-large_image_width=\"1600\" data-large_image_height=\"1200\"href='https:\/\/www.radiopiu.net\/wordpress\/wp-content\/uploads\/2018\/10\/IMG-20181025-WA0005.jpg'><img loading=\"lazy\" decoding=\"async\" width=\"300\" height=\"225\" src=\"https:\/\/www.radiopiu.net\/wordpress\/wp-content\/uploads\/2018\/10\/IMG-20181025-WA0005-300x225.jpg\" class=\"attachment-medium size-medium\" alt=\"\" srcset=\"https:\/\/www.radiopiu.net\/wordpress\/wp-content\/uploads\/2018\/10\/IMG-20181025-WA0005-300x225.jpg 300w, https:\/\/www.radiopiu.net\/wordpress\/wp-content\/uploads\/2018\/10\/IMG-20181025-WA0005-768x576.jpg 768w, https:\/\/www.radiopiu.net\/wordpress\/wp-content\/uploads\/2018\/10\/IMG-20181025-WA0005-1024x768.jpg 1024w, https:\/\/www.radiopiu.net\/wordpress\/wp-content\/uploads\/2018\/10\/IMG-20181025-WA0005.jpg 1600w\" sizes=\"auto, (max-width: 300px) 100vw, 300px\" \/><\/a>\n\t\t\t\t<\/dt><\/dl><br style=\"clear: both\" \/>\n\t\t\t<\/div>\n\n<p>&nbsp;<\/p>\n","protected":false},"excerpt":{"rendered":"<p>OGGI SUL CORRIERE DELLE ALPI DI GIGI SOSSO\u00a0 BELLUNO Domato l&#8217;incendio, addormentata l&#8217;inchiesta. Per l&#8217;enorme rogo del 24 ottobre 2018 sulle Pale di San Lucano si sa soltanto che le parti offese sono il Comune di Taibon e la Provincia di Belluno. I due escursionisti agordini Michel De Salvador e Andrea Decima, salvati il mattino&hellip;<\/p>\n","protected":false},"author":4,"featured_media":276180,"comment_status":"closed","ping_status":"closed","sticky":false,"template":"","format":"standard","meta":{"_monsterinsights_skip_tracking":false,"_monsterinsights_sitenote_active":false,"_monsterinsights_sitenote_note":"","_monsterinsights_sitenote_category":0,"footnotes":""},"categories":[51,49],"tags":[],"class_list":["post-276179","post","type-post","status-publish","format-standard","has-post-thumbnail","hentry","category-evidenza-top","category-news-18","category-51","category-49","description-off"],"img_url":"https:\/\/www.radiopiu.net\/wordpress\/wp-content\/uploads\/2022\/05\/IMG-20181025-WA0007-150x150-1.jpg","_links":{"self":[{"href":"https:\/\/www.radiopiu.net\/wordpress\/wp-json\/wp\/v2\/posts\/276179","targetHints":{"allow":["GET"]}}],"collection":[{"href":"https:\/\/www.radiopiu.net\/wordpress\/wp-json\/wp\/v2\/posts"}],"about":[{"href":"https:\/\/www.radiopiu.net\/wordpress\/wp-json\/wp\/v2\/types\/post"}],"author":[{"embeddable":true,"href":"https:\/\/www.radiopiu.net\/wordpress\/wp-json\/wp\/v2\/users\/4"}],"replies":[{"embeddable":true,"href":"https:\/\/www.radiopiu.net\/wordpress\/wp-json\/wp\/v2\/comments?post=276179"}],"version-history":[{"count":0,"href":"https:\/\/www.radiopiu.net\/wordpress\/wp-json\/wp\/v2\/posts\/276179\/revisions"}],"wp:featuredmedia":[{"embeddable":true,"href":"https:\/\/www.radiopiu.net\/wordpress\/wp-json\/wp\/v2\/media\/276180"}],"wp:attachment":[{"href":"https:\/\/www.radiopiu.net\/wordpress\/wp-json\/wp\/v2\/media?parent=276179"}],"wp:term":[{"taxonomy":"category","embeddable":true,"href":"https:\/\/www.radiopiu.net\/wordpress\/wp-json\/wp\/v2\/categories?post=276179"},{"taxonomy":"post_tag","embeddable":true,"href":"https:\/\/www.radiopiu.net\/wordpress\/wp-json\/wp\/v2\/tags?post=276179"}],"curies":[{"name":"wp","href":"https:\/\/api.w.org\/{rel}","templated":true}]}}