{"id":276375,"date":"2022-05-19T05:56:35","date_gmt":"2022-05-19T03:56:35","guid":{"rendered":"https:\/\/www.radiopiu.net\/wordpress\/?p=276375"},"modified":"2022-05-19T09:37:55","modified_gmt":"2022-05-19T07:37:55","slug":"giornale-radiopiu-19-maggio-2022-direttore-mirko-mezzacasa","status":"publish","type":"post","link":"https:\/\/www.radiopiu.net\/wordpress\/giornale-radiopiu-19-maggio-2022-direttore-mirko-mezzacasa\/","title":{"rendered":"GIORNALE RADIOPIU 19 MAGGIO 2022 DIRETTORE MIRKO MEZZACASA"},"content":{"rendered":"<h3 class=\"kvgmc6g5 cxmmr5t8 oygrvhab hcukyx3x c1et5uql\"><span style=\"color: #0000ff;\"><strong>RADIO PIU INFORMAZIONE il canale su TELEGRAM informazione di prima\u00a0 <\/strong><\/span><span style=\"color: #0000ff;\"><strong>mano e in tempo reale. iscriviti ed aiutaci a farlo conoscere\u00a0\u00a0<\/strong><\/span><\/h3>\n<p>&nbsp;<\/p>\n<p>&nbsp;<\/p>\n<hr \/>\n<p>&nbsp;<\/p>\n<blockquote>\n<h3>DON VITO &#8220;VI SONO GRATO PER LA VICINANZA, GRAZIE AI SOCCORRITORI&#8221;<\/h3>\n<\/blockquote>\n<p><strong><img loading=\"lazy\" decoding=\"async\" class=\"alignleft\" src=\"https:\/\/www.radiopiu.net\/wordpress\/wp-content\/uploads\/2022\/05\/DON-VITO-DE-VIDO.jpg\" width=\"115\" height=\"173\" \/>CANALE D&#8217;AGORDO<\/strong> &#8220;Ho la scorza dura&#8221;,\u00a0 ce lo dice Don Vito dal letto d&#8217;ospedale del C\u00e0 Foncello di Treviso dove \u00e8 ricoverato in seguito alle gravi ferite riportate nell&#8217;incidente di sabato ad Avoscan, lungo la regionale 203 agordina. Marted\u00ec un lungo intervento di sei ore, che Don Vito ha superato ed ora inizia il periodo di guarigione prima del rientro tra i suoi parrocchiali di Canale d&#8217;Agordo e Vallada. Con immenso piacere lo abbiamo raggiunto telefonicamente<\/p>\n<p><strong>AUDIO<\/strong><\/p>\n<audio class=\"wp-audio-shortcode\" id=\"audio-276375-1\" preload=\"none\" style=\"width: 100%;\" controls=\"controls\"><source type=\"audio\/mpeg\" src=\"https:\/\/www.radiopiu.net\/wordpress\/wp-content\/uploads\/2022\/05\/DON-VITO-DE-VIDO.mp3?_=1\" \/><a href=\"https:\/\/www.radiopiu.net\/wordpress\/wp-content\/uploads\/2022\/05\/DON-VITO-DE-VIDO.mp3\">https:\/\/www.radiopiu.net\/wordpress\/wp-content\/uploads\/2022\/05\/DON-VITO-DE-VIDO.mp3<\/a><\/audio>\n<p>&nbsp;<\/p>\n<hr \/>\n<p>&nbsp;<\/p>\n<blockquote>\n<h3>I VIGILI DEL FUOCO LO RITROVANO SENZA VITA NELLA GOLA DEL MAE&#8217;<\/h3>\n<\/blockquote>\n<p><strong><img loading=\"lazy\" decoding=\"async\" class=\"alignleft\" src=\"https:\/\/www.radiopiu.net\/wordpress\/wp-content\/uploads\/2021\/08\/th.jpg\" width=\"130\" height=\"98\" \/>LONGARONE <\/strong>\u00c8 stato ritrovato nella mattinata di ieri,\u00a0 nella gola del Ma\u00e8, 150 metri circa a valle della passerella di Igne, il corpo senza vita di R.R., 47 anni, di Belluno, le cui ricerche erano partite martedi, a seguito del rinvenimento della sua auto parcheggiata nei pressi del ponticello sospeso. Al personale del Saf dei Vigili del fuoco, si \u00e8 unita per il recupero una squadra forre del Soccorso alpino e speleologico Veneto. Ricomposta, la salma \u00e8 stata imbarellata e spostata dall&#8217;elicottero del Suem di Pieve di Cadore con un verricello, per essere infine trasportata al campo sportivo di Igne e affidata al carro funebre. Oltre a Soccorso alpino e Vigili del fuoco, hanno preso parte alla ricerca anche i soccorritori del Sagf di Auronzo e Cortina.<\/p>\n<p>&nbsp;<\/p>\n<hr \/>\n<p>&nbsp;<\/p>\n<blockquote>\n<h3 class=\"entry-title\">UN ANGELO DI NOME STELLA<\/h3>\n<\/blockquote>\n<p><strong><img loading=\"lazy\" decoding=\"async\" class=\"alignleft\" src=\"https:\/\/www.radiopiu.net\/wordpress\/wp-content\/uploads\/2022\/05\/frrr.jpg\" width=\"180\" height=\"167\" \/>CENCENIGHE-TAIBON<\/strong>\u00a0Mi piace pensare che Stella sia ora un angelo, che veglia sul fratellino Leonardo, al quale \u00e8 stato spiegato come la piccolina sia volata in cielo, in una metamorfosi che l\u2019ha portata a risplendere proprio come una stella,\u00a0 in quel cielo la pi\u00f9 luminosa,\u00a0 che lo zio Luca non mancher\u00e0 di fargli notare soprattutto in quelle serate quando il magone si far\u00e0 pi\u00f9 insistente. Vogliamo immaginare che Stella continui a sorridere a mamma Sara che per tanti mesi l\u2019ha portata in grembo sognandone un futuro, e a pap\u00e0 Roberto che non ha mai smesso di sperare che le cose potessero andare in modo diverso. Da qui, da questa redazione, da dove abbiamo visto crescere Sara e la sua famiglia,\u00a0 giunga il nostro messaggio di totale vicinanza per questa incommensurabile perdita, un abbraccio a Sara, Roberto, Leonardo Fontanive, ai nonni di Taibon e Cencenighe, ai bisnonni. Dalla famiglia il messaggio di ringraziamento al personale del reparto di Ostetricia e Ginecologia dell\u2019ospedale San Martino di Belluno per l\u2019impegno profuso fino all\u2019ultimo respiro della piccola Stella.<\/p>\n<p>mirko<\/p>\n<p>&nbsp;<\/p>\n<hr \/>\n<p>&nbsp;<\/p>\n<blockquote>\n<h3>COMPRENSIVO IN LUTTO PER LA MORTE DI ELENA NICOLE<\/h3>\n<\/blockquote>\n<p><strong><a class=\"dt-pswp-item\" href=\"https:\/\/www.radiopiu.net\/wordpress\/wp-content\/uploads\/2022\/05\/ele.jpg\" data-dt-img-description=\"\" data-large_image_width=\"234\" data-large_image_height=\"254\"><img loading=\"lazy\" decoding=\"async\" class=\" wp-image-276586 alignleft\" src=\"https:\/\/www.radiopiu.net\/wordpress\/wp-content\/uploads\/2022\/05\/ele-150x150.jpg\" alt=\"\" width=\"124\" height=\"124\" \/><\/a>BORGO VALBELLUNA<\/strong> E&#8217; mancata a soli 14 anni\u00a0 Elena Nicole Iannantuoni. Si\u00a0 \u00e8 spenta all&#8217;ospedale di Treviso dove era stata ricoverata in seguito alle condizioni di salute. Elena Nicole ha donato i suoi organi &#8220;Immensamente grati di averla avuta nella nostra vita&#8221; hanno scritto sulla epigrafe i genitori . Sabato alle 11 l&#8217;istituto Comprensivo che frequentava la saluter\u00e0 in palestra con una cerimonia organizzata con famiglia, personale docente e dirigenza. Dalle 15 alle 17, per parenti, conoscenti e amici. Elena Nicole lascia la mamma Cinzia Isotton il\u00a0 pap\u00e0 Antonio, il fratello Davide e il nonno Giovanni.<\/p>\n<p>&nbsp;<\/p>\n<hr \/>\n<p>&nbsp;<\/p>\n<blockquote>\n<h3>ZOLDANO RESIDENTE NEL TREVIGIANO, ACCUSA UN MALORE E CADE NEL FOSSATO<\/h3>\n<\/blockquote>\n<p><strong>VAL DI ZOLDO<\/strong> Franco De Marco, 87 anni, originario di Zoldo ma residente a Roncade \u00e8 morto ieri mattina scivolando in un fossato a pochi metri da casa. Inutili i tentativi di rianimarlo dopo l&#8217;immediato intervento dei soccorritori. Franco De Marco era sceso nell&#8217;orto insieme alla moglie\u00a0 poi\u00a0 rientrata in casa a sbrigare le faccende domestiche. Alla base della tragedia un malore.<\/p>\n<p>&nbsp;<\/p>\n<hr \/>\n<p>&nbsp;<\/p>\n<blockquote>\n<h3>INCENDIO PALE DI SAN LUCANO. ANDREA DECIMA ESTRANEO ALL&#8217;INIZIATIVA DI DE SALVADOR<\/h3>\n<\/blockquote>\n<p><strong><a class=\"dt-pswp-item\" href=\"https:\/\/www.radiopiu.net\/wordpress\/wp-content\/uploads\/2022\/05\/IMG-20181024-WA0008-1.jpeg\" data-dt-img-description=\"\" data-large_image_width=\"1600\" data-large_image_height=\"899\"><img loading=\"lazy\" decoding=\"async\" class=\"size-thumbnail wp-image-276335 alignleft\" src=\"https:\/\/www.radiopiu.net\/wordpress\/wp-content\/uploads\/2022\/05\/IMG-20181024-WA0008-1-150x150.jpeg\" alt=\"\" width=\"150\" height=\"150\" \/><\/a>TAIBON<\/strong><\/p>\n<p>di Gianni Santomaso<\/p>\n<audio class=\"wp-audio-shortcode\" id=\"audio-276375-2\" preload=\"none\" style=\"width: 100%;\" controls=\"controls\"><source type=\"audio\/mpeg\" src=\"https:\/\/www.radiopiu.net\/wordpress\/wp-content\/uploads\/2022\/05\/GIANNI-INCENDIO-PALE-SAN-LUCANO-nuovo.mp3?_=2\" \/><a href=\"https:\/\/www.radiopiu.net\/wordpress\/wp-content\/uploads\/2022\/05\/GIANNI-INCENDIO-PALE-SAN-LUCANO-nuovo.mp3\">https:\/\/www.radiopiu.net\/wordpress\/wp-content\/uploads\/2022\/05\/GIANNI-INCENDIO-PALE-SAN-LUCANO-nuovo.mp3<\/a><\/audio>\n<p>&nbsp;<\/p>\n<hr \/>\n<p>&nbsp;<\/p>\n<h3><strong><a class=\"dt-pswp-item\" href=\"https:\/\/www.radiopiu.net\/wordpress\/wp-content\/uploads\/2022\/05\/CORRADO-CASERA.png\" data-dt-img-description=\"\" data-large_image_width=\"786\" data-large_image_height=\"944\"><img loading=\"lazy\" decoding=\"async\" class=\"size-thumbnail wp-image-276313 alignleft\" src=\"https:\/\/www.radiopiu.net\/wordpress\/wp-content\/uploads\/2022\/05\/CORRADO-CASERA-150x150.png\" alt=\"\" width=\"150\" height=\"150\" \/><\/a><\/strong>OGGI A VOLTAGO L&#8217;ULTIMO SALUTO A\u00a0 CORRADO CASERA<\/h3>\n<p><strong>VOLTAGO<\/strong> Oggi alle 14.30 in chiesa a Voltago si svolgeranno i funerali di Corrado Casera, noto imprenditore mancato a 93 anni. Lascia la moglie Paola, I figli Lolly, Katia e Romeo, e I fratelli Attilio e Milena. Tutta la comunit\u00e0 di Voltago Agordino si stringe attorno alla famiglia Casera.<\/p>\n<p>&nbsp;<\/p>\n<p>&nbsp;<\/p>\n<p>&nbsp;<\/p>\n<hr \/>\n<p><strong>\u00a0<\/strong><\/p>\n<blockquote>\n<h3><strong>\u00a0AUTOPSIA PER DE PAOLI, ATTESA PER LA DATA DEI FUNERALI<br \/>\n<\/strong><\/h3>\n<\/blockquote>\n<p><strong>BELLUNO<\/strong> Non \u00e8 ancora stata fissata la data dei funerali di Angelo De Paoli (noto imprenditore tra i fondatori\u00a0 della Ceramica Dolomite di Trichiana), vittima dell&#8217;incidente mortale dello scorso 11 maggio in via Feltre a Belluno. La Procura della Repubblica ha infatti aperto un fascicolo di indagine per il reato di omicidio stradale disponendone l&#8217;autopsia. Per questo la data delle esequie non \u00e8 stata ancora fissata in attesa del nulla osta della Procura. L&#8217;incidente della scorsa settimana ha coinvolto l&#8217;anziano a bordo di un Suzuki e una Nissan alla cui guida c&#8217;era un 27enne bellunese.<\/p>\n<p>&nbsp;<\/p>\n<hr \/>\n<p>&nbsp;<\/p>\n<blockquote>\n<h3>RICATTO A LUCI ROSSE, LA DENUNCIA DI UN PARROCO DEL FELTRINO<\/h3>\n<\/blockquote>\n<p style=\"text-align: center;\"><strong>OGGI SUL CORRIERE DELLE ALPI<\/strong><br \/>\n<strong>DI GIGI SOSSO<\/strong><\/p>\n<p><strong><a class=\"dt-pswp-item\" href=\"https:\/\/www.radiopiu.net\/wordpress\/wp-content\/uploads\/2022\/05\/istockphoto-173675424-170667a.jpg\" data-dt-img-description=\"Two corporate businessmen shaking hands and making a financial deal\" data-large_image_width=\"507\" data-large_image_height=\"338\"><img loading=\"lazy\" decoding=\"async\" class=\"size-thumbnail wp-image-276584 alignleft\" src=\"https:\/\/www.radiopiu.net\/wordpress\/wp-content\/uploads\/2022\/05\/istockphoto-173675424-170667a-150x150.jpg\" alt=\"\" width=\"150\" height=\"150\" \/><\/a>FELTRE\u00a0<\/strong> Un parrocchiano avrebbe ricattato un collaboratore dell&#8217;unit\u00e0 pastorale di un paese del Feltrino.\u00a0 L&#8217;uomo non \u00e8 comparso nell&#8217;udienza di smistamento di ieri, davanti al Tribunale di Belluno. Il 22 giugno ci sar\u00e0 il giuramento del perito Rosa Sansone per la trascrizione delle intercettazioni telefoniche; il 12 ottobre partir\u00e0 il processo con l&#8217;audizione dei primi testimoni del pubblico ministero Roberta Gallego.\u00a0 L&#8217;imputato risultava residente a Cavarzere, in provincia di Rovigo,\u00a0 frequentava la provincia di Belluno ed era diventato un assiduo fedele di una parrocchia. Nel mese di gennaio del 2019 avrebbe minacciato il sacerdote di rivolgersi a un giornale per rendere pubblici gli atti osceni che ci sarebbero stati tra loro.\u00a0 Cinque mesi d&#8217;inferno, nel corso dei quali qualcuno ci ha guadagnato dei soldi e qualcun altro ha vissuto nella paura e anche nel senso di colpa\u00a0 In autunno le prime audizioni del processo.<\/p>\n<p>&nbsp;<\/p>\n<hr \/>\n<p>&nbsp;<\/p>\n<blockquote>\n<h3>\u00a0INCIDENTE A COL MELON, CICLISTA IN OSPEDALE<\/h3>\n<\/blockquote>\n<p><strong>PEDAVENA<\/strong> Incidente tra un&#8217;auto e una ciclista ieri pomeriggio sul monte Avena, ha avuto la peggio\u00a0 S.P., 23 anni, portato in ospedale a Feltre in condizioni che non sarebbero gravi. Illesa la conducente della macchina, Z.M., 45 anni. Sul posto sono intervenuti per i rilievi gli agenti della polizia stradale del distaccamento di Feltre.<\/p>\n<p>&nbsp;<\/p>\n<hr \/>\n<p>&nbsp;<\/p>\n<blockquote>\n<h3 class=\"entry-title\">BOSTRICO, IL MONITORAGGIO INIZIATO GIA\u2019 NEL 2009, DI TIZIANO DE COL<\/h3>\n<\/blockquote>\n<p><strong>LA VALLE\u00a0<\/strong> Era il 2009, quando il bostrico si fece vedere in forma &#8220;organizzata&#8221; in alcuni boschi lavallesi, in particolare nei pressi del Passo Dur\u00e0n, Malga Roa e Malga Foca. Negli anni precedenti erano stati fatti alcuni tagli selettivi (lotti boschivi) nelle zone sopra menzionate e il solo fatto che fosse entrata un p\u00f2 pi\u00f9 di luce ai margini dei tagli aveva dato la possibilit\u00e0 al bostrico di approfittare della debolezza che questa situazione aveva indotto nelle piante di abete rosso. Figuriamoci ora dopo Vaia. Siccome la problematica era gi\u00e0 ampiamente diffusa anche in altri boschi del bellunese , i Servizi Forestali Regionali organizzarono un monitoraggio dal parassita mettendo a disposizione delle fitotrappole a feromone per catturare una parte degli insetti e monitorare il proliferare del parassita e chiesero ai Comuni di collaborare per l&#8217;installazione delle fitotrappole e il monitoraggio settimanale delle catture e la loro misurazione volumetrica. Fu cos\u00ec che il Comune di La Valle Agordina ader\u00ec all&#8217;iniziativa e , di concerto con i Servizi Forestali Regionali furono posizionate le tre fitotrappole sui luoghi sopra menzionati e a turno, Sindaco, Assessore Crose Domenico e il dipendente Angelo Zuanel (nelle foto allegate) di recarono, per l&#8217;intera stagione a verificare il funzionamento delle fitotrappole e per misurare le catture per poi trasmettere i dati ai Servizi Forestali Regionali. Un monitoraggio quindi, non certamente una forma di cattura per eliminare il problema che non \u00e8 risolvibile in questo modo. Il bostrico c&#8217;era, abbondante, anche allora, colp\u00ec le piante pi\u00f9 deboli che erano marginali o erano rimaste isolate rispetto al bosco, si diffuse per circa due o tre stagionalit\u00e0 e poi si ferm\u00f2. Fattori ambientali e fattori meteo contribuirono al suo diffondersi e poi al suo fermarsi ? Quasi certamente, in quanto non furono intraprese particolari iniziative di taglio preventivo per fermare il parassita e il contesto ambientale provvide a &#8220;gestire da solo&#8221; la questione. Certamente il disastro di Vaia ha innescato una catastrofe ambientale dove le piante a terra abbattute dal vento sono purtroppo solo la prima, ben visibile azione, ma a seguito ci sono gli attacchi dei parassiti sulle piante morte a terra e su quelle indebolite rimaste in piedi , ma seriamente danneggiate nelle loro strutture interne fortemente indebolite dal fortunale e poi ci saranno i risvolti per la sicurezza idrogeologica e valanghiva.<\/p>\n<p>&nbsp;<\/p>\n\n\t\t\t<style type='text\/css'>\n\t\t\t\t#gallery-1 {\n\t\t\t\t\tmargin: auto;\n\t\t\t\t}\n\t\t\t\t#gallery-1 .gallery-item {\n\t\t\t\t\tfloat: left;\n\t\t\t\t\tmargin-top: 10px;\n\t\t\t\t\ttext-align: center;\n\t\t\t\t\twidth: 25%;\n\t\t\t\t}\n\t\t\t\t#gallery-1 img {\n\t\t\t\t\tborder: 2px solid #cfcfcf;\n\t\t\t\t}\n\t\t\t\t#gallery-1 .gallery-caption {\n\t\t\t\t\tmargin-left: 0;\n\t\t\t\t}\n\t\t\t\t\/* see gallery_shortcode() in wp-includes\/media.php *\/\n\t\t\t<\/style>\n\t\t<div id='gallery-1' class='dt-gallery-container gallery galleryid-276375 gallery-columns-4 gallery-size-thumbnail'><dl class='gallery-item'>\n\t\t\t\t<dt class='gallery-icon portrait'>\n\t\t\t\t\t<a class=\"rollover rollover-zoom dt-pswp-item\" title=\"af1ac4d1-fa62-4d27-9275-b5f8a8177509\" data-dt-img-description=\"\" data-large_image_width=\"1200\" data-large_image_height=\"1600\"href='https:\/\/www.radiopiu.net\/wordpress\/wp-content\/uploads\/2022\/05\/af1ac4d1-fa62-4d27-9275-b5f8a8177509.jpg'><img loading=\"lazy\" decoding=\"async\" width=\"150\" height=\"150\" src=\"https:\/\/www.radiopiu.net\/wordpress\/wp-content\/uploads\/2022\/05\/af1ac4d1-fa62-4d27-9275-b5f8a8177509-150x150.jpg\" class=\"attachment-thumbnail size-thumbnail\" alt=\"\" \/><\/a>\n\t\t\t\t<\/dt><\/dl><dl class='gallery-item'>\n\t\t\t\t<dt class='gallery-icon portrait'>\n\t\t\t\t\t<a class=\"rollover rollover-zoom dt-pswp-item\" title=\"ce462cac-49ed-45cd-af70-2ccca4b906d6\" data-dt-img-description=\"\" data-large_image_width=\"1200\" data-large_image_height=\"1600\"href='https:\/\/www.radiopiu.net\/wordpress\/wp-content\/uploads\/2022\/05\/ce462cac-49ed-45cd-af70-2ccca4b906d6.jpg'><img loading=\"lazy\" decoding=\"async\" width=\"150\" height=\"150\" src=\"https:\/\/www.radiopiu.net\/wordpress\/wp-content\/uploads\/2022\/05\/ce462cac-49ed-45cd-af70-2ccca4b906d6-150x150.jpg\" class=\"attachment-thumbnail size-thumbnail\" alt=\"\" \/><\/a>\n\t\t\t\t<\/dt><\/dl><dl class='gallery-item'>\n\t\t\t\t<dt class='gallery-icon landscape'>\n\t\t\t\t\t<a class=\"rollover rollover-zoom dt-pswp-item\" title=\"e7c4dcf6-8734-4bbf-9bd8-9891dfe59eb8\" data-dt-img-description=\"\" data-large_image_width=\"1600\" data-large_image_height=\"1200\"href='https:\/\/www.radiopiu.net\/wordpress\/wp-content\/uploads\/2022\/05\/e7c4dcf6-8734-4bbf-9bd8-9891dfe59eb8.jpg'><img loading=\"lazy\" decoding=\"async\" width=\"150\" height=\"150\" src=\"https:\/\/www.radiopiu.net\/wordpress\/wp-content\/uploads\/2022\/05\/e7c4dcf6-8734-4bbf-9bd8-9891dfe59eb8-150x150.jpg\" class=\"attachment-thumbnail size-thumbnail\" alt=\"\" \/><\/a>\n\t\t\t\t<\/dt><\/dl><dl class='gallery-item'>\n\t\t\t\t<dt class='gallery-icon landscape'>\n\t\t\t\t\t<a class=\"rollover rollover-zoom dt-pswp-item\" title=\"ef34ad24-1923-4519-b8eb-7cf8451f87a0\" data-dt-img-description=\"\" data-large_image_width=\"1600\" data-large_image_height=\"1200\"href='https:\/\/www.radiopiu.net\/wordpress\/wp-content\/uploads\/2022\/05\/ef34ad24-1923-4519-b8eb-7cf8451f87a0.jpg'><img loading=\"lazy\" decoding=\"async\" width=\"150\" height=\"150\" src=\"https:\/\/www.radiopiu.net\/wordpress\/wp-content\/uploads\/2022\/05\/ef34ad24-1923-4519-b8eb-7cf8451f87a0-150x150.jpg\" class=\"attachment-thumbnail size-thumbnail\" alt=\"\" \/><\/a>\n\t\t\t\t<\/dt><\/dl><br style=\"clear: both\" \/>\n\t\t\t<\/div>\n\n<p>&nbsp;<\/p>\n<hr \/>\n<p>&nbsp;<\/p>\n<blockquote>\n<h3>DA PISOLIVA FINALMENTE BUONE NUOVE, FENTI &#8220;UN BEL PASSO AVANTI&#8221;<\/h3>\n<\/blockquote>\n<p><strong>CANALE D&#8217;AGORDO<\/strong> Finalmente la notizia \u00e8 di quelle positive. Solo un anno fa Fabio Fenti,\u00a0 su quel pendio davanti casa con un grande cartello, ricordava che dalla tempesta Vaia (che ha messo a rischio la sua abitazione) erano trascorsi tre anni (2018-2021) e rimarcava la grande preoccupazione per l&#8217;instabilit\u00e0 idrogeologica dei versanti. Un anno dopo il cartello non c&#8217;\u00e8 pi\u00f9. Al suo posto mezzi in movimento, uomini al lavoro e soprattutto,\u00a0 la fiducia nella Provincia che ha dato seguito alle promesse. <em>&#8220;Da qualche giorno infatti &#8211; ci racconta Fabio &#8211;\u00a0 sono iniziati i lavori di bonifica delle frane accanto alla mia abitazione ed \u00e8 un gran bel passo avanti. Ora mi auguro che il tutto possa procedere senza intoppi. Sono consapevole che a volte sollevare il polverone possa essere addirittura controproducente, ma altrettanto comprensibile il vivere in questa situazione di preoccupazione e disagio. Grazie anche a chi, fin dai giorni di Vaia, in vari modi, mi \u00e8 stato di aiuto e supporto, manualmente e moralmente. C&#8217;\u00e8 ancora, nonostante i tempi cambino, qualcosa che fa grande anche i piccoli paesi di montagna:\u00a0 la solidariet\u00e0 che porto nel cuore e mai scorder\u00f2 per\u00a0 la forza che mi ha dato nel momento del bisogno&#8221;<\/em> I lavori sono a buon punto,\u00a0 il tempo aiuta,\u00a0 chi lavora \u00e8 serio e competente quindi niente di meglio.<\/p>\n<p>&nbsp;<\/p>\n<h2>2022<\/h2>\n\n\t\t\t<style type='text\/css'>\n\t\t\t\t#gallery-2 {\n\t\t\t\t\tmargin: auto;\n\t\t\t\t}\n\t\t\t\t#gallery-2 .gallery-item {\n\t\t\t\t\tfloat: left;\n\t\t\t\t\tmargin-top: 10px;\n\t\t\t\t\ttext-align: center;\n\t\t\t\t\twidth: 25%;\n\t\t\t\t}\n\t\t\t\t#gallery-2 img {\n\t\t\t\t\tborder: 2px solid #cfcfcf;\n\t\t\t\t}\n\t\t\t\t#gallery-2 .gallery-caption {\n\t\t\t\t\tmargin-left: 0;\n\t\t\t\t}\n\t\t\t\t\/* see gallery_shortcode() in wp-includes\/media.php *\/\n\t\t\t<\/style>\n\t\t<div id='gallery-2' class='dt-gallery-container gallery galleryid-276375 gallery-columns-4 gallery-size-thumbnail'><dl class='gallery-item'>\n\t\t\t\t<dt class='gallery-icon landscape'>\n\t\t\t\t\t<a class=\"rollover rollover-zoom dt-pswp-item\" title=\"281098234_962862137689100_1368948657634110835_n\" data-dt-img-description=\"\" data-large_image_width=\"960\" data-large_image_height=\"540\"href='https:\/\/www.radiopiu.net\/wordpress\/wp-content\/uploads\/2022\/05\/281098234_962862137689100_1368948657634110835_n.jpg'><img loading=\"lazy\" decoding=\"async\" width=\"150\" height=\"150\" src=\"https:\/\/www.radiopiu.net\/wordpress\/wp-content\/uploads\/2022\/05\/281098234_962862137689100_1368948657634110835_n-150x150.jpg\" class=\"attachment-thumbnail size-thumbnail\" alt=\"\" \/><\/a>\n\t\t\t\t<\/dt><\/dl><dl class='gallery-item'>\n\t\t\t\t<dt class='gallery-icon portrait'>\n\t\t\t\t\t<a class=\"rollover rollover-zoom dt-pswp-item\" title=\"280772766_365858048722474_8936292624540104359_n\" data-dt-img-description=\"\" data-large_image_width=\"528\" data-large_image_height=\"960\"href='https:\/\/www.radiopiu.net\/wordpress\/wp-content\/uploads\/2022\/05\/280772766_365858048722474_8936292624540104359_n.jpg'><img loading=\"lazy\" decoding=\"async\" width=\"150\" height=\"150\" src=\"https:\/\/www.radiopiu.net\/wordpress\/wp-content\/uploads\/2022\/05\/280772766_365858048722474_8936292624540104359_n-150x150.jpg\" class=\"attachment-thumbnail size-thumbnail\" alt=\"\" \/><\/a>\n\t\t\t\t<\/dt><\/dl><dl class='gallery-item'>\n\t\t\t\t<dt class='gallery-icon landscape'>\n\t\t\t\t\t<a class=\"rollover rollover-zoom dt-pswp-item\" title=\"280556523_1104308860125622_2579518212054873371_n\" data-dt-img-description=\"\" data-large_image_width=\"960\" data-large_image_height=\"540\"href='https:\/\/www.radiopiu.net\/wordpress\/wp-content\/uploads\/2022\/05\/280556523_1104308860125622_2579518212054873371_n.jpg'><img loading=\"lazy\" decoding=\"async\" width=\"150\" height=\"150\" src=\"https:\/\/www.radiopiu.net\/wordpress\/wp-content\/uploads\/2022\/05\/280556523_1104308860125622_2579518212054873371_n-150x150.jpg\" class=\"attachment-thumbnail size-thumbnail\" alt=\"\" \/><\/a>\n\t\t\t\t<\/dt><\/dl><dl class='gallery-item'>\n\t\t\t\t<dt class='gallery-icon landscape'>\n\t\t\t\t\t<a class=\"rollover rollover-zoom dt-pswp-item\" title=\"281251868_1043026143305881_6695154111373419070_n\" data-dt-img-description=\"\" data-large_image_width=\"960\" data-large_image_height=\"540\"href='https:\/\/www.radiopiu.net\/wordpress\/wp-content\/uploads\/2022\/05\/281251868_1043026143305881_6695154111373419070_n.jpg'><img loading=\"lazy\" decoding=\"async\" width=\"150\" height=\"150\" src=\"https:\/\/www.radiopiu.net\/wordpress\/wp-content\/uploads\/2022\/05\/281251868_1043026143305881_6695154111373419070_n-150x150.jpg\" class=\"attachment-thumbnail size-thumbnail\" alt=\"\" \/><\/a>\n\t\t\t\t<\/dt><\/dl><br style=\"clear: both\" \/>\n\t\t\t<\/div>\n\n<h2>2018-2021<\/h2>\n\n\t\t\t<style type='text\/css'>\n\t\t\t\t#gallery-3 {\n\t\t\t\t\tmargin: auto;\n\t\t\t\t}\n\t\t\t\t#gallery-3 .gallery-item {\n\t\t\t\t\tfloat: left;\n\t\t\t\t\tmargin-top: 10px;\n\t\t\t\t\ttext-align: center;\n\t\t\t\t\twidth: 25%;\n\t\t\t\t}\n\t\t\t\t#gallery-3 img {\n\t\t\t\t\tborder: 2px solid #cfcfcf;\n\t\t\t\t}\n\t\t\t\t#gallery-3 .gallery-caption {\n\t\t\t\t\tmargin-left: 0;\n\t\t\t\t}\n\t\t\t\t\/* see gallery_shortcode() in wp-includes\/media.php *\/\n\t\t\t<\/style>\n\t\t<div id='gallery-3' class='dt-gallery-container gallery galleryid-276375 gallery-columns-4 gallery-size-thumbnail'><dl class='gallery-item'>\n\t\t\t\t<dt class='gallery-icon portrait'>\n\t\t\t\t\t<a class=\"rollover rollover-zoom dt-pswp-item\" title=\"192272105_3027163337503604_9120728568692281036_n\" data-dt-img-description=\"\" data-large_image_width=\"528\" data-large_image_height=\"960\"href='https:\/\/www.radiopiu.net\/wordpress\/wp-content\/uploads\/2022\/05\/192272105_3027163337503604_9120728568692281036_n.jpg'><img loading=\"lazy\" decoding=\"async\" width=\"150\" height=\"150\" src=\"https:\/\/www.radiopiu.net\/wordpress\/wp-content\/uploads\/2022\/05\/192272105_3027163337503604_9120728568692281036_n-150x150.jpg\" class=\"attachment-thumbnail size-thumbnail\" alt=\"\" \/><\/a>\n\t\t\t\t<\/dt><\/dl><dl class='gallery-item'>\n\t\t\t\t<dt class='gallery-icon portrait'>\n\t\t\t\t\t<a class=\"rollover rollover-zoom dt-pswp-item\" title=\"191245967_1196040457485210_9071252037687422882_n\" data-dt-img-description=\"\" data-large_image_width=\"528\" data-large_image_height=\"960\"href='https:\/\/www.radiopiu.net\/wordpress\/wp-content\/uploads\/2022\/05\/191245967_1196040457485210_9071252037687422882_n.jpg'><img loading=\"lazy\" decoding=\"async\" width=\"150\" height=\"150\" src=\"https:\/\/www.radiopiu.net\/wordpress\/wp-content\/uploads\/2022\/05\/191245967_1196040457485210_9071252037687422882_n-150x150.jpg\" class=\"attachment-thumbnail size-thumbnail\" alt=\"\" \/><\/a>\n\t\t\t\t<\/dt><\/dl><dl class='gallery-item'>\n\t\t\t\t<dt class='gallery-icon landscape'>\n\t\t\t\t\t<a class=\"rollover rollover-zoom dt-pswp-item\" title=\"190033683_857492795122412_3612594199360657869_n\" data-dt-img-description=\"\" data-large_image_width=\"960\" data-large_image_height=\"540\"href='https:\/\/www.radiopiu.net\/wordpress\/wp-content\/uploads\/2022\/05\/190033683_857492795122412_3612594199360657869_n.jpg'><img loading=\"lazy\" decoding=\"async\" width=\"150\" height=\"150\" src=\"https:\/\/www.radiopiu.net\/wordpress\/wp-content\/uploads\/2022\/05\/190033683_857492795122412_3612594199360657869_n-150x150.jpg\" class=\"attachment-thumbnail size-thumbnail\" alt=\"\" \/><\/a>\n\t\t\t\t<\/dt><\/dl><dl class='gallery-item'>\n\t\t\t\t<dt class='gallery-icon landscape'>\n\t\t\t\t\t<a class=\"rollover rollover-zoom dt-pswp-item\" title=\"248323506_270131735024371_5428945318088740760_n\" data-dt-img-description=\"\" data-large_image_width=\"816\" data-large_image_height=\"612\"href='https:\/\/www.radiopiu.net\/wordpress\/wp-content\/uploads\/2022\/05\/248323506_270131735024371_5428945318088740760_n.jpg'><img loading=\"lazy\" decoding=\"async\" width=\"150\" height=\"150\" src=\"https:\/\/www.radiopiu.net\/wordpress\/wp-content\/uploads\/2022\/05\/248323506_270131735024371_5428945318088740760_n-150x150.jpg\" class=\"attachment-thumbnail size-thumbnail\" alt=\"\" \/><\/a>\n\t\t\t\t<\/dt><\/dl><br style=\"clear: both\" \/>\n\t\t\t<\/div>\n\n<p>&nbsp;<\/p>\n<hr \/>\n<p>&nbsp;<\/p>\n<blockquote>\n<h3>I PASSI DOLOMITICI SCAMBIATI PER UN CIRCUITO<\/h3>\n<\/blockquote>\n<p><strong><a class=\"dt-pswp-item\" href=\"https:\/\/www.radiopiu.net\/wordpress\/wp-content\/uploads\/2019\/05\/LIVINALLONGO-LEANDRO-GRONES.jpg\" data-dt-img-description=\"\" data-large_image_width=\"548\" data-large_image_height=\"768\"><img loading=\"lazy\" decoding=\"async\" class=\"size-thumbnail wp-image-86470 alignleft\" src=\"https:\/\/www.radiopiu.net\/wordpress\/wp-content\/uploads\/2019\/05\/LIVINALLONGO-LEANDRO-GRONES-150x150.jpg\" alt=\"\" width=\"150\" height=\"150\" \/><\/a>LIVINALLONGO<\/strong> Ad alzare la voce \u00e8 il sindaco di Livinallongo Leandro Grones. Per il primo cittadino i passi dolomiti sono sempre pi\u00f9 spesso scambiati per un circuito dove scatenare i cavalli della propria auto. Questo avviene non solo nel fine settimana ma ogni giorno, dal mattino alla sera, con auto di grossa cilindrata che in gruppo transitano da un passo all&#8217;altro a tutta velocit\u00e0.<\/p>\n<p><strong>LEANDRO GRONES, SINDACO DI LIVINALLONGO<\/strong><\/p>\n<audio class=\"wp-audio-shortcode\" id=\"audio-276375-3\" preload=\"none\" style=\"width: 100%;\" controls=\"controls\"><source type=\"audio\/mpeg\" src=\"https:\/\/www.radiopiu.net\/wordpress\/wp-content\/uploads\/2022\/05\/GRONES-PASSI-AUTODROMI.mp3?_=3\" \/><a href=\"https:\/\/www.radiopiu.net\/wordpress\/wp-content\/uploads\/2022\/05\/GRONES-PASSI-AUTODROMI.mp3\">https:\/\/www.radiopiu.net\/wordpress\/wp-content\/uploads\/2022\/05\/GRONES-PASSI-AUTODROMI.mp3<\/a><\/audio>\n<p>&nbsp;<\/p>\n<hr \/>\n<p>&nbsp;<\/p>\n<blockquote>\n<h3>APPROVATO IL BANDO PER L&#8217;ADEGUAMENTO, CONSOLIDAMENTO E MESSA IN SICUREZZA DELLA CASA DI SOGGIORNO DI TAIBON<\/h3>\n<\/blockquote>\n<p><a class=\"dt-pswp-item\" href=\"https:\/\/www.radiopiu.net\/wordpress\/wp-content\/uploads\/2021\/02\/CASA-SOGGIORNO-TAIBON.jpg\" data-dt-img-description=\"SAMSUNG CAMERA PICTURES\" data-large_image_width=\"512\" data-large_image_height=\"324\"><img loading=\"lazy\" decoding=\"async\" class=\"wp-image-190126 size-thumbnail alignleft\" src=\"https:\/\/www.radiopiu.net\/wordpress\/wp-content\/uploads\/2021\/02\/CASA-SOGGIORNO-TAIBON-150x150.jpg\" alt=\"\" width=\"150\" height=\"150\" \/><\/a><strong>TAIBON<\/strong><\/p>\n<p>di Gianni Santomaso<\/p>\n<audio class=\"wp-audio-shortcode\" id=\"audio-276375-4\" preload=\"none\" style=\"width: 100%;\" controls=\"controls\"><source type=\"audio\/mpeg\" src=\"https:\/\/www.radiopiu.net\/wordpress\/wp-content\/uploads\/2022\/05\/GIANNI-CASA-DI-SOGGIORNO.mp3?_=4\" \/><a href=\"https:\/\/www.radiopiu.net\/wordpress\/wp-content\/uploads\/2022\/05\/GIANNI-CASA-DI-SOGGIORNO.mp3\">https:\/\/www.radiopiu.net\/wordpress\/wp-content\/uploads\/2022\/05\/GIANNI-CASA-DI-SOGGIORNO.mp3<\/a><\/audio>\n<p>&nbsp;<\/p>\n<hr \/>\n<p>&nbsp;<\/p>\n<blockquote>\n<h3>IL GIRO D&#8217;ITALIA FA PIU&#8217; BELLA L&#8217;ITALIA&#8230; MA NON CAVIOLA<\/h3>\n<\/blockquote>\n<p><strong>FALCADE<\/strong> Ci fossero dubbi oggi le foto li\u00a0 chiariscono, i ciclisti del Giro d&#8217;Italia non passeranno per il centro di Caviola, altrimenti le strade non sarebbero in queste condizioni dopo che Bim Gsp ha piantato pala e piccone. A quando la sicurezza anche per i cittadini e chi si serve quotidianamente dell&#8217;importante viabilit\u00e0? Con la speranza che nel frattempo qualche ciclista non ci rimetta l&#8217;osso del collo. I lavori risalgono a un paio di settimane fa.<\/p>\n\n\t\t\t<style type='text\/css'>\n\t\t\t\t#gallery-4 {\n\t\t\t\t\tmargin: auto;\n\t\t\t\t}\n\t\t\t\t#gallery-4 .gallery-item {\n\t\t\t\t\tfloat: left;\n\t\t\t\t\tmargin-top: 10px;\n\t\t\t\t\ttext-align: center;\n\t\t\t\t\twidth: 33%;\n\t\t\t\t}\n\t\t\t\t#gallery-4 img {\n\t\t\t\t\tborder: 2px solid #cfcfcf;\n\t\t\t\t}\n\t\t\t\t#gallery-4 .gallery-caption {\n\t\t\t\t\tmargin-left: 0;\n\t\t\t\t}\n\t\t\t\t\/* see gallery_shortcode() in wp-includes\/media.php *\/\n\t\t\t<\/style>\n\t\t<div id='gallery-4' class='dt-gallery-container gallery galleryid-276375 gallery-columns-3 gallery-size-thumbnail'><dl class='gallery-item'>\n\t\t\t\t<dt class='gallery-icon landscape'>\n\t\t\t\t\t<a class=\"rollover rollover-zoom dt-pswp-item\" title=\"5a337587-2bef-4d4e-ae9f-bc7fb700e63c\" data-dt-img-description=\"\" data-large_image_width=\"1600\" data-large_image_height=\"777\"href='https:\/\/www.radiopiu.net\/wordpress\/wp-content\/uploads\/2022\/05\/5a337587-2bef-4d4e-ae9f-bc7fb700e63c.jpg'><img loading=\"lazy\" decoding=\"async\" width=\"150\" height=\"150\" src=\"https:\/\/www.radiopiu.net\/wordpress\/wp-content\/uploads\/2022\/05\/5a337587-2bef-4d4e-ae9f-bc7fb700e63c-150x150.jpg\" class=\"attachment-thumbnail size-thumbnail\" alt=\"\" \/><\/a>\n\t\t\t\t<\/dt><\/dl><dl class='gallery-item'>\n\t\t\t\t<dt class='gallery-icon portrait'>\n\t\t\t\t\t<a class=\"rollover rollover-zoom dt-pswp-item\" title=\"d82d950c-a92b-415d-8dc7-69c84f4d291d\" data-dt-img-description=\"\" data-large_image_width=\"777\" data-large_image_height=\"1600\"href='https:\/\/www.radiopiu.net\/wordpress\/wp-content\/uploads\/2022\/05\/d82d950c-a92b-415d-8dc7-69c84f4d291d.jpg'><img loading=\"lazy\" decoding=\"async\" width=\"150\" height=\"150\" src=\"https:\/\/www.radiopiu.net\/wordpress\/wp-content\/uploads\/2022\/05\/d82d950c-a92b-415d-8dc7-69c84f4d291d-150x150.jpg\" class=\"attachment-thumbnail size-thumbnail\" alt=\"\" \/><\/a>\n\t\t\t\t<\/dt><\/dl><dl class='gallery-item'>\n\t\t\t\t<dt class='gallery-icon landscape'>\n\t\t\t\t\t<a class=\"rollover rollover-zoom dt-pswp-item\" title=\"41634448-4203-4f1c-9ca7-7e6465633701\" data-dt-img-description=\"\" data-large_image_width=\"1600\" data-large_image_height=\"777\"href='https:\/\/www.radiopiu.net\/wordpress\/wp-content\/uploads\/2022\/05\/41634448-4203-4f1c-9ca7-7e6465633701.jpg'><img loading=\"lazy\" decoding=\"async\" width=\"150\" height=\"150\" src=\"https:\/\/www.radiopiu.net\/wordpress\/wp-content\/uploads\/2022\/05\/41634448-4203-4f1c-9ca7-7e6465633701-150x150.jpg\" class=\"attachment-thumbnail size-thumbnail\" alt=\"\" \/><\/a>\n\t\t\t\t<\/dt><\/dl><br style=\"clear: both\" \/>\n\t\t\t<\/div>\n\n<p>&nbsp;<\/p>\n<p>&nbsp;<\/p>\n<p>&nbsp;<\/p>\n<p>&nbsp;<\/p>\n<hr \/>\n<p>&nbsp;<\/p>\n<blockquote class=\"wp-embedded-content\" data-secret=\"uqNsO4Cr2h\"><p><a href=\"https:\/\/www.radiopiu.net\/wordpress\/aggnazionalemaggio18\/\">CORONAVIRUS: AGGIORNAMENTO NAZIONALE 18 MAGGIO 2022<\/a><\/p><\/blockquote>\n<p><iframe loading=\"lazy\" class=\"wp-embedded-content\" sandbox=\"allow-scripts\" security=\"restricted\" style=\"position: absolute; clip: rect(1px, 1px, 1px, 1px);\" title=\"&#8220;CORONAVIRUS: AGGIORNAMENTO NAZIONALE 18 MAGGIO 2022&#8221; &#8212; Radio Pi\u00f9\" src=\"https:\/\/www.radiopiu.net\/wordpress\/aggnazionalemaggio18\/embed\/#?secret=v7zihJkKYQ#?secret=uqNsO4Cr2h\" data-secret=\"uqNsO4Cr2h\" width=\"600\" height=\"338\" frameborder=\"0\" marginwidth=\"0\" marginheight=\"0\" scrolling=\"no\"><\/iframe><\/p>\n<p>&nbsp;<\/p>\n<blockquote class=\"wp-embedded-content\" data-secret=\"UwE0pcmOtz\"><p><a href=\"https:\/\/www.radiopiu.net\/wordpress\/aggazzeromaggio18\/\">RISALGONO I RICOVERI, IN CALO LE TERAPIE INTENSIVE, 11 I DECESSI<\/a><\/p><\/blockquote>\n<p><iframe loading=\"lazy\" class=\"wp-embedded-content\" sandbox=\"allow-scripts\" security=\"restricted\" style=\"position: absolute; clip: rect(1px, 1px, 1px, 1px);\" title=\"&#8220;RISALGONO I RICOVERI, IN CALO LE TERAPIE INTENSIVE, 11 I DECESSI&#8221; &#8212; Radio Pi\u00f9\" src=\"https:\/\/www.radiopiu.net\/wordpress\/aggazzeromaggio18\/embed\/#?secret=IMEdA4wb4J#?secret=UwE0pcmOtz\" data-secret=\"UwE0pcmOtz\" width=\"600\" height=\"338\" frameborder=\"0\" marginwidth=\"0\" marginheight=\"0\" scrolling=\"no\"><\/iframe><\/p>\n<p>&nbsp;<\/p>\n<h2 dir=\"auto\">I GRAFICI DI TIZIANO DE COL<\/h2>\n\n\t\t\t<style type='text\/css'>\n\t\t\t\t#gallery-5 {\n\t\t\t\t\tmargin: auto;\n\t\t\t\t}\n\t\t\t\t#gallery-5 .gallery-item {\n\t\t\t\t\tfloat: left;\n\t\t\t\t\tmargin-top: 10px;\n\t\t\t\t\ttext-align: center;\n\t\t\t\t\twidth: 33%;\n\t\t\t\t}\n\t\t\t\t#gallery-5 img {\n\t\t\t\t\tborder: 2px solid #cfcfcf;\n\t\t\t\t}\n\t\t\t\t#gallery-5 .gallery-caption {\n\t\t\t\t\tmargin-left: 0;\n\t\t\t\t}\n\t\t\t\t\/* see gallery_shortcode() in wp-includes\/media.php *\/\n\t\t\t<\/style>\n\t\t<div id='gallery-5' class='dt-gallery-container gallery galleryid-276375 gallery-columns-3 gallery-size-thumbnail'><dl class='gallery-item'>\n\t\t\t\t<dt class='gallery-icon landscape'>\n\t\t\t\t\t<a class=\"rollover rollover-zoom dt-pswp-item\" title=\"3b8cb3de-e3bf-4a49-807d-271e5c661259\" data-dt-img-description=\"\" data-large_image_width=\"593\" data-large_image_height=\"358\"href='https:\/\/www.radiopiu.net\/wordpress\/wp-content\/uploads\/2022\/05\/3b8cb3de-e3bf-4a49-807d-271e5c661259.jpg'><img loading=\"lazy\" decoding=\"async\" width=\"150\" height=\"150\" src=\"https:\/\/www.radiopiu.net\/wordpress\/wp-content\/uploads\/2022\/05\/3b8cb3de-e3bf-4a49-807d-271e5c661259-150x150.jpg\" class=\"attachment-thumbnail size-thumbnail\" alt=\"\" \/><\/a>\n\t\t\t\t<\/dt><\/dl><dl class='gallery-item'>\n\t\t\t\t<dt class='gallery-icon landscape'>\n\t\t\t\t\t<a class=\"rollover rollover-zoom dt-pswp-item\" title=\"f2d090a8-642c-4dd7-a101-4bfcb5dda878\" data-dt-img-description=\"\" data-large_image_width=\"585\" data-large_image_height=\"359\"href='https:\/\/www.radiopiu.net\/wordpress\/wp-content\/uploads\/2022\/05\/f2d090a8-642c-4dd7-a101-4bfcb5dda878.jpg'><img loading=\"lazy\" decoding=\"async\" width=\"150\" height=\"150\" src=\"https:\/\/www.radiopiu.net\/wordpress\/wp-content\/uploads\/2022\/05\/f2d090a8-642c-4dd7-a101-4bfcb5dda878-150x150.jpg\" class=\"attachment-thumbnail size-thumbnail\" alt=\"\" \/><\/a>\n\t\t\t\t<\/dt><\/dl><dl class='gallery-item'>\n\t\t\t\t<dt class='gallery-icon landscape'>\n\t\t\t\t\t<a class=\"rollover rollover-zoom dt-pswp-item\" title=\"193906e5-8ed5-4b5e-b951-902b21445ccd\" data-dt-img-description=\"\" data-large_image_width=\"606\" data-large_image_height=\"364\"href='https:\/\/www.radiopiu.net\/wordpress\/wp-content\/uploads\/2022\/05\/193906e5-8ed5-4b5e-b951-902b21445ccd.jpg'><img loading=\"lazy\" decoding=\"async\" width=\"150\" height=\"150\" src=\"https:\/\/www.radiopiu.net\/wordpress\/wp-content\/uploads\/2022\/05\/193906e5-8ed5-4b5e-b951-902b21445ccd-150x150.jpg\" class=\"attachment-thumbnail size-thumbnail\" alt=\"\" \/><\/a>\n\t\t\t\t<\/dt><\/dl><br style=\"clear: both\" \/><dl class='gallery-item'>\n\t\t\t\t<dt class='gallery-icon landscape'>\n\t\t\t\t\t<a class=\"rollover rollover-zoom dt-pswp-item\" title=\"dac614a2-2c0f-41e6-a497-6d34010aff69\" data-dt-img-description=\"\" data-large_image_width=\"608\" data-large_image_height=\"363\"href='https:\/\/www.radiopiu.net\/wordpress\/wp-content\/uploads\/2022\/05\/dac614a2-2c0f-41e6-a497-6d34010aff69.jpg'><img loading=\"lazy\" decoding=\"async\" width=\"150\" height=\"150\" src=\"https:\/\/www.radiopiu.net\/wordpress\/wp-content\/uploads\/2022\/05\/dac614a2-2c0f-41e6-a497-6d34010aff69-150x150.jpg\" class=\"attachment-thumbnail size-thumbnail\" alt=\"\" \/><\/a>\n\t\t\t\t<\/dt><\/dl><dl class='gallery-item'>\n\t\t\t\t<dt class='gallery-icon landscape'>\n\t\t\t\t\t<a class=\"rollover rollover-zoom dt-pswp-item\" title=\"f8c4969b-69a6-4a6a-9c96-f4a4947d18e9\" data-dt-img-description=\"\" data-large_image_width=\"610\" data-large_image_height=\"353\"href='https:\/\/www.radiopiu.net\/wordpress\/wp-content\/uploads\/2022\/05\/f8c4969b-69a6-4a6a-9c96-f4a4947d18e9.jpg'><img loading=\"lazy\" decoding=\"async\" width=\"150\" height=\"150\" src=\"https:\/\/www.radiopiu.net\/wordpress\/wp-content\/uploads\/2022\/05\/f8c4969b-69a6-4a6a-9c96-f4a4947d18e9-150x150.jpg\" class=\"attachment-thumbnail size-thumbnail\" alt=\"\" \/><\/a>\n\t\t\t\t<\/dt><\/dl><dl class='gallery-item'>\n\t\t\t\t<dt class='gallery-icon landscape'>\n\t\t\t\t\t<a class=\"rollover rollover-zoom dt-pswp-item\" title=\"21be071c-f660-42ba-a14f-70182d7a023f\" data-dt-img-description=\"\" data-large_image_width=\"616\" data-large_image_height=\"362\"href='https:\/\/www.radiopiu.net\/wordpress\/wp-content\/uploads\/2022\/05\/21be071c-f660-42ba-a14f-70182d7a023f.jpg'><img loading=\"lazy\" decoding=\"async\" width=\"150\" height=\"150\" src=\"https:\/\/www.radiopiu.net\/wordpress\/wp-content\/uploads\/2022\/05\/21be071c-f660-42ba-a14f-70182d7a023f-150x150.jpg\" class=\"attachment-thumbnail size-thumbnail\" alt=\"\" \/><\/a>\n\t\t\t\t<\/dt><\/dl><br style=\"clear: both\" \/>\n\t\t\t<\/div>\n\n<p>&nbsp;<\/p>\n<p>&nbsp;<\/p>\n<p>&nbsp;<\/p>\n<hr \/>\n<p>&nbsp;<\/p>\n<blockquote>\n<h3>CGIL FIOM, SEI DELEGATI NELLA RSU DELLA COSTAN<\/h3>\n<\/blockquote>\n<p><strong><a class=\"dt-pswp-item\" href=\"https:\/\/www.radiopiu.net\/wordpress\/wp-content\/uploads\/2022\/05\/ada9313b-bf4f-450b-8960-356d8d682b8a.jpg\" data-dt-img-description=\"\" data-large_image_width=\"234\" data-large_image_height=\"176\"><img loading=\"lazy\" decoding=\"async\" class=\" wp-image-276540 alignleft\" src=\"https:\/\/www.radiopiu.net\/wordpress\/wp-content\/uploads\/2022\/05\/ada9313b-bf4f-450b-8960-356d8d682b8a-150x150.jpg\" alt=\"\" width=\"119\" height=\"119\" \/><\/a>LIMANA<\/strong> Con il rinnovo della RSU alla Epta Costan la Fiom Cgil si conferma il sindacato maggiormente rappresentativo nel comparto metalmeccanico nella provincia. Nella pi\u00f9 grande azienda metalmeccanica con i suoi oltre 1200 dipendenti la Fiom elegge 6 delegati confermando la sua maggioranza in termini di consenso tra gli operai e gli impiegati, ottenendo quasi 100 voti pi\u00f9 della Fim Cisl e il doppio della Uilm Uil. Per la prima volta un candidato della Fiom risulta il pi\u00f9 votato con le 74 preferenze ottenute dal nostro Simone Sitta e due donne fanno parte della nostra componente RSU in Epta Costan tra le quali una in rappresentanza degli impiegati.<\/p>\n<p><strong>IL COMMENTO DI STEFANO BONA, SEGRETARIO GENERALE FIOM CGIL<\/strong><\/p>\n<blockquote><p><em><a class=\"dt-pswp-item\" href=\"https:\/\/www.radiopiu.net\/wordpress\/wp-content\/uploads\/2022\/05\/54f57bf7-e5fe-4664-b701-f281dbfa7d6a.jpg\" data-dt-img-description=\"\" data-large_image_width=\"640\" data-large_image_height=\"640\"><img loading=\"lazy\" decoding=\"async\" class=\"size-thumbnail wp-image-276541 alignright\" src=\"https:\/\/www.radiopiu.net\/wordpress\/wp-content\/uploads\/2022\/05\/54f57bf7-e5fe-4664-b701-f281dbfa7d6a-150x150.jpg\" alt=\"\" width=\"150\" height=\"150\" srcset=\"https:\/\/www.radiopiu.net\/wordpress\/wp-content\/uploads\/2022\/05\/54f57bf7-e5fe-4664-b701-f281dbfa7d6a-150x150.jpg 150w, https:\/\/www.radiopiu.net\/wordpress\/wp-content\/uploads\/2022\/05\/54f57bf7-e5fe-4664-b701-f281dbfa7d6a-300x300.jpg 300w, https:\/\/www.radiopiu.net\/wordpress\/wp-content\/uploads\/2022\/05\/54f57bf7-e5fe-4664-b701-f281dbfa7d6a.jpg 640w\" sizes=\"auto, (max-width: 150px) 100vw, 150px\" \/><\/a>Questo eccezionale risultato lo abbiamo ottenuto grazie al grande lavoro dei nostri 19 candidati e candidate che sono il nostro inestimabile patrimonio. A chi sostiene che l\u2019esito del voto \u00e8 in continuit\u00e0 con il passato oppure che rappresenta una crescita in termini di consenso ricordiamo che nei tre anni trascorsi la fabbrica e la composizione delle sue maestranza \u00e8 profondamente mutata e quindi il risultato di ieri non pu\u00f2 in alcun modo essere collegato alle passate elezioni RSU. Alle lavoratrici e ai lavoratori di Epta va il nostro ringraziamento per la fiducia che hanno espresso con il voto ai nostri candidati e questo ci impegna e ci sprona a dare compimento al programma presentato. Con il risultato di ieri la Fiom Cgil di Belluno consolida la sua maggioranza nel comparto metalmeccanico in provincia di Belluno con oltre il 65% delle RSU certificate, in questi ultimi anni ha conquistato o mantenuto la maggioranza alla Clivet di Feltre 5 delegati Fiom 1 Fim alla Gavazzi di Belluno 2 Fiom 1 Uilm alla Hydro di Feltre dove era minoranza ora \u00e8 maggioranza 2 delegati Fiom 1 Fim, confermiamo 3 delegati su 3 alla Metalba di Longarone cos\u00ec come alla Meccanostampi di Limana, alla IMV di Quero eleggiamo 2 delegati su 2 come alla Forgialluminio di Pedavena, alla Vitec di Feltre storica roccaforte cislina abbiamo eletto un delegato che \u00e8 risultato di gran lunga il pi\u00f9 votato e recentemente abbiamo ottenuto un grande risultato alla Edim Bosch di Quero strappando la maggioranza alla Fim con 2 delegati eletti contro 1 della Fim mancando il terzo per soli 2 voti. In tutto ci\u00f2 resta incomprensibile quanto riportato recentemente da qualche organo di stampa che lascierebbe intendere come la Fiom sia in una fase di arretramento della sua rappresentanza, ogni azienda ha la sua storia come i delegati che l\u2019hanno determinata ed \u00e8 sbagliato e fuorviante strumentalizzare singole vicende, quel che \u00e8 certo \u00e8 che la Fiom continua ad essere punto di riferimento per i lavoratori metalmeccanici in provincia per costruire migliori condizioni economiche e normative e che lavoreremo per garantire la nostra presenza anche nelle aziende nelle quali temporaneamente non lo siamo.<\/em><\/p><\/blockquote>\n<p>&nbsp;<\/p>\n<hr \/>\n<p>&nbsp;<\/p>\n<blockquote>\n<h3>DALL\u2019EUROPA VIA LIBERA ALLA REVISIONE DEL PNRR<\/h3>\n<\/blockquote>\n<p><strong>VENEZIA <\/strong>\u201c<em>Lo dico da mesi e finalmente qualcosa si muove: il Pnrr va aggiornato. Il boom dei prezzi e la guerra in Ucraina ci hanno insegnato che il nostro obiettivo \u00e8 l\u2019autonomia energetica e che non possiamo pi\u00f9 dipendere da un fornitore come la Russia, che vale il 38% del fabbisogno di gas. Finalmente l\u2019Unione Europea ha deciso di investire in questa direzione con il RePower Eu, una sorta di secondo Pnrr, che potr\u00e0 garantire fondi verso autonomia ed efficienza energetica, cos\u00ec da rendere la Ue pi\u00f9 indipendente<\/em>\u201d. Con queste parole il presidente della Regione Veneto ha commentato il via libera della Commissione Ue alla modifica dei Pnrr per finanziare le riforme e gli investimenti legati all&#8217;energia.<\/p>\n<p>&nbsp;<\/p>\n<p>&nbsp;<\/p>\n<hr \/>\n<p>&nbsp;<\/p>\n<blockquote>\n<h3>CONSEGNATE 3000 BORRACCE PER RIDURRE IL CONSUMO DI PLASTICA<br \/>\n<strong>\u00a0<\/strong><\/h3>\n<\/blockquote>\n<p><strong><a class=\"dt-pswp-item\" href=\"https:\/\/www.radiopiu.net\/wordpress\/wp-content\/uploads\/2022\/05\/consegna_borracce_1.jpeg\" data-dt-img-description=\"\" data-large_image_width=\"1024\" data-large_image_height=\"768\"><img loading=\"lazy\" decoding=\"async\" class=\" wp-image-276484 alignleft\" src=\"https:\/\/www.radiopiu.net\/wordpress\/wp-content\/uploads\/2022\/05\/consegna_borracce_1-150x150.jpeg\" alt=\"\" width=\"121\" height=\"121\" \/><\/a>BELLUNO<\/strong>\u00a0Sono state consegnate ieri\u00a0 3.000 borracce in acciaio ad altrettanti studenti degli istituti superiori Itis Negrelli di Feltre, dell\u2019Itis Segato, Ipsia Brustolon di Belluno, Calvi di Belluno e Liceo Renier di Belluno. La distribuzione \u00e8 stata fatta da Met\u00e0logos e da Bellunum. Gli studenti hanno consegnato una lettera ai rispettivi dirigenti scolastici chiedendo la sostituzione dei distributori di acqua monouso con erogatori d\u2019acqua. Obiettivo dell\u2019iniziativa \u00e8\u00a0 ridurre drasticamente il consumo di plastica monouso nelle scuole, eliminando bicchieri e bottiglie non riciclabili a favore di materiali sostenibili. Il progetto prevede la conversione dei distributori automatici, almeno per quanto riguarda la fornitura di acqua e l\u2019installazione dei distributori a fontana.<\/p>\n<p>&nbsp;<\/p>\n\n\t\t\t<style type='text\/css'>\n\t\t\t\t#gallery-6 {\n\t\t\t\t\tmargin: auto;\n\t\t\t\t}\n\t\t\t\t#gallery-6 .gallery-item {\n\t\t\t\t\tfloat: left;\n\t\t\t\t\tmargin-top: 10px;\n\t\t\t\t\ttext-align: center;\n\t\t\t\t\twidth: 33%;\n\t\t\t\t}\n\t\t\t\t#gallery-6 img {\n\t\t\t\t\tborder: 2px solid #cfcfcf;\n\t\t\t\t}\n\t\t\t\t#gallery-6 .gallery-caption {\n\t\t\t\t\tmargin-left: 0;\n\t\t\t\t}\n\t\t\t\t\/* see gallery_shortcode() in wp-includes\/media.php *\/\n\t\t\t<\/style>\n\t\t<div id='gallery-6' class='dt-gallery-container gallery galleryid-276375 gallery-columns-3 gallery-size-thumbnail'><dl class='gallery-item'>\n\t\t\t\t<dt class='gallery-icon landscape'>\n\t\t\t\t\t<a class=\"rollover rollover-zoom dt-pswp-item\" title=\"consegna_borracce_4\" data-dt-img-description=\"\" data-large_image_width=\"1024\" data-large_image_height=\"768\"href='https:\/\/www.radiopiu.net\/wordpress\/wp-content\/uploads\/2022\/05\/consegna_borracce_4.jpeg'><img loading=\"lazy\" decoding=\"async\" width=\"150\" height=\"150\" src=\"https:\/\/www.radiopiu.net\/wordpress\/wp-content\/uploads\/2022\/05\/consegna_borracce_4-150x150.jpeg\" class=\"attachment-thumbnail size-thumbnail\" alt=\"\" \/><\/a>\n\t\t\t\t<\/dt><\/dl><dl class='gallery-item'>\n\t\t\t\t<dt class='gallery-icon landscape'>\n\t\t\t\t\t<a class=\"rollover rollover-zoom dt-pswp-item\" title=\"consegna_borracce_6\" data-dt-img-description=\"\" data-large_image_width=\"1024\" data-large_image_height=\"768\"href='https:\/\/www.radiopiu.net\/wordpress\/wp-content\/uploads\/2022\/05\/consegna_borracce_6.jpeg'><img loading=\"lazy\" decoding=\"async\" width=\"150\" height=\"150\" src=\"https:\/\/www.radiopiu.net\/wordpress\/wp-content\/uploads\/2022\/05\/consegna_borracce_6-150x150.jpeg\" class=\"attachment-thumbnail size-thumbnail\" alt=\"\" \/><\/a>\n\t\t\t\t<\/dt><\/dl><dl class='gallery-item'>\n\t\t\t\t<dt class='gallery-icon landscape'>\n\t\t\t\t\t<a class=\"rollover rollover-zoom dt-pswp-item\" title=\"consegna_borracce_2\" data-dt-img-description=\"\" data-large_image_width=\"1024\" data-large_image_height=\"768\"href='https:\/\/www.radiopiu.net\/wordpress\/wp-content\/uploads\/2022\/05\/consegna_borracce_2.jpeg'><img loading=\"lazy\" decoding=\"async\" width=\"150\" height=\"150\" src=\"https:\/\/www.radiopiu.net\/wordpress\/wp-content\/uploads\/2022\/05\/consegna_borracce_2-150x150.jpeg\" class=\"attachment-thumbnail size-thumbnail\" alt=\"\" \/><\/a>\n\t\t\t\t<\/dt><\/dl><br style=\"clear: both\" \/>\n\t\t\t<\/div>\n\n<p>&nbsp;<\/p>\n<p>&nbsp;<\/p>\n<hr \/>\n<p>&nbsp;<\/p>\n<blockquote>\n<blockquote>\n<h3>ASCOLTARE PER CONOSCERE: L\u2019EVENTO ONLINE DEL CILP<\/h3>\n<\/blockquote>\n<\/blockquote>\n<p><strong class=\"photoswipe-wrapper\"><a class=\"dt-pswp-item\" href=\"https:\/\/www.radiopiu.net\/wordpress\/wp-content\/uploads\/2022\/05\/281792402_10158884231114503_1572420698606156060_n.jpg\" data-dt-img-description=\"\" data-large_image_width=\"1200\" data-large_image_height=\"1200\"><img loading=\"lazy\" decoding=\"async\" class=\" wp-image-276496 alignleft\" src=\"https:\/\/www.radiopiu.net\/wordpress\/wp-content\/uploads\/2022\/05\/281792402_10158884231114503_1572420698606156060_n-150x150.jpg\" alt=\"\" width=\"120\" height=\"120\" srcset=\"https:\/\/www.radiopiu.net\/wordpress\/wp-content\/uploads\/2022\/05\/281792402_10158884231114503_1572420698606156060_n-150x150.jpg 150w, https:\/\/www.radiopiu.net\/wordpress\/wp-content\/uploads\/2022\/05\/281792402_10158884231114503_1572420698606156060_n-300x300.jpg 300w, https:\/\/www.radiopiu.net\/wordpress\/wp-content\/uploads\/2022\/05\/281792402_10158884231114503_1572420698606156060_n-1024x1024.jpg 1024w, https:\/\/www.radiopiu.net\/wordpress\/wp-content\/uploads\/2022\/05\/281792402_10158884231114503_1572420698606156060_n-768x768.jpg 768w, https:\/\/www.radiopiu.net\/wordpress\/wp-content\/uploads\/2022\/05\/281792402_10158884231114503_1572420698606156060_n.jpg 1200w\" sizes=\"auto, (max-width: 120px) 100vw, 120px\" \/><\/a>FELTRE\u00a0 <\/strong>E&#8217; iniziato ieri sera\u00a0 l&#8217;evento &#8220;Ascoltare per conoscere&#8221; per affrontare le \u00a0tante tematiche importanti, condividendo esperienze e punti di vista.<br \/>\nIeri:\u00a0 Susanna Tamaro, con le difficolt\u00e0 del percorso scolastico in presenza di disturbi visivi o dell&#8217;apprendimento: \u00a0Valentina Borsella, con i progetti della Fondazione Carlo Molo per l\u2019inclusione degli afasici; \u00a0Michele Inturri ha raccontato\u00a0 la sua esperienza come donatore di voce. \u00a0Carlo Cottarelli, economista\u00a0 sull&#8217;investimento nella cultura. \u00a0Mario Cottarelli, sullo svilimento linguistico del turpiloquio. Marzio Bossi,\u00a0 e l\u2019esperienza dei donatori di voce in carcere a Bologna. Katjuscia Casagrande\u00a0 con il piano di inclusivit\u00e0 del liceo Dal PIaz. Matteo Masini \/ Michele Vello,\u00a0 sui progetti inclusivi nell&#8217;istituto di S.Giustina. \u00a0Maria Pastrello ha parlato della sua esperienza da dirigente scolastico e membro del CTS<\/p>\n<p><iframe loading=\"lazy\" title=\"Ascoltare per conoscere - giorno 01\" width=\"1200\" height=\"675\" src=\"https:\/\/www.youtube.com\/embed\/1lraSyYtnSE?feature=oembed\" frameborder=\"0\" allow=\"accelerometer; autoplay; clipboard-write; encrypted-media; gyroscope; picture-in-picture\" allowfullscreen><\/iframe><\/p>\n<p>&nbsp;<\/p>\n<hr \/>\n<p>&nbsp;<\/p>\n<blockquote>\n<h3>RIPRENDONO I CORSI DI PITTURA &#8220;APS PIG&amp;MENTI&#8221;<\/h3>\n<\/blockquote>\n<p><strong>di Brunella Moro<\/strong><\/p>\n<p><img loading=\"lazy\" decoding=\"async\" class=\"alignleft\" src=\"https:\/\/www.radiopiu.net\/wordpress\/wp-content\/uploads\/2022\/05\/3b8e5453-fc72-4b5b-abc7-bca69f0902c0-300x300.jpg\" width=\"139\" height=\"139\" \/><strong>BELLUNO<\/strong> A un anno dalla sua fondazione ,riprende vita l\u2019associazione APS PIG&amp;MENTI di Belluno ,con un nuovo corso dedicato alla pittura a olio e a varie tecniche di disegno . Questa volta i corsi si svolgeranno nella nuova sede di Longarone,a partire da mercoled\u00ec prossimo 25 maggio Le iscrizioni sono aperte a tutti coloro che vorranno cimentarsi in questa affascinante arte. APS PIG&amp;MENTI promuove anche conferenze e gite culturali guidate dal dottor Barbazza e dal valente professor Michele Tison , lo stesso che diriger\u00e0 anche il corso di pittura. Seguiranno prossimamente anche corsi di affresco e realizzazione di icone . Per informazioni e iscrizioni rivolgersi al numero 3331324592<\/p>\n<p>&nbsp;<\/p>\n<p>&nbsp;<\/p>\n<hr \/>\n<h2><span style=\"color: #ff0000;\">\u00a0\u00a0<\/span><\/h2>\n<h2><span style=\"color: #ff0000;\">IERI ALLA RADIO\u00a0\u00a0<\/span><\/h2>\n<blockquote>\n<h2>SAVE THE DATE, 2 GIUGNO PALAFALCADE CON L&#8217;ORCHESTRA DA BALLO DI BAGUTTI<\/h2>\n<h2><a class=\"dt-pswp-item\" href=\"https:\/\/www.radiopiu.net\/wordpress\/wp-content\/uploads\/2022\/05\/281706031_7621074247933383_5294172386003535739_n.jpg\" data-dt-img-description=\"\" data-large_image_width=\"1080\" data-large_image_height=\"1080\"><img loading=\"lazy\" decoding=\"async\" class=\"size-thumbnail wp-image-276498 alignleft\" src=\"https:\/\/www.radiopiu.net\/wordpress\/wp-content\/uploads\/2022\/05\/281706031_7621074247933383_5294172386003535739_n-150x150.jpg\" alt=\"\" width=\"150\" height=\"150\" srcset=\"https:\/\/www.radiopiu.net\/wordpress\/wp-content\/uploads\/2022\/05\/281706031_7621074247933383_5294172386003535739_n-150x150.jpg 150w, https:\/\/www.radiopiu.net\/wordpress\/wp-content\/uploads\/2022\/05\/281706031_7621074247933383_5294172386003535739_n-300x300.jpg 300w, https:\/\/www.radiopiu.net\/wordpress\/wp-content\/uploads\/2022\/05\/281706031_7621074247933383_5294172386003535739_n-1024x1024.jpg 1024w, https:\/\/www.radiopiu.net\/wordpress\/wp-content\/uploads\/2022\/05\/281706031_7621074247933383_5294172386003535739_n-768x768.jpg 768w, https:\/\/www.radiopiu.net\/wordpress\/wp-content\/uploads\/2022\/05\/281706031_7621074247933383_5294172386003535739_n.jpg 1080w\" sizes=\"auto, (max-width: 150px) 100vw, 150px\" \/><\/a><strong>OSPITI ANTONELLA SCHENA, CRISTIAN MASSARENTI E GIANMARCO BAGUTTI\u00a0<\/strong><\/h2>\n<\/blockquote>\n<p><strong>AUDIO\u00a0<\/strong><\/p>\n<audio class=\"wp-audio-shortcode\" id=\"audio-276375-5\" preload=\"none\" style=\"width: 100%;\" controls=\"controls\"><source type=\"audio\/mpeg\" src=\"https:\/\/www.radiopiu.net\/wordpress\/wp-content\/uploads\/2022\/05\/ginamarco-bagutti-18-maggio.mp3?_=5\" \/><a href=\"https:\/\/www.radiopiu.net\/wordpress\/wp-content\/uploads\/2022\/05\/ginamarco-bagutti-18-maggio.mp3\">https:\/\/www.radiopiu.net\/wordpress\/wp-content\/uploads\/2022\/05\/ginamarco-bagutti-18-maggio.mp3<\/a><\/audio>\n<p><strong>LO SPOT ALLA RADIO\u00a0<\/strong><\/p>\n<audio class=\"wp-audio-shortcode\" id=\"audio-276375-6\" preload=\"none\" style=\"width: 100%;\" controls=\"controls\"><source type=\"audio\/mpeg\" src=\"https:\/\/www.radiopiu.net\/wordpress\/wp-content\/uploads\/2022\/05\/BAGUTTI-SPOT.mp3?_=6\" \/><a href=\"https:\/\/www.radiopiu.net\/wordpress\/wp-content\/uploads\/2022\/05\/BAGUTTI-SPOT.mp3\">https:\/\/www.radiopiu.net\/wordpress\/wp-content\/uploads\/2022\/05\/BAGUTTI-SPOT.mp3<\/a><\/audio>\n<p>&nbsp;<\/p>\n<hr \/>\n<p>&nbsp;<\/p>\n<h2><span style=\"color: #ff0000;\">IERI ALLA RADIO\u00a0\u00a0<\/span><\/h2>\n<blockquote class=\"wp-embedded-content\" data-secret=\"pAXFSbDwbX\"><p><a href=\"https:\/\/www.radiopiu.net\/wordpress\/radio-club-cime-bianche-sicurezza-per-il-territorio-e-impegno-nel-sociale\/\">RADIO CLUB CIME BIANCHE, SICUREZZA PER IL TERRITORIO E IMPEGNO NEL SOCIALE<\/a><\/p><\/blockquote>\n<p><iframe loading=\"lazy\" class=\"wp-embedded-content\" sandbox=\"allow-scripts\" security=\"restricted\" style=\"position: absolute; clip: rect(1px, 1px, 1px, 1px);\" title=\"&#8220;RADIO CLUB CIME BIANCHE, SICUREZZA PER IL TERRITORIO E IMPEGNO NEL SOCIALE&#8221; &#8212; Radio Pi\u00f9\" src=\"https:\/\/www.radiopiu.net\/wordpress\/radio-club-cime-bianche-sicurezza-per-il-territorio-e-impegno-nel-sociale\/embed\/#?secret=gUuEqtw4YO#?secret=pAXFSbDwbX\" data-secret=\"pAXFSbDwbX\" width=\"600\" height=\"338\" frameborder=\"0\" marginwidth=\"0\" marginheight=\"0\" scrolling=\"no\"><\/iframe><\/p>\n<p>&nbsp;<\/p>\n<hr \/>\n<p>&nbsp;<\/p>\n<h2><span style=\"color: #ff0000;\">OGGI ALLA RADIO<\/span><\/h2>\n<p>&nbsp;<\/p>\n<blockquote>\n<h3><a class=\"dt-pswp-item\" href=\"https:\/\/www.radiopiu.net\/wordpress\/wp-content\/uploads\/2022\/05\/petti.jpg\" data-dt-img-description=\"\" data-large_image_width=\"269\" data-large_image_height=\"131\"><img loading=\"lazy\" decoding=\"async\" class=\"wp-image-275145 alignleft\" src=\"https:\/\/www.radiopiu.net\/wordpress\/wp-content\/uploads\/2022\/05\/petti.jpg\" alt=\"\" width=\"218\" height=\"106\" \/><\/a>FORMAZIONE PETTIROSSO AGORDINO <strong>\u00a0OGGI ALLE 15.10 E ALLE 20.30 IN &#8220;CARPE DIEM&#8221; LO SPECIALE ALLA RADIO, OSPITI SONIA D&#8217;AGOSTINI (PRESIDENTE PETTIROSSO AGORDINO) E LA DOTTORESSA ELIANA CORAZZIN SPECIALISTA IN CURE PALLIATIVE.<\/strong><\/h3>\n<\/blockquote>\n<p><strong>CENCENIGHE<\/strong> &#8220;Il tempo della cura e le disposizioni anticipate di trattamento, come costruire le mie scelte per il futuro&#8221; \u00e8 il titolo dell&#8217;incontro promosso dall&#8217;associazione Pettirosso Agordino (sollievo e assistenza al malato e alla sua famiglia) in programma il 23 maggio alle 20.30 nella sala culturale del Comune di Cencenighe (Nof Filo&#8217;). Relatrici la professoressa Lucia Busatta, giurista esperta in bio diritto e Francesca De Biasi psicologa terapeuta.<\/p>\n<p><strong>DI GIANNI SANTOMASO<\/strong><\/p>\n<audio class=\"wp-audio-shortcode\" id=\"audio-276375-7\" preload=\"none\" style=\"width: 100%;\" controls=\"controls\"><source type=\"audio\/mpeg\" src=\"https:\/\/www.radiopiu.net\/wordpress\/wp-content\/uploads\/2022\/05\/GIANNI-PETTIROSSO-AGORDINO.mp3?_=7\" \/><a href=\"https:\/\/www.radiopiu.net\/wordpress\/wp-content\/uploads\/2022\/05\/GIANNI-PETTIROSSO-AGORDINO.mp3\">https:\/\/www.radiopiu.net\/wordpress\/wp-content\/uploads\/2022\/05\/GIANNI-PETTIROSSO-AGORDINO.mp3<\/a><\/audio>\n<p>&nbsp;<\/p>\n<hr \/>\n<p>&nbsp;<\/p>\n<blockquote>\n<h3>SERVONO URGENTI AIUTI PER PORTARE I BAMBINI UCRAINI IN ITALIA<\/h3>\n<\/blockquote>\n<p><strong><img loading=\"lazy\" decoding=\"async\" class=\"alignleft\" src=\"https:\/\/www.radiopiu.net\/wordpress\/wp-content\/uploads\/2022\/05\/Schermata-2022-05-14-alle-11.22.05.png\" width=\"238\" height=\"163\" \/>COMELICO<\/strong> L&#8217;associazione comeliana &#8220;La vita \u00e8 un dono di Dio&#8221; sta organizzando un viaggio urgente con ambulanze per portare alcuni bambini dall&#8217;ospedale di Zaporizhzhia vicino a Mariupol in un ospedale italiano dove li stanno gi\u00e0 aspettando, sono bimbi di et\u00e0 compresa tra\u00a0 i 3 e i 6 anni ,\u00a0 la loro casa \u00e8 stata bombardata\u00a0 e non hanno pi\u00f9 nulla. L&#8217;iniziativa per prevede costi elevati, per questo la richiesta di contributi a <span style=\"color: #ff0000;\"><strong>LA VITA \u00c8 UN DONO DI DIO Associazione benefica no-profit\u00a0 IBAN IT89Y0585661280028571470180 Cell. 3888091544 Email. vitaundonodidio@gmail.com<\/strong><\/span><\/p>\n<p>Dall&#8217;Ucraina in Italia per avere una vita migliore ma il cuore rimane nella terra d&#8217;origine. Lei \u00e8 Gallia Halyna (foto)\u00a0 ed \u00e8 arrivata in Italia circa 12 anni fa. Nel frattempo ha messo su famiglia sposando un italiano. La guerra in Ucraina ha spinto Gallia ad aiutare i suoi connazionali e con la sua associazione &#8220;La Vita \u00e8 Un Dono Di Dio&#8221; ha gi\u00e0 effettuato 3 viaggi portando aiuti al popolo ucraino. Il 23 maggio ci sar\u00e0 un&#8217;altra partenza verso l&#8217;Ucraina per aiutare le persone che soffrono<\/p>\n<p>&nbsp;<\/p>\n<hr \/>\n<p>&nbsp;<\/p>\n<p>&nbsp;<\/p>\n<blockquote>\n<h2>INAUGURATO IL SENTIERO DEL RESPIRO CON CORNICE IL CASTELLO DI ANDRAZ<\/h2>\n<\/blockquote>\n<p><strong><a class=\"dt-pswp-item\" href=\"https:\/\/www.radiopiu.net\/wordpress\/wp-content\/uploads\/2022\/05\/1_Sentiero-del-Respiro_Castello-Andraz_18-maggio.jpg\" data-dt-img-description=\"\" data-large_image_width=\"2048\" data-large_image_height=\"1536\"><img loading=\"lazy\" decoding=\"async\" class=\"wp-image-276482 alignleft\" src=\"https:\/\/www.radiopiu.net\/wordpress\/wp-content\/uploads\/2022\/05\/1_Sentiero-del-Respiro_Castello-Andraz_18-maggio-300x225.jpg\" alt=\"\" width=\"237\" height=\"178\" srcset=\"https:\/\/www.radiopiu.net\/wordpress\/wp-content\/uploads\/2022\/05\/1_Sentiero-del-Respiro_Castello-Andraz_18-maggio-300x225.jpg 300w, https:\/\/www.radiopiu.net\/wordpress\/wp-content\/uploads\/2022\/05\/1_Sentiero-del-Respiro_Castello-Andraz_18-maggio-1024x768.jpg 1024w, https:\/\/www.radiopiu.net\/wordpress\/wp-content\/uploads\/2022\/05\/1_Sentiero-del-Respiro_Castello-Andraz_18-maggio-768x576.jpg 768w, https:\/\/www.radiopiu.net\/wordpress\/wp-content\/uploads\/2022\/05\/1_Sentiero-del-Respiro_Castello-Andraz_18-maggio-1536x1152.jpg 1536w, https:\/\/www.radiopiu.net\/wordpress\/wp-content\/uploads\/2022\/05\/1_Sentiero-del-Respiro_Castello-Andraz_18-maggio.jpg 2048w\" sizes=\"auto, (max-width: 237px) 100vw, 237px\" \/><\/a>LIVINALLONGO<\/strong> \u00c8 stato inaugurato \u201cIl Sentiero del Respiro\u201d, un percorso naturalistico-educazionale di 3 km affiancato da un\u2019operazione di rimboschimento di 10.000 alberi nell\u2019area che circonda il suggestivo Castello di Andraz. Sar\u00e0 realizzato dalla Forestale del Veneto insieme a Veneto Agricoltura e al Comune per riconnettere la natura alle persone, puntando alla valorizzazione turistico-ricettiva e boschiva del territorio, colpito, nel 2018, dalla tempesta di Vaia. Alla cerimonia inaugurale e alla presenza delle Istituzioni, con i 50 bambini delle scuole elementari di Arabba, sono stati piantati i primi cento dei 10.000 pini cembri (cirmoli). Il Sentiero, lungo circa 3 km, di cui i primi 400 metri adatti per i non vedenti e i non deambulanti, inizier\u00e0 dentro l\u2019antico torrione medievale del Castello di Andraz, dell\u2019anno 1000, e porter\u00e0 i visitatori nel bosco con un percorso, ideale per bambini e famiglie, che sar\u00e0 dotato anche di cartelli informativi sui temi della salute, della tutela dell&#8217;ambiente e della biodiversit\u00e0.\u00a0<em>\u201cAria di qualit\u00e0 eccelsa, in un contesto naturale unico per bellezza e salubrit\u00e0, immersi nella storia millenaria del Castello di Andraz, lungo un percorso nel bosco. Tutto questo si traduce con il termine corretto stile di vita. Lo dice anche il titolo di questa bella iniziativa: nasce il Sentiero del Respiro\u201d.<\/em><\/p>\n<p>&nbsp;<\/p>\n<hr \/>\n<p>&nbsp;<\/p>\n<blockquote>\n<h3>GIORNATA MONDIALE DELLE API<\/h3>\n<\/blockquote>\n<p><strong><a class=\"dt-pswp-item\" href=\"https:\/\/www.radiopiu.net\/wordpress\/wp-content\/uploads\/2020\/09\/honey-bees-401238_960_720.jpg\" data-dt-img-description=\"\" data-large_image_width=\"960\" data-large_image_height=\"640\"><img loading=\"lazy\" decoding=\"async\" class=\" wp-image-159647 alignleft\" src=\"https:\/\/www.radiopiu.net\/wordpress\/wp-content\/uploads\/2020\/09\/honey-bees-401238_960_720-150x150.jpg\" alt=\"\" width=\"113\" height=\"113\" srcset=\"https:\/\/www.radiopiu.net\/wordpress\/wp-content\/uploads\/2020\/09\/honey-bees-401238_960_720-150x150.jpg 150w, https:\/\/www.radiopiu.net\/wordpress\/wp-content\/uploads\/2020\/09\/honey-bees-401238_960_720-125x125.jpg 125w, https:\/\/www.radiopiu.net\/wordpress\/wp-content\/uploads\/2020\/09\/honey-bees-401238_960_720-200x200.jpg 200w, https:\/\/www.radiopiu.net\/wordpress\/wp-content\/uploads\/2020\/09\/honey-bees-401238_960_720-80x80.jpg 80w\" sizes=\"auto, (max-width: 113px) 100vw, 113px\" \/><\/a>BELLUNO <\/strong>Domani si celebra la Giornata mondiale delle api, un appuntamento volto a sensibilizzare l\u2019opinione pubblica sull\u2019importanza di questi straordinari insetti impollinatori, sulle minacce che affrontano e sul loro fondamentale contributo allo sviluppo sostenibile. Si comincia con due attivita\u0300 didattiche condotte dall\u2019associazione ISOIPSE, riservate ad alcune classi della scuola primaria \u201cRomolo Dal Mas\u201d di Cavarzano, due visite al Museo Etnografico di Seravella in programma per il 19 e il 20 maggio. Domani Coldiretti e Api Dolomiti, in collaborazione con il Comune di Belluno, coinvolgeranno altri studenti di altre scuole, con attivita\u0300 laboratoriali al parco Maraga.<\/p>\n<p>&nbsp;<\/p>\n<hr \/>\n<p>&nbsp;<\/p>\n<blockquote>\n<h3>LA FESTA DI PRIMAVERA A CANALE D&#8217;AGORDO CON DON VITO, NELLA NATURA TRA ARTE E POESIA<\/h3>\n<\/blockquote>\n<p><strong>con la collaborazione di John Francis Della Pietra<\/strong><\/p>\n<p><strong><a class=\"dt-pswp-item\" href=\"https:\/\/www.radiopiu.net\/wordpress\/wp-content\/uploads\/2022\/05\/8f7a936f-e315-46b3-b38c-1f8e1c12324b.jpg\" data-dt-img-description=\"\" data-large_image_width=\"1135\" data-large_image_height=\"1600\"><img loading=\"lazy\" decoding=\"async\" class=\"size-thumbnail wp-image-276510 alignleft\" src=\"https:\/\/www.radiopiu.net\/wordpress\/wp-content\/uploads\/2022\/05\/8f7a936f-e315-46b3-b38c-1f8e1c12324b-150x150.jpg\" alt=\"\" width=\"150\" height=\"150\" \/><\/a>CANALE D&#8217;AGORDO\u00a0<\/strong> I bambini della\u00a0 scuola materna parrocchiale si sono ritrovati nel verde dei boschi del paese,\u00a0 \u00a0educatrici e collaboratori hanno organizzato un&#8217;uscita condotta dal parroco Don Vito De Vito,\u00a0 il giorno prima del grave incidente lungo la regionale 203 agordina. Il parroco con sapienza e amicizia ha intrattenuto i bambini tra le case,\u00a0 fienili,\u00a0 orti e viuzze del paese,\u00a0 soffermandosi sulla storia,\u00a0 l&#8217;etnografia e la cultura rurale di Canale d&#8217;Agordo,\u00a0 spiegando con termini semplici ma convincenti. L&#8217;acqua delle fontane ha fatto divertire non poco la ventina\u00a0 di bambini in festa ma con ordine. Un intenso momento di preghiera ai piedi di una lignea madonnina, poi un artista dei tempi passati ha dimostrato con sapienza e maestria come si costruisce una gerla (o darlin),\u00a0 \u00a0esperienza unica per questi scolari dagli occhi sgranati.\u00a0 Il clou in mezzo al prato con le maestose cime tutto attorno: la messa a dimora di alcune piantine per i nuovi nati. Don Vito ha prima spiegato le loro origini,\u00a0 paragonandole alle radici familiari e poi le ha benedette fra le gli sguardi attenti dei piccoli.\u00a0 Nel rientrare alla scuola le immancabili foto ed un gradito omaggio dell&#8217;artista Franco Murer che\u00a0 ha voluto immortalare con un suo dipinto il momento,\u00a0 descrivendo coi suoi colori la giornata nel ricordo di papa Luciani e di tanti bambini a lui devoti. Al termine della passeggiata un lauto pranzo fra le mura del loro caro asilo. Nel documento che pubblichiamo il momento poetico di John Francis Della Pietra.<\/p>\n<p><strong>DOCUMENTO PDF IN CINQUE PAGINE<\/strong><\/p>\n<a href=\"https:\/\/www.radiopiu.net\/wordpress\/wp-content\/uploads\/2022\/05\/Xerox-Scan_18052022110052.pdf\" class=\"pdfemb-viewer\" style=\"\" data-width=\"max\" data-height=\"max\" data-toolbar=\"top\" data-toolbar-fixed=\"on\">Xerox Scan_18052022110052<\/a>\n<p>&nbsp;<\/p>\n<hr \/>\n<p>&nbsp;<\/p>\n<blockquote>\n<h3>PECORE SULLA 203, SARA&#8217; UN DISAGIO MA E&#8217; PUR SEMPRE UNO SPETTACOLO<\/h3>\n<\/blockquote>\n<p>VIDEO, Mirko Mezzacasa (taibon)_Fabrizio Pescosta (cencenighe)<\/p>\n<p><strong>Gregge verso la Val Cordevole, da Agordo ad Alleghe<\/strong><\/p>\n<div style=\"width: 848px;\" class=\"wp-video\"><video class=\"wp-video-shortcode\" id=\"video-276375-1\" width=\"848\" height=\"480\" preload=\"metadata\" controls=\"controls\"><source type=\"video\/mp4\" src=\"https:\/\/www.radiopiu.net\/wordpress\/wp-content\/uploads\/2022\/05\/WhatsApp-Video-2022-05-18-at-07.27.21.mp4?_=1\" \/><a href=\"https:\/\/www.radiopiu.net\/wordpress\/wp-content\/uploads\/2022\/05\/WhatsApp-Video-2022-05-18-at-07.27.21.mp4\">https:\/\/www.radiopiu.net\/wordpress\/wp-content\/uploads\/2022\/05\/WhatsApp-Video-2022-05-18-at-07.27.21.mp4<\/a><\/video><\/div>\n<p>&nbsp;<\/p>\n<p>&nbsp;<\/p>\n<hr \/>\n<blockquote>\n<h3>IL GIRO D&#8217;ITALIA IN PROVINCIA, SABATO 28 MAGGIO DALLE 12.25<\/h3>\n<\/blockquote>\n<p><strong><a class=\"dt-pswp-item\" href=\"https:\/\/www.radiopiu.net\/wordpress\/wp-content\/uploads\/2022\/05\/GIRO-PANTANI-AL-FEDAIA.jpg\" data-dt-img-description=\"\" data-large_image_width=\"259\" data-large_image_height=\"288\"><img loading=\"lazy\" decoding=\"async\" class=\"alignleft wp-image-276280 size-full\" src=\"https:\/\/www.radiopiu.net\/wordpress\/wp-content\/uploads\/2022\/05\/GIRO-PANTANI-AL-FEDAIA.jpg\" alt=\"\" width=\"259\" height=\"288\" \/><\/a>REDAZIONE<\/strong> Poco meno di una settimana al gran giorno, il tappone dolomitico \u00e8 il pi\u00f9 atteso della corsa rosa. Da Piazza dei Martiri (sabato alle 12.25) alla Marmolada passando per Sedico (12.40), Sospirolo (13.06) Agordo (13.41) Cencenighe (13.54) Passo San Pellegrino (14.44). I ciclisti torneranno in provincia di Belluno dal Pordoi (15.54) verso Arabba (16.05) Caprile (16.31) e arrivo a Malga Ciapela previsto poco prima delle 17. Questi gli orari indicativi prevedendo una media di 35 chilometri orari. Le strade interessate: Statale 50, Provinciale 12, Regionale 203 agordina, provinciale 346 del San Pellegrino, statale 48 delle Dolomiti, provinciale 641 di Passo Fedaia, saranno totalmente interdette &#8211;\u00a0 ad esclusione dei veicoli di servizio alla manifestazione, di pronto soccorso e di pubblica sicurezza &#8211; un&#8217;ora e mezza prima del passaggio dei ciclisti e riapriranno una volta transitata l&#8217;intera carovana. Con riferimento ai Passi Dolomitici di norma vengono chiusi la sera prima della tappa, ma attendiamo ulteriori precisazioni dagli organizzatori e dalla Prefettura di Belluno per averne l&#8217;ufficialit\u00e0 Saranno chiuse al transito veicolare anche le strade che si immettono sulla viabilit\u00e0 interessata, in corrispondenza degli incroci. La chiusura sar\u00e0 garantita con transenne e regolata da movieri. <strong>TRAGUARDI VOLANTI<\/strong> a Cencenighe (km63,5), Malga Ciapela (162,5). GRAN PREMIO MONTAGNA Passo San Pellegrino (1918m, 81,9 chilometri), Passo Pordoi (2239m Cima Coppi, 123,4 km), Marmolada Passo Fedaia (2057, arrivo di prima categoria 168 chilometri).<\/p>\n<p><strong>AD AGORDO Passaggio per il centro, via Cesare Battisti, Piazza Libert\u00e0, Via 27 aprile<\/strong><\/p>\n<p>foto RADIOPIU Marco Pantani sul PASSO FEDAIA<\/p>\n\n\t\t\t<style type='text\/css'>\n\t\t\t\t#gallery-7 {\n\t\t\t\t\tmargin: auto;\n\t\t\t\t}\n\t\t\t\t#gallery-7 .gallery-item {\n\t\t\t\t\tfloat: left;\n\t\t\t\t\tmargin-top: 10px;\n\t\t\t\t\ttext-align: center;\n\t\t\t\t\twidth: 50%;\n\t\t\t\t}\n\t\t\t\t#gallery-7 img {\n\t\t\t\t\tborder: 2px solid #cfcfcf;\n\t\t\t\t}\n\t\t\t\t#gallery-7 .gallery-caption {\n\t\t\t\t\tmargin-left: 0;\n\t\t\t\t}\n\t\t\t\t\/* see gallery_shortcode() in wp-includes\/media.php *\/\n\t\t\t<\/style>\n\t\t<div id='gallery-7' class='dt-gallery-container gallery galleryid-276375 gallery-columns-2 gallery-size-thumbnail'><dl class='gallery-item'>\n\t\t\t\t<dt class='gallery-icon landscape'>\n\t\t\t\t\t<a class=\"rollover rollover-zoom dt-pswp-item\" title=\"T20_Fedaia_alt\" data-dt-img-description=\"\" data-large_image_width=\"1280\" data-large_image_height=\"852\"href='https:\/\/www.radiopiu.net\/wordpress\/wp-content\/uploads\/2022\/05\/eXEQkcEZRH3xKCLKhFiY_260422-095012-1.jpg'><img loading=\"lazy\" decoding=\"async\" width=\"150\" height=\"150\" src=\"https:\/\/www.radiopiu.net\/wordpress\/wp-content\/uploads\/2022\/05\/eXEQkcEZRH3xKCLKhFiY_260422-095012-1-150x150.jpg\" class=\"attachment-thumbnail size-thumbnail\" alt=\"\" \/><\/a>\n\t\t\t\t<\/dt><\/dl><dl class='gallery-item'>\n\t\t\t\t<dt class='gallery-icon landscape'>\n\t\t\t\t\t<a class=\"rollover rollover-zoom dt-pswp-item\" title=\"aaaa\" data-dt-img-description=\"\" data-large_image_width=\"875\" data-large_image_height=\"711\"href='https:\/\/www.radiopiu.net\/wordpress\/wp-content\/uploads\/2022\/05\/aaaa-5.jpg'><img loading=\"lazy\" decoding=\"async\" width=\"150\" height=\"150\" src=\"https:\/\/www.radiopiu.net\/wordpress\/wp-content\/uploads\/2022\/05\/aaaa-5-150x150.jpg\" class=\"attachment-thumbnail size-thumbnail\" alt=\"\" \/><\/a>\n\t\t\t\t<\/dt><\/dl><br style=\"clear: both\" \/>\n\t\t\t<\/div>\n\n<p>&nbsp;<\/p>\n<p>&nbsp;<\/p>\n<hr \/>\n<blockquote>\n<h3><\/h3>\n<h3>SENZA FRETTA IN BICICLETTA<\/h3>\n<\/blockquote>\n<p><strong>BELLUNO<\/strong>\u00a0 <span dir=\"ltr\" role=\"presentation\">In occasione della partenza di tappa del Giro d\u2019Italia a Belluno, il prossimo <\/span><span dir=\"ltr\" role=\"presentation\">28 maggio, la Biblioteca civica di Belluno organizza delle letture espressive <\/span><span dir=\"ltr\" role=\"presentation\">per bambini a cura di Barbara De Poloni. <\/span><span dir=\"ltr\" role=\"presentation\">Le letture si svolgeranno nelle giornate di<\/span> <span dir=\"ltr\" role=\"presentation\">marted\u00ec 24 maggio e venerd\u00ec <\/span><span dir=\"ltr\" role=\"presentation\">27 maggio, in doppio turno: dalle 15.00 alle 15.45 per i bambini <\/span><span dir=\"ltr\" role=\"presentation\">dai 7 ai 10 anni e dalle 16.30 alle 17.00 per i bambini dai 3 ai 6 <\/span><span dir=\"ltr\" role=\"presentation\">anni<\/span><span dir=\"ltr\" role=\"presentation\">. <\/span><span dir=\"ltr\" role=\"presentation\">A fare da cornice all\u2019iniziativa, la\u00a0 sala con affresco, al primo piano di <\/span><span dir=\"ltr\" role=\"presentation\">Palazzo Bembo (Piazzetta Giovan Battista Pellegrini), dove potranno essere <\/span><span dir=\"ltr\" role=\"presentation\">accolti un<\/span> <span dir=\"ltr\" role=\"presentation\">massimo di 20 bambini per turno, accompagnati da un <\/span><span dir=\"ltr\" role=\"presentation\">adulto. <\/span><span dir=\"ltr\" role=\"presentation\">La<\/span> <span dir=\"ltr\" role=\"presentation\">prenotazione<\/span> <span dir=\"ltr\" role=\"presentation\">\u00e8<\/span> <span dir=\"ltr\" role=\"presentation\">obbligatoria,<\/span> <span dir=\"ltr\" role=\"presentation\">telefonando<\/span> <span dir=\"ltr\" role=\"presentation\">alla<\/span> <span dir=\"ltr\" role=\"presentation\">Biblioteca<\/span> <span dir=\"ltr\" role=\"presentation\">dei <\/span><span dir=\"ltr\" role=\"presentation\">Ragazzi al numero 0437 913305 o inviando un&#8217;email all&#8217;indirizzo <\/span><span dir=\"ltr\" role=\"presentation\">biblioteca@comune.belluno.it<\/span><span dir=\"ltr\" role=\"presentation\">. <\/span><span dir=\"ltr\" role=\"presentation\">L\u2019ingresso \u00e8 gratuito.<\/span><\/p>\n<p>&nbsp;<\/p>\n<p>&nbsp;<\/p>\n<hr \/>\n<p>&nbsp;<\/p>\n<blockquote>\n<h3>MAGGIO AGORDINO CON L&#8217;ASSOCIAZIONE PERITI MINERARI INDUSTRIALI DI AGORDO<\/h3>\n<\/blockquote>\n<p><strong>AGORDO <\/strong>Torna l&#8217;appuntamento con &#8220;Maggio Agordino&#8221;, un ciclo di serate culturali e di divulgazione scientifica promosse da APIM &#8211; Associazione Periti Industriali Minerari di Agordo. Quest&#8217;anno il tema che costituir\u00e0 di fatto il filo conduttore delle serate sar\u00e0 il cambiamento climatico. Le serate in Sala Don Tamis con inizio alle 20:30. Domani &#8220;L&#8217;economia futura della montagna e le sfide del riconoscimento Unesco&#8221; e venerd\u00ec 27 &#8220;Il clima che cambia(mo) e le nostre montagne&#8221;. Tutte le serate sono ad entrata libera<\/p>\n<p>&nbsp;<\/p>\n<p>&nbsp;<\/p>\n<hr \/>\n<p>&nbsp;<\/p>\n<blockquote>\n<h3>INCONTRO CON L&#8217;AUTORE IN SALA DON TAMIS<\/h3>\n<\/blockquote>\n<p><strong>AGORDO<\/strong> \u00c8 in programma per domani alle 18 in sala Don Tamis ad Agordo la seconda serata del ciclo &#8220;Incontro con l&#8217;autore&#8221; per la presentazione del libro \u201cVilla De Manzoni ai Patt di Sedico nella vita bellunese dell\u2019Ottocento\u201d di Mauro Vedana, Fiorenza Mambrini e Lucia Tormen. Presenta la serata Gianni Santomaso.<\/p>\n<p><strong>DI GIANNI SANTOMASO<\/strong><\/p>\n<audio class=\"wp-audio-shortcode\" id=\"audio-276375-8\" preload=\"none\" style=\"width: 100%;\" controls=\"controls\"><source type=\"audio\/mpeg\" src=\"https:\/\/www.radiopiu.net\/wordpress\/wp-content\/uploads\/2022\/05\/GIANNI-INCONTRI-BIBLIOTECA-AGORDO.mp3?_=8\" \/><a href=\"https:\/\/www.radiopiu.net\/wordpress\/wp-content\/uploads\/2022\/05\/GIANNI-INCONTRI-BIBLIOTECA-AGORDO.mp3\">https:\/\/www.radiopiu.net\/wordpress\/wp-content\/uploads\/2022\/05\/GIANNI-INCONTRI-BIBLIOTECA-AGORDO.mp3<\/a><\/audio>\n<p>&nbsp;<\/p>\n<hr \/>\n<p>&nbsp;<\/p>\n<blockquote>\n<h3>RIAPRE IL CASTELLO DI ANDRAZ<\/h3>\n<\/blockquote>\n<p><strong>LIVINALLONGO<\/strong> Con l\u2019arrivo dell\u2019estate riapre anche il Castello di Andraz, che quest\u2019anno festeggia il 10\u00b0 compleanno. Nel mese di giugno, il museo sar\u00e0 aperto dal gioved\u00ec alla domenica, dalle 10:00 alle 12:30 e dalle 14:30 alle 18:00. Per il momento le visite guidate saranno garantite solo su prenotazione al 334 3346680<\/p>\n<p>&nbsp;<\/p>\n<p>&nbsp;<\/p>\n<hr \/>\n<p>&nbsp;<\/p>\n<blockquote>\n<h3>ELEZIONI DEL CONSIGLIO DIRETTIVO DEL COMITATO FESTEGGIAMENTI MEANO<\/h3>\n<\/blockquote>\n<p><strong>SANTA GIUSTINA\u00a0<\/strong>Sabato 21 maggio alle ore 20.30 si terr\u00e0 il rinnovo del Consiglio direttivo del Comitato Festeggiamenti Meano.<br \/>\nIn un anno come questo di ripartenza dopo le restrizioni legate alla Pandemia, \u00e8 un appuntamento che il Consiglio uscente considera fondamentale per ridare slancio a questa importante realt\u00e0 Frazionale. Appuntamento quindi sabato 21 maggio al Parco Ciclamino alle 20.30<\/p>\n<p>&nbsp;<\/p>\n<hr \/>\n<p>&nbsp;<\/p>\n<blockquote>\n<h3>RINNOVO DELLE CARICHE SOCIALI PER I PROSSIMI QUATTRO ANNI<\/h3>\n<\/blockquote>\n<p><strong>TAIBON<\/strong> Sabato 21 maggio alle 16 nella sede delle proloco (vicino al Municipio) si ritroveranno i soci per rinnovare le cariche sociali per il quadriennio 2022-26. Chiunque puo&#8217; partecipare e dare il proprio contributo per lo sviluppo dell&#8217;associazione.<\/p>\n<p>&nbsp;<\/p>\n<hr \/>\n<p>&nbsp;<\/p>\n<blockquote>\n<h3>IL NUOVO AFFRESCO DI LAURA BALLIS A LIMANA<\/h3>\n<\/blockquote>\n<p><strong>LIMANA<\/strong> Verr\u00e0 presentato domenica 22 maggio alle 11 il nuovo affresco di Laura Ballis a Giaon di Limana sulla via Buzzatiana. All&#8217;inaugurazione sar\u00e0 presente l&#8217;artista, conduce la cerimonia la giornalista\u00a0 Isabella Pilo<\/p>\n<p>&nbsp;<\/p>\n<hr \/>\n<p>&nbsp;<\/p>\n<blockquote>\n<h3>GIARDINO DELLE ROSE IN FESTA<\/h3>\n<\/blockquote>\n<p><strong>CESIOMAGGIORE<\/strong> Al Museo etnografico della Provincia di Belluno sabato visita del giardino, conferenza con l\u2019esperta e incontro con la botanica e rodologa Franca Vittoria Bessi Prenotazioni al link bit.ly\/3kxT78U<\/p>\n<p>&nbsp;<\/p>\n<p>&nbsp;<\/p>\n<hr \/>\n<p>&nbsp;<\/p>\n<blockquote>\n<h3>LA CAMMINATA CON IL PERDONO<\/h3>\n<\/blockquote>\n<p><strong>BORGO VALBELLUNA<\/strong> Domenica \u00e8 in programma la &#8220;Camminata con il Perdono&#8221; , una camminata tra i\u00a0 faggi di Trichiana condividendo testi e piccoli momenti di pratica assieme legati alla tematica del Perdono nella sua accezione laica e innovativa secondo il modello My Life Design creato da Daniel Lumera. L&#8217;iniziativa si svolge all&#8217;interno della rassegna &#8220;Cammina con me&#8221; organizzata da Comune di Limana, Comitato frazionale Valmorel, Federazione Italiana Escursionismo (coordinamento Paolo Tormen 3397003364) e in collaborazione con My Life Design Onlus<\/p>\n<p>&nbsp;<\/p>\n<hr \/>\n<p>&nbsp;<\/p>\n<blockquote>\n<h3>CHIUDE LA STRADA PER VILLAPAIERA, INTERRUZIONI PER IL PASSO SAN PELLEGRINO<\/h3>\n<p><strong>VENEZIA<\/strong>\u00a0 Due ordinanze di Veneto Strade, interessano Feltrino e Agordino. Provinciale 37 di Villapaiera (chilometro 2.300), in prossimit\u00e0 dell&#8217;abitato la strada rimarr\u00e0 chiusa da domani al 31 maggio per permettere i lavori di potenziamento delle rete di smaltimento delle acque meteoriche. La provinciale 346 del San Pellegrino in localit\u00e0 Le Fratte, per lavori di consolidamento dei versanti,\u00a0 sar\u00e0 chiusa a intermittenza (massimo 10 minuti per chiusura) da domani al 26 maggio, esclusi sabato e domenica. Negli orari non interessati da chiusura transito regolato da semaforo.<\/p><\/blockquote>\n<p><strong><a class=\"dt-pswp-item\" href=\"https:\/\/www.radiopiu.net\/wordpress\/wp-content\/uploads\/2020\/05\/VENETO-STRADE.png\" data-dt-img-description=\"\" data-large_image_width=\"400\" data-large_image_height=\"400\"><img loading=\"lazy\" decoding=\"async\" class=\"size-thumbnail wp-image-135574 alignleft\" src=\"https:\/\/www.radiopiu.net\/wordpress\/wp-content\/uploads\/2020\/05\/VENETO-STRADE-150x150.png\" alt=\"\" width=\"150\" height=\"150\" srcset=\"https:\/\/www.radiopiu.net\/wordpress\/wp-content\/uploads\/2020\/05\/VENETO-STRADE-150x150.png 150w, https:\/\/www.radiopiu.net\/wordpress\/wp-content\/uploads\/2020\/05\/VENETO-STRADE-300x300.png 300w, https:\/\/www.radiopiu.net\/wordpress\/wp-content\/uploads\/2020\/05\/VENETO-STRADE.png 400w\" sizes=\"auto, (max-width: 150px) 100vw, 150px\" \/><\/a><\/strong><strong>PROVINCIALE 3 VALLE IMPERINA <\/strong>\u00a0Veneto Strade comunica la chiusura della SP 3 della Val Imperina, in comune di Gosaldo, dal 19 al 27 maggio. La chiusura avverr\u00e0 a fasce orarie: dalle 8 alle 12:45, Dalle 13:45 alle 16 e dalle 16:30 alle 18. Durante le aperture istituzione di senso unico alternato regolato da movieri.<\/p>\n<p><strong>SP3 VALLE IMPERINA,<\/strong> localit\u00e0 Corde Mole\u00a0 <span style=\"color: #ff0000;\"><strong>fino al 10 giugno<\/strong><\/span> &#8211; esclusi festivi e prefestivi &#8211; senso unico alternato per lavori di esbosco<\/p>\n<p><strong>SP 3 VALLE IMPERINA<\/strong> localit\u00e0 Zenich di Rivamonte <span style=\"color: #ff0000;\"><strong>fino al 17 giugno<\/strong><\/span> &#8211; sabati domeniche e festivi inclusi &#8211; senso unico alternato per consolidamento ciglio stradale<\/p>\n<h3><\/h3>\n<hr \/>\n<p>&nbsp;<\/p>\n<blockquote>\n<h3>CANTIERI E MODIFICHE DELLA VIABILITA&#8217; A BELLUNO<\/h3>\n<\/blockquote>\n<p><strong>BELLUNO<\/strong> restringimento della carreggiata delimitato da idonea segnaletica stradale dalle 8.00 alle 17.00 in due giornate comprese nel periodo dal 19 al 31 maggio, in via Marisiga all\u2019altezza del civico 97, e l\u2019istituzione del limite di velocita\u0300 di 30 km\/h, nonche\u0301 del divieto di sorpasso, in corrispondenza dell\u2019area di cantiere.<\/p>\n<div class=\"page\" title=\"Page 1\">\n<div class=\"layoutArea\">\n<div class=\"column\">\n<p><strong>S.P. 1 \u201cdella Sinistra Piave\u201d<\/strong> nel tratto di strada in prossimita\u0300 della progressiva km 3+710 nel centro abitato di Levego istituzione del senso unico alternato di circolazione veicolare, regolato da apposita segnaletica stradale e da idoneo personale e limite dei 30 km\/h<\/p>\n<div class=\"page\" title=\"Page 1\">\n<div class=\"layoutArea\">\n<div class=\"column\">\n<p><strong>Vie Loreto e Matteotti<\/strong> istituzione del divieto di circolazione veicolare dalle 7.00 alle 13.00 di domenica 29 maggio, senso unico alternato di circolazione veicolare regolato a vista da idonea segnaletica stradale all\u2019intersezione tra le vie Matteotti, Garibaldi e Loreto, nel periodo dalle ore 13.00 del 29 maggio alle ore 18.00 del 31 luglio e soppressione degli stalli di sosta riservati ai veicoli impegnati nelle operazioni di carico\/scarico merci antistanti al civico 1 di via Loreto dalle ore 13.00 del 29 maggio alle ore 18.00 del 31 luglio<\/p>\n<\/div>\n<\/div>\n<\/div>\n<\/div>\n<\/div>\n<\/div>\n<p><strong>Via Tiziano Vecelio<\/strong> dal 19 maggio al 30 giugno, dalle 8.00 alle 18.00 di ciascuna giornata: istituzione del senso unico alternato di circolazione veicolare, regolato da impianto semaforico e, in caso di traffico particolarmente intenso, da idoneo personale<\/p>\n<div class=\"page\" title=\"Page 1\">\n<div class=\"layoutArea\">\n<div class=\"column\">\n<p><strong>Vie Tagliapietra, Per Nogare\u0300, Cantilena, Francesco Della Dia e Bettio<\/strong> dal 19 maggio al 30 giugno, dalle ore 8.00 alle ore 18.00 di ciascuna giornata: istituzione del senso unico alternato di circolazione veicolare, regolato da impianto semaforico e, in caso di traffico particolarmente intenso, da idoneo personale<\/p>\n<\/div>\n<\/div>\n<\/div>\n<p>&nbsp;<\/p>\n<hr \/>\n<p>&nbsp;<\/p>\n<blockquote>\n<h3>&#8220;L&#8217;EPOCA DEI PIONIERI&#8221; ILLUSTRATA NELL&#8217;OTTIMO VOLUME DI FIABANE-FIORI SU UN SECOLO BELLUNESE DI CORRIERA<\/h3>\n<\/blockquote>\n<p><strong>di Renato Bona<\/strong><\/p>\n<p>&#8220;L&#8217;epoca dei pionieri&#8221; \u00e8 il titolo di un capitolo &#8220;storico&#8221; del libro &#8220;Un secolo in corriera nella provicia di Belluno&#8221; realizzato per DolomitiBus da Renato Fabane e Lionello Fiori nel luglio del 2000 con la prezioosa collaborazione di Gianni De Vecchi curatore dell&#8217;impostazione del volume, delle didascalie e della revisione dei testi. Hanno contribuito: Provincia, Comune di Belluno, Comune di Sedico, Comitato festeggiamenti Bribano, Circolo bellunese &#8220;Berto Gidoni&#8221; auto-moto d&#8217;epoca; hanno collaborato: Federico Cervo per la trascrizione e computerizzazione dei dati; Angelo e Pamela Fiori chehanno realizzato le foto e la copertina; Loredana Borghetto e Mara Barchet, per la revisione delle bozze. Dopo la presentazione generale del pregevole lavoro, nello scorso servizio, oggi vediamo di sintetizzare quanto scritto a proposito del &#8220;Servizio di posta e corriere in Cadore fra il 1800 e il 1900&#8221;. Detto che &#8220;\u00e8 noto a tutti coloro che risiedono o si recano in Cadore che la piazza Tiziano a Pieve \u00e8 stata fino a qualche anno fa un nodo del traffico, un centro di smistamento delle autocorriere in servizio per le varie localit\u00e0&#8221; il dott. Grazioso Fabbiani che in proposito ha realizzato uno studio, pone la domanda: &#8220;Ma cento anni fa come si svolgeva il collegamento da e per la pianura, da e per la Valle del Boite, la Valle del Piave, l&#8217;Oltrechiusa, il Comelico e Sappada?&#8221;. E richiana un servizio di Antonio Ronzon, pubblicato nel 1877 nel periodico Il Cadore, dove spiegava che: &#8220;Il viaggiatore che fosse partito da Conegliano coll&#8217;omnibus (a cavallo) circa a mezzogiorno, giunto a Ponte nelle Alpi alle sei pomeridiane, in un&#8217;ora si pu\u00f2 collo stesso andare a Belluno per passare la notte ove trover\u00e0 ogni suo agio al &#8216;Cappello&#8217; o al &#8216;Leon d&#8217;Oro&#8217;. La mattina pu\u00f2 partire alle 5,10 colla &#8216;messaggera&#8217; che incontra a Ponte nelle Alpi, alle sei circa, quella che viene da Conegliano di notte: l&#8217;arrivo a Pieve di Cadore \u00e8 previsto per le ore 11.55&#8221;. Viene poi precisato che il tragitto da Pieve a Lozzo veniva percorso in due ore ed altre due ore da Lozzo ad Auronzo. Mentre in un&#8217;ora circa la &#8216;messaggera&#8217; andava da Cima Gogna a Santo Stefano e da qui partivano i collegamenti con gli altri comuni del Comelico e Sappada. Da Pieve una corriera per Tai, Valle, Venas, Vodo, Borca, San Vito percorreva tutta la valle del Boite fino a Cortina (allora in Austria) in circa cinque ore. Grazie al contributo di Fabbiani appare evidente a chi legge che &#8220;il tragitto da Belluno ad Auronzo era di complessive dieci ore ed il prezzo era di lire 6,80 per la sola andata. Il che porta a considerare che &#8220;Un operaio qualificato poteva guadagnare lire 2 al giorno dopo 10 ore di lavoro, senza assistenza, senza ferie, senza pensione&#8221;. Intorno al 1906 a Milano venne costituita la &#8220;Societ\u00e0 italiana trasporti con automobili&#8221; e fu istituita la linea Belluno-Pieve con tre macchine tipo montagna fornite dalla Casa Pickerin e C. di Londra, consegnate nel marzo 1906. Dopo le prove stradali &#8220;dall&#8217;esito abbastanza favorevole &#8220;si dimostrarono adatte a superare le salite di una via inghiaiata, polverosa e fangosa in 2 ore e tre-quarti, Va detto che la salita della &#8220;Cavallera&#8221; fra Perarolo e Tai richiedeva uno sforzo eccezionale nel superare tre curve molto pericolose e con la strada molto spesso ingombra di carri per il trasporto legname e con pendenza dall&#8217;8 al 12 per cento. La Grande Guerra cre\u00f2 problemi nuovi per i trasporti pubblici ma port\u00f2 miglioramenti notevoli agli automezzi e dal 1927 il servizio della Societ\u00e0 automobilistica Dolomiti (Sad) e della Soc. Carnica garantirono collegamenti fra le valli, i passi dolomitici e la pianura. C&#8217;\u00e8 poi, di seguito, il capitolo che si sofferma sul &#8220;Primo tentativo di istituire un servizio di trasporto passeggeri con autovetture in provincia di Belluno&#8221; col richiamo all&#8217;anno 1905 quando la Societ\u00e0 italiana di trasporti con automobili di Milano present\u00f2 alla Prefettura bellunese domanda &#8220;per ottenere la licenza di esercitare un servizio permanente di trasporto passeggeri, bagagli e piccoli pacchi, con vetture automobili lungo le strade nazionali 8 e 9 con tre corse di andata e tre di ritorno da Belluno a Pieve di Cadore, toccando le localit\u00e0 intermedie di Ponte nelle Alpi, Fortogna, Longarone, Castellavazzo, Termine, Ospitale, Rivalgo, Perarolo e Tai. Consultata dal Prefetto, la civica amministrazione di Belluno nel 1907 comunicava: &#8220;Quest&#8217;amministrazione\u00e8 pienamente favorevole acch\u00e9 sia accordato alla Societ\u00e0 Milanese di trasporti il permesso di attivare un servizio regolare da Belluno a Pieve di Cadore e pure essere opportuna la concessione di adeguato sussidio da parte del Governo (in base alla legge dell&#8217;8 gennaio 1905 &#8211; ndr.). Le difficolt\u00e0 tuttavia erano molteplici e complesse e non \u00e8 dato sapere e la cosa ebbe un seguito. In proposito nel libro di Fiabane-Fiori viene riportato, per concessione di Grazioso Fabbiani che lo conserva nel personale archivio, un documento dell&#8217;ottobre 1906 nel quale il Consiglio di amministrazione della Societ\u00e0 cerca di spiegare ai soci azionisti quali e quante difficolt\u00e0 incontri il progetto della linea da e per il Cadore. Esprimendo l&#8217;auspicio che le nuove prove che la societ\u00e0 stessa &#8220;cercher\u00e0 con ogni sforzo e cura di fare, abbiano a svolgersi tra l&#8217;assistenza deferente di tutti gli interessati, uniti con noi in una comunione di fiducia di intenti&#8221;. Concludiamo questa nostra incursione in &#8220;Un secolo in corriera nella provincia di Belluno&#8221; con qualche notizia sulla ditta Marcon di Mestre: Giorgio Marcon detto &#8220;Il Capitano&#8221; nel 1910 fond\u00f2 in Viale della Stazione, appunto a Mestre, una ditta di trasporto pubblico di linea in concessione, della quale non sono state reperite n\u00e9 documentazione n\u00e9 storia ma sono state trovate diverse foto che ne testimoniano la presenza specialmente nell&#8217;Ampezzano, nel Cadore e nel Bellunese. Risulta che la Marcon fece servizio per circa vent&#8217;anni non si sa se con linee stagionali o annuali. Nel 1993 si traform\u00f2 in &#8220;Societ\u00e0 anonima Garage Marcon Mestre&#8221; e tre anni dopo cess\u00f2 l&#8217;attivit\u00e0 per fallimento.<\/p>\n\n\t\t\t<style type='text\/css'>\n\t\t\t\t#gallery-8 {\n\t\t\t\t\tmargin: auto;\n\t\t\t\t}\n\t\t\t\t#gallery-8 .gallery-item {\n\t\t\t\t\tfloat: left;\n\t\t\t\t\tmargin-top: 10px;\n\t\t\t\t\ttext-align: center;\n\t\t\t\t\twidth: 16%;\n\t\t\t\t}\n\t\t\t\t#gallery-8 img {\n\t\t\t\t\tborder: 2px solid #cfcfcf;\n\t\t\t\t}\n\t\t\t\t#gallery-8 .gallery-caption {\n\t\t\t\t\tmargin-left: 0;\n\t\t\t\t}\n\t\t\t\t\/* see gallery_shortcode() in wp-includes\/media.php *\/\n\t\t\t<\/style>\n\t\t<div id='gallery-8' class='dt-gallery-container gallery galleryid-276375 gallery-columns-6 gallery-size-thumbnail'><dl class='gallery-item'>\n\t\t\t\t<dt class='gallery-icon landscape'>\n\t\t\t\t\t<a class=\"rollover rollover-zoom dt-pswp-item\" title=\"280814614_1120504805471405_1950112133578963707_n\" data-dt-img-description=\"\" data-large_image_width=\"586\" data-large_image_height=\"403\"href='https:\/\/www.radiopiu.net\/wordpress\/wp-content\/uploads\/2022\/05\/280814614_1120504805471405_1950112133578963707_n.jpg'><img loading=\"lazy\" decoding=\"async\" width=\"150\" height=\"150\" src=\"https:\/\/www.radiopiu.net\/wordpress\/wp-content\/uploads\/2022\/05\/280814614_1120504805471405_1950112133578963707_n-150x150.jpg\" class=\"attachment-thumbnail size-thumbnail\" alt=\"\" \/><\/a>\n\t\t\t\t<\/dt><\/dl><dl class='gallery-item'>\n\t\t\t\t<dt class='gallery-icon landscape'>\n\t\t\t\t\t<a class=\"rollover rollover-zoom dt-pswp-item\" title=\"282140329_541551650870947_7406304312774382804_n\" data-dt-img-description=\"\" data-large_image_width=\"650\" data-large_image_height=\"403\"href='https:\/\/www.radiopiu.net\/wordpress\/wp-content\/uploads\/2022\/05\/282140329_541551650870947_7406304312774382804_n.jpg'><img loading=\"lazy\" decoding=\"async\" width=\"150\" height=\"150\" src=\"https:\/\/www.radiopiu.net\/wordpress\/wp-content\/uploads\/2022\/05\/282140329_541551650870947_7406304312774382804_n-150x150.jpg\" class=\"attachment-thumbnail size-thumbnail\" alt=\"\" \/><\/a>\n\t\t\t\t<\/dt><\/dl><dl class='gallery-item'>\n\t\t\t\t<dt class='gallery-icon landscape'>\n\t\t\t\t\t<a class=\"rollover rollover-zoom dt-pswp-item\" title=\"281616206_371715331687085_8208115176065965485_n\" data-dt-img-description=\"\" data-large_image_width=\"599\" data-large_image_height=\"403\"href='https:\/\/www.radiopiu.net\/wordpress\/wp-content\/uploads\/2022\/05\/281616206_371715331687085_8208115176065965485_n.jpg'><img loading=\"lazy\" decoding=\"async\" width=\"150\" height=\"150\" src=\"https:\/\/www.radiopiu.net\/wordpress\/wp-content\/uploads\/2022\/05\/281616206_371715331687085_8208115176065965485_n-150x150.jpg\" class=\"attachment-thumbnail size-thumbnail\" alt=\"\" \/><\/a>\n\t\t\t\t<\/dt><\/dl><dl class='gallery-item'>\n\t\t\t\t<dt class='gallery-icon landscape'>\n\t\t\t\t\t<a class=\"rollover rollover-zoom dt-pswp-item\" title=\"281307696_523507116144515_7611147545133229514_n\" data-dt-img-description=\"\" data-large_image_width=\"682\" data-large_image_height=\"403\"href='https:\/\/www.radiopiu.net\/wordpress\/wp-content\/uploads\/2022\/05\/281307696_523507116144515_7611147545133229514_n.jpg'><img loading=\"lazy\" decoding=\"async\" width=\"150\" height=\"150\" src=\"https:\/\/www.radiopiu.net\/wordpress\/wp-content\/uploads\/2022\/05\/281307696_523507116144515_7611147545133229514_n-150x150.jpg\" class=\"attachment-thumbnail size-thumbnail\" alt=\"\" \/><\/a>\n\t\t\t\t<\/dt><\/dl><dl class='gallery-item'>\n\t\t\t\t<dt class='gallery-icon landscape'>\n\t\t\t\t\t<a class=\"rollover rollover-zoom dt-pswp-item\" title=\"280669561_1033293817591351_4299373800427185243_n\" data-dt-img-description=\"\" data-large_image_width=\"631\" data-large_image_height=\"403\"href='https:\/\/www.radiopiu.net\/wordpress\/wp-content\/uploads\/2022\/05\/280669561_1033293817591351_4299373800427185243_n.jpg'><img loading=\"lazy\" decoding=\"async\" width=\"150\" height=\"150\" src=\"https:\/\/www.radiopiu.net\/wordpress\/wp-content\/uploads\/2022\/05\/280669561_1033293817591351_4299373800427185243_n-150x150.jpg\" class=\"attachment-thumbnail size-thumbnail\" alt=\"\" \/><\/a>\n\t\t\t\t<\/dt><\/dl><dl class='gallery-item'>\n\t\t\t\t<dt class='gallery-icon landscape'>\n\t\t\t\t\t<a class=\"rollover rollover-zoom dt-pswp-item\" title=\"281319335_520834809523634_3531826261131045004_n\" data-dt-img-description=\"\" data-large_image_width=\"660\" data-large_image_height=\"403\"href='https:\/\/www.radiopiu.net\/wordpress\/wp-content\/uploads\/2022\/05\/281319335_520834809523634_3531826261131045004_n.jpg'><img loading=\"lazy\" decoding=\"async\" width=\"150\" height=\"150\" src=\"https:\/\/www.radiopiu.net\/wordpress\/wp-content\/uploads\/2022\/05\/281319335_520834809523634_3531826261131045004_n-150x150.jpg\" class=\"attachment-thumbnail size-thumbnail\" alt=\"\" \/><\/a>\n\t\t\t\t<\/dt><\/dl><br style=\"clear: both\" \/><dl class='gallery-item'>\n\t\t\t\t<dt class='gallery-icon landscape'>\n\t\t\t\t\t<a class=\"rollover rollover-zoom dt-pswp-item\" title=\"281675353_3004430793181038_8257480738699262865_n\" data-dt-img-description=\"\" data-large_image_width=\"878\" data-large_image_height=\"403\"href='https:\/\/www.radiopiu.net\/wordpress\/wp-content\/uploads\/2022\/05\/281675353_3004430793181038_8257480738699262865_n.jpg'><img loading=\"lazy\" decoding=\"async\" width=\"150\" height=\"150\" src=\"https:\/\/www.radiopiu.net\/wordpress\/wp-content\/uploads\/2022\/05\/281675353_3004430793181038_8257480738699262865_n-150x150.jpg\" class=\"attachment-thumbnail size-thumbnail\" alt=\"\" \/><\/a>\n\t\t\t\t<\/dt><\/dl><dl class='gallery-item'>\n\t\t\t\t<dt class='gallery-icon landscape'>\n\t\t\t\t\t<a class=\"rollover rollover-zoom dt-pswp-item\" title=\"280661075_960138928043461_4477910555874271293_n\" data-dt-img-description=\"\" data-large_image_width=\"687\" data-large_image_height=\"403\"href='https:\/\/www.radiopiu.net\/wordpress\/wp-content\/uploads\/2022\/05\/280661075_960138928043461_4477910555874271293_n.jpg'><img loading=\"lazy\" decoding=\"async\" width=\"150\" height=\"150\" src=\"https:\/\/www.radiopiu.net\/wordpress\/wp-content\/uploads\/2022\/05\/280661075_960138928043461_4477910555874271293_n-150x150.jpg\" class=\"attachment-thumbnail size-thumbnail\" alt=\"\" \/><\/a>\n\t\t\t\t<\/dt><\/dl><dl class='gallery-item'>\n\t\t\t\t<dt class='gallery-icon landscape'>\n\t\t\t\t\t<a class=\"rollover rollover-zoom dt-pswp-item\" title=\"282063045_377557107673903_1826574114791541919_n\" data-dt-img-description=\"\" data-large_image_width=\"656\" data-large_image_height=\"403\"href='https:\/\/www.radiopiu.net\/wordpress\/wp-content\/uploads\/2022\/05\/282063045_377557107673903_1826574114791541919_n.jpg'><img loading=\"lazy\" decoding=\"async\" width=\"150\" height=\"150\" src=\"https:\/\/www.radiopiu.net\/wordpress\/wp-content\/uploads\/2022\/05\/282063045_377557107673903_1826574114791541919_n-150x150.jpg\" class=\"attachment-thumbnail size-thumbnail\" alt=\"\" \/><\/a>\n\t\t\t\t<\/dt><\/dl><dl class='gallery-item'>\n\t\t\t\t<dt class='gallery-icon landscape'>\n\t\t\t\t\t<a class=\"rollover rollover-zoom dt-pswp-item\" title=\"280758752_467827985188028_5395049653245690331_n\" data-dt-img-description=\"\" data-large_image_width=\"594\" data-large_image_height=\"403\"href='https:\/\/www.radiopiu.net\/wordpress\/wp-content\/uploads\/2022\/05\/280758752_467827985188028_5395049653245690331_n.jpg'><img loading=\"lazy\" decoding=\"async\" width=\"150\" height=\"150\" src=\"https:\/\/www.radiopiu.net\/wordpress\/wp-content\/uploads\/2022\/05\/280758752_467827985188028_5395049653245690331_n-150x150.jpg\" class=\"attachment-thumbnail size-thumbnail\" alt=\"\" \/><\/a>\n\t\t\t\t<\/dt><\/dl><dl class='gallery-item'>\n\t\t\t\t<dt class='gallery-icon landscape'>\n\t\t\t\t\t<a class=\"rollover rollover-zoom dt-pswp-item\" title=\"281102087_740117797118261_4107871380923369827_n\" data-dt-img-description=\"\" data-large_image_width=\"661\" data-large_image_height=\"403\"href='https:\/\/www.radiopiu.net\/wordpress\/wp-content\/uploads\/2022\/05\/281102087_740117797118261_4107871380923369827_n.jpg'><img loading=\"lazy\" decoding=\"async\" width=\"150\" height=\"150\" src=\"https:\/\/www.radiopiu.net\/wordpress\/wp-content\/uploads\/2022\/05\/281102087_740117797118261_4107871380923369827_n-150x150.jpg\" class=\"attachment-thumbnail size-thumbnail\" alt=\"\" \/><\/a>\n\t\t\t\t<\/dt><\/dl>\n\t\t\t\t<br style='clear: both' \/>\n\t\t\t<\/div>\n\n<p>NELLE FOTO (riproduzioni dal libro &#8220;Un secolo in corriera nella provincia di Belluno&#8221;): anni 1900-1910: diligenza a cavallo, postale e per trasporto viaggiatori (sistemati anche sopra il tetto); &#8220;Giardiniera&#8221; della ditta Zanella, tirata da tre cavalli, in servizio postale e passeggeri sulle tratte Agordo-Bribano e Agordo-Belluno fino alla Grande Guerra; anno 1928: vettura che a Cortina andava a prelevare al treno i pazienti da ricoverare all&#8217;istituto Codivilla-Putti, che si vede sullo sfondo; anno 1911: le prime vetture Spa del &#8220;Garage Marcon&#8221; di Mestre in servizio giornaliero sulla linea Belluno-Cadore-Cortina; siamo nel 1910, autovettura Spa 40 hp del &#8220;Garage Marcon&#8221; in sosta a Borca di Cadore durante il servizio postale e passeggeri Belluno-San Vito di Cadore; anni &#8217;20: due autovetture dell&#8217;azienda di Mestre in Piazza Campedel, ora dei Martiri, a Belluno dove aveva anche una sede nella localit\u00e0 La Cerva; autocorriere in sosta, siamo negli anni &#8217;30, nel piazzale della stazione di Cortina d&#8217;Ampezzo; arrivo a Cortina nell&#8217;anno 1929 di alcuni torpedoni della ditta Buzzatti; un&#8217;autocorriera Ceirano in servizio sulla linea Agordo-Cortina; siamo nel 1911, autovettura Spa del &#8220;Garage Marcon&#8221; davanti all&#8217;hotel Croce Bianca di Cortina; anni &#8217;60: autocorriera Om Leoncino carrozzata Barbi, della Sad, in servizio sperimentale sulla tratta Lozzo di Cadore-Pian dei Buoi.<\/p>\n<p>&nbsp;<\/p>\n<p>&nbsp;<\/p>\n<hr \/>\n<p>&nbsp;<\/p>\n<blockquote class=\"wp-embedded-content\" data-secret=\"JJXfEpIUa0\"><p><a href=\"https:\/\/www.radiopiu.net\/wordpress\/39annimaggi16\/\">39 ANNI DI RADIO&#8230; I RICORDI DAGLI ARCHIVI DELLA RADIO<\/a><\/p><\/blockquote>\n<p><iframe loading=\"lazy\" class=\"wp-embedded-content\" sandbox=\"allow-scripts\" security=\"restricted\" style=\"position: absolute; clip: rect(1px, 1px, 1px, 1px);\" title=\"&#8220;39 ANNI DI RADIO&#8230; I RICORDI DAGLI ARCHIVI DELLA RADIO&#8221; &#8212; Radio Pi\u00f9\" src=\"https:\/\/www.radiopiu.net\/wordpress\/39annimaggi16\/embed\/#?secret=0UV2gHWZwy#?secret=JJXfEpIUa0\" data-secret=\"JJXfEpIUa0\" width=\"600\" height=\"338\" frameborder=\"0\" marginwidth=\"0\" marginheight=\"0\" scrolling=\"no\"><\/iframe><\/p>\n<p>&nbsp;<\/p>\n<hr \/>\n<p>&nbsp;<\/p>\n<h2><span style=\"color: #008080;\">SALUTE &amp; SOCIETA&#8217;\u00a0<\/span><\/h2>\n<p><strong>LA RACCOLTA<\/strong><\/p>\n<blockquote class=\"wp-embedded-content\" data-secret=\"XUWFG9ZeuS\"><p><a href=\"https:\/\/www.radiopiu.net\/wordpress\/saluteesocieta\/\">Salute e Societ\u00e0<\/a><\/p><\/blockquote>\n<p><iframe loading=\"lazy\" class=\"wp-embedded-content\" sandbox=\"allow-scripts\" security=\"restricted\" style=\"position: absolute; clip: rect(1px, 1px, 1px, 1px);\" title=\"&#8220;Salute e Societ\u00e0&#8221; &#8212; Radio Pi\u00f9\" src=\"https:\/\/www.radiopiu.net\/wordpress\/saluteesocieta\/embed\/#?secret=4VNCRb6ahe#?secret=XUWFG9ZeuS\" data-secret=\"XUWFG9ZeuS\" width=\"600\" height=\"338\" frameborder=\"0\" marginwidth=\"0\" marginheight=\"0\" scrolling=\"no\"><\/iframe><\/p>\n<p>&nbsp;<\/p>\n<hr \/>\n<p>&nbsp;<\/p>\n<h3>CONOSCIAMO I NOSTRI GIOVANI E I LORO IMPEGNI NEL MONDO, CON IL MUSLA<\/h3>\n<p>&nbsp;<\/p>\n<p><a class=\"dt-pswp-item\" href=\"https:\/\/www.radiopiu.net\/wordpress\/wp-content\/uploads\/2022\/05\/c2bc054f-5f64-4916-99bb-dfbe10c41c0c.jpg\" data-dt-img-description=\"\" data-large_image_width=\"640\" data-large_image_height=\"480\"><img loading=\"lazy\" decoding=\"async\" class=\"size-thumbnail wp-image-276504 alignleft\" src=\"https:\/\/www.radiopiu.net\/wordpress\/wp-content\/uploads\/2022\/05\/c2bc054f-5f64-4916-99bb-dfbe10c41c0c-150x150.jpg\" alt=\"\" width=\"150\" height=\"150\" \/><\/a><strong>DALL&#8217;ECUADOR DAVIDE CASSISI<\/strong><\/p>\n<p><strong>di DAVIDE CONEDERA\u00a0<\/strong><\/p>\n<p>&nbsp;<\/p>\n<p>&nbsp;<\/p>\n<p>&nbsp;<\/p>\n<p><strong>AUDIO<\/strong><\/p>\n<audio class=\"wp-audio-shortcode\" id=\"audio-276375-9\" preload=\"none\" style=\"width: 100%;\" controls=\"controls\"><source type=\"audio\/mpeg\" src=\"https:\/\/www.radiopiu.net\/wordpress\/wp-content\/uploads\/2022\/05\/MUSLA-4.mp3?_=9\" \/><a href=\"https:\/\/www.radiopiu.net\/wordpress\/wp-content\/uploads\/2022\/05\/MUSLA-4.mp3\">https:\/\/www.radiopiu.net\/wordpress\/wp-content\/uploads\/2022\/05\/MUSLA-4.mp3<\/a><\/audio>\n<p>&nbsp;<\/p>\n<blockquote class=\"wp-embedded-content\" data-secret=\"0KBdGb2266\"><p><a href=\"https:\/\/www.radiopiu.net\/wordpress\/agora-agordina-la-nosta-piaza\/\">AGORA&#8217; AGORDINA&#8230; LA NOSTA PIAZA LADINA RACCOLTA COMPLETA PRIMA STAGIONE<\/a><\/p><\/blockquote>\n<p><iframe loading=\"lazy\" class=\"wp-embedded-content\" sandbox=\"allow-scripts\" security=\"restricted\" style=\"position: absolute; clip: rect(1px, 1px, 1px, 1px);\" title=\"&#8220;AGORA&#8217; AGORDINA&#8230; LA NOSTA PIAZA LADINA RACCOLTA COMPLETA PRIMA STAGIONE&#8221; &#8212; Radio Pi\u00f9\" src=\"https:\/\/www.radiopiu.net\/wordpress\/agora-agordina-la-nosta-piaza\/embed\/#?secret=PIjb19eO4z#?secret=0KBdGb2266\" data-secret=\"0KBdGb2266\" width=\"600\" height=\"338\" frameborder=\"0\" marginwidth=\"0\" marginheight=\"0\" scrolling=\"no\"><\/iframe><\/p>\n<p>&nbsp;<\/p>\n<p>&nbsp;<\/p>\n<hr \/>\n<p>&nbsp;<\/p>\n<h2><span style=\"color: #ff00ff;\">007 IN CONDOTTA CON LA PROF. MARIA ROSA SALMAZO<\/span><\/h2>\n<p><strong>LA RACCOLTA COMPLETA\u00a0<\/strong><\/p>\n<blockquote class=\"wp-embedded-content\" data-secret=\"9joo41Hnwb\"><p><a href=\"https:\/\/www.radiopiu.net\/wordpress\/007incondotta-9\/\">007 in condotta<\/a><\/p><\/blockquote>\n<p><iframe loading=\"lazy\" class=\"wp-embedded-content\" sandbox=\"allow-scripts\" security=\"restricted\" style=\"position: absolute; clip: rect(1px, 1px, 1px, 1px);\" title=\"&#8220;007 in condotta&#8221; &#8212; Radio Pi\u00f9\" src=\"https:\/\/www.radiopiu.net\/wordpress\/007incondotta-9\/embed\/#?secret=TxpOYHcPjb#?secret=9joo41Hnwb\" data-secret=\"9joo41Hnwb\" width=\"600\" height=\"338\" frameborder=\"0\" marginwidth=\"0\" marginheight=\"0\" scrolling=\"no\"><\/iframe><\/p>\n<p>&nbsp;<\/p>\n<hr \/>\n<h3 class=\"kvgmc6g5 cxmmr5t8 oygrvhab hcukyx3x c1et5uql\"><span style=\"color: #0000ff;\"><strong>\u00a0<\/strong><\/span><\/h3>\n<h3 class=\"kvgmc6g5 cxmmr5t8 oygrvhab hcukyx3x c1et5uql\"><span style=\"color: #0000ff;\"><strong>INFORMAZIONE il canale su TELEGRAM informazione di prima mano e in tempo reale. iscriviti ed aiutaci a farlo conoscere\u00a0 \u00a0<\/strong><\/span><\/h3>\n<p>&nbsp;<\/p>\n<hr \/>\n<p>&nbsp;<\/p>\n<h2><span style=\"color: #800080;\">STORIE A QUATTROCCHI\u00a0\u00a0<\/span><\/h2>\n<p><strong>LA PUNTATA DEL 18 MAGGIO 2022\u00a0<\/strong><\/p>\n<audio class=\"wp-audio-shortcode\" id=\"audio-276375-10\" preload=\"none\" style=\"width: 100%;\" controls=\"controls\"><source type=\"audio\/mpeg\" src=\"https:\/\/www.radiopiu.net\/wordpress\/wp-content\/uploads\/2022\/05\/QOCCHI5-1.mp3?_=10\" \/><a href=\"https:\/\/www.radiopiu.net\/wordpress\/wp-content\/uploads\/2022\/05\/QOCCHI5-1.mp3\">https:\/\/www.radiopiu.net\/wordpress\/wp-content\/uploads\/2022\/05\/QOCCHI5-1.mp3<\/a><\/audio>\n<p><strong>LA RACCOLTA COMPLETA\u00a0<\/strong><\/p>\n<blockquote class=\"wp-embedded-content\" data-secret=\"utrHRZc64k\"><p><a href=\"https:\/\/www.radiopiu.net\/wordpress\/storie-a-quattrocchi\/\">Storie a quattrocchi<\/a><\/p><\/blockquote>\n<p><iframe loading=\"lazy\" class=\"wp-embedded-content\" sandbox=\"allow-scripts\" security=\"restricted\" style=\"position: absolute; clip: rect(1px, 1px, 1px, 1px);\" title=\"&#8220;Storie a quattrocchi&#8221; &#8212; Radio Pi\u00f9\" src=\"https:\/\/www.radiopiu.net\/wordpress\/storie-a-quattrocchi\/embed\/#?secret=01DQFd2jI4#?secret=utrHRZc64k\" data-secret=\"utrHRZc64k\" width=\"600\" height=\"338\" frameborder=\"0\" marginwidth=\"0\" marginheight=\"0\" scrolling=\"no\"><\/iframe><\/p>\n<p>&nbsp;<\/p>\n<hr \/>\n<p>&nbsp;<\/p>\n<h2><\/h2>\n<h2><span style=\"color: #008080;\">&#8220;DINTORN E FORA VIA&#8221; A CURA DEL MUSLA, IL NUOVO PROGRAMMA\u00a0\u00a0<\/span><\/h2>\n<p>&nbsp;<\/p>\n<p><strong><a class=\"dt-pswp-item\" href=\"https:\/\/www.radiopiu.net\/wordpress\/wp-content\/uploads\/2022\/05\/51fe5cab-a7bf-4347-b03c-ebdb0d3bcbcb.jpg\" data-dt-img-description=\"\" data-large_image_width=\"566\" data-large_image_height=\"309\"><img loading=\"lazy\" decoding=\"async\" class=\"alignleft wp-image-276220 size-medium\" src=\"https:\/\/www.radiopiu.net\/wordpress\/wp-content\/uploads\/2022\/05\/51fe5cab-a7bf-4347-b03c-ebdb0d3bcbcb-300x164.jpg\" alt=\"\" width=\"300\" height=\"164\" srcset=\"https:\/\/www.radiopiu.net\/wordpress\/wp-content\/uploads\/2022\/05\/51fe5cab-a7bf-4347-b03c-ebdb0d3bcbcb-300x164.jpg 300w, https:\/\/www.radiopiu.net\/wordpress\/wp-content\/uploads\/2022\/05\/51fe5cab-a7bf-4347-b03c-ebdb0d3bcbcb.jpg 566w\" sizes=\"auto, (max-width: 300px) 100vw, 300px\" \/><\/a><\/strong><\/p>\n<p>&nbsp;<\/p>\n<p>&nbsp;<\/p>\n<p><strong>PUNTATA 17 MAGGIO 2022 CON BEATRICE COLCUC<\/strong><\/p>\n<p>&nbsp;<\/p>\n<p>&nbsp;<\/p>\n<p>&nbsp;<\/p>\n<p><span style=\"color: #ff0000;\"><strong>AUDIO<\/strong><\/span><\/p>\n<audio class=\"wp-audio-shortcode\" id=\"audio-276375-11\" preload=\"none\" style=\"width: 100%;\" controls=\"controls\"><source type=\"audio\/mpeg\" src=\"https:\/\/www.radiopiu.net\/wordpress\/wp-content\/uploads\/2022\/05\/MUSLA-BEATRICE-COLCUC.mp3?_=11\" \/><a href=\"https:\/\/www.radiopiu.net\/wordpress\/wp-content\/uploads\/2022\/05\/MUSLA-BEATRICE-COLCUC.mp3\">https:\/\/www.radiopiu.net\/wordpress\/wp-content\/uploads\/2022\/05\/MUSLA-BEATRICE-COLCUC.mp3<\/a><\/audio>\n<p>&nbsp;<\/p>\n<p><strong>LA RACCOLTA COMPLETA<\/strong><\/p>\n<blockquote class=\"wp-embedded-content\" data-secret=\"rKCKqvBMrv\"><p><a href=\"https:\/\/www.radiopiu.net\/wordpress\/musla\/\">MUSLA<\/a><\/p><\/blockquote>\n<p><iframe loading=\"lazy\" class=\"wp-embedded-content\" sandbox=\"allow-scripts\" security=\"restricted\" style=\"position: absolute; clip: rect(1px, 1px, 1px, 1px);\" title=\"&#8220;MUSLA&#8221; &#8212; Radio Pi\u00f9\" src=\"https:\/\/www.radiopiu.net\/wordpress\/musla\/embed\/#?secret=ltyIjbFewS#?secret=rKCKqvBMrv\" data-secret=\"rKCKqvBMrv\" width=\"600\" height=\"338\" frameborder=\"0\" marginwidth=\"0\" marginheight=\"0\" scrolling=\"no\"><\/iframe><\/p>\n<p>&nbsp;<\/p>\n<p>&nbsp;<\/p>\n<hr \/>\n<p>&nbsp;<\/p>\n<p>&nbsp;<\/p>\n<div>\n<div class=\"b654a4as d2edcug0\">\n<div class=\"rq0escxv hkbzh7o3 jwdofwj8 n8tt0mok r8blr3vg hyh9befq\">\n<p><a class=\"dt-pswp-item\" href=\"https:\/\/www.radiopiu.net\/wordpress\/wp-content\/uploads\/2020\/10\/pp.jpg\" data-dt-img-description=\"\" data-large_image_width=\"640\" data-large_image_height=\"640\"><img loading=\"lazy\" decoding=\"async\" class=\"wp-image-163678 alignleft\" src=\"https:\/\/www.radiopiu.net\/wordpress\/wp-content\/uploads\/2020\/10\/pp-300x300.jpg\" alt=\"\" width=\"106\" height=\"106\" srcset=\"https:\/\/www.radiopiu.net\/wordpress\/wp-content\/uploads\/2020\/10\/pp-300x300.jpg 300w, https:\/\/www.radiopiu.net\/wordpress\/wp-content\/uploads\/2020\/10\/pp-150x150.jpg 150w, https:\/\/www.radiopiu.net\/wordpress\/wp-content\/uploads\/2020\/10\/pp-125x125.jpg 125w, https:\/\/www.radiopiu.net\/wordpress\/wp-content\/uploads\/2020\/10\/pp-200x200.jpg 200w, https:\/\/www.radiopiu.net\/wordpress\/wp-content\/uploads\/2020\/10\/pp-80x80.jpg 80w, https:\/\/www.radiopiu.net\/wordpress\/wp-content\/uploads\/2020\/10\/pp-480x480.jpg 480w, https:\/\/www.radiopiu.net\/wordpress\/wp-content\/uploads\/2020\/10\/pp.jpg 640w\" sizes=\"auto, (max-width: 106px) 100vw, 106px\" \/><\/a><\/p>\n<\/div>\n<\/div>\n<\/div>\n<div>\n<div class=\"page-title-head hgroup\">\n<div class=\"page-title-head hgroup\">\n<div class=\"b654a4as d2edcug0\">\n<div class=\"j83agx80 btwxx1t3 lhclo0ds hop8lmos nkwizq5d scwd0bx6 roh60bw9\">\n<div class=\"rq0escxv hkbzh7o3 jwdofwj8 n8tt0mok r8blr3vg hyh9befq\">\n<div class=\"do00u71z l9j0dhe7 k4urcfbm\">\n<h2><span style=\"color: #000080;\">DON CESARE, IL PENSIERO DEL GIORNO. ALLA RADIO ALLE 7 DEL MATTINO E ALLE 19.30 DELLA SERA.\u00a0<\/span><\/h2>\n<p>&nbsp;<\/p>\n<\/div>\n<\/div>\n<\/div>\n<\/div>\n<\/div>\n<\/div>\n<\/div>\n<audio class=\"wp-audio-shortcode\" id=\"audio-276375-12\" preload=\"none\" style=\"width: 100%;\" controls=\"controls\"><source type=\"audio\/mpeg\" src=\"https:\/\/www.radiopiu.net\/wordpress\/wp-content\/uploads\/2022\/05\/cesare-7.mp3?_=12\" \/><a href=\"https:\/\/www.radiopiu.net\/wordpress\/wp-content\/uploads\/2022\/05\/cesare-7.mp3\">https:\/\/www.radiopiu.net\/wordpress\/wp-content\/uploads\/2022\/05\/cesare-7.mp3<\/a><\/audio>\n<p>&nbsp;<\/p>\n<hr \/>\n<p>&nbsp;<\/p>\n<div class=\"do00u71z l9j0dhe7 k4urcfbm\">\n<div class=\"page-title-head hgroup\">\n<div class=\"page-title-head hgroup\">\n<div class=\"b654a4as d2edcug0\">\n<div class=\"j83agx80 btwxx1t3 lhclo0ds hop8lmos nkwizq5d scwd0bx6 roh60bw9\">\n<div class=\"rq0escxv hkbzh7o3 jwdofwj8 n8tt0mok r8blr3vg hyh9befq\">\n<div class=\"do00u71z l9j0dhe7 k4urcfbm\">\n<div class=\"page-title-head hgroup\">\n<div class=\"page-title-head hgroup\">\n<div class=\"b654a4as d2edcug0\">\n<div class=\"j83agx80 btwxx1t3 lhclo0ds hop8lmos nkwizq5d scwd0bx6 roh60bw9\">\n<div class=\"rq0escxv hkbzh7o3 jwdofwj8 n8tt0mok r8blr3vg hyh9befq\">\n<div class=\"do00u71z l9j0dhe7 k4urcfbm\">\n<div class=\"ecm0bbzt e5nlhep0 a8c37x1j\">\n<div class=\"kvgmc6g5 cxmmr5t8 oygrvhab hcukyx3x c1et5uql\">\n<div class=\"gmail-kvgmc6g5 gmail-cxmmr5t8 gmail-oygrvhab gmail-hcukyx3x gmail-c1et5uql gmail-ii04i59q\">\n<div class=\"page-title-head hgroup\">\n<div class=\"page-title-head hgroup\">\n<div class=\"b654a4as d2edcug0\">\n<div class=\"j83agx80 btwxx1t3 lhclo0ds hop8lmos nkwizq5d scwd0bx6 roh60bw9\">\n<div class=\"rq0escxv hkbzh7o3 jwdofwj8 n8tt0mok r8blr3vg hyh9befq\">\n<div class=\"do00u71z l9j0dhe7 k4urcfbm\">\n<div class=\"page-title-head hgroup\">\n<div class=\"page-title-head hgroup\">\n<div class=\"b654a4as d2edcug0\">\n<div class=\"j83agx80 btwxx1t3 lhclo0ds hop8lmos nkwizq5d scwd0bx6 roh60bw9\">\n<div class=\"rq0escxv hkbzh7o3 jwdofwj8 n8tt0mok r8blr3vg hyh9befq\">\n<div class=\"do00u71z l9j0dhe7 k4urcfbm\">\n<div class=\"page-title-head hgroup\">\n<div class=\"page-title-head hgroup\">\n<div class=\"b654a4as d2edcug0\">\n<div class=\"j83agx80 btwxx1t3 lhclo0ds hop8lmos nkwizq5d scwd0bx6 roh60bw9\">\n<div class=\"rq0escxv hkbzh7o3 jwdofwj8 n8tt0mok r8blr3vg hyh9befq\">\n<div class=\"do00u71z l9j0dhe7 k4urcfbm\">\n<div class=\"ecm0bbzt e5nlhep0 a8c37x1j\">\n<div class=\"kvgmc6g5 cxmmr5t8 oygrvhab hcukyx3x c1et5uql\">\n<div class=\"gmail-kvgmc6g5 gmail-cxmmr5t8 gmail-oygrvhab gmail-hcukyx3x gmail-c1et5uql gmail-ii04i59q\">\n<div class=\"page-title-head hgroup\">\n<div class=\"page-title-head hgroup\">\n<div class=\"b654a4as d2edcug0\">\n<div class=\"j83agx80 btwxx1t3 lhclo0ds hop8lmos nkwizq5d scwd0bx6 roh60bw9\">\n<div class=\"rq0escxv hkbzh7o3 jwdofwj8 n8tt0mok r8blr3vg hyh9befq\">\n<div class=\"do00u71z l9j0dhe7 k4urcfbm\">\n<blockquote>\n<h3><span style=\"color: #ff0000;\">IN VIVO VERSO,\u00a0 RIASCOLTIAMOLE DAL LUNEDI AL VENERDI ALLE 7.10, 10.10, 18 50<\/span><\/h3>\n<\/blockquote>\n<blockquote>\n<h3><\/h3>\n<h3>RIASCOLTIAMOLE, STAGIONE 2019_2020 di LEONARD LEO GRAF &#8220;GRAPPOLI DI NOTTE&#8221;<\/h3>\n<\/blockquote>\n<p><strong>AUDIO<\/strong><\/p>\n<audio class=\"wp-audio-shortcode\" id=\"audio-276375-13\" preload=\"none\" style=\"width: 100%;\" controls=\"controls\"><source type=\"audio\/mpeg\" src=\"https:\/\/www.radiopiu.net\/wordpress\/wp-content\/uploads\/2022\/05\/vivo-verso-mer.mp3?_=13\" \/><a href=\"https:\/\/www.radiopiu.net\/wordpress\/wp-content\/uploads\/2022\/05\/vivo-verso-mer.mp3\">https:\/\/www.radiopiu.net\/wordpress\/wp-content\/uploads\/2022\/05\/vivo-verso-mer.mp3<\/a><\/audio>\n<p>&nbsp;<\/p>\n<p><a class=\"dt-pswp-item\" href=\"https:\/\/www.radiopiu.net\/wordpress\/wp-content\/uploads\/2022\/05\/LEONARD-LEO-GRAF-FOTO-225x300-1.jpg\" data-dt-img-description=\"\" data-large_image_width=\"225\" data-large_image_height=\"300\"><img loading=\"lazy\" decoding=\"async\" class=\"alignnone size-thumbnail wp-image-276466\" src=\"https:\/\/www.radiopiu.net\/wordpress\/wp-content\/uploads\/2022\/05\/LEONARD-LEO-GRAF-FOTO-225x300-1-150x150.jpg\" alt=\"\" width=\"150\" height=\"150\" \/><\/a><\/p>\n<p>&nbsp;<\/p>\n<p>LA RACCOLTA COMPLETA<\/p>\n<blockquote class=\"wp-embedded-content\" data-secret=\"tPWBQIQ2lh\"><p><a href=\"https:\/\/www.radiopiu.net\/wordpress\/in-vivo-verso\/\">In Vivo Verso<\/a><\/p><\/blockquote>\n<p><iframe loading=\"lazy\" class=\"wp-embedded-content\" sandbox=\"allow-scripts\" security=\"restricted\" style=\"position: absolute; clip: rect(1px, 1px, 1px, 1px);\" title=\"&#8220;In Vivo Verso&#8221; &#8212; Radio Pi\u00f9\" src=\"https:\/\/www.radiopiu.net\/wordpress\/in-vivo-verso\/embed\/#?secret=5IiWBGIMQ4#?secret=tPWBQIQ2lh\" data-secret=\"tPWBQIQ2lh\" width=\"600\" height=\"338\" frameborder=\"0\" marginwidth=\"0\" marginheight=\"0\" scrolling=\"no\"><\/iframe><\/p>\n<p>&nbsp;<\/p>\n<p>&nbsp;<\/p>\n<hr \/>\n<p>&nbsp;<\/p>\n<h3 class=\"entry-title\"><span style=\"color: #ff0000;\"><a href=\"https:\/\/www.radiopiu.net\/wordpress\/wp-content\/uploads\/2022\/04\/bustos-756620__340.webp\"><img loading=\"lazy\" decoding=\"async\" class=\" wp-image-271808 alignleft\" src=\"https:\/\/www.radiopiu.net\/wordpress\/wp-content\/uploads\/2022\/04\/bustos-756620__340-150x150.webp\" alt=\"\" width=\"94\" height=\"94\" \/><\/a>GOCCE DI FILOSOFIA\u00a0<\/span><\/h3>\n<p><strong>GOCCE DI FILOSOFIA PUNTATA 203 CHIARA CAU\u00a0<\/strong><\/p>\n<p>&nbsp;<\/p>\n<p>AUDIO<\/p>\n<audio class=\"wp-audio-shortcode\" id=\"audio-276375-14\" preload=\"none\" style=\"width: 100%;\" controls=\"controls\"><source type=\"audio\/mpeg\" src=\"https:\/\/www.radiopiu.net\/wordpress\/wp-content\/uploads\/2022\/05\/FI3-2.mp3?_=14\" \/><a href=\"https:\/\/www.radiopiu.net\/wordpress\/wp-content\/uploads\/2022\/05\/FI3-2.mp3\">https:\/\/www.radiopiu.net\/wordpress\/wp-content\/uploads\/2022\/05\/FI3-2.mp3<\/a><\/audio>\n<p>&nbsp;<\/p>\n<p><strong>\u00a0<\/strong><strong>LA RACCOLTA COMPLETA<\/strong><\/p>\n<blockquote class=\"wp-embedded-content\" data-secret=\"FGPsMBpUs4\"><p><a href=\"https:\/\/www.radiopiu.net\/wordpress\/gocce-filosofia\/\">Gocce di filosofia, PRIMA E SECONDA STAGIONE 2022<\/a><\/p><\/blockquote>\n<p><iframe loading=\"lazy\" class=\"wp-embedded-content\" sandbox=\"allow-scripts\" security=\"restricted\" style=\"position: absolute; clip: rect(1px, 1px, 1px, 1px);\" title=\"&#8220;Gocce di filosofia, PRIMA E SECONDA STAGIONE 2022&#8221; &#8212; Radio Pi\u00f9\" src=\"https:\/\/www.radiopiu.net\/wordpress\/gocce-filosofia\/embed\/#?secret=MAjwiXZvhl#?secret=FGPsMBpUs4\" data-secret=\"FGPsMBpUs4\" width=\"600\" height=\"338\" frameborder=\"0\" marginwidth=\"0\" marginheight=\"0\" scrolling=\"no\"><\/iframe><\/p>\n<p>&nbsp;<\/p>\n<hr \/>\n<p>&nbsp;<\/p>\n<p><span style=\"color: #0000ff;\">MUSICA PIU&#8217;\u00a0<\/span><\/p>\n<p><a href=\"https:\/\/www.radiopiu.net\/wordpress\/giornale-radiopiu-20-settembre-2021-direttore-mirko-mezzacasa\/pp-79\/\" rel=\"attachment wp-att-232921\"><img loading=\"lazy\" decoding=\"async\" class=\"wp-image-232921 alignleft\" src=\"https:\/\/www.radiopiu.net\/wordpress\/wp-content\/uploads\/2021\/09\/pp-1-300x300.jpg\" alt=\"\" width=\"135\" height=\"135\" srcset=\"https:\/\/www.radiopiu.net\/wordpress\/wp-content\/uploads\/2021\/09\/pp-1-300x300.jpg 300w, https:\/\/www.radiopiu.net\/wordpress\/wp-content\/uploads\/2021\/09\/pp-1-150x150.jpg 150w, https:\/\/www.radiopiu.net\/wordpress\/wp-content\/uploads\/2021\/09\/pp-1.jpg 640w\" sizes=\"auto, (max-width: 135px) 100vw, 135px\" \/><\/a><\/p>\n<div class=\"mkdf-post-text\">\n<div class=\"mkdf-post-text-inner\">\n<div class=\"mkdf-post-text-main\">\n<div class=\"mkdf-post-text\">\n<div class=\"mkdf-post-text-inner\">\n<div class=\"mkdf-post-text-main\">\n<div class=\"mkdf-post-text\">\n<div class=\"mkdf-post-text-inner\">\n<div class=\"mkdf-post-text-main\">\n<div class=\"page-title-head hgroup\">\n<div class=\"page-title-head hgroup\">\n<div class=\"mkdf-post-text\">\n<div class=\"mkdf-post-text-inner\">\n<div class=\"mkdf-post-text-main\">\n<div class=\"mkdf-post-text\">\n<div class=\"mkdf-post-text-inner\">\n<div class=\"mkdf-post-text-main\">\n<div class=\"page-title-head hgroup\">\n<div class=\"page-title-head hgroup\">\n<div class=\"page-title-head hgroup\">\n<div class=\"page-title-head hgroup\">\n<div class=\"b654a4as d2edcug0\">\n<div class=\"page-title-head hgroup\">\n<div class=\"page-title-head hgroup\">\n<div class=\"page-title-head hgroup\">\n<div class=\"page-title-head hgroup\">\n<div class=\"b654a4as d2edcug0\">\n<div class=\"page-title-head hgroup\">\n<div class=\"page-title-head hgroup\">\n<div class=\"page-title-head hgroup\">\n<div class=\"page-title-head hgroup\">\n<div class=\"b654a4as d2edcug0\">\n<div class=\"mkdf-post-text\">\n<div class=\"mkdf-post-text-inner\">\n<div class=\"mkdf-post-text-main\">\n<div class=\"mkdf-post-text\">\n<div class=\"mkdf-post-text-inner\">\n<div class=\"mkdf-post-text-main\">\n<div class=\"mkdf-post-text\">\n<div class=\"mkdf-post-text-inner\">\n<div class=\"mkdf-post-text-main\">\n<div class=\"page-title-head hgroup\">\n<div class=\"page-title-head hgroup\">\n<div class=\"mkdf-post-text\">\n<div class=\"mkdf-post-text-inner\">\n<div class=\"mkdf-post-text-main\">\n<div class=\"mkdf-post-text\">\n<div class=\"mkdf-post-text-inner\">\n<div class=\"mkdf-post-text-main\">\n<div class=\"page-title-head hgroup\">\n<div class=\"page-title-head hgroup\">\n<div class=\"page-title-head hgroup\">\n<div class=\"page-title-head hgroup\">\n<div class=\"b654a4as d2edcug0\">\n<div class=\"page-title-head hgroup\">\n<div class=\"page-title-head hgroup\">\n<div class=\"page-title-head hgroup\">\n<div class=\"page-title-head hgroup\">\n<div class=\"b654a4as d2edcug0\">\n<div class=\"page-title-head hgroup\">\n<div class=\"page-title-head hgroup\">\n<div class=\"page-title-head hgroup\">\n<div class=\"page-title-head hgroup\">\n<div class=\"b654a4as d2edcug0\">\n<div><\/div>\n<div><\/div>\n<div>\n<p><strong>MUSICA ALLA RADIO, IL PROGRAMMA DI LORIS SCUSSEL &#8220;COLLAGE OPERAZIONE NOSTALGIA&#8221; DAL LUNEDI AL VENERDI ALLE 16.00\u00a0 E ALLE 23\u00a0<\/strong><\/p>\n<p>&nbsp;<\/p>\n<\/div>\n<p><strong>PUNTATA 608 DEL 18 MAGGIO 2022\u00a0<\/strong><\/p>\n<audio class=\"wp-audio-shortcode\" id=\"audio-276375-15\" preload=\"none\" style=\"width: 100%;\" controls=\"controls\"><source type=\"audio\/mpeg\" src=\"https:\/\/www.radiopiu.net\/wordpress\/wp-content\/uploads\/2022\/05\/Collage-608.mp3?_=15\" \/><a href=\"https:\/\/www.radiopiu.net\/wordpress\/wp-content\/uploads\/2022\/05\/Collage-608.mp3\">https:\/\/www.radiopiu.net\/wordpress\/wp-content\/uploads\/2022\/05\/Collage-608.mp3<\/a><\/audio>\n<p>&nbsp;<\/p>\n<p><strong><a class=\"dt-pswp-item\" href=\"https:\/\/www.radiopiu.net\/wordpress\/wp-content\/uploads\/2022\/05\/Ben-E-King.jpg\" data-dt-img-description=\"\" data-large_image_width=\"200\" data-large_image_height=\"198\"><img loading=\"lazy\" decoding=\"async\" class=\"size-thumbnail wp-image-275829 alignleft\" src=\"https:\/\/www.radiopiu.net\/wordpress\/wp-content\/uploads\/2022\/05\/Ben-E-King-150x150.jpg\" alt=\"\" width=\"150\" height=\"150\" srcset=\"https:\/\/www.radiopiu.net\/wordpress\/wp-content\/uploads\/2022\/05\/Ben-E-King-150x150.jpg 150w, https:\/\/www.radiopiu.net\/wordpress\/wp-content\/uploads\/2022\/05\/Ben-E-King.jpg 200w\" sizes=\"auto, (max-width: 150px) 100vw, 150px\" \/><\/a>di Loris Scussel<\/strong><\/p>\n<p>La settimana di Collage operazione nostalgia si aprir\u00e0 all\u2019insegna del vento con una selezione di brani dedicati a questo fenomeno atmosferico, marted\u00ec e mercoled\u00ec proporremo successi internazionali degli anni 50 e 60 mentre gioved\u00ec e venerd\u00ec daremo spazio alla musica italiana con due puntate dedicate rispettivamente ai complessi ed ai cantautori. Collage va in onda dal luned\u00ec al venerd\u00ec alle 16,00 e alle 23,00 naturalmente su Radio Pi\u00f9.<\/p>\n<p>&nbsp;<\/p>\n<\/div>\n<p>&nbsp;<\/p>\n<p>&nbsp;<\/p>\n<div class=\"b654a4as d2edcug0\">\n<hr \/>\n<\/div>\n<\/div>\n<\/div>\n<\/div>\n<\/div>\n<\/div>\n<\/div>\n<\/div>\n<\/div>\n<\/div>\n<\/div>\n<\/div>\n<\/div>\n<\/div>\n<\/div>\n<\/div>\n<\/div>\n<\/div>\n<\/div>\n<\/div>\n<\/div>\n<\/div>\n<\/div>\n<\/div>\n<\/div>\n<\/div>\n<\/div>\n<\/div>\n<\/div>\n<\/div>\n<\/div>\n<\/div>\n<\/div>\n<\/div>\n<\/div>\n<\/div>\n<\/div>\n<\/div>\n<\/div>\n<\/div>\n<\/div>\n<\/div>\n<\/div>\n<\/div>\n<\/div>\n<\/div>\n<\/div>\n<\/div>\n<\/div>\n<\/div>\n<\/div>\n<\/div>\n<\/div>\n<\/div>\n<\/div>\n<\/div>\n<\/div>\n<\/div>\n<\/div>\n<\/div>\n<\/div>\n<\/div>\n<\/div>\n<\/div>\n<p>&nbsp;<\/p>\n<blockquote>\n<h3><span style=\"color: #0000ff;\">RADIO PIU INFORMAZIONE il canale su TELEGRAM informazione di prima mano e in tempo reale. iscriviti ed aiutaci a farlo conoscere\u00a0\u00a0<\/span><\/h3>\n<\/blockquote>\n<div>\n<div class=\"page-title-head hgroup\">\n<div class=\"page-title-head hgroup\">\n<div class=\"page-title-head hgroup\">\n<div class=\"page-title-head hgroup\">\n<div class=\"b654a4as d2edcug0\">\n<div class=\"page-title-head hgroup\">\n<div class=\"page-title-head hgroup\">\n<div class=\"page-title-head hgroup\">\n<div class=\"page-title-head hgroup\">\n<div class=\"b654a4as d2edcug0\">\n<div class=\"page-title-head hgroup\">\n<div class=\"page-title-head hgroup\">\n<div class=\"page-title-head hgroup\">\n<div class=\"page-title-head hgroup\">\n<div class=\"page-title-head hgroup\">\n<div class=\"page-title-head hgroup\">\n<div class=\"page-title-head hgroup\">\n<div class=\"page-title-head hgroup\">\n<div class=\"page-title-head hgroup\">\n<div class=\"b654a4as d2edcug0\">\n<div class=\"page-title-head hgroup\">\n<div class=\"page-title-head hgroup\">\n<div class=\"page-title-head hgroup\">\n<div class=\"page-title-head hgroup\">\n<div class=\"b654a4as d2edcug0\">\n<div><\/div>\n<div>\n<div class=\"page-title-head hgroup\">\n<div class=\"page-title-head hgroup\">\n<div class=\"page-title-head hgroup\">\n<div class=\"page-title-head hgroup\">\n<div class=\"page-title-head hgroup\">\n<div class=\"mkdf-post-text\">\n<div class=\"mkdf-post-text-inner\">\n<div class=\"mkdf-post-text-main\">\n<div class=\"mkdf-post-text\">\n<div class=\"mkdf-post-text-inner\">\n<div class=\"mkdf-post-text-main\">\n<div class=\"mkdf-post-text\">\n<div class=\"mkdf-post-text-inner\">\n<div class=\"mkdf-post-text-main\">\n<div class=\"page-title-head hgroup\">\n<div class=\"page-title-head hgroup\">\n<div class=\"mkdf-post-text\">\n<div class=\"mkdf-post-text-inner\">\n<div class=\"mkdf-post-text-main\">\n<div class=\"mkdf-post-text\">\n<div class=\"mkdf-post-text-inner\">\n<div class=\"mkdf-post-text-main\">\n<div class=\"page-title-head hgroup\">\n<div class=\"page-title-head hgroup\">\n<div class=\"page-title-head hgroup\">\n<div class=\"page-title-head hgroup\">\n<div class=\"b654a4as d2edcug0\">\n<div class=\"page-title-head hgroup\">\n<div class=\"page-title-head hgroup\">\n<div class=\"page-title-head hgroup\">\n<div class=\"page-title-head hgroup\">\n<div class=\"b654a4as d2edcug0\">\n<div class=\"page-title-head hgroup\">\n<div class=\"page-title-head hgroup\">\n<div class=\"page-title-head hgroup\">\n<p>&nbsp;<\/p>\n<div>\n<div class=\"page-title-head hgroup\">\n<div class=\"page-title-head hgroup\">\n<div class=\"b654a4as d2edcug0\">\n<div class=\"j83agx80 btwxx1t3 lhclo0ds hop8lmos nkwizq5d scwd0bx6 roh60bw9\">\n<div class=\"rq0escxv hkbzh7o3 jwdofwj8 n8tt0mok r8blr3vg hyh9befq\">\n<div class=\"do00u71z l9j0dhe7 k4urcfbm\">\n<div class=\"page-title-head hgroup\">\n<div class=\"page-title-head hgroup\">\n<div class=\"b654a4as d2edcug0\">\n<div class=\"j83agx80 btwxx1t3 lhclo0ds hop8lmos nkwizq5d scwd0bx6 roh60bw9\">\n<div class=\"rq0escxv hkbzh7o3 jwdofwj8 n8tt0mok r8blr3vg hyh9befq\">\n<div class=\"do00u71z l9j0dhe7 k4urcfbm\">\n<div class=\"ecm0bbzt e5nlhep0 a8c37x1j\">\n<div class=\"kvgmc6g5 cxmmr5t8 oygrvhab hcukyx3x c1et5uql\">\n<div class=\"gmail-kvgmc6g5 gmail-cxmmr5t8 gmail-oygrvhab gmail-hcukyx3x gmail-c1et5uql gmail-ii04i59q\">\n<div class=\"page-title-head hgroup\">\n<div class=\"page-title-head hgroup\">\n<div class=\"b654a4as d2edcug0\">\n<div class=\"j83agx80 btwxx1t3 lhclo0ds hop8lmos nkwizq5d scwd0bx6 roh60bw9\">\n<div class=\"rq0escxv hkbzh7o3 jwdofwj8 n8tt0mok r8blr3vg hyh9befq\">\n<div class=\"do00u71z l9j0dhe7 k4urcfbm\">\n<div class=\"page-title-head hgroup\">\n<div class=\"page-title-head hgroup\">\n<div class=\"b654a4as d2edcug0\">\n<div class=\"j83agx80 btwxx1t3 lhclo0ds hop8lmos nkwizq5d scwd0bx6 roh60bw9\">\n<div class=\"rq0escxv hkbzh7o3 jwdofwj8 n8tt0mok r8blr3vg hyh9befq\">\n<div class=\"do00u71z l9j0dhe7 k4urcfbm\">\n<div class=\"page-title-head hgroup\">\n<div class=\"page-title-head hgroup\">\n<div class=\"b654a4as d2edcug0\">\n<div class=\"j83agx80 btwxx1t3 lhclo0ds hop8lmos nkwizq5d scwd0bx6 roh60bw9\">\n<div class=\"rq0escxv hkbzh7o3 jwdofwj8 n8tt0mok r8blr3vg hyh9befq\">\n<div class=\"do00u71z l9j0dhe7 k4urcfbm\">\n<div class=\"ecm0bbzt e5nlhep0 a8c37x1j\">\n<div class=\"kvgmc6g5 cxmmr5t8 oygrvhab hcukyx3x c1et5uql\">\n<div class=\"gmail-kvgmc6g5 gmail-cxmmr5t8 gmail-oygrvhab gmail-hcukyx3x gmail-c1et5uql gmail-ii04i59q\">\n<div class=\"page-title-head hgroup\">\n<div class=\"page-title-head hgroup\">\n<div class=\"b654a4as d2edcug0\">\n<div class=\"j83agx80 btwxx1t3 lhclo0ds hop8lmos nkwizq5d scwd0bx6 roh60bw9\">\n<div class=\"rq0escxv hkbzh7o3 jwdofwj8 n8tt0mok r8blr3vg hyh9befq\">\n<div class=\"do00u71z l9j0dhe7 k4urcfbm\">\n<div class=\"page-title-head hgroup\">\n<div class=\"page-title-head hgroup\">\n<div class=\"page-title-head hgroup\">\n<div class=\"page-title-head hgroup\">\n<div class=\"b654a4as d2edcug0\">\n<div class=\"page-title-head hgroup\">\n<div class=\"page-title-head hgroup\">\n<div class=\"page-title-head hgroup\">\n<div class=\"page-title-head hgroup\">\n<div class=\"b654a4as d2edcug0\">\n<div class=\"page-title-head hgroup\">\n<div class=\"page-title-head hgroup\">\n<div class=\"page-title-head hgroup\">\n<div class=\"page-title-head hgroup\">\n<div class=\"page-title-head hgroup\">\n<div class=\"page-title-head hgroup\">\n<div class=\"page-title-head hgroup\">\n<div class=\"page-title-head hgroup\">\n<div class=\"page-title-head hgroup\">\n<div class=\"b654a4as d2edcug0\">\n<div class=\"page-title-head hgroup\">\n<div class=\"page-title-head hgroup\">\n<div class=\"page-title-head hgroup\">\n<div class=\"page-title-head hgroup\">\n<div class=\"b654a4as d2edcug0\">\n<div class=\"page-title-head hgroup\">\n<div class=\"page-title-head hgroup\">\n<div class=\"page-title-head hgroup\">\n<div class=\"page-title-head hgroup\">\n<div class=\"page-title-head hgroup\">\n<div class=\"mkdf-post-text\">\n<div class=\"mkdf-post-text-inner\">\n<div class=\"mkdf-post-text-main\">\n<div class=\"mkdf-post-text\">\n<div class=\"mkdf-post-text-inner\">\n<div class=\"mkdf-post-text-main\">\n<div class=\"mkdf-post-text\">\n<div class=\"mkdf-post-text-inner\">\n<div class=\"mkdf-post-text-main\">\n<div class=\"page-title-head hgroup\">\n<div class=\"page-title-head hgroup\">\n<div class=\"mkdf-post-text\">\n<div class=\"mkdf-post-text-inner\">\n<div class=\"mkdf-post-text-main\">\n<div class=\"mkdf-post-text\">\n<div class=\"mkdf-post-text-inner\">\n<div class=\"mkdf-post-text-main\">\n<div class=\"page-title-head hgroup\">\n<div class=\"page-title-head hgroup\">\n<div class=\"page-title-head hgroup\">\n<div class=\"page-title-head hgroup\">\n<div class=\"b654a4as d2edcug0\">\n<div class=\"page-title-head hgroup\">\n<div class=\"page-title-head hgroup\">\n<div class=\"page-title-head hgroup\">\n<div class=\"page-title-head hgroup\">\n<div class=\"b654a4as d2edcug0\">\n<div class=\"page-title-head hgroup\">\n<div class=\"page-title-head hgroup\">\n<div class=\"page-title-head hgroup\">\n<div class=\"page-title-head hgroup\">\n<div class=\"b654a4as d2edcug0\">\n<div class=\"ecm0bbzt e5nlhep0 a8c37x1j\">\n<div class=\"kvgmc6g5 cxmmr5t8 oygrvhab hcukyx3x c1et5uql\">\n<div class=\"gmail-kvgmc6g5 gmail-cxmmr5t8 gmail-oygrvhab gmail-hcukyx3x gmail-c1et5uql gmail-ii04i59q\">\n<div class=\"page-title-head hgroup\">\n<div class=\"page-title-head hgroup\">\n<div class=\"b654a4as d2edcug0\">\n<div class=\"j83agx80 btwxx1t3 lhclo0ds hop8lmos nkwizq5d scwd0bx6 roh60bw9\">\n<div class=\"rq0escxv hkbzh7o3 jwdofwj8 n8tt0mok r8blr3vg hyh9befq\">\n<div class=\"do00u71z l9j0dhe7 k4urcfbm\">\n<div class=\"page-title-head hgroup\">\n<div class=\"page-title-head hgroup\">\n<div class=\"page-title-head hgroup\">\n<div class=\"page-title-head hgroup\">\n<div class=\"b654a4as d2edcug0\">\n<div class=\"page-title-head hgroup\">\n<div class=\"page-title-head hgroup\">\n<div class=\"page-title-head hgroup\">\n<div class=\"page-title-head hgroup\">\n<div class=\"b654a4as d2edcug0\">\n<div class=\"page-title-head hgroup\">\n<div class=\"page-title-head hgroup\">\n<div class=\"page-title-head hgroup\">\n<div class=\"page-title-head hgroup\">\n<div class=\"page-title-head hgroup\">\n<div class=\"page-title-head hgroup\">\n<div class=\"page-title-head hgroup\">\n<div class=\"page-title-head hgroup\">\n<div class=\"page-title-head hgroup\">\n<div class=\"b654a4as d2edcug0\">\n<div class=\"page-title-head hgroup\">\n<div class=\"page-title-head hgroup\">\n<div class=\"page-title-head hgroup\">\n<div class=\"page-title-head hgroup\">\n<div class=\"b654a4as d2edcug0\">\n<div class=\"page-title-head hgroup\">\n<div class=\"page-title-head hgroup\">\n<div class=\"page-title-head hgroup\">\n<div class=\"page-title-head hgroup\">\n<div class=\"page-title-head hgroup\">\n<div class=\"mkdf-post-text\">\n<div class=\"mkdf-post-text-inner\">\n<div class=\"mkdf-post-text-main\">\n<div class=\"mkdf-post-text\">\n<div class=\"mkdf-post-text-inner\">\n<div class=\"mkdf-post-text-main\">\n<div class=\"mkdf-post-text\">\n<div class=\"mkdf-post-text-inner\">\n<div class=\"mkdf-post-text-main\">\n<div class=\"page-title-head hgroup\">\n<div class=\"page-title-head hgroup\">\n<div class=\"mkdf-post-text\">\n<div class=\"mkdf-post-text-inner\">\n<div class=\"mkdf-post-text-main\">\n<div class=\"mkdf-post-text\">\n<div class=\"mkdf-post-text-inner\">\n<div class=\"mkdf-post-text-main\">\n<div class=\"page-title-head hgroup\">\n<div class=\"page-title-head hgroup\">\n<div class=\"page-title-head hgroup\">\n<div class=\"page-title-head hgroup\">\n<div class=\"b654a4as d2edcug0\">\n<div class=\"page-title-head hgroup\">\n<div class=\"page-title-head hgroup\">\n<div class=\"page-title-head hgroup\">\n<div class=\"page-title-head hgroup\">\n<div class=\"b654a4as d2edcug0\">\n<div class=\"page-title-head hgroup\">\n<div class=\"page-title-head hgroup\">\n<div class=\"page-title-head hgroup\">\n<div class=\"page-title-head hgroup\">\n<div class=\"b654a4as d2edcug0\">\n<hr \/>\n<p>&nbsp;<\/p>\n<div>\n<p><strong>DUE MINUTI UN LIBRO, TUTTI I GIORNI ALLA RADIO ALLE 9.40 E ALLE 17.50\u00a0\u00a0<\/strong><\/p>\n<div>\n<div>\n<p><strong>LA RACCOLTA COMPLETA\u00a0\u00a0<\/strong><\/p>\n<\/div>\n<\/div>\n<\/div>\n<div class=\"mkdf-post-text\">\n<div class=\"mkdf-post-text-inner\">\n<div class=\"mkdf-post-text-main\">\n<div class=\"mkdf-post-text\">\n<div class=\"mkdf-post-text-inner\">\n<div class=\"mkdf-post-text-main\">\n<div class=\"mkdf-post-text\">\n<div class=\"mkdf-post-text-inner\">\n<div class=\"mkdf-post-text-main\">\n<div class=\"page-title-head hgroup\">\n<div class=\"page-title-head hgroup\">\n<div class=\"mkdf-post-text\">\n<div class=\"mkdf-post-text-inner\">\n<div class=\"mkdf-post-text-main\">\n<div class=\"mkdf-post-text\">\n<div class=\"mkdf-post-text-inner\">\n<div class=\"mkdf-post-text-main\">\n<div class=\"page-title-head hgroup\">\n<div class=\"page-title-head hgroup\">\n<div class=\"page-title-head hgroup\">\n<div class=\"page-title-head hgroup\">\n<div class=\"b654a4as d2edcug0\">\n<div class=\"page-title-head hgroup\">\n<div class=\"page-title-head hgroup\">\n<div class=\"page-title-head hgroup\">\n<div class=\"page-title-head hgroup\">\n<div class=\"b654a4as d2edcug0\">\n<div class=\"page-title-head hgroup\">\n<div class=\"page-title-head hgroup\">\n<div class=\"page-title-head hgroup\">\n<div class=\"page-title-head hgroup\">\n<div class=\"b654a4as d2edcug0\">\n<div>\n<blockquote class=\"wp-embedded-content\" data-secret=\"V0CvsjRl8R\"><p><a href=\"https:\/\/www.radiopiu.net\/wordpress\/due-minuti-un-libro\/\">Due minuti un libro<\/a><\/p><\/blockquote>\n<p><iframe loading=\"lazy\" class=\"wp-embedded-content\" sandbox=\"allow-scripts\" security=\"restricted\" style=\"position: absolute; clip: rect(1px, 1px, 1px, 1px);\" title=\"&#8220;Due minuti un libro&#8221; &#8212; Radio Pi\u00f9\" src=\"https:\/\/www.radiopiu.net\/wordpress\/due-minuti-un-libro\/embed\/#?secret=rHysl1jXZJ#?secret=V0CvsjRl8R\" data-secret=\"V0CvsjRl8R\" width=\"600\" height=\"338\" frameborder=\"0\" marginwidth=\"0\" marginheight=\"0\" scrolling=\"no\"><\/iframe><\/p>\n<p>&nbsp;<\/p>\n<\/div>\n<div>\n<hr \/>\n<p>&nbsp;<\/p>\n<\/div>\n<h2><span style=\"color: #808000;\">L&#8217;ALMANACCO LADINO\u00a0<\/span><\/h2>\n<p><strong>LA RACCOLTA<\/strong><\/p>\n<blockquote class=\"wp-embedded-content\" data-secret=\"bMzdlz3lyN\"><p><a href=\"https:\/\/www.radiopiu.net\/wordpress\/almanacco-ladino\/\">Almanacco Ladino<\/a><\/p><\/blockquote>\n<p><iframe loading=\"lazy\" class=\"wp-embedded-content\" sandbox=\"allow-scripts\" security=\"restricted\" style=\"position: absolute; clip: rect(1px, 1px, 1px, 1px);\" title=\"&#8220;Almanacco Ladino&#8221; &#8212; Radio Pi\u00f9\" src=\"https:\/\/www.radiopiu.net\/wordpress\/almanacco-ladino\/embed\/#?secret=wFWJWUoaqr#?secret=bMzdlz3lyN\" data-secret=\"bMzdlz3lyN\" width=\"600\" height=\"338\" frameborder=\"0\" marginwidth=\"0\" marginheight=\"0\" scrolling=\"no\"><\/iframe><\/p>\n<hr \/>\n<h2><span style=\"color: #33cccc;\">\u00a0<\/span><\/h2>\n<h2><span style=\"color: #33cccc;\">LA RASSEGNA STAMPA DA L&#8217;AMICO DEL POPOLO<\/span><\/h2>\n<p><strong><a class=\"dt-pswp-item\" href=\"https:\/\/www.radiopiu.net\/wordpress\/wp-content\/uploads\/2020\/12\/SISTO.jpg\" data-dt-img-description=\"\" data-large_image_width=\"620\" data-large_image_height=\"340\"><img loading=\"lazy\" decoding=\"async\" class=\"size-thumbnail wp-image-181222 alignleft\" src=\"https:\/\/www.radiopiu.net\/wordpress\/wp-content\/uploads\/2020\/12\/SISTO-150x150.jpg\" alt=\"\" width=\"150\" height=\"150\" \/><\/a>di Gianni Santomaso<\/strong><\/p>\n<p>OSPITE: Sisto Da Roit<\/p>\n<audio class=\"wp-audio-shortcode\" id=\"audio-276375-16\" preload=\"none\" style=\"width: 100%;\" controls=\"controls\"><source type=\"audio\/mpeg\" src=\"https:\/\/www.radiopiu.net\/wordpress\/wp-content\/uploads\/2022\/05\/rassegna-gianni-per-sito.mp3?_=16\" \/><a href=\"https:\/\/www.radiopiu.net\/wordpress\/wp-content\/uploads\/2022\/05\/rassegna-gianni-per-sito.mp3\">https:\/\/www.radiopiu.net\/wordpress\/wp-content\/uploads\/2022\/05\/rassegna-gianni-per-sito.mp3<\/a><\/audio>\n<p>&nbsp;<\/p>\n<p><strong>LA RACCOLTA COMPLETA<\/strong><\/p>\n<blockquote class=\"wp-embedded-content\" data-secret=\"5fJpm87hgf\"><p><a href=\"https:\/\/www.radiopiu.net\/wordpress\/rassegna-stampa-di-gianni-santomaso\/\">Rassegna stampa da l&#8217;amico del popolo &#8211; di Gianni Santomaso<\/a><\/p><\/blockquote>\n<p><iframe loading=\"lazy\" class=\"wp-embedded-content\" sandbox=\"allow-scripts\" security=\"restricted\" style=\"position: absolute; clip: rect(1px, 1px, 1px, 1px);\" title=\"&#8220;Rassegna stampa da l&#8217;amico del popolo &#8211; di Gianni Santomaso&#8221; &#8212; Radio Pi\u00f9\" src=\"https:\/\/www.radiopiu.net\/wordpress\/rassegna-stampa-di-gianni-santomaso\/embed\/#?secret=E2JE98YyrS#?secret=5fJpm87hgf\" data-secret=\"5fJpm87hgf\" width=\"600\" height=\"338\" frameborder=\"0\" marginwidth=\"0\" marginheight=\"0\" scrolling=\"no\"><\/iframe><\/p>\n<p>&nbsp;<\/p>\n<hr \/>\n<p>&nbsp;<\/p>\n<div>\n<div class=\"page-title-head hgroup\">\n<div class=\"page-title-head hgroup\">\n<div class=\"b654a4as d2edcug0\">\n<div class=\"j83agx80 btwxx1t3 lhclo0ds hop8lmos nkwizq5d scwd0bx6 roh60bw9\">\n<div class=\"rq0escxv hkbzh7o3 jwdofwj8 n8tt0mok r8blr3vg hyh9befq\">\n<div class=\"do00u71z l9j0dhe7 k4urcfbm\">\n<div class=\"ecm0bbzt e5nlhep0 a8c37x1j\">\n<div class=\"kvgmc6g5 cxmmr5t8 oygrvhab hcukyx3x c1et5uql\">\n<div class=\"gmail-kvgmc6g5 gmail-cxmmr5t8 gmail-oygrvhab gmail-hcukyx3x gmail-c1et5uql gmail-ii04i59q\">\n<div class=\"page-title-head hgroup\">\n<div class=\"page-title-head hgroup\">\n<div class=\"b654a4as d2edcug0\">\n<div class=\"j83agx80 btwxx1t3 lhclo0ds hop8lmos nkwizq5d scwd0bx6 roh60bw9\">\n<div class=\"rq0escxv hkbzh7o3 jwdofwj8 n8tt0mok r8blr3vg hyh9befq\">\n<div class=\"do00u71z l9j0dhe7 k4urcfbm\">\n<div class=\"page-title-head hgroup\">\n<div class=\"page-title-head hgroup\">\n<div class=\"page-title-head hgroup\">\n<div class=\"page-title-head hgroup\">\n<div class=\"b654a4as d2edcug0\">\n<div class=\"page-title-head hgroup\">\n<div class=\"page-title-head hgroup\">\n<div class=\"page-title-head hgroup\">\n<div class=\"page-title-head hgroup\">\n<div class=\"b654a4as d2edcug0\">\n<div class=\"page-title-head hgroup\">\n<div class=\"page-title-head hgroup\">\n<div class=\"page-title-head hgroup\">\n<div class=\"page-title-head hgroup\">\n<div class=\"page-title-head hgroup\">\n<div class=\"page-title-head hgroup\">\n<div class=\"page-title-head hgroup\">\n<div class=\"page-title-head hgroup\">\n<div class=\"page-title-head hgroup\">\n<div class=\"b654a4as d2edcug0\">\n<div class=\"page-title-head hgroup\">\n<div class=\"page-title-head hgroup\">\n<div class=\"page-title-head hgroup\">\n<div class=\"page-title-head hgroup\">\n<div class=\"b654a4as d2edcug0\">\n<div class=\"page-title-head hgroup\">\n<div class=\"page-title-head hgroup\">\n<div class=\"page-title-head hgroup\">\n<div class=\"page-title-head hgroup\">\n<div class=\"page-title-head hgroup\">\n<div class=\"mkdf-post-text\">\n<div class=\"mkdf-post-text-inner\">\n<div class=\"mkdf-post-text-main\">\n<div class=\"mkdf-post-text\">\n<div class=\"mkdf-post-text-inner\">\n<div class=\"mkdf-post-text-main\">\n<div class=\"mkdf-post-text\">\n<div class=\"mkdf-post-text-inner\">\n<div class=\"mkdf-post-text-main\">\n<div class=\"page-title-head hgroup\">\n<div class=\"page-title-head hgroup\">\n<div class=\"mkdf-post-text\">\n<div class=\"mkdf-post-text-inner\">\n<div class=\"mkdf-post-text-main\">\n<div class=\"mkdf-post-text\">\n<div class=\"mkdf-post-text-inner\">\n<div class=\"mkdf-post-text-main\">\n<div class=\"page-title-head hgroup\">\n<div class=\"page-title-head hgroup\">\n<div class=\"page-title-head hgroup\">\n<div class=\"page-title-head hgroup\">\n<div class=\"b654a4as d2edcug0\">\n<div class=\"page-title-head hgroup\">\n<div class=\"page-title-head hgroup\">\n<div class=\"page-title-head hgroup\">\n<div class=\"page-title-head hgroup\">\n<div class=\"b654a4as d2edcug0\">\n<div class=\"page-title-head hgroup\">\n<div class=\"page-title-head hgroup\">\n<div class=\"page-title-head hgroup\">\n<div class=\"page-title-head hgroup\">\n<div class=\"b654a4as d2edcug0\">\n<h2><span style=\"color: #800080;\">I RACCONTI DI PAOLO SOPPELSA\u00a0<\/span><\/h2>\n<p><strong>LA RACCOLTA COMPLETA<\/strong><\/p>\n<blockquote class=\"wp-embedded-content\" data-secret=\"FV3XXzIXvr\"><p><a href=\"https:\/\/www.radiopiu.net\/wordpress\/i-racconti-di-paolo-soppelsa\/\">I racconti di Paolo Soppelsa<\/a><\/p><\/blockquote>\n<p><iframe loading=\"lazy\" class=\"wp-embedded-content\" sandbox=\"allow-scripts\" security=\"restricted\" style=\"position: absolute; clip: rect(1px, 1px, 1px, 1px);\" title=\"&#8220;I racconti di Paolo Soppelsa&#8221; &#8212; Radio Pi\u00f9\" src=\"https:\/\/www.radiopiu.net\/wordpress\/i-racconti-di-paolo-soppelsa\/embed\/#?secret=2p6pC9AfY9#?secret=FV3XXzIXvr\" data-secret=\"FV3XXzIXvr\" width=\"600\" height=\"338\" frameborder=\"0\" marginwidth=\"0\" marginheight=\"0\" scrolling=\"no\"><\/iframe><\/p>\n<p>&nbsp;<\/p>\n<hr \/>\n<p>&nbsp;<\/p>\n<\/div>\n<\/div>\n<\/div>\n<\/div>\n<\/div>\n<\/div>\n<\/div>\n<\/div>\n<\/div>\n<\/div>\n<\/div>\n<\/div>\n<\/div>\n<\/div>\n<\/div>\n<\/div>\n<\/div>\n<\/div>\n<\/div>\n<\/div>\n<\/div>\n<\/div>\n<\/div>\n<\/div>\n<\/div>\n<\/div>\n<\/div>\n<\/div>\n<\/div>\n<\/div>\n<\/div>\n<\/div>\n<\/div>\n<\/div>\n<\/div>\n<\/div>\n<\/div>\n<\/div>\n<\/div>\n<\/div>\n<\/div>\n<\/div>\n<\/div>\n<\/div>\n<\/div>\n<\/div>\n<\/div>\n<\/div>\n<\/div>\n<\/div>\n<\/div>\n<\/div>\n<\/div>\n<\/div>\n<\/div>\n<\/div>\n<\/div>\n<\/div>\n<\/div>\n<\/div>\n<\/div>\n<\/div>\n<\/div>\n<\/div>\n<\/div>\n<\/div>\n<\/div>\n<\/div>\n<\/div>\n<\/div>\n<\/div>\n<\/div>\n<\/div>\n<\/div>\n<\/div>\n<\/div>\n<\/div>\n<\/div>\n<\/div>\n<\/div>\n<\/div>\n<\/div>\n<\/div>\n<\/div>\n<\/div>\n<\/div>\n<\/div>\n<\/div>\n<\/div>\n<\/div>\n<\/div>\n<\/div>\n<\/div>\n<\/div>\n<\/div>\n<\/div>\n<\/div>\n<\/div>\n<\/div>\n<\/div>\n<\/div>\n<\/div>\n<\/div>\n<\/div>\n<\/div>\n<\/div>\n<\/div>\n<\/div>\n<\/div>\n<\/div>\n<\/div>\n<div class=\"b654a4as d2edcug0\">\n<div class=\"ecm0bbzt e5nlhep0 a8c37x1j\">\n<div class=\"kvgmc6g5 cxmmr5t8 oygrvhab hcukyx3x c1et5uql\">\n<div class=\"gmail-kvgmc6g5 gmail-cxmmr5t8 gmail-oygrvhab gmail-hcukyx3x gmail-c1et5uql gmail-ii04i59q\">\n<div>\n<div class=\"page-title-head hgroup\">\n<div class=\"page-title-head hgroup\">\n<div class=\"b654a4as d2edcug0\">\n<div class=\"j83agx80 btwxx1t3 lhclo0ds hop8lmos nkwizq5d scwd0bx6 roh60bw9\">\n<div class=\"rq0escxv hkbzh7o3 jwdofwj8 n8tt0mok r8blr3vg hyh9befq\">\n<div class=\"do00u71z l9j0dhe7 k4urcfbm\">\n<div>\n<div class=\"page-title-head hgroup\">\n<div class=\"page-title-head hgroup\">\n<div class=\"page-title-head hgroup\">\n<div class=\"page-title-head hgroup\">\n<div class=\"b654a4as d2edcug0\">\n<div class=\"page-title-head hgroup\">\n<div class=\"page-title-head hgroup\">\n<div class=\"page-title-head hgroup\">\n<div class=\"page-title-head hgroup\">\n<div class=\"b654a4as d2edcug0\">\n<div class=\"page-title-head hgroup\">\n<div class=\"page-title-head hgroup\">\n<div class=\"page-title-head hgroup\">\n<div class=\"page-title-head hgroup\">\n<div class=\"page-title-head hgroup\">\n<div class=\"mkdf-post-text\">\n<div class=\"mkdf-post-text-inner\">\n<div class=\"mkdf-post-text-main\">\n<div class=\"mkdf-post-text\">\n<div class=\"mkdf-post-text-inner\">\n<div class=\"mkdf-post-text-main\">\n<div class=\"mkdf-post-text\">\n<div class=\"mkdf-post-text-inner\">\n<div class=\"mkdf-post-text-main\">\n<div class=\"page-title-head hgroup\">\n<div class=\"page-title-head hgroup\">\n<div class=\"mkdf-post-text\">\n<div class=\"mkdf-post-text-inner\">\n<div class=\"mkdf-post-text-main\">\n<div class=\"mkdf-post-text\">\n<div class=\"mkdf-post-text-inner\">\n<div class=\"mkdf-post-text-main\">\n<div>\n<div class=\"page-title-head hgroup\">\n<div class=\"page-title-head hgroup\">\n<div>\n<div class=\"page-title-head hgroup\">\n<div class=\"page-title-head hgroup\">\n<div class=\"b654a4as d2edcug0\">\n<div>\n<div class=\"page-title-head hgroup\" style=\"text-align: left;\">\n<div class=\"page-title-head hgroup\">\n<div dir=\"auto\">\n<p><a class=\"dt-pswp-item pspw-wrap-ready\" href=\"https:\/\/i0.wp.com\/www.radiopiu.net\/wordpress\/wp-content\/uploads\/2018\/09\/WhatsApp-Image-2018-09-20-at-16.04.06.jpeg?ssl=1\" data-dt-img-description=\"\" data-large_image_width=\"800\" data-large_image_height=\"100\"><img loading=\"lazy\" decoding=\"async\" class=\"aligncenter wp-image-61378 size-full jetpack-lazy-image jetpack-lazy-image--handled\" src=\"https:\/\/i0.wp.com\/www.radiopiu.net\/wordpress\/wp-content\/uploads\/2018\/09\/WhatsApp-Image-2018-09-20-at-16.04.06.jpeg?resize=800%2C100&amp;ssl=1\" sizes=\"auto, (max-width: 800px) 100vw, 800px\" srcset=\"https:\/\/i0.wp.com\/www.radiopiu.net\/wordpress\/wp-content\/uploads\/2018\/09\/WhatsApp-Image-2018-09-20-at-16.04.06.jpeg?w=800&amp;ssl=1 800w, https:\/\/i0.wp.com\/www.radiopiu.net\/wordpress\/wp-content\/uploads\/2018\/09\/WhatsApp-Image-2018-09-20-at-16.04.06.jpeg?resize=300%2C38&amp;ssl=1 300w, https:\/\/i0.wp.com\/www.radiopiu.net\/wordpress\/wp-content\/uploads\/2018\/09\/WhatsApp-Image-2018-09-20-at-16.04.06.jpeg?resize=768%2C96&amp;ssl=1 768w\" alt=\"\" width=\"800\" height=\"100\" data-lazy-loaded=\"1\" \/><\/a><\/p>\n<\/div>\n<\/div>\n<\/div>\n<\/div>\n<\/div>\n<\/div>\n<\/div>\n<\/div>\n<\/div>\n<\/div>\n<\/div>\n<\/div>\n<\/div>\n<\/div>\n<\/div>\n<\/div>\n<\/div>\n<\/div>\n<\/div>\n<\/div>\n<\/div>\n<\/div>\n<\/div>\n<\/div>\n<\/div>\n<\/div>\n<\/div>\n<\/div>\n<\/div>\n<\/div>\n<\/div>\n<\/div>\n<\/div>\n<\/div>\n<\/div>\n<\/div>\n<\/div>\n<\/div>\n<\/div>\n<\/div>\n<\/div>\n<\/div>\n<\/div>\n<\/div>\n<\/div>\n<\/div>\n<\/div>\n<\/div>\n<\/div>\n<\/div>\n<\/div>\n<\/div>\n<\/div>\n<\/div>\n<\/div>\n<\/div>\n<\/div>\n<\/div>\n<\/div>\n<\/div>\n<\/div>\n<\/div>\n<\/div>\n<\/div>\n<\/div>\n<\/div>\n<\/div>\n<\/div>\n<\/div>\n<\/div>\n<\/div>\n<\/div>\n<\/div>\n<\/div>\n<\/div>\n<\/div>\n<\/div>\n<\/div>\n<\/div>\n<\/div>\n<\/div>\n<\/div>\n<\/div>\n<\/div>\n<\/div>\n<\/div>\n<\/div>\n<\/div>\n<\/div>\n<\/div>\n<\/div>\n<\/div>\n<\/div>\n<\/div>\n<\/div>\n<\/div>\n<\/div>\n<\/div>\n<\/div>\n<\/div>\n<\/div>\n<\/div>\n<\/div>\n<\/div>\n<\/div>\n<\/div>\n<\/div>\n<\/div>\n<\/div>\n<\/div>\n<\/div>\n<\/div>\n<\/div>\n<\/div>\n<\/div>\n<\/div>\n<\/div>\n<\/div>\n<\/div>\n<\/div>\n<\/div>\n<\/div>\n<\/div>\n<\/div>\n<\/div>\n<\/div>\n<\/div>\n<\/div>\n<\/div>\n<\/div>\n<\/div>\n<\/div>\n<\/div>\n<\/div>\n<\/div>\n<\/div>\n<\/div>\n<\/div>\n<\/div>\n<\/div>\n<\/div>\n<\/div>\n<\/div>\n<\/div>\n<\/div>\n<\/div>\n<\/div>\n<\/div>\n<\/div>\n<\/div>\n<\/div>\n<\/div>\n<\/div>\n<\/div>\n<\/div>\n<\/div>\n<\/div>\n<\/div>\n<\/div>\n<\/div>\n<\/div>\n<\/div>\n<\/div>\n<\/div>\n<\/div>\n<\/div>\n<\/div>\n<\/div>\n<\/div>\n<\/div>\n<\/div>\n<\/div>\n<\/div>\n<\/div>\n<\/div>\n<\/div>\n<\/div>\n<\/div>\n<\/div>\n<\/div>\n<\/div>\n<\/div>\n<\/div>\n<\/div>\n<\/div>\n<\/div>\n<\/div>\n<\/div>\n<\/div>\n<\/div>\n<\/div>\n<\/div>\n<\/div>\n<\/div>\n<\/div>\n<\/div>\n<\/div>\n<\/div>\n<\/div>\n<\/div>\n<\/div>\n<\/div>\n<\/div>\n<\/div>\n<\/div>\n<\/div>\n<\/div>\n<\/div>\n<\/div>\n<\/div>\n<\/div>\n<\/div>\n<\/div>\n<\/div>\n<\/div>\n<\/div>\n<\/div>\n<\/div>\n<\/div>\n<\/div>\n<\/div>\n<\/div>\n<\/div>\n<\/div>\n<\/div>\n<\/div>\n<\/div>\n<\/div>\n<\/div>\n<\/div>\n<p>&nbsp;<\/p>\n<p><center><b>Giovedi 19<\/b><\/center><b>Tempo atteso: <\/b>Giornata di stampo estivo con cielo generalmente sereno o poco nuvoloso specie al mattino; possibili locali nubi basse o qualche foschia in alcune valli prealpine nelle ore pi\u00f9 fredde, in rapido e successivo dissolvimento dopo l&#8217;alba. Nel pomeriggio generalmente parzialmente nuvoloso a tratti anche nuvoloso per modesto sviluppo di nubi cumuliformi specie in prossimit\u00e0 delle cime e transito di qualche sottile velatura.<br \/>\n<b>Precipitazioni: <\/b>Assenti (0%) al mattino; nel pomeriggio, non del tutto escluso qualche isolato piovasco o rovescio o temporale (10%), specie sulle Dolomiti lungo i pendii dei rilievi.<br \/>\n<b>Temperature: <\/b>Minime in lieve o contenuto calo, massime in lieve rialzo, su valori superiori alle medie del periodo. Su Prealpi a 1500 m min 6, max 14; a 2000 m min 4, max 13. Su Dolomiti a 2000 m min 4, max 14; a 3000 m min -1, max 7.<br \/>\n<b>Venti: <\/b>Nelle valli deboli o moderati per brezze; in quota deboli ancora in prevalenza dai quadranti settentrionali, a 5-15 km\/h a 2000 m e a 10-20 km\/h a 3000 m.<\/p>\n<hr \/>\n<p><center><b>Venerdi 20<\/b><\/center><b>Tempo atteso: <\/b>Giornata simile a quella di gioved\u00ec solo un po&#8217; pi\u00f9 calda di stampo di piena estate, con cielo sereno al mattino, parzialmente nuvoloso nel pomeriggio, a tratti anche nuvoloso per modesti cumuli di bel tempo al pomeriggio.<br \/>\n<b>Precipitazioni: <\/b>Generalmente assenti (0%) al mattino; dalle ore centrali probabilit\u00e0 medio-bassa (40%) di qualche rovescio o temporale di calore, specie sulle Dolomiti.<br \/>\n<b>Temperature: <\/b>Minime stazionarie o in lieve calo, massime in ulteriore generale lieve rialzo su valori ben superiori alle medie stagionali. Su Prealpi a 1500 m min 9, max 17; a 2000 m min 8 max 14. Su Dolomiti a 2000 m min 9, max 16; a 3000 m min 1, max 8.<br \/>\n<b>Venti: <\/b>Nelle valli in genere moderati per brezze; in quota perlopi\u00f9 deboli al mattino, moderati dal pomeriggio\/sera dai quadranti occidentali, a 5-15 km\/h a 2000 m e a 5-25 km\/h a 3000 m.<\/p>\n<hr \/>\n<p><center><b>Sabato 21<\/b><\/center>Al mattino ben soleggiato; nel corso della mattinata ma soprattutto dalle ore centrali graduale intensificazione della nuvolosit\u00e0 di tipo cumuliforme, associati a qualche possibile rovescio o temporale di calore, specie sulle Dolomiti e verso il tardo pomeriggio\/sera. Temperature in ulteriore aumento, su valori ben al di sopra delle medie del periodo. Venti in quota moderati dai quadranti occidentali.<\/p>\n<hr \/>\n<p><center><b>Domenica 22<\/b><\/center>Clima ancora prettamente estivo, con tempo ben soleggiato al mattino, poco nuvoloso o parzialmente nuvoloso nelle ore pi\u00f9 calde per moderata attivit\u00e0 cumuliforme, con nuvolosit\u00e0 irregolare specie lungo i pendii dei rilievi; non del tutto escluso qualche isolato piovasco o rovescio temporalesco, specie sulle Dolomiti. Temperature senza notevoli variazioni nelle valli, in lieve calo in alta montagna. Venti in quota moderati o tesi da nord-ovest. Previsore: M.Padoan<\/p>\n<p>&nbsp;<\/p>\n<hr \/>\n<p>&nbsp;<\/p>\n<p>&nbsp;<\/p>\n<p><a href=\"https:\/\/www.radiopiu.net\/wordpress\/giornale-radiopiu-26-settembre-2018-direttore-mirko-mezzacasa\/viabilita-2\/\" rel=\"attachment wp-att-61954\"><img loading=\"lazy\" decoding=\"async\" class=\"aligncenter wp-image-61954 size-full\" src=\"https:\/\/www.radiopiu.net\/wordpress\/wp-content\/uploads\/2018\/09\/viabilita.jpeg\" sizes=\"auto, (max-width: 800px) 100vw, 800px\" srcset=\"https:\/\/www.radiopiu.net\/wordpress\/wp-content\/uploads\/2018\/09\/viabilita.jpeg 800w, https:\/\/www.radiopiu.net\/wordpress\/wp-content\/uploads\/2018\/09\/viabilita-300x38.jpeg 300w, https:\/\/www.radiopiu.net\/wordpress\/wp-content\/uploads\/2018\/09\/viabilita-768x96.jpeg 768w\" alt=\"\" width=\"800\" height=\"100\" \/><\/a><\/p>\n<p>&nbsp;<\/p>\n<blockquote class=\"wp-embedded-content\" data-secret=\"O0QIdA6rW0\"><p><a href=\"https:\/\/www.radiopiu.net\/wordpress\/viabilita\/\">viabilita<\/a><\/p><\/blockquote>\n<p><iframe loading=\"lazy\" class=\"wp-embedded-content\" sandbox=\"allow-scripts\" security=\"restricted\" style=\"position: absolute; clip: rect(1px, 1px, 1px, 1px);\" title=\"&#8220;viabilita&#8221; &#8212; Radio Pi\u00f9\" src=\"https:\/\/www.radiopiu.net\/wordpress\/viabilita\/embed\/#?secret=sb9gNslWrN#?secret=O0QIdA6rW0\" data-secret=\"O0QIdA6rW0\" width=\"600\" height=\"338\" frameborder=\"0\" marginwidth=\"0\" marginheight=\"0\" scrolling=\"no\"><\/iframe><\/p>\n<p>&nbsp;<\/p>\n<hr \/>\n<p>&nbsp;<\/p>\n<p>&nbsp;<\/p>\n<p><img loading=\"lazy\" decoding=\"async\" class=\"wp-image-60761 size-full aligncenter\" src=\"https:\/\/www.radiopiu.net\/wordpress\/wp-content\/uploads\/2018\/09\/sport.jpg\" alt=\"\" width=\"800\" height=\"100\" srcset=\"https:\/\/www.radiopiu.net\/wordpress\/wp-content\/uploads\/2018\/09\/sport.jpg 800w, https:\/\/www.radiopiu.net\/wordpress\/wp-content\/uploads\/2018\/09\/sport-300x38.jpg 300w, https:\/\/www.radiopiu.net\/wordpress\/wp-content\/uploads\/2018\/09\/sport-768x96.jpg 768w\" sizes=\"auto, (max-width: 800px) 100vw, 800px\" \/><\/p>\n<p>&nbsp;<\/p>\n<p><span style=\"color: #0000ff;\"><strong>HOCKEY<\/strong><\/span><\/p>\n<table width=\"100%\">\n<tbody>\n<tr>\n<td>\n<table width=\"100%\">\n<tbody>\n<tr>\n<td>\n<table width=\"100%\">\n<tbody>\n<tr>\n<td>\n<h3>Il punto sulla IHL-\u00a0Serie A: sei conferme, una novit\u00e0 ed un&#8217; iscrizione con riserva<\/h3>\n<\/td>\n<\/tr>\n<\/tbody>\n<\/table>\n<\/td>\n<\/tr>\n<\/tbody>\n<\/table>\n<\/td>\n<\/tr>\n<tr>\n<td>\n<table width=\"100%\">\n<tbody>\n<tr>\n<td>\n<table width=\"100%\">\n<tbody>\n<tr>\n<td>\n<h3>Prende forma la prossima IHL &#8211; Serie A con la disputa dell&#8217;89esima edizione<\/h3>\n<\/td>\n<\/tr>\n<\/tbody>\n<\/table>\n<\/td>\n<\/tr>\n<\/tbody>\n<\/table>\n<table width=\"100%\">\n<tbody>\n<tr>\n<td>\n<table width=\"100%\">\n<tbody>\n<tr>\n<td>\n<h4><strong><a class=\"dt-pswp-item\" href=\"https:\/\/www.radiopiu.net\/wordpress\/wp-content\/uploads\/2022\/05\/20fe4aef-b8e2-d77f-5670-c4670aa483eb.jpg\" data-dt-img-description=\"\" data-large_image_width=\"1152\" data-large_image_height=\"571\"><img loading=\"lazy\" decoding=\"async\" class=\"size-thumbnail wp-image-276490 alignleft\" src=\"https:\/\/www.radiopiu.net\/wordpress\/wp-content\/uploads\/2022\/05\/20fe4aef-b8e2-d77f-5670-c4670aa483eb-150x150.jpg\" alt=\"\" width=\"150\" height=\"150\" \/><\/a>Hanno confermato la loro presenza ai nastri di partenza della massima serie di hockey su ghiaccio le seguenti societ\u00e0: <\/strong>Rittner Buam, \u00a0Gherdeina valgardena, Cortina Hafro, \u00a0Merano, Fassa,\u00a0 Vipiteno e la novit\u00e0 <strong>Unterland Cavaliers di Egna. I campioni in carica dell&#8217;Asiago si sono iscritti con riserva avendo richiesto anche l&#8217;ammissione dalla Ice Hockey League per la quale avr\u00e0 risposte solo a giugno.<\/strong><\/h4>\n<\/td>\n<\/tr>\n<\/tbody>\n<\/table>\n<\/td>\n<\/tr>\n<\/tbody>\n<\/table>\n<\/td>\n<\/tr>\n<\/tbody>\n<\/table>\n<p>&nbsp;<\/p>\n<p>&nbsp;<\/p>\n<blockquote>\n<h3><a class=\"dt-pswp-item\" href=\"https:\/\/www.radiopiu.net\/wordpress\/wp-content\/uploads\/2022\/05\/90fc32d4-bddb-c0ef-5f86-f46b378e7307-scaled.jpg\" data-dt-img-description=\"\" data-large_image_width=\"2560\" data-large_image_height=\"1706\"><img loading=\"lazy\" decoding=\"async\" class=\"size-thumbnail wp-image-276566 alignleft\" src=\"https:\/\/www.radiopiu.net\/wordpress\/wp-content\/uploads\/2022\/05\/90fc32d4-bddb-c0ef-5f86-f46b378e7307-150x150.jpg\" alt=\"\" width=\"150\" height=\"150\" \/><\/a>L&#8217;ITALIA PERDE ALL&#8217;OVERTIME CON LA FRANCIA E CONQUISTA IL PRIMO PUNTO DEL MONDIALE<\/h3>\n<\/blockquote>\n<p>Solo 1 punto, questo \u00e8 ci\u00f2 che purtroppo rimane dopo la super prestazione dell&#8217;Italia contro la Francia nel mondiale di Hockey su ghiaccio in Finlandia. Dopo il gol di Frigo in powerplay nella prima frazione, la Francia pareggia i conti nel finale portando la gara al tempo supplementare dove quasi subito trova la rete del definitivo 2 a 1 con Gallet. L&#8217;Italia raccoglie un punto, la Francia due e arriva a quota cinque uscendo praticamente dal discorso retrocessione che al momento comprende solo Italia e Kazakistan (avversaria all&#8217;ultima giornata). Domani alle 15:20 l&#8217;Italia sar\u00e0 di nuovo in campo per affrontare la Germania. Per gli appassionati il match si pu\u00f2 vedere su YouTube.<\/p>\n<p>&nbsp;<\/p>\n<p>&nbsp;<\/p>\n<p>&nbsp;<\/p>\n<hr \/>\n<p><strong><span style=\"color: #0000ff;\">\u00a0 <\/span><\/strong><\/p>\n<\/div>\n<div class=\"page-title-head hgroup\"><strong><span style=\"color: #0000ff;\">NUOTO<\/span><\/strong><\/div>\n<blockquote>\n<h3 class=\"page-title-head hgroup\">MATTEO SOGNE QUARTO ALL&#8217;ISOLA DELLE FEMMINE<\/h3>\n<\/blockquote>\n<p><strong>BELLUNO<\/strong>\u00a0 \u00a0<span id=\"page2R_mcid4\" class=\"markedContent\"><span dir=\"ltr\" role=\"presentation\">Buonissimo esordio stagionale per Matteo Sogne nelle acque libere siciliane. E, in particolare, al <\/span><span dir=\"ltr\" role=\"presentation\">\u201cTrofeo Mimmo Ferrito\u201d a Palermo, in una prova valevole come prima tappa del Gp Sicilia. <\/span><\/span><span id=\"page2R_mcid5\" class=\"markedContent\"><span dir=\"ltr\" role=\"presentation\">Il portacolori della Sportivamente Belluno \u00e8 riuscito a completare i 5 chilometri a nuoto col tempo di <\/span><span dir=\"ltr\" role=\"presentation\">1h24\u201918\u201d, ottenendo il ventunesimo posto assoluto e il quarto di categoria. <em>\u00abSulla carta sembrava <\/em><\/span><em><span dir=\"ltr\" role=\"presentation\">una gara facile &#8211; afferma Sogne, protagonista a livello di Master &#8211; mente in realt\u00e0 si \u00e8 rivelata <\/span><span dir=\"ltr\" role=\"presentation\">estremamente impegnativa. Il tracciato prevedeva la circumnavigazione dell\u2019Isola delle Femmine: <\/span><span dir=\"ltr\" role=\"presentation\">solo che, all\u2019entrata, l\u2019onda arrivava \u201cdi traverso\u201d e l\u2019acqua era piuttosto fredda. Attorno ai 17 gradi <\/span><\/em><span dir=\"ltr\" role=\"presentation\"><em>e mezzo, con tanto di obbligatoriet\u00e0 di indossare la muta\u00bb<\/em>. <\/span><\/span><span id=\"page2R_mcid6\" class=\"markedContent\"><span dir=\"ltr\" role=\"presentation\">Al di l\u00e0 di classifiche e piazzamenti, \u00e8 stata un\u2019esperienza entusiasmante, alla quale ha partecipato <\/span><span dir=\"ltr\" role=\"presentation\">pure Enrico Giacomin: tesserato Finp con la Sportivamente Belluno, ma iscritto nell\u2019occasione con <\/span><span dir=\"ltr\" role=\"presentation\">i Master Fin dell\u2019Aquarea Vicenza. <\/span><\/span><em><span id=\"page2R_mcid7\" class=\"markedContent\"><span dir=\"ltr\" role=\"presentation\">\u00abLa disciplina delle acque libere \u00e8 meravigliosa &#8211; conclude Sogne &#8211; e sono felice che stia <\/span><span dir=\"ltr\" role=\"presentation\">prendendo sempre pi\u00f9 in campo. L\u2019auspicio \u00e8 che gli atleti, o comunque gli appassionati, <\/span><span dir=\"ltr\" role=\"presentation\">aumentino anche in provincia di Belluno\u00bb.<\/span><\/span><\/em><\/p>\n\n\t\t\t<style type='text\/css'>\n\t\t\t\t#gallery-9 {\n\t\t\t\t\tmargin: auto;\n\t\t\t\t}\n\t\t\t\t#gallery-9 .gallery-item {\n\t\t\t\t\tfloat: left;\n\t\t\t\t\tmargin-top: 10px;\n\t\t\t\t\ttext-align: center;\n\t\t\t\t\twidth: 33%;\n\t\t\t\t}\n\t\t\t\t#gallery-9 img {\n\t\t\t\t\tborder: 2px solid #cfcfcf;\n\t\t\t\t}\n\t\t\t\t#gallery-9 .gallery-caption {\n\t\t\t\t\tmargin-left: 0;\n\t\t\t\t}\n\t\t\t\t\/* see gallery_shortcode() in wp-includes\/media.php *\/\n\t\t\t<\/style>\n\t\t<div id='gallery-9' class='dt-gallery-container gallery galleryid-276375 gallery-columns-3 gallery-size-thumbnail'><dl class='gallery-item'>\n\t\t\t\t<dt class='gallery-icon landscape'>\n\t\t\t\t\t<a class=\"rollover rollover-zoom dt-pswp-item\" title=\"Isola_delle_Femmine\" data-dt-img-description=\"\" data-large_image_width=\"1600\" data-large_image_height=\"1201\"href='https:\/\/www.radiopiu.net\/wordpress\/wp-content\/uploads\/2022\/05\/Isola_delle_Femmine.jpg'><img loading=\"lazy\" decoding=\"async\" width=\"150\" height=\"150\" src=\"https:\/\/www.radiopiu.net\/wordpress\/wp-content\/uploads\/2022\/05\/Isola_delle_Femmine-150x150.jpg\" class=\"attachment-thumbnail size-thumbnail\" alt=\"\" \/><\/a>\n\t\t\t\t<\/dt><\/dl><dl class='gallery-item'>\n\t\t\t\t<dt class='gallery-icon landscape'>\n\t\t\t\t\t<a class=\"rollover rollover-zoom dt-pswp-item\" title=\"Matteo_Sogne_in_gruppo\" data-dt-img-description=\"\" data-large_image_width=\"2048\" data-large_image_height=\"1266\"href='https:\/\/www.radiopiu.net\/wordpress\/wp-content\/uploads\/2022\/05\/Matteo_Sogne_in_gruppo.jpg'><img loading=\"lazy\" decoding=\"async\" width=\"150\" height=\"150\" src=\"https:\/\/www.radiopiu.net\/wordpress\/wp-content\/uploads\/2022\/05\/Matteo_Sogne_in_gruppo-150x150.jpg\" class=\"attachment-thumbnail size-thumbnail\" alt=\"\" \/><\/a>\n\t\t\t\t<\/dt><\/dl><dl class='gallery-item'>\n\t\t\t\t<dt class='gallery-icon landscape'>\n\t\t\t\t\t<a class=\"rollover rollover-zoom dt-pswp-item\" title=\"Giacomin_e_Sogne_al_centro\" data-dt-img-description=\"\" data-large_image_width=\"1080\" data-large_image_height=\"719\"href='https:\/\/www.radiopiu.net\/wordpress\/wp-content\/uploads\/2022\/05\/Giacomin_e_Sogne_al_centro.jpg'><img loading=\"lazy\" decoding=\"async\" width=\"150\" height=\"150\" src=\"https:\/\/www.radiopiu.net\/wordpress\/wp-content\/uploads\/2022\/05\/Giacomin_e_Sogne_al_centro-150x150.jpg\" class=\"attachment-thumbnail size-thumbnail\" alt=\"\" \/><\/a>\n\t\t\t\t<\/dt><\/dl><br style=\"clear: both\" \/>\n\t\t\t<\/div>\n\n<p>&nbsp;<\/p>\n<blockquote><p>&nbsp;<\/p>\n<p>&nbsp;<\/p>\n<p>&nbsp;<\/p>\n<p>&nbsp;<\/p><\/blockquote>\n<\/div>\n<\/div>\n<\/div>\n<\/div>\n<\/div>\n<\/div>\n<\/div>\n<\/div>\n<\/div>\n<\/div>\n<\/div>\n<\/div>\n<\/div>\n<\/div>\n<\/div>\n<\/div>\n<\/div>\n<\/div>\n<\/div>\n<\/div>\n<\/div>\n<\/div>\n<\/div>\n<\/div>\n<\/div>\n<\/div>\n<\/div>\n<\/div>\n<\/div>\n<\/div>\n<\/div>\n<\/div>\n<\/div>\n<\/div>\n<\/div>\n<\/div>\n<\/div>\n<\/div>\n<\/div>\n<\/div>\n<\/div>\n<\/div>\n<\/div>\n<\/div>\n<\/div>\n<\/div>\n<\/div>\n<\/div>\n<\/div>\n<\/div>\n<\/div>\n<\/div>\n<\/div>\n<\/div>\n<\/div>\n<\/div>\n<\/div>\n<\/div>\n<\/div>\n<\/div>\n<\/div>\n<\/div>\n<\/div>\n<\/div>\n<\/div>\n<\/div>\n<\/div>\n<\/div>\n<\/div>\n<\/div>\n<\/div>\n<\/div>\n<\/div>\n<\/div>\n<\/div>\n<\/div>\n<\/div>\n<\/div>\n<\/div>\n<\/div>\n<\/div>\n<\/div>\n<\/div>\n<\/div>\n<\/div>\n<\/div>\n<\/div>\n<\/div>\n<\/div>\n<\/div>\n<\/div>\n<\/div>\n<\/div>\n<\/div>\n<\/div>\n<\/div>\n<\/div>\n<\/div>\n<\/div>\n<\/div>\n<\/div>\n<\/div>\n<\/div>\n<\/div>\n","protected":false},"excerpt":{"rendered":"<p>RADIO PIU INFORMAZIONE il canale su TELEGRAM informazione di prima\u00a0 mano e in tempo reale. iscriviti ed aiutaci a farlo conoscere\u00a0\u00a0 &nbsp; &nbsp; &nbsp; DON VITO &#8220;VI SONO GRATO PER LA VICINANZA, GRAZIE AI SOCCORRITORI&#8221; CANALE D&#8217;AGORDO &#8220;Ho la scorza dura&#8221;,\u00a0 ce lo dice Don Vito dal letto d&#8217;ospedale del C\u00e0 Foncello di Treviso dove&hellip;<\/p>\n","protected":false},"author":4,"featured_media":276482,"comment_status":"closed","ping_status":"closed","sticky":false,"template":"","format":"standard","meta":{"_monsterinsights_skip_tracking":false,"_monsterinsights_sitenote_active":false,"_monsterinsights_sitenote_note":"","_monsterinsights_sitenote_category":0,"footnotes":""},"categories":[51,86,49],"tags":[],"class_list":["post-276375","post","type-post","status-publish","format-standard","has-post-thumbnail","hentry","category-evidenza-top","category-gr","category-news-18","category-51","category-86","category-49","description-off"],"img_url":"https:\/\/www.radiopiu.net\/wordpress\/wp-content\/uploads\/2022\/05\/1_Sentiero-del-Respiro_Castello-Andraz_18-maggio.jpg","_links":{"self":[{"href":"https:\/\/www.radiopiu.net\/wordpress\/wp-json\/wp\/v2\/posts\/276375","targetHints":{"allow":["GET"]}}],"collection":[{"href":"https:\/\/www.radiopiu.net\/wordpress\/wp-json\/wp\/v2\/posts"}],"about":[{"href":"https:\/\/www.radiopiu.net\/wordpress\/wp-json\/wp\/v2\/types\/post"}],"author":[{"embeddable":true,"href":"https:\/\/www.radiopiu.net\/wordpress\/wp-json\/wp\/v2\/users\/4"}],"replies":[{"embeddable":true,"href":"https:\/\/www.radiopiu.net\/wordpress\/wp-json\/wp\/v2\/comments?post=276375"}],"version-history":[{"count":0,"href":"https:\/\/www.radiopiu.net\/wordpress\/wp-json\/wp\/v2\/posts\/276375\/revisions"}],"wp:featuredmedia":[{"embeddable":true,"href":"https:\/\/www.radiopiu.net\/wordpress\/wp-json\/wp\/v2\/media\/276482"}],"wp:attachment":[{"href":"https:\/\/www.radiopiu.net\/wordpress\/wp-json\/wp\/v2\/media?parent=276375"}],"wp:term":[{"taxonomy":"category","embeddable":true,"href":"https:\/\/www.radiopiu.net\/wordpress\/wp-json\/wp\/v2\/categories?post=276375"},{"taxonomy":"post_tag","embeddable":true,"href":"https:\/\/www.radiopiu.net\/wordpress\/wp-json\/wp\/v2\/tags?post=276375"}],"curies":[{"name":"wp","href":"https:\/\/api.w.org\/{rel}","templated":true}]}}