{"id":276516,"date":"2022-05-18T23:59:05","date_gmt":"2022-05-18T21:59:05","guid":{"rendered":"https:\/\/www.radiopiu.net\/wordpress\/?p=276516"},"modified":"2022-05-19T06:03:31","modified_gmt":"2022-05-19T04:03:31","slug":"lepoca-dei-pionieri-illustrata-nellottimo-volume-di-fiabane-fiori-su-un-secolo-bellunese-di-corriera","status":"publish","type":"post","link":"https:\/\/www.radiopiu.net\/wordpress\/lepoca-dei-pionieri-illustrata-nellottimo-volume-di-fiabane-fiori-su-un-secolo-bellunese-di-corriera\/","title":{"rendered":"&#8220;L&#8217;EPOCA DEI PIONIERI&#8221; ILLUSTRATA NELL&#8217;OTTIMO VOLUME DI FIABANE-FIORI SU UN SECOLO BELLUNESE DI CORRIERA"},"content":{"rendered":"<p><strong>di Renato Bona<\/strong><\/p>\n<p>&#8220;L&#8217;epoca dei pionieri&#8221; \u00e8 il titolo di un capitolo &#8220;storico&#8221; del libro &#8220;Un secolo in corriera nella provicia di Belluno&#8221; realizzato per DolomitiBus da Renato Fabane e Lionello Fiori nel luglio del 2000 con la prezioosa collaborazione di Gianni De Vecchi curatore dell&#8217;impostazione del volume, delle didascalie e della revisione dei testi. Hanno contribuito: Provincia, Comune di Belluno, Comune di Sedico, Comitato festeggiamenti Bribano, Circolo bellunese &#8220;Berto Gidoni&#8221; auto-moto d&#8217;epoca; hanno collaborato: Federico Cervo per la trascrizione e computerizzazione dei dati; Angelo e Pamela Fiori chehanno realizzato le foto e la copertina; Loredana Borghetto e Mara Barchet, per la revisione delle bozze. Dopo la presentazione generale del pregevole lavoro, nello scorso servizio, oggi vediamo di sintetizzare quanto scritto a proposito del &#8220;Servizio di posta e corriere in Cadore fra il 1800 e il 1900&#8221;. Detto che &#8220;\u00e8 noto a tutti coloro che risiedono o si recano in Cadore che la piazza Tiziano a Pieve \u00e8 stata fino a qualche anno fa un nodo del traffico, un centro di smistamento delle autocorriere in servizio per le varie localit\u00e0&#8221; il dott. Grazioso Fabbiani che in proposito ha realizzato uno studio, pone la domanda: &#8220;Ma cento anni fa come si svolgeva il collegamento da e per la pianura, da e per la Valle del Boite, la Valle del Piave, l&#8217;Oltrechiusa, il Comelico e Sappada?&#8221;. E richiana un servizio di Antonio Ronzon, pubblicato nel 1877 nel periodico Il Cadore, dove spiegava che: &#8220;Il viaggiatore che fosse partito da Conegliano coll&#8217;omnibus (a cavallo) circa a mezzogiorno, giunto a Ponte nelle Alpi alle sei pomeridiane, in un&#8217;ora si pu\u00f2 collo stesso andare a Belluno per passare la notte ove trover\u00e0 ogni suo agio al &#8216;Cappello&#8217; o al &#8216;Leon d&#8217;Oro&#8217;. La mattina pu\u00f2 partire alle 5,10 colla &#8216;messaggera&#8217; che incontra a Ponte nelle Alpi, alle sei circa, quella che viene da Conegliano di notte: l&#8217;arrivo a Pieve di Cadore \u00e8 previsto per le ore 11.55&#8221;. Viene poi precisato che il tragitto da Pieve a Lozzo veniva percorso in due ore ed altre due ore da Lozzo ad Auronzo. Mentre in un&#8217;ora circa la &#8216;messaggera&#8217; andava da Cima Gogna a Santo Stefano e da qui partivano i collegamenti con gli altri comuni del Comelico e Sappada. Da Pieve una corriera per Tai, Valle, Venas, Vodo, Borca, San Vito percorreva tutta la valle del Boite fino a Cortina (allora in Austria) in circa cinque ore. Grazie al contributo di Fabbiani appare evidente a chi legge che &#8220;il tragitto da Belluno ad Auronzo era di complessive dieci ore ed il prezzo era di lire 6,80 per la sola andata. Il che porta a considerare che &#8220;Un operaio qualificato poteva guadagnare lire 2 al giorno dopo 10 ore di lavoro, senza assistenza, senza ferie, senza pensione&#8221;. Intorno al 1906 a Milano venne costituita la &#8220;Societ\u00e0 italiana trasporti con automobili&#8221; e fu istituita la linea Belluno-Pieve con tre macchine tipo montagna fornite dalla Casa Pickerin e C. di Londra, consegnate nel marzo 1906. Dopo le prove stradali &#8220;dall&#8217;esito abbastanza favorevole &#8220;si dimostrarono adatte a superare le salite di una via inghiaiata, polverosa e fangosa in 2 ore e tre-quarti, Va detto che la salita della &#8220;Cavallera&#8221; fra Perarolo e Tai richiedeva uno sforzo eccezionale nel superare tre curve molto pericolose e con la strada molto spesso ingombra di carri per il trasporto legname e con pendenza dall&#8217;8 al 12 per cento. La Grande Guerra cre\u00f2 problemi nuovi per i trasporti pubblici ma port\u00f2 miglioramenti notevoli agli automezzi e dal 1927 il servizio della Societ\u00e0 automobilistica Dolomiti (Sad) e della Soc. Carnica garantirono collegamenti fra le valli, i passi dolomitici e la pianura. C&#8217;\u00e8 poi, di seguito, il capitolo che si sofferma sul &#8220;Primo tentativo di istituire un servizio di trasporto passeggeri con autovetture in provincia di Belluno&#8221; col richiamo all&#8217;anno 1905 quando la Societ\u00e0 italiana di trasporti con automobili di Milano present\u00f2 alla Prefettura bellunese domanda &#8220;per ottenere la licenza di esercitare un servizio permanente di trasporto passeggeri, bagagli e piccoli pacchi, con vetture automobili lungo le strade nazionali 8 e 9 con tre corse di andata e tre di ritorno da Belluno a Pieve di Cadore, toccando le localit\u00e0 intermedie di Ponte nelle Alpi, Fortogna, Longarone, Castellavazzo, Termine, Ospitale, Rivalgo, Perarolo e Tai. Consultata dal Prefetto, la civica amministrazione di Belluno nel 1907 comunicava: &#8220;Quest&#8217;amministrazione\u00e8 pienamente favorevole acch\u00e9 sia accordato alla Societ\u00e0 Milanese di trasporti il permesso di attivare un servizio regolare da Belluno a Pieve di Cadore e pure essere opportuna la concessione di adeguato sussidio da parte del Governo (in base alla legge dell&#8217;8 gennaio 1905 &#8211; ndr.). Le difficolt\u00e0 tuttavia erano molteplici e complesse e non \u00e8 dato sapere e la cosa ebbe un seguito. In proposito nel libro di Fiabane-Fiori viene riportato, per concessione di Grazioso Fabbiani che lo conserva nel personale archivio, un documento dell&#8217;ottobre 1906 nel quale il Consiglio di amministrazione della Societ\u00e0 cerca di spiegare ai soci azionisti quali e quante difficolt\u00e0 incontri il progetto della linea da e per il Cadore. Esprimendo l&#8217;auspicio che le nuove prove che la societ\u00e0 stessa &#8220;cercher\u00e0 con ogni sforzo e cura di fare, abbiano a svolgersi tra l&#8217;assistenza deferente di tutti gli interessati, uniti con noi in una comunione di fiducia di intenti&#8221;. Concludiamo questa nostra incursione in &#8220;Un secolo in corriera nella provincia di Belluno&#8221; con qualche notizia sulla ditta Marcon di Mestre: Giorgio Marcon detto &#8220;Il Capitano&#8221; nel 1910 fond\u00f2 in Viale della Stazione, appunto a Mestre, una ditta di trasporto pubblico di linea in concessione, della quale non sono state reperite n\u00e9 documentazione n\u00e9 storia ma sono state trovate diverse foto che ne testimoniano la presenza specialmente nell&#8217;Ampezzano, nel Cadore e nel Bellunese. Risulta che la Marcon fece servizio per circa vent&#8217;anni non si sa se con linee stagionali o annuali. Nel 1993 si traform\u00f2 in &#8220;Societ\u00e0 anonima Garage Marcon Mestre&#8221; e tre anni dopo cess\u00f2 l&#8217;attivit\u00e0 per fallimento.<\/p>\n\n\t\t\t<style type='text\/css'>\n\t\t\t\t#gallery-1 {\n\t\t\t\t\tmargin: auto;\n\t\t\t\t}\n\t\t\t\t#gallery-1 .gallery-item {\n\t\t\t\t\tfloat: left;\n\t\t\t\t\tmargin-top: 10px;\n\t\t\t\t\ttext-align: center;\n\t\t\t\t\twidth: 16%;\n\t\t\t\t}\n\t\t\t\t#gallery-1 img {\n\t\t\t\t\tborder: 2px solid #cfcfcf;\n\t\t\t\t}\n\t\t\t\t#gallery-1 .gallery-caption {\n\t\t\t\t\tmargin-left: 0;\n\t\t\t\t}\n\t\t\t\t\/* see gallery_shortcode() in wp-includes\/media.php *\/\n\t\t\t<\/style>\n\t\t<div id='gallery-1' class='dt-gallery-container gallery galleryid-276516 gallery-columns-6 gallery-size-thumbnail'><dl class='gallery-item'>\n\t\t\t\t<dt class='gallery-icon landscape'>\n\t\t\t\t\t<a class=\"rollover rollover-zoom dt-pswp-item\" title=\"280814614_1120504805471405_1950112133578963707_n\" data-dt-img-description=\"\" data-large_image_width=\"586\" data-large_image_height=\"403\"href='https:\/\/www.radiopiu.net\/wordpress\/wp-content\/uploads\/2022\/05\/280814614_1120504805471405_1950112133578963707_n.jpg'><img loading=\"lazy\" decoding=\"async\" width=\"150\" height=\"150\" src=\"https:\/\/www.radiopiu.net\/wordpress\/wp-content\/uploads\/2022\/05\/280814614_1120504805471405_1950112133578963707_n-150x150.jpg\" class=\"attachment-thumbnail size-thumbnail\" alt=\"\" \/><\/a>\n\t\t\t\t<\/dt><\/dl><dl class='gallery-item'>\n\t\t\t\t<dt class='gallery-icon landscape'>\n\t\t\t\t\t<a class=\"rollover rollover-zoom dt-pswp-item\" title=\"282140329_541551650870947_7406304312774382804_n\" data-dt-img-description=\"\" data-large_image_width=\"650\" data-large_image_height=\"403\"href='https:\/\/www.radiopiu.net\/wordpress\/wp-content\/uploads\/2022\/05\/282140329_541551650870947_7406304312774382804_n.jpg'><img loading=\"lazy\" decoding=\"async\" width=\"150\" height=\"150\" src=\"https:\/\/www.radiopiu.net\/wordpress\/wp-content\/uploads\/2022\/05\/282140329_541551650870947_7406304312774382804_n-150x150.jpg\" class=\"attachment-thumbnail size-thumbnail\" alt=\"\" \/><\/a>\n\t\t\t\t<\/dt><\/dl><dl class='gallery-item'>\n\t\t\t\t<dt class='gallery-icon landscape'>\n\t\t\t\t\t<a class=\"rollover rollover-zoom dt-pswp-item\" title=\"281616206_371715331687085_8208115176065965485_n\" data-dt-img-description=\"\" data-large_image_width=\"599\" data-large_image_height=\"403\"href='https:\/\/www.radiopiu.net\/wordpress\/wp-content\/uploads\/2022\/05\/281616206_371715331687085_8208115176065965485_n.jpg'><img loading=\"lazy\" decoding=\"async\" width=\"150\" height=\"150\" src=\"https:\/\/www.radiopiu.net\/wordpress\/wp-content\/uploads\/2022\/05\/281616206_371715331687085_8208115176065965485_n-150x150.jpg\" class=\"attachment-thumbnail size-thumbnail\" alt=\"\" \/><\/a>\n\t\t\t\t<\/dt><\/dl><dl class='gallery-item'>\n\t\t\t\t<dt class='gallery-icon landscape'>\n\t\t\t\t\t<a class=\"rollover rollover-zoom dt-pswp-item\" title=\"281307696_523507116144515_7611147545133229514_n\" data-dt-img-description=\"\" data-large_image_width=\"682\" data-large_image_height=\"403\"href='https:\/\/www.radiopiu.net\/wordpress\/wp-content\/uploads\/2022\/05\/281307696_523507116144515_7611147545133229514_n.jpg'><img loading=\"lazy\" decoding=\"async\" width=\"150\" height=\"150\" src=\"https:\/\/www.radiopiu.net\/wordpress\/wp-content\/uploads\/2022\/05\/281307696_523507116144515_7611147545133229514_n-150x150.jpg\" class=\"attachment-thumbnail size-thumbnail\" alt=\"\" \/><\/a>\n\t\t\t\t<\/dt><\/dl><dl class='gallery-item'>\n\t\t\t\t<dt class='gallery-icon landscape'>\n\t\t\t\t\t<a class=\"rollover rollover-zoom dt-pswp-item\" title=\"280669561_1033293817591351_4299373800427185243_n\" data-dt-img-description=\"\" data-large_image_width=\"631\" data-large_image_height=\"403\"href='https:\/\/www.radiopiu.net\/wordpress\/wp-content\/uploads\/2022\/05\/280669561_1033293817591351_4299373800427185243_n.jpg'><img loading=\"lazy\" decoding=\"async\" width=\"150\" height=\"150\" src=\"https:\/\/www.radiopiu.net\/wordpress\/wp-content\/uploads\/2022\/05\/280669561_1033293817591351_4299373800427185243_n-150x150.jpg\" class=\"attachment-thumbnail size-thumbnail\" alt=\"\" \/><\/a>\n\t\t\t\t<\/dt><\/dl><dl class='gallery-item'>\n\t\t\t\t<dt class='gallery-icon landscape'>\n\t\t\t\t\t<a class=\"rollover rollover-zoom dt-pswp-item\" title=\"281319335_520834809523634_3531826261131045004_n\" data-dt-img-description=\"\" data-large_image_width=\"660\" data-large_image_height=\"403\"href='https:\/\/www.radiopiu.net\/wordpress\/wp-content\/uploads\/2022\/05\/281319335_520834809523634_3531826261131045004_n.jpg'><img loading=\"lazy\" decoding=\"async\" width=\"150\" height=\"150\" src=\"https:\/\/www.radiopiu.net\/wordpress\/wp-content\/uploads\/2022\/05\/281319335_520834809523634_3531826261131045004_n-150x150.jpg\" class=\"attachment-thumbnail size-thumbnail\" alt=\"\" \/><\/a>\n\t\t\t\t<\/dt><\/dl><br style=\"clear: both\" \/><dl class='gallery-item'>\n\t\t\t\t<dt class='gallery-icon landscape'>\n\t\t\t\t\t<a class=\"rollover rollover-zoom dt-pswp-item\" title=\"281675353_3004430793181038_8257480738699262865_n\" data-dt-img-description=\"\" data-large_image_width=\"878\" data-large_image_height=\"403\"href='https:\/\/www.radiopiu.net\/wordpress\/wp-content\/uploads\/2022\/05\/281675353_3004430793181038_8257480738699262865_n.jpg'><img loading=\"lazy\" decoding=\"async\" width=\"150\" height=\"150\" src=\"https:\/\/www.radiopiu.net\/wordpress\/wp-content\/uploads\/2022\/05\/281675353_3004430793181038_8257480738699262865_n-150x150.jpg\" class=\"attachment-thumbnail size-thumbnail\" alt=\"\" \/><\/a>\n\t\t\t\t<\/dt><\/dl><dl class='gallery-item'>\n\t\t\t\t<dt class='gallery-icon landscape'>\n\t\t\t\t\t<a class=\"rollover rollover-zoom dt-pswp-item\" title=\"280661075_960138928043461_4477910555874271293_n\" data-dt-img-description=\"\" data-large_image_width=\"687\" data-large_image_height=\"403\"href='https:\/\/www.radiopiu.net\/wordpress\/wp-content\/uploads\/2022\/05\/280661075_960138928043461_4477910555874271293_n.jpg'><img loading=\"lazy\" decoding=\"async\" width=\"150\" height=\"150\" src=\"https:\/\/www.radiopiu.net\/wordpress\/wp-content\/uploads\/2022\/05\/280661075_960138928043461_4477910555874271293_n-150x150.jpg\" class=\"attachment-thumbnail size-thumbnail\" alt=\"\" \/><\/a>\n\t\t\t\t<\/dt><\/dl><dl class='gallery-item'>\n\t\t\t\t<dt class='gallery-icon landscape'>\n\t\t\t\t\t<a class=\"rollover rollover-zoom dt-pswp-item\" title=\"282063045_377557107673903_1826574114791541919_n\" data-dt-img-description=\"\" data-large_image_width=\"656\" data-large_image_height=\"403\"href='https:\/\/www.radiopiu.net\/wordpress\/wp-content\/uploads\/2022\/05\/282063045_377557107673903_1826574114791541919_n.jpg'><img loading=\"lazy\" decoding=\"async\" width=\"150\" height=\"150\" src=\"https:\/\/www.radiopiu.net\/wordpress\/wp-content\/uploads\/2022\/05\/282063045_377557107673903_1826574114791541919_n-150x150.jpg\" class=\"attachment-thumbnail size-thumbnail\" alt=\"\" \/><\/a>\n\t\t\t\t<\/dt><\/dl><dl class='gallery-item'>\n\t\t\t\t<dt class='gallery-icon landscape'>\n\t\t\t\t\t<a class=\"rollover rollover-zoom dt-pswp-item\" title=\"280758752_467827985188028_5395049653245690331_n\" data-dt-img-description=\"\" data-large_image_width=\"594\" data-large_image_height=\"403\"href='https:\/\/www.radiopiu.net\/wordpress\/wp-content\/uploads\/2022\/05\/280758752_467827985188028_5395049653245690331_n.jpg'><img loading=\"lazy\" decoding=\"async\" width=\"150\" height=\"150\" src=\"https:\/\/www.radiopiu.net\/wordpress\/wp-content\/uploads\/2022\/05\/280758752_467827985188028_5395049653245690331_n-150x150.jpg\" class=\"attachment-thumbnail size-thumbnail\" alt=\"\" \/><\/a>\n\t\t\t\t<\/dt><\/dl><dl class='gallery-item'>\n\t\t\t\t<dt class='gallery-icon landscape'>\n\t\t\t\t\t<a class=\"rollover rollover-zoom dt-pswp-item\" title=\"281102087_740117797118261_4107871380923369827_n\" data-dt-img-description=\"\" data-large_image_width=\"661\" data-large_image_height=\"403\"href='https:\/\/www.radiopiu.net\/wordpress\/wp-content\/uploads\/2022\/05\/281102087_740117797118261_4107871380923369827_n.jpg'><img loading=\"lazy\" decoding=\"async\" width=\"150\" height=\"150\" src=\"https:\/\/www.radiopiu.net\/wordpress\/wp-content\/uploads\/2022\/05\/281102087_740117797118261_4107871380923369827_n-150x150.jpg\" class=\"attachment-thumbnail size-thumbnail\" alt=\"\" \/><\/a>\n\t\t\t\t<\/dt><\/dl>\n\t\t\t\t<br style='clear: both' \/>\n\t\t\t<\/div>\n\n<p>NELLE FOTO (riproduzioni dal libro &#8220;Un secolo in corriera nella provincia di Belluno&#8221;): anni 1900-1910: diligenza a cavallo, postale e per trasporto viaggiatori (sistemati anche sopra il tetto); &#8220;Giardiniera&#8221; della ditta Zanella, tirata da tre cavalli, in servizio postale e passeggeri sulle tratte Agordo-Bribano e Agordo-Belluno fino alla Grande Guerra; anno 1928: vettura che a Cortina andava a prelevare al treno i pazienti da ricoverare all&#8217;istituto Codivilla-Putti, che si vede sullo sfondo; anno 1911: le prime vetture Spa del &#8220;Garage Marcon&#8221; di Mestre in servizio giornaliero sulla linea Belluno-Cadore-Cortina; siamo nel 1910, autovettura Spa 40 hp del &#8220;Garage Marcon&#8221; in sosta a Borca di Cadore durante il servizio postale e passeggeri Belluno-San Vito di Cadore; anni &#8217;20: due autovetture dell&#8217;azienda di Mestre in Piazza Campedel, ora dei Martiri, a Belluno dove aveva anche una sede nella localit\u00e0 La Cerva; autocorriere in sosta, siamo negli anni &#8217;30, nel piazzale della stazione di Cortina d&#8217;Ampezzo; arrivo a Cortina nell&#8217;anno 1929 di alcuni torpedoni della ditta Buzzatti; un&#8217;autocorriera Ceirano in servizio sulla linea Agordo-Cortina; siamo nel 1911, autovettura Spa del &#8220;Garage Marcon&#8221; davanti all&#8217;hotel Croce Bianca di Cortina; anni &#8217;60: autocorriera Om Leoncino carrozzata Barbi, della Sad, in servizio sperimentale sulla tratta Lozzo di Cadore-Pian dei Buoi.<\/p>\n<p>&nbsp;<\/p>\n<p>&nbsp;<\/p>\n<p>*****<\/p>\n","protected":false},"excerpt":{"rendered":"<p>di Renato Bona &#8220;L&#8217;epoca dei pionieri&#8221; \u00e8 il titolo di un capitolo &#8220;storico&#8221; del libro &#8220;Un secolo in corriera nella provicia di Belluno&#8221; realizzato per DolomitiBus da Renato Fabane e Lionello Fiori nel luglio del 2000 con la prezioosa collaborazione di Gianni De Vecchi curatore dell&#8217;impostazione del volume, delle didascalie e della revisione dei testi.&hellip;<\/p>\n","protected":false},"author":4,"featured_media":276528,"comment_status":"closed","ping_status":"closed","sticky":false,"template":"","format":"standard","meta":{"_monsterinsights_skip_tracking":false,"_monsterinsights_sitenote_active":false,"_monsterinsights_sitenote_note":"","_monsterinsights_sitenote_category":0,"footnotes":""},"categories":[104,49],"tags":[],"class_list":["post-276516","post","type-post","status-publish","format-standard","has-post-thumbnail","hentry","category-evidenza_3","category-news-18","category-104","category-49","description-off"],"img_url":"https:\/\/www.radiopiu.net\/wordpress\/wp-content\/uploads\/2022\/05\/282063045_377557107673903_1826574114791541919_n.jpg","_links":{"self":[{"href":"https:\/\/www.radiopiu.net\/wordpress\/wp-json\/wp\/v2\/posts\/276516","targetHints":{"allow":["GET"]}}],"collection":[{"href":"https:\/\/www.radiopiu.net\/wordpress\/wp-json\/wp\/v2\/posts"}],"about":[{"href":"https:\/\/www.radiopiu.net\/wordpress\/wp-json\/wp\/v2\/types\/post"}],"author":[{"embeddable":true,"href":"https:\/\/www.radiopiu.net\/wordpress\/wp-json\/wp\/v2\/users\/4"}],"replies":[{"embeddable":true,"href":"https:\/\/www.radiopiu.net\/wordpress\/wp-json\/wp\/v2\/comments?post=276516"}],"version-history":[{"count":0,"href":"https:\/\/www.radiopiu.net\/wordpress\/wp-json\/wp\/v2\/posts\/276516\/revisions"}],"wp:featuredmedia":[{"embeddable":true,"href":"https:\/\/www.radiopiu.net\/wordpress\/wp-json\/wp\/v2\/media\/276528"}],"wp:attachment":[{"href":"https:\/\/www.radiopiu.net\/wordpress\/wp-json\/wp\/v2\/media?parent=276516"}],"wp:term":[{"taxonomy":"category","embeddable":true,"href":"https:\/\/www.radiopiu.net\/wordpress\/wp-json\/wp\/v2\/categories?post=276516"},{"taxonomy":"post_tag","embeddable":true,"href":"https:\/\/www.radiopiu.net\/wordpress\/wp-json\/wp\/v2\/tags?post=276516"}],"curies":[{"name":"wp","href":"https:\/\/api.w.org\/{rel}","templated":true}]}}