{"id":276583,"date":"2022-05-19T05:51:38","date_gmt":"2022-05-19T03:51:38","guid":{"rendered":"https:\/\/www.radiopiu.net\/wordpress\/?p=276583"},"modified":"2022-05-19T06:05:57","modified_gmt":"2022-05-19T04:05:57","slug":"ricatto-a-luci-rosse-la-denuncia-di-un-parroco-del-feltrino","status":"publish","type":"post","link":"https:\/\/www.radiopiu.net\/wordpress\/ricatto-a-luci-rosse-la-denuncia-di-un-parroco-del-feltrino\/","title":{"rendered":"RICATTO A LUCI ROSSE, LA DENUNCIA DI UN PARROCO DEL FELTRINO"},"content":{"rendered":"<p>OGGI SUL CORRIERE DELLE ALPI<br \/>\nDI GIGI SOSSO<\/p>\n<p>&nbsp;<\/p>\n<p><strong><a class=\"dt-pswp-item\" href=\"https:\/\/www.radiopiu.net\/wordpress\/wp-content\/uploads\/2022\/05\/istockphoto-173675424-170667a.jpg\" data-dt-img-description=\"Two corporate businessmen shaking hands and making a financial deal\" data-large_image_width=\"507\" data-large_image_height=\"338\"><img loading=\"lazy\" decoding=\"async\" class=\"size-thumbnail wp-image-276584 alignleft\" src=\"https:\/\/www.radiopiu.net\/wordpress\/wp-content\/uploads\/2022\/05\/istockphoto-173675424-170667a-150x150.jpg\" alt=\"\" width=\"150\" height=\"150\" \/><\/a>FELTRE\u00a0<\/strong> Un parrocchiano avrebbe ricattato un collaboratore dell&#8217;unit\u00e0 pastorale di un paese del Feltrino.\u00a0 L&#8217;uomo non \u00e8 comparso nell&#8217;udienza di smistamento di ieri, davanti al Tribunale di Bellun. Il 22 giugno ci sar\u00e0 il giuramento del perito Rosa Sansone per la trascrizione delle intercettazioni telefoniche; il 12 ottobre partir\u00e0 il processo con l&#8217;audizione dei primi testimoni del pubblico ministero Roberta Gallego.\u00a0 L&#8217;imputato risultava residente a Cavarzere, in provincia di Rovigo,\u00a0 frequentava la provincia di Belluno ed era diventato un assiduo fedele di una parrocchia. Nel mese di gennaio del 2019 avrebbe minacciato il sacerdote di rivolgersi a un giornale per rendere pubblici gli atti osceni che ci sarebbero stati tra loro.\u00a0 Cinque mesi d&#8217;inferno, nel corso dei quali qualcuno ci ha guadagnato dei soldi e qualcun altro ha vissuto nella paura e anche nel senso di colpa\u00a0 In autunno le prime audizioni del processo.<\/p>\n<p>___<\/p>\n","protected":false},"excerpt":{"rendered":"<p>OGGI SUL CORRIERE DELLE ALPI DI GIGI SOSSO &nbsp; FELTRE\u00a0 Un parrocchiano avrebbe ricattato un collaboratore dell&#8217;unit\u00e0 pastorale di un paese del Feltrino.\u00a0 L&#8217;uomo non \u00e8 comparso nell&#8217;udienza di smistamento di ieri, davanti al Tribunale di Bellun. Il 22 giugno ci sar\u00e0 il giuramento del perito Rosa Sansone per la trascrizione delle intercettazioni telefoniche; il&hellip;<\/p>\n","protected":false},"author":4,"featured_media":276584,"comment_status":"closed","ping_status":"closed","sticky":false,"template":"","format":"standard","meta":{"_monsterinsights_skip_tracking":false,"_monsterinsights_sitenote_active":false,"_monsterinsights_sitenote_note":"","_monsterinsights_sitenote_category":0,"footnotes":""},"categories":[51,49],"tags":[],"class_list":["post-276583","post","type-post","status-publish","format-standard","has-post-thumbnail","hentry","category-evidenza-top","category-news-18","category-51","category-49","description-off"],"img_url":"https:\/\/www.radiopiu.net\/wordpress\/wp-content\/uploads\/2022\/05\/istockphoto-173675424-170667a.jpg","_links":{"self":[{"href":"https:\/\/www.radiopiu.net\/wordpress\/wp-json\/wp\/v2\/posts\/276583","targetHints":{"allow":["GET"]}}],"collection":[{"href":"https:\/\/www.radiopiu.net\/wordpress\/wp-json\/wp\/v2\/posts"}],"about":[{"href":"https:\/\/www.radiopiu.net\/wordpress\/wp-json\/wp\/v2\/types\/post"}],"author":[{"embeddable":true,"href":"https:\/\/www.radiopiu.net\/wordpress\/wp-json\/wp\/v2\/users\/4"}],"replies":[{"embeddable":true,"href":"https:\/\/www.radiopiu.net\/wordpress\/wp-json\/wp\/v2\/comments?post=276583"}],"version-history":[{"count":0,"href":"https:\/\/www.radiopiu.net\/wordpress\/wp-json\/wp\/v2\/posts\/276583\/revisions"}],"wp:featuredmedia":[{"embeddable":true,"href":"https:\/\/www.radiopiu.net\/wordpress\/wp-json\/wp\/v2\/media\/276584"}],"wp:attachment":[{"href":"https:\/\/www.radiopiu.net\/wordpress\/wp-json\/wp\/v2\/media?parent=276583"}],"wp:term":[{"taxonomy":"category","embeddable":true,"href":"https:\/\/www.radiopiu.net\/wordpress\/wp-json\/wp\/v2\/categories?post=276583"},{"taxonomy":"post_tag","embeddable":true,"href":"https:\/\/www.radiopiu.net\/wordpress\/wp-json\/wp\/v2\/tags?post=276583"}],"curies":[{"name":"wp","href":"https:\/\/api.w.org\/{rel}","templated":true}]}}